{"id":9884,"date":"2020-06-27T09:00:00","date_gmt":"2020-06-27T07:00:00","guid":{"rendered":"https:\/\/olivamorosicristians.es\/?p=9884"},"modified":"2020-07-10T19:07:32","modified_gmt":"2020-07-10T17:07:32","slug":"fireta-infantil-digital-i-entrega-de-premis","status":"publish","type":"post","link":"https:\/\/olivamorosicristians.es\/es\/fireta-infantil-digital-i-entrega-de-premis\/","title":{"rendered":"Fireta Infantil Digital i entrega de premis"},"content":{"rendered":"<div class=\"wp-block-group is-layout-flow wp-block-group-is-layout-flow\"><div class=\"wp-block-group__inner-container\"><\/div><\/div>\n\n\n<p><span style=\"font-family: Montserrat;\"><span style=\"font-size: large;\">Va arribant juliol i s\u2019acostarien els preparatius de les Festes de Moros i Cristians de la nostra ciutat. <\/span><\/span><span style=\"font-family: Montserrat;\"><span style=\"font-size: large;\">Per\u00f2 enguany no ser\u00e0 aix\u00ed. Enguany \u00e9s un any diferent i at\u00edpic, i aix\u00ed ens tocar\u00e0 celebrar-lo.<\/span><\/span><\/p>\n<p><span style=\"font-family: Montserrat;\"><span style=\"font-size: large;\">L\u2019\u00faltima setmana de juny es prepara la Fireta Infantil, perqu\u00e8 totes les xiquetes i xiquets d\u2019Oliva gaudisquen d\u2019activitats relacionades amb els moros i cristians: tallers, maquillatges, jocs, fer de cap d\u2019esquadra, etc.<\/span><\/span><\/p>\n<p><span style=\"font-family: Montserrat;\"><span style=\"font-size: large;\">A m\u00e9s a m\u00e9s, aquest any els <strong>guanyadors del Concurs de Dibuix Infantil<\/strong> rebrien el seu premi aquest dia.<\/span><\/span><\/p>\n<p><span style=\"font-family: Montserrat;\"><span style=\"font-size: large;\">Per aix\u00f2, volem tamb\u00e9 fer-lo ac\u00ed la seua particular \u201centrega\u201d online. Enhorabona! <\/span><\/span><\/p>\n\n\n<div style=\"height:30px\" aria-hidden=\"true\" class=\"wp-block-spacer\"><\/div>\n\n\n<p><span style=\"color: #b7a074;\"><strong><span style=\"font-family: Montserrat;\"><span style=\"font-size: x-large;\">Categoria A)<\/span><\/span><\/strong><\/span><\/p>\n\n\n<hr class=\"wp-block-separator has-text-color has-background\" style=\"background-color:#b7a074;color:#b7a074\"\/>\n\n\n\n<div style=\"height:30px\" aria-hidden=\"true\" class=\"wp-block-spacer\"><\/div>\n\n\n\n<div class=\"wp-block-image\"><figure class=\"aligncenter size-large is-resized\"><img data-recalc-dims=\"1\" loading=\"lazy\" decoding=\"async\" data-attachment-id=\"9885\" data-permalink=\"https:\/\/olivamorosicristians.es\/es\/fireta-infantil-digital-i-entrega-de-premis\/1a\/\" data-orig-file=\"https:\/\/i0.wp.com\/olivamorosicristians.es\/wp-content\/uploads\/2020\/06\/A-1-Ferran-Nieto-Sanchis-scaled.jpg?fit=1694%2C2560&amp;ssl=1\" data-orig-size=\"1694,2560\" data-comments-opened=\"0\" data-image-meta=\"{&quot;aperture&quot;:&quot;0&quot;,&quot;credit&quot;:&quot;&quot;,&quot;camera&quot;:&quot;&quot;,&quot;caption&quot;:&quot;&quot;,&quot;created_timestamp&quot;:&quot;0&quot;,&quot;copyright&quot;:&quot;&quot;,&quot;focal_length&quot;:&quot;0&quot;,&quot;iso&quot;:&quot;0&quot;,&quot;shutter_speed&quot;:&quot;0&quot;,&quot;title&quot;:&quot;1A&quot;,&quot;orientation&quot;:&quot;1&quot;}\" data-image-title=\"1A\" data-image-description=\"\" data-image-caption=\"\" data-large-file=\"https:\/\/i0.wp.com\/olivamorosicristians.es\/wp-content\/uploads\/2020\/06\/A-1-Ferran-Nieto-Sanchis-scaled.jpg?fit=677%2C1024&amp;ssl=1\" src=\"https:\/\/i0.wp.com\/olivamorosicristians.es\/wp-content\/uploads\/2020\/06\/A-1-Ferran-Nieto-Sanchis.jpg?resize=339%2C512&#038;ssl=1\" alt=\"1r premi: Ferran Nieto Sanchis (Col\u00b7legi El Rebollet 3\u00ba B)\" class=\"wp-image-9885\" width=\"339\" height=\"512\" srcset=\"https:\/\/i0.wp.com\/olivamorosicristians.es\/wp-content\/uploads\/2020\/06\/A-1-Ferran-Nieto-Sanchis-scaled.jpg?resize=677%2C1024&amp;ssl=1 677w, https:\/\/i0.wp.com\/olivamorosicristians.es\/wp-content\/uploads\/2020\/06\/A-1-Ferran-Nieto-Sanchis-scaled.jpg?resize=198%2C300&amp;ssl=1 198w, https:\/\/i0.wp.com\/olivamorosicristians.es\/wp-content\/uploads\/2020\/06\/A-1-Ferran-Nieto-Sanchis-scaled.jpg?resize=768%2C1161&amp;ssl=1 768w, https:\/\/i0.wp.com\/olivamorosicristians.es\/wp-content\/uploads\/2020\/06\/A-1-Ferran-Nieto-Sanchis-scaled.jpg?resize=1016%2C1536&amp;ssl=1 1016w, https:\/\/i0.wp.com\/olivamorosicristians.es\/wp-content\/uploads\/2020\/06\/A-1-Ferran-Nieto-Sanchis-scaled.jpg?resize=1355%2C2048&amp;ssl=1 1355w, https:\/\/i0.wp.com\/olivamorosicristians.es\/wp-content\/uploads\/2020\/06\/A-1-Ferran-Nieto-Sanchis-scaled.jpg?resize=640%2C967&amp;ssl=1 640w, https:\/\/i0.wp.com\/olivamorosicristians.es\/wp-content\/uploads\/2020\/06\/A-1-Ferran-Nieto-Sanchis-scaled.jpg?resize=1280%2C1935&amp;ssl=1 1280w, https:\/\/i0.wp.com\/olivamorosicristians.es\/wp-content\/uploads\/2020\/06\/A-1-Ferran-Nieto-Sanchis-scaled.jpg?w=1694&amp;ssl=1 1694w\" sizes=\"auto, (max-width: 339px) 100vw, 339px\" \/><\/figure><\/div>\n\n\n<p style=\"text-align: center;\"><strong><span style=\"font-family: Montserrat;\"><span style=\"font-size: large;\">1r premi: Ferran Nieto Sanchis (Col\u00b7legi El Rebollet 3\u00ba B)<\/span><\/span><\/strong><\/p>\n\n\n<div style=\"height:30px\" aria-hidden=\"true\" class=\"wp-block-spacer\"><\/div>\n\n\n\n<div class=\"wp-block-image\"><figure class=\"aligncenter size-large is-resized\"><img data-recalc-dims=\"1\" loading=\"lazy\" decoding=\"async\" data-attachment-id=\"9887\" data-permalink=\"https:\/\/olivamorosicristians.es\/es\/fireta-infantil-digital-i-entrega-de-premis\/3a\/\" data-orig-file=\"https:\/\/i0.wp.com\/olivamorosicristians.es\/wp-content\/uploads\/2020\/06\/A-2-Sofi%CC%81a-Salabert-Escriva%CC%80-scaled.jpg?fit=1825%2C2560&amp;ssl=1\" data-orig-size=\"1825,2560\" data-comments-opened=\"0\" data-image-meta=\"{&quot;aperture&quot;:&quot;0&quot;,&quot;credit&quot;:&quot;&quot;,&quot;camera&quot;:&quot;&quot;,&quot;caption&quot;:&quot;&quot;,&quot;created_timestamp&quot;:&quot;0&quot;,&quot;copyright&quot;:&quot;&quot;,&quot;focal_length&quot;:&quot;0&quot;,&quot;iso&quot;:&quot;0&quot;,&quot;shutter_speed&quot;:&quot;0&quot;,&quot;title&quot;:&quot;3A&quot;,&quot;orientation&quot;:&quot;1&quot;}\" data-image-title=\"3A\" data-image-description=\"\" data-image-caption=\"\" data-large-file=\"https:\/\/i0.wp.com\/olivamorosicristians.es\/wp-content\/uploads\/2020\/06\/A-2-Sofi%CC%81a-Salabert-Escriva%CC%80-scaled.jpg?fit=730%2C1024&amp;ssl=1\" src=\"https:\/\/i0.wp.com\/olivamorosicristians.es\/wp-content\/uploads\/2020\/06\/A-2-Sofi%CC%81a-Salabert-Escriva%CC%80.jpg?resize=365%2C512&#038;ssl=1\" alt=\"\" class=\"wp-image-9887\" width=\"365\" height=\"512\" srcset=\"https:\/\/i0.wp.com\/olivamorosicristians.es\/wp-content\/uploads\/2020\/06\/A-2-Sofi%CC%81a-Salabert-Escriva%CC%80-scaled.jpg?resize=730%2C1024&amp;ssl=1 730w, https:\/\/i0.wp.com\/olivamorosicristians.es\/wp-content\/uploads\/2020\/06\/A-2-Sofi%CC%81a-Salabert-Escriva%CC%80-scaled.jpg?resize=214%2C300&amp;ssl=1 214w, https:\/\/i0.wp.com\/olivamorosicristians.es\/wp-content\/uploads\/2020\/06\/A-2-Sofi%CC%81a-Salabert-Escriva%CC%80-scaled.jpg?resize=768%2C1077&amp;ssl=1 768w, https:\/\/i0.wp.com\/olivamorosicristians.es\/wp-content\/uploads\/2020\/06\/A-2-Sofi%CC%81a-Salabert-Escriva%CC%80-scaled.jpg?resize=1095%2C1536&amp;ssl=1 1095w, https:\/\/i0.wp.com\/olivamorosicristians.es\/wp-content\/uploads\/2020\/06\/A-2-Sofi%CC%81a-Salabert-Escriva%CC%80-scaled.jpg?resize=1460%2C2048&amp;ssl=1 1460w, https:\/\/i0.wp.com\/olivamorosicristians.es\/wp-content\/uploads\/2020\/06\/A-2-Sofi%CC%81a-Salabert-Escriva%CC%80-scaled.jpg?resize=640%2C898&amp;ssl=1 640w, https:\/\/i0.wp.com\/olivamorosicristians.es\/wp-content\/uploads\/2020\/06\/A-2-Sofi%CC%81a-Salabert-Escriva%CC%80-scaled.jpg?resize=1280%2C1796&amp;ssl=1 1280w, https:\/\/i0.wp.com\/olivamorosicristians.es\/wp-content\/uploads\/2020\/06\/A-2-Sofi%CC%81a-Salabert-Escriva%CC%80-scaled.jpg?w=1825&amp;ssl=1 1825w\" sizes=\"auto, (max-width: 365px) 100vw, 365px\" \/><\/figure><\/div>\n\n\n<p style=\"text-align: center;\"><strong><span style=\"font-family: Montserrat;\"><span style=\"font-size: large;\">2n premi: Sof\u00eda Salabert Escriv\u00e0 (Col\u00b7legi San Jos\u00e9 de la Monta\u00f1a 4\u00ba)<\/span><\/span><\/strong><\/p>\n\n\n<div style=\"height:30px\" aria-hidden=\"true\" class=\"wp-block-spacer\"><\/div>\n\n\n\n<div class=\"wp-block-image\"><figure class=\"aligncenter size-large is-resized\"><img loading=\"lazy\" decoding=\"async\" data-attachment-id=\"9888\" data-permalink=\"https:\/\/olivamorosicristians.es\/es\/fireta-infantil-digital-i-entrega-de-premis\/2a\/\" data-orig-file=\"https:\/\/i0.wp.com\/olivamorosicristians.es\/wp-content\/uploads\/2020\/06\/A-3-Nuria-Moragues-Pe%CC%81rez-scaled.jpg?fit=2560%2C1815&amp;ssl=1\" data-orig-size=\"2560,1815\" data-comments-opened=\"0\" data-image-meta=\"{&quot;aperture&quot;:&quot;0&quot;,&quot;credit&quot;:&quot;&quot;,&quot;camera&quot;:&quot;&quot;,&quot;caption&quot;:&quot;&quot;,&quot;created_timestamp&quot;:&quot;0&quot;,&quot;copyright&quot;:&quot;&quot;,&quot;focal_length&quot;:&quot;0&quot;,&quot;iso&quot;:&quot;0&quot;,&quot;shutter_speed&quot;:&quot;0&quot;,&quot;title&quot;:&quot;2A&quot;,&quot;orientation&quot;:&quot;1&quot;}\" data-image-title=\"2A\" data-image-description=\"\" data-image-caption=\"\" data-large-file=\"https:\/\/i0.wp.com\/olivamorosicristians.es\/wp-content\/uploads\/2020\/06\/A-3-Nuria-Moragues-Pe%CC%81rez-scaled.jpg?fit=1024%2C726&amp;ssl=1\" src=\"https:\/\/i2.wp.com\/olivamorosicristians.es\/wp-content\/uploads\/2020\/06\/A-3-Nuria-Moragues-Pe\u0301rez-scaled.jpg?fit=1024%2C726&amp;ssl=1\" alt=\"\" class=\"wp-image-9888\" width=\"512\" height=\"363\" srcset=\"https:\/\/i0.wp.com\/olivamorosicristians.es\/wp-content\/uploads\/2020\/06\/A-3-Nuria-Moragues-Pe%CC%81rez-scaled.jpg?w=2560&amp;ssl=1 2560w, https:\/\/i0.wp.com\/olivamorosicristians.es\/wp-content\/uploads\/2020\/06\/A-3-Nuria-Moragues-Pe%CC%81rez-scaled.jpg?resize=300%2C213&amp;ssl=1 300w, https:\/\/i0.wp.com\/olivamorosicristians.es\/wp-content\/uploads\/2020\/06\/A-3-Nuria-Moragues-Pe%CC%81rez-scaled.jpg?resize=1024%2C726&amp;ssl=1 1024w, https:\/\/i0.wp.com\/olivamorosicristians.es\/wp-content\/uploads\/2020\/06\/A-3-Nuria-Moragues-Pe%CC%81rez-scaled.jpg?resize=768%2C545&amp;ssl=1 768w, https:\/\/i0.wp.com\/olivamorosicristians.es\/wp-content\/uploads\/2020\/06\/A-3-Nuria-Moragues-Pe%CC%81rez-scaled.jpg?resize=1536%2C1089&amp;ssl=1 1536w, https:\/\/i0.wp.com\/olivamorosicristians.es\/wp-content\/uploads\/2020\/06\/A-3-Nuria-Moragues-Pe%CC%81rez-scaled.jpg?resize=2048%2C1452&amp;ssl=1 2048w, https:\/\/i0.wp.com\/olivamorosicristians.es\/wp-content\/uploads\/2020\/06\/A-3-Nuria-Moragues-Pe%CC%81rez-scaled.jpg?resize=640%2C454&amp;ssl=1 640w, https:\/\/i0.wp.com\/olivamorosicristians.es\/wp-content\/uploads\/2020\/06\/A-3-Nuria-Moragues-Pe%CC%81rez-scaled.jpg?resize=1280%2C908&amp;ssl=1 1280w, https:\/\/i0.wp.com\/olivamorosicristians.es\/wp-content\/uploads\/2020\/06\/A-3-Nuria-Moragues-Pe%CC%81rez-scaled.jpg?w=2340&amp;ssl=1 2340w\" sizes=\"auto, (max-width: 512px) 100vw, 512px\" \/><\/figure><\/div>\n\n\n<p style=\"text-align: center;\"><strong><span style=\"font-family: Montserrat;\"><span style=\"font-size: large;\">3r premi: Nuria Moragues P\u00e9rez (Col\u00b7legi CEIP Alfadal\u00ed 3\u00ba A)<\/span><\/span><\/strong><\/p>\n\n\n<div style=\"height:30px\" aria-hidden=\"true\" class=\"wp-block-spacer\"><\/div>\n\n\n\n<div class=\"wp-block-group\"><div class=\"wp-block-group__inner-container is-layout-flow wp-block-group-is-layout-flow\">\n<div class=\"wp-block-group\"><div class=\"wp-block-group__inner-container is-layout-flow wp-block-group-is-layout-flow\">\n<div class=\"wp-block-group\"><div class=\"wp-block-group__inner-container is-layout-flow wp-block-group-is-layout-flow\">\n<p><span style=\"color: #b7a074;\"><strong><span style=\"font-family: Montserrat;\"><span style=\"font-size: x-large;\">Categoria B)<\/span><\/span><\/strong><\/span><\/p>\n\n\n\n<hr class=\"wp-block-separator\"\/>\n\n\n\n<div style=\"height:30px\" aria-hidden=\"true\" class=\"wp-block-spacer\"><\/div>\n<\/div><\/div>\n<\/div><\/div>\n<\/div><\/div>\n\n\n\n<div class=\"wp-block-image\"><figure class=\"aligncenter size-large is-resized\"><img loading=\"lazy\" decoding=\"async\" data-attachment-id=\"9891\" data-permalink=\"https:\/\/olivamorosicristians.es\/es\/fireta-infantil-digital-i-entrega-de-premis\/b-1-sara-tomas-garcia\/\" data-orig-file=\"https:\/\/i0.wp.com\/olivamorosicristians.es\/wp-content\/uploads\/2020\/06\/B-1-Sara-Toma%CC%81s-Garci%CC%81a-scaled.jpg?fit=1810%2C2560&amp;ssl=1\" data-orig-size=\"1810,2560\" data-comments-opened=\"0\" data-image-meta=\"{&quot;aperture&quot;:&quot;0&quot;,&quot;credit&quot;:&quot;&quot;,&quot;camera&quot;:&quot;&quot;,&quot;caption&quot;:&quot;&quot;,&quot;created_timestamp&quot;:&quot;0&quot;,&quot;copyright&quot;:&quot;&quot;,&quot;focal_length&quot;:&quot;0&quot;,&quot;iso&quot;:&quot;0&quot;,&quot;shutter_speed&quot;:&quot;0&quot;,&quot;title&quot;:&quot;&quot;,&quot;orientation&quot;:&quot;1&quot;}\" data-image-title=\"B-1-Sara-Toma\u0301s-Garci\u0301a\" data-image-description=\"\" data-image-caption=\"\" data-large-file=\"https:\/\/i0.wp.com\/olivamorosicristians.es\/wp-content\/uploads\/2020\/06\/B-1-Sara-Toma%CC%81s-Garci%CC%81a-scaled.jpg?fit=724%2C1024&amp;ssl=1\" src=\"https:\/\/i2.wp.com\/olivamorosicristians.es\/wp-content\/uploads\/2020\/06\/B-1-Sara-Toma\u0301s-Garci\u0301a-scaled.jpg?fit=724%2C1024&amp;ssl=1\" alt=\"\" class=\"wp-image-9891\" width=\"362\" height=\"512\" srcset=\"https:\/\/i0.wp.com\/olivamorosicristians.es\/wp-content\/uploads\/2020\/06\/B-1-Sara-Toma%CC%81s-Garci%CC%81a-scaled.jpg?w=1810&amp;ssl=1 1810w, https:\/\/i0.wp.com\/olivamorosicristians.es\/wp-content\/uploads\/2020\/06\/B-1-Sara-Toma%CC%81s-Garci%CC%81a-scaled.jpg?resize=212%2C300&amp;ssl=1 212w, https:\/\/i0.wp.com\/olivamorosicristians.es\/wp-content\/uploads\/2020\/06\/B-1-Sara-Toma%CC%81s-Garci%CC%81a-scaled.jpg?resize=724%2C1024&amp;ssl=1 724w, https:\/\/i0.wp.com\/olivamorosicristians.es\/wp-content\/uploads\/2020\/06\/B-1-Sara-Toma%CC%81s-Garci%CC%81a-scaled.jpg?resize=768%2C1086&amp;ssl=1 768w, https:\/\/i0.wp.com\/olivamorosicristians.es\/wp-content\/uploads\/2020\/06\/B-1-Sara-Toma%CC%81s-Garci%CC%81a-scaled.jpg?resize=1086%2C1536&amp;ssl=1 1086w, https:\/\/i0.wp.com\/olivamorosicristians.es\/wp-content\/uploads\/2020\/06\/B-1-Sara-Toma%CC%81s-Garci%CC%81a-scaled.jpg?resize=1448%2C2048&amp;ssl=1 1448w, https:\/\/i0.wp.com\/olivamorosicristians.es\/wp-content\/uploads\/2020\/06\/B-1-Sara-Toma%CC%81s-Garci%CC%81a-scaled.jpg?resize=640%2C905&amp;ssl=1 640w, https:\/\/i0.wp.com\/olivamorosicristians.es\/wp-content\/uploads\/2020\/06\/B-1-Sara-Toma%CC%81s-Garci%CC%81a-scaled.jpg?resize=1280%2C1810&amp;ssl=1 1280w\" sizes=\"auto, (max-width: 362px) 100vw, 362px\" \/><\/figure><\/div>\n\n\n<p style=\"text-align: center;\"><strong><span style=\"font-family: Montserrat;\"><span style=\"font-size: large;\">1r premi: Sara Tom\u00e1s Garc\u00eda (Col\u00b7legi CEIP Llu\u00eds Vives 6\u00ba A)<\/span><\/span><\/strong><\/p>\n\n\n<div style=\"height:30px\" aria-hidden=\"true\" class=\"wp-block-spacer\"><\/div>\n\n\n\n<div class=\"wp-block-image\"><figure class=\"aligncenter size-large is-resized\"><img loading=\"lazy\" decoding=\"async\" data-attachment-id=\"9895\" data-permalink=\"https:\/\/olivamorosicristians.es\/es\/fireta-infantil-digital-i-entrega-de-premis\/b-2-laia-roig-cleries\/\" data-orig-file=\"https:\/\/i0.wp.com\/olivamorosicristians.es\/wp-content\/uploads\/2020\/06\/B-2-Laia-Roig-Cle%CC%81ries-scaled.jpg?fit=1792%2C2560&amp;ssl=1\" data-orig-size=\"1792,2560\" data-comments-opened=\"0\" data-image-meta=\"{&quot;aperture&quot;:&quot;0&quot;,&quot;credit&quot;:&quot;&quot;,&quot;camera&quot;:&quot;&quot;,&quot;caption&quot;:&quot;&quot;,&quot;created_timestamp&quot;:&quot;0&quot;,&quot;copyright&quot;:&quot;&quot;,&quot;focal_length&quot;:&quot;0&quot;,&quot;iso&quot;:&quot;0&quot;,&quot;shutter_speed&quot;:&quot;0&quot;,&quot;title&quot;:&quot;&quot;,&quot;orientation&quot;:&quot;1&quot;}\" data-image-title=\"B-2-Laia-Roig-Cle\u0301ries\" data-image-description=\"\" data-image-caption=\"\" data-large-file=\"https:\/\/i0.wp.com\/olivamorosicristians.es\/wp-content\/uploads\/2020\/06\/B-2-Laia-Roig-Cle%CC%81ries-scaled.jpg?fit=717%2C1024&amp;ssl=1\" src=\"https:\/\/i0.wp.com\/olivamorosicristians.es\/wp-content\/uploads\/2020\/06\/B-2-Laia-Roig-Cle\u0301ries-scaled.jpg?fit=717%2C1024&amp;ssl=1\" alt=\"\" class=\"wp-image-9895\" width=\"359\" height=\"512\" srcset=\"https:\/\/i0.wp.com\/olivamorosicristians.es\/wp-content\/uploads\/2020\/06\/B-2-Laia-Roig-Cle%CC%81ries-scaled.jpg?w=1792&amp;ssl=1 1792w, https:\/\/i0.wp.com\/olivamorosicristians.es\/wp-content\/uploads\/2020\/06\/B-2-Laia-Roig-Cle%CC%81ries-scaled.jpg?resize=210%2C300&amp;ssl=1 210w, https:\/\/i0.wp.com\/olivamorosicristians.es\/wp-content\/uploads\/2020\/06\/B-2-Laia-Roig-Cle%CC%81ries-scaled.jpg?resize=717%2C1024&amp;ssl=1 717w, https:\/\/i0.wp.com\/olivamorosicristians.es\/wp-content\/uploads\/2020\/06\/B-2-Laia-Roig-Cle%CC%81ries-scaled.jpg?resize=768%2C1097&amp;ssl=1 768w, https:\/\/i0.wp.com\/olivamorosicristians.es\/wp-content\/uploads\/2020\/06\/B-2-Laia-Roig-Cle%CC%81ries-scaled.jpg?resize=1075%2C1536&amp;ssl=1 1075w, https:\/\/i0.wp.com\/olivamorosicristians.es\/wp-content\/uploads\/2020\/06\/B-2-Laia-Roig-Cle%CC%81ries-scaled.jpg?resize=1433%2C2048&amp;ssl=1 1433w, https:\/\/i0.wp.com\/olivamorosicristians.es\/wp-content\/uploads\/2020\/06\/B-2-Laia-Roig-Cle%CC%81ries-scaled.jpg?resize=640%2C915&amp;ssl=1 640w, https:\/\/i0.wp.com\/olivamorosicristians.es\/wp-content\/uploads\/2020\/06\/B-2-Laia-Roig-Cle%CC%81ries-scaled.jpg?resize=1280%2C1829&amp;ssl=1 1280w\" sizes=\"auto, (max-width: 359px) 100vw, 359px\" \/><\/figure><\/div>\n\n\n<p style=\"text-align: center;\"><strong><span style=\"font-family: Montserrat;\"><span style=\"font-size: large;\">2n premi: Laia Roig Cl\u00e9ries (Col\u00b7legi El Rebollet 5\u00ba A)<\/span><\/span><\/strong><\/p>\n\n\n<div style=\"height:30px\" aria-hidden=\"true\" class=\"wp-block-spacer\"><\/div>\n\n\n\n<div class=\"wp-block-image\"><figure class=\"aligncenter size-large is-resized\"><img loading=\"lazy\" decoding=\"async\" data-attachment-id=\"9896\" data-permalink=\"https:\/\/olivamorosicristians.es\/es\/fireta-infantil-digital-i-entrega-de-premis\/b-3-angela-costa-monzo\/\" data-orig-file=\"https:\/\/i0.wp.com\/olivamorosicristians.es\/wp-content\/uploads\/2020\/06\/B-3-A%CC%80ngela-Costa-Monzo%CC%81-scaled.jpg?fit=1808%2C2560&amp;ssl=1\" data-orig-size=\"1808,2560\" data-comments-opened=\"0\" data-image-meta=\"{&quot;aperture&quot;:&quot;0&quot;,&quot;credit&quot;:&quot;&quot;,&quot;camera&quot;:&quot;&quot;,&quot;caption&quot;:&quot;&quot;,&quot;created_timestamp&quot;:&quot;0&quot;,&quot;copyright&quot;:&quot;&quot;,&quot;focal_length&quot;:&quot;0&quot;,&quot;iso&quot;:&quot;0&quot;,&quot;shutter_speed&quot;:&quot;0&quot;,&quot;title&quot;:&quot;&quot;,&quot;orientation&quot;:&quot;1&quot;}\" data-image-title=\"B-3-A\u0300ngela-Costa-Monzo\u0301\" data-image-description=\"\" data-image-caption=\"\" data-large-file=\"https:\/\/i0.wp.com\/olivamorosicristians.es\/wp-content\/uploads\/2020\/06\/B-3-A%CC%80ngela-Costa-Monzo%CC%81-scaled.jpg?fit=723%2C1024&amp;ssl=1\" src=\"https:\/\/i0.wp.com\/olivamorosicristians.es\/wp-content\/uploads\/2020\/06\/B-3-A\u0300ngela-Costa-Monzo\u0301-scaled.jpg?fit=723%2C1024&amp;ssl=1\" alt=\"\" class=\"wp-image-9896\" width=\"362\" height=\"512\" srcset=\"https:\/\/i0.wp.com\/olivamorosicristians.es\/wp-content\/uploads\/2020\/06\/B-3-A%CC%80ngela-Costa-Monzo%CC%81-scaled.jpg?w=1808&amp;ssl=1 1808w, https:\/\/i0.wp.com\/olivamorosicristians.es\/wp-content\/uploads\/2020\/06\/B-3-A%CC%80ngela-Costa-Monzo%CC%81-scaled.jpg?resize=212%2C300&amp;ssl=1 212w, https:\/\/i0.wp.com\/olivamorosicristians.es\/wp-content\/uploads\/2020\/06\/B-3-A%CC%80ngela-Costa-Monzo%CC%81-scaled.jpg?resize=723%2C1024&amp;ssl=1 723w, https:\/\/i0.wp.com\/olivamorosicristians.es\/wp-content\/uploads\/2020\/06\/B-3-A%CC%80ngela-Costa-Monzo%CC%81-scaled.jpg?resize=768%2C1087&amp;ssl=1 768w, https:\/\/i0.wp.com\/olivamorosicristians.es\/wp-content\/uploads\/2020\/06\/B-3-A%CC%80ngela-Costa-Monzo%CC%81-scaled.jpg?resize=1085%2C1536&amp;ssl=1 1085w, https:\/\/i0.wp.com\/olivamorosicristians.es\/wp-content\/uploads\/2020\/06\/B-3-A%CC%80ngela-Costa-Monzo%CC%81-scaled.jpg?resize=1446%2C2048&amp;ssl=1 1446w, https:\/\/i0.wp.com\/olivamorosicristians.es\/wp-content\/uploads\/2020\/06\/B-3-A%CC%80ngela-Costa-Monzo%CC%81-scaled.jpg?resize=640%2C906&amp;ssl=1 640w, https:\/\/i0.wp.com\/olivamorosicristians.es\/wp-content\/uploads\/2020\/06\/B-3-A%CC%80ngela-Costa-Monzo%CC%81-scaled.jpg?resize=1280%2C1812&amp;ssl=1 1280w\" sizes=\"auto, (max-width: 362px) 100vw, 362px\" \/><\/figure><\/div>\n\n\n<p style=\"text-align: center;\"><strong><span style=\"font-family: Montserrat;\"><span style=\"font-size: large;\">3r premi: \u00c0ngela Costa Monz\u00f3 (Col\u00b7legi El Rebollet 5\u00ba B)<\/span><\/span><\/strong><\/p>\n\n\n<hr class=\"wp-block-separator has-text-color has-background\" style=\"background-color:#b7a074;color:#b7a074\"\/>\n\n\n\n<div style=\"height:30px\" aria-hidden=\"true\" class=\"wp-block-spacer\"><\/div>\n\n\n<p><span style=\"font-family: Montserrat;\"><span style=\"font-size: large;\">Aquest any tamb\u00e9 hem preparat activitats, per\u00f2 un poc diferents. <strong>Activitats digitals<\/strong>, perqu\u00e8 a trav\u00e9s de la pantalla pugueu divertir-vos i veure si coneixeu ben b\u00e9 les nostres festes.<\/span><\/span><\/p>\n\n\n<div style=\"height:30px\" aria-hidden=\"true\" class=\"wp-block-spacer\"><\/div>\n\n\n<p><span style=\"font-family: Montserrat; color: #b7a074;\"><span style=\"font-size: x-large;\"><b>T\u2019agraden els trencaclosques?<\/b><\/span><\/span><\/p>\n<p><span style=\"font-family: Montserrat;\"><span style=\"font-size: large;\">Ac\u00ed podr\u00e0s fer-ne alguns de diferents nivells amb fotografies de les Festes.<\/span><\/span><\/p>\n\n\n<iframe target=\"_blank\" src=\"https:\/\/www.jigsawplanet.com\/FederacioMiCOliva\/moros-i-cristians-doliva?rc=ulist&amp;num=4&amp;title=Puzzles%20Moros%20i%20Cristians%20Oliva\" width=\"800\" height=\"250\" frameborder=\"0\" allowtransparency=\"true\"><\/iframe>\n\n\n\n<iframe src=\"https:\/\/www.jigsawplanet.com\/?rc=play&amp;pid=27e57e881aaf&amp;view=iframe&amp;bgcolor=0xc8c7c9\" style=\"width:75%;height:600px\" frameborder=\"0\" allowfullscreen=\"\"><\/iframe>\n\n\n\n<div style=\"height:190px\" aria-hidden=\"true\" class=\"wp-block-spacer\"><\/div>\n\n\n<p><span style=\"font-family: Montserrat; color: #b7a074;\"><span style=\"font-size: x-large;\"><b>Qui s\u00f3n?<\/b><\/span><\/span><\/p>\n<p><span style=\"font-family: Montserrat;\"><span style=\"font-size: large;\">Un <strong>joc de parelles<\/strong> per a relacionar les vestimentes amb els escuts de cada filada. Recorda, rapidesa i mem\u00f2ria!<\/span><\/span><\/p>\n\n\n<iframe width=\"1200\" height=\"900\" frameborder=\"0\" src=\"https:\/\/es.educaplay.com\/juego\/5865647-qui_son.html\"><\/iframe>\n\n\n\n<div style=\"height:190px\" aria-hidden=\"true\" class=\"wp-block-spacer\"><\/div>\n\n\n<p><strong><span style=\"font-family: Montserrat; color: #b7a074;\"><span style=\"font-size: x-large;\">I per acabar&#8230; ser\u00e0s el xiquet o xiqueta d\u2019Oliva que m\u00e9s sap sobre Moros i Cristians?<\/span><\/span><\/strong><\/p>\n<p><span style=\"font-family: Montserrat;\"><span style=\"font-size: large;\">Demostra-ho en aquest <b>Challenge Kahoot<\/b> amb preguntes sobre les nostres festes.<\/span><\/span><\/p>\n\n\n<figure class=\"wp-block-image size-large\"><a href=\"https:\/\/kahoot.it\/challenge\/04829426?challenge-id=a324ba2b-08ea-496c-a265-e6859f298bff_1592245698871\" target=\"_blank\" rel=\"noopener noreferrer\"><img loading=\"lazy\" decoding=\"async\" width=\"2560\" height=\"1686\" data-attachment-id=\"10021\" data-permalink=\"https:\/\/olivamorosicristians.es\/es\/fireta-infantil-digital-i-entrega-de-premis\/portada_kahoot-02\/\" data-orig-file=\"https:\/\/i0.wp.com\/olivamorosicristians.es\/wp-content\/uploads\/2020\/06\/portada_kahoot-02-scaled.jpg?fit=2560%2C1686&amp;ssl=1\" data-orig-size=\"2560,1686\" data-comments-opened=\"0\" data-image-meta=\"{&quot;aperture&quot;:&quot;0&quot;,&quot;credit&quot;:&quot;&quot;,&quot;camera&quot;:&quot;&quot;,&quot;caption&quot;:&quot;&quot;,&quot;created_timestamp&quot;:&quot;0&quot;,&quot;copyright&quot;:&quot;&quot;,&quot;focal_length&quot;:&quot;0&quot;,&quot;iso&quot;:&quot;0&quot;,&quot;shutter_speed&quot;:&quot;0&quot;,&quot;title&quot;:&quot;&quot;,&quot;orientation&quot;:&quot;0&quot;}\" data-image-title=\"portada_kahoot-02\" data-image-description=\"\" data-image-caption=\"\" data-large-file=\"https:\/\/i0.wp.com\/olivamorosicristians.es\/wp-content\/uploads\/2020\/06\/portada_kahoot-02-scaled.jpg?fit=1024%2C674&amp;ssl=1\" src=\"https:\/\/i0.wp.com\/olivamorosicristians.es\/wp-content\/uploads\/2020\/06\/portada_kahoot-02-scaled.jpg?fit=1024%2C674&amp;ssl=1\" alt=\"\" class=\"wp-image-10021\" srcset=\"https:\/\/i0.wp.com\/olivamorosicristians.es\/wp-content\/uploads\/2020\/06\/portada_kahoot-02-scaled.jpg?w=2560&amp;ssl=1 2560w, https:\/\/i0.wp.com\/olivamorosicristians.es\/wp-content\/uploads\/2020\/06\/portada_kahoot-02-scaled.jpg?resize=300%2C198&amp;ssl=1 300w, https:\/\/i0.wp.com\/olivamorosicristians.es\/wp-content\/uploads\/2020\/06\/portada_kahoot-02-scaled.jpg?resize=1024%2C674&amp;ssl=1 1024w, https:\/\/i0.wp.com\/olivamorosicristians.es\/wp-content\/uploads\/2020\/06\/portada_kahoot-02-scaled.jpg?resize=768%2C506&amp;ssl=1 768w, https:\/\/i0.wp.com\/olivamorosicristians.es\/wp-content\/uploads\/2020\/06\/portada_kahoot-02-scaled.jpg?resize=1536%2C1011&amp;ssl=1 1536w, https:\/\/i0.wp.com\/olivamorosicristians.es\/wp-content\/uploads\/2020\/06\/portada_kahoot-02-scaled.jpg?resize=2048%2C1349&amp;ssl=1 2048w, https:\/\/i0.wp.com\/olivamorosicristians.es\/wp-content\/uploads\/2020\/06\/portada_kahoot-02-scaled.jpg?resize=640%2C421&amp;ssl=1 640w, https:\/\/i0.wp.com\/olivamorosicristians.es\/wp-content\/uploads\/2020\/06\/portada_kahoot-02-scaled.jpg?resize=1280%2C843&amp;ssl=1 1280w, https:\/\/i0.wp.com\/olivamorosicristians.es\/wp-content\/uploads\/2020\/06\/portada_kahoot-02-scaled.jpg?w=2340&amp;ssl=1 2340w\" sizes=\"auto, (max-width: 1170px) 100vw, 1170px\" \/><\/a><\/figure>\n\n\n\n<div style=\"height:190px\" aria-hidden=\"true\" class=\"wp-block-spacer\"><\/div>\n\n\n\n<hr class=\"wp-block-separator has-text-color has-background\" style=\"background-color:#b7a074;color:#b7a074\"\/>\n\n\n<p><span style=\"font-family: Montserrat;\"><span style=\"font-size: large;\">Per\u00f2 si a tu el que de veritat t\u2019agrada \u00e9s la m\u00fasica festera, tamb\u00e9 podr\u00e0s passar una estona divertida amb l\u2019<b>APP Timbaler <\/b><i>(nom\u00e9s per a Iphone i Ipad).<\/i><\/span><\/span><\/p>\n<p><span style=\"font-family: Montserrat;\"><span style=\"font-size: large;\">Un joc per a tocar el timbal amb marxes mores o cristianes.<\/span><\/span><\/p>\n\n\n<figure class=\"wp-block-image size-large is-resized\"><a href=\"https:\/\/apps.apple.com\/es\/app\/timbaler\/id626316270\" target=\"_blank\" rel=\"noopener noreferrer\"><img data-recalc-dims=\"1\" loading=\"lazy\" decoding=\"async\" data-attachment-id=\"9905\" data-permalink=\"https:\/\/olivamorosicristians.es\/es\/fireta-infantil-digital-i-entrega-de-premis\/timbaler\/\" data-orig-file=\"https:\/\/i0.wp.com\/olivamorosicristians.es\/wp-content\/uploads\/2020\/06\/timbaler.png?fit=576%2C577&amp;ssl=1\" data-orig-size=\"576,577\" data-comments-opened=\"0\" data-image-meta=\"{&quot;aperture&quot;:&quot;0&quot;,&quot;credit&quot;:&quot;&quot;,&quot;camera&quot;:&quot;&quot;,&quot;caption&quot;:&quot;&quot;,&quot;created_timestamp&quot;:&quot;0&quot;,&quot;copyright&quot;:&quot;&quot;,&quot;focal_length&quot;:&quot;0&quot;,&quot;iso&quot;:&quot;0&quot;,&quot;shutter_speed&quot;:&quot;0&quot;,&quot;title&quot;:&quot;&quot;,&quot;orientation&quot;:&quot;0&quot;}\" data-image-title=\"timbaler\" data-image-description=\"\" data-image-caption=\"\" data-large-file=\"https:\/\/i0.wp.com\/olivamorosicristians.es\/wp-content\/uploads\/2020\/06\/timbaler.png?fit=576%2C577&amp;ssl=1\" src=\"https:\/\/i0.wp.com\/olivamorosicristians.es\/wp-content\/uploads\/2020\/06\/timbaler.png?resize=288%2C289&#038;ssl=1\" alt=\"\" class=\"wp-image-9905\" width=\"288\" height=\"289\" srcset=\"https:\/\/i0.wp.com\/olivamorosicristians.es\/wp-content\/uploads\/2020\/06\/timbaler.png?w=576&amp;ssl=1 576w, https:\/\/i0.wp.com\/olivamorosicristians.es\/wp-content\/uploads\/2020\/06\/timbaler.png?resize=300%2C300&amp;ssl=1 300w, https:\/\/i0.wp.com\/olivamorosicristians.es\/wp-content\/uploads\/2020\/06\/timbaler.png?resize=150%2C150&amp;ssl=1 150w, https:\/\/i0.wp.com\/olivamorosicristians.es\/wp-content\/uploads\/2020\/06\/timbaler.png?resize=340%2C340&amp;ssl=1 340w\" sizes=\"auto, (max-width: 288px) 100vw, 288px\" \/><\/a><\/figure>\n\n\n<p><span style=\"font-family: Montserrat;\"><span style=\"font-size: large;\">Esperem que gaudiu d\u2019aquestos jocs i apropar-vos de manera virtual a les nostres festes, perqu\u00e8 l\u2019espera no se\u2019ns fa\u00e7a tan llarga fins l\u2019any que ve.<\/span><\/span><\/p>\n\n\n<p><\/p>","protected":false},"excerpt":{"rendered":"<p>Va arribant juliol i s\u2019acostarien els preparatius de les Festes de Moros i Cristians de la nostra ciutat. Per\u00f2 enguany no ser\u00e0 aix\u00ed. Enguany \u00e9s un any diferent i at\u00edpic, i aix\u00ed ens tocar\u00e0 celebrar-lo. L\u2019\u00faltima setmana de juny es prepara la Fireta Infantil, perqu\u00e8 totes les xiquetes i xiquets d\u2019Oliva gaudisquen d\u2019activitats relacionades amb [&hellip;]<\/p>\n","protected":false},"author":1,"featured_media":9890,"comment_status":"closed","ping_status":"closed","sticky":false,"template":"","format":"standard","meta":{"jetpack_post_was_ever_published":false,"_jetpack_newsletter_access":"","_jetpack_dont_email_post_to_subs":false,"_jetpack_newsletter_tier_id":0,"_jetpack_memberships_contains_paywalled_content":false,"_jetpack_memberships_contains_paid_content":false,"footnotes":"","jetpack_publicize_message":"","jetpack_publicize_feature_enabled":true,"jetpack_social_post_already_shared":true,"jetpack_social_options":{"image_generator_settings":{"template":"highway","default_image_id":0,"font":"","enabled":false},"version":2}},"categories":[3],"tags":[],"class_list":["post-9884","post","type-post","status-publish","format-standard","has-post-thumbnail","hentry","category-entreteniment"],"yoast_head":"<!-- This site is optimized with the Yoast SEO plugin v27.5 - https:\/\/yoast.com\/product\/yoast-seo-wordpress\/ -->\n<title>Fireta Infantil Digital i entrega de premis - Moros i Cristians Oliva<\/title>\n<meta name=\"description\" content=\"Fireta Infantil i entrega de premis de dibuix. Podr\u00e0s trobar els guanyadors del concurs de dibuix infantil 2020 i vor\u00e0s els jocs preparats per a vosaltres\" \/>\n<meta name=\"robots\" content=\"index, follow, max-snippet:-1, max-image-preview:large, max-video-preview:-1\" \/>\n<link rel=\"canonical\" href=\"https:\/\/olivamorosicristians.es\/es\/fireta-infantil-digital-i-entrega-de-premis\/\" \/>\n<meta property=\"og:locale\" content=\"es_ES\" \/>\n<meta property=\"og:type\" content=\"article\" \/>\n<meta property=\"og:title\" content=\"Fireta Infantil Digital i entrega de premis - Moros i Cristians Oliva\" \/>\n<meta property=\"og:description\" content=\"Fireta Infantil i entrega de premis de dibuix. Podr\u00e0s trobar els guanyadors del concurs de dibuix infantil 2020 i vor\u00e0s els jocs preparats per a vosaltres\" \/>\n<meta property=\"og:url\" content=\"https:\/\/olivamorosicristians.es\/es\/fireta-infantil-digital-i-entrega-de-premis\/\" \/>\n<meta property=\"og:site_name\" content=\"Moros i Cristians Oliva\" \/>\n<meta property=\"article:publisher\" content=\"https:\/\/www.facebook.com\/federaciodemorosicristiansdoliva\/\" \/>\n<meta property=\"article:author\" content=\"https:\/\/www.facebook.com\/federaciodemorosicristiansdoliva\" \/>\n<meta property=\"article:published_time\" content=\"2020-06-27T07:00:00+00:00\" \/>\n<meta property=\"article:modified_time\" content=\"2020-07-10T17:07:32+00:00\" \/>\n<meta property=\"og:image\" content=\"https:\/\/i0.wp.com\/olivamorosicristians.es\/wp-content\/uploads\/2020\/06\/portada_noticia-blog-scaled.jpg?fit=2560%2C1686&ssl=1\" \/>\n\t<meta property=\"og:image:width\" content=\"2560\" \/>\n\t<meta property=\"og:image:height\" content=\"1686\" \/>\n\t<meta property=\"og:image:type\" content=\"image\/jpeg\" \/>\n<meta name=\"author\" content=\"Webmaster\" \/>\n<meta name=\"twitter:card\" content=\"summary_large_image\" \/>\n<meta name=\"twitter:label1\" content=\"Escrito por\" \/>\n\t<meta name=\"twitter:data1\" content=\"Webmaster\" \/>\n\t<meta name=\"twitter:label2\" content=\"Tiempo de lectura\" \/>\n\t<meta name=\"twitter:data2\" content=\"2 minutos\" \/>\n<script type=\"application\/ld+json\" class=\"yoast-schema-graph\">{\"@context\":\"https:\\\/\\\/schema.org\",\"@graph\":[{\"@type\":\"Article\",\"@id\":\"https:\\\/\\\/olivamorosicristians.es\\\/fireta-infantil-digital-i-entrega-de-premis\\\/#article\",\"isPartOf\":{\"@id\":\"https:\\\/\\\/olivamorosicristians.es\\\/fireta-infantil-digital-i-entrega-de-premis\\\/\"},\"author\":{\"name\":\"Webmaster\",\"@id\":\"https:\\\/\\\/olivamorosicristians.es\\\/#\\\/schema\\\/person\\\/21ece052d8816103cad91a2676fd0149\"},\"headline\":\"Fireta Infantil Digital i entrega de premis\",\"datePublished\":\"2020-06-27T07:00:00+00:00\",\"dateModified\":\"2020-07-10T17:07:32+00:00\",\"mainEntityOfPage\":{\"@id\":\"https:\\\/\\\/olivamorosicristians.es\\\/fireta-infantil-digital-i-entrega-de-premis\\\/\"},\"wordCount\":362,\"publisher\":{\"@id\":\"https:\\\/\\\/olivamorosicristians.es\\\/#organization\"},\"image\":{\"@id\":\"https:\\\/\\\/olivamorosicristians.es\\\/fireta-infantil-digital-i-entrega-de-premis\\\/#primaryimage\"},\"thumbnailUrl\":\"https:\\\/\\\/i0.wp.com\\\/olivamorosicristians.es\\\/wp-content\\\/uploads\\\/2020\\\/06\\\/portada_noticia-blog-scaled.jpg?fit=2560%2C1686&ssl=1\",\"articleSection\":[\"Entreteniment\"],\"inLanguage\":\"es\"},{\"@type\":\"WebPage\",\"@id\":\"https:\\\/\\\/olivamorosicristians.es\\\/fireta-infantil-digital-i-entrega-de-premis\\\/\",\"url\":\"https:\\\/\\\/olivamorosicristians.es\\\/fireta-infantil-digital-i-entrega-de-premis\\\/\",\"name\":\"Fireta Infantil Digital i entrega de premis - Moros i Cristians Oliva\",\"isPartOf\":{\"@id\":\"https:\\\/\\\/olivamorosicristians.es\\\/#website\"},\"primaryImageOfPage\":{\"@id\":\"https:\\\/\\\/olivamorosicristians.es\\\/fireta-infantil-digital-i-entrega-de-premis\\\/#primaryimage\"},\"image\":{\"@id\":\"https:\\\/\\\/olivamorosicristians.es\\\/fireta-infantil-digital-i-entrega-de-premis\\\/#primaryimage\"},\"thumbnailUrl\":\"https:\\\/\\\/i0.wp.com\\\/olivamorosicristians.es\\\/wp-content\\\/uploads\\\/2020\\\/06\\\/portada_noticia-blog-scaled.jpg?fit=2560%2C1686&ssl=1\",\"datePublished\":\"2020-06-27T07:00:00+00:00\",\"dateModified\":\"2020-07-10T17:07:32+00:00\",\"description\":\"Fireta Infantil i entrega de premis de dibuix. Podr\u00e0s trobar els guanyadors del concurs de dibuix infantil 2020 i vor\u00e0s els jocs preparats per a vosaltres\",\"breadcrumb\":{\"@id\":\"https:\\\/\\\/olivamorosicristians.es\\\/fireta-infantil-digital-i-entrega-de-premis\\\/#breadcrumb\"},\"inLanguage\":\"es\",\"potentialAction\":[{\"@type\":\"ReadAction\",\"target\":[\"https:\\\/\\\/olivamorosicristians.es\\\/fireta-infantil-digital-i-entrega-de-premis\\\/\"]}]},{\"@type\":\"ImageObject\",\"inLanguage\":\"es\",\"@id\":\"https:\\\/\\\/olivamorosicristians.es\\\/fireta-infantil-digital-i-entrega-de-premis\\\/#primaryimage\",\"url\":\"https:\\\/\\\/i0.wp.com\\\/olivamorosicristians.es\\\/wp-content\\\/uploads\\\/2020\\\/06\\\/portada_noticia-blog-scaled.jpg?fit=2560%2C1686&ssl=1\",\"contentUrl\":\"https:\\\/\\\/i0.wp.com\\\/olivamorosicristians.es\\\/wp-content\\\/uploads\\\/2020\\\/06\\\/portada_noticia-blog-scaled.jpg?fit=2560%2C1686&ssl=1\",\"width\":2560,\"height\":1686},{\"@type\":\"BreadcrumbList\",\"@id\":\"https:\\\/\\\/olivamorosicristians.es\\\/fireta-infantil-digital-i-entrega-de-premis\\\/#breadcrumb\",\"itemListElement\":[{\"@type\":\"ListItem\",\"position\":1,\"name\":\"Portada\",\"item\":\"https:\\\/\\\/olivamorosicristians.es\\\/\"},{\"@type\":\"ListItem\",\"position\":2,\"name\":\"Fireta Infantil Digital i entrega de premis\"}]},{\"@type\":\"WebSite\",\"@id\":\"https:\\\/\\\/olivamorosicristians.es\\\/#website\",\"url\":\"https:\\\/\\\/olivamorosicristians.es\\\/\",\"name\":\"Moros i Cristians Oliva\",\"description\":\"FMCO\",\"publisher\":{\"@id\":\"https:\\\/\\\/olivamorosicristians.es\\\/#organization\"},\"potentialAction\":[{\"@type\":\"SearchAction\",\"target\":{\"@type\":\"EntryPoint\",\"urlTemplate\":\"https:\\\/\\\/olivamorosicristians.es\\\/?s={search_term_string}\"},\"query-input\":{\"@type\":\"PropertyValueSpecification\",\"valueRequired\":true,\"valueName\":\"search_term_string\"}}],\"inLanguage\":\"es\"},{\"@type\":\"Organization\",\"@id\":\"https:\\\/\\\/olivamorosicristians.es\\\/#organization\",\"name\":\"Federaci\u00f3 de Moros i Cristians - Oliva\",\"url\":\"https:\\\/\\\/olivamorosicristians.es\\\/\",\"logo\":{\"@type\":\"ImageObject\",\"inLanguage\":\"es\",\"@id\":\"https:\\\/\\\/olivamorosicristians.es\\\/#\\\/schema\\\/logo\\\/image\\\/\",\"url\":\"https:\\\/\\\/i2.wp.com\\\/olivamorosicristians.es\\\/wp-content\\\/uploads\\\/2018\\\/06\\\/Icon_FMiCO.png?fit=50%2C50&ssl=1\",\"contentUrl\":\"https:\\\/\\\/i2.wp.com\\\/olivamorosicristians.es\\\/wp-content\\\/uploads\\\/2018\\\/06\\\/Icon_FMiCO.png?fit=50%2C50&ssl=1\",\"width\":50,\"height\":50,\"caption\":\"Federaci\u00f3 de Moros i Cristians - Oliva\"},\"image\":{\"@id\":\"https:\\\/\\\/olivamorosicristians.es\\\/#\\\/schema\\\/logo\\\/image\\\/\"},\"sameAs\":[\"https:\\\/\\\/www.facebook.com\\\/federaciodemorosicristiansdoliva\\\/\",\"https:\\\/\\\/www.instagram.com\\\/morosicristiansoliva\\\/?hl=es\"]},{\"@type\":\"Person\",\"@id\":\"https:\\\/\\\/olivamorosicristians.es\\\/#\\\/schema\\\/person\\\/21ece052d8816103cad91a2676fd0149\",\"name\":\"Webmaster\",\"image\":{\"@type\":\"ImageObject\",\"inLanguage\":\"es\",\"@id\":\"https:\\\/\\\/secure.gravatar.com\\\/avatar\\\/18de20f14d74abe0c800b423a8b0e24cae6153cb6baeb2c2df80e1cef2117e0d?s=96&d=mm&r=g\",\"url\":\"https:\\\/\\\/secure.gravatar.com\\\/avatar\\\/18de20f14d74abe0c800b423a8b0e24cae6153cb6baeb2c2df80e1cef2117e0d?s=96&d=mm&r=g\",\"contentUrl\":\"https:\\\/\\\/secure.gravatar.com\\\/avatar\\\/18de20f14d74abe0c800b423a8b0e24cae6153cb6baeb2c2df80e1cef2117e0d?s=96&d=mm&r=g\",\"caption\":\"Webmaster\"},\"sameAs\":[\"https:\\\/\\\/www.facebook.com\\\/federaciodemorosicristiansdoliva\",\"https:\\\/\\\/www.instagram.com\\\/morosicristiansoliva\\\/\"]}]}<\/script>\n<!-- \/ Yoast SEO plugin. -->","yoast_head_json":{"title":"Fireta Infantil Digital i entrega de premis - Moros i Cristians Oliva","description":"Fireta Infantil i entrega de premis de dibuix. Podr\u00e0s trobar els guanyadors del concurs de dibuix infantil 2020 i vor\u00e0s els jocs preparats per a vosaltres","robots":{"index":"index","follow":"follow","max-snippet":"max-snippet:-1","max-image-preview":"max-image-preview:large","max-video-preview":"max-video-preview:-1"},"canonical":"https:\/\/olivamorosicristians.es\/es\/fireta-infantil-digital-i-entrega-de-premis\/","og_locale":"es_ES","og_type":"article","og_title":"Fireta Infantil Digital i entrega de premis - Moros i Cristians Oliva","og_description":"Fireta Infantil i entrega de premis de dibuix. Podr\u00e0s trobar els guanyadors del concurs de dibuix infantil 2020 i vor\u00e0s els jocs preparats per a vosaltres","og_url":"https:\/\/olivamorosicristians.es\/es\/fireta-infantil-digital-i-entrega-de-premis\/","og_site_name":"Moros i Cristians Oliva","article_publisher":"https:\/\/www.facebook.com\/federaciodemorosicristiansdoliva\/","article_author":"https:\/\/www.facebook.com\/federaciodemorosicristiansdoliva","article_published_time":"2020-06-27T07:00:00+00:00","article_modified_time":"2020-07-10T17:07:32+00:00","og_image":[{"width":2560,"height":1686,"url":"https:\/\/i0.wp.com\/olivamorosicristians.es\/wp-content\/uploads\/2020\/06\/portada_noticia-blog-scaled.jpg?fit=2560%2C1686&ssl=1","type":"image\/jpeg"}],"author":"Webmaster","twitter_card":"summary_large_image","twitter_misc":{"Escrito por":"Webmaster","Tiempo de lectura":"2 minutos"},"schema":{"@context":"https:\/\/schema.org","@graph":[{"@type":"Article","@id":"https:\/\/olivamorosicristians.es\/fireta-infantil-digital-i-entrega-de-premis\/#article","isPartOf":{"@id":"https:\/\/olivamorosicristians.es\/fireta-infantil-digital-i-entrega-de-premis\/"},"author":{"name":"Webmaster","@id":"https:\/\/olivamorosicristians.es\/#\/schema\/person\/21ece052d8816103cad91a2676fd0149"},"headline":"Fireta Infantil Digital i entrega de premis","datePublished":"2020-06-27T07:00:00+00:00","dateModified":"2020-07-10T17:07:32+00:00","mainEntityOfPage":{"@id":"https:\/\/olivamorosicristians.es\/fireta-infantil-digital-i-entrega-de-premis\/"},"wordCount":362,"publisher":{"@id":"https:\/\/olivamorosicristians.es\/#organization"},"image":{"@id":"https:\/\/olivamorosicristians.es\/fireta-infantil-digital-i-entrega-de-premis\/#primaryimage"},"thumbnailUrl":"https:\/\/i0.wp.com\/olivamorosicristians.es\/wp-content\/uploads\/2020\/06\/portada_noticia-blog-scaled.jpg?fit=2560%2C1686&ssl=1","articleSection":["Entreteniment"],"inLanguage":"es"},{"@type":"WebPage","@id":"https:\/\/olivamorosicristians.es\/fireta-infantil-digital-i-entrega-de-premis\/","url":"https:\/\/olivamorosicristians.es\/fireta-infantil-digital-i-entrega-de-premis\/","name":"Fireta Infantil Digital i entrega de premis - Moros i Cristians Oliva","isPartOf":{"@id":"https:\/\/olivamorosicristians.es\/#website"},"primaryImageOfPage":{"@id":"https:\/\/olivamorosicristians.es\/fireta-infantil-digital-i-entrega-de-premis\/#primaryimage"},"image":{"@id":"https:\/\/olivamorosicristians.es\/fireta-infantil-digital-i-entrega-de-premis\/#primaryimage"},"thumbnailUrl":"https:\/\/i0.wp.com\/olivamorosicristians.es\/wp-content\/uploads\/2020\/06\/portada_noticia-blog-scaled.jpg?fit=2560%2C1686&ssl=1","datePublished":"2020-06-27T07:00:00+00:00","dateModified":"2020-07-10T17:07:32+00:00","description":"Fireta Infantil i entrega de premis de dibuix. Podr\u00e0s trobar els guanyadors del concurs de dibuix infantil 2020 i vor\u00e0s els jocs preparats per a vosaltres","breadcrumb":{"@id":"https:\/\/olivamorosicristians.es\/fireta-infantil-digital-i-entrega-de-premis\/#breadcrumb"},"inLanguage":"es","potentialAction":[{"@type":"ReadAction","target":["https:\/\/olivamorosicristians.es\/fireta-infantil-digital-i-entrega-de-premis\/"]}]},{"@type":"ImageObject","inLanguage":"es","@id":"https:\/\/olivamorosicristians.es\/fireta-infantil-digital-i-entrega-de-premis\/#primaryimage","url":"https:\/\/i0.wp.com\/olivamorosicristians.es\/wp-content\/uploads\/2020\/06\/portada_noticia-blog-scaled.jpg?fit=2560%2C1686&ssl=1","contentUrl":"https:\/\/i0.wp.com\/olivamorosicristians.es\/wp-content\/uploads\/2020\/06\/portada_noticia-blog-scaled.jpg?fit=2560%2C1686&ssl=1","width":2560,"height":1686},{"@type":"BreadcrumbList","@id":"https:\/\/olivamorosicristians.es\/fireta-infantil-digital-i-entrega-de-premis\/#breadcrumb","itemListElement":[{"@type":"ListItem","position":1,"name":"Portada","item":"https:\/\/olivamorosicristians.es\/"},{"@type":"ListItem","position":2,"name":"Fireta Infantil Digital i entrega de premis"}]},{"@type":"WebSite","@id":"https:\/\/olivamorosicristians.es\/#website","url":"https:\/\/olivamorosicristians.es\/","name":"Moros i Cristians Oliva","description":"FMCO","publisher":{"@id":"https:\/\/olivamorosicristians.es\/#organization"},"potentialAction":[{"@type":"SearchAction","target":{"@type":"EntryPoint","urlTemplate":"https:\/\/olivamorosicristians.es\/?s={search_term_string}"},"query-input":{"@type":"PropertyValueSpecification","valueRequired":true,"valueName":"search_term_string"}}],"inLanguage":"es"},{"@type":"Organization","@id":"https:\/\/olivamorosicristians.es\/#organization","name":"La Federaci\u00f3n de Moros y Cristianos de Oliva","url":"https:\/\/olivamorosicristians.es\/","logo":{"@type":"ImageObject","inLanguage":"es","@id":"https:\/\/olivamorosicristians.es\/#\/schema\/logo\/image\/","url":"https:\/\/i2.wp.com\/olivamorosicristians.es\/wp-content\/uploads\/2018\/06\/Icon_FMiCO.png?fit=50%2C50&ssl=1","contentUrl":"https:\/\/i2.wp.com\/olivamorosicristians.es\/wp-content\/uploads\/2018\/06\/Icon_FMiCO.png?fit=50%2C50&ssl=1","width":50,"height":50,"caption":"Federaci\u00f3 de Moros i Cristians - Oliva"},"image":{"@id":"https:\/\/olivamorosicristians.es\/#\/schema\/logo\/image\/"},"sameAs":["https:\/\/www.facebook.com\/federaciodemorosicristiansdoliva\/","https:\/\/www.instagram.com\/morosicristiansoliva\/?hl=es"]},{"@type":"Person","@id":"https:\/\/olivamorosicristians.es\/#\/schema\/person\/21ece052d8816103cad91a2676fd0149","name":"Webmaster","image":{"@type":"ImageObject","inLanguage":"es","@id":"https:\/\/secure.gravatar.com\/avatar\/18de20f14d74abe0c800b423a8b0e24cae6153cb6baeb2c2df80e1cef2117e0d?s=96&d=mm&r=g","url":"https:\/\/secure.gravatar.com\/avatar\/18de20f14d74abe0c800b423a8b0e24cae6153cb6baeb2c2df80e1cef2117e0d?s=96&d=mm&r=g","contentUrl":"https:\/\/secure.gravatar.com\/avatar\/18de20f14d74abe0c800b423a8b0e24cae6153cb6baeb2c2df80e1cef2117e0d?s=96&d=mm&r=g","caption":"Webmaster"},"sameAs":["https:\/\/www.facebook.com\/federaciodemorosicristiansdoliva","https:\/\/www.instagram.com\/morosicristiansoliva\/"]}]}},"jetpack_publicize_connections":[],"jetpack_featured_media_url":"https:\/\/i0.wp.com\/olivamorosicristians.es\/wp-content\/uploads\/2020\/06\/portada_noticia-blog-scaled.jpg?fit=2560%2C1686&ssl=1","jetpack_sharing_enabled":true,"jetpack_shortlink":"https:\/\/wp.me\/pagEx6-2zq","jetpack-related-posts":[],"_links":{"self":[{"href":"https:\/\/olivamorosicristians.es\/es\/wp-json\/wp\/v2\/posts\/9884","targetHints":{"allow":["GET"]}}],"collection":[{"href":"https:\/\/olivamorosicristians.es\/es\/wp-json\/wp\/v2\/posts"}],"about":[{"href":"https:\/\/olivamorosicristians.es\/es\/wp-json\/wp\/v2\/types\/post"}],"author":[{"embeddable":true,"href":"https:\/\/olivamorosicristians.es\/es\/wp-json\/wp\/v2\/users\/1"}],"replies":[{"embeddable":true,"href":"https:\/\/olivamorosicristians.es\/es\/wp-json\/wp\/v2\/comments?post=9884"}],"version-history":[{"count":72,"href":"https:\/\/olivamorosicristians.es\/es\/wp-json\/wp\/v2\/posts\/9884\/revisions"}],"predecessor-version":[{"id":10052,"href":"https:\/\/olivamorosicristians.es\/es\/wp-json\/wp\/v2\/posts\/9884\/revisions\/10052"}],"wp:featuredmedia":[{"embeddable":true,"href":"https:\/\/olivamorosicristians.es\/es\/wp-json\/wp\/v2\/media\/9890"}],"wp:attachment":[{"href":"https:\/\/olivamorosicristians.es\/es\/wp-json\/wp\/v2\/media?parent=9884"}],"wp:term":[{"taxonomy":"category","embeddable":true,"href":"https:\/\/olivamorosicristians.es\/es\/wp-json\/wp\/v2\/categories?post=9884"},{"taxonomy":"post_tag","embeddable":true,"href":"https:\/\/olivamorosicristians.es\/es\/wp-json\/wp\/v2\/tags?post=9884"}],"curies":[{"name":"wp","href":"https:\/\/api.w.org\/{rel}","templated":true}]}}