{"id":9717,"date":"2020-04-19T17:55:00","date_gmt":"2020-04-19T17:55:00","guid":{"rendered":"https:\/\/olivamorosicristians.es\/?p=9717"},"modified":"2020-07-10T19:23:21","modified_gmt":"2020-07-10T17:23:21","slug":"suspensio-de-les-festes-de-moros-i-cristians-doliva-2020","status":"publish","type":"post","link":"https:\/\/olivamorosicristians.es\/es\/suspensio-de-les-festes-de-moros-i-cristians-doliva-2020\/","title":{"rendered":"Suspensi\u00f3 de les Festes de Moros i Cristians d\u2019Oliva 2020"},"content":{"rendered":"<p><\/p>\n\n\n\n<p>La pand\u00e8mia de la Covid-19 mant\u00e9 al m\u00f3n paralitzat i la seua evoluci\u00f3 esdev\u00e9 imprevisible. Tot i que comencen a barallar-se possibles dades per a la fi del confinament, les autoritats competents afirmen que aquest ser\u00e0 escalonat, allargant-se durant un temps que, de moment, segons els experts, esdev\u00e9 imprevisible.<\/p>\n\n\n\n<ul class=\"wp-block-list\"><li>La <strong>crisi sanit\u00e0ria<\/strong> que vivim s\u2019ent\u00e9n que anir\u00e0 estabilitzant-se progressivament, per\u00f2 amb possibles repunts, amb ones de contagi successives. Aix\u00f2 comporta a que, segons les autoritats sanit\u00e0ries, puga produir-se una normalitzaci\u00f3 de l\u2019activitat social per\u00f2 relativa. No absoluta. Per la informaci\u00f3 que des de les autoritats competents ens aplega a la FMiCO, dif\u00edcilment aquest estiu s\u2019autoritzarien actes multitudinaris.<\/li><li>L\u2019<strong>economia<\/strong> ha sofrit un congelament que derivar\u00e0 en una <strong>complicada situaci\u00f3<\/strong> per a les fam\u00edlies.&nbsp;<\/li><\/ul>\n\n\n\n<p>Davant aquesta incerta tessitura, ens vegem obligats a avan\u00e7ar possibles escenaris i <strong>adoptar decisions<\/strong> que, encara que no s\u00f3n les que ens agradarien en aquest primer curs de la Junta Directiva de la FMiCO, s\u00f3n les que de forma responsable i meditada considerem necess\u00e0ries.<\/p>\n\n\n\n<p>Aix\u00ed les coses, reunida la Junta Directiva de la FMiCO el 18 d\u2019abril de 2020, consultada la Comissi\u00f3 de Presidents de les 11 Filades i els c\u00e0rrecs Festers d\u2019enguany, i comptant amb el suport de l\u2019Excm. Ajuntament d\u2019Oliva, s\u2019ha decidit:<\/p>\n\n\n\n<ul class=\"wp-block-list\"><li><strong>Suspendre les Festes de Moros i Cristians d\u2019Oliva 2020<\/strong> i, per tant, totes les activitats festeres d\u2019aquest exercici.<\/li><li>Passar la programaci\u00f3 Festera a 2021 mantenint-se els c\u00e0rrecs festers. Les filades Masers i Taifes repetiran c\u00e0rrecs i l\u2019Abanderat de la FMiC el mantindr\u00e0 la Fil\u00e0 Taifes, com estableix el torn d\u2019enguany.<\/li><\/ul>\n\n\n\n<p><strong>Agra\u00efm <\/strong>la col\u00b7laboraci\u00f3, consell i suport de tots els que han participat de la presa d\u2019aquesta dif\u00edcil decisi\u00f3. Especialment agra\u00efm als c\u00e0rrecs de 2020 i presidents pel suport a la Junta Directiva en aquests moments. I donem les gr\u00e0cies de bestreta a tots els festers i festeres per <strong>la vostra comprensi\u00f3.<\/strong><\/p>\n\n\n\n<p>Des de la Federaci\u00f3 de Moros i Cristians d\u2019Oliva volem enviar <strong>una forta abra\u00e7ada<\/strong> a <strong>Rosana<\/strong> i <strong>Susana<\/strong>, <strong>Cristina<\/strong> i <strong>Manolo<\/strong>, c\u00e0rrecs festers de 2020 i dir-los que la FMiC i, estem segurs, tot el col\u00b7lectiu Fester treballa ja per fer que les <strong>Festes de 2021<\/strong> tornen a lluir pels carrers d\u2019Oliva.<\/p>\n\n\n\n<p>Com diu el nostre Himne \u2018Oliva 1990\u2019: <strong><em>Oliva, ja estem ac\u00ed; els anys ens fan ser millors i m\u00e9s forts.<\/em><\/strong><\/p>\n\n\n\n<p>Molts \u00e0nims a totes i tots, vivim moments extraordinaris, inesperats i complicats. For\u00e7a i \u00e0nim a tots. Ho superarem<strong>, tornarem a baixar Loygorri!<\/strong><\/p>\n\n\n\n<p class=\"has-text-align-center\"><strong>Federaci\u00f3 de Moros i Cristians d\u2019Oliva<\/strong><\/p>\n\n\n\n<p class=\"has-text-align-center\">Oliva, 19 d\u2019abril de 2020<\/p>","protected":false},"excerpt":{"rendered":"<p>La pand\u00e8mia de la Covid-19 mant\u00e9 al m\u00f3n paralitzat i la seua evoluci\u00f3 esdev\u00e9 imprevisible. Tot i que comencen a barallar-se possibles dades per a la fi del confinament, les autoritats competents afirmen que aquest ser\u00e0 escalonat, allargant-se durant un temps que, de moment, segons els experts, esdev\u00e9 imprevisible. La crisi sanit\u00e0ria que vivim s\u2019ent\u00e9n [&hellip;]<\/p>\n","protected":false},"author":1,"featured_media":9710,"comment_status":"closed","ping_status":"open","sticky":false,"template":"","format":"standard","meta":{"jetpack_post_was_ever_published":false,"_jetpack_newsletter_access":"","_jetpack_dont_email_post_to_subs":false,"_jetpack_newsletter_tier_id":0,"_jetpack_memberships_contains_paywalled_content":false,"_jetpack_memberships_contains_paid_content":false,"footnotes":"","jetpack_publicize_message":"","jetpack_publicize_feature_enabled":true,"jetpack_social_post_already_shared":true,"jetpack_social_options":{"image_generator_settings":{"template":"highway","default_image_id":0,"font":"","enabled":false},"version":2}},"categories":[2,1],"tags":[],"class_list":["post-9717","post","type-post","status-publish","format-standard","has-post-thumbnail","hentry","category-federacio","category-varis"],"yoast_head":"<!-- This site is optimized with the Yoast SEO plugin v27.5 - https:\/\/yoast.com\/product\/yoast-seo-wordpress\/ -->\n<title>Suspensi\u00f3 de les Festes de Moros i Cristians d\u2019Oliva 2020 - Moros i Cristians Oliva<\/title>\n<meta name=\"robots\" content=\"index, follow, max-snippet:-1, max-image-preview:large, max-video-preview:-1\" \/>\n<link rel=\"canonical\" href=\"https:\/\/olivamorosicristians.es\/es\/suspensio-de-les-festes-de-moros-i-cristians-doliva-2020\/\" \/>\n<meta property=\"og:locale\" content=\"es_ES\" \/>\n<meta property=\"og:type\" content=\"article\" \/>\n<meta property=\"og:title\" content=\"Suspensi\u00f3 de les Festes de Moros i Cristians d\u2019Oliva 2020 - Moros i Cristians Oliva\" \/>\n<meta property=\"og:description\" content=\"La pand\u00e8mia de la Covid-19 mant\u00e9 al m\u00f3n paralitzat i la seua evoluci\u00f3 esdev\u00e9 imprevisible. Tot i que comencen a barallar-se possibles dades per a la fi del confinament, les autoritats competents afirmen que aquest ser\u00e0 escalonat, allargant-se durant un temps que, de moment, segons els experts, esdev\u00e9 imprevisible. La crisi sanit\u00e0ria que vivim s\u2019ent\u00e9n [&hellip;]\" \/>\n<meta property=\"og:url\" content=\"https:\/\/olivamorosicristians.es\/es\/suspensio-de-les-festes-de-moros-i-cristians-doliva-2020\/\" \/>\n<meta property=\"og:site_name\" content=\"Moros i Cristians Oliva\" \/>\n<meta property=\"article:publisher\" content=\"https:\/\/www.facebook.com\/federaciodemorosicristiansdoliva\/\" \/>\n<meta property=\"article:author\" content=\"https:\/\/www.facebook.com\/federaciodemorosicristiansdoliva\" \/>\n<meta property=\"article:published_time\" content=\"2020-04-19T17:55:00+00:00\" \/>\n<meta property=\"article:modified_time\" content=\"2020-07-10T17:23:21+00:00\" \/>\n<meta property=\"og:image\" content=\"https:\/\/i0.wp.com\/olivamorosicristians.es\/wp-content\/uploads\/2020\/04\/Comunicat-Oficial.jpg?fit=960%2C540&ssl=1\" \/>\n\t<meta property=\"og:image:width\" content=\"960\" \/>\n\t<meta property=\"og:image:height\" content=\"540\" \/>\n\t<meta property=\"og:image:type\" content=\"image\/jpeg\" \/>\n<meta name=\"author\" content=\"Webmaster\" \/>\n<meta name=\"twitter:card\" content=\"summary_large_image\" \/>\n<meta name=\"twitter:label1\" content=\"Escrito por\" \/>\n\t<meta name=\"twitter:data1\" content=\"Webmaster\" \/>\n\t<meta name=\"twitter:label2\" content=\"Tiempo de lectura\" \/>\n\t<meta name=\"twitter:data2\" content=\"2 minutos\" \/>\n<script type=\"application\/ld+json\" class=\"yoast-schema-graph\">{\"@context\":\"https:\\\/\\\/schema.org\",\"@graph\":[{\"@type\":\"Article\",\"@id\":\"https:\\\/\\\/olivamorosicristians.es\\\/suspensio-de-les-festes-de-moros-i-cristians-doliva-2020\\\/#article\",\"isPartOf\":{\"@id\":\"https:\\\/\\\/olivamorosicristians.es\\\/suspensio-de-les-festes-de-moros-i-cristians-doliva-2020\\\/\"},\"author\":{\"name\":\"Webmaster\",\"@id\":\"https:\\\/\\\/olivamorosicristians.es\\\/#\\\/schema\\\/person\\\/21ece052d8816103cad91a2676fd0149\"},\"headline\":\"Suspensi\u00f3 de les Festes de Moros i Cristians d\u2019Oliva 2020\",\"datePublished\":\"2020-04-19T17:55:00+00:00\",\"dateModified\":\"2020-07-10T17:23:21+00:00\",\"mainEntityOfPage\":{\"@id\":\"https:\\\/\\\/olivamorosicristians.es\\\/suspensio-de-les-festes-de-moros-i-cristians-doliva-2020\\\/\"},\"wordCount\":456,\"publisher\":{\"@id\":\"https:\\\/\\\/olivamorosicristians.es\\\/#organization\"},\"image\":{\"@id\":\"https:\\\/\\\/olivamorosicristians.es\\\/suspensio-de-les-festes-de-moros-i-cristians-doliva-2020\\\/#primaryimage\"},\"thumbnailUrl\":\"https:\\\/\\\/i0.wp.com\\\/olivamorosicristians.es\\\/wp-content\\\/uploads\\\/2020\\\/04\\\/Comunicat-Oficial.jpg?fit=960%2C540&ssl=1\",\"articleSection\":[\"Federaci\u00f3\",\"Varis\"],\"inLanguage\":\"es\"},{\"@type\":\"WebPage\",\"@id\":\"https:\\\/\\\/olivamorosicristians.es\\\/suspensio-de-les-festes-de-moros-i-cristians-doliva-2020\\\/\",\"url\":\"https:\\\/\\\/olivamorosicristians.es\\\/suspensio-de-les-festes-de-moros-i-cristians-doliva-2020\\\/\",\"name\":\"Suspensi\u00f3 de les Festes de Moros i Cristians d\u2019Oliva 2020 - Moros i Cristians Oliva\",\"isPartOf\":{\"@id\":\"https:\\\/\\\/olivamorosicristians.es\\\/#website\"},\"primaryImageOfPage\":{\"@id\":\"https:\\\/\\\/olivamorosicristians.es\\\/suspensio-de-les-festes-de-moros-i-cristians-doliva-2020\\\/#primaryimage\"},\"image\":{\"@id\":\"https:\\\/\\\/olivamorosicristians.es\\\/suspensio-de-les-festes-de-moros-i-cristians-doliva-2020\\\/#primaryimage\"},\"thumbnailUrl\":\"https:\\\/\\\/i0.wp.com\\\/olivamorosicristians.es\\\/wp-content\\\/uploads\\\/2020\\\/04\\\/Comunicat-Oficial.jpg?fit=960%2C540&ssl=1\",\"datePublished\":\"2020-04-19T17:55:00+00:00\",\"dateModified\":\"2020-07-10T17:23:21+00:00\",\"breadcrumb\":{\"@id\":\"https:\\\/\\\/olivamorosicristians.es\\\/suspensio-de-les-festes-de-moros-i-cristians-doliva-2020\\\/#breadcrumb\"},\"inLanguage\":\"es\",\"potentialAction\":[{\"@type\":\"ReadAction\",\"target\":[\"https:\\\/\\\/olivamorosicristians.es\\\/suspensio-de-les-festes-de-moros-i-cristians-doliva-2020\\\/\"]}]},{\"@type\":\"ImageObject\",\"inLanguage\":\"es\",\"@id\":\"https:\\\/\\\/olivamorosicristians.es\\\/suspensio-de-les-festes-de-moros-i-cristians-doliva-2020\\\/#primaryimage\",\"url\":\"https:\\\/\\\/i0.wp.com\\\/olivamorosicristians.es\\\/wp-content\\\/uploads\\\/2020\\\/04\\\/Comunicat-Oficial.jpg?fit=960%2C540&ssl=1\",\"contentUrl\":\"https:\\\/\\\/i0.wp.com\\\/olivamorosicristians.es\\\/wp-content\\\/uploads\\\/2020\\\/04\\\/Comunicat-Oficial.jpg?fit=960%2C540&ssl=1\",\"width\":960,\"height\":540},{\"@type\":\"BreadcrumbList\",\"@id\":\"https:\\\/\\\/olivamorosicristians.es\\\/suspensio-de-les-festes-de-moros-i-cristians-doliva-2020\\\/#breadcrumb\",\"itemListElement\":[{\"@type\":\"ListItem\",\"position\":1,\"name\":\"Portada\",\"item\":\"https:\\\/\\\/olivamorosicristians.es\\\/\"},{\"@type\":\"ListItem\",\"position\":2,\"name\":\"Suspensi\u00f3 de les Festes de Moros i Cristians d\u2019Oliva 2020\"}]},{\"@type\":\"WebSite\",\"@id\":\"https:\\\/\\\/olivamorosicristians.es\\\/#website\",\"url\":\"https:\\\/\\\/olivamorosicristians.es\\\/\",\"name\":\"Moros i Cristians Oliva\",\"description\":\"FMCO\",\"publisher\":{\"@id\":\"https:\\\/\\\/olivamorosicristians.es\\\/#organization\"},\"potentialAction\":[{\"@type\":\"SearchAction\",\"target\":{\"@type\":\"EntryPoint\",\"urlTemplate\":\"https:\\\/\\\/olivamorosicristians.es\\\/?s={search_term_string}\"},\"query-input\":{\"@type\":\"PropertyValueSpecification\",\"valueRequired\":true,\"valueName\":\"search_term_string\"}}],\"inLanguage\":\"es\"},{\"@type\":\"Organization\",\"@id\":\"https:\\\/\\\/olivamorosicristians.es\\\/#organization\",\"name\":\"Federaci\u00f3 de Moros i Cristians - Oliva\",\"url\":\"https:\\\/\\\/olivamorosicristians.es\\\/\",\"logo\":{\"@type\":\"ImageObject\",\"inLanguage\":\"es\",\"@id\":\"https:\\\/\\\/olivamorosicristians.es\\\/#\\\/schema\\\/logo\\\/image\\\/\",\"url\":\"https:\\\/\\\/i2.wp.com\\\/olivamorosicristians.es\\\/wp-content\\\/uploads\\\/2018\\\/06\\\/Icon_FMiCO.png?fit=50%2C50&ssl=1\",\"contentUrl\":\"https:\\\/\\\/i2.wp.com\\\/olivamorosicristians.es\\\/wp-content\\\/uploads\\\/2018\\\/06\\\/Icon_FMiCO.png?fit=50%2C50&ssl=1\",\"width\":50,\"height\":50,\"caption\":\"Federaci\u00f3 de Moros i Cristians - Oliva\"},\"image\":{\"@id\":\"https:\\\/\\\/olivamorosicristians.es\\\/#\\\/schema\\\/logo\\\/image\\\/\"},\"sameAs\":[\"https:\\\/\\\/www.facebook.com\\\/federaciodemorosicristiansdoliva\\\/\",\"https:\\\/\\\/www.instagram.com\\\/morosicristiansoliva\\\/?hl=es\"]},{\"@type\":\"Person\",\"@id\":\"https:\\\/\\\/olivamorosicristians.es\\\/#\\\/schema\\\/person\\\/21ece052d8816103cad91a2676fd0149\",\"name\":\"Webmaster\",\"image\":{\"@type\":\"ImageObject\",\"inLanguage\":\"es\",\"@id\":\"https:\\\/\\\/secure.gravatar.com\\\/avatar\\\/18de20f14d74abe0c800b423a8b0e24cae6153cb6baeb2c2df80e1cef2117e0d?s=96&d=mm&r=g\",\"url\":\"https:\\\/\\\/secure.gravatar.com\\\/avatar\\\/18de20f14d74abe0c800b423a8b0e24cae6153cb6baeb2c2df80e1cef2117e0d?s=96&d=mm&r=g\",\"contentUrl\":\"https:\\\/\\\/secure.gravatar.com\\\/avatar\\\/18de20f14d74abe0c800b423a8b0e24cae6153cb6baeb2c2df80e1cef2117e0d?s=96&d=mm&r=g\",\"caption\":\"Webmaster\"},\"sameAs\":[\"https:\\\/\\\/www.facebook.com\\\/federaciodemorosicristiansdoliva\",\"https:\\\/\\\/www.instagram.com\\\/morosicristiansoliva\\\/\"]}]}<\/script>\n<!-- \/ Yoast SEO plugin. -->","yoast_head_json":{"title":"Suspensi\u00f3 de les Festes de Moros i Cristians d\u2019Oliva 2020 - Moros i Cristians Oliva","robots":{"index":"index","follow":"follow","max-snippet":"max-snippet:-1","max-image-preview":"max-image-preview:large","max-video-preview":"max-video-preview:-1"},"canonical":"https:\/\/olivamorosicristians.es\/es\/suspensio-de-les-festes-de-moros-i-cristians-doliva-2020\/","og_locale":"es_ES","og_type":"article","og_title":"Suspensi\u00f3 de les Festes de Moros i Cristians d\u2019Oliva 2020 - Moros i Cristians Oliva","og_description":"La pand\u00e8mia de la Covid-19 mant\u00e9 al m\u00f3n paralitzat i la seua evoluci\u00f3 esdev\u00e9 imprevisible. Tot i que comencen a barallar-se possibles dades per a la fi del confinament, les autoritats competents afirmen que aquest ser\u00e0 escalonat, allargant-se durant un temps que, de moment, segons els experts, esdev\u00e9 imprevisible. La crisi sanit\u00e0ria que vivim s\u2019ent\u00e9n [&hellip;]","og_url":"https:\/\/olivamorosicristians.es\/es\/suspensio-de-les-festes-de-moros-i-cristians-doliva-2020\/","og_site_name":"Moros i Cristians Oliva","article_publisher":"https:\/\/www.facebook.com\/federaciodemorosicristiansdoliva\/","article_author":"https:\/\/www.facebook.com\/federaciodemorosicristiansdoliva","article_published_time":"2020-04-19T17:55:00+00:00","article_modified_time":"2020-07-10T17:23:21+00:00","og_image":[{"width":960,"height":540,"url":"https:\/\/i0.wp.com\/olivamorosicristians.es\/wp-content\/uploads\/2020\/04\/Comunicat-Oficial.jpg?fit=960%2C540&ssl=1","type":"image\/jpeg"}],"author":"Webmaster","twitter_card":"summary_large_image","twitter_misc":{"Escrito por":"Webmaster","Tiempo de lectura":"2 minutos"},"schema":{"@context":"https:\/\/schema.org","@graph":[{"@type":"Article","@id":"https:\/\/olivamorosicristians.es\/suspensio-de-les-festes-de-moros-i-cristians-doliva-2020\/#article","isPartOf":{"@id":"https:\/\/olivamorosicristians.es\/suspensio-de-les-festes-de-moros-i-cristians-doliva-2020\/"},"author":{"name":"Webmaster","@id":"https:\/\/olivamorosicristians.es\/#\/schema\/person\/21ece052d8816103cad91a2676fd0149"},"headline":"Suspensi\u00f3 de les Festes de Moros i Cristians d\u2019Oliva 2020","datePublished":"2020-04-19T17:55:00+00:00","dateModified":"2020-07-10T17:23:21+00:00","mainEntityOfPage":{"@id":"https:\/\/olivamorosicristians.es\/suspensio-de-les-festes-de-moros-i-cristians-doliva-2020\/"},"wordCount":456,"publisher":{"@id":"https:\/\/olivamorosicristians.es\/#organization"},"image":{"@id":"https:\/\/olivamorosicristians.es\/suspensio-de-les-festes-de-moros-i-cristians-doliva-2020\/#primaryimage"},"thumbnailUrl":"https:\/\/i0.wp.com\/olivamorosicristians.es\/wp-content\/uploads\/2020\/04\/Comunicat-Oficial.jpg?fit=960%2C540&ssl=1","articleSection":["Federaci\u00f3","Varis"],"inLanguage":"es"},{"@type":"WebPage","@id":"https:\/\/olivamorosicristians.es\/suspensio-de-les-festes-de-moros-i-cristians-doliva-2020\/","url":"https:\/\/olivamorosicristians.es\/suspensio-de-les-festes-de-moros-i-cristians-doliva-2020\/","name":"Suspensi\u00f3 de les Festes de Moros i Cristians d\u2019Oliva 2020 - Moros i Cristians Oliva","isPartOf":{"@id":"https:\/\/olivamorosicristians.es\/#website"},"primaryImageOfPage":{"@id":"https:\/\/olivamorosicristians.es\/suspensio-de-les-festes-de-moros-i-cristians-doliva-2020\/#primaryimage"},"image":{"@id":"https:\/\/olivamorosicristians.es\/suspensio-de-les-festes-de-moros-i-cristians-doliva-2020\/#primaryimage"},"thumbnailUrl":"https:\/\/i0.wp.com\/olivamorosicristians.es\/wp-content\/uploads\/2020\/04\/Comunicat-Oficial.jpg?fit=960%2C540&ssl=1","datePublished":"2020-04-19T17:55:00+00:00","dateModified":"2020-07-10T17:23:21+00:00","breadcrumb":{"@id":"https:\/\/olivamorosicristians.es\/suspensio-de-les-festes-de-moros-i-cristians-doliva-2020\/#breadcrumb"},"inLanguage":"es","potentialAction":[{"@type":"ReadAction","target":["https:\/\/olivamorosicristians.es\/suspensio-de-les-festes-de-moros-i-cristians-doliva-2020\/"]}]},{"@type":"ImageObject","inLanguage":"es","@id":"https:\/\/olivamorosicristians.es\/suspensio-de-les-festes-de-moros-i-cristians-doliva-2020\/#primaryimage","url":"https:\/\/i0.wp.com\/olivamorosicristians.es\/wp-content\/uploads\/2020\/04\/Comunicat-Oficial.jpg?fit=960%2C540&ssl=1","contentUrl":"https:\/\/i0.wp.com\/olivamorosicristians.es\/wp-content\/uploads\/2020\/04\/Comunicat-Oficial.jpg?fit=960%2C540&ssl=1","width":960,"height":540},{"@type":"BreadcrumbList","@id":"https:\/\/olivamorosicristians.es\/suspensio-de-les-festes-de-moros-i-cristians-doliva-2020\/#breadcrumb","itemListElement":[{"@type":"ListItem","position":1,"name":"Portada","item":"https:\/\/olivamorosicristians.es\/"},{"@type":"ListItem","position":2,"name":"Suspensi\u00f3 de les Festes de Moros i Cristians d\u2019Oliva 2020"}]},{"@type":"WebSite","@id":"https:\/\/olivamorosicristians.es\/#website","url":"https:\/\/olivamorosicristians.es\/","name":"Moros i Cristians Oliva","description":"FMCO","publisher":{"@id":"https:\/\/olivamorosicristians.es\/#organization"},"potentialAction":[{"@type":"SearchAction","target":{"@type":"EntryPoint","urlTemplate":"https:\/\/olivamorosicristians.es\/?s={search_term_string}"},"query-input":{"@type":"PropertyValueSpecification","valueRequired":true,"valueName":"search_term_string"}}],"inLanguage":"es"},{"@type":"Organization","@id":"https:\/\/olivamorosicristians.es\/#organization","name":"La Federaci\u00f3n de Moros y Cristianos de Oliva","url":"https:\/\/olivamorosicristians.es\/","logo":{"@type":"ImageObject","inLanguage":"es","@id":"https:\/\/olivamorosicristians.es\/#\/schema\/logo\/image\/","url":"https:\/\/i2.wp.com\/olivamorosicristians.es\/wp-content\/uploads\/2018\/06\/Icon_FMiCO.png?fit=50%2C50&ssl=1","contentUrl":"https:\/\/i2.wp.com\/olivamorosicristians.es\/wp-content\/uploads\/2018\/06\/Icon_FMiCO.png?fit=50%2C50&ssl=1","width":50,"height":50,"caption":"Federaci\u00f3 de Moros i Cristians - Oliva"},"image":{"@id":"https:\/\/olivamorosicristians.es\/#\/schema\/logo\/image\/"},"sameAs":["https:\/\/www.facebook.com\/federaciodemorosicristiansdoliva\/","https:\/\/www.instagram.com\/morosicristiansoliva\/?hl=es"]},{"@type":"Person","@id":"https:\/\/olivamorosicristians.es\/#\/schema\/person\/21ece052d8816103cad91a2676fd0149","name":"Webmaster","image":{"@type":"ImageObject","inLanguage":"es","@id":"https:\/\/secure.gravatar.com\/avatar\/18de20f14d74abe0c800b423a8b0e24cae6153cb6baeb2c2df80e1cef2117e0d?s=96&d=mm&r=g","url":"https:\/\/secure.gravatar.com\/avatar\/18de20f14d74abe0c800b423a8b0e24cae6153cb6baeb2c2df80e1cef2117e0d?s=96&d=mm&r=g","contentUrl":"https:\/\/secure.gravatar.com\/avatar\/18de20f14d74abe0c800b423a8b0e24cae6153cb6baeb2c2df80e1cef2117e0d?s=96&d=mm&r=g","caption":"Webmaster"},"sameAs":["https:\/\/www.facebook.com\/federaciodemorosicristiansdoliva","https:\/\/www.instagram.com\/morosicristiansoliva\/"]}]}},"jetpack_publicize_connections":[],"jetpack_featured_media_url":"https:\/\/i0.wp.com\/olivamorosicristians.es\/wp-content\/uploads\/2020\/04\/Comunicat-Oficial.jpg?fit=960%2C540&ssl=1","jetpack_sharing_enabled":true,"jetpack_shortlink":"https:\/\/wp.me\/pagEx6-2wJ","jetpack-related-posts":[],"_links":{"self":[{"href":"https:\/\/olivamorosicristians.es\/es\/wp-json\/wp\/v2\/posts\/9717","targetHints":{"allow":["GET"]}}],"collection":[{"href":"https:\/\/olivamorosicristians.es\/es\/wp-json\/wp\/v2\/posts"}],"about":[{"href":"https:\/\/olivamorosicristians.es\/es\/wp-json\/wp\/v2\/types\/post"}],"author":[{"embeddable":true,"href":"https:\/\/olivamorosicristians.es\/es\/wp-json\/wp\/v2\/users\/1"}],"replies":[{"embeddable":true,"href":"https:\/\/olivamorosicristians.es\/es\/wp-json\/wp\/v2\/comments?post=9717"}],"version-history":[{"count":8,"href":"https:\/\/olivamorosicristians.es\/es\/wp-json\/wp\/v2\/posts\/9717\/revisions"}],"predecessor-version":[{"id":10053,"href":"https:\/\/olivamorosicristians.es\/es\/wp-json\/wp\/v2\/posts\/9717\/revisions\/10053"}],"wp:featuredmedia":[{"embeddable":true,"href":"https:\/\/olivamorosicristians.es\/es\/wp-json\/wp\/v2\/media\/9710"}],"wp:attachment":[{"href":"https:\/\/olivamorosicristians.es\/es\/wp-json\/wp\/v2\/media?parent=9717"}],"wp:term":[{"taxonomy":"category","embeddable":true,"href":"https:\/\/olivamorosicristians.es\/es\/wp-json\/wp\/v2\/categories?post=9717"},{"taxonomy":"post_tag","embeddable":true,"href":"https:\/\/olivamorosicristians.es\/es\/wp-json\/wp\/v2\/tags?post=9717"}],"curies":[{"name":"wp","href":"https:\/\/api.w.org\/{rel}","templated":true}]}}