{"id":9452,"date":"2019-12-05T18:38:40","date_gmt":"2019-12-05T18:38:40","guid":{"rendered":"http:\/\/olivamorosicristians.es\/?p=9452"},"modified":"2019-12-09T20:20:45","modified_gmt":"2019-12-09T20:20:45","slug":"bases-del-xl-concurs-de-cartells-festes-de-moros-i-cristians-oliva-2020","status":"publish","type":"post","link":"https:\/\/olivamorosicristians.es\/es\/bases-del-xl-concurs-de-cartells-festes-de-moros-i-cristians-oliva-2020\/","title":{"rendered":"Bases del XL Concurs de Cartells Festes de Moros i Cristians Oliva 2020"},"content":{"rendered":"<p>Un any m\u00e9s la Federaci\u00f3 de Moros i Cristians d\u2019Oliva concova el concurs de cartells i publica les bases per al que ser\u00e1 el cartell de les festes 2020.<\/p>\n\n\n\n<p><span style=\"text-decoration: underline;\"><a href=\"https:\/\/olivamorosicristians.es\/wp-content\/uploads\/2019\/12\/BASES-CONCURS-Cartell-2020_03.pdf\" target=\"_blank\" rel=\"noreferrer noopener\" aria-label=\"Aquestes bases es poden trobar a la p\u00e0gina web de la Federaci\u00f3 de Moros i Cristians d\u2019Oliva (opens in a new tab)\">Aquestes bases es poden trobar a la p\u00e0gina web de la Federaci\u00f3 de Moros i Cristians d\u2019Oliva<\/a><\/span><\/p>\n\n\n\n<p>Cada\nparticipant podr\u00e0 presentar un m\u00e0xim de dos obres. El guanyador\/a\nrebr\u00e0 un premi en met\u00e0l\u00b7lic de 800 \u20ac que s&#8217;atorgar\u00e0 el dia 8 de\nfebrer de 2020, a les 12.00 hores, al <strong>CONCURS\nDE PUTXEROS<\/strong>\nque tindr\u00e0 lloc a la Pla\u00e7a Juan Bta. Escriv\u00e0 (Pla\u00e7a del Mercat). \n<\/p>\n\n\n\n<p>Les\nobres es podran presentar fins al dia 10 gener de 2020, a les 14.00\nhores. al departament de Cultura i Festes de l&#8217;Ajuntament. Els\ncartells presentats s&#8217;exposaran al p\u00fablic del 22 al 31 de gener, a\nla Sala d&#8217;Exposicions del Museu Etnol\u00f2gic d&#8217;Oliva. Tamb\u00e9 estaran\nexposats ac\u00ed els dibuixos dels alumnes de 3r a 6\u00e9 de prim\u00e0ria, de\ntots els col\u00b7legis de la ciutat, que han participat del tradicional\nconcurs de dibuixos que convoca anualment la Federaci\u00f3 de Moros i\nCristians d&#8217;Oliva. \n<\/p>\n\n\n\n<p>Les\nobres hauran de ser originals i in\u00e8dites, no premiades ni pendents\nde resoluci\u00f3 en un altre concurs. El jurat valorar\u00e0 que les obres\nreflectisquen tem\u00e0tiques relacionades amb els actes de la Festa de\nMoros i Cristians d&#8217;Oliva. El cartell haur\u00e0 d&#8217;incloure\nobligat\u00f2riament aquest lema: <em>\u00abFestes\nde Moros i Cristians. Oliva 2020 &#8211; Del 16 al 19 de Juliol, declarades\nd&#8217;Inter\u00e9s Tur\u00edstic Auton\u00f2mic\u00bb.<\/em><\/p>","protected":false},"excerpt":{"rendered":"<p>Un any m\u00e9s la Federaci\u00f3 de Moros i Cristians d\u2019Oliva concova el concurs de cartells i publica les bases per al que ser\u00e1 el cartell de les festes 2020. Aquestes bases es poden trobar a la p\u00e0gina web de la Federaci\u00f3 de Moros i Cristians d\u2019Oliva Cada participant podr\u00e0 presentar un m\u00e0xim de dos obres. [&hellip;]<\/p>\n","protected":false},"author":1,"featured_media":9453,"comment_status":"closed","ping_status":"open","sticky":false,"template":"","format":"standard","meta":{"jetpack_post_was_ever_published":false,"_jetpack_newsletter_access":"","_jetpack_dont_email_post_to_subs":false,"_jetpack_newsletter_tier_id":0,"_jetpack_memberships_contains_paywalled_content":false,"_jetpack_memberships_contains_paid_content":false,"footnotes":"","jetpack_publicize_message":"","jetpack_publicize_feature_enabled":true,"jetpack_social_post_already_shared":true,"jetpack_social_options":{"image_generator_settings":{"template":"highway","default_image_id":0,"font":"","enabled":false},"version":2}},"categories":[143,2],"tags":[],"class_list":["post-9452","post","type-post","status-publish","format-standard","has-post-thumbnail","hentry","category-concursos","category-federacio"],"yoast_head":"<!-- This site is optimized with the Yoast SEO plugin v27.4 - https:\/\/yoast.com\/product\/yoast-seo-wordpress\/ -->\n<title>Bases del XL Concurs de Cartells Festes de Moros i Cristians Oliva 2020 - Moros i Cristians Oliva<\/title>\n<meta name=\"robots\" content=\"index, follow, max-snippet:-1, max-image-preview:large, max-video-preview:-1\" \/>\n<link rel=\"canonical\" href=\"https:\/\/olivamorosicristians.es\/es\/bases-del-xl-concurs-de-cartells-festes-de-moros-i-cristians-oliva-2020\/\" \/>\n<meta property=\"og:locale\" content=\"es_ES\" \/>\n<meta property=\"og:type\" content=\"article\" \/>\n<meta property=\"og:title\" content=\"Bases del XL Concurs de Cartells Festes de Moros i Cristians Oliva 2020 - Moros i Cristians Oliva\" \/>\n<meta property=\"og:description\" content=\"Un any m\u00e9s la Federaci\u00f3 de Moros i Cristians d\u2019Oliva concova el concurs de cartells i publica les bases per al que ser\u00e1 el cartell de les festes 2020. Aquestes bases es poden trobar a la p\u00e0gina web de la Federaci\u00f3 de Moros i Cristians d\u2019Oliva Cada participant podr\u00e0 presentar un m\u00e0xim de dos obres. [&hellip;]\" \/>\n<meta property=\"og:url\" content=\"https:\/\/olivamorosicristians.es\/es\/bases-del-xl-concurs-de-cartells-festes-de-moros-i-cristians-oliva-2020\/\" \/>\n<meta property=\"og:site_name\" content=\"Moros i Cristians Oliva\" \/>\n<meta property=\"article:publisher\" content=\"https:\/\/www.facebook.com\/federaciodemorosicristiansdoliva\/\" \/>\n<meta property=\"article:author\" content=\"https:\/\/www.facebook.com\/federaciodemorosicristiansdoliva\" \/>\n<meta property=\"article:published_time\" content=\"2019-12-05T18:38:40+00:00\" \/>\n<meta property=\"article:modified_time\" content=\"2019-12-09T20:20:45+00:00\" \/>\n<meta property=\"og:image\" content=\"https:\/\/i0.wp.com\/olivamorosicristians.es\/wp-content\/uploads\/2019\/12\/brad-neathery-mGH253KbfaY-unsplash-e1575569395286.jpeg?fit=600%2C401&ssl=1\" \/>\n\t<meta property=\"og:image:width\" content=\"600\" \/>\n\t<meta property=\"og:image:height\" content=\"401\" \/>\n\t<meta property=\"og:image:type\" content=\"image\/jpeg\" \/>\n<meta name=\"author\" content=\"Webmaster\" \/>\n<meta name=\"twitter:card\" content=\"summary_large_image\" \/>\n<meta name=\"twitter:label1\" content=\"Escrito por\" \/>\n\t<meta name=\"twitter:data1\" content=\"Webmaster\" \/>\n\t<meta name=\"twitter:label2\" content=\"Tiempo de lectura\" \/>\n\t<meta name=\"twitter:data2\" content=\"1 minuto\" \/>\n<script type=\"application\/ld+json\" class=\"yoast-schema-graph\">{\"@context\":\"https:\\\/\\\/schema.org\",\"@graph\":[{\"@type\":\"Article\",\"@id\":\"https:\\\/\\\/olivamorosicristians.es\\\/bases-del-xl-concurs-de-cartells-festes-de-moros-i-cristians-oliva-2020\\\/#article\",\"isPartOf\":{\"@id\":\"https:\\\/\\\/olivamorosicristians.es\\\/bases-del-xl-concurs-de-cartells-festes-de-moros-i-cristians-oliva-2020\\\/\"},\"author\":{\"name\":\"Webmaster\",\"@id\":\"https:\\\/\\\/olivamorosicristians.es\\\/#\\\/schema\\\/person\\\/21ece052d8816103cad91a2676fd0149\"},\"headline\":\"Bases del XL Concurs de Cartells Festes de Moros i Cristians Oliva 2020\",\"datePublished\":\"2019-12-05T18:38:40+00:00\",\"dateModified\":\"2019-12-09T20:20:45+00:00\",\"mainEntityOfPage\":{\"@id\":\"https:\\\/\\\/olivamorosicristians.es\\\/bases-del-xl-concurs-de-cartells-festes-de-moros-i-cristians-oliva-2020\\\/\"},\"wordCount\":266,\"publisher\":{\"@id\":\"https:\\\/\\\/olivamorosicristians.es\\\/#organization\"},\"image\":{\"@id\":\"https:\\\/\\\/olivamorosicristians.es\\\/bases-del-xl-concurs-de-cartells-festes-de-moros-i-cristians-oliva-2020\\\/#primaryimage\"},\"thumbnailUrl\":\"https:\\\/\\\/i0.wp.com\\\/olivamorosicristians.es\\\/wp-content\\\/uploads\\\/2019\\\/12\\\/brad-neathery-mGH253KbfaY-unsplash-e1575569395286.jpeg?fit=600%2C401&ssl=1\",\"articleSection\":[\"Concursos\",\"Federaci\u00f3\"],\"inLanguage\":\"es\"},{\"@type\":\"WebPage\",\"@id\":\"https:\\\/\\\/olivamorosicristians.es\\\/bases-del-xl-concurs-de-cartells-festes-de-moros-i-cristians-oliva-2020\\\/\",\"url\":\"https:\\\/\\\/olivamorosicristians.es\\\/bases-del-xl-concurs-de-cartells-festes-de-moros-i-cristians-oliva-2020\\\/\",\"name\":\"Bases del XL Concurs de Cartells Festes de Moros i Cristians Oliva 2020 - Moros i Cristians Oliva\",\"isPartOf\":{\"@id\":\"https:\\\/\\\/olivamorosicristians.es\\\/#website\"},\"primaryImageOfPage\":{\"@id\":\"https:\\\/\\\/olivamorosicristians.es\\\/bases-del-xl-concurs-de-cartells-festes-de-moros-i-cristians-oliva-2020\\\/#primaryimage\"},\"image\":{\"@id\":\"https:\\\/\\\/olivamorosicristians.es\\\/bases-del-xl-concurs-de-cartells-festes-de-moros-i-cristians-oliva-2020\\\/#primaryimage\"},\"thumbnailUrl\":\"https:\\\/\\\/i0.wp.com\\\/olivamorosicristians.es\\\/wp-content\\\/uploads\\\/2019\\\/12\\\/brad-neathery-mGH253KbfaY-unsplash-e1575569395286.jpeg?fit=600%2C401&ssl=1\",\"datePublished\":\"2019-12-05T18:38:40+00:00\",\"dateModified\":\"2019-12-09T20:20:45+00:00\",\"breadcrumb\":{\"@id\":\"https:\\\/\\\/olivamorosicristians.es\\\/bases-del-xl-concurs-de-cartells-festes-de-moros-i-cristians-oliva-2020\\\/#breadcrumb\"},\"inLanguage\":\"es\",\"potentialAction\":[{\"@type\":\"ReadAction\",\"target\":[\"https:\\\/\\\/olivamorosicristians.es\\\/bases-del-xl-concurs-de-cartells-festes-de-moros-i-cristians-oliva-2020\\\/\"]}]},{\"@type\":\"ImageObject\",\"inLanguage\":\"es\",\"@id\":\"https:\\\/\\\/olivamorosicristians.es\\\/bases-del-xl-concurs-de-cartells-festes-de-moros-i-cristians-oliva-2020\\\/#primaryimage\",\"url\":\"https:\\\/\\\/i0.wp.com\\\/olivamorosicristians.es\\\/wp-content\\\/uploads\\\/2019\\\/12\\\/brad-neathery-mGH253KbfaY-unsplash-e1575569395286.jpeg?fit=600%2C401&ssl=1\",\"contentUrl\":\"https:\\\/\\\/i0.wp.com\\\/olivamorosicristians.es\\\/wp-content\\\/uploads\\\/2019\\\/12\\\/brad-neathery-mGH253KbfaY-unsplash-e1575569395286.jpeg?fit=600%2C401&ssl=1\",\"width\":600,\"height\":401},{\"@type\":\"BreadcrumbList\",\"@id\":\"https:\\\/\\\/olivamorosicristians.es\\\/bases-del-xl-concurs-de-cartells-festes-de-moros-i-cristians-oliva-2020\\\/#breadcrumb\",\"itemListElement\":[{\"@type\":\"ListItem\",\"position\":1,\"name\":\"Portada\",\"item\":\"https:\\\/\\\/olivamorosicristians.es\\\/\"},{\"@type\":\"ListItem\",\"position\":2,\"name\":\"Bases del XL Concurs de Cartells Festes de Moros i Cristians Oliva 2020\"}]},{\"@type\":\"WebSite\",\"@id\":\"https:\\\/\\\/olivamorosicristians.es\\\/#website\",\"url\":\"https:\\\/\\\/olivamorosicristians.es\\\/\",\"name\":\"Moros i Cristians Oliva\",\"description\":\"FMCO\",\"publisher\":{\"@id\":\"https:\\\/\\\/olivamorosicristians.es\\\/#organization\"},\"potentialAction\":[{\"@type\":\"SearchAction\",\"target\":{\"@type\":\"EntryPoint\",\"urlTemplate\":\"https:\\\/\\\/olivamorosicristians.es\\\/?s={search_term_string}\"},\"query-input\":{\"@type\":\"PropertyValueSpecification\",\"valueRequired\":true,\"valueName\":\"search_term_string\"}}],\"inLanguage\":\"es\"},{\"@type\":\"Organization\",\"@id\":\"https:\\\/\\\/olivamorosicristians.es\\\/#organization\",\"name\":\"Federaci\u00f3 de Moros i Cristians - Oliva\",\"url\":\"https:\\\/\\\/olivamorosicristians.es\\\/\",\"logo\":{\"@type\":\"ImageObject\",\"inLanguage\":\"es\",\"@id\":\"https:\\\/\\\/olivamorosicristians.es\\\/#\\\/schema\\\/logo\\\/image\\\/\",\"url\":\"https:\\\/\\\/i2.wp.com\\\/olivamorosicristians.es\\\/wp-content\\\/uploads\\\/2018\\\/06\\\/Icon_FMiCO.png?fit=50%2C50&ssl=1\",\"contentUrl\":\"https:\\\/\\\/i2.wp.com\\\/olivamorosicristians.es\\\/wp-content\\\/uploads\\\/2018\\\/06\\\/Icon_FMiCO.png?fit=50%2C50&ssl=1\",\"width\":50,\"height\":50,\"caption\":\"Federaci\u00f3 de Moros i Cristians - Oliva\"},\"image\":{\"@id\":\"https:\\\/\\\/olivamorosicristians.es\\\/#\\\/schema\\\/logo\\\/image\\\/\"},\"sameAs\":[\"https:\\\/\\\/www.facebook.com\\\/federaciodemorosicristiansdoliva\\\/\",\"https:\\\/\\\/www.instagram.com\\\/morosicristiansoliva\\\/?hl=es\"]},{\"@type\":\"Person\",\"@id\":\"https:\\\/\\\/olivamorosicristians.es\\\/#\\\/schema\\\/person\\\/21ece052d8816103cad91a2676fd0149\",\"name\":\"Webmaster\",\"image\":{\"@type\":\"ImageObject\",\"inLanguage\":\"es\",\"@id\":\"https:\\\/\\\/secure.gravatar.com\\\/avatar\\\/18de20f14d74abe0c800b423a8b0e24cae6153cb6baeb2c2df80e1cef2117e0d?s=96&d=mm&r=g\",\"url\":\"https:\\\/\\\/secure.gravatar.com\\\/avatar\\\/18de20f14d74abe0c800b423a8b0e24cae6153cb6baeb2c2df80e1cef2117e0d?s=96&d=mm&r=g\",\"contentUrl\":\"https:\\\/\\\/secure.gravatar.com\\\/avatar\\\/18de20f14d74abe0c800b423a8b0e24cae6153cb6baeb2c2df80e1cef2117e0d?s=96&d=mm&r=g\",\"caption\":\"Webmaster\"},\"sameAs\":[\"https:\\\/\\\/www.facebook.com\\\/federaciodemorosicristiansdoliva\",\"https:\\\/\\\/www.instagram.com\\\/morosicristiansoliva\\\/\"]}]}<\/script>\n<!-- \/ Yoast SEO plugin. -->","yoast_head_json":{"title":"Bases del XL Concurs de Cartells Festes de Moros i Cristians Oliva 2020 - Moros i Cristians Oliva","robots":{"index":"index","follow":"follow","max-snippet":"max-snippet:-1","max-image-preview":"max-image-preview:large","max-video-preview":"max-video-preview:-1"},"canonical":"https:\/\/olivamorosicristians.es\/es\/bases-del-xl-concurs-de-cartells-festes-de-moros-i-cristians-oliva-2020\/","og_locale":"es_ES","og_type":"article","og_title":"Bases del XL Concurs de Cartells Festes de Moros i Cristians Oliva 2020 - Moros i Cristians Oliva","og_description":"Un any m\u00e9s la Federaci\u00f3 de Moros i Cristians d\u2019Oliva concova el concurs de cartells i publica les bases per al que ser\u00e1 el cartell de les festes 2020. Aquestes bases es poden trobar a la p\u00e0gina web de la Federaci\u00f3 de Moros i Cristians d\u2019Oliva Cada participant podr\u00e0 presentar un m\u00e0xim de dos obres. [&hellip;]","og_url":"https:\/\/olivamorosicristians.es\/es\/bases-del-xl-concurs-de-cartells-festes-de-moros-i-cristians-oliva-2020\/","og_site_name":"Moros i Cristians Oliva","article_publisher":"https:\/\/www.facebook.com\/federaciodemorosicristiansdoliva\/","article_author":"https:\/\/www.facebook.com\/federaciodemorosicristiansdoliva","article_published_time":"2019-12-05T18:38:40+00:00","article_modified_time":"2019-12-09T20:20:45+00:00","og_image":[{"width":600,"height":401,"url":"https:\/\/i0.wp.com\/olivamorosicristians.es\/wp-content\/uploads\/2019\/12\/brad-neathery-mGH253KbfaY-unsplash-e1575569395286.jpeg?fit=600%2C401&ssl=1","type":"image\/jpeg"}],"author":"Webmaster","twitter_card":"summary_large_image","twitter_misc":{"Escrito por":"Webmaster","Tiempo de lectura":"1 minuto"},"schema":{"@context":"https:\/\/schema.org","@graph":[{"@type":"Article","@id":"https:\/\/olivamorosicristians.es\/bases-del-xl-concurs-de-cartells-festes-de-moros-i-cristians-oliva-2020\/#article","isPartOf":{"@id":"https:\/\/olivamorosicristians.es\/bases-del-xl-concurs-de-cartells-festes-de-moros-i-cristians-oliva-2020\/"},"author":{"name":"Webmaster","@id":"https:\/\/olivamorosicristians.es\/#\/schema\/person\/21ece052d8816103cad91a2676fd0149"},"headline":"Bases del XL Concurs de Cartells Festes de Moros i Cristians Oliva 2020","datePublished":"2019-12-05T18:38:40+00:00","dateModified":"2019-12-09T20:20:45+00:00","mainEntityOfPage":{"@id":"https:\/\/olivamorosicristians.es\/bases-del-xl-concurs-de-cartells-festes-de-moros-i-cristians-oliva-2020\/"},"wordCount":266,"publisher":{"@id":"https:\/\/olivamorosicristians.es\/#organization"},"image":{"@id":"https:\/\/olivamorosicristians.es\/bases-del-xl-concurs-de-cartells-festes-de-moros-i-cristians-oliva-2020\/#primaryimage"},"thumbnailUrl":"https:\/\/i0.wp.com\/olivamorosicristians.es\/wp-content\/uploads\/2019\/12\/brad-neathery-mGH253KbfaY-unsplash-e1575569395286.jpeg?fit=600%2C401&ssl=1","articleSection":["Concursos","Federaci\u00f3"],"inLanguage":"es"},{"@type":"WebPage","@id":"https:\/\/olivamorosicristians.es\/bases-del-xl-concurs-de-cartells-festes-de-moros-i-cristians-oliva-2020\/","url":"https:\/\/olivamorosicristians.es\/bases-del-xl-concurs-de-cartells-festes-de-moros-i-cristians-oliva-2020\/","name":"Bases del XL Concurs de Cartells Festes de Moros i Cristians Oliva 2020 - Moros i Cristians Oliva","isPartOf":{"@id":"https:\/\/olivamorosicristians.es\/#website"},"primaryImageOfPage":{"@id":"https:\/\/olivamorosicristians.es\/bases-del-xl-concurs-de-cartells-festes-de-moros-i-cristians-oliva-2020\/#primaryimage"},"image":{"@id":"https:\/\/olivamorosicristians.es\/bases-del-xl-concurs-de-cartells-festes-de-moros-i-cristians-oliva-2020\/#primaryimage"},"thumbnailUrl":"https:\/\/i0.wp.com\/olivamorosicristians.es\/wp-content\/uploads\/2019\/12\/brad-neathery-mGH253KbfaY-unsplash-e1575569395286.jpeg?fit=600%2C401&ssl=1","datePublished":"2019-12-05T18:38:40+00:00","dateModified":"2019-12-09T20:20:45+00:00","breadcrumb":{"@id":"https:\/\/olivamorosicristians.es\/bases-del-xl-concurs-de-cartells-festes-de-moros-i-cristians-oliva-2020\/#breadcrumb"},"inLanguage":"es","potentialAction":[{"@type":"ReadAction","target":["https:\/\/olivamorosicristians.es\/bases-del-xl-concurs-de-cartells-festes-de-moros-i-cristians-oliva-2020\/"]}]},{"@type":"ImageObject","inLanguage":"es","@id":"https:\/\/olivamorosicristians.es\/bases-del-xl-concurs-de-cartells-festes-de-moros-i-cristians-oliva-2020\/#primaryimage","url":"https:\/\/i0.wp.com\/olivamorosicristians.es\/wp-content\/uploads\/2019\/12\/brad-neathery-mGH253KbfaY-unsplash-e1575569395286.jpeg?fit=600%2C401&ssl=1","contentUrl":"https:\/\/i0.wp.com\/olivamorosicristians.es\/wp-content\/uploads\/2019\/12\/brad-neathery-mGH253KbfaY-unsplash-e1575569395286.jpeg?fit=600%2C401&ssl=1","width":600,"height":401},{"@type":"BreadcrumbList","@id":"https:\/\/olivamorosicristians.es\/bases-del-xl-concurs-de-cartells-festes-de-moros-i-cristians-oliva-2020\/#breadcrumb","itemListElement":[{"@type":"ListItem","position":1,"name":"Portada","item":"https:\/\/olivamorosicristians.es\/"},{"@type":"ListItem","position":2,"name":"Bases del XL Concurs de Cartells Festes de Moros i Cristians Oliva 2020"}]},{"@type":"WebSite","@id":"https:\/\/olivamorosicristians.es\/#website","url":"https:\/\/olivamorosicristians.es\/","name":"Moros i Cristians Oliva","description":"FMCO","publisher":{"@id":"https:\/\/olivamorosicristians.es\/#organization"},"potentialAction":[{"@type":"SearchAction","target":{"@type":"EntryPoint","urlTemplate":"https:\/\/olivamorosicristians.es\/?s={search_term_string}"},"query-input":{"@type":"PropertyValueSpecification","valueRequired":true,"valueName":"search_term_string"}}],"inLanguage":"es"},{"@type":"Organization","@id":"https:\/\/olivamorosicristians.es\/#organization","name":"La Federaci\u00f3n de Moros y Cristianos de Oliva","url":"https:\/\/olivamorosicristians.es\/","logo":{"@type":"ImageObject","inLanguage":"es","@id":"https:\/\/olivamorosicristians.es\/#\/schema\/logo\/image\/","url":"https:\/\/i2.wp.com\/olivamorosicristians.es\/wp-content\/uploads\/2018\/06\/Icon_FMiCO.png?fit=50%2C50&ssl=1","contentUrl":"https:\/\/i2.wp.com\/olivamorosicristians.es\/wp-content\/uploads\/2018\/06\/Icon_FMiCO.png?fit=50%2C50&ssl=1","width":50,"height":50,"caption":"Federaci\u00f3 de Moros i Cristians - Oliva"},"image":{"@id":"https:\/\/olivamorosicristians.es\/#\/schema\/logo\/image\/"},"sameAs":["https:\/\/www.facebook.com\/federaciodemorosicristiansdoliva\/","https:\/\/www.instagram.com\/morosicristiansoliva\/?hl=es"]},{"@type":"Person","@id":"https:\/\/olivamorosicristians.es\/#\/schema\/person\/21ece052d8816103cad91a2676fd0149","name":"Webmaster","image":{"@type":"ImageObject","inLanguage":"es","@id":"https:\/\/secure.gravatar.com\/avatar\/18de20f14d74abe0c800b423a8b0e24cae6153cb6baeb2c2df80e1cef2117e0d?s=96&d=mm&r=g","url":"https:\/\/secure.gravatar.com\/avatar\/18de20f14d74abe0c800b423a8b0e24cae6153cb6baeb2c2df80e1cef2117e0d?s=96&d=mm&r=g","contentUrl":"https:\/\/secure.gravatar.com\/avatar\/18de20f14d74abe0c800b423a8b0e24cae6153cb6baeb2c2df80e1cef2117e0d?s=96&d=mm&r=g","caption":"Webmaster"},"sameAs":["https:\/\/www.facebook.com\/federaciodemorosicristiansdoliva","https:\/\/www.instagram.com\/morosicristiansoliva\/"]}]}},"jetpack_publicize_connections":[],"jetpack_featured_media_url":"https:\/\/i0.wp.com\/olivamorosicristians.es\/wp-content\/uploads\/2019\/12\/brad-neathery-mGH253KbfaY-unsplash-e1575569395286.jpeg?fit=600%2C401&ssl=1","jetpack_sharing_enabled":true,"jetpack_shortlink":"https:\/\/wp.me\/pagEx6-2ss","jetpack-related-posts":[],"_links":{"self":[{"href":"https:\/\/olivamorosicristians.es\/es\/wp-json\/wp\/v2\/posts\/9452","targetHints":{"allow":["GET"]}}],"collection":[{"href":"https:\/\/olivamorosicristians.es\/es\/wp-json\/wp\/v2\/posts"}],"about":[{"href":"https:\/\/olivamorosicristians.es\/es\/wp-json\/wp\/v2\/types\/post"}],"author":[{"embeddable":true,"href":"https:\/\/olivamorosicristians.es\/es\/wp-json\/wp\/v2\/users\/1"}],"replies":[{"embeddable":true,"href":"https:\/\/olivamorosicristians.es\/es\/wp-json\/wp\/v2\/comments?post=9452"}],"version-history":[{"count":12,"href":"https:\/\/olivamorosicristians.es\/es\/wp-json\/wp\/v2\/posts\/9452\/revisions"}],"predecessor-version":[{"id":9492,"href":"https:\/\/olivamorosicristians.es\/es\/wp-json\/wp\/v2\/posts\/9452\/revisions\/9492"}],"wp:featuredmedia":[{"embeddable":true,"href":"https:\/\/olivamorosicristians.es\/es\/wp-json\/wp\/v2\/media\/9453"}],"wp:attachment":[{"href":"https:\/\/olivamorosicristians.es\/es\/wp-json\/wp\/v2\/media?parent=9452"}],"wp:term":[{"taxonomy":"category","embeddable":true,"href":"https:\/\/olivamorosicristians.es\/es\/wp-json\/wp\/v2\/categories?post=9452"},{"taxonomy":"post_tag","embeddable":true,"href":"https:\/\/olivamorosicristians.es\/es\/wp-json\/wp\/v2\/tags?post=9452"}],"curies":[{"name":"wp","href":"https:\/\/api.w.org\/{rel}","templated":true}]}}