{"id":9423,"date":"2019-12-05T09:25:52","date_gmt":"2019-12-05T09:25:52","guid":{"rendered":"http:\/\/olivamorosicristians.es\/?p=9423"},"modified":"2019-12-05T09:31:30","modified_gmt":"2019-12-05T09:31:30","slug":"oscar-prieto-de-la-fila-mosqueters-accedeix-al-carrec-de-president-de-la-federacio-de-moros-i-cristians-doliva","status":"publish","type":"post","link":"https:\/\/olivamorosicristians.es\/es\/oscar-prieto-de-la-fila-mosqueters-accedeix-al-carrec-de-president-de-la-federacio-de-moros-i-cristians-doliva\/","title":{"rendered":"\u00d3scar Prieto, de la Fil\u00e0 Mosqueters, accedeix al c\u00e0rrec de President de la Federaci\u00f3 de Moros i Cristians d\u2019Oliva."},"content":{"rendered":"<p>\u00d3scar Prieto Ramos (30 anys), membre de la Fil\u00e0 Mosqueters d\u2019Oliva va ser elegit com a nou president de la Federaci\u00f3 de Moros i Cristians d\u2019Oliva en les votacions celebrades el 17 de novembre de 2019.<\/p>\n\n\n\n<p>Van exercir el seu dret a vot 122 dels 130 compromissaris delegats per les 11 filades d\u2019Oliva, dels quals 118 vots van ser favorables a la candidatura que encap\u00e7alava Prieto, 2 vots nuls i 2 No.  <\/p>\n\n\n\n<p>La\nJunta Directiva que ha conformat est\u00e0 composada per: Cristina Cots i\nNadia G\u00f3mez (Fil\u00e0 Mud\u00e8jars), Paco Savall i Mario Aparicio (Fil\u00e0\nTaifes), Diego Mestre (Fil\u00e0 Tuareg), Vicent Llorca (Fil\u00e0 Masers),\nLuis Terrados (Fil\u00e0 Contrabandistes), Salva Frasquet (Fil\u00e0\nAlmor\u00e0vits), David Blasco (Fil\u00e0 Jaume I), Jorge Amor (Fil\u00e0\nMoriscos), Lorena C\u00edscar (Fil\u00e0 Pirates) i Helena Ma\u00f1\u00f3 i Joan Mata\n(Fil\u00e0 Marr\u00e0queix).<\/p>\n\n\n\n<p>L\u2019actual\npresident, que va exercir com a secretari en la Junta 2017-2019, ha\ncreat un grup de festers que conjuga perfectament la joventut i\nl\u2019experi\u00e8ncia Festera per dur a terme un projecte de Festa que es\nva compartir entre els festers quan es va fer p\u00fablica la seua\ncandidatura. \n<\/p>\n\n\n\n<p>En\naquest projecte de Festa es proposen millores en els actes festers,\nconsolidaci\u00f3 de l\u2019arxiu fester i millores en el funcionament de\nl\u2019administraci\u00f3, economia i gesti\u00f3 de les infraestructures de la\nFesta de Moros i Cristians d\u2019Oliva. A m\u00e9s, advoca per fer m\u00e9s\nforta la pres\u00e8ncia de la FMiC en la Uni\u00f3 Nacional d\u2019Entitats\nFesteres (UNDEF) i potenciar la difusi\u00f3 i promoci\u00f3 de la Festa m\u00e9s\nenll\u00e0 de la comarca.<\/p>\n\n\n\n<p><strong>\u00d3scar\nPrieto:<\/strong>\n\u201c<em>Tenim\nles ganes i l\u2019entusiasme per dur avant el que ens proposem i,\nsobretot, conformem un equip que estimem la Festa i desitgem fer-la\nm\u00e9s gran. M\u2019acompanya un grup jove, din\u00e0mic i amb molta il\u00b7lusi\u00f3.\nDones i homes joves, per\u00f2 amb l\u2019experi\u00e8ncia necess\u00e0ria<\/em>.\u201d.<\/p>","protected":false},"excerpt":{"rendered":"<p>\u00d3scar Prieto Ramos (30 anys), membre de la Fil\u00e0 Mosqueters d\u2019Oliva va ser elegit com a nou president de la Federaci\u00f3 de Moros i Cristians d\u2019Oliva en les votacions celebrades el 17 de novembre de 2019. Van exercir el seu dret a vot 122 dels 130 compromissaris delegats per les 11 filades d\u2019Oliva, dels quals [&hellip;]<\/p>\n","protected":false},"author":1,"featured_media":9422,"comment_status":"closed","ping_status":"open","sticky":false,"template":"","format":"standard","meta":{"jetpack_post_was_ever_published":false,"_jetpack_newsletter_access":"","_jetpack_dont_email_post_to_subs":false,"_jetpack_newsletter_tier_id":0,"_jetpack_memberships_contains_paywalled_content":false,"_jetpack_memberships_contains_paid_content":false,"footnotes":"","jetpack_publicize_message":"","jetpack_publicize_feature_enabled":true,"jetpack_social_post_already_shared":true,"jetpack_social_options":{"image_generator_settings":{"template":"highway","default_image_id":0,"font":"","enabled":false},"version":2}},"categories":[2],"tags":[],"class_list":["post-9423","post","type-post","status-publish","format-standard","has-post-thumbnail","hentry","category-federacio"],"yoast_head":"<!-- This site is optimized with the Yoast SEO plugin v27.5 - https:\/\/yoast.com\/product\/yoast-seo-wordpress\/ -->\n<title>\u00d3scar Prieto, de la Fil\u00e0 Mosqueters, accedeix al c\u00e0rrec de President de la Federaci\u00f3 de Moros i Cristians d\u2019Oliva. - Moros i Cristians Oliva<\/title>\n<meta name=\"robots\" content=\"index, follow, max-snippet:-1, max-image-preview:large, max-video-preview:-1\" \/>\n<link rel=\"canonical\" href=\"https:\/\/olivamorosicristians.es\/es\/oscar-prieto-de-la-fila-mosqueters-accedeix-al-carrec-de-president-de-la-federacio-de-moros-i-cristians-doliva\/\" \/>\n<meta property=\"og:locale\" content=\"es_ES\" \/>\n<meta property=\"og:type\" content=\"article\" \/>\n<meta property=\"og:title\" content=\"\u00d3scar Prieto, de la Fil\u00e0 Mosqueters, accedeix al c\u00e0rrec de President de la Federaci\u00f3 de Moros i Cristians d\u2019Oliva. - Moros i Cristians Oliva\" \/>\n<meta property=\"og:description\" content=\"\u00d3scar Prieto Ramos (30 anys), membre de la Fil\u00e0 Mosqueters d\u2019Oliva va ser elegit com a nou president de la Federaci\u00f3 de Moros i Cristians d\u2019Oliva en les votacions celebrades el 17 de novembre de 2019. Van exercir el seu dret a vot 122 dels 130 compromissaris delegats per les 11 filades d\u2019Oliva, dels quals [&hellip;]\" \/>\n<meta property=\"og:url\" content=\"https:\/\/olivamorosicristians.es\/es\/oscar-prieto-de-la-fila-mosqueters-accedeix-al-carrec-de-president-de-la-federacio-de-moros-i-cristians-doliva\/\" \/>\n<meta property=\"og:site_name\" content=\"Moros i Cristians Oliva\" \/>\n<meta property=\"article:publisher\" content=\"https:\/\/www.facebook.com\/federaciodemorosicristiansdoliva\/\" \/>\n<meta property=\"article:author\" content=\"https:\/\/www.facebook.com\/federaciodemorosicristiansdoliva\" \/>\n<meta property=\"article:published_time\" content=\"2019-12-05T09:25:52+00:00\" \/>\n<meta property=\"article:modified_time\" content=\"2019-12-05T09:31:30+00:00\" \/>\n<meta property=\"og:image\" content=\"https:\/\/i2.wp.com\/olivamorosicristians.es\/wp-content\/uploads\/2019\/06\/WhatsApp-Image-2019-12-04-at-22.26.35-e1575537688113.jpeg?fit=1834%2C1280&ssl=1\" \/>\n\t<meta property=\"og:image:width\" content=\"1834\" \/>\n\t<meta property=\"og:image:height\" content=\"1280\" \/>\n\t<meta property=\"og:image:type\" content=\"image\/jpeg\" \/>\n<meta name=\"author\" content=\"Webmaster\" \/>\n<meta name=\"twitter:card\" content=\"summary_large_image\" \/>\n<meta name=\"twitter:label1\" content=\"Escrito por\" \/>\n\t<meta name=\"twitter:data1\" content=\"Webmaster\" \/>\n\t<meta name=\"twitter:label2\" content=\"Tiempo de lectura\" \/>\n\t<meta name=\"twitter:data2\" content=\"2 minutos\" \/>\n<script type=\"application\/ld+json\" class=\"yoast-schema-graph\">{\"@context\":\"https:\\\/\\\/schema.org\",\"@graph\":[{\"@type\":\"Article\",\"@id\":\"https:\\\/\\\/olivamorosicristians.es\\\/oscar-prieto-de-la-fila-mosqueters-accedeix-al-carrec-de-president-de-la-federacio-de-moros-i-cristians-doliva\\\/#article\",\"isPartOf\":{\"@id\":\"https:\\\/\\\/olivamorosicristians.es\\\/oscar-prieto-de-la-fila-mosqueters-accedeix-al-carrec-de-president-de-la-federacio-de-moros-i-cristians-doliva\\\/\"},\"author\":{\"name\":\"Webmaster\",\"@id\":\"https:\\\/\\\/olivamorosicristians.es\\\/#\\\/schema\\\/person\\\/21ece052d8816103cad91a2676fd0149\"},\"headline\":\"\u00d3scar Prieto, de la Fil\u00e0 Mosqueters, accedeix al c\u00e0rrec de President de la Federaci\u00f3 de Moros i Cristians d\u2019Oliva.\",\"datePublished\":\"2019-12-05T09:25:52+00:00\",\"dateModified\":\"2019-12-05T09:31:30+00:00\",\"mainEntityOfPage\":{\"@id\":\"https:\\\/\\\/olivamorosicristians.es\\\/oscar-prieto-de-la-fila-mosqueters-accedeix-al-carrec-de-president-de-la-federacio-de-moros-i-cristians-doliva\\\/\"},\"wordCount\":337,\"publisher\":{\"@id\":\"https:\\\/\\\/olivamorosicristians.es\\\/#organization\"},\"image\":{\"@id\":\"https:\\\/\\\/olivamorosicristians.es\\\/oscar-prieto-de-la-fila-mosqueters-accedeix-al-carrec-de-president-de-la-federacio-de-moros-i-cristians-doliva\\\/#primaryimage\"},\"thumbnailUrl\":\"https:\\\/\\\/i0.wp.com\\\/olivamorosicristians.es\\\/wp-content\\\/uploads\\\/2019\\\/06\\\/WhatsApp-Image-2019-12-04-at-22.26.35-e1575537688113.jpeg?fit=1834%2C1280&ssl=1\",\"articleSection\":[\"Federaci\u00f3\"],\"inLanguage\":\"es\"},{\"@type\":\"WebPage\",\"@id\":\"https:\\\/\\\/olivamorosicristians.es\\\/oscar-prieto-de-la-fila-mosqueters-accedeix-al-carrec-de-president-de-la-federacio-de-moros-i-cristians-doliva\\\/\",\"url\":\"https:\\\/\\\/olivamorosicristians.es\\\/oscar-prieto-de-la-fila-mosqueters-accedeix-al-carrec-de-president-de-la-federacio-de-moros-i-cristians-doliva\\\/\",\"name\":\"\u00d3scar Prieto, de la Fil\u00e0 Mosqueters, accedeix al c\u00e0rrec de President de la Federaci\u00f3 de Moros i Cristians d\u2019Oliva. - Moros i Cristians Oliva\",\"isPartOf\":{\"@id\":\"https:\\\/\\\/olivamorosicristians.es\\\/#website\"},\"primaryImageOfPage\":{\"@id\":\"https:\\\/\\\/olivamorosicristians.es\\\/oscar-prieto-de-la-fila-mosqueters-accedeix-al-carrec-de-president-de-la-federacio-de-moros-i-cristians-doliva\\\/#primaryimage\"},\"image\":{\"@id\":\"https:\\\/\\\/olivamorosicristians.es\\\/oscar-prieto-de-la-fila-mosqueters-accedeix-al-carrec-de-president-de-la-federacio-de-moros-i-cristians-doliva\\\/#primaryimage\"},\"thumbnailUrl\":\"https:\\\/\\\/i0.wp.com\\\/olivamorosicristians.es\\\/wp-content\\\/uploads\\\/2019\\\/06\\\/WhatsApp-Image-2019-12-04-at-22.26.35-e1575537688113.jpeg?fit=1834%2C1280&ssl=1\",\"datePublished\":\"2019-12-05T09:25:52+00:00\",\"dateModified\":\"2019-12-05T09:31:30+00:00\",\"breadcrumb\":{\"@id\":\"https:\\\/\\\/olivamorosicristians.es\\\/oscar-prieto-de-la-fila-mosqueters-accedeix-al-carrec-de-president-de-la-federacio-de-moros-i-cristians-doliva\\\/#breadcrumb\"},\"inLanguage\":\"es\",\"potentialAction\":[{\"@type\":\"ReadAction\",\"target\":[\"https:\\\/\\\/olivamorosicristians.es\\\/oscar-prieto-de-la-fila-mosqueters-accedeix-al-carrec-de-president-de-la-federacio-de-moros-i-cristians-doliva\\\/\"]}]},{\"@type\":\"ImageObject\",\"inLanguage\":\"es\",\"@id\":\"https:\\\/\\\/olivamorosicristians.es\\\/oscar-prieto-de-la-fila-mosqueters-accedeix-al-carrec-de-president-de-la-federacio-de-moros-i-cristians-doliva\\\/#primaryimage\",\"url\":\"https:\\\/\\\/i0.wp.com\\\/olivamorosicristians.es\\\/wp-content\\\/uploads\\\/2019\\\/06\\\/WhatsApp-Image-2019-12-04-at-22.26.35-e1575537688113.jpeg?fit=1834%2C1280&ssl=1\",\"contentUrl\":\"https:\\\/\\\/i0.wp.com\\\/olivamorosicristians.es\\\/wp-content\\\/uploads\\\/2019\\\/06\\\/WhatsApp-Image-2019-12-04-at-22.26.35-e1575537688113.jpeg?fit=1834%2C1280&ssl=1\",\"width\":1834,\"height\":1280},{\"@type\":\"BreadcrumbList\",\"@id\":\"https:\\\/\\\/olivamorosicristians.es\\\/oscar-prieto-de-la-fila-mosqueters-accedeix-al-carrec-de-president-de-la-federacio-de-moros-i-cristians-doliva\\\/#breadcrumb\",\"itemListElement\":[{\"@type\":\"ListItem\",\"position\":1,\"name\":\"Portada\",\"item\":\"https:\\\/\\\/olivamorosicristians.es\\\/\"},{\"@type\":\"ListItem\",\"position\":2,\"name\":\"\u00d3scar Prieto, de la Fil\u00e0 Mosqueters, accedeix al c\u00e0rrec de President de la Federaci\u00f3 de Moros i Cristians d\u2019Oliva.\"}]},{\"@type\":\"WebSite\",\"@id\":\"https:\\\/\\\/olivamorosicristians.es\\\/#website\",\"url\":\"https:\\\/\\\/olivamorosicristians.es\\\/\",\"name\":\"Moros i Cristians Oliva\",\"description\":\"FMCO\",\"publisher\":{\"@id\":\"https:\\\/\\\/olivamorosicristians.es\\\/#organization\"},\"potentialAction\":[{\"@type\":\"SearchAction\",\"target\":{\"@type\":\"EntryPoint\",\"urlTemplate\":\"https:\\\/\\\/olivamorosicristians.es\\\/?s={search_term_string}\"},\"query-input\":{\"@type\":\"PropertyValueSpecification\",\"valueRequired\":true,\"valueName\":\"search_term_string\"}}],\"inLanguage\":\"es\"},{\"@type\":\"Organization\",\"@id\":\"https:\\\/\\\/olivamorosicristians.es\\\/#organization\",\"name\":\"Federaci\u00f3 de Moros i Cristians - Oliva\",\"url\":\"https:\\\/\\\/olivamorosicristians.es\\\/\",\"logo\":{\"@type\":\"ImageObject\",\"inLanguage\":\"es\",\"@id\":\"https:\\\/\\\/olivamorosicristians.es\\\/#\\\/schema\\\/logo\\\/image\\\/\",\"url\":\"https:\\\/\\\/i2.wp.com\\\/olivamorosicristians.es\\\/wp-content\\\/uploads\\\/2018\\\/06\\\/Icon_FMiCO.png?fit=50%2C50&ssl=1\",\"contentUrl\":\"https:\\\/\\\/i2.wp.com\\\/olivamorosicristians.es\\\/wp-content\\\/uploads\\\/2018\\\/06\\\/Icon_FMiCO.png?fit=50%2C50&ssl=1\",\"width\":50,\"height\":50,\"caption\":\"Federaci\u00f3 de Moros i Cristians - Oliva\"},\"image\":{\"@id\":\"https:\\\/\\\/olivamorosicristians.es\\\/#\\\/schema\\\/logo\\\/image\\\/\"},\"sameAs\":[\"https:\\\/\\\/www.facebook.com\\\/federaciodemorosicristiansdoliva\\\/\",\"https:\\\/\\\/www.instagram.com\\\/morosicristiansoliva\\\/?hl=es\"]},{\"@type\":\"Person\",\"@id\":\"https:\\\/\\\/olivamorosicristians.es\\\/#\\\/schema\\\/person\\\/21ece052d8816103cad91a2676fd0149\",\"name\":\"Webmaster\",\"image\":{\"@type\":\"ImageObject\",\"inLanguage\":\"es\",\"@id\":\"https:\\\/\\\/secure.gravatar.com\\\/avatar\\\/18de20f14d74abe0c800b423a8b0e24cae6153cb6baeb2c2df80e1cef2117e0d?s=96&d=mm&r=g\",\"url\":\"https:\\\/\\\/secure.gravatar.com\\\/avatar\\\/18de20f14d74abe0c800b423a8b0e24cae6153cb6baeb2c2df80e1cef2117e0d?s=96&d=mm&r=g\",\"contentUrl\":\"https:\\\/\\\/secure.gravatar.com\\\/avatar\\\/18de20f14d74abe0c800b423a8b0e24cae6153cb6baeb2c2df80e1cef2117e0d?s=96&d=mm&r=g\",\"caption\":\"Webmaster\"},\"sameAs\":[\"https:\\\/\\\/www.facebook.com\\\/federaciodemorosicristiansdoliva\",\"https:\\\/\\\/www.instagram.com\\\/morosicristiansoliva\\\/\"]}]}<\/script>\n<!-- \/ Yoast SEO plugin. -->","yoast_head_json":{"title":"\u00d3scar Prieto, de la Fil\u00e0 Mosqueters, accedeix al c\u00e0rrec de President de la Federaci\u00f3 de Moros i Cristians d\u2019Oliva. - Moros i Cristians Oliva","robots":{"index":"index","follow":"follow","max-snippet":"max-snippet:-1","max-image-preview":"max-image-preview:large","max-video-preview":"max-video-preview:-1"},"canonical":"https:\/\/olivamorosicristians.es\/es\/oscar-prieto-de-la-fila-mosqueters-accedeix-al-carrec-de-president-de-la-federacio-de-moros-i-cristians-doliva\/","og_locale":"es_ES","og_type":"article","og_title":"\u00d3scar Prieto, de la Fil\u00e0 Mosqueters, accedeix al c\u00e0rrec de President de la Federaci\u00f3 de Moros i Cristians d\u2019Oliva. - Moros i Cristians Oliva","og_description":"\u00d3scar Prieto Ramos (30 anys), membre de la Fil\u00e0 Mosqueters d\u2019Oliva va ser elegit com a nou president de la Federaci\u00f3 de Moros i Cristians d\u2019Oliva en les votacions celebrades el 17 de novembre de 2019. Van exercir el seu dret a vot 122 dels 130 compromissaris delegats per les 11 filades d\u2019Oliva, dels quals [&hellip;]","og_url":"https:\/\/olivamorosicristians.es\/es\/oscar-prieto-de-la-fila-mosqueters-accedeix-al-carrec-de-president-de-la-federacio-de-moros-i-cristians-doliva\/","og_site_name":"Moros i Cristians Oliva","article_publisher":"https:\/\/www.facebook.com\/federaciodemorosicristiansdoliva\/","article_author":"https:\/\/www.facebook.com\/federaciodemorosicristiansdoliva","article_published_time":"2019-12-05T09:25:52+00:00","article_modified_time":"2019-12-05T09:31:30+00:00","og_image":[{"width":1834,"height":1280,"url":"https:\/\/i2.wp.com\/olivamorosicristians.es\/wp-content\/uploads\/2019\/06\/WhatsApp-Image-2019-12-04-at-22.26.35-e1575537688113.jpeg?fit=1834%2C1280&ssl=1","type":"image\/jpeg"}],"author":"Webmaster","twitter_card":"summary_large_image","twitter_misc":{"Escrito por":"Webmaster","Tiempo de lectura":"2 minutos"},"schema":{"@context":"https:\/\/schema.org","@graph":[{"@type":"Article","@id":"https:\/\/olivamorosicristians.es\/oscar-prieto-de-la-fila-mosqueters-accedeix-al-carrec-de-president-de-la-federacio-de-moros-i-cristians-doliva\/#article","isPartOf":{"@id":"https:\/\/olivamorosicristians.es\/oscar-prieto-de-la-fila-mosqueters-accedeix-al-carrec-de-president-de-la-federacio-de-moros-i-cristians-doliva\/"},"author":{"name":"Webmaster","@id":"https:\/\/olivamorosicristians.es\/#\/schema\/person\/21ece052d8816103cad91a2676fd0149"},"headline":"\u00d3scar Prieto, de la Fil\u00e0 Mosqueters, accedeix al c\u00e0rrec de President de la Federaci\u00f3 de Moros i Cristians d\u2019Oliva.","datePublished":"2019-12-05T09:25:52+00:00","dateModified":"2019-12-05T09:31:30+00:00","mainEntityOfPage":{"@id":"https:\/\/olivamorosicristians.es\/oscar-prieto-de-la-fila-mosqueters-accedeix-al-carrec-de-president-de-la-federacio-de-moros-i-cristians-doliva\/"},"wordCount":337,"publisher":{"@id":"https:\/\/olivamorosicristians.es\/#organization"},"image":{"@id":"https:\/\/olivamorosicristians.es\/oscar-prieto-de-la-fila-mosqueters-accedeix-al-carrec-de-president-de-la-federacio-de-moros-i-cristians-doliva\/#primaryimage"},"thumbnailUrl":"https:\/\/i0.wp.com\/olivamorosicristians.es\/wp-content\/uploads\/2019\/06\/WhatsApp-Image-2019-12-04-at-22.26.35-e1575537688113.jpeg?fit=1834%2C1280&ssl=1","articleSection":["Federaci\u00f3"],"inLanguage":"es"},{"@type":"WebPage","@id":"https:\/\/olivamorosicristians.es\/oscar-prieto-de-la-fila-mosqueters-accedeix-al-carrec-de-president-de-la-federacio-de-moros-i-cristians-doliva\/","url":"https:\/\/olivamorosicristians.es\/oscar-prieto-de-la-fila-mosqueters-accedeix-al-carrec-de-president-de-la-federacio-de-moros-i-cristians-doliva\/","name":"\u00d3scar Prieto, de la Fil\u00e0 Mosqueters, accedeix al c\u00e0rrec de President de la Federaci\u00f3 de Moros i Cristians d\u2019Oliva. - Moros i Cristians Oliva","isPartOf":{"@id":"https:\/\/olivamorosicristians.es\/#website"},"primaryImageOfPage":{"@id":"https:\/\/olivamorosicristians.es\/oscar-prieto-de-la-fila-mosqueters-accedeix-al-carrec-de-president-de-la-federacio-de-moros-i-cristians-doliva\/#primaryimage"},"image":{"@id":"https:\/\/olivamorosicristians.es\/oscar-prieto-de-la-fila-mosqueters-accedeix-al-carrec-de-president-de-la-federacio-de-moros-i-cristians-doliva\/#primaryimage"},"thumbnailUrl":"https:\/\/i0.wp.com\/olivamorosicristians.es\/wp-content\/uploads\/2019\/06\/WhatsApp-Image-2019-12-04-at-22.26.35-e1575537688113.jpeg?fit=1834%2C1280&ssl=1","datePublished":"2019-12-05T09:25:52+00:00","dateModified":"2019-12-05T09:31:30+00:00","breadcrumb":{"@id":"https:\/\/olivamorosicristians.es\/oscar-prieto-de-la-fila-mosqueters-accedeix-al-carrec-de-president-de-la-federacio-de-moros-i-cristians-doliva\/#breadcrumb"},"inLanguage":"es","potentialAction":[{"@type":"ReadAction","target":["https:\/\/olivamorosicristians.es\/oscar-prieto-de-la-fila-mosqueters-accedeix-al-carrec-de-president-de-la-federacio-de-moros-i-cristians-doliva\/"]}]},{"@type":"ImageObject","inLanguage":"es","@id":"https:\/\/olivamorosicristians.es\/oscar-prieto-de-la-fila-mosqueters-accedeix-al-carrec-de-president-de-la-federacio-de-moros-i-cristians-doliva\/#primaryimage","url":"https:\/\/i0.wp.com\/olivamorosicristians.es\/wp-content\/uploads\/2019\/06\/WhatsApp-Image-2019-12-04-at-22.26.35-e1575537688113.jpeg?fit=1834%2C1280&ssl=1","contentUrl":"https:\/\/i0.wp.com\/olivamorosicristians.es\/wp-content\/uploads\/2019\/06\/WhatsApp-Image-2019-12-04-at-22.26.35-e1575537688113.jpeg?fit=1834%2C1280&ssl=1","width":1834,"height":1280},{"@type":"BreadcrumbList","@id":"https:\/\/olivamorosicristians.es\/oscar-prieto-de-la-fila-mosqueters-accedeix-al-carrec-de-president-de-la-federacio-de-moros-i-cristians-doliva\/#breadcrumb","itemListElement":[{"@type":"ListItem","position":1,"name":"Portada","item":"https:\/\/olivamorosicristians.es\/"},{"@type":"ListItem","position":2,"name":"\u00d3scar Prieto, de la Fil\u00e0 Mosqueters, accedeix al c\u00e0rrec de President de la Federaci\u00f3 de Moros i Cristians d\u2019Oliva."}]},{"@type":"WebSite","@id":"https:\/\/olivamorosicristians.es\/#website","url":"https:\/\/olivamorosicristians.es\/","name":"Moros i Cristians Oliva","description":"FMCO","publisher":{"@id":"https:\/\/olivamorosicristians.es\/#organization"},"potentialAction":[{"@type":"SearchAction","target":{"@type":"EntryPoint","urlTemplate":"https:\/\/olivamorosicristians.es\/?s={search_term_string}"},"query-input":{"@type":"PropertyValueSpecification","valueRequired":true,"valueName":"search_term_string"}}],"inLanguage":"es"},{"@type":"Organization","@id":"https:\/\/olivamorosicristians.es\/#organization","name":"La Federaci\u00f3n de Moros y Cristianos de Oliva","url":"https:\/\/olivamorosicristians.es\/","logo":{"@type":"ImageObject","inLanguage":"es","@id":"https:\/\/olivamorosicristians.es\/#\/schema\/logo\/image\/","url":"https:\/\/i2.wp.com\/olivamorosicristians.es\/wp-content\/uploads\/2018\/06\/Icon_FMiCO.png?fit=50%2C50&ssl=1","contentUrl":"https:\/\/i2.wp.com\/olivamorosicristians.es\/wp-content\/uploads\/2018\/06\/Icon_FMiCO.png?fit=50%2C50&ssl=1","width":50,"height":50,"caption":"Federaci\u00f3 de Moros i Cristians - Oliva"},"image":{"@id":"https:\/\/olivamorosicristians.es\/#\/schema\/logo\/image\/"},"sameAs":["https:\/\/www.facebook.com\/federaciodemorosicristiansdoliva\/","https:\/\/www.instagram.com\/morosicristiansoliva\/?hl=es"]},{"@type":"Person","@id":"https:\/\/olivamorosicristians.es\/#\/schema\/person\/21ece052d8816103cad91a2676fd0149","name":"Webmaster","image":{"@type":"ImageObject","inLanguage":"es","@id":"https:\/\/secure.gravatar.com\/avatar\/18de20f14d74abe0c800b423a8b0e24cae6153cb6baeb2c2df80e1cef2117e0d?s=96&d=mm&r=g","url":"https:\/\/secure.gravatar.com\/avatar\/18de20f14d74abe0c800b423a8b0e24cae6153cb6baeb2c2df80e1cef2117e0d?s=96&d=mm&r=g","contentUrl":"https:\/\/secure.gravatar.com\/avatar\/18de20f14d74abe0c800b423a8b0e24cae6153cb6baeb2c2df80e1cef2117e0d?s=96&d=mm&r=g","caption":"Webmaster"},"sameAs":["https:\/\/www.facebook.com\/federaciodemorosicristiansdoliva","https:\/\/www.instagram.com\/morosicristiansoliva\/"]}]}},"jetpack_publicize_connections":[],"jetpack_featured_media_url":"https:\/\/i0.wp.com\/olivamorosicristians.es\/wp-content\/uploads\/2019\/06\/WhatsApp-Image-2019-12-04-at-22.26.35-e1575537688113.jpeg?fit=1834%2C1280&ssl=1","jetpack_sharing_enabled":true,"jetpack_shortlink":"https:\/\/wp.me\/pagEx6-2rZ","jetpack-related-posts":[],"_links":{"self":[{"href":"https:\/\/olivamorosicristians.es\/es\/wp-json\/wp\/v2\/posts\/9423","targetHints":{"allow":["GET"]}}],"collection":[{"href":"https:\/\/olivamorosicristians.es\/es\/wp-json\/wp\/v2\/posts"}],"about":[{"href":"https:\/\/olivamorosicristians.es\/es\/wp-json\/wp\/v2\/types\/post"}],"author":[{"embeddable":true,"href":"https:\/\/olivamorosicristians.es\/es\/wp-json\/wp\/v2\/users\/1"}],"replies":[{"embeddable":true,"href":"https:\/\/olivamorosicristians.es\/es\/wp-json\/wp\/v2\/comments?post=9423"}],"version-history":[{"count":3,"href":"https:\/\/olivamorosicristians.es\/es\/wp-json\/wp\/v2\/posts\/9423\/revisions"}],"predecessor-version":[{"id":9428,"href":"https:\/\/olivamorosicristians.es\/es\/wp-json\/wp\/v2\/posts\/9423\/revisions\/9428"}],"wp:featuredmedia":[{"embeddable":true,"href":"https:\/\/olivamorosicristians.es\/es\/wp-json\/wp\/v2\/media\/9422"}],"wp:attachment":[{"href":"https:\/\/olivamorosicristians.es\/es\/wp-json\/wp\/v2\/media?parent=9423"}],"wp:term":[{"taxonomy":"category","embeddable":true,"href":"https:\/\/olivamorosicristians.es\/es\/wp-json\/wp\/v2\/categories?post=9423"},{"taxonomy":"post_tag","embeddable":true,"href":"https:\/\/olivamorosicristians.es\/es\/wp-json\/wp\/v2\/tags?post=9423"}],"curies":[{"name":"wp","href":"https:\/\/api.w.org\/{rel}","templated":true}]}}