{"id":9330,"date":"2019-07-10T21:05:27","date_gmt":"2019-07-10T21:05:27","guid":{"rendered":"http:\/\/olivamorosicristians.es\/?p=9330"},"modified":"2019-12-05T09:46:02","modified_gmt":"2019-12-05T09:46:02","slug":"presentacio-dels-carrecs-de-les-festes-dels-moros-i-cristians-doliva-de-2019-i-concert-de-musica-festera","status":"publish","type":"post","link":"https:\/\/olivamorosicristians.es\/es\/presentacio-dels-carrecs-de-les-festes-dels-moros-i-cristians-doliva-de-2019-i-concert-de-musica-festera\/","title":{"rendered":"Presentaci\u00f3 dels c\u00e0rrecs de les Festes dels Moros i Cristians d\u2019Oliva de 2019 i Concert de m\u00fasica Festera"},"content":{"rendered":"<div class=\"wp-block-image\"><figure class=\"aligncenter is-resized\"><img loading=\"lazy\" decoding=\"async\" data-attachment-id=\"9333\" data-permalink=\"https:\/\/olivamorosicristians.es\/es\/presentacio-dels-carrecs-de-les-festes-dels-moros-i-cristians-doliva-de-2019-i-concert-de-musica-festera\/hu2a6467\/\" data-orig-file=\"https:\/\/i0.wp.com\/olivamorosicristians.es\/wp-content\/uploads\/2019\/07\/HU2A6467.jpg?fit=2520%2C3778&amp;ssl=1\" data-orig-size=\"2520,3778\" data-comments-opened=\"0\" data-image-meta=\"{&quot;aperture&quot;:&quot;4&quot;,&quot;credit&quot;:&quot;&quot;,&quot;camera&quot;:&quot;Canon EOS 5D Mark III&quot;,&quot;caption&quot;:&quot;&quot;,&quot;created_timestamp&quot;:&quot;1531605809&quot;,&quot;copyright&quot;:&quot;&quot;,&quot;focal_length&quot;:&quot;28&quot;,&quot;iso&quot;:&quot;2000&quot;,&quot;shutter_speed&quot;:&quot;0.00625&quot;,&quot;title&quot;:&quot;&quot;,&quot;orientation&quot;:&quot;0&quot;}\" data-image-title=\"HU2A6467\" data-image-description=\"\" data-image-caption=\"\" data-large-file=\"https:\/\/i0.wp.com\/olivamorosicristians.es\/wp-content\/uploads\/2019\/07\/HU2A6467.jpg?fit=683%2C1024&amp;ssl=1\" src=\"https:\/\/i1.wp.com\/olivamorosicristians.es\/wp-content\/uploads\/2019\/07\/HU2A6467.jpg?fit=683%2C1024\" alt=\"\" class=\"wp-image-9333\" width=\"310\" height=\"464\" srcset=\"https:\/\/i0.wp.com\/olivamorosicristians.es\/wp-content\/uploads\/2019\/07\/HU2A6467.jpg?w=2520&amp;ssl=1 2520w, https:\/\/i0.wp.com\/olivamorosicristians.es\/wp-content\/uploads\/2019\/07\/HU2A6467.jpg?resize=200%2C300&amp;ssl=1 200w, https:\/\/i0.wp.com\/olivamorosicristians.es\/wp-content\/uploads\/2019\/07\/HU2A6467.jpg?resize=768%2C1151&amp;ssl=1 768w, https:\/\/i0.wp.com\/olivamorosicristians.es\/wp-content\/uploads\/2019\/07\/HU2A6467.jpg?resize=683%2C1024&amp;ssl=1 683w, https:\/\/i0.wp.com\/olivamorosicristians.es\/wp-content\/uploads\/2019\/07\/HU2A6467.jpg?resize=640%2C959&amp;ssl=1 640w, https:\/\/i0.wp.com\/olivamorosicristians.es\/wp-content\/uploads\/2019\/07\/HU2A6467.jpg?resize=1280%2C1919&amp;ssl=1 1280w, https:\/\/i0.wp.com\/olivamorosicristians.es\/wp-content\/uploads\/2019\/07\/HU2A6467.jpg?w=2340&amp;ssl=1 2340w\" sizes=\"auto, (max-width: 310px) 100vw, 310px\" \/><\/figure><\/div>\n\n\n\n<p><strong>La Federaci\u00f3 de Moros i Cristians d\u2019Oliva anuncia que dissabte 13\nde juliol es celebrar\u00e0 la presentaci\u00f3 dels c\u00e0rrecs de les Festes dels Moros i\nCristians d\u2019Oliva de 2019 a l\u2019esplanada del castell (Parc de l\u2019Estaci\u00f3). <\/strong><\/p>\n\n\n\n<p><strong>Diumenge 14 de juliol, al mateix lloc, es realitzar\u00e0 el tradicional Concert-Festival de M\u00fasica festera a c\u00e0rrec de l\u2019AAMO i la Colla de Tabaleters i Dol\u00e7ainers Sarabanda d\u2019Oliva.<\/strong><\/p>\n\n\n\n<p>L\u2019acte de presentaci\u00f3 de c\u00e0rrecs comen\u00e7ar\u00e0 a les 22.00 h a l\u2019esplanada del castell de Festes (parc de l\u2019Estaci\u00f3), on per primera vegada els protagonistes lluiran la indument\u00e0ria festera, amb especial rellev\u00e0ncia de les filades capitanes que enguany ostenten c\u00e0rrec. Aquestes s\u00f3n la Fil\u00e0 Mosqueters pel b\u00e0ndol Cristi\u00e0 i a la Fil\u00e0 Almor\u00e0vits pel b\u00e0ndol Moro. <\/p>\n\n\n\n<p>Pr\u00e8viament, les 19:30h, es concentraran presidents de totes les filades, Junta de la Federaci\u00f3 de Moros i Cristians, abanderada de la Federaci\u00f3 (N\u00faria Montero Llopis) i escorta dels c\u00e0rrecs festers de 2019 en la pla\u00e7a de l\u2019Ajuntament d\u2019Oliva per iniciar el cercavila pels carrers de la ciutat que anir\u00e0 a recollir als c\u00e0rrecs. <\/p>\n\n\n\n<p>La primera parada ser\u00e0 en la cabila dels Mosqueters, al carrer Pintor Sorolla, on es far\u00e0 l\u2019arreplegada al Capit\u00e0 Cristi\u00e0 Jaime Garc\u00eda Lorente i al seu Ambaixador Iv\u00e1n Chamorro L\u00f3pez. All\u00ed l\u2019escorta mosquetera saludaran als c\u00e0rrecs i s\u2019interpretaran marxes cristianes per part de l\u2019AAMO.  <\/p>\n\n\n\n<p>Tot seguit la comitiva es despla\u00e7ar\u00e0 fins a la c\u00e0bila dels Almor\u00e0vits, on es recollir\u00e0 al Capit\u00e0 Moro de 2019, Miquel Lleches Colomar, i al seu ambaixador Francisco Cardona Germ\u00e1n, escortats pels guerrers i guerreres de la seua Fil\u00e0. All\u00ed l\u2019AAMO interpretar\u00e0 marxes mores.<\/p>\n\n\n\n<p>Despr\u00e9s, s\u2019encaminar\u00e0 la comitiva cap a l\u2019esplanada del Castell,\nper comen\u00e7ar, a les 22h, l\u2019acte de presentaci\u00f3 de c\u00e0rrecs.<\/p>\n\n\n\n<p>A l\u2019hora indicada les presentadores Roseta Lled\u00f3 Climent (Fil\u00e0 Mosqueters)\ni Anna Lleches Cardona (Fil\u00e0 Almor\u00e0vits) donaran pas a l\u2019abanderat de la\nFederaci\u00f3, N\u00faria Montero Llopis, i al president, Sergio Ba\u00f1uls Sempere, els\nquals presidiran l\u2019acte.<\/p>\n\n\n\n<p>All\u00ed rebran als c\u00e0rrecs festers de 2019 que, escortats pels seus\nguerrers i guerreres, pujaran a l\u2019escenari entre aplaudiments dels assistents. <\/p>\n\n\n\n<p><strong>B\u00e0ndol Cristi\u00e0, Fil\u00e0 Mosqueters:<\/strong><\/p>\n\n\n\n<p>&nbsp;         Capit\u00e0 : Jaime Garc\u00eda Lorente.<\/p>\n\n\n\n<p>         Ambaixador: Iv\u00e1n Chamorro L\u00f3pez. <\/p>\n\n\n\n<p><strong>B\u00e0ndol Moro, Fil\u00e0 Almor\u00e0vits:<\/strong><\/p>\n\n\n\n<p>&nbsp;&nbsp;&nbsp;&nbsp;&nbsp;&nbsp;&nbsp;&nbsp; Capit\u00e0: Miquel Lleches Colomar.<\/p>\n\n\n\n<p>&nbsp;&nbsp;&nbsp;&nbsp;&nbsp;&nbsp;&nbsp;&nbsp; Ambaixador: Francisco Cardona Germ\u00e1n (Paco El Manyano).<\/p>\n\n\n\n<div class=\"wp-block-image\"><figure class=\"aligncenter is-resized\"><img loading=\"lazy\" decoding=\"async\" data-attachment-id=\"9332\" data-permalink=\"https:\/\/olivamorosicristians.es\/es\/presentacio-dels-carrecs-de-les-festes-dels-moros-i-cristians-doliva-de-2019-i-concert-de-musica-festera\/hu2a0674\/\" data-orig-file=\"https:\/\/i0.wp.com\/olivamorosicristians.es\/wp-content\/uploads\/2019\/07\/HU2A0674.jpg?fit=3337%2C2225&amp;ssl=1\" data-orig-size=\"3337,2225\" data-comments-opened=\"0\" data-image-meta=\"{&quot;aperture&quot;:&quot;4&quot;,&quot;credit&quot;:&quot;&quot;,&quot;camera&quot;:&quot;Canon EOS 5D Mark III&quot;,&quot;caption&quot;:&quot;&quot;,&quot;created_timestamp&quot;:&quot;1549140081&quot;,&quot;copyright&quot;:&quot;&quot;,&quot;focal_length&quot;:&quot;50&quot;,&quot;iso&quot;:&quot;1600&quot;,&quot;shutter_speed&quot;:&quot;0.00625&quot;,&quot;title&quot;:&quot;&quot;,&quot;orientation&quot;:&quot;0&quot;}\" data-image-title=\"HU2A0674\" data-image-description=\"\" data-image-caption=\"\" data-large-file=\"https:\/\/i0.wp.com\/olivamorosicristians.es\/wp-content\/uploads\/2019\/07\/HU2A0674.jpg?fit=1024%2C683&amp;ssl=1\" src=\"https:\/\/i2.wp.com\/olivamorosicristians.es\/wp-content\/uploads\/2019\/07\/HU2A0674.jpg?fit=1024%2C683\" alt=\"\" class=\"wp-image-9332\" width=\"768\" height=\"512\" srcset=\"https:\/\/i0.wp.com\/olivamorosicristians.es\/wp-content\/uploads\/2019\/07\/HU2A0674.jpg?w=3337&amp;ssl=1 3337w, https:\/\/i0.wp.com\/olivamorosicristians.es\/wp-content\/uploads\/2019\/07\/HU2A0674.jpg?resize=300%2C200&amp;ssl=1 300w, https:\/\/i0.wp.com\/olivamorosicristians.es\/wp-content\/uploads\/2019\/07\/HU2A0674.jpg?resize=768%2C512&amp;ssl=1 768w, https:\/\/i0.wp.com\/olivamorosicristians.es\/wp-content\/uploads\/2019\/07\/HU2A0674.jpg?resize=1024%2C683&amp;ssl=1 1024w, https:\/\/i0.wp.com\/olivamorosicristians.es\/wp-content\/uploads\/2019\/07\/HU2A0674.jpg?resize=640%2C427&amp;ssl=1 640w, https:\/\/i0.wp.com\/olivamorosicristians.es\/wp-content\/uploads\/2019\/07\/HU2A0674.jpg?resize=1280%2C853&amp;ssl=1 1280w, https:\/\/i0.wp.com\/olivamorosicristians.es\/wp-content\/uploads\/2019\/07\/HU2A0674.jpg?w=2340&amp;ssl=1 2340w\" sizes=\"auto, (max-width: 768px) 100vw, 768px\" \/><figcaption>Foto dels c\u00e0rrecs en l&#8217;acte de presentaci\u00f3 celebrat al Teatre Ol\u00edmpia, al Mig Any Fester. Febrer 2019.<\/figcaption><\/figure><\/div>\n\n\n\n<p>Tot seguit es donar\u00e0 pas als presidents, presidentes i abanderats\ni abanderades de les 11 filades que conformen la Festa de Moros i Cristians\nd\u2019Oliva els quals saludaran als c\u00e0rrecs i esperaran dalt l\u2019escenari les\nparaules del sr. Alcalde d\u2019Oliva, David Gonz\u00e1lez Mart\u00ednez i del President de la\nFederaci\u00f3, Sergio Ba\u00f1uls Sempere, que convidaran a la ciutadania a participar\nde les festes m\u00e9s multitudin\u00e0ries de la nostra localitat.<\/p>\n\n\n\n<p>La nit continuar\u00e0 amb un sopar i revetlla amenitzada per la xaranga Aureba a la pla\u00e7a Joan Baptista Escriv\u00e0 (Pla\u00e7a del Col\u00b7legi) que s\u2019allargar\u00e0 fins a les 4 de la matinada.<\/p>\n\n\n\n<p><strong>Concert de m\u00fasica Festera<\/strong><\/p>\n\n\n\n<p>A l\u2019endem\u00e0, a partir de les 20:30h, a l\u2019esplanada del castell\n(Parc de l\u2019Estaci\u00f3), l\u2019Associaci\u00f3 Art\u00edstic Musical d\u2019Oliva (AAMO) junt amb la\nColla de Dol\u00e7ainers i Tabaleters Sarabanda d\u2019Oliva oferiran el tradicional\nConcert-Festival de M\u00fasica festera on s\u2019interpretaran les seg\u00fcents peces: <\/p>\n\n\n\n<p><strong>1a\npart<\/strong><\/p>\n\n\n\n<ul class=\"wp-block-list\"><li><strong>Un moble m\u00e9s<\/strong>&nbsp;(1928), pas moro de Julio Laporta Hell\u00edn<\/li><li><strong>Tuareg<\/strong>&nbsp;(2000), marxa mora de Vicent Mart\u00ed Ferrer<\/li><li><strong>L\u2019Elca<\/strong>, (2004), marxa cristiana de Jos\u00e9 Rafael Pascual-Vilaplana<\/li><li><strong>Rabell&nbsp;<\/strong>(2006), marxa mora de Ramon Garcia i Soler<\/li><li><strong>Eleazar<\/strong>&nbsp;(2008), marxa cristiana de Rafael Mullor Grau<\/li><\/ul>\n\n\n\n<p><strong>2a\npart<\/strong>&nbsp;<\/p>\n\n\n\n<ul class=\"wp-block-list\"><li><strong>Fills de la Lluna<\/strong>&nbsp;(2019), marxa mora de Marcos Sanchis\nMateu<\/li><li><strong>*NAce de TI<\/strong>&nbsp;(2018), pasdoble, de Vicent Mengual Caudeli. Enc\u00e0rrec del\nCapit\u00e0 Cristi\u00e0 d\u2019Oliva de 2019, a la seua dona. <\/li><li><strong>*Petius<\/strong>&nbsp;(2019), marxa cristiana, de Vicent Mengual Caudeli. Enc\u00e0rrec\nde la fam\u00edlia del Capit\u00e0 Cristi\u00e0 d\u2019Oliva de 2019. <\/li><li><strong>*Quatre roses<\/strong>&nbsp;(2019), pasdoble per a banda, de Jos\u00e9 Rafael\nPascual-Vilaplana. <\/li><li><strong>*La Tona<\/strong>&nbsp;(2019), marxa mora, de Sa\u00fcl G\u00f3mez Soler. Enc\u00e0rrec de la\nfam\u00edlia i dels amics del Capit\u00e0 Moro d\u2019Oliva de 2019, dedicada a ell.<\/li><li><strong>*Verds i blaus&nbsp;<\/strong>(2019) pasdoble, de Vicent Tobar Pastor.\nEnc\u00e0rrec de la Fil\u00e0 Tuareg d\u2019Oliva.<\/li><\/ul>\n\n\n\n<p>Est\u00e0 convidat a assistir al concert el\ndirector de bandes dels Moros i Cristians d\u2019Oliva, Jos\u00e9 Rafael Pascual-Vilaplana.\n<\/p>\n\n\n\n<figure class=\"wp-block-image\"><img data-recalc-dims=\"1\" loading=\"lazy\" decoding=\"async\" width=\"750\" height=\"450\" data-attachment-id=\"9331\" data-permalink=\"https:\/\/olivamorosicristians.es\/es\/presentacio-dels-carrecs-de-les-festes-dels-moros-i-cristians-doliva-de-2019-i-concert-de-musica-festera\/jose-rafael-pascual-vilaplana-oporto-2018-1\/\" data-orig-file=\"https:\/\/i0.wp.com\/olivamorosicristians.es\/wp-content\/uploads\/2019\/07\/jose-rafael-pascual-vilaplana-oporto-2018-1.jpg?fit=750%2C450&amp;ssl=1\" data-orig-size=\"750,450\" data-comments-opened=\"0\" data-image-meta=\"{&quot;aperture&quot;:&quot;0&quot;,&quot;credit&quot;:&quot;&quot;,&quot;camera&quot;:&quot;&quot;,&quot;caption&quot;:&quot;&quot;,&quot;created_timestamp&quot;:&quot;0&quot;,&quot;copyright&quot;:&quot;&quot;,&quot;focal_length&quot;:&quot;0&quot;,&quot;iso&quot;:&quot;0&quot;,&quot;shutter_speed&quot;:&quot;0&quot;,&quot;title&quot;:&quot;&quot;,&quot;orientation&quot;:&quot;0&quot;}\" data-image-title=\"jose-rafael-pascual-vilaplana-oporto-2018-1\" data-image-description=\"\" data-image-caption=\"\" data-large-file=\"https:\/\/i0.wp.com\/olivamorosicristians.es\/wp-content\/uploads\/2019\/07\/jose-rafael-pascual-vilaplana-oporto-2018-1.jpg?fit=750%2C450&amp;ssl=1\" src=\"https:\/\/i0.wp.com\/olivamorosicristians.es\/wp-content\/uploads\/2019\/07\/jose-rafael-pascual-vilaplana-oporto-2018-1.jpg?resize=750%2C450\" alt=\"\" class=\"wp-image-9331\" srcset=\"https:\/\/i0.wp.com\/olivamorosicristians.es\/wp-content\/uploads\/2019\/07\/jose-rafael-pascual-vilaplana-oporto-2018-1.jpg?w=750&amp;ssl=1 750w, https:\/\/i0.wp.com\/olivamorosicristians.es\/wp-content\/uploads\/2019\/07\/jose-rafael-pascual-vilaplana-oporto-2018-1.jpg?resize=300%2C180&amp;ssl=1 300w, https:\/\/i0.wp.com\/olivamorosicristians.es\/wp-content\/uploads\/2019\/07\/jose-rafael-pascual-vilaplana-oporto-2018-1.jpg?resize=640%2C384&amp;ssl=1 640w\" sizes=\"auto, (max-width: 750px) 100vw, 750px\" \/><\/figure>","protected":false},"excerpt":{"rendered":"<p>La Federaci\u00f3 de Moros i Cristians d\u2019Oliva anuncia que dissabte 13 de juliol es celebrar\u00e0 la presentaci\u00f3 dels c\u00e0rrecs de les Festes dels Moros i Cristians d\u2019Oliva de 2019 a l\u2019esplanada del castell (Parc de l\u2019Estaci\u00f3). Diumenge 14 de juliol, al mateix lloc, es realitzar\u00e0 el tradicional Concert-Festival de M\u00fasica festera a c\u00e0rrec de l\u2019AAMO [&hellip;]<\/p>\n","protected":false},"author":1,"featured_media":0,"comment_status":"closed","ping_status":"open","sticky":false,"template":"","format":"standard","meta":{"jetpack_post_was_ever_published":false,"_jetpack_newsletter_access":"","_jetpack_dont_email_post_to_subs":false,"_jetpack_newsletter_tier_id":0,"_jetpack_memberships_contains_paywalled_content":false,"_jetpack_memberships_contains_paid_content":false,"footnotes":"","jetpack_publicize_message":"","jetpack_publicize_feature_enabled":true,"jetpack_social_post_already_shared":true,"jetpack_social_options":{"image_generator_settings":{"template":"highway","default_image_id":0,"font":"","enabled":false},"version":2}},"categories":[1],"tags":[],"class_list":["post-9330","post","type-post","status-publish","format-standard","hentry","category-varis"],"yoast_head":"<!-- This site is optimized with the Yoast SEO plugin v27.5 - https:\/\/yoast.com\/product\/yoast-seo-wordpress\/ -->\n<title>Presentaci\u00f3 dels c\u00e0rrecs de les Festes dels Moros i Cristians d\u2019Oliva de 2019 i Concert de m\u00fasica Festera - Moros i Cristians Oliva<\/title>\n<meta name=\"robots\" content=\"index, follow, max-snippet:-1, max-image-preview:large, max-video-preview:-1\" \/>\n<link rel=\"canonical\" href=\"https:\/\/olivamorosicristians.es\/es\/presentacio-dels-carrecs-de-les-festes-dels-moros-i-cristians-doliva-de-2019-i-concert-de-musica-festera\/\" \/>\n<meta property=\"og:locale\" content=\"es_ES\" \/>\n<meta property=\"og:type\" content=\"article\" \/>\n<meta property=\"og:title\" content=\"Presentaci\u00f3 dels c\u00e0rrecs de les Festes dels Moros i Cristians d\u2019Oliva de 2019 i Concert de m\u00fasica Festera - Moros i Cristians Oliva\" \/>\n<meta property=\"og:description\" content=\"La Federaci\u00f3 de Moros i Cristians d\u2019Oliva anuncia que dissabte 13 de juliol es celebrar\u00e0 la presentaci\u00f3 dels c\u00e0rrecs de les Festes dels Moros i Cristians d\u2019Oliva de 2019 a l\u2019esplanada del castell (Parc de l\u2019Estaci\u00f3). Diumenge 14 de juliol, al mateix lloc, es realitzar\u00e0 el tradicional Concert-Festival de M\u00fasica festera a c\u00e0rrec de l\u2019AAMO [&hellip;]\" \/>\n<meta property=\"og:url\" content=\"https:\/\/olivamorosicristians.es\/es\/presentacio-dels-carrecs-de-les-festes-dels-moros-i-cristians-doliva-de-2019-i-concert-de-musica-festera\/\" \/>\n<meta property=\"og:site_name\" content=\"Moros i Cristians Oliva\" \/>\n<meta property=\"article:publisher\" content=\"https:\/\/www.facebook.com\/federaciodemorosicristiansdoliva\/\" \/>\n<meta property=\"article:author\" content=\"https:\/\/www.facebook.com\/federaciodemorosicristiansdoliva\" \/>\n<meta property=\"article:published_time\" content=\"2019-07-10T21:05:27+00:00\" \/>\n<meta property=\"article:modified_time\" content=\"2019-12-05T09:46:02+00:00\" \/>\n<meta property=\"og:image\" content=\"https:\/\/i1.wp.com\/olivamorosicristians.es\/wp-content\/uploads\/2019\/07\/HU2A6467.jpg?fit=683%2C1024\" \/>\n<meta name=\"author\" content=\"Webmaster\" \/>\n<meta name=\"twitter:card\" content=\"summary_large_image\" \/>\n<meta name=\"twitter:label1\" content=\"Escrito por\" \/>\n\t<meta name=\"twitter:data1\" content=\"Webmaster\" \/>\n\t<meta name=\"twitter:label2\" content=\"Tiempo de lectura\" \/>\n\t<meta name=\"twitter:data2\" content=\"4 minutos\" \/>\n<script type=\"application\/ld+json\" class=\"yoast-schema-graph\">{\"@context\":\"https:\\\/\\\/schema.org\",\"@graph\":[{\"@type\":\"Article\",\"@id\":\"https:\\\/\\\/olivamorosicristians.es\\\/presentacio-dels-carrecs-de-les-festes-dels-moros-i-cristians-doliva-de-2019-i-concert-de-musica-festera\\\/#article\",\"isPartOf\":{\"@id\":\"https:\\\/\\\/olivamorosicristians.es\\\/presentacio-dels-carrecs-de-les-festes-dels-moros-i-cristians-doliva-de-2019-i-concert-de-musica-festera\\\/\"},\"author\":{\"name\":\"Webmaster\",\"@id\":\"https:\\\/\\\/olivamorosicristians.es\\\/#\\\/schema\\\/person\\\/21ece052d8816103cad91a2676fd0149\"},\"headline\":\"Presentaci\u00f3 dels c\u00e0rrecs de les Festes dels Moros i Cristians d\u2019Oliva de 2019 i Concert de m\u00fasica Festera\",\"datePublished\":\"2019-07-10T21:05:27+00:00\",\"dateModified\":\"2019-12-05T09:46:02+00:00\",\"mainEntityOfPage\":{\"@id\":\"https:\\\/\\\/olivamorosicristians.es\\\/presentacio-dels-carrecs-de-les-festes-dels-moros-i-cristians-doliva-de-2019-i-concert-de-musica-festera\\\/\"},\"wordCount\":821,\"publisher\":{\"@id\":\"https:\\\/\\\/olivamorosicristians.es\\\/#organization\"},\"image\":{\"@id\":\"https:\\\/\\\/olivamorosicristians.es\\\/presentacio-dels-carrecs-de-les-festes-dels-moros-i-cristians-doliva-de-2019-i-concert-de-musica-festera\\\/#primaryimage\"},\"thumbnailUrl\":\"https:\\\/\\\/i1.wp.com\\\/olivamorosicristians.es\\\/wp-content\\\/uploads\\\/2019\\\/07\\\/HU2A6467.jpg?fit=683%2C1024\",\"articleSection\":[\"Varis\"],\"inLanguage\":\"es\"},{\"@type\":\"WebPage\",\"@id\":\"https:\\\/\\\/olivamorosicristians.es\\\/presentacio-dels-carrecs-de-les-festes-dels-moros-i-cristians-doliva-de-2019-i-concert-de-musica-festera\\\/\",\"url\":\"https:\\\/\\\/olivamorosicristians.es\\\/presentacio-dels-carrecs-de-les-festes-dels-moros-i-cristians-doliva-de-2019-i-concert-de-musica-festera\\\/\",\"name\":\"Presentaci\u00f3 dels c\u00e0rrecs de les Festes dels Moros i Cristians d\u2019Oliva de 2019 i Concert de m\u00fasica Festera - Moros i Cristians Oliva\",\"isPartOf\":{\"@id\":\"https:\\\/\\\/olivamorosicristians.es\\\/#website\"},\"primaryImageOfPage\":{\"@id\":\"https:\\\/\\\/olivamorosicristians.es\\\/presentacio-dels-carrecs-de-les-festes-dels-moros-i-cristians-doliva-de-2019-i-concert-de-musica-festera\\\/#primaryimage\"},\"image\":{\"@id\":\"https:\\\/\\\/olivamorosicristians.es\\\/presentacio-dels-carrecs-de-les-festes-dels-moros-i-cristians-doliva-de-2019-i-concert-de-musica-festera\\\/#primaryimage\"},\"thumbnailUrl\":\"https:\\\/\\\/i1.wp.com\\\/olivamorosicristians.es\\\/wp-content\\\/uploads\\\/2019\\\/07\\\/HU2A6467.jpg?fit=683%2C1024\",\"datePublished\":\"2019-07-10T21:05:27+00:00\",\"dateModified\":\"2019-12-05T09:46:02+00:00\",\"breadcrumb\":{\"@id\":\"https:\\\/\\\/olivamorosicristians.es\\\/presentacio-dels-carrecs-de-les-festes-dels-moros-i-cristians-doliva-de-2019-i-concert-de-musica-festera\\\/#breadcrumb\"},\"inLanguage\":\"es\",\"potentialAction\":[{\"@type\":\"ReadAction\",\"target\":[\"https:\\\/\\\/olivamorosicristians.es\\\/presentacio-dels-carrecs-de-les-festes-dels-moros-i-cristians-doliva-de-2019-i-concert-de-musica-festera\\\/\"]}]},{\"@type\":\"ImageObject\",\"inLanguage\":\"es\",\"@id\":\"https:\\\/\\\/olivamorosicristians.es\\\/presentacio-dels-carrecs-de-les-festes-dels-moros-i-cristians-doliva-de-2019-i-concert-de-musica-festera\\\/#primaryimage\",\"url\":\"https:\\\/\\\/i1.wp.com\\\/olivamorosicristians.es\\\/wp-content\\\/uploads\\\/2019\\\/07\\\/HU2A6467.jpg?fit=683%2C1024\",\"contentUrl\":\"https:\\\/\\\/i1.wp.com\\\/olivamorosicristians.es\\\/wp-content\\\/uploads\\\/2019\\\/07\\\/HU2A6467.jpg?fit=683%2C1024\"},{\"@type\":\"BreadcrumbList\",\"@id\":\"https:\\\/\\\/olivamorosicristians.es\\\/presentacio-dels-carrecs-de-les-festes-dels-moros-i-cristians-doliva-de-2019-i-concert-de-musica-festera\\\/#breadcrumb\",\"itemListElement\":[{\"@type\":\"ListItem\",\"position\":1,\"name\":\"Portada\",\"item\":\"https:\\\/\\\/olivamorosicristians.es\\\/\"},{\"@type\":\"ListItem\",\"position\":2,\"name\":\"Presentaci\u00f3 dels c\u00e0rrecs de les Festes dels Moros i Cristians d\u2019Oliva de 2019 i Concert de m\u00fasica Festera\"}]},{\"@type\":\"WebSite\",\"@id\":\"https:\\\/\\\/olivamorosicristians.es\\\/#website\",\"url\":\"https:\\\/\\\/olivamorosicristians.es\\\/\",\"name\":\"Moros i Cristians Oliva\",\"description\":\"FMCO\",\"publisher\":{\"@id\":\"https:\\\/\\\/olivamorosicristians.es\\\/#organization\"},\"potentialAction\":[{\"@type\":\"SearchAction\",\"target\":{\"@type\":\"EntryPoint\",\"urlTemplate\":\"https:\\\/\\\/olivamorosicristians.es\\\/?s={search_term_string}\"},\"query-input\":{\"@type\":\"PropertyValueSpecification\",\"valueRequired\":true,\"valueName\":\"search_term_string\"}}],\"inLanguage\":\"es\"},{\"@type\":\"Organization\",\"@id\":\"https:\\\/\\\/olivamorosicristians.es\\\/#organization\",\"name\":\"Federaci\u00f3 de Moros i Cristians - Oliva\",\"url\":\"https:\\\/\\\/olivamorosicristians.es\\\/\",\"logo\":{\"@type\":\"ImageObject\",\"inLanguage\":\"es\",\"@id\":\"https:\\\/\\\/olivamorosicristians.es\\\/#\\\/schema\\\/logo\\\/image\\\/\",\"url\":\"https:\\\/\\\/i2.wp.com\\\/olivamorosicristians.es\\\/wp-content\\\/uploads\\\/2018\\\/06\\\/Icon_FMiCO.png?fit=50%2C50&ssl=1\",\"contentUrl\":\"https:\\\/\\\/i2.wp.com\\\/olivamorosicristians.es\\\/wp-content\\\/uploads\\\/2018\\\/06\\\/Icon_FMiCO.png?fit=50%2C50&ssl=1\",\"width\":50,\"height\":50,\"caption\":\"Federaci\u00f3 de Moros i Cristians - Oliva\"},\"image\":{\"@id\":\"https:\\\/\\\/olivamorosicristians.es\\\/#\\\/schema\\\/logo\\\/image\\\/\"},\"sameAs\":[\"https:\\\/\\\/www.facebook.com\\\/federaciodemorosicristiansdoliva\\\/\",\"https:\\\/\\\/www.instagram.com\\\/morosicristiansoliva\\\/?hl=es\"]},{\"@type\":\"Person\",\"@id\":\"https:\\\/\\\/olivamorosicristians.es\\\/#\\\/schema\\\/person\\\/21ece052d8816103cad91a2676fd0149\",\"name\":\"Webmaster\",\"image\":{\"@type\":\"ImageObject\",\"inLanguage\":\"es\",\"@id\":\"https:\\\/\\\/secure.gravatar.com\\\/avatar\\\/18de20f14d74abe0c800b423a8b0e24cae6153cb6baeb2c2df80e1cef2117e0d?s=96&d=mm&r=g\",\"url\":\"https:\\\/\\\/secure.gravatar.com\\\/avatar\\\/18de20f14d74abe0c800b423a8b0e24cae6153cb6baeb2c2df80e1cef2117e0d?s=96&d=mm&r=g\",\"contentUrl\":\"https:\\\/\\\/secure.gravatar.com\\\/avatar\\\/18de20f14d74abe0c800b423a8b0e24cae6153cb6baeb2c2df80e1cef2117e0d?s=96&d=mm&r=g\",\"caption\":\"Webmaster\"},\"sameAs\":[\"https:\\\/\\\/www.facebook.com\\\/federaciodemorosicristiansdoliva\",\"https:\\\/\\\/www.instagram.com\\\/morosicristiansoliva\\\/\"]}]}<\/script>\n<!-- \/ Yoast SEO plugin. -->","yoast_head_json":{"title":"Presentaci\u00f3 dels c\u00e0rrecs de les Festes dels Moros i Cristians d\u2019Oliva de 2019 i Concert de m\u00fasica Festera - Moros i Cristians Oliva","robots":{"index":"index","follow":"follow","max-snippet":"max-snippet:-1","max-image-preview":"max-image-preview:large","max-video-preview":"max-video-preview:-1"},"canonical":"https:\/\/olivamorosicristians.es\/es\/presentacio-dels-carrecs-de-les-festes-dels-moros-i-cristians-doliva-de-2019-i-concert-de-musica-festera\/","og_locale":"es_ES","og_type":"article","og_title":"Presentaci\u00f3 dels c\u00e0rrecs de les Festes dels Moros i Cristians d\u2019Oliva de 2019 i Concert de m\u00fasica Festera - Moros i Cristians Oliva","og_description":"La Federaci\u00f3 de Moros i Cristians d\u2019Oliva anuncia que dissabte 13 de juliol es celebrar\u00e0 la presentaci\u00f3 dels c\u00e0rrecs de les Festes dels Moros i Cristians d\u2019Oliva de 2019 a l\u2019esplanada del castell (Parc de l\u2019Estaci\u00f3). Diumenge 14 de juliol, al mateix lloc, es realitzar\u00e0 el tradicional Concert-Festival de M\u00fasica festera a c\u00e0rrec de l\u2019AAMO [&hellip;]","og_url":"https:\/\/olivamorosicristians.es\/es\/presentacio-dels-carrecs-de-les-festes-dels-moros-i-cristians-doliva-de-2019-i-concert-de-musica-festera\/","og_site_name":"Moros i Cristians Oliva","article_publisher":"https:\/\/www.facebook.com\/federaciodemorosicristiansdoliva\/","article_author":"https:\/\/www.facebook.com\/federaciodemorosicristiansdoliva","article_published_time":"2019-07-10T21:05:27+00:00","article_modified_time":"2019-12-05T09:46:02+00:00","og_image":[{"url":"https:\/\/i1.wp.com\/olivamorosicristians.es\/wp-content\/uploads\/2019\/07\/HU2A6467.jpg?fit=683%2C1024","type":"","width":"","height":""}],"author":"Webmaster","twitter_card":"summary_large_image","twitter_misc":{"Escrito por":"Webmaster","Tiempo de lectura":"4 minutos"},"schema":{"@context":"https:\/\/schema.org","@graph":[{"@type":"Article","@id":"https:\/\/olivamorosicristians.es\/presentacio-dels-carrecs-de-les-festes-dels-moros-i-cristians-doliva-de-2019-i-concert-de-musica-festera\/#article","isPartOf":{"@id":"https:\/\/olivamorosicristians.es\/presentacio-dels-carrecs-de-les-festes-dels-moros-i-cristians-doliva-de-2019-i-concert-de-musica-festera\/"},"author":{"name":"Webmaster","@id":"https:\/\/olivamorosicristians.es\/#\/schema\/person\/21ece052d8816103cad91a2676fd0149"},"headline":"Presentaci\u00f3 dels c\u00e0rrecs de les Festes dels Moros i Cristians d\u2019Oliva de 2019 i Concert de m\u00fasica Festera","datePublished":"2019-07-10T21:05:27+00:00","dateModified":"2019-12-05T09:46:02+00:00","mainEntityOfPage":{"@id":"https:\/\/olivamorosicristians.es\/presentacio-dels-carrecs-de-les-festes-dels-moros-i-cristians-doliva-de-2019-i-concert-de-musica-festera\/"},"wordCount":821,"publisher":{"@id":"https:\/\/olivamorosicristians.es\/#organization"},"image":{"@id":"https:\/\/olivamorosicristians.es\/presentacio-dels-carrecs-de-les-festes-dels-moros-i-cristians-doliva-de-2019-i-concert-de-musica-festera\/#primaryimage"},"thumbnailUrl":"https:\/\/i1.wp.com\/olivamorosicristians.es\/wp-content\/uploads\/2019\/07\/HU2A6467.jpg?fit=683%2C1024","articleSection":["Varis"],"inLanguage":"es"},{"@type":"WebPage","@id":"https:\/\/olivamorosicristians.es\/presentacio-dels-carrecs-de-les-festes-dels-moros-i-cristians-doliva-de-2019-i-concert-de-musica-festera\/","url":"https:\/\/olivamorosicristians.es\/presentacio-dels-carrecs-de-les-festes-dels-moros-i-cristians-doliva-de-2019-i-concert-de-musica-festera\/","name":"Presentaci\u00f3 dels c\u00e0rrecs de les Festes dels Moros i Cristians d\u2019Oliva de 2019 i Concert de m\u00fasica Festera - Moros i Cristians Oliva","isPartOf":{"@id":"https:\/\/olivamorosicristians.es\/#website"},"primaryImageOfPage":{"@id":"https:\/\/olivamorosicristians.es\/presentacio-dels-carrecs-de-les-festes-dels-moros-i-cristians-doliva-de-2019-i-concert-de-musica-festera\/#primaryimage"},"image":{"@id":"https:\/\/olivamorosicristians.es\/presentacio-dels-carrecs-de-les-festes-dels-moros-i-cristians-doliva-de-2019-i-concert-de-musica-festera\/#primaryimage"},"thumbnailUrl":"https:\/\/i1.wp.com\/olivamorosicristians.es\/wp-content\/uploads\/2019\/07\/HU2A6467.jpg?fit=683%2C1024","datePublished":"2019-07-10T21:05:27+00:00","dateModified":"2019-12-05T09:46:02+00:00","breadcrumb":{"@id":"https:\/\/olivamorosicristians.es\/presentacio-dels-carrecs-de-les-festes-dels-moros-i-cristians-doliva-de-2019-i-concert-de-musica-festera\/#breadcrumb"},"inLanguage":"es","potentialAction":[{"@type":"ReadAction","target":["https:\/\/olivamorosicristians.es\/presentacio-dels-carrecs-de-les-festes-dels-moros-i-cristians-doliva-de-2019-i-concert-de-musica-festera\/"]}]},{"@type":"ImageObject","inLanguage":"es","@id":"https:\/\/olivamorosicristians.es\/presentacio-dels-carrecs-de-les-festes-dels-moros-i-cristians-doliva-de-2019-i-concert-de-musica-festera\/#primaryimage","url":"https:\/\/i1.wp.com\/olivamorosicristians.es\/wp-content\/uploads\/2019\/07\/HU2A6467.jpg?fit=683%2C1024","contentUrl":"https:\/\/i1.wp.com\/olivamorosicristians.es\/wp-content\/uploads\/2019\/07\/HU2A6467.jpg?fit=683%2C1024"},{"@type":"BreadcrumbList","@id":"https:\/\/olivamorosicristians.es\/presentacio-dels-carrecs-de-les-festes-dels-moros-i-cristians-doliva-de-2019-i-concert-de-musica-festera\/#breadcrumb","itemListElement":[{"@type":"ListItem","position":1,"name":"Portada","item":"https:\/\/olivamorosicristians.es\/"},{"@type":"ListItem","position":2,"name":"Presentaci\u00f3 dels c\u00e0rrecs de les Festes dels Moros i Cristians d\u2019Oliva de 2019 i Concert de m\u00fasica Festera"}]},{"@type":"WebSite","@id":"https:\/\/olivamorosicristians.es\/#website","url":"https:\/\/olivamorosicristians.es\/","name":"Moros i Cristians Oliva","description":"FMCO","publisher":{"@id":"https:\/\/olivamorosicristians.es\/#organization"},"potentialAction":[{"@type":"SearchAction","target":{"@type":"EntryPoint","urlTemplate":"https:\/\/olivamorosicristians.es\/?s={search_term_string}"},"query-input":{"@type":"PropertyValueSpecification","valueRequired":true,"valueName":"search_term_string"}}],"inLanguage":"es"},{"@type":"Organization","@id":"https:\/\/olivamorosicristians.es\/#organization","name":"La Federaci\u00f3n de Moros y Cristianos de Oliva","url":"https:\/\/olivamorosicristians.es\/","logo":{"@type":"ImageObject","inLanguage":"es","@id":"https:\/\/olivamorosicristians.es\/#\/schema\/logo\/image\/","url":"https:\/\/i2.wp.com\/olivamorosicristians.es\/wp-content\/uploads\/2018\/06\/Icon_FMiCO.png?fit=50%2C50&ssl=1","contentUrl":"https:\/\/i2.wp.com\/olivamorosicristians.es\/wp-content\/uploads\/2018\/06\/Icon_FMiCO.png?fit=50%2C50&ssl=1","width":50,"height":50,"caption":"Federaci\u00f3 de Moros i Cristians - Oliva"},"image":{"@id":"https:\/\/olivamorosicristians.es\/#\/schema\/logo\/image\/"},"sameAs":["https:\/\/www.facebook.com\/federaciodemorosicristiansdoliva\/","https:\/\/www.instagram.com\/morosicristiansoliva\/?hl=es"]},{"@type":"Person","@id":"https:\/\/olivamorosicristians.es\/#\/schema\/person\/21ece052d8816103cad91a2676fd0149","name":"Webmaster","image":{"@type":"ImageObject","inLanguage":"es","@id":"https:\/\/secure.gravatar.com\/avatar\/18de20f14d74abe0c800b423a8b0e24cae6153cb6baeb2c2df80e1cef2117e0d?s=96&d=mm&r=g","url":"https:\/\/secure.gravatar.com\/avatar\/18de20f14d74abe0c800b423a8b0e24cae6153cb6baeb2c2df80e1cef2117e0d?s=96&d=mm&r=g","contentUrl":"https:\/\/secure.gravatar.com\/avatar\/18de20f14d74abe0c800b423a8b0e24cae6153cb6baeb2c2df80e1cef2117e0d?s=96&d=mm&r=g","caption":"Webmaster"},"sameAs":["https:\/\/www.facebook.com\/federaciodemorosicristiansdoliva","https:\/\/www.instagram.com\/morosicristiansoliva\/"]}]}},"jetpack_publicize_connections":[],"jetpack_featured_media_url":"","jetpack_sharing_enabled":true,"jetpack_shortlink":"https:\/\/wp.me\/pagEx6-2qu","jetpack-related-posts":[],"_links":{"self":[{"href":"https:\/\/olivamorosicristians.es\/es\/wp-json\/wp\/v2\/posts\/9330","targetHints":{"allow":["GET"]}}],"collection":[{"href":"https:\/\/olivamorosicristians.es\/es\/wp-json\/wp\/v2\/posts"}],"about":[{"href":"https:\/\/olivamorosicristians.es\/es\/wp-json\/wp\/v2\/types\/post"}],"author":[{"embeddable":true,"href":"https:\/\/olivamorosicristians.es\/es\/wp-json\/wp\/v2\/users\/1"}],"replies":[{"embeddable":true,"href":"https:\/\/olivamorosicristians.es\/es\/wp-json\/wp\/v2\/comments?post=9330"}],"version-history":[{"count":5,"href":"https:\/\/olivamorosicristians.es\/es\/wp-json\/wp\/v2\/posts\/9330\/revisions"}],"predecessor-version":[{"id":9435,"href":"https:\/\/olivamorosicristians.es\/es\/wp-json\/wp\/v2\/posts\/9330\/revisions\/9435"}],"wp:attachment":[{"href":"https:\/\/olivamorosicristians.es\/es\/wp-json\/wp\/v2\/media?parent=9330"}],"wp:term":[{"taxonomy":"category","embeddable":true,"href":"https:\/\/olivamorosicristians.es\/es\/wp-json\/wp\/v2\/categories?post=9330"},{"taxonomy":"post_tag","embeddable":true,"href":"https:\/\/olivamorosicristians.es\/es\/wp-json\/wp\/v2\/tags?post=9330"}],"curies":[{"name":"wp","href":"https:\/\/api.w.org\/{rel}","templated":true}]}}