{"id":9318,"date":"2019-07-08T22:14:41","date_gmt":"2019-07-08T22:14:41","guid":{"rendered":"http:\/\/olivamorosicristians.es\/?p=9318"},"modified":"2019-07-09T10:44:28","modified_gmt":"2019-07-09T10:44:28","slug":"informacio-fotografs-i-cameres","status":"publish","type":"post","link":"https:\/\/olivamorosicristians.es\/es\/informacio-fotografs-i-cameres\/","title":{"rendered":"Informaci\u00f3 fot\u00f2grafs i c\u00e0meres"},"content":{"rendered":"<p>\ud83d\udcf8Per la present s&#8217;informa a tots els fot\u00f2grafs interessats en participar en els actes oficials dels Moros i Cristians d&#8217;Oliva, que ja poden sol\u00b7licitar les seues acreditacions enviant un e-mail a: premsa@olivamorosicristians.es<\/p>\n\n\n\n<p>Hauran d&#8217;enviar: Nom, congnoms i fotoc\u00f2pia del DNI per ambdues cares.<\/p>\n\n\n\n<p>Recorden que sense aquesta acreditaci\u00f3 no podran accedir al bell mig del carrer en les Entrades Cristiana i Mora del proper 19 i 20 de juliol.<\/p>\n\n\n\n<p>Si necessiten m\u00e9s informaci\u00f3 poden escriure al mateix correu per sol\u00b7licitar-la.<\/p>","protected":false},"excerpt":{"rendered":"<p>\ud83d\udcf8Per la present s&#8217;informa a tots els fot\u00f2grafs interessats en participar en els actes oficials dels Moros i Cristians d&#8217;Oliva, que ja poden sol\u00b7licitar les seues acreditacions enviant un e-mail a: premsa@olivamorosicristians.es Hauran d&#8217;enviar: Nom, congnoms i fotoc\u00f2pia del DNI per ambdues cares. Recorden que sense aquesta acreditaci\u00f3 no podran accedir al bell mig del [&hellip;]<\/p>\n","protected":false},"author":1,"featured_media":9319,"comment_status":"closed","ping_status":"open","sticky":false,"template":"","format":"standard","meta":{"jetpack_post_was_ever_published":false,"_jetpack_newsletter_access":"","_jetpack_dont_email_post_to_subs":false,"_jetpack_newsletter_tier_id":0,"_jetpack_memberships_contains_paywalled_content":false,"_jetpack_memberships_contains_paid_content":false,"footnotes":"","jetpack_publicize_message":"","jetpack_publicize_feature_enabled":true,"jetpack_social_post_already_shared":true,"jetpack_social_options":{"image_generator_settings":{"template":"highway","default_image_id":0,"font":"","enabled":false},"version":2}},"categories":[1],"tags":[],"class_list":["post-9318","post","type-post","status-publish","format-standard","has-post-thumbnail","hentry","category-varis"],"yoast_head":"<!-- This site is optimized with the Yoast SEO plugin v27.5 - https:\/\/yoast.com\/product\/yoast-seo-wordpress\/ -->\n<title>Informaci\u00f3 fot\u00f2grafs i c\u00e0meres - Moros i Cristians Oliva<\/title>\n<meta name=\"robots\" content=\"index, follow, max-snippet:-1, max-image-preview:large, max-video-preview:-1\" \/>\n<link rel=\"canonical\" href=\"https:\/\/olivamorosicristians.es\/es\/informacio-fotografs-i-cameres\/\" \/>\n<meta property=\"og:locale\" content=\"es_ES\" \/>\n<meta property=\"og:type\" content=\"article\" \/>\n<meta property=\"og:title\" content=\"Informaci\u00f3 fot\u00f2grafs i c\u00e0meres - Moros i Cristians Oliva\" \/>\n<meta property=\"og:description\" content=\"\ud83d\udcf8Per la present s&#8217;informa a tots els fot\u00f2grafs interessats en participar en els actes oficials dels Moros i Cristians d&#8217;Oliva, que ja poden sol\u00b7licitar les seues acreditacions enviant un e-mail a: premsa@olivamorosicristians.es Hauran d&#8217;enviar: Nom, congnoms i fotoc\u00f2pia del DNI per ambdues cares. Recorden que sense aquesta acreditaci\u00f3 no podran accedir al bell mig del [&hellip;]\" \/>\n<meta property=\"og:url\" content=\"https:\/\/olivamorosicristians.es\/es\/informacio-fotografs-i-cameres\/\" \/>\n<meta property=\"og:site_name\" content=\"Moros i Cristians Oliva\" \/>\n<meta property=\"article:publisher\" content=\"https:\/\/www.facebook.com\/federaciodemorosicristiansdoliva\/\" \/>\n<meta property=\"article:author\" content=\"https:\/\/www.facebook.com\/federaciodemorosicristiansdoliva\" \/>\n<meta property=\"article:published_time\" content=\"2019-07-08T22:14:41+00:00\" \/>\n<meta property=\"article:modified_time\" content=\"2019-07-09T10:44:28+00:00\" \/>\n<meta property=\"og:image\" content=\"https:\/\/i1.wp.com\/olivamorosicristians.es\/wp-content\/uploads\/2019\/07\/66121591_2427428087486790_1181497996496338944_n-e1562668390513.jpg?fit=600%2C400&ssl=1\" \/>\n\t<meta property=\"og:image:width\" content=\"600\" \/>\n\t<meta property=\"og:image:height\" content=\"400\" \/>\n\t<meta property=\"og:image:type\" content=\"image\/jpeg\" \/>\n<meta name=\"author\" content=\"Webmaster\" \/>\n<meta name=\"twitter:card\" content=\"summary_large_image\" \/>\n<meta name=\"twitter:label1\" content=\"Escrito por\" \/>\n\t<meta name=\"twitter:data1\" content=\"Webmaster\" \/>\n<script type=\"application\/ld+json\" class=\"yoast-schema-graph\">{\"@context\":\"https:\\\/\\\/schema.org\",\"@graph\":[{\"@type\":\"Article\",\"@id\":\"https:\\\/\\\/olivamorosicristians.es\\\/informacio-fotografs-i-cameres\\\/#article\",\"isPartOf\":{\"@id\":\"https:\\\/\\\/olivamorosicristians.es\\\/informacio-fotografs-i-cameres\\\/\"},\"author\":{\"name\":\"Webmaster\",\"@id\":\"https:\\\/\\\/olivamorosicristians.es\\\/#\\\/schema\\\/person\\\/21ece052d8816103cad91a2676fd0149\"},\"headline\":\"Informaci\u00f3 fot\u00f2grafs i c\u00e0meres\",\"datePublished\":\"2019-07-08T22:14:41+00:00\",\"dateModified\":\"2019-07-09T10:44:28+00:00\",\"mainEntityOfPage\":{\"@id\":\"https:\\\/\\\/olivamorosicristians.es\\\/informacio-fotografs-i-cameres\\\/\"},\"wordCount\":94,\"publisher\":{\"@id\":\"https:\\\/\\\/olivamorosicristians.es\\\/#organization\"},\"image\":{\"@id\":\"https:\\\/\\\/olivamorosicristians.es\\\/informacio-fotografs-i-cameres\\\/#primaryimage\"},\"thumbnailUrl\":\"https:\\\/\\\/i0.wp.com\\\/olivamorosicristians.es\\\/wp-content\\\/uploads\\\/2019\\\/07\\\/66121591_2427428087486790_1181497996496338944_n-e1562668390513.jpg?fit=600%2C400&ssl=1\",\"articleSection\":[\"Varis\"],\"inLanguage\":\"es\"},{\"@type\":\"WebPage\",\"@id\":\"https:\\\/\\\/olivamorosicristians.es\\\/informacio-fotografs-i-cameres\\\/\",\"url\":\"https:\\\/\\\/olivamorosicristians.es\\\/informacio-fotografs-i-cameres\\\/\",\"name\":\"Informaci\u00f3 fot\u00f2grafs i c\u00e0meres - Moros i Cristians Oliva\",\"isPartOf\":{\"@id\":\"https:\\\/\\\/olivamorosicristians.es\\\/#website\"},\"primaryImageOfPage\":{\"@id\":\"https:\\\/\\\/olivamorosicristians.es\\\/informacio-fotografs-i-cameres\\\/#primaryimage\"},\"image\":{\"@id\":\"https:\\\/\\\/olivamorosicristians.es\\\/informacio-fotografs-i-cameres\\\/#primaryimage\"},\"thumbnailUrl\":\"https:\\\/\\\/i0.wp.com\\\/olivamorosicristians.es\\\/wp-content\\\/uploads\\\/2019\\\/07\\\/66121591_2427428087486790_1181497996496338944_n-e1562668390513.jpg?fit=600%2C400&ssl=1\",\"datePublished\":\"2019-07-08T22:14:41+00:00\",\"dateModified\":\"2019-07-09T10:44:28+00:00\",\"breadcrumb\":{\"@id\":\"https:\\\/\\\/olivamorosicristians.es\\\/informacio-fotografs-i-cameres\\\/#breadcrumb\"},\"inLanguage\":\"es\",\"potentialAction\":[{\"@type\":\"ReadAction\",\"target\":[\"https:\\\/\\\/olivamorosicristians.es\\\/informacio-fotografs-i-cameres\\\/\"]}]},{\"@type\":\"ImageObject\",\"inLanguage\":\"es\",\"@id\":\"https:\\\/\\\/olivamorosicristians.es\\\/informacio-fotografs-i-cameres\\\/#primaryimage\",\"url\":\"https:\\\/\\\/i0.wp.com\\\/olivamorosicristians.es\\\/wp-content\\\/uploads\\\/2019\\\/07\\\/66121591_2427428087486790_1181497996496338944_n-e1562668390513.jpg?fit=600%2C400&ssl=1\",\"contentUrl\":\"https:\\\/\\\/i0.wp.com\\\/olivamorosicristians.es\\\/wp-content\\\/uploads\\\/2019\\\/07\\\/66121591_2427428087486790_1181497996496338944_n-e1562668390513.jpg?fit=600%2C400&ssl=1\",\"width\":600,\"height\":400,\"caption\":\"oliva moros i cristians\"},{\"@type\":\"BreadcrumbList\",\"@id\":\"https:\\\/\\\/olivamorosicristians.es\\\/informacio-fotografs-i-cameres\\\/#breadcrumb\",\"itemListElement\":[{\"@type\":\"ListItem\",\"position\":1,\"name\":\"Portada\",\"item\":\"https:\\\/\\\/olivamorosicristians.es\\\/\"},{\"@type\":\"ListItem\",\"position\":2,\"name\":\"Informaci\u00f3 fot\u00f2grafs i c\u00e0meres\"}]},{\"@type\":\"WebSite\",\"@id\":\"https:\\\/\\\/olivamorosicristians.es\\\/#website\",\"url\":\"https:\\\/\\\/olivamorosicristians.es\\\/\",\"name\":\"Moros i Cristians Oliva\",\"description\":\"FMCO\",\"publisher\":{\"@id\":\"https:\\\/\\\/olivamorosicristians.es\\\/#organization\"},\"potentialAction\":[{\"@type\":\"SearchAction\",\"target\":{\"@type\":\"EntryPoint\",\"urlTemplate\":\"https:\\\/\\\/olivamorosicristians.es\\\/?s={search_term_string}\"},\"query-input\":{\"@type\":\"PropertyValueSpecification\",\"valueRequired\":true,\"valueName\":\"search_term_string\"}}],\"inLanguage\":\"es\"},{\"@type\":\"Organization\",\"@id\":\"https:\\\/\\\/olivamorosicristians.es\\\/#organization\",\"name\":\"Federaci\u00f3 de Moros i Cristians - Oliva\",\"url\":\"https:\\\/\\\/olivamorosicristians.es\\\/\",\"logo\":{\"@type\":\"ImageObject\",\"inLanguage\":\"es\",\"@id\":\"https:\\\/\\\/olivamorosicristians.es\\\/#\\\/schema\\\/logo\\\/image\\\/\",\"url\":\"https:\\\/\\\/i2.wp.com\\\/olivamorosicristians.es\\\/wp-content\\\/uploads\\\/2018\\\/06\\\/Icon_FMiCO.png?fit=50%2C50&ssl=1\",\"contentUrl\":\"https:\\\/\\\/i2.wp.com\\\/olivamorosicristians.es\\\/wp-content\\\/uploads\\\/2018\\\/06\\\/Icon_FMiCO.png?fit=50%2C50&ssl=1\",\"width\":50,\"height\":50,\"caption\":\"Federaci\u00f3 de Moros i Cristians - Oliva\"},\"image\":{\"@id\":\"https:\\\/\\\/olivamorosicristians.es\\\/#\\\/schema\\\/logo\\\/image\\\/\"},\"sameAs\":[\"https:\\\/\\\/www.facebook.com\\\/federaciodemorosicristiansdoliva\\\/\",\"https:\\\/\\\/www.instagram.com\\\/morosicristiansoliva\\\/?hl=es\"]},{\"@type\":\"Person\",\"@id\":\"https:\\\/\\\/olivamorosicristians.es\\\/#\\\/schema\\\/person\\\/21ece052d8816103cad91a2676fd0149\",\"name\":\"Webmaster\",\"image\":{\"@type\":\"ImageObject\",\"inLanguage\":\"es\",\"@id\":\"https:\\\/\\\/secure.gravatar.com\\\/avatar\\\/18de20f14d74abe0c800b423a8b0e24cae6153cb6baeb2c2df80e1cef2117e0d?s=96&d=mm&r=g\",\"url\":\"https:\\\/\\\/secure.gravatar.com\\\/avatar\\\/18de20f14d74abe0c800b423a8b0e24cae6153cb6baeb2c2df80e1cef2117e0d?s=96&d=mm&r=g\",\"contentUrl\":\"https:\\\/\\\/secure.gravatar.com\\\/avatar\\\/18de20f14d74abe0c800b423a8b0e24cae6153cb6baeb2c2df80e1cef2117e0d?s=96&d=mm&r=g\",\"caption\":\"Webmaster\"},\"sameAs\":[\"https:\\\/\\\/www.facebook.com\\\/federaciodemorosicristiansdoliva\",\"https:\\\/\\\/www.instagram.com\\\/morosicristiansoliva\\\/\"]}]}<\/script>\n<!-- \/ Yoast SEO plugin. -->","yoast_head_json":{"title":"Informaci\u00f3 fot\u00f2grafs i c\u00e0meres - Moros i Cristians Oliva","robots":{"index":"index","follow":"follow","max-snippet":"max-snippet:-1","max-image-preview":"max-image-preview:large","max-video-preview":"max-video-preview:-1"},"canonical":"https:\/\/olivamorosicristians.es\/es\/informacio-fotografs-i-cameres\/","og_locale":"es_ES","og_type":"article","og_title":"Informaci\u00f3 fot\u00f2grafs i c\u00e0meres - Moros i Cristians Oliva","og_description":"\ud83d\udcf8Per la present s&#8217;informa a tots els fot\u00f2grafs interessats en participar en els actes oficials dels Moros i Cristians d&#8217;Oliva, que ja poden sol\u00b7licitar les seues acreditacions enviant un e-mail a: premsa@olivamorosicristians.es Hauran d&#8217;enviar: Nom, congnoms i fotoc\u00f2pia del DNI per ambdues cares. Recorden que sense aquesta acreditaci\u00f3 no podran accedir al bell mig del [&hellip;]","og_url":"https:\/\/olivamorosicristians.es\/es\/informacio-fotografs-i-cameres\/","og_site_name":"Moros i Cristians Oliva","article_publisher":"https:\/\/www.facebook.com\/federaciodemorosicristiansdoliva\/","article_author":"https:\/\/www.facebook.com\/federaciodemorosicristiansdoliva","article_published_time":"2019-07-08T22:14:41+00:00","article_modified_time":"2019-07-09T10:44:28+00:00","og_image":[{"width":600,"height":400,"url":"https:\/\/i1.wp.com\/olivamorosicristians.es\/wp-content\/uploads\/2019\/07\/66121591_2427428087486790_1181497996496338944_n-e1562668390513.jpg?fit=600%2C400&ssl=1","type":"image\/jpeg"}],"author":"Webmaster","twitter_card":"summary_large_image","twitter_misc":{"Escrito por":"Webmaster"},"schema":{"@context":"https:\/\/schema.org","@graph":[{"@type":"Article","@id":"https:\/\/olivamorosicristians.es\/informacio-fotografs-i-cameres\/#article","isPartOf":{"@id":"https:\/\/olivamorosicristians.es\/informacio-fotografs-i-cameres\/"},"author":{"name":"Webmaster","@id":"https:\/\/olivamorosicristians.es\/#\/schema\/person\/21ece052d8816103cad91a2676fd0149"},"headline":"Informaci\u00f3 fot\u00f2grafs i c\u00e0meres","datePublished":"2019-07-08T22:14:41+00:00","dateModified":"2019-07-09T10:44:28+00:00","mainEntityOfPage":{"@id":"https:\/\/olivamorosicristians.es\/informacio-fotografs-i-cameres\/"},"wordCount":94,"publisher":{"@id":"https:\/\/olivamorosicristians.es\/#organization"},"image":{"@id":"https:\/\/olivamorosicristians.es\/informacio-fotografs-i-cameres\/#primaryimage"},"thumbnailUrl":"https:\/\/i0.wp.com\/olivamorosicristians.es\/wp-content\/uploads\/2019\/07\/66121591_2427428087486790_1181497996496338944_n-e1562668390513.jpg?fit=600%2C400&ssl=1","articleSection":["Varis"],"inLanguage":"es"},{"@type":"WebPage","@id":"https:\/\/olivamorosicristians.es\/informacio-fotografs-i-cameres\/","url":"https:\/\/olivamorosicristians.es\/informacio-fotografs-i-cameres\/","name":"Informaci\u00f3 fot\u00f2grafs i c\u00e0meres - Moros i Cristians Oliva","isPartOf":{"@id":"https:\/\/olivamorosicristians.es\/#website"},"primaryImageOfPage":{"@id":"https:\/\/olivamorosicristians.es\/informacio-fotografs-i-cameres\/#primaryimage"},"image":{"@id":"https:\/\/olivamorosicristians.es\/informacio-fotografs-i-cameres\/#primaryimage"},"thumbnailUrl":"https:\/\/i0.wp.com\/olivamorosicristians.es\/wp-content\/uploads\/2019\/07\/66121591_2427428087486790_1181497996496338944_n-e1562668390513.jpg?fit=600%2C400&ssl=1","datePublished":"2019-07-08T22:14:41+00:00","dateModified":"2019-07-09T10:44:28+00:00","breadcrumb":{"@id":"https:\/\/olivamorosicristians.es\/informacio-fotografs-i-cameres\/#breadcrumb"},"inLanguage":"es","potentialAction":[{"@type":"ReadAction","target":["https:\/\/olivamorosicristians.es\/informacio-fotografs-i-cameres\/"]}]},{"@type":"ImageObject","inLanguage":"es","@id":"https:\/\/olivamorosicristians.es\/informacio-fotografs-i-cameres\/#primaryimage","url":"https:\/\/i0.wp.com\/olivamorosicristians.es\/wp-content\/uploads\/2019\/07\/66121591_2427428087486790_1181497996496338944_n-e1562668390513.jpg?fit=600%2C400&ssl=1","contentUrl":"https:\/\/i0.wp.com\/olivamorosicristians.es\/wp-content\/uploads\/2019\/07\/66121591_2427428087486790_1181497996496338944_n-e1562668390513.jpg?fit=600%2C400&ssl=1","width":600,"height":400,"caption":"oliva moros i cristians"},{"@type":"BreadcrumbList","@id":"https:\/\/olivamorosicristians.es\/informacio-fotografs-i-cameres\/#breadcrumb","itemListElement":[{"@type":"ListItem","position":1,"name":"Portada","item":"https:\/\/olivamorosicristians.es\/"},{"@type":"ListItem","position":2,"name":"Informaci\u00f3 fot\u00f2grafs i c\u00e0meres"}]},{"@type":"WebSite","@id":"https:\/\/olivamorosicristians.es\/#website","url":"https:\/\/olivamorosicristians.es\/","name":"Moros i Cristians Oliva","description":"FMCO","publisher":{"@id":"https:\/\/olivamorosicristians.es\/#organization"},"potentialAction":[{"@type":"SearchAction","target":{"@type":"EntryPoint","urlTemplate":"https:\/\/olivamorosicristians.es\/?s={search_term_string}"},"query-input":{"@type":"PropertyValueSpecification","valueRequired":true,"valueName":"search_term_string"}}],"inLanguage":"es"},{"@type":"Organization","@id":"https:\/\/olivamorosicristians.es\/#organization","name":"La Federaci\u00f3n de Moros y Cristianos de Oliva","url":"https:\/\/olivamorosicristians.es\/","logo":{"@type":"ImageObject","inLanguage":"es","@id":"https:\/\/olivamorosicristians.es\/#\/schema\/logo\/image\/","url":"https:\/\/i2.wp.com\/olivamorosicristians.es\/wp-content\/uploads\/2018\/06\/Icon_FMiCO.png?fit=50%2C50&ssl=1","contentUrl":"https:\/\/i2.wp.com\/olivamorosicristians.es\/wp-content\/uploads\/2018\/06\/Icon_FMiCO.png?fit=50%2C50&ssl=1","width":50,"height":50,"caption":"Federaci\u00f3 de Moros i Cristians - Oliva"},"image":{"@id":"https:\/\/olivamorosicristians.es\/#\/schema\/logo\/image\/"},"sameAs":["https:\/\/www.facebook.com\/federaciodemorosicristiansdoliva\/","https:\/\/www.instagram.com\/morosicristiansoliva\/?hl=es"]},{"@type":"Person","@id":"https:\/\/olivamorosicristians.es\/#\/schema\/person\/21ece052d8816103cad91a2676fd0149","name":"Webmaster","image":{"@type":"ImageObject","inLanguage":"es","@id":"https:\/\/secure.gravatar.com\/avatar\/18de20f14d74abe0c800b423a8b0e24cae6153cb6baeb2c2df80e1cef2117e0d?s=96&d=mm&r=g","url":"https:\/\/secure.gravatar.com\/avatar\/18de20f14d74abe0c800b423a8b0e24cae6153cb6baeb2c2df80e1cef2117e0d?s=96&d=mm&r=g","contentUrl":"https:\/\/secure.gravatar.com\/avatar\/18de20f14d74abe0c800b423a8b0e24cae6153cb6baeb2c2df80e1cef2117e0d?s=96&d=mm&r=g","caption":"Webmaster"},"sameAs":["https:\/\/www.facebook.com\/federaciodemorosicristiansdoliva","https:\/\/www.instagram.com\/morosicristiansoliva\/"]}]}},"jetpack_publicize_connections":[],"jetpack_featured_media_url":"https:\/\/i0.wp.com\/olivamorosicristians.es\/wp-content\/uploads\/2019\/07\/66121591_2427428087486790_1181497996496338944_n-e1562668390513.jpg?fit=600%2C400&ssl=1","jetpack_sharing_enabled":true,"jetpack_shortlink":"https:\/\/wp.me\/pagEx6-2qi","jetpack-related-posts":[],"_links":{"self":[{"href":"https:\/\/olivamorosicristians.es\/es\/wp-json\/wp\/v2\/posts\/9318","targetHints":{"allow":["GET"]}}],"collection":[{"href":"https:\/\/olivamorosicristians.es\/es\/wp-json\/wp\/v2\/posts"}],"about":[{"href":"https:\/\/olivamorosicristians.es\/es\/wp-json\/wp\/v2\/types\/post"}],"author":[{"embeddable":true,"href":"https:\/\/olivamorosicristians.es\/es\/wp-json\/wp\/v2\/users\/1"}],"replies":[{"embeddable":true,"href":"https:\/\/olivamorosicristians.es\/es\/wp-json\/wp\/v2\/comments?post=9318"}],"version-history":[{"count":2,"href":"https:\/\/olivamorosicristians.es\/es\/wp-json\/wp\/v2\/posts\/9318\/revisions"}],"predecessor-version":[{"id":9323,"href":"https:\/\/olivamorosicristians.es\/es\/wp-json\/wp\/v2\/posts\/9318\/revisions\/9323"}],"wp:featuredmedia":[{"embeddable":true,"href":"https:\/\/olivamorosicristians.es\/es\/wp-json\/wp\/v2\/media\/9319"}],"wp:attachment":[{"href":"https:\/\/olivamorosicristians.es\/es\/wp-json\/wp\/v2\/media?parent=9318"}],"wp:term":[{"taxonomy":"category","embeddable":true,"href":"https:\/\/olivamorosicristians.es\/es\/wp-json\/wp\/v2\/categories?post=9318"},{"taxonomy":"post_tag","embeddable":true,"href":"https:\/\/olivamorosicristians.es\/es\/wp-json\/wp\/v2\/tags?post=9318"}],"curies":[{"name":"wp","href":"https:\/\/api.w.org\/{rel}","templated":true}]}}