{"id":9144,"date":"2019-07-04T07:40:53","date_gmt":"2019-07-04T07:40:53","guid":{"rendered":"http:\/\/olivamorosicristians.es\/?p=9144"},"modified":"2019-07-06T17:23:56","modified_gmt":"2019-07-06T17:23:56","slug":"la-federacio-de-moros-i-cristians-doliva-2019-donara-a-coneixer-a-la-pregonera-i-al-director-de-bandes-i-presentara-el-llibre-de-les-festes-de-2019","status":"publish","type":"post","link":"https:\/\/olivamorosicristians.es\/es\/la-federacio-de-moros-i-cristians-doliva-2019-donara-a-coneixer-a-la-pregonera-i-al-director-de-bandes-i-presentara-el-llibre-de-les-festes-de-2019\/","title":{"rendered":"La Federaci\u00f3 de Moros i Cristians d\u2019Oliva 2019 donar\u00e0 a con\u00e9ixer a la pregonera i al director de bandes i presentar\u00e0 el llibre de les Festes de 2019"},"content":{"rendered":"<p><\/p>\n\n\n\n<p>La Federaci\u00f3 de Moros i Cristians d\u2019Oliva celebrar\u00e0 el dissabte 6 de juliol, a partir de les 19:30h, al Centre Polivalent d\u2019Oliva, la presentaci\u00f3 del llibre de Festes de 2019, donar\u00e0 a con\u00e9ixer a la Pregonera i al Director de Bandes i realitzar\u00e0 l\u2019acte d\u2019entrega de regals de les filades als capitans i ambaixadors de 2019. <\/p>\n\n\n\n<p>Com l\u2019any passat, la Federaci\u00f3 de Moros i Cristians ha preparat, per al proper dissabte, l\u2019acte de presentaci\u00f3 p\u00fablica del llibre de les Festes de 2019. Enguany, la portada del llibre \u00e9s obra de l\u2019artista Luis Galbis Fuster. El disseny, que ser\u00e0 la imatge de les Festes d\u2019enguany, \u201cpret\u00e9n mostrar una diversitat que integra a tots els elements de la Festa i busca que la gent puga recon\u00e8ixer-se en amb el que en ell es representa\u201d com el propi autor va expressar en el moment en que es va donar a con\u00e9ixer que Galbis seria el dissenyador. Galbis participar\u00e0 de l\u2019acte i explicar\u00e0 en major detall l\u2019ess\u00e8ncia del que la seua creaci\u00f3 vol transmetre.<\/p>\n\n\n\n<p>A l\u2019interior\ndel llibre trobarem les cr\u00f2niques de les Festes de 2018, acompanyades de les\nfotografies dels que van ser els protagonistes l\u2019any passat. Per\u00f2 sobretot,\nenguany, essent la m\u00fasica la tem\u00e0tica central del llibre, el que podrem llegir\nseran &nbsp;molts i interessants textos que en\nparlaran d\u2019aquest art. Per part de les Filades, cadascuna n\u2019ha elaborat un sobre\nel patrimoni musical propi d\u2019elles (gran part ja enregistrat als CDs 31 anys de\nFesta, Anem de Festa I i Anem de Festa II, entre d\u2019altres de les pr\u00f2pies\nfilades), i del vincle que es crea entre aquestes i les seues bandes oficials. <\/p>\n\n\n\n<ul class=\"wp-block-gallery alignleft columns-1 is-cropped wp-block-gallery-1 is-layout-flex wp-block-gallery-is-layout-flex\"><li class=\"blocks-gallery-item\"><figure><img data-recalc-dims=\"1\" loading=\"lazy\" decoding=\"async\" width=\"750\" height=\"450\" data-attachment-id=\"9147\" data-permalink=\"https:\/\/olivamorosicristians.es\/es\/la-federacio-de-moros-i-cristians-doliva-2019-donara-a-coneixer-a-la-pregonera-i-al-director-de-bandes-i-presentara-el-llibre-de-les-festes-de-2019\/jose-rafael-pascual-vilaplana-oporto-2018\/\" data-orig-file=\"https:\/\/i0.wp.com\/olivamorosicristians.es\/wp-content\/uploads\/2019\/07\/jose-rafael-pascual-vilaplana-oporto-2018.jpg?fit=750%2C450&amp;ssl=1\" data-orig-size=\"750,450\" data-comments-opened=\"0\" data-image-meta=\"{&quot;aperture&quot;:&quot;0&quot;,&quot;credit&quot;:&quot;&quot;,&quot;camera&quot;:&quot;&quot;,&quot;caption&quot;:&quot;&quot;,&quot;created_timestamp&quot;:&quot;0&quot;,&quot;copyright&quot;:&quot;&quot;,&quot;focal_length&quot;:&quot;0&quot;,&quot;iso&quot;:&quot;0&quot;,&quot;shutter_speed&quot;:&quot;0&quot;,&quot;title&quot;:&quot;&quot;,&quot;orientation&quot;:&quot;0&quot;}\" data-image-title=\"jose-rafael-pascual-vilaplana-oporto-2018\" data-image-description=\"\" data-image-caption=\"\" data-large-file=\"https:\/\/i0.wp.com\/olivamorosicristians.es\/wp-content\/uploads\/2019\/07\/jose-rafael-pascual-vilaplana-oporto-2018.jpg?fit=750%2C450&amp;ssl=1\" src=\"https:\/\/i0.wp.com\/olivamorosicristians.es\/wp-content\/uploads\/2019\/07\/jose-rafael-pascual-vilaplana-oporto-2018.jpg?resize=750%2C450\" alt=\"\" data-id=\"9147\" data-link=\"http:\/\/olivamorosicristians.es\/?attachment_id=9147\" class=\"wp-image-9147\" srcset=\"https:\/\/i0.wp.com\/olivamorosicristians.es\/wp-content\/uploads\/2019\/07\/jose-rafael-pascual-vilaplana-oporto-2018.jpg?w=750&amp;ssl=1 750w, https:\/\/i0.wp.com\/olivamorosicristians.es\/wp-content\/uploads\/2019\/07\/jose-rafael-pascual-vilaplana-oporto-2018.jpg?resize=300%2C180&amp;ssl=1 300w, https:\/\/i0.wp.com\/olivamorosicristians.es\/wp-content\/uploads\/2019\/07\/jose-rafael-pascual-vilaplana-oporto-2018.jpg?resize=640%2C384&amp;ssl=1 640w\" sizes=\"auto, (max-width: 750px) 100vw, 750px\" \/><\/figure><\/li><\/ul>\n\n\n\n<p>Tamb\u00e9 tindrem articles elaborats per m\u00fasics i compositors que ens ajudaran a bucejar en la part m\u00e9s creativa i personal de la m\u00fasica, tan essencial en la nostra Festa. Podem destacar l\u2019article realitzat pel director de bandes de les Festes de 2019, el mestre Jos\u00e9 Rafael Pascual-Vilaplana, titulat \u201cM\u00fasica agosarada\u201d; i l\u2019entrevista al tamb\u00e9 reconegud\u00edssim compositor Francisco Valor i Llorens. <\/p>\n\n\n\n<p>Acabada la\npresentaci\u00f3 del llibre, que anir\u00e0 a c\u00e0rrec de Vicent Llorca, membre de la\nFederaci\u00f3 de Moros i Cristians d\u2019Oliva que s\u2019ha encarregat de la coordinaci\u00f3 de\nla publicaci\u00f3, es presentar\u00e0 a la pregonera de les Festes de 2019, la jove&nbsp; jugadora del Val\u00e8ncia Basket Club i natural\nd\u2019Oliva, Irene Gar\u00ed Gilabert (Oliva, 1994). <\/p>\n\n\n\n<ul class=\"wp-block-gallery alignright columns-1 is-cropped wp-block-gallery-2 is-layout-flex wp-block-gallery-is-layout-flex\"><li class=\"blocks-gallery-item\"><figure><img data-recalc-dims=\"1\" loading=\"lazy\" decoding=\"async\" width=\"620\" height=\"350\" data-attachment-id=\"9148\" data-permalink=\"https:\/\/olivamorosicristians.es\/es\/la-federacio-de-moros-i-cristians-doliva-2019-donara-a-coneixer-a-la-pregonera-i-al-director-de-bandes-i-presentara-el-llibre-de-les-festes-de-2019\/irene-gari\/\" data-orig-file=\"https:\/\/i0.wp.com\/olivamorosicristians.es\/wp-content\/uploads\/2019\/07\/Irene-Gari%CC%81.jpg?fit=620%2C350&amp;ssl=1\" data-orig-size=\"620,350\" data-comments-opened=\"0\" data-image-meta=\"{&quot;aperture&quot;:&quot;0&quot;,&quot;credit&quot;:&quot;&quot;,&quot;camera&quot;:&quot;&quot;,&quot;caption&quot;:&quot;&quot;,&quot;created_timestamp&quot;:&quot;0&quot;,&quot;copyright&quot;:&quot;&quot;,&quot;focal_length&quot;:&quot;0&quot;,&quot;iso&quot;:&quot;0&quot;,&quot;shutter_speed&quot;:&quot;0&quot;,&quot;title&quot;:&quot;&quot;,&quot;orientation&quot;:&quot;0&quot;}\" data-image-title=\"Irene-Gari\u0301\" data-image-description=\"\" data-image-caption=\"\" data-large-file=\"https:\/\/i0.wp.com\/olivamorosicristians.es\/wp-content\/uploads\/2019\/07\/Irene-Gari%CC%81.jpg?fit=620%2C350&amp;ssl=1\" src=\"https:\/\/i0.wp.com\/olivamorosicristians.es\/wp-content\/uploads\/2019\/07\/Irene-Gari%CC%81.jpg?resize=620%2C350\" alt=\"\" data-id=\"9148\" data-link=\"http:\/\/olivamorosicristians.es\/?attachment_id=9148\" class=\"wp-image-9148\" srcset=\"https:\/\/i0.wp.com\/olivamorosicristians.es\/wp-content\/uploads\/2019\/07\/Irene-Gari%CC%81.jpg?w=620&amp;ssl=1 620w, https:\/\/i0.wp.com\/olivamorosicristians.es\/wp-content\/uploads\/2019\/07\/Irene-Gari%CC%81.jpg?resize=300%2C169&amp;ssl=1 300w\" sizes=\"auto, (max-width: 620px) 100vw, 620px\" \/><\/figure><\/li><\/ul>\n\n\n\n<p>L\u2019exitosa\njugadora, component del conjunt de l\u2019equip valenci\u00e0 que va aconseguir l\u2019ascens\na la primera divisi\u00f3 del Basket femen\u00ed en 2018, ser\u00e0 qui pronunciar\u00e0, des del\nbalc\u00f3 de l\u2019Ajuntament d\u2019Oliva, el preg\u00f3 que donar\u00e0 el tret d\u2019eixida a les\nFestes. <\/p>\n\n\n\n<p>Despr\u00e9s del preg\u00f3, s\u2019interpreta l\u2019Himne de les Festes de Moros i Cristians d\u2019Oliva \u201cOliva 1990\u201d, composici\u00f3 del mestre Villar. El director de bandes que dirigir\u00e0 a tots els m\u00fasics en eixe moment m\u00e0gic de la nostra Festa ser\u00e0 el magistral compositor Jos\u00e9 Rafael Pascual-Vilaplana (Muro, 1971). Autor de peces de m\u00fasica festera tan reconegudes com les Marxes Mores \u2018Cavall de Foc\u2019, \u2018Xubuch\u2019 o \u2018Tudmir\u2019, entre d\u2019altres, Pascual-Vilaplana tamb\u00e9 ser\u00e0 presentat a l\u2019acte del dia 6 de juliol, despr\u00e9s de la pregonera.<\/p>\n\n\n\n<p>Acte seguit,\nles Filades faran entrega dels regals als c\u00e0rrecs Festers de 2019 que, enguany,\nrecordem, s\u00f3n: Capit\u00e0 Moro, Miquel Lleches Colomar i Ambaixador Moro, Fco. Jos\u00e9\nCardona Germ\u00e1n (Paco El Manyano), ambd\u00f3s de la Fil\u00e0 Almor\u00e0vits; Capit\u00e0 Cristi\u00e0\n, Jaime Garcia Lorente i Ambaixador Cristi\u00e0, Iv\u00e1n Chamorro L\u00f3pez, ambd\u00f3s de la\nFil\u00e0 Mosqueters. L\u2019acte estar\u00e0 presidit per Sergio Ba\u00f1uls Sempere, President de\nla Federaci\u00f3 de Moros i Cristians d\u2019Oliva, qui estar\u00e0 acompanyat per\nl\u2019abanderada de la Federaci\u00f3, N\u00faria Montero Llopis. <\/p>\n\n\n\n<p>En acabar\nl\u2019acte s\u2019oferir\u00e0 un vi d\u2019honor per als assitents i l\u2019Associaci\u00f3 Art\u00edstic\nMusical d\u2019Oliva interpretar\u00e0 pasdobles i marxes mores i cristianes.<\/p>","protected":false},"excerpt":{"rendered":"<p>La Federaci\u00f3 de Moros i Cristians d\u2019Oliva celebrar\u00e0 el dissabte 6 de juliol, a partir de les 19:30h, al Centre Polivalent d\u2019Oliva, la presentaci\u00f3 del llibre de Festes de 2019, donar\u00e0 a con\u00e9ixer a la Pregonera i al Director de Bandes i realitzar\u00e0 l\u2019acte d\u2019entrega de regals de les filades als capitans i ambaixadors de [&hellip;]<\/p>\n","protected":false},"author":1,"featured_media":9145,"comment_status":"closed","ping_status":"open","sticky":false,"template":"","format":"standard","meta":{"jetpack_post_was_ever_published":false,"_jetpack_newsletter_access":"","_jetpack_dont_email_post_to_subs":false,"_jetpack_newsletter_tier_id":0,"_jetpack_memberships_contains_paywalled_content":false,"_jetpack_memberships_contains_paid_content":false,"footnotes":"","jetpack_publicize_message":"","jetpack_publicize_feature_enabled":true,"jetpack_social_post_already_shared":true,"jetpack_social_options":{"image_generator_settings":{"template":"highway","default_image_id":0,"font":"","enabled":false},"version":2}},"categories":[1],"tags":[147,146],"class_list":["post-9144","post","type-post","status-publish","format-standard","has-post-thumbnail","hentry","category-varis","tag-festes19","tag-llibre"],"yoast_head":"<!-- This site is optimized with the Yoast SEO plugin v27.5 - https:\/\/yoast.com\/product\/yoast-seo-wordpress\/ -->\n<title>La Federaci\u00f3 de Moros i Cristians d\u2019Oliva 2019 donar\u00e0 a con\u00e9ixer a la pregonera i al director de bandes i presentar\u00e0 el llibre de les Festes de 2019 - Moros i Cristians Oliva<\/title>\n<meta name=\"robots\" content=\"index, follow, max-snippet:-1, max-image-preview:large, max-video-preview:-1\" \/>\n<link rel=\"canonical\" href=\"https:\/\/olivamorosicristians.es\/es\/la-federacio-de-moros-i-cristians-doliva-2019-donara-a-coneixer-a-la-pregonera-i-al-director-de-bandes-i-presentara-el-llibre-de-les-festes-de-2019\/\" \/>\n<meta property=\"og:locale\" content=\"es_ES\" \/>\n<meta property=\"og:type\" content=\"article\" \/>\n<meta property=\"og:title\" content=\"La Federaci\u00f3 de Moros i Cristians d\u2019Oliva 2019 donar\u00e0 a con\u00e9ixer a la pregonera i al director de bandes i presentar\u00e0 el llibre de les Festes de 2019 - Moros i Cristians Oliva\" \/>\n<meta property=\"og:description\" content=\"La Federaci\u00f3 de Moros i Cristians d\u2019Oliva celebrar\u00e0 el dissabte 6 de juliol, a partir de les 19:30h, al Centre Polivalent d\u2019Oliva, la presentaci\u00f3 del llibre de Festes de 2019, donar\u00e0 a con\u00e9ixer a la Pregonera i al Director de Bandes i realitzar\u00e0 l\u2019acte d\u2019entrega de regals de les filades als capitans i ambaixadors de [&hellip;]\" \/>\n<meta property=\"og:url\" content=\"https:\/\/olivamorosicristians.es\/es\/la-federacio-de-moros-i-cristians-doliva-2019-donara-a-coneixer-a-la-pregonera-i-al-director-de-bandes-i-presentara-el-llibre-de-les-festes-de-2019\/\" \/>\n<meta property=\"og:site_name\" content=\"Moros i Cristians Oliva\" \/>\n<meta property=\"article:publisher\" content=\"https:\/\/www.facebook.com\/federaciodemorosicristiansdoliva\/\" \/>\n<meta property=\"article:author\" content=\"https:\/\/www.facebook.com\/federaciodemorosicristiansdoliva\" \/>\n<meta property=\"article:published_time\" content=\"2019-07-04T07:40:53+00:00\" \/>\n<meta property=\"article:modified_time\" content=\"2019-07-06T17:23:56+00:00\" \/>\n<meta property=\"og:image\" content=\"https:\/\/i2.wp.com\/olivamorosicristians.es\/wp-content\/uploads\/2019\/07\/MG_0956-e1562433434865.jpg?fit=600%2C400&ssl=1\" \/>\n\t<meta property=\"og:image:width\" content=\"600\" \/>\n\t<meta property=\"og:image:height\" content=\"400\" \/>\n\t<meta property=\"og:image:type\" content=\"image\/jpeg\" \/>\n<meta name=\"author\" content=\"Webmaster\" \/>\n<meta name=\"twitter:card\" content=\"summary_large_image\" \/>\n<meta name=\"twitter:label1\" content=\"Escrito por\" \/>\n\t<meta name=\"twitter:data1\" content=\"Webmaster\" \/>\n\t<meta name=\"twitter:label2\" content=\"Tiempo de lectura\" \/>\n\t<meta name=\"twitter:data2\" content=\"3 minutos\" \/>\n<script type=\"application\/ld+json\" class=\"yoast-schema-graph\">{\"@context\":\"https:\\\/\\\/schema.org\",\"@graph\":[{\"@type\":\"Article\",\"@id\":\"https:\\\/\\\/olivamorosicristians.es\\\/la-federacio-de-moros-i-cristians-doliva-2019-donara-a-coneixer-a-la-pregonera-i-al-director-de-bandes-i-presentara-el-llibre-de-les-festes-de-2019\\\/#article\",\"isPartOf\":{\"@id\":\"https:\\\/\\\/olivamorosicristians.es\\\/la-federacio-de-moros-i-cristians-doliva-2019-donara-a-coneixer-a-la-pregonera-i-al-director-de-bandes-i-presentara-el-llibre-de-les-festes-de-2019\\\/\"},\"author\":{\"name\":\"Webmaster\",\"@id\":\"https:\\\/\\\/olivamorosicristians.es\\\/#\\\/schema\\\/person\\\/21ece052d8816103cad91a2676fd0149\"},\"headline\":\"La Federaci\u00f3 de Moros i Cristians d\u2019Oliva 2019 donar\u00e0 a con\u00e9ixer a la pregonera i al director de bandes i presentar\u00e0 el llibre de les Festes de 2019\",\"datePublished\":\"2019-07-04T07:40:53+00:00\",\"dateModified\":\"2019-07-06T17:23:56+00:00\",\"mainEntityOfPage\":{\"@id\":\"https:\\\/\\\/olivamorosicristians.es\\\/la-federacio-de-moros-i-cristians-doliva-2019-donara-a-coneixer-a-la-pregonera-i-al-director-de-bandes-i-presentara-el-llibre-de-les-festes-de-2019\\\/\"},\"wordCount\":699,\"publisher\":{\"@id\":\"https:\\\/\\\/olivamorosicristians.es\\\/#organization\"},\"image\":{\"@id\":\"https:\\\/\\\/olivamorosicristians.es\\\/la-federacio-de-moros-i-cristians-doliva-2019-donara-a-coneixer-a-la-pregonera-i-al-director-de-bandes-i-presentara-el-llibre-de-les-festes-de-2019\\\/#primaryimage\"},\"thumbnailUrl\":\"https:\\\/\\\/i0.wp.com\\\/olivamorosicristians.es\\\/wp-content\\\/uploads\\\/2019\\\/07\\\/MG_0956-e1562433434865.jpg?fit=600%2C400&ssl=1\",\"keywords\":[\"Festes'19\",\"Llibre\"],\"articleSection\":[\"Varis\"],\"inLanguage\":\"es\"},{\"@type\":\"WebPage\",\"@id\":\"https:\\\/\\\/olivamorosicristians.es\\\/la-federacio-de-moros-i-cristians-doliva-2019-donara-a-coneixer-a-la-pregonera-i-al-director-de-bandes-i-presentara-el-llibre-de-les-festes-de-2019\\\/\",\"url\":\"https:\\\/\\\/olivamorosicristians.es\\\/la-federacio-de-moros-i-cristians-doliva-2019-donara-a-coneixer-a-la-pregonera-i-al-director-de-bandes-i-presentara-el-llibre-de-les-festes-de-2019\\\/\",\"name\":\"La Federaci\u00f3 de Moros i Cristians d\u2019Oliva 2019 donar\u00e0 a con\u00e9ixer a la pregonera i al director de bandes i presentar\u00e0 el llibre de les Festes de 2019 - Moros i Cristians Oliva\",\"isPartOf\":{\"@id\":\"https:\\\/\\\/olivamorosicristians.es\\\/#website\"},\"primaryImageOfPage\":{\"@id\":\"https:\\\/\\\/olivamorosicristians.es\\\/la-federacio-de-moros-i-cristians-doliva-2019-donara-a-coneixer-a-la-pregonera-i-al-director-de-bandes-i-presentara-el-llibre-de-les-festes-de-2019\\\/#primaryimage\"},\"image\":{\"@id\":\"https:\\\/\\\/olivamorosicristians.es\\\/la-federacio-de-moros-i-cristians-doliva-2019-donara-a-coneixer-a-la-pregonera-i-al-director-de-bandes-i-presentara-el-llibre-de-les-festes-de-2019\\\/#primaryimage\"},\"thumbnailUrl\":\"https:\\\/\\\/i0.wp.com\\\/olivamorosicristians.es\\\/wp-content\\\/uploads\\\/2019\\\/07\\\/MG_0956-e1562433434865.jpg?fit=600%2C400&ssl=1\",\"datePublished\":\"2019-07-04T07:40:53+00:00\",\"dateModified\":\"2019-07-06T17:23:56+00:00\",\"breadcrumb\":{\"@id\":\"https:\\\/\\\/olivamorosicristians.es\\\/la-federacio-de-moros-i-cristians-doliva-2019-donara-a-coneixer-a-la-pregonera-i-al-director-de-bandes-i-presentara-el-llibre-de-les-festes-de-2019\\\/#breadcrumb\"},\"inLanguage\":\"es\",\"potentialAction\":[{\"@type\":\"ReadAction\",\"target\":[\"https:\\\/\\\/olivamorosicristians.es\\\/la-federacio-de-moros-i-cristians-doliva-2019-donara-a-coneixer-a-la-pregonera-i-al-director-de-bandes-i-presentara-el-llibre-de-les-festes-de-2019\\\/\"]}]},{\"@type\":\"ImageObject\",\"inLanguage\":\"es\",\"@id\":\"https:\\\/\\\/olivamorosicristians.es\\\/la-federacio-de-moros-i-cristians-doliva-2019-donara-a-coneixer-a-la-pregonera-i-al-director-de-bandes-i-presentara-el-llibre-de-les-festes-de-2019\\\/#primaryimage\",\"url\":\"https:\\\/\\\/i0.wp.com\\\/olivamorosicristians.es\\\/wp-content\\\/uploads\\\/2019\\\/07\\\/MG_0956-e1562433434865.jpg?fit=600%2C400&ssl=1\",\"contentUrl\":\"https:\\\/\\\/i0.wp.com\\\/olivamorosicristians.es\\\/wp-content\\\/uploads\\\/2019\\\/07\\\/MG_0956-e1562433434865.jpg?fit=600%2C400&ssl=1\",\"width\":600,\"height\":400,\"caption\":\"oliva moros i cristians\"},{\"@type\":\"BreadcrumbList\",\"@id\":\"https:\\\/\\\/olivamorosicristians.es\\\/la-federacio-de-moros-i-cristians-doliva-2019-donara-a-coneixer-a-la-pregonera-i-al-director-de-bandes-i-presentara-el-llibre-de-les-festes-de-2019\\\/#breadcrumb\",\"itemListElement\":[{\"@type\":\"ListItem\",\"position\":1,\"name\":\"Portada\",\"item\":\"https:\\\/\\\/olivamorosicristians.es\\\/\"},{\"@type\":\"ListItem\",\"position\":2,\"name\":\"La Federaci\u00f3 de Moros i Cristians d\u2019Oliva 2019 donar\u00e0 a con\u00e9ixer a la pregonera i al director de bandes i presentar\u00e0 el llibre de les Festes de 2019\"}]},{\"@type\":\"WebSite\",\"@id\":\"https:\\\/\\\/olivamorosicristians.es\\\/#website\",\"url\":\"https:\\\/\\\/olivamorosicristians.es\\\/\",\"name\":\"Moros i Cristians Oliva\",\"description\":\"FMCO\",\"publisher\":{\"@id\":\"https:\\\/\\\/olivamorosicristians.es\\\/#organization\"},\"potentialAction\":[{\"@type\":\"SearchAction\",\"target\":{\"@type\":\"EntryPoint\",\"urlTemplate\":\"https:\\\/\\\/olivamorosicristians.es\\\/?s={search_term_string}\"},\"query-input\":{\"@type\":\"PropertyValueSpecification\",\"valueRequired\":true,\"valueName\":\"search_term_string\"}}],\"inLanguage\":\"es\"},{\"@type\":\"Organization\",\"@id\":\"https:\\\/\\\/olivamorosicristians.es\\\/#organization\",\"name\":\"Federaci\u00f3 de Moros i Cristians - Oliva\",\"url\":\"https:\\\/\\\/olivamorosicristians.es\\\/\",\"logo\":{\"@type\":\"ImageObject\",\"inLanguage\":\"es\",\"@id\":\"https:\\\/\\\/olivamorosicristians.es\\\/#\\\/schema\\\/logo\\\/image\\\/\",\"url\":\"https:\\\/\\\/i2.wp.com\\\/olivamorosicristians.es\\\/wp-content\\\/uploads\\\/2018\\\/06\\\/Icon_FMiCO.png?fit=50%2C50&ssl=1\",\"contentUrl\":\"https:\\\/\\\/i2.wp.com\\\/olivamorosicristians.es\\\/wp-content\\\/uploads\\\/2018\\\/06\\\/Icon_FMiCO.png?fit=50%2C50&ssl=1\",\"width\":50,\"height\":50,\"caption\":\"Federaci\u00f3 de Moros i Cristians - Oliva\"},\"image\":{\"@id\":\"https:\\\/\\\/olivamorosicristians.es\\\/#\\\/schema\\\/logo\\\/image\\\/\"},\"sameAs\":[\"https:\\\/\\\/www.facebook.com\\\/federaciodemorosicristiansdoliva\\\/\",\"https:\\\/\\\/www.instagram.com\\\/morosicristiansoliva\\\/?hl=es\"]},{\"@type\":\"Person\",\"@id\":\"https:\\\/\\\/olivamorosicristians.es\\\/#\\\/schema\\\/person\\\/21ece052d8816103cad91a2676fd0149\",\"name\":\"Webmaster\",\"image\":{\"@type\":\"ImageObject\",\"inLanguage\":\"es\",\"@id\":\"https:\\\/\\\/secure.gravatar.com\\\/avatar\\\/18de20f14d74abe0c800b423a8b0e24cae6153cb6baeb2c2df80e1cef2117e0d?s=96&d=mm&r=g\",\"url\":\"https:\\\/\\\/secure.gravatar.com\\\/avatar\\\/18de20f14d74abe0c800b423a8b0e24cae6153cb6baeb2c2df80e1cef2117e0d?s=96&d=mm&r=g\",\"contentUrl\":\"https:\\\/\\\/secure.gravatar.com\\\/avatar\\\/18de20f14d74abe0c800b423a8b0e24cae6153cb6baeb2c2df80e1cef2117e0d?s=96&d=mm&r=g\",\"caption\":\"Webmaster\"},\"sameAs\":[\"https:\\\/\\\/www.facebook.com\\\/federaciodemorosicristiansdoliva\",\"https:\\\/\\\/www.instagram.com\\\/morosicristiansoliva\\\/\"]}]}<\/script>\n<!-- \/ Yoast SEO plugin. -->","yoast_head_json":{"title":"La Federaci\u00f3 de Moros i Cristians d\u2019Oliva 2019 donar\u00e0 a con\u00e9ixer a la pregonera i al director de bandes i presentar\u00e0 el llibre de les Festes de 2019 - Moros i Cristians Oliva","robots":{"index":"index","follow":"follow","max-snippet":"max-snippet:-1","max-image-preview":"max-image-preview:large","max-video-preview":"max-video-preview:-1"},"canonical":"https:\/\/olivamorosicristians.es\/es\/la-federacio-de-moros-i-cristians-doliva-2019-donara-a-coneixer-a-la-pregonera-i-al-director-de-bandes-i-presentara-el-llibre-de-les-festes-de-2019\/","og_locale":"es_ES","og_type":"article","og_title":"La Federaci\u00f3 de Moros i Cristians d\u2019Oliva 2019 donar\u00e0 a con\u00e9ixer a la pregonera i al director de bandes i presentar\u00e0 el llibre de les Festes de 2019 - Moros i Cristians Oliva","og_description":"La Federaci\u00f3 de Moros i Cristians d\u2019Oliva celebrar\u00e0 el dissabte 6 de juliol, a partir de les 19:30h, al Centre Polivalent d\u2019Oliva, la presentaci\u00f3 del llibre de Festes de 2019, donar\u00e0 a con\u00e9ixer a la Pregonera i al Director de Bandes i realitzar\u00e0 l\u2019acte d\u2019entrega de regals de les filades als capitans i ambaixadors de [&hellip;]","og_url":"https:\/\/olivamorosicristians.es\/es\/la-federacio-de-moros-i-cristians-doliva-2019-donara-a-coneixer-a-la-pregonera-i-al-director-de-bandes-i-presentara-el-llibre-de-les-festes-de-2019\/","og_site_name":"Moros i Cristians Oliva","article_publisher":"https:\/\/www.facebook.com\/federaciodemorosicristiansdoliva\/","article_author":"https:\/\/www.facebook.com\/federaciodemorosicristiansdoliva","article_published_time":"2019-07-04T07:40:53+00:00","article_modified_time":"2019-07-06T17:23:56+00:00","og_image":[{"width":600,"height":400,"url":"https:\/\/i2.wp.com\/olivamorosicristians.es\/wp-content\/uploads\/2019\/07\/MG_0956-e1562433434865.jpg?fit=600%2C400&ssl=1","type":"image\/jpeg"}],"author":"Webmaster","twitter_card":"summary_large_image","twitter_misc":{"Escrito por":"Webmaster","Tiempo de lectura":"3 minutos"},"schema":{"@context":"https:\/\/schema.org","@graph":[{"@type":"Article","@id":"https:\/\/olivamorosicristians.es\/la-federacio-de-moros-i-cristians-doliva-2019-donara-a-coneixer-a-la-pregonera-i-al-director-de-bandes-i-presentara-el-llibre-de-les-festes-de-2019\/#article","isPartOf":{"@id":"https:\/\/olivamorosicristians.es\/la-federacio-de-moros-i-cristians-doliva-2019-donara-a-coneixer-a-la-pregonera-i-al-director-de-bandes-i-presentara-el-llibre-de-les-festes-de-2019\/"},"author":{"name":"Webmaster","@id":"https:\/\/olivamorosicristians.es\/#\/schema\/person\/21ece052d8816103cad91a2676fd0149"},"headline":"La Federaci\u00f3 de Moros i Cristians d\u2019Oliva 2019 donar\u00e0 a con\u00e9ixer a la pregonera i al director de bandes i presentar\u00e0 el llibre de les Festes de 2019","datePublished":"2019-07-04T07:40:53+00:00","dateModified":"2019-07-06T17:23:56+00:00","mainEntityOfPage":{"@id":"https:\/\/olivamorosicristians.es\/la-federacio-de-moros-i-cristians-doliva-2019-donara-a-coneixer-a-la-pregonera-i-al-director-de-bandes-i-presentara-el-llibre-de-les-festes-de-2019\/"},"wordCount":699,"publisher":{"@id":"https:\/\/olivamorosicristians.es\/#organization"},"image":{"@id":"https:\/\/olivamorosicristians.es\/la-federacio-de-moros-i-cristians-doliva-2019-donara-a-coneixer-a-la-pregonera-i-al-director-de-bandes-i-presentara-el-llibre-de-les-festes-de-2019\/#primaryimage"},"thumbnailUrl":"https:\/\/i0.wp.com\/olivamorosicristians.es\/wp-content\/uploads\/2019\/07\/MG_0956-e1562433434865.jpg?fit=600%2C400&ssl=1","keywords":["Festes'19","Llibre"],"articleSection":["Varis"],"inLanguage":"es"},{"@type":"WebPage","@id":"https:\/\/olivamorosicristians.es\/la-federacio-de-moros-i-cristians-doliva-2019-donara-a-coneixer-a-la-pregonera-i-al-director-de-bandes-i-presentara-el-llibre-de-les-festes-de-2019\/","url":"https:\/\/olivamorosicristians.es\/la-federacio-de-moros-i-cristians-doliva-2019-donara-a-coneixer-a-la-pregonera-i-al-director-de-bandes-i-presentara-el-llibre-de-les-festes-de-2019\/","name":"La Federaci\u00f3 de Moros i Cristians d\u2019Oliva 2019 donar\u00e0 a con\u00e9ixer a la pregonera i al director de bandes i presentar\u00e0 el llibre de les Festes de 2019 - Moros i Cristians Oliva","isPartOf":{"@id":"https:\/\/olivamorosicristians.es\/#website"},"primaryImageOfPage":{"@id":"https:\/\/olivamorosicristians.es\/la-federacio-de-moros-i-cristians-doliva-2019-donara-a-coneixer-a-la-pregonera-i-al-director-de-bandes-i-presentara-el-llibre-de-les-festes-de-2019\/#primaryimage"},"image":{"@id":"https:\/\/olivamorosicristians.es\/la-federacio-de-moros-i-cristians-doliva-2019-donara-a-coneixer-a-la-pregonera-i-al-director-de-bandes-i-presentara-el-llibre-de-les-festes-de-2019\/#primaryimage"},"thumbnailUrl":"https:\/\/i0.wp.com\/olivamorosicristians.es\/wp-content\/uploads\/2019\/07\/MG_0956-e1562433434865.jpg?fit=600%2C400&ssl=1","datePublished":"2019-07-04T07:40:53+00:00","dateModified":"2019-07-06T17:23:56+00:00","breadcrumb":{"@id":"https:\/\/olivamorosicristians.es\/la-federacio-de-moros-i-cristians-doliva-2019-donara-a-coneixer-a-la-pregonera-i-al-director-de-bandes-i-presentara-el-llibre-de-les-festes-de-2019\/#breadcrumb"},"inLanguage":"es","potentialAction":[{"@type":"ReadAction","target":["https:\/\/olivamorosicristians.es\/la-federacio-de-moros-i-cristians-doliva-2019-donara-a-coneixer-a-la-pregonera-i-al-director-de-bandes-i-presentara-el-llibre-de-les-festes-de-2019\/"]}]},{"@type":"ImageObject","inLanguage":"es","@id":"https:\/\/olivamorosicristians.es\/la-federacio-de-moros-i-cristians-doliva-2019-donara-a-coneixer-a-la-pregonera-i-al-director-de-bandes-i-presentara-el-llibre-de-les-festes-de-2019\/#primaryimage","url":"https:\/\/i0.wp.com\/olivamorosicristians.es\/wp-content\/uploads\/2019\/07\/MG_0956-e1562433434865.jpg?fit=600%2C400&ssl=1","contentUrl":"https:\/\/i0.wp.com\/olivamorosicristians.es\/wp-content\/uploads\/2019\/07\/MG_0956-e1562433434865.jpg?fit=600%2C400&ssl=1","width":600,"height":400,"caption":"oliva moros i cristians"},{"@type":"BreadcrumbList","@id":"https:\/\/olivamorosicristians.es\/la-federacio-de-moros-i-cristians-doliva-2019-donara-a-coneixer-a-la-pregonera-i-al-director-de-bandes-i-presentara-el-llibre-de-les-festes-de-2019\/#breadcrumb","itemListElement":[{"@type":"ListItem","position":1,"name":"Portada","item":"https:\/\/olivamorosicristians.es\/"},{"@type":"ListItem","position":2,"name":"La Federaci\u00f3 de Moros i Cristians d\u2019Oliva 2019 donar\u00e0 a con\u00e9ixer a la pregonera i al director de bandes i presentar\u00e0 el llibre de les Festes de 2019"}]},{"@type":"WebSite","@id":"https:\/\/olivamorosicristians.es\/#website","url":"https:\/\/olivamorosicristians.es\/","name":"Moros i Cristians Oliva","description":"FMCO","publisher":{"@id":"https:\/\/olivamorosicristians.es\/#organization"},"potentialAction":[{"@type":"SearchAction","target":{"@type":"EntryPoint","urlTemplate":"https:\/\/olivamorosicristians.es\/?s={search_term_string}"},"query-input":{"@type":"PropertyValueSpecification","valueRequired":true,"valueName":"search_term_string"}}],"inLanguage":"es"},{"@type":"Organization","@id":"https:\/\/olivamorosicristians.es\/#organization","name":"La Federaci\u00f3n de Moros y Cristianos de Oliva","url":"https:\/\/olivamorosicristians.es\/","logo":{"@type":"ImageObject","inLanguage":"es","@id":"https:\/\/olivamorosicristians.es\/#\/schema\/logo\/image\/","url":"https:\/\/i2.wp.com\/olivamorosicristians.es\/wp-content\/uploads\/2018\/06\/Icon_FMiCO.png?fit=50%2C50&ssl=1","contentUrl":"https:\/\/i2.wp.com\/olivamorosicristians.es\/wp-content\/uploads\/2018\/06\/Icon_FMiCO.png?fit=50%2C50&ssl=1","width":50,"height":50,"caption":"Federaci\u00f3 de Moros i Cristians - Oliva"},"image":{"@id":"https:\/\/olivamorosicristians.es\/#\/schema\/logo\/image\/"},"sameAs":["https:\/\/www.facebook.com\/federaciodemorosicristiansdoliva\/","https:\/\/www.instagram.com\/morosicristiansoliva\/?hl=es"]},{"@type":"Person","@id":"https:\/\/olivamorosicristians.es\/#\/schema\/person\/21ece052d8816103cad91a2676fd0149","name":"Webmaster","image":{"@type":"ImageObject","inLanguage":"es","@id":"https:\/\/secure.gravatar.com\/avatar\/18de20f14d74abe0c800b423a8b0e24cae6153cb6baeb2c2df80e1cef2117e0d?s=96&d=mm&r=g","url":"https:\/\/secure.gravatar.com\/avatar\/18de20f14d74abe0c800b423a8b0e24cae6153cb6baeb2c2df80e1cef2117e0d?s=96&d=mm&r=g","contentUrl":"https:\/\/secure.gravatar.com\/avatar\/18de20f14d74abe0c800b423a8b0e24cae6153cb6baeb2c2df80e1cef2117e0d?s=96&d=mm&r=g","caption":"Webmaster"},"sameAs":["https:\/\/www.facebook.com\/federaciodemorosicristiansdoliva","https:\/\/www.instagram.com\/morosicristiansoliva\/"]}]}},"jetpack_publicize_connections":[],"jetpack_featured_media_url":"https:\/\/i0.wp.com\/olivamorosicristians.es\/wp-content\/uploads\/2019\/07\/MG_0956-e1562433434865.jpg?fit=600%2C400&ssl=1","jetpack_sharing_enabled":true,"jetpack_shortlink":"https:\/\/wp.me\/pagEx6-2nu","jetpack-related-posts":[],"_links":{"self":[{"href":"https:\/\/olivamorosicristians.es\/es\/wp-json\/wp\/v2\/posts\/9144","targetHints":{"allow":["GET"]}}],"collection":[{"href":"https:\/\/olivamorosicristians.es\/es\/wp-json\/wp\/v2\/posts"}],"about":[{"href":"https:\/\/olivamorosicristians.es\/es\/wp-json\/wp\/v2\/types\/post"}],"author":[{"embeddable":true,"href":"https:\/\/olivamorosicristians.es\/es\/wp-json\/wp\/v2\/users\/1"}],"replies":[{"embeddable":true,"href":"https:\/\/olivamorosicristians.es\/es\/wp-json\/wp\/v2\/comments?post=9144"}],"version-history":[{"count":8,"href":"https:\/\/olivamorosicristians.es\/es\/wp-json\/wp\/v2\/posts\/9144\/revisions"}],"predecessor-version":[{"id":9299,"href":"https:\/\/olivamorosicristians.es\/es\/wp-json\/wp\/v2\/posts\/9144\/revisions\/9299"}],"wp:featuredmedia":[{"embeddable":true,"href":"https:\/\/olivamorosicristians.es\/es\/wp-json\/wp\/v2\/media\/9145"}],"wp:attachment":[{"href":"https:\/\/olivamorosicristians.es\/es\/wp-json\/wp\/v2\/media?parent=9144"}],"wp:term":[{"taxonomy":"category","embeddable":true,"href":"https:\/\/olivamorosicristians.es\/es\/wp-json\/wp\/v2\/categories?post=9144"},{"taxonomy":"post_tag","embeddable":true,"href":"https:\/\/olivamorosicristians.es\/es\/wp-json\/wp\/v2\/tags?post=9144"}],"curies":[{"name":"wp","href":"https:\/\/api.w.org\/{rel}","templated":true}]}}