{"id":9113,"date":"2019-06-27T19:10:28","date_gmt":"2019-06-27T19:10:28","guid":{"rendered":"http:\/\/olivamorosicristians.es\/?p=9113"},"modified":"2019-06-27T19:56:12","modified_gmt":"2019-06-27T19:56:12","slug":"dissabte-29-de-juny-es-celebrara-la-fireta-infantil","status":"publish","type":"post","link":"https:\/\/olivamorosicristians.es\/es\/dissabte-29-de-juny-es-celebrara-la-fireta-infantil\/","title":{"rendered":"Dissabte 29 de juny es celebrar\u00e0 la Fireta Infantil"},"content":{"rendered":"<p><\/p>\n\n\n\n<p>El ventall d\u2019activitats per als m\u00e9s menuts s\u2019amplia per a un mat\u00ed fester que encetar\u00e0 la recta final de les programacions pr\u00e8vies a les Festes de Moros i Cristians d\u2019Oliva 2019.<\/p>\n\n\n\n<p style=\"text-align:left\">El Passeig Gregori Maians acull el dissabte 29 de juny la tradicional Fireta Infantil que organitza la Federaci\u00f3 de Moros i Cristians d\u2019Oliva. L\u2019horari de les activitats compr\u00e9n des de les 10.00 h fins a les 14:00h.<\/p>\n\n\n\n<p>La\nprincipal novetat d\u2019aquesta edici\u00f3 ser\u00e0 el taller de rob\u00f2tica\ntematitzada per a les Festes de Moros i Cristians. Aplicant la\nt\u00e8cnica d\u2019aprenentatge \u2018Robotikids\u2019, els xiquets i xiquetes\nparticipants podran gaudir d\u2019una aproximaci\u00f3 al m\u00f3n de la\nrob\u00f2tica programant i dissenyant xicotets robots que vestiran de\nmoros, cristians i m\u00fasics (<em>morobots,\ncristiabots, i m\u00fasicbots) <\/em>per,\nuna vegada realitzats, escenificar la primera Entrada rob\u00f2tica de la\nciutat d\u2019Oliva. \n<\/p>\n\n\n\n<p>Tamb\u00e9,\ndespr\u00e9s de l\u2019\u00e8xit en l\u2019edici\u00f3 anterior i essent aquest una\naposta ferma de la Federaci\u00f3 de Moros i Cristians d\u2019Oliva, es\nrepetir\u00e0 el taller infantil de caps d\u2019esquadra. Enguany, els\nmestres, i com no podia ser d\u2019altra forma, seran els capitans moro\ni cristi\u00e0 de 2019, Miquel Lleches i Jaime Garc\u00eda, respectivament\n-ambd\u00f3s caps d\u2019esquadra referents a les seues filades-, els qui\nimpartiran les lli\u00e7ons als menuts que vulguen fer els seus primers\nmoviments amb el sabre i la porra.<\/p>\n\n\n\n<p>Com\na novetat tamb\u00e9, es realitzaran jocs tradicionals de taula (tamgram\ni laberint boleta) i jocs de fusta (Anelles, Bolos, Golf, Circuit de\nxapes, Forats)  i un taller de maquillatge i perruqueria festera, i\ntamb\u00e9 comptarem amb castells inflables per a la diversi\u00f3 de tots\nels xiquets i xiquetes que participen de la Fireta Infantil dels\nMoros i Cristians d\u2019Oliva. \n<\/p>\n\n\n\n<p>Des de la Federaci\u00f3 de Moros i Cristians d\u2019Oliva es convida a tots els xiquets i xiquetes d\u2019Oliva i de les localitats ve\u00efnes a participar d\u2019aquesta Fireta Infantil, per anar escalfant motors per a les Festes que seran el 18, 19, 20 i 21 de juliol.<\/p>","protected":false},"excerpt":{"rendered":"<p>El ventall d\u2019activitats per als m\u00e9s menuts s\u2019amplia per a un mat\u00ed fester que encetar\u00e0 la recta final de les programacions pr\u00e8vies a les Festes de Moros i Cristians d\u2019Oliva 2019. El Passeig Gregori Maians acull el dissabte 29 de juny la tradicional Fireta Infantil que organitza la Federaci\u00f3 de Moros i Cristians d\u2019Oliva. L\u2019horari [&hellip;]<\/p>\n","protected":false},"author":1,"featured_media":9129,"comment_status":"closed","ping_status":"open","sticky":false,"template":"","format":"standard","meta":{"jetpack_post_was_ever_published":false,"_jetpack_newsletter_access":"","_jetpack_dont_email_post_to_subs":false,"_jetpack_newsletter_tier_id":0,"_jetpack_memberships_contains_paywalled_content":false,"_jetpack_memberships_contains_paid_content":false,"footnotes":"","jetpack_publicize_message":"","jetpack_publicize_feature_enabled":true,"jetpack_social_post_already_shared":true,"jetpack_social_options":{"image_generator_settings":{"template":"highway","default_image_id":0,"font":"","enabled":false},"version":2}},"categories":[6,9],"tags":[],"class_list":["post-9113","post","type-post","status-publish","format-standard","has-post-thumbnail","hentry","category-estil-de-vida","category-festa"],"yoast_head":"<!-- This site is optimized with the Yoast SEO plugin v27.5 - https:\/\/yoast.com\/product\/yoast-seo-wordpress\/ -->\n<title>Dissabte 29 de juny es celebrar\u00e0 la Fireta Infantil - Moros i Cristians Oliva<\/title>\n<meta name=\"robots\" content=\"index, follow, max-snippet:-1, max-image-preview:large, max-video-preview:-1\" \/>\n<link rel=\"canonical\" href=\"https:\/\/olivamorosicristians.es\/es\/dissabte-29-de-juny-es-celebrara-la-fireta-infantil\/\" \/>\n<meta property=\"og:locale\" content=\"es_ES\" \/>\n<meta property=\"og:type\" content=\"article\" \/>\n<meta property=\"og:title\" content=\"Dissabte 29 de juny es celebrar\u00e0 la Fireta Infantil - Moros i Cristians Oliva\" \/>\n<meta property=\"og:description\" content=\"El ventall d\u2019activitats per als m\u00e9s menuts s\u2019amplia per a un mat\u00ed fester que encetar\u00e0 la recta final de les programacions pr\u00e8vies a les Festes de Moros i Cristians d\u2019Oliva 2019. El Passeig Gregori Maians acull el dissabte 29 de juny la tradicional Fireta Infantil que organitza la Federaci\u00f3 de Moros i Cristians d\u2019Oliva. L\u2019horari [&hellip;]\" \/>\n<meta property=\"og:url\" content=\"https:\/\/olivamorosicristians.es\/es\/dissabte-29-de-juny-es-celebrara-la-fireta-infantil\/\" \/>\n<meta property=\"og:site_name\" content=\"Moros i Cristians Oliva\" \/>\n<meta property=\"article:publisher\" content=\"https:\/\/www.facebook.com\/federaciodemorosicristiansdoliva\/\" \/>\n<meta property=\"article:author\" content=\"https:\/\/www.facebook.com\/federaciodemorosicristiansdoliva\" \/>\n<meta property=\"article:published_time\" content=\"2019-06-27T19:10:28+00:00\" \/>\n<meta property=\"article:modified_time\" content=\"2019-06-27T19:56:12+00:00\" \/>\n<meta property=\"og:image\" content=\"https:\/\/i0.wp.com\/olivamorosicristians.es\/wp-content\/uploads\/2019\/06\/Fireta.jpg?fit=600%2C355&ssl=1\" \/>\n\t<meta property=\"og:image:width\" content=\"600\" \/>\n\t<meta property=\"og:image:height\" content=\"355\" \/>\n\t<meta property=\"og:image:type\" content=\"image\/jpeg\" \/>\n<meta name=\"author\" content=\"Webmaster\" \/>\n<meta name=\"twitter:card\" content=\"summary_large_image\" \/>\n<meta name=\"twitter:label1\" content=\"Escrito por\" \/>\n\t<meta name=\"twitter:data1\" content=\"Webmaster\" \/>\n\t<meta name=\"twitter:label2\" content=\"Tiempo de lectura\" \/>\n\t<meta name=\"twitter:data2\" content=\"2 minutos\" \/>\n<script type=\"application\/ld+json\" class=\"yoast-schema-graph\">{\"@context\":\"https:\\\/\\\/schema.org\",\"@graph\":[{\"@type\":\"Article\",\"@id\":\"https:\\\/\\\/olivamorosicristians.es\\\/dissabte-29-de-juny-es-celebrara-la-fireta-infantil\\\/#article\",\"isPartOf\":{\"@id\":\"https:\\\/\\\/olivamorosicristians.es\\\/dissabte-29-de-juny-es-celebrara-la-fireta-infantil\\\/\"},\"author\":{\"name\":\"Webmaster\",\"@id\":\"https:\\\/\\\/olivamorosicristians.es\\\/#\\\/schema\\\/person\\\/21ece052d8816103cad91a2676fd0149\"},\"headline\":\"Dissabte 29 de juny es celebrar\u00e0 la Fireta Infantil\",\"datePublished\":\"2019-06-27T19:10:28+00:00\",\"dateModified\":\"2019-06-27T19:56:12+00:00\",\"mainEntityOfPage\":{\"@id\":\"https:\\\/\\\/olivamorosicristians.es\\\/dissabte-29-de-juny-es-celebrara-la-fireta-infantil\\\/\"},\"wordCount\":356,\"publisher\":{\"@id\":\"https:\\\/\\\/olivamorosicristians.es\\\/#organization\"},\"image\":{\"@id\":\"https:\\\/\\\/olivamorosicristians.es\\\/dissabte-29-de-juny-es-celebrara-la-fireta-infantil\\\/#primaryimage\"},\"thumbnailUrl\":\"https:\\\/\\\/i0.wp.com\\\/olivamorosicristians.es\\\/wp-content\\\/uploads\\\/2019\\\/06\\\/Fireta.jpg?fit=600%2C355&ssl=1\",\"articleSection\":[\"Estil de vida\",\"Festa\"],\"inLanguage\":\"es\"},{\"@type\":\"WebPage\",\"@id\":\"https:\\\/\\\/olivamorosicristians.es\\\/dissabte-29-de-juny-es-celebrara-la-fireta-infantil\\\/\",\"url\":\"https:\\\/\\\/olivamorosicristians.es\\\/dissabte-29-de-juny-es-celebrara-la-fireta-infantil\\\/\",\"name\":\"Dissabte 29 de juny es celebrar\u00e0 la Fireta Infantil - Moros i Cristians Oliva\",\"isPartOf\":{\"@id\":\"https:\\\/\\\/olivamorosicristians.es\\\/#website\"},\"primaryImageOfPage\":{\"@id\":\"https:\\\/\\\/olivamorosicristians.es\\\/dissabte-29-de-juny-es-celebrara-la-fireta-infantil\\\/#primaryimage\"},\"image\":{\"@id\":\"https:\\\/\\\/olivamorosicristians.es\\\/dissabte-29-de-juny-es-celebrara-la-fireta-infantil\\\/#primaryimage\"},\"thumbnailUrl\":\"https:\\\/\\\/i0.wp.com\\\/olivamorosicristians.es\\\/wp-content\\\/uploads\\\/2019\\\/06\\\/Fireta.jpg?fit=600%2C355&ssl=1\",\"datePublished\":\"2019-06-27T19:10:28+00:00\",\"dateModified\":\"2019-06-27T19:56:12+00:00\",\"breadcrumb\":{\"@id\":\"https:\\\/\\\/olivamorosicristians.es\\\/dissabte-29-de-juny-es-celebrara-la-fireta-infantil\\\/#breadcrumb\"},\"inLanguage\":\"es\",\"potentialAction\":[{\"@type\":\"ReadAction\",\"target\":[\"https:\\\/\\\/olivamorosicristians.es\\\/dissabte-29-de-juny-es-celebrara-la-fireta-infantil\\\/\"]}]},{\"@type\":\"ImageObject\",\"inLanguage\":\"es\",\"@id\":\"https:\\\/\\\/olivamorosicristians.es\\\/dissabte-29-de-juny-es-celebrara-la-fireta-infantil\\\/#primaryimage\",\"url\":\"https:\\\/\\\/i0.wp.com\\\/olivamorosicristians.es\\\/wp-content\\\/uploads\\\/2019\\\/06\\\/Fireta.jpg?fit=600%2C355&ssl=1\",\"contentUrl\":\"https:\\\/\\\/i0.wp.com\\\/olivamorosicristians.es\\\/wp-content\\\/uploads\\\/2019\\\/06\\\/Fireta.jpg?fit=600%2C355&ssl=1\",\"width\":600,\"height\":355,\"caption\":\"oliva moros i cristians\"},{\"@type\":\"BreadcrumbList\",\"@id\":\"https:\\\/\\\/olivamorosicristians.es\\\/dissabte-29-de-juny-es-celebrara-la-fireta-infantil\\\/#breadcrumb\",\"itemListElement\":[{\"@type\":\"ListItem\",\"position\":1,\"name\":\"Portada\",\"item\":\"https:\\\/\\\/olivamorosicristians.es\\\/\"},{\"@type\":\"ListItem\",\"position\":2,\"name\":\"Dissabte 29 de juny es celebrar\u00e0 la Fireta Infantil\"}]},{\"@type\":\"WebSite\",\"@id\":\"https:\\\/\\\/olivamorosicristians.es\\\/#website\",\"url\":\"https:\\\/\\\/olivamorosicristians.es\\\/\",\"name\":\"Moros i Cristians Oliva\",\"description\":\"FMCO\",\"publisher\":{\"@id\":\"https:\\\/\\\/olivamorosicristians.es\\\/#organization\"},\"potentialAction\":[{\"@type\":\"SearchAction\",\"target\":{\"@type\":\"EntryPoint\",\"urlTemplate\":\"https:\\\/\\\/olivamorosicristians.es\\\/?s={search_term_string}\"},\"query-input\":{\"@type\":\"PropertyValueSpecification\",\"valueRequired\":true,\"valueName\":\"search_term_string\"}}],\"inLanguage\":\"es\"},{\"@type\":\"Organization\",\"@id\":\"https:\\\/\\\/olivamorosicristians.es\\\/#organization\",\"name\":\"Federaci\u00f3 de Moros i Cristians - Oliva\",\"url\":\"https:\\\/\\\/olivamorosicristians.es\\\/\",\"logo\":{\"@type\":\"ImageObject\",\"inLanguage\":\"es\",\"@id\":\"https:\\\/\\\/olivamorosicristians.es\\\/#\\\/schema\\\/logo\\\/image\\\/\",\"url\":\"https:\\\/\\\/i2.wp.com\\\/olivamorosicristians.es\\\/wp-content\\\/uploads\\\/2018\\\/06\\\/Icon_FMiCO.png?fit=50%2C50&ssl=1\",\"contentUrl\":\"https:\\\/\\\/i2.wp.com\\\/olivamorosicristians.es\\\/wp-content\\\/uploads\\\/2018\\\/06\\\/Icon_FMiCO.png?fit=50%2C50&ssl=1\",\"width\":50,\"height\":50,\"caption\":\"Federaci\u00f3 de Moros i Cristians - Oliva\"},\"image\":{\"@id\":\"https:\\\/\\\/olivamorosicristians.es\\\/#\\\/schema\\\/logo\\\/image\\\/\"},\"sameAs\":[\"https:\\\/\\\/www.facebook.com\\\/federaciodemorosicristiansdoliva\\\/\",\"https:\\\/\\\/www.instagram.com\\\/morosicristiansoliva\\\/?hl=es\"]},{\"@type\":\"Person\",\"@id\":\"https:\\\/\\\/olivamorosicristians.es\\\/#\\\/schema\\\/person\\\/21ece052d8816103cad91a2676fd0149\",\"name\":\"Webmaster\",\"image\":{\"@type\":\"ImageObject\",\"inLanguage\":\"es\",\"@id\":\"https:\\\/\\\/secure.gravatar.com\\\/avatar\\\/18de20f14d74abe0c800b423a8b0e24cae6153cb6baeb2c2df80e1cef2117e0d?s=96&d=mm&r=g\",\"url\":\"https:\\\/\\\/secure.gravatar.com\\\/avatar\\\/18de20f14d74abe0c800b423a8b0e24cae6153cb6baeb2c2df80e1cef2117e0d?s=96&d=mm&r=g\",\"contentUrl\":\"https:\\\/\\\/secure.gravatar.com\\\/avatar\\\/18de20f14d74abe0c800b423a8b0e24cae6153cb6baeb2c2df80e1cef2117e0d?s=96&d=mm&r=g\",\"caption\":\"Webmaster\"},\"sameAs\":[\"https:\\\/\\\/www.facebook.com\\\/federaciodemorosicristiansdoliva\",\"https:\\\/\\\/www.instagram.com\\\/morosicristiansoliva\\\/\"]}]}<\/script>\n<!-- \/ Yoast SEO plugin. -->","yoast_head_json":{"title":"Dissabte 29 de juny es celebrar\u00e0 la Fireta Infantil - Moros i Cristians Oliva","robots":{"index":"index","follow":"follow","max-snippet":"max-snippet:-1","max-image-preview":"max-image-preview:large","max-video-preview":"max-video-preview:-1"},"canonical":"https:\/\/olivamorosicristians.es\/es\/dissabte-29-de-juny-es-celebrara-la-fireta-infantil\/","og_locale":"es_ES","og_type":"article","og_title":"Dissabte 29 de juny es celebrar\u00e0 la Fireta Infantil - Moros i Cristians Oliva","og_description":"El ventall d\u2019activitats per als m\u00e9s menuts s\u2019amplia per a un mat\u00ed fester que encetar\u00e0 la recta final de les programacions pr\u00e8vies a les Festes de Moros i Cristians d\u2019Oliva 2019. El Passeig Gregori Maians acull el dissabte 29 de juny la tradicional Fireta Infantil que organitza la Federaci\u00f3 de Moros i Cristians d\u2019Oliva. L\u2019horari [&hellip;]","og_url":"https:\/\/olivamorosicristians.es\/es\/dissabte-29-de-juny-es-celebrara-la-fireta-infantil\/","og_site_name":"Moros i Cristians Oliva","article_publisher":"https:\/\/www.facebook.com\/federaciodemorosicristiansdoliva\/","article_author":"https:\/\/www.facebook.com\/federaciodemorosicristiansdoliva","article_published_time":"2019-06-27T19:10:28+00:00","article_modified_time":"2019-06-27T19:56:12+00:00","og_image":[{"width":600,"height":355,"url":"https:\/\/i0.wp.com\/olivamorosicristians.es\/wp-content\/uploads\/2019\/06\/Fireta.jpg?fit=600%2C355&ssl=1","type":"image\/jpeg"}],"author":"Webmaster","twitter_card":"summary_large_image","twitter_misc":{"Escrito por":"Webmaster","Tiempo de lectura":"2 minutos"},"schema":{"@context":"https:\/\/schema.org","@graph":[{"@type":"Article","@id":"https:\/\/olivamorosicristians.es\/dissabte-29-de-juny-es-celebrara-la-fireta-infantil\/#article","isPartOf":{"@id":"https:\/\/olivamorosicristians.es\/dissabte-29-de-juny-es-celebrara-la-fireta-infantil\/"},"author":{"name":"Webmaster","@id":"https:\/\/olivamorosicristians.es\/#\/schema\/person\/21ece052d8816103cad91a2676fd0149"},"headline":"Dissabte 29 de juny es celebrar\u00e0 la Fireta Infantil","datePublished":"2019-06-27T19:10:28+00:00","dateModified":"2019-06-27T19:56:12+00:00","mainEntityOfPage":{"@id":"https:\/\/olivamorosicristians.es\/dissabte-29-de-juny-es-celebrara-la-fireta-infantil\/"},"wordCount":356,"publisher":{"@id":"https:\/\/olivamorosicristians.es\/#organization"},"image":{"@id":"https:\/\/olivamorosicristians.es\/dissabte-29-de-juny-es-celebrara-la-fireta-infantil\/#primaryimage"},"thumbnailUrl":"https:\/\/i0.wp.com\/olivamorosicristians.es\/wp-content\/uploads\/2019\/06\/Fireta.jpg?fit=600%2C355&ssl=1","articleSection":["Estil de vida","Festa"],"inLanguage":"es"},{"@type":"WebPage","@id":"https:\/\/olivamorosicristians.es\/dissabte-29-de-juny-es-celebrara-la-fireta-infantil\/","url":"https:\/\/olivamorosicristians.es\/dissabte-29-de-juny-es-celebrara-la-fireta-infantil\/","name":"Dissabte 29 de juny es celebrar\u00e0 la Fireta Infantil - Moros i Cristians Oliva","isPartOf":{"@id":"https:\/\/olivamorosicristians.es\/#website"},"primaryImageOfPage":{"@id":"https:\/\/olivamorosicristians.es\/dissabte-29-de-juny-es-celebrara-la-fireta-infantil\/#primaryimage"},"image":{"@id":"https:\/\/olivamorosicristians.es\/dissabte-29-de-juny-es-celebrara-la-fireta-infantil\/#primaryimage"},"thumbnailUrl":"https:\/\/i0.wp.com\/olivamorosicristians.es\/wp-content\/uploads\/2019\/06\/Fireta.jpg?fit=600%2C355&ssl=1","datePublished":"2019-06-27T19:10:28+00:00","dateModified":"2019-06-27T19:56:12+00:00","breadcrumb":{"@id":"https:\/\/olivamorosicristians.es\/dissabte-29-de-juny-es-celebrara-la-fireta-infantil\/#breadcrumb"},"inLanguage":"es","potentialAction":[{"@type":"ReadAction","target":["https:\/\/olivamorosicristians.es\/dissabte-29-de-juny-es-celebrara-la-fireta-infantil\/"]}]},{"@type":"ImageObject","inLanguage":"es","@id":"https:\/\/olivamorosicristians.es\/dissabte-29-de-juny-es-celebrara-la-fireta-infantil\/#primaryimage","url":"https:\/\/i0.wp.com\/olivamorosicristians.es\/wp-content\/uploads\/2019\/06\/Fireta.jpg?fit=600%2C355&ssl=1","contentUrl":"https:\/\/i0.wp.com\/olivamorosicristians.es\/wp-content\/uploads\/2019\/06\/Fireta.jpg?fit=600%2C355&ssl=1","width":600,"height":355,"caption":"oliva moros i cristians"},{"@type":"BreadcrumbList","@id":"https:\/\/olivamorosicristians.es\/dissabte-29-de-juny-es-celebrara-la-fireta-infantil\/#breadcrumb","itemListElement":[{"@type":"ListItem","position":1,"name":"Portada","item":"https:\/\/olivamorosicristians.es\/"},{"@type":"ListItem","position":2,"name":"Dissabte 29 de juny es celebrar\u00e0 la Fireta Infantil"}]},{"@type":"WebSite","@id":"https:\/\/olivamorosicristians.es\/#website","url":"https:\/\/olivamorosicristians.es\/","name":"Moros i Cristians Oliva","description":"FMCO","publisher":{"@id":"https:\/\/olivamorosicristians.es\/#organization"},"potentialAction":[{"@type":"SearchAction","target":{"@type":"EntryPoint","urlTemplate":"https:\/\/olivamorosicristians.es\/?s={search_term_string}"},"query-input":{"@type":"PropertyValueSpecification","valueRequired":true,"valueName":"search_term_string"}}],"inLanguage":"es"},{"@type":"Organization","@id":"https:\/\/olivamorosicristians.es\/#organization","name":"La Federaci\u00f3n de Moros y Cristianos de Oliva","url":"https:\/\/olivamorosicristians.es\/","logo":{"@type":"ImageObject","inLanguage":"es","@id":"https:\/\/olivamorosicristians.es\/#\/schema\/logo\/image\/","url":"https:\/\/i2.wp.com\/olivamorosicristians.es\/wp-content\/uploads\/2018\/06\/Icon_FMiCO.png?fit=50%2C50&ssl=1","contentUrl":"https:\/\/i2.wp.com\/olivamorosicristians.es\/wp-content\/uploads\/2018\/06\/Icon_FMiCO.png?fit=50%2C50&ssl=1","width":50,"height":50,"caption":"Federaci\u00f3 de Moros i Cristians - Oliva"},"image":{"@id":"https:\/\/olivamorosicristians.es\/#\/schema\/logo\/image\/"},"sameAs":["https:\/\/www.facebook.com\/federaciodemorosicristiansdoliva\/","https:\/\/www.instagram.com\/morosicristiansoliva\/?hl=es"]},{"@type":"Person","@id":"https:\/\/olivamorosicristians.es\/#\/schema\/person\/21ece052d8816103cad91a2676fd0149","name":"Webmaster","image":{"@type":"ImageObject","inLanguage":"es","@id":"https:\/\/secure.gravatar.com\/avatar\/18de20f14d74abe0c800b423a8b0e24cae6153cb6baeb2c2df80e1cef2117e0d?s=96&d=mm&r=g","url":"https:\/\/secure.gravatar.com\/avatar\/18de20f14d74abe0c800b423a8b0e24cae6153cb6baeb2c2df80e1cef2117e0d?s=96&d=mm&r=g","contentUrl":"https:\/\/secure.gravatar.com\/avatar\/18de20f14d74abe0c800b423a8b0e24cae6153cb6baeb2c2df80e1cef2117e0d?s=96&d=mm&r=g","caption":"Webmaster"},"sameAs":["https:\/\/www.facebook.com\/federaciodemorosicristiansdoliva","https:\/\/www.instagram.com\/morosicristiansoliva\/"]}]}},"jetpack_publicize_connections":[],"jetpack_featured_media_url":"https:\/\/i0.wp.com\/olivamorosicristians.es\/wp-content\/uploads\/2019\/06\/Fireta.jpg?fit=600%2C355&ssl=1","jetpack_sharing_enabled":true,"jetpack_shortlink":"https:\/\/wp.me\/pagEx6-2mZ","jetpack-related-posts":[],"_links":{"self":[{"href":"https:\/\/olivamorosicristians.es\/es\/wp-json\/wp\/v2\/posts\/9113","targetHints":{"allow":["GET"]}}],"collection":[{"href":"https:\/\/olivamorosicristians.es\/es\/wp-json\/wp\/v2\/posts"}],"about":[{"href":"https:\/\/olivamorosicristians.es\/es\/wp-json\/wp\/v2\/types\/post"}],"author":[{"embeddable":true,"href":"https:\/\/olivamorosicristians.es\/es\/wp-json\/wp\/v2\/users\/1"}],"replies":[{"embeddable":true,"href":"https:\/\/olivamorosicristians.es\/es\/wp-json\/wp\/v2\/comments?post=9113"}],"version-history":[{"count":6,"href":"https:\/\/olivamorosicristians.es\/es\/wp-json\/wp\/v2\/posts\/9113\/revisions"}],"predecessor-version":[{"id":9131,"href":"https:\/\/olivamorosicristians.es\/es\/wp-json\/wp\/v2\/posts\/9113\/revisions\/9131"}],"wp:featuredmedia":[{"embeddable":true,"href":"https:\/\/olivamorosicristians.es\/es\/wp-json\/wp\/v2\/media\/9129"}],"wp:attachment":[{"href":"https:\/\/olivamorosicristians.es\/es\/wp-json\/wp\/v2\/media?parent=9113"}],"wp:term":[{"taxonomy":"category","embeddable":true,"href":"https:\/\/olivamorosicristians.es\/es\/wp-json\/wp\/v2\/categories?post=9113"},{"taxonomy":"post_tag","embeddable":true,"href":"https:\/\/olivamorosicristians.es\/es\/wp-json\/wp\/v2\/tags?post=9113"}],"curies":[{"name":"wp","href":"https:\/\/api.w.org\/{rel}","templated":true}]}}