{"id":9096,"date":"2019-02-14T17:31:46","date_gmt":"2019-02-14T17:31:46","guid":{"rendered":"http:\/\/olivamorosicristians.es\/?p=9096"},"modified":"2019-02-14T17:31:54","modified_gmt":"2019-02-14T17:31:54","slug":"la-fila-masers-triomfa-en-el-concurs-de-putxeros-del-mig-any","status":"publish","type":"post","link":"https:\/\/olivamorosicristians.es\/es\/la-fila-masers-triomfa-en-el-concurs-de-putxeros-del-mig-any\/","title":{"rendered":"La Fil\u00e0 Masers triomfa en el concurs de putxeros del Mig Any"},"content":{"rendered":"<p><em>Els Masers guanyen la millor\npresentaci\u00f3 i el millor putxero de 2019, valorat per un jurat\nconformat per experts en gastronomia.<\/em><\/p>\n\n\n\n<p>Com de costum, a les 8h\ndel mat\u00ed, els trabuquers de les respectives filades es disposaven a\ndonar inici a la celebraci\u00f3 del Mig Any fester despertant al poble\nd\u2019Oliva amb el foc d\u2019arcabusseria. Com de costum, la comitiva,\nacompanyada per l\u2019Associaci\u00f3 Art\u00edstico Musical d\u2019Oliva,\navan\u00e7ava direcci\u00f3 al Rt. El Pelut, on es faria la tradicional\nparada. Novetat, enguany celebr\u00e0vem el segon dissabte de febrer, i\nno diumenge, com era costum, perqu\u00e8 aix\u00ed es va decidir per majoria\ndels Festers representats en assamblea de compromisaris.<\/p>\n\n\n\n<p>Finalitzada la <em>despert\u00e0,\n<\/em>tocava esmorzar i posar els putxero al foc mentre comen\u00e7aven a\nsonar els primers pasdobles. Les paradetes de cadascuna de les\nfilades s\u2019ubicaven al per\u00edmetre de la Pla\u00e7a Joan Baptista\nEscriv\u00e0, per\u00f2 enguany en la part interior d\u2019aquesta, just davant\nde la fa\u00e7ana del col\u00b7legi El Rebollet, i no en la zona de tr\u00e0nsit\ndavant del Mercat, com de costum, ja que dissabte el Mercat Municipal\ntenia la seua activitat habitual.<\/p>\n\n\n\n<p>Baix un sol radiant, en\nun dia amb una climatologia m\u00e9s propia de pasqua que el que \u00e9s\ncostum en el Mig Any de Moros i Cristians, que sempre amena\u00e7a\nplutja, la pla\u00e7a es va omplir de Festers animosos i divertits. \n<\/p>\n\n\n\n<p>A les 12:30h, a\nl\u2019escenari ubicat davant les escales d\u2019acc\u00e9s a la pla\u00e7a per la\ncarretera, l\u2019Alcalde, regidor de Festers, els c\u00e0rrecs Festers i el\npresident de la Federaci\u00f3 feien entrega dels premis del concurs de\ndibuixos. Els premiats foren:  categoria A (3r i 4t de prim\u00e0ria), 1r\nMarta P\u00e9rez Canet (Col\u00b7legi La Carrasca), 2n Virginia\nFern\u00e1ndez-Avil\u00e9s Herraiz (Col\u00b7legi El Rebollet), 3r Pau Morat\u00f3\nPastor (Col\u00b7legi Llu\u00eds Vives Oliva);  Categoria B (5\u00e9 i 6\u00e9 de\nprim\u00e0ria)1r Aina Calafat Sanchis (Col\u00b7legi Sant Josep de la\nMuntanya), 2n Joaquin Peir\u00f3 Peir\u00f3 (Col\u00b7legi Sant Josep de la\nMuntanya), 3r Clara Mi\u00f1ana Castillo (Col\u00b7legi El Rebollet). Als\nxiquets se\u2019ls va entregar un sabre de fusta.<\/p>\n\n\n\n<p>Puntuals, a les 13h els 11 putxeros estaven sobre la taula del jurat. Despr\u00e9s de la foto de rigor, Paco Alonso, periodista gastron\u00f2mic en TVE i La Vanguardia; Juan Carlos Galbis, cuiner i professor de la Xarxa de Centres de Turisme de la GVA, especialista en arrossos; Cova Morales, especialista en comunicaci\u00f3 gastron\u00f2mica; Paco Oltra \u201cSoqueta\u201d, president de Gastroliva; Pepe Cotaina, President de l\u2019Associaci\u00f3 de Coques d\u2019Oliva, demanaven concentraci\u00f3 per iniciar la valoraci\u00f3.  <\/p>\n\n\n\n<p>Entre el tast i la\ndeliberaci\u00f3, m\u00e9s de mitja hora van estar els jurats ponderant les\nvirtuts de cadascun dels putxeros presentats, fins que van emetre la\nvaloraci\u00f3: <strong>La Fil\u00e0 Masers guanya la millor presentaci\u00f3 i el\nmillor putxero.<\/strong><\/p>\n\n\n\n<p>Els capitans i\nambaixadors de 2019, Jaime Garc\u00eda i Iv\u00e1n Chamorro, respectivament,\npel b\u00e0ndol cristi\u00e0, i Miquel Lleches i Paco Cardona pel b\u00e0ndol\nmoro, acompanyats per Sergio Ba\u00f1uls, president de la Federaci\u00f3 i\nl\u2019Alcalde, David Gonz\u00e1lez i Pepe Salazar, Regidor de Festes, van\nfer l\u2019entrega de premis. \n<\/p>\n\n\n\n<p>Despr\u00e9s, les filades\ncomen\u00e7aren a desmuntar les respectives paradetes per anar a dinar.\nEnguany, al ser dissabte, la Festa es va allargar un poc m\u00e9s en la\npla\u00e7a, amb l\u2019involucraci\u00f3 de l\u2019AAMO que saber acertar les peces\nmusicals necess\u00e0ries perqu\u00e8 els festers no volgueren moure\u2019s del\nlloc.<\/p>\n\n\n\n<ul class=\"wp-block-gallery columns-3 is-cropped wp-block-gallery-1 is-layout-flex wp-block-gallery-is-layout-flex\"><li class=\"blocks-gallery-item\"><figure><img data-recalc-dims=\"1\" loading=\"lazy\" decoding=\"async\" width=\"1024\" height=\"682\" data-attachment-id=\"9100\" data-permalink=\"https:\/\/olivamorosicristians.es\/es\/la-fila-masers-triomfa-en-el-concurs-de-putxeros-del-mig-any\/carrecs-i-president\/\" data-orig-file=\"https:\/\/i0.wp.com\/olivamorosicristians.es\/wp-content\/uploads\/2019\/02\/Ca%CC%80rrecs-i-president.jpeg?fit=1600%2C1066&amp;ssl=1\" data-orig-size=\"1600,1066\" data-comments-opened=\"0\" data-image-meta=\"{&quot;aperture&quot;:&quot;0&quot;,&quot;credit&quot;:&quot;&quot;,&quot;camera&quot;:&quot;&quot;,&quot;caption&quot;:&quot;&quot;,&quot;created_timestamp&quot;:&quot;0&quot;,&quot;copyright&quot;:&quot;&quot;,&quot;focal_length&quot;:&quot;0&quot;,&quot;iso&quot;:&quot;0&quot;,&quot;shutter_speed&quot;:&quot;0&quot;,&quot;title&quot;:&quot;&quot;,&quot;orientation&quot;:&quot;0&quot;}\" data-image-title=\"Ca\u0300rrecs i president\" data-image-description=\"\" data-image-caption=\"\" data-large-file=\"https:\/\/i0.wp.com\/olivamorosicristians.es\/wp-content\/uploads\/2019\/02\/Ca%CC%80rrecs-i-president.jpeg?fit=1024%2C682&amp;ssl=1\" src=\"https:\/\/i0.wp.com\/olivamorosicristians.es\/wp-content\/uploads\/2019\/02\/Ca%CC%80rrecs-i-president-1024x682.jpeg?resize=1024%2C682\" alt=\"\" data-id=\"9100\" data-link=\"http:\/\/olivamorosicristians.es\/?attachment_id=9100\" class=\"wp-image-9100\" srcset=\"https:\/\/i0.wp.com\/olivamorosicristians.es\/wp-content\/uploads\/2019\/02\/Ca%CC%80rrecs-i-president.jpeg?resize=1024%2C682&amp;ssl=1 1024w, https:\/\/i0.wp.com\/olivamorosicristians.es\/wp-content\/uploads\/2019\/02\/Ca%CC%80rrecs-i-president.jpeg?resize=300%2C200&amp;ssl=1 300w, https:\/\/i0.wp.com\/olivamorosicristians.es\/wp-content\/uploads\/2019\/02\/Ca%CC%80rrecs-i-president.jpeg?resize=768%2C512&amp;ssl=1 768w, https:\/\/i0.wp.com\/olivamorosicristians.es\/wp-content\/uploads\/2019\/02\/Ca%CC%80rrecs-i-president.jpeg?resize=640%2C426&amp;ssl=1 640w, https:\/\/i0.wp.com\/olivamorosicristians.es\/wp-content\/uploads\/2019\/02\/Ca%CC%80rrecs-i-president.jpeg?resize=1280%2C853&amp;ssl=1 1280w, https:\/\/i0.wp.com\/olivamorosicristians.es\/wp-content\/uploads\/2019\/02\/Ca%CC%80rrecs-i-president.jpeg?w=1600&amp;ssl=1 1600w\" sizes=\"auto, (max-width: 1024px) 100vw, 1024px\" \/><\/figure><\/li><li class=\"blocks-gallery-item\"><figure><img data-recalc-dims=\"1\" loading=\"lazy\" decoding=\"async\" width=\"1024\" height=\"682\" data-attachment-id=\"9101\" data-permalink=\"https:\/\/olivamorosicristians.es\/es\/la-fila-masers-triomfa-en-el-concurs-de-putxeros-del-mig-any\/cuiners01\/\" data-orig-file=\"https:\/\/i0.wp.com\/olivamorosicristians.es\/wp-content\/uploads\/2019\/02\/Cuiners01.jpeg?fit=1600%2C1066&amp;ssl=1\" data-orig-size=\"1600,1066\" data-comments-opened=\"0\" data-image-meta=\"{&quot;aperture&quot;:&quot;0&quot;,&quot;credit&quot;:&quot;&quot;,&quot;camera&quot;:&quot;&quot;,&quot;caption&quot;:&quot;&quot;,&quot;created_timestamp&quot;:&quot;0&quot;,&quot;copyright&quot;:&quot;&quot;,&quot;focal_length&quot;:&quot;0&quot;,&quot;iso&quot;:&quot;0&quot;,&quot;shutter_speed&quot;:&quot;0&quot;,&quot;title&quot;:&quot;&quot;,&quot;orientation&quot;:&quot;0&quot;}\" data-image-title=\"Cuiners01\" data-image-description=\"\" data-image-caption=\"\" data-large-file=\"https:\/\/i0.wp.com\/olivamorosicristians.es\/wp-content\/uploads\/2019\/02\/Cuiners01.jpeg?fit=1024%2C682&amp;ssl=1\" src=\"https:\/\/i0.wp.com\/olivamorosicristians.es\/wp-content\/uploads\/2019\/02\/Cuiners01-1024x682.jpeg?resize=1024%2C682\" alt=\"\" data-id=\"9101\" data-link=\"http:\/\/olivamorosicristians.es\/?attachment_id=9101\" class=\"wp-image-9101\" srcset=\"https:\/\/i0.wp.com\/olivamorosicristians.es\/wp-content\/uploads\/2019\/02\/Cuiners01.jpeg?resize=1024%2C682&amp;ssl=1 1024w, https:\/\/i0.wp.com\/olivamorosicristians.es\/wp-content\/uploads\/2019\/02\/Cuiners01.jpeg?resize=300%2C200&amp;ssl=1 300w, https:\/\/i0.wp.com\/olivamorosicristians.es\/wp-content\/uploads\/2019\/02\/Cuiners01.jpeg?resize=768%2C512&amp;ssl=1 768w, https:\/\/i0.wp.com\/olivamorosicristians.es\/wp-content\/uploads\/2019\/02\/Cuiners01.jpeg?resize=640%2C426&amp;ssl=1 640w, https:\/\/i0.wp.com\/olivamorosicristians.es\/wp-content\/uploads\/2019\/02\/Cuiners01.jpeg?resize=1280%2C853&amp;ssl=1 1280w, https:\/\/i0.wp.com\/olivamorosicristians.es\/wp-content\/uploads\/2019\/02\/Cuiners01.jpeg?w=1600&amp;ssl=1 1600w\" sizes=\"auto, (max-width: 1024px) 100vw, 1024px\" \/><\/figure><\/li><li class=\"blocks-gallery-item\"><figure><img data-recalc-dims=\"1\" loading=\"lazy\" decoding=\"async\" width=\"1024\" height=\"682\" data-attachment-id=\"9102\" data-permalink=\"https:\/\/olivamorosicristians.es\/es\/la-fila-masers-triomfa-en-el-concurs-de-putxeros-del-mig-any\/cuiners-en-la-prova-dels-putxeros\/\" data-orig-file=\"https:\/\/i0.wp.com\/olivamorosicristians.es\/wp-content\/uploads\/2019\/02\/Cuiners-en-la-prova-dels-putxeros.jpeg?fit=1600%2C1066&amp;ssl=1\" data-orig-size=\"1600,1066\" data-comments-opened=\"0\" data-image-meta=\"{&quot;aperture&quot;:&quot;0&quot;,&quot;credit&quot;:&quot;&quot;,&quot;camera&quot;:&quot;&quot;,&quot;caption&quot;:&quot;&quot;,&quot;created_timestamp&quot;:&quot;0&quot;,&quot;copyright&quot;:&quot;&quot;,&quot;focal_length&quot;:&quot;0&quot;,&quot;iso&quot;:&quot;0&quot;,&quot;shutter_speed&quot;:&quot;0&quot;,&quot;title&quot;:&quot;&quot;,&quot;orientation&quot;:&quot;0&quot;}\" data-image-title=\"Cuiners en la prova dels putxeros\" data-image-description=\"\" data-image-caption=\"\" data-large-file=\"https:\/\/i0.wp.com\/olivamorosicristians.es\/wp-content\/uploads\/2019\/02\/Cuiners-en-la-prova-dels-putxeros.jpeg?fit=1024%2C682&amp;ssl=1\" src=\"https:\/\/i0.wp.com\/olivamorosicristians.es\/wp-content\/uploads\/2019\/02\/Cuiners-en-la-prova-dels-putxeros-1024x682.jpeg?resize=1024%2C682\" alt=\"\" data-id=\"9102\" data-link=\"http:\/\/olivamorosicristians.es\/?attachment_id=9102\" class=\"wp-image-9102\" srcset=\"https:\/\/i0.wp.com\/olivamorosicristians.es\/wp-content\/uploads\/2019\/02\/Cuiners-en-la-prova-dels-putxeros.jpeg?resize=1024%2C682&amp;ssl=1 1024w, https:\/\/i0.wp.com\/olivamorosicristians.es\/wp-content\/uploads\/2019\/02\/Cuiners-en-la-prova-dels-putxeros.jpeg?resize=300%2C200&amp;ssl=1 300w, https:\/\/i0.wp.com\/olivamorosicristians.es\/wp-content\/uploads\/2019\/02\/Cuiners-en-la-prova-dels-putxeros.jpeg?resize=768%2C512&amp;ssl=1 768w, https:\/\/i0.wp.com\/olivamorosicristians.es\/wp-content\/uploads\/2019\/02\/Cuiners-en-la-prova-dels-putxeros.jpeg?resize=640%2C426&amp;ssl=1 640w, https:\/\/i0.wp.com\/olivamorosicristians.es\/wp-content\/uploads\/2019\/02\/Cuiners-en-la-prova-dels-putxeros.jpeg?resize=1280%2C853&amp;ssl=1 1280w, https:\/\/i0.wp.com\/olivamorosicristians.es\/wp-content\/uploads\/2019\/02\/Cuiners-en-la-prova-dels-putxeros.jpeg?w=1600&amp;ssl=1 1600w\" sizes=\"auto, (max-width: 1024px) 100vw, 1024px\" \/><\/figure><\/li><li class=\"blocks-gallery-item\"><figure><img data-recalc-dims=\"1\" loading=\"lazy\" decoding=\"async\" width=\"1024\" height=\"682\" data-attachment-id=\"9103\" data-permalink=\"https:\/\/olivamorosicristians.es\/es\/la-fila-masers-triomfa-en-el-concurs-de-putxeros-del-mig-any\/festa\/\" data-orig-file=\"https:\/\/i0.wp.com\/olivamorosicristians.es\/wp-content\/uploads\/2019\/02\/Festa.jpeg?fit=1600%2C1066&amp;ssl=1\" data-orig-size=\"1600,1066\" data-comments-opened=\"0\" data-image-meta=\"{&quot;aperture&quot;:&quot;0&quot;,&quot;credit&quot;:&quot;&quot;,&quot;camera&quot;:&quot;&quot;,&quot;caption&quot;:&quot;&quot;,&quot;created_timestamp&quot;:&quot;0&quot;,&quot;copyright&quot;:&quot;&quot;,&quot;focal_length&quot;:&quot;0&quot;,&quot;iso&quot;:&quot;0&quot;,&quot;shutter_speed&quot;:&quot;0&quot;,&quot;title&quot;:&quot;&quot;,&quot;orientation&quot;:&quot;0&quot;}\" data-image-title=\"Festa\" data-image-description=\"\" data-image-caption=\"\" data-large-file=\"https:\/\/i0.wp.com\/olivamorosicristians.es\/wp-content\/uploads\/2019\/02\/Festa.jpeg?fit=1024%2C682&amp;ssl=1\" src=\"https:\/\/i0.wp.com\/olivamorosicristians.es\/wp-content\/uploads\/2019\/02\/Festa-1024x682.jpeg?resize=1024%2C682\" alt=\"\" data-id=\"9103\" data-link=\"http:\/\/olivamorosicristians.es\/?attachment_id=9103\" class=\"wp-image-9103\" srcset=\"https:\/\/i0.wp.com\/olivamorosicristians.es\/wp-content\/uploads\/2019\/02\/Festa.jpeg?resize=1024%2C682&amp;ssl=1 1024w, https:\/\/i0.wp.com\/olivamorosicristians.es\/wp-content\/uploads\/2019\/02\/Festa.jpeg?resize=300%2C200&amp;ssl=1 300w, https:\/\/i0.wp.com\/olivamorosicristians.es\/wp-content\/uploads\/2019\/02\/Festa.jpeg?resize=768%2C512&amp;ssl=1 768w, https:\/\/i0.wp.com\/olivamorosicristians.es\/wp-content\/uploads\/2019\/02\/Festa.jpeg?resize=640%2C426&amp;ssl=1 640w, https:\/\/i0.wp.com\/olivamorosicristians.es\/wp-content\/uploads\/2019\/02\/Festa.jpeg?resize=1280%2C853&amp;ssl=1 1280w, https:\/\/i0.wp.com\/olivamorosicristians.es\/wp-content\/uploads\/2019\/02\/Festa.jpeg?w=1600&amp;ssl=1 1600w\" sizes=\"auto, (max-width: 1024px) 100vw, 1024px\" \/><\/figure><\/li><li class=\"blocks-gallery-item\"><figure><img data-recalc-dims=\"1\" loading=\"lazy\" decoding=\"async\" width=\"1024\" height=\"682\" data-attachment-id=\"9106\" data-permalink=\"https:\/\/olivamorosicristians.es\/es\/la-fila-masers-triomfa-en-el-concurs-de-putxeros-del-mig-any\/premis-dibuixos\/\" data-orig-file=\"https:\/\/i0.wp.com\/olivamorosicristians.es\/wp-content\/uploads\/2019\/02\/Premis-dibuixos.jpeg?fit=1600%2C1066&amp;ssl=1\" data-orig-size=\"1600,1066\" data-comments-opened=\"0\" data-image-meta=\"{&quot;aperture&quot;:&quot;0&quot;,&quot;credit&quot;:&quot;&quot;,&quot;camera&quot;:&quot;&quot;,&quot;caption&quot;:&quot;&quot;,&quot;created_timestamp&quot;:&quot;0&quot;,&quot;copyright&quot;:&quot;&quot;,&quot;focal_length&quot;:&quot;0&quot;,&quot;iso&quot;:&quot;0&quot;,&quot;shutter_speed&quot;:&quot;0&quot;,&quot;title&quot;:&quot;&quot;,&quot;orientation&quot;:&quot;0&quot;}\" data-image-title=\"Premis dibuixos\" data-image-description=\"\" data-image-caption=\"\" data-large-file=\"https:\/\/i0.wp.com\/olivamorosicristians.es\/wp-content\/uploads\/2019\/02\/Premis-dibuixos.jpeg?fit=1024%2C682&amp;ssl=1\" src=\"https:\/\/i0.wp.com\/olivamorosicristians.es\/wp-content\/uploads\/2019\/02\/Premis-dibuixos-1024x682.jpeg?resize=1024%2C682\" alt=\"\" data-id=\"9106\" data-link=\"http:\/\/olivamorosicristians.es\/?attachment_id=9106\" class=\"wp-image-9106\" srcset=\"https:\/\/i0.wp.com\/olivamorosicristians.es\/wp-content\/uploads\/2019\/02\/Premis-dibuixos.jpeg?resize=1024%2C682&amp;ssl=1 1024w, https:\/\/i0.wp.com\/olivamorosicristians.es\/wp-content\/uploads\/2019\/02\/Premis-dibuixos.jpeg?resize=300%2C200&amp;ssl=1 300w, https:\/\/i0.wp.com\/olivamorosicristians.es\/wp-content\/uploads\/2019\/02\/Premis-dibuixos.jpeg?resize=768%2C512&amp;ssl=1 768w, https:\/\/i0.wp.com\/olivamorosicristians.es\/wp-content\/uploads\/2019\/02\/Premis-dibuixos.jpeg?resize=640%2C426&amp;ssl=1 640w, https:\/\/i0.wp.com\/olivamorosicristians.es\/wp-content\/uploads\/2019\/02\/Premis-dibuixos.jpeg?resize=1280%2C853&amp;ssl=1 1280w, https:\/\/i0.wp.com\/olivamorosicristians.es\/wp-content\/uploads\/2019\/02\/Premis-dibuixos.jpeg?w=1600&amp;ssl=1 1600w\" sizes=\"auto, (max-width: 1024px) 100vw, 1024px\" \/><\/figure><\/li><li class=\"blocks-gallery-item\"><figure><img data-recalc-dims=\"1\" loading=\"lazy\" decoding=\"async\" width=\"1024\" height=\"682\" data-attachment-id=\"9105\" data-permalink=\"https:\/\/olivamorosicristians.es\/es\/la-fila-masers-triomfa-en-el-concurs-de-putxeros-del-mig-any\/guanyadors\/\" data-orig-file=\"https:\/\/i0.wp.com\/olivamorosicristians.es\/wp-content\/uploads\/2019\/02\/Guanyadors.jpeg?fit=1600%2C1066&amp;ssl=1\" data-orig-size=\"1600,1066\" data-comments-opened=\"0\" data-image-meta=\"{&quot;aperture&quot;:&quot;0&quot;,&quot;credit&quot;:&quot;&quot;,&quot;camera&quot;:&quot;&quot;,&quot;caption&quot;:&quot;&quot;,&quot;created_timestamp&quot;:&quot;0&quot;,&quot;copyright&quot;:&quot;&quot;,&quot;focal_length&quot;:&quot;0&quot;,&quot;iso&quot;:&quot;0&quot;,&quot;shutter_speed&quot;:&quot;0&quot;,&quot;title&quot;:&quot;&quot;,&quot;orientation&quot;:&quot;0&quot;}\" data-image-title=\"Guanyadors\" data-image-description=\"\" data-image-caption=\"\" data-large-file=\"https:\/\/i0.wp.com\/olivamorosicristians.es\/wp-content\/uploads\/2019\/02\/Guanyadors.jpeg?fit=1024%2C682&amp;ssl=1\" src=\"https:\/\/i0.wp.com\/olivamorosicristians.es\/wp-content\/uploads\/2019\/02\/Guanyadors-1024x682.jpeg?resize=1024%2C682\" alt=\"\" data-id=\"9105\" data-link=\"http:\/\/olivamorosicristians.es\/?attachment_id=9105\" class=\"wp-image-9105\" srcset=\"https:\/\/i0.wp.com\/olivamorosicristians.es\/wp-content\/uploads\/2019\/02\/Guanyadors.jpeg?resize=1024%2C682&amp;ssl=1 1024w, https:\/\/i0.wp.com\/olivamorosicristians.es\/wp-content\/uploads\/2019\/02\/Guanyadors.jpeg?resize=300%2C200&amp;ssl=1 300w, https:\/\/i0.wp.com\/olivamorosicristians.es\/wp-content\/uploads\/2019\/02\/Guanyadors.jpeg?resize=768%2C512&amp;ssl=1 768w, https:\/\/i0.wp.com\/olivamorosicristians.es\/wp-content\/uploads\/2019\/02\/Guanyadors.jpeg?resize=640%2C426&amp;ssl=1 640w, https:\/\/i0.wp.com\/olivamorosicristians.es\/wp-content\/uploads\/2019\/02\/Guanyadors.jpeg?resize=1280%2C853&amp;ssl=1 1280w, https:\/\/i0.wp.com\/olivamorosicristians.es\/wp-content\/uploads\/2019\/02\/Guanyadors.jpeg?w=1600&amp;ssl=1 1600w\" sizes=\"auto, (max-width: 1024px) 100vw, 1024px\" \/><\/figure><\/li><li class=\"blocks-gallery-item\"><figure><img data-recalc-dims=\"1\" loading=\"lazy\" decoding=\"async\" width=\"1024\" height=\"682\" data-attachment-id=\"9108\" data-permalink=\"https:\/\/olivamorosicristians.es\/es\/la-fila-masers-triomfa-en-el-concurs-de-putxeros-del-mig-any\/fila-masers-guanyadors-2\/\" data-orig-file=\"https:\/\/i0.wp.com\/olivamorosicristians.es\/wp-content\/uploads\/2019\/02\/Fila%CC%80-Masers-guanyadors-1.jpeg?fit=1600%2C1066&amp;ssl=1\" data-orig-size=\"1600,1066\" data-comments-opened=\"0\" data-image-meta=\"{&quot;aperture&quot;:&quot;0&quot;,&quot;credit&quot;:&quot;&quot;,&quot;camera&quot;:&quot;&quot;,&quot;caption&quot;:&quot;&quot;,&quot;created_timestamp&quot;:&quot;0&quot;,&quot;copyright&quot;:&quot;&quot;,&quot;focal_length&quot;:&quot;0&quot;,&quot;iso&quot;:&quot;0&quot;,&quot;shutter_speed&quot;:&quot;0&quot;,&quot;title&quot;:&quot;&quot;,&quot;orientation&quot;:&quot;0&quot;}\" data-image-title=\"Fila\u0300 Masers, guanyadors\" data-image-description=\"\" data-image-caption=\"\" data-large-file=\"https:\/\/i0.wp.com\/olivamorosicristians.es\/wp-content\/uploads\/2019\/02\/Fila%CC%80-Masers-guanyadors-1.jpeg?fit=1024%2C682&amp;ssl=1\" src=\"https:\/\/i0.wp.com\/olivamorosicristians.es\/wp-content\/uploads\/2019\/02\/Fila%CC%80-Masers-guanyadors-1-1024x682.jpeg?resize=1024%2C682\" alt=\"\" data-id=\"9108\" data-link=\"http:\/\/olivamorosicristians.es\/?attachment_id=9108\" class=\"wp-image-9108\" srcset=\"https:\/\/i0.wp.com\/olivamorosicristians.es\/wp-content\/uploads\/2019\/02\/Fila%CC%80-Masers-guanyadors-1.jpeg?resize=1024%2C682&amp;ssl=1 1024w, https:\/\/i0.wp.com\/olivamorosicristians.es\/wp-content\/uploads\/2019\/02\/Fila%CC%80-Masers-guanyadors-1.jpeg?resize=300%2C200&amp;ssl=1 300w, https:\/\/i0.wp.com\/olivamorosicristians.es\/wp-content\/uploads\/2019\/02\/Fila%CC%80-Masers-guanyadors-1.jpeg?resize=768%2C512&amp;ssl=1 768w, https:\/\/i0.wp.com\/olivamorosicristians.es\/wp-content\/uploads\/2019\/02\/Fila%CC%80-Masers-guanyadors-1.jpeg?resize=640%2C426&amp;ssl=1 640w, https:\/\/i0.wp.com\/olivamorosicristians.es\/wp-content\/uploads\/2019\/02\/Fila%CC%80-Masers-guanyadors-1.jpeg?resize=1280%2C853&amp;ssl=1 1280w, https:\/\/i0.wp.com\/olivamorosicristians.es\/wp-content\/uploads\/2019\/02\/Fila%CC%80-Masers-guanyadors-1.jpeg?w=1600&amp;ssl=1 1600w\" sizes=\"auto, (max-width: 1024px) 100vw, 1024px\" \/><\/figure><\/li><\/ul>","protected":false},"excerpt":{"rendered":"<p>Els Masers guanyen la millor presentaci\u00f3 i el millor putxero de 2019, valorat per un jurat conformat per experts en gastronomia. Com de costum, a les 8h del mat\u00ed, els trabuquers de les respectives filades es disposaven a donar inici a la celebraci\u00f3 del Mig Any fester despertant al poble d\u2019Oliva amb el foc d\u2019arcabusseria. [&hellip;]<\/p>\n","protected":false},"author":1,"featured_media":9098,"comment_status":"closed","ping_status":"open","sticky":false,"template":"","format":"standard","meta":{"jetpack_post_was_ever_published":false,"_jetpack_newsletter_access":"","_jetpack_dont_email_post_to_subs":false,"_jetpack_newsletter_tier_id":0,"_jetpack_memberships_contains_paywalled_content":false,"_jetpack_memberships_contains_paid_content":false,"footnotes":"","jetpack_publicize_message":"","jetpack_publicize_feature_enabled":true,"jetpack_social_post_already_shared":true,"jetpack_social_options":{"image_generator_settings":{"template":"highway","default_image_id":0,"font":"","enabled":false},"version":2}},"categories":[143,9],"tags":[],"class_list":["post-9096","post","type-post","status-publish","format-standard","has-post-thumbnail","hentry","category-concursos","category-festa"],"yoast_head":"<!-- This site is optimized with the Yoast SEO plugin v27.4 - https:\/\/yoast.com\/product\/yoast-seo-wordpress\/ -->\n<title>La Fil\u00e0 Masers triomfa en el concurs de putxeros del Mig Any - Moros i Cristians Oliva<\/title>\n<meta name=\"robots\" content=\"index, follow, max-snippet:-1, max-image-preview:large, max-video-preview:-1\" \/>\n<link rel=\"canonical\" href=\"https:\/\/olivamorosicristians.es\/es\/la-fila-masers-triomfa-en-el-concurs-de-putxeros-del-mig-any\/\" \/>\n<meta property=\"og:locale\" content=\"es_ES\" \/>\n<meta property=\"og:type\" content=\"article\" \/>\n<meta property=\"og:title\" content=\"La Fil\u00e0 Masers triomfa en el concurs de putxeros del Mig Any - Moros i Cristians Oliva\" \/>\n<meta property=\"og:description\" content=\"Els Masers guanyen la millor presentaci\u00f3 i el millor putxero de 2019, valorat per un jurat conformat per experts en gastronomia. Com de costum, a les 8h del mat\u00ed, els trabuquers de les respectives filades es disposaven a donar inici a la celebraci\u00f3 del Mig Any fester despertant al poble d\u2019Oliva amb el foc d\u2019arcabusseria. [&hellip;]\" \/>\n<meta property=\"og:url\" content=\"https:\/\/olivamorosicristians.es\/es\/la-fila-masers-triomfa-en-el-concurs-de-putxeros-del-mig-any\/\" \/>\n<meta property=\"og:site_name\" content=\"Moros i Cristians Oliva\" \/>\n<meta property=\"article:publisher\" content=\"https:\/\/www.facebook.com\/federaciodemorosicristiansdoliva\/\" \/>\n<meta property=\"article:author\" content=\"https:\/\/www.facebook.com\/federaciodemorosicristiansdoliva\" \/>\n<meta property=\"article:published_time\" content=\"2019-02-14T17:31:46+00:00\" \/>\n<meta property=\"article:modified_time\" content=\"2019-02-14T17:31:54+00:00\" \/>\n<meta property=\"og:image\" content=\"https:\/\/i0.wp.com\/olivamorosicristians.es\/wp-content\/uploads\/2019\/02\/Cuiners03.jpg?fit=600%2C327&ssl=1\" \/>\n\t<meta property=\"og:image:width\" content=\"600\" \/>\n\t<meta property=\"og:image:height\" content=\"327\" \/>\n\t<meta property=\"og:image:type\" content=\"image\/jpeg\" \/>\n<meta name=\"author\" content=\"Webmaster\" \/>\n<meta name=\"twitter:card\" content=\"summary_large_image\" \/>\n<meta name=\"twitter:label1\" content=\"Escrito por\" \/>\n\t<meta name=\"twitter:data1\" content=\"Webmaster\" \/>\n\t<meta name=\"twitter:label2\" content=\"Tiempo de lectura\" \/>\n\t<meta name=\"twitter:data2\" content=\"3 minutos\" \/>\n<script type=\"application\/ld+json\" class=\"yoast-schema-graph\">{\"@context\":\"https:\\\/\\\/schema.org\",\"@graph\":[{\"@type\":\"Article\",\"@id\":\"https:\\\/\\\/olivamorosicristians.es\\\/la-fila-masers-triomfa-en-el-concurs-de-putxeros-del-mig-any\\\/#article\",\"isPartOf\":{\"@id\":\"https:\\\/\\\/olivamorosicristians.es\\\/la-fila-masers-triomfa-en-el-concurs-de-putxeros-del-mig-any\\\/\"},\"author\":{\"name\":\"Webmaster\",\"@id\":\"https:\\\/\\\/olivamorosicristians.es\\\/#\\\/schema\\\/person\\\/21ece052d8816103cad91a2676fd0149\"},\"headline\":\"La Fil\u00e0 Masers triomfa en el concurs de putxeros del Mig Any\",\"datePublished\":\"2019-02-14T17:31:46+00:00\",\"dateModified\":\"2019-02-14T17:31:54+00:00\",\"mainEntityOfPage\":{\"@id\":\"https:\\\/\\\/olivamorosicristians.es\\\/la-fila-masers-triomfa-en-el-concurs-de-putxeros-del-mig-any\\\/\"},\"wordCount\":606,\"publisher\":{\"@id\":\"https:\\\/\\\/olivamorosicristians.es\\\/#organization\"},\"image\":{\"@id\":\"https:\\\/\\\/olivamorosicristians.es\\\/la-fila-masers-triomfa-en-el-concurs-de-putxeros-del-mig-any\\\/#primaryimage\"},\"thumbnailUrl\":\"https:\\\/\\\/i0.wp.com\\\/olivamorosicristians.es\\\/wp-content\\\/uploads\\\/2019\\\/02\\\/Cuiners03.jpg?fit=600%2C327&ssl=1\",\"articleSection\":[\"Concursos\",\"Festa\"],\"inLanguage\":\"es\"},{\"@type\":\"WebPage\",\"@id\":\"https:\\\/\\\/olivamorosicristians.es\\\/la-fila-masers-triomfa-en-el-concurs-de-putxeros-del-mig-any\\\/\",\"url\":\"https:\\\/\\\/olivamorosicristians.es\\\/la-fila-masers-triomfa-en-el-concurs-de-putxeros-del-mig-any\\\/\",\"name\":\"La Fil\u00e0 Masers triomfa en el concurs de putxeros del Mig Any - Moros i Cristians Oliva\",\"isPartOf\":{\"@id\":\"https:\\\/\\\/olivamorosicristians.es\\\/#website\"},\"primaryImageOfPage\":{\"@id\":\"https:\\\/\\\/olivamorosicristians.es\\\/la-fila-masers-triomfa-en-el-concurs-de-putxeros-del-mig-any\\\/#primaryimage\"},\"image\":{\"@id\":\"https:\\\/\\\/olivamorosicristians.es\\\/la-fila-masers-triomfa-en-el-concurs-de-putxeros-del-mig-any\\\/#primaryimage\"},\"thumbnailUrl\":\"https:\\\/\\\/i0.wp.com\\\/olivamorosicristians.es\\\/wp-content\\\/uploads\\\/2019\\\/02\\\/Cuiners03.jpg?fit=600%2C327&ssl=1\",\"datePublished\":\"2019-02-14T17:31:46+00:00\",\"dateModified\":\"2019-02-14T17:31:54+00:00\",\"breadcrumb\":{\"@id\":\"https:\\\/\\\/olivamorosicristians.es\\\/la-fila-masers-triomfa-en-el-concurs-de-putxeros-del-mig-any\\\/#breadcrumb\"},\"inLanguage\":\"es\",\"potentialAction\":[{\"@type\":\"ReadAction\",\"target\":[\"https:\\\/\\\/olivamorosicristians.es\\\/la-fila-masers-triomfa-en-el-concurs-de-putxeros-del-mig-any\\\/\"]}]},{\"@type\":\"ImageObject\",\"inLanguage\":\"es\",\"@id\":\"https:\\\/\\\/olivamorosicristians.es\\\/la-fila-masers-triomfa-en-el-concurs-de-putxeros-del-mig-any\\\/#primaryimage\",\"url\":\"https:\\\/\\\/i0.wp.com\\\/olivamorosicristians.es\\\/wp-content\\\/uploads\\\/2019\\\/02\\\/Cuiners03.jpg?fit=600%2C327&ssl=1\",\"contentUrl\":\"https:\\\/\\\/i0.wp.com\\\/olivamorosicristians.es\\\/wp-content\\\/uploads\\\/2019\\\/02\\\/Cuiners03.jpg?fit=600%2C327&ssl=1\",\"width\":600,\"height\":327,\"caption\":\"oliva moros i cristians\"},{\"@type\":\"BreadcrumbList\",\"@id\":\"https:\\\/\\\/olivamorosicristians.es\\\/la-fila-masers-triomfa-en-el-concurs-de-putxeros-del-mig-any\\\/#breadcrumb\",\"itemListElement\":[{\"@type\":\"ListItem\",\"position\":1,\"name\":\"Portada\",\"item\":\"https:\\\/\\\/olivamorosicristians.es\\\/\"},{\"@type\":\"ListItem\",\"position\":2,\"name\":\"La Fil\u00e0 Masers triomfa en el concurs de putxeros del Mig Any\"}]},{\"@type\":\"WebSite\",\"@id\":\"https:\\\/\\\/olivamorosicristians.es\\\/#website\",\"url\":\"https:\\\/\\\/olivamorosicristians.es\\\/\",\"name\":\"Moros i Cristians Oliva\",\"description\":\"FMCO\",\"publisher\":{\"@id\":\"https:\\\/\\\/olivamorosicristians.es\\\/#organization\"},\"potentialAction\":[{\"@type\":\"SearchAction\",\"target\":{\"@type\":\"EntryPoint\",\"urlTemplate\":\"https:\\\/\\\/olivamorosicristians.es\\\/?s={search_term_string}\"},\"query-input\":{\"@type\":\"PropertyValueSpecification\",\"valueRequired\":true,\"valueName\":\"search_term_string\"}}],\"inLanguage\":\"es\"},{\"@type\":\"Organization\",\"@id\":\"https:\\\/\\\/olivamorosicristians.es\\\/#organization\",\"name\":\"Federaci\u00f3 de Moros i Cristians - Oliva\",\"url\":\"https:\\\/\\\/olivamorosicristians.es\\\/\",\"logo\":{\"@type\":\"ImageObject\",\"inLanguage\":\"es\",\"@id\":\"https:\\\/\\\/olivamorosicristians.es\\\/#\\\/schema\\\/logo\\\/image\\\/\",\"url\":\"https:\\\/\\\/i2.wp.com\\\/olivamorosicristians.es\\\/wp-content\\\/uploads\\\/2018\\\/06\\\/Icon_FMiCO.png?fit=50%2C50&ssl=1\",\"contentUrl\":\"https:\\\/\\\/i2.wp.com\\\/olivamorosicristians.es\\\/wp-content\\\/uploads\\\/2018\\\/06\\\/Icon_FMiCO.png?fit=50%2C50&ssl=1\",\"width\":50,\"height\":50,\"caption\":\"Federaci\u00f3 de Moros i Cristians - Oliva\"},\"image\":{\"@id\":\"https:\\\/\\\/olivamorosicristians.es\\\/#\\\/schema\\\/logo\\\/image\\\/\"},\"sameAs\":[\"https:\\\/\\\/www.facebook.com\\\/federaciodemorosicristiansdoliva\\\/\",\"https:\\\/\\\/www.instagram.com\\\/morosicristiansoliva\\\/?hl=es\"]},{\"@type\":\"Person\",\"@id\":\"https:\\\/\\\/olivamorosicristians.es\\\/#\\\/schema\\\/person\\\/21ece052d8816103cad91a2676fd0149\",\"name\":\"Webmaster\",\"image\":{\"@type\":\"ImageObject\",\"inLanguage\":\"es\",\"@id\":\"https:\\\/\\\/secure.gravatar.com\\\/avatar\\\/18de20f14d74abe0c800b423a8b0e24cae6153cb6baeb2c2df80e1cef2117e0d?s=96&d=mm&r=g\",\"url\":\"https:\\\/\\\/secure.gravatar.com\\\/avatar\\\/18de20f14d74abe0c800b423a8b0e24cae6153cb6baeb2c2df80e1cef2117e0d?s=96&d=mm&r=g\",\"contentUrl\":\"https:\\\/\\\/secure.gravatar.com\\\/avatar\\\/18de20f14d74abe0c800b423a8b0e24cae6153cb6baeb2c2df80e1cef2117e0d?s=96&d=mm&r=g\",\"caption\":\"Webmaster\"},\"sameAs\":[\"https:\\\/\\\/www.facebook.com\\\/federaciodemorosicristiansdoliva\",\"https:\\\/\\\/www.instagram.com\\\/morosicristiansoliva\\\/\"]}]}<\/script>\n<!-- \/ Yoast SEO plugin. -->","yoast_head_json":{"title":"La Fil\u00e0 Masers triomfa en el concurs de putxeros del Mig Any - Moros i Cristians Oliva","robots":{"index":"index","follow":"follow","max-snippet":"max-snippet:-1","max-image-preview":"max-image-preview:large","max-video-preview":"max-video-preview:-1"},"canonical":"https:\/\/olivamorosicristians.es\/es\/la-fila-masers-triomfa-en-el-concurs-de-putxeros-del-mig-any\/","og_locale":"es_ES","og_type":"article","og_title":"La Fil\u00e0 Masers triomfa en el concurs de putxeros del Mig Any - Moros i Cristians Oliva","og_description":"Els Masers guanyen la millor presentaci\u00f3 i el millor putxero de 2019, valorat per un jurat conformat per experts en gastronomia. Com de costum, a les 8h del mat\u00ed, els trabuquers de les respectives filades es disposaven a donar inici a la celebraci\u00f3 del Mig Any fester despertant al poble d\u2019Oliva amb el foc d\u2019arcabusseria. [&hellip;]","og_url":"https:\/\/olivamorosicristians.es\/es\/la-fila-masers-triomfa-en-el-concurs-de-putxeros-del-mig-any\/","og_site_name":"Moros i Cristians Oliva","article_publisher":"https:\/\/www.facebook.com\/federaciodemorosicristiansdoliva\/","article_author":"https:\/\/www.facebook.com\/federaciodemorosicristiansdoliva","article_published_time":"2019-02-14T17:31:46+00:00","article_modified_time":"2019-02-14T17:31:54+00:00","og_image":[{"width":600,"height":327,"url":"https:\/\/i0.wp.com\/olivamorosicristians.es\/wp-content\/uploads\/2019\/02\/Cuiners03.jpg?fit=600%2C327&ssl=1","type":"image\/jpeg"}],"author":"Webmaster","twitter_card":"summary_large_image","twitter_misc":{"Escrito por":"Webmaster","Tiempo de lectura":"3 minutos"},"schema":{"@context":"https:\/\/schema.org","@graph":[{"@type":"Article","@id":"https:\/\/olivamorosicristians.es\/la-fila-masers-triomfa-en-el-concurs-de-putxeros-del-mig-any\/#article","isPartOf":{"@id":"https:\/\/olivamorosicristians.es\/la-fila-masers-triomfa-en-el-concurs-de-putxeros-del-mig-any\/"},"author":{"name":"Webmaster","@id":"https:\/\/olivamorosicristians.es\/#\/schema\/person\/21ece052d8816103cad91a2676fd0149"},"headline":"La Fil\u00e0 Masers triomfa en el concurs de putxeros del Mig Any","datePublished":"2019-02-14T17:31:46+00:00","dateModified":"2019-02-14T17:31:54+00:00","mainEntityOfPage":{"@id":"https:\/\/olivamorosicristians.es\/la-fila-masers-triomfa-en-el-concurs-de-putxeros-del-mig-any\/"},"wordCount":606,"publisher":{"@id":"https:\/\/olivamorosicristians.es\/#organization"},"image":{"@id":"https:\/\/olivamorosicristians.es\/la-fila-masers-triomfa-en-el-concurs-de-putxeros-del-mig-any\/#primaryimage"},"thumbnailUrl":"https:\/\/i0.wp.com\/olivamorosicristians.es\/wp-content\/uploads\/2019\/02\/Cuiners03.jpg?fit=600%2C327&ssl=1","articleSection":["Concursos","Festa"],"inLanguage":"es"},{"@type":"WebPage","@id":"https:\/\/olivamorosicristians.es\/la-fila-masers-triomfa-en-el-concurs-de-putxeros-del-mig-any\/","url":"https:\/\/olivamorosicristians.es\/la-fila-masers-triomfa-en-el-concurs-de-putxeros-del-mig-any\/","name":"La Fil\u00e0 Masers triomfa en el concurs de putxeros del Mig Any - Moros i Cristians Oliva","isPartOf":{"@id":"https:\/\/olivamorosicristians.es\/#website"},"primaryImageOfPage":{"@id":"https:\/\/olivamorosicristians.es\/la-fila-masers-triomfa-en-el-concurs-de-putxeros-del-mig-any\/#primaryimage"},"image":{"@id":"https:\/\/olivamorosicristians.es\/la-fila-masers-triomfa-en-el-concurs-de-putxeros-del-mig-any\/#primaryimage"},"thumbnailUrl":"https:\/\/i0.wp.com\/olivamorosicristians.es\/wp-content\/uploads\/2019\/02\/Cuiners03.jpg?fit=600%2C327&ssl=1","datePublished":"2019-02-14T17:31:46+00:00","dateModified":"2019-02-14T17:31:54+00:00","breadcrumb":{"@id":"https:\/\/olivamorosicristians.es\/la-fila-masers-triomfa-en-el-concurs-de-putxeros-del-mig-any\/#breadcrumb"},"inLanguage":"es","potentialAction":[{"@type":"ReadAction","target":["https:\/\/olivamorosicristians.es\/la-fila-masers-triomfa-en-el-concurs-de-putxeros-del-mig-any\/"]}]},{"@type":"ImageObject","inLanguage":"es","@id":"https:\/\/olivamorosicristians.es\/la-fila-masers-triomfa-en-el-concurs-de-putxeros-del-mig-any\/#primaryimage","url":"https:\/\/i0.wp.com\/olivamorosicristians.es\/wp-content\/uploads\/2019\/02\/Cuiners03.jpg?fit=600%2C327&ssl=1","contentUrl":"https:\/\/i0.wp.com\/olivamorosicristians.es\/wp-content\/uploads\/2019\/02\/Cuiners03.jpg?fit=600%2C327&ssl=1","width":600,"height":327,"caption":"oliva moros i cristians"},{"@type":"BreadcrumbList","@id":"https:\/\/olivamorosicristians.es\/la-fila-masers-triomfa-en-el-concurs-de-putxeros-del-mig-any\/#breadcrumb","itemListElement":[{"@type":"ListItem","position":1,"name":"Portada","item":"https:\/\/olivamorosicristians.es\/"},{"@type":"ListItem","position":2,"name":"La Fil\u00e0 Masers triomfa en el concurs de putxeros del Mig Any"}]},{"@type":"WebSite","@id":"https:\/\/olivamorosicristians.es\/#website","url":"https:\/\/olivamorosicristians.es\/","name":"Moros i Cristians Oliva","description":"FMCO","publisher":{"@id":"https:\/\/olivamorosicristians.es\/#organization"},"potentialAction":[{"@type":"SearchAction","target":{"@type":"EntryPoint","urlTemplate":"https:\/\/olivamorosicristians.es\/?s={search_term_string}"},"query-input":{"@type":"PropertyValueSpecification","valueRequired":true,"valueName":"search_term_string"}}],"inLanguage":"es"},{"@type":"Organization","@id":"https:\/\/olivamorosicristians.es\/#organization","name":"La Federaci\u00f3n de Moros y Cristianos de Oliva","url":"https:\/\/olivamorosicristians.es\/","logo":{"@type":"ImageObject","inLanguage":"es","@id":"https:\/\/olivamorosicristians.es\/#\/schema\/logo\/image\/","url":"https:\/\/i2.wp.com\/olivamorosicristians.es\/wp-content\/uploads\/2018\/06\/Icon_FMiCO.png?fit=50%2C50&ssl=1","contentUrl":"https:\/\/i2.wp.com\/olivamorosicristians.es\/wp-content\/uploads\/2018\/06\/Icon_FMiCO.png?fit=50%2C50&ssl=1","width":50,"height":50,"caption":"Federaci\u00f3 de Moros i Cristians - Oliva"},"image":{"@id":"https:\/\/olivamorosicristians.es\/#\/schema\/logo\/image\/"},"sameAs":["https:\/\/www.facebook.com\/federaciodemorosicristiansdoliva\/","https:\/\/www.instagram.com\/morosicristiansoliva\/?hl=es"]},{"@type":"Person","@id":"https:\/\/olivamorosicristians.es\/#\/schema\/person\/21ece052d8816103cad91a2676fd0149","name":"Webmaster","image":{"@type":"ImageObject","inLanguage":"es","@id":"https:\/\/secure.gravatar.com\/avatar\/18de20f14d74abe0c800b423a8b0e24cae6153cb6baeb2c2df80e1cef2117e0d?s=96&d=mm&r=g","url":"https:\/\/secure.gravatar.com\/avatar\/18de20f14d74abe0c800b423a8b0e24cae6153cb6baeb2c2df80e1cef2117e0d?s=96&d=mm&r=g","contentUrl":"https:\/\/secure.gravatar.com\/avatar\/18de20f14d74abe0c800b423a8b0e24cae6153cb6baeb2c2df80e1cef2117e0d?s=96&d=mm&r=g","caption":"Webmaster"},"sameAs":["https:\/\/www.facebook.com\/federaciodemorosicristiansdoliva","https:\/\/www.instagram.com\/morosicristiansoliva\/"]}]}},"jetpack_publicize_connections":[],"jetpack_featured_media_url":"https:\/\/i0.wp.com\/olivamorosicristians.es\/wp-content\/uploads\/2019\/02\/Cuiners03.jpg?fit=600%2C327&ssl=1","jetpack_sharing_enabled":true,"jetpack_shortlink":"https:\/\/wp.me\/pagEx6-2mI","jetpack-related-posts":[],"_links":{"self":[{"href":"https:\/\/olivamorosicristians.es\/es\/wp-json\/wp\/v2\/posts\/9096","targetHints":{"allow":["GET"]}}],"collection":[{"href":"https:\/\/olivamorosicristians.es\/es\/wp-json\/wp\/v2\/posts"}],"about":[{"href":"https:\/\/olivamorosicristians.es\/es\/wp-json\/wp\/v2\/types\/post"}],"author":[{"embeddable":true,"href":"https:\/\/olivamorosicristians.es\/es\/wp-json\/wp\/v2\/users\/1"}],"replies":[{"embeddable":true,"href":"https:\/\/olivamorosicristians.es\/es\/wp-json\/wp\/v2\/comments?post=9096"}],"version-history":[{"count":4,"href":"https:\/\/olivamorosicristians.es\/es\/wp-json\/wp\/v2\/posts\/9096\/revisions"}],"predecessor-version":[{"id":9110,"href":"https:\/\/olivamorosicristians.es\/es\/wp-json\/wp\/v2\/posts\/9096\/revisions\/9110"}],"wp:featuredmedia":[{"embeddable":true,"href":"https:\/\/olivamorosicristians.es\/es\/wp-json\/wp\/v2\/media\/9098"}],"wp:attachment":[{"href":"https:\/\/olivamorosicristians.es\/es\/wp-json\/wp\/v2\/media?parent=9096"}],"wp:term":[{"taxonomy":"category","embeddable":true,"href":"https:\/\/olivamorosicristians.es\/es\/wp-json\/wp\/v2\/categories?post=9096"},{"taxonomy":"post_tag","embeddable":true,"href":"https:\/\/olivamorosicristians.es\/es\/wp-json\/wp\/v2\/tags?post=9096"}],"curies":[{"name":"wp","href":"https:\/\/api.w.org\/{rel}","templated":true}]}}