{"id":9091,"date":"2019-02-08T13:58:19","date_gmt":"2019-02-08T13:58:19","guid":{"rendered":"http:\/\/olivamorosicristians.es\/?p=9091"},"modified":"2019-02-08T14:32:54","modified_gmt":"2019-02-08T14:32:54","slug":"putxeros-mig-any-2019","status":"publish","type":"post","link":"https:\/\/olivamorosicristians.es\/es\/putxeros-mig-any-2019\/","title":{"rendered":"Putxeros Mig Any 2019"},"content":{"rendered":"<p><strong>La\nFederaci\u00f3 de Moros i Cristians d\u2019Oliva, amb la col\u00b7laboraci\u00f3 de\nla regidoria de festes, te el gust de comunicar la celebraci\u00f3 dels\nPutxeros del mig any de les Festes de Moros i Cristians d\u2019Oliva que\nser\u00e0 el pr\u00f2xim dissabte 9 de febrer a la Pla\u00e7a Joan Baptista\nEscriv\u00e0.<\/strong><\/p>\n\n\n\n<p>Enguany,\ncom a novetat, el concurs de putxeros es celebrar\u00e0 dissabte,\nconforme a l\u2019aprovat per majoria en assamblea de compromisaris de\nles Filades d\u2019Oliva.<\/p>\n\n\n\n<p>La\njornada comen\u00e7ar\u00e0 a les 8:00h amb el tradicional foc d\u2019arcabusseria\ni cercavil\u00b7la pels carrers del Raval de la ciutat, i seguidament\nfesta amenitzada per l\u2019AAMO a la pla\u00e7a Joan Baptista Escriv\u00e0.<\/p>\n\n\n\n<p>A\nles 8:00h es concentraran els festers que participaran de la Diana\nd\u2019arcabuseria, la \u201cdespert\u00e0\u201d. La colla de trabuquers composada\nper membres de totes les filades dispararan els seus trabucs per tot\nel Raval i Vila de la ciutat d\u2019Oliva, acompanyats per la <strong>AAMO\nd\u2019Oliva<\/strong>\n(Associaci\u00f3 Art\u00edstico Musical d\u2019Oliva) que interpretar\u00e0 pas\ndobles dianers, per convocar a participar a tots els ve\u00efns de la\nciutat.  Est\u00e0 prevista l\u2019aplegada a les 10:00h a la placeta Joan\nBaptista Escriv\u00e0, de nou, on cada filada preparar\u00e0 el seu putxero\nque degustaran ve\u00efns i festers que tinguen el gust d\u2019acostar-se a\nla pla\u00e7a.<\/p>\n\n\n\n<p>Al\nllarg del mat\u00ed, mentre es cuinen els <strong>Putxeros<\/strong>,\nl\u2019AMMO  interpretar\u00e0 m\u00fasica de xaranga, marxes mores i cristianes\non els festers i ve\u00efns formaran les primeres esquadres de l\u2019any.<\/p>\n\n\n\n<p>A\nles 12:30h comen\u00e7ar\u00e0 l\u2019entrega de premis del concurs escolar de\ndibuixos per aquest ordre:<\/p>\n\n\n\n<p>Entrega\ndel premis de <strong>Concurs\nescolar de dibuixos<\/strong>\nde Moros i Cristians d\u2019Oliva<\/p>\n\n\n\n<ul class=\"wp-block-list\"><li>Categoria\n\t\tA (3er i 4t de prim\u00e0ria)\n\t\t<ul><li>1er\n\t\t\tMarta P\u00e9rez Canet (Col\u00b7legi La Carrasca)\n\t\t\t<\/li><li>2on\n\t\t\tVirginia Fern\u00e1ndez-Avil\u00e9s Herraiz  (Col\u00b7legi El Rebollet)\n\t\t\t<\/li><li>3er\n\t\t\tPau Morat\u00f3 Pastor (Col\u00b7legi Lluis Vives Oliva)\n\t\t<\/li><\/ul>\n\t<\/li><\/ul>\n\n\n\n<ul class=\"wp-block-list\"><li>Categoria\n\t\tB (5\u00e9 i 6\u00e9 de prim\u00e0ria)\n\t\t<ul><li>1er\n\t\t\tAina Calafat Sanchis (Col\u00b7legi San Josep de la Muntanya)\n\t\t\t<\/li><li>2on\n\t\t\tJoaquin Peir\u00f3 Peir\u00f3 (Col\u00b7legi San Josep de la Muntanya)\n\t\t\t<\/li><li>3er\n\t\t\tClara Mi\u00f1ana Castillo (Col\u00b7legi El Rebollet) \n\t\t\t\n\t\t<\/li><\/ul>\n\t<\/li><\/ul>\n\n\n\n<p>A\nles 13:00h les filades faran entrega dels putxeros al jurat\nvalorador, que enguany el conformaran cuiners i professionals de\nl\u2019hosteleria, aix\u00ed com cr\u00edtics gastron\u00f2mics: Paco Alonso,\nperiodista gastron\u00f2mic en TVE i La Vangu\u00e0rdia; Juan Carlos Galbis,\ncuiner i professor de la Xarxa de Centres de Turisme de la GVA,\nespecialista en arrossos; Cova Morales, especialista en comunicaci\u00f3\ngastron\u00f2mica; Paco Oltra \u201cSoqueta\u201d, president de Gastroliva;\nPepe Cotaina, President de l\u2019Associaci\u00f3 de Coques d\u2019Oliva.<\/p>\n\n\n\n<p>Respecte\nal concurs de cartells de Moros i Cristians informar que,  per\ndecissi\u00f3 de jurat valorador conformat per experts en diss\u00e8ny i\nfotografia, es va decidir deixar desert el concurs. Aix\u00ed les coses,\nla Federaci\u00f3 de Moros i Cristians ha decidit encomanar el cartell a\nun artista local perqu\u00e8 elabore el que ser\u00e0 la imatge anunciadora\nde les Festes de Moros i Cristians d\u2019Oliva 2019.  La Junta de\nGovern treballa en la selecci\u00f3 d\u2019un artista local representatiu i\nque siga captar l\u2019ess\u00e8ncia de la Festa olivana.<\/p>","protected":false},"excerpt":{"rendered":"<p>La Federaci\u00f3 de Moros i Cristians d\u2019Oliva, amb la col\u00b7laboraci\u00f3 de la regidoria de festes, te el gust de comunicar la celebraci\u00f3 dels Putxeros del mig any de les Festes de Moros i Cristians d\u2019Oliva que ser\u00e0 el pr\u00f2xim dissabte 9 de febrer a la Pla\u00e7a Joan Baptista Escriv\u00e0. Enguany, com a novetat, el concurs [&hellip;]<\/p>\n","protected":false},"author":1,"featured_media":9092,"comment_status":"closed","ping_status":"open","sticky":false,"template":"","format":"standard","meta":{"jetpack_post_was_ever_published":false,"_jetpack_newsletter_access":"","_jetpack_dont_email_post_to_subs":false,"_jetpack_newsletter_tier_id":0,"_jetpack_memberships_contains_paywalled_content":false,"_jetpack_memberships_contains_paid_content":false,"footnotes":"","jetpack_publicize_message":"","jetpack_publicize_feature_enabled":true,"jetpack_social_post_already_shared":true,"jetpack_social_options":{"image_generator_settings":{"template":"highway","default_image_id":0,"font":"","enabled":false},"version":2}},"categories":[6,9],"tags":[],"class_list":["post-9091","post","type-post","status-publish","format-standard","has-post-thumbnail","hentry","category-estil-de-vida","category-festa"],"yoast_head":"<!-- This site is optimized with the Yoast SEO plugin v27.5 - https:\/\/yoast.com\/product\/yoast-seo-wordpress\/ -->\n<title>Putxeros Mig Any 2019 - Moros i Cristians Oliva<\/title>\n<meta name=\"robots\" content=\"index, follow, max-snippet:-1, max-image-preview:large, max-video-preview:-1\" \/>\n<link rel=\"canonical\" href=\"https:\/\/olivamorosicristians.es\/es\/putxeros-mig-any-2019\/\" \/>\n<meta property=\"og:locale\" content=\"es_ES\" \/>\n<meta property=\"og:type\" content=\"article\" \/>\n<meta property=\"og:title\" content=\"Putxeros Mig Any 2019 - Moros i Cristians Oliva\" \/>\n<meta property=\"og:description\" content=\"La Federaci\u00f3 de Moros i Cristians d\u2019Oliva, amb la col\u00b7laboraci\u00f3 de la regidoria de festes, te el gust de comunicar la celebraci\u00f3 dels Putxeros del mig any de les Festes de Moros i Cristians d\u2019Oliva que ser\u00e0 el pr\u00f2xim dissabte 9 de febrer a la Pla\u00e7a Joan Baptista Escriv\u00e0. Enguany, com a novetat, el concurs [&hellip;]\" \/>\n<meta property=\"og:url\" content=\"https:\/\/olivamorosicristians.es\/es\/putxeros-mig-any-2019\/\" \/>\n<meta property=\"og:site_name\" content=\"Moros i Cristians Oliva\" \/>\n<meta property=\"article:publisher\" content=\"https:\/\/www.facebook.com\/federaciodemorosicristiansdoliva\/\" \/>\n<meta property=\"article:author\" content=\"https:\/\/www.facebook.com\/federaciodemorosicristiansdoliva\" \/>\n<meta property=\"article:published_time\" content=\"2019-02-08T13:58:19+00:00\" \/>\n<meta property=\"article:modified_time\" content=\"2019-02-08T14:32:54+00:00\" \/>\n<meta property=\"og:image\" content=\"https:\/\/i1.wp.com\/olivamorosicristians.es\/wp-content\/uploads\/2019\/02\/WhatsApp-Image-2019-02-06-at-13.10.26.jpg?fit=600%2C327&ssl=1\" \/>\n\t<meta property=\"og:image:width\" content=\"600\" \/>\n\t<meta property=\"og:image:height\" content=\"327\" \/>\n\t<meta property=\"og:image:type\" content=\"image\/jpeg\" \/>\n<meta name=\"author\" content=\"Webmaster\" \/>\n<meta name=\"twitter:card\" content=\"summary_large_image\" \/>\n<meta name=\"twitter:label1\" content=\"Escrito por\" \/>\n\t<meta name=\"twitter:data1\" content=\"Webmaster\" \/>\n\t<meta name=\"twitter:label2\" content=\"Tiempo de lectura\" \/>\n\t<meta name=\"twitter:data2\" content=\"3 minutos\" \/>\n<script type=\"application\/ld+json\" class=\"yoast-schema-graph\">{\"@context\":\"https:\\\/\\\/schema.org\",\"@graph\":[{\"@type\":\"Article\",\"@id\":\"https:\\\/\\\/olivamorosicristians.es\\\/putxeros-mig-any-2019\\\/#article\",\"isPartOf\":{\"@id\":\"https:\\\/\\\/olivamorosicristians.es\\\/putxeros-mig-any-2019\\\/\"},\"author\":{\"name\":\"Webmaster\",\"@id\":\"https:\\\/\\\/olivamorosicristians.es\\\/#\\\/schema\\\/person\\\/21ece052d8816103cad91a2676fd0149\"},\"headline\":\"Putxeros Mig Any 2019\",\"datePublished\":\"2019-02-08T13:58:19+00:00\",\"dateModified\":\"2019-02-08T14:32:54+00:00\",\"mainEntityOfPage\":{\"@id\":\"https:\\\/\\\/olivamorosicristians.es\\\/putxeros-mig-any-2019\\\/\"},\"wordCount\":536,\"publisher\":{\"@id\":\"https:\\\/\\\/olivamorosicristians.es\\\/#organization\"},\"image\":{\"@id\":\"https:\\\/\\\/olivamorosicristians.es\\\/putxeros-mig-any-2019\\\/#primaryimage\"},\"thumbnailUrl\":\"https:\\\/\\\/i0.wp.com\\\/olivamorosicristians.es\\\/wp-content\\\/uploads\\\/2019\\\/02\\\/WhatsApp-Image-2019-02-06-at-13.10.26.jpg?fit=600%2C327&ssl=1\",\"articleSection\":[\"Estil de vida\",\"Festa\"],\"inLanguage\":\"es\"},{\"@type\":\"WebPage\",\"@id\":\"https:\\\/\\\/olivamorosicristians.es\\\/putxeros-mig-any-2019\\\/\",\"url\":\"https:\\\/\\\/olivamorosicristians.es\\\/putxeros-mig-any-2019\\\/\",\"name\":\"Putxeros Mig Any 2019 - Moros i Cristians Oliva\",\"isPartOf\":{\"@id\":\"https:\\\/\\\/olivamorosicristians.es\\\/#website\"},\"primaryImageOfPage\":{\"@id\":\"https:\\\/\\\/olivamorosicristians.es\\\/putxeros-mig-any-2019\\\/#primaryimage\"},\"image\":{\"@id\":\"https:\\\/\\\/olivamorosicristians.es\\\/putxeros-mig-any-2019\\\/#primaryimage\"},\"thumbnailUrl\":\"https:\\\/\\\/i0.wp.com\\\/olivamorosicristians.es\\\/wp-content\\\/uploads\\\/2019\\\/02\\\/WhatsApp-Image-2019-02-06-at-13.10.26.jpg?fit=600%2C327&ssl=1\",\"datePublished\":\"2019-02-08T13:58:19+00:00\",\"dateModified\":\"2019-02-08T14:32:54+00:00\",\"breadcrumb\":{\"@id\":\"https:\\\/\\\/olivamorosicristians.es\\\/putxeros-mig-any-2019\\\/#breadcrumb\"},\"inLanguage\":\"es\",\"potentialAction\":[{\"@type\":\"ReadAction\",\"target\":[\"https:\\\/\\\/olivamorosicristians.es\\\/putxeros-mig-any-2019\\\/\"]}]},{\"@type\":\"ImageObject\",\"inLanguage\":\"es\",\"@id\":\"https:\\\/\\\/olivamorosicristians.es\\\/putxeros-mig-any-2019\\\/#primaryimage\",\"url\":\"https:\\\/\\\/i0.wp.com\\\/olivamorosicristians.es\\\/wp-content\\\/uploads\\\/2019\\\/02\\\/WhatsApp-Image-2019-02-06-at-13.10.26.jpg?fit=600%2C327&ssl=1\",\"contentUrl\":\"https:\\\/\\\/i0.wp.com\\\/olivamorosicristians.es\\\/wp-content\\\/uploads\\\/2019\\\/02\\\/WhatsApp-Image-2019-02-06-at-13.10.26.jpg?fit=600%2C327&ssl=1\",\"width\":600,\"height\":327,\"caption\":\"oliva moros i cristians\"},{\"@type\":\"BreadcrumbList\",\"@id\":\"https:\\\/\\\/olivamorosicristians.es\\\/putxeros-mig-any-2019\\\/#breadcrumb\",\"itemListElement\":[{\"@type\":\"ListItem\",\"position\":1,\"name\":\"Portada\",\"item\":\"https:\\\/\\\/olivamorosicristians.es\\\/\"},{\"@type\":\"ListItem\",\"position\":2,\"name\":\"Putxeros Mig Any 2019\"}]},{\"@type\":\"WebSite\",\"@id\":\"https:\\\/\\\/olivamorosicristians.es\\\/#website\",\"url\":\"https:\\\/\\\/olivamorosicristians.es\\\/\",\"name\":\"Moros i Cristians Oliva\",\"description\":\"FMCO\",\"publisher\":{\"@id\":\"https:\\\/\\\/olivamorosicristians.es\\\/#organization\"},\"potentialAction\":[{\"@type\":\"SearchAction\",\"target\":{\"@type\":\"EntryPoint\",\"urlTemplate\":\"https:\\\/\\\/olivamorosicristians.es\\\/?s={search_term_string}\"},\"query-input\":{\"@type\":\"PropertyValueSpecification\",\"valueRequired\":true,\"valueName\":\"search_term_string\"}}],\"inLanguage\":\"es\"},{\"@type\":\"Organization\",\"@id\":\"https:\\\/\\\/olivamorosicristians.es\\\/#organization\",\"name\":\"Federaci\u00f3 de Moros i Cristians - Oliva\",\"url\":\"https:\\\/\\\/olivamorosicristians.es\\\/\",\"logo\":{\"@type\":\"ImageObject\",\"inLanguage\":\"es\",\"@id\":\"https:\\\/\\\/olivamorosicristians.es\\\/#\\\/schema\\\/logo\\\/image\\\/\",\"url\":\"https:\\\/\\\/i2.wp.com\\\/olivamorosicristians.es\\\/wp-content\\\/uploads\\\/2018\\\/06\\\/Icon_FMiCO.png?fit=50%2C50&ssl=1\",\"contentUrl\":\"https:\\\/\\\/i2.wp.com\\\/olivamorosicristians.es\\\/wp-content\\\/uploads\\\/2018\\\/06\\\/Icon_FMiCO.png?fit=50%2C50&ssl=1\",\"width\":50,\"height\":50,\"caption\":\"Federaci\u00f3 de Moros i Cristians - Oliva\"},\"image\":{\"@id\":\"https:\\\/\\\/olivamorosicristians.es\\\/#\\\/schema\\\/logo\\\/image\\\/\"},\"sameAs\":[\"https:\\\/\\\/www.facebook.com\\\/federaciodemorosicristiansdoliva\\\/\",\"https:\\\/\\\/www.instagram.com\\\/morosicristiansoliva\\\/?hl=es\"]},{\"@type\":\"Person\",\"@id\":\"https:\\\/\\\/olivamorosicristians.es\\\/#\\\/schema\\\/person\\\/21ece052d8816103cad91a2676fd0149\",\"name\":\"Webmaster\",\"image\":{\"@type\":\"ImageObject\",\"inLanguage\":\"es\",\"@id\":\"https:\\\/\\\/secure.gravatar.com\\\/avatar\\\/18de20f14d74abe0c800b423a8b0e24cae6153cb6baeb2c2df80e1cef2117e0d?s=96&d=mm&r=g\",\"url\":\"https:\\\/\\\/secure.gravatar.com\\\/avatar\\\/18de20f14d74abe0c800b423a8b0e24cae6153cb6baeb2c2df80e1cef2117e0d?s=96&d=mm&r=g\",\"contentUrl\":\"https:\\\/\\\/secure.gravatar.com\\\/avatar\\\/18de20f14d74abe0c800b423a8b0e24cae6153cb6baeb2c2df80e1cef2117e0d?s=96&d=mm&r=g\",\"caption\":\"Webmaster\"},\"sameAs\":[\"https:\\\/\\\/www.facebook.com\\\/federaciodemorosicristiansdoliva\",\"https:\\\/\\\/www.instagram.com\\\/morosicristiansoliva\\\/\"]}]}<\/script>\n<!-- \/ Yoast SEO plugin. -->","yoast_head_json":{"title":"Putxeros Mig Any 2019 - Moros i Cristians Oliva","robots":{"index":"index","follow":"follow","max-snippet":"max-snippet:-1","max-image-preview":"max-image-preview:large","max-video-preview":"max-video-preview:-1"},"canonical":"https:\/\/olivamorosicristians.es\/es\/putxeros-mig-any-2019\/","og_locale":"es_ES","og_type":"article","og_title":"Putxeros Mig Any 2019 - Moros i Cristians Oliva","og_description":"La Federaci\u00f3 de Moros i Cristians d\u2019Oliva, amb la col\u00b7laboraci\u00f3 de la regidoria de festes, te el gust de comunicar la celebraci\u00f3 dels Putxeros del mig any de les Festes de Moros i Cristians d\u2019Oliva que ser\u00e0 el pr\u00f2xim dissabte 9 de febrer a la Pla\u00e7a Joan Baptista Escriv\u00e0. Enguany, com a novetat, el concurs [&hellip;]","og_url":"https:\/\/olivamorosicristians.es\/es\/putxeros-mig-any-2019\/","og_site_name":"Moros i Cristians Oliva","article_publisher":"https:\/\/www.facebook.com\/federaciodemorosicristiansdoliva\/","article_author":"https:\/\/www.facebook.com\/federaciodemorosicristiansdoliva","article_published_time":"2019-02-08T13:58:19+00:00","article_modified_time":"2019-02-08T14:32:54+00:00","og_image":[{"width":600,"height":327,"url":"https:\/\/i1.wp.com\/olivamorosicristians.es\/wp-content\/uploads\/2019\/02\/WhatsApp-Image-2019-02-06-at-13.10.26.jpg?fit=600%2C327&ssl=1","type":"image\/jpeg"}],"author":"Webmaster","twitter_card":"summary_large_image","twitter_misc":{"Escrito por":"Webmaster","Tiempo de lectura":"3 minutos"},"schema":{"@context":"https:\/\/schema.org","@graph":[{"@type":"Article","@id":"https:\/\/olivamorosicristians.es\/putxeros-mig-any-2019\/#article","isPartOf":{"@id":"https:\/\/olivamorosicristians.es\/putxeros-mig-any-2019\/"},"author":{"name":"Webmaster","@id":"https:\/\/olivamorosicristians.es\/#\/schema\/person\/21ece052d8816103cad91a2676fd0149"},"headline":"Putxeros Mig Any 2019","datePublished":"2019-02-08T13:58:19+00:00","dateModified":"2019-02-08T14:32:54+00:00","mainEntityOfPage":{"@id":"https:\/\/olivamorosicristians.es\/putxeros-mig-any-2019\/"},"wordCount":536,"publisher":{"@id":"https:\/\/olivamorosicristians.es\/#organization"},"image":{"@id":"https:\/\/olivamorosicristians.es\/putxeros-mig-any-2019\/#primaryimage"},"thumbnailUrl":"https:\/\/i0.wp.com\/olivamorosicristians.es\/wp-content\/uploads\/2019\/02\/WhatsApp-Image-2019-02-06-at-13.10.26.jpg?fit=600%2C327&ssl=1","articleSection":["Estil de vida","Festa"],"inLanguage":"es"},{"@type":"WebPage","@id":"https:\/\/olivamorosicristians.es\/putxeros-mig-any-2019\/","url":"https:\/\/olivamorosicristians.es\/putxeros-mig-any-2019\/","name":"Putxeros Mig Any 2019 - Moros i Cristians Oliva","isPartOf":{"@id":"https:\/\/olivamorosicristians.es\/#website"},"primaryImageOfPage":{"@id":"https:\/\/olivamorosicristians.es\/putxeros-mig-any-2019\/#primaryimage"},"image":{"@id":"https:\/\/olivamorosicristians.es\/putxeros-mig-any-2019\/#primaryimage"},"thumbnailUrl":"https:\/\/i0.wp.com\/olivamorosicristians.es\/wp-content\/uploads\/2019\/02\/WhatsApp-Image-2019-02-06-at-13.10.26.jpg?fit=600%2C327&ssl=1","datePublished":"2019-02-08T13:58:19+00:00","dateModified":"2019-02-08T14:32:54+00:00","breadcrumb":{"@id":"https:\/\/olivamorosicristians.es\/putxeros-mig-any-2019\/#breadcrumb"},"inLanguage":"es","potentialAction":[{"@type":"ReadAction","target":["https:\/\/olivamorosicristians.es\/putxeros-mig-any-2019\/"]}]},{"@type":"ImageObject","inLanguage":"es","@id":"https:\/\/olivamorosicristians.es\/putxeros-mig-any-2019\/#primaryimage","url":"https:\/\/i0.wp.com\/olivamorosicristians.es\/wp-content\/uploads\/2019\/02\/WhatsApp-Image-2019-02-06-at-13.10.26.jpg?fit=600%2C327&ssl=1","contentUrl":"https:\/\/i0.wp.com\/olivamorosicristians.es\/wp-content\/uploads\/2019\/02\/WhatsApp-Image-2019-02-06-at-13.10.26.jpg?fit=600%2C327&ssl=1","width":600,"height":327,"caption":"oliva moros i cristians"},{"@type":"BreadcrumbList","@id":"https:\/\/olivamorosicristians.es\/putxeros-mig-any-2019\/#breadcrumb","itemListElement":[{"@type":"ListItem","position":1,"name":"Portada","item":"https:\/\/olivamorosicristians.es\/"},{"@type":"ListItem","position":2,"name":"Putxeros Mig Any 2019"}]},{"@type":"WebSite","@id":"https:\/\/olivamorosicristians.es\/#website","url":"https:\/\/olivamorosicristians.es\/","name":"Moros i Cristians Oliva","description":"FMCO","publisher":{"@id":"https:\/\/olivamorosicristians.es\/#organization"},"potentialAction":[{"@type":"SearchAction","target":{"@type":"EntryPoint","urlTemplate":"https:\/\/olivamorosicristians.es\/?s={search_term_string}"},"query-input":{"@type":"PropertyValueSpecification","valueRequired":true,"valueName":"search_term_string"}}],"inLanguage":"es"},{"@type":"Organization","@id":"https:\/\/olivamorosicristians.es\/#organization","name":"La Federaci\u00f3n de Moros y Cristianos de Oliva","url":"https:\/\/olivamorosicristians.es\/","logo":{"@type":"ImageObject","inLanguage":"es","@id":"https:\/\/olivamorosicristians.es\/#\/schema\/logo\/image\/","url":"https:\/\/i2.wp.com\/olivamorosicristians.es\/wp-content\/uploads\/2018\/06\/Icon_FMiCO.png?fit=50%2C50&ssl=1","contentUrl":"https:\/\/i2.wp.com\/olivamorosicristians.es\/wp-content\/uploads\/2018\/06\/Icon_FMiCO.png?fit=50%2C50&ssl=1","width":50,"height":50,"caption":"Federaci\u00f3 de Moros i Cristians - Oliva"},"image":{"@id":"https:\/\/olivamorosicristians.es\/#\/schema\/logo\/image\/"},"sameAs":["https:\/\/www.facebook.com\/federaciodemorosicristiansdoliva\/","https:\/\/www.instagram.com\/morosicristiansoliva\/?hl=es"]},{"@type":"Person","@id":"https:\/\/olivamorosicristians.es\/#\/schema\/person\/21ece052d8816103cad91a2676fd0149","name":"Webmaster","image":{"@type":"ImageObject","inLanguage":"es","@id":"https:\/\/secure.gravatar.com\/avatar\/18de20f14d74abe0c800b423a8b0e24cae6153cb6baeb2c2df80e1cef2117e0d?s=96&d=mm&r=g","url":"https:\/\/secure.gravatar.com\/avatar\/18de20f14d74abe0c800b423a8b0e24cae6153cb6baeb2c2df80e1cef2117e0d?s=96&d=mm&r=g","contentUrl":"https:\/\/secure.gravatar.com\/avatar\/18de20f14d74abe0c800b423a8b0e24cae6153cb6baeb2c2df80e1cef2117e0d?s=96&d=mm&r=g","caption":"Webmaster"},"sameAs":["https:\/\/www.facebook.com\/federaciodemorosicristiansdoliva","https:\/\/www.instagram.com\/morosicristiansoliva\/"]}]}},"jetpack_publicize_connections":[],"jetpack_featured_media_url":"https:\/\/i0.wp.com\/olivamorosicristians.es\/wp-content\/uploads\/2019\/02\/WhatsApp-Image-2019-02-06-at-13.10.26.jpg?fit=600%2C327&ssl=1","jetpack_sharing_enabled":true,"jetpack_shortlink":"https:\/\/wp.me\/pagEx6-2mD","jetpack-related-posts":[],"_links":{"self":[{"href":"https:\/\/olivamorosicristians.es\/es\/wp-json\/wp\/v2\/posts\/9091","targetHints":{"allow":["GET"]}}],"collection":[{"href":"https:\/\/olivamorosicristians.es\/es\/wp-json\/wp\/v2\/posts"}],"about":[{"href":"https:\/\/olivamorosicristians.es\/es\/wp-json\/wp\/v2\/types\/post"}],"author":[{"embeddable":true,"href":"https:\/\/olivamorosicristians.es\/es\/wp-json\/wp\/v2\/users\/1"}],"replies":[{"embeddable":true,"href":"https:\/\/olivamorosicristians.es\/es\/wp-json\/wp\/v2\/comments?post=9091"}],"version-history":[{"count":1,"href":"https:\/\/olivamorosicristians.es\/es\/wp-json\/wp\/v2\/posts\/9091\/revisions"}],"predecessor-version":[{"id":9093,"href":"https:\/\/olivamorosicristians.es\/es\/wp-json\/wp\/v2\/posts\/9091\/revisions\/9093"}],"wp:featuredmedia":[{"embeddable":true,"href":"https:\/\/olivamorosicristians.es\/es\/wp-json\/wp\/v2\/media\/9092"}],"wp:attachment":[{"href":"https:\/\/olivamorosicristians.es\/es\/wp-json\/wp\/v2\/media?parent=9091"}],"wp:term":[{"taxonomy":"category","embeddable":true,"href":"https:\/\/olivamorosicristians.es\/es\/wp-json\/wp\/v2\/categories?post=9091"},{"taxonomy":"post_tag","embeddable":true,"href":"https:\/\/olivamorosicristians.es\/es\/wp-json\/wp\/v2\/tags?post=9091"}],"curies":[{"name":"wp","href":"https:\/\/api.w.org\/{rel}","templated":true}]}}