{"id":9081,"date":"2019-02-08T13:51:00","date_gmt":"2019-02-08T13:51:00","guid":{"rendered":"http:\/\/olivamorosicristians.es\/?p=9081"},"modified":"2019-02-08T14:33:12","modified_gmt":"2019-02-08T14:33:12","slug":"nomenament-de-carrecs-en-la-celebracio-del-mig-any-de-moros-i-cristians","status":"publish","type":"post","link":"https:\/\/olivamorosicristians.es\/es\/nomenament-de-carrecs-en-la-celebracio-del-mig-any-de-moros-i-cristians\/","title":{"rendered":"Nomenament de c\u00e0rrecs en la celebraci\u00f3 del Mig Any de Moros i Cristians."},"content":{"rendered":"<p>El\nTeatre Ol\u00edmpia es va vestir de gala per rebre entre forts\naplaudiments als c\u00e0rrecs Festers de 2019 i retre homenatge als\nFesters d\u2019Honor. \n<\/p>\n\n\n\n<p>A\nles 18:30h s\u2019obriren les portes del Teatre Ol\u00edmpia i, en poc de\ntemps, es va omplir de festers expectants per comprovar com resultava\nl\u2019acte de nomenament de c\u00e0rrecs que, enguany, per primera vegada,\nes celebrava en aquest empla\u00e7ament.<\/p>\n\n\n\n<p>L\u2019acte\nno va defraudar. Puntual, a les 19h, el secretari de la Federaci\u00f3 de\nMoros i Cristians encetava la jornada. Despr\u00e9s d\u2019un breu parlament\non es va exposar el bon moment pel que passa la Festa a Oliva,\naplegava el moment de cridar als c\u00e0rrecs de 2018 perqu\u00e8 reberen en\nl\u2019escenari als c\u00e0rrecs de 2019, escenificant aix\u00ed el canvi de\nc\u00e0rrecs. All\u00ed els esperava el president de la Federaci\u00f3 de Moros i\nCristians, Sergio Ba\u00f1uls, junt amb la xiqueta que ser\u00e0 l\u2019abanderada\nFederaci\u00f3, N\u00faria Montero Llopis.<\/p>\n\n\n\n<p>Com\ns\u2019esperava, l\u2019apoteosi Festera va aplegar quan es va cridar als\nc\u00e0rrecs Festers de 2019. Ivan Chamorro, de la Fil\u00e0 Mosqueters, fou\nel primer cridat al seu moment de gl\u00f2ria, com a ambaixador cristi\u00e0.\nMentre ascendia per la passare-la central, sonava en directe la marxa\n\u2018Ambaixador Cristi\u00e0\u2019, interpretada per l\u2019Associaci\u00f3 Art\u00edstico\nMusical d\u2019Oliva. \n<\/p>\n\n\n\n<p>Seguidament\nva ser el torn de Francisco Cardona, \u201cPaco El Manyano\u201d, qui va\nfer el propi en ser nomenat ambaixador moro, de la fil\u00e0 Almor\u00e0vits,\namb la marxa \u2018Abenserraig\u2019, de Sa\u00fcl G\u00f3mez i Soler.<\/p>\n\n\n\n<p>Despr\u00e9s, i com marca el protocol, aplegava l\u2019\u00e8xtasi per a un Fester insigne com \u00e9s el capit\u00e0 cristi\u00e0 de 2019, Jaime Garc\u00eda \u201cEl Petiu\u201d. Aclamat per tots els Mosqueters i Festers que reconeixen en \u201cEl Petiu\u201d al gran capit\u00e0 que les Festes d\u2019Oliva requereixen. En aquest cas, l\u2019AAMO interpretava la marxa \u2018Mosqueters d\u2019Oliva\u2019, corejada pels entregats Mosqueters.<\/p>\n\n\n\n<p>I\nsi em apuntat que el capit\u00e0 cristi\u00e0 \u00e9s un insigne Fester, no menys\nho \u00e9s el moro, per al qual poder ser transcrites les anteriors\nparaules dedicades a Jaime Garc\u00eda. Un emocionat Miquel Lleches\npujava a l\u2019escenari amb la for\u00e7a del capit\u00e0 moro que \u00e9s.\nSaludant a tots els olivans que ompliren el pati de butaques, Miquel\nes va fondre en un fort abra\u00e7 amb el seu ambaixador. La Fil\u00e0\nAlmor\u00e0vits te un capit\u00e0 entregat a la Festa.<\/p>\n\n\n\n<p>Cadascun\ndels c\u00e0rrecs proclamava el seu discurs, podent destacar en tots ells\nuna emoci\u00f3 indescriptible. Iv\u00e1n Chamorro, t\u00edmid, estava com en un\nn\u00favol en saber-se ambaixador de les tropes cristianes, dirigint-se a\nla seua tia com la persona que el va introduir a la filada\nMosqueters. Igualment Paco, \u201cEl Manyano\u201d, qui a m\u00e9s es dirigia\nal seu cunyat Miquel, el capit\u00e0 moro, per haver comptat amb ell per \naquesta aventura, en la que sens dubte tindran un paper important la\nseua fam\u00edlia, en especial el seu fill Marc, que est\u00e0 gaudint del\nmoment com el que m\u00e9s. \n<\/p>\n\n\n\n<p>Els\ncapitans no van defraudar. Jaume Garc\u00eda va pronunciar un discurs am\u00e9\ni divertit, alhora que emocionat, perqu\u00e8, com tots sabem, \u00e9s un\npilar fonamental en la seua Filada, fill d\u2019un dels fundadors. Per a\nson pare, i per al seu fill Jaume, va dedicar les paraules m\u00e9s\nsentides, perqu\u00e8 seran ells qui l\u2019acompanyaran en la carrossa el\ndia de l\u2019Entrada.<\/p>\n\n\n\n<p>Miquel,\nper la seua banda, amb discurs molt ben elaborat i presentat, no va\npoder contindre les ll\u00e0grimes al sentir-se capit\u00e0 de les tropes\nmores, despr\u00e9s d\u2019haver fet el pas una matinada de desembarc\nacompanyat per una paella amb ceba molt marinera. \u00c9s el seu moment,\ni ho transmet.<\/p>\n\n\n\n<p>I\ncom que diuen que \u00e9s de ben parits ser agra\u00efts, enguany, conforme\nel que estableix el Reglament de R\u00e8gim Intern, que cada junta de\ngovern pot atorgar distincions honor\u00edfiques a insignes Festers en\ndos dels tres anys de govern, enguany, despr\u00e9s d\u2019homenatjar l\u2019any\npassat a Antonio Mascarell i a Rafel Boronat, enguany era de just\u00edcia\nrecon\u00e9ixer la seua aportaci\u00f3 a la Festa a Arturo Tom\u00e0s, de la Fil\u00e0\nMud\u00e9jars, i a Juan Garc\u00eda de la Fil\u00e0 Mosqueters. A ells, tot\nl\u2019agra\u00efment del col\u00b7lectiu fester \u00e9s poc per a qui ha treballat\ndurant molts anys per construir la Festa que hui tots gaudim i de la\nque estem orgullosos.<\/p>\n\n\n\n<p>Amb\nl\u2019interpretaci\u00f3 de l\u2019himne de Festes \u201cOliva 1990\u201d, del\nMestre Villar, va concloure un acte que va agradar als assistents.\nAmb major solemnitat que el que venia essent habitual per\u00f2 carregat\nde la for\u00e7a de la festa moracristiana.<\/p>\n\n\n\n<p>L\u2019enhorabona\na Miquel i Jaime, i a Paco i Iv\u00e1n. Ells seran enguany els m\u00e0xims\nexponents de la nostra Festa, i estem segurs que exerciran amb la\ndignitat que el c\u00e0rrec requereix.<\/p>\n\n\n\n<ul class=\"wp-block-gallery columns-3 is-cropped wp-block-gallery-1 is-layout-flex wp-block-gallery-is-layout-flex\"><li class=\"blocks-gallery-item\"><figure><img data-recalc-dims=\"1\" loading=\"lazy\" decoding=\"async\" width=\"1024\" height=\"682\" data-attachment-id=\"9085\" data-permalink=\"https:\/\/olivamorosicristians.es\/es\/nomenament-de-carrecs-en-la-celebracio-del-mig-any-de-moros-i-cristians\/whatsapp-image-2019-02-05-at-11-03-08\/\" data-orig-file=\"https:\/\/i0.wp.com\/olivamorosicristians.es\/wp-content\/uploads\/2019\/02\/WhatsApp-Image-2019-02-05-at-11.03.08.jpeg?fit=1600%2C1066&amp;ssl=1\" data-orig-size=\"1600,1066\" data-comments-opened=\"0\" data-image-meta=\"{&quot;aperture&quot;:&quot;0&quot;,&quot;credit&quot;:&quot;&quot;,&quot;camera&quot;:&quot;&quot;,&quot;caption&quot;:&quot;&quot;,&quot;created_timestamp&quot;:&quot;0&quot;,&quot;copyright&quot;:&quot;&quot;,&quot;focal_length&quot;:&quot;0&quot;,&quot;iso&quot;:&quot;0&quot;,&quot;shutter_speed&quot;:&quot;0&quot;,&quot;title&quot;:&quot;&quot;,&quot;orientation&quot;:&quot;0&quot;}\" data-image-title=\"C\u00e0rrecs 2019\" data-image-description=\"\" data-image-caption=\"\" data-large-file=\"https:\/\/i0.wp.com\/olivamorosicristians.es\/wp-content\/uploads\/2019\/02\/WhatsApp-Image-2019-02-05-at-11.03.08.jpeg?fit=1024%2C682&amp;ssl=1\" src=\"https:\/\/i0.wp.com\/olivamorosicristians.es\/wp-content\/uploads\/2019\/02\/WhatsApp-Image-2019-02-05-at-11.03.08-1024x682.jpeg?resize=1024%2C682\" alt=\"\" data-id=\"9085\" data-link=\"http:\/\/olivamorosicristians.es\/?attachment_id=9085\" class=\"wp-image-9085\" srcset=\"https:\/\/i0.wp.com\/olivamorosicristians.es\/wp-content\/uploads\/2019\/02\/WhatsApp-Image-2019-02-05-at-11.03.08.jpeg?resize=1024%2C682&amp;ssl=1 1024w, https:\/\/i0.wp.com\/olivamorosicristians.es\/wp-content\/uploads\/2019\/02\/WhatsApp-Image-2019-02-05-at-11.03.08.jpeg?resize=300%2C200&amp;ssl=1 300w, https:\/\/i0.wp.com\/olivamorosicristians.es\/wp-content\/uploads\/2019\/02\/WhatsApp-Image-2019-02-05-at-11.03.08.jpeg?resize=768%2C512&amp;ssl=1 768w, https:\/\/i0.wp.com\/olivamorosicristians.es\/wp-content\/uploads\/2019\/02\/WhatsApp-Image-2019-02-05-at-11.03.08.jpeg?resize=640%2C426&amp;ssl=1 640w, https:\/\/i0.wp.com\/olivamorosicristians.es\/wp-content\/uploads\/2019\/02\/WhatsApp-Image-2019-02-05-at-11.03.08.jpeg?resize=1280%2C853&amp;ssl=1 1280w, https:\/\/i0.wp.com\/olivamorosicristians.es\/wp-content\/uploads\/2019\/02\/WhatsApp-Image-2019-02-05-at-11.03.08.jpeg?w=1600&amp;ssl=1 1600w\" sizes=\"auto, (max-width: 1024px) 100vw, 1024px\" \/><\/figure><\/li><li class=\"blocks-gallery-item\"><figure><img data-recalc-dims=\"1\" loading=\"lazy\" decoding=\"async\" width=\"1024\" height=\"682\" data-attachment-id=\"9084\" data-permalink=\"https:\/\/olivamorosicristians.es\/es\/nomenament-de-carrecs-en-la-celebracio-del-mig-any-de-moros-i-cristians\/whatsapp-image-2019-02-05-at-11-03-12\/\" data-orig-file=\"https:\/\/i0.wp.com\/olivamorosicristians.es\/wp-content\/uploads\/2019\/02\/WhatsApp-Image-2019-02-05-at-11.03.12.jpeg?fit=1600%2C1066&amp;ssl=1\" data-orig-size=\"1600,1066\" data-comments-opened=\"0\" data-image-meta=\"{&quot;aperture&quot;:&quot;0&quot;,&quot;credit&quot;:&quot;&quot;,&quot;camera&quot;:&quot;&quot;,&quot;caption&quot;:&quot;&quot;,&quot;created_timestamp&quot;:&quot;0&quot;,&quot;copyright&quot;:&quot;&quot;,&quot;focal_length&quot;:&quot;0&quot;,&quot;iso&quot;:&quot;0&quot;,&quot;shutter_speed&quot;:&quot;0&quot;,&quot;title&quot;:&quot;&quot;,&quot;orientation&quot;:&quot;0&quot;}\" data-image-title=\"C\u00e0rrecs 2019\" data-image-description=\"\" data-image-caption=\"\" data-large-file=\"https:\/\/i0.wp.com\/olivamorosicristians.es\/wp-content\/uploads\/2019\/02\/WhatsApp-Image-2019-02-05-at-11.03.12.jpeg?fit=1024%2C682&amp;ssl=1\" src=\"https:\/\/i0.wp.com\/olivamorosicristians.es\/wp-content\/uploads\/2019\/02\/WhatsApp-Image-2019-02-05-at-11.03.12-1024x682.jpeg?resize=1024%2C682\" alt=\"\" data-id=\"9084\" data-link=\"http:\/\/olivamorosicristians.es\/?attachment_id=9084\" class=\"wp-image-9084\" srcset=\"https:\/\/i0.wp.com\/olivamorosicristians.es\/wp-content\/uploads\/2019\/02\/WhatsApp-Image-2019-02-05-at-11.03.12.jpeg?resize=1024%2C682&amp;ssl=1 1024w, https:\/\/i0.wp.com\/olivamorosicristians.es\/wp-content\/uploads\/2019\/02\/WhatsApp-Image-2019-02-05-at-11.03.12.jpeg?resize=300%2C200&amp;ssl=1 300w, https:\/\/i0.wp.com\/olivamorosicristians.es\/wp-content\/uploads\/2019\/02\/WhatsApp-Image-2019-02-05-at-11.03.12.jpeg?resize=768%2C512&amp;ssl=1 768w, https:\/\/i0.wp.com\/olivamorosicristians.es\/wp-content\/uploads\/2019\/02\/WhatsApp-Image-2019-02-05-at-11.03.12.jpeg?resize=640%2C426&amp;ssl=1 640w, https:\/\/i0.wp.com\/olivamorosicristians.es\/wp-content\/uploads\/2019\/02\/WhatsApp-Image-2019-02-05-at-11.03.12.jpeg?resize=1280%2C853&amp;ssl=1 1280w, https:\/\/i0.wp.com\/olivamorosicristians.es\/wp-content\/uploads\/2019\/02\/WhatsApp-Image-2019-02-05-at-11.03.12.jpeg?w=1600&amp;ssl=1 1600w\" sizes=\"auto, (max-width: 1024px) 100vw, 1024px\" \/><\/figure><\/li><li class=\"blocks-gallery-item\"><figure><img data-recalc-dims=\"1\" loading=\"lazy\" decoding=\"async\" width=\"1024\" height=\"682\" data-attachment-id=\"9083\" data-permalink=\"https:\/\/olivamorosicristians.es\/es\/nomenament-de-carrecs-en-la-celebracio-del-mig-any-de-moros-i-cristians\/whatsapp-image-2019-02-05-at-11-03-33\/\" data-orig-file=\"https:\/\/i0.wp.com\/olivamorosicristians.es\/wp-content\/uploads\/2019\/02\/WhatsApp-Image-2019-02-05-at-11.03.33.jpeg?fit=1600%2C1066&amp;ssl=1\" data-orig-size=\"1600,1066\" data-comments-opened=\"0\" data-image-meta=\"{&quot;aperture&quot;:&quot;0&quot;,&quot;credit&quot;:&quot;&quot;,&quot;camera&quot;:&quot;&quot;,&quot;caption&quot;:&quot;&quot;,&quot;created_timestamp&quot;:&quot;0&quot;,&quot;copyright&quot;:&quot;&quot;,&quot;focal_length&quot;:&quot;0&quot;,&quot;iso&quot;:&quot;0&quot;,&quot;shutter_speed&quot;:&quot;0&quot;,&quot;title&quot;:&quot;&quot;,&quot;orientation&quot;:&quot;0&quot;}\" data-image-title=\"C\u00e0rrecs 2019\" data-image-description=\"\" data-image-caption=\"\" data-large-file=\"https:\/\/i0.wp.com\/olivamorosicristians.es\/wp-content\/uploads\/2019\/02\/WhatsApp-Image-2019-02-05-at-11.03.33.jpeg?fit=1024%2C682&amp;ssl=1\" src=\"https:\/\/i0.wp.com\/olivamorosicristians.es\/wp-content\/uploads\/2019\/02\/WhatsApp-Image-2019-02-05-at-11.03.33-1024x682.jpeg?resize=1024%2C682\" alt=\"\" data-id=\"9083\" data-link=\"http:\/\/olivamorosicristians.es\/?attachment_id=9083\" class=\"wp-image-9083\" srcset=\"https:\/\/i0.wp.com\/olivamorosicristians.es\/wp-content\/uploads\/2019\/02\/WhatsApp-Image-2019-02-05-at-11.03.33.jpeg?resize=1024%2C682&amp;ssl=1 1024w, https:\/\/i0.wp.com\/olivamorosicristians.es\/wp-content\/uploads\/2019\/02\/WhatsApp-Image-2019-02-05-at-11.03.33.jpeg?resize=300%2C200&amp;ssl=1 300w, https:\/\/i0.wp.com\/olivamorosicristians.es\/wp-content\/uploads\/2019\/02\/WhatsApp-Image-2019-02-05-at-11.03.33.jpeg?resize=768%2C512&amp;ssl=1 768w, https:\/\/i0.wp.com\/olivamorosicristians.es\/wp-content\/uploads\/2019\/02\/WhatsApp-Image-2019-02-05-at-11.03.33.jpeg?resize=640%2C426&amp;ssl=1 640w, https:\/\/i0.wp.com\/olivamorosicristians.es\/wp-content\/uploads\/2019\/02\/WhatsApp-Image-2019-02-05-at-11.03.33.jpeg?resize=1280%2C853&amp;ssl=1 1280w, https:\/\/i0.wp.com\/olivamorosicristians.es\/wp-content\/uploads\/2019\/02\/WhatsApp-Image-2019-02-05-at-11.03.33.jpeg?w=1600&amp;ssl=1 1600w\" sizes=\"auto, (max-width: 1024px) 100vw, 1024px\" \/><\/figure><\/li><li class=\"blocks-gallery-item\"><figure><img data-recalc-dims=\"1\" loading=\"lazy\" decoding=\"async\" width=\"1024\" height=\"512\" data-attachment-id=\"9087\" data-permalink=\"https:\/\/olivamorosicristians.es\/es\/nomenament-de-carrecs-en-la-celebracio-del-mig-any-de-moros-i-cristians\/whatsapp-image-2019-02-05-at-11-02-13\/\" data-orig-file=\"https:\/\/i0.wp.com\/olivamorosicristians.es\/wp-content\/uploads\/2019\/02\/WhatsApp-Image-2019-02-05-at-11.02.13.jpeg?fit=1600%2C800&amp;ssl=1\" data-orig-size=\"1600,800\" data-comments-opened=\"0\" data-image-meta=\"{&quot;aperture&quot;:&quot;0&quot;,&quot;credit&quot;:&quot;&quot;,&quot;camera&quot;:&quot;&quot;,&quot;caption&quot;:&quot;&quot;,&quot;created_timestamp&quot;:&quot;0&quot;,&quot;copyright&quot;:&quot;&quot;,&quot;focal_length&quot;:&quot;0&quot;,&quot;iso&quot;:&quot;0&quot;,&quot;shutter_speed&quot;:&quot;0&quot;,&quot;title&quot;:&quot;&quot;,&quot;orientation&quot;:&quot;0&quot;}\" data-image-title=\"C\u00e0rrecs 2019\" data-image-description=\"\" data-image-caption=\"\" data-large-file=\"https:\/\/i0.wp.com\/olivamorosicristians.es\/wp-content\/uploads\/2019\/02\/WhatsApp-Image-2019-02-05-at-11.02.13.jpeg?fit=1024%2C512&amp;ssl=1\" src=\"https:\/\/i0.wp.com\/olivamorosicristians.es\/wp-content\/uploads\/2019\/02\/WhatsApp-Image-2019-02-05-at-11.02.13-1024x512.jpeg?resize=1024%2C512\" alt=\"\" data-id=\"9087\" data-link=\"http:\/\/olivamorosicristians.es\/?attachment_id=9087\" class=\"wp-image-9087\" srcset=\"https:\/\/i0.wp.com\/olivamorosicristians.es\/wp-content\/uploads\/2019\/02\/WhatsApp-Image-2019-02-05-at-11.02.13.jpeg?resize=1024%2C512&amp;ssl=1 1024w, https:\/\/i0.wp.com\/olivamorosicristians.es\/wp-content\/uploads\/2019\/02\/WhatsApp-Image-2019-02-05-at-11.02.13.jpeg?resize=300%2C150&amp;ssl=1 300w, https:\/\/i0.wp.com\/olivamorosicristians.es\/wp-content\/uploads\/2019\/02\/WhatsApp-Image-2019-02-05-at-11.02.13.jpeg?resize=768%2C384&amp;ssl=1 768w, https:\/\/i0.wp.com\/olivamorosicristians.es\/wp-content\/uploads\/2019\/02\/WhatsApp-Image-2019-02-05-at-11.02.13.jpeg?resize=640%2C320&amp;ssl=1 640w, https:\/\/i0.wp.com\/olivamorosicristians.es\/wp-content\/uploads\/2019\/02\/WhatsApp-Image-2019-02-05-at-11.02.13.jpeg?resize=1280%2C640&amp;ssl=1 1280w, https:\/\/i0.wp.com\/olivamorosicristians.es\/wp-content\/uploads\/2019\/02\/WhatsApp-Image-2019-02-05-at-11.02.13.jpeg?w=1600&amp;ssl=1 1600w\" sizes=\"auto, (max-width: 1024px) 100vw, 1024px\" \/><\/figure><\/li><li class=\"blocks-gallery-item\"><figure><img data-recalc-dims=\"1\" loading=\"lazy\" decoding=\"async\" width=\"1024\" height=\"682\" data-attachment-id=\"9086\" data-permalink=\"https:\/\/olivamorosicristians.es\/es\/nomenament-de-carrecs-en-la-celebracio-del-mig-any-de-moros-i-cristians\/whatsapp-image-2019-02-05-at-11-02-44\/\" data-orig-file=\"https:\/\/i0.wp.com\/olivamorosicristians.es\/wp-content\/uploads\/2019\/02\/WhatsApp-Image-2019-02-05-at-11.02.44.jpeg?fit=1600%2C1066&amp;ssl=1\" data-orig-size=\"1600,1066\" data-comments-opened=\"0\" data-image-meta=\"{&quot;aperture&quot;:&quot;0&quot;,&quot;credit&quot;:&quot;&quot;,&quot;camera&quot;:&quot;&quot;,&quot;caption&quot;:&quot;&quot;,&quot;created_timestamp&quot;:&quot;0&quot;,&quot;copyright&quot;:&quot;&quot;,&quot;focal_length&quot;:&quot;0&quot;,&quot;iso&quot;:&quot;0&quot;,&quot;shutter_speed&quot;:&quot;0&quot;,&quot;title&quot;:&quot;&quot;,&quot;orientation&quot;:&quot;0&quot;}\" data-image-title=\"C\u00e0rrecs 2019\" data-image-description=\"\" data-image-caption=\"\" data-large-file=\"https:\/\/i0.wp.com\/olivamorosicristians.es\/wp-content\/uploads\/2019\/02\/WhatsApp-Image-2019-02-05-at-11.02.44.jpeg?fit=1024%2C682&amp;ssl=1\" src=\"https:\/\/i0.wp.com\/olivamorosicristians.es\/wp-content\/uploads\/2019\/02\/WhatsApp-Image-2019-02-05-at-11.02.44-1024x682.jpeg?resize=1024%2C682\" alt=\"\" data-id=\"9086\" data-link=\"http:\/\/olivamorosicristians.es\/?attachment_id=9086\" class=\"wp-image-9086\" srcset=\"https:\/\/i0.wp.com\/olivamorosicristians.es\/wp-content\/uploads\/2019\/02\/WhatsApp-Image-2019-02-05-at-11.02.44.jpeg?resize=1024%2C682&amp;ssl=1 1024w, https:\/\/i0.wp.com\/olivamorosicristians.es\/wp-content\/uploads\/2019\/02\/WhatsApp-Image-2019-02-05-at-11.02.44.jpeg?resize=300%2C200&amp;ssl=1 300w, https:\/\/i0.wp.com\/olivamorosicristians.es\/wp-content\/uploads\/2019\/02\/WhatsApp-Image-2019-02-05-at-11.02.44.jpeg?resize=768%2C512&amp;ssl=1 768w, https:\/\/i0.wp.com\/olivamorosicristians.es\/wp-content\/uploads\/2019\/02\/WhatsApp-Image-2019-02-05-at-11.02.44.jpeg?resize=640%2C426&amp;ssl=1 640w, https:\/\/i0.wp.com\/olivamorosicristians.es\/wp-content\/uploads\/2019\/02\/WhatsApp-Image-2019-02-05-at-11.02.44.jpeg?resize=1280%2C853&amp;ssl=1 1280w, https:\/\/i0.wp.com\/olivamorosicristians.es\/wp-content\/uploads\/2019\/02\/WhatsApp-Image-2019-02-05-at-11.02.44.jpeg?w=1600&amp;ssl=1 1600w\" sizes=\"auto, (max-width: 1024px) 100vw, 1024px\" \/><\/figure><\/li><\/ul>","protected":false},"excerpt":{"rendered":"<p>El Teatre Ol\u00edmpia es va vestir de gala per rebre entre forts aplaudiments als c\u00e0rrecs Festers de 2019 i retre homenatge als Festers d\u2019Honor. A les 18:30h s\u2019obriren les portes del Teatre Ol\u00edmpia i, en poc de temps, es va omplir de festers expectants per comprovar com resultava l\u2019acte de nomenament de c\u00e0rrecs que, enguany, [&hellip;]<\/p>\n","protected":false},"author":1,"featured_media":9094,"comment_status":"closed","ping_status":"open","sticky":false,"template":"","format":"standard","meta":{"jetpack_post_was_ever_published":false,"_jetpack_newsletter_access":"","_jetpack_dont_email_post_to_subs":false,"_jetpack_newsletter_tier_id":0,"_jetpack_memberships_contains_paywalled_content":false,"_jetpack_memberships_contains_paid_content":false,"footnotes":"","jetpack_publicize_message":"","jetpack_publicize_feature_enabled":true,"jetpack_social_post_already_shared":true,"jetpack_social_options":{"image_generator_settings":{"template":"highway","default_image_id":0,"font":"","enabled":false},"version":2}},"categories":[2,9],"tags":[],"class_list":["post-9081","post","type-post","status-publish","format-standard","has-post-thumbnail","hentry","category-federacio","category-festa"],"yoast_head":"<!-- This site is optimized with the Yoast SEO plugin v27.5 - https:\/\/yoast.com\/product\/yoast-seo-wordpress\/ -->\n<title>Nomenament de c\u00e0rrecs en la celebraci\u00f3 del Mig Any de Moros i Cristians. - Moros i Cristians Oliva<\/title>\n<meta name=\"robots\" content=\"index, follow, max-snippet:-1, max-image-preview:large, max-video-preview:-1\" \/>\n<link rel=\"canonical\" href=\"https:\/\/olivamorosicristians.es\/es\/nomenament-de-carrecs-en-la-celebracio-del-mig-any-de-moros-i-cristians\/\" \/>\n<meta property=\"og:locale\" content=\"es_ES\" \/>\n<meta property=\"og:type\" content=\"article\" \/>\n<meta property=\"og:title\" content=\"Nomenament de c\u00e0rrecs en la celebraci\u00f3 del Mig Any de Moros i Cristians. - Moros i Cristians Oliva\" \/>\n<meta property=\"og:description\" content=\"El Teatre Ol\u00edmpia es va vestir de gala per rebre entre forts aplaudiments als c\u00e0rrecs Festers de 2019 i retre homenatge als Festers d\u2019Honor. A les 18:30h s\u2019obriren les portes del Teatre Ol\u00edmpia i, en poc de temps, es va omplir de festers expectants per comprovar com resultava l\u2019acte de nomenament de c\u00e0rrecs que, enguany, [&hellip;]\" \/>\n<meta property=\"og:url\" content=\"https:\/\/olivamorosicristians.es\/es\/nomenament-de-carrecs-en-la-celebracio-del-mig-any-de-moros-i-cristians\/\" \/>\n<meta property=\"og:site_name\" content=\"Moros i Cristians Oliva\" \/>\n<meta property=\"article:publisher\" content=\"https:\/\/www.facebook.com\/federaciodemorosicristiansdoliva\/\" \/>\n<meta property=\"article:author\" content=\"https:\/\/www.facebook.com\/federaciodemorosicristiansdoliva\" \/>\n<meta property=\"article:published_time\" content=\"2019-02-08T13:51:00+00:00\" \/>\n<meta property=\"article:modified_time\" content=\"2019-02-08T14:33:12+00:00\" \/>\n<meta property=\"og:image\" content=\"https:\/\/i2.wp.com\/olivamorosicristians.es\/wp-content\/uploads\/2019\/02\/WhatsApp-Image-2019-02-05-at-11.02.13.jpg?fit=600%2C327&ssl=1\" \/>\n\t<meta property=\"og:image:width\" content=\"600\" \/>\n\t<meta property=\"og:image:height\" content=\"327\" \/>\n\t<meta property=\"og:image:type\" content=\"image\/jpeg\" \/>\n<meta name=\"author\" content=\"Webmaster\" \/>\n<meta name=\"twitter:card\" content=\"summary_large_image\" \/>\n<meta name=\"twitter:label1\" content=\"Escrito por\" \/>\n\t<meta name=\"twitter:data1\" content=\"Webmaster\" \/>\n\t<meta name=\"twitter:label2\" content=\"Tiempo de lectura\" \/>\n\t<meta name=\"twitter:data2\" content=\"4 minutos\" \/>\n<script type=\"application\/ld+json\" class=\"yoast-schema-graph\">{\"@context\":\"https:\\\/\\\/schema.org\",\"@graph\":[{\"@type\":\"Article\",\"@id\":\"https:\\\/\\\/olivamorosicristians.es\\\/nomenament-de-carrecs-en-la-celebracio-del-mig-any-de-moros-i-cristians\\\/#article\",\"isPartOf\":{\"@id\":\"https:\\\/\\\/olivamorosicristians.es\\\/nomenament-de-carrecs-en-la-celebracio-del-mig-any-de-moros-i-cristians\\\/\"},\"author\":{\"name\":\"Webmaster\",\"@id\":\"https:\\\/\\\/olivamorosicristians.es\\\/#\\\/schema\\\/person\\\/21ece052d8816103cad91a2676fd0149\"},\"headline\":\"Nomenament de c\u00e0rrecs en la celebraci\u00f3 del Mig Any de Moros i Cristians.\",\"datePublished\":\"2019-02-08T13:51:00+00:00\",\"dateModified\":\"2019-02-08T14:33:12+00:00\",\"mainEntityOfPage\":{\"@id\":\"https:\\\/\\\/olivamorosicristians.es\\\/nomenament-de-carrecs-en-la-celebracio-del-mig-any-de-moros-i-cristians\\\/\"},\"wordCount\":840,\"publisher\":{\"@id\":\"https:\\\/\\\/olivamorosicristians.es\\\/#organization\"},\"image\":{\"@id\":\"https:\\\/\\\/olivamorosicristians.es\\\/nomenament-de-carrecs-en-la-celebracio-del-mig-any-de-moros-i-cristians\\\/#primaryimage\"},\"thumbnailUrl\":\"https:\\\/\\\/i0.wp.com\\\/olivamorosicristians.es\\\/wp-content\\\/uploads\\\/2019\\\/02\\\/WhatsApp-Image-2019-02-05-at-11.02.13.jpg?fit=600%2C327&ssl=1\",\"articleSection\":[\"Federaci\u00f3\",\"Festa\"],\"inLanguage\":\"es\"},{\"@type\":\"WebPage\",\"@id\":\"https:\\\/\\\/olivamorosicristians.es\\\/nomenament-de-carrecs-en-la-celebracio-del-mig-any-de-moros-i-cristians\\\/\",\"url\":\"https:\\\/\\\/olivamorosicristians.es\\\/nomenament-de-carrecs-en-la-celebracio-del-mig-any-de-moros-i-cristians\\\/\",\"name\":\"Nomenament de c\u00e0rrecs en la celebraci\u00f3 del Mig Any de Moros i Cristians. - Moros i Cristians Oliva\",\"isPartOf\":{\"@id\":\"https:\\\/\\\/olivamorosicristians.es\\\/#website\"},\"primaryImageOfPage\":{\"@id\":\"https:\\\/\\\/olivamorosicristians.es\\\/nomenament-de-carrecs-en-la-celebracio-del-mig-any-de-moros-i-cristians\\\/#primaryimage\"},\"image\":{\"@id\":\"https:\\\/\\\/olivamorosicristians.es\\\/nomenament-de-carrecs-en-la-celebracio-del-mig-any-de-moros-i-cristians\\\/#primaryimage\"},\"thumbnailUrl\":\"https:\\\/\\\/i0.wp.com\\\/olivamorosicristians.es\\\/wp-content\\\/uploads\\\/2019\\\/02\\\/WhatsApp-Image-2019-02-05-at-11.02.13.jpg?fit=600%2C327&ssl=1\",\"datePublished\":\"2019-02-08T13:51:00+00:00\",\"dateModified\":\"2019-02-08T14:33:12+00:00\",\"breadcrumb\":{\"@id\":\"https:\\\/\\\/olivamorosicristians.es\\\/nomenament-de-carrecs-en-la-celebracio-del-mig-any-de-moros-i-cristians\\\/#breadcrumb\"},\"inLanguage\":\"es\",\"potentialAction\":[{\"@type\":\"ReadAction\",\"target\":[\"https:\\\/\\\/olivamorosicristians.es\\\/nomenament-de-carrecs-en-la-celebracio-del-mig-any-de-moros-i-cristians\\\/\"]}]},{\"@type\":\"ImageObject\",\"inLanguage\":\"es\",\"@id\":\"https:\\\/\\\/olivamorosicristians.es\\\/nomenament-de-carrecs-en-la-celebracio-del-mig-any-de-moros-i-cristians\\\/#primaryimage\",\"url\":\"https:\\\/\\\/i0.wp.com\\\/olivamorosicristians.es\\\/wp-content\\\/uploads\\\/2019\\\/02\\\/WhatsApp-Image-2019-02-05-at-11.02.13.jpg?fit=600%2C327&ssl=1\",\"contentUrl\":\"https:\\\/\\\/i0.wp.com\\\/olivamorosicristians.es\\\/wp-content\\\/uploads\\\/2019\\\/02\\\/WhatsApp-Image-2019-02-05-at-11.02.13.jpg?fit=600%2C327&ssl=1\",\"width\":600,\"height\":327,\"caption\":\"oliva moros i cristians\"},{\"@type\":\"BreadcrumbList\",\"@id\":\"https:\\\/\\\/olivamorosicristians.es\\\/nomenament-de-carrecs-en-la-celebracio-del-mig-any-de-moros-i-cristians\\\/#breadcrumb\",\"itemListElement\":[{\"@type\":\"ListItem\",\"position\":1,\"name\":\"Portada\",\"item\":\"https:\\\/\\\/olivamorosicristians.es\\\/\"},{\"@type\":\"ListItem\",\"position\":2,\"name\":\"Nomenament de c\u00e0rrecs en la celebraci\u00f3 del Mig Any de Moros i Cristians.\"}]},{\"@type\":\"WebSite\",\"@id\":\"https:\\\/\\\/olivamorosicristians.es\\\/#website\",\"url\":\"https:\\\/\\\/olivamorosicristians.es\\\/\",\"name\":\"Moros i Cristians Oliva\",\"description\":\"FMCO\",\"publisher\":{\"@id\":\"https:\\\/\\\/olivamorosicristians.es\\\/#organization\"},\"potentialAction\":[{\"@type\":\"SearchAction\",\"target\":{\"@type\":\"EntryPoint\",\"urlTemplate\":\"https:\\\/\\\/olivamorosicristians.es\\\/?s={search_term_string}\"},\"query-input\":{\"@type\":\"PropertyValueSpecification\",\"valueRequired\":true,\"valueName\":\"search_term_string\"}}],\"inLanguage\":\"es\"},{\"@type\":\"Organization\",\"@id\":\"https:\\\/\\\/olivamorosicristians.es\\\/#organization\",\"name\":\"Federaci\u00f3 de Moros i Cristians - Oliva\",\"url\":\"https:\\\/\\\/olivamorosicristians.es\\\/\",\"logo\":{\"@type\":\"ImageObject\",\"inLanguage\":\"es\",\"@id\":\"https:\\\/\\\/olivamorosicristians.es\\\/#\\\/schema\\\/logo\\\/image\\\/\",\"url\":\"https:\\\/\\\/i2.wp.com\\\/olivamorosicristians.es\\\/wp-content\\\/uploads\\\/2018\\\/06\\\/Icon_FMiCO.png?fit=50%2C50&ssl=1\",\"contentUrl\":\"https:\\\/\\\/i2.wp.com\\\/olivamorosicristians.es\\\/wp-content\\\/uploads\\\/2018\\\/06\\\/Icon_FMiCO.png?fit=50%2C50&ssl=1\",\"width\":50,\"height\":50,\"caption\":\"Federaci\u00f3 de Moros i Cristians - Oliva\"},\"image\":{\"@id\":\"https:\\\/\\\/olivamorosicristians.es\\\/#\\\/schema\\\/logo\\\/image\\\/\"},\"sameAs\":[\"https:\\\/\\\/www.facebook.com\\\/federaciodemorosicristiansdoliva\\\/\",\"https:\\\/\\\/www.instagram.com\\\/morosicristiansoliva\\\/?hl=es\"]},{\"@type\":\"Person\",\"@id\":\"https:\\\/\\\/olivamorosicristians.es\\\/#\\\/schema\\\/person\\\/21ece052d8816103cad91a2676fd0149\",\"name\":\"Webmaster\",\"image\":{\"@type\":\"ImageObject\",\"inLanguage\":\"es\",\"@id\":\"https:\\\/\\\/secure.gravatar.com\\\/avatar\\\/18de20f14d74abe0c800b423a8b0e24cae6153cb6baeb2c2df80e1cef2117e0d?s=96&d=mm&r=g\",\"url\":\"https:\\\/\\\/secure.gravatar.com\\\/avatar\\\/18de20f14d74abe0c800b423a8b0e24cae6153cb6baeb2c2df80e1cef2117e0d?s=96&d=mm&r=g\",\"contentUrl\":\"https:\\\/\\\/secure.gravatar.com\\\/avatar\\\/18de20f14d74abe0c800b423a8b0e24cae6153cb6baeb2c2df80e1cef2117e0d?s=96&d=mm&r=g\",\"caption\":\"Webmaster\"},\"sameAs\":[\"https:\\\/\\\/www.facebook.com\\\/federaciodemorosicristiansdoliva\",\"https:\\\/\\\/www.instagram.com\\\/morosicristiansoliva\\\/\"]}]}<\/script>\n<!-- \/ Yoast SEO plugin. -->","yoast_head_json":{"title":"Nomenament de c\u00e0rrecs en la celebraci\u00f3 del Mig Any de Moros i Cristians. - Moros i Cristians Oliva","robots":{"index":"index","follow":"follow","max-snippet":"max-snippet:-1","max-image-preview":"max-image-preview:large","max-video-preview":"max-video-preview:-1"},"canonical":"https:\/\/olivamorosicristians.es\/es\/nomenament-de-carrecs-en-la-celebracio-del-mig-any-de-moros-i-cristians\/","og_locale":"es_ES","og_type":"article","og_title":"Nomenament de c\u00e0rrecs en la celebraci\u00f3 del Mig Any de Moros i Cristians. - Moros i Cristians Oliva","og_description":"El Teatre Ol\u00edmpia es va vestir de gala per rebre entre forts aplaudiments als c\u00e0rrecs Festers de 2019 i retre homenatge als Festers d\u2019Honor. A les 18:30h s\u2019obriren les portes del Teatre Ol\u00edmpia i, en poc de temps, es va omplir de festers expectants per comprovar com resultava l\u2019acte de nomenament de c\u00e0rrecs que, enguany, [&hellip;]","og_url":"https:\/\/olivamorosicristians.es\/es\/nomenament-de-carrecs-en-la-celebracio-del-mig-any-de-moros-i-cristians\/","og_site_name":"Moros i Cristians Oliva","article_publisher":"https:\/\/www.facebook.com\/federaciodemorosicristiansdoliva\/","article_author":"https:\/\/www.facebook.com\/federaciodemorosicristiansdoliva","article_published_time":"2019-02-08T13:51:00+00:00","article_modified_time":"2019-02-08T14:33:12+00:00","og_image":[{"width":600,"height":327,"url":"https:\/\/i2.wp.com\/olivamorosicristians.es\/wp-content\/uploads\/2019\/02\/WhatsApp-Image-2019-02-05-at-11.02.13.jpg?fit=600%2C327&ssl=1","type":"image\/jpeg"}],"author":"Webmaster","twitter_card":"summary_large_image","twitter_misc":{"Escrito por":"Webmaster","Tiempo de lectura":"4 minutos"},"schema":{"@context":"https:\/\/schema.org","@graph":[{"@type":"Article","@id":"https:\/\/olivamorosicristians.es\/nomenament-de-carrecs-en-la-celebracio-del-mig-any-de-moros-i-cristians\/#article","isPartOf":{"@id":"https:\/\/olivamorosicristians.es\/nomenament-de-carrecs-en-la-celebracio-del-mig-any-de-moros-i-cristians\/"},"author":{"name":"Webmaster","@id":"https:\/\/olivamorosicristians.es\/#\/schema\/person\/21ece052d8816103cad91a2676fd0149"},"headline":"Nomenament de c\u00e0rrecs en la celebraci\u00f3 del Mig Any de Moros i Cristians.","datePublished":"2019-02-08T13:51:00+00:00","dateModified":"2019-02-08T14:33:12+00:00","mainEntityOfPage":{"@id":"https:\/\/olivamorosicristians.es\/nomenament-de-carrecs-en-la-celebracio-del-mig-any-de-moros-i-cristians\/"},"wordCount":840,"publisher":{"@id":"https:\/\/olivamorosicristians.es\/#organization"},"image":{"@id":"https:\/\/olivamorosicristians.es\/nomenament-de-carrecs-en-la-celebracio-del-mig-any-de-moros-i-cristians\/#primaryimage"},"thumbnailUrl":"https:\/\/i0.wp.com\/olivamorosicristians.es\/wp-content\/uploads\/2019\/02\/WhatsApp-Image-2019-02-05-at-11.02.13.jpg?fit=600%2C327&ssl=1","articleSection":["Federaci\u00f3","Festa"],"inLanguage":"es"},{"@type":"WebPage","@id":"https:\/\/olivamorosicristians.es\/nomenament-de-carrecs-en-la-celebracio-del-mig-any-de-moros-i-cristians\/","url":"https:\/\/olivamorosicristians.es\/nomenament-de-carrecs-en-la-celebracio-del-mig-any-de-moros-i-cristians\/","name":"Nomenament de c\u00e0rrecs en la celebraci\u00f3 del Mig Any de Moros i Cristians. - Moros i Cristians Oliva","isPartOf":{"@id":"https:\/\/olivamorosicristians.es\/#website"},"primaryImageOfPage":{"@id":"https:\/\/olivamorosicristians.es\/nomenament-de-carrecs-en-la-celebracio-del-mig-any-de-moros-i-cristians\/#primaryimage"},"image":{"@id":"https:\/\/olivamorosicristians.es\/nomenament-de-carrecs-en-la-celebracio-del-mig-any-de-moros-i-cristians\/#primaryimage"},"thumbnailUrl":"https:\/\/i0.wp.com\/olivamorosicristians.es\/wp-content\/uploads\/2019\/02\/WhatsApp-Image-2019-02-05-at-11.02.13.jpg?fit=600%2C327&ssl=1","datePublished":"2019-02-08T13:51:00+00:00","dateModified":"2019-02-08T14:33:12+00:00","breadcrumb":{"@id":"https:\/\/olivamorosicristians.es\/nomenament-de-carrecs-en-la-celebracio-del-mig-any-de-moros-i-cristians\/#breadcrumb"},"inLanguage":"es","potentialAction":[{"@type":"ReadAction","target":["https:\/\/olivamorosicristians.es\/nomenament-de-carrecs-en-la-celebracio-del-mig-any-de-moros-i-cristians\/"]}]},{"@type":"ImageObject","inLanguage":"es","@id":"https:\/\/olivamorosicristians.es\/nomenament-de-carrecs-en-la-celebracio-del-mig-any-de-moros-i-cristians\/#primaryimage","url":"https:\/\/i0.wp.com\/olivamorosicristians.es\/wp-content\/uploads\/2019\/02\/WhatsApp-Image-2019-02-05-at-11.02.13.jpg?fit=600%2C327&ssl=1","contentUrl":"https:\/\/i0.wp.com\/olivamorosicristians.es\/wp-content\/uploads\/2019\/02\/WhatsApp-Image-2019-02-05-at-11.02.13.jpg?fit=600%2C327&ssl=1","width":600,"height":327,"caption":"oliva moros i cristians"},{"@type":"BreadcrumbList","@id":"https:\/\/olivamorosicristians.es\/nomenament-de-carrecs-en-la-celebracio-del-mig-any-de-moros-i-cristians\/#breadcrumb","itemListElement":[{"@type":"ListItem","position":1,"name":"Portada","item":"https:\/\/olivamorosicristians.es\/"},{"@type":"ListItem","position":2,"name":"Nomenament de c\u00e0rrecs en la celebraci\u00f3 del Mig Any de Moros i Cristians."}]},{"@type":"WebSite","@id":"https:\/\/olivamorosicristians.es\/#website","url":"https:\/\/olivamorosicristians.es\/","name":"Moros i Cristians Oliva","description":"FMCO","publisher":{"@id":"https:\/\/olivamorosicristians.es\/#organization"},"potentialAction":[{"@type":"SearchAction","target":{"@type":"EntryPoint","urlTemplate":"https:\/\/olivamorosicristians.es\/?s={search_term_string}"},"query-input":{"@type":"PropertyValueSpecification","valueRequired":true,"valueName":"search_term_string"}}],"inLanguage":"es"},{"@type":"Organization","@id":"https:\/\/olivamorosicristians.es\/#organization","name":"La Federaci\u00f3n de Moros y Cristianos de Oliva","url":"https:\/\/olivamorosicristians.es\/","logo":{"@type":"ImageObject","inLanguage":"es","@id":"https:\/\/olivamorosicristians.es\/#\/schema\/logo\/image\/","url":"https:\/\/i2.wp.com\/olivamorosicristians.es\/wp-content\/uploads\/2018\/06\/Icon_FMiCO.png?fit=50%2C50&ssl=1","contentUrl":"https:\/\/i2.wp.com\/olivamorosicristians.es\/wp-content\/uploads\/2018\/06\/Icon_FMiCO.png?fit=50%2C50&ssl=1","width":50,"height":50,"caption":"Federaci\u00f3 de Moros i Cristians - Oliva"},"image":{"@id":"https:\/\/olivamorosicristians.es\/#\/schema\/logo\/image\/"},"sameAs":["https:\/\/www.facebook.com\/federaciodemorosicristiansdoliva\/","https:\/\/www.instagram.com\/morosicristiansoliva\/?hl=es"]},{"@type":"Person","@id":"https:\/\/olivamorosicristians.es\/#\/schema\/person\/21ece052d8816103cad91a2676fd0149","name":"Webmaster","image":{"@type":"ImageObject","inLanguage":"es","@id":"https:\/\/secure.gravatar.com\/avatar\/18de20f14d74abe0c800b423a8b0e24cae6153cb6baeb2c2df80e1cef2117e0d?s=96&d=mm&r=g","url":"https:\/\/secure.gravatar.com\/avatar\/18de20f14d74abe0c800b423a8b0e24cae6153cb6baeb2c2df80e1cef2117e0d?s=96&d=mm&r=g","contentUrl":"https:\/\/secure.gravatar.com\/avatar\/18de20f14d74abe0c800b423a8b0e24cae6153cb6baeb2c2df80e1cef2117e0d?s=96&d=mm&r=g","caption":"Webmaster"},"sameAs":["https:\/\/www.facebook.com\/federaciodemorosicristiansdoliva","https:\/\/www.instagram.com\/morosicristiansoliva\/"]}]}},"jetpack_publicize_connections":[],"jetpack_featured_media_url":"https:\/\/i0.wp.com\/olivamorosicristians.es\/wp-content\/uploads\/2019\/02\/WhatsApp-Image-2019-02-05-at-11.02.13.jpg?fit=600%2C327&ssl=1","jetpack_sharing_enabled":true,"jetpack_shortlink":"https:\/\/wp.me\/pagEx6-2mt","jetpack-related-posts":[],"_links":{"self":[{"href":"https:\/\/olivamorosicristians.es\/es\/wp-json\/wp\/v2\/posts\/9081","targetHints":{"allow":["GET"]}}],"collection":[{"href":"https:\/\/olivamorosicristians.es\/es\/wp-json\/wp\/v2\/posts"}],"about":[{"href":"https:\/\/olivamorosicristians.es\/es\/wp-json\/wp\/v2\/types\/post"}],"author":[{"embeddable":true,"href":"https:\/\/olivamorosicristians.es\/es\/wp-json\/wp\/v2\/users\/1"}],"replies":[{"embeddable":true,"href":"https:\/\/olivamorosicristians.es\/es\/wp-json\/wp\/v2\/comments?post=9081"}],"version-history":[{"count":3,"href":"https:\/\/olivamorosicristians.es\/es\/wp-json\/wp\/v2\/posts\/9081\/revisions"}],"predecessor-version":[{"id":9089,"href":"https:\/\/olivamorosicristians.es\/es\/wp-json\/wp\/v2\/posts\/9081\/revisions\/9089"}],"wp:featuredmedia":[{"embeddable":true,"href":"https:\/\/olivamorosicristians.es\/es\/wp-json\/wp\/v2\/media\/9094"}],"wp:attachment":[{"href":"https:\/\/olivamorosicristians.es\/es\/wp-json\/wp\/v2\/media?parent=9081"}],"wp:term":[{"taxonomy":"category","embeddable":true,"href":"https:\/\/olivamorosicristians.es\/es\/wp-json\/wp\/v2\/categories?post=9081"},{"taxonomy":"post_tag","embeddable":true,"href":"https:\/\/olivamorosicristians.es\/es\/wp-json\/wp\/v2\/tags?post=9081"}],"curies":[{"name":"wp","href":"https:\/\/api.w.org\/{rel}","templated":true}]}}