{"id":9064,"date":"2019-01-17T19:07:44","date_gmt":"2019-01-17T19:07:44","guid":{"rendered":"http:\/\/olivamorosicristians.es\/?p=9064"},"modified":"2019-01-17T19:41:47","modified_gmt":"2019-01-17T19:41:47","slug":"exposicio-de-cartells-i-dibuixos","status":"publish","type":"post","link":"https:\/\/olivamorosicristians.es\/es\/exposicio-de-cartells-i-dibuixos\/","title":{"rendered":"Exposici\u00f3 de cartells i dibuixos"},"content":{"rendered":"<p>La Federaci\u00f3 de Moros i Cristians d\u2019Oliva, amb la col\u00b7laboraci\u00f3 de les regidories de Festes i de Cultura, informa que ja es poden visitar, fins al 31 de gener, a la sala d\u2019exposicions del Museu Etnol\u00f2gic d\u2019Oliva, els cartells i els dibuixos de Moros i Cristians.<\/p>\n\n\n\n<p>S\u2019han presentat un total de 10 cartells, que optaran al premi de millor cartell de les Festes de Moros i Cristians d\u2019Oliva, premiat amb un total de 600\u202f\u20ac i a ser la imatge i portada del cartell del llibre de festes de 2019. Entre els participants, aquells que s\u00f3n presentats per artistes locals opten a un premi de 200\u202f\u20ac com a millor cartell de la categoria \u201clocal\u201d.<\/p>\n\n\n\n<p>A la mateixa sala d\u2019exposicions tamb\u00e9 es poden visitar els dibuixos realitzats pels alumnes de tots els centres escolars de la ciutat dels cursos de 3r a 6\u00e9 de prim\u00e0ria. Aquests competeixen al concurs per categories, essent 3r i 4t de prim\u00e0ria la categoria A i 5\u00e9 i 6\u00e9 la categoria B.<\/p>\n\n\n\n<p>El jurat valorador visitar\u00e0 l\u2019exposici\u00f3 el divendres 18 de gener, i estar\u00e0 conformat per professionals del disseny i la fotografia en el cas del concurs de cartells i pels membres de la Federaci\u00f3 de Moros i Cristians i c\u00e0rrecs de 2019, en el cas dels dibuixos.<\/p>\n\n\n\n<p>La decisi\u00f3 s\u2019anunciar\u00e0 la setmana que ve, i l\u2019entrega dels premis es realitzar\u00e0 durant la jornada de celebraci\u00f3 del mig any fester que enguany, tamb\u00e9 com a novetat, es trasllada de diumenge a dissabte, sent el concurs de putxeros doncs, el 9 de febrer a la Pla\u00e7a Joan Bta. Escriv\u00e0.<\/p>\n\n\n\n<p>Com a novetat important cal ressenyar que l\u2019exposici\u00f3 s\u2019ha traslladat de la seua tradicional ubicaci\u00f3 de la planta baixa de la Casa de la Cultura per situar-se a la Sala d\u2019Exposicions del Museu Etnol\u00f2gic del carrer Tamarit, al costat de la Biblioteca Municipal Tamarit.<\/p>","protected":false},"excerpt":{"rendered":"<p>La Federaci\u00f3 de Moros i Cristians d\u2019Oliva, amb la col\u00b7laboraci\u00f3 de les regidories de Festes i de Cultura, informa que ja es poden visitar, fins al 31 de gener, a la sala d\u2019exposicions del Museu Etnol\u00f2gic d\u2019Oliva, els cartells i els dibuixos de Moros i Cristians. S\u2019han presentat un total de 10 cartells, que optaran [&hellip;]<\/p>\n","protected":false},"author":1,"featured_media":9074,"comment_status":"closed","ping_status":"open","sticky":false,"template":"","format":"standard","meta":{"jetpack_post_was_ever_published":false,"_jetpack_newsletter_access":"","_jetpack_dont_email_post_to_subs":false,"_jetpack_newsletter_tier_id":0,"_jetpack_memberships_contains_paywalled_content":false,"_jetpack_memberships_contains_paid_content":false,"footnotes":"","jetpack_publicize_message":"","jetpack_publicize_feature_enabled":true,"jetpack_social_post_already_shared":true,"jetpack_social_options":{"image_generator_settings":{"template":"highway","default_image_id":0,"font":"","enabled":false},"version":2}},"categories":[143],"tags":[],"class_list":["post-9064","post","type-post","status-publish","format-standard","has-post-thumbnail","hentry","category-concursos"],"yoast_head":"<!-- This site is optimized with the Yoast SEO plugin v27.4 - https:\/\/yoast.com\/product\/yoast-seo-wordpress\/ -->\n<title>Exposici\u00f3 de cartells i dibuixos - Moros i Cristians Oliva<\/title>\n<meta name=\"robots\" content=\"index, follow, max-snippet:-1, max-image-preview:large, max-video-preview:-1\" \/>\n<link rel=\"canonical\" href=\"https:\/\/olivamorosicristians.es\/es\/exposicio-de-cartells-i-dibuixos\/\" \/>\n<meta property=\"og:locale\" content=\"es_ES\" \/>\n<meta property=\"og:type\" content=\"article\" \/>\n<meta property=\"og:title\" content=\"Exposici\u00f3 de cartells i dibuixos - Moros i Cristians Oliva\" \/>\n<meta property=\"og:description\" content=\"La Federaci\u00f3 de Moros i Cristians d\u2019Oliva, amb la col\u00b7laboraci\u00f3 de les regidories de Festes i de Cultura, informa que ja es poden visitar, fins al 31 de gener, a la sala d\u2019exposicions del Museu Etnol\u00f2gic d\u2019Oliva, els cartells i els dibuixos de Moros i Cristians. S\u2019han presentat un total de 10 cartells, que optaran [&hellip;]\" \/>\n<meta property=\"og:url\" content=\"https:\/\/olivamorosicristians.es\/es\/exposicio-de-cartells-i-dibuixos\/\" \/>\n<meta property=\"og:site_name\" content=\"Moros i Cristians Oliva\" \/>\n<meta property=\"article:publisher\" content=\"https:\/\/www.facebook.com\/federaciodemorosicristiansdoliva\/\" \/>\n<meta property=\"article:author\" content=\"https:\/\/www.facebook.com\/federaciodemorosicristiansdoliva\" \/>\n<meta property=\"article:published_time\" content=\"2019-01-17T19:07:44+00:00\" \/>\n<meta property=\"article:modified_time\" content=\"2019-01-17T19:41:47+00:00\" \/>\n<meta property=\"og:image\" content=\"https:\/\/i1.wp.com\/olivamorosicristians.es\/wp-content\/uploads\/2019\/01\/CartellsDibuix03.jpg?fit=600%2C327&ssl=1\" \/>\n\t<meta property=\"og:image:width\" content=\"600\" \/>\n\t<meta property=\"og:image:height\" content=\"327\" \/>\n\t<meta property=\"og:image:type\" content=\"image\/jpeg\" \/>\n<meta name=\"author\" content=\"Webmaster\" \/>\n<meta name=\"twitter:card\" content=\"summary_large_image\" \/>\n<meta name=\"twitter:label1\" content=\"Escrito por\" \/>\n\t<meta name=\"twitter:data1\" content=\"Webmaster\" \/>\n\t<meta name=\"twitter:label2\" content=\"Tiempo de lectura\" \/>\n\t<meta name=\"twitter:data2\" content=\"2 minutos\" \/>\n<script type=\"application\/ld+json\" class=\"yoast-schema-graph\">{\"@context\":\"https:\\\/\\\/schema.org\",\"@graph\":[{\"@type\":\"Article\",\"@id\":\"https:\\\/\\\/olivamorosicristians.es\\\/exposicio-de-cartells-i-dibuixos\\\/#article\",\"isPartOf\":{\"@id\":\"https:\\\/\\\/olivamorosicristians.es\\\/exposicio-de-cartells-i-dibuixos\\\/\"},\"author\":{\"name\":\"Webmaster\",\"@id\":\"https:\\\/\\\/olivamorosicristians.es\\\/#\\\/schema\\\/person\\\/21ece052d8816103cad91a2676fd0149\"},\"headline\":\"Exposici\u00f3 de cartells i dibuixos\",\"datePublished\":\"2019-01-17T19:07:44+00:00\",\"dateModified\":\"2019-01-17T19:41:47+00:00\",\"mainEntityOfPage\":{\"@id\":\"https:\\\/\\\/olivamorosicristians.es\\\/exposicio-de-cartells-i-dibuixos\\\/\"},\"wordCount\":319,\"publisher\":{\"@id\":\"https:\\\/\\\/olivamorosicristians.es\\\/#organization\"},\"image\":{\"@id\":\"https:\\\/\\\/olivamorosicristians.es\\\/exposicio-de-cartells-i-dibuixos\\\/#primaryimage\"},\"thumbnailUrl\":\"https:\\\/\\\/i0.wp.com\\\/olivamorosicristians.es\\\/wp-content\\\/uploads\\\/2019\\\/01\\\/CartellsDibuix03.jpg?fit=600%2C327&ssl=1\",\"articleSection\":[\"Concursos\"],\"inLanguage\":\"es\"},{\"@type\":\"WebPage\",\"@id\":\"https:\\\/\\\/olivamorosicristians.es\\\/exposicio-de-cartells-i-dibuixos\\\/\",\"url\":\"https:\\\/\\\/olivamorosicristians.es\\\/exposicio-de-cartells-i-dibuixos\\\/\",\"name\":\"Exposici\u00f3 de cartells i dibuixos - Moros i Cristians Oliva\",\"isPartOf\":{\"@id\":\"https:\\\/\\\/olivamorosicristians.es\\\/#website\"},\"primaryImageOfPage\":{\"@id\":\"https:\\\/\\\/olivamorosicristians.es\\\/exposicio-de-cartells-i-dibuixos\\\/#primaryimage\"},\"image\":{\"@id\":\"https:\\\/\\\/olivamorosicristians.es\\\/exposicio-de-cartells-i-dibuixos\\\/#primaryimage\"},\"thumbnailUrl\":\"https:\\\/\\\/i0.wp.com\\\/olivamorosicristians.es\\\/wp-content\\\/uploads\\\/2019\\\/01\\\/CartellsDibuix03.jpg?fit=600%2C327&ssl=1\",\"datePublished\":\"2019-01-17T19:07:44+00:00\",\"dateModified\":\"2019-01-17T19:41:47+00:00\",\"breadcrumb\":{\"@id\":\"https:\\\/\\\/olivamorosicristians.es\\\/exposicio-de-cartells-i-dibuixos\\\/#breadcrumb\"},\"inLanguage\":\"es\",\"potentialAction\":[{\"@type\":\"ReadAction\",\"target\":[\"https:\\\/\\\/olivamorosicristians.es\\\/exposicio-de-cartells-i-dibuixos\\\/\"]}]},{\"@type\":\"ImageObject\",\"inLanguage\":\"es\",\"@id\":\"https:\\\/\\\/olivamorosicristians.es\\\/exposicio-de-cartells-i-dibuixos\\\/#primaryimage\",\"url\":\"https:\\\/\\\/i0.wp.com\\\/olivamorosicristians.es\\\/wp-content\\\/uploads\\\/2019\\\/01\\\/CartellsDibuix03.jpg?fit=600%2C327&ssl=1\",\"contentUrl\":\"https:\\\/\\\/i0.wp.com\\\/olivamorosicristians.es\\\/wp-content\\\/uploads\\\/2019\\\/01\\\/CartellsDibuix03.jpg?fit=600%2C327&ssl=1\",\"width\":600,\"height\":327,\"caption\":\"oliva moros i cristians\"},{\"@type\":\"BreadcrumbList\",\"@id\":\"https:\\\/\\\/olivamorosicristians.es\\\/exposicio-de-cartells-i-dibuixos\\\/#breadcrumb\",\"itemListElement\":[{\"@type\":\"ListItem\",\"position\":1,\"name\":\"Portada\",\"item\":\"https:\\\/\\\/olivamorosicristians.es\\\/\"},{\"@type\":\"ListItem\",\"position\":2,\"name\":\"Exposici\u00f3 de cartells i dibuixos\"}]},{\"@type\":\"WebSite\",\"@id\":\"https:\\\/\\\/olivamorosicristians.es\\\/#website\",\"url\":\"https:\\\/\\\/olivamorosicristians.es\\\/\",\"name\":\"Moros i Cristians Oliva\",\"description\":\"FMCO\",\"publisher\":{\"@id\":\"https:\\\/\\\/olivamorosicristians.es\\\/#organization\"},\"potentialAction\":[{\"@type\":\"SearchAction\",\"target\":{\"@type\":\"EntryPoint\",\"urlTemplate\":\"https:\\\/\\\/olivamorosicristians.es\\\/?s={search_term_string}\"},\"query-input\":{\"@type\":\"PropertyValueSpecification\",\"valueRequired\":true,\"valueName\":\"search_term_string\"}}],\"inLanguage\":\"es\"},{\"@type\":\"Organization\",\"@id\":\"https:\\\/\\\/olivamorosicristians.es\\\/#organization\",\"name\":\"Federaci\u00f3 de Moros i Cristians - Oliva\",\"url\":\"https:\\\/\\\/olivamorosicristians.es\\\/\",\"logo\":{\"@type\":\"ImageObject\",\"inLanguage\":\"es\",\"@id\":\"https:\\\/\\\/olivamorosicristians.es\\\/#\\\/schema\\\/logo\\\/image\\\/\",\"url\":\"https:\\\/\\\/i2.wp.com\\\/olivamorosicristians.es\\\/wp-content\\\/uploads\\\/2018\\\/06\\\/Icon_FMiCO.png?fit=50%2C50&ssl=1\",\"contentUrl\":\"https:\\\/\\\/i2.wp.com\\\/olivamorosicristians.es\\\/wp-content\\\/uploads\\\/2018\\\/06\\\/Icon_FMiCO.png?fit=50%2C50&ssl=1\",\"width\":50,\"height\":50,\"caption\":\"Federaci\u00f3 de Moros i Cristians - Oliva\"},\"image\":{\"@id\":\"https:\\\/\\\/olivamorosicristians.es\\\/#\\\/schema\\\/logo\\\/image\\\/\"},\"sameAs\":[\"https:\\\/\\\/www.facebook.com\\\/federaciodemorosicristiansdoliva\\\/\",\"https:\\\/\\\/www.instagram.com\\\/morosicristiansoliva\\\/?hl=es\"]},{\"@type\":\"Person\",\"@id\":\"https:\\\/\\\/olivamorosicristians.es\\\/#\\\/schema\\\/person\\\/21ece052d8816103cad91a2676fd0149\",\"name\":\"Webmaster\",\"image\":{\"@type\":\"ImageObject\",\"inLanguage\":\"es\",\"@id\":\"https:\\\/\\\/secure.gravatar.com\\\/avatar\\\/18de20f14d74abe0c800b423a8b0e24cae6153cb6baeb2c2df80e1cef2117e0d?s=96&d=mm&r=g\",\"url\":\"https:\\\/\\\/secure.gravatar.com\\\/avatar\\\/18de20f14d74abe0c800b423a8b0e24cae6153cb6baeb2c2df80e1cef2117e0d?s=96&d=mm&r=g\",\"contentUrl\":\"https:\\\/\\\/secure.gravatar.com\\\/avatar\\\/18de20f14d74abe0c800b423a8b0e24cae6153cb6baeb2c2df80e1cef2117e0d?s=96&d=mm&r=g\",\"caption\":\"Webmaster\"},\"sameAs\":[\"https:\\\/\\\/www.facebook.com\\\/federaciodemorosicristiansdoliva\",\"https:\\\/\\\/www.instagram.com\\\/morosicristiansoliva\\\/\"]}]}<\/script>\n<!-- \/ Yoast SEO plugin. -->","yoast_head_json":{"title":"Exposici\u00f3 de cartells i dibuixos - Moros i Cristians Oliva","robots":{"index":"index","follow":"follow","max-snippet":"max-snippet:-1","max-image-preview":"max-image-preview:large","max-video-preview":"max-video-preview:-1"},"canonical":"https:\/\/olivamorosicristians.es\/es\/exposicio-de-cartells-i-dibuixos\/","og_locale":"es_ES","og_type":"article","og_title":"Exposici\u00f3 de cartells i dibuixos - Moros i Cristians Oliva","og_description":"La Federaci\u00f3 de Moros i Cristians d\u2019Oliva, amb la col\u00b7laboraci\u00f3 de les regidories de Festes i de Cultura, informa que ja es poden visitar, fins al 31 de gener, a la sala d\u2019exposicions del Museu Etnol\u00f2gic d\u2019Oliva, els cartells i els dibuixos de Moros i Cristians. S\u2019han presentat un total de 10 cartells, que optaran [&hellip;]","og_url":"https:\/\/olivamorosicristians.es\/es\/exposicio-de-cartells-i-dibuixos\/","og_site_name":"Moros i Cristians Oliva","article_publisher":"https:\/\/www.facebook.com\/federaciodemorosicristiansdoliva\/","article_author":"https:\/\/www.facebook.com\/federaciodemorosicristiansdoliva","article_published_time":"2019-01-17T19:07:44+00:00","article_modified_time":"2019-01-17T19:41:47+00:00","og_image":[{"width":600,"height":327,"url":"https:\/\/i1.wp.com\/olivamorosicristians.es\/wp-content\/uploads\/2019\/01\/CartellsDibuix03.jpg?fit=600%2C327&ssl=1","type":"image\/jpeg"}],"author":"Webmaster","twitter_card":"summary_large_image","twitter_misc":{"Escrito por":"Webmaster","Tiempo de lectura":"2 minutos"},"schema":{"@context":"https:\/\/schema.org","@graph":[{"@type":"Article","@id":"https:\/\/olivamorosicristians.es\/exposicio-de-cartells-i-dibuixos\/#article","isPartOf":{"@id":"https:\/\/olivamorosicristians.es\/exposicio-de-cartells-i-dibuixos\/"},"author":{"name":"Webmaster","@id":"https:\/\/olivamorosicristians.es\/#\/schema\/person\/21ece052d8816103cad91a2676fd0149"},"headline":"Exposici\u00f3 de cartells i dibuixos","datePublished":"2019-01-17T19:07:44+00:00","dateModified":"2019-01-17T19:41:47+00:00","mainEntityOfPage":{"@id":"https:\/\/olivamorosicristians.es\/exposicio-de-cartells-i-dibuixos\/"},"wordCount":319,"publisher":{"@id":"https:\/\/olivamorosicristians.es\/#organization"},"image":{"@id":"https:\/\/olivamorosicristians.es\/exposicio-de-cartells-i-dibuixos\/#primaryimage"},"thumbnailUrl":"https:\/\/i0.wp.com\/olivamorosicristians.es\/wp-content\/uploads\/2019\/01\/CartellsDibuix03.jpg?fit=600%2C327&ssl=1","articleSection":["Concursos"],"inLanguage":"es"},{"@type":"WebPage","@id":"https:\/\/olivamorosicristians.es\/exposicio-de-cartells-i-dibuixos\/","url":"https:\/\/olivamorosicristians.es\/exposicio-de-cartells-i-dibuixos\/","name":"Exposici\u00f3 de cartells i dibuixos - Moros i Cristians Oliva","isPartOf":{"@id":"https:\/\/olivamorosicristians.es\/#website"},"primaryImageOfPage":{"@id":"https:\/\/olivamorosicristians.es\/exposicio-de-cartells-i-dibuixos\/#primaryimage"},"image":{"@id":"https:\/\/olivamorosicristians.es\/exposicio-de-cartells-i-dibuixos\/#primaryimage"},"thumbnailUrl":"https:\/\/i0.wp.com\/olivamorosicristians.es\/wp-content\/uploads\/2019\/01\/CartellsDibuix03.jpg?fit=600%2C327&ssl=1","datePublished":"2019-01-17T19:07:44+00:00","dateModified":"2019-01-17T19:41:47+00:00","breadcrumb":{"@id":"https:\/\/olivamorosicristians.es\/exposicio-de-cartells-i-dibuixos\/#breadcrumb"},"inLanguage":"es","potentialAction":[{"@type":"ReadAction","target":["https:\/\/olivamorosicristians.es\/exposicio-de-cartells-i-dibuixos\/"]}]},{"@type":"ImageObject","inLanguage":"es","@id":"https:\/\/olivamorosicristians.es\/exposicio-de-cartells-i-dibuixos\/#primaryimage","url":"https:\/\/i0.wp.com\/olivamorosicristians.es\/wp-content\/uploads\/2019\/01\/CartellsDibuix03.jpg?fit=600%2C327&ssl=1","contentUrl":"https:\/\/i0.wp.com\/olivamorosicristians.es\/wp-content\/uploads\/2019\/01\/CartellsDibuix03.jpg?fit=600%2C327&ssl=1","width":600,"height":327,"caption":"oliva moros i cristians"},{"@type":"BreadcrumbList","@id":"https:\/\/olivamorosicristians.es\/exposicio-de-cartells-i-dibuixos\/#breadcrumb","itemListElement":[{"@type":"ListItem","position":1,"name":"Portada","item":"https:\/\/olivamorosicristians.es\/"},{"@type":"ListItem","position":2,"name":"Exposici\u00f3 de cartells i dibuixos"}]},{"@type":"WebSite","@id":"https:\/\/olivamorosicristians.es\/#website","url":"https:\/\/olivamorosicristians.es\/","name":"Moros i Cristians Oliva","description":"FMCO","publisher":{"@id":"https:\/\/olivamorosicristians.es\/#organization"},"potentialAction":[{"@type":"SearchAction","target":{"@type":"EntryPoint","urlTemplate":"https:\/\/olivamorosicristians.es\/?s={search_term_string}"},"query-input":{"@type":"PropertyValueSpecification","valueRequired":true,"valueName":"search_term_string"}}],"inLanguage":"es"},{"@type":"Organization","@id":"https:\/\/olivamorosicristians.es\/#organization","name":"La Federaci\u00f3n de Moros y Cristianos de Oliva","url":"https:\/\/olivamorosicristians.es\/","logo":{"@type":"ImageObject","inLanguage":"es","@id":"https:\/\/olivamorosicristians.es\/#\/schema\/logo\/image\/","url":"https:\/\/i2.wp.com\/olivamorosicristians.es\/wp-content\/uploads\/2018\/06\/Icon_FMiCO.png?fit=50%2C50&ssl=1","contentUrl":"https:\/\/i2.wp.com\/olivamorosicristians.es\/wp-content\/uploads\/2018\/06\/Icon_FMiCO.png?fit=50%2C50&ssl=1","width":50,"height":50,"caption":"Federaci\u00f3 de Moros i Cristians - Oliva"},"image":{"@id":"https:\/\/olivamorosicristians.es\/#\/schema\/logo\/image\/"},"sameAs":["https:\/\/www.facebook.com\/federaciodemorosicristiansdoliva\/","https:\/\/www.instagram.com\/morosicristiansoliva\/?hl=es"]},{"@type":"Person","@id":"https:\/\/olivamorosicristians.es\/#\/schema\/person\/21ece052d8816103cad91a2676fd0149","name":"Webmaster","image":{"@type":"ImageObject","inLanguage":"es","@id":"https:\/\/secure.gravatar.com\/avatar\/18de20f14d74abe0c800b423a8b0e24cae6153cb6baeb2c2df80e1cef2117e0d?s=96&d=mm&r=g","url":"https:\/\/secure.gravatar.com\/avatar\/18de20f14d74abe0c800b423a8b0e24cae6153cb6baeb2c2df80e1cef2117e0d?s=96&d=mm&r=g","contentUrl":"https:\/\/secure.gravatar.com\/avatar\/18de20f14d74abe0c800b423a8b0e24cae6153cb6baeb2c2df80e1cef2117e0d?s=96&d=mm&r=g","caption":"Webmaster"},"sameAs":["https:\/\/www.facebook.com\/federaciodemorosicristiansdoliva","https:\/\/www.instagram.com\/morosicristiansoliva\/"]}]}},"jetpack_publicize_connections":[],"jetpack_featured_media_url":"https:\/\/i0.wp.com\/olivamorosicristians.es\/wp-content\/uploads\/2019\/01\/CartellsDibuix03.jpg?fit=600%2C327&ssl=1","jetpack_sharing_enabled":true,"jetpack_shortlink":"https:\/\/wp.me\/pagEx6-2mc","jetpack-related-posts":[],"_links":{"self":[{"href":"https:\/\/olivamorosicristians.es\/es\/wp-json\/wp\/v2\/posts\/9064","targetHints":{"allow":["GET"]}}],"collection":[{"href":"https:\/\/olivamorosicristians.es\/es\/wp-json\/wp\/v2\/posts"}],"about":[{"href":"https:\/\/olivamorosicristians.es\/es\/wp-json\/wp\/v2\/types\/post"}],"author":[{"embeddable":true,"href":"https:\/\/olivamorosicristians.es\/es\/wp-json\/wp\/v2\/users\/1"}],"replies":[{"embeddable":true,"href":"https:\/\/olivamorosicristians.es\/es\/wp-json\/wp\/v2\/comments?post=9064"}],"version-history":[{"count":1,"href":"https:\/\/olivamorosicristians.es\/es\/wp-json\/wp\/v2\/posts\/9064\/revisions"}],"predecessor-version":[{"id":9066,"href":"https:\/\/olivamorosicristians.es\/es\/wp-json\/wp\/v2\/posts\/9064\/revisions\/9066"}],"wp:featuredmedia":[{"embeddable":true,"href":"https:\/\/olivamorosicristians.es\/es\/wp-json\/wp\/v2\/media\/9074"}],"wp:attachment":[{"href":"https:\/\/olivamorosicristians.es\/es\/wp-json\/wp\/v2\/media?parent=9064"}],"wp:term":[{"taxonomy":"category","embeddable":true,"href":"https:\/\/olivamorosicristians.es\/es\/wp-json\/wp\/v2\/categories?post=9064"},{"taxonomy":"post_tag","embeddable":true,"href":"https:\/\/olivamorosicristians.es\/es\/wp-json\/wp\/v2\/tags?post=9064"}],"curies":[{"name":"wp","href":"https:\/\/api.w.org\/{rel}","templated":true}]}}