{"id":9042,"date":"2018-12-13T17:57:50","date_gmt":"2018-12-13T17:57:50","guid":{"rendered":"http:\/\/olivamorosicristians.es\/?p=9042"},"modified":"2019-12-05T13:49:07","modified_gmt":"2019-12-05T13:49:07","slug":"bases-del-xxxix-concurs-de-cartells","status":"publish","type":"post","link":"https:\/\/olivamorosicristians.es\/es\/bases-del-xxxix-concurs-de-cartells\/","title":{"rendered":"Publicades les bases del concurs de cartells per a les Festes de Moros i Cristians d\u2019Oliva 2019"},"content":{"rendered":"<p>Oliva, 13 de desembre de 2018<\/p>\n<p>La Federaci\u00f3 de Moros i Cristians d&#8217;Oliva, en col\u00b7laboraci\u00f3 amb la regidoria Festes, ha publicat les bases del Concurs de Cartells per a les festes de 2019. Aquestes bases es poden trobar a la p\u00e0gina web de la Federaci\u00f3 de Moros i Cristians d\u2019Oliva&nbsp;<a href=\"http:\/\/olivamorosicristians.es\/wp-content\/uploads\/2018\/12\/Bases_Cartells.pdf\" target=\"_blank\" rel=\"noopener noreferrer\">http:\/\/olivamorosicristians.es\/wp-content\/uploads\/2018\/12\/Bases_Cartells.pdf<\/a><\/p>\n<p>El guanyador rebr\u00e0 un premi de 600 euros i veur\u00e0 que la seua obra anunciar\u00e0 les Festes d&#8217;eixe any. El primer classificat local tamb\u00e9 tindr\u00e0 un reconeixement de 200 euros.<\/p>\n<p>Les obres es podran presentar fins Les obres es podran presentar fins al dia&nbsp;10 gener de 2019, a les 14.00 hores. al departament de Cultura i Festes de l&#8217;ajuntament. Els cartells presentats s&#8217;exposaran des del s\u2019exposaran al p\u00fablic del 15 al 31 de gener, a la Sala d\u2019Exposicions del Museu Etnol\u00f2gic d\u2019Oliva. Tamb\u00e9 estaran exposats ac\u00ed els dibuixos dels alumnes de 3er a 6\u00e9 de prim\u00e0ria, de tots els col\u00b7legis de la ciutat, que han participat del tradicional concurs de dibuixos que convoca anualmente la Federaci\u00f3 de Moros i Cristians d\u2019Oliva.<\/p>\n<p>Els treballs han de ser originals i in\u00e8dits, de concepci\u00f3 i est\u00e8tica lliures, sempre que siga possible la seua reproducci\u00f3 i excloent les negres orades i plantejates a m\u00e9s dels colors fluorescents, i hauran de dur per lema \u00abFestes de Moros i Cristians. Oliva 2019 \u2013 Del 18 al 21 de Juliol, declarades d\u2019Inter\u00e9s Tur\u00edstic Auton\u00f2mic\u00bb.<\/p>","protected":false},"excerpt":{"rendered":"<p>Oliva, 13 de desembre de 2018 La Federaci\u00f3 de Moros i Cristians d&#8217;Oliva, en col\u00b7laboraci\u00f3 amb la regidoria Festes, ha publicat les bases del Concurs de Cartells per a les festes de 2019. Aquestes bases es poden trobar a la p\u00e0gina web de la Federaci\u00f3 de Moros i Cristians d\u2019Oliva&nbsp;http:\/\/olivamorosicristians.es\/wp-content\/uploads\/2018\/12\/Bases_Cartells.pdf El guanyador rebr\u00e0 un premi [&hellip;]<\/p>\n","protected":false},"author":1,"featured_media":9059,"comment_status":"closed","ping_status":"open","sticky":false,"template":"","format":"gallery","meta":{"jetpack_post_was_ever_published":false,"_jetpack_newsletter_access":"","_jetpack_dont_email_post_to_subs":false,"_jetpack_newsletter_tier_id":0,"_jetpack_memberships_contains_paywalled_content":false,"_jetpack_memberships_contains_paid_content":false,"footnotes":"","jetpack_publicize_message":"","jetpack_publicize_feature_enabled":true,"jetpack_social_post_already_shared":true,"jetpack_social_options":{"image_generator_settings":{"template":"highway","default_image_id":0,"font":"","enabled":false},"version":2}},"categories":[143],"tags":[],"class_list":["post-9042","post","type-post","status-publish","format-gallery","has-post-thumbnail","hentry","category-concursos","post_format-post-format-gallery"],"yoast_head":"<!-- This site is optimized with the Yoast SEO plugin v27.5 - https:\/\/yoast.com\/product\/yoast-seo-wordpress\/ -->\n<title>Publicades les bases del concurs de cartells per a les Festes de Moros i Cristians d\u2019Oliva 2019 - Moros i Cristians Oliva<\/title>\n<meta name=\"robots\" content=\"index, follow, max-snippet:-1, max-image-preview:large, max-video-preview:-1\" \/>\n<link rel=\"canonical\" href=\"https:\/\/olivamorosicristians.es\/es\/bases-del-xxxix-concurs-de-cartells\/\" \/>\n<meta property=\"og:locale\" content=\"es_ES\" \/>\n<meta property=\"og:type\" content=\"article\" \/>\n<meta property=\"og:title\" content=\"Publicades les bases del concurs de cartells per a les Festes de Moros i Cristians d\u2019Oliva 2019 - Moros i Cristians Oliva\" \/>\n<meta property=\"og:description\" content=\"Oliva, 13 de desembre de 2018 La Federaci\u00f3 de Moros i Cristians d&#8217;Oliva, en col\u00b7laboraci\u00f3 amb la regidoria Festes, ha publicat les bases del Concurs de Cartells per a les festes de 2019. Aquestes bases es poden trobar a la p\u00e0gina web de la Federaci\u00f3 de Moros i Cristians d\u2019Oliva&nbsp;http:\/\/olivamorosicristians.es\/wp-content\/uploads\/2018\/12\/Bases_Cartells.pdf El guanyador rebr\u00e0 un premi [&hellip;]\" \/>\n<meta property=\"og:url\" content=\"https:\/\/olivamorosicristians.es\/es\/bases-del-xxxix-concurs-de-cartells\/\" \/>\n<meta property=\"og:site_name\" content=\"Moros i Cristians Oliva\" \/>\n<meta property=\"article:publisher\" content=\"https:\/\/www.facebook.com\/federaciodemorosicristiansdoliva\/\" \/>\n<meta property=\"article:author\" content=\"https:\/\/www.facebook.com\/federaciodemorosicristiansdoliva\" \/>\n<meta property=\"article:published_time\" content=\"2018-12-13T17:57:50+00:00\" \/>\n<meta property=\"article:modified_time\" content=\"2019-12-05T13:49:07+00:00\" \/>\n<meta property=\"og:image\" content=\"https:\/\/i1.wp.com\/olivamorosicristians.es\/wp-content\/uploads\/2018\/12\/Llapis-e1575553453607.jpg?fit=207%2C300&ssl=1\" \/>\n\t<meta property=\"og:image:width\" content=\"207\" \/>\n\t<meta property=\"og:image:height\" content=\"300\" \/>\n\t<meta property=\"og:image:type\" content=\"image\/jpeg\" \/>\n<meta name=\"author\" content=\"Webmaster\" \/>\n<meta name=\"twitter:card\" content=\"summary_large_image\" \/>\n<meta name=\"twitter:label1\" content=\"Escrito por\" \/>\n\t<meta name=\"twitter:data1\" content=\"Webmaster\" \/>\n\t<meta name=\"twitter:label2\" content=\"Tiempo de lectura\" \/>\n\t<meta name=\"twitter:data2\" content=\"1 minuto\" \/>\n<script type=\"application\/ld+json\" class=\"yoast-schema-graph\">{\"@context\":\"https:\\\/\\\/schema.org\",\"@graph\":[{\"@type\":\"Article\",\"@id\":\"https:\\\/\\\/olivamorosicristians.es\\\/bases-del-xxxix-concurs-de-cartells\\\/#article\",\"isPartOf\":{\"@id\":\"https:\\\/\\\/olivamorosicristians.es\\\/bases-del-xxxix-concurs-de-cartells\\\/\"},\"author\":{\"name\":\"Webmaster\",\"@id\":\"https:\\\/\\\/olivamorosicristians.es\\\/#\\\/schema\\\/person\\\/21ece052d8816103cad91a2676fd0149\"},\"headline\":\"Publicades les bases del concurs de cartells per a les Festes de Moros i Cristians d\u2019Oliva 2019\",\"datePublished\":\"2018-12-13T17:57:50+00:00\",\"dateModified\":\"2019-12-05T13:49:07+00:00\",\"mainEntityOfPage\":{\"@id\":\"https:\\\/\\\/olivamorosicristians.es\\\/bases-del-xxxix-concurs-de-cartells\\\/\"},\"wordCount\":262,\"publisher\":{\"@id\":\"https:\\\/\\\/olivamorosicristians.es\\\/#organization\"},\"image\":{\"@id\":\"https:\\\/\\\/olivamorosicristians.es\\\/bases-del-xxxix-concurs-de-cartells\\\/#primaryimage\"},\"thumbnailUrl\":\"https:\\\/\\\/i0.wp.com\\\/olivamorosicristians.es\\\/wp-content\\\/uploads\\\/2018\\\/12\\\/Llapis-e1575553453607.jpg?fit=207%2C300&ssl=1\",\"articleSection\":[\"Concursos\"],\"inLanguage\":\"es\"},{\"@type\":\"WebPage\",\"@id\":\"https:\\\/\\\/olivamorosicristians.es\\\/bases-del-xxxix-concurs-de-cartells\\\/\",\"url\":\"https:\\\/\\\/olivamorosicristians.es\\\/bases-del-xxxix-concurs-de-cartells\\\/\",\"name\":\"Publicades les bases del concurs de cartells per a les Festes de Moros i Cristians d\u2019Oliva 2019 - Moros i Cristians Oliva\",\"isPartOf\":{\"@id\":\"https:\\\/\\\/olivamorosicristians.es\\\/#website\"},\"primaryImageOfPage\":{\"@id\":\"https:\\\/\\\/olivamorosicristians.es\\\/bases-del-xxxix-concurs-de-cartells\\\/#primaryimage\"},\"image\":{\"@id\":\"https:\\\/\\\/olivamorosicristians.es\\\/bases-del-xxxix-concurs-de-cartells\\\/#primaryimage\"},\"thumbnailUrl\":\"https:\\\/\\\/i0.wp.com\\\/olivamorosicristians.es\\\/wp-content\\\/uploads\\\/2018\\\/12\\\/Llapis-e1575553453607.jpg?fit=207%2C300&ssl=1\",\"datePublished\":\"2018-12-13T17:57:50+00:00\",\"dateModified\":\"2019-12-05T13:49:07+00:00\",\"breadcrumb\":{\"@id\":\"https:\\\/\\\/olivamorosicristians.es\\\/bases-del-xxxix-concurs-de-cartells\\\/#breadcrumb\"},\"inLanguage\":\"es\",\"potentialAction\":[{\"@type\":\"ReadAction\",\"target\":[\"https:\\\/\\\/olivamorosicristians.es\\\/bases-del-xxxix-concurs-de-cartells\\\/\"]}]},{\"@type\":\"ImageObject\",\"inLanguage\":\"es\",\"@id\":\"https:\\\/\\\/olivamorosicristians.es\\\/bases-del-xxxix-concurs-de-cartells\\\/#primaryimage\",\"url\":\"https:\\\/\\\/i0.wp.com\\\/olivamorosicristians.es\\\/wp-content\\\/uploads\\\/2018\\\/12\\\/Llapis-e1575553453607.jpg?fit=207%2C300&ssl=1\",\"contentUrl\":\"https:\\\/\\\/i0.wp.com\\\/olivamorosicristians.es\\\/wp-content\\\/uploads\\\/2018\\\/12\\\/Llapis-e1575553453607.jpg?fit=207%2C300&ssl=1\",\"width\":207,\"height\":300,\"caption\":\"oliva moros i cristians\"},{\"@type\":\"BreadcrumbList\",\"@id\":\"https:\\\/\\\/olivamorosicristians.es\\\/bases-del-xxxix-concurs-de-cartells\\\/#breadcrumb\",\"itemListElement\":[{\"@type\":\"ListItem\",\"position\":1,\"name\":\"Portada\",\"item\":\"https:\\\/\\\/olivamorosicristians.es\\\/\"},{\"@type\":\"ListItem\",\"position\":2,\"name\":\"Publicades les bases del concurs de cartells per a les Festes de Moros i Cristians d\u2019Oliva 2019\"}]},{\"@type\":\"WebSite\",\"@id\":\"https:\\\/\\\/olivamorosicristians.es\\\/#website\",\"url\":\"https:\\\/\\\/olivamorosicristians.es\\\/\",\"name\":\"Moros i Cristians Oliva\",\"description\":\"FMCO\",\"publisher\":{\"@id\":\"https:\\\/\\\/olivamorosicristians.es\\\/#organization\"},\"potentialAction\":[{\"@type\":\"SearchAction\",\"target\":{\"@type\":\"EntryPoint\",\"urlTemplate\":\"https:\\\/\\\/olivamorosicristians.es\\\/?s={search_term_string}\"},\"query-input\":{\"@type\":\"PropertyValueSpecification\",\"valueRequired\":true,\"valueName\":\"search_term_string\"}}],\"inLanguage\":\"es\"},{\"@type\":\"Organization\",\"@id\":\"https:\\\/\\\/olivamorosicristians.es\\\/#organization\",\"name\":\"Federaci\u00f3 de Moros i Cristians - Oliva\",\"url\":\"https:\\\/\\\/olivamorosicristians.es\\\/\",\"logo\":{\"@type\":\"ImageObject\",\"inLanguage\":\"es\",\"@id\":\"https:\\\/\\\/olivamorosicristians.es\\\/#\\\/schema\\\/logo\\\/image\\\/\",\"url\":\"https:\\\/\\\/i2.wp.com\\\/olivamorosicristians.es\\\/wp-content\\\/uploads\\\/2018\\\/06\\\/Icon_FMiCO.png?fit=50%2C50&ssl=1\",\"contentUrl\":\"https:\\\/\\\/i2.wp.com\\\/olivamorosicristians.es\\\/wp-content\\\/uploads\\\/2018\\\/06\\\/Icon_FMiCO.png?fit=50%2C50&ssl=1\",\"width\":50,\"height\":50,\"caption\":\"Federaci\u00f3 de Moros i Cristians - Oliva\"},\"image\":{\"@id\":\"https:\\\/\\\/olivamorosicristians.es\\\/#\\\/schema\\\/logo\\\/image\\\/\"},\"sameAs\":[\"https:\\\/\\\/www.facebook.com\\\/federaciodemorosicristiansdoliva\\\/\",\"https:\\\/\\\/www.instagram.com\\\/morosicristiansoliva\\\/?hl=es\"]},{\"@type\":\"Person\",\"@id\":\"https:\\\/\\\/olivamorosicristians.es\\\/#\\\/schema\\\/person\\\/21ece052d8816103cad91a2676fd0149\",\"name\":\"Webmaster\",\"image\":{\"@type\":\"ImageObject\",\"inLanguage\":\"es\",\"@id\":\"https:\\\/\\\/secure.gravatar.com\\\/avatar\\\/18de20f14d74abe0c800b423a8b0e24cae6153cb6baeb2c2df80e1cef2117e0d?s=96&d=mm&r=g\",\"url\":\"https:\\\/\\\/secure.gravatar.com\\\/avatar\\\/18de20f14d74abe0c800b423a8b0e24cae6153cb6baeb2c2df80e1cef2117e0d?s=96&d=mm&r=g\",\"contentUrl\":\"https:\\\/\\\/secure.gravatar.com\\\/avatar\\\/18de20f14d74abe0c800b423a8b0e24cae6153cb6baeb2c2df80e1cef2117e0d?s=96&d=mm&r=g\",\"caption\":\"Webmaster\"},\"sameAs\":[\"https:\\\/\\\/www.facebook.com\\\/federaciodemorosicristiansdoliva\",\"https:\\\/\\\/www.instagram.com\\\/morosicristiansoliva\\\/\"]}]}<\/script>\n<!-- \/ Yoast SEO plugin. -->","yoast_head_json":{"title":"Publicades les bases del concurs de cartells per a les Festes de Moros i Cristians d\u2019Oliva 2019 - Moros i Cristians Oliva","robots":{"index":"index","follow":"follow","max-snippet":"max-snippet:-1","max-image-preview":"max-image-preview:large","max-video-preview":"max-video-preview:-1"},"canonical":"https:\/\/olivamorosicristians.es\/es\/bases-del-xxxix-concurs-de-cartells\/","og_locale":"es_ES","og_type":"article","og_title":"Publicades les bases del concurs de cartells per a les Festes de Moros i Cristians d\u2019Oliva 2019 - Moros i Cristians Oliva","og_description":"Oliva, 13 de desembre de 2018 La Federaci\u00f3 de Moros i Cristians d&#8217;Oliva, en col\u00b7laboraci\u00f3 amb la regidoria Festes, ha publicat les bases del Concurs de Cartells per a les festes de 2019. Aquestes bases es poden trobar a la p\u00e0gina web de la Federaci\u00f3 de Moros i Cristians d\u2019Oliva&nbsp;http:\/\/olivamorosicristians.es\/wp-content\/uploads\/2018\/12\/Bases_Cartells.pdf El guanyador rebr\u00e0 un premi [&hellip;]","og_url":"https:\/\/olivamorosicristians.es\/es\/bases-del-xxxix-concurs-de-cartells\/","og_site_name":"Moros i Cristians Oliva","article_publisher":"https:\/\/www.facebook.com\/federaciodemorosicristiansdoliva\/","article_author":"https:\/\/www.facebook.com\/federaciodemorosicristiansdoliva","article_published_time":"2018-12-13T17:57:50+00:00","article_modified_time":"2019-12-05T13:49:07+00:00","og_image":[{"width":207,"height":300,"url":"https:\/\/i1.wp.com\/olivamorosicristians.es\/wp-content\/uploads\/2018\/12\/Llapis-e1575553453607.jpg?fit=207%2C300&ssl=1","type":"image\/jpeg"}],"author":"Webmaster","twitter_card":"summary_large_image","twitter_misc":{"Escrito por":"Webmaster","Tiempo de lectura":"1 minuto"},"schema":{"@context":"https:\/\/schema.org","@graph":[{"@type":"Article","@id":"https:\/\/olivamorosicristians.es\/bases-del-xxxix-concurs-de-cartells\/#article","isPartOf":{"@id":"https:\/\/olivamorosicristians.es\/bases-del-xxxix-concurs-de-cartells\/"},"author":{"name":"Webmaster","@id":"https:\/\/olivamorosicristians.es\/#\/schema\/person\/21ece052d8816103cad91a2676fd0149"},"headline":"Publicades les bases del concurs de cartells per a les Festes de Moros i Cristians d\u2019Oliva 2019","datePublished":"2018-12-13T17:57:50+00:00","dateModified":"2019-12-05T13:49:07+00:00","mainEntityOfPage":{"@id":"https:\/\/olivamorosicristians.es\/bases-del-xxxix-concurs-de-cartells\/"},"wordCount":262,"publisher":{"@id":"https:\/\/olivamorosicristians.es\/#organization"},"image":{"@id":"https:\/\/olivamorosicristians.es\/bases-del-xxxix-concurs-de-cartells\/#primaryimage"},"thumbnailUrl":"https:\/\/i0.wp.com\/olivamorosicristians.es\/wp-content\/uploads\/2018\/12\/Llapis-e1575553453607.jpg?fit=207%2C300&ssl=1","articleSection":["Concursos"],"inLanguage":"es"},{"@type":"WebPage","@id":"https:\/\/olivamorosicristians.es\/bases-del-xxxix-concurs-de-cartells\/","url":"https:\/\/olivamorosicristians.es\/bases-del-xxxix-concurs-de-cartells\/","name":"Publicades les bases del concurs de cartells per a les Festes de Moros i Cristians d\u2019Oliva 2019 - Moros i Cristians Oliva","isPartOf":{"@id":"https:\/\/olivamorosicristians.es\/#website"},"primaryImageOfPage":{"@id":"https:\/\/olivamorosicristians.es\/bases-del-xxxix-concurs-de-cartells\/#primaryimage"},"image":{"@id":"https:\/\/olivamorosicristians.es\/bases-del-xxxix-concurs-de-cartells\/#primaryimage"},"thumbnailUrl":"https:\/\/i0.wp.com\/olivamorosicristians.es\/wp-content\/uploads\/2018\/12\/Llapis-e1575553453607.jpg?fit=207%2C300&ssl=1","datePublished":"2018-12-13T17:57:50+00:00","dateModified":"2019-12-05T13:49:07+00:00","breadcrumb":{"@id":"https:\/\/olivamorosicristians.es\/bases-del-xxxix-concurs-de-cartells\/#breadcrumb"},"inLanguage":"es","potentialAction":[{"@type":"ReadAction","target":["https:\/\/olivamorosicristians.es\/bases-del-xxxix-concurs-de-cartells\/"]}]},{"@type":"ImageObject","inLanguage":"es","@id":"https:\/\/olivamorosicristians.es\/bases-del-xxxix-concurs-de-cartells\/#primaryimage","url":"https:\/\/i0.wp.com\/olivamorosicristians.es\/wp-content\/uploads\/2018\/12\/Llapis-e1575553453607.jpg?fit=207%2C300&ssl=1","contentUrl":"https:\/\/i0.wp.com\/olivamorosicristians.es\/wp-content\/uploads\/2018\/12\/Llapis-e1575553453607.jpg?fit=207%2C300&ssl=1","width":207,"height":300,"caption":"oliva moros i cristians"},{"@type":"BreadcrumbList","@id":"https:\/\/olivamorosicristians.es\/bases-del-xxxix-concurs-de-cartells\/#breadcrumb","itemListElement":[{"@type":"ListItem","position":1,"name":"Portada","item":"https:\/\/olivamorosicristians.es\/"},{"@type":"ListItem","position":2,"name":"Publicades les bases del concurs de cartells per a les Festes de Moros i Cristians d\u2019Oliva 2019"}]},{"@type":"WebSite","@id":"https:\/\/olivamorosicristians.es\/#website","url":"https:\/\/olivamorosicristians.es\/","name":"Moros i Cristians Oliva","description":"FMCO","publisher":{"@id":"https:\/\/olivamorosicristians.es\/#organization"},"potentialAction":[{"@type":"SearchAction","target":{"@type":"EntryPoint","urlTemplate":"https:\/\/olivamorosicristians.es\/?s={search_term_string}"},"query-input":{"@type":"PropertyValueSpecification","valueRequired":true,"valueName":"search_term_string"}}],"inLanguage":"es"},{"@type":"Organization","@id":"https:\/\/olivamorosicristians.es\/#organization","name":"La Federaci\u00f3n de Moros y Cristianos de Oliva","url":"https:\/\/olivamorosicristians.es\/","logo":{"@type":"ImageObject","inLanguage":"es","@id":"https:\/\/olivamorosicristians.es\/#\/schema\/logo\/image\/","url":"https:\/\/i2.wp.com\/olivamorosicristians.es\/wp-content\/uploads\/2018\/06\/Icon_FMiCO.png?fit=50%2C50&ssl=1","contentUrl":"https:\/\/i2.wp.com\/olivamorosicristians.es\/wp-content\/uploads\/2018\/06\/Icon_FMiCO.png?fit=50%2C50&ssl=1","width":50,"height":50,"caption":"Federaci\u00f3 de Moros i Cristians - Oliva"},"image":{"@id":"https:\/\/olivamorosicristians.es\/#\/schema\/logo\/image\/"},"sameAs":["https:\/\/www.facebook.com\/federaciodemorosicristiansdoliva\/","https:\/\/www.instagram.com\/morosicristiansoliva\/?hl=es"]},{"@type":"Person","@id":"https:\/\/olivamorosicristians.es\/#\/schema\/person\/21ece052d8816103cad91a2676fd0149","name":"Webmaster","image":{"@type":"ImageObject","inLanguage":"es","@id":"https:\/\/secure.gravatar.com\/avatar\/18de20f14d74abe0c800b423a8b0e24cae6153cb6baeb2c2df80e1cef2117e0d?s=96&d=mm&r=g","url":"https:\/\/secure.gravatar.com\/avatar\/18de20f14d74abe0c800b423a8b0e24cae6153cb6baeb2c2df80e1cef2117e0d?s=96&d=mm&r=g","contentUrl":"https:\/\/secure.gravatar.com\/avatar\/18de20f14d74abe0c800b423a8b0e24cae6153cb6baeb2c2df80e1cef2117e0d?s=96&d=mm&r=g","caption":"Webmaster"},"sameAs":["https:\/\/www.facebook.com\/federaciodemorosicristiansdoliva","https:\/\/www.instagram.com\/morosicristiansoliva\/"]}]}},"jetpack_publicize_connections":[],"jetpack_featured_media_url":"https:\/\/i0.wp.com\/olivamorosicristians.es\/wp-content\/uploads\/2018\/12\/Llapis-e1575553453607.jpg?fit=207%2C300&ssl=1","jetpack_sharing_enabled":true,"jetpack_shortlink":"https:\/\/wp.me\/pagEx6-2lQ","jetpack-related-posts":[],"_links":{"self":[{"href":"https:\/\/olivamorosicristians.es\/es\/wp-json\/wp\/v2\/posts\/9042","targetHints":{"allow":["GET"]}}],"collection":[{"href":"https:\/\/olivamorosicristians.es\/es\/wp-json\/wp\/v2\/posts"}],"about":[{"href":"https:\/\/olivamorosicristians.es\/es\/wp-json\/wp\/v2\/types\/post"}],"author":[{"embeddable":true,"href":"https:\/\/olivamorosicristians.es\/es\/wp-json\/wp\/v2\/users\/1"}],"replies":[{"embeddable":true,"href":"https:\/\/olivamorosicristians.es\/es\/wp-json\/wp\/v2\/comments?post=9042"}],"version-history":[{"count":4,"href":"https:\/\/olivamorosicristians.es\/es\/wp-json\/wp\/v2\/posts\/9042\/revisions"}],"predecessor-version":[{"id":9447,"href":"https:\/\/olivamorosicristians.es\/es\/wp-json\/wp\/v2\/posts\/9042\/revisions\/9447"}],"wp:featuredmedia":[{"embeddable":true,"href":"https:\/\/olivamorosicristians.es\/es\/wp-json\/wp\/v2\/media\/9059"}],"wp:attachment":[{"href":"https:\/\/olivamorosicristians.es\/es\/wp-json\/wp\/v2\/media?parent=9042"}],"wp:term":[{"taxonomy":"category","embeddable":true,"href":"https:\/\/olivamorosicristians.es\/es\/wp-json\/wp\/v2\/categories?post=9042"},{"taxonomy":"post_tag","embeddable":true,"href":"https:\/\/olivamorosicristians.es\/es\/wp-json\/wp\/v2\/tags?post=9042"}],"curies":[{"name":"wp","href":"https:\/\/api.w.org\/{rel}","templated":true}]}}