{"id":9007,"date":"2018-09-04T16:38:26","date_gmt":"2018-09-04T16:38:26","guid":{"rendered":"http:\/\/olivamorosicristians.es\/?p=9007"},"modified":"2018-09-04T18:01:22","modified_gmt":"2018-09-04T18:01:22","slug":"9007-2","status":"publish","type":"post","link":"https:\/\/olivamorosicristians.es\/es\/9007-2\/","title":{"rendered":"CONCURS DE FOTOGRAFIA"},"content":{"rendered":"<p>Com cada any, passades les Festes de Moros i Cristians d&#8217;Oliva, la Federaci\u00f3 de Moros i Cristians va convocar el concurs de fotografia, que va concloure el pla\u00e7 de presentaci\u00f3 de fotografies el passat dissabte 1 de setembre.<\/p>\n<p>Com \u00e9s habitual, algunes de les fotografies s\u00f3n eviades via correu postal, des de fora de la nostra ciutat. Aquestes fotografies entren a concurs sempre i quant hagen sigut enviades dins la data llimit indicada, encara que la recepci\u00f3 siga posterior.<\/p>\n<p>Amb tot a\u00e7\u00f2, s&#8217;informa que el dilluns que ve, per la vesprada, s&#8217;inagurar\u00e0 l&#8217;exposici\u00f3 de fotografies de les Festes de Moros i Cristians d&#8217;Oliva 2018, que estaran a la sala de dalt del Museu Etnol\u00f2gic d&#8217;Oliva fins a finals del mes de setembre.<\/p>\n<p>Moltes gr\u00e0cies a tots els participants!<\/p>","protected":false},"excerpt":{"rendered":"<p>Com cada any, passades les Festes de Moros i Cristians d&#8217;Oliva, la Federaci\u00f3 de Moros i Cristians va convocar el concurs de fotografia, que va concloure el pla\u00e7 de presentaci\u00f3 de fotografies el passat dissabte 1 de setembre. Com \u00e9s habitual, algunes de les fotografies s\u00f3n eviades via correu postal, des de fora de la [&hellip;]<\/p>\n","protected":false},"author":1,"featured_media":9023,"comment_status":"closed","ping_status":"open","sticky":false,"template":"","format":"standard","meta":{"jetpack_post_was_ever_published":false,"_jetpack_newsletter_access":"","_jetpack_dont_email_post_to_subs":false,"_jetpack_newsletter_tier_id":0,"_jetpack_memberships_contains_paywalled_content":false,"_jetpack_memberships_contains_paid_content":false,"footnotes":"","jetpack_publicize_message":"","jetpack_publicize_feature_enabled":true,"jetpack_social_post_already_shared":false,"jetpack_social_options":{"image_generator_settings":{"template":"highway","default_image_id":0,"font":"","enabled":false},"version":2}},"categories":[3,140],"tags":[],"class_list":["post-9007","post","type-post","status-publish","format-standard","has-post-thumbnail","hentry","category-entreteniment","category-fotografia"],"yoast_head":"<!-- This site is optimized with the Yoast SEO plugin v27.5 - https:\/\/yoast.com\/product\/yoast-seo-wordpress\/ -->\n<title>CONCURS DE FOTOGRAFIA - Moros i Cristians Oliva<\/title>\n<meta name=\"robots\" content=\"index, follow, max-snippet:-1, max-image-preview:large, max-video-preview:-1\" \/>\n<link rel=\"canonical\" href=\"https:\/\/olivamorosicristians.es\/es\/9007-2\/\" \/>\n<meta property=\"og:locale\" content=\"es_ES\" \/>\n<meta property=\"og:type\" content=\"article\" \/>\n<meta property=\"og:title\" content=\"CONCURS DE FOTOGRAFIA - Moros i Cristians Oliva\" \/>\n<meta property=\"og:description\" content=\"Com cada any, passades les Festes de Moros i Cristians d&#8217;Oliva, la Federaci\u00f3 de Moros i Cristians va convocar el concurs de fotografia, que va concloure el pla\u00e7 de presentaci\u00f3 de fotografies el passat dissabte 1 de setembre. Com \u00e9s habitual, algunes de les fotografies s\u00f3n eviades via correu postal, des de fora de la [&hellip;]\" \/>\n<meta property=\"og:url\" content=\"https:\/\/olivamorosicristians.es\/es\/9007-2\/\" \/>\n<meta property=\"og:site_name\" content=\"Moros i Cristians Oliva\" \/>\n<meta property=\"article:publisher\" content=\"https:\/\/www.facebook.com\/federaciodemorosicristiansdoliva\/\" \/>\n<meta property=\"article:author\" content=\"https:\/\/www.facebook.com\/federaciodemorosicristiansdoliva\" \/>\n<meta property=\"article:published_time\" content=\"2018-09-04T16:38:26+00:00\" \/>\n<meta property=\"article:modified_time\" content=\"2018-09-04T18:01:22+00:00\" \/>\n<meta property=\"og:image\" content=\"https:\/\/i0.wp.com\/olivamorosicristians.es\/wp-content\/uploads\/2018\/09\/Camara04.png?fit=1000%2C864&ssl=1\" \/>\n\t<meta property=\"og:image:width\" content=\"1000\" \/>\n\t<meta property=\"og:image:height\" content=\"864\" \/>\n\t<meta property=\"og:image:type\" content=\"image\/png\" \/>\n<meta name=\"author\" content=\"Webmaster\" \/>\n<meta name=\"twitter:card\" content=\"summary_large_image\" \/>\n<meta name=\"twitter:label1\" content=\"Escrito por\" \/>\n\t<meta name=\"twitter:data1\" content=\"Webmaster\" \/>\n\t<meta name=\"twitter:label2\" content=\"Tiempo de lectura\" \/>\n\t<meta name=\"twitter:data2\" content=\"1 minuto\" \/>\n<script type=\"application\/ld+json\" class=\"yoast-schema-graph\">{\"@context\":\"https:\\\/\\\/schema.org\",\"@graph\":[{\"@type\":\"Article\",\"@id\":\"https:\\\/\\\/olivamorosicristians.es\\\/9007-2\\\/#article\",\"isPartOf\":{\"@id\":\"https:\\\/\\\/olivamorosicristians.es\\\/9007-2\\\/\"},\"author\":{\"name\":\"Webmaster\",\"@id\":\"https:\\\/\\\/olivamorosicristians.es\\\/#\\\/schema\\\/person\\\/21ece052d8816103cad91a2676fd0149\"},\"headline\":\"CONCURS DE FOTOGRAFIA\",\"datePublished\":\"2018-09-04T16:38:26+00:00\",\"dateModified\":\"2018-09-04T18:01:22+00:00\",\"mainEntityOfPage\":{\"@id\":\"https:\\\/\\\/olivamorosicristians.es\\\/9007-2\\\/\"},\"wordCount\":138,\"publisher\":{\"@id\":\"https:\\\/\\\/olivamorosicristians.es\\\/#organization\"},\"image\":{\"@id\":\"https:\\\/\\\/olivamorosicristians.es\\\/9007-2\\\/#primaryimage\"},\"thumbnailUrl\":\"https:\\\/\\\/i0.wp.com\\\/olivamorosicristians.es\\\/wp-content\\\/uploads\\\/2018\\\/09\\\/Camara04.png?fit=1000%2C864&ssl=1\",\"articleSection\":[\"Entreteniment\",\"Fotografia\"],\"inLanguage\":\"es\"},{\"@type\":\"WebPage\",\"@id\":\"https:\\\/\\\/olivamorosicristians.es\\\/9007-2\\\/\",\"url\":\"https:\\\/\\\/olivamorosicristians.es\\\/9007-2\\\/\",\"name\":\"CONCURS DE FOTOGRAFIA - Moros i Cristians Oliva\",\"isPartOf\":{\"@id\":\"https:\\\/\\\/olivamorosicristians.es\\\/#website\"},\"primaryImageOfPage\":{\"@id\":\"https:\\\/\\\/olivamorosicristians.es\\\/9007-2\\\/#primaryimage\"},\"image\":{\"@id\":\"https:\\\/\\\/olivamorosicristians.es\\\/9007-2\\\/#primaryimage\"},\"thumbnailUrl\":\"https:\\\/\\\/i0.wp.com\\\/olivamorosicristians.es\\\/wp-content\\\/uploads\\\/2018\\\/09\\\/Camara04.png?fit=1000%2C864&ssl=1\",\"datePublished\":\"2018-09-04T16:38:26+00:00\",\"dateModified\":\"2018-09-04T18:01:22+00:00\",\"breadcrumb\":{\"@id\":\"https:\\\/\\\/olivamorosicristians.es\\\/9007-2\\\/#breadcrumb\"},\"inLanguage\":\"es\",\"potentialAction\":[{\"@type\":\"ReadAction\",\"target\":[\"https:\\\/\\\/olivamorosicristians.es\\\/9007-2\\\/\"]}]},{\"@type\":\"ImageObject\",\"inLanguage\":\"es\",\"@id\":\"https:\\\/\\\/olivamorosicristians.es\\\/9007-2\\\/#primaryimage\",\"url\":\"https:\\\/\\\/i0.wp.com\\\/olivamorosicristians.es\\\/wp-content\\\/uploads\\\/2018\\\/09\\\/Camara04.png?fit=1000%2C864&ssl=1\",\"contentUrl\":\"https:\\\/\\\/i0.wp.com\\\/olivamorosicristians.es\\\/wp-content\\\/uploads\\\/2018\\\/09\\\/Camara04.png?fit=1000%2C864&ssl=1\",\"width\":1000,\"height\":864,\"caption\":\"Concurs de fotografia\"},{\"@type\":\"BreadcrumbList\",\"@id\":\"https:\\\/\\\/olivamorosicristians.es\\\/9007-2\\\/#breadcrumb\",\"itemListElement\":[{\"@type\":\"ListItem\",\"position\":1,\"name\":\"Portada\",\"item\":\"https:\\\/\\\/olivamorosicristians.es\\\/\"},{\"@type\":\"ListItem\",\"position\":2,\"name\":\"CONCURS DE FOTOGRAFIA\"}]},{\"@type\":\"WebSite\",\"@id\":\"https:\\\/\\\/olivamorosicristians.es\\\/#website\",\"url\":\"https:\\\/\\\/olivamorosicristians.es\\\/\",\"name\":\"Moros i Cristians Oliva\",\"description\":\"FMCO\",\"publisher\":{\"@id\":\"https:\\\/\\\/olivamorosicristians.es\\\/#organization\"},\"potentialAction\":[{\"@type\":\"SearchAction\",\"target\":{\"@type\":\"EntryPoint\",\"urlTemplate\":\"https:\\\/\\\/olivamorosicristians.es\\\/?s={search_term_string}\"},\"query-input\":{\"@type\":\"PropertyValueSpecification\",\"valueRequired\":true,\"valueName\":\"search_term_string\"}}],\"inLanguage\":\"es\"},{\"@type\":\"Organization\",\"@id\":\"https:\\\/\\\/olivamorosicristians.es\\\/#organization\",\"name\":\"Federaci\u00f3 de Moros i Cristians - Oliva\",\"url\":\"https:\\\/\\\/olivamorosicristians.es\\\/\",\"logo\":{\"@type\":\"ImageObject\",\"inLanguage\":\"es\",\"@id\":\"https:\\\/\\\/olivamorosicristians.es\\\/#\\\/schema\\\/logo\\\/image\\\/\",\"url\":\"https:\\\/\\\/i2.wp.com\\\/olivamorosicristians.es\\\/wp-content\\\/uploads\\\/2018\\\/06\\\/Icon_FMiCO.png?fit=50%2C50&ssl=1\",\"contentUrl\":\"https:\\\/\\\/i2.wp.com\\\/olivamorosicristians.es\\\/wp-content\\\/uploads\\\/2018\\\/06\\\/Icon_FMiCO.png?fit=50%2C50&ssl=1\",\"width\":50,\"height\":50,\"caption\":\"Federaci\u00f3 de Moros i Cristians - Oliva\"},\"image\":{\"@id\":\"https:\\\/\\\/olivamorosicristians.es\\\/#\\\/schema\\\/logo\\\/image\\\/\"},\"sameAs\":[\"https:\\\/\\\/www.facebook.com\\\/federaciodemorosicristiansdoliva\\\/\",\"https:\\\/\\\/www.instagram.com\\\/morosicristiansoliva\\\/?hl=es\"]},{\"@type\":\"Person\",\"@id\":\"https:\\\/\\\/olivamorosicristians.es\\\/#\\\/schema\\\/person\\\/21ece052d8816103cad91a2676fd0149\",\"name\":\"Webmaster\",\"image\":{\"@type\":\"ImageObject\",\"inLanguage\":\"es\",\"@id\":\"https:\\\/\\\/secure.gravatar.com\\\/avatar\\\/18de20f14d74abe0c800b423a8b0e24cae6153cb6baeb2c2df80e1cef2117e0d?s=96&d=mm&r=g\",\"url\":\"https:\\\/\\\/secure.gravatar.com\\\/avatar\\\/18de20f14d74abe0c800b423a8b0e24cae6153cb6baeb2c2df80e1cef2117e0d?s=96&d=mm&r=g\",\"contentUrl\":\"https:\\\/\\\/secure.gravatar.com\\\/avatar\\\/18de20f14d74abe0c800b423a8b0e24cae6153cb6baeb2c2df80e1cef2117e0d?s=96&d=mm&r=g\",\"caption\":\"Webmaster\"},\"sameAs\":[\"https:\\\/\\\/www.facebook.com\\\/federaciodemorosicristiansdoliva\",\"https:\\\/\\\/www.instagram.com\\\/morosicristiansoliva\\\/\"]}]}<\/script>\n<!-- \/ Yoast SEO plugin. -->","yoast_head_json":{"title":"CONCURS DE FOTOGRAFIA - Moros i Cristians Oliva","robots":{"index":"index","follow":"follow","max-snippet":"max-snippet:-1","max-image-preview":"max-image-preview:large","max-video-preview":"max-video-preview:-1"},"canonical":"https:\/\/olivamorosicristians.es\/es\/9007-2\/","og_locale":"es_ES","og_type":"article","og_title":"CONCURS DE FOTOGRAFIA - Moros i Cristians Oliva","og_description":"Com cada any, passades les Festes de Moros i Cristians d&#8217;Oliva, la Federaci\u00f3 de Moros i Cristians va convocar el concurs de fotografia, que va concloure el pla\u00e7 de presentaci\u00f3 de fotografies el passat dissabte 1 de setembre. Com \u00e9s habitual, algunes de les fotografies s\u00f3n eviades via correu postal, des de fora de la [&hellip;]","og_url":"https:\/\/olivamorosicristians.es\/es\/9007-2\/","og_site_name":"Moros i Cristians Oliva","article_publisher":"https:\/\/www.facebook.com\/federaciodemorosicristiansdoliva\/","article_author":"https:\/\/www.facebook.com\/federaciodemorosicristiansdoliva","article_published_time":"2018-09-04T16:38:26+00:00","article_modified_time":"2018-09-04T18:01:22+00:00","og_image":[{"width":1000,"height":864,"url":"https:\/\/i0.wp.com\/olivamorosicristians.es\/wp-content\/uploads\/2018\/09\/Camara04.png?fit=1000%2C864&ssl=1","type":"image\/png"}],"author":"Webmaster","twitter_card":"summary_large_image","twitter_misc":{"Escrito por":"Webmaster","Tiempo de lectura":"1 minuto"},"schema":{"@context":"https:\/\/schema.org","@graph":[{"@type":"Article","@id":"https:\/\/olivamorosicristians.es\/9007-2\/#article","isPartOf":{"@id":"https:\/\/olivamorosicristians.es\/9007-2\/"},"author":{"name":"Webmaster","@id":"https:\/\/olivamorosicristians.es\/#\/schema\/person\/21ece052d8816103cad91a2676fd0149"},"headline":"CONCURS DE FOTOGRAFIA","datePublished":"2018-09-04T16:38:26+00:00","dateModified":"2018-09-04T18:01:22+00:00","mainEntityOfPage":{"@id":"https:\/\/olivamorosicristians.es\/9007-2\/"},"wordCount":138,"publisher":{"@id":"https:\/\/olivamorosicristians.es\/#organization"},"image":{"@id":"https:\/\/olivamorosicristians.es\/9007-2\/#primaryimage"},"thumbnailUrl":"https:\/\/i0.wp.com\/olivamorosicristians.es\/wp-content\/uploads\/2018\/09\/Camara04.png?fit=1000%2C864&ssl=1","articleSection":["Entreteniment","Fotografia"],"inLanguage":"es"},{"@type":"WebPage","@id":"https:\/\/olivamorosicristians.es\/9007-2\/","url":"https:\/\/olivamorosicristians.es\/9007-2\/","name":"CONCURS DE FOTOGRAFIA - Moros i Cristians Oliva","isPartOf":{"@id":"https:\/\/olivamorosicristians.es\/#website"},"primaryImageOfPage":{"@id":"https:\/\/olivamorosicristians.es\/9007-2\/#primaryimage"},"image":{"@id":"https:\/\/olivamorosicristians.es\/9007-2\/#primaryimage"},"thumbnailUrl":"https:\/\/i0.wp.com\/olivamorosicristians.es\/wp-content\/uploads\/2018\/09\/Camara04.png?fit=1000%2C864&ssl=1","datePublished":"2018-09-04T16:38:26+00:00","dateModified":"2018-09-04T18:01:22+00:00","breadcrumb":{"@id":"https:\/\/olivamorosicristians.es\/9007-2\/#breadcrumb"},"inLanguage":"es","potentialAction":[{"@type":"ReadAction","target":["https:\/\/olivamorosicristians.es\/9007-2\/"]}]},{"@type":"ImageObject","inLanguage":"es","@id":"https:\/\/olivamorosicristians.es\/9007-2\/#primaryimage","url":"https:\/\/i0.wp.com\/olivamorosicristians.es\/wp-content\/uploads\/2018\/09\/Camara04.png?fit=1000%2C864&ssl=1","contentUrl":"https:\/\/i0.wp.com\/olivamorosicristians.es\/wp-content\/uploads\/2018\/09\/Camara04.png?fit=1000%2C864&ssl=1","width":1000,"height":864,"caption":"Concurs de fotografia"},{"@type":"BreadcrumbList","@id":"https:\/\/olivamorosicristians.es\/9007-2\/#breadcrumb","itemListElement":[{"@type":"ListItem","position":1,"name":"Portada","item":"https:\/\/olivamorosicristians.es\/"},{"@type":"ListItem","position":2,"name":"CONCURS DE FOTOGRAFIA"}]},{"@type":"WebSite","@id":"https:\/\/olivamorosicristians.es\/#website","url":"https:\/\/olivamorosicristians.es\/","name":"Moros i Cristians Oliva","description":"FMCO","publisher":{"@id":"https:\/\/olivamorosicristians.es\/#organization"},"potentialAction":[{"@type":"SearchAction","target":{"@type":"EntryPoint","urlTemplate":"https:\/\/olivamorosicristians.es\/?s={search_term_string}"},"query-input":{"@type":"PropertyValueSpecification","valueRequired":true,"valueName":"search_term_string"}}],"inLanguage":"es"},{"@type":"Organization","@id":"https:\/\/olivamorosicristians.es\/#organization","name":"La Federaci\u00f3n de Moros y Cristianos de Oliva","url":"https:\/\/olivamorosicristians.es\/","logo":{"@type":"ImageObject","inLanguage":"es","@id":"https:\/\/olivamorosicristians.es\/#\/schema\/logo\/image\/","url":"https:\/\/i2.wp.com\/olivamorosicristians.es\/wp-content\/uploads\/2018\/06\/Icon_FMiCO.png?fit=50%2C50&ssl=1","contentUrl":"https:\/\/i2.wp.com\/olivamorosicristians.es\/wp-content\/uploads\/2018\/06\/Icon_FMiCO.png?fit=50%2C50&ssl=1","width":50,"height":50,"caption":"Federaci\u00f3 de Moros i Cristians - Oliva"},"image":{"@id":"https:\/\/olivamorosicristians.es\/#\/schema\/logo\/image\/"},"sameAs":["https:\/\/www.facebook.com\/federaciodemorosicristiansdoliva\/","https:\/\/www.instagram.com\/morosicristiansoliva\/?hl=es"]},{"@type":"Person","@id":"https:\/\/olivamorosicristians.es\/#\/schema\/person\/21ece052d8816103cad91a2676fd0149","name":"Webmaster","image":{"@type":"ImageObject","inLanguage":"es","@id":"https:\/\/secure.gravatar.com\/avatar\/18de20f14d74abe0c800b423a8b0e24cae6153cb6baeb2c2df80e1cef2117e0d?s=96&d=mm&r=g","url":"https:\/\/secure.gravatar.com\/avatar\/18de20f14d74abe0c800b423a8b0e24cae6153cb6baeb2c2df80e1cef2117e0d?s=96&d=mm&r=g","contentUrl":"https:\/\/secure.gravatar.com\/avatar\/18de20f14d74abe0c800b423a8b0e24cae6153cb6baeb2c2df80e1cef2117e0d?s=96&d=mm&r=g","caption":"Webmaster"},"sameAs":["https:\/\/www.facebook.com\/federaciodemorosicristiansdoliva","https:\/\/www.instagram.com\/morosicristiansoliva\/"]}]}},"jetpack_publicize_connections":[],"jetpack_featured_media_url":"https:\/\/i0.wp.com\/olivamorosicristians.es\/wp-content\/uploads\/2018\/09\/Camara04.png?fit=1000%2C864&ssl=1","jetpack_sharing_enabled":true,"jetpack_shortlink":"https:\/\/wp.me\/pagEx6-2lh","jetpack-related-posts":[],"_links":{"self":[{"href":"https:\/\/olivamorosicristians.es\/es\/wp-json\/wp\/v2\/posts\/9007","targetHints":{"allow":["GET"]}}],"collection":[{"href":"https:\/\/olivamorosicristians.es\/es\/wp-json\/wp\/v2\/posts"}],"about":[{"href":"https:\/\/olivamorosicristians.es\/es\/wp-json\/wp\/v2\/types\/post"}],"author":[{"embeddable":true,"href":"https:\/\/olivamorosicristians.es\/es\/wp-json\/wp\/v2\/users\/1"}],"replies":[{"embeddable":true,"href":"https:\/\/olivamorosicristians.es\/es\/wp-json\/wp\/v2\/comments?post=9007"}],"version-history":[{"count":4,"href":"https:\/\/olivamorosicristians.es\/es\/wp-json\/wp\/v2\/posts\/9007\/revisions"}],"predecessor-version":[{"id":9015,"href":"https:\/\/olivamorosicristians.es\/es\/wp-json\/wp\/v2\/posts\/9007\/revisions\/9015"}],"wp:featuredmedia":[{"embeddable":true,"href":"https:\/\/olivamorosicristians.es\/es\/wp-json\/wp\/v2\/media\/9023"}],"wp:attachment":[{"href":"https:\/\/olivamorosicristians.es\/es\/wp-json\/wp\/v2\/media?parent=9007"}],"wp:term":[{"taxonomy":"category","embeddable":true,"href":"https:\/\/olivamorosicristians.es\/es\/wp-json\/wp\/v2\/categories?post=9007"},{"taxonomy":"post_tag","embeddable":true,"href":"https:\/\/olivamorosicristians.es\/es\/wp-json\/wp\/v2\/tags?post=9007"}],"curies":[{"name":"wp","href":"https:\/\/api.w.org\/{rel}","templated":true}]}}