{"id":8947,"date":"2018-07-17T16:39:52","date_gmt":"2018-07-17T16:39:52","guid":{"rendered":"http:\/\/olivamorosicristians.es\/?p=8947"},"modified":"2018-07-18T17:14:36","modified_gmt":"2018-07-18T17:14:36","slug":"xi-concurso-de-fotografia-fiestas-de-moros-y-cristianos-de-oliva","status":"publish","type":"post","link":"https:\/\/olivamorosicristians.es\/es\/xi-concurso-de-fotografia-fiestas-de-moros-y-cristianos-de-oliva\/","title":{"rendered":"XI CONCURS DE FOTOGRAFIA FESTES DE MOROS I CRISTIANS D\u2019OLIVA"},"content":{"rendered":"<p><a href=\"http:\/\/olivamorosicristians.es\/wp-content\/uploads\/2018\/07\/DI\u0301PTIC-VAL.pdf\" target=\"_blank\" rel=\"noopener\">Desc\u00e0rrega a\u00e7\u00ed les bases del concurs<\/a><\/p>\n<p><a href=\"http:\/\/olivamorosicristians.es\/wp-content\/uploads\/2018\/07\/DI\u0301PTIC-CAST.pdf\" target=\"_blank\" rel=\"noopener\">Descarga aqu\u00ed las bases del concurso<\/a><\/p>","protected":false},"excerpt":{"rendered":"<p>Desc\u00e0rrega a\u00e7\u00ed les bases del concurs Descarga aqu\u00ed las bases del concurso<\/p>","protected":false},"author":1,"featured_media":8976,"comment_status":"closed","ping_status":"open","sticky":false,"template":"","format":"link","meta":{"jetpack_post_was_ever_published":false,"_jetpack_newsletter_access":"","_jetpack_dont_email_post_to_subs":false,"_jetpack_newsletter_tier_id":0,"_jetpack_memberships_contains_paywalled_content":false,"_jetpack_memberships_contains_paid_content":false,"footnotes":"","jetpack_publicize_message":"","jetpack_publicize_feature_enabled":true,"jetpack_social_post_already_shared":false,"jetpack_social_options":{"image_generator_settings":{"template":"highway","default_image_id":0,"font":"","enabled":false},"version":2}},"categories":[2,140],"tags":[141],"class_list":["post-8947","post","type-post","status-publish","format-link","has-post-thumbnail","hentry","category-federacio","category-fotografia","tag-concursos","post_format-post-format-link"],"yoast_head":"<!-- This site is optimized with the Yoast SEO plugin v27.5 - https:\/\/yoast.com\/product\/yoast-seo-wordpress\/ -->\n<title>XI CONCURS DE FOTOGRAFIA FESTES DE MOROS I CRISTIANS D\u2019OLIVA - Moros i Cristians Oliva<\/title>\n<meta name=\"robots\" content=\"index, follow, max-snippet:-1, max-image-preview:large, max-video-preview:-1\" \/>\n<link rel=\"canonical\" href=\"https:\/\/olivamorosicristians.es\/es\/xi-concurso-de-fotografia-fiestas-de-moros-y-cristianos-de-oliva\/\" \/>\n<meta property=\"og:locale\" content=\"es_ES\" \/>\n<meta property=\"og:type\" content=\"article\" \/>\n<meta property=\"og:title\" content=\"XI CONCURS DE FOTOGRAFIA FESTES DE MOROS I CRISTIANS D\u2019OLIVA - Moros i Cristians Oliva\" \/>\n<meta property=\"og:description\" content=\"Desc\u00e0rrega a\u00e7\u00ed les bases del concurs Descarga aqu\u00ed las bases del concurso\" \/>\n<meta property=\"og:url\" content=\"https:\/\/olivamorosicristians.es\/es\/xi-concurso-de-fotografia-fiestas-de-moros-y-cristianos-de-oliva\/\" \/>\n<meta property=\"og:site_name\" content=\"Moros i Cristians Oliva\" \/>\n<meta property=\"article:publisher\" content=\"https:\/\/www.facebook.com\/federaciodemorosicristiansdoliva\/\" \/>\n<meta property=\"article:author\" content=\"https:\/\/www.facebook.com\/federaciodemorosicristiansdoliva\" \/>\n<meta property=\"article:published_time\" content=\"2018-07-17T16:39:52+00:00\" \/>\n<meta property=\"article:modified_time\" content=\"2018-07-18T17:14:36+00:00\" \/>\n<meta property=\"og:image\" content=\"https:\/\/i2.wp.com\/olivamorosicristians.es\/wp-content\/uploads\/2018\/07\/PortadaConcurs_01.jpg?fit=1087%2C712&ssl=1\" \/>\n\t<meta property=\"og:image:width\" content=\"1087\" \/>\n\t<meta property=\"og:image:height\" content=\"712\" \/>\n\t<meta property=\"og:image:type\" content=\"image\/jpeg\" \/>\n<meta name=\"author\" content=\"Webmaster\" \/>\n<meta name=\"twitter:card\" content=\"summary_large_image\" \/>\n<meta name=\"twitter:label1\" content=\"Escrito por\" \/>\n\t<meta name=\"twitter:data1\" content=\"Webmaster\" \/>\n<script type=\"application\/ld+json\" class=\"yoast-schema-graph\">{\"@context\":\"https:\\\/\\\/schema.org\",\"@graph\":[{\"@type\":\"Article\",\"@id\":\"https:\\\/\\\/olivamorosicristians.es\\\/xi-concurso-de-fotografia-fiestas-de-moros-y-cristianos-de-oliva\\\/#article\",\"isPartOf\":{\"@id\":\"https:\\\/\\\/olivamorosicristians.es\\\/xi-concurso-de-fotografia-fiestas-de-moros-y-cristianos-de-oliva\\\/\"},\"author\":{\"name\":\"Webmaster\",\"@id\":\"https:\\\/\\\/olivamorosicristians.es\\\/#\\\/schema\\\/person\\\/21ece052d8816103cad91a2676fd0149\"},\"headline\":\"XI CONCURS DE FOTOGRAFIA FESTES DE MOROS I CRISTIANS D\u2019OLIVA\",\"datePublished\":\"2018-07-17T16:39:52+00:00\",\"dateModified\":\"2018-07-18T17:14:36+00:00\",\"mainEntityOfPage\":{\"@id\":\"https:\\\/\\\/olivamorosicristians.es\\\/xi-concurso-de-fotografia-fiestas-de-moros-y-cristianos-de-oliva\\\/\"},\"wordCount\":24,\"publisher\":{\"@id\":\"https:\\\/\\\/olivamorosicristians.es\\\/#organization\"},\"image\":{\"@id\":\"https:\\\/\\\/olivamorosicristians.es\\\/xi-concurso-de-fotografia-fiestas-de-moros-y-cristianos-de-oliva\\\/#primaryimage\"},\"thumbnailUrl\":\"https:\\\/\\\/i0.wp.com\\\/olivamorosicristians.es\\\/wp-content\\\/uploads\\\/2018\\\/07\\\/PortadaConcurs_01.jpg?fit=1087%2C712&ssl=1\",\"keywords\":[\"Concursos\"],\"articleSection\":[\"Federaci\u00f3\",\"Fotografia\"],\"inLanguage\":\"es\"},{\"@type\":\"WebPage\",\"@id\":\"https:\\\/\\\/olivamorosicristians.es\\\/xi-concurso-de-fotografia-fiestas-de-moros-y-cristianos-de-oliva\\\/\",\"url\":\"https:\\\/\\\/olivamorosicristians.es\\\/xi-concurso-de-fotografia-fiestas-de-moros-y-cristianos-de-oliva\\\/\",\"name\":\"XI CONCURS DE FOTOGRAFIA FESTES DE MOROS I CRISTIANS D\u2019OLIVA - Moros i Cristians Oliva\",\"isPartOf\":{\"@id\":\"https:\\\/\\\/olivamorosicristians.es\\\/#website\"},\"primaryImageOfPage\":{\"@id\":\"https:\\\/\\\/olivamorosicristians.es\\\/xi-concurso-de-fotografia-fiestas-de-moros-y-cristianos-de-oliva\\\/#primaryimage\"},\"image\":{\"@id\":\"https:\\\/\\\/olivamorosicristians.es\\\/xi-concurso-de-fotografia-fiestas-de-moros-y-cristianos-de-oliva\\\/#primaryimage\"},\"thumbnailUrl\":\"https:\\\/\\\/i0.wp.com\\\/olivamorosicristians.es\\\/wp-content\\\/uploads\\\/2018\\\/07\\\/PortadaConcurs_01.jpg?fit=1087%2C712&ssl=1\",\"datePublished\":\"2018-07-17T16:39:52+00:00\",\"dateModified\":\"2018-07-18T17:14:36+00:00\",\"breadcrumb\":{\"@id\":\"https:\\\/\\\/olivamorosicristians.es\\\/xi-concurso-de-fotografia-fiestas-de-moros-y-cristianos-de-oliva\\\/#breadcrumb\"},\"inLanguage\":\"es\",\"potentialAction\":[{\"@type\":\"ReadAction\",\"target\":[\"https:\\\/\\\/olivamorosicristians.es\\\/xi-concurso-de-fotografia-fiestas-de-moros-y-cristianos-de-oliva\\\/\"]}]},{\"@type\":\"ImageObject\",\"inLanguage\":\"es\",\"@id\":\"https:\\\/\\\/olivamorosicristians.es\\\/xi-concurso-de-fotografia-fiestas-de-moros-y-cristianos-de-oliva\\\/#primaryimage\",\"url\":\"https:\\\/\\\/i0.wp.com\\\/olivamorosicristians.es\\\/wp-content\\\/uploads\\\/2018\\\/07\\\/PortadaConcurs_01.jpg?fit=1087%2C712&ssl=1\",\"contentUrl\":\"https:\\\/\\\/i0.wp.com\\\/olivamorosicristians.es\\\/wp-content\\\/uploads\\\/2018\\\/07\\\/PortadaConcurs_01.jpg?fit=1087%2C712&ssl=1\",\"width\":1087,\"height\":712},{\"@type\":\"BreadcrumbList\",\"@id\":\"https:\\\/\\\/olivamorosicristians.es\\\/xi-concurso-de-fotografia-fiestas-de-moros-y-cristianos-de-oliva\\\/#breadcrumb\",\"itemListElement\":[{\"@type\":\"ListItem\",\"position\":1,\"name\":\"Portada\",\"item\":\"https:\\\/\\\/olivamorosicristians.es\\\/\"},{\"@type\":\"ListItem\",\"position\":2,\"name\":\"XI CONCURS DE FOTOGRAFIA FESTES DE MOROS I CRISTIANS D\u2019OLIVA\"}]},{\"@type\":\"WebSite\",\"@id\":\"https:\\\/\\\/olivamorosicristians.es\\\/#website\",\"url\":\"https:\\\/\\\/olivamorosicristians.es\\\/\",\"name\":\"Moros i Cristians Oliva\",\"description\":\"FMCO\",\"publisher\":{\"@id\":\"https:\\\/\\\/olivamorosicristians.es\\\/#organization\"},\"potentialAction\":[{\"@type\":\"SearchAction\",\"target\":{\"@type\":\"EntryPoint\",\"urlTemplate\":\"https:\\\/\\\/olivamorosicristians.es\\\/?s={search_term_string}\"},\"query-input\":{\"@type\":\"PropertyValueSpecification\",\"valueRequired\":true,\"valueName\":\"search_term_string\"}}],\"inLanguage\":\"es\"},{\"@type\":\"Organization\",\"@id\":\"https:\\\/\\\/olivamorosicristians.es\\\/#organization\",\"name\":\"Federaci\u00f3 de Moros i Cristians - Oliva\",\"url\":\"https:\\\/\\\/olivamorosicristians.es\\\/\",\"logo\":{\"@type\":\"ImageObject\",\"inLanguage\":\"es\",\"@id\":\"https:\\\/\\\/olivamorosicristians.es\\\/#\\\/schema\\\/logo\\\/image\\\/\",\"url\":\"https:\\\/\\\/i2.wp.com\\\/olivamorosicristians.es\\\/wp-content\\\/uploads\\\/2018\\\/06\\\/Icon_FMiCO.png?fit=50%2C50&ssl=1\",\"contentUrl\":\"https:\\\/\\\/i2.wp.com\\\/olivamorosicristians.es\\\/wp-content\\\/uploads\\\/2018\\\/06\\\/Icon_FMiCO.png?fit=50%2C50&ssl=1\",\"width\":50,\"height\":50,\"caption\":\"Federaci\u00f3 de Moros i Cristians - Oliva\"},\"image\":{\"@id\":\"https:\\\/\\\/olivamorosicristians.es\\\/#\\\/schema\\\/logo\\\/image\\\/\"},\"sameAs\":[\"https:\\\/\\\/www.facebook.com\\\/federaciodemorosicristiansdoliva\\\/\",\"https:\\\/\\\/www.instagram.com\\\/morosicristiansoliva\\\/?hl=es\"]},{\"@type\":\"Person\",\"@id\":\"https:\\\/\\\/olivamorosicristians.es\\\/#\\\/schema\\\/person\\\/21ece052d8816103cad91a2676fd0149\",\"name\":\"Webmaster\",\"image\":{\"@type\":\"ImageObject\",\"inLanguage\":\"es\",\"@id\":\"https:\\\/\\\/secure.gravatar.com\\\/avatar\\\/18de20f14d74abe0c800b423a8b0e24cae6153cb6baeb2c2df80e1cef2117e0d?s=96&d=mm&r=g\",\"url\":\"https:\\\/\\\/secure.gravatar.com\\\/avatar\\\/18de20f14d74abe0c800b423a8b0e24cae6153cb6baeb2c2df80e1cef2117e0d?s=96&d=mm&r=g\",\"contentUrl\":\"https:\\\/\\\/secure.gravatar.com\\\/avatar\\\/18de20f14d74abe0c800b423a8b0e24cae6153cb6baeb2c2df80e1cef2117e0d?s=96&d=mm&r=g\",\"caption\":\"Webmaster\"},\"sameAs\":[\"https:\\\/\\\/www.facebook.com\\\/federaciodemorosicristiansdoliva\",\"https:\\\/\\\/www.instagram.com\\\/morosicristiansoliva\\\/\"]}]}<\/script>\n<!-- \/ Yoast SEO plugin. -->","yoast_head_json":{"title":"XI CONCURS DE FOTOGRAFIA FESTES DE MOROS I CRISTIANS D\u2019OLIVA - Moros i Cristians Oliva","robots":{"index":"index","follow":"follow","max-snippet":"max-snippet:-1","max-image-preview":"max-image-preview:large","max-video-preview":"max-video-preview:-1"},"canonical":"https:\/\/olivamorosicristians.es\/es\/xi-concurso-de-fotografia-fiestas-de-moros-y-cristianos-de-oliva\/","og_locale":"es_ES","og_type":"article","og_title":"XI CONCURS DE FOTOGRAFIA FESTES DE MOROS I CRISTIANS D\u2019OLIVA - Moros i Cristians Oliva","og_description":"Desc\u00e0rrega a\u00e7\u00ed les bases del concurs Descarga aqu\u00ed las bases del concurso","og_url":"https:\/\/olivamorosicristians.es\/es\/xi-concurso-de-fotografia-fiestas-de-moros-y-cristianos-de-oliva\/","og_site_name":"Moros i Cristians Oliva","article_publisher":"https:\/\/www.facebook.com\/federaciodemorosicristiansdoliva\/","article_author":"https:\/\/www.facebook.com\/federaciodemorosicristiansdoliva","article_published_time":"2018-07-17T16:39:52+00:00","article_modified_time":"2018-07-18T17:14:36+00:00","og_image":[{"width":1087,"height":712,"url":"https:\/\/i2.wp.com\/olivamorosicristians.es\/wp-content\/uploads\/2018\/07\/PortadaConcurs_01.jpg?fit=1087%2C712&ssl=1","type":"image\/jpeg"}],"author":"Webmaster","twitter_card":"summary_large_image","twitter_misc":{"Escrito por":"Webmaster"},"schema":{"@context":"https:\/\/schema.org","@graph":[{"@type":"Article","@id":"https:\/\/olivamorosicristians.es\/xi-concurso-de-fotografia-fiestas-de-moros-y-cristianos-de-oliva\/#article","isPartOf":{"@id":"https:\/\/olivamorosicristians.es\/xi-concurso-de-fotografia-fiestas-de-moros-y-cristianos-de-oliva\/"},"author":{"name":"Webmaster","@id":"https:\/\/olivamorosicristians.es\/#\/schema\/person\/21ece052d8816103cad91a2676fd0149"},"headline":"XI CONCURS DE FOTOGRAFIA FESTES DE MOROS I CRISTIANS D\u2019OLIVA","datePublished":"2018-07-17T16:39:52+00:00","dateModified":"2018-07-18T17:14:36+00:00","mainEntityOfPage":{"@id":"https:\/\/olivamorosicristians.es\/xi-concurso-de-fotografia-fiestas-de-moros-y-cristianos-de-oliva\/"},"wordCount":24,"publisher":{"@id":"https:\/\/olivamorosicristians.es\/#organization"},"image":{"@id":"https:\/\/olivamorosicristians.es\/xi-concurso-de-fotografia-fiestas-de-moros-y-cristianos-de-oliva\/#primaryimage"},"thumbnailUrl":"https:\/\/i0.wp.com\/olivamorosicristians.es\/wp-content\/uploads\/2018\/07\/PortadaConcurs_01.jpg?fit=1087%2C712&ssl=1","keywords":["Concursos"],"articleSection":["Federaci\u00f3","Fotografia"],"inLanguage":"es"},{"@type":"WebPage","@id":"https:\/\/olivamorosicristians.es\/xi-concurso-de-fotografia-fiestas-de-moros-y-cristianos-de-oliva\/","url":"https:\/\/olivamorosicristians.es\/xi-concurso-de-fotografia-fiestas-de-moros-y-cristianos-de-oliva\/","name":"XI CONCURS DE FOTOGRAFIA FESTES DE MOROS I CRISTIANS D\u2019OLIVA - Moros i Cristians Oliva","isPartOf":{"@id":"https:\/\/olivamorosicristians.es\/#website"},"primaryImageOfPage":{"@id":"https:\/\/olivamorosicristians.es\/xi-concurso-de-fotografia-fiestas-de-moros-y-cristianos-de-oliva\/#primaryimage"},"image":{"@id":"https:\/\/olivamorosicristians.es\/xi-concurso-de-fotografia-fiestas-de-moros-y-cristianos-de-oliva\/#primaryimage"},"thumbnailUrl":"https:\/\/i0.wp.com\/olivamorosicristians.es\/wp-content\/uploads\/2018\/07\/PortadaConcurs_01.jpg?fit=1087%2C712&ssl=1","datePublished":"2018-07-17T16:39:52+00:00","dateModified":"2018-07-18T17:14:36+00:00","breadcrumb":{"@id":"https:\/\/olivamorosicristians.es\/xi-concurso-de-fotografia-fiestas-de-moros-y-cristianos-de-oliva\/#breadcrumb"},"inLanguage":"es","potentialAction":[{"@type":"ReadAction","target":["https:\/\/olivamorosicristians.es\/xi-concurso-de-fotografia-fiestas-de-moros-y-cristianos-de-oliva\/"]}]},{"@type":"ImageObject","inLanguage":"es","@id":"https:\/\/olivamorosicristians.es\/xi-concurso-de-fotografia-fiestas-de-moros-y-cristianos-de-oliva\/#primaryimage","url":"https:\/\/i0.wp.com\/olivamorosicristians.es\/wp-content\/uploads\/2018\/07\/PortadaConcurs_01.jpg?fit=1087%2C712&ssl=1","contentUrl":"https:\/\/i0.wp.com\/olivamorosicristians.es\/wp-content\/uploads\/2018\/07\/PortadaConcurs_01.jpg?fit=1087%2C712&ssl=1","width":1087,"height":712},{"@type":"BreadcrumbList","@id":"https:\/\/olivamorosicristians.es\/xi-concurso-de-fotografia-fiestas-de-moros-y-cristianos-de-oliva\/#breadcrumb","itemListElement":[{"@type":"ListItem","position":1,"name":"Portada","item":"https:\/\/olivamorosicristians.es\/"},{"@type":"ListItem","position":2,"name":"XI CONCURS DE FOTOGRAFIA FESTES DE MOROS I CRISTIANS D\u2019OLIVA"}]},{"@type":"WebSite","@id":"https:\/\/olivamorosicristians.es\/#website","url":"https:\/\/olivamorosicristians.es\/","name":"Moros i Cristians Oliva","description":"FMCO","publisher":{"@id":"https:\/\/olivamorosicristians.es\/#organization"},"potentialAction":[{"@type":"SearchAction","target":{"@type":"EntryPoint","urlTemplate":"https:\/\/olivamorosicristians.es\/?s={search_term_string}"},"query-input":{"@type":"PropertyValueSpecification","valueRequired":true,"valueName":"search_term_string"}}],"inLanguage":"es"},{"@type":"Organization","@id":"https:\/\/olivamorosicristians.es\/#organization","name":"La Federaci\u00f3n de Moros y Cristianos de Oliva","url":"https:\/\/olivamorosicristians.es\/","logo":{"@type":"ImageObject","inLanguage":"es","@id":"https:\/\/olivamorosicristians.es\/#\/schema\/logo\/image\/","url":"https:\/\/i2.wp.com\/olivamorosicristians.es\/wp-content\/uploads\/2018\/06\/Icon_FMiCO.png?fit=50%2C50&ssl=1","contentUrl":"https:\/\/i2.wp.com\/olivamorosicristians.es\/wp-content\/uploads\/2018\/06\/Icon_FMiCO.png?fit=50%2C50&ssl=1","width":50,"height":50,"caption":"Federaci\u00f3 de Moros i Cristians - Oliva"},"image":{"@id":"https:\/\/olivamorosicristians.es\/#\/schema\/logo\/image\/"},"sameAs":["https:\/\/www.facebook.com\/federaciodemorosicristiansdoliva\/","https:\/\/www.instagram.com\/morosicristiansoliva\/?hl=es"]},{"@type":"Person","@id":"https:\/\/olivamorosicristians.es\/#\/schema\/person\/21ece052d8816103cad91a2676fd0149","name":"Webmaster","image":{"@type":"ImageObject","inLanguage":"es","@id":"https:\/\/secure.gravatar.com\/avatar\/18de20f14d74abe0c800b423a8b0e24cae6153cb6baeb2c2df80e1cef2117e0d?s=96&d=mm&r=g","url":"https:\/\/secure.gravatar.com\/avatar\/18de20f14d74abe0c800b423a8b0e24cae6153cb6baeb2c2df80e1cef2117e0d?s=96&d=mm&r=g","contentUrl":"https:\/\/secure.gravatar.com\/avatar\/18de20f14d74abe0c800b423a8b0e24cae6153cb6baeb2c2df80e1cef2117e0d?s=96&d=mm&r=g","caption":"Webmaster"},"sameAs":["https:\/\/www.facebook.com\/federaciodemorosicristiansdoliva","https:\/\/www.instagram.com\/morosicristiansoliva\/"]}]}},"jetpack_publicize_connections":[],"jetpack_featured_media_url":"https:\/\/i0.wp.com\/olivamorosicristians.es\/wp-content\/uploads\/2018\/07\/PortadaConcurs_01.jpg?fit=1087%2C712&ssl=1","jetpack_sharing_enabled":true,"jetpack_shortlink":"https:\/\/wp.me\/pagEx6-2kj","jetpack-related-posts":[],"_links":{"self":[{"href":"https:\/\/olivamorosicristians.es\/es\/wp-json\/wp\/v2\/posts\/8947","targetHints":{"allow":["GET"]}}],"collection":[{"href":"https:\/\/olivamorosicristians.es\/es\/wp-json\/wp\/v2\/posts"}],"about":[{"href":"https:\/\/olivamorosicristians.es\/es\/wp-json\/wp\/v2\/types\/post"}],"author":[{"embeddable":true,"href":"https:\/\/olivamorosicristians.es\/es\/wp-json\/wp\/v2\/users\/1"}],"replies":[{"embeddable":true,"href":"https:\/\/olivamorosicristians.es\/es\/wp-json\/wp\/v2\/comments?post=8947"}],"version-history":[{"count":7,"href":"https:\/\/olivamorosicristians.es\/es\/wp-json\/wp\/v2\/posts\/8947\/revisions"}],"predecessor-version":[{"id":8977,"href":"https:\/\/olivamorosicristians.es\/es\/wp-json\/wp\/v2\/posts\/8947\/revisions\/8977"}],"wp:featuredmedia":[{"embeddable":true,"href":"https:\/\/olivamorosicristians.es\/es\/wp-json\/wp\/v2\/media\/8976"}],"wp:attachment":[{"href":"https:\/\/olivamorosicristians.es\/es\/wp-json\/wp\/v2\/media?parent=8947"}],"wp:term":[{"taxonomy":"category","embeddable":true,"href":"https:\/\/olivamorosicristians.es\/es\/wp-json\/wp\/v2\/categories?post=8947"},{"taxonomy":"post_tag","embeddable":true,"href":"https:\/\/olivamorosicristians.es\/es\/wp-json\/wp\/v2\/tags?post=8947"}],"curies":[{"name":"wp","href":"https:\/\/api.w.org\/{rel}","templated":true}]}}