{"id":8820,"date":"2018-07-12T16:17:19","date_gmt":"2018-07-12T16:17:19","guid":{"rendered":"http:\/\/olivamorosicristians.es\/?p=8820"},"modified":"2018-07-12T17:32:22","modified_gmt":"2018-07-12T17:32:22","slug":"8820-2","status":"publish","type":"post","link":"https:\/\/olivamorosicristians.es\/es\/8820-2\/","title":{"rendered":"Presentaci\u00f3 dels c\u00e0rrecs de les Festes dels Moros i Cristians d\u2019Oliva de 2018."},"content":{"rendered":"<p align=\"JUSTIFY\"><span style=\"font-family: Calibri, sans-serif;\"><span style=\"font-size: medium;\">La Federaci\u00f3 de Moros i Cristians d\u2019Oliva, en col\u00b7laboraci\u00f3 amb la regidoria de Festes, anuncia que dissabte, 14 de juliol, es celebrar\u00e0 la presentaci\u00f3 dels c\u00e0rrecs de les Festes dels Moros i Cristians d\u2019Oliva de 2018 a l\u2019esplanada del castell. <\/span><\/span><\/p>\n<p align=\"JUSTIFY\"><span style=\"font-family: Calibri, sans-serif;\"><span style=\"font-size: medium;\">Diumenge 15 de juliol, al mateix lloc, es celebrar\u00e0 el tradicional Concert-Festival de M\u00fasica festera a c\u00e0rrec de l\u2019AAMO i la Colla de Tabaleters i Dol\u00e7ainers Sarabanda d\u2019Oliva.<\/span><\/span><\/p>\n<p align=\"JUSTIFY\"><span style=\"font-family: Calibri, sans-serif;\"><span style=\"font-size: medium;\">L\u2019acte de presentaci\u00f3 de c\u00e0rrecs comen\u00e7ar\u00e0 a les 22.00 h a l\u2019esplanada del Castell (parc de l\u2019Estaci\u00f3), despr\u00e9s del cercavila que comen\u00e7ar\u00e0 a les 19:30h des de la Pla\u00e7a de l\u2019Ajuntament, per anar a arreplegar els capitans i ambaixadors de 2018 corresponents a la Filada Jaume I pel b\u00e0ndol Cristi\u00e0 i a la Fil\u00e0 Marr\u00e0queix pel b\u00e0ndol Moro. Aquest \u00e9s el primer acte en el que els protagonistes ja vestiran indument\u00e0ria festera.<\/span><\/span><\/p>\n<p align=\"JUSTIFY\"><span style=\"font-family: Calibri, sans-serif;\"><span style=\"font-size: medium;\">A les 19:30h es concentraran presidents de totes els filades, Junta de la Federaci\u00f3 de Moros i Cristians, abanderat de la Federaci\u00f3 i escorta dels c\u00e0rrecs festers de 2018 en la pla\u00e7a de l\u2019Ajuntament d\u2019Oliva per iniciar el cercavila pels carrers de la ciutat per arreplegar als c\u00e0rrecs festers de 2018, encap\u00e7alada per Vicent Benito Ramos, l\u2019abanderat de la Federaci\u00f3 de Moros i Cristians d\u2019Oliva per a 2018.<\/span><\/span><\/p>\n<p align=\"JUSTIFY\"><span style=\"font-family: Calibri, sans-serif;\"><span style=\"font-size: medium;\">La primera parada ser\u00e0 en la cabila dels Jaume I, al carrer Ernest Lluch, on es far\u00e0 l\u2019arreplegada a la Capitana Cristiana Leandra Mena Mateu i l\u2019Ambaixadora Maria Serrano Aguilar, a les quals, l\u2019escorta de la Fil\u00e0 Jaume I, rebr\u00e0 amb tots els honors amb la recepci\u00f3 oficial per parts dels membres de la Federaci\u00f3 i presidents i presidentes de les Filades. All\u00ed s\u2019oferir\u00e0 un piscolabis i s\u2019interpretaran marxes cristianes per part de l\u2019AAMO.<\/span><\/span><\/p>\n<p align=\"JUSTIFY\"><span style=\"font-family: Calibri, sans-serif;\"><span style=\"font-size: medium;\">Tot seguit la comitiva es despla\u00e7ar\u00e0 fins al carrer Governador, on es recollir\u00e0 al capit\u00e0 moro de 2018, Vicent Tercero Gea i al seu ambaixador Vicent Roig Tomas, escortats pels guerrers i guerreres de la seua Filada, la Fil\u00e0 Marr\u00e0queix. All\u00ed l\u2019AAMO interpretar\u00e0 marxes mores.<\/span><\/span><\/p>\n<p align=\"JUSTIFY\"><span style=\"font-family: Calibri, sans-serif;\"><span style=\"font-size: medium;\">Despr\u00e9s, s\u2019anir\u00e0 a l\u2019esplanada del Castell (Parc de l\u2019Estaci\u00f3), per comen\u00e7ar, a les 22h, l\u2019acte de presentaci\u00f3 de c\u00e0rrecs.<\/span><\/span><\/p>\n<p align=\"JUSTIFY\"><span style=\"font-family: Calibri, sans-serif;\"><span style=\"font-size: medium;\">A l\u2019hora indicada les presentadores Maria Jos\u00e9 Mateu Bolo (Fil\u00e0 Jaume I) i Mireia Roig Tercero (Fil\u00e0 Marr\u00e0queix) donaran pas a l\u2019abanderat de la Federaci\u00f3, Vicent Benito Ramos, i al president, Sergio Ba\u00f1uls Sempere, els quals presidiran l\u2019acte.<\/span><\/span><\/p>\n<p align=\"JUSTIFY\"><span style=\"font-family: Calibri, sans-serif;\"><span style=\"font-size: medium;\">All\u00ed rebran als c\u00e0rrecs festers de 2018 que, escortats pels seus guerrers, pujaran a l\u2019escenari entre aplaudiments dels assistents. B\u00e0ndol Cristi\u00e0, Fil\u00e0 Jaume I: Capitana: Leandra Mena Mateu, Ambaixadora: Maria Serrano Aguilar. B\u00e0ndol Moro, Fil\u00e0 Marr\u00e0queix: Capit\u00e0: Vicent Tercero Gea, Ambaixador: Vicent Roig Tomas.<\/span><\/span><\/p>\n<p align=\"JUSTIFY\"><span style=\"font-family: Calibri, sans-serif;\"><span style=\"font-size: medium;\">Tot seguit es donar\u00e0 pas als presidents, presidentes i abanderats i abanderades de les 12 filades que conformen la Festa de Moros i Cristians d\u2019Oliva els quals saludaran als c\u00e0rrecs i esperaran dalt l\u2019escenari les paraules del sr. Alcalde d\u2019Oliva, David Gonz\u00e1lez Mart\u00ednez i del President de la Federaci\u00f3, Sergio Ba\u00f1uls Sempere, que convidaran a la ciutadania a participar de les festes m\u00e9s multitudin\u00e0ries de la nostra localitat.<\/span><\/span><\/p>\n<p align=\"JUSTIFY\"><span style=\"font-family: Calibri, sans-serif;\"><span style=\"font-size: medium;\">La nit continuar\u00e0 amb un sopar i revetlla amenitzada per la xaranga Aureba al p\u00e0rquing del Poliesportiu que s\u2019allargar\u00e0 fins a les 4 de la matinada.<\/span><\/span><\/p>\n<p align=\"JUSTIFY\"><span style=\"font-family: Calibri, sans-serif;\"><span style=\"font-size: medium;\">A l\u2019endem\u00e0, a l\u2019esplanada del castell (Parc de l\u2019Estaci\u00f3), l\u2019Associaci\u00f3 Art\u00edstic Musical d\u2019Oliva junt amb la Colla de Dol\u00e7ainers i Tabaleters Sarabanda d\u2019Oliva oferiran el tradicional Concert-Festival de M\u00fasica festera on interpretaran marxes mores, cristianes i pasdobles, col\u00b7locant la m\u00fasica com a element capital de les Festes de Moros i Cristians. <\/span><\/span><\/p>\n<p align=\"JUSTIFY\"><span style=\"font-family: Calibri, sans-serif;\"><span style=\"font-size: medium;\">La Federaci\u00f3 de Moros i Cristians d\u2019Oliva vol agrair a aquestes dos entitats musicals la seua vinculaci\u00f3 i col\u00b7laboraci\u00f3 amb la Festa de Moros i Cristians d\u2019Oliva, participant activament en tots els actes festers, aix\u00ed com la seua implicaci\u00f3 en la gravaci\u00f3 del CD \u201cAnem de Festa II\u201d el passat m\u00e9s de juny, el resultat de la qual ja pot adquirir-se per tan sols 10\u20ac.<\/span><\/span><\/p>","protected":false},"excerpt":{"rendered":"<p>La Federaci\u00f3 de Moros i Cristians d\u2019Oliva, en col\u00b7laboraci\u00f3 amb la regidoria de Festes, anuncia que dissabte, 14 de juliol, es celebrar\u00e0 la presentaci\u00f3 dels c\u00e0rrecs de les Festes dels Moros i Cristians d\u2019Oliva de 2018 a l\u2019esplanada del castell. Diumenge 15 de juliol, al mateix lloc, es celebrar\u00e0 el tradicional Concert-Festival de M\u00fasica festera [&hellip;]<\/p>\n","protected":false},"author":1,"featured_media":8829,"comment_status":"closed","ping_status":"open","sticky":false,"template":"","format":"standard","meta":{"jetpack_post_was_ever_published":false,"_jetpack_newsletter_access":"","_jetpack_dont_email_post_to_subs":false,"_jetpack_newsletter_tier_id":0,"_jetpack_memberships_contains_paywalled_content":false,"_jetpack_memberships_contains_paid_content":false,"footnotes":"","jetpack_publicize_message":"","jetpack_publicize_feature_enabled":true,"jetpack_social_post_already_shared":false,"jetpack_social_options":{"image_generator_settings":{"template":"highway","default_image_id":0,"font":"","enabled":false},"version":2}},"categories":[2],"tags":[137],"class_list":["post-8820","post","type-post","status-publish","format-standard","has-post-thumbnail","hentry","category-federacio","tag-actes"],"yoast_head":"<!-- This site is optimized with the Yoast SEO plugin v27.5 - https:\/\/yoast.com\/product\/yoast-seo-wordpress\/ -->\n<title>Presentaci\u00f3 dels c\u00e0rrecs de les Festes dels Moros i Cristians d\u2019Oliva de 2018. - Moros i Cristians Oliva<\/title>\n<meta name=\"robots\" content=\"index, follow, max-snippet:-1, max-image-preview:large, max-video-preview:-1\" \/>\n<link rel=\"canonical\" href=\"https:\/\/olivamorosicristians.es\/es\/8820-2\/\" \/>\n<meta property=\"og:locale\" content=\"es_ES\" \/>\n<meta property=\"og:type\" content=\"article\" \/>\n<meta property=\"og:title\" content=\"Presentaci\u00f3 dels c\u00e0rrecs de les Festes dels Moros i Cristians d\u2019Oliva de 2018. - Moros i Cristians Oliva\" \/>\n<meta property=\"og:description\" content=\"La Federaci\u00f3 de Moros i Cristians d\u2019Oliva, en col\u00b7laboraci\u00f3 amb la regidoria de Festes, anuncia que dissabte, 14 de juliol, es celebrar\u00e0 la presentaci\u00f3 dels c\u00e0rrecs de les Festes dels Moros i Cristians d\u2019Oliva de 2018 a l\u2019esplanada del castell. Diumenge 15 de juliol, al mateix lloc, es celebrar\u00e0 el tradicional Concert-Festival de M\u00fasica festera [&hellip;]\" \/>\n<meta property=\"og:url\" content=\"https:\/\/olivamorosicristians.es\/es\/8820-2\/\" \/>\n<meta property=\"og:site_name\" content=\"Moros i Cristians Oliva\" \/>\n<meta property=\"article:publisher\" content=\"https:\/\/www.facebook.com\/federaciodemorosicristiansdoliva\/\" \/>\n<meta property=\"article:author\" content=\"https:\/\/www.facebook.com\/federaciodemorosicristiansdoliva\" \/>\n<meta property=\"article:published_time\" content=\"2018-07-12T16:17:19+00:00\" \/>\n<meta property=\"article:modified_time\" content=\"2018-07-12T17:32:22+00:00\" \/>\n<meta property=\"og:image\" content=\"https:\/\/i2.wp.com\/olivamorosicristians.es\/wp-content\/uploads\/2018\/07\/Carrecs2017-1.jpg?fit=1087%2C712&ssl=1\" \/>\n\t<meta property=\"og:image:width\" content=\"1087\" \/>\n\t<meta property=\"og:image:height\" content=\"712\" \/>\n\t<meta property=\"og:image:type\" content=\"image\/jpeg\" \/>\n<meta name=\"author\" content=\"Webmaster\" \/>\n<meta name=\"twitter:card\" content=\"summary_large_image\" \/>\n<meta name=\"twitter:label1\" content=\"Escrito por\" \/>\n\t<meta name=\"twitter:data1\" content=\"Webmaster\" \/>\n\t<meta name=\"twitter:label2\" content=\"Tiempo de lectura\" \/>\n\t<meta name=\"twitter:data2\" content=\"4 minutos\" \/>\n<script type=\"application\/ld+json\" class=\"yoast-schema-graph\">{\"@context\":\"https:\\\/\\\/schema.org\",\"@graph\":[{\"@type\":\"Article\",\"@id\":\"https:\\\/\\\/olivamorosicristians.es\\\/8820-2\\\/#article\",\"isPartOf\":{\"@id\":\"https:\\\/\\\/olivamorosicristians.es\\\/8820-2\\\/\"},\"author\":{\"name\":\"Webmaster\",\"@id\":\"https:\\\/\\\/olivamorosicristians.es\\\/#\\\/schema\\\/person\\\/21ece052d8816103cad91a2676fd0149\"},\"headline\":\"Presentaci\u00f3 dels c\u00e0rrecs de les Festes dels Moros i Cristians d\u2019Oliva de 2018.\",\"datePublished\":\"2018-07-12T16:17:19+00:00\",\"dateModified\":\"2018-07-12T17:32:22+00:00\",\"mainEntityOfPage\":{\"@id\":\"https:\\\/\\\/olivamorosicristians.es\\\/8820-2\\\/\"},\"wordCount\":722,\"publisher\":{\"@id\":\"https:\\\/\\\/olivamorosicristians.es\\\/#organization\"},\"image\":{\"@id\":\"https:\\\/\\\/olivamorosicristians.es\\\/8820-2\\\/#primaryimage\"},\"thumbnailUrl\":\"https:\\\/\\\/i0.wp.com\\\/olivamorosicristians.es\\\/wp-content\\\/uploads\\\/2018\\\/07\\\/Carrecs2017-1.jpg?fit=1087%2C712&ssl=1\",\"keywords\":[\"Actes\"],\"articleSection\":[\"Federaci\u00f3\"],\"inLanguage\":\"es\"},{\"@type\":\"WebPage\",\"@id\":\"https:\\\/\\\/olivamorosicristians.es\\\/8820-2\\\/\",\"url\":\"https:\\\/\\\/olivamorosicristians.es\\\/8820-2\\\/\",\"name\":\"Presentaci\u00f3 dels c\u00e0rrecs de les Festes dels Moros i Cristians d\u2019Oliva de 2018. - Moros i Cristians Oliva\",\"isPartOf\":{\"@id\":\"https:\\\/\\\/olivamorosicristians.es\\\/#website\"},\"primaryImageOfPage\":{\"@id\":\"https:\\\/\\\/olivamorosicristians.es\\\/8820-2\\\/#primaryimage\"},\"image\":{\"@id\":\"https:\\\/\\\/olivamorosicristians.es\\\/8820-2\\\/#primaryimage\"},\"thumbnailUrl\":\"https:\\\/\\\/i0.wp.com\\\/olivamorosicristians.es\\\/wp-content\\\/uploads\\\/2018\\\/07\\\/Carrecs2017-1.jpg?fit=1087%2C712&ssl=1\",\"datePublished\":\"2018-07-12T16:17:19+00:00\",\"dateModified\":\"2018-07-12T17:32:22+00:00\",\"breadcrumb\":{\"@id\":\"https:\\\/\\\/olivamorosicristians.es\\\/8820-2\\\/#breadcrumb\"},\"inLanguage\":\"es\",\"potentialAction\":[{\"@type\":\"ReadAction\",\"target\":[\"https:\\\/\\\/olivamorosicristians.es\\\/8820-2\\\/\"]}]},{\"@type\":\"ImageObject\",\"inLanguage\":\"es\",\"@id\":\"https:\\\/\\\/olivamorosicristians.es\\\/8820-2\\\/#primaryimage\",\"url\":\"https:\\\/\\\/i0.wp.com\\\/olivamorosicristians.es\\\/wp-content\\\/uploads\\\/2018\\\/07\\\/Carrecs2017-1.jpg?fit=1087%2C712&ssl=1\",\"contentUrl\":\"https:\\\/\\\/i0.wp.com\\\/olivamorosicristians.es\\\/wp-content\\\/uploads\\\/2018\\\/07\\\/Carrecs2017-1.jpg?fit=1087%2C712&ssl=1\",\"width\":1087,\"height\":712,\"caption\":\"oliva moros i cristians\"},{\"@type\":\"BreadcrumbList\",\"@id\":\"https:\\\/\\\/olivamorosicristians.es\\\/8820-2\\\/#breadcrumb\",\"itemListElement\":[{\"@type\":\"ListItem\",\"position\":1,\"name\":\"Portada\",\"item\":\"https:\\\/\\\/olivamorosicristians.es\\\/\"},{\"@type\":\"ListItem\",\"position\":2,\"name\":\"Presentaci\u00f3 dels c\u00e0rrecs de les Festes dels Moros i Cristians d\u2019Oliva de 2018.\"}]},{\"@type\":\"WebSite\",\"@id\":\"https:\\\/\\\/olivamorosicristians.es\\\/#website\",\"url\":\"https:\\\/\\\/olivamorosicristians.es\\\/\",\"name\":\"Moros i Cristians Oliva\",\"description\":\"FMCO\",\"publisher\":{\"@id\":\"https:\\\/\\\/olivamorosicristians.es\\\/#organization\"},\"potentialAction\":[{\"@type\":\"SearchAction\",\"target\":{\"@type\":\"EntryPoint\",\"urlTemplate\":\"https:\\\/\\\/olivamorosicristians.es\\\/?s={search_term_string}\"},\"query-input\":{\"@type\":\"PropertyValueSpecification\",\"valueRequired\":true,\"valueName\":\"search_term_string\"}}],\"inLanguage\":\"es\"},{\"@type\":\"Organization\",\"@id\":\"https:\\\/\\\/olivamorosicristians.es\\\/#organization\",\"name\":\"Federaci\u00f3 de Moros i Cristians - Oliva\",\"url\":\"https:\\\/\\\/olivamorosicristians.es\\\/\",\"logo\":{\"@type\":\"ImageObject\",\"inLanguage\":\"es\",\"@id\":\"https:\\\/\\\/olivamorosicristians.es\\\/#\\\/schema\\\/logo\\\/image\\\/\",\"url\":\"https:\\\/\\\/i2.wp.com\\\/olivamorosicristians.es\\\/wp-content\\\/uploads\\\/2018\\\/06\\\/Icon_FMiCO.png?fit=50%2C50&ssl=1\",\"contentUrl\":\"https:\\\/\\\/i2.wp.com\\\/olivamorosicristians.es\\\/wp-content\\\/uploads\\\/2018\\\/06\\\/Icon_FMiCO.png?fit=50%2C50&ssl=1\",\"width\":50,\"height\":50,\"caption\":\"Federaci\u00f3 de Moros i Cristians - Oliva\"},\"image\":{\"@id\":\"https:\\\/\\\/olivamorosicristians.es\\\/#\\\/schema\\\/logo\\\/image\\\/\"},\"sameAs\":[\"https:\\\/\\\/www.facebook.com\\\/federaciodemorosicristiansdoliva\\\/\",\"https:\\\/\\\/www.instagram.com\\\/morosicristiansoliva\\\/?hl=es\"]},{\"@type\":\"Person\",\"@id\":\"https:\\\/\\\/olivamorosicristians.es\\\/#\\\/schema\\\/person\\\/21ece052d8816103cad91a2676fd0149\",\"name\":\"Webmaster\",\"image\":{\"@type\":\"ImageObject\",\"inLanguage\":\"es\",\"@id\":\"https:\\\/\\\/secure.gravatar.com\\\/avatar\\\/18de20f14d74abe0c800b423a8b0e24cae6153cb6baeb2c2df80e1cef2117e0d?s=96&d=mm&r=g\",\"url\":\"https:\\\/\\\/secure.gravatar.com\\\/avatar\\\/18de20f14d74abe0c800b423a8b0e24cae6153cb6baeb2c2df80e1cef2117e0d?s=96&d=mm&r=g\",\"contentUrl\":\"https:\\\/\\\/secure.gravatar.com\\\/avatar\\\/18de20f14d74abe0c800b423a8b0e24cae6153cb6baeb2c2df80e1cef2117e0d?s=96&d=mm&r=g\",\"caption\":\"Webmaster\"},\"sameAs\":[\"https:\\\/\\\/www.facebook.com\\\/federaciodemorosicristiansdoliva\",\"https:\\\/\\\/www.instagram.com\\\/morosicristiansoliva\\\/\"]}]}<\/script>\n<!-- \/ Yoast SEO plugin. -->","yoast_head_json":{"title":"Presentaci\u00f3 dels c\u00e0rrecs de les Festes dels Moros i Cristians d\u2019Oliva de 2018. - Moros i Cristians Oliva","robots":{"index":"index","follow":"follow","max-snippet":"max-snippet:-1","max-image-preview":"max-image-preview:large","max-video-preview":"max-video-preview:-1"},"canonical":"https:\/\/olivamorosicristians.es\/es\/8820-2\/","og_locale":"es_ES","og_type":"article","og_title":"Presentaci\u00f3 dels c\u00e0rrecs de les Festes dels Moros i Cristians d\u2019Oliva de 2018. - Moros i Cristians Oliva","og_description":"La Federaci\u00f3 de Moros i Cristians d\u2019Oliva, en col\u00b7laboraci\u00f3 amb la regidoria de Festes, anuncia que dissabte, 14 de juliol, es celebrar\u00e0 la presentaci\u00f3 dels c\u00e0rrecs de les Festes dels Moros i Cristians d\u2019Oliva de 2018 a l\u2019esplanada del castell. Diumenge 15 de juliol, al mateix lloc, es celebrar\u00e0 el tradicional Concert-Festival de M\u00fasica festera [&hellip;]","og_url":"https:\/\/olivamorosicristians.es\/es\/8820-2\/","og_site_name":"Moros i Cristians Oliva","article_publisher":"https:\/\/www.facebook.com\/federaciodemorosicristiansdoliva\/","article_author":"https:\/\/www.facebook.com\/federaciodemorosicristiansdoliva","article_published_time":"2018-07-12T16:17:19+00:00","article_modified_time":"2018-07-12T17:32:22+00:00","og_image":[{"width":1087,"height":712,"url":"https:\/\/i2.wp.com\/olivamorosicristians.es\/wp-content\/uploads\/2018\/07\/Carrecs2017-1.jpg?fit=1087%2C712&ssl=1","type":"image\/jpeg"}],"author":"Webmaster","twitter_card":"summary_large_image","twitter_misc":{"Escrito por":"Webmaster","Tiempo de lectura":"4 minutos"},"schema":{"@context":"https:\/\/schema.org","@graph":[{"@type":"Article","@id":"https:\/\/olivamorosicristians.es\/8820-2\/#article","isPartOf":{"@id":"https:\/\/olivamorosicristians.es\/8820-2\/"},"author":{"name":"Webmaster","@id":"https:\/\/olivamorosicristians.es\/#\/schema\/person\/21ece052d8816103cad91a2676fd0149"},"headline":"Presentaci\u00f3 dels c\u00e0rrecs de les Festes dels Moros i Cristians d\u2019Oliva de 2018.","datePublished":"2018-07-12T16:17:19+00:00","dateModified":"2018-07-12T17:32:22+00:00","mainEntityOfPage":{"@id":"https:\/\/olivamorosicristians.es\/8820-2\/"},"wordCount":722,"publisher":{"@id":"https:\/\/olivamorosicristians.es\/#organization"},"image":{"@id":"https:\/\/olivamorosicristians.es\/8820-2\/#primaryimage"},"thumbnailUrl":"https:\/\/i0.wp.com\/olivamorosicristians.es\/wp-content\/uploads\/2018\/07\/Carrecs2017-1.jpg?fit=1087%2C712&ssl=1","keywords":["Actes"],"articleSection":["Federaci\u00f3"],"inLanguage":"es"},{"@type":"WebPage","@id":"https:\/\/olivamorosicristians.es\/8820-2\/","url":"https:\/\/olivamorosicristians.es\/8820-2\/","name":"Presentaci\u00f3 dels c\u00e0rrecs de les Festes dels Moros i Cristians d\u2019Oliva de 2018. - Moros i Cristians Oliva","isPartOf":{"@id":"https:\/\/olivamorosicristians.es\/#website"},"primaryImageOfPage":{"@id":"https:\/\/olivamorosicristians.es\/8820-2\/#primaryimage"},"image":{"@id":"https:\/\/olivamorosicristians.es\/8820-2\/#primaryimage"},"thumbnailUrl":"https:\/\/i0.wp.com\/olivamorosicristians.es\/wp-content\/uploads\/2018\/07\/Carrecs2017-1.jpg?fit=1087%2C712&ssl=1","datePublished":"2018-07-12T16:17:19+00:00","dateModified":"2018-07-12T17:32:22+00:00","breadcrumb":{"@id":"https:\/\/olivamorosicristians.es\/8820-2\/#breadcrumb"},"inLanguage":"es","potentialAction":[{"@type":"ReadAction","target":["https:\/\/olivamorosicristians.es\/8820-2\/"]}]},{"@type":"ImageObject","inLanguage":"es","@id":"https:\/\/olivamorosicristians.es\/8820-2\/#primaryimage","url":"https:\/\/i0.wp.com\/olivamorosicristians.es\/wp-content\/uploads\/2018\/07\/Carrecs2017-1.jpg?fit=1087%2C712&ssl=1","contentUrl":"https:\/\/i0.wp.com\/olivamorosicristians.es\/wp-content\/uploads\/2018\/07\/Carrecs2017-1.jpg?fit=1087%2C712&ssl=1","width":1087,"height":712,"caption":"oliva moros i cristians"},{"@type":"BreadcrumbList","@id":"https:\/\/olivamorosicristians.es\/8820-2\/#breadcrumb","itemListElement":[{"@type":"ListItem","position":1,"name":"Portada","item":"https:\/\/olivamorosicristians.es\/"},{"@type":"ListItem","position":2,"name":"Presentaci\u00f3 dels c\u00e0rrecs de les Festes dels Moros i Cristians d\u2019Oliva de 2018."}]},{"@type":"WebSite","@id":"https:\/\/olivamorosicristians.es\/#website","url":"https:\/\/olivamorosicristians.es\/","name":"Moros i Cristians Oliva","description":"FMCO","publisher":{"@id":"https:\/\/olivamorosicristians.es\/#organization"},"potentialAction":[{"@type":"SearchAction","target":{"@type":"EntryPoint","urlTemplate":"https:\/\/olivamorosicristians.es\/?s={search_term_string}"},"query-input":{"@type":"PropertyValueSpecification","valueRequired":true,"valueName":"search_term_string"}}],"inLanguage":"es"},{"@type":"Organization","@id":"https:\/\/olivamorosicristians.es\/#organization","name":"La Federaci\u00f3n de Moros y Cristianos de Oliva","url":"https:\/\/olivamorosicristians.es\/","logo":{"@type":"ImageObject","inLanguage":"es","@id":"https:\/\/olivamorosicristians.es\/#\/schema\/logo\/image\/","url":"https:\/\/i2.wp.com\/olivamorosicristians.es\/wp-content\/uploads\/2018\/06\/Icon_FMiCO.png?fit=50%2C50&ssl=1","contentUrl":"https:\/\/i2.wp.com\/olivamorosicristians.es\/wp-content\/uploads\/2018\/06\/Icon_FMiCO.png?fit=50%2C50&ssl=1","width":50,"height":50,"caption":"Federaci\u00f3 de Moros i Cristians - Oliva"},"image":{"@id":"https:\/\/olivamorosicristians.es\/#\/schema\/logo\/image\/"},"sameAs":["https:\/\/www.facebook.com\/federaciodemorosicristiansdoliva\/","https:\/\/www.instagram.com\/morosicristiansoliva\/?hl=es"]},{"@type":"Person","@id":"https:\/\/olivamorosicristians.es\/#\/schema\/person\/21ece052d8816103cad91a2676fd0149","name":"Webmaster","image":{"@type":"ImageObject","inLanguage":"es","@id":"https:\/\/secure.gravatar.com\/avatar\/18de20f14d74abe0c800b423a8b0e24cae6153cb6baeb2c2df80e1cef2117e0d?s=96&d=mm&r=g","url":"https:\/\/secure.gravatar.com\/avatar\/18de20f14d74abe0c800b423a8b0e24cae6153cb6baeb2c2df80e1cef2117e0d?s=96&d=mm&r=g","contentUrl":"https:\/\/secure.gravatar.com\/avatar\/18de20f14d74abe0c800b423a8b0e24cae6153cb6baeb2c2df80e1cef2117e0d?s=96&d=mm&r=g","caption":"Webmaster"},"sameAs":["https:\/\/www.facebook.com\/federaciodemorosicristiansdoliva","https:\/\/www.instagram.com\/morosicristiansoliva\/"]}]}},"jetpack_publicize_connections":[],"jetpack_featured_media_url":"https:\/\/i0.wp.com\/olivamorosicristians.es\/wp-content\/uploads\/2018\/07\/Carrecs2017-1.jpg?fit=1087%2C712&ssl=1","jetpack_sharing_enabled":true,"jetpack_shortlink":"https:\/\/wp.me\/pagEx6-2ig","jetpack-related-posts":[],"_links":{"self":[{"href":"https:\/\/olivamorosicristians.es\/es\/wp-json\/wp\/v2\/posts\/8820","targetHints":{"allow":["GET"]}}],"collection":[{"href":"https:\/\/olivamorosicristians.es\/es\/wp-json\/wp\/v2\/posts"}],"about":[{"href":"https:\/\/olivamorosicristians.es\/es\/wp-json\/wp\/v2\/types\/post"}],"author":[{"embeddable":true,"href":"https:\/\/olivamorosicristians.es\/es\/wp-json\/wp\/v2\/users\/1"}],"replies":[{"embeddable":true,"href":"https:\/\/olivamorosicristians.es\/es\/wp-json\/wp\/v2\/comments?post=8820"}],"version-history":[{"count":6,"href":"https:\/\/olivamorosicristians.es\/es\/wp-json\/wp\/v2\/posts\/8820\/revisions"}],"predecessor-version":[{"id":8830,"href":"https:\/\/olivamorosicristians.es\/es\/wp-json\/wp\/v2\/posts\/8820\/revisions\/8830"}],"wp:featuredmedia":[{"embeddable":true,"href":"https:\/\/olivamorosicristians.es\/es\/wp-json\/wp\/v2\/media\/8829"}],"wp:attachment":[{"href":"https:\/\/olivamorosicristians.es\/es\/wp-json\/wp\/v2\/media?parent=8820"}],"wp:term":[{"taxonomy":"category","embeddable":true,"href":"https:\/\/olivamorosicristians.es\/es\/wp-json\/wp\/v2\/categories?post=8820"},{"taxonomy":"post_tag","embeddable":true,"href":"https:\/\/olivamorosicristians.es\/es\/wp-json\/wp\/v2\/tags?post=8820"}],"curies":[{"name":"wp","href":"https:\/\/api.w.org\/{rel}","templated":true}]}}