{"id":11838,"date":"2026-03-02T15:22:02","date_gmt":"2026-03-02T13:22:02","guid":{"rendered":"https:\/\/olivamorosicristians.es\/?p=11838"},"modified":"2026-03-04T09:56:13","modified_gmt":"2026-03-04T07:56:13","slug":"crida-a-projecte-per-a-lelaboracio-de-la-imatge-de-festes-de-moros-i-cristians-doliva-2026","status":"publish","type":"post","link":"https:\/\/olivamorosicristians.es\/es\/crida-a-projecte-per-a-lelaboracio-de-la-imatge-de-festes-de-moros-i-cristians-doliva-2026\/","title":{"rendered":"\u00abCrida a projecte\u00bb per a l\u2019elaboraci\u00f3 de la imatge de Festes de Moros i Cristians d\u2019Oliva 2026"},"content":{"rendered":"<section class=\"w-section\">\r\n<div class=\"row\"><div class=\"col col-12\">\r\n    <div class=\"col-inner\"><div class=\"w-text-block\">\n    <p class=\"p3\">La Federaci\u00f3 de Moros i Cristians d&#8217;Oliva, entitat sense \u00e0nim de lucre, desitja convocar a professionals del disseny, estudis, col\u00b7lectius i ag\u00e8ncies per a l&#8217;enc\u00e0rrec d&#8217;un treball relacionat amb l&#8217;elaboraci\u00f3 de la imatge de presentaci\u00f3, concretament el cartell anunciador de les Festes de Moros i Cristians d&#8217;Oliva 2026.<\/p>\n<p class=\"p3\">Per a aix\u00f2 obri esta convocat\u00f2ria, mitjan\u00e7ant una \u201cCrida a projecte\u201d. La Federaci\u00f3 de Moros i Cristians d&#8217;Oliva compta en aquesta convocat\u00f2ria amb la col\u00b7laboraci\u00f3 de l&#8217;Associaci\u00f3 de Professionals del Disseny de la Comunitat Valenciana (ADCV).<\/p>\n<p><strong>Es pot accedir a les bases de la Crida a\u00a0Projecte,\u00a0ac\u00ed:<\/strong><\/p>\n<p><a class=\"w-button\" href=\"https:\/\/olivamorosicristians.es\/wp-content\/uploads\/2026\/03\/Crida-a-projecte-bases-2026-1.pdf\" target=\"_blank\" rel=\"noopener\">Decarrega les bases 2026<\/a><\/p>\n<\/div><\/div><\/div><\/div><\/section><section class=\"w-section\">\r\n<div class=\"row\"><div class=\"col col-12\">\r\n    <div class=\"col-inner\"><div class=\"w-space\" style=\"height:30px\"><\/div><div class=\"w-space\" style=\"height:60px\"><\/div><\/div><\/div><\/div><\/section><section class=\"w-section\">\r\n<div class=\"row\"><div class=\"col col-4\">\r\n    <div class=\"col-inner\"><div class=\"w-image text-left\">\n            <img loading=\"lazy\" decoding=\"async\" width=\"150\" height=\"165\" src=\"https:\/\/i0.wp.com\/olivamorosicristians.es\/wp-content\/uploads\/2024\/04\/LogoFederacioMoros-250-px-e1712160212994.png?fit=150%2C165&amp;ssl=1\" class=\"attachment-full size-full\" alt=\"\" data-attachment-id=\"11381\" data-permalink=\"https:\/\/olivamorosicristians.es\/es\/logofederaciomoros-250-px\/\" data-orig-file=\"https:\/\/i0.wp.com\/olivamorosicristians.es\/wp-content\/uploads\/2024\/04\/LogoFederacioMoros-250-px-e1712160212994.png?fit=150%2C165&amp;ssl=1\" data-orig-size=\"150,165\" data-comments-opened=\"0\" data-image-meta=\"{&quot;aperture&quot;:&quot;0&quot;,&quot;credit&quot;:&quot;&quot;,&quot;camera&quot;:&quot;&quot;,&quot;caption&quot;:&quot;&quot;,&quot;created_timestamp&quot;:&quot;0&quot;,&quot;copyright&quot;:&quot;&quot;,&quot;focal_length&quot;:&quot;0&quot;,&quot;iso&quot;:&quot;0&quot;,&quot;shutter_speed&quot;:&quot;0&quot;,&quot;title&quot;:&quot;&quot;,&quot;orientation&quot;:&quot;0&quot;}\" data-image-title=\"LogoFederacioMoros 250 px\" data-image-description=\"\" data-image-caption=\"\" data-large-file=\"https:\/\/i0.wp.com\/olivamorosicristians.es\/wp-content\/uploads\/2024\/04\/LogoFederacioMoros-250-px-e1712160212994.png?fit=150%2C165&amp;ssl=1\" \/>    <\/div>\n<\/div><\/div><div class=\"col col-4\">\r\n    <div class=\"col-inner\"><div class=\"w-space\" style=\"height:30px\"><\/div><div class=\"w-image text-left\">\n            <img loading=\"lazy\" decoding=\"async\" width=\"359\" height=\"72\" src=\"https:\/\/i0.wp.com\/olivamorosicristians.es\/wp-content\/uploads\/2024\/04\/AJUNTAMENT-DOLIVA-e1712147380375.jpg?fit=359%2C72&amp;ssl=1\" class=\"attachment-full size-full\" alt=\"\" data-attachment-id=\"11374\" data-permalink=\"https:\/\/olivamorosicristians.es\/es\/ajuntament-doliva\/\" data-orig-file=\"https:\/\/i0.wp.com\/olivamorosicristians.es\/wp-content\/uploads\/2024\/04\/AJUNTAMENT-DOLIVA-e1712147380375.jpg?fit=359%2C72&amp;ssl=1\" data-orig-size=\"359,72\" data-comments-opened=\"0\" data-image-meta=\"{&quot;aperture&quot;:&quot;0&quot;,&quot;credit&quot;:&quot;&quot;,&quot;camera&quot;:&quot;&quot;,&quot;caption&quot;:&quot;&quot;,&quot;created_timestamp&quot;:&quot;0&quot;,&quot;copyright&quot;:&quot;&quot;,&quot;focal_length&quot;:&quot;0&quot;,&quot;iso&quot;:&quot;0&quot;,&quot;shutter_speed&quot;:&quot;0&quot;,&quot;title&quot;:&quot;&quot;,&quot;orientation&quot;:&quot;0&quot;}\" data-image-title=\"AJUNTAMENT D&amp;#8217;OLIVA\" data-image-description=\"\" data-image-caption=\"\" data-large-file=\"https:\/\/i0.wp.com\/olivamorosicristians.es\/wp-content\/uploads\/2024\/04\/AJUNTAMENT-DOLIVA-e1712147380375.jpg?fit=359%2C72&amp;ssl=1\" \/>    <\/div>\n<\/div><\/div><div class=\"col col-4\">\r\n    <div class=\"col-inner\"><div class=\"w-space\" style=\"height:30px\"><\/div><div class=\"w-image text-left\">\n            <img loading=\"lazy\" decoding=\"async\" width=\"150\" height=\"80\" src=\"https:\/\/i0.wp.com\/olivamorosicristians.es\/wp-content\/uploads\/2024\/04\/Marca-Oliva-Color-Turisme-e1712147253390.png?fit=150%2C80&amp;ssl=1\" class=\"attachment-full size-full\" alt=\"\" data-attachment-id=\"11368\" data-permalink=\"https:\/\/olivamorosicristians.es\/es\/publicades-les-bases-de-la-crida-a-projecte-per-a-lelaboracio-de-la-imatge-de-festes-de-moros-i-cristians-doliva-2024\/marca-oliva-color-turisme\/\" data-orig-file=\"https:\/\/i0.wp.com\/olivamorosicristians.es\/wp-content\/uploads\/2024\/04\/Marca-Oliva-Color-Turisme-e1712147253390.png?fit=150%2C80&amp;ssl=1\" data-orig-size=\"150,80\" data-comments-opened=\"0\" data-image-meta=\"{&quot;aperture&quot;:&quot;0&quot;,&quot;credit&quot;:&quot;&quot;,&quot;camera&quot;:&quot;&quot;,&quot;caption&quot;:&quot;&quot;,&quot;created_timestamp&quot;:&quot;0&quot;,&quot;copyright&quot;:&quot;&quot;,&quot;focal_length&quot;:&quot;0&quot;,&quot;iso&quot;:&quot;0&quot;,&quot;shutter_speed&quot;:&quot;0&quot;,&quot;title&quot;:&quot;&quot;,&quot;orientation&quot;:&quot;0&quot;}\" data-image-title=\"Marca Oliva Color Turisme\" data-image-description=\"\" data-image-caption=\"\" data-large-file=\"https:\/\/i0.wp.com\/olivamorosicristians.es\/wp-content\/uploads\/2024\/04\/Marca-Oliva-Color-Turisme-e1712147253390.png?fit=1024%2C546&amp;ssl=1\" \/>    <\/div>\n<\/div><\/div><\/div><\/section>","protected":false},"excerpt":{"rendered":"La Federaci\u00f3 de Moros i Cristians d'Oliva, entitat sense \u00e0nim de lucre, desitja convocar a professionals del disseny, estudis, col\u00b7lectius i ag\u00e8ncies per a l'enc\u00e0rrec d'un treball relacionat amb l'elaboraci\u00f3 de la imatge de presentaci\u00f3, concretament el cartell anunciador de les Festes de Moros i Cristians d'Oliva 2026. Per a aix\u00f2 obri esta convocat\u00f2ria, mitjan\u00e7ant [...]","protected":false},"author":1,"featured_media":11840,"comment_status":"closed","ping_status":"open","sticky":false,"template":"","format":"standard","meta":{"jetpack_post_was_ever_published":false,"_jetpack_newsletter_access":"","_jetpack_dont_email_post_to_subs":false,"_jetpack_newsletter_tier_id":0,"_jetpack_memberships_contains_paywalled_content":false,"_jetpack_memberships_contains_paid_content":false,"footnotes":"","jetpack_publicize_message":"","jetpack_publicize_feature_enabled":true,"jetpack_social_post_already_shared":true,"jetpack_social_options":{"image_generator_settings":{"template":"highway","default_image_id":0,"font":"","enabled":false},"version":2}},"categories":[2,1],"tags":[],"class_list":["post-11838","post","type-post","status-publish","format-standard","has-post-thumbnail","hentry","category-federacio","category-varis"],"yoast_head":"<!-- This site is optimized with the Yoast SEO plugin v27.4 - https:\/\/yoast.com\/product\/yoast-seo-wordpress\/ -->\n<title>\u00abCrida a projecte\u00bb per a l\u2019elaboraci\u00f3 de la imatge de Festes de Moros i Cristians d\u2019Oliva 2026 - Moros i Cristians Oliva<\/title>\n<meta name=\"robots\" content=\"index, follow, max-snippet:-1, max-image-preview:large, max-video-preview:-1\" \/>\n<link rel=\"canonical\" href=\"https:\/\/olivamorosicristians.es\/es\/crida-a-projecte-per-a-lelaboracio-de-la-imatge-de-festes-de-moros-i-cristians-doliva-2026\/\" \/>\n<meta property=\"og:locale\" content=\"es_ES\" \/>\n<meta property=\"og:type\" content=\"article\" \/>\n<meta property=\"og:title\" content=\"\u00abCrida a projecte\u00bb per a l\u2019elaboraci\u00f3 de la imatge de Festes de Moros i Cristians d\u2019Oliva 2026 - Moros i Cristians Oliva\" \/>\n<meta property=\"og:url\" content=\"https:\/\/olivamorosicristians.es\/es\/crida-a-projecte-per-a-lelaboracio-de-la-imatge-de-festes-de-moros-i-cristians-doliva-2026\/\" \/>\n<meta property=\"og:site_name\" content=\"Moros i Cristians Oliva\" \/>\n<meta property=\"article:publisher\" content=\"https:\/\/www.facebook.com\/federaciodemorosicristiansdoliva\/\" \/>\n<meta property=\"article:author\" content=\"https:\/\/www.facebook.com\/federaciodemorosicristiansdoliva\" \/>\n<meta property=\"article:published_time\" content=\"2026-03-02T13:22:02+00:00\" \/>\n<meta property=\"article:modified_time\" content=\"2026-03-04T07:56:13+00:00\" \/>\n<meta property=\"og:image\" content=\"https:\/\/olivamorosicristians.es\/wp-content\/uploads\/2025\/03\/CridaProjecte-2025_Anunci-blog-2001x1126-1-e1772457849434.jpg\" \/>\n\t<meta property=\"og:image:width\" content=\"1880\" \/>\n\t<meta property=\"og:image:height\" content=\"1104\" \/>\n\t<meta property=\"og:image:type\" content=\"image\/jpeg\" \/>\n<meta name=\"author\" content=\"Webmaster\" \/>\n<meta name=\"twitter:card\" content=\"summary_large_image\" \/>\n<meta name=\"twitter:label1\" content=\"Escrito por\" \/>\n\t<meta name=\"twitter:data1\" content=\"Webmaster\" \/>\n\t<meta name=\"twitter:label2\" content=\"Tiempo de lectura\" \/>\n\t<meta name=\"twitter:data2\" content=\"1 minuto\" \/>\n<script type=\"application\/ld+json\" class=\"yoast-schema-graph\">{\"@context\":\"https:\\\/\\\/schema.org\",\"@graph\":[{\"@type\":\"Article\",\"@id\":\"https:\\\/\\\/olivamorosicristians.es\\\/crida-a-projecte-per-a-lelaboracio-de-la-imatge-de-festes-de-moros-i-cristians-doliva-2026\\\/#article\",\"isPartOf\":{\"@id\":\"https:\\\/\\\/olivamorosicristians.es\\\/crida-a-projecte-per-a-lelaboracio-de-la-imatge-de-festes-de-moros-i-cristians-doliva-2026\\\/\"},\"author\":{\"name\":\"Webmaster\",\"@id\":\"https:\\\/\\\/olivamorosicristians.es\\\/#\\\/schema\\\/person\\\/21ece052d8816103cad91a2676fd0149\"},\"headline\":\"\u00abCrida a projecte\u00bb per a l\u2019elaboraci\u00f3 de la imatge de Festes de Moros i Cristians d\u2019Oliva 2026\",\"datePublished\":\"2026-03-02T13:22:02+00:00\",\"dateModified\":\"2026-03-04T07:56:13+00:00\",\"mainEntityOfPage\":{\"@id\":\"https:\\\/\\\/olivamorosicristians.es\\\/crida-a-projecte-per-a-lelaboracio-de-la-imatge-de-festes-de-moros-i-cristians-doliva-2026\\\/\"},\"wordCount\":197,\"publisher\":{\"@id\":\"https:\\\/\\\/olivamorosicristians.es\\\/#organization\"},\"image\":{\"@id\":\"https:\\\/\\\/olivamorosicristians.es\\\/crida-a-projecte-per-a-lelaboracio-de-la-imatge-de-festes-de-moros-i-cristians-doliva-2026\\\/#primaryimage\"},\"thumbnailUrl\":\"https:\\\/\\\/i0.wp.com\\\/olivamorosicristians.es\\\/wp-content\\\/uploads\\\/2025\\\/03\\\/CridaProjecte-2025_Anunci-blog-2001x1126-1-e1772457849434.jpg?fit=1880%2C1104&ssl=1\",\"articleSection\":[\"Federaci\u00f3\",\"Varis\"],\"inLanguage\":\"es\"},{\"@type\":\"WebPage\",\"@id\":\"https:\\\/\\\/olivamorosicristians.es\\\/crida-a-projecte-per-a-lelaboracio-de-la-imatge-de-festes-de-moros-i-cristians-doliva-2026\\\/\",\"url\":\"https:\\\/\\\/olivamorosicristians.es\\\/crida-a-projecte-per-a-lelaboracio-de-la-imatge-de-festes-de-moros-i-cristians-doliva-2026\\\/\",\"name\":\"\u00abCrida a projecte\u00bb per a l\u2019elaboraci\u00f3 de la imatge de Festes de Moros i Cristians d\u2019Oliva 2026 - Moros i Cristians Oliva\",\"isPartOf\":{\"@id\":\"https:\\\/\\\/olivamorosicristians.es\\\/#website\"},\"primaryImageOfPage\":{\"@id\":\"https:\\\/\\\/olivamorosicristians.es\\\/crida-a-projecte-per-a-lelaboracio-de-la-imatge-de-festes-de-moros-i-cristians-doliva-2026\\\/#primaryimage\"},\"image\":{\"@id\":\"https:\\\/\\\/olivamorosicristians.es\\\/crida-a-projecte-per-a-lelaboracio-de-la-imatge-de-festes-de-moros-i-cristians-doliva-2026\\\/#primaryimage\"},\"thumbnailUrl\":\"https:\\\/\\\/i0.wp.com\\\/olivamorosicristians.es\\\/wp-content\\\/uploads\\\/2025\\\/03\\\/CridaProjecte-2025_Anunci-blog-2001x1126-1-e1772457849434.jpg?fit=1880%2C1104&ssl=1\",\"datePublished\":\"2026-03-02T13:22:02+00:00\",\"dateModified\":\"2026-03-04T07:56:13+00:00\",\"breadcrumb\":{\"@id\":\"https:\\\/\\\/olivamorosicristians.es\\\/crida-a-projecte-per-a-lelaboracio-de-la-imatge-de-festes-de-moros-i-cristians-doliva-2026\\\/#breadcrumb\"},\"inLanguage\":\"es\",\"potentialAction\":[{\"@type\":\"ReadAction\",\"target\":[\"https:\\\/\\\/olivamorosicristians.es\\\/crida-a-projecte-per-a-lelaboracio-de-la-imatge-de-festes-de-moros-i-cristians-doliva-2026\\\/\"]}]},{\"@type\":\"ImageObject\",\"inLanguage\":\"es\",\"@id\":\"https:\\\/\\\/olivamorosicristians.es\\\/crida-a-projecte-per-a-lelaboracio-de-la-imatge-de-festes-de-moros-i-cristians-doliva-2026\\\/#primaryimage\",\"url\":\"https:\\\/\\\/i0.wp.com\\\/olivamorosicristians.es\\\/wp-content\\\/uploads\\\/2025\\\/03\\\/CridaProjecte-2025_Anunci-blog-2001x1126-1-e1772457849434.jpg?fit=1880%2C1104&ssl=1\",\"contentUrl\":\"https:\\\/\\\/i0.wp.com\\\/olivamorosicristians.es\\\/wp-content\\\/uploads\\\/2025\\\/03\\\/CridaProjecte-2025_Anunci-blog-2001x1126-1-e1772457849434.jpg?fit=1880%2C1104&ssl=1\",\"width\":1880,\"height\":1104},{\"@type\":\"BreadcrumbList\",\"@id\":\"https:\\\/\\\/olivamorosicristians.es\\\/crida-a-projecte-per-a-lelaboracio-de-la-imatge-de-festes-de-moros-i-cristians-doliva-2026\\\/#breadcrumb\",\"itemListElement\":[{\"@type\":\"ListItem\",\"position\":1,\"name\":\"Portada\",\"item\":\"https:\\\/\\\/olivamorosicristians.es\\\/\"},{\"@type\":\"ListItem\",\"position\":2,\"name\":\"\u00abCrida a projecte\u00bb per a l\u2019elaboraci\u00f3 de la imatge de Festes de Moros i Cristians d\u2019Oliva 2026\"}]},{\"@type\":\"WebSite\",\"@id\":\"https:\\\/\\\/olivamorosicristians.es\\\/#website\",\"url\":\"https:\\\/\\\/olivamorosicristians.es\\\/\",\"name\":\"Moros i Cristians Oliva\",\"description\":\"FMCO\",\"publisher\":{\"@id\":\"https:\\\/\\\/olivamorosicristians.es\\\/#organization\"},\"potentialAction\":[{\"@type\":\"SearchAction\",\"target\":{\"@type\":\"EntryPoint\",\"urlTemplate\":\"https:\\\/\\\/olivamorosicristians.es\\\/?s={search_term_string}\"},\"query-input\":{\"@type\":\"PropertyValueSpecification\",\"valueRequired\":true,\"valueName\":\"search_term_string\"}}],\"inLanguage\":\"es\"},{\"@type\":\"Organization\",\"@id\":\"https:\\\/\\\/olivamorosicristians.es\\\/#organization\",\"name\":\"Federaci\u00f3 de Moros i Cristians - Oliva\",\"url\":\"https:\\\/\\\/olivamorosicristians.es\\\/\",\"logo\":{\"@type\":\"ImageObject\",\"inLanguage\":\"es\",\"@id\":\"https:\\\/\\\/olivamorosicristians.es\\\/#\\\/schema\\\/logo\\\/image\\\/\",\"url\":\"https:\\\/\\\/i2.wp.com\\\/olivamorosicristians.es\\\/wp-content\\\/uploads\\\/2018\\\/06\\\/Icon_FMiCO.png?fit=50%2C50&ssl=1\",\"contentUrl\":\"https:\\\/\\\/i2.wp.com\\\/olivamorosicristians.es\\\/wp-content\\\/uploads\\\/2018\\\/06\\\/Icon_FMiCO.png?fit=50%2C50&ssl=1\",\"width\":50,\"height\":50,\"caption\":\"Federaci\u00f3 de Moros i Cristians - Oliva\"},\"image\":{\"@id\":\"https:\\\/\\\/olivamorosicristians.es\\\/#\\\/schema\\\/logo\\\/image\\\/\"},\"sameAs\":[\"https:\\\/\\\/www.facebook.com\\\/federaciodemorosicristiansdoliva\\\/\",\"https:\\\/\\\/www.instagram.com\\\/morosicristiansoliva\\\/?hl=es\"]},{\"@type\":\"Person\",\"@id\":\"https:\\\/\\\/olivamorosicristians.es\\\/#\\\/schema\\\/person\\\/21ece052d8816103cad91a2676fd0149\",\"name\":\"Webmaster\",\"image\":{\"@type\":\"ImageObject\",\"inLanguage\":\"es\",\"@id\":\"https:\\\/\\\/secure.gravatar.com\\\/avatar\\\/18de20f14d74abe0c800b423a8b0e24cae6153cb6baeb2c2df80e1cef2117e0d?s=96&d=mm&r=g\",\"url\":\"https:\\\/\\\/secure.gravatar.com\\\/avatar\\\/18de20f14d74abe0c800b423a8b0e24cae6153cb6baeb2c2df80e1cef2117e0d?s=96&d=mm&r=g\",\"contentUrl\":\"https:\\\/\\\/secure.gravatar.com\\\/avatar\\\/18de20f14d74abe0c800b423a8b0e24cae6153cb6baeb2c2df80e1cef2117e0d?s=96&d=mm&r=g\",\"caption\":\"Webmaster\"},\"sameAs\":[\"https:\\\/\\\/www.facebook.com\\\/federaciodemorosicristiansdoliva\",\"https:\\\/\\\/www.instagram.com\\\/morosicristiansoliva\\\/\"]}]}<\/script>\n<!-- \/ Yoast SEO plugin. -->","yoast_head_json":{"title":"\u00abCrida a projecte\u00bb per a l\u2019elaboraci\u00f3 de la imatge de Festes de Moros i Cristians d\u2019Oliva 2026 - Moros i Cristians Oliva","robots":{"index":"index","follow":"follow","max-snippet":"max-snippet:-1","max-image-preview":"max-image-preview:large","max-video-preview":"max-video-preview:-1"},"canonical":"https:\/\/olivamorosicristians.es\/es\/crida-a-projecte-per-a-lelaboracio-de-la-imatge-de-festes-de-moros-i-cristians-doliva-2026\/","og_locale":"es_ES","og_type":"article","og_title":"\u00abCrida a projecte\u00bb per a l\u2019elaboraci\u00f3 de la imatge de Festes de Moros i Cristians d\u2019Oliva 2026 - Moros i Cristians Oliva","og_url":"https:\/\/olivamorosicristians.es\/es\/crida-a-projecte-per-a-lelaboracio-de-la-imatge-de-festes-de-moros-i-cristians-doliva-2026\/","og_site_name":"Moros i Cristians Oliva","article_publisher":"https:\/\/www.facebook.com\/federaciodemorosicristiansdoliva\/","article_author":"https:\/\/www.facebook.com\/federaciodemorosicristiansdoliva","article_published_time":"2026-03-02T13:22:02+00:00","article_modified_time":"2026-03-04T07:56:13+00:00","og_image":[{"width":1880,"height":1104,"url":"https:\/\/olivamorosicristians.es\/wp-content\/uploads\/2025\/03\/CridaProjecte-2025_Anunci-blog-2001x1126-1-e1772457849434.jpg","type":"image\/jpeg"}],"author":"Webmaster","twitter_card":"summary_large_image","twitter_misc":{"Escrito por":"Webmaster","Tiempo de lectura":"1 minuto"},"schema":{"@context":"https:\/\/schema.org","@graph":[{"@type":"Article","@id":"https:\/\/olivamorosicristians.es\/crida-a-projecte-per-a-lelaboracio-de-la-imatge-de-festes-de-moros-i-cristians-doliva-2026\/#article","isPartOf":{"@id":"https:\/\/olivamorosicristians.es\/crida-a-projecte-per-a-lelaboracio-de-la-imatge-de-festes-de-moros-i-cristians-doliva-2026\/"},"author":{"name":"Webmaster","@id":"https:\/\/olivamorosicristians.es\/#\/schema\/person\/21ece052d8816103cad91a2676fd0149"},"headline":"\u00abCrida a projecte\u00bb per a l\u2019elaboraci\u00f3 de la imatge de Festes de Moros i Cristians d\u2019Oliva 2026","datePublished":"2026-03-02T13:22:02+00:00","dateModified":"2026-03-04T07:56:13+00:00","mainEntityOfPage":{"@id":"https:\/\/olivamorosicristians.es\/crida-a-projecte-per-a-lelaboracio-de-la-imatge-de-festes-de-moros-i-cristians-doliva-2026\/"},"wordCount":197,"publisher":{"@id":"https:\/\/olivamorosicristians.es\/#organization"},"image":{"@id":"https:\/\/olivamorosicristians.es\/crida-a-projecte-per-a-lelaboracio-de-la-imatge-de-festes-de-moros-i-cristians-doliva-2026\/#primaryimage"},"thumbnailUrl":"https:\/\/i0.wp.com\/olivamorosicristians.es\/wp-content\/uploads\/2025\/03\/CridaProjecte-2025_Anunci-blog-2001x1126-1-e1772457849434.jpg?fit=1880%2C1104&ssl=1","articleSection":["Federaci\u00f3","Varis"],"inLanguage":"es"},{"@type":"WebPage","@id":"https:\/\/olivamorosicristians.es\/crida-a-projecte-per-a-lelaboracio-de-la-imatge-de-festes-de-moros-i-cristians-doliva-2026\/","url":"https:\/\/olivamorosicristians.es\/crida-a-projecte-per-a-lelaboracio-de-la-imatge-de-festes-de-moros-i-cristians-doliva-2026\/","name":"\u00abCrida a projecte\u00bb per a l\u2019elaboraci\u00f3 de la imatge de Festes de Moros i Cristians d\u2019Oliva 2026 - Moros i Cristians Oliva","isPartOf":{"@id":"https:\/\/olivamorosicristians.es\/#website"},"primaryImageOfPage":{"@id":"https:\/\/olivamorosicristians.es\/crida-a-projecte-per-a-lelaboracio-de-la-imatge-de-festes-de-moros-i-cristians-doliva-2026\/#primaryimage"},"image":{"@id":"https:\/\/olivamorosicristians.es\/crida-a-projecte-per-a-lelaboracio-de-la-imatge-de-festes-de-moros-i-cristians-doliva-2026\/#primaryimage"},"thumbnailUrl":"https:\/\/i0.wp.com\/olivamorosicristians.es\/wp-content\/uploads\/2025\/03\/CridaProjecte-2025_Anunci-blog-2001x1126-1-e1772457849434.jpg?fit=1880%2C1104&ssl=1","datePublished":"2026-03-02T13:22:02+00:00","dateModified":"2026-03-04T07:56:13+00:00","breadcrumb":{"@id":"https:\/\/olivamorosicristians.es\/crida-a-projecte-per-a-lelaboracio-de-la-imatge-de-festes-de-moros-i-cristians-doliva-2026\/#breadcrumb"},"inLanguage":"es","potentialAction":[{"@type":"ReadAction","target":["https:\/\/olivamorosicristians.es\/crida-a-projecte-per-a-lelaboracio-de-la-imatge-de-festes-de-moros-i-cristians-doliva-2026\/"]}]},{"@type":"ImageObject","inLanguage":"es","@id":"https:\/\/olivamorosicristians.es\/crida-a-projecte-per-a-lelaboracio-de-la-imatge-de-festes-de-moros-i-cristians-doliva-2026\/#primaryimage","url":"https:\/\/i0.wp.com\/olivamorosicristians.es\/wp-content\/uploads\/2025\/03\/CridaProjecte-2025_Anunci-blog-2001x1126-1-e1772457849434.jpg?fit=1880%2C1104&ssl=1","contentUrl":"https:\/\/i0.wp.com\/olivamorosicristians.es\/wp-content\/uploads\/2025\/03\/CridaProjecte-2025_Anunci-blog-2001x1126-1-e1772457849434.jpg?fit=1880%2C1104&ssl=1","width":1880,"height":1104},{"@type":"BreadcrumbList","@id":"https:\/\/olivamorosicristians.es\/crida-a-projecte-per-a-lelaboracio-de-la-imatge-de-festes-de-moros-i-cristians-doliva-2026\/#breadcrumb","itemListElement":[{"@type":"ListItem","position":1,"name":"Portada","item":"https:\/\/olivamorosicristians.es\/"},{"@type":"ListItem","position":2,"name":"\u00abCrida a projecte\u00bb per a l\u2019elaboraci\u00f3 de la imatge de Festes de Moros i Cristians d\u2019Oliva 2026"}]},{"@type":"WebSite","@id":"https:\/\/olivamorosicristians.es\/#website","url":"https:\/\/olivamorosicristians.es\/","name":"Moros i Cristians Oliva","description":"FMCO","publisher":{"@id":"https:\/\/olivamorosicristians.es\/#organization"},"potentialAction":[{"@type":"SearchAction","target":{"@type":"EntryPoint","urlTemplate":"https:\/\/olivamorosicristians.es\/?s={search_term_string}"},"query-input":{"@type":"PropertyValueSpecification","valueRequired":true,"valueName":"search_term_string"}}],"inLanguage":"es"},{"@type":"Organization","@id":"https:\/\/olivamorosicristians.es\/#organization","name":"La Federaci\u00f3n de Moros y Cristianos de Oliva","url":"https:\/\/olivamorosicristians.es\/","logo":{"@type":"ImageObject","inLanguage":"es","@id":"https:\/\/olivamorosicristians.es\/#\/schema\/logo\/image\/","url":"https:\/\/i2.wp.com\/olivamorosicristians.es\/wp-content\/uploads\/2018\/06\/Icon_FMiCO.png?fit=50%2C50&ssl=1","contentUrl":"https:\/\/i2.wp.com\/olivamorosicristians.es\/wp-content\/uploads\/2018\/06\/Icon_FMiCO.png?fit=50%2C50&ssl=1","width":50,"height":50,"caption":"Federaci\u00f3 de Moros i Cristians - Oliva"},"image":{"@id":"https:\/\/olivamorosicristians.es\/#\/schema\/logo\/image\/"},"sameAs":["https:\/\/www.facebook.com\/federaciodemorosicristiansdoliva\/","https:\/\/www.instagram.com\/morosicristiansoliva\/?hl=es"]},{"@type":"Person","@id":"https:\/\/olivamorosicristians.es\/#\/schema\/person\/21ece052d8816103cad91a2676fd0149","name":"Webmaster","image":{"@type":"ImageObject","inLanguage":"es","@id":"https:\/\/secure.gravatar.com\/avatar\/18de20f14d74abe0c800b423a8b0e24cae6153cb6baeb2c2df80e1cef2117e0d?s=96&d=mm&r=g","url":"https:\/\/secure.gravatar.com\/avatar\/18de20f14d74abe0c800b423a8b0e24cae6153cb6baeb2c2df80e1cef2117e0d?s=96&d=mm&r=g","contentUrl":"https:\/\/secure.gravatar.com\/avatar\/18de20f14d74abe0c800b423a8b0e24cae6153cb6baeb2c2df80e1cef2117e0d?s=96&d=mm&r=g","caption":"Webmaster"},"sameAs":["https:\/\/www.facebook.com\/federaciodemorosicristiansdoliva","https:\/\/www.instagram.com\/morosicristiansoliva\/"]}]}},"jetpack_publicize_connections":[],"jetpack_featured_media_url":"https:\/\/i0.wp.com\/olivamorosicristians.es\/wp-content\/uploads\/2025\/03\/CridaProjecte-2025_Anunci-blog-2001x1126-1-e1772457849434.jpg?fit=1880%2C1104&ssl=1","jetpack_sharing_enabled":true,"jetpack_shortlink":"https:\/\/wp.me\/pagEx6-34W","jetpack-related-posts":[],"_links":{"self":[{"href":"https:\/\/olivamorosicristians.es\/es\/wp-json\/wp\/v2\/posts\/11838","targetHints":{"allow":["GET"]}}],"collection":[{"href":"https:\/\/olivamorosicristians.es\/es\/wp-json\/wp\/v2\/posts"}],"about":[{"href":"https:\/\/olivamorosicristians.es\/es\/wp-json\/wp\/v2\/types\/post"}],"author":[{"embeddable":true,"href":"https:\/\/olivamorosicristians.es\/es\/wp-json\/wp\/v2\/users\/1"}],"replies":[{"embeddable":true,"href":"https:\/\/olivamorosicristians.es\/es\/wp-json\/wp\/v2\/comments?post=11838"}],"version-history":[{"count":7,"href":"https:\/\/olivamorosicristians.es\/es\/wp-json\/wp\/v2\/posts\/11838\/revisions"}],"predecessor-version":[{"id":11852,"href":"https:\/\/olivamorosicristians.es\/es\/wp-json\/wp\/v2\/posts\/11838\/revisions\/11852"}],"wp:featuredmedia":[{"embeddable":true,"href":"https:\/\/olivamorosicristians.es\/es\/wp-json\/wp\/v2\/media\/11840"}],"wp:attachment":[{"href":"https:\/\/olivamorosicristians.es\/es\/wp-json\/wp\/v2\/media?parent=11838"}],"wp:term":[{"taxonomy":"category","embeddable":true,"href":"https:\/\/olivamorosicristians.es\/es\/wp-json\/wp\/v2\/categories?post=11838"},{"taxonomy":"post_tag","embeddable":true,"href":"https:\/\/olivamorosicristians.es\/es\/wp-json\/wp\/v2\/tags?post=11838"}],"curies":[{"name":"wp","href":"https:\/\/api.w.org\/{rel}","templated":true}]}}