{"id":11825,"date":"2026-01-24T12:52:09","date_gmt":"2026-01-24T10:52:09","guid":{"rendered":"https:\/\/olivamorosicristians.es\/?p=11825"},"modified":"2026-01-24T12:52:09","modified_gmt":"2026-01-24T10:52:09","slug":"%f0%9d%97%96%f0%9d%97%ae%f0%9d%97%b9%f0%9d%97%b2%f0%9d%97%bb%f0%9d%97%b1%f0%9d%97%ae%f0%9d%97%bf%f0%9d%97%b6-%f0%9d%97%b1%f0%9d%97%ae%f0%9d%97%b0%f0%9d%98%81%f0%9d%97%b2%f0%9d%98%80","status":"publish","type":"post","link":"https:\/\/olivamorosicristians.es\/es\/%f0%9d%97%96%f0%9d%97%ae%f0%9d%97%b9%f0%9d%97%b2%f0%9d%97%bb%f0%9d%97%b1%f0%9d%97%ae%f0%9d%97%bf%f0%9d%97%b6-%f0%9d%97%b1%f0%9d%97%ae%f0%9d%97%b0%f0%9d%98%81%f0%9d%97%b2%f0%9d%98%80\/","title":{"rendered":"\ud835\uddd6\ud835\uddee\ud835\uddf9\ud835\uddf2\ud835\uddfb\ud835\uddf1\ud835\uddee\ud835\uddff\ud835\uddf6 \ud835\uddf1\u2019\ud835\uddee\ud835\uddf0\ud835\ude01\ud835\uddf2\ud835\ude00 \ud835\uddf3\ud835\uddf2\ud835\ude00\ud835\ude01\ud835\uddf2\ud835\uddff\ud835\ude00 \ud835\uddf6 \ud835\uddf0\ud835\uddfc\ud835\uddfa\ud835\uddfa\ud835\uddf2\ud835\uddfa\ud835\uddfc\ud835\uddff\ud835\uddee\ud835\ude01\ud835\uddf6\ud835\ude02\ud835\ude00 \ud835\udfee\ud835\udfec\ud835\udfee\ud835\udff2 \u2795\ud83c\udf19"},"content":{"rendered":"<section class=\"w-section\">\r\n<div class=\"row\"><div class=\"col col-12\">\r\n    <div class=\"col-inner\"><div class=\"w-text-block\">\n    <div class=\"elementToProof\">Divendres passat es va presentar el programa complet d\u2019actes previstos per a aquest any tan especial, en qu\u00e8 celebrem el 50\u00e9 aniversari de la tercera etapa de la festa.<\/div>\n<div class=\"elementToProof\"><\/div>\n<div class=\"elementToProof\">Ja podeu consultar totes les dates i no faltar a cap cita!<\/div>\n<div class=\"elementToProof\"><\/div>\n<div>Fent hist\u00f2ria, fem festa! \u2795\ud83c\udf19<\/div>\n<\/div><\/div><\/div><\/div><\/section>","protected":false},"excerpt":{"rendered":"Divendres passat es va presentar el programa complet d\u2019actes previstos per a aquest any tan especial, en qu\u00e8 celebrem el 50\u00e9 aniversari de la tercera etapa de la festa. Ja podeu consultar totes les dates i no faltar a cap cita! Fent hist\u00f2ria, fem festa! \u2795\ud83c\udf19","protected":false},"author":1,"featured_media":11826,"comment_status":"closed","ping_status":"open","sticky":false,"template":"","format":"standard","meta":{"jetpack_post_was_ever_published":false,"_jetpack_newsletter_access":"","_jetpack_dont_email_post_to_subs":false,"_jetpack_newsletter_tier_id":0,"_jetpack_memberships_contains_paywalled_content":false,"_jetpack_memberships_contains_paid_content":false,"footnotes":"","jetpack_publicize_message":"","jetpack_publicize_feature_enabled":true,"jetpack_social_post_already_shared":true,"jetpack_social_options":{"image_generator_settings":{"template":"highway","default_image_id":0,"font":"","enabled":false},"version":2}},"categories":[149],"tags":[],"class_list":["post-11825","post","type-post","status-publish","format-standard","has-post-thumbnail","hentry","category-esdeveniments"],"yoast_head":"<!-- This site is optimized with the Yoast SEO plugin v27.4 - https:\/\/yoast.com\/product\/yoast-seo-wordpress\/ -->\n<title>\ud835\uddd6\ud835\uddee\ud835\uddf9\ud835\uddf2\ud835\uddfb\ud835\uddf1\ud835\uddee\ud835\uddff\ud835\uddf6 \ud835\uddf1\u2019\ud835\uddee\ud835\uddf0\ud835\ude01\ud835\uddf2\ud835\ude00 \ud835\uddf3\ud835\uddf2\ud835\ude00\ud835\ude01\ud835\uddf2\ud835\uddff\ud835\ude00 \ud835\uddf6 \ud835\uddf0\ud835\uddfc\ud835\uddfa\ud835\uddfa\ud835\uddf2\ud835\uddfa\ud835\uddfc\ud835\uddff\ud835\uddee\ud835\ude01\ud835\uddf6\ud835\ude02\ud835\ude00 \ud835\udfee\ud835\udfec\ud835\udfee\ud835\udff2 \u2795\ud83c\udf19 - Moros i Cristians Oliva<\/title>\n<meta name=\"robots\" content=\"index, follow, max-snippet:-1, max-image-preview:large, max-video-preview:-1\" \/>\n<link rel=\"canonical\" href=\"https:\/\/olivamorosicristians.es\/es\/\ud835\uddd6\ud835\uddee\ud835\uddf9\ud835\uddf2\ud835\uddfb\ud835\uddf1\ud835\uddee\ud835\uddff\ud835\uddf6-\ud835\uddf1\ud835\uddee\ud835\uddf0\ud835\ude01\ud835\uddf2\ud835\ude00\/\" \/>\n<meta property=\"og:locale\" content=\"es_ES\" \/>\n<meta property=\"og:type\" content=\"article\" \/>\n<meta property=\"og:title\" content=\"\ud835\uddd6\ud835\uddee\ud835\uddf9\ud835\uddf2\ud835\uddfb\ud835\uddf1\ud835\uddee\ud835\uddff\ud835\uddf6 \ud835\uddf1\u2019\ud835\uddee\ud835\uddf0\ud835\ude01\ud835\uddf2\ud835\ude00 \ud835\uddf3\ud835\uddf2\ud835\ude00\ud835\ude01\ud835\uddf2\ud835\uddff\ud835\ude00 \ud835\uddf6 \ud835\uddf0\ud835\uddfc\ud835\uddfa\ud835\uddfa\ud835\uddf2\ud835\uddfa\ud835\uddfc\ud835\uddff\ud835\uddee\ud835\ude01\ud835\uddf6\ud835\ude02\ud835\ude00 \ud835\udfee\ud835\udfec\ud835\udfee\ud835\udff2 \u2795\ud83c\udf19 - Moros i Cristians Oliva\" \/>\n<meta property=\"og:url\" content=\"https:\/\/olivamorosicristians.es\/es\/\ud835\uddd6\ud835\uddee\ud835\uddf9\ud835\uddf2\ud835\uddfb\ud835\uddf1\ud835\uddee\ud835\uddff\ud835\uddf6-\ud835\uddf1\ud835\uddee\ud835\uddf0\ud835\ude01\ud835\uddf2\ud835\ude00\/\" \/>\n<meta property=\"og:site_name\" content=\"Moros i Cristians Oliva\" \/>\n<meta property=\"article:publisher\" content=\"https:\/\/www.facebook.com\/federaciodemorosicristiansdoliva\/\" \/>\n<meta property=\"article:author\" content=\"https:\/\/www.facebook.com\/federaciodemorosicristiansdoliva\" \/>\n<meta property=\"article:published_time\" content=\"2026-01-24T10:52:09+00:00\" \/>\n<meta property=\"og:image\" content=\"https:\/\/olivamorosicristians.es\/wp-content\/uploads\/2026\/01\/Plantilla-foto_web-noticia.jpg\" \/>\n\t<meta property=\"og:image:width\" content=\"960\" \/>\n\t<meta property=\"og:image:height\" content=\"540\" \/>\n\t<meta property=\"og:image:type\" content=\"image\/jpeg\" \/>\n<meta name=\"author\" content=\"Webmaster\" \/>\n<meta name=\"twitter:card\" content=\"summary_large_image\" \/>\n<meta name=\"twitter:label1\" content=\"Escrito por\" \/>\n\t<meta name=\"twitter:data1\" content=\"Webmaster\" \/>\n\t<meta name=\"twitter:label2\" content=\"Tiempo de lectura\" \/>\n\t<meta name=\"twitter:data2\" content=\"1 minuto\" \/>\n<script type=\"application\/ld+json\" class=\"yoast-schema-graph\">{\"@context\":\"https:\\\/\\\/schema.org\",\"@graph\":[{\"@type\":\"Article\",\"@id\":\"https:\\\/\\\/olivamorosicristians.es\\\/%f0%9d%97%96%f0%9d%97%ae%f0%9d%97%b9%f0%9d%97%b2%f0%9d%97%bb%f0%9d%97%b1%f0%9d%97%ae%f0%9d%97%bf%f0%9d%97%b6-%f0%9d%97%b1%f0%9d%97%ae%f0%9d%97%b0%f0%9d%98%81%f0%9d%97%b2%f0%9d%98%80\\\/#article\",\"isPartOf\":{\"@id\":\"https:\\\/\\\/olivamorosicristians.es\\\/%f0%9d%97%96%f0%9d%97%ae%f0%9d%97%b9%f0%9d%97%b2%f0%9d%97%bb%f0%9d%97%b1%f0%9d%97%ae%f0%9d%97%bf%f0%9d%97%b6-%f0%9d%97%b1%f0%9d%97%ae%f0%9d%97%b0%f0%9d%98%81%f0%9d%97%b2%f0%9d%98%80\\\/\"},\"author\":{\"name\":\"Webmaster\",\"@id\":\"https:\\\/\\\/olivamorosicristians.es\\\/#\\\/schema\\\/person\\\/21ece052d8816103cad91a2676fd0149\"},\"headline\":\"\ud835\uddd6\ud835\uddee\ud835\uddf9\ud835\uddf2\ud835\uddfb\ud835\uddf1\ud835\uddee\ud835\uddff\ud835\uddf6 \ud835\uddf1\u2019\ud835\uddee\ud835\uddf0\ud835\ude01\ud835\uddf2\ud835\ude00 \ud835\uddf3\ud835\uddf2\ud835\ude00\ud835\ude01\ud835\uddf2\ud835\uddff\ud835\ude00 \ud835\uddf6 \ud835\uddf0\ud835\uddfc\ud835\uddfa\ud835\uddfa\ud835\uddf2\ud835\uddfa\ud835\uddfc\ud835\uddff\ud835\uddee\ud835\ude01\ud835\uddf6\ud835\ude02\ud835\ude00 \ud835\udfee\ud835\udfec\ud835\udfee\ud835\udff2 \u2795\ud83c\udf19\",\"datePublished\":\"2026-01-24T10:52:09+00:00\",\"mainEntityOfPage\":{\"@id\":\"https:\\\/\\\/olivamorosicristians.es\\\/%f0%9d%97%96%f0%9d%97%ae%f0%9d%97%b9%f0%9d%97%b2%f0%9d%97%bb%f0%9d%97%b1%f0%9d%97%ae%f0%9d%97%bf%f0%9d%97%b6-%f0%9d%97%b1%f0%9d%97%ae%f0%9d%97%b0%f0%9d%98%81%f0%9d%97%b2%f0%9d%98%80\\\/\"},\"wordCount\":60,\"publisher\":{\"@id\":\"https:\\\/\\\/olivamorosicristians.es\\\/#organization\"},\"image\":{\"@id\":\"https:\\\/\\\/olivamorosicristians.es\\\/%f0%9d%97%96%f0%9d%97%ae%f0%9d%97%b9%f0%9d%97%b2%f0%9d%97%bb%f0%9d%97%b1%f0%9d%97%ae%f0%9d%97%bf%f0%9d%97%b6-%f0%9d%97%b1%f0%9d%97%ae%f0%9d%97%b0%f0%9d%98%81%f0%9d%97%b2%f0%9d%98%80\\\/#primaryimage\"},\"thumbnailUrl\":\"https:\\\/\\\/i0.wp.com\\\/olivamorosicristians.es\\\/wp-content\\\/uploads\\\/2026\\\/01\\\/Plantilla-foto_web-noticia.jpg?fit=960%2C540&ssl=1\",\"articleSection\":[\"Esdeveniments\"],\"inLanguage\":\"es\"},{\"@type\":\"WebPage\",\"@id\":\"https:\\\/\\\/olivamorosicristians.es\\\/%f0%9d%97%96%f0%9d%97%ae%f0%9d%97%b9%f0%9d%97%b2%f0%9d%97%bb%f0%9d%97%b1%f0%9d%97%ae%f0%9d%97%bf%f0%9d%97%b6-%f0%9d%97%b1%f0%9d%97%ae%f0%9d%97%b0%f0%9d%98%81%f0%9d%97%b2%f0%9d%98%80\\\/\",\"url\":\"https:\\\/\\\/olivamorosicristians.es\\\/%f0%9d%97%96%f0%9d%97%ae%f0%9d%97%b9%f0%9d%97%b2%f0%9d%97%bb%f0%9d%97%b1%f0%9d%97%ae%f0%9d%97%bf%f0%9d%97%b6-%f0%9d%97%b1%f0%9d%97%ae%f0%9d%97%b0%f0%9d%98%81%f0%9d%97%b2%f0%9d%98%80\\\/\",\"name\":\"\ud835\uddd6\ud835\uddee\ud835\uddf9\ud835\uddf2\ud835\uddfb\ud835\uddf1\ud835\uddee\ud835\uddff\ud835\uddf6 \ud835\uddf1\u2019\ud835\uddee\ud835\uddf0\ud835\ude01\ud835\uddf2\ud835\ude00 \ud835\uddf3\ud835\uddf2\ud835\ude00\ud835\ude01\ud835\uddf2\ud835\uddff\ud835\ude00 \ud835\uddf6 \ud835\uddf0\ud835\uddfc\ud835\uddfa\ud835\uddfa\ud835\uddf2\ud835\uddfa\ud835\uddfc\ud835\uddff\ud835\uddee\ud835\ude01\ud835\uddf6\ud835\ude02\ud835\ude00 \ud835\udfee\ud835\udfec\ud835\udfee\ud835\udff2 \u2795\ud83c\udf19 - Moros i Cristians Oliva\",\"isPartOf\":{\"@id\":\"https:\\\/\\\/olivamorosicristians.es\\\/#website\"},\"primaryImageOfPage\":{\"@id\":\"https:\\\/\\\/olivamorosicristians.es\\\/%f0%9d%97%96%f0%9d%97%ae%f0%9d%97%b9%f0%9d%97%b2%f0%9d%97%bb%f0%9d%97%b1%f0%9d%97%ae%f0%9d%97%bf%f0%9d%97%b6-%f0%9d%97%b1%f0%9d%97%ae%f0%9d%97%b0%f0%9d%98%81%f0%9d%97%b2%f0%9d%98%80\\\/#primaryimage\"},\"image\":{\"@id\":\"https:\\\/\\\/olivamorosicristians.es\\\/%f0%9d%97%96%f0%9d%97%ae%f0%9d%97%b9%f0%9d%97%b2%f0%9d%97%bb%f0%9d%97%b1%f0%9d%97%ae%f0%9d%97%bf%f0%9d%97%b6-%f0%9d%97%b1%f0%9d%97%ae%f0%9d%97%b0%f0%9d%98%81%f0%9d%97%b2%f0%9d%98%80\\\/#primaryimage\"},\"thumbnailUrl\":\"https:\\\/\\\/i0.wp.com\\\/olivamorosicristians.es\\\/wp-content\\\/uploads\\\/2026\\\/01\\\/Plantilla-foto_web-noticia.jpg?fit=960%2C540&ssl=1\",\"datePublished\":\"2026-01-24T10:52:09+00:00\",\"breadcrumb\":{\"@id\":\"https:\\\/\\\/olivamorosicristians.es\\\/%f0%9d%97%96%f0%9d%97%ae%f0%9d%97%b9%f0%9d%97%b2%f0%9d%97%bb%f0%9d%97%b1%f0%9d%97%ae%f0%9d%97%bf%f0%9d%97%b6-%f0%9d%97%b1%f0%9d%97%ae%f0%9d%97%b0%f0%9d%98%81%f0%9d%97%b2%f0%9d%98%80\\\/#breadcrumb\"},\"inLanguage\":\"es\",\"potentialAction\":[{\"@type\":\"ReadAction\",\"target\":[\"https:\\\/\\\/olivamorosicristians.es\\\/%f0%9d%97%96%f0%9d%97%ae%f0%9d%97%b9%f0%9d%97%b2%f0%9d%97%bb%f0%9d%97%b1%f0%9d%97%ae%f0%9d%97%bf%f0%9d%97%b6-%f0%9d%97%b1%f0%9d%97%ae%f0%9d%97%b0%f0%9d%98%81%f0%9d%97%b2%f0%9d%98%80\\\/\"]}]},{\"@type\":\"ImageObject\",\"inLanguage\":\"es\",\"@id\":\"https:\\\/\\\/olivamorosicristians.es\\\/%f0%9d%97%96%f0%9d%97%ae%f0%9d%97%b9%f0%9d%97%b2%f0%9d%97%bb%f0%9d%97%b1%f0%9d%97%ae%f0%9d%97%bf%f0%9d%97%b6-%f0%9d%97%b1%f0%9d%97%ae%f0%9d%97%b0%f0%9d%98%81%f0%9d%97%b2%f0%9d%98%80\\\/#primaryimage\",\"url\":\"https:\\\/\\\/i0.wp.com\\\/olivamorosicristians.es\\\/wp-content\\\/uploads\\\/2026\\\/01\\\/Plantilla-foto_web-noticia.jpg?fit=960%2C540&ssl=1\",\"contentUrl\":\"https:\\\/\\\/i0.wp.com\\\/olivamorosicristians.es\\\/wp-content\\\/uploads\\\/2026\\\/01\\\/Plantilla-foto_web-noticia.jpg?fit=960%2C540&ssl=1\",\"width\":960,\"height\":540},{\"@type\":\"BreadcrumbList\",\"@id\":\"https:\\\/\\\/olivamorosicristians.es\\\/%f0%9d%97%96%f0%9d%97%ae%f0%9d%97%b9%f0%9d%97%b2%f0%9d%97%bb%f0%9d%97%b1%f0%9d%97%ae%f0%9d%97%bf%f0%9d%97%b6-%f0%9d%97%b1%f0%9d%97%ae%f0%9d%97%b0%f0%9d%98%81%f0%9d%97%b2%f0%9d%98%80\\\/#breadcrumb\",\"itemListElement\":[{\"@type\":\"ListItem\",\"position\":1,\"name\":\"Portada\",\"item\":\"https:\\\/\\\/olivamorosicristians.es\\\/\"},{\"@type\":\"ListItem\",\"position\":2,\"name\":\"\ud835\uddd6\ud835\uddee\ud835\uddf9\ud835\uddf2\ud835\uddfb\ud835\uddf1\ud835\uddee\ud835\uddff\ud835\uddf6 \ud835\uddf1\u2019\ud835\uddee\ud835\uddf0\ud835\ude01\ud835\uddf2\ud835\ude00 \ud835\uddf3\ud835\uddf2\ud835\ude00\ud835\ude01\ud835\uddf2\ud835\uddff\ud835\ude00 \ud835\uddf6 \ud835\uddf0\ud835\uddfc\ud835\uddfa\ud835\uddfa\ud835\uddf2\ud835\uddfa\ud835\uddfc\ud835\uddff\ud835\uddee\ud835\ude01\ud835\uddf6\ud835\ude02\ud835\ude00 \ud835\udfee\ud835\udfec\ud835\udfee\ud835\udff2 \u2795\ud83c\udf19\"}]},{\"@type\":\"WebSite\",\"@id\":\"https:\\\/\\\/olivamorosicristians.es\\\/#website\",\"url\":\"https:\\\/\\\/olivamorosicristians.es\\\/\",\"name\":\"Moros i Cristians Oliva\",\"description\":\"FMCO\",\"publisher\":{\"@id\":\"https:\\\/\\\/olivamorosicristians.es\\\/#organization\"},\"potentialAction\":[{\"@type\":\"SearchAction\",\"target\":{\"@type\":\"EntryPoint\",\"urlTemplate\":\"https:\\\/\\\/olivamorosicristians.es\\\/?s={search_term_string}\"},\"query-input\":{\"@type\":\"PropertyValueSpecification\",\"valueRequired\":true,\"valueName\":\"search_term_string\"}}],\"inLanguage\":\"es\"},{\"@type\":\"Organization\",\"@id\":\"https:\\\/\\\/olivamorosicristians.es\\\/#organization\",\"name\":\"Federaci\u00f3 de Moros i Cristians - Oliva\",\"url\":\"https:\\\/\\\/olivamorosicristians.es\\\/\",\"logo\":{\"@type\":\"ImageObject\",\"inLanguage\":\"es\",\"@id\":\"https:\\\/\\\/olivamorosicristians.es\\\/#\\\/schema\\\/logo\\\/image\\\/\",\"url\":\"https:\\\/\\\/i2.wp.com\\\/olivamorosicristians.es\\\/wp-content\\\/uploads\\\/2018\\\/06\\\/Icon_FMiCO.png?fit=50%2C50&ssl=1\",\"contentUrl\":\"https:\\\/\\\/i2.wp.com\\\/olivamorosicristians.es\\\/wp-content\\\/uploads\\\/2018\\\/06\\\/Icon_FMiCO.png?fit=50%2C50&ssl=1\",\"width\":50,\"height\":50,\"caption\":\"Federaci\u00f3 de Moros i Cristians - Oliva\"},\"image\":{\"@id\":\"https:\\\/\\\/olivamorosicristians.es\\\/#\\\/schema\\\/logo\\\/image\\\/\"},\"sameAs\":[\"https:\\\/\\\/www.facebook.com\\\/federaciodemorosicristiansdoliva\\\/\",\"https:\\\/\\\/www.instagram.com\\\/morosicristiansoliva\\\/?hl=es\"]},{\"@type\":\"Person\",\"@id\":\"https:\\\/\\\/olivamorosicristians.es\\\/#\\\/schema\\\/person\\\/21ece052d8816103cad91a2676fd0149\",\"name\":\"Webmaster\",\"image\":{\"@type\":\"ImageObject\",\"inLanguage\":\"es\",\"@id\":\"https:\\\/\\\/secure.gravatar.com\\\/avatar\\\/18de20f14d74abe0c800b423a8b0e24cae6153cb6baeb2c2df80e1cef2117e0d?s=96&d=mm&r=g\",\"url\":\"https:\\\/\\\/secure.gravatar.com\\\/avatar\\\/18de20f14d74abe0c800b423a8b0e24cae6153cb6baeb2c2df80e1cef2117e0d?s=96&d=mm&r=g\",\"contentUrl\":\"https:\\\/\\\/secure.gravatar.com\\\/avatar\\\/18de20f14d74abe0c800b423a8b0e24cae6153cb6baeb2c2df80e1cef2117e0d?s=96&d=mm&r=g\",\"caption\":\"Webmaster\"},\"sameAs\":[\"https:\\\/\\\/www.facebook.com\\\/federaciodemorosicristiansdoliva\",\"https:\\\/\\\/www.instagram.com\\\/morosicristiansoliva\\\/\"]}]}<\/script>\n<!-- \/ Yoast SEO plugin. -->","yoast_head_json":{"title":"\ud835\uddd6\ud835\uddee\ud835\uddf9\ud835\uddf2\ud835\uddfb\ud835\uddf1\ud835\uddee\ud835\uddff\ud835\uddf6 \ud835\uddf1\u2019\ud835\uddee\ud835\uddf0\ud835\ude01\ud835\uddf2\ud835\ude00 \ud835\uddf3\ud835\uddf2\ud835\ude00\ud835\ude01\ud835\uddf2\ud835\uddff\ud835\ude00 \ud835\uddf6 \ud835\uddf0\ud835\uddfc\ud835\uddfa\ud835\uddfa\ud835\uddf2\ud835\uddfa\ud835\uddfc\ud835\uddff\ud835\uddee\ud835\ude01\ud835\uddf6\ud835\ude02\ud835\ude00 \ud835\udfee\ud835\udfec\ud835\udfee\ud835\udff2 \u2795\ud83c\udf19 - Moros i Cristians Oliva","robots":{"index":"index","follow":"follow","max-snippet":"max-snippet:-1","max-image-preview":"max-image-preview:large","max-video-preview":"max-video-preview:-1"},"canonical":"https:\/\/olivamorosicristians.es\/es\/\ud835\uddd6\ud835\uddee\ud835\uddf9\ud835\uddf2\ud835\uddfb\ud835\uddf1\ud835\uddee\ud835\uddff\ud835\uddf6-\ud835\uddf1\ud835\uddee\ud835\uddf0\ud835\ude01\ud835\uddf2\ud835\ude00\/","og_locale":"es_ES","og_type":"article","og_title":"\ud835\uddd6\ud835\uddee\ud835\uddf9\ud835\uddf2\ud835\uddfb\ud835\uddf1\ud835\uddee\ud835\uddff\ud835\uddf6 \ud835\uddf1\u2019\ud835\uddee\ud835\uddf0\ud835\ude01\ud835\uddf2\ud835\ude00 \ud835\uddf3\ud835\uddf2\ud835\ude00\ud835\ude01\ud835\uddf2\ud835\uddff\ud835\ude00 \ud835\uddf6 \ud835\uddf0\ud835\uddfc\ud835\uddfa\ud835\uddfa\ud835\uddf2\ud835\uddfa\ud835\uddfc\ud835\uddff\ud835\uddee\ud835\ude01\ud835\uddf6\ud835\ude02\ud835\ude00 \ud835\udfee\ud835\udfec\ud835\udfee\ud835\udff2 \u2795\ud83c\udf19 - Moros i Cristians Oliva","og_url":"https:\/\/olivamorosicristians.es\/es\/\ud835\uddd6\ud835\uddee\ud835\uddf9\ud835\uddf2\ud835\uddfb\ud835\uddf1\ud835\uddee\ud835\uddff\ud835\uddf6-\ud835\uddf1\ud835\uddee\ud835\uddf0\ud835\ude01\ud835\uddf2\ud835\ude00\/","og_site_name":"Moros i Cristians Oliva","article_publisher":"https:\/\/www.facebook.com\/federaciodemorosicristiansdoliva\/","article_author":"https:\/\/www.facebook.com\/federaciodemorosicristiansdoliva","article_published_time":"2026-01-24T10:52:09+00:00","og_image":[{"width":960,"height":540,"url":"https:\/\/olivamorosicristians.es\/wp-content\/uploads\/2026\/01\/Plantilla-foto_web-noticia.jpg","type":"image\/jpeg"}],"author":"Webmaster","twitter_card":"summary_large_image","twitter_misc":{"Escrito por":"Webmaster","Tiempo de lectura":"1 minuto"},"schema":{"@context":"https:\/\/schema.org","@graph":[{"@type":"Article","@id":"https:\/\/olivamorosicristians.es\/%f0%9d%97%96%f0%9d%97%ae%f0%9d%97%b9%f0%9d%97%b2%f0%9d%97%bb%f0%9d%97%b1%f0%9d%97%ae%f0%9d%97%bf%f0%9d%97%b6-%f0%9d%97%b1%f0%9d%97%ae%f0%9d%97%b0%f0%9d%98%81%f0%9d%97%b2%f0%9d%98%80\/#article","isPartOf":{"@id":"https:\/\/olivamorosicristians.es\/%f0%9d%97%96%f0%9d%97%ae%f0%9d%97%b9%f0%9d%97%b2%f0%9d%97%bb%f0%9d%97%b1%f0%9d%97%ae%f0%9d%97%bf%f0%9d%97%b6-%f0%9d%97%b1%f0%9d%97%ae%f0%9d%97%b0%f0%9d%98%81%f0%9d%97%b2%f0%9d%98%80\/"},"author":{"name":"Webmaster","@id":"https:\/\/olivamorosicristians.es\/#\/schema\/person\/21ece052d8816103cad91a2676fd0149"},"headline":"\ud835\uddd6\ud835\uddee\ud835\uddf9\ud835\uddf2\ud835\uddfb\ud835\uddf1\ud835\uddee\ud835\uddff\ud835\uddf6 \ud835\uddf1\u2019\ud835\uddee\ud835\uddf0\ud835\ude01\ud835\uddf2\ud835\ude00 \ud835\uddf3\ud835\uddf2\ud835\ude00\ud835\ude01\ud835\uddf2\ud835\uddff\ud835\ude00 \ud835\uddf6 \ud835\uddf0\ud835\uddfc\ud835\uddfa\ud835\uddfa\ud835\uddf2\ud835\uddfa\ud835\uddfc\ud835\uddff\ud835\uddee\ud835\ude01\ud835\uddf6\ud835\ude02\ud835\ude00 \ud835\udfee\ud835\udfec\ud835\udfee\ud835\udff2 \u2795\ud83c\udf19","datePublished":"2026-01-24T10:52:09+00:00","mainEntityOfPage":{"@id":"https:\/\/olivamorosicristians.es\/%f0%9d%97%96%f0%9d%97%ae%f0%9d%97%b9%f0%9d%97%b2%f0%9d%97%bb%f0%9d%97%b1%f0%9d%97%ae%f0%9d%97%bf%f0%9d%97%b6-%f0%9d%97%b1%f0%9d%97%ae%f0%9d%97%b0%f0%9d%98%81%f0%9d%97%b2%f0%9d%98%80\/"},"wordCount":60,"publisher":{"@id":"https:\/\/olivamorosicristians.es\/#organization"},"image":{"@id":"https:\/\/olivamorosicristians.es\/%f0%9d%97%96%f0%9d%97%ae%f0%9d%97%b9%f0%9d%97%b2%f0%9d%97%bb%f0%9d%97%b1%f0%9d%97%ae%f0%9d%97%bf%f0%9d%97%b6-%f0%9d%97%b1%f0%9d%97%ae%f0%9d%97%b0%f0%9d%98%81%f0%9d%97%b2%f0%9d%98%80\/#primaryimage"},"thumbnailUrl":"https:\/\/i0.wp.com\/olivamorosicristians.es\/wp-content\/uploads\/2026\/01\/Plantilla-foto_web-noticia.jpg?fit=960%2C540&ssl=1","articleSection":["Esdeveniments"],"inLanguage":"es"},{"@type":"WebPage","@id":"https:\/\/olivamorosicristians.es\/%f0%9d%97%96%f0%9d%97%ae%f0%9d%97%b9%f0%9d%97%b2%f0%9d%97%bb%f0%9d%97%b1%f0%9d%97%ae%f0%9d%97%bf%f0%9d%97%b6-%f0%9d%97%b1%f0%9d%97%ae%f0%9d%97%b0%f0%9d%98%81%f0%9d%97%b2%f0%9d%98%80\/","url":"https:\/\/olivamorosicristians.es\/%f0%9d%97%96%f0%9d%97%ae%f0%9d%97%b9%f0%9d%97%b2%f0%9d%97%bb%f0%9d%97%b1%f0%9d%97%ae%f0%9d%97%bf%f0%9d%97%b6-%f0%9d%97%b1%f0%9d%97%ae%f0%9d%97%b0%f0%9d%98%81%f0%9d%97%b2%f0%9d%98%80\/","name":"\ud835\uddd6\ud835\uddee\ud835\uddf9\ud835\uddf2\ud835\uddfb\ud835\uddf1\ud835\uddee\ud835\uddff\ud835\uddf6 \ud835\uddf1\u2019\ud835\uddee\ud835\uddf0\ud835\ude01\ud835\uddf2\ud835\ude00 \ud835\uddf3\ud835\uddf2\ud835\ude00\ud835\ude01\ud835\uddf2\ud835\uddff\ud835\ude00 \ud835\uddf6 \ud835\uddf0\ud835\uddfc\ud835\uddfa\ud835\uddfa\ud835\uddf2\ud835\uddfa\ud835\uddfc\ud835\uddff\ud835\uddee\ud835\ude01\ud835\uddf6\ud835\ude02\ud835\ude00 \ud835\udfee\ud835\udfec\ud835\udfee\ud835\udff2 \u2795\ud83c\udf19 - Moros i Cristians Oliva","isPartOf":{"@id":"https:\/\/olivamorosicristians.es\/#website"},"primaryImageOfPage":{"@id":"https:\/\/olivamorosicristians.es\/%f0%9d%97%96%f0%9d%97%ae%f0%9d%97%b9%f0%9d%97%b2%f0%9d%97%bb%f0%9d%97%b1%f0%9d%97%ae%f0%9d%97%bf%f0%9d%97%b6-%f0%9d%97%b1%f0%9d%97%ae%f0%9d%97%b0%f0%9d%98%81%f0%9d%97%b2%f0%9d%98%80\/#primaryimage"},"image":{"@id":"https:\/\/olivamorosicristians.es\/%f0%9d%97%96%f0%9d%97%ae%f0%9d%97%b9%f0%9d%97%b2%f0%9d%97%bb%f0%9d%97%b1%f0%9d%97%ae%f0%9d%97%bf%f0%9d%97%b6-%f0%9d%97%b1%f0%9d%97%ae%f0%9d%97%b0%f0%9d%98%81%f0%9d%97%b2%f0%9d%98%80\/#primaryimage"},"thumbnailUrl":"https:\/\/i0.wp.com\/olivamorosicristians.es\/wp-content\/uploads\/2026\/01\/Plantilla-foto_web-noticia.jpg?fit=960%2C540&ssl=1","datePublished":"2026-01-24T10:52:09+00:00","breadcrumb":{"@id":"https:\/\/olivamorosicristians.es\/%f0%9d%97%96%f0%9d%97%ae%f0%9d%97%b9%f0%9d%97%b2%f0%9d%97%bb%f0%9d%97%b1%f0%9d%97%ae%f0%9d%97%bf%f0%9d%97%b6-%f0%9d%97%b1%f0%9d%97%ae%f0%9d%97%b0%f0%9d%98%81%f0%9d%97%b2%f0%9d%98%80\/#breadcrumb"},"inLanguage":"es","potentialAction":[{"@type":"ReadAction","target":["https:\/\/olivamorosicristians.es\/%f0%9d%97%96%f0%9d%97%ae%f0%9d%97%b9%f0%9d%97%b2%f0%9d%97%bb%f0%9d%97%b1%f0%9d%97%ae%f0%9d%97%bf%f0%9d%97%b6-%f0%9d%97%b1%f0%9d%97%ae%f0%9d%97%b0%f0%9d%98%81%f0%9d%97%b2%f0%9d%98%80\/"]}]},{"@type":"ImageObject","inLanguage":"es","@id":"https:\/\/olivamorosicristians.es\/%f0%9d%97%96%f0%9d%97%ae%f0%9d%97%b9%f0%9d%97%b2%f0%9d%97%bb%f0%9d%97%b1%f0%9d%97%ae%f0%9d%97%bf%f0%9d%97%b6-%f0%9d%97%b1%f0%9d%97%ae%f0%9d%97%b0%f0%9d%98%81%f0%9d%97%b2%f0%9d%98%80\/#primaryimage","url":"https:\/\/i0.wp.com\/olivamorosicristians.es\/wp-content\/uploads\/2026\/01\/Plantilla-foto_web-noticia.jpg?fit=960%2C540&ssl=1","contentUrl":"https:\/\/i0.wp.com\/olivamorosicristians.es\/wp-content\/uploads\/2026\/01\/Plantilla-foto_web-noticia.jpg?fit=960%2C540&ssl=1","width":960,"height":540},{"@type":"BreadcrumbList","@id":"https:\/\/olivamorosicristians.es\/%f0%9d%97%96%f0%9d%97%ae%f0%9d%97%b9%f0%9d%97%b2%f0%9d%97%bb%f0%9d%97%b1%f0%9d%97%ae%f0%9d%97%bf%f0%9d%97%b6-%f0%9d%97%b1%f0%9d%97%ae%f0%9d%97%b0%f0%9d%98%81%f0%9d%97%b2%f0%9d%98%80\/#breadcrumb","itemListElement":[{"@type":"ListItem","position":1,"name":"Portada","item":"https:\/\/olivamorosicristians.es\/"},{"@type":"ListItem","position":2,"name":"\ud835\uddd6\ud835\uddee\ud835\uddf9\ud835\uddf2\ud835\uddfb\ud835\uddf1\ud835\uddee\ud835\uddff\ud835\uddf6 \ud835\uddf1\u2019\ud835\uddee\ud835\uddf0\ud835\ude01\ud835\uddf2\ud835\ude00 \ud835\uddf3\ud835\uddf2\ud835\ude00\ud835\ude01\ud835\uddf2\ud835\uddff\ud835\ude00 \ud835\uddf6 \ud835\uddf0\ud835\uddfc\ud835\uddfa\ud835\uddfa\ud835\uddf2\ud835\uddfa\ud835\uddfc\ud835\uddff\ud835\uddee\ud835\ude01\ud835\uddf6\ud835\ude02\ud835\ude00 \ud835\udfee\ud835\udfec\ud835\udfee\ud835\udff2 \u2795\ud83c\udf19"}]},{"@type":"WebSite","@id":"https:\/\/olivamorosicristians.es\/#website","url":"https:\/\/olivamorosicristians.es\/","name":"Moros i Cristians Oliva","description":"FMCO","publisher":{"@id":"https:\/\/olivamorosicristians.es\/#organization"},"potentialAction":[{"@type":"SearchAction","target":{"@type":"EntryPoint","urlTemplate":"https:\/\/olivamorosicristians.es\/?s={search_term_string}"},"query-input":{"@type":"PropertyValueSpecification","valueRequired":true,"valueName":"search_term_string"}}],"inLanguage":"es"},{"@type":"Organization","@id":"https:\/\/olivamorosicristians.es\/#organization","name":"La Federaci\u00f3n de Moros y Cristianos de Oliva","url":"https:\/\/olivamorosicristians.es\/","logo":{"@type":"ImageObject","inLanguage":"es","@id":"https:\/\/olivamorosicristians.es\/#\/schema\/logo\/image\/","url":"https:\/\/i2.wp.com\/olivamorosicristians.es\/wp-content\/uploads\/2018\/06\/Icon_FMiCO.png?fit=50%2C50&ssl=1","contentUrl":"https:\/\/i2.wp.com\/olivamorosicristians.es\/wp-content\/uploads\/2018\/06\/Icon_FMiCO.png?fit=50%2C50&ssl=1","width":50,"height":50,"caption":"Federaci\u00f3 de Moros i Cristians - Oliva"},"image":{"@id":"https:\/\/olivamorosicristians.es\/#\/schema\/logo\/image\/"},"sameAs":["https:\/\/www.facebook.com\/federaciodemorosicristiansdoliva\/","https:\/\/www.instagram.com\/morosicristiansoliva\/?hl=es"]},{"@type":"Person","@id":"https:\/\/olivamorosicristians.es\/#\/schema\/person\/21ece052d8816103cad91a2676fd0149","name":"Webmaster","image":{"@type":"ImageObject","inLanguage":"es","@id":"https:\/\/secure.gravatar.com\/avatar\/18de20f14d74abe0c800b423a8b0e24cae6153cb6baeb2c2df80e1cef2117e0d?s=96&d=mm&r=g","url":"https:\/\/secure.gravatar.com\/avatar\/18de20f14d74abe0c800b423a8b0e24cae6153cb6baeb2c2df80e1cef2117e0d?s=96&d=mm&r=g","contentUrl":"https:\/\/secure.gravatar.com\/avatar\/18de20f14d74abe0c800b423a8b0e24cae6153cb6baeb2c2df80e1cef2117e0d?s=96&d=mm&r=g","caption":"Webmaster"},"sameAs":["https:\/\/www.facebook.com\/federaciodemorosicristiansdoliva","https:\/\/www.instagram.com\/morosicristiansoliva\/"]}]}},"jetpack_publicize_connections":[],"jetpack_featured_media_url":"https:\/\/i0.wp.com\/olivamorosicristians.es\/wp-content\/uploads\/2026\/01\/Plantilla-foto_web-noticia.jpg?fit=960%2C540&ssl=1","jetpack_sharing_enabled":true,"jetpack_shortlink":"https:\/\/wp.me\/pagEx6-34J","jetpack-related-posts":[],"_links":{"self":[{"href":"https:\/\/olivamorosicristians.es\/es\/wp-json\/wp\/v2\/posts\/11825","targetHints":{"allow":["GET"]}}],"collection":[{"href":"https:\/\/olivamorosicristians.es\/es\/wp-json\/wp\/v2\/posts"}],"about":[{"href":"https:\/\/olivamorosicristians.es\/es\/wp-json\/wp\/v2\/types\/post"}],"author":[{"embeddable":true,"href":"https:\/\/olivamorosicristians.es\/es\/wp-json\/wp\/v2\/users\/1"}],"replies":[{"embeddable":true,"href":"https:\/\/olivamorosicristians.es\/es\/wp-json\/wp\/v2\/comments?post=11825"}],"version-history":[{"count":1,"href":"https:\/\/olivamorosicristians.es\/es\/wp-json\/wp\/v2\/posts\/11825\/revisions"}],"predecessor-version":[{"id":11827,"href":"https:\/\/olivamorosicristians.es\/es\/wp-json\/wp\/v2\/posts\/11825\/revisions\/11827"}],"wp:featuredmedia":[{"embeddable":true,"href":"https:\/\/olivamorosicristians.es\/es\/wp-json\/wp\/v2\/media\/11826"}],"wp:attachment":[{"href":"https:\/\/olivamorosicristians.es\/es\/wp-json\/wp\/v2\/media?parent=11825"}],"wp:term":[{"taxonomy":"category","embeddable":true,"href":"https:\/\/olivamorosicristians.es\/es\/wp-json\/wp\/v2\/categories?post=11825"},{"taxonomy":"post_tag","embeddable":true,"href":"https:\/\/olivamorosicristians.es\/es\/wp-json\/wp\/v2\/tags?post=11825"}],"curies":[{"name":"wp","href":"https:\/\/api.w.org\/{rel}","templated":true}]}}