{"id":11726,"date":"2025-09-16T19:49:23","date_gmt":"2025-09-16T17:49:23","guid":{"rendered":"https:\/\/olivamorosicristians.es\/?p=11726"},"modified":"2025-09-16T20:35:12","modified_gmt":"2025-09-16T18:35:12","slug":"cronica-de-les-festes-de-moros-i-cristians-doliva-2025","status":"publish","type":"post","link":"https:\/\/olivamorosicristians.es\/es\/cronica-de-les-festes-de-moros-i-cristians-doliva-2025\/","title":{"rendered":"Cr\u00f2nica de les Festes de Moros i Cristians d\u2019Oliva 2025"},"content":{"rendered":"<section class=\"w-section\">\r\n<div class=\"row\"><div class=\"col col-12\">\r\n    <div class=\"col-inner\"><div class=\"w-text-block\">\n    <p class=\"p1\">El passat mes de juliol, del 17 al 20, Oliva va viure les festes de Moros i Cristians amb una gran programaci\u00f3, en la qual es van realitzar diferents actes i tot el poble, aix\u00ed com els festers i festeres, van gaudir intensament de la celebraci\u00f3.<\/p>\n<p class=\"p1\">Aquestes festes es van iniciar el 1921 en honor al Crist de Sant Roc, per\u00f2 es van interrompre diverses vegades per motius econ\u00f2mics (1925 i 1957). L\u2019etapa actual comen\u00e7\u00e0 el 1975 amb la creaci\u00f3 dels Moros del Metall i la Junta de Comparses, que m\u00e9s tard esdevingu\u00e9 Junta Central i, el 2010, en la Federaci\u00f3 de Moros i Cristians d\u2019Oliva. Des de 1996 es celebren al voltant del tercer dijous de juliol, i el 2008 foren declarades Festa d\u2019Inter\u00e8s Tur\u00edstic Auton\u00f2mic. Avui inclouen actes al febrer i al juliol, organitzats amb el suport municipal. Des d\u2019aleshores, el poble d\u2019Oliva espera cada any les festes amb molta il\u00b7lusi\u00f3.<\/p>\n<p class=\"p1\">Abans de la setmana gran, van tindre lloc diversos actes molt importants dins de la nostra festa. El passat 28 de juny es va celebrar la <b>XXVI Trobada Infantil de Moros i Cristians<\/b> i el lliurament de premis del <b>Concurs de Dibuix Infantil 2025<\/b>, amb activitats i jocs per als xiquets i xiquetes. En aquest mat\u00ed tan entretingut, els m\u00e9s menuts i menudes van gaudir d\u2019una jornada plena de diversi\u00f3 i festa.<\/p>\n<\/div><div class=\"w-space\" style=\"height:30px\"><\/div><\/div><\/div><\/div><\/section><section class=\"w-section\">\r\n<div class=\"row\"><div class=\"col col-12\">\r\n    <div class=\"col-inner\"><div class=\"w-image text-center\">\n            <img loading=\"lazy\" decoding=\"async\" width=\"1280\" height=\"853\" src=\"https:\/\/i0.wp.com\/olivamorosicristians.es\/wp-content\/uploads\/2025\/08\/1-Fireta-infantil-scaled.jpg?fit=1280%2C853&amp;ssl=1\" class=\"attachment-overlap-fullwidth size-overlap-fullwidth\" alt=\"\" srcset=\"https:\/\/i0.wp.com\/olivamorosicristians.es\/wp-content\/uploads\/2025\/08\/1-Fireta-infantil-scaled.jpg?w=2560&amp;ssl=1 2560w, https:\/\/i0.wp.com\/olivamorosicristians.es\/wp-content\/uploads\/2025\/08\/1-Fireta-infantil-scaled.jpg?resize=300%2C200&amp;ssl=1 300w, https:\/\/i0.wp.com\/olivamorosicristians.es\/wp-content\/uploads\/2025\/08\/1-Fireta-infantil-scaled.jpg?resize=1024%2C683&amp;ssl=1 1024w, https:\/\/i0.wp.com\/olivamorosicristians.es\/wp-content\/uploads\/2025\/08\/1-Fireta-infantil-scaled.jpg?resize=768%2C512&amp;ssl=1 768w, https:\/\/i0.wp.com\/olivamorosicristians.es\/wp-content\/uploads\/2025\/08\/1-Fireta-infantil-scaled.jpg?resize=1536%2C1024&amp;ssl=1 1536w, https:\/\/i0.wp.com\/olivamorosicristians.es\/wp-content\/uploads\/2025\/08\/1-Fireta-infantil-scaled.jpg?resize=2048%2C1365&amp;ssl=1 2048w, https:\/\/i0.wp.com\/olivamorosicristians.es\/wp-content\/uploads\/2025\/08\/1-Fireta-infantil-scaled.jpg?resize=18%2C12&amp;ssl=1 18w, https:\/\/i0.wp.com\/olivamorosicristians.es\/wp-content\/uploads\/2025\/08\/1-Fireta-infantil-scaled.jpg?resize=640%2C427&amp;ssl=1 640w, https:\/\/i0.wp.com\/olivamorosicristians.es\/wp-content\/uploads\/2025\/08\/1-Fireta-infantil-scaled.jpg?resize=1280%2C853&amp;ssl=1 1280w, https:\/\/i0.wp.com\/olivamorosicristians.es\/wp-content\/uploads\/2025\/08\/1-Fireta-infantil-scaled.jpg?resize=1320%2C880&amp;ssl=1 1320w, https:\/\/i0.wp.com\/olivamorosicristians.es\/wp-content\/uploads\/2025\/08\/1-Fireta-infantil-scaled.jpg?w=2340&amp;ssl=1 2340w\" sizes=\"auto, (max-width: 1170px) 100vw, 1170px\" data-attachment-id=\"11727\" data-permalink=\"https:\/\/olivamorosicristians.es\/es\/cronica-de-les-festes-de-moros-i-cristians-doliva-2025\/1-fireta-infantil\/\" data-orig-file=\"https:\/\/i0.wp.com\/olivamorosicristians.es\/wp-content\/uploads\/2025\/08\/1-Fireta-infantil-scaled.jpg?fit=2560%2C1707&amp;ssl=1\" data-orig-size=\"2560,1707\" data-comments-opened=\"0\" data-image-meta=\"{&quot;aperture&quot;:&quot;5.6&quot;,&quot;credit&quot;:&quot;ANTONI RIBERA OLTRA&quot;,&quot;camera&quot;:&quot;Canon EOS 5D Mark IV&quot;,&quot;caption&quot;:&quot;&quot;,&quot;created_timestamp&quot;:&quot;1751107634&quot;,&quot;copyright&quot;:&quot;ANTONI RIBERA OLTRA antoniribera@live.com +34645997713&quot;,&quot;focal_length&quot;:&quot;51&quot;,&quot;iso&quot;:&quot;250&quot;,&quot;shutter_speed&quot;:&quot;0.005&quot;,&quot;title&quot;:&quot;&quot;,&quot;orientation&quot;:&quot;0&quot;}\" data-image-title=\"1 &amp;#8211; Fireta infantil\" data-image-description=\"\" data-image-caption=\"\" data-large-file=\"https:\/\/i0.wp.com\/olivamorosicristians.es\/wp-content\/uploads\/2025\/08\/1-Fireta-infantil-scaled.jpg?fit=1024%2C683&amp;ssl=1\" \/>    <\/div>\n<div class=\"w-space\" style=\"height:30px\"><\/div><div class=\"w-text-block\">\n    <p class=\"p1\">El 5 de juliol va tindre lloc la <b>presentaci\u00f3 del pregoner, del director de bandes i de la imatge gr\u00e0fica<\/b> de les festes: cartell i llibre oficials. En aquest acte es va presentar a <b>Carlos Salelles<\/b> com a pregoner, i a <b>Josep Alemany<\/b> com a director de bandes i <b>D\u00eddac Ballester<\/b> com a dissenyador de la imatge gr\u00e0fica d\u2019aquest any. A m\u00e9s, es va donar a con\u00e9ixer el llibre oficial i es va fer lliurament d\u2019aquest als c\u00e0rrecs i presidents\/es de cada filada.<\/p>\n<\/div><div class=\"w-space\" style=\"height:30px\"><\/div><div class=\"w-image-gallery w-grid\">\r\n    <div class=\"w-view clear\">\r\n                    <div class=\"w-item col-6\">\r\n                                <a href=\"https:\/\/i0.wp.com\/olivamorosicristians.es\/wp-content\/uploads\/2025\/08\/2-Pregoner-i-director-scaled.jpg?fit=2560%2C1707&#038;ssl=1\" data-rel=\"lightcase:gallery-32\">\r\n        <img loading=\"lazy\" decoding=\"async\" width=\"640\" height=\"640\" src=\"https:\/\/i0.wp.com\/olivamorosicristians.es\/wp-content\/uploads\/2025\/08\/2-Pregoner-i-director-scaled.jpg?resize=640%2C640&amp;ssl=1\" class=\"cover-image\" alt=\"\" srcset=\"https:\/\/i0.wp.com\/olivamorosicristians.es\/wp-content\/uploads\/2025\/08\/2-Pregoner-i-director-scaled.jpg?resize=150%2C150&amp;ssl=1 150w, https:\/\/i0.wp.com\/olivamorosicristians.es\/wp-content\/uploads\/2025\/08\/2-Pregoner-i-director-scaled.jpg?resize=340%2C340&amp;ssl=1 340w, https:\/\/i0.wp.com\/olivamorosicristians.es\/wp-content\/uploads\/2025\/08\/2-Pregoner-i-director-scaled.jpg?resize=640%2C640&amp;ssl=1 640w, https:\/\/i0.wp.com\/olivamorosicristians.es\/wp-content\/uploads\/2025\/08\/2-Pregoner-i-director-scaled.jpg?resize=960%2C960&amp;ssl=1 960w, https:\/\/i0.wp.com\/olivamorosicristians.es\/wp-content\/uploads\/2025\/08\/2-Pregoner-i-director-scaled.jpg?zoom=2&amp;resize=640%2C640&amp;ssl=1 1280w, https:\/\/i0.wp.com\/olivamorosicristians.es\/wp-content\/uploads\/2025\/08\/2-Pregoner-i-director-scaled.jpg?zoom=3&amp;resize=640%2C640&amp;ssl=1 1920w\" sizes=\"auto, (max-width: 640px) 100vw, 640px\" data-attachment-id=\"11729\" data-permalink=\"https:\/\/olivamorosicristians.es\/es\/cronica-de-les-festes-de-moros-i-cristians-doliva-2025\/2-pregoner-i-director\/\" data-orig-file=\"https:\/\/i0.wp.com\/olivamorosicristians.es\/wp-content\/uploads\/2025\/08\/2-Pregoner-i-director-scaled.jpg?fit=2560%2C1707&amp;ssl=1\" data-orig-size=\"2560,1707\" data-comments-opened=\"0\" data-image-meta=\"{&quot;aperture&quot;:&quot;2.8&quot;,&quot;credit&quot;:&quot;&quot;,&quot;camera&quot;:&quot;Canon EOS 5D Mark IV&quot;,&quot;caption&quot;:&quot;&quot;,&quot;created_timestamp&quot;:&quot;1751736725&quot;,&quot;copyright&quot;:&quot;&quot;,&quot;focal_length&quot;:&quot;28&quot;,&quot;iso&quot;:&quot;800&quot;,&quot;shutter_speed&quot;:&quot;0.005&quot;,&quot;title&quot;:&quot;&quot;,&quot;orientation&quot;:&quot;0&quot;}\" data-image-title=\"2- Pregoner i director\" data-image-description=\"\" data-image-caption=\"\" data-large-file=\"https:\/\/i0.wp.com\/olivamorosicristians.es\/wp-content\/uploads\/2025\/08\/2-Pregoner-i-director-scaled.jpg?fit=1024%2C683&amp;ssl=1\" \/>        <\/a>\r\n                <\/div>\r\n                    <div class=\"w-item col-6\">\r\n                                <a href=\"https:\/\/i0.wp.com\/olivamorosicristians.es\/wp-content\/uploads\/2025\/08\/3-cartell-scaled.jpg?fit=2048%2C2560&#038;ssl=1\" data-rel=\"lightcase:gallery-32\">\r\n        <img loading=\"lazy\" decoding=\"async\" width=\"640\" height=\"640\" src=\"https:\/\/i0.wp.com\/olivamorosicristians.es\/wp-content\/uploads\/2025\/08\/3-cartell-scaled.jpg?resize=640%2C640&amp;ssl=1\" class=\"cover-image\" alt=\"\" srcset=\"https:\/\/i0.wp.com\/olivamorosicristians.es\/wp-content\/uploads\/2025\/08\/3-cartell-scaled.jpg?resize=150%2C150&amp;ssl=1 150w, https:\/\/i0.wp.com\/olivamorosicristians.es\/wp-content\/uploads\/2025\/08\/3-cartell-scaled.jpg?resize=340%2C340&amp;ssl=1 340w, https:\/\/i0.wp.com\/olivamorosicristians.es\/wp-content\/uploads\/2025\/08\/3-cartell-scaled.jpg?resize=640%2C640&amp;ssl=1 640w, https:\/\/i0.wp.com\/olivamorosicristians.es\/wp-content\/uploads\/2025\/08\/3-cartell-scaled.jpg?resize=960%2C960&amp;ssl=1 960w, https:\/\/i0.wp.com\/olivamorosicristians.es\/wp-content\/uploads\/2025\/08\/3-cartell-scaled.jpg?zoom=2&amp;resize=640%2C640&amp;ssl=1 1280w, https:\/\/i0.wp.com\/olivamorosicristians.es\/wp-content\/uploads\/2025\/08\/3-cartell-scaled.jpg?zoom=3&amp;resize=640%2C640&amp;ssl=1 1920w\" sizes=\"auto, (max-width: 640px) 100vw, 640px\" data-attachment-id=\"11731\" data-permalink=\"https:\/\/olivamorosicristians.es\/es\/cronica-de-les-festes-de-moros-i-cristians-doliva-2025\/3-cartell\/\" data-orig-file=\"https:\/\/i0.wp.com\/olivamorosicristians.es\/wp-content\/uploads\/2025\/08\/3-cartell-scaled.jpg?fit=2048%2C2560&amp;ssl=1\" data-orig-size=\"2048,2560\" data-comments-opened=\"0\" data-image-meta=\"{&quot;aperture&quot;:&quot;0&quot;,&quot;credit&quot;:&quot;&quot;,&quot;camera&quot;:&quot;&quot;,&quot;caption&quot;:&quot;&quot;,&quot;created_timestamp&quot;:&quot;0&quot;,&quot;copyright&quot;:&quot;&quot;,&quot;focal_length&quot;:&quot;0&quot;,&quot;iso&quot;:&quot;0&quot;,&quot;shutter_speed&quot;:&quot;0&quot;,&quot;title&quot;:&quot;&quot;,&quot;orientation&quot;:&quot;0&quot;}\" data-image-title=\"3 &amp;#8211; cartell\" data-image-description=\"\" data-image-caption=\"\" data-large-file=\"https:\/\/i0.wp.com\/olivamorosicristians.es\/wp-content\/uploads\/2025\/08\/3-cartell-scaled.jpg?fit=819%2C1024&amp;ssl=1\" \/>        <\/a>\r\n                <\/div>\r\n        <\/div>\r\n<\/div><div class=\"w-space\" style=\"height:30px\"><\/div><div class=\"w-text-block\">\n    <p class=\"p1\">El 12 de juliol es va celebrar la <b>Presentaci\u00f3 de C\u00e0rrecs<\/b>: capitans, ambaixadors i abanderats\/ades, precedida per una cercavila per recollir als c\u00e0rrecs a les seues filades. Aquest any, les capitanies van estar ostentades per la <b>Filada Jaume I<\/b>, pel b\u00e0ndol cristi\u00e0, i la <b>Filada Tuareg<\/b>, pel b\u00e0ndol moro. Sent els m\u00e0xims c\u00e0rrecs de la festa:<\/p>\n<ul class=\"ul1\">\n<li class=\"li1\"><b>Abanderada de la Federaci\u00f3<\/b>: Mar Pla Parra<\/li>\n<li class=\"li1\"><b>Ambaixador cristi\u00e0<\/b>: Carlos Parra Mestre<\/li>\n<li class=\"li1\"><b>Ambaixador moro<\/b>: Alejandro Forrat Esteve<\/li>\n<li class=\"li1\"><b>Capit\u00e0 cristi\u00e0<\/b>: Josep Parra Mestre<\/li>\n<li class=\"li1\"><b>Capit\u00e0 moro<\/b>: Fernando Arnal Guti\u00e9rrez<\/li>\n<\/ul>\n<\/div><div class=\"w-space\" style=\"height:30px\"><\/div><div class=\"w-image text-center\">\n            <img loading=\"lazy\" decoding=\"async\" width=\"1280\" height=\"853\" src=\"https:\/\/i0.wp.com\/olivamorosicristians.es\/wp-content\/uploads\/2025\/08\/4-Presentacio-carrecs-scaled.jpg?fit=1280%2C853&amp;ssl=1\" class=\"attachment-overlap-fullwidth size-overlap-fullwidth\" alt=\"\" srcset=\"https:\/\/i0.wp.com\/olivamorosicristians.es\/wp-content\/uploads\/2025\/08\/4-Presentacio-carrecs-scaled.jpg?w=2560&amp;ssl=1 2560w, https:\/\/i0.wp.com\/olivamorosicristians.es\/wp-content\/uploads\/2025\/08\/4-Presentacio-carrecs-scaled.jpg?resize=300%2C200&amp;ssl=1 300w, https:\/\/i0.wp.com\/olivamorosicristians.es\/wp-content\/uploads\/2025\/08\/4-Presentacio-carrecs-scaled.jpg?resize=1024%2C683&amp;ssl=1 1024w, https:\/\/i0.wp.com\/olivamorosicristians.es\/wp-content\/uploads\/2025\/08\/4-Presentacio-carrecs-scaled.jpg?resize=768%2C512&amp;ssl=1 768w, https:\/\/i0.wp.com\/olivamorosicristians.es\/wp-content\/uploads\/2025\/08\/4-Presentacio-carrecs-scaled.jpg?resize=1536%2C1024&amp;ssl=1 1536w, https:\/\/i0.wp.com\/olivamorosicristians.es\/wp-content\/uploads\/2025\/08\/4-Presentacio-carrecs-scaled.jpg?resize=2048%2C1365&amp;ssl=1 2048w, https:\/\/i0.wp.com\/olivamorosicristians.es\/wp-content\/uploads\/2025\/08\/4-Presentacio-carrecs-scaled.jpg?resize=18%2C12&amp;ssl=1 18w, https:\/\/i0.wp.com\/olivamorosicristians.es\/wp-content\/uploads\/2025\/08\/4-Presentacio-carrecs-scaled.jpg?resize=640%2C427&amp;ssl=1 640w, https:\/\/i0.wp.com\/olivamorosicristians.es\/wp-content\/uploads\/2025\/08\/4-Presentacio-carrecs-scaled.jpg?resize=1280%2C853&amp;ssl=1 1280w, https:\/\/i0.wp.com\/olivamorosicristians.es\/wp-content\/uploads\/2025\/08\/4-Presentacio-carrecs-scaled.jpg?resize=1320%2C880&amp;ssl=1 1320w, https:\/\/i0.wp.com\/olivamorosicristians.es\/wp-content\/uploads\/2025\/08\/4-Presentacio-carrecs-scaled.jpg?w=2340&amp;ssl=1 2340w\" sizes=\"auto, (max-width: 1170px) 100vw, 1170px\" data-attachment-id=\"11732\" data-permalink=\"https:\/\/olivamorosicristians.es\/es\/cronica-de-les-festes-de-moros-i-cristians-doliva-2025\/4-presentacio-carrecs\/\" data-orig-file=\"https:\/\/i0.wp.com\/olivamorosicristians.es\/wp-content\/uploads\/2025\/08\/4-Presentacio-carrecs-scaled.jpg?fit=2560%2C1707&amp;ssl=1\" data-orig-size=\"2560,1707\" data-comments-opened=\"0\" data-image-meta=\"{&quot;aperture&quot;:&quot;4&quot;,&quot;credit&quot;:&quot;ANTONI RIBERA OLTRA&quot;,&quot;camera&quot;:&quot;Canon EOS 5D Mark IV&quot;,&quot;caption&quot;:&quot;&quot;,&quot;created_timestamp&quot;:&quot;1752360117&quot;,&quot;copyright&quot;:&quot;ANTONI RIBERA OLTRA antoniribera@live.com +34645997713&quot;,&quot;focal_length&quot;:&quot;38&quot;,&quot;iso&quot;:&quot;1600&quot;,&quot;shutter_speed&quot;:&quot;0.016666666666667&quot;,&quot;title&quot;:&quot;&quot;,&quot;orientation&quot;:&quot;0&quot;}\" data-image-title=\"4 &amp;#8211; Presentacio\u0301 ca\u0300rrecs\" data-image-description=\"\" data-image-caption=\"\" data-large-file=\"https:\/\/i0.wp.com\/olivamorosicristians.es\/wp-content\/uploads\/2025\/08\/4-Presentacio-carrecs-scaled.jpg?fit=1024%2C683&amp;ssl=1\" \/>    <\/div>\n<div class=\"w-space\" style=\"height:30px\"><\/div><div class=\"w-text-block\">\n    <p class=\"p1\">El diumenge anterior a les festes es va oferir el <b>Concert de M\u00fasica Festera<\/b>, a c\u00e0rrec de la Banda Simf\u00f2nica de l\u2019Associaci\u00f3 Art\u00edstic Musical d\u2019Oliva i la Colla Sarabanda d\u2019Oliva, amb la interpretaci\u00f3 i estrena de diverses peces musicals, entre elles <i>Senjaq<\/i> i <i>Arnes 25<\/i>, aquesta \u00faltima dedicada al capit\u00e0 moro <b>Fernando Arnal<\/b> i a la seua favorita <b>Lorena Escriv\u00e0<\/b>.<\/p>\n<\/div><div class=\"w-space\" style=\"height:30px\"><\/div><div class=\"w-image text-center\">\n            <img loading=\"lazy\" decoding=\"async\" width=\"2560\" height=\"1194\" src=\"https:\/\/i0.wp.com\/olivamorosicristians.es\/wp-content\/uploads\/2025\/08\/5-Concert-scaled.jpg?fit=2560%2C1194&amp;ssl=1\" class=\"attachment-full size-full\" alt=\"\" srcset=\"https:\/\/i0.wp.com\/olivamorosicristians.es\/wp-content\/uploads\/2025\/08\/5-Concert-scaled.jpg?w=2560&amp;ssl=1 2560w, https:\/\/i0.wp.com\/olivamorosicristians.es\/wp-content\/uploads\/2025\/08\/5-Concert-scaled.jpg?resize=300%2C140&amp;ssl=1 300w, https:\/\/i0.wp.com\/olivamorosicristians.es\/wp-content\/uploads\/2025\/08\/5-Concert-scaled.jpg?resize=1024%2C478&amp;ssl=1 1024w, https:\/\/i0.wp.com\/olivamorosicristians.es\/wp-content\/uploads\/2025\/08\/5-Concert-scaled.jpg?resize=768%2C358&amp;ssl=1 768w, https:\/\/i0.wp.com\/olivamorosicristians.es\/wp-content\/uploads\/2025\/08\/5-Concert-scaled.jpg?resize=1536%2C716&amp;ssl=1 1536w, https:\/\/i0.wp.com\/olivamorosicristians.es\/wp-content\/uploads\/2025\/08\/5-Concert-scaled.jpg?resize=2048%2C955&amp;ssl=1 2048w, https:\/\/i0.wp.com\/olivamorosicristians.es\/wp-content\/uploads\/2025\/08\/5-Concert-scaled.jpg?resize=18%2C8&amp;ssl=1 18w, https:\/\/i0.wp.com\/olivamorosicristians.es\/wp-content\/uploads\/2025\/08\/5-Concert-scaled.jpg?resize=640%2C299&amp;ssl=1 640w, https:\/\/i0.wp.com\/olivamorosicristians.es\/wp-content\/uploads\/2025\/08\/5-Concert-scaled.jpg?resize=1280%2C597&amp;ssl=1 1280w, https:\/\/i0.wp.com\/olivamorosicristians.es\/wp-content\/uploads\/2025\/08\/5-Concert-scaled.jpg?resize=1320%2C616&amp;ssl=1 1320w, https:\/\/i0.wp.com\/olivamorosicristians.es\/wp-content\/uploads\/2025\/08\/5-Concert-scaled.jpg?w=2340&amp;ssl=1 2340w\" sizes=\"auto, (max-width: 1170px) 100vw, 1170px\" data-attachment-id=\"11734\" data-permalink=\"https:\/\/olivamorosicristians.es\/es\/cronica-de-les-festes-de-moros-i-cristians-doliva-2025\/5-concert\/\" data-orig-file=\"https:\/\/i0.wp.com\/olivamorosicristians.es\/wp-content\/uploads\/2025\/08\/5-Concert-scaled.jpg?fit=2560%2C1194&amp;ssl=1\" data-orig-size=\"2560,1194\" data-comments-opened=\"0\" data-image-meta=\"{&quot;aperture&quot;:&quot;4.5&quot;,&quot;credit&quot;:&quot;ANTONI RIBERA OLTRA&quot;,&quot;camera&quot;:&quot;Canon EOS 5D Mark IV&quot;,&quot;caption&quot;:&quot;&quot;,&quot;created_timestamp&quot;:&quot;1752438791&quot;,&quot;copyright&quot;:&quot;ANTONI RIBERA OLTRA antoniribera@live.com +34645997713&quot;,&quot;focal_length&quot;:&quot;40&quot;,&quot;iso&quot;:&quot;800&quot;,&quot;shutter_speed&quot;:&quot;0.008&quot;,&quot;title&quot;:&quot;&quot;,&quot;orientation&quot;:&quot;1&quot;}\" data-image-title=\"5 &amp;#8211; Concert\" data-image-description=\"\" data-image-caption=\"\" data-large-file=\"https:\/\/i0.wp.com\/olivamorosicristians.es\/wp-content\/uploads\/2025\/08\/5-Concert-scaled.jpg?fit=1024%2C478&amp;ssl=1\" \/>    <\/div>\n<div class=\"w-space\" style=\"height:30px\"><\/div><div class=\"w-text-block\">\n    <p class=\"p2\">Dins de la setmana festera, dilluns 14 i dimarts 15, van tindre lloc les <b>Entradetes per Loygorri<\/b>, un acte organitzat per la Filada Mosqueters per tercer any consecutiu i que, cada edici\u00f3, ha anat guanyant m\u00e9s pes dins de la festa.<\/p>\n<p class=\"p2\">El dijous 17 de juliol, primer dia oficial de festes, va tindre lloc l\u2019<b>Entrada de bandes i festers\/eres<\/b>, seguida del <b>Preg\u00f3<\/b> des del balc\u00f3 de l\u2019Ajuntament a c\u00e0rrec de <b>Carlos Salelles<\/b>. A continuaci\u00f3, es va interpretar l\u2019himne de festes, anomenat \u201c<i>Oliva 1990\u201d<\/i> del mestre <b>Miguel Villar<\/b>, dirigit pel director de bandes <b>Josep Alemany<\/b>, i interpretat per totes les bandes de m\u00fasica assistents. Per tal de concloure l\u2019acte, es realitzaren les arrencades <b>de bandes de m\u00fasica <\/b>de les diferents filades, des de la pla\u00e7a de l\u2019Ajuntament.<\/p>\n<p class=\"p2\">A la nit, va tindre lloc la tradicional <b>Nit del Putxero<\/b> a les diferents cabiles, seguida de l\u2019<b>Entradeta informal<\/b> a ritme de pasdoble dianer.<\/p>\n<\/div><div class=\"w-space\" style=\"height:30px\"><\/div><div class=\"w-image-gallery w-grid\">\r\n    <div class=\"w-view clear\">\r\n                    <div class=\"w-item col-6\">\r\n                                <a href=\"https:\/\/i0.wp.com\/olivamorosicristians.es\/wp-content\/uploads\/2025\/08\/6-Prego-scaled.jpg?fit=2560%2C1707&#038;ssl=1\" data-rel=\"lightcase:gallery-69\">\r\n        <img loading=\"lazy\" decoding=\"async\" width=\"340\" height=\"340\" src=\"https:\/\/i0.wp.com\/olivamorosicristians.es\/wp-content\/uploads\/2025\/08\/6-Prego-scaled.jpg?resize=340%2C340&amp;ssl=1\" class=\"cover-image\" alt=\"\" srcset=\"https:\/\/i0.wp.com\/olivamorosicristians.es\/wp-content\/uploads\/2025\/08\/6-Prego-scaled.jpg?resize=150%2C150&amp;ssl=1 150w, https:\/\/i0.wp.com\/olivamorosicristians.es\/wp-content\/uploads\/2025\/08\/6-Prego-scaled.jpg?resize=340%2C340&amp;ssl=1 340w, https:\/\/i0.wp.com\/olivamorosicristians.es\/wp-content\/uploads\/2025\/08\/6-Prego-scaled.jpg?resize=640%2C640&amp;ssl=1 640w, https:\/\/i0.wp.com\/olivamorosicristians.es\/wp-content\/uploads\/2025\/08\/6-Prego-scaled.jpg?resize=960%2C960&amp;ssl=1 960w, https:\/\/i0.wp.com\/olivamorosicristians.es\/wp-content\/uploads\/2025\/08\/6-Prego-scaled.jpg?zoom=3&amp;resize=340%2C340&amp;ssl=1 1020w\" sizes=\"auto, (max-width: 340px) 100vw, 340px\" data-attachment-id=\"11736\" data-permalink=\"https:\/\/olivamorosicristians.es\/es\/cronica-de-les-festes-de-moros-i-cristians-doliva-2025\/6-prego\/\" data-orig-file=\"https:\/\/i0.wp.com\/olivamorosicristians.es\/wp-content\/uploads\/2025\/08\/6-Prego-scaled.jpg?fit=2560%2C1707&amp;ssl=1\" data-orig-size=\"2560,1707\" data-comments-opened=\"0\" data-image-meta=\"{&quot;aperture&quot;:&quot;8&quot;,&quot;credit&quot;:&quot;ANTONI RIBERA OLTRA&quot;,&quot;camera&quot;:&quot;Canon EOS 5D Mark IV&quot;,&quot;caption&quot;:&quot;&quot;,&quot;created_timestamp&quot;:&quot;1752780547&quot;,&quot;copyright&quot;:&quot;ANTONI RIBERA OLTRA antoniribera@live.com +34645997713&quot;,&quot;focal_length&quot;:&quot;111&quot;,&quot;iso&quot;:&quot;200&quot;,&quot;shutter_speed&quot;:&quot;0.005&quot;,&quot;title&quot;:&quot;&quot;,&quot;orientation&quot;:&quot;1&quot;}\" data-image-title=\"6 &amp;#8211; Prego\u0301\" data-image-description=\"\" data-image-caption=\"\" data-large-file=\"https:\/\/i0.wp.com\/olivamorosicristians.es\/wp-content\/uploads\/2025\/08\/6-Prego-scaled.jpg?fit=1024%2C683&amp;ssl=1\" \/>        <\/a>\r\n                <\/div>\r\n                    <div class=\"w-item col-6\">\r\n                                <a href=\"https:\/\/i0.wp.com\/olivamorosicristians.es\/wp-content\/uploads\/2025\/08\/7-Oliva-1990-scaled.jpg?fit=1707%2C2560&#038;ssl=1\" data-rel=\"lightcase:gallery-69\">\r\n        <img loading=\"lazy\" decoding=\"async\" width=\"340\" height=\"340\" src=\"https:\/\/i0.wp.com\/olivamorosicristians.es\/wp-content\/uploads\/2025\/08\/7-Oliva-1990-scaled.jpg?resize=340%2C340&amp;ssl=1\" class=\"cover-image\" alt=\"\" srcset=\"https:\/\/i0.wp.com\/olivamorosicristians.es\/wp-content\/uploads\/2025\/08\/7-Oliva-1990-scaled.jpg?resize=150%2C150&amp;ssl=1 150w, https:\/\/i0.wp.com\/olivamorosicristians.es\/wp-content\/uploads\/2025\/08\/7-Oliva-1990-scaled.jpg?resize=340%2C340&amp;ssl=1 340w, https:\/\/i0.wp.com\/olivamorosicristians.es\/wp-content\/uploads\/2025\/08\/7-Oliva-1990-scaled.jpg?resize=640%2C640&amp;ssl=1 640w, https:\/\/i0.wp.com\/olivamorosicristians.es\/wp-content\/uploads\/2025\/08\/7-Oliva-1990-scaled.jpg?resize=960%2C960&amp;ssl=1 960w, https:\/\/i0.wp.com\/olivamorosicristians.es\/wp-content\/uploads\/2025\/08\/7-Oliva-1990-scaled.jpg?zoom=3&amp;resize=340%2C340&amp;ssl=1 1020w\" sizes=\"auto, (max-width: 340px) 100vw, 340px\" data-attachment-id=\"11737\" data-permalink=\"https:\/\/olivamorosicristians.es\/es\/cronica-de-les-festes-de-moros-i-cristians-doliva-2025\/7-oliva-1990\/\" data-orig-file=\"https:\/\/i0.wp.com\/olivamorosicristians.es\/wp-content\/uploads\/2025\/08\/7-Oliva-1990-scaled.jpg?fit=1707%2C2560&amp;ssl=1\" data-orig-size=\"1707,2560\" data-comments-opened=\"0\" data-image-meta=\"{&quot;aperture&quot;:&quot;4&quot;,&quot;credit&quot;:&quot;&quot;,&quot;camera&quot;:&quot;Canon EOS 5D Mark III&quot;,&quot;caption&quot;:&quot;&quot;,&quot;created_timestamp&quot;:&quot;1752782253&quot;,&quot;copyright&quot;:&quot;&quot;,&quot;focal_length&quot;:&quot;85&quot;,&quot;iso&quot;:&quot;800&quot;,&quot;shutter_speed&quot;:&quot;0.00125&quot;,&quot;title&quot;:&quot;&quot;,&quot;orientation&quot;:&quot;0&quot;}\" data-image-title=\"7 &amp;#8211; Oliva 1990\" data-image-description=\"\" data-image-caption=\"\" data-large-file=\"https:\/\/i0.wp.com\/olivamorosicristians.es\/wp-content\/uploads\/2025\/08\/7-Oliva-1990-scaled.jpg?fit=683%2C1024&amp;ssl=1\" \/>        <\/a>\r\n                <\/div>\r\n        <\/div>\r\n<\/div><div class=\"w-space\" style=\"height:30px\"><\/div><div class=\"w-text-block\">\n    <p class=\"p2\">El divendres 18 de juliol, la jornada va comen\u00e7ar amb la <b>Diana d\u2019arcabusseria<\/b> pels carrers de la ciutat, fent parada al \u201c<b>Bar El Pelut\u201d<\/b>.<\/p>\n<p class=\"p2\">A la vesprada va ser el torn de l\u2019<b>Entrada Cristiana<\/b>, amb l\u2019ordre seg\u00fcent:<\/p>\n<ol class=\"ol1\">\n<li class=\"li2\">Filada Mosqueters<\/li>\n<li class=\"li2\">Filada Masers<\/li>\n<li class=\"li2\">Filada Pirates<\/li>\n<li class=\"li2\">Filada Templaris<\/li>\n<li class=\"li2\">Filada Contrabandistes<\/li>\n<li class=\"li2\">Capitania cristiana 2025: <b>Filada Jaume I<\/b><\/li>\n<\/ol>\n<p class=\"p2\">La <b>Filada Jaume I<\/b> va oferir una entrada cristiana espectacular, presidida per <b>l\u2019ambaixador Carlos Parra i el capit\u00e0 Josep Parra. <\/b>Dos germans que van demostrar que porten la festa a la sang, una her\u00e8ncia transmesa pel seu pare i que, anys despr\u00e9s, han pogut viure intensament en primera persona. Un moment \u00fanic que va unir fam\u00edlia, tradici\u00f3 i emoci\u00f3 en una desfilada per al record.<\/p>\n<p class=\"p2\">En finalitzar l\u2019entrada, van tindre lloc els <b>sopars festers<\/b> a les diferents seus i la <b>revetlla musical<\/b> fins a l\u2019hora del desembarcament.<\/p>\n<\/div><div class=\"w-space\" style=\"height:30px\"><\/div><div class=\"w-image-gallery w-grid\">\r\n    <div class=\"w-view clear\">\r\n                    <div class=\"w-item col-4\">\r\n                                <a href=\"https:\/\/i0.wp.com\/olivamorosicristians.es\/wp-content\/uploads\/2025\/09\/8-E.-Cristiana-scaled.jpg?fit=2560%2C1707&#038;ssl=1\" data-rel=\"lightcase:gallery-85\">\r\n        <img loading=\"lazy\" decoding=\"async\" width=\"150\" height=\"150\" src=\"https:\/\/i0.wp.com\/olivamorosicristians.es\/wp-content\/uploads\/2025\/09\/8-E.-Cristiana-scaled.jpg?resize=150%2C150&amp;ssl=1\" class=\"cover-image\" alt=\"\" srcset=\"https:\/\/i0.wp.com\/olivamorosicristians.es\/wp-content\/uploads\/2025\/09\/8-E.-Cristiana-scaled.jpg?resize=150%2C150&amp;ssl=1 150w, https:\/\/i0.wp.com\/olivamorosicristians.es\/wp-content\/uploads\/2025\/09\/8-E.-Cristiana-scaled.jpg?resize=340%2C340&amp;ssl=1 340w, https:\/\/i0.wp.com\/olivamorosicristians.es\/wp-content\/uploads\/2025\/09\/8-E.-Cristiana-scaled.jpg?resize=640%2C640&amp;ssl=1 640w, https:\/\/i0.wp.com\/olivamorosicristians.es\/wp-content\/uploads\/2025\/09\/8-E.-Cristiana-scaled.jpg?resize=960%2C960&amp;ssl=1 960w, https:\/\/i0.wp.com\/olivamorosicristians.es\/wp-content\/uploads\/2025\/09\/8-E.-Cristiana-scaled.jpg?zoom=3&amp;resize=150%2C150&amp;ssl=1 450w\" sizes=\"auto, (max-width: 150px) 100vw, 150px\" data-attachment-id=\"11806\" data-permalink=\"https:\/\/olivamorosicristians.es\/es\/cronica-de-les-festes-de-moros-i-cristians-doliva-2025\/8-e-cristiana-2\/\" data-orig-file=\"https:\/\/i0.wp.com\/olivamorosicristians.es\/wp-content\/uploads\/2025\/09\/8-E.-Cristiana-scaled.jpg?fit=2560%2C1707&amp;ssl=1\" data-orig-size=\"2560,1707\" data-comments-opened=\"0\" data-image-meta=\"{&quot;aperture&quot;:&quot;4&quot;,&quot;credit&quot;:&quot;&quot;,&quot;camera&quot;:&quot;Canon EOS 5D Mark III&quot;,&quot;caption&quot;:&quot;&quot;,&quot;created_timestamp&quot;:&quot;1752868556&quot;,&quot;copyright&quot;:&quot;&quot;,&quot;focal_length&quot;:&quot;144&quot;,&quot;iso&quot;:&quot;320&quot;,&quot;shutter_speed&quot;:&quot;0.005&quot;,&quot;title&quot;:&quot;&quot;,&quot;orientation&quot;:&quot;0&quot;}\" data-image-title=\"8 &amp;#8211; E. Cristiana_01\" data-image-description=\"\" data-image-caption=\"\" data-large-file=\"https:\/\/i0.wp.com\/olivamorosicristians.es\/wp-content\/uploads\/2025\/09\/8-E.-Cristiana-scaled.jpg?fit=1024%2C683&amp;ssl=1\" \/>        <\/a>\r\n                <\/div>\r\n                    <div class=\"w-item col-4\">\r\n                                <a href=\"https:\/\/i0.wp.com\/olivamorosicristians.es\/wp-content\/uploads\/2025\/08\/jaume-scaled.jpg?fit=2560%2C1707&#038;ssl=1\" data-rel=\"lightcase:gallery-85\">\r\n        <img loading=\"lazy\" decoding=\"async\" width=\"150\" height=\"150\" src=\"https:\/\/i0.wp.com\/olivamorosicristians.es\/wp-content\/uploads\/2025\/08\/jaume-scaled.jpg?resize=150%2C150&amp;ssl=1\" class=\"cover-image\" alt=\"\" srcset=\"https:\/\/i0.wp.com\/olivamorosicristians.es\/wp-content\/uploads\/2025\/08\/jaume-scaled.jpg?resize=150%2C150&amp;ssl=1 150w, https:\/\/i0.wp.com\/olivamorosicristians.es\/wp-content\/uploads\/2025\/08\/jaume-scaled.jpg?resize=340%2C340&amp;ssl=1 340w, https:\/\/i0.wp.com\/olivamorosicristians.es\/wp-content\/uploads\/2025\/08\/jaume-scaled.jpg?resize=640%2C640&amp;ssl=1 640w, https:\/\/i0.wp.com\/olivamorosicristians.es\/wp-content\/uploads\/2025\/08\/jaume-scaled.jpg?resize=960%2C960&amp;ssl=1 960w, https:\/\/i0.wp.com\/olivamorosicristians.es\/wp-content\/uploads\/2025\/08\/jaume-scaled.jpg?zoom=3&amp;resize=150%2C150&amp;ssl=1 450w\" sizes=\"auto, (max-width: 150px) 100vw, 150px\" data-attachment-id=\"11788\" data-permalink=\"https:\/\/olivamorosicristians.es\/es\/cronica-de-les-festes-de-moros-i-cristians-doliva-2025\/jaume\/\" data-orig-file=\"https:\/\/i0.wp.com\/olivamorosicristians.es\/wp-content\/uploads\/2025\/08\/jaume-scaled.jpg?fit=2560%2C1707&amp;ssl=1\" data-orig-size=\"2560,1707\" data-comments-opened=\"0\" data-image-meta=\"{&quot;aperture&quot;:&quot;5&quot;,&quot;credit&quot;:&quot;&quot;,&quot;camera&quot;:&quot;Canon EOS 5D Mark III&quot;,&quot;caption&quot;:&quot;&quot;,&quot;created_timestamp&quot;:&quot;1752873415&quot;,&quot;copyright&quot;:&quot;&quot;,&quot;focal_length&quot;:&quot;70&quot;,&quot;iso&quot;:&quot;1600&quot;,&quot;shutter_speed&quot;:&quot;0.005&quot;,&quot;title&quot;:&quot;&quot;,&quot;orientation&quot;:&quot;0&quot;}\" data-image-title=\"jaume\" data-image-description=\"\" data-image-caption=\"\" data-large-file=\"https:\/\/i0.wp.com\/olivamorosicristians.es\/wp-content\/uploads\/2025\/08\/jaume-scaled.jpg?fit=1024%2C683&amp;ssl=1\" \/>        <\/a>\r\n                <\/div>\r\n                    <div class=\"w-item col-4\">\r\n                                <a href=\"https:\/\/i0.wp.com\/olivamorosicristians.es\/wp-content\/uploads\/2025\/08\/jaume1-scaled.jpg?fit=2560%2C1707&#038;ssl=1\" data-rel=\"lightcase:gallery-85\">\r\n        <img loading=\"lazy\" decoding=\"async\" width=\"150\" height=\"150\" src=\"https:\/\/i0.wp.com\/olivamorosicristians.es\/wp-content\/uploads\/2025\/08\/jaume1-scaled.jpg?resize=150%2C150&amp;ssl=1\" class=\"cover-image\" alt=\"\" srcset=\"https:\/\/i0.wp.com\/olivamorosicristians.es\/wp-content\/uploads\/2025\/08\/jaume1-scaled.jpg?resize=150%2C150&amp;ssl=1 150w, https:\/\/i0.wp.com\/olivamorosicristians.es\/wp-content\/uploads\/2025\/08\/jaume1-scaled.jpg?resize=340%2C340&amp;ssl=1 340w, https:\/\/i0.wp.com\/olivamorosicristians.es\/wp-content\/uploads\/2025\/08\/jaume1-scaled.jpg?resize=640%2C640&amp;ssl=1 640w, https:\/\/i0.wp.com\/olivamorosicristians.es\/wp-content\/uploads\/2025\/08\/jaume1-scaled.jpg?resize=960%2C960&amp;ssl=1 960w, https:\/\/i0.wp.com\/olivamorosicristians.es\/wp-content\/uploads\/2025\/08\/jaume1-scaled.jpg?zoom=3&amp;resize=150%2C150&amp;ssl=1 450w\" sizes=\"auto, (max-width: 150px) 100vw, 150px\" data-attachment-id=\"11789\" data-permalink=\"https:\/\/olivamorosicristians.es\/es\/cronica-de-les-festes-de-moros-i-cristians-doliva-2025\/jaume1\/\" data-orig-file=\"https:\/\/i0.wp.com\/olivamorosicristians.es\/wp-content\/uploads\/2025\/08\/jaume1-scaled.jpg?fit=2560%2C1707&amp;ssl=1\" data-orig-size=\"2560,1707\" data-comments-opened=\"0\" data-image-meta=\"{&quot;aperture&quot;:&quot;5&quot;,&quot;credit&quot;:&quot;&quot;,&quot;camera&quot;:&quot;Canon EOS 5D Mark III&quot;,&quot;caption&quot;:&quot;&quot;,&quot;created_timestamp&quot;:&quot;1752874326&quot;,&quot;copyright&quot;:&quot;&quot;,&quot;focal_length&quot;:&quot;200&quot;,&quot;iso&quot;:&quot;1600&quot;,&quot;shutter_speed&quot;:&quot;0.005&quot;,&quot;title&quot;:&quot;&quot;,&quot;orientation&quot;:&quot;1&quot;}\" data-image-title=\"jaume(1)\" data-image-description=\"\" data-image-caption=\"\" data-large-file=\"https:\/\/i0.wp.com\/olivamorosicristians.es\/wp-content\/uploads\/2025\/08\/jaume1-scaled.jpg?fit=1024%2C683&amp;ssl=1\" \/>        <\/a>\r\n                <\/div>\r\n                    <div class=\"w-item col-4\">\r\n                                <a href=\"https:\/\/i0.wp.com\/olivamorosicristians.es\/wp-content\/uploads\/2025\/08\/jaume2-scaled.jpg?fit=2560%2C1707&#038;ssl=1\" data-rel=\"lightcase:gallery-85\">\r\n        <img loading=\"lazy\" decoding=\"async\" width=\"150\" height=\"150\" src=\"https:\/\/i0.wp.com\/olivamorosicristians.es\/wp-content\/uploads\/2025\/08\/jaume2-scaled.jpg?resize=150%2C150&amp;ssl=1\" class=\"cover-image\" alt=\"\" srcset=\"https:\/\/i0.wp.com\/olivamorosicristians.es\/wp-content\/uploads\/2025\/08\/jaume2-scaled.jpg?resize=150%2C150&amp;ssl=1 150w, https:\/\/i0.wp.com\/olivamorosicristians.es\/wp-content\/uploads\/2025\/08\/jaume2-scaled.jpg?resize=340%2C340&amp;ssl=1 340w, https:\/\/i0.wp.com\/olivamorosicristians.es\/wp-content\/uploads\/2025\/08\/jaume2-scaled.jpg?resize=640%2C640&amp;ssl=1 640w, https:\/\/i0.wp.com\/olivamorosicristians.es\/wp-content\/uploads\/2025\/08\/jaume2-scaled.jpg?resize=960%2C960&amp;ssl=1 960w, https:\/\/i0.wp.com\/olivamorosicristians.es\/wp-content\/uploads\/2025\/08\/jaume2-scaled.jpg?zoom=3&amp;resize=150%2C150&amp;ssl=1 450w\" sizes=\"auto, (max-width: 150px) 100vw, 150px\" data-attachment-id=\"11790\" data-permalink=\"https:\/\/olivamorosicristians.es\/es\/cronica-de-les-festes-de-moros-i-cristians-doliva-2025\/jaume2\/\" data-orig-file=\"https:\/\/i0.wp.com\/olivamorosicristians.es\/wp-content\/uploads\/2025\/08\/jaume2-scaled.jpg?fit=2560%2C1707&amp;ssl=1\" data-orig-size=\"2560,1707\" data-comments-opened=\"0\" data-image-meta=\"{&quot;aperture&quot;:&quot;5&quot;,&quot;credit&quot;:&quot;&quot;,&quot;camera&quot;:&quot;Canon EOS 5D Mark III&quot;,&quot;caption&quot;:&quot;&quot;,&quot;created_timestamp&quot;:&quot;1752874495&quot;,&quot;copyright&quot;:&quot;&quot;,&quot;focal_length&quot;:&quot;78&quot;,&quot;iso&quot;:&quot;1600&quot;,&quot;shutter_speed&quot;:&quot;0.005&quot;,&quot;title&quot;:&quot;&quot;,&quot;orientation&quot;:&quot;0&quot;}\" data-image-title=\"jaume(2)\" data-image-description=\"\" data-image-caption=\"\" data-large-file=\"https:\/\/i0.wp.com\/olivamorosicristians.es\/wp-content\/uploads\/2025\/08\/jaume2-scaled.jpg?fit=1024%2C683&amp;ssl=1\" \/>        <\/a>\r\n                <\/div>\r\n                    <div class=\"w-item col-4\">\r\n                                <a href=\"https:\/\/i0.wp.com\/olivamorosicristians.es\/wp-content\/uploads\/2025\/08\/jaume3-scaled.jpg?fit=2560%2C1707&#038;ssl=1\" data-rel=\"lightcase:gallery-85\">\r\n        <img loading=\"lazy\" decoding=\"async\" width=\"150\" height=\"150\" src=\"https:\/\/i0.wp.com\/olivamorosicristians.es\/wp-content\/uploads\/2025\/08\/jaume3-scaled.jpg?resize=150%2C150&amp;ssl=1\" class=\"cover-image\" alt=\"\" srcset=\"https:\/\/i0.wp.com\/olivamorosicristians.es\/wp-content\/uploads\/2025\/08\/jaume3-scaled.jpg?resize=150%2C150&amp;ssl=1 150w, https:\/\/i0.wp.com\/olivamorosicristians.es\/wp-content\/uploads\/2025\/08\/jaume3-scaled.jpg?resize=340%2C340&amp;ssl=1 340w, https:\/\/i0.wp.com\/olivamorosicristians.es\/wp-content\/uploads\/2025\/08\/jaume3-scaled.jpg?resize=640%2C640&amp;ssl=1 640w, https:\/\/i0.wp.com\/olivamorosicristians.es\/wp-content\/uploads\/2025\/08\/jaume3-scaled.jpg?resize=960%2C960&amp;ssl=1 960w, https:\/\/i0.wp.com\/olivamorosicristians.es\/wp-content\/uploads\/2025\/08\/jaume3-scaled.jpg?zoom=3&amp;resize=150%2C150&amp;ssl=1 450w\" sizes=\"auto, (max-width: 150px) 100vw, 150px\" data-attachment-id=\"11791\" data-permalink=\"https:\/\/olivamorosicristians.es\/es\/cronica-de-les-festes-de-moros-i-cristians-doliva-2025\/jaume3\/\" data-orig-file=\"https:\/\/i0.wp.com\/olivamorosicristians.es\/wp-content\/uploads\/2025\/08\/jaume3-scaled.jpg?fit=2560%2C1707&amp;ssl=1\" data-orig-size=\"2560,1707\" data-comments-opened=\"0\" data-image-meta=\"{&quot;aperture&quot;:&quot;5&quot;,&quot;credit&quot;:&quot;&quot;,&quot;camera&quot;:&quot;Canon EOS 5D Mark III&quot;,&quot;caption&quot;:&quot;&quot;,&quot;created_timestamp&quot;:&quot;1752874612&quot;,&quot;copyright&quot;:&quot;&quot;,&quot;focal_length&quot;:&quot;127&quot;,&quot;iso&quot;:&quot;1600&quot;,&quot;shutter_speed&quot;:&quot;0.005&quot;,&quot;title&quot;:&quot;&quot;,&quot;orientation&quot;:&quot;0&quot;}\" data-image-title=\"jaume(3)\" data-image-description=\"\" data-image-caption=\"\" data-large-file=\"https:\/\/i0.wp.com\/olivamorosicristians.es\/wp-content\/uploads\/2025\/08\/jaume3-scaled.jpg?fit=1024%2C683&amp;ssl=1\" \/>        <\/a>\r\n                <\/div>\r\n                    <div class=\"w-item col-4\">\r\n                                <a href=\"https:\/\/i0.wp.com\/olivamorosicristians.es\/wp-content\/uploads\/2025\/08\/jaume4-scaled.jpg?fit=2560%2C1707&#038;ssl=1\" data-rel=\"lightcase:gallery-85\">\r\n        <img loading=\"lazy\" decoding=\"async\" width=\"150\" height=\"150\" src=\"https:\/\/i0.wp.com\/olivamorosicristians.es\/wp-content\/uploads\/2025\/08\/jaume4-scaled.jpg?resize=150%2C150&amp;ssl=1\" class=\"cover-image\" alt=\"\" srcset=\"https:\/\/i0.wp.com\/olivamorosicristians.es\/wp-content\/uploads\/2025\/08\/jaume4-scaled.jpg?resize=150%2C150&amp;ssl=1 150w, https:\/\/i0.wp.com\/olivamorosicristians.es\/wp-content\/uploads\/2025\/08\/jaume4-scaled.jpg?resize=340%2C340&amp;ssl=1 340w, https:\/\/i0.wp.com\/olivamorosicristians.es\/wp-content\/uploads\/2025\/08\/jaume4-scaled.jpg?resize=640%2C640&amp;ssl=1 640w, https:\/\/i0.wp.com\/olivamorosicristians.es\/wp-content\/uploads\/2025\/08\/jaume4-scaled.jpg?resize=960%2C960&amp;ssl=1 960w, https:\/\/i0.wp.com\/olivamorosicristians.es\/wp-content\/uploads\/2025\/08\/jaume4-scaled.jpg?zoom=3&amp;resize=150%2C150&amp;ssl=1 450w\" sizes=\"auto, (max-width: 150px) 100vw, 150px\" data-attachment-id=\"11792\" data-permalink=\"https:\/\/olivamorosicristians.es\/es\/cronica-de-les-festes-de-moros-i-cristians-doliva-2025\/jaume4\/\" data-orig-file=\"https:\/\/i0.wp.com\/olivamorosicristians.es\/wp-content\/uploads\/2025\/08\/jaume4-scaled.jpg?fit=2560%2C1707&amp;ssl=1\" data-orig-size=\"2560,1707\" data-comments-opened=\"0\" data-image-meta=\"{&quot;aperture&quot;:&quot;4&quot;,&quot;credit&quot;:&quot;ANTONI RIBERA OLTRA&quot;,&quot;camera&quot;:&quot;Canon EOS 5D Mark IV&quot;,&quot;caption&quot;:&quot;&quot;,&quot;created_timestamp&quot;:&quot;1752871419&quot;,&quot;copyright&quot;:&quot;ANTONI RIBERA OLTRA antoniribera@live.com +34645997713&quot;,&quot;focal_length&quot;:&quot;200&quot;,&quot;iso&quot;:&quot;1600&quot;,&quot;shutter_speed&quot;:&quot;0.005&quot;,&quot;title&quot;:&quot;&quot;,&quot;orientation&quot;:&quot;1&quot;}\" data-image-title=\"jaume(4)_01\" data-image-description=\"\" data-image-caption=\"\" data-large-file=\"https:\/\/i0.wp.com\/olivamorosicristians.es\/wp-content\/uploads\/2025\/08\/jaume4-scaled.jpg?fit=1024%2C683&amp;ssl=1\" \/>        <\/a>\r\n                <\/div>\r\n        <\/div>\r\n<\/div><div class=\"w-space\" style=\"height:30px\"><\/div><div class=\"w-image text-center\">\n        <a href=\"https:\/\/i0.wp.com\/olivamorosicristians.es\/wp-content\/uploads\/2025\/08\/10-E.-Cristiana-scaled.jpg?fit=2560%2C1707&#038;ssl=1\" target=\"_blank\">\n            <img loading=\"lazy\" decoding=\"async\" width=\"1280\" height=\"853\" src=\"https:\/\/i0.wp.com\/olivamorosicristians.es\/wp-content\/uploads\/2025\/08\/10-E.-Cristiana-scaled.jpg?fit=1280%2C853&amp;ssl=1\" class=\"attachment-overlap-fullwidth size-overlap-fullwidth\" alt=\"L&#039;Ambaixador Carlos Parra\" srcset=\"https:\/\/i0.wp.com\/olivamorosicristians.es\/wp-content\/uploads\/2025\/08\/10-E.-Cristiana-scaled.jpg?w=2560&amp;ssl=1 2560w, https:\/\/i0.wp.com\/olivamorosicristians.es\/wp-content\/uploads\/2025\/08\/10-E.-Cristiana-scaled.jpg?resize=300%2C200&amp;ssl=1 300w, https:\/\/i0.wp.com\/olivamorosicristians.es\/wp-content\/uploads\/2025\/08\/10-E.-Cristiana-scaled.jpg?resize=1024%2C683&amp;ssl=1 1024w, https:\/\/i0.wp.com\/olivamorosicristians.es\/wp-content\/uploads\/2025\/08\/10-E.-Cristiana-scaled.jpg?resize=768%2C512&amp;ssl=1 768w, https:\/\/i0.wp.com\/olivamorosicristians.es\/wp-content\/uploads\/2025\/08\/10-E.-Cristiana-scaled.jpg?resize=1536%2C1024&amp;ssl=1 1536w, https:\/\/i0.wp.com\/olivamorosicristians.es\/wp-content\/uploads\/2025\/08\/10-E.-Cristiana-scaled.jpg?resize=2048%2C1365&amp;ssl=1 2048w, https:\/\/i0.wp.com\/olivamorosicristians.es\/wp-content\/uploads\/2025\/08\/10-E.-Cristiana-scaled.jpg?resize=18%2C12&amp;ssl=1 18w, https:\/\/i0.wp.com\/olivamorosicristians.es\/wp-content\/uploads\/2025\/08\/10-E.-Cristiana-scaled.jpg?resize=640%2C427&amp;ssl=1 640w, https:\/\/i0.wp.com\/olivamorosicristians.es\/wp-content\/uploads\/2025\/08\/10-E.-Cristiana-scaled.jpg?resize=1280%2C853&amp;ssl=1 1280w, https:\/\/i0.wp.com\/olivamorosicristians.es\/wp-content\/uploads\/2025\/08\/10-E.-Cristiana-scaled.jpg?resize=1320%2C880&amp;ssl=1 1320w, https:\/\/i0.wp.com\/olivamorosicristians.es\/wp-content\/uploads\/2025\/08\/10-E.-Cristiana-scaled.jpg?w=2340&amp;ssl=1 2340w\" sizes=\"auto, (max-width: 1170px) 100vw, 1170px\" data-attachment-id=\"11742\" data-permalink=\"https:\/\/olivamorosicristians.es\/es\/cronica-de-les-festes-de-moros-i-cristians-doliva-2025\/10-e-cristiana\/\" data-orig-file=\"https:\/\/i0.wp.com\/olivamorosicristians.es\/wp-content\/uploads\/2025\/08\/10-E.-Cristiana-scaled.jpg?fit=2560%2C1707&amp;ssl=1\" data-orig-size=\"2560,1707\" data-comments-opened=\"0\" data-image-meta=\"{&quot;aperture&quot;:&quot;4&quot;,&quot;credit&quot;:&quot;ANTONI RIBERA OLTRA&quot;,&quot;camera&quot;:&quot;Canon EOS 5D Mark IV&quot;,&quot;caption&quot;:&quot;&quot;,&quot;created_timestamp&quot;:&quot;1752872803&quot;,&quot;copyright&quot;:&quot;ANTONI RIBERA OLTRA antoniribera@live.com +34645997713&quot;,&quot;focal_length&quot;:&quot;200&quot;,&quot;iso&quot;:&quot;3200&quot;,&quot;shutter_speed&quot;:&quot;0.005&quot;,&quot;title&quot;:&quot;&quot;,&quot;orientation&quot;:&quot;1&quot;}\" data-image-title=\"L&amp;#8217;Ambaixador Carlos Parra\" data-image-description=\"&lt;p&gt;L&amp;#8217;Ambaixador Carlos Parra&lt;\/p&gt;\" data-image-caption=\"&lt;p&gt;L&amp;#8217;Ambaixador Carlos Parra&lt;\/p&gt;\" data-large-file=\"https:\/\/i0.wp.com\/olivamorosicristians.es\/wp-content\/uploads\/2025\/08\/10-E.-Cristiana-scaled.jpg?fit=1024%2C683&amp;ssl=1\" \/>        <\/a>\n    <\/div>\n<div class=\"w-space\" style=\"height:30px\"><\/div><div class=\"w-image text-center\">\n            <img loading=\"lazy\" decoding=\"async\" width=\"1280\" height=\"854\" src=\"https:\/\/i0.wp.com\/olivamorosicristians.es\/wp-content\/uploads\/2025\/08\/11-E.-Cristiana-scaled.jpg?fit=1280%2C854&amp;ssl=1\" class=\"attachment-overlap-fullwidth size-overlap-fullwidth\" alt=\"\" srcset=\"https:\/\/i0.wp.com\/olivamorosicristians.es\/wp-content\/uploads\/2025\/08\/11-E.-Cristiana-scaled.jpg?w=2560&amp;ssl=1 2560w, https:\/\/i0.wp.com\/olivamorosicristians.es\/wp-content\/uploads\/2025\/08\/11-E.-Cristiana-scaled.jpg?resize=300%2C200&amp;ssl=1 300w, https:\/\/i0.wp.com\/olivamorosicristians.es\/wp-content\/uploads\/2025\/08\/11-E.-Cristiana-scaled.jpg?resize=1024%2C683&amp;ssl=1 1024w, https:\/\/i0.wp.com\/olivamorosicristians.es\/wp-content\/uploads\/2025\/08\/11-E.-Cristiana-scaled.jpg?resize=768%2C512&amp;ssl=1 768w, https:\/\/i0.wp.com\/olivamorosicristians.es\/wp-content\/uploads\/2025\/08\/11-E.-Cristiana-scaled.jpg?resize=1536%2C1024&amp;ssl=1 1536w, https:\/\/i0.wp.com\/olivamorosicristians.es\/wp-content\/uploads\/2025\/08\/11-E.-Cristiana-scaled.jpg?resize=2048%2C1366&amp;ssl=1 2048w, https:\/\/i0.wp.com\/olivamorosicristians.es\/wp-content\/uploads\/2025\/08\/11-E.-Cristiana-scaled.jpg?resize=18%2C12&amp;ssl=1 18w, https:\/\/i0.wp.com\/olivamorosicristians.es\/wp-content\/uploads\/2025\/08\/11-E.-Cristiana-scaled.jpg?resize=640%2C427&amp;ssl=1 640w, https:\/\/i0.wp.com\/olivamorosicristians.es\/wp-content\/uploads\/2025\/08\/11-E.-Cristiana-scaled.jpg?resize=1280%2C854&amp;ssl=1 1280w, https:\/\/i0.wp.com\/olivamorosicristians.es\/wp-content\/uploads\/2025\/08\/11-E.-Cristiana-scaled.jpg?resize=1320%2C880&amp;ssl=1 1320w, https:\/\/i0.wp.com\/olivamorosicristians.es\/wp-content\/uploads\/2025\/08\/11-E.-Cristiana-scaled.jpg?w=2340&amp;ssl=1 2340w\" sizes=\"auto, (max-width: 1170px) 100vw, 1170px\" data-attachment-id=\"11743\" data-permalink=\"https:\/\/olivamorosicristians.es\/es\/cronica-de-les-festes-de-moros-i-cristians-doliva-2025\/11-e-cristiana\/\" data-orig-file=\"https:\/\/i0.wp.com\/olivamorosicristians.es\/wp-content\/uploads\/2025\/08\/11-E.-Cristiana-scaled.jpg?fit=2560%2C1707&amp;ssl=1\" data-orig-size=\"2560,1707\" data-comments-opened=\"0\" data-image-meta=\"{&quot;aperture&quot;:&quot;5&quot;,&quot;credit&quot;:&quot;&quot;,&quot;camera&quot;:&quot;Canon EOS 5D Mark III&quot;,&quot;caption&quot;:&quot;&quot;,&quot;created_timestamp&quot;:&quot;1752875055&quot;,&quot;copyright&quot;:&quot;&quot;,&quot;focal_length&quot;:&quot;192&quot;,&quot;iso&quot;:&quot;1600&quot;,&quot;shutter_speed&quot;:&quot;0.005&quot;,&quot;title&quot;:&quot;&quot;,&quot;orientation&quot;:&quot;1&quot;}\" data-image-title=\"11 &amp;#8211; E. Cristiana\" data-image-description=\"\" data-image-caption=\"\" data-large-file=\"https:\/\/i0.wp.com\/olivamorosicristians.es\/wp-content\/uploads\/2025\/08\/11-E.-Cristiana-scaled.jpg?fit=1024%2C683&amp;ssl=1\" \/>    <\/div>\n<div class=\"w-space\" style=\"height:30px\"><\/div><div class=\"w-text-block\">\n    <p class=\"p1\">A la matinada del 19 de juliol es va viure el <b>Desembarcament Moro<\/b> a la platja d\u2019Oliva, amb castell de focs artificials, arcabusseria, ambaixada, batalla i conquesta mora. Durant el mat\u00ed del dissabte, les filades realitzaren les visites de cortesia a altres filades amb l\u2019acompanyament de les bandes.<\/p>\n<\/div><div class=\"w-space\" style=\"height:30px\"><\/div><div class=\"w-image-gallery w-grid\">\r\n    <div class=\"w-view clear\">\r\n                    <div class=\"w-item col-4\">\r\n                                <a href=\"https:\/\/i0.wp.com\/olivamorosicristians.es\/wp-content\/uploads\/2025\/08\/12-Desembarc-scaled.jpg?fit=2560%2C1707&#038;ssl=1\" data-rel=\"lightcase:gallery-63\">\r\n        <img loading=\"lazy\" decoding=\"async\" width=\"340\" height=\"340\" src=\"https:\/\/i0.wp.com\/olivamorosicristians.es\/wp-content\/uploads\/2025\/08\/12-Desembarc-scaled.jpg?resize=340%2C340&amp;ssl=1\" class=\"cover-image\" alt=\"\" srcset=\"https:\/\/i0.wp.com\/olivamorosicristians.es\/wp-content\/uploads\/2025\/08\/12-Desembarc-scaled.jpg?resize=150%2C150&amp;ssl=1 150w, https:\/\/i0.wp.com\/olivamorosicristians.es\/wp-content\/uploads\/2025\/08\/12-Desembarc-scaled.jpg?resize=340%2C340&amp;ssl=1 340w, https:\/\/i0.wp.com\/olivamorosicristians.es\/wp-content\/uploads\/2025\/08\/12-Desembarc-scaled.jpg?resize=640%2C640&amp;ssl=1 640w, https:\/\/i0.wp.com\/olivamorosicristians.es\/wp-content\/uploads\/2025\/08\/12-Desembarc-scaled.jpg?resize=960%2C960&amp;ssl=1 960w, https:\/\/i0.wp.com\/olivamorosicristians.es\/wp-content\/uploads\/2025\/08\/12-Desembarc-scaled.jpg?zoom=3&amp;resize=340%2C340&amp;ssl=1 1020w\" sizes=\"auto, (max-width: 340px) 100vw, 340px\" data-attachment-id=\"11764\" data-permalink=\"https:\/\/olivamorosicristians.es\/es\/cronica-de-les-festes-de-moros-i-cristians-doliva-2025\/12-desembarc\/\" data-orig-file=\"https:\/\/i0.wp.com\/olivamorosicristians.es\/wp-content\/uploads\/2025\/08\/12-Desembarc-scaled.jpg?fit=2560%2C1707&amp;ssl=1\" data-orig-size=\"2560,1707\" data-comments-opened=\"0\" data-image-meta=\"{&quot;aperture&quot;:&quot;2.8&quot;,&quot;credit&quot;:&quot;&quot;,&quot;camera&quot;:&quot;Canon EOS 5D Mark IV&quot;,&quot;caption&quot;:&quot;&quot;,&quot;created_timestamp&quot;:&quot;1752898310&quot;,&quot;copyright&quot;:&quot;&quot;,&quot;focal_length&quot;:&quot;200&quot;,&quot;iso&quot;:&quot;3200&quot;,&quot;shutter_speed&quot;:&quot;0.01&quot;,&quot;title&quot;:&quot;&quot;,&quot;orientation&quot;:&quot;0&quot;}\" data-image-title=\"12 &amp;#8211; Desembarc\" data-image-description=\"\" data-image-caption=\"\" data-large-file=\"https:\/\/i0.wp.com\/olivamorosicristians.es\/wp-content\/uploads\/2025\/08\/12-Desembarc-scaled.jpg?fit=1024%2C683&amp;ssl=1\" \/>        <\/a>\r\n                <\/div>\r\n                    <div class=\"w-item col-4\">\r\n                                <a href=\"https:\/\/i0.wp.com\/olivamorosicristians.es\/wp-content\/uploads\/2025\/08\/13-Desembarc-scaled.jpg?fit=2560%2C1707&#038;ssl=1\" data-rel=\"lightcase:gallery-63\">\r\n        <img loading=\"lazy\" decoding=\"async\" width=\"340\" height=\"340\" src=\"https:\/\/i0.wp.com\/olivamorosicristians.es\/wp-content\/uploads\/2025\/08\/13-Desembarc-scaled.jpg?resize=340%2C340&amp;ssl=1\" class=\"cover-image\" alt=\"\" srcset=\"https:\/\/i0.wp.com\/olivamorosicristians.es\/wp-content\/uploads\/2025\/08\/13-Desembarc-scaled.jpg?resize=150%2C150&amp;ssl=1 150w, https:\/\/i0.wp.com\/olivamorosicristians.es\/wp-content\/uploads\/2025\/08\/13-Desembarc-scaled.jpg?resize=340%2C340&amp;ssl=1 340w, https:\/\/i0.wp.com\/olivamorosicristians.es\/wp-content\/uploads\/2025\/08\/13-Desembarc-scaled.jpg?resize=640%2C640&amp;ssl=1 640w, https:\/\/i0.wp.com\/olivamorosicristians.es\/wp-content\/uploads\/2025\/08\/13-Desembarc-scaled.jpg?resize=960%2C960&amp;ssl=1 960w, https:\/\/i0.wp.com\/olivamorosicristians.es\/wp-content\/uploads\/2025\/08\/13-Desembarc-scaled.jpg?zoom=3&amp;resize=340%2C340&amp;ssl=1 1020w\" sizes=\"auto, (max-width: 340px) 100vw, 340px\" data-attachment-id=\"11765\" data-permalink=\"https:\/\/olivamorosicristians.es\/es\/cronica-de-les-festes-de-moros-i-cristians-doliva-2025\/13-desembarc\/\" data-orig-file=\"https:\/\/i0.wp.com\/olivamorosicristians.es\/wp-content\/uploads\/2025\/08\/13-Desembarc-scaled.jpg?fit=2560%2C1707&amp;ssl=1\" data-orig-size=\"2560,1707\" data-comments-opened=\"0\" data-image-meta=\"{&quot;aperture&quot;:&quot;4&quot;,&quot;credit&quot;:&quot;ANTONI RIBERA OLTRA&quot;,&quot;camera&quot;:&quot;Canon EOS 5D Mark IV&quot;,&quot;caption&quot;:&quot;&quot;,&quot;created_timestamp&quot;:&quot;1752905559&quot;,&quot;copyright&quot;:&quot;ANTONI RIBERA OLTRA antoniribera@live.com +34645997713&quot;,&quot;focal_length&quot;:&quot;37&quot;,&quot;iso&quot;:&quot;125&quot;,&quot;shutter_speed&quot;:&quot;0.00625&quot;,&quot;title&quot;:&quot;&quot;,&quot;orientation&quot;:&quot;0&quot;}\" data-image-title=\"13 &amp;#8211; Desembarc\" data-image-description=\"\" data-image-caption=\"\" data-large-file=\"https:\/\/i0.wp.com\/olivamorosicristians.es\/wp-content\/uploads\/2025\/08\/13-Desembarc-scaled.jpg?fit=1024%2C683&amp;ssl=1\" \/>        <\/a>\r\n                <\/div>\r\n                    <div class=\"w-item col-4\">\r\n                                <a href=\"https:\/\/i0.wp.com\/olivamorosicristians.es\/wp-content\/uploads\/2025\/08\/14-Desembarc-scaled.jpg?fit=2560%2C1707&#038;ssl=1\" data-rel=\"lightcase:gallery-63\">\r\n        <img loading=\"lazy\" decoding=\"async\" width=\"340\" height=\"340\" src=\"https:\/\/i0.wp.com\/olivamorosicristians.es\/wp-content\/uploads\/2025\/08\/14-Desembarc-scaled.jpg?resize=340%2C340&amp;ssl=1\" class=\"cover-image\" alt=\"\" srcset=\"https:\/\/i0.wp.com\/olivamorosicristians.es\/wp-content\/uploads\/2025\/08\/14-Desembarc-scaled.jpg?resize=150%2C150&amp;ssl=1 150w, https:\/\/i0.wp.com\/olivamorosicristians.es\/wp-content\/uploads\/2025\/08\/14-Desembarc-scaled.jpg?resize=340%2C340&amp;ssl=1 340w, https:\/\/i0.wp.com\/olivamorosicristians.es\/wp-content\/uploads\/2025\/08\/14-Desembarc-scaled.jpg?resize=640%2C640&amp;ssl=1 640w, https:\/\/i0.wp.com\/olivamorosicristians.es\/wp-content\/uploads\/2025\/08\/14-Desembarc-scaled.jpg?resize=960%2C960&amp;ssl=1 960w, https:\/\/i0.wp.com\/olivamorosicristians.es\/wp-content\/uploads\/2025\/08\/14-Desembarc-scaled.jpg?zoom=3&amp;resize=340%2C340&amp;ssl=1 1020w\" sizes=\"auto, (max-width: 340px) 100vw, 340px\" data-attachment-id=\"11766\" data-permalink=\"https:\/\/olivamorosicristians.es\/es\/cronica-de-les-festes-de-moros-i-cristians-doliva-2025\/14-desembarc\/\" data-orig-file=\"https:\/\/i0.wp.com\/olivamorosicristians.es\/wp-content\/uploads\/2025\/08\/14-Desembarc-scaled.jpg?fit=2560%2C1707&amp;ssl=1\" data-orig-size=\"2560,1707\" data-comments-opened=\"0\" data-image-meta=\"{&quot;aperture&quot;:&quot;4&quot;,&quot;credit&quot;:&quot;&quot;,&quot;camera&quot;:&quot;Canon EOS 5D Mark IV&quot;,&quot;caption&quot;:&quot;&quot;,&quot;created_timestamp&quot;:&quot;1752900681&quot;,&quot;copyright&quot;:&quot;&quot;,&quot;focal_length&quot;:&quot;135&quot;,&quot;iso&quot;:&quot;1600&quot;,&quot;shutter_speed&quot;:&quot;0.00625&quot;,&quot;title&quot;:&quot;&quot;,&quot;orientation&quot;:&quot;0&quot;}\" data-image-title=\"14 &amp;#8211; Desembarc\" data-image-description=\"\" data-image-caption=\"\" data-large-file=\"https:\/\/i0.wp.com\/olivamorosicristians.es\/wp-content\/uploads\/2025\/08\/14-Desembarc-scaled.jpg?fit=1024%2C683&amp;ssl=1\" \/>        <\/a>\r\n                <\/div>\r\n        <\/div>\r\n<\/div><div class=\"w-space\" style=\"height:30px\"><\/div><div class=\"w-text-block\">\n    <p class=\"p1\">A la vesprada es va celebrar l\u2019<b>Entrada Mora<\/b>, amb l\u2019ordre seg\u00fcent:<\/p>\n<ol class=\"ol1\">\n<li class=\"li1\">Filada Marr\u00e0queix<\/li>\n<li class=\"li1\">Filada Almor\u00e0vits<\/li>\n<li class=\"li1\">Filada Taifes<\/li>\n<li class=\"li1\">Filada Mud\u00e8jars<\/li>\n<li class=\"li1\">Filada Moriscos<\/li>\n<li class=\"li1\">Capitania mora 2025: <b>Filada Tuareg<\/b><\/li>\n<\/ol>\n<p class=\"p1\">La <b>Filada Tuareg<\/b> va protagonitzar una capitania espectacular, cuidant cada detall per dotar-la encara de m\u00e9s eleg\u00e0ncia. Presidida pels seus c\u00e0rrecs<b>, l\u2019ambaixador Alejandro Forrat i el capit\u00e0 Fernando Arnal<\/b>, que juntament amb les seues fam\u00edlies van transmetre el somni Tuareg, deixant una empremta hist\u00f2rica, multitudin\u00e0ria i memorable en la festa.<\/p>\n<p class=\"p1\">En acabar l\u2019entrada, es van celebrar de nou els <b>sopars festers<\/b> a les diferents seus i la festa va continuar fins la matinada.<\/p>\n<\/div><div class=\"w-space\" style=\"height:30px\"><\/div><div class=\"w-image-gallery w-grid\">\r\n    <div class=\"w-view clear\">\r\n                    <div class=\"w-item col-3\">\r\n                                <a href=\"https:\/\/i0.wp.com\/olivamorosicristians.es\/wp-content\/uploads\/2025\/09\/tuareg-scaled.jpg?fit=2560%2C1707&#038;ssl=1\" data-rel=\"lightcase:gallery-58\">\r\n        <img loading=\"lazy\" decoding=\"async\" width=\"150\" height=\"150\" src=\"https:\/\/i0.wp.com\/olivamorosicristians.es\/wp-content\/uploads\/2025\/09\/tuareg-scaled.jpg?resize=150%2C150&amp;ssl=1\" class=\"cover-image\" alt=\"\" srcset=\"https:\/\/i0.wp.com\/olivamorosicristians.es\/wp-content\/uploads\/2025\/09\/tuareg-scaled.jpg?resize=150%2C150&amp;ssl=1 150w, https:\/\/i0.wp.com\/olivamorosicristians.es\/wp-content\/uploads\/2025\/09\/tuareg-scaled.jpg?resize=340%2C340&amp;ssl=1 340w, https:\/\/i0.wp.com\/olivamorosicristians.es\/wp-content\/uploads\/2025\/09\/tuareg-scaled.jpg?resize=640%2C640&amp;ssl=1 640w, https:\/\/i0.wp.com\/olivamorosicristians.es\/wp-content\/uploads\/2025\/09\/tuareg-scaled.jpg?resize=960%2C960&amp;ssl=1 960w, https:\/\/i0.wp.com\/olivamorosicristians.es\/wp-content\/uploads\/2025\/09\/tuareg-scaled.jpg?zoom=3&amp;resize=150%2C150&amp;ssl=1 450w\" sizes=\"auto, (max-width: 150px) 100vw, 150px\" data-attachment-id=\"11794\" data-permalink=\"https:\/\/olivamorosicristians.es\/es\/cronica-de-les-festes-de-moros-i-cristians-doliva-2025\/tuareg-3\/\" data-orig-file=\"https:\/\/i0.wp.com\/olivamorosicristians.es\/wp-content\/uploads\/2025\/09\/tuareg-scaled.jpg?fit=2560%2C1707&amp;ssl=1\" data-orig-size=\"2560,1707\" data-comments-opened=\"0\" data-image-meta=\"{&quot;aperture&quot;:&quot;4&quot;,&quot;credit&quot;:&quot;&quot;,&quot;camera&quot;:&quot;Canon EOS 5D Mark III&quot;,&quot;caption&quot;:&quot;&quot;,&quot;created_timestamp&quot;:&quot;1752959427&quot;,&quot;copyright&quot;:&quot;&quot;,&quot;focal_length&quot;:&quot;155&quot;,&quot;iso&quot;:&quot;1600&quot;,&quot;shutter_speed&quot;:&quot;0.005&quot;,&quot;title&quot;:&quot;&quot;,&quot;orientation&quot;:&quot;1&quot;}\" data-image-title=\"tuareg\" data-image-description=\"\" data-image-caption=\"\" data-large-file=\"https:\/\/i0.wp.com\/olivamorosicristians.es\/wp-content\/uploads\/2025\/09\/tuareg-scaled.jpg?fit=1024%2C683&amp;ssl=1\" \/>        <\/a>\r\n                <\/div>\r\n                    <div class=\"w-item col-3\">\r\n                                <a href=\"https:\/\/i0.wp.com\/olivamorosicristians.es\/wp-content\/uploads\/2025\/09\/tuareg1-scaled.jpg?fit=2560%2C1707&#038;ssl=1\" data-rel=\"lightcase:gallery-58\">\r\n        <img loading=\"lazy\" decoding=\"async\" width=\"150\" height=\"150\" src=\"https:\/\/i0.wp.com\/olivamorosicristians.es\/wp-content\/uploads\/2025\/09\/tuareg1-scaled.jpg?resize=150%2C150&amp;ssl=1\" class=\"cover-image\" alt=\"\" srcset=\"https:\/\/i0.wp.com\/olivamorosicristians.es\/wp-content\/uploads\/2025\/09\/tuareg1-scaled.jpg?resize=150%2C150&amp;ssl=1 150w, https:\/\/i0.wp.com\/olivamorosicristians.es\/wp-content\/uploads\/2025\/09\/tuareg1-scaled.jpg?resize=340%2C340&amp;ssl=1 340w, https:\/\/i0.wp.com\/olivamorosicristians.es\/wp-content\/uploads\/2025\/09\/tuareg1-scaled.jpg?resize=640%2C640&amp;ssl=1 640w, https:\/\/i0.wp.com\/olivamorosicristians.es\/wp-content\/uploads\/2025\/09\/tuareg1-scaled.jpg?resize=960%2C960&amp;ssl=1 960w, https:\/\/i0.wp.com\/olivamorosicristians.es\/wp-content\/uploads\/2025\/09\/tuareg1-scaled.jpg?zoom=3&amp;resize=150%2C150&amp;ssl=1 450w\" sizes=\"auto, (max-width: 150px) 100vw, 150px\" data-attachment-id=\"11795\" data-permalink=\"https:\/\/olivamorosicristians.es\/es\/cronica-de-les-festes-de-moros-i-cristians-doliva-2025\/tuareg1\/\" data-orig-file=\"https:\/\/i0.wp.com\/olivamorosicristians.es\/wp-content\/uploads\/2025\/09\/tuareg1-scaled.jpg?fit=2560%2C1707&amp;ssl=1\" data-orig-size=\"2560,1707\" data-comments-opened=\"0\" data-image-meta=\"{&quot;aperture&quot;:&quot;4&quot;,&quot;credit&quot;:&quot;&quot;,&quot;camera&quot;:&quot;Canon EOS 5D Mark III&quot;,&quot;caption&quot;:&quot;&quot;,&quot;created_timestamp&quot;:&quot;1752959957&quot;,&quot;copyright&quot;:&quot;&quot;,&quot;focal_length&quot;:&quot;93&quot;,&quot;iso&quot;:&quot;2000&quot;,&quot;shutter_speed&quot;:&quot;0.005&quot;,&quot;title&quot;:&quot;&quot;,&quot;orientation&quot;:&quot;1&quot;}\" data-image-title=\"tuareg(1)\" data-image-description=\"\" data-image-caption=\"\" data-large-file=\"https:\/\/i0.wp.com\/olivamorosicristians.es\/wp-content\/uploads\/2025\/09\/tuareg1-scaled.jpg?fit=1024%2C683&amp;ssl=1\" \/>        <\/a>\r\n                <\/div>\r\n                    <div class=\"w-item col-3\">\r\n                                <a href=\"https:\/\/i0.wp.com\/olivamorosicristians.es\/wp-content\/uploads\/2025\/09\/tuareg2-scaled.jpg?fit=2560%2C1707&#038;ssl=1\" data-rel=\"lightcase:gallery-58\">\r\n        <img loading=\"lazy\" decoding=\"async\" width=\"150\" height=\"150\" src=\"https:\/\/i0.wp.com\/olivamorosicristians.es\/wp-content\/uploads\/2025\/09\/tuareg2-scaled.jpg?resize=150%2C150&amp;ssl=1\" class=\"cover-image\" alt=\"\" srcset=\"https:\/\/i0.wp.com\/olivamorosicristians.es\/wp-content\/uploads\/2025\/09\/tuareg2-scaled.jpg?resize=150%2C150&amp;ssl=1 150w, https:\/\/i0.wp.com\/olivamorosicristians.es\/wp-content\/uploads\/2025\/09\/tuareg2-scaled.jpg?resize=340%2C340&amp;ssl=1 340w, https:\/\/i0.wp.com\/olivamorosicristians.es\/wp-content\/uploads\/2025\/09\/tuareg2-scaled.jpg?resize=640%2C640&amp;ssl=1 640w, https:\/\/i0.wp.com\/olivamorosicristians.es\/wp-content\/uploads\/2025\/09\/tuareg2-scaled.jpg?resize=960%2C960&amp;ssl=1 960w, https:\/\/i0.wp.com\/olivamorosicristians.es\/wp-content\/uploads\/2025\/09\/tuareg2-scaled.jpg?zoom=3&amp;resize=150%2C150&amp;ssl=1 450w\" sizes=\"auto, (max-width: 150px) 100vw, 150px\" data-attachment-id=\"11796\" data-permalink=\"https:\/\/olivamorosicristians.es\/es\/cronica-de-les-festes-de-moros-i-cristians-doliva-2025\/tuareg2\/\" data-orig-file=\"https:\/\/i0.wp.com\/olivamorosicristians.es\/wp-content\/uploads\/2025\/09\/tuareg2-scaled.jpg?fit=2560%2C1707&amp;ssl=1\" data-orig-size=\"2560,1707\" data-comments-opened=\"0\" data-image-meta=\"{&quot;aperture&quot;:&quot;4&quot;,&quot;credit&quot;:&quot;&quot;,&quot;camera&quot;:&quot;Canon EOS 5D Mark III&quot;,&quot;caption&quot;:&quot;&quot;,&quot;created_timestamp&quot;:&quot;1752960764&quot;,&quot;copyright&quot;:&quot;&quot;,&quot;focal_length&quot;:&quot;89&quot;,&quot;iso&quot;:&quot;1600&quot;,&quot;shutter_speed&quot;:&quot;0.005&quot;,&quot;title&quot;:&quot;&quot;,&quot;orientation&quot;:&quot;1&quot;}\" data-image-title=\"tuareg(2)\" data-image-description=\"\" data-image-caption=\"\" data-large-file=\"https:\/\/i0.wp.com\/olivamorosicristians.es\/wp-content\/uploads\/2025\/09\/tuareg2-scaled.jpg?fit=1024%2C683&amp;ssl=1\" \/>        <\/a>\r\n                <\/div>\r\n                    <div class=\"w-item col-3\">\r\n                                <a href=\"https:\/\/i0.wp.com\/olivamorosicristians.es\/wp-content\/uploads\/2025\/09\/tuareg3-scaled.jpg?fit=2560%2C1707&#038;ssl=1\" data-rel=\"lightcase:gallery-58\">\r\n        <img loading=\"lazy\" decoding=\"async\" width=\"150\" height=\"150\" src=\"https:\/\/i0.wp.com\/olivamorosicristians.es\/wp-content\/uploads\/2025\/09\/tuareg3-scaled.jpg?resize=150%2C150&amp;ssl=1\" class=\"cover-image\" alt=\"\" srcset=\"https:\/\/i0.wp.com\/olivamorosicristians.es\/wp-content\/uploads\/2025\/09\/tuareg3-scaled.jpg?resize=150%2C150&amp;ssl=1 150w, https:\/\/i0.wp.com\/olivamorosicristians.es\/wp-content\/uploads\/2025\/09\/tuareg3-scaled.jpg?resize=340%2C340&amp;ssl=1 340w, https:\/\/i0.wp.com\/olivamorosicristians.es\/wp-content\/uploads\/2025\/09\/tuareg3-scaled.jpg?resize=640%2C640&amp;ssl=1 640w, https:\/\/i0.wp.com\/olivamorosicristians.es\/wp-content\/uploads\/2025\/09\/tuareg3-scaled.jpg?resize=960%2C960&amp;ssl=1 960w, https:\/\/i0.wp.com\/olivamorosicristians.es\/wp-content\/uploads\/2025\/09\/tuareg3-scaled.jpg?zoom=3&amp;resize=150%2C150&amp;ssl=1 450w\" sizes=\"auto, (max-width: 150px) 100vw, 150px\" data-attachment-id=\"11797\" data-permalink=\"https:\/\/olivamorosicristians.es\/es\/cronica-de-les-festes-de-moros-i-cristians-doliva-2025\/tuareg3\/\" data-orig-file=\"https:\/\/i0.wp.com\/olivamorosicristians.es\/wp-content\/uploads\/2025\/09\/tuareg3-scaled.jpg?fit=2560%2C1707&amp;ssl=1\" data-orig-size=\"2560,1707\" data-comments-opened=\"0\" data-image-meta=\"{&quot;aperture&quot;:&quot;4&quot;,&quot;credit&quot;:&quot;&quot;,&quot;camera&quot;:&quot;Canon EOS 5D Mark III&quot;,&quot;caption&quot;:&quot;&quot;,&quot;created_timestamp&quot;:&quot;1752962242&quot;,&quot;copyright&quot;:&quot;&quot;,&quot;focal_length&quot;:&quot;75&quot;,&quot;iso&quot;:&quot;1600&quot;,&quot;shutter_speed&quot;:&quot;0.005&quot;,&quot;title&quot;:&quot;&quot;,&quot;orientation&quot;:&quot;0&quot;}\" data-image-title=\"tuareg(3)\" data-image-description=\"\" data-image-caption=\"\" data-large-file=\"https:\/\/i0.wp.com\/olivamorosicristians.es\/wp-content\/uploads\/2025\/09\/tuareg3-scaled.jpg?fit=1024%2C683&amp;ssl=1\" \/>        <\/a>\r\n                <\/div>\r\n                    <div class=\"w-item col-3\">\r\n                                <a href=\"https:\/\/i0.wp.com\/olivamorosicristians.es\/wp-content\/uploads\/2025\/09\/tuareg4-scaled.jpg?fit=2560%2C1707&#038;ssl=1\" data-rel=\"lightcase:gallery-58\">\r\n        <img loading=\"lazy\" decoding=\"async\" width=\"150\" height=\"150\" src=\"https:\/\/i0.wp.com\/olivamorosicristians.es\/wp-content\/uploads\/2025\/09\/tuareg4-scaled.jpg?resize=150%2C150&amp;ssl=1\" class=\"cover-image\" alt=\"\" srcset=\"https:\/\/i0.wp.com\/olivamorosicristians.es\/wp-content\/uploads\/2025\/09\/tuareg4-scaled.jpg?resize=150%2C150&amp;ssl=1 150w, https:\/\/i0.wp.com\/olivamorosicristians.es\/wp-content\/uploads\/2025\/09\/tuareg4-scaled.jpg?resize=340%2C340&amp;ssl=1 340w, https:\/\/i0.wp.com\/olivamorosicristians.es\/wp-content\/uploads\/2025\/09\/tuareg4-scaled.jpg?resize=640%2C640&amp;ssl=1 640w, https:\/\/i0.wp.com\/olivamorosicristians.es\/wp-content\/uploads\/2025\/09\/tuareg4-scaled.jpg?resize=960%2C960&amp;ssl=1 960w, https:\/\/i0.wp.com\/olivamorosicristians.es\/wp-content\/uploads\/2025\/09\/tuareg4-scaled.jpg?zoom=3&amp;resize=150%2C150&amp;ssl=1 450w\" sizes=\"auto, (max-width: 150px) 100vw, 150px\" data-attachment-id=\"11798\" data-permalink=\"https:\/\/olivamorosicristians.es\/es\/cronica-de-les-festes-de-moros-i-cristians-doliva-2025\/tuareg4\/\" data-orig-file=\"https:\/\/i0.wp.com\/olivamorosicristians.es\/wp-content\/uploads\/2025\/09\/tuareg4-scaled.jpg?fit=2560%2C1707&amp;ssl=1\" data-orig-size=\"2560,1707\" data-comments-opened=\"0\" data-image-meta=\"{&quot;aperture&quot;:&quot;4&quot;,&quot;credit&quot;:&quot;ANTONI RIBERA OLTRA&quot;,&quot;camera&quot;:&quot;Canon EOS 5D Mark IV&quot;,&quot;caption&quot;:&quot;&quot;,&quot;created_timestamp&quot;:&quot;1752959393&quot;,&quot;copyright&quot;:&quot;ANTONI RIBERA OLTRA antoniribera@live.com +34645997713&quot;,&quot;focal_length&quot;:&quot;165&quot;,&quot;iso&quot;:&quot;2500&quot;,&quot;shutter_speed&quot;:&quot;0.005&quot;,&quot;title&quot;:&quot;&quot;,&quot;orientation&quot;:&quot;0&quot;}\" data-image-title=\"tuareg(4)\" data-image-description=\"\" data-image-caption=\"\" data-large-file=\"https:\/\/i0.wp.com\/olivamorosicristians.es\/wp-content\/uploads\/2025\/09\/tuareg4-scaled.jpg?fit=1024%2C683&amp;ssl=1\" \/>        <\/a>\r\n                <\/div>\r\n                    <div class=\"w-item col-3\">\r\n                                <a href=\"https:\/\/i0.wp.com\/olivamorosicristians.es\/wp-content\/uploads\/2025\/09\/tuareg5-scaled.jpg?fit=1707%2C2560&#038;ssl=1\" data-rel=\"lightcase:gallery-58\">\r\n        <img loading=\"lazy\" decoding=\"async\" width=\"150\" height=\"150\" src=\"https:\/\/i0.wp.com\/olivamorosicristians.es\/wp-content\/uploads\/2025\/09\/tuareg5-scaled.jpg?resize=150%2C150&amp;ssl=1\" class=\"cover-image\" alt=\"\" srcset=\"https:\/\/i0.wp.com\/olivamorosicristians.es\/wp-content\/uploads\/2025\/09\/tuareg5-scaled.jpg?resize=150%2C150&amp;ssl=1 150w, https:\/\/i0.wp.com\/olivamorosicristians.es\/wp-content\/uploads\/2025\/09\/tuareg5-scaled.jpg?resize=340%2C340&amp;ssl=1 340w, https:\/\/i0.wp.com\/olivamorosicristians.es\/wp-content\/uploads\/2025\/09\/tuareg5-scaled.jpg?resize=640%2C640&amp;ssl=1 640w, https:\/\/i0.wp.com\/olivamorosicristians.es\/wp-content\/uploads\/2025\/09\/tuareg5-scaled.jpg?resize=960%2C960&amp;ssl=1 960w, https:\/\/i0.wp.com\/olivamorosicristians.es\/wp-content\/uploads\/2025\/09\/tuareg5-scaled.jpg?zoom=3&amp;resize=150%2C150&amp;ssl=1 450w\" sizes=\"auto, (max-width: 150px) 100vw, 150px\" data-attachment-id=\"11799\" data-permalink=\"https:\/\/olivamorosicristians.es\/es\/cronica-de-les-festes-de-moros-i-cristians-doliva-2025\/tuareg5\/\" data-orig-file=\"https:\/\/i0.wp.com\/olivamorosicristians.es\/wp-content\/uploads\/2025\/09\/tuareg5-scaled.jpg?fit=1707%2C2560&amp;ssl=1\" data-orig-size=\"1707,2560\" data-comments-opened=\"0\" data-image-meta=\"{&quot;aperture&quot;:&quot;4&quot;,&quot;credit&quot;:&quot;ANTONI RIBERA OLTRA&quot;,&quot;camera&quot;:&quot;Canon EOS 5D Mark IV&quot;,&quot;caption&quot;:&quot;&quot;,&quot;created_timestamp&quot;:&quot;1752959609&quot;,&quot;copyright&quot;:&quot;ANTONI RIBERA OLTRA antoniribera@live.com +34645997713&quot;,&quot;focal_length&quot;:&quot;93&quot;,&quot;iso&quot;:&quot;3200&quot;,&quot;shutter_speed&quot;:&quot;0.005&quot;,&quot;title&quot;:&quot;&quot;,&quot;orientation&quot;:&quot;0&quot;}\" data-image-title=\"tuareg(5)\" data-image-description=\"\" data-image-caption=\"\" data-large-file=\"https:\/\/i0.wp.com\/olivamorosicristians.es\/wp-content\/uploads\/2025\/09\/tuareg5-scaled.jpg?fit=683%2C1024&amp;ssl=1\" \/>        <\/a>\r\n                <\/div>\r\n                    <div class=\"w-item col-3\">\r\n                                <a href=\"https:\/\/i0.wp.com\/olivamorosicristians.es\/wp-content\/uploads\/2025\/09\/tuareg6-scaled.jpg?fit=2560%2C1707&#038;ssl=1\" data-rel=\"lightcase:gallery-58\">\r\n        <img loading=\"lazy\" decoding=\"async\" width=\"150\" height=\"150\" src=\"https:\/\/i0.wp.com\/olivamorosicristians.es\/wp-content\/uploads\/2025\/09\/tuareg6-scaled.jpg?resize=150%2C150&amp;ssl=1\" class=\"cover-image\" alt=\"\" srcset=\"https:\/\/i0.wp.com\/olivamorosicristians.es\/wp-content\/uploads\/2025\/09\/tuareg6-scaled.jpg?resize=150%2C150&amp;ssl=1 150w, https:\/\/i0.wp.com\/olivamorosicristians.es\/wp-content\/uploads\/2025\/09\/tuareg6-scaled.jpg?resize=340%2C340&amp;ssl=1 340w, https:\/\/i0.wp.com\/olivamorosicristians.es\/wp-content\/uploads\/2025\/09\/tuareg6-scaled.jpg?resize=640%2C640&amp;ssl=1 640w, https:\/\/i0.wp.com\/olivamorosicristians.es\/wp-content\/uploads\/2025\/09\/tuareg6-scaled.jpg?resize=960%2C960&amp;ssl=1 960w, https:\/\/i0.wp.com\/olivamorosicristians.es\/wp-content\/uploads\/2025\/09\/tuareg6-scaled.jpg?zoom=3&amp;resize=150%2C150&amp;ssl=1 450w\" sizes=\"auto, (max-width: 150px) 100vw, 150px\" data-attachment-id=\"11800\" data-permalink=\"https:\/\/olivamorosicristians.es\/es\/cronica-de-les-festes-de-moros-i-cristians-doliva-2025\/tuareg6\/\" data-orig-file=\"https:\/\/i0.wp.com\/olivamorosicristians.es\/wp-content\/uploads\/2025\/09\/tuareg6-scaled.jpg?fit=2560%2C1707&amp;ssl=1\" data-orig-size=\"2560,1707\" data-comments-opened=\"0\" data-image-meta=\"{&quot;aperture&quot;:&quot;4&quot;,&quot;credit&quot;:&quot;ANTONI RIBERA OLTRA&quot;,&quot;camera&quot;:&quot;Canon EOS 5D Mark IV&quot;,&quot;caption&quot;:&quot;&quot;,&quot;created_timestamp&quot;:&quot;1752960352&quot;,&quot;copyright&quot;:&quot;ANTONI RIBERA OLTRA antoniribera@live.com +34645997713&quot;,&quot;focal_length&quot;:&quot;160&quot;,&quot;iso&quot;:&quot;1600&quot;,&quot;shutter_speed&quot;:&quot;0.005&quot;,&quot;title&quot;:&quot;&quot;,&quot;orientation&quot;:&quot;0&quot;}\" data-image-title=\"tuareg(6)\" data-image-description=\"\" data-image-caption=\"\" data-large-file=\"https:\/\/i0.wp.com\/olivamorosicristians.es\/wp-content\/uploads\/2025\/09\/tuareg6-scaled.jpg?fit=1024%2C683&amp;ssl=1\" \/>        <\/a>\r\n                <\/div>\r\n                    <div class=\"w-item col-3\">\r\n                                <a href=\"https:\/\/i0.wp.com\/olivamorosicristians.es\/wp-content\/uploads\/2025\/09\/tuareg7-scaled.jpg?fit=2560%2C1707&#038;ssl=1\" data-rel=\"lightcase:gallery-58\">\r\n        <img loading=\"lazy\" decoding=\"async\" width=\"150\" height=\"150\" src=\"https:\/\/i0.wp.com\/olivamorosicristians.es\/wp-content\/uploads\/2025\/09\/tuareg7-scaled.jpg?resize=150%2C150&amp;ssl=1\" class=\"cover-image\" alt=\"\" srcset=\"https:\/\/i0.wp.com\/olivamorosicristians.es\/wp-content\/uploads\/2025\/09\/tuareg7-scaled.jpg?resize=150%2C150&amp;ssl=1 150w, https:\/\/i0.wp.com\/olivamorosicristians.es\/wp-content\/uploads\/2025\/09\/tuareg7-scaled.jpg?resize=340%2C340&amp;ssl=1 340w, https:\/\/i0.wp.com\/olivamorosicristians.es\/wp-content\/uploads\/2025\/09\/tuareg7-scaled.jpg?resize=640%2C640&amp;ssl=1 640w, https:\/\/i0.wp.com\/olivamorosicristians.es\/wp-content\/uploads\/2025\/09\/tuareg7-scaled.jpg?resize=960%2C960&amp;ssl=1 960w, https:\/\/i0.wp.com\/olivamorosicristians.es\/wp-content\/uploads\/2025\/09\/tuareg7-scaled.jpg?zoom=3&amp;resize=150%2C150&amp;ssl=1 450w\" sizes=\"auto, (max-width: 150px) 100vw, 150px\" data-attachment-id=\"11801\" data-permalink=\"https:\/\/olivamorosicristians.es\/es\/cronica-de-les-festes-de-moros-i-cristians-doliva-2025\/tuareg7\/\" data-orig-file=\"https:\/\/i0.wp.com\/olivamorosicristians.es\/wp-content\/uploads\/2025\/09\/tuareg7-scaled.jpg?fit=2560%2C1707&amp;ssl=1\" data-orig-size=\"2560,1707\" data-comments-opened=\"0\" data-image-meta=\"{&quot;aperture&quot;:&quot;4&quot;,&quot;credit&quot;:&quot;ANTONI RIBERA OLTRA&quot;,&quot;camera&quot;:&quot;Canon EOS 5D Mark IV&quot;,&quot;caption&quot;:&quot;&quot;,&quot;created_timestamp&quot;:&quot;1752961013&quot;,&quot;copyright&quot;:&quot;ANTONI RIBERA OLTRA antoniribera@live.com +34645997713&quot;,&quot;focal_length&quot;:&quot;200&quot;,&quot;iso&quot;:&quot;3200&quot;,&quot;shutter_speed&quot;:&quot;0.005&quot;,&quot;title&quot;:&quot;&quot;,&quot;orientation&quot;:&quot;0&quot;}\" data-image-title=\"tuareg(7)\" data-image-description=\"\" data-image-caption=\"\" data-large-file=\"https:\/\/i0.wp.com\/olivamorosicristians.es\/wp-content\/uploads\/2025\/09\/tuareg7-scaled.jpg?fit=1024%2C683&amp;ssl=1\" \/>        <\/a>\r\n                <\/div>\r\n        <\/div>\r\n<\/div><div class=\"w-space\" style=\"height:30px\"><\/div><div class=\"w-image text-center\">\n            <img loading=\"lazy\" decoding=\"async\" width=\"1280\" height=\"853\" src=\"https:\/\/i0.wp.com\/olivamorosicristians.es\/wp-content\/uploads\/2025\/08\/16-E.-Mora-scaled.jpg?fit=1280%2C853&amp;ssl=1\" class=\"attachment-overlap-fullwidth size-overlap-fullwidth\" alt=\"\" srcset=\"https:\/\/i0.wp.com\/olivamorosicristians.es\/wp-content\/uploads\/2025\/08\/16-E.-Mora-scaled.jpg?w=2560&amp;ssl=1 2560w, https:\/\/i0.wp.com\/olivamorosicristians.es\/wp-content\/uploads\/2025\/08\/16-E.-Mora-scaled.jpg?resize=300%2C200&amp;ssl=1 300w, https:\/\/i0.wp.com\/olivamorosicristians.es\/wp-content\/uploads\/2025\/08\/16-E.-Mora-scaled.jpg?resize=1024%2C683&amp;ssl=1 1024w, https:\/\/i0.wp.com\/olivamorosicristians.es\/wp-content\/uploads\/2025\/08\/16-E.-Mora-scaled.jpg?resize=768%2C512&amp;ssl=1 768w, https:\/\/i0.wp.com\/olivamorosicristians.es\/wp-content\/uploads\/2025\/08\/16-E.-Mora-scaled.jpg?resize=1536%2C1024&amp;ssl=1 1536w, https:\/\/i0.wp.com\/olivamorosicristians.es\/wp-content\/uploads\/2025\/08\/16-E.-Mora-scaled.jpg?resize=2048%2C1366&amp;ssl=1 2048w, https:\/\/i0.wp.com\/olivamorosicristians.es\/wp-content\/uploads\/2025\/08\/16-E.-Mora-scaled.jpg?resize=18%2C12&amp;ssl=1 18w, https:\/\/i0.wp.com\/olivamorosicristians.es\/wp-content\/uploads\/2025\/08\/16-E.-Mora-scaled.jpg?resize=640%2C427&amp;ssl=1 640w, https:\/\/i0.wp.com\/olivamorosicristians.es\/wp-content\/uploads\/2025\/08\/16-E.-Mora-scaled.jpg?resize=1280%2C853&amp;ssl=1 1280w, https:\/\/i0.wp.com\/olivamorosicristians.es\/wp-content\/uploads\/2025\/08\/16-E.-Mora-scaled.jpg?resize=1320%2C880&amp;ssl=1 1320w, https:\/\/i0.wp.com\/olivamorosicristians.es\/wp-content\/uploads\/2025\/08\/16-E.-Mora-scaled.jpg?w=2340&amp;ssl=1 2340w\" sizes=\"auto, (max-width: 1170px) 100vw, 1170px\" data-attachment-id=\"11769\" data-permalink=\"https:\/\/olivamorosicristians.es\/es\/cronica-de-les-festes-de-moros-i-cristians-doliva-2025\/16-e-mora\/\" data-orig-file=\"https:\/\/i0.wp.com\/olivamorosicristians.es\/wp-content\/uploads\/2025\/08\/16-E.-Mora-scaled.jpg?fit=2560%2C1707&amp;ssl=1\" data-orig-size=\"2560,1707\" data-comments-opened=\"0\" data-image-meta=\"{&quot;aperture&quot;:&quot;4&quot;,&quot;credit&quot;:&quot;ANTONI RIBERA OLTRA&quot;,&quot;camera&quot;:&quot;Canon EOS 5D Mark IV&quot;,&quot;caption&quot;:&quot;&quot;,&quot;created_timestamp&quot;:&quot;1752960022&quot;,&quot;copyright&quot;:&quot;ANTONI RIBERA OLTRA antoniribera@live.com +34645997713&quot;,&quot;focal_length&quot;:&quot;144&quot;,&quot;iso&quot;:&quot;1600&quot;,&quot;shutter_speed&quot;:&quot;0.005&quot;,&quot;title&quot;:&quot;&quot;,&quot;orientation&quot;:&quot;1&quot;}\" data-image-title=\"16 &amp;#8211; E. Mora\" data-image-description=\"\" data-image-caption=\"\" data-large-file=\"https:\/\/i0.wp.com\/olivamorosicristians.es\/wp-content\/uploads\/2025\/08\/16-E.-Mora-scaled.jpg?fit=1024%2C683&amp;ssl=1\" \/>    <\/div>\n<div class=\"w-space\" style=\"height:30px\"><\/div><div class=\"w-image text-center\">\n            <img loading=\"lazy\" decoding=\"async\" width=\"1280\" height=\"1920\" src=\"https:\/\/i0.wp.com\/olivamorosicristians.es\/wp-content\/uploads\/2025\/08\/17-E.-Mora-scaled.jpg?fit=1280%2C1920&amp;ssl=1\" class=\"attachment-overlap-fullwidth size-overlap-fullwidth\" alt=\"\" srcset=\"https:\/\/i0.wp.com\/olivamorosicristians.es\/wp-content\/uploads\/2025\/08\/17-E.-Mora-scaled.jpg?w=1707&amp;ssl=1 1707w, https:\/\/i0.wp.com\/olivamorosicristians.es\/wp-content\/uploads\/2025\/08\/17-E.-Mora-scaled.jpg?resize=200%2C300&amp;ssl=1 200w, https:\/\/i0.wp.com\/olivamorosicristians.es\/wp-content\/uploads\/2025\/08\/17-E.-Mora-scaled.jpg?resize=683%2C1024&amp;ssl=1 683w, https:\/\/i0.wp.com\/olivamorosicristians.es\/wp-content\/uploads\/2025\/08\/17-E.-Mora-scaled.jpg?resize=768%2C1152&amp;ssl=1 768w, https:\/\/i0.wp.com\/olivamorosicristians.es\/wp-content\/uploads\/2025\/08\/17-E.-Mora-scaled.jpg?resize=1024%2C1536&amp;ssl=1 1024w, https:\/\/i0.wp.com\/olivamorosicristians.es\/wp-content\/uploads\/2025\/08\/17-E.-Mora-scaled.jpg?resize=1366%2C2048&amp;ssl=1 1366w, https:\/\/i0.wp.com\/olivamorosicristians.es\/wp-content\/uploads\/2025\/08\/17-E.-Mora-scaled.jpg?resize=8%2C12&amp;ssl=1 8w, https:\/\/i0.wp.com\/olivamorosicristians.es\/wp-content\/uploads\/2025\/08\/17-E.-Mora-scaled.jpg?resize=640%2C960&amp;ssl=1 640w, https:\/\/i0.wp.com\/olivamorosicristians.es\/wp-content\/uploads\/2025\/08\/17-E.-Mora-scaled.jpg?resize=1280%2C1920&amp;ssl=1 1280w, https:\/\/i0.wp.com\/olivamorosicristians.es\/wp-content\/uploads\/2025\/08\/17-E.-Mora-scaled.jpg?resize=1320%2C1980&amp;ssl=1 1320w\" sizes=\"auto, (max-width: 1170px) 100vw, 1170px\" data-attachment-id=\"11770\" data-permalink=\"https:\/\/olivamorosicristians.es\/es\/cronica-de-les-festes-de-moros-i-cristians-doliva-2025\/17-e-mora\/\" data-orig-file=\"https:\/\/i0.wp.com\/olivamorosicristians.es\/wp-content\/uploads\/2025\/08\/17-E.-Mora-scaled.jpg?fit=1707%2C2560&amp;ssl=1\" data-orig-size=\"1707,2560\" data-comments-opened=\"0\" data-image-meta=\"{&quot;aperture&quot;:&quot;4&quot;,&quot;credit&quot;:&quot;ANTONI RIBERA OLTRA&quot;,&quot;camera&quot;:&quot;Canon EOS 5D Mark IV&quot;,&quot;caption&quot;:&quot;&quot;,&quot;created_timestamp&quot;:&quot;1752961389&quot;,&quot;copyright&quot;:&quot;ANTONI RIBERA OLTRA antoniribera@live.com +34645997713&quot;,&quot;focal_length&quot;:&quot;138&quot;,&quot;iso&quot;:&quot;2500&quot;,&quot;shutter_speed&quot;:&quot;0.005&quot;,&quot;title&quot;:&quot;&quot;,&quot;orientation&quot;:&quot;1&quot;}\" data-image-title=\"17 &amp;#8211; E. Mora\" data-image-description=\"\" data-image-caption=\"\" data-large-file=\"https:\/\/i0.wp.com\/olivamorosicristians.es\/wp-content\/uploads\/2025\/08\/17-E.-Mora-scaled.jpg?fit=683%2C1024&amp;ssl=1\" \/>    <\/div>\n<div class=\"w-space\" style=\"height:30px\"><\/div><div class=\"w-text-block\">\n    <\/div><div class=\"w-text-block\">\n    <p class=\"p1\">L\u2019\u00faltim dia de festes, el 20 de juliol, va tindre lloc la <b>Visita a les cabiles capitanes<\/b>, on totes les filades van visitar a les filades capitanes, la <b>Filada Jaume I<\/b> i la <b>Filada Tuareg<\/b>.<\/p>\n<p class=\"p1\">A la vesprada es va celebrar l\u2019<b>Entrada Infantil<\/b>, amb la participaci\u00f3 dels festers i festeres m\u00e9s joves i, aquest any, com a novetat, a ritme de marxa mora i cristiana.<\/p>\n<p class=\"p1\">A continuaci\u00f3, es va dur a terme la <b>Reconquesta Cristiana<\/b> al Parc de l\u2019Estaci\u00f3, amb castell de focs d\u2019arcabusseria, ambaixada, batalla i conquesta cristiana, en qu\u00e8 Oliva va tornar a ser cristiana.<\/p>\n<\/div><div class=\"w-space\" style=\"height:30px\"><\/div><div class=\"w-image-gallery w-grid\">\r\n    <div class=\"w-view clear\">\r\n                    <div class=\"w-item col-6\">\r\n                                <a href=\"https:\/\/i0.wp.com\/olivamorosicristians.es\/wp-content\/uploads\/2025\/08\/18-E.-Infantil-scaled.jpg?fit=2560%2C1706&#038;ssl=1\" data-rel=\"lightcase:gallery-79\">\r\n        <img loading=\"lazy\" decoding=\"async\" width=\"340\" height=\"340\" src=\"https:\/\/i0.wp.com\/olivamorosicristians.es\/wp-content\/uploads\/2025\/08\/18-E.-Infantil-scaled.jpg?resize=340%2C340&amp;ssl=1\" class=\"cover-image\" alt=\"\" srcset=\"https:\/\/i0.wp.com\/olivamorosicristians.es\/wp-content\/uploads\/2025\/08\/18-E.-Infantil-scaled.jpg?resize=150%2C150&amp;ssl=1 150w, https:\/\/i0.wp.com\/olivamorosicristians.es\/wp-content\/uploads\/2025\/08\/18-E.-Infantil-scaled.jpg?resize=340%2C340&amp;ssl=1 340w, https:\/\/i0.wp.com\/olivamorosicristians.es\/wp-content\/uploads\/2025\/08\/18-E.-Infantil-scaled.jpg?resize=640%2C640&amp;ssl=1 640w, https:\/\/i0.wp.com\/olivamorosicristians.es\/wp-content\/uploads\/2025\/08\/18-E.-Infantil-scaled.jpg?resize=960%2C960&amp;ssl=1 960w, https:\/\/i0.wp.com\/olivamorosicristians.es\/wp-content\/uploads\/2025\/08\/18-E.-Infantil-scaled.jpg?zoom=3&amp;resize=340%2C340&amp;ssl=1 1020w\" sizes=\"auto, (max-width: 340px) 100vw, 340px\" data-attachment-id=\"11773\" data-permalink=\"https:\/\/olivamorosicristians.es\/es\/cronica-de-les-festes-de-moros-i-cristians-doliva-2025\/18-e-infantil\/\" data-orig-file=\"https:\/\/i0.wp.com\/olivamorosicristians.es\/wp-content\/uploads\/2025\/08\/18-E.-Infantil-scaled.jpg?fit=2560%2C1706&amp;ssl=1\" data-orig-size=\"2560,1706\" data-comments-opened=\"0\" data-image-meta=\"{&quot;aperture&quot;:&quot;5&quot;,&quot;credit&quot;:&quot;&quot;,&quot;camera&quot;:&quot;Canon EOS 5D Mark III&quot;,&quot;caption&quot;:&quot;&quot;,&quot;created_timestamp&quot;:&quot;1753040472&quot;,&quot;copyright&quot;:&quot;&quot;,&quot;focal_length&quot;:&quot;35&quot;,&quot;iso&quot;:&quot;100&quot;,&quot;shutter_speed&quot;:&quot;0.005&quot;,&quot;title&quot;:&quot;&quot;,&quot;orientation&quot;:&quot;1&quot;}\" data-image-title=\"18 &amp;#8211; E. Infantil\" data-image-description=\"\" data-image-caption=\"\" data-large-file=\"https:\/\/i0.wp.com\/olivamorosicristians.es\/wp-content\/uploads\/2025\/08\/18-E.-Infantil-scaled.jpg?fit=1024%2C683&amp;ssl=1\" \/>        <\/a>\r\n                <\/div>\r\n                    <div class=\"w-item col-6\">\r\n                                <a href=\"https:\/\/i0.wp.com\/olivamorosicristians.es\/wp-content\/uploads\/2025\/08\/19-E.-Infantil-scaled.jpg?fit=2560%2C1945&#038;ssl=1\" data-rel=\"lightcase:gallery-79\">\r\n        <img loading=\"lazy\" decoding=\"async\" width=\"340\" height=\"340\" src=\"https:\/\/i0.wp.com\/olivamorosicristians.es\/wp-content\/uploads\/2025\/08\/19-E.-Infantil-scaled.jpg?resize=340%2C340&amp;ssl=1\" class=\"cover-image\" alt=\"\" srcset=\"https:\/\/i0.wp.com\/olivamorosicristians.es\/wp-content\/uploads\/2025\/08\/19-E.-Infantil-scaled.jpg?resize=150%2C150&amp;ssl=1 150w, https:\/\/i0.wp.com\/olivamorosicristians.es\/wp-content\/uploads\/2025\/08\/19-E.-Infantil-scaled.jpg?resize=340%2C340&amp;ssl=1 340w, https:\/\/i0.wp.com\/olivamorosicristians.es\/wp-content\/uploads\/2025\/08\/19-E.-Infantil-scaled.jpg?resize=640%2C640&amp;ssl=1 640w, https:\/\/i0.wp.com\/olivamorosicristians.es\/wp-content\/uploads\/2025\/08\/19-E.-Infantil-scaled.jpg?resize=960%2C960&amp;ssl=1 960w, https:\/\/i0.wp.com\/olivamorosicristians.es\/wp-content\/uploads\/2025\/08\/19-E.-Infantil-scaled.jpg?zoom=3&amp;resize=340%2C340&amp;ssl=1 1020w\" sizes=\"auto, (max-width: 340px) 100vw, 340px\" data-attachment-id=\"11774\" data-permalink=\"https:\/\/olivamorosicristians.es\/es\/cronica-de-les-festes-de-moros-i-cristians-doliva-2025\/19-e-infantil\/\" data-orig-file=\"https:\/\/i0.wp.com\/olivamorosicristians.es\/wp-content\/uploads\/2025\/08\/19-E.-Infantil-scaled.jpg?fit=2560%2C1945&amp;ssl=1\" data-orig-size=\"2560,1945\" data-comments-opened=\"0\" data-image-meta=\"{&quot;aperture&quot;:&quot;5&quot;,&quot;credit&quot;:&quot;&quot;,&quot;camera&quot;:&quot;Canon EOS 5D Mark III&quot;,&quot;caption&quot;:&quot;&quot;,&quot;created_timestamp&quot;:&quot;1753040276&quot;,&quot;copyright&quot;:&quot;&quot;,&quot;focal_length&quot;:&quot;40&quot;,&quot;iso&quot;:&quot;100&quot;,&quot;shutter_speed&quot;:&quot;0.005&quot;,&quot;title&quot;:&quot;&quot;,&quot;orientation&quot;:&quot;0&quot;}\" data-image-title=\"19 &amp;#8211; E. Infantil\" data-image-description=\"\" data-image-caption=\"\" data-large-file=\"https:\/\/i0.wp.com\/olivamorosicristians.es\/wp-content\/uploads\/2025\/08\/19-E.-Infantil-scaled.jpg?fit=1024%2C778&amp;ssl=1\" \/>        <\/a>\r\n                <\/div>\r\n        <\/div>\r\n<\/div><div class=\"w-space\" style=\"height:30px\"><\/div><div class=\"w-image-gallery w-grid\">\r\n    <div class=\"w-view clear\">\r\n                    <div class=\"w-item col-3\">\r\n                                <a href=\"https:\/\/i0.wp.com\/olivamorosicristians.es\/wp-content\/uploads\/2025\/08\/20-Reconquesta-scaled.jpg?fit=2560%2C1707&#038;ssl=1\" data-rel=\"lightcase:gallery-69\">\r\n        <img loading=\"lazy\" decoding=\"async\" width=\"340\" height=\"340\" src=\"https:\/\/i0.wp.com\/olivamorosicristians.es\/wp-content\/uploads\/2025\/08\/20-Reconquesta-scaled.jpg?resize=340%2C340&amp;ssl=1\" class=\"cover-image\" alt=\"\" srcset=\"https:\/\/i0.wp.com\/olivamorosicristians.es\/wp-content\/uploads\/2025\/08\/20-Reconquesta-scaled.jpg?resize=150%2C150&amp;ssl=1 150w, https:\/\/i0.wp.com\/olivamorosicristians.es\/wp-content\/uploads\/2025\/08\/20-Reconquesta-scaled.jpg?resize=340%2C340&amp;ssl=1 340w, https:\/\/i0.wp.com\/olivamorosicristians.es\/wp-content\/uploads\/2025\/08\/20-Reconquesta-scaled.jpg?resize=640%2C640&amp;ssl=1 640w, https:\/\/i0.wp.com\/olivamorosicristians.es\/wp-content\/uploads\/2025\/08\/20-Reconquesta-scaled.jpg?resize=960%2C960&amp;ssl=1 960w, https:\/\/i0.wp.com\/olivamorosicristians.es\/wp-content\/uploads\/2025\/08\/20-Reconquesta-scaled.jpg?zoom=3&amp;resize=340%2C340&amp;ssl=1 1020w\" sizes=\"auto, (max-width: 340px) 100vw, 340px\" data-attachment-id=\"11775\" data-permalink=\"https:\/\/olivamorosicristians.es\/es\/cronica-de-les-festes-de-moros-i-cristians-doliva-2025\/20-reconquesta\/\" data-orig-file=\"https:\/\/i0.wp.com\/olivamorosicristians.es\/wp-content\/uploads\/2025\/08\/20-Reconquesta-scaled.jpg?fit=2560%2C1707&amp;ssl=1\" data-orig-size=\"2560,1707\" data-comments-opened=\"0\" data-image-meta=\"{&quot;aperture&quot;:&quot;2.8&quot;,&quot;credit&quot;:&quot;&quot;,&quot;camera&quot;:&quot;Canon EOS 5D Mark IV&quot;,&quot;caption&quot;:&quot;&quot;,&quot;created_timestamp&quot;:&quot;1753039572&quot;,&quot;copyright&quot;:&quot;&quot;,&quot;focal_length&quot;:&quot;200&quot;,&quot;iso&quot;:&quot;800&quot;,&quot;shutter_speed&quot;:&quot;0.005&quot;,&quot;title&quot;:&quot;&quot;,&quot;orientation&quot;:&quot;0&quot;}\" data-image-title=\"20 &amp;#8211; Reconquesta\" data-image-description=\"\" data-image-caption=\"\" data-large-file=\"https:\/\/i0.wp.com\/olivamorosicristians.es\/wp-content\/uploads\/2025\/08\/20-Reconquesta-scaled.jpg?fit=1024%2C683&amp;ssl=1\" \/>        <\/a>\r\n                <\/div>\r\n                    <div class=\"w-item col-3\">\r\n                                <a href=\"https:\/\/i0.wp.com\/olivamorosicristians.es\/wp-content\/uploads\/2025\/08\/21-Reconquesta-scaled.jpg?fit=1707%2C2560&#038;ssl=1\" data-rel=\"lightcase:gallery-69\">\r\n        <img loading=\"lazy\" decoding=\"async\" width=\"340\" height=\"340\" src=\"https:\/\/i0.wp.com\/olivamorosicristians.es\/wp-content\/uploads\/2025\/08\/21-Reconquesta-scaled.jpg?resize=340%2C340&amp;ssl=1\" class=\"cover-image\" alt=\"\" srcset=\"https:\/\/i0.wp.com\/olivamorosicristians.es\/wp-content\/uploads\/2025\/08\/21-Reconquesta-scaled.jpg?resize=150%2C150&amp;ssl=1 150w, https:\/\/i0.wp.com\/olivamorosicristians.es\/wp-content\/uploads\/2025\/08\/21-Reconquesta-scaled.jpg?resize=340%2C340&amp;ssl=1 340w, https:\/\/i0.wp.com\/olivamorosicristians.es\/wp-content\/uploads\/2025\/08\/21-Reconquesta-scaled.jpg?resize=640%2C640&amp;ssl=1 640w, https:\/\/i0.wp.com\/olivamorosicristians.es\/wp-content\/uploads\/2025\/08\/21-Reconquesta-scaled.jpg?resize=960%2C960&amp;ssl=1 960w, https:\/\/i0.wp.com\/olivamorosicristians.es\/wp-content\/uploads\/2025\/08\/21-Reconquesta-scaled.jpg?zoom=3&amp;resize=340%2C340&amp;ssl=1 1020w\" sizes=\"auto, (max-width: 340px) 100vw, 340px\" data-attachment-id=\"11776\" data-permalink=\"https:\/\/olivamorosicristians.es\/es\/cronica-de-les-festes-de-moros-i-cristians-doliva-2025\/21-reconquesta\/\" data-orig-file=\"https:\/\/i0.wp.com\/olivamorosicristians.es\/wp-content\/uploads\/2025\/08\/21-Reconquesta-scaled.jpg?fit=1707%2C2560&amp;ssl=1\" data-orig-size=\"1707,2560\" data-comments-opened=\"0\" data-image-meta=\"{&quot;aperture&quot;:&quot;2.8&quot;,&quot;credit&quot;:&quot;&quot;,&quot;camera&quot;:&quot;Canon EOS 5D Mark IV&quot;,&quot;caption&quot;:&quot;&quot;,&quot;created_timestamp&quot;:&quot;1753040170&quot;,&quot;copyright&quot;:&quot;&quot;,&quot;focal_length&quot;:&quot;70&quot;,&quot;iso&quot;:&quot;3200&quot;,&quot;shutter_speed&quot;:&quot;0.00625&quot;,&quot;title&quot;:&quot;&quot;,&quot;orientation&quot;:&quot;0&quot;}\" data-image-title=\"21 &amp;#8211; Reconquesta\" data-image-description=\"\" data-image-caption=\"\" data-large-file=\"https:\/\/i0.wp.com\/olivamorosicristians.es\/wp-content\/uploads\/2025\/08\/21-Reconquesta-scaled.jpg?fit=683%2C1024&amp;ssl=1\" \/>        <\/a>\r\n                <\/div>\r\n                    <div class=\"w-item col-3\">\r\n                                <a href=\"https:\/\/i0.wp.com\/olivamorosicristians.es\/wp-content\/uploads\/2025\/08\/22-Reconquesta-scaled.jpg?fit=2560%2C1707&#038;ssl=1\" data-rel=\"lightcase:gallery-69\">\r\n        <img loading=\"lazy\" decoding=\"async\" width=\"340\" height=\"340\" src=\"https:\/\/i0.wp.com\/olivamorosicristians.es\/wp-content\/uploads\/2025\/08\/22-Reconquesta-scaled.jpg?resize=340%2C340&amp;ssl=1\" class=\"cover-image\" alt=\"\" srcset=\"https:\/\/i0.wp.com\/olivamorosicristians.es\/wp-content\/uploads\/2025\/08\/22-Reconquesta-scaled.jpg?resize=150%2C150&amp;ssl=1 150w, https:\/\/i0.wp.com\/olivamorosicristians.es\/wp-content\/uploads\/2025\/08\/22-Reconquesta-scaled.jpg?resize=340%2C340&amp;ssl=1 340w, https:\/\/i0.wp.com\/olivamorosicristians.es\/wp-content\/uploads\/2025\/08\/22-Reconquesta-scaled.jpg?resize=640%2C640&amp;ssl=1 640w, https:\/\/i0.wp.com\/olivamorosicristians.es\/wp-content\/uploads\/2025\/08\/22-Reconquesta-scaled.jpg?resize=960%2C960&amp;ssl=1 960w, https:\/\/i0.wp.com\/olivamorosicristians.es\/wp-content\/uploads\/2025\/08\/22-Reconquesta-scaled.jpg?zoom=3&amp;resize=340%2C340&amp;ssl=1 1020w\" sizes=\"auto, (max-width: 340px) 100vw, 340px\" data-attachment-id=\"11777\" data-permalink=\"https:\/\/olivamorosicristians.es\/es\/cronica-de-les-festes-de-moros-i-cristians-doliva-2025\/22-reconquesta\/\" data-orig-file=\"https:\/\/i0.wp.com\/olivamorosicristians.es\/wp-content\/uploads\/2025\/08\/22-Reconquesta-scaled.jpg?fit=2560%2C1707&amp;ssl=1\" data-orig-size=\"2560,1707\" data-comments-opened=\"0\" data-image-meta=\"{&quot;aperture&quot;:&quot;2.8&quot;,&quot;credit&quot;:&quot;&quot;,&quot;camera&quot;:&quot;Canon EOS 5D Mark IV&quot;,&quot;caption&quot;:&quot;&quot;,&quot;created_timestamp&quot;:&quot;1753040664&quot;,&quot;copyright&quot;:&quot;&quot;,&quot;focal_length&quot;:&quot;70&quot;,&quot;iso&quot;:&quot;4000&quot;,&quot;shutter_speed&quot;:&quot;0.005&quot;,&quot;title&quot;:&quot;&quot;,&quot;orientation&quot;:&quot;0&quot;}\" data-image-title=\"22 &amp;#8211; Reconquesta\" data-image-description=\"\" data-image-caption=\"\" data-large-file=\"https:\/\/i0.wp.com\/olivamorosicristians.es\/wp-content\/uploads\/2025\/08\/22-Reconquesta-scaled.jpg?fit=1024%2C683&amp;ssl=1\" \/>        <\/a>\r\n                <\/div>\r\n                    <div class=\"w-item col-3\">\r\n                                <a href=\"https:\/\/i0.wp.com\/olivamorosicristians.es\/wp-content\/uploads\/2025\/08\/23-Reconquesta-scaled.jpg?fit=2560%2C1707&#038;ssl=1\" data-rel=\"lightcase:gallery-69\">\r\n        <img loading=\"lazy\" decoding=\"async\" width=\"340\" height=\"340\" src=\"https:\/\/i0.wp.com\/olivamorosicristians.es\/wp-content\/uploads\/2025\/08\/23-Reconquesta-scaled.jpg?resize=340%2C340&amp;ssl=1\" class=\"cover-image\" alt=\"\" srcset=\"https:\/\/i0.wp.com\/olivamorosicristians.es\/wp-content\/uploads\/2025\/08\/23-Reconquesta-scaled.jpg?resize=150%2C150&amp;ssl=1 150w, https:\/\/i0.wp.com\/olivamorosicristians.es\/wp-content\/uploads\/2025\/08\/23-Reconquesta-scaled.jpg?resize=340%2C340&amp;ssl=1 340w, https:\/\/i0.wp.com\/olivamorosicristians.es\/wp-content\/uploads\/2025\/08\/23-Reconquesta-scaled.jpg?resize=640%2C640&amp;ssl=1 640w, https:\/\/i0.wp.com\/olivamorosicristians.es\/wp-content\/uploads\/2025\/08\/23-Reconquesta-scaled.jpg?resize=960%2C960&amp;ssl=1 960w, https:\/\/i0.wp.com\/olivamorosicristians.es\/wp-content\/uploads\/2025\/08\/23-Reconquesta-scaled.jpg?zoom=3&amp;resize=340%2C340&amp;ssl=1 1020w\" sizes=\"auto, (max-width: 340px) 100vw, 340px\" data-attachment-id=\"11778\" data-permalink=\"https:\/\/olivamorosicristians.es\/es\/cronica-de-les-festes-de-moros-i-cristians-doliva-2025\/23-reconquesta\/\" data-orig-file=\"https:\/\/i0.wp.com\/olivamorosicristians.es\/wp-content\/uploads\/2025\/08\/23-Reconquesta-scaled.jpg?fit=2560%2C1707&amp;ssl=1\" data-orig-size=\"2560,1707\" data-comments-opened=\"0\" data-image-meta=\"{&quot;aperture&quot;:&quot;5&quot;,&quot;credit&quot;:&quot;&quot;,&quot;camera&quot;:&quot;Canon EOS 5D Mark III&quot;,&quot;caption&quot;:&quot;&quot;,&quot;created_timestamp&quot;:&quot;1753046839&quot;,&quot;copyright&quot;:&quot;&quot;,&quot;focal_length&quot;:&quot;40&quot;,&quot;iso&quot;:&quot;800&quot;,&quot;shutter_speed&quot;:&quot;0.005&quot;,&quot;title&quot;:&quot;&quot;,&quot;orientation&quot;:&quot;0&quot;}\" data-image-title=\"23 &amp;#8211; Reconquesta\" data-image-description=\"\" data-image-caption=\"\" data-large-file=\"https:\/\/i0.wp.com\/olivamorosicristians.es\/wp-content\/uploads\/2025\/08\/23-Reconquesta-scaled.jpg?fit=1024%2C683&amp;ssl=1\" \/>        <\/a>\r\n                <\/div>\r\n        <\/div>\r\n<\/div><div class=\"w-space\" style=\"height:30px\"><\/div><div class=\"w-text-block\">\n    <p class=\"p1\">Per \u00faltim, van tindre lloc els <b>sopars festers<\/b> a les diferents seus, seguits del <b>Castell Fi de Festes<\/b> com a cloenda oficial de les festes del 2025.<\/p>\n<p class=\"p1\">Com a resum, unes festes del 2025 que totes i tots hem gaudit intensament i que quedaran en el record col\u00b7lectiu del nostre poble. Els Moros i Cristians es viuen al llarg de tot l\u2019any a Oliva, i el sentiment per la festa batega m\u00e9s viu que mai. Amb la mateixa il\u00b7lusi\u00f3 i orgull, ja ens preparem per donar la benvinguda a les festes del 2026, on es celebraran el \u201c<b>50\u00e9 aniversari de la festa de Moros i Cristians d\u2019Oliva\u201d<\/b>, de manera ininterrompuda.<\/p>\n<p class=\"p1\">(Les fotografies que adjuntem son del Fotograf professional Antoni Ribera, del estudi @blanc_estudi d\u2019Oliva)<\/p>\n<\/div><\/div><\/div><\/div><\/section>","protected":false},"excerpt":{"rendered":"El passat mes de juliol, del 17 al 20, Oliva va viure les festes de Moros i Cristians amb una gran programaci\u00f3, en la qual es van realitzar diferents actes i tot el poble, aix\u00ed com els festers i festeres, van gaudir intensament de la celebraci\u00f3. Aquestes festes es van iniciar el 1921 en honor [...]","protected":false},"author":1,"featured_media":11740,"comment_status":"closed","ping_status":"open","sticky":false,"template":"","format":"standard","meta":{"jetpack_post_was_ever_published":false,"_jetpack_newsletter_access":"","_jetpack_dont_email_post_to_subs":false,"_jetpack_newsletter_tier_id":0,"_jetpack_memberships_contains_paywalled_content":false,"_jetpack_memberships_contains_paid_content":false,"footnotes":"","jetpack_publicize_message":"","jetpack_publicize_feature_enabled":true,"jetpack_social_post_already_shared":true,"jetpack_social_options":{"image_generator_settings":{"template":"highway","default_image_id":0,"font":"","enabled":false},"version":2}},"categories":[152,2,9,138],"tags":[],"class_list":["post-11726","post","type-post","status-publish","format-standard","has-post-thumbnail","hentry","category-actes-oficials","category-federacio","category-festa","category-mitjans-de-comunicacio"],"yoast_head":"<!-- This site is optimized with the Yoast SEO plugin v27.4 - https:\/\/yoast.com\/product\/yoast-seo-wordpress\/ -->\n<title>Cr\u00f2nica de les Festes de Moros i Cristians d\u2019Oliva 2025 - Moros i Cristians Oliva<\/title>\n<meta name=\"robots\" content=\"index, follow, max-snippet:-1, max-image-preview:large, max-video-preview:-1\" \/>\n<link rel=\"canonical\" href=\"https:\/\/olivamorosicristians.es\/es\/cronica-de-les-festes-de-moros-i-cristians-doliva-2025\/\" \/>\n<meta property=\"og:locale\" content=\"es_ES\" \/>\n<meta property=\"og:type\" content=\"article\" \/>\n<meta property=\"og:title\" content=\"Cr\u00f2nica de les Festes de Moros i Cristians d\u2019Oliva 2025 - Moros i Cristians Oliva\" \/>\n<meta property=\"og:url\" content=\"https:\/\/olivamorosicristians.es\/es\/cronica-de-les-festes-de-moros-i-cristians-doliva-2025\/\" \/>\n<meta property=\"og:site_name\" content=\"Moros i Cristians Oliva\" \/>\n<meta property=\"article:publisher\" content=\"https:\/\/www.facebook.com\/federaciodemorosicristiansdoliva\/\" \/>\n<meta property=\"article:author\" content=\"https:\/\/www.facebook.com\/federaciodemorosicristiansdoliva\" \/>\n<meta property=\"article:published_time\" content=\"2025-09-16T17:49:23+00:00\" \/>\n<meta property=\"article:modified_time\" content=\"2025-09-16T18:35:12+00:00\" \/>\n<meta property=\"og:image\" content=\"https:\/\/olivamorosicristians.es\/wp-content\/uploads\/2025\/08\/8-E.-Cristiana-scaled-e1758047140862.jpg\" \/>\n\t<meta property=\"og:image:width\" content=\"960\" \/>\n\t<meta property=\"og:image:height\" content=\"640\" \/>\n\t<meta property=\"og:image:type\" content=\"image\/jpeg\" \/>\n<meta name=\"author\" content=\"Webmaster\" \/>\n<meta name=\"twitter:card\" content=\"summary_large_image\" \/>\n<meta name=\"twitter:label1\" content=\"Escrito por\" \/>\n\t<meta name=\"twitter:data1\" content=\"Webmaster\" \/>\n\t<meta name=\"twitter:label2\" content=\"Tiempo de lectura\" \/>\n\t<meta name=\"twitter:data2\" content=\"7 minutos\" \/>\n<script type=\"application\/ld+json\" class=\"yoast-schema-graph\">{\"@context\":\"https:\\\/\\\/schema.org\",\"@graph\":[{\"@type\":\"Article\",\"@id\":\"https:\\\/\\\/olivamorosicristians.es\\\/cronica-de-les-festes-de-moros-i-cristians-doliva-2025\\\/#article\",\"isPartOf\":{\"@id\":\"https:\\\/\\\/olivamorosicristians.es\\\/cronica-de-les-festes-de-moros-i-cristians-doliva-2025\\\/\"},\"author\":{\"name\":\"Webmaster\",\"@id\":\"https:\\\/\\\/olivamorosicristians.es\\\/#\\\/schema\\\/person\\\/21ece052d8816103cad91a2676fd0149\"},\"headline\":\"Cr\u00f2nica de les Festes de Moros i Cristians d\u2019Oliva 2025\",\"datePublished\":\"2025-09-16T17:49:23+00:00\",\"dateModified\":\"2025-09-16T18:35:12+00:00\",\"mainEntityOfPage\":{\"@id\":\"https:\\\/\\\/olivamorosicristians.es\\\/cronica-de-les-festes-de-moros-i-cristians-doliva-2025\\\/\"},\"wordCount\":1447,\"publisher\":{\"@id\":\"https:\\\/\\\/olivamorosicristians.es\\\/#organization\"},\"image\":{\"@id\":\"https:\\\/\\\/olivamorosicristians.es\\\/cronica-de-les-festes-de-moros-i-cristians-doliva-2025\\\/#primaryimage\"},\"thumbnailUrl\":\"https:\\\/\\\/i0.wp.com\\\/olivamorosicristians.es\\\/wp-content\\\/uploads\\\/2025\\\/08\\\/8-E.-Cristiana-scaled-e1758047140862.jpg?fit=960%2C640&ssl=1\",\"articleSection\":[\"Actes oficials\",\"Federaci\u00f3\",\"Festa\",\"Mitjans de comunicaci\u00f3\"],\"inLanguage\":\"es\"},{\"@type\":\"WebPage\",\"@id\":\"https:\\\/\\\/olivamorosicristians.es\\\/cronica-de-les-festes-de-moros-i-cristians-doliva-2025\\\/\",\"url\":\"https:\\\/\\\/olivamorosicristians.es\\\/cronica-de-les-festes-de-moros-i-cristians-doliva-2025\\\/\",\"name\":\"Cr\u00f2nica de les Festes de Moros i Cristians d\u2019Oliva 2025 - Moros i Cristians Oliva\",\"isPartOf\":{\"@id\":\"https:\\\/\\\/olivamorosicristians.es\\\/#website\"},\"primaryImageOfPage\":{\"@id\":\"https:\\\/\\\/olivamorosicristians.es\\\/cronica-de-les-festes-de-moros-i-cristians-doliva-2025\\\/#primaryimage\"},\"image\":{\"@id\":\"https:\\\/\\\/olivamorosicristians.es\\\/cronica-de-les-festes-de-moros-i-cristians-doliva-2025\\\/#primaryimage\"},\"thumbnailUrl\":\"https:\\\/\\\/i0.wp.com\\\/olivamorosicristians.es\\\/wp-content\\\/uploads\\\/2025\\\/08\\\/8-E.-Cristiana-scaled-e1758047140862.jpg?fit=960%2C640&ssl=1\",\"datePublished\":\"2025-09-16T17:49:23+00:00\",\"dateModified\":\"2025-09-16T18:35:12+00:00\",\"breadcrumb\":{\"@id\":\"https:\\\/\\\/olivamorosicristians.es\\\/cronica-de-les-festes-de-moros-i-cristians-doliva-2025\\\/#breadcrumb\"},\"inLanguage\":\"es\",\"potentialAction\":[{\"@type\":\"ReadAction\",\"target\":[\"https:\\\/\\\/olivamorosicristians.es\\\/cronica-de-les-festes-de-moros-i-cristians-doliva-2025\\\/\"]}]},{\"@type\":\"ImageObject\",\"inLanguage\":\"es\",\"@id\":\"https:\\\/\\\/olivamorosicristians.es\\\/cronica-de-les-festes-de-moros-i-cristians-doliva-2025\\\/#primaryimage\",\"url\":\"https:\\\/\\\/i0.wp.com\\\/olivamorosicristians.es\\\/wp-content\\\/uploads\\\/2025\\\/08\\\/8-E.-Cristiana-scaled-e1758047140862.jpg?fit=960%2C640&ssl=1\",\"contentUrl\":\"https:\\\/\\\/i0.wp.com\\\/olivamorosicristians.es\\\/wp-content\\\/uploads\\\/2025\\\/08\\\/8-E.-Cristiana-scaled-e1758047140862.jpg?fit=960%2C640&ssl=1\",\"width\":960,\"height\":640},{\"@type\":\"BreadcrumbList\",\"@id\":\"https:\\\/\\\/olivamorosicristians.es\\\/cronica-de-les-festes-de-moros-i-cristians-doliva-2025\\\/#breadcrumb\",\"itemListElement\":[{\"@type\":\"ListItem\",\"position\":1,\"name\":\"Portada\",\"item\":\"https:\\\/\\\/olivamorosicristians.es\\\/\"},{\"@type\":\"ListItem\",\"position\":2,\"name\":\"Cr\u00f2nica de les Festes de Moros i Cristians d\u2019Oliva 2025\"}]},{\"@type\":\"WebSite\",\"@id\":\"https:\\\/\\\/olivamorosicristians.es\\\/#website\",\"url\":\"https:\\\/\\\/olivamorosicristians.es\\\/\",\"name\":\"Moros i Cristians Oliva\",\"description\":\"FMCO\",\"publisher\":{\"@id\":\"https:\\\/\\\/olivamorosicristians.es\\\/#organization\"},\"potentialAction\":[{\"@type\":\"SearchAction\",\"target\":{\"@type\":\"EntryPoint\",\"urlTemplate\":\"https:\\\/\\\/olivamorosicristians.es\\\/?s={search_term_string}\"},\"query-input\":{\"@type\":\"PropertyValueSpecification\",\"valueRequired\":true,\"valueName\":\"search_term_string\"}}],\"inLanguage\":\"es\"},{\"@type\":\"Organization\",\"@id\":\"https:\\\/\\\/olivamorosicristians.es\\\/#organization\",\"name\":\"Federaci\u00f3 de Moros i Cristians - Oliva\",\"url\":\"https:\\\/\\\/olivamorosicristians.es\\\/\",\"logo\":{\"@type\":\"ImageObject\",\"inLanguage\":\"es\",\"@id\":\"https:\\\/\\\/olivamorosicristians.es\\\/#\\\/schema\\\/logo\\\/image\\\/\",\"url\":\"https:\\\/\\\/i2.wp.com\\\/olivamorosicristians.es\\\/wp-content\\\/uploads\\\/2018\\\/06\\\/Icon_FMiCO.png?fit=50%2C50&ssl=1\",\"contentUrl\":\"https:\\\/\\\/i2.wp.com\\\/olivamorosicristians.es\\\/wp-content\\\/uploads\\\/2018\\\/06\\\/Icon_FMiCO.png?fit=50%2C50&ssl=1\",\"width\":50,\"height\":50,\"caption\":\"Federaci\u00f3 de Moros i Cristians - Oliva\"},\"image\":{\"@id\":\"https:\\\/\\\/olivamorosicristians.es\\\/#\\\/schema\\\/logo\\\/image\\\/\"},\"sameAs\":[\"https:\\\/\\\/www.facebook.com\\\/federaciodemorosicristiansdoliva\\\/\",\"https:\\\/\\\/www.instagram.com\\\/morosicristiansoliva\\\/?hl=es\"]},{\"@type\":\"Person\",\"@id\":\"https:\\\/\\\/olivamorosicristians.es\\\/#\\\/schema\\\/person\\\/21ece052d8816103cad91a2676fd0149\",\"name\":\"Webmaster\",\"image\":{\"@type\":\"ImageObject\",\"inLanguage\":\"es\",\"@id\":\"https:\\\/\\\/secure.gravatar.com\\\/avatar\\\/18de20f14d74abe0c800b423a8b0e24cae6153cb6baeb2c2df80e1cef2117e0d?s=96&d=mm&r=g\",\"url\":\"https:\\\/\\\/secure.gravatar.com\\\/avatar\\\/18de20f14d74abe0c800b423a8b0e24cae6153cb6baeb2c2df80e1cef2117e0d?s=96&d=mm&r=g\",\"contentUrl\":\"https:\\\/\\\/secure.gravatar.com\\\/avatar\\\/18de20f14d74abe0c800b423a8b0e24cae6153cb6baeb2c2df80e1cef2117e0d?s=96&d=mm&r=g\",\"caption\":\"Webmaster\"},\"sameAs\":[\"https:\\\/\\\/www.facebook.com\\\/federaciodemorosicristiansdoliva\",\"https:\\\/\\\/www.instagram.com\\\/morosicristiansoliva\\\/\"]}]}<\/script>\n<!-- \/ Yoast SEO plugin. -->","yoast_head_json":{"title":"Cr\u00f2nica de les Festes de Moros i Cristians d\u2019Oliva 2025 - Moros i Cristians Oliva","robots":{"index":"index","follow":"follow","max-snippet":"max-snippet:-1","max-image-preview":"max-image-preview:large","max-video-preview":"max-video-preview:-1"},"canonical":"https:\/\/olivamorosicristians.es\/es\/cronica-de-les-festes-de-moros-i-cristians-doliva-2025\/","og_locale":"es_ES","og_type":"article","og_title":"Cr\u00f2nica de les Festes de Moros i Cristians d\u2019Oliva 2025 - Moros i Cristians Oliva","og_url":"https:\/\/olivamorosicristians.es\/es\/cronica-de-les-festes-de-moros-i-cristians-doliva-2025\/","og_site_name":"Moros i Cristians Oliva","article_publisher":"https:\/\/www.facebook.com\/federaciodemorosicristiansdoliva\/","article_author":"https:\/\/www.facebook.com\/federaciodemorosicristiansdoliva","article_published_time":"2025-09-16T17:49:23+00:00","article_modified_time":"2025-09-16T18:35:12+00:00","og_image":[{"width":960,"height":640,"url":"https:\/\/olivamorosicristians.es\/wp-content\/uploads\/2025\/08\/8-E.-Cristiana-scaled-e1758047140862.jpg","type":"image\/jpeg"}],"author":"Webmaster","twitter_card":"summary_large_image","twitter_misc":{"Escrito por":"Webmaster","Tiempo de lectura":"7 minutos"},"schema":{"@context":"https:\/\/schema.org","@graph":[{"@type":"Article","@id":"https:\/\/olivamorosicristians.es\/cronica-de-les-festes-de-moros-i-cristians-doliva-2025\/#article","isPartOf":{"@id":"https:\/\/olivamorosicristians.es\/cronica-de-les-festes-de-moros-i-cristians-doliva-2025\/"},"author":{"name":"Webmaster","@id":"https:\/\/olivamorosicristians.es\/#\/schema\/person\/21ece052d8816103cad91a2676fd0149"},"headline":"Cr\u00f2nica de les Festes de Moros i Cristians d\u2019Oliva 2025","datePublished":"2025-09-16T17:49:23+00:00","dateModified":"2025-09-16T18:35:12+00:00","mainEntityOfPage":{"@id":"https:\/\/olivamorosicristians.es\/cronica-de-les-festes-de-moros-i-cristians-doliva-2025\/"},"wordCount":1447,"publisher":{"@id":"https:\/\/olivamorosicristians.es\/#organization"},"image":{"@id":"https:\/\/olivamorosicristians.es\/cronica-de-les-festes-de-moros-i-cristians-doliva-2025\/#primaryimage"},"thumbnailUrl":"https:\/\/i0.wp.com\/olivamorosicristians.es\/wp-content\/uploads\/2025\/08\/8-E.-Cristiana-scaled-e1758047140862.jpg?fit=960%2C640&ssl=1","articleSection":["Actes oficials","Federaci\u00f3","Festa","Mitjans de comunicaci\u00f3"],"inLanguage":"es"},{"@type":"WebPage","@id":"https:\/\/olivamorosicristians.es\/cronica-de-les-festes-de-moros-i-cristians-doliva-2025\/","url":"https:\/\/olivamorosicristians.es\/cronica-de-les-festes-de-moros-i-cristians-doliva-2025\/","name":"Cr\u00f2nica de les Festes de Moros i Cristians d\u2019Oliva 2025 - Moros i Cristians Oliva","isPartOf":{"@id":"https:\/\/olivamorosicristians.es\/#website"},"primaryImageOfPage":{"@id":"https:\/\/olivamorosicristians.es\/cronica-de-les-festes-de-moros-i-cristians-doliva-2025\/#primaryimage"},"image":{"@id":"https:\/\/olivamorosicristians.es\/cronica-de-les-festes-de-moros-i-cristians-doliva-2025\/#primaryimage"},"thumbnailUrl":"https:\/\/i0.wp.com\/olivamorosicristians.es\/wp-content\/uploads\/2025\/08\/8-E.-Cristiana-scaled-e1758047140862.jpg?fit=960%2C640&ssl=1","datePublished":"2025-09-16T17:49:23+00:00","dateModified":"2025-09-16T18:35:12+00:00","breadcrumb":{"@id":"https:\/\/olivamorosicristians.es\/cronica-de-les-festes-de-moros-i-cristians-doliva-2025\/#breadcrumb"},"inLanguage":"es","potentialAction":[{"@type":"ReadAction","target":["https:\/\/olivamorosicristians.es\/cronica-de-les-festes-de-moros-i-cristians-doliva-2025\/"]}]},{"@type":"ImageObject","inLanguage":"es","@id":"https:\/\/olivamorosicristians.es\/cronica-de-les-festes-de-moros-i-cristians-doliva-2025\/#primaryimage","url":"https:\/\/i0.wp.com\/olivamorosicristians.es\/wp-content\/uploads\/2025\/08\/8-E.-Cristiana-scaled-e1758047140862.jpg?fit=960%2C640&ssl=1","contentUrl":"https:\/\/i0.wp.com\/olivamorosicristians.es\/wp-content\/uploads\/2025\/08\/8-E.-Cristiana-scaled-e1758047140862.jpg?fit=960%2C640&ssl=1","width":960,"height":640},{"@type":"BreadcrumbList","@id":"https:\/\/olivamorosicristians.es\/cronica-de-les-festes-de-moros-i-cristians-doliva-2025\/#breadcrumb","itemListElement":[{"@type":"ListItem","position":1,"name":"Portada","item":"https:\/\/olivamorosicristians.es\/"},{"@type":"ListItem","position":2,"name":"Cr\u00f2nica de les Festes de Moros i Cristians d\u2019Oliva 2025"}]},{"@type":"WebSite","@id":"https:\/\/olivamorosicristians.es\/#website","url":"https:\/\/olivamorosicristians.es\/","name":"Moros i Cristians Oliva","description":"FMCO","publisher":{"@id":"https:\/\/olivamorosicristians.es\/#organization"},"potentialAction":[{"@type":"SearchAction","target":{"@type":"EntryPoint","urlTemplate":"https:\/\/olivamorosicristians.es\/?s={search_term_string}"},"query-input":{"@type":"PropertyValueSpecification","valueRequired":true,"valueName":"search_term_string"}}],"inLanguage":"es"},{"@type":"Organization","@id":"https:\/\/olivamorosicristians.es\/#organization","name":"La Federaci\u00f3n de Moros y Cristianos de Oliva","url":"https:\/\/olivamorosicristians.es\/","logo":{"@type":"ImageObject","inLanguage":"es","@id":"https:\/\/olivamorosicristians.es\/#\/schema\/logo\/image\/","url":"https:\/\/i2.wp.com\/olivamorosicristians.es\/wp-content\/uploads\/2018\/06\/Icon_FMiCO.png?fit=50%2C50&ssl=1","contentUrl":"https:\/\/i2.wp.com\/olivamorosicristians.es\/wp-content\/uploads\/2018\/06\/Icon_FMiCO.png?fit=50%2C50&ssl=1","width":50,"height":50,"caption":"Federaci\u00f3 de Moros i Cristians - Oliva"},"image":{"@id":"https:\/\/olivamorosicristians.es\/#\/schema\/logo\/image\/"},"sameAs":["https:\/\/www.facebook.com\/federaciodemorosicristiansdoliva\/","https:\/\/www.instagram.com\/morosicristiansoliva\/?hl=es"]},{"@type":"Person","@id":"https:\/\/olivamorosicristians.es\/#\/schema\/person\/21ece052d8816103cad91a2676fd0149","name":"Webmaster","image":{"@type":"ImageObject","inLanguage":"es","@id":"https:\/\/secure.gravatar.com\/avatar\/18de20f14d74abe0c800b423a8b0e24cae6153cb6baeb2c2df80e1cef2117e0d?s=96&d=mm&r=g","url":"https:\/\/secure.gravatar.com\/avatar\/18de20f14d74abe0c800b423a8b0e24cae6153cb6baeb2c2df80e1cef2117e0d?s=96&d=mm&r=g","contentUrl":"https:\/\/secure.gravatar.com\/avatar\/18de20f14d74abe0c800b423a8b0e24cae6153cb6baeb2c2df80e1cef2117e0d?s=96&d=mm&r=g","caption":"Webmaster"},"sameAs":["https:\/\/www.facebook.com\/federaciodemorosicristiansdoliva","https:\/\/www.instagram.com\/morosicristiansoliva\/"]}]}},"jetpack_publicize_connections":[],"jetpack_featured_media_url":"https:\/\/i0.wp.com\/olivamorosicristians.es\/wp-content\/uploads\/2025\/08\/8-E.-Cristiana-scaled-e1758047140862.jpg?fit=960%2C640&ssl=1","jetpack_sharing_enabled":true,"jetpack_shortlink":"https:\/\/wp.me\/pagEx6-338","jetpack-related-posts":[],"_links":{"self":[{"href":"https:\/\/olivamorosicristians.es\/es\/wp-json\/wp\/v2\/posts\/11726","targetHints":{"allow":["GET"]}}],"collection":[{"href":"https:\/\/olivamorosicristians.es\/es\/wp-json\/wp\/v2\/posts"}],"about":[{"href":"https:\/\/olivamorosicristians.es\/es\/wp-json\/wp\/v2\/types\/post"}],"author":[{"embeddable":true,"href":"https:\/\/olivamorosicristians.es\/es\/wp-json\/wp\/v2\/users\/1"}],"replies":[{"embeddable":true,"href":"https:\/\/olivamorosicristians.es\/es\/wp-json\/wp\/v2\/comments?post=11726"}],"version-history":[{"count":37,"href":"https:\/\/olivamorosicristians.es\/es\/wp-json\/wp\/v2\/posts\/11726\/revisions"}],"predecessor-version":[{"id":11805,"href":"https:\/\/olivamorosicristians.es\/es\/wp-json\/wp\/v2\/posts\/11726\/revisions\/11805"}],"wp:featuredmedia":[{"embeddable":true,"href":"https:\/\/olivamorosicristians.es\/es\/wp-json\/wp\/v2\/media\/11740"}],"wp:attachment":[{"href":"https:\/\/olivamorosicristians.es\/es\/wp-json\/wp\/v2\/media?parent=11726"}],"wp:term":[{"taxonomy":"category","embeddable":true,"href":"https:\/\/olivamorosicristians.es\/es\/wp-json\/wp\/v2\/categories?post=11726"},{"taxonomy":"post_tag","embeddable":true,"href":"https:\/\/olivamorosicristians.es\/es\/wp-json\/wp\/v2\/tags?post=11726"}],"curies":[{"name":"wp","href":"https:\/\/api.w.org\/{rel}","templated":true}]}}