{"id":11633,"date":"2025-04-14T13:55:18","date_gmt":"2025-04-14T11:55:18","guid":{"rendered":"https:\/\/olivamorosicristians.es\/?p=11633"},"modified":"2025-04-14T14:13:39","modified_gmt":"2025-04-14T12:13:39","slug":"11633-2","status":"publish","type":"post","link":"https:\/\/olivamorosicristians.es\/es\/11633-2\/","title":{"rendered":""},"content":{"rendered":"<section class=\"w-section\">\r\n<div class=\"row\"><div class=\"col col-12\">\r\n    <div class=\"col-inner\"><div class=\"w-text-block\">\n    <p class=\"p1\"><b>Resultat del Comit\u00e9 de Valoraci\u00f3 de la Crida a Projecte per a la imatge de les Festes de Moros i Cristians d<\/b><span class=\"s1\">\u2019<\/span><b>Oliva 2025<\/b><\/p>\n<p class=\"p1\">Constitu\u00eft\u00a0i reunit el Comit\u00e9 de Valoraci\u00f3 per a les candidatures presentades a la Crida a Projecte per a la imatge gr\u00e0fica de les Festes de Moros i Cristians d&#8217;Oliva 2025, amb tres\u00a0representants\u00a0membres\u00a0de l&#8217;Associaci\u00f3 de Dissenyadors de la Comunitat Valenciana (ADCV)\u00a0Rosana Monr\u00f3s Mart\u00ednez, Neus Segu\u00ed Colom i Mario Santacreu Ferrer i la secretaria del comit\u00e9 Raquel Llopis, secret\u00e0ria de la Federaci\u00f3 de Moros i Cristians d&#8217;Oliva.<\/p>\n<p class=\"p1\">En aquest tercer any de la convocat\u00f2ria de Crida a Projecte, ha augmentat la participaci\u00f3 i tothom ha coincidit en la gran qualitat i varietat de les candidatures.<\/p>\n<p class=\"p1\">Agrair,\u00a0per descomptat, la col\u00b7laboraci\u00f3 de la Regidoria de Turisme que ha fet possible aquesta segona edici\u00f3 de la Crida a Projecte.<\/p>\n<p class=\"p1\">Despr\u00e9s d&#8217;analitzar i valorar les postulacions presentades a trav\u00e9s dels\u00a0portafolis\u00a0de treballs i curr\u00edculums, per la seua\u00a0idone\u00eftat\u00a0amb els treballs semblants presentats i l&#8217;originalitat\u00a0d&#8217;aquests, el comit\u00e9 ha deliberat que la candidatura seleccionada per a realitzar l&#8217;enc\u00e0rrec ser\u00e0 <b>Didac Ballester<\/b>.<\/p>\n<p class=\"p1\">D\u00eddac Ballester \u00e9s dissenyador gr\u00e0fic. S&#8217;inicia en el m\u00f3n professional en 1996, i despr\u00e9s de formar part de diversos estudis, en 2005 crea el seu propi. El seu estudi, amb seu a Val\u00e8ncia, est\u00e0 especialitzat en projectes d&#8217;identitat visual, disseny de llibres i embalatge. L&#8217;activitat de l&#8217;estudi es recolza en tres potes fonamentals: els projectes de disseny, el desenvolupament de projectes d&#8217;investigaci\u00f3 gr\u00e0fica i la doc\u00e8ncia.<\/p>\n<p>De manera conscient mant\u00e9 un estudi d&#8217;estructura xicoteta. Aix\u00f2 li permet treballar molt prop dels clients, amb una xarxa de col\u00b7laboradors molt flexible a mesura de cada projecte, posant l&#8217;accent en la qualitat i la senzillesa en les solucions.<\/p>\n<p class=\"p1\">D\u00eddac Ballester ha guanyat nombrosos premis i ha participat en m\u00faltiples exposicions. Al llarg de la seva traject\u00f2ria ha treballat per a institucions com els ajuntaments de Val\u00e8ncia, Alacant i Barcelona, i per a clients com Andreu World, Balzar Arquitectos, Banjo, Club de Creativos, Del Poble Pizzerias, EDEM, Edicions del Buc i Expormim, entre d\u2019altres.<\/p>\n<p class=\"p1\">Un dels seus treballs recents amb gran projecci\u00f3 dins del m\u00f3n festiu, ha estat la imatge gr\u00e0fica de les Falles de Val\u00e8ncia 2020.<\/p>\n<p class=\"p1\">Pots\u00a0vore\u00a0m\u00e9s del seu treball ac\u00ed: <a href=\"http:\/\/www.didacballester.com\"><span class=\"s2\"><i>www.didacballester.com<\/i><\/span><\/a><\/p>\n<\/div><\/div><\/div><\/div><\/section>","protected":false},"excerpt":{"rendered":"Resultat del Comit\u00e9 de Valoraci\u00f3 de la Crida a Projecte per a la imatge de les Festes de Moros i Cristians d\u2019Oliva 2025 Constitu\u00eft\u00a0i reunit el Comit\u00e9 de Valoraci\u00f3 per a les candidatures presentades a la Crida a Projecte per a la imatge gr\u00e0fica de les Festes de Moros i Cristians d'Oliva 2025, amb tres\u00a0representants\u00a0membres\u00a0de [...]","protected":false},"author":1,"featured_media":11642,"comment_status":"closed","ping_status":"open","sticky":false,"template":"","format":"standard","meta":{"jetpack_post_was_ever_published":false,"_jetpack_newsletter_access":"","_jetpack_dont_email_post_to_subs":false,"_jetpack_newsletter_tier_id":0,"_jetpack_memberships_contains_paywalled_content":false,"_jetpack_memberships_contains_paid_content":false,"footnotes":"","jetpack_publicize_message":"","jetpack_publicize_feature_enabled":true,"jetpack_social_post_already_shared":true,"jetpack_social_options":{"image_generator_settings":{"template":"highway","default_image_id":0,"font":"","enabled":false},"version":2}},"categories":[143],"tags":[],"class_list":["post-11633","post","type-post","status-publish","format-standard","has-post-thumbnail","hentry","category-concursos"],"yoast_head":"<!-- This site is optimized with the Yoast SEO plugin v27.4 - https:\/\/yoast.com\/product\/yoast-seo-wordpress\/ -->\n<title>- Moros i Cristians Oliva<\/title>\n<meta name=\"robots\" content=\"index, follow, max-snippet:-1, max-image-preview:large, max-video-preview:-1\" \/>\n<link rel=\"canonical\" href=\"https:\/\/olivamorosicristians.es\/es\/11633-2\/\" \/>\n<meta property=\"og:locale\" content=\"es_ES\" \/>\n<meta property=\"og:type\" content=\"article\" \/>\n<meta property=\"og:title\" content=\"- Moros i Cristians Oliva\" \/>\n<meta property=\"og:url\" content=\"https:\/\/olivamorosicristians.es\/es\/11633-2\/\" \/>\n<meta property=\"og:site_name\" content=\"Moros i Cristians Oliva\" \/>\n<meta property=\"article:publisher\" content=\"https:\/\/www.facebook.com\/federaciodemorosicristiansdoliva\/\" \/>\n<meta property=\"article:author\" content=\"https:\/\/www.facebook.com\/federaciodemorosicristiansdoliva\" \/>\n<meta property=\"article:published_time\" content=\"2025-04-14T11:55:18+00:00\" \/>\n<meta property=\"article:modified_time\" content=\"2025-04-14T12:13:39+00:00\" \/>\n<meta property=\"og:image\" content=\"https:\/\/olivamorosicristians.es\/wp-content\/uploads\/2025\/04\/ResultatCridaProjecte-2025_Anunci-blog-2001x1126_02.jpg\" \/>\n\t<meta property=\"og:image:width\" content=\"2001\" \/>\n\t<meta property=\"og:image:height\" content=\"1126\" \/>\n\t<meta property=\"og:image:type\" content=\"image\/jpeg\" \/>\n<meta name=\"author\" content=\"Webmaster\" \/>\n<meta name=\"twitter:card\" content=\"summary_large_image\" \/>\n<meta name=\"twitter:label1\" content=\"Escrito por\" \/>\n\t<meta name=\"twitter:data1\" content=\"Webmaster\" \/>\n\t<meta name=\"twitter:label2\" content=\"Tiempo de lectura\" \/>\n\t<meta name=\"twitter:data2\" content=\"3 minutos\" \/>\n<script type=\"application\/ld+json\" class=\"yoast-schema-graph\">{\"@context\":\"https:\\\/\\\/schema.org\",\"@graph\":[{\"@type\":\"Article\",\"@id\":\"https:\\\/\\\/olivamorosicristians.es\\\/11633-2\\\/#article\",\"isPartOf\":{\"@id\":\"https:\\\/\\\/olivamorosicristians.es\\\/11633-2\\\/\"},\"author\":{\"name\":\"Webmaster\",\"@id\":\"https:\\\/\\\/olivamorosicristians.es\\\/#\\\/schema\\\/person\\\/21ece052d8816103cad91a2676fd0149\"},\"headline\":\"Sin t\u00edtulo\",\"datePublished\":\"2025-04-14T11:55:18+00:00\",\"dateModified\":\"2025-04-14T12:13:39+00:00\",\"mainEntityOfPage\":{\"@id\":\"https:\\\/\\\/olivamorosicristians.es\\\/11633-2\\\/\"},\"wordCount\":431,\"publisher\":{\"@id\":\"https:\\\/\\\/olivamorosicristians.es\\\/#organization\"},\"image\":{\"@id\":\"https:\\\/\\\/olivamorosicristians.es\\\/11633-2\\\/#primaryimage\"},\"thumbnailUrl\":\"https:\\\/\\\/i0.wp.com\\\/olivamorosicristians.es\\\/wp-content\\\/uploads\\\/2025\\\/04\\\/ResultatCridaProjecte-2025_Anunci-blog-2001x1126_02.jpg?fit=2001%2C1126&ssl=1\",\"articleSection\":[\"Concursos\"],\"inLanguage\":\"es\"},{\"@type\":\"WebPage\",\"@id\":\"https:\\\/\\\/olivamorosicristians.es\\\/11633-2\\\/\",\"url\":\"https:\\\/\\\/olivamorosicristians.es\\\/11633-2\\\/\",\"name\":\"- Moros i Cristians Oliva\",\"isPartOf\":{\"@id\":\"https:\\\/\\\/olivamorosicristians.es\\\/#website\"},\"primaryImageOfPage\":{\"@id\":\"https:\\\/\\\/olivamorosicristians.es\\\/11633-2\\\/#primaryimage\"},\"image\":{\"@id\":\"https:\\\/\\\/olivamorosicristians.es\\\/11633-2\\\/#primaryimage\"},\"thumbnailUrl\":\"https:\\\/\\\/i0.wp.com\\\/olivamorosicristians.es\\\/wp-content\\\/uploads\\\/2025\\\/04\\\/ResultatCridaProjecte-2025_Anunci-blog-2001x1126_02.jpg?fit=2001%2C1126&ssl=1\",\"datePublished\":\"2025-04-14T11:55:18+00:00\",\"dateModified\":\"2025-04-14T12:13:39+00:00\",\"inLanguage\":\"es\",\"potentialAction\":[{\"@type\":\"ReadAction\",\"target\":[\"https:\\\/\\\/olivamorosicristians.es\\\/11633-2\\\/\"]}]},{\"@type\":\"ImageObject\",\"inLanguage\":\"es\",\"@id\":\"https:\\\/\\\/olivamorosicristians.es\\\/11633-2\\\/#primaryimage\",\"url\":\"https:\\\/\\\/i0.wp.com\\\/olivamorosicristians.es\\\/wp-content\\\/uploads\\\/2025\\\/04\\\/ResultatCridaProjecte-2025_Anunci-blog-2001x1126_02.jpg?fit=2001%2C1126&ssl=1\",\"contentUrl\":\"https:\\\/\\\/i0.wp.com\\\/olivamorosicristians.es\\\/wp-content\\\/uploads\\\/2025\\\/04\\\/ResultatCridaProjecte-2025_Anunci-blog-2001x1126_02.jpg?fit=2001%2C1126&ssl=1\",\"width\":2001,\"height\":1126},{\"@type\":\"WebSite\",\"@id\":\"https:\\\/\\\/olivamorosicristians.es\\\/#website\",\"url\":\"https:\\\/\\\/olivamorosicristians.es\\\/\",\"name\":\"Moros i Cristians Oliva\",\"description\":\"FMCO\",\"publisher\":{\"@id\":\"https:\\\/\\\/olivamorosicristians.es\\\/#organization\"},\"potentialAction\":[{\"@type\":\"SearchAction\",\"target\":{\"@type\":\"EntryPoint\",\"urlTemplate\":\"https:\\\/\\\/olivamorosicristians.es\\\/?s={search_term_string}\"},\"query-input\":{\"@type\":\"PropertyValueSpecification\",\"valueRequired\":true,\"valueName\":\"search_term_string\"}}],\"inLanguage\":\"es\"},{\"@type\":\"Organization\",\"@id\":\"https:\\\/\\\/olivamorosicristians.es\\\/#organization\",\"name\":\"Federaci\u00f3 de Moros i Cristians - Oliva\",\"url\":\"https:\\\/\\\/olivamorosicristians.es\\\/\",\"logo\":{\"@type\":\"ImageObject\",\"inLanguage\":\"es\",\"@id\":\"https:\\\/\\\/olivamorosicristians.es\\\/#\\\/schema\\\/logo\\\/image\\\/\",\"url\":\"https:\\\/\\\/i2.wp.com\\\/olivamorosicristians.es\\\/wp-content\\\/uploads\\\/2018\\\/06\\\/Icon_FMiCO.png?fit=50%2C50&ssl=1\",\"contentUrl\":\"https:\\\/\\\/i2.wp.com\\\/olivamorosicristians.es\\\/wp-content\\\/uploads\\\/2018\\\/06\\\/Icon_FMiCO.png?fit=50%2C50&ssl=1\",\"width\":50,\"height\":50,\"caption\":\"Federaci\u00f3 de Moros i Cristians - Oliva\"},\"image\":{\"@id\":\"https:\\\/\\\/olivamorosicristians.es\\\/#\\\/schema\\\/logo\\\/image\\\/\"},\"sameAs\":[\"https:\\\/\\\/www.facebook.com\\\/federaciodemorosicristiansdoliva\\\/\",\"https:\\\/\\\/www.instagram.com\\\/morosicristiansoliva\\\/?hl=es\"]},{\"@type\":\"Person\",\"@id\":\"https:\\\/\\\/olivamorosicristians.es\\\/#\\\/schema\\\/person\\\/21ece052d8816103cad91a2676fd0149\",\"name\":\"Webmaster\",\"image\":{\"@type\":\"ImageObject\",\"inLanguage\":\"es\",\"@id\":\"https:\\\/\\\/secure.gravatar.com\\\/avatar\\\/18de20f14d74abe0c800b423a8b0e24cae6153cb6baeb2c2df80e1cef2117e0d?s=96&d=mm&r=g\",\"url\":\"https:\\\/\\\/secure.gravatar.com\\\/avatar\\\/18de20f14d74abe0c800b423a8b0e24cae6153cb6baeb2c2df80e1cef2117e0d?s=96&d=mm&r=g\",\"contentUrl\":\"https:\\\/\\\/secure.gravatar.com\\\/avatar\\\/18de20f14d74abe0c800b423a8b0e24cae6153cb6baeb2c2df80e1cef2117e0d?s=96&d=mm&r=g\",\"caption\":\"Webmaster\"},\"sameAs\":[\"https:\\\/\\\/www.facebook.com\\\/federaciodemorosicristiansdoliva\",\"https:\\\/\\\/www.instagram.com\\\/morosicristiansoliva\\\/\"]}]}<\/script>\n<!-- \/ Yoast SEO plugin. -->","yoast_head_json":{"title":"- Moros i Cristians Oliva","robots":{"index":"index","follow":"follow","max-snippet":"max-snippet:-1","max-image-preview":"max-image-preview:large","max-video-preview":"max-video-preview:-1"},"canonical":"https:\/\/olivamorosicristians.es\/es\/11633-2\/","og_locale":"es_ES","og_type":"article","og_title":"- Moros i Cristians Oliva","og_url":"https:\/\/olivamorosicristians.es\/es\/11633-2\/","og_site_name":"Moros i Cristians Oliva","article_publisher":"https:\/\/www.facebook.com\/federaciodemorosicristiansdoliva\/","article_author":"https:\/\/www.facebook.com\/federaciodemorosicristiansdoliva","article_published_time":"2025-04-14T11:55:18+00:00","article_modified_time":"2025-04-14T12:13:39+00:00","og_image":[{"width":2001,"height":1126,"url":"https:\/\/olivamorosicristians.es\/wp-content\/uploads\/2025\/04\/ResultatCridaProjecte-2025_Anunci-blog-2001x1126_02.jpg","type":"image\/jpeg"}],"author":"Webmaster","twitter_card":"summary_large_image","twitter_misc":{"Escrito por":"Webmaster","Tiempo de lectura":"3 minutos"},"schema":{"@context":"https:\/\/schema.org","@graph":[{"@type":"Article","@id":"https:\/\/olivamorosicristians.es\/11633-2\/#article","isPartOf":{"@id":"https:\/\/olivamorosicristians.es\/11633-2\/"},"author":{"name":"Webmaster","@id":"https:\/\/olivamorosicristians.es\/#\/schema\/person\/21ece052d8816103cad91a2676fd0149"},"headline":"Sin t\u00edtulo","datePublished":"2025-04-14T11:55:18+00:00","dateModified":"2025-04-14T12:13:39+00:00","mainEntityOfPage":{"@id":"https:\/\/olivamorosicristians.es\/11633-2\/"},"wordCount":431,"publisher":{"@id":"https:\/\/olivamorosicristians.es\/#organization"},"image":{"@id":"https:\/\/olivamorosicristians.es\/11633-2\/#primaryimage"},"thumbnailUrl":"https:\/\/i0.wp.com\/olivamorosicristians.es\/wp-content\/uploads\/2025\/04\/ResultatCridaProjecte-2025_Anunci-blog-2001x1126_02.jpg?fit=2001%2C1126&ssl=1","articleSection":["Concursos"],"inLanguage":"es"},{"@type":"WebPage","@id":"https:\/\/olivamorosicristians.es\/11633-2\/","url":"https:\/\/olivamorosicristians.es\/11633-2\/","name":"- Moros i Cristians Oliva","isPartOf":{"@id":"https:\/\/olivamorosicristians.es\/#website"},"primaryImageOfPage":{"@id":"https:\/\/olivamorosicristians.es\/11633-2\/#primaryimage"},"image":{"@id":"https:\/\/olivamorosicristians.es\/11633-2\/#primaryimage"},"thumbnailUrl":"https:\/\/i0.wp.com\/olivamorosicristians.es\/wp-content\/uploads\/2025\/04\/ResultatCridaProjecte-2025_Anunci-blog-2001x1126_02.jpg?fit=2001%2C1126&ssl=1","datePublished":"2025-04-14T11:55:18+00:00","dateModified":"2025-04-14T12:13:39+00:00","inLanguage":"es","potentialAction":[{"@type":"ReadAction","target":["https:\/\/olivamorosicristians.es\/11633-2\/"]}]},{"@type":"ImageObject","inLanguage":"es","@id":"https:\/\/olivamorosicristians.es\/11633-2\/#primaryimage","url":"https:\/\/i0.wp.com\/olivamorosicristians.es\/wp-content\/uploads\/2025\/04\/ResultatCridaProjecte-2025_Anunci-blog-2001x1126_02.jpg?fit=2001%2C1126&ssl=1","contentUrl":"https:\/\/i0.wp.com\/olivamorosicristians.es\/wp-content\/uploads\/2025\/04\/ResultatCridaProjecte-2025_Anunci-blog-2001x1126_02.jpg?fit=2001%2C1126&ssl=1","width":2001,"height":1126},{"@type":"WebSite","@id":"https:\/\/olivamorosicristians.es\/#website","url":"https:\/\/olivamorosicristians.es\/","name":"Moros i Cristians Oliva","description":"FMCO","publisher":{"@id":"https:\/\/olivamorosicristians.es\/#organization"},"potentialAction":[{"@type":"SearchAction","target":{"@type":"EntryPoint","urlTemplate":"https:\/\/olivamorosicristians.es\/?s={search_term_string}"},"query-input":{"@type":"PropertyValueSpecification","valueRequired":true,"valueName":"search_term_string"}}],"inLanguage":"es"},{"@type":"Organization","@id":"https:\/\/olivamorosicristians.es\/#organization","name":"La Federaci\u00f3n de Moros y Cristianos de Oliva","url":"https:\/\/olivamorosicristians.es\/","logo":{"@type":"ImageObject","inLanguage":"es","@id":"https:\/\/olivamorosicristians.es\/#\/schema\/logo\/image\/","url":"https:\/\/i2.wp.com\/olivamorosicristians.es\/wp-content\/uploads\/2018\/06\/Icon_FMiCO.png?fit=50%2C50&ssl=1","contentUrl":"https:\/\/i2.wp.com\/olivamorosicristians.es\/wp-content\/uploads\/2018\/06\/Icon_FMiCO.png?fit=50%2C50&ssl=1","width":50,"height":50,"caption":"Federaci\u00f3 de Moros i Cristians - Oliva"},"image":{"@id":"https:\/\/olivamorosicristians.es\/#\/schema\/logo\/image\/"},"sameAs":["https:\/\/www.facebook.com\/federaciodemorosicristiansdoliva\/","https:\/\/www.instagram.com\/morosicristiansoliva\/?hl=es"]},{"@type":"Person","@id":"https:\/\/olivamorosicristians.es\/#\/schema\/person\/21ece052d8816103cad91a2676fd0149","name":"Webmaster","image":{"@type":"ImageObject","inLanguage":"es","@id":"https:\/\/secure.gravatar.com\/avatar\/18de20f14d74abe0c800b423a8b0e24cae6153cb6baeb2c2df80e1cef2117e0d?s=96&d=mm&r=g","url":"https:\/\/secure.gravatar.com\/avatar\/18de20f14d74abe0c800b423a8b0e24cae6153cb6baeb2c2df80e1cef2117e0d?s=96&d=mm&r=g","contentUrl":"https:\/\/secure.gravatar.com\/avatar\/18de20f14d74abe0c800b423a8b0e24cae6153cb6baeb2c2df80e1cef2117e0d?s=96&d=mm&r=g","caption":"Webmaster"},"sameAs":["https:\/\/www.facebook.com\/federaciodemorosicristiansdoliva","https:\/\/www.instagram.com\/morosicristiansoliva\/"]}]}},"jetpack_publicize_connections":[],"jetpack_featured_media_url":"https:\/\/i0.wp.com\/olivamorosicristians.es\/wp-content\/uploads\/2025\/04\/ResultatCridaProjecte-2025_Anunci-blog-2001x1126_02.jpg?fit=2001%2C1126&ssl=1","jetpack_sharing_enabled":true,"jetpack_shortlink":"https:\/\/wp.me\/pagEx6-31D","jetpack-related-posts":[],"_links":{"self":[{"href":"https:\/\/olivamorosicristians.es\/es\/wp-json\/wp\/v2\/posts\/11633","targetHints":{"allow":["GET"]}}],"collection":[{"href":"https:\/\/olivamorosicristians.es\/es\/wp-json\/wp\/v2\/posts"}],"about":[{"href":"https:\/\/olivamorosicristians.es\/es\/wp-json\/wp\/v2\/types\/post"}],"author":[{"embeddable":true,"href":"https:\/\/olivamorosicristians.es\/es\/wp-json\/wp\/v2\/users\/1"}],"replies":[{"embeddable":true,"href":"https:\/\/olivamorosicristians.es\/es\/wp-json\/wp\/v2\/comments?post=11633"}],"version-history":[{"count":3,"href":"https:\/\/olivamorosicristians.es\/es\/wp-json\/wp\/v2\/posts\/11633\/revisions"}],"predecessor-version":[{"id":11643,"href":"https:\/\/olivamorosicristians.es\/es\/wp-json\/wp\/v2\/posts\/11633\/revisions\/11643"}],"wp:featuredmedia":[{"embeddable":true,"href":"https:\/\/olivamorosicristians.es\/es\/wp-json\/wp\/v2\/media\/11642"}],"wp:attachment":[{"href":"https:\/\/olivamorosicristians.es\/es\/wp-json\/wp\/v2\/media?parent=11633"}],"wp:term":[{"taxonomy":"category","embeddable":true,"href":"https:\/\/olivamorosicristians.es\/es\/wp-json\/wp\/v2\/categories?post=11633"},{"taxonomy":"post_tag","embeddable":true,"href":"https:\/\/olivamorosicristians.es\/es\/wp-json\/wp\/v2\/tags?post=11633"}],"curies":[{"name":"wp","href":"https:\/\/api.w.org\/{rel}","templated":true}]}}