{"id":11595,"date":"2025-03-28T10:31:16","date_gmt":"2025-03-28T08:31:16","guid":{"rendered":"https:\/\/olivamorosicristians.es\/?p=11595"},"modified":"2025-03-28T11:00:20","modified_gmt":"2025-03-28T09:00:20","slug":"publicades-les-bases-de-la-crida-a-projecte-per-a-lelaboracio-de-la-imatge-de-festes-de-moros-i-cristians-doliva-2025","status":"publish","type":"post","link":"https:\/\/olivamorosicristians.es\/es\/publicades-les-bases-de-la-crida-a-projecte-per-a-lelaboracio-de-la-imatge-de-festes-de-moros-i-cristians-doliva-2025\/","title":{"rendered":"Publicades les bases de la \u00abCrida a projecte\u00bb per a l\u2019elaboraci\u00f3 de la imatge de Festes de Moros i Cristians d\u2019Oliva 2025"},"content":{"rendered":"<section class=\"w-section\">\r\n<div class=\"row\"><div class=\"col col-12\">\r\n    <div class=\"col-inner\"><div class=\"w-text-block\">\n    <p class=\"p1\">La Federaci\u00f3 de Moros i Cristians d\u2019Oliva (FMiCO) informa que s\u2019han publicat les bases de la \u00abCrida a projecte\u00bb, per tercer any amb aquesta modalitat en col\u00b7laboraci\u00f3 amb l\u2019Associaci\u00f3 de Dissenyadors\/es de la Comunitat Valenciana (ADCV), per a l\u2019elaboraci\u00f3 del cartell anunciador de les Festes de Moros i Cristians d\u2019Oliva 2025.<\/p>\n<p class=\"p1\">La FMiCO continua apostat per tercer any consecutiu per la f\u00f3rmula \u00abCrida a projecte\u00bb, en col\u00b7laboraci\u00f3 amb l\u2019Associaci\u00f3 de Dissenyadors\/es de la Comunitat Valenciana (ADCV), despr\u00e9s de l\u2019\u00e9xit de la passades edicions.<\/p>\n<p class=\"p1\">Una vegada presentades totes les candidatures, es far\u00e0 una selecci\u00f3 entre professionals a trav\u00e9s del portafolis dels seus treballs i experi\u00e8ncia en enc\u00e0rrecs similars.<\/p>\n<p class=\"p1\">Comptem amb la col\u00b7laboraci\u00f3 de l\u2019Associaci\u00f3 de Dissenyadors\/es de la Comunitat Valenciana (ADCV) que constituir\u00e0 un Comit\u00e9 de Valoraci\u00f3 professional i expert que ens assistir\u00e0 en l\u2019elecci\u00f3 del perfil \u00f2ptim i adequat per a aquest enc\u00e0rrec.<\/p>\n<p class=\"p1\">Tornem a apostar per aquesta f\u00f3rmula, que encet\u00e0rem l\u2019any 2023 i que va donar un gran resultat i que va ser molt ben rebuda per tot el col\u00b7lectiu fester.<\/p>\n<p class=\"p1\">Enguany compten amb la col\u00b7laboraci\u00f3 de la Regidoria de Turisme, en aquest projecte conjunt de continuar donat\u00a0difusi\u00f3\u00a0i projecci\u00f3 a la nostra festa.<\/p>\n<p class=\"p1\">Una vegada realitzades les valoracions del comit\u00e9, nom\u00e9s realitzar\u00e0 l\u2019enc\u00e0rrec la persona o l\u2019estudi seleccionat, d\u2019acord amb les premisses establertes en les bases per a l\u2019elaboraci\u00f3 de la imatge de Festes de Moros i Cristians d\u2019Oliva 2025.<\/p>\n<p class=\"p1\">I es far\u00e0 una explicaci\u00f3 p\u00fablica a l\u2019acte de presentaci\u00f3 del cartell i llibre de festes, del proc\u00e9s de treball i inspiraci\u00f3 per a arribar a la soluci\u00f3 final del cartell 2025.<\/p>\n<p class=\"p1\">A m\u00e9s, es portar\u00e0 a cap una exposici\u00f3 a la Casa de la Cultura d\u2019aquest proc\u00e9s creatiu, que es podr\u00e0 visitar fins despr\u00e9s de festes.<\/p>\n<p class=\"p1\">Termini d\u2019enviament de candidatures: fins al 10 d\u2019abril de 2025 a les\u00a020 h.<\/p>\n<p class=\"p1\"><strong>Es pot accedir a les bases de la Crida a\u00a0Projecte,\u00a0ac\u00ed:<\/strong><\/p>\n<\/div><\/div><\/div><\/div><\/section><section class=\"w-section\">\r\n<div class=\"row\"><div class=\"col col-12\">\r\n    <div class=\"col-inner\"><div class=\"w-space\" style=\"height:30px\"><\/div><a class=\"w-button\" style href=\"https:\/\/olivamorosicristians.es\/wp-content\/uploads\/2025\/03\/Crida-a-projecte-bases-2025.pdf\" target=\"_blank\">\r\n    <span>Decarrega les bases 2025<\/span>\r\n<\/a><div class=\"w-space\" style=\"height:60px\"><\/div><\/div><\/div><\/div><\/section><section class=\"w-section\">\r\n<div class=\"row\"><div class=\"col col-4\">\r\n    <div class=\"col-inner\"><div class=\"w-image text-left\">\n            <img loading=\"lazy\" decoding=\"async\" width=\"150\" height=\"165\" src=\"https:\/\/i0.wp.com\/olivamorosicristians.es\/wp-content\/uploads\/2024\/04\/LogoFederacioMoros-250-px-e1712160212994.png?fit=150%2C165&amp;ssl=1\" class=\"attachment-full size-full\" alt=\"\" data-attachment-id=\"11381\" data-permalink=\"https:\/\/olivamorosicristians.es\/es\/logofederaciomoros-250-px\/\" data-orig-file=\"https:\/\/i0.wp.com\/olivamorosicristians.es\/wp-content\/uploads\/2024\/04\/LogoFederacioMoros-250-px-e1712160212994.png?fit=150%2C165&amp;ssl=1\" data-orig-size=\"150,165\" data-comments-opened=\"0\" data-image-meta=\"{&quot;aperture&quot;:&quot;0&quot;,&quot;credit&quot;:&quot;&quot;,&quot;camera&quot;:&quot;&quot;,&quot;caption&quot;:&quot;&quot;,&quot;created_timestamp&quot;:&quot;0&quot;,&quot;copyright&quot;:&quot;&quot;,&quot;focal_length&quot;:&quot;0&quot;,&quot;iso&quot;:&quot;0&quot;,&quot;shutter_speed&quot;:&quot;0&quot;,&quot;title&quot;:&quot;&quot;,&quot;orientation&quot;:&quot;0&quot;}\" data-image-title=\"LogoFederacioMoros 250 px\" data-image-description=\"\" data-image-caption=\"\" data-large-file=\"https:\/\/i0.wp.com\/olivamorosicristians.es\/wp-content\/uploads\/2024\/04\/LogoFederacioMoros-250-px-e1712160212994.png?fit=150%2C165&amp;ssl=1\" \/>    <\/div>\n<\/div><\/div><div class=\"col col-4\">\r\n    <div class=\"col-inner\"><div class=\"w-space\" style=\"height:30px\"><\/div><div class=\"w-image text-left\">\n            <img loading=\"lazy\" decoding=\"async\" width=\"359\" height=\"72\" src=\"https:\/\/i0.wp.com\/olivamorosicristians.es\/wp-content\/uploads\/2024\/04\/AJUNTAMENT-DOLIVA-e1712147380375.jpg?fit=359%2C72&amp;ssl=1\" class=\"attachment-full size-full\" alt=\"\" data-attachment-id=\"11374\" data-permalink=\"https:\/\/olivamorosicristians.es\/es\/ajuntament-doliva\/\" data-orig-file=\"https:\/\/i0.wp.com\/olivamorosicristians.es\/wp-content\/uploads\/2024\/04\/AJUNTAMENT-DOLIVA-e1712147380375.jpg?fit=359%2C72&amp;ssl=1\" data-orig-size=\"359,72\" data-comments-opened=\"0\" data-image-meta=\"{&quot;aperture&quot;:&quot;0&quot;,&quot;credit&quot;:&quot;&quot;,&quot;camera&quot;:&quot;&quot;,&quot;caption&quot;:&quot;&quot;,&quot;created_timestamp&quot;:&quot;0&quot;,&quot;copyright&quot;:&quot;&quot;,&quot;focal_length&quot;:&quot;0&quot;,&quot;iso&quot;:&quot;0&quot;,&quot;shutter_speed&quot;:&quot;0&quot;,&quot;title&quot;:&quot;&quot;,&quot;orientation&quot;:&quot;0&quot;}\" data-image-title=\"AJUNTAMENT D&amp;#8217;OLIVA\" data-image-description=\"\" data-image-caption=\"\" data-large-file=\"https:\/\/i0.wp.com\/olivamorosicristians.es\/wp-content\/uploads\/2024\/04\/AJUNTAMENT-DOLIVA-e1712147380375.jpg?fit=359%2C72&amp;ssl=1\" \/>    <\/div>\n<\/div><\/div><div class=\"col col-4\">\r\n    <div class=\"col-inner\"><div class=\"w-space\" style=\"height:30px\"><\/div><div class=\"w-image text-left\">\n            <img loading=\"lazy\" decoding=\"async\" width=\"150\" height=\"80\" src=\"https:\/\/i0.wp.com\/olivamorosicristians.es\/wp-content\/uploads\/2024\/04\/Marca-Oliva-Color-Turisme-e1712147253390.png?fit=150%2C80&amp;ssl=1\" class=\"attachment-full size-full\" alt=\"\" data-attachment-id=\"11368\" data-permalink=\"https:\/\/olivamorosicristians.es\/es\/publicades-les-bases-de-la-crida-a-projecte-per-a-lelaboracio-de-la-imatge-de-festes-de-moros-i-cristians-doliva-2024\/marca-oliva-color-turisme\/\" data-orig-file=\"https:\/\/i0.wp.com\/olivamorosicristians.es\/wp-content\/uploads\/2024\/04\/Marca-Oliva-Color-Turisme-e1712147253390.png?fit=150%2C80&amp;ssl=1\" data-orig-size=\"150,80\" data-comments-opened=\"0\" data-image-meta=\"{&quot;aperture&quot;:&quot;0&quot;,&quot;credit&quot;:&quot;&quot;,&quot;camera&quot;:&quot;&quot;,&quot;caption&quot;:&quot;&quot;,&quot;created_timestamp&quot;:&quot;0&quot;,&quot;copyright&quot;:&quot;&quot;,&quot;focal_length&quot;:&quot;0&quot;,&quot;iso&quot;:&quot;0&quot;,&quot;shutter_speed&quot;:&quot;0&quot;,&quot;title&quot;:&quot;&quot;,&quot;orientation&quot;:&quot;0&quot;}\" data-image-title=\"Marca Oliva Color Turisme\" data-image-description=\"\" data-image-caption=\"\" data-large-file=\"https:\/\/i0.wp.com\/olivamorosicristians.es\/wp-content\/uploads\/2024\/04\/Marca-Oliva-Color-Turisme-e1712147253390.png?fit=1024%2C546&amp;ssl=1\" \/>    <\/div>\n<\/div><\/div><\/div><\/section>","protected":false},"excerpt":{"rendered":"La Federaci\u00f3 de Moros i Cristians d\u2019Oliva (FMiCO) informa que s\u2019han publicat les bases de la \u00abCrida a projecte\u00bb, per tercer any amb aquesta modalitat en col\u00b7laboraci\u00f3 amb l\u2019Associaci\u00f3 de Dissenyadors\/es de la Comunitat Valenciana (ADCV), per a l\u2019elaboraci\u00f3 del cartell anunciador de les Festes de Moros i Cristians d\u2019Oliva 2025. La FMiCO continua apostat [...]","protected":false},"author":1,"featured_media":11610,"comment_status":"closed","ping_status":"open","sticky":false,"template":"","format":"standard","meta":{"jetpack_post_was_ever_published":false,"_jetpack_newsletter_access":"","_jetpack_dont_email_post_to_subs":false,"_jetpack_newsletter_tier_id":0,"_jetpack_memberships_contains_paywalled_content":false,"_jetpack_memberships_contains_paid_content":false,"footnotes":"","jetpack_publicize_message":"","jetpack_publicize_feature_enabled":true,"jetpack_social_post_already_shared":true,"jetpack_social_options":{"image_generator_settings":{"template":"highway","default_image_id":0,"font":"","enabled":false},"version":2}},"categories":[143,3],"tags":[],"class_list":["post-11595","post","type-post","status-publish","format-standard","has-post-thumbnail","hentry","category-concursos","category-entreteniment"],"yoast_head":"<!-- This site is optimized with the Yoast SEO plugin v27.4 - https:\/\/yoast.com\/product\/yoast-seo-wordpress\/ -->\n<title>Publicades les bases de la \u00abCrida a projecte\u00bb per a l\u2019elaboraci\u00f3 de la imatge de Festes de Moros i Cristians d\u2019Oliva 2025 - Moros i Cristians Oliva<\/title>\n<meta name=\"robots\" content=\"index, follow, max-snippet:-1, max-image-preview:large, max-video-preview:-1\" \/>\n<link rel=\"canonical\" href=\"https:\/\/olivamorosicristians.es\/es\/publicades-les-bases-de-la-crida-a-projecte-per-a-lelaboracio-de-la-imatge-de-festes-de-moros-i-cristians-doliva-2025\/\" \/>\n<meta property=\"og:locale\" content=\"es_ES\" \/>\n<meta property=\"og:type\" content=\"article\" \/>\n<meta property=\"og:title\" content=\"Publicades les bases de la \u00abCrida a projecte\u00bb per a l\u2019elaboraci\u00f3 de la imatge de Festes de Moros i Cristians d\u2019Oliva 2025 - Moros i Cristians Oliva\" \/>\n<meta property=\"og:url\" content=\"https:\/\/olivamorosicristians.es\/es\/publicades-les-bases-de-la-crida-a-projecte-per-a-lelaboracio-de-la-imatge-de-festes-de-moros-i-cristians-doliva-2025\/\" \/>\n<meta property=\"og:site_name\" content=\"Moros i Cristians Oliva\" \/>\n<meta property=\"article:publisher\" content=\"https:\/\/www.facebook.com\/federaciodemorosicristiansdoliva\/\" \/>\n<meta property=\"article:author\" content=\"https:\/\/www.facebook.com\/federaciodemorosicristiansdoliva\" \/>\n<meta property=\"article:published_time\" content=\"2025-03-28T08:31:16+00:00\" \/>\n<meta property=\"article:modified_time\" content=\"2025-03-28T09:00:20+00:00\" \/>\n<meta property=\"og:image\" content=\"https:\/\/olivamorosicristians.es\/wp-content\/uploads\/2025\/03\/CridaProjecte-2025_Anunci-blog-2001x1126-2.jpg\" \/>\n\t<meta property=\"og:image:width\" content=\"2001\" \/>\n\t<meta property=\"og:image:height\" content=\"1126\" \/>\n\t<meta property=\"og:image:type\" content=\"image\/jpeg\" \/>\n<meta name=\"author\" content=\"Webmaster\" \/>\n<meta name=\"twitter:card\" content=\"summary_large_image\" \/>\n<meta name=\"twitter:label1\" content=\"Escrito por\" \/>\n\t<meta name=\"twitter:data1\" content=\"Webmaster\" \/>\n\t<meta name=\"twitter:label2\" content=\"Tiempo de lectura\" \/>\n\t<meta name=\"twitter:data2\" content=\"3 minutos\" \/>\n<script type=\"application\/ld+json\" class=\"yoast-schema-graph\">{\"@context\":\"https:\\\/\\\/schema.org\",\"@graph\":[{\"@type\":\"Article\",\"@id\":\"https:\\\/\\\/olivamorosicristians.es\\\/publicades-les-bases-de-la-crida-a-projecte-per-a-lelaboracio-de-la-imatge-de-festes-de-moros-i-cristians-doliva-2025\\\/#article\",\"isPartOf\":{\"@id\":\"https:\\\/\\\/olivamorosicristians.es\\\/publicades-les-bases-de-la-crida-a-projecte-per-a-lelaboracio-de-la-imatge-de-festes-de-moros-i-cristians-doliva-2025\\\/\"},\"author\":{\"name\":\"Webmaster\",\"@id\":\"https:\\\/\\\/olivamorosicristians.es\\\/#\\\/schema\\\/person\\\/21ece052d8816103cad91a2676fd0149\"},\"headline\":\"Publicades les bases de la \u00abCrida a projecte\u00bb per a l\u2019elaboraci\u00f3 de la imatge de Festes de Moros i Cristians d\u2019Oliva 2025\",\"datePublished\":\"2025-03-28T08:31:16+00:00\",\"dateModified\":\"2025-03-28T09:00:20+00:00\",\"mainEntityOfPage\":{\"@id\":\"https:\\\/\\\/olivamorosicristians.es\\\/publicades-les-bases-de-la-crida-a-projecte-per-a-lelaboracio-de-la-imatge-de-festes-de-moros-i-cristians-doliva-2025\\\/\"},\"wordCount\":462,\"publisher\":{\"@id\":\"https:\\\/\\\/olivamorosicristians.es\\\/#organization\"},\"image\":{\"@id\":\"https:\\\/\\\/olivamorosicristians.es\\\/publicades-les-bases-de-la-crida-a-projecte-per-a-lelaboracio-de-la-imatge-de-festes-de-moros-i-cristians-doliva-2025\\\/#primaryimage\"},\"thumbnailUrl\":\"https:\\\/\\\/i0.wp.com\\\/olivamorosicristians.es\\\/wp-content\\\/uploads\\\/2025\\\/03\\\/CridaProjecte-2025_Anunci-blog-2001x1126-2.jpg?fit=2001%2C1126&ssl=1\",\"articleSection\":[\"Concursos\",\"Entreteniment\"],\"inLanguage\":\"es\"},{\"@type\":\"WebPage\",\"@id\":\"https:\\\/\\\/olivamorosicristians.es\\\/publicades-les-bases-de-la-crida-a-projecte-per-a-lelaboracio-de-la-imatge-de-festes-de-moros-i-cristians-doliva-2025\\\/\",\"url\":\"https:\\\/\\\/olivamorosicristians.es\\\/publicades-les-bases-de-la-crida-a-projecte-per-a-lelaboracio-de-la-imatge-de-festes-de-moros-i-cristians-doliva-2025\\\/\",\"name\":\"Publicades les bases de la \u00abCrida a projecte\u00bb per a l\u2019elaboraci\u00f3 de la imatge de Festes de Moros i Cristians d\u2019Oliva 2025 - Moros i Cristians Oliva\",\"isPartOf\":{\"@id\":\"https:\\\/\\\/olivamorosicristians.es\\\/#website\"},\"primaryImageOfPage\":{\"@id\":\"https:\\\/\\\/olivamorosicristians.es\\\/publicades-les-bases-de-la-crida-a-projecte-per-a-lelaboracio-de-la-imatge-de-festes-de-moros-i-cristians-doliva-2025\\\/#primaryimage\"},\"image\":{\"@id\":\"https:\\\/\\\/olivamorosicristians.es\\\/publicades-les-bases-de-la-crida-a-projecte-per-a-lelaboracio-de-la-imatge-de-festes-de-moros-i-cristians-doliva-2025\\\/#primaryimage\"},\"thumbnailUrl\":\"https:\\\/\\\/i0.wp.com\\\/olivamorosicristians.es\\\/wp-content\\\/uploads\\\/2025\\\/03\\\/CridaProjecte-2025_Anunci-blog-2001x1126-2.jpg?fit=2001%2C1126&ssl=1\",\"datePublished\":\"2025-03-28T08:31:16+00:00\",\"dateModified\":\"2025-03-28T09:00:20+00:00\",\"breadcrumb\":{\"@id\":\"https:\\\/\\\/olivamorosicristians.es\\\/publicades-les-bases-de-la-crida-a-projecte-per-a-lelaboracio-de-la-imatge-de-festes-de-moros-i-cristians-doliva-2025\\\/#breadcrumb\"},\"inLanguage\":\"es\",\"potentialAction\":[{\"@type\":\"ReadAction\",\"target\":[\"https:\\\/\\\/olivamorosicristians.es\\\/publicades-les-bases-de-la-crida-a-projecte-per-a-lelaboracio-de-la-imatge-de-festes-de-moros-i-cristians-doliva-2025\\\/\"]}]},{\"@type\":\"ImageObject\",\"inLanguage\":\"es\",\"@id\":\"https:\\\/\\\/olivamorosicristians.es\\\/publicades-les-bases-de-la-crida-a-projecte-per-a-lelaboracio-de-la-imatge-de-festes-de-moros-i-cristians-doliva-2025\\\/#primaryimage\",\"url\":\"https:\\\/\\\/i0.wp.com\\\/olivamorosicristians.es\\\/wp-content\\\/uploads\\\/2025\\\/03\\\/CridaProjecte-2025_Anunci-blog-2001x1126-2.jpg?fit=2001%2C1126&ssl=1\",\"contentUrl\":\"https:\\\/\\\/i0.wp.com\\\/olivamorosicristians.es\\\/wp-content\\\/uploads\\\/2025\\\/03\\\/CridaProjecte-2025_Anunci-blog-2001x1126-2.jpg?fit=2001%2C1126&ssl=1\",\"width\":2001,\"height\":1126},{\"@type\":\"BreadcrumbList\",\"@id\":\"https:\\\/\\\/olivamorosicristians.es\\\/publicades-les-bases-de-la-crida-a-projecte-per-a-lelaboracio-de-la-imatge-de-festes-de-moros-i-cristians-doliva-2025\\\/#breadcrumb\",\"itemListElement\":[{\"@type\":\"ListItem\",\"position\":1,\"name\":\"Portada\",\"item\":\"https:\\\/\\\/olivamorosicristians.es\\\/\"},{\"@type\":\"ListItem\",\"position\":2,\"name\":\"Publicades les bases de la \u00abCrida a projecte\u00bb per a l\u2019elaboraci\u00f3 de la imatge de Festes de Moros i Cristians d\u2019Oliva 2025\"}]},{\"@type\":\"WebSite\",\"@id\":\"https:\\\/\\\/olivamorosicristians.es\\\/#website\",\"url\":\"https:\\\/\\\/olivamorosicristians.es\\\/\",\"name\":\"Moros i Cristians Oliva\",\"description\":\"FMCO\",\"publisher\":{\"@id\":\"https:\\\/\\\/olivamorosicristians.es\\\/#organization\"},\"potentialAction\":[{\"@type\":\"SearchAction\",\"target\":{\"@type\":\"EntryPoint\",\"urlTemplate\":\"https:\\\/\\\/olivamorosicristians.es\\\/?s={search_term_string}\"},\"query-input\":{\"@type\":\"PropertyValueSpecification\",\"valueRequired\":true,\"valueName\":\"search_term_string\"}}],\"inLanguage\":\"es\"},{\"@type\":\"Organization\",\"@id\":\"https:\\\/\\\/olivamorosicristians.es\\\/#organization\",\"name\":\"Federaci\u00f3 de Moros i Cristians - Oliva\",\"url\":\"https:\\\/\\\/olivamorosicristians.es\\\/\",\"logo\":{\"@type\":\"ImageObject\",\"inLanguage\":\"es\",\"@id\":\"https:\\\/\\\/olivamorosicristians.es\\\/#\\\/schema\\\/logo\\\/image\\\/\",\"url\":\"https:\\\/\\\/i2.wp.com\\\/olivamorosicristians.es\\\/wp-content\\\/uploads\\\/2018\\\/06\\\/Icon_FMiCO.png?fit=50%2C50&ssl=1\",\"contentUrl\":\"https:\\\/\\\/i2.wp.com\\\/olivamorosicristians.es\\\/wp-content\\\/uploads\\\/2018\\\/06\\\/Icon_FMiCO.png?fit=50%2C50&ssl=1\",\"width\":50,\"height\":50,\"caption\":\"Federaci\u00f3 de Moros i Cristians - Oliva\"},\"image\":{\"@id\":\"https:\\\/\\\/olivamorosicristians.es\\\/#\\\/schema\\\/logo\\\/image\\\/\"},\"sameAs\":[\"https:\\\/\\\/www.facebook.com\\\/federaciodemorosicristiansdoliva\\\/\",\"https:\\\/\\\/www.instagram.com\\\/morosicristiansoliva\\\/?hl=es\"]},{\"@type\":\"Person\",\"@id\":\"https:\\\/\\\/olivamorosicristians.es\\\/#\\\/schema\\\/person\\\/21ece052d8816103cad91a2676fd0149\",\"name\":\"Webmaster\",\"image\":{\"@type\":\"ImageObject\",\"inLanguage\":\"es\",\"@id\":\"https:\\\/\\\/secure.gravatar.com\\\/avatar\\\/18de20f14d74abe0c800b423a8b0e24cae6153cb6baeb2c2df80e1cef2117e0d?s=96&d=mm&r=g\",\"url\":\"https:\\\/\\\/secure.gravatar.com\\\/avatar\\\/18de20f14d74abe0c800b423a8b0e24cae6153cb6baeb2c2df80e1cef2117e0d?s=96&d=mm&r=g\",\"contentUrl\":\"https:\\\/\\\/secure.gravatar.com\\\/avatar\\\/18de20f14d74abe0c800b423a8b0e24cae6153cb6baeb2c2df80e1cef2117e0d?s=96&d=mm&r=g\",\"caption\":\"Webmaster\"},\"sameAs\":[\"https:\\\/\\\/www.facebook.com\\\/federaciodemorosicristiansdoliva\",\"https:\\\/\\\/www.instagram.com\\\/morosicristiansoliva\\\/\"]}]}<\/script>\n<!-- \/ Yoast SEO plugin. -->","yoast_head_json":{"title":"Publicades les bases de la \u00abCrida a projecte\u00bb per a l\u2019elaboraci\u00f3 de la imatge de Festes de Moros i Cristians d\u2019Oliva 2025 - Moros i Cristians Oliva","robots":{"index":"index","follow":"follow","max-snippet":"max-snippet:-1","max-image-preview":"max-image-preview:large","max-video-preview":"max-video-preview:-1"},"canonical":"https:\/\/olivamorosicristians.es\/es\/publicades-les-bases-de-la-crida-a-projecte-per-a-lelaboracio-de-la-imatge-de-festes-de-moros-i-cristians-doliva-2025\/","og_locale":"es_ES","og_type":"article","og_title":"Publicades les bases de la \u00abCrida a projecte\u00bb per a l\u2019elaboraci\u00f3 de la imatge de Festes de Moros i Cristians d\u2019Oliva 2025 - Moros i Cristians Oliva","og_url":"https:\/\/olivamorosicristians.es\/es\/publicades-les-bases-de-la-crida-a-projecte-per-a-lelaboracio-de-la-imatge-de-festes-de-moros-i-cristians-doliva-2025\/","og_site_name":"Moros i Cristians Oliva","article_publisher":"https:\/\/www.facebook.com\/federaciodemorosicristiansdoliva\/","article_author":"https:\/\/www.facebook.com\/federaciodemorosicristiansdoliva","article_published_time":"2025-03-28T08:31:16+00:00","article_modified_time":"2025-03-28T09:00:20+00:00","og_image":[{"width":2001,"height":1126,"url":"https:\/\/olivamorosicristians.es\/wp-content\/uploads\/2025\/03\/CridaProjecte-2025_Anunci-blog-2001x1126-2.jpg","type":"image\/jpeg"}],"author":"Webmaster","twitter_card":"summary_large_image","twitter_misc":{"Escrito por":"Webmaster","Tiempo de lectura":"3 minutos"},"schema":{"@context":"https:\/\/schema.org","@graph":[{"@type":"Article","@id":"https:\/\/olivamorosicristians.es\/publicades-les-bases-de-la-crida-a-projecte-per-a-lelaboracio-de-la-imatge-de-festes-de-moros-i-cristians-doliva-2025\/#article","isPartOf":{"@id":"https:\/\/olivamorosicristians.es\/publicades-les-bases-de-la-crida-a-projecte-per-a-lelaboracio-de-la-imatge-de-festes-de-moros-i-cristians-doliva-2025\/"},"author":{"name":"Webmaster","@id":"https:\/\/olivamorosicristians.es\/#\/schema\/person\/21ece052d8816103cad91a2676fd0149"},"headline":"Publicades les bases de la \u00abCrida a projecte\u00bb per a l\u2019elaboraci\u00f3 de la imatge de Festes de Moros i Cristians d\u2019Oliva 2025","datePublished":"2025-03-28T08:31:16+00:00","dateModified":"2025-03-28T09:00:20+00:00","mainEntityOfPage":{"@id":"https:\/\/olivamorosicristians.es\/publicades-les-bases-de-la-crida-a-projecte-per-a-lelaboracio-de-la-imatge-de-festes-de-moros-i-cristians-doliva-2025\/"},"wordCount":462,"publisher":{"@id":"https:\/\/olivamorosicristians.es\/#organization"},"image":{"@id":"https:\/\/olivamorosicristians.es\/publicades-les-bases-de-la-crida-a-projecte-per-a-lelaboracio-de-la-imatge-de-festes-de-moros-i-cristians-doliva-2025\/#primaryimage"},"thumbnailUrl":"https:\/\/i0.wp.com\/olivamorosicristians.es\/wp-content\/uploads\/2025\/03\/CridaProjecte-2025_Anunci-blog-2001x1126-2.jpg?fit=2001%2C1126&ssl=1","articleSection":["Concursos","Entreteniment"],"inLanguage":"es"},{"@type":"WebPage","@id":"https:\/\/olivamorosicristians.es\/publicades-les-bases-de-la-crida-a-projecte-per-a-lelaboracio-de-la-imatge-de-festes-de-moros-i-cristians-doliva-2025\/","url":"https:\/\/olivamorosicristians.es\/publicades-les-bases-de-la-crida-a-projecte-per-a-lelaboracio-de-la-imatge-de-festes-de-moros-i-cristians-doliva-2025\/","name":"Publicades les bases de la \u00abCrida a projecte\u00bb per a l\u2019elaboraci\u00f3 de la imatge de Festes de Moros i Cristians d\u2019Oliva 2025 - Moros i Cristians Oliva","isPartOf":{"@id":"https:\/\/olivamorosicristians.es\/#website"},"primaryImageOfPage":{"@id":"https:\/\/olivamorosicristians.es\/publicades-les-bases-de-la-crida-a-projecte-per-a-lelaboracio-de-la-imatge-de-festes-de-moros-i-cristians-doliva-2025\/#primaryimage"},"image":{"@id":"https:\/\/olivamorosicristians.es\/publicades-les-bases-de-la-crida-a-projecte-per-a-lelaboracio-de-la-imatge-de-festes-de-moros-i-cristians-doliva-2025\/#primaryimage"},"thumbnailUrl":"https:\/\/i0.wp.com\/olivamorosicristians.es\/wp-content\/uploads\/2025\/03\/CridaProjecte-2025_Anunci-blog-2001x1126-2.jpg?fit=2001%2C1126&ssl=1","datePublished":"2025-03-28T08:31:16+00:00","dateModified":"2025-03-28T09:00:20+00:00","breadcrumb":{"@id":"https:\/\/olivamorosicristians.es\/publicades-les-bases-de-la-crida-a-projecte-per-a-lelaboracio-de-la-imatge-de-festes-de-moros-i-cristians-doliva-2025\/#breadcrumb"},"inLanguage":"es","potentialAction":[{"@type":"ReadAction","target":["https:\/\/olivamorosicristians.es\/publicades-les-bases-de-la-crida-a-projecte-per-a-lelaboracio-de-la-imatge-de-festes-de-moros-i-cristians-doliva-2025\/"]}]},{"@type":"ImageObject","inLanguage":"es","@id":"https:\/\/olivamorosicristians.es\/publicades-les-bases-de-la-crida-a-projecte-per-a-lelaboracio-de-la-imatge-de-festes-de-moros-i-cristians-doliva-2025\/#primaryimage","url":"https:\/\/i0.wp.com\/olivamorosicristians.es\/wp-content\/uploads\/2025\/03\/CridaProjecte-2025_Anunci-blog-2001x1126-2.jpg?fit=2001%2C1126&ssl=1","contentUrl":"https:\/\/i0.wp.com\/olivamorosicristians.es\/wp-content\/uploads\/2025\/03\/CridaProjecte-2025_Anunci-blog-2001x1126-2.jpg?fit=2001%2C1126&ssl=1","width":2001,"height":1126},{"@type":"BreadcrumbList","@id":"https:\/\/olivamorosicristians.es\/publicades-les-bases-de-la-crida-a-projecte-per-a-lelaboracio-de-la-imatge-de-festes-de-moros-i-cristians-doliva-2025\/#breadcrumb","itemListElement":[{"@type":"ListItem","position":1,"name":"Portada","item":"https:\/\/olivamorosicristians.es\/"},{"@type":"ListItem","position":2,"name":"Publicades les bases de la \u00abCrida a projecte\u00bb per a l\u2019elaboraci\u00f3 de la imatge de Festes de Moros i Cristians d\u2019Oliva 2025"}]},{"@type":"WebSite","@id":"https:\/\/olivamorosicristians.es\/#website","url":"https:\/\/olivamorosicristians.es\/","name":"Moros i Cristians Oliva","description":"FMCO","publisher":{"@id":"https:\/\/olivamorosicristians.es\/#organization"},"potentialAction":[{"@type":"SearchAction","target":{"@type":"EntryPoint","urlTemplate":"https:\/\/olivamorosicristians.es\/?s={search_term_string}"},"query-input":{"@type":"PropertyValueSpecification","valueRequired":true,"valueName":"search_term_string"}}],"inLanguage":"es"},{"@type":"Organization","@id":"https:\/\/olivamorosicristians.es\/#organization","name":"La Federaci\u00f3n de Moros y Cristianos de Oliva","url":"https:\/\/olivamorosicristians.es\/","logo":{"@type":"ImageObject","inLanguage":"es","@id":"https:\/\/olivamorosicristians.es\/#\/schema\/logo\/image\/","url":"https:\/\/i2.wp.com\/olivamorosicristians.es\/wp-content\/uploads\/2018\/06\/Icon_FMiCO.png?fit=50%2C50&ssl=1","contentUrl":"https:\/\/i2.wp.com\/olivamorosicristians.es\/wp-content\/uploads\/2018\/06\/Icon_FMiCO.png?fit=50%2C50&ssl=1","width":50,"height":50,"caption":"Federaci\u00f3 de Moros i Cristians - Oliva"},"image":{"@id":"https:\/\/olivamorosicristians.es\/#\/schema\/logo\/image\/"},"sameAs":["https:\/\/www.facebook.com\/federaciodemorosicristiansdoliva\/","https:\/\/www.instagram.com\/morosicristiansoliva\/?hl=es"]},{"@type":"Person","@id":"https:\/\/olivamorosicristians.es\/#\/schema\/person\/21ece052d8816103cad91a2676fd0149","name":"Webmaster","image":{"@type":"ImageObject","inLanguage":"es","@id":"https:\/\/secure.gravatar.com\/avatar\/18de20f14d74abe0c800b423a8b0e24cae6153cb6baeb2c2df80e1cef2117e0d?s=96&d=mm&r=g","url":"https:\/\/secure.gravatar.com\/avatar\/18de20f14d74abe0c800b423a8b0e24cae6153cb6baeb2c2df80e1cef2117e0d?s=96&d=mm&r=g","contentUrl":"https:\/\/secure.gravatar.com\/avatar\/18de20f14d74abe0c800b423a8b0e24cae6153cb6baeb2c2df80e1cef2117e0d?s=96&d=mm&r=g","caption":"Webmaster"},"sameAs":["https:\/\/www.facebook.com\/federaciodemorosicristiansdoliva","https:\/\/www.instagram.com\/morosicristiansoliva\/"]}]}},"jetpack_publicize_connections":[],"jetpack_featured_media_url":"https:\/\/i0.wp.com\/olivamorosicristians.es\/wp-content\/uploads\/2025\/03\/CridaProjecte-2025_Anunci-blog-2001x1126-2.jpg?fit=2001%2C1126&ssl=1","jetpack_sharing_enabled":true,"jetpack_shortlink":"https:\/\/wp.me\/pagEx6-311","jetpack-related-posts":[],"_links":{"self":[{"href":"https:\/\/olivamorosicristians.es\/es\/wp-json\/wp\/v2\/posts\/11595","targetHints":{"allow":["GET"]}}],"collection":[{"href":"https:\/\/olivamorosicristians.es\/es\/wp-json\/wp\/v2\/posts"}],"about":[{"href":"https:\/\/olivamorosicristians.es\/es\/wp-json\/wp\/v2\/types\/post"}],"author":[{"embeddable":true,"href":"https:\/\/olivamorosicristians.es\/es\/wp-json\/wp\/v2\/users\/1"}],"replies":[{"embeddable":true,"href":"https:\/\/olivamorosicristians.es\/es\/wp-json\/wp\/v2\/comments?post=11595"}],"version-history":[{"count":8,"href":"https:\/\/olivamorosicristians.es\/es\/wp-json\/wp\/v2\/posts\/11595\/revisions"}],"predecessor-version":[{"id":11841,"href":"https:\/\/olivamorosicristians.es\/es\/wp-json\/wp\/v2\/posts\/11595\/revisions\/11841"}],"wp:featuredmedia":[{"embeddable":true,"href":"https:\/\/olivamorosicristians.es\/es\/wp-json\/wp\/v2\/media\/11610"}],"wp:attachment":[{"href":"https:\/\/olivamorosicristians.es\/es\/wp-json\/wp\/v2\/media?parent=11595"}],"wp:term":[{"taxonomy":"category","embeddable":true,"href":"https:\/\/olivamorosicristians.es\/es\/wp-json\/wp\/v2\/categories?post=11595"},{"taxonomy":"post_tag","embeddable":true,"href":"https:\/\/olivamorosicristians.es\/es\/wp-json\/wp\/v2\/tags?post=11595"}],"curies":[{"name":"wp","href":"https:\/\/api.w.org\/{rel}","templated":true}]}}