{"id":11561,"date":"2025-02-11T21:34:47","date_gmt":"2025-02-11T19:34:47","guid":{"rendered":"https:\/\/olivamorosicristians.es\/?p=11561"},"modified":"2025-02-11T22:21:25","modified_gmt":"2025-02-11T20:21:25","slug":"cronica-del-mig-any-fester-2025","status":"publish","type":"post","link":"https:\/\/olivamorosicristians.es\/es\/cronica-del-mig-any-fester-2025\/","title":{"rendered":"Cr\u00f2nica del mig any fester 2025"},"content":{"rendered":"<section class=\"w-section\">\r\n<div class=\"row\"><div class=\"col col-12\">\r\n    <div class=\"col-inner\"><div class=\"w-space\" style=\"height:30px\"><\/div><div class=\"w-text-block\">\n    <p class=\"p1\">Quin gran dia de festa i bon ambient vam viure el dissabte 8 de febrer 2025!<\/p>\n<p class=\"p1\">Pel mat\u00ed, la tradicional diana d&#8217;arcabusseria pels carrers del Raval, amb la tradicional visita al restaurant El Pelut.<\/p>\n<p class=\"p1\">Despr\u00e9s vam tornar al Passeig Llu\u00eds Vives on cada filada preparava l&#8217;esmorzar i donaven el millor de si en l&#8217;elaboraci\u00f3 dels putxeros. Tot envoltat d\u2019un ambient espectacular de m\u00fasica i festa amb l&#8217;associaci\u00f3 art\u00edstic musical d&#8217;Oliva.<\/p>\n<p class=\"p1\">A la 13h tenia lloc el tast dels putxeros per part del jurat, que entre dotze putxeros el resultats va ser:<\/p>\n<p class=\"p1\"><span class=\"s1\">\ud83e\udd47<\/span> Millor presentaci\u00f3: Fil\u00e0 Masers<\/p>\n<p class=\"p1\"><span class=\"s1\">\ud83e\udd47<\/span> Millor putxero: Fil\u00e0 Almor\u00e0vits<\/p>\n<p class=\"p1\">Enhorabona a totes les filades i gr\u00e0cies a totes i tots per fer d\u2019aquest mig any una celebraci\u00f3 inoblidable!<\/p>\n<p class=\"p1\">Comen\u00e7a el compte enrere per a les\u00a0nostres\u00a0festes.<\/p>\n<\/div><div class=\"w-space\" style=\"height:50px\"><\/div><div class=\"w-image-gallery w-grid\">\r\n    <div class=\"w-view clear\">\r\n                    <div class=\"w-item col-4\">\r\n                                <a href=\"https:\/\/i0.wp.com\/olivamorosicristians.es\/wp-content\/uploads\/2025\/02\/trabucs2.jpg?fit=1200%2C800&#038;ssl=1\" data-rel=\"lightcase:gallery-21\">\r\n        <img loading=\"lazy\" decoding=\"async\" width=\"1200\" height=\"800\" src=\"https:\/\/i0.wp.com\/olivamorosicristians.es\/wp-content\/uploads\/2025\/02\/trabucs2.jpg?fit=1200%2C800&amp;ssl=1\" class=\"cover-image\" alt=\"\" srcset=\"https:\/\/i0.wp.com\/olivamorosicristians.es\/wp-content\/uploads\/2025\/02\/trabucs2.jpg?w=1200&amp;ssl=1 1200w, https:\/\/i0.wp.com\/olivamorosicristians.es\/wp-content\/uploads\/2025\/02\/trabucs2.jpg?resize=300%2C200&amp;ssl=1 300w, https:\/\/i0.wp.com\/olivamorosicristians.es\/wp-content\/uploads\/2025\/02\/trabucs2.jpg?resize=1024%2C683&amp;ssl=1 1024w, https:\/\/i0.wp.com\/olivamorosicristians.es\/wp-content\/uploads\/2025\/02\/trabucs2.jpg?resize=768%2C512&amp;ssl=1 768w, https:\/\/i0.wp.com\/olivamorosicristians.es\/wp-content\/uploads\/2025\/02\/trabucs2.jpg?resize=18%2C12&amp;ssl=1 18w, https:\/\/i0.wp.com\/olivamorosicristians.es\/wp-content\/uploads\/2025\/02\/trabucs2.jpg?resize=640%2C427&amp;ssl=1 640w\" sizes=\"auto, (max-width: 1170px) 100vw, 1170px\" data-attachment-id=\"11564\" data-permalink=\"https:\/\/olivamorosicristians.es\/es\/cronica-del-mig-any-fester-2025\/trabucs2\/\" data-orig-file=\"https:\/\/i0.wp.com\/olivamorosicristians.es\/wp-content\/uploads\/2025\/02\/trabucs2.jpg?fit=1200%2C800&amp;ssl=1\" data-orig-size=\"1200,800\" data-comments-opened=\"0\" data-image-meta=\"{&quot;aperture&quot;:&quot;7.1&quot;,&quot;credit&quot;:&quot;ANTONI RIBERA OLTRA&quot;,&quot;camera&quot;:&quot;Canon EOS 5D Mark IV&quot;,&quot;caption&quot;:&quot;&quot;,&quot;created_timestamp&quot;:&quot;1739008099&quot;,&quot;copyright&quot;:&quot;&quot;,&quot;focal_length&quot;:&quot;39&quot;,&quot;iso&quot;:&quot;100&quot;,&quot;shutter_speed&quot;:&quot;0.0125&quot;,&quot;title&quot;:&quot;&quot;,&quot;orientation&quot;:&quot;1&quot;}\" data-image-title=\"trabucs2\" data-image-description=\"\" data-image-caption=\"\" data-large-file=\"https:\/\/i0.wp.com\/olivamorosicristians.es\/wp-content\/uploads\/2025\/02\/trabucs2.jpg?fit=1024%2C683&amp;ssl=1\" \/>        <\/a>\r\n                <\/div>\r\n                    <div class=\"w-item col-4\">\r\n                                <a href=\"https:\/\/i0.wp.com\/olivamorosicristians.es\/wp-content\/uploads\/2025\/02\/trabucs1.jpg?fit=1200%2C800&#038;ssl=1\" data-rel=\"lightcase:gallery-21\">\r\n        <img loading=\"lazy\" decoding=\"async\" width=\"1200\" height=\"800\" src=\"https:\/\/i0.wp.com\/olivamorosicristians.es\/wp-content\/uploads\/2025\/02\/trabucs1.jpg?fit=1200%2C800&amp;ssl=1\" class=\"cover-image\" alt=\"\" srcset=\"https:\/\/i0.wp.com\/olivamorosicristians.es\/wp-content\/uploads\/2025\/02\/trabucs1.jpg?w=1200&amp;ssl=1 1200w, https:\/\/i0.wp.com\/olivamorosicristians.es\/wp-content\/uploads\/2025\/02\/trabucs1.jpg?resize=300%2C200&amp;ssl=1 300w, https:\/\/i0.wp.com\/olivamorosicristians.es\/wp-content\/uploads\/2025\/02\/trabucs1.jpg?resize=1024%2C683&amp;ssl=1 1024w, https:\/\/i0.wp.com\/olivamorosicristians.es\/wp-content\/uploads\/2025\/02\/trabucs1.jpg?resize=768%2C512&amp;ssl=1 768w, https:\/\/i0.wp.com\/olivamorosicristians.es\/wp-content\/uploads\/2025\/02\/trabucs1.jpg?resize=18%2C12&amp;ssl=1 18w, https:\/\/i0.wp.com\/olivamorosicristians.es\/wp-content\/uploads\/2025\/02\/trabucs1.jpg?resize=640%2C427&amp;ssl=1 640w\" sizes=\"auto, (max-width: 1170px) 100vw, 1170px\" data-attachment-id=\"11565\" data-permalink=\"https:\/\/olivamorosicristians.es\/es\/cronica-del-mig-any-fester-2025\/trabucs1\/\" data-orig-file=\"https:\/\/i0.wp.com\/olivamorosicristians.es\/wp-content\/uploads\/2025\/02\/trabucs1.jpg?fit=1200%2C800&amp;ssl=1\" data-orig-size=\"1200,800\" data-comments-opened=\"0\" data-image-meta=\"{&quot;aperture&quot;:&quot;5&quot;,&quot;credit&quot;:&quot;ANTONI RIBERA OLTRA&quot;,&quot;camera&quot;:&quot;Canon EOS 5D Mark IV&quot;,&quot;caption&quot;:&quot;&quot;,&quot;created_timestamp&quot;:&quot;1739002849&quot;,&quot;copyright&quot;:&quot;&quot;,&quot;focal_length&quot;:&quot;39&quot;,&quot;iso&quot;:&quot;200&quot;,&quot;shutter_speed&quot;:&quot;0.005&quot;,&quot;title&quot;:&quot;&quot;,&quot;orientation&quot;:&quot;1&quot;}\" data-image-title=\"trabucs1\" data-image-description=\"\" data-image-caption=\"\" data-large-file=\"https:\/\/i0.wp.com\/olivamorosicristians.es\/wp-content\/uploads\/2025\/02\/trabucs1.jpg?fit=1024%2C683&amp;ssl=1\" \/>        <\/a>\r\n                <\/div>\r\n                    <div class=\"w-item col-4\">\r\n                                <a href=\"https:\/\/i0.wp.com\/olivamorosicristians.es\/wp-content\/uploads\/2025\/02\/trabucs-e1739303023333.jpg?fit=1200%2C800&#038;ssl=1\" data-rel=\"lightcase:gallery-21\">\r\n        <img loading=\"lazy\" decoding=\"async\" width=\"1200\" height=\"800\" src=\"https:\/\/i0.wp.com\/olivamorosicristians.es\/wp-content\/uploads\/2025\/02\/trabucs-e1739303023333.jpg?fit=1200%2C800&amp;ssl=1\" class=\"cover-image\" alt=\"\" srcset=\"https:\/\/i0.wp.com\/olivamorosicristians.es\/wp-content\/uploads\/2025\/02\/trabucs-e1739303023333.jpg?w=1200&amp;ssl=1 1200w, https:\/\/i0.wp.com\/olivamorosicristians.es\/wp-content\/uploads\/2025\/02\/trabucs-e1739303023333.jpg?resize=300%2C200&amp;ssl=1 300w, https:\/\/i0.wp.com\/olivamorosicristians.es\/wp-content\/uploads\/2025\/02\/trabucs-e1739303023333.jpg?resize=1024%2C683&amp;ssl=1 1024w, https:\/\/i0.wp.com\/olivamorosicristians.es\/wp-content\/uploads\/2025\/02\/trabucs-e1739303023333.jpg?resize=768%2C512&amp;ssl=1 768w, https:\/\/i0.wp.com\/olivamorosicristians.es\/wp-content\/uploads\/2025\/02\/trabucs-e1739303023333.jpg?resize=18%2C12&amp;ssl=1 18w, https:\/\/i0.wp.com\/olivamorosicristians.es\/wp-content\/uploads\/2025\/02\/trabucs-e1739303023333.jpg?resize=640%2C427&amp;ssl=1 640w\" sizes=\"auto, (max-width: 1170px) 100vw, 1170px\" data-attachment-id=\"11566\" data-permalink=\"https:\/\/olivamorosicristians.es\/es\/cronica-del-mig-any-fester-2025\/trabucs\/\" data-orig-file=\"https:\/\/i0.wp.com\/olivamorosicristians.es\/wp-content\/uploads\/2025\/02\/trabucs-e1739303023333.jpg?fit=1200%2C800&amp;ssl=1\" data-orig-size=\"1200,800\" data-comments-opened=\"0\" data-image-meta=\"{&quot;aperture&quot;:&quot;5&quot;,&quot;credit&quot;:&quot;ANTONI RIBERA OLTRA&quot;,&quot;camera&quot;:&quot;Canon EOS 5D Mark IV&quot;,&quot;caption&quot;:&quot;&quot;,&quot;created_timestamp&quot;:&quot;1739002478&quot;,&quot;copyright&quot;:&quot;&quot;,&quot;focal_length&quot;:&quot;38&quot;,&quot;iso&quot;:&quot;200&quot;,&quot;shutter_speed&quot;:&quot;0.005&quot;,&quot;title&quot;:&quot;&quot;,&quot;orientation&quot;:&quot;1&quot;}\" data-image-title=\"trabucs\" data-image-description=\"\" data-image-caption=\"\" data-large-file=\"https:\/\/i0.wp.com\/olivamorosicristians.es\/wp-content\/uploads\/2025\/02\/trabucs-e1739303023333.jpg?fit=1024%2C683&amp;ssl=1\" \/>        <\/a>\r\n                <\/div>\r\n                    <div class=\"w-item col-4\">\r\n                                <a href=\"https:\/\/i0.wp.com\/olivamorosicristians.es\/wp-content\/uploads\/2025\/02\/puxero1.jpg?fit=1200%2C800&#038;ssl=1\" data-rel=\"lightcase:gallery-21\">\r\n        <img loading=\"lazy\" decoding=\"async\" width=\"1200\" height=\"800\" src=\"https:\/\/i0.wp.com\/olivamorosicristians.es\/wp-content\/uploads\/2025\/02\/puxero1.jpg?fit=1200%2C800&amp;ssl=1\" class=\"cover-image\" alt=\"\" srcset=\"https:\/\/i0.wp.com\/olivamorosicristians.es\/wp-content\/uploads\/2025\/02\/puxero1.jpg?w=1200&amp;ssl=1 1200w, https:\/\/i0.wp.com\/olivamorosicristians.es\/wp-content\/uploads\/2025\/02\/puxero1.jpg?resize=300%2C200&amp;ssl=1 300w, https:\/\/i0.wp.com\/olivamorosicristians.es\/wp-content\/uploads\/2025\/02\/puxero1.jpg?resize=1024%2C683&amp;ssl=1 1024w, https:\/\/i0.wp.com\/olivamorosicristians.es\/wp-content\/uploads\/2025\/02\/puxero1.jpg?resize=768%2C512&amp;ssl=1 768w, https:\/\/i0.wp.com\/olivamorosicristians.es\/wp-content\/uploads\/2025\/02\/puxero1.jpg?resize=18%2C12&amp;ssl=1 18w, https:\/\/i0.wp.com\/olivamorosicristians.es\/wp-content\/uploads\/2025\/02\/puxero1.jpg?resize=640%2C427&amp;ssl=1 640w\" sizes=\"auto, (max-width: 1170px) 100vw, 1170px\" data-attachment-id=\"11569\" data-permalink=\"https:\/\/olivamorosicristians.es\/es\/cronica-del-mig-any-fester-2025\/puxero1\/\" data-orig-file=\"https:\/\/i0.wp.com\/olivamorosicristians.es\/wp-content\/uploads\/2025\/02\/puxero1.jpg?fit=1200%2C800&amp;ssl=1\" data-orig-size=\"1200,800\" data-comments-opened=\"0\" data-image-meta=\"{&quot;aperture&quot;:&quot;13&quot;,&quot;credit&quot;:&quot;ANTONI RIBERA OLTRA&quot;,&quot;camera&quot;:&quot;Canon EOS 5D Mark IV&quot;,&quot;caption&quot;:&quot;&quot;,&quot;created_timestamp&quot;:&quot;1739016979&quot;,&quot;copyright&quot;:&quot;ANTONI RIBERA OLTRA antoniribera@live.com +34645997713&quot;,&quot;focal_length&quot;:&quot;70&quot;,&quot;iso&quot;:&quot;250&quot;,&quot;shutter_speed&quot;:&quot;0.005&quot;,&quot;title&quot;:&quot;&quot;,&quot;orientation&quot;:&quot;1&quot;}\" data-image-title=\"puxero1\" data-image-description=\"\" data-image-caption=\"\" data-large-file=\"https:\/\/i0.wp.com\/olivamorosicristians.es\/wp-content\/uploads\/2025\/02\/puxero1.jpg?fit=1024%2C683&amp;ssl=1\" \/>        <\/a>\r\n                <\/div>\r\n                    <div class=\"w-item col-4\">\r\n                                <a href=\"https:\/\/i0.wp.com\/olivamorosicristians.es\/wp-content\/uploads\/2025\/02\/pelut.jpg?fit=1200%2C800&#038;ssl=1\" data-rel=\"lightcase:gallery-21\">\r\n        <img loading=\"lazy\" decoding=\"async\" width=\"1200\" height=\"800\" src=\"https:\/\/i0.wp.com\/olivamorosicristians.es\/wp-content\/uploads\/2025\/02\/pelut.jpg?fit=1200%2C800&amp;ssl=1\" class=\"cover-image\" alt=\"\" srcset=\"https:\/\/i0.wp.com\/olivamorosicristians.es\/wp-content\/uploads\/2025\/02\/pelut.jpg?w=1200&amp;ssl=1 1200w, https:\/\/i0.wp.com\/olivamorosicristians.es\/wp-content\/uploads\/2025\/02\/pelut.jpg?resize=300%2C200&amp;ssl=1 300w, https:\/\/i0.wp.com\/olivamorosicristians.es\/wp-content\/uploads\/2025\/02\/pelut.jpg?resize=1024%2C683&amp;ssl=1 1024w, https:\/\/i0.wp.com\/olivamorosicristians.es\/wp-content\/uploads\/2025\/02\/pelut.jpg?resize=768%2C512&amp;ssl=1 768w, https:\/\/i0.wp.com\/olivamorosicristians.es\/wp-content\/uploads\/2025\/02\/pelut.jpg?resize=18%2C12&amp;ssl=1 18w, https:\/\/i0.wp.com\/olivamorosicristians.es\/wp-content\/uploads\/2025\/02\/pelut.jpg?resize=640%2C427&amp;ssl=1 640w\" sizes=\"auto, (max-width: 1170px) 100vw, 1170px\" data-attachment-id=\"11571\" data-permalink=\"https:\/\/olivamorosicristians.es\/es\/cronica-del-mig-any-fester-2025\/pelut\/\" data-orig-file=\"https:\/\/i0.wp.com\/olivamorosicristians.es\/wp-content\/uploads\/2025\/02\/pelut.jpg?fit=1200%2C800&amp;ssl=1\" data-orig-size=\"1200,800\" data-comments-opened=\"0\" data-image-meta=\"{&quot;aperture&quot;:&quot;4&quot;,&quot;credit&quot;:&quot;ANTONI RIBERA OLTRA&quot;,&quot;camera&quot;:&quot;Canon EOS 5D Mark IV&quot;,&quot;caption&quot;:&quot;&quot;,&quot;created_timestamp&quot;:&quot;1739005965&quot;,&quot;copyright&quot;:&quot;&quot;,&quot;focal_length&quot;:&quot;37&quot;,&quot;iso&quot;:&quot;1000&quot;,&quot;shutter_speed&quot;:&quot;0.00625&quot;,&quot;title&quot;:&quot;&quot;,&quot;orientation&quot;:&quot;1&quot;}\" data-image-title=\"pelut\" data-image-description=\"\" data-image-caption=\"\" data-large-file=\"https:\/\/i0.wp.com\/olivamorosicristians.es\/wp-content\/uploads\/2025\/02\/pelut.jpg?fit=1024%2C683&amp;ssl=1\" \/>        <\/a>\r\n                <\/div>\r\n                    <div class=\"w-item col-4\">\r\n                                <a href=\"https:\/\/i0.wp.com\/olivamorosicristians.es\/wp-content\/uploads\/2025\/02\/musica.jpg?fit=1200%2C800&#038;ssl=1\" data-rel=\"lightcase:gallery-21\">\r\n        <img loading=\"lazy\" decoding=\"async\" width=\"1200\" height=\"800\" src=\"https:\/\/i0.wp.com\/olivamorosicristians.es\/wp-content\/uploads\/2025\/02\/musica.jpg?fit=1200%2C800&amp;ssl=1\" class=\"cover-image\" alt=\"\" srcset=\"https:\/\/i0.wp.com\/olivamorosicristians.es\/wp-content\/uploads\/2025\/02\/musica.jpg?w=1200&amp;ssl=1 1200w, https:\/\/i0.wp.com\/olivamorosicristians.es\/wp-content\/uploads\/2025\/02\/musica.jpg?resize=300%2C200&amp;ssl=1 300w, https:\/\/i0.wp.com\/olivamorosicristians.es\/wp-content\/uploads\/2025\/02\/musica.jpg?resize=1024%2C683&amp;ssl=1 1024w, https:\/\/i0.wp.com\/olivamorosicristians.es\/wp-content\/uploads\/2025\/02\/musica.jpg?resize=768%2C512&amp;ssl=1 768w, https:\/\/i0.wp.com\/olivamorosicristians.es\/wp-content\/uploads\/2025\/02\/musica.jpg?resize=18%2C12&amp;ssl=1 18w, https:\/\/i0.wp.com\/olivamorosicristians.es\/wp-content\/uploads\/2025\/02\/musica.jpg?resize=640%2C427&amp;ssl=1 640w\" sizes=\"auto, (max-width: 1170px) 100vw, 1170px\" data-attachment-id=\"11573\" data-permalink=\"https:\/\/olivamorosicristians.es\/es\/cronica-del-mig-any-fester-2025\/musica\/\" data-orig-file=\"https:\/\/i0.wp.com\/olivamorosicristians.es\/wp-content\/uploads\/2025\/02\/musica.jpg?fit=1200%2C800&amp;ssl=1\" data-orig-size=\"1200,800\" data-comments-opened=\"0\" data-image-meta=\"{&quot;aperture&quot;:&quot;6.3&quot;,&quot;credit&quot;:&quot;ANTONI RIBERA OLTRA&quot;,&quot;camera&quot;:&quot;Canon EOS 5D Mark IV&quot;,&quot;caption&quot;:&quot;&quot;,&quot;created_timestamp&quot;:&quot;1739018500&quot;,&quot;copyright&quot;:&quot;ANTONI RIBERA OLTRA antoniribera@live.com +34645997713&quot;,&quot;focal_length&quot;:&quot;40&quot;,&quot;iso&quot;:&quot;200&quot;,&quot;shutter_speed&quot;:&quot;0.005&quot;,&quot;title&quot;:&quot;&quot;,&quot;orientation&quot;:&quot;1&quot;}\" data-image-title=\"musica\" data-image-description=\"\" data-image-caption=\"\" data-large-file=\"https:\/\/i0.wp.com\/olivamorosicristians.es\/wp-content\/uploads\/2025\/02\/musica.jpg?fit=1024%2C683&amp;ssl=1\" \/>        <\/a>\r\n                <\/div>\r\n                    <div class=\"w-item col-4\">\r\n                                <a href=\"https:\/\/i0.wp.com\/olivamorosicristians.es\/wp-content\/uploads\/2025\/02\/ambient1.jpg?fit=1200%2C800&#038;ssl=1\" data-rel=\"lightcase:gallery-21\">\r\n        <img loading=\"lazy\" decoding=\"async\" width=\"1200\" height=\"800\" src=\"https:\/\/i0.wp.com\/olivamorosicristians.es\/wp-content\/uploads\/2025\/02\/ambient1.jpg?fit=1200%2C800&amp;ssl=1\" class=\"cover-image\" alt=\"\" srcset=\"https:\/\/i0.wp.com\/olivamorosicristians.es\/wp-content\/uploads\/2025\/02\/ambient1.jpg?w=1200&amp;ssl=1 1200w, https:\/\/i0.wp.com\/olivamorosicristians.es\/wp-content\/uploads\/2025\/02\/ambient1.jpg?resize=300%2C200&amp;ssl=1 300w, https:\/\/i0.wp.com\/olivamorosicristians.es\/wp-content\/uploads\/2025\/02\/ambient1.jpg?resize=1024%2C683&amp;ssl=1 1024w, https:\/\/i0.wp.com\/olivamorosicristians.es\/wp-content\/uploads\/2025\/02\/ambient1.jpg?resize=768%2C512&amp;ssl=1 768w, https:\/\/i0.wp.com\/olivamorosicristians.es\/wp-content\/uploads\/2025\/02\/ambient1.jpg?resize=18%2C12&amp;ssl=1 18w, https:\/\/i0.wp.com\/olivamorosicristians.es\/wp-content\/uploads\/2025\/02\/ambient1.jpg?resize=640%2C427&amp;ssl=1 640w\" sizes=\"auto, (max-width: 1170px) 100vw, 1170px\" data-attachment-id=\"11577\" data-permalink=\"https:\/\/olivamorosicristians.es\/es\/cronica-del-mig-any-fester-2025\/ambient1\/\" data-orig-file=\"https:\/\/i0.wp.com\/olivamorosicristians.es\/wp-content\/uploads\/2025\/02\/ambient1.jpg?fit=1200%2C800&amp;ssl=1\" data-orig-size=\"1200,800\" data-comments-opened=\"0\" data-image-meta=\"{&quot;aperture&quot;:&quot;5.6&quot;,&quot;credit&quot;:&quot;ANTONI RIBERA OLTRA&quot;,&quot;camera&quot;:&quot;Canon EOS 5D Mark IV&quot;,&quot;caption&quot;:&quot;&quot;,&quot;created_timestamp&quot;:&quot;1739024535&quot;,&quot;copyright&quot;:&quot;ANTONI RIBERA OLTRA antoniribera@live.com +34645997713&quot;,&quot;focal_length&quot;:&quot;37&quot;,&quot;iso&quot;:&quot;100&quot;,&quot;shutter_speed&quot;:&quot;0.005&quot;,&quot;title&quot;:&quot;&quot;,&quot;orientation&quot;:&quot;1&quot;}\" data-image-title=\"ambient1\" data-image-description=\"\" data-image-caption=\"\" data-large-file=\"https:\/\/i0.wp.com\/olivamorosicristians.es\/wp-content\/uploads\/2025\/02\/ambient1.jpg?fit=1024%2C683&amp;ssl=1\" \/>        <\/a>\r\n                <\/div>\r\n                    <div class=\"w-item col-4\">\r\n                                <a href=\"https:\/\/i0.wp.com\/olivamorosicristians.es\/wp-content\/uploads\/2025\/02\/pelut1.jpg?fit=1200%2C800&#038;ssl=1\" data-rel=\"lightcase:gallery-21\">\r\n        <img loading=\"lazy\" decoding=\"async\" width=\"1200\" height=\"800\" src=\"https:\/\/i0.wp.com\/olivamorosicristians.es\/wp-content\/uploads\/2025\/02\/pelut1.jpg?fit=1200%2C800&amp;ssl=1\" class=\"cover-image\" alt=\"\" srcset=\"https:\/\/i0.wp.com\/olivamorosicristians.es\/wp-content\/uploads\/2025\/02\/pelut1.jpg?w=1200&amp;ssl=1 1200w, https:\/\/i0.wp.com\/olivamorosicristians.es\/wp-content\/uploads\/2025\/02\/pelut1.jpg?resize=300%2C200&amp;ssl=1 300w, https:\/\/i0.wp.com\/olivamorosicristians.es\/wp-content\/uploads\/2025\/02\/pelut1.jpg?resize=1024%2C683&amp;ssl=1 1024w, https:\/\/i0.wp.com\/olivamorosicristians.es\/wp-content\/uploads\/2025\/02\/pelut1.jpg?resize=768%2C512&amp;ssl=1 768w, https:\/\/i0.wp.com\/olivamorosicristians.es\/wp-content\/uploads\/2025\/02\/pelut1.jpg?resize=18%2C12&amp;ssl=1 18w, https:\/\/i0.wp.com\/olivamorosicristians.es\/wp-content\/uploads\/2025\/02\/pelut1.jpg?resize=640%2C427&amp;ssl=1 640w\" sizes=\"auto, (max-width: 1170px) 100vw, 1170px\" data-attachment-id=\"11570\" data-permalink=\"https:\/\/olivamorosicristians.es\/es\/cronica-del-mig-any-fester-2025\/pelut1\/\" data-orig-file=\"https:\/\/i0.wp.com\/olivamorosicristians.es\/wp-content\/uploads\/2025\/02\/pelut1.jpg?fit=1200%2C800&amp;ssl=1\" data-orig-size=\"1200,800\" data-comments-opened=\"0\" data-image-meta=\"{&quot;aperture&quot;:&quot;4&quot;,&quot;credit&quot;:&quot;ANTONI RIBERA OLTRA&quot;,&quot;camera&quot;:&quot;Canon EOS 5D Mark IV&quot;,&quot;caption&quot;:&quot;&quot;,&quot;created_timestamp&quot;:&quot;1739005896&quot;,&quot;copyright&quot;:&quot;&quot;,&quot;focal_length&quot;:&quot;37&quot;,&quot;iso&quot;:&quot;1000&quot;,&quot;shutter_speed&quot;:&quot;0.00625&quot;,&quot;title&quot;:&quot;&quot;,&quot;orientation&quot;:&quot;1&quot;}\" data-image-title=\"pelut1\" data-image-description=\"\" data-image-caption=\"\" data-large-file=\"https:\/\/i0.wp.com\/olivamorosicristians.es\/wp-content\/uploads\/2025\/02\/pelut1.jpg?fit=1024%2C683&amp;ssl=1\" \/>        <\/a>\r\n                <\/div>\r\n                    <div class=\"w-item col-4\">\r\n                                <a href=\"https:\/\/i0.wp.com\/olivamorosicristians.es\/wp-content\/uploads\/2025\/02\/ambient2.jpg?fit=1200%2C800&#038;ssl=1\" data-rel=\"lightcase:gallery-21\">\r\n        <img loading=\"lazy\" decoding=\"async\" width=\"1200\" height=\"800\" src=\"https:\/\/i0.wp.com\/olivamorosicristians.es\/wp-content\/uploads\/2025\/02\/ambient2.jpg?fit=1200%2C800&amp;ssl=1\" class=\"cover-image\" alt=\"\" srcset=\"https:\/\/i0.wp.com\/olivamorosicristians.es\/wp-content\/uploads\/2025\/02\/ambient2.jpg?w=1200&amp;ssl=1 1200w, https:\/\/i0.wp.com\/olivamorosicristians.es\/wp-content\/uploads\/2025\/02\/ambient2.jpg?resize=300%2C200&amp;ssl=1 300w, https:\/\/i0.wp.com\/olivamorosicristians.es\/wp-content\/uploads\/2025\/02\/ambient2.jpg?resize=1024%2C683&amp;ssl=1 1024w, https:\/\/i0.wp.com\/olivamorosicristians.es\/wp-content\/uploads\/2025\/02\/ambient2.jpg?resize=768%2C512&amp;ssl=1 768w, https:\/\/i0.wp.com\/olivamorosicristians.es\/wp-content\/uploads\/2025\/02\/ambient2.jpg?resize=18%2C12&amp;ssl=1 18w, https:\/\/i0.wp.com\/olivamorosicristians.es\/wp-content\/uploads\/2025\/02\/ambient2.jpg?resize=640%2C427&amp;ssl=1 640w\" sizes=\"auto, (max-width: 1170px) 100vw, 1170px\" data-attachment-id=\"11576\" data-permalink=\"https:\/\/olivamorosicristians.es\/es\/cronica-del-mig-any-fester-2025\/ambient2\/\" data-orig-file=\"https:\/\/i0.wp.com\/olivamorosicristians.es\/wp-content\/uploads\/2025\/02\/ambient2.jpg?fit=1200%2C800&amp;ssl=1\" data-orig-size=\"1200,800\" data-comments-opened=\"0\" data-image-meta=\"{&quot;aperture&quot;:&quot;5.6&quot;,&quot;credit&quot;:&quot;ANTONI RIBERA OLTRA&quot;,&quot;camera&quot;:&quot;Canon EOS 5D Mark IV&quot;,&quot;caption&quot;:&quot;&quot;,&quot;created_timestamp&quot;:&quot;1739023800&quot;,&quot;copyright&quot;:&quot;ANTONI RIBERA OLTRA antoniribera@live.com +34645997713&quot;,&quot;focal_length&quot;:&quot;32&quot;,&quot;iso&quot;:&quot;100&quot;,&quot;shutter_speed&quot;:&quot;0.005&quot;,&quot;title&quot;:&quot;&quot;,&quot;orientation&quot;:&quot;1&quot;}\" data-image-title=\"ambient2\" data-image-description=\"\" data-image-caption=\"\" data-large-file=\"https:\/\/i0.wp.com\/olivamorosicristians.es\/wp-content\/uploads\/2025\/02\/ambient2.jpg?fit=1024%2C683&amp;ssl=1\" \/>        <\/a>\r\n                <\/div>\r\n                    <div class=\"w-item col-4\">\r\n                                <a href=\"https:\/\/i0.wp.com\/olivamorosicristians.es\/wp-content\/uploads\/2025\/02\/ambient3.jpg?fit=1200%2C800&#038;ssl=1\" data-rel=\"lightcase:gallery-21\">\r\n        <img loading=\"lazy\" decoding=\"async\" width=\"1200\" height=\"800\" src=\"https:\/\/i0.wp.com\/olivamorosicristians.es\/wp-content\/uploads\/2025\/02\/ambient3.jpg?fit=1200%2C800&amp;ssl=1\" class=\"cover-image\" alt=\"\" srcset=\"https:\/\/i0.wp.com\/olivamorosicristians.es\/wp-content\/uploads\/2025\/02\/ambient3.jpg?w=1200&amp;ssl=1 1200w, https:\/\/i0.wp.com\/olivamorosicristians.es\/wp-content\/uploads\/2025\/02\/ambient3.jpg?resize=300%2C200&amp;ssl=1 300w, https:\/\/i0.wp.com\/olivamorosicristians.es\/wp-content\/uploads\/2025\/02\/ambient3.jpg?resize=1024%2C683&amp;ssl=1 1024w, https:\/\/i0.wp.com\/olivamorosicristians.es\/wp-content\/uploads\/2025\/02\/ambient3.jpg?resize=768%2C512&amp;ssl=1 768w, https:\/\/i0.wp.com\/olivamorosicristians.es\/wp-content\/uploads\/2025\/02\/ambient3.jpg?resize=18%2C12&amp;ssl=1 18w, https:\/\/i0.wp.com\/olivamorosicristians.es\/wp-content\/uploads\/2025\/02\/ambient3.jpg?resize=640%2C427&amp;ssl=1 640w\" sizes=\"auto, (max-width: 1170px) 100vw, 1170px\" data-attachment-id=\"11575\" data-permalink=\"https:\/\/olivamorosicristians.es\/es\/cronica-del-mig-any-fester-2025\/ambient3\/\" data-orig-file=\"https:\/\/i0.wp.com\/olivamorosicristians.es\/wp-content\/uploads\/2025\/02\/ambient3.jpg?fit=1200%2C800&amp;ssl=1\" data-orig-size=\"1200,800\" data-comments-opened=\"0\" data-image-meta=\"{&quot;aperture&quot;:&quot;6.3&quot;,&quot;credit&quot;:&quot;ANTONI RIBERA OLTRA&quot;,&quot;camera&quot;:&quot;Canon EOS 5D Mark IV&quot;,&quot;caption&quot;:&quot;&quot;,&quot;created_timestamp&quot;:&quot;1739017958&quot;,&quot;copyright&quot;:&quot;ANTONI RIBERA OLTRA antoniribera@live.com +34645997713&quot;,&quot;focal_length&quot;:&quot;111&quot;,&quot;iso&quot;:&quot;200&quot;,&quot;shutter_speed&quot;:&quot;0.005&quot;,&quot;title&quot;:&quot;&quot;,&quot;orientation&quot;:&quot;1&quot;}\" data-image-title=\"ambient3\" data-image-description=\"\" data-image-caption=\"\" data-large-file=\"https:\/\/i0.wp.com\/olivamorosicristians.es\/wp-content\/uploads\/2025\/02\/ambient3.jpg?fit=1024%2C683&amp;ssl=1\" \/>        <\/a>\r\n                <\/div>\r\n                    <div class=\"w-item col-4\">\r\n                                <a href=\"https:\/\/i0.wp.com\/olivamorosicristians.es\/wp-content\/uploads\/2025\/02\/tast.jpg?fit=1200%2C800&#038;ssl=1\" data-rel=\"lightcase:gallery-21\">\r\n        <img loading=\"lazy\" decoding=\"async\" width=\"1200\" height=\"800\" src=\"https:\/\/i0.wp.com\/olivamorosicristians.es\/wp-content\/uploads\/2025\/02\/tast.jpg?fit=1200%2C800&amp;ssl=1\" class=\"cover-image\" alt=\"\" srcset=\"https:\/\/i0.wp.com\/olivamorosicristians.es\/wp-content\/uploads\/2025\/02\/tast.jpg?w=1200&amp;ssl=1 1200w, https:\/\/i0.wp.com\/olivamorosicristians.es\/wp-content\/uploads\/2025\/02\/tast.jpg?resize=300%2C200&amp;ssl=1 300w, https:\/\/i0.wp.com\/olivamorosicristians.es\/wp-content\/uploads\/2025\/02\/tast.jpg?resize=1024%2C683&amp;ssl=1 1024w, https:\/\/i0.wp.com\/olivamorosicristians.es\/wp-content\/uploads\/2025\/02\/tast.jpg?resize=768%2C512&amp;ssl=1 768w, https:\/\/i0.wp.com\/olivamorosicristians.es\/wp-content\/uploads\/2025\/02\/tast.jpg?resize=18%2C12&amp;ssl=1 18w, https:\/\/i0.wp.com\/olivamorosicristians.es\/wp-content\/uploads\/2025\/02\/tast.jpg?resize=640%2C427&amp;ssl=1 640w\" sizes=\"auto, (max-width: 1170px) 100vw, 1170px\" data-attachment-id=\"11567\" data-permalink=\"https:\/\/olivamorosicristians.es\/es\/cronica-del-mig-any-fester-2025\/tast\/\" data-orig-file=\"https:\/\/i0.wp.com\/olivamorosicristians.es\/wp-content\/uploads\/2025\/02\/tast.jpg?fit=1200%2C800&amp;ssl=1\" data-orig-size=\"1200,800\" data-comments-opened=\"0\" data-image-meta=\"{&quot;aperture&quot;:&quot;4&quot;,&quot;credit&quot;:&quot;ANTONI RIBERA OLTRA&quot;,&quot;camera&quot;:&quot;Canon EOS 5D Mark IV&quot;,&quot;caption&quot;:&quot;&quot;,&quot;created_timestamp&quot;:&quot;1739020442&quot;,&quot;copyright&quot;:&quot;ANTONI RIBERA OLTRA antoniribera@live.com +34645997713&quot;,&quot;focal_length&quot;:&quot;38&quot;,&quot;iso&quot;:&quot;800&quot;,&quot;shutter_speed&quot;:&quot;0.01&quot;,&quot;title&quot;:&quot;&quot;,&quot;orientation&quot;:&quot;1&quot;}\" data-image-title=\"tast\" data-image-description=\"\" data-image-caption=\"\" data-large-file=\"https:\/\/i0.wp.com\/olivamorosicristians.es\/wp-content\/uploads\/2025\/02\/tast.jpg?fit=1024%2C683&amp;ssl=1\" \/>        <\/a>\r\n                <\/div>\r\n                    <div class=\"w-item col-4\">\r\n                                <a href=\"https:\/\/i0.wp.com\/olivamorosicristians.es\/wp-content\/uploads\/2025\/02\/puxeros.jpg?fit=1200%2C800&#038;ssl=1\" data-rel=\"lightcase:gallery-21\">\r\n        <img loading=\"lazy\" decoding=\"async\" width=\"1200\" height=\"800\" src=\"https:\/\/i0.wp.com\/olivamorosicristians.es\/wp-content\/uploads\/2025\/02\/puxeros.jpg?fit=1200%2C800&amp;ssl=1\" class=\"cover-image\" alt=\"\" srcset=\"https:\/\/i0.wp.com\/olivamorosicristians.es\/wp-content\/uploads\/2025\/02\/puxeros.jpg?w=1200&amp;ssl=1 1200w, https:\/\/i0.wp.com\/olivamorosicristians.es\/wp-content\/uploads\/2025\/02\/puxeros.jpg?resize=300%2C200&amp;ssl=1 300w, https:\/\/i0.wp.com\/olivamorosicristians.es\/wp-content\/uploads\/2025\/02\/puxeros.jpg?resize=1024%2C683&amp;ssl=1 1024w, https:\/\/i0.wp.com\/olivamorosicristians.es\/wp-content\/uploads\/2025\/02\/puxeros.jpg?resize=768%2C512&amp;ssl=1 768w, https:\/\/i0.wp.com\/olivamorosicristians.es\/wp-content\/uploads\/2025\/02\/puxeros.jpg?resize=18%2C12&amp;ssl=1 18w, https:\/\/i0.wp.com\/olivamorosicristians.es\/wp-content\/uploads\/2025\/02\/puxeros.jpg?resize=640%2C427&amp;ssl=1 640w\" sizes=\"auto, (max-width: 1170px) 100vw, 1170px\" data-attachment-id=\"11568\" data-permalink=\"https:\/\/olivamorosicristians.es\/es\/cronica-del-mig-any-fester-2025\/puxeros\/\" data-orig-file=\"https:\/\/i0.wp.com\/olivamorosicristians.es\/wp-content\/uploads\/2025\/02\/puxeros.jpg?fit=1200%2C800&amp;ssl=1\" data-orig-size=\"1200,800\" data-comments-opened=\"0\" data-image-meta=\"{&quot;aperture&quot;:&quot;4&quot;,&quot;credit&quot;:&quot;ANTONI RIBERA OLTRA&quot;,&quot;camera&quot;:&quot;Canon EOS 5D Mark IV&quot;,&quot;caption&quot;:&quot;&quot;,&quot;created_timestamp&quot;:&quot;1739020049&quot;,&quot;copyright&quot;:&quot;ANTONI RIBERA OLTRA antoniribera@live.com +34645997713&quot;,&quot;focal_length&quot;:&quot;33&quot;,&quot;iso&quot;:&quot;200&quot;,&quot;shutter_speed&quot;:&quot;0.005&quot;,&quot;title&quot;:&quot;&quot;,&quot;orientation&quot;:&quot;1&quot;}\" data-image-title=\"puxeros\" data-image-description=\"\" data-image-caption=\"\" data-large-file=\"https:\/\/i0.wp.com\/olivamorosicristians.es\/wp-content\/uploads\/2025\/02\/puxeros.jpg?fit=1024%2C683&amp;ssl=1\" \/>        <\/a>\r\n                <\/div>\r\n                    <div class=\"w-item col-4\">\r\n                                <a href=\"https:\/\/i0.wp.com\/olivamorosicristians.es\/wp-content\/uploads\/2025\/02\/jurat.jpg?fit=1200%2C800&#038;ssl=1\" data-rel=\"lightcase:gallery-21\">\r\n        <img loading=\"lazy\" decoding=\"async\" width=\"1200\" height=\"800\" src=\"https:\/\/i0.wp.com\/olivamorosicristians.es\/wp-content\/uploads\/2025\/02\/jurat.jpg?fit=1200%2C800&amp;ssl=1\" class=\"cover-image\" alt=\"\" srcset=\"https:\/\/i0.wp.com\/olivamorosicristians.es\/wp-content\/uploads\/2025\/02\/jurat.jpg?w=1200&amp;ssl=1 1200w, https:\/\/i0.wp.com\/olivamorosicristians.es\/wp-content\/uploads\/2025\/02\/jurat.jpg?resize=300%2C200&amp;ssl=1 300w, https:\/\/i0.wp.com\/olivamorosicristians.es\/wp-content\/uploads\/2025\/02\/jurat.jpg?resize=1024%2C683&amp;ssl=1 1024w, https:\/\/i0.wp.com\/olivamorosicristians.es\/wp-content\/uploads\/2025\/02\/jurat.jpg?resize=768%2C512&amp;ssl=1 768w, https:\/\/i0.wp.com\/olivamorosicristians.es\/wp-content\/uploads\/2025\/02\/jurat.jpg?resize=18%2C12&amp;ssl=1 18w, https:\/\/i0.wp.com\/olivamorosicristians.es\/wp-content\/uploads\/2025\/02\/jurat.jpg?resize=640%2C427&amp;ssl=1 640w\" sizes=\"auto, (max-width: 1170px) 100vw, 1170px\" data-attachment-id=\"11574\" data-permalink=\"https:\/\/olivamorosicristians.es\/es\/cronica-del-mig-any-fester-2025\/jurat\/\" data-orig-file=\"https:\/\/i0.wp.com\/olivamorosicristians.es\/wp-content\/uploads\/2025\/02\/jurat.jpg?fit=1200%2C800&amp;ssl=1\" data-orig-size=\"1200,800\" data-comments-opened=\"0\" data-image-meta=\"{&quot;aperture&quot;:&quot;4&quot;,&quot;credit&quot;:&quot;ANTONI RIBERA OLTRA&quot;,&quot;camera&quot;:&quot;Canon EOS 5D Mark IV&quot;,&quot;caption&quot;:&quot;&quot;,&quot;created_timestamp&quot;:&quot;1739020371&quot;,&quot;copyright&quot;:&quot;ANTONI RIBERA OLTRA antoniribera@live.com +34645997713&quot;,&quot;focal_length&quot;:&quot;40&quot;,&quot;iso&quot;:&quot;800&quot;,&quot;shutter_speed&quot;:&quot;0.01&quot;,&quot;title&quot;:&quot;&quot;,&quot;orientation&quot;:&quot;1&quot;}\" data-image-title=\"jurat\" data-image-description=\"\" data-image-caption=\"\" data-large-file=\"https:\/\/i0.wp.com\/olivamorosicristians.es\/wp-content\/uploads\/2025\/02\/jurat.jpg?fit=1024%2C683&amp;ssl=1\" \/>        <\/a>\r\n                <\/div>\r\n                    <div class=\"w-item col-4\">\r\n                                <a href=\"https:\/\/i0.wp.com\/olivamorosicristians.es\/wp-content\/uploads\/2025\/02\/Premi-presentacio-Masers.jpg?fit=1200%2C800&#038;ssl=1\" data-rel=\"lightcase:gallery-21\">\r\n        <img loading=\"lazy\" decoding=\"async\" width=\"1200\" height=\"800\" src=\"https:\/\/i0.wp.com\/olivamorosicristians.es\/wp-content\/uploads\/2025\/02\/Premi-presentacio-Masers.jpg?fit=1200%2C800&amp;ssl=1\" class=\"cover-image\" alt=\"\" srcset=\"https:\/\/i0.wp.com\/olivamorosicristians.es\/wp-content\/uploads\/2025\/02\/Premi-presentacio-Masers.jpg?w=1200&amp;ssl=1 1200w, https:\/\/i0.wp.com\/olivamorosicristians.es\/wp-content\/uploads\/2025\/02\/Premi-presentacio-Masers.jpg?resize=300%2C200&amp;ssl=1 300w, https:\/\/i0.wp.com\/olivamorosicristians.es\/wp-content\/uploads\/2025\/02\/Premi-presentacio-Masers.jpg?resize=1024%2C683&amp;ssl=1 1024w, https:\/\/i0.wp.com\/olivamorosicristians.es\/wp-content\/uploads\/2025\/02\/Premi-presentacio-Masers.jpg?resize=768%2C512&amp;ssl=1 768w, https:\/\/i0.wp.com\/olivamorosicristians.es\/wp-content\/uploads\/2025\/02\/Premi-presentacio-Masers.jpg?resize=18%2C12&amp;ssl=1 18w, https:\/\/i0.wp.com\/olivamorosicristians.es\/wp-content\/uploads\/2025\/02\/Premi-presentacio-Masers.jpg?resize=640%2C427&amp;ssl=1 640w\" sizes=\"auto, (max-width: 1170px) 100vw, 1170px\" data-attachment-id=\"11578\" data-permalink=\"https:\/\/olivamorosicristians.es\/es\/cronica-del-mig-any-fester-2025\/premi-presentacio-masers\/\" data-orig-file=\"https:\/\/i0.wp.com\/olivamorosicristians.es\/wp-content\/uploads\/2025\/02\/Premi-presentacio-Masers.jpg?fit=1200%2C800&amp;ssl=1\" data-orig-size=\"1200,800\" data-comments-opened=\"0\" data-image-meta=\"{&quot;aperture&quot;:&quot;5.6&quot;,&quot;credit&quot;:&quot;ANTONI RIBERA OLTRA&quot;,&quot;camera&quot;:&quot;Canon EOS 5D Mark IV&quot;,&quot;caption&quot;:&quot;&quot;,&quot;created_timestamp&quot;:&quot;1739025625&quot;,&quot;copyright&quot;:&quot;ANTONI RIBERA OLTRA antoniribera@live.com +34645997713&quot;,&quot;focal_length&quot;:&quot;35&quot;,&quot;iso&quot;:&quot;100&quot;,&quot;shutter_speed&quot;:&quot;0.005&quot;,&quot;title&quot;:&quot;&quot;,&quot;orientation&quot;:&quot;1&quot;}\" data-image-title=\"Premi presentacio Masers\" data-image-description=\"\" data-image-caption=\"\" data-large-file=\"https:\/\/i0.wp.com\/olivamorosicristians.es\/wp-content\/uploads\/2025\/02\/Premi-presentacio-Masers.jpg?fit=1024%2C683&amp;ssl=1\" \/>        <\/a>\r\n                <\/div>\r\n                    <div class=\"w-item col-4\">\r\n                                <a href=\"https:\/\/i0.wp.com\/olivamorosicristians.es\/wp-content\/uploads\/2025\/02\/Premi-Millor-Puxero-Almoravits.jpg?fit=1200%2C800&#038;ssl=1\" data-rel=\"lightcase:gallery-21\">\r\n        <img loading=\"lazy\" decoding=\"async\" width=\"1200\" height=\"800\" src=\"https:\/\/i0.wp.com\/olivamorosicristians.es\/wp-content\/uploads\/2025\/02\/Premi-Millor-Puxero-Almoravits.jpg?fit=1200%2C800&amp;ssl=1\" class=\"cover-image\" alt=\"\" srcset=\"https:\/\/i0.wp.com\/olivamorosicristians.es\/wp-content\/uploads\/2025\/02\/Premi-Millor-Puxero-Almoravits.jpg?w=1200&amp;ssl=1 1200w, https:\/\/i0.wp.com\/olivamorosicristians.es\/wp-content\/uploads\/2025\/02\/Premi-Millor-Puxero-Almoravits.jpg?resize=300%2C200&amp;ssl=1 300w, https:\/\/i0.wp.com\/olivamorosicristians.es\/wp-content\/uploads\/2025\/02\/Premi-Millor-Puxero-Almoravits.jpg?resize=1024%2C683&amp;ssl=1 1024w, https:\/\/i0.wp.com\/olivamorosicristians.es\/wp-content\/uploads\/2025\/02\/Premi-Millor-Puxero-Almoravits.jpg?resize=768%2C512&amp;ssl=1 768w, https:\/\/i0.wp.com\/olivamorosicristians.es\/wp-content\/uploads\/2025\/02\/Premi-Millor-Puxero-Almoravits.jpg?resize=18%2C12&amp;ssl=1 18w, https:\/\/i0.wp.com\/olivamorosicristians.es\/wp-content\/uploads\/2025\/02\/Premi-Millor-Puxero-Almoravits.jpg?resize=640%2C427&amp;ssl=1 640w\" sizes=\"auto, (max-width: 1170px) 100vw, 1170px\" data-attachment-id=\"11579\" data-permalink=\"https:\/\/olivamorosicristians.es\/es\/cronica-del-mig-any-fester-2025\/premi-millor-puxero-almoravits\/\" data-orig-file=\"https:\/\/i0.wp.com\/olivamorosicristians.es\/wp-content\/uploads\/2025\/02\/Premi-Millor-Puxero-Almoravits.jpg?fit=1200%2C800&amp;ssl=1\" data-orig-size=\"1200,800\" data-comments-opened=\"0\" data-image-meta=\"{&quot;aperture&quot;:&quot;5.6&quot;,&quot;credit&quot;:&quot;ANTONI RIBERA OLTRA&quot;,&quot;camera&quot;:&quot;Canon EOS 5D Mark IV&quot;,&quot;caption&quot;:&quot;&quot;,&quot;created_timestamp&quot;:&quot;1739025674&quot;,&quot;copyright&quot;:&quot;ANTONI RIBERA OLTRA antoniribera@live.com +34645997713&quot;,&quot;focal_length&quot;:&quot;35&quot;,&quot;iso&quot;:&quot;100&quot;,&quot;shutter_speed&quot;:&quot;0.005&quot;,&quot;title&quot;:&quot;&quot;,&quot;orientation&quot;:&quot;1&quot;}\" data-image-title=\"Premi Millor Puxero Almoravits\" data-image-description=\"\" data-image-caption=\"\" data-large-file=\"https:\/\/i0.wp.com\/olivamorosicristians.es\/wp-content\/uploads\/2025\/02\/Premi-Millor-Puxero-Almoravits.jpg?fit=1024%2C683&amp;ssl=1\" \/>        <\/a>\r\n                <\/div>\r\n        <\/div>\r\n<\/div><\/div><\/div><\/div><\/section>","protected":false},"excerpt":{"rendered":"Quin gran dia de festa i bon ambient vam viure el dissabte 8 de febrer 2025! Pel mat\u00ed, la tradicional diana d'arcabusseria pels carrers del Raval, amb la tradicional visita al restaurant El Pelut. Despr\u00e9s vam tornar al Passeig Llu\u00eds Vives on cada filada preparava l'esmorzar i donaven el millor de si en l'elaboraci\u00f3 dels [...]","protected":false},"author":1,"featured_media":11589,"comment_status":"closed","ping_status":"open","sticky":false,"template":"","format":"standard","meta":{"jetpack_post_was_ever_published":false,"_jetpack_newsletter_access":"","_jetpack_dont_email_post_to_subs":false,"_jetpack_newsletter_tier_id":0,"_jetpack_memberships_contains_paywalled_content":false,"_jetpack_memberships_contains_paid_content":false,"footnotes":"","jetpack_publicize_message":"","jetpack_publicize_feature_enabled":true,"jetpack_social_post_already_shared":true,"jetpack_social_options":{"image_generator_settings":{"template":"highway","default_image_id":0,"font":"","enabled":false},"version":2}},"categories":[152,143],"tags":[],"class_list":["post-11561","post","type-post","status-publish","format-standard","has-post-thumbnail","hentry","category-actes-oficials","category-concursos"],"yoast_head":"<!-- This site is optimized with the Yoast SEO plugin v27.4 - https:\/\/yoast.com\/product\/yoast-seo-wordpress\/ -->\n<title>Cr\u00f2nica del mig any fester 2025 - Moros i Cristians Oliva<\/title>\n<meta name=\"robots\" content=\"index, follow, max-snippet:-1, max-image-preview:large, max-video-preview:-1\" \/>\n<link rel=\"canonical\" href=\"https:\/\/olivamorosicristians.es\/es\/cronica-del-mig-any-fester-2025\/\" \/>\n<meta property=\"og:locale\" content=\"es_ES\" \/>\n<meta property=\"og:type\" content=\"article\" \/>\n<meta property=\"og:title\" content=\"Cr\u00f2nica del mig any fester 2025 - Moros i Cristians Oliva\" \/>\n<meta property=\"og:url\" content=\"https:\/\/olivamorosicristians.es\/es\/cronica-del-mig-any-fester-2025\/\" \/>\n<meta property=\"og:site_name\" content=\"Moros i Cristians Oliva\" \/>\n<meta property=\"article:publisher\" content=\"https:\/\/www.facebook.com\/federaciodemorosicristiansdoliva\/\" \/>\n<meta property=\"article:author\" content=\"https:\/\/www.facebook.com\/federaciodemorosicristiansdoliva\" \/>\n<meta property=\"article:published_time\" content=\"2025-02-11T19:34:47+00:00\" \/>\n<meta property=\"article:modified_time\" content=\"2025-02-11T20:21:25+00:00\" \/>\n<meta property=\"og:image\" content=\"https:\/\/olivamorosicristians.es\/wp-content\/uploads\/2025\/02\/Putxeros-2025-scaled-e1739305269495.jpg\" \/>\n\t<meta property=\"og:image:width\" content=\"1200\" \/>\n\t<meta property=\"og:image:height\" content=\"800\" \/>\n\t<meta property=\"og:image:type\" content=\"image\/jpeg\" \/>\n<meta name=\"author\" content=\"Webmaster\" \/>\n<meta name=\"twitter:card\" content=\"summary_large_image\" \/>\n<meta name=\"twitter:label1\" content=\"Escrito por\" \/>\n\t<meta name=\"twitter:data1\" content=\"Webmaster\" \/>\n\t<meta name=\"twitter:label2\" content=\"Tiempo de lectura\" \/>\n\t<meta name=\"twitter:data2\" content=\"1 minuto\" \/>\n<script type=\"application\/ld+json\" class=\"yoast-schema-graph\">{\"@context\":\"https:\\\/\\\/schema.org\",\"@graph\":[{\"@type\":\"Article\",\"@id\":\"https:\\\/\\\/olivamorosicristians.es\\\/cronica-del-mig-any-fester-2025\\\/#article\",\"isPartOf\":{\"@id\":\"https:\\\/\\\/olivamorosicristians.es\\\/cronica-del-mig-any-fester-2025\\\/\"},\"author\":{\"name\":\"Webmaster\",\"@id\":\"https:\\\/\\\/olivamorosicristians.es\\\/#\\\/schema\\\/person\\\/21ece052d8816103cad91a2676fd0149\"},\"headline\":\"Cr\u00f2nica del mig any fester 2025\",\"datePublished\":\"2025-02-11T19:34:47+00:00\",\"dateModified\":\"2025-02-11T20:21:25+00:00\",\"mainEntityOfPage\":{\"@id\":\"https:\\\/\\\/olivamorosicristians.es\\\/cronica-del-mig-any-fester-2025\\\/\"},\"wordCount\":175,\"publisher\":{\"@id\":\"https:\\\/\\\/olivamorosicristians.es\\\/#organization\"},\"image\":{\"@id\":\"https:\\\/\\\/olivamorosicristians.es\\\/cronica-del-mig-any-fester-2025\\\/#primaryimage\"},\"thumbnailUrl\":\"https:\\\/\\\/i0.wp.com\\\/olivamorosicristians.es\\\/wp-content\\\/uploads\\\/2025\\\/02\\\/Putxeros-2025-scaled-e1739305269495.jpg?fit=1200%2C800&ssl=1\",\"articleSection\":[\"Actes oficials\",\"Concursos\"],\"inLanguage\":\"es\"},{\"@type\":\"WebPage\",\"@id\":\"https:\\\/\\\/olivamorosicristians.es\\\/cronica-del-mig-any-fester-2025\\\/\",\"url\":\"https:\\\/\\\/olivamorosicristians.es\\\/cronica-del-mig-any-fester-2025\\\/\",\"name\":\"Cr\u00f2nica del mig any fester 2025 - Moros i Cristians Oliva\",\"isPartOf\":{\"@id\":\"https:\\\/\\\/olivamorosicristians.es\\\/#website\"},\"primaryImageOfPage\":{\"@id\":\"https:\\\/\\\/olivamorosicristians.es\\\/cronica-del-mig-any-fester-2025\\\/#primaryimage\"},\"image\":{\"@id\":\"https:\\\/\\\/olivamorosicristians.es\\\/cronica-del-mig-any-fester-2025\\\/#primaryimage\"},\"thumbnailUrl\":\"https:\\\/\\\/i0.wp.com\\\/olivamorosicristians.es\\\/wp-content\\\/uploads\\\/2025\\\/02\\\/Putxeros-2025-scaled-e1739305269495.jpg?fit=1200%2C800&ssl=1\",\"datePublished\":\"2025-02-11T19:34:47+00:00\",\"dateModified\":\"2025-02-11T20:21:25+00:00\",\"breadcrumb\":{\"@id\":\"https:\\\/\\\/olivamorosicristians.es\\\/cronica-del-mig-any-fester-2025\\\/#breadcrumb\"},\"inLanguage\":\"es\",\"potentialAction\":[{\"@type\":\"ReadAction\",\"target\":[\"https:\\\/\\\/olivamorosicristians.es\\\/cronica-del-mig-any-fester-2025\\\/\"]}]},{\"@type\":\"ImageObject\",\"inLanguage\":\"es\",\"@id\":\"https:\\\/\\\/olivamorosicristians.es\\\/cronica-del-mig-any-fester-2025\\\/#primaryimage\",\"url\":\"https:\\\/\\\/i0.wp.com\\\/olivamorosicristians.es\\\/wp-content\\\/uploads\\\/2025\\\/02\\\/Putxeros-2025-scaled-e1739305269495.jpg?fit=1200%2C800&ssl=1\",\"contentUrl\":\"https:\\\/\\\/i0.wp.com\\\/olivamorosicristians.es\\\/wp-content\\\/uploads\\\/2025\\\/02\\\/Putxeros-2025-scaled-e1739305269495.jpg?fit=1200%2C800&ssl=1\",\"width\":1200,\"height\":800},{\"@type\":\"BreadcrumbList\",\"@id\":\"https:\\\/\\\/olivamorosicristians.es\\\/cronica-del-mig-any-fester-2025\\\/#breadcrumb\",\"itemListElement\":[{\"@type\":\"ListItem\",\"position\":1,\"name\":\"Portada\",\"item\":\"https:\\\/\\\/olivamorosicristians.es\\\/\"},{\"@type\":\"ListItem\",\"position\":2,\"name\":\"Cr\u00f2nica del mig any fester 2025\"}]},{\"@type\":\"WebSite\",\"@id\":\"https:\\\/\\\/olivamorosicristians.es\\\/#website\",\"url\":\"https:\\\/\\\/olivamorosicristians.es\\\/\",\"name\":\"Moros i Cristians Oliva\",\"description\":\"FMCO\",\"publisher\":{\"@id\":\"https:\\\/\\\/olivamorosicristians.es\\\/#organization\"},\"potentialAction\":[{\"@type\":\"SearchAction\",\"target\":{\"@type\":\"EntryPoint\",\"urlTemplate\":\"https:\\\/\\\/olivamorosicristians.es\\\/?s={search_term_string}\"},\"query-input\":{\"@type\":\"PropertyValueSpecification\",\"valueRequired\":true,\"valueName\":\"search_term_string\"}}],\"inLanguage\":\"es\"},{\"@type\":\"Organization\",\"@id\":\"https:\\\/\\\/olivamorosicristians.es\\\/#organization\",\"name\":\"Federaci\u00f3 de Moros i Cristians - Oliva\",\"url\":\"https:\\\/\\\/olivamorosicristians.es\\\/\",\"logo\":{\"@type\":\"ImageObject\",\"inLanguage\":\"es\",\"@id\":\"https:\\\/\\\/olivamorosicristians.es\\\/#\\\/schema\\\/logo\\\/image\\\/\",\"url\":\"https:\\\/\\\/i2.wp.com\\\/olivamorosicristians.es\\\/wp-content\\\/uploads\\\/2018\\\/06\\\/Icon_FMiCO.png?fit=50%2C50&ssl=1\",\"contentUrl\":\"https:\\\/\\\/i2.wp.com\\\/olivamorosicristians.es\\\/wp-content\\\/uploads\\\/2018\\\/06\\\/Icon_FMiCO.png?fit=50%2C50&ssl=1\",\"width\":50,\"height\":50,\"caption\":\"Federaci\u00f3 de Moros i Cristians - Oliva\"},\"image\":{\"@id\":\"https:\\\/\\\/olivamorosicristians.es\\\/#\\\/schema\\\/logo\\\/image\\\/\"},\"sameAs\":[\"https:\\\/\\\/www.facebook.com\\\/federaciodemorosicristiansdoliva\\\/\",\"https:\\\/\\\/www.instagram.com\\\/morosicristiansoliva\\\/?hl=es\"]},{\"@type\":\"Person\",\"@id\":\"https:\\\/\\\/olivamorosicristians.es\\\/#\\\/schema\\\/person\\\/21ece052d8816103cad91a2676fd0149\",\"name\":\"Webmaster\",\"image\":{\"@type\":\"ImageObject\",\"inLanguage\":\"es\",\"@id\":\"https:\\\/\\\/secure.gravatar.com\\\/avatar\\\/18de20f14d74abe0c800b423a8b0e24cae6153cb6baeb2c2df80e1cef2117e0d?s=96&d=mm&r=g\",\"url\":\"https:\\\/\\\/secure.gravatar.com\\\/avatar\\\/18de20f14d74abe0c800b423a8b0e24cae6153cb6baeb2c2df80e1cef2117e0d?s=96&d=mm&r=g\",\"contentUrl\":\"https:\\\/\\\/secure.gravatar.com\\\/avatar\\\/18de20f14d74abe0c800b423a8b0e24cae6153cb6baeb2c2df80e1cef2117e0d?s=96&d=mm&r=g\",\"caption\":\"Webmaster\"},\"sameAs\":[\"https:\\\/\\\/www.facebook.com\\\/federaciodemorosicristiansdoliva\",\"https:\\\/\\\/www.instagram.com\\\/morosicristiansoliva\\\/\"]}]}<\/script>\n<!-- \/ Yoast SEO plugin. -->","yoast_head_json":{"title":"Cr\u00f2nica del mig any fester 2025 - Moros i Cristians Oliva","robots":{"index":"index","follow":"follow","max-snippet":"max-snippet:-1","max-image-preview":"max-image-preview:large","max-video-preview":"max-video-preview:-1"},"canonical":"https:\/\/olivamorosicristians.es\/es\/cronica-del-mig-any-fester-2025\/","og_locale":"es_ES","og_type":"article","og_title":"Cr\u00f2nica del mig any fester 2025 - Moros i Cristians Oliva","og_url":"https:\/\/olivamorosicristians.es\/es\/cronica-del-mig-any-fester-2025\/","og_site_name":"Moros i Cristians Oliva","article_publisher":"https:\/\/www.facebook.com\/federaciodemorosicristiansdoliva\/","article_author":"https:\/\/www.facebook.com\/federaciodemorosicristiansdoliva","article_published_time":"2025-02-11T19:34:47+00:00","article_modified_time":"2025-02-11T20:21:25+00:00","og_image":[{"width":1200,"height":800,"url":"https:\/\/olivamorosicristians.es\/wp-content\/uploads\/2025\/02\/Putxeros-2025-scaled-e1739305269495.jpg","type":"image\/jpeg"}],"author":"Webmaster","twitter_card":"summary_large_image","twitter_misc":{"Escrito por":"Webmaster","Tiempo de lectura":"1 minuto"},"schema":{"@context":"https:\/\/schema.org","@graph":[{"@type":"Article","@id":"https:\/\/olivamorosicristians.es\/cronica-del-mig-any-fester-2025\/#article","isPartOf":{"@id":"https:\/\/olivamorosicristians.es\/cronica-del-mig-any-fester-2025\/"},"author":{"name":"Webmaster","@id":"https:\/\/olivamorosicristians.es\/#\/schema\/person\/21ece052d8816103cad91a2676fd0149"},"headline":"Cr\u00f2nica del mig any fester 2025","datePublished":"2025-02-11T19:34:47+00:00","dateModified":"2025-02-11T20:21:25+00:00","mainEntityOfPage":{"@id":"https:\/\/olivamorosicristians.es\/cronica-del-mig-any-fester-2025\/"},"wordCount":175,"publisher":{"@id":"https:\/\/olivamorosicristians.es\/#organization"},"image":{"@id":"https:\/\/olivamorosicristians.es\/cronica-del-mig-any-fester-2025\/#primaryimage"},"thumbnailUrl":"https:\/\/i0.wp.com\/olivamorosicristians.es\/wp-content\/uploads\/2025\/02\/Putxeros-2025-scaled-e1739305269495.jpg?fit=1200%2C800&ssl=1","articleSection":["Actes oficials","Concursos"],"inLanguage":"es"},{"@type":"WebPage","@id":"https:\/\/olivamorosicristians.es\/cronica-del-mig-any-fester-2025\/","url":"https:\/\/olivamorosicristians.es\/cronica-del-mig-any-fester-2025\/","name":"Cr\u00f2nica del mig any fester 2025 - Moros i Cristians Oliva","isPartOf":{"@id":"https:\/\/olivamorosicristians.es\/#website"},"primaryImageOfPage":{"@id":"https:\/\/olivamorosicristians.es\/cronica-del-mig-any-fester-2025\/#primaryimage"},"image":{"@id":"https:\/\/olivamorosicristians.es\/cronica-del-mig-any-fester-2025\/#primaryimage"},"thumbnailUrl":"https:\/\/i0.wp.com\/olivamorosicristians.es\/wp-content\/uploads\/2025\/02\/Putxeros-2025-scaled-e1739305269495.jpg?fit=1200%2C800&ssl=1","datePublished":"2025-02-11T19:34:47+00:00","dateModified":"2025-02-11T20:21:25+00:00","breadcrumb":{"@id":"https:\/\/olivamorosicristians.es\/cronica-del-mig-any-fester-2025\/#breadcrumb"},"inLanguage":"es","potentialAction":[{"@type":"ReadAction","target":["https:\/\/olivamorosicristians.es\/cronica-del-mig-any-fester-2025\/"]}]},{"@type":"ImageObject","inLanguage":"es","@id":"https:\/\/olivamorosicristians.es\/cronica-del-mig-any-fester-2025\/#primaryimage","url":"https:\/\/i0.wp.com\/olivamorosicristians.es\/wp-content\/uploads\/2025\/02\/Putxeros-2025-scaled-e1739305269495.jpg?fit=1200%2C800&ssl=1","contentUrl":"https:\/\/i0.wp.com\/olivamorosicristians.es\/wp-content\/uploads\/2025\/02\/Putxeros-2025-scaled-e1739305269495.jpg?fit=1200%2C800&ssl=1","width":1200,"height":800},{"@type":"BreadcrumbList","@id":"https:\/\/olivamorosicristians.es\/cronica-del-mig-any-fester-2025\/#breadcrumb","itemListElement":[{"@type":"ListItem","position":1,"name":"Portada","item":"https:\/\/olivamorosicristians.es\/"},{"@type":"ListItem","position":2,"name":"Cr\u00f2nica del mig any fester 2025"}]},{"@type":"WebSite","@id":"https:\/\/olivamorosicristians.es\/#website","url":"https:\/\/olivamorosicristians.es\/","name":"Moros i Cristians Oliva","description":"FMCO","publisher":{"@id":"https:\/\/olivamorosicristians.es\/#organization"},"potentialAction":[{"@type":"SearchAction","target":{"@type":"EntryPoint","urlTemplate":"https:\/\/olivamorosicristians.es\/?s={search_term_string}"},"query-input":{"@type":"PropertyValueSpecification","valueRequired":true,"valueName":"search_term_string"}}],"inLanguage":"es"},{"@type":"Organization","@id":"https:\/\/olivamorosicristians.es\/#organization","name":"La Federaci\u00f3n de Moros y Cristianos de Oliva","url":"https:\/\/olivamorosicristians.es\/","logo":{"@type":"ImageObject","inLanguage":"es","@id":"https:\/\/olivamorosicristians.es\/#\/schema\/logo\/image\/","url":"https:\/\/i2.wp.com\/olivamorosicristians.es\/wp-content\/uploads\/2018\/06\/Icon_FMiCO.png?fit=50%2C50&ssl=1","contentUrl":"https:\/\/i2.wp.com\/olivamorosicristians.es\/wp-content\/uploads\/2018\/06\/Icon_FMiCO.png?fit=50%2C50&ssl=1","width":50,"height":50,"caption":"Federaci\u00f3 de Moros i Cristians - Oliva"},"image":{"@id":"https:\/\/olivamorosicristians.es\/#\/schema\/logo\/image\/"},"sameAs":["https:\/\/www.facebook.com\/federaciodemorosicristiansdoliva\/","https:\/\/www.instagram.com\/morosicristiansoliva\/?hl=es"]},{"@type":"Person","@id":"https:\/\/olivamorosicristians.es\/#\/schema\/person\/21ece052d8816103cad91a2676fd0149","name":"Webmaster","image":{"@type":"ImageObject","inLanguage":"es","@id":"https:\/\/secure.gravatar.com\/avatar\/18de20f14d74abe0c800b423a8b0e24cae6153cb6baeb2c2df80e1cef2117e0d?s=96&d=mm&r=g","url":"https:\/\/secure.gravatar.com\/avatar\/18de20f14d74abe0c800b423a8b0e24cae6153cb6baeb2c2df80e1cef2117e0d?s=96&d=mm&r=g","contentUrl":"https:\/\/secure.gravatar.com\/avatar\/18de20f14d74abe0c800b423a8b0e24cae6153cb6baeb2c2df80e1cef2117e0d?s=96&d=mm&r=g","caption":"Webmaster"},"sameAs":["https:\/\/www.facebook.com\/federaciodemorosicristiansdoliva","https:\/\/www.instagram.com\/morosicristiansoliva\/"]}]}},"jetpack_publicize_connections":[],"jetpack_featured_media_url":"https:\/\/i0.wp.com\/olivamorosicristians.es\/wp-content\/uploads\/2025\/02\/Putxeros-2025-scaled-e1739305269495.jpg?fit=1200%2C800&ssl=1","jetpack_sharing_enabled":true,"jetpack_shortlink":"https:\/\/wp.me\/pagEx6-30t","jetpack-related-posts":[],"_links":{"self":[{"href":"https:\/\/olivamorosicristians.es\/es\/wp-json\/wp\/v2\/posts\/11561","targetHints":{"allow":["GET"]}}],"collection":[{"href":"https:\/\/olivamorosicristians.es\/es\/wp-json\/wp\/v2\/posts"}],"about":[{"href":"https:\/\/olivamorosicristians.es\/es\/wp-json\/wp\/v2\/types\/post"}],"author":[{"embeddable":true,"href":"https:\/\/olivamorosicristians.es\/es\/wp-json\/wp\/v2\/users\/1"}],"replies":[{"embeddable":true,"href":"https:\/\/olivamorosicristians.es\/es\/wp-json\/wp\/v2\/comments?post=11561"}],"version-history":[{"count":7,"href":"https:\/\/olivamorosicristians.es\/es\/wp-json\/wp\/v2\/posts\/11561\/revisions"}],"predecessor-version":[{"id":11590,"href":"https:\/\/olivamorosicristians.es\/es\/wp-json\/wp\/v2\/posts\/11561\/revisions\/11590"}],"wp:featuredmedia":[{"embeddable":true,"href":"https:\/\/olivamorosicristians.es\/es\/wp-json\/wp\/v2\/media\/11589"}],"wp:attachment":[{"href":"https:\/\/olivamorosicristians.es\/es\/wp-json\/wp\/v2\/media?parent=11561"}],"wp:term":[{"taxonomy":"category","embeddable":true,"href":"https:\/\/olivamorosicristians.es\/es\/wp-json\/wp\/v2\/categories?post=11561"},{"taxonomy":"post_tag","embeddable":true,"href":"https:\/\/olivamorosicristians.es\/es\/wp-json\/wp\/v2\/tags?post=11561"}],"curies":[{"name":"wp","href":"https:\/\/api.w.org\/{rel}","templated":true}]}}