{"id":11501,"date":"2025-02-07T18:56:36","date_gmt":"2025-02-07T16:56:36","guid":{"rendered":"https:\/\/olivamorosicristians.es\/?p=11501"},"modified":"2025-02-07T18:57:25","modified_gmt":"2025-02-07T16:57:25","slug":"nomenament-de-carrecs-2025","status":"publish","type":"post","link":"https:\/\/olivamorosicristians.es\/es\/nomenament-de-carrecs-2025\/","title":{"rendered":"Nomenament de c\u00e0rrecs 2025"},"content":{"rendered":"<section class=\"w-section\">\r\n<div class=\"row\"><div class=\"col col-12\">\r\n    <div class=\"col-inner\"><div class=\"w-text-block\">\n    <p class=\"p1\">El passat dissabte 1 de febrer, vam acomiadar amb gratitud els c\u00e0rrecs del 2024 i vam donar la benvinguda als nous representants de la festa;<\/p>\n<\/div><div class=\"w-space\" style=\"height:30px\"><\/div><div class=\"w-image-gallery w-grid\">\r\n    <div class=\"w-view clear\">\r\n                    <div class=\"w-item col-6\">\r\n                                <a href=\"https:\/\/i0.wp.com\/olivamorosicristians.es\/wp-content\/uploads\/2025\/02\/7U0A2186-1.jpg?fit=1200%2C800&#038;ssl=1\" data-rel=\"lightcase:gallery-28\">\r\n        <img loading=\"lazy\" decoding=\"async\" width=\"1200\" height=\"800\" src=\"https:\/\/i0.wp.com\/olivamorosicristians.es\/wp-content\/uploads\/2025\/02\/7U0A2186-1.jpg?fit=1200%2C800&amp;ssl=1\" class=\"cover-image\" alt=\"\" srcset=\"https:\/\/i0.wp.com\/olivamorosicristians.es\/wp-content\/uploads\/2025\/02\/7U0A2186-1.jpg?w=1200&amp;ssl=1 1200w, https:\/\/i0.wp.com\/olivamorosicristians.es\/wp-content\/uploads\/2025\/02\/7U0A2186-1.jpg?resize=300%2C200&amp;ssl=1 300w, https:\/\/i0.wp.com\/olivamorosicristians.es\/wp-content\/uploads\/2025\/02\/7U0A2186-1.jpg?resize=1024%2C683&amp;ssl=1 1024w, https:\/\/i0.wp.com\/olivamorosicristians.es\/wp-content\/uploads\/2025\/02\/7U0A2186-1.jpg?resize=768%2C512&amp;ssl=1 768w, https:\/\/i0.wp.com\/olivamorosicristians.es\/wp-content\/uploads\/2025\/02\/7U0A2186-1.jpg?resize=18%2C12&amp;ssl=1 18w, https:\/\/i0.wp.com\/olivamorosicristians.es\/wp-content\/uploads\/2025\/02\/7U0A2186-1.jpg?resize=640%2C427&amp;ssl=1 640w\" sizes=\"auto, (max-width: 1170px) 100vw, 1170px\" data-attachment-id=\"11525\" data-permalink=\"https:\/\/olivamorosicristians.es\/es\/nomenament-de-carrecs-2025\/7u0a2186-2\/\" data-orig-file=\"https:\/\/i0.wp.com\/olivamorosicristians.es\/wp-content\/uploads\/2025\/02\/7U0A2186-1.jpg?fit=1200%2C800&amp;ssl=1\" data-orig-size=\"1200,800\" data-comments-opened=\"0\" data-image-meta=\"{&quot;aperture&quot;:&quot;4&quot;,&quot;credit&quot;:&quot;ANTONI RIBERA OLTRA&quot;,&quot;camera&quot;:&quot;Canon EOS 5D Mark IV&quot;,&quot;caption&quot;:&quot;&quot;,&quot;created_timestamp&quot;:&quot;1738438538&quot;,&quot;copyright&quot;:&quot;ANTONI RIBERA OLTRA antoniribera@live.com +34645997713&quot;,&quot;focal_length&quot;:&quot;40&quot;,&quot;iso&quot;:&quot;800&quot;,&quot;shutter_speed&quot;:&quot;0.005&quot;,&quot;title&quot;:&quot;&quot;,&quot;orientation&quot;:&quot;1&quot;}\" data-image-title=\"7U0A2186\" data-image-description=\"\" data-image-caption=\"\" data-large-file=\"https:\/\/i0.wp.com\/olivamorosicristians.es\/wp-content\/uploads\/2025\/02\/7U0A2186-1.jpg?fit=1024%2C683&amp;ssl=1\" \/>        <\/a>\r\n                <\/div>\r\n                    <div class=\"w-item col-6\">\r\n                                <a href=\"https:\/\/i0.wp.com\/olivamorosicristians.es\/wp-content\/uploads\/2025\/02\/7U0A2400-1.jpg?fit=1200%2C800&#038;ssl=1\" data-rel=\"lightcase:gallery-28\">\r\n        <img loading=\"lazy\" decoding=\"async\" width=\"1200\" height=\"800\" src=\"https:\/\/i0.wp.com\/olivamorosicristians.es\/wp-content\/uploads\/2025\/02\/7U0A2400-1.jpg?fit=1200%2C800&amp;ssl=1\" class=\"cover-image\" alt=\"\" srcset=\"https:\/\/i0.wp.com\/olivamorosicristians.es\/wp-content\/uploads\/2025\/02\/7U0A2400-1.jpg?w=1200&amp;ssl=1 1200w, https:\/\/i0.wp.com\/olivamorosicristians.es\/wp-content\/uploads\/2025\/02\/7U0A2400-1.jpg?resize=300%2C200&amp;ssl=1 300w, https:\/\/i0.wp.com\/olivamorosicristians.es\/wp-content\/uploads\/2025\/02\/7U0A2400-1.jpg?resize=1024%2C683&amp;ssl=1 1024w, https:\/\/i0.wp.com\/olivamorosicristians.es\/wp-content\/uploads\/2025\/02\/7U0A2400-1.jpg?resize=768%2C512&amp;ssl=1 768w, https:\/\/i0.wp.com\/olivamorosicristians.es\/wp-content\/uploads\/2025\/02\/7U0A2400-1.jpg?resize=18%2C12&amp;ssl=1 18w, https:\/\/i0.wp.com\/olivamorosicristians.es\/wp-content\/uploads\/2025\/02\/7U0A2400-1.jpg?resize=640%2C427&amp;ssl=1 640w\" sizes=\"auto, (max-width: 1170px) 100vw, 1170px\" data-attachment-id=\"11528\" data-permalink=\"https:\/\/olivamorosicristians.es\/es\/nomenament-de-carrecs-2025\/7u0a2400-2\/\" data-orig-file=\"https:\/\/i0.wp.com\/olivamorosicristians.es\/wp-content\/uploads\/2025\/02\/7U0A2400-1.jpg?fit=1200%2C800&amp;ssl=1\" data-orig-size=\"1200,800\" data-comments-opened=\"0\" data-image-meta=\"{&quot;aperture&quot;:&quot;4&quot;,&quot;credit&quot;:&quot;ANTONI RIBERA OLTRA&quot;,&quot;camera&quot;:&quot;Canon EOS 5D Mark IV&quot;,&quot;caption&quot;:&quot;&quot;,&quot;created_timestamp&quot;:&quot;1738441022&quot;,&quot;copyright&quot;:&quot;ANTONI RIBERA OLTRA antoniribera@live.com +34645997713&quot;,&quot;focal_length&quot;:&quot;144&quot;,&quot;iso&quot;:&quot;800&quot;,&quot;shutter_speed&quot;:&quot;0.005&quot;,&quot;title&quot;:&quot;&quot;,&quot;orientation&quot;:&quot;1&quot;}\" data-image-title=\"7U0A2400\" data-image-description=\"\" data-image-caption=\"\" data-large-file=\"https:\/\/i0.wp.com\/olivamorosicristians.es\/wp-content\/uploads\/2025\/02\/7U0A2400-1.jpg?fit=1024%2C683&amp;ssl=1\" \/>        <\/a>\r\n                <\/div>\r\n        <\/div>\r\n<\/div><div class=\"w-space\" style=\"height:10px\"><\/div><div class=\"w-text-block\">\n    <p class=\"p1\">Abanderada de la Federaci\u00f3 2025: Mar Pla Parra<\/p>\n<\/div><div class=\"w-separator no-text text-left\" style=\"color:#b7a074;width:40%\">\r\n    <span class=\"w-border-left\" style=\"border-top-width:3px;border-color:#b7a074\"><\/span>\r\n    <span class=\"w-text\">\r\n                            <\/span>\r\n    <span class=\"w-border-right\" style=\"border-top-width:3px;border-color:#b7a074\"><\/span>\r\n<\/div><div class=\"w-space\" style=\"height:30px\"><\/div><div class=\"w-image-gallery w-grid\">\r\n    <div class=\"w-view clear\">\r\n                    <div class=\"w-item col-6\">\r\n                                <a href=\"https:\/\/i0.wp.com\/olivamorosicristians.es\/wp-content\/uploads\/2025\/02\/7U0A2192-1.jpg?fit=1200%2C800&#038;ssl=1\" data-rel=\"lightcase:gallery-35\">\r\n        <img loading=\"lazy\" decoding=\"async\" width=\"1200\" height=\"800\" src=\"https:\/\/i0.wp.com\/olivamorosicristians.es\/wp-content\/uploads\/2025\/02\/7U0A2192-1.jpg?fit=1200%2C800&amp;ssl=1\" class=\"cover-image\" alt=\"\" srcset=\"https:\/\/i0.wp.com\/olivamorosicristians.es\/wp-content\/uploads\/2025\/02\/7U0A2192-1.jpg?w=1200&amp;ssl=1 1200w, https:\/\/i0.wp.com\/olivamorosicristians.es\/wp-content\/uploads\/2025\/02\/7U0A2192-1.jpg?resize=300%2C200&amp;ssl=1 300w, https:\/\/i0.wp.com\/olivamorosicristians.es\/wp-content\/uploads\/2025\/02\/7U0A2192-1.jpg?resize=1024%2C683&amp;ssl=1 1024w, https:\/\/i0.wp.com\/olivamorosicristians.es\/wp-content\/uploads\/2025\/02\/7U0A2192-1.jpg?resize=768%2C512&amp;ssl=1 768w, https:\/\/i0.wp.com\/olivamorosicristians.es\/wp-content\/uploads\/2025\/02\/7U0A2192-1.jpg?resize=18%2C12&amp;ssl=1 18w, https:\/\/i0.wp.com\/olivamorosicristians.es\/wp-content\/uploads\/2025\/02\/7U0A2192-1.jpg?resize=640%2C427&amp;ssl=1 640w\" sizes=\"auto, (max-width: 1170px) 100vw, 1170px\" data-attachment-id=\"11520\" data-permalink=\"https:\/\/olivamorosicristians.es\/es\/nomenament-de-carrecs-2025\/7u0a2192-2\/\" data-orig-file=\"https:\/\/i0.wp.com\/olivamorosicristians.es\/wp-content\/uploads\/2025\/02\/7U0A2192-1.jpg?fit=1200%2C800&amp;ssl=1\" data-orig-size=\"1200,800\" data-comments-opened=\"0\" data-image-meta=\"{&quot;aperture&quot;:&quot;4&quot;,&quot;credit&quot;:&quot;ANTONI RIBERA OLTRA&quot;,&quot;camera&quot;:&quot;Canon EOS 5D Mark IV&quot;,&quot;caption&quot;:&quot;&quot;,&quot;created_timestamp&quot;:&quot;1738438679&quot;,&quot;copyright&quot;:&quot;ANTONI RIBERA OLTRA antoniribera@live.com +34645997713&quot;,&quot;focal_length&quot;:&quot;33&quot;,&quot;iso&quot;:&quot;800&quot;,&quot;shutter_speed&quot;:&quot;0.005&quot;,&quot;title&quot;:&quot;&quot;,&quot;orientation&quot;:&quot;1&quot;}\" data-image-title=\"7U0A2192\" data-image-description=\"\" data-image-caption=\"\" data-large-file=\"https:\/\/i0.wp.com\/olivamorosicristians.es\/wp-content\/uploads\/2025\/02\/7U0A2192-1.jpg?fit=1024%2C683&amp;ssl=1\" \/>        <\/a>\r\n                <\/div>\r\n                    <div class=\"w-item col-6\">\r\n                                <a href=\"https:\/\/i0.wp.com\/olivamorosicristians.es\/wp-content\/uploads\/2025\/02\/7U0A2203-1.jpg?fit=1200%2C800&#038;ssl=1\" data-rel=\"lightcase:gallery-35\">\r\n        <img loading=\"lazy\" decoding=\"async\" width=\"1200\" height=\"800\" src=\"https:\/\/i0.wp.com\/olivamorosicristians.es\/wp-content\/uploads\/2025\/02\/7U0A2203-1.jpg?fit=1200%2C800&amp;ssl=1\" class=\"cover-image\" alt=\"\" srcset=\"https:\/\/i0.wp.com\/olivamorosicristians.es\/wp-content\/uploads\/2025\/02\/7U0A2203-1.jpg?w=1200&amp;ssl=1 1200w, https:\/\/i0.wp.com\/olivamorosicristians.es\/wp-content\/uploads\/2025\/02\/7U0A2203-1.jpg?resize=300%2C200&amp;ssl=1 300w, https:\/\/i0.wp.com\/olivamorosicristians.es\/wp-content\/uploads\/2025\/02\/7U0A2203-1.jpg?resize=1024%2C683&amp;ssl=1 1024w, https:\/\/i0.wp.com\/olivamorosicristians.es\/wp-content\/uploads\/2025\/02\/7U0A2203-1.jpg?resize=768%2C512&amp;ssl=1 768w, https:\/\/i0.wp.com\/olivamorosicristians.es\/wp-content\/uploads\/2025\/02\/7U0A2203-1.jpg?resize=18%2C12&amp;ssl=1 18w, https:\/\/i0.wp.com\/olivamorosicristians.es\/wp-content\/uploads\/2025\/02\/7U0A2203-1.jpg?resize=640%2C427&amp;ssl=1 640w\" sizes=\"auto, (max-width: 1170px) 100vw, 1170px\" data-attachment-id=\"11521\" data-permalink=\"https:\/\/olivamorosicristians.es\/es\/nomenament-de-carrecs-2025\/7u0a2203-2\/\" data-orig-file=\"https:\/\/i0.wp.com\/olivamorosicristians.es\/wp-content\/uploads\/2025\/02\/7U0A2203-1.jpg?fit=1200%2C800&amp;ssl=1\" data-orig-size=\"1200,800\" data-comments-opened=\"0\" data-image-meta=\"{&quot;aperture&quot;:&quot;4&quot;,&quot;credit&quot;:&quot;ANTONI RIBERA OLTRA&quot;,&quot;camera&quot;:&quot;Canon EOS 5D Mark IV&quot;,&quot;caption&quot;:&quot;&quot;,&quot;created_timestamp&quot;:&quot;1738438747&quot;,&quot;copyright&quot;:&quot;ANTONI RIBERA OLTRA antoniribera@live.com +34645997713&quot;,&quot;focal_length&quot;:&quot;40&quot;,&quot;iso&quot;:&quot;800&quot;,&quot;shutter_speed&quot;:&quot;0.005&quot;,&quot;title&quot;:&quot;&quot;,&quot;orientation&quot;:&quot;1&quot;}\" data-image-title=\"7U0A2203\" data-image-description=\"\" data-image-caption=\"\" data-large-file=\"https:\/\/i0.wp.com\/olivamorosicristians.es\/wp-content\/uploads\/2025\/02\/7U0A2203-1.jpg?fit=1024%2C683&amp;ssl=1\" \/>        <\/a>\r\n                <\/div>\r\n        <\/div>\r\n<\/div><div class=\"w-space\" style=\"height:10px\"><\/div><div class=\"w-text-block\">\n    <p class=\"p1\">Ambaixador cristi\u00e0: Carlos Parra Mestre<\/p>\n<\/div><div class=\"w-separator no-text text-left\" style=\"color:#b7a074;width:40%\">\r\n    <span class=\"w-border-left\" style=\"border-top-width:3px;border-color:#b7a074\"><\/span>\r\n    <span class=\"w-text\">\r\n                            <\/span>\r\n    <span class=\"w-border-right\" style=\"border-top-width:3px;border-color:#b7a074\"><\/span>\r\n<\/div><div class=\"w-space\" style=\"height:30px\"><\/div><div class=\"w-image-gallery w-grid\">\r\n    <div class=\"w-view clear\">\r\n                    <div class=\"w-item col-6\">\r\n                                <a href=\"https:\/\/i0.wp.com\/olivamorosicristians.es\/wp-content\/uploads\/2025\/02\/7U0A2235.jpg?fit=1200%2C800&#038;ssl=1\" data-rel=\"lightcase:gallery-94\">\r\n        <img loading=\"lazy\" decoding=\"async\" width=\"1200\" height=\"800\" src=\"https:\/\/i0.wp.com\/olivamorosicristians.es\/wp-content\/uploads\/2025\/02\/7U0A2235.jpg?fit=1200%2C800&amp;ssl=1\" class=\"cover-image\" alt=\"\" srcset=\"https:\/\/i0.wp.com\/olivamorosicristians.es\/wp-content\/uploads\/2025\/02\/7U0A2235.jpg?w=1200&amp;ssl=1 1200w, https:\/\/i0.wp.com\/olivamorosicristians.es\/wp-content\/uploads\/2025\/02\/7U0A2235.jpg?resize=300%2C200&amp;ssl=1 300w, https:\/\/i0.wp.com\/olivamorosicristians.es\/wp-content\/uploads\/2025\/02\/7U0A2235.jpg?resize=1024%2C683&amp;ssl=1 1024w, https:\/\/i0.wp.com\/olivamorosicristians.es\/wp-content\/uploads\/2025\/02\/7U0A2235.jpg?resize=768%2C512&amp;ssl=1 768w, https:\/\/i0.wp.com\/olivamorosicristians.es\/wp-content\/uploads\/2025\/02\/7U0A2235.jpg?resize=18%2C12&amp;ssl=1 18w, https:\/\/i0.wp.com\/olivamorosicristians.es\/wp-content\/uploads\/2025\/02\/7U0A2235.jpg?resize=640%2C427&amp;ssl=1 640w\" sizes=\"auto, (max-width: 1170px) 100vw, 1170px\" data-attachment-id=\"11538\" data-permalink=\"https:\/\/olivamorosicristians.es\/es\/nomenament-de-carrecs-2025\/7u0a2235\/\" data-orig-file=\"https:\/\/i0.wp.com\/olivamorosicristians.es\/wp-content\/uploads\/2025\/02\/7U0A2235.jpg?fit=1200%2C800&amp;ssl=1\" data-orig-size=\"1200,800\" data-comments-opened=\"0\" data-image-meta=\"{&quot;aperture&quot;:&quot;4&quot;,&quot;credit&quot;:&quot;ANTONI RIBERA OLTRA&quot;,&quot;camera&quot;:&quot;Canon EOS 5D Mark IV&quot;,&quot;caption&quot;:&quot;&quot;,&quot;created_timestamp&quot;:&quot;1738439076&quot;,&quot;copyright&quot;:&quot;ANTONI RIBERA OLTRA antoniribera@live.com +34645997713&quot;,&quot;focal_length&quot;:&quot;50&quot;,&quot;iso&quot;:&quot;800&quot;,&quot;shutter_speed&quot;:&quot;0.005&quot;,&quot;title&quot;:&quot;&quot;,&quot;orientation&quot;:&quot;1&quot;}\" data-image-title=\"7U0A2235\" data-image-description=\"\" data-image-caption=\"\" data-large-file=\"https:\/\/i0.wp.com\/olivamorosicristians.es\/wp-content\/uploads\/2025\/02\/7U0A2235.jpg?fit=1024%2C683&amp;ssl=1\" \/>        <\/a>\r\n                <\/div>\r\n                    <div class=\"w-item col-6\">\r\n                                <a href=\"https:\/\/i0.wp.com\/olivamorosicristians.es\/wp-content\/uploads\/2025\/02\/7U0A2240.jpg?fit=1200%2C800&#038;ssl=1\" data-rel=\"lightcase:gallery-94\">\r\n        <img loading=\"lazy\" decoding=\"async\" width=\"1200\" height=\"800\" src=\"https:\/\/i0.wp.com\/olivamorosicristians.es\/wp-content\/uploads\/2025\/02\/7U0A2240.jpg?fit=1200%2C800&amp;ssl=1\" class=\"cover-image\" alt=\"\" srcset=\"https:\/\/i0.wp.com\/olivamorosicristians.es\/wp-content\/uploads\/2025\/02\/7U0A2240.jpg?w=1200&amp;ssl=1 1200w, https:\/\/i0.wp.com\/olivamorosicristians.es\/wp-content\/uploads\/2025\/02\/7U0A2240.jpg?resize=300%2C200&amp;ssl=1 300w, https:\/\/i0.wp.com\/olivamorosicristians.es\/wp-content\/uploads\/2025\/02\/7U0A2240.jpg?resize=1024%2C683&amp;ssl=1 1024w, https:\/\/i0.wp.com\/olivamorosicristians.es\/wp-content\/uploads\/2025\/02\/7U0A2240.jpg?resize=768%2C512&amp;ssl=1 768w, https:\/\/i0.wp.com\/olivamorosicristians.es\/wp-content\/uploads\/2025\/02\/7U0A2240.jpg?resize=18%2C12&amp;ssl=1 18w, https:\/\/i0.wp.com\/olivamorosicristians.es\/wp-content\/uploads\/2025\/02\/7U0A2240.jpg?resize=640%2C427&amp;ssl=1 640w\" sizes=\"auto, (max-width: 1170px) 100vw, 1170px\" data-attachment-id=\"11539\" data-permalink=\"https:\/\/olivamorosicristians.es\/es\/nomenament-de-carrecs-2025\/7u0a2240\/\" data-orig-file=\"https:\/\/i0.wp.com\/olivamorosicristians.es\/wp-content\/uploads\/2025\/02\/7U0A2240.jpg?fit=1200%2C800&amp;ssl=1\" data-orig-size=\"1200,800\" data-comments-opened=\"0\" data-image-meta=\"{&quot;aperture&quot;:&quot;4&quot;,&quot;credit&quot;:&quot;ANTONI RIBERA OLTRA&quot;,&quot;camera&quot;:&quot;Canon EOS 5D Mark IV&quot;,&quot;caption&quot;:&quot;&quot;,&quot;created_timestamp&quot;:&quot;1738439187&quot;,&quot;copyright&quot;:&quot;ANTONI RIBERA OLTRA antoniribera@live.com +34645997713&quot;,&quot;focal_length&quot;:&quot;50&quot;,&quot;iso&quot;:&quot;800&quot;,&quot;shutter_speed&quot;:&quot;0.005&quot;,&quot;title&quot;:&quot;&quot;,&quot;orientation&quot;:&quot;1&quot;}\" data-image-title=\"7U0A2240\" data-image-description=\"\" data-image-caption=\"\" data-large-file=\"https:\/\/i0.wp.com\/olivamorosicristians.es\/wp-content\/uploads\/2025\/02\/7U0A2240.jpg?fit=1024%2C683&amp;ssl=1\" \/>        <\/a>\r\n                <\/div>\r\n        <\/div>\r\n<\/div><div class=\"w-space\" style=\"height:10px\"><\/div><div class=\"w-text-block\">\n    <p class=\"p1\">Ambaixador moro: Alejandro Forrat Esteve<\/p>\n<\/div><div class=\"w-separator no-text text-left\" style=\"color:#b7a074;width:40%\">\r\n    <span class=\"w-border-left\" style=\"border-top-width:3px;border-color:#b7a074\"><\/span>\r\n    <span class=\"w-text\">\r\n                            <\/span>\r\n    <span class=\"w-border-right\" style=\"border-top-width:3px;border-color:#b7a074\"><\/span>\r\n<\/div><div class=\"w-space\" style=\"height:30px\"><\/div><div class=\"w-image-gallery w-grid\">\r\n    <div class=\"w-view clear\">\r\n                    <div class=\"w-item col-6\">\r\n                                <a href=\"https:\/\/i0.wp.com\/olivamorosicristians.es\/wp-content\/uploads\/2025\/02\/7U0A2273.jpg?fit=1200%2C800&#038;ssl=1\" data-rel=\"lightcase:gallery-83\">\r\n        <img loading=\"lazy\" decoding=\"async\" width=\"1200\" height=\"800\" src=\"https:\/\/i0.wp.com\/olivamorosicristians.es\/wp-content\/uploads\/2025\/02\/7U0A2273.jpg?fit=1200%2C800&amp;ssl=1\" class=\"cover-image\" alt=\"\" srcset=\"https:\/\/i0.wp.com\/olivamorosicristians.es\/wp-content\/uploads\/2025\/02\/7U0A2273.jpg?w=1200&amp;ssl=1 1200w, https:\/\/i0.wp.com\/olivamorosicristians.es\/wp-content\/uploads\/2025\/02\/7U0A2273.jpg?resize=300%2C200&amp;ssl=1 300w, https:\/\/i0.wp.com\/olivamorosicristians.es\/wp-content\/uploads\/2025\/02\/7U0A2273.jpg?resize=1024%2C683&amp;ssl=1 1024w, https:\/\/i0.wp.com\/olivamorosicristians.es\/wp-content\/uploads\/2025\/02\/7U0A2273.jpg?resize=768%2C512&amp;ssl=1 768w, https:\/\/i0.wp.com\/olivamorosicristians.es\/wp-content\/uploads\/2025\/02\/7U0A2273.jpg?resize=18%2C12&amp;ssl=1 18w, https:\/\/i0.wp.com\/olivamorosicristians.es\/wp-content\/uploads\/2025\/02\/7U0A2273.jpg?resize=640%2C427&amp;ssl=1 640w\" sizes=\"auto, (max-width: 1170px) 100vw, 1170px\" data-attachment-id=\"11515\" data-permalink=\"https:\/\/olivamorosicristians.es\/es\/nomenament-de-carrecs-2025\/7u0a2273\/\" data-orig-file=\"https:\/\/i0.wp.com\/olivamorosicristians.es\/wp-content\/uploads\/2025\/02\/7U0A2273.jpg?fit=1200%2C800&amp;ssl=1\" data-orig-size=\"1200,800\" data-comments-opened=\"0\" data-image-meta=\"{&quot;aperture&quot;:&quot;4&quot;,&quot;credit&quot;:&quot;ANTONI RIBERA OLTRA&quot;,&quot;camera&quot;:&quot;Canon EOS 5D Mark IV&quot;,&quot;caption&quot;:&quot;&quot;,&quot;created_timestamp&quot;:&quot;1738439671&quot;,&quot;copyright&quot;:&quot;ANTONI RIBERA OLTRA antoniribera@live.com +34645997713&quot;,&quot;focal_length&quot;:&quot;50&quot;,&quot;iso&quot;:&quot;800&quot;,&quot;shutter_speed&quot;:&quot;0.005&quot;,&quot;title&quot;:&quot;&quot;,&quot;orientation&quot;:&quot;1&quot;}\" data-image-title=\"7U0A2273\" data-image-description=\"\" data-image-caption=\"\" data-large-file=\"https:\/\/i0.wp.com\/olivamorosicristians.es\/wp-content\/uploads\/2025\/02\/7U0A2273.jpg?fit=1024%2C683&amp;ssl=1\" \/>        <\/a>\r\n                <\/div>\r\n                    <div class=\"w-item col-6\">\r\n                                <a href=\"https:\/\/i0.wp.com\/olivamorosicristians.es\/wp-content\/uploads\/2025\/02\/7U0A2254.jpg?fit=1200%2C800&#038;ssl=1\" data-rel=\"lightcase:gallery-83\">\r\n        <img loading=\"lazy\" decoding=\"async\" width=\"1200\" height=\"800\" src=\"https:\/\/i0.wp.com\/olivamorosicristians.es\/wp-content\/uploads\/2025\/02\/7U0A2254.jpg?fit=1200%2C800&amp;ssl=1\" class=\"cover-image\" alt=\"\" srcset=\"https:\/\/i0.wp.com\/olivamorosicristians.es\/wp-content\/uploads\/2025\/02\/7U0A2254.jpg?w=1200&amp;ssl=1 1200w, https:\/\/i0.wp.com\/olivamorosicristians.es\/wp-content\/uploads\/2025\/02\/7U0A2254.jpg?resize=300%2C200&amp;ssl=1 300w, https:\/\/i0.wp.com\/olivamorosicristians.es\/wp-content\/uploads\/2025\/02\/7U0A2254.jpg?resize=1024%2C683&amp;ssl=1 1024w, https:\/\/i0.wp.com\/olivamorosicristians.es\/wp-content\/uploads\/2025\/02\/7U0A2254.jpg?resize=768%2C512&amp;ssl=1 768w, https:\/\/i0.wp.com\/olivamorosicristians.es\/wp-content\/uploads\/2025\/02\/7U0A2254.jpg?resize=18%2C12&amp;ssl=1 18w, https:\/\/i0.wp.com\/olivamorosicristians.es\/wp-content\/uploads\/2025\/02\/7U0A2254.jpg?resize=640%2C427&amp;ssl=1 640w\" sizes=\"auto, (max-width: 1170px) 100vw, 1170px\" data-attachment-id=\"11516\" data-permalink=\"https:\/\/olivamorosicristians.es\/es\/nomenament-de-carrecs-2025\/7u0a2254\/\" data-orig-file=\"https:\/\/i0.wp.com\/olivamorosicristians.es\/wp-content\/uploads\/2025\/02\/7U0A2254.jpg?fit=1200%2C800&amp;ssl=1\" data-orig-size=\"1200,800\" data-comments-opened=\"0\" data-image-meta=\"{&quot;aperture&quot;:&quot;4&quot;,&quot;credit&quot;:&quot;ANTONI RIBERA OLTRA&quot;,&quot;camera&quot;:&quot;Canon EOS 5D Mark IV&quot;,&quot;caption&quot;:&quot;&quot;,&quot;created_timestamp&quot;:&quot;1738439528&quot;,&quot;copyright&quot;:&quot;ANTONI RIBERA OLTRA antoniribera@live.com +34645997713&quot;,&quot;focal_length&quot;:&quot;50&quot;,&quot;iso&quot;:&quot;800&quot;,&quot;shutter_speed&quot;:&quot;0.005&quot;,&quot;title&quot;:&quot;&quot;,&quot;orientation&quot;:&quot;1&quot;}\" data-image-title=\"7U0A2254\" data-image-description=\"\" data-image-caption=\"\" data-large-file=\"https:\/\/i0.wp.com\/olivamorosicristians.es\/wp-content\/uploads\/2025\/02\/7U0A2254.jpg?fit=1024%2C683&amp;ssl=1\" \/>        <\/a>\r\n                <\/div>\r\n        <\/div>\r\n<\/div><div class=\"w-space\" style=\"height:10px\"><\/div><div class=\"w-text-block\">\n    <p class=\"p1\">Capit\u00e0 cristi\u00e0: Josep Parra Mestre<\/p>\n<\/div><div class=\"w-separator no-text text-left\" style=\"color:#b7a074;width:40%\">\r\n    <span class=\"w-border-left\" style=\"border-top-width:3px;border-color:#b7a074\"><\/span>\r\n    <span class=\"w-text\">\r\n                            <\/span>\r\n    <span class=\"w-border-right\" style=\"border-top-width:3px;border-color:#b7a074\"><\/span>\r\n<\/div><div class=\"w-space\" style=\"height:30px\"><\/div><div class=\"w-image-gallery w-grid\">\r\n    <div class=\"w-view clear\">\r\n                    <div class=\"w-item col-6\">\r\n                                <a href=\"https:\/\/i0.wp.com\/olivamorosicristians.es\/wp-content\/uploads\/2025\/02\/7U0A2292.jpg?fit=1200%2C800&#038;ssl=1\" data-rel=\"lightcase:gallery-37\">\r\n        <img loading=\"lazy\" decoding=\"async\" width=\"1200\" height=\"800\" src=\"https:\/\/i0.wp.com\/olivamorosicristians.es\/wp-content\/uploads\/2025\/02\/7U0A2292.jpg?fit=1200%2C800&amp;ssl=1\" class=\"cover-image\" alt=\"\" srcset=\"https:\/\/i0.wp.com\/olivamorosicristians.es\/wp-content\/uploads\/2025\/02\/7U0A2292.jpg?w=1200&amp;ssl=1 1200w, https:\/\/i0.wp.com\/olivamorosicristians.es\/wp-content\/uploads\/2025\/02\/7U0A2292.jpg?resize=300%2C200&amp;ssl=1 300w, https:\/\/i0.wp.com\/olivamorosicristians.es\/wp-content\/uploads\/2025\/02\/7U0A2292.jpg?resize=1024%2C683&amp;ssl=1 1024w, https:\/\/i0.wp.com\/olivamorosicristians.es\/wp-content\/uploads\/2025\/02\/7U0A2292.jpg?resize=768%2C512&amp;ssl=1 768w, https:\/\/i0.wp.com\/olivamorosicristians.es\/wp-content\/uploads\/2025\/02\/7U0A2292.jpg?resize=18%2C12&amp;ssl=1 18w, https:\/\/i0.wp.com\/olivamorosicristians.es\/wp-content\/uploads\/2025\/02\/7U0A2292.jpg?resize=640%2C427&amp;ssl=1 640w\" sizes=\"auto, (max-width: 1170px) 100vw, 1170px\" data-attachment-id=\"11543\" data-permalink=\"https:\/\/olivamorosicristians.es\/es\/nomenament-de-carrecs-2025\/7u0a2292\/\" data-orig-file=\"https:\/\/i0.wp.com\/olivamorosicristians.es\/wp-content\/uploads\/2025\/02\/7U0A2292.jpg?fit=1200%2C800&amp;ssl=1\" data-orig-size=\"1200,800\" data-comments-opened=\"0\" data-image-meta=\"{&quot;aperture&quot;:&quot;4&quot;,&quot;credit&quot;:&quot;ANTONI RIBERA OLTRA&quot;,&quot;camera&quot;:&quot;Canon EOS 5D Mark IV&quot;,&quot;caption&quot;:&quot;&quot;,&quot;created_timestamp&quot;:&quot;1738439909&quot;,&quot;copyright&quot;:&quot;ANTONI RIBERA OLTRA antoniribera@live.com +34645997713&quot;,&quot;focal_length&quot;:&quot;50&quot;,&quot;iso&quot;:&quot;800&quot;,&quot;shutter_speed&quot;:&quot;0.005&quot;,&quot;title&quot;:&quot;&quot;,&quot;orientation&quot;:&quot;1&quot;}\" data-image-title=\"7U0A2292\" data-image-description=\"\" data-image-caption=\"\" data-large-file=\"https:\/\/i0.wp.com\/olivamorosicristians.es\/wp-content\/uploads\/2025\/02\/7U0A2292.jpg?fit=1024%2C683&amp;ssl=1\" \/>        <\/a>\r\n                <\/div>\r\n                    <div class=\"w-item col-6\">\r\n                                <a href=\"https:\/\/i0.wp.com\/olivamorosicristians.es\/wp-content\/uploads\/2025\/02\/7U0A2326.jpg?fit=1200%2C800&#038;ssl=1\" data-rel=\"lightcase:gallery-37\">\r\n        <img loading=\"lazy\" decoding=\"async\" width=\"1200\" height=\"800\" src=\"https:\/\/i0.wp.com\/olivamorosicristians.es\/wp-content\/uploads\/2025\/02\/7U0A2326.jpg?fit=1200%2C800&amp;ssl=1\" class=\"cover-image\" alt=\"\" srcset=\"https:\/\/i0.wp.com\/olivamorosicristians.es\/wp-content\/uploads\/2025\/02\/7U0A2326.jpg?w=1200&amp;ssl=1 1200w, https:\/\/i0.wp.com\/olivamorosicristians.es\/wp-content\/uploads\/2025\/02\/7U0A2326.jpg?resize=300%2C200&amp;ssl=1 300w, https:\/\/i0.wp.com\/olivamorosicristians.es\/wp-content\/uploads\/2025\/02\/7U0A2326.jpg?resize=1024%2C683&amp;ssl=1 1024w, https:\/\/i0.wp.com\/olivamorosicristians.es\/wp-content\/uploads\/2025\/02\/7U0A2326.jpg?resize=768%2C512&amp;ssl=1 768w, https:\/\/i0.wp.com\/olivamorosicristians.es\/wp-content\/uploads\/2025\/02\/7U0A2326.jpg?resize=18%2C12&amp;ssl=1 18w, https:\/\/i0.wp.com\/olivamorosicristians.es\/wp-content\/uploads\/2025\/02\/7U0A2326.jpg?resize=640%2C427&amp;ssl=1 640w\" sizes=\"auto, (max-width: 1170px) 100vw, 1170px\" data-attachment-id=\"11542\" data-permalink=\"https:\/\/olivamorosicristians.es\/es\/nomenament-de-carrecs-2025\/7u0a2326\/\" data-orig-file=\"https:\/\/i0.wp.com\/olivamorosicristians.es\/wp-content\/uploads\/2025\/02\/7U0A2326.jpg?fit=1200%2C800&amp;ssl=1\" data-orig-size=\"1200,800\" data-comments-opened=\"0\" data-image-meta=\"{&quot;aperture&quot;:&quot;4&quot;,&quot;credit&quot;:&quot;ANTONI RIBERA OLTRA&quot;,&quot;camera&quot;:&quot;Canon EOS 5D Mark IV&quot;,&quot;caption&quot;:&quot;&quot;,&quot;created_timestamp&quot;:&quot;1738440187&quot;,&quot;copyright&quot;:&quot;ANTONI RIBERA OLTRA antoniribera@live.com +34645997713&quot;,&quot;focal_length&quot;:&quot;50&quot;,&quot;iso&quot;:&quot;800&quot;,&quot;shutter_speed&quot;:&quot;0.005&quot;,&quot;title&quot;:&quot;&quot;,&quot;orientation&quot;:&quot;1&quot;}\" data-image-title=\"7U0A2326\" data-image-description=\"\" data-image-caption=\"\" data-large-file=\"https:\/\/i0.wp.com\/olivamorosicristians.es\/wp-content\/uploads\/2025\/02\/7U0A2326.jpg?fit=1024%2C683&amp;ssl=1\" \/>        <\/a>\r\n                <\/div>\r\n        <\/div>\r\n<\/div><div class=\"w-space\" style=\"height:10px\"><\/div><div class=\"w-text-block\">\n    <p class=\"p1\">Capit\u00e0 moro: Fernando Arnal Guti\u00e9rrez.<\/p>\n<\/div><div class=\"w-separator no-text text-left\" style=\"color:#b7a074;width:40%\">\r\n    <span class=\"w-border-left\" style=\"border-top-width:3px;border-color:#b7a074\"><\/span>\r\n    <span class=\"w-text\">\r\n                            <\/span>\r\n    <span class=\"w-border-right\" style=\"border-top-width:3px;border-color:#b7a074\"><\/span>\r\n<\/div><div class=\"w-space\" style=\"height:30px\"><\/div><div class=\"w-text-block\">\n    <p class=\"p1\">Enhorabona a les filades capitanes: Filada Jaume I i Filada Tuareg.<\/p>\n<p class=\"p1\">A m\u00e9s, vam voler recon\u00e9ixer la tasca d\u2019\u00d2scar Prieto, president de la junta anterior, amb un detall en agra\u00efment pel seu comprom\u00eds i dedicaci\u00f3.<\/p>\n<\/div><div class=\"w-space\" style=\"height:30px\"><\/div><div class=\"w-image-gallery w-grid\">\r\n    <div class=\"w-view clear\">\r\n                    <div class=\"w-item col-6\">\r\n                                <a href=\"https:\/\/i0.wp.com\/olivamorosicristians.es\/wp-content\/uploads\/2025\/02\/7U0A2361.jpg?fit=1200%2C800&#038;ssl=1\" data-rel=\"lightcase:gallery-4\">\r\n        <img loading=\"lazy\" decoding=\"async\" width=\"1200\" height=\"800\" src=\"https:\/\/i0.wp.com\/olivamorosicristians.es\/wp-content\/uploads\/2025\/02\/7U0A2361.jpg?fit=1200%2C800&amp;ssl=1\" class=\"cover-image\" alt=\"\" srcset=\"https:\/\/i0.wp.com\/olivamorosicristians.es\/wp-content\/uploads\/2025\/02\/7U0A2361.jpg?w=1200&amp;ssl=1 1200w, https:\/\/i0.wp.com\/olivamorosicristians.es\/wp-content\/uploads\/2025\/02\/7U0A2361.jpg?resize=300%2C200&amp;ssl=1 300w, https:\/\/i0.wp.com\/olivamorosicristians.es\/wp-content\/uploads\/2025\/02\/7U0A2361.jpg?resize=1024%2C683&amp;ssl=1 1024w, https:\/\/i0.wp.com\/olivamorosicristians.es\/wp-content\/uploads\/2025\/02\/7U0A2361.jpg?resize=768%2C512&amp;ssl=1 768w, https:\/\/i0.wp.com\/olivamorosicristians.es\/wp-content\/uploads\/2025\/02\/7U0A2361.jpg?resize=18%2C12&amp;ssl=1 18w, https:\/\/i0.wp.com\/olivamorosicristians.es\/wp-content\/uploads\/2025\/02\/7U0A2361.jpg?resize=640%2C427&amp;ssl=1 640w\" sizes=\"auto, (max-width: 1170px) 100vw, 1170px\" data-attachment-id=\"11551\" data-permalink=\"https:\/\/olivamorosicristians.es\/es\/nomenament-de-carrecs-2025\/7u0a2361\/\" data-orig-file=\"https:\/\/i0.wp.com\/olivamorosicristians.es\/wp-content\/uploads\/2025\/02\/7U0A2361.jpg?fit=1200%2C800&amp;ssl=1\" data-orig-size=\"1200,800\" data-comments-opened=\"0\" data-image-meta=\"{&quot;aperture&quot;:&quot;4&quot;,&quot;credit&quot;:&quot;ANTONI RIBERA OLTRA&quot;,&quot;camera&quot;:&quot;Canon EOS 5D Mark IV&quot;,&quot;caption&quot;:&quot;&quot;,&quot;created_timestamp&quot;:&quot;1738440405&quot;,&quot;copyright&quot;:&quot;ANTONI RIBERA OLTRA antoniribera@live.com +34645997713&quot;,&quot;focal_length&quot;:&quot;50&quot;,&quot;iso&quot;:&quot;800&quot;,&quot;shutter_speed&quot;:&quot;0.005&quot;,&quot;title&quot;:&quot;&quot;,&quot;orientation&quot;:&quot;1&quot;}\" data-image-title=\"7U0A2361\" data-image-description=\"\" data-image-caption=\"\" data-large-file=\"https:\/\/i0.wp.com\/olivamorosicristians.es\/wp-content\/uploads\/2025\/02\/7U0A2361.jpg?fit=1024%2C683&amp;ssl=1\" \/>        <\/a>\r\n                <\/div>\r\n                    <div class=\"w-item col-6\">\r\n                                <a href=\"https:\/\/i0.wp.com\/olivamorosicristians.es\/wp-content\/uploads\/2025\/02\/7U0A2368.jpg?fit=1200%2C800&#038;ssl=1\" data-rel=\"lightcase:gallery-4\">\r\n        <img loading=\"lazy\" decoding=\"async\" width=\"1200\" height=\"800\" src=\"https:\/\/i0.wp.com\/olivamorosicristians.es\/wp-content\/uploads\/2025\/02\/7U0A2368.jpg?fit=1200%2C800&amp;ssl=1\" class=\"cover-image\" alt=\"\" srcset=\"https:\/\/i0.wp.com\/olivamorosicristians.es\/wp-content\/uploads\/2025\/02\/7U0A2368.jpg?w=1200&amp;ssl=1 1200w, https:\/\/i0.wp.com\/olivamorosicristians.es\/wp-content\/uploads\/2025\/02\/7U0A2368.jpg?resize=300%2C200&amp;ssl=1 300w, https:\/\/i0.wp.com\/olivamorosicristians.es\/wp-content\/uploads\/2025\/02\/7U0A2368.jpg?resize=1024%2C683&amp;ssl=1 1024w, https:\/\/i0.wp.com\/olivamorosicristians.es\/wp-content\/uploads\/2025\/02\/7U0A2368.jpg?resize=768%2C512&amp;ssl=1 768w, https:\/\/i0.wp.com\/olivamorosicristians.es\/wp-content\/uploads\/2025\/02\/7U0A2368.jpg?resize=18%2C12&amp;ssl=1 18w, https:\/\/i0.wp.com\/olivamorosicristians.es\/wp-content\/uploads\/2025\/02\/7U0A2368.jpg?resize=640%2C427&amp;ssl=1 640w\" sizes=\"auto, (max-width: 1170px) 100vw, 1170px\" data-attachment-id=\"11553\" data-permalink=\"https:\/\/olivamorosicristians.es\/es\/nomenament-de-carrecs-2025\/7u0a2368\/\" data-orig-file=\"https:\/\/i0.wp.com\/olivamorosicristians.es\/wp-content\/uploads\/2025\/02\/7U0A2368.jpg?fit=1200%2C800&amp;ssl=1\" data-orig-size=\"1200,800\" data-comments-opened=\"0\" data-image-meta=\"{&quot;aperture&quot;:&quot;4&quot;,&quot;credit&quot;:&quot;ANTONI RIBERA OLTRA&quot;,&quot;camera&quot;:&quot;Canon EOS 5D Mark IV&quot;,&quot;caption&quot;:&quot;&quot;,&quot;created_timestamp&quot;:&quot;1738440449&quot;,&quot;copyright&quot;:&quot;ANTONI RIBERA OLTRA antoniribera@live.com +34645997713&quot;,&quot;focal_length&quot;:&quot;50&quot;,&quot;iso&quot;:&quot;800&quot;,&quot;shutter_speed&quot;:&quot;0.005&quot;,&quot;title&quot;:&quot;&quot;,&quot;orientation&quot;:&quot;1&quot;}\" data-image-title=\"7U0A2368\" data-image-description=\"\" data-image-caption=\"\" data-large-file=\"https:\/\/i0.wp.com\/olivamorosicristians.es\/wp-content\/uploads\/2025\/02\/7U0A2368.jpg?fit=1024%2C683&amp;ssl=1\" \/>        <\/a>\r\n                <\/div>\r\n        <\/div>\r\n<\/div><div class=\"w-space\" style=\"height:10px\"><\/div><div class=\"w-text-block\">\n    <p class=\"p1\">Tamb\u00e9 vam escoltar per primera vegada les paraules del nostre president de la Federaci\u00f3, Llu\u00eds Gregori, qui ens va transmetre la seua il\u00b7lusi\u00f3 i determinaci\u00f3 per continuar fent cr\u00e9ixer la festa.<\/p>\n<p class=\"p1\">Enhorabona als nous c\u00e0rrecs! Que aquest siga l\u2019inici d\u2019una capitania\u00a0inoblidable!<\/p>\n<\/div><div class=\"w-space\" style=\"height:30px\"><\/div><div class=\"w-image-gallery w-grid\">\r\n    <div class=\"w-view clear\">\r\n                    <div class=\"w-item col-12\">\r\n                                <a href=\"https:\/\/i0.wp.com\/olivamorosicristians.es\/wp-content\/uploads\/2025\/02\/7U0A2439.jpg?fit=1200%2C800&#038;ssl=1\" data-rel=\"lightcase:gallery-3\">\r\n        <img loading=\"lazy\" decoding=\"async\" width=\"1200\" height=\"800\" src=\"https:\/\/i0.wp.com\/olivamorosicristians.es\/wp-content\/uploads\/2025\/02\/7U0A2439.jpg?fit=1200%2C800&amp;ssl=1\" class=\"cover-image\" alt=\"\" srcset=\"https:\/\/i0.wp.com\/olivamorosicristians.es\/wp-content\/uploads\/2025\/02\/7U0A2439.jpg?w=1200&amp;ssl=1 1200w, https:\/\/i0.wp.com\/olivamorosicristians.es\/wp-content\/uploads\/2025\/02\/7U0A2439.jpg?resize=300%2C200&amp;ssl=1 300w, https:\/\/i0.wp.com\/olivamorosicristians.es\/wp-content\/uploads\/2025\/02\/7U0A2439.jpg?resize=1024%2C683&amp;ssl=1 1024w, https:\/\/i0.wp.com\/olivamorosicristians.es\/wp-content\/uploads\/2025\/02\/7U0A2439.jpg?resize=768%2C512&amp;ssl=1 768w, https:\/\/i0.wp.com\/olivamorosicristians.es\/wp-content\/uploads\/2025\/02\/7U0A2439.jpg?resize=18%2C12&amp;ssl=1 18w, https:\/\/i0.wp.com\/olivamorosicristians.es\/wp-content\/uploads\/2025\/02\/7U0A2439.jpg?resize=640%2C427&amp;ssl=1 640w\" sizes=\"auto, (max-width: 1170px) 100vw, 1170px\" data-attachment-id=\"11555\" data-permalink=\"https:\/\/olivamorosicristians.es\/es\/nomenament-de-carrecs-2025\/7u0a2439\/\" data-orig-file=\"https:\/\/i0.wp.com\/olivamorosicristians.es\/wp-content\/uploads\/2025\/02\/7U0A2439.jpg?fit=1200%2C800&amp;ssl=1\" data-orig-size=\"1200,800\" data-comments-opened=\"0\" data-image-meta=\"{&quot;aperture&quot;:&quot;4&quot;,&quot;credit&quot;:&quot;ANTONI RIBERA OLTRA&quot;,&quot;camera&quot;:&quot;Canon EOS 5D Mark IV&quot;,&quot;caption&quot;:&quot;&quot;,&quot;created_timestamp&quot;:&quot;1738441323&quot;,&quot;copyright&quot;:&quot;ANTONI RIBERA OLTRA antoniribera@live.com +34645997713&quot;,&quot;focal_length&quot;:&quot;37&quot;,&quot;iso&quot;:&quot;800&quot;,&quot;shutter_speed&quot;:&quot;0.008&quot;,&quot;title&quot;:&quot;&quot;,&quot;orientation&quot;:&quot;1&quot;}\" data-image-title=\"7U0A2439\" data-image-description=\"\" data-image-caption=\"\" data-large-file=\"https:\/\/i0.wp.com\/olivamorosicristians.es\/wp-content\/uploads\/2025\/02\/7U0A2439.jpg?fit=1024%2C683&amp;ssl=1\" \/>        <\/a>\r\n                <\/div>\r\n        <\/div>\r\n<\/div><div class=\"w-space\" style=\"height:30px\"><\/div><div class=\"w-separator no-text text-center\" style=\"color:#b7a074;width:20%\">\r\n    <span class=\"w-border-left\" style=\"border-top-width:3px;border-color:#b7a074\"><\/span>\r\n    <span class=\"w-text\">\r\n                            <\/span>\r\n    <span class=\"w-border-right\" style=\"border-top-width:3px;border-color:#b7a074\"><\/span>\r\n<\/div><\/div><\/div><\/div><\/section>","protected":false},"excerpt":{"rendered":"El passat dissabte 1 de febrer, vam acomiadar amb gratitud els c\u00e0rrecs del 2024 i vam donar la benvinguda als nous representants de la festa; Abanderada de la Federaci\u00f3 2025: Mar Pla Parra Ambaixador cristi\u00e0: Carlos Parra Mestre Ambaixador moro: Alejandro Forrat Esteve Capit\u00e0 cristi\u00e0: Josep Parra Mestre Capit\u00e0 moro: Fernando Arnal Guti\u00e9rrez. Enhorabona a [...]","protected":false},"author":1,"featured_media":11518,"comment_status":"closed","ping_status":"open","sticky":false,"template":"","format":"standard","meta":{"jetpack_post_was_ever_published":false,"_jetpack_newsletter_access":"","_jetpack_dont_email_post_to_subs":false,"_jetpack_newsletter_tier_id":0,"_jetpack_memberships_contains_paywalled_content":false,"_jetpack_memberships_contains_paid_content":false,"footnotes":"","jetpack_publicize_message":"","jetpack_publicize_feature_enabled":true,"jetpack_social_post_already_shared":true,"jetpack_social_options":{"image_generator_settings":{"template":"highway","default_image_id":0,"font":"","enabled":false},"version":2}},"categories":[152,149],"tags":[],"class_list":["post-11501","post","type-post","status-publish","format-standard","has-post-thumbnail","hentry","category-actes-oficials","category-esdeveniments"],"yoast_head":"<!-- This site is optimized with the Yoast SEO plugin v27.4 - https:\/\/yoast.com\/product\/yoast-seo-wordpress\/ -->\n<title>Nomenament de c\u00e0rrecs 2025 - Moros i Cristians Oliva<\/title>\n<meta name=\"robots\" content=\"index, follow, max-snippet:-1, max-image-preview:large, max-video-preview:-1\" \/>\n<link rel=\"canonical\" href=\"https:\/\/olivamorosicristians.es\/es\/nomenament-de-carrecs-2025\/\" \/>\n<meta property=\"og:locale\" content=\"es_ES\" \/>\n<meta property=\"og:type\" content=\"article\" \/>\n<meta property=\"og:title\" content=\"Nomenament de c\u00e0rrecs 2025 - Moros i Cristians Oliva\" \/>\n<meta property=\"og:url\" content=\"https:\/\/olivamorosicristians.es\/es\/nomenament-de-carrecs-2025\/\" \/>\n<meta property=\"og:site_name\" content=\"Moros i Cristians Oliva\" \/>\n<meta property=\"article:publisher\" content=\"https:\/\/www.facebook.com\/federaciodemorosicristiansdoliva\/\" \/>\n<meta property=\"article:author\" content=\"https:\/\/www.facebook.com\/federaciodemorosicristiansdoliva\" \/>\n<meta property=\"article:published_time\" content=\"2025-02-07T16:56:36+00:00\" \/>\n<meta property=\"article:modified_time\" content=\"2025-02-07T16:57:25+00:00\" \/>\n<meta property=\"og:image\" content=\"https:\/\/olivamorosicristians.es\/wp-content\/uploads\/2025\/02\/7U0A2455-1.jpg\" \/>\n\t<meta property=\"og:image:width\" content=\"1200\" \/>\n\t<meta property=\"og:image:height\" content=\"800\" \/>\n\t<meta property=\"og:image:type\" content=\"image\/jpeg\" \/>\n<meta name=\"author\" content=\"Webmaster\" \/>\n<meta name=\"twitter:card\" content=\"summary_large_image\" \/>\n<meta name=\"twitter:label1\" content=\"Escrito por\" \/>\n\t<meta name=\"twitter:data1\" content=\"Webmaster\" \/>\n\t<meta name=\"twitter:label2\" content=\"Tiempo de lectura\" \/>\n\t<meta name=\"twitter:data2\" content=\"2 minutos\" \/>\n<script type=\"application\/ld+json\" class=\"yoast-schema-graph\">{\"@context\":\"https:\\\/\\\/schema.org\",\"@graph\":[{\"@type\":\"Article\",\"@id\":\"https:\\\/\\\/olivamorosicristians.es\\\/nomenament-de-carrecs-2025\\\/#article\",\"isPartOf\":{\"@id\":\"https:\\\/\\\/olivamorosicristians.es\\\/nomenament-de-carrecs-2025\\\/\"},\"author\":{\"name\":\"Webmaster\",\"@id\":\"https:\\\/\\\/olivamorosicristians.es\\\/#\\\/schema\\\/person\\\/21ece052d8816103cad91a2676fd0149\"},\"headline\":\"Nomenament de c\u00e0rrecs 2025\",\"datePublished\":\"2025-02-07T16:56:36+00:00\",\"dateModified\":\"2025-02-07T16:57:25+00:00\",\"mainEntityOfPage\":{\"@id\":\"https:\\\/\\\/olivamorosicristians.es\\\/nomenament-de-carrecs-2025\\\/\"},\"wordCount\":376,\"publisher\":{\"@id\":\"https:\\\/\\\/olivamorosicristians.es\\\/#organization\"},\"image\":{\"@id\":\"https:\\\/\\\/olivamorosicristians.es\\\/nomenament-de-carrecs-2025\\\/#primaryimage\"},\"thumbnailUrl\":\"https:\\\/\\\/i0.wp.com\\\/olivamorosicristians.es\\\/wp-content\\\/uploads\\\/2025\\\/02\\\/7U0A2455-1.jpg?fit=1200%2C800&ssl=1\",\"articleSection\":[\"Actes oficials\",\"Esdeveniments\"],\"inLanguage\":\"es\"},{\"@type\":\"WebPage\",\"@id\":\"https:\\\/\\\/olivamorosicristians.es\\\/nomenament-de-carrecs-2025\\\/\",\"url\":\"https:\\\/\\\/olivamorosicristians.es\\\/nomenament-de-carrecs-2025\\\/\",\"name\":\"Nomenament de c\u00e0rrecs 2025 - Moros i Cristians Oliva\",\"isPartOf\":{\"@id\":\"https:\\\/\\\/olivamorosicristians.es\\\/#website\"},\"primaryImageOfPage\":{\"@id\":\"https:\\\/\\\/olivamorosicristians.es\\\/nomenament-de-carrecs-2025\\\/#primaryimage\"},\"image\":{\"@id\":\"https:\\\/\\\/olivamorosicristians.es\\\/nomenament-de-carrecs-2025\\\/#primaryimage\"},\"thumbnailUrl\":\"https:\\\/\\\/i0.wp.com\\\/olivamorosicristians.es\\\/wp-content\\\/uploads\\\/2025\\\/02\\\/7U0A2455-1.jpg?fit=1200%2C800&ssl=1\",\"datePublished\":\"2025-02-07T16:56:36+00:00\",\"dateModified\":\"2025-02-07T16:57:25+00:00\",\"breadcrumb\":{\"@id\":\"https:\\\/\\\/olivamorosicristians.es\\\/nomenament-de-carrecs-2025\\\/#breadcrumb\"},\"inLanguage\":\"es\",\"potentialAction\":[{\"@type\":\"ReadAction\",\"target\":[\"https:\\\/\\\/olivamorosicristians.es\\\/nomenament-de-carrecs-2025\\\/\"]}]},{\"@type\":\"ImageObject\",\"inLanguage\":\"es\",\"@id\":\"https:\\\/\\\/olivamorosicristians.es\\\/nomenament-de-carrecs-2025\\\/#primaryimage\",\"url\":\"https:\\\/\\\/i0.wp.com\\\/olivamorosicristians.es\\\/wp-content\\\/uploads\\\/2025\\\/02\\\/7U0A2455-1.jpg?fit=1200%2C800&ssl=1\",\"contentUrl\":\"https:\\\/\\\/i0.wp.com\\\/olivamorosicristians.es\\\/wp-content\\\/uploads\\\/2025\\\/02\\\/7U0A2455-1.jpg?fit=1200%2C800&ssl=1\",\"width\":1200,\"height\":800},{\"@type\":\"BreadcrumbList\",\"@id\":\"https:\\\/\\\/olivamorosicristians.es\\\/nomenament-de-carrecs-2025\\\/#breadcrumb\",\"itemListElement\":[{\"@type\":\"ListItem\",\"position\":1,\"name\":\"Portada\",\"item\":\"https:\\\/\\\/olivamorosicristians.es\\\/\"},{\"@type\":\"ListItem\",\"position\":2,\"name\":\"Nomenament de c\u00e0rrecs 2025\"}]},{\"@type\":\"WebSite\",\"@id\":\"https:\\\/\\\/olivamorosicristians.es\\\/#website\",\"url\":\"https:\\\/\\\/olivamorosicristians.es\\\/\",\"name\":\"Moros i Cristians Oliva\",\"description\":\"FMCO\",\"publisher\":{\"@id\":\"https:\\\/\\\/olivamorosicristians.es\\\/#organization\"},\"potentialAction\":[{\"@type\":\"SearchAction\",\"target\":{\"@type\":\"EntryPoint\",\"urlTemplate\":\"https:\\\/\\\/olivamorosicristians.es\\\/?s={search_term_string}\"},\"query-input\":{\"@type\":\"PropertyValueSpecification\",\"valueRequired\":true,\"valueName\":\"search_term_string\"}}],\"inLanguage\":\"es\"},{\"@type\":\"Organization\",\"@id\":\"https:\\\/\\\/olivamorosicristians.es\\\/#organization\",\"name\":\"Federaci\u00f3 de Moros i Cristians - Oliva\",\"url\":\"https:\\\/\\\/olivamorosicristians.es\\\/\",\"logo\":{\"@type\":\"ImageObject\",\"inLanguage\":\"es\",\"@id\":\"https:\\\/\\\/olivamorosicristians.es\\\/#\\\/schema\\\/logo\\\/image\\\/\",\"url\":\"https:\\\/\\\/i2.wp.com\\\/olivamorosicristians.es\\\/wp-content\\\/uploads\\\/2018\\\/06\\\/Icon_FMiCO.png?fit=50%2C50&ssl=1\",\"contentUrl\":\"https:\\\/\\\/i2.wp.com\\\/olivamorosicristians.es\\\/wp-content\\\/uploads\\\/2018\\\/06\\\/Icon_FMiCO.png?fit=50%2C50&ssl=1\",\"width\":50,\"height\":50,\"caption\":\"Federaci\u00f3 de Moros i Cristians - Oliva\"},\"image\":{\"@id\":\"https:\\\/\\\/olivamorosicristians.es\\\/#\\\/schema\\\/logo\\\/image\\\/\"},\"sameAs\":[\"https:\\\/\\\/www.facebook.com\\\/federaciodemorosicristiansdoliva\\\/\",\"https:\\\/\\\/www.instagram.com\\\/morosicristiansoliva\\\/?hl=es\"]},{\"@type\":\"Person\",\"@id\":\"https:\\\/\\\/olivamorosicristians.es\\\/#\\\/schema\\\/person\\\/21ece052d8816103cad91a2676fd0149\",\"name\":\"Webmaster\",\"image\":{\"@type\":\"ImageObject\",\"inLanguage\":\"es\",\"@id\":\"https:\\\/\\\/secure.gravatar.com\\\/avatar\\\/18de20f14d74abe0c800b423a8b0e24cae6153cb6baeb2c2df80e1cef2117e0d?s=96&d=mm&r=g\",\"url\":\"https:\\\/\\\/secure.gravatar.com\\\/avatar\\\/18de20f14d74abe0c800b423a8b0e24cae6153cb6baeb2c2df80e1cef2117e0d?s=96&d=mm&r=g\",\"contentUrl\":\"https:\\\/\\\/secure.gravatar.com\\\/avatar\\\/18de20f14d74abe0c800b423a8b0e24cae6153cb6baeb2c2df80e1cef2117e0d?s=96&d=mm&r=g\",\"caption\":\"Webmaster\"},\"sameAs\":[\"https:\\\/\\\/www.facebook.com\\\/federaciodemorosicristiansdoliva\",\"https:\\\/\\\/www.instagram.com\\\/morosicristiansoliva\\\/\"]}]}<\/script>\n<!-- \/ Yoast SEO plugin. -->","yoast_head_json":{"title":"Nomenament de c\u00e0rrecs 2025 - Moros i Cristians Oliva","robots":{"index":"index","follow":"follow","max-snippet":"max-snippet:-1","max-image-preview":"max-image-preview:large","max-video-preview":"max-video-preview:-1"},"canonical":"https:\/\/olivamorosicristians.es\/es\/nomenament-de-carrecs-2025\/","og_locale":"es_ES","og_type":"article","og_title":"Nomenament de c\u00e0rrecs 2025 - Moros i Cristians Oliva","og_url":"https:\/\/olivamorosicristians.es\/es\/nomenament-de-carrecs-2025\/","og_site_name":"Moros i Cristians Oliva","article_publisher":"https:\/\/www.facebook.com\/federaciodemorosicristiansdoliva\/","article_author":"https:\/\/www.facebook.com\/federaciodemorosicristiansdoliva","article_published_time":"2025-02-07T16:56:36+00:00","article_modified_time":"2025-02-07T16:57:25+00:00","og_image":[{"width":1200,"height":800,"url":"https:\/\/olivamorosicristians.es\/wp-content\/uploads\/2025\/02\/7U0A2455-1.jpg","type":"image\/jpeg"}],"author":"Webmaster","twitter_card":"summary_large_image","twitter_misc":{"Escrito por":"Webmaster","Tiempo de lectura":"2 minutos"},"schema":{"@context":"https:\/\/schema.org","@graph":[{"@type":"Article","@id":"https:\/\/olivamorosicristians.es\/nomenament-de-carrecs-2025\/#article","isPartOf":{"@id":"https:\/\/olivamorosicristians.es\/nomenament-de-carrecs-2025\/"},"author":{"name":"Webmaster","@id":"https:\/\/olivamorosicristians.es\/#\/schema\/person\/21ece052d8816103cad91a2676fd0149"},"headline":"Nomenament de c\u00e0rrecs 2025","datePublished":"2025-02-07T16:56:36+00:00","dateModified":"2025-02-07T16:57:25+00:00","mainEntityOfPage":{"@id":"https:\/\/olivamorosicristians.es\/nomenament-de-carrecs-2025\/"},"wordCount":376,"publisher":{"@id":"https:\/\/olivamorosicristians.es\/#organization"},"image":{"@id":"https:\/\/olivamorosicristians.es\/nomenament-de-carrecs-2025\/#primaryimage"},"thumbnailUrl":"https:\/\/i0.wp.com\/olivamorosicristians.es\/wp-content\/uploads\/2025\/02\/7U0A2455-1.jpg?fit=1200%2C800&ssl=1","articleSection":["Actes oficials","Esdeveniments"],"inLanguage":"es"},{"@type":"WebPage","@id":"https:\/\/olivamorosicristians.es\/nomenament-de-carrecs-2025\/","url":"https:\/\/olivamorosicristians.es\/nomenament-de-carrecs-2025\/","name":"Nomenament de c\u00e0rrecs 2025 - Moros i Cristians Oliva","isPartOf":{"@id":"https:\/\/olivamorosicristians.es\/#website"},"primaryImageOfPage":{"@id":"https:\/\/olivamorosicristians.es\/nomenament-de-carrecs-2025\/#primaryimage"},"image":{"@id":"https:\/\/olivamorosicristians.es\/nomenament-de-carrecs-2025\/#primaryimage"},"thumbnailUrl":"https:\/\/i0.wp.com\/olivamorosicristians.es\/wp-content\/uploads\/2025\/02\/7U0A2455-1.jpg?fit=1200%2C800&ssl=1","datePublished":"2025-02-07T16:56:36+00:00","dateModified":"2025-02-07T16:57:25+00:00","breadcrumb":{"@id":"https:\/\/olivamorosicristians.es\/nomenament-de-carrecs-2025\/#breadcrumb"},"inLanguage":"es","potentialAction":[{"@type":"ReadAction","target":["https:\/\/olivamorosicristians.es\/nomenament-de-carrecs-2025\/"]}]},{"@type":"ImageObject","inLanguage":"es","@id":"https:\/\/olivamorosicristians.es\/nomenament-de-carrecs-2025\/#primaryimage","url":"https:\/\/i0.wp.com\/olivamorosicristians.es\/wp-content\/uploads\/2025\/02\/7U0A2455-1.jpg?fit=1200%2C800&ssl=1","contentUrl":"https:\/\/i0.wp.com\/olivamorosicristians.es\/wp-content\/uploads\/2025\/02\/7U0A2455-1.jpg?fit=1200%2C800&ssl=1","width":1200,"height":800},{"@type":"BreadcrumbList","@id":"https:\/\/olivamorosicristians.es\/nomenament-de-carrecs-2025\/#breadcrumb","itemListElement":[{"@type":"ListItem","position":1,"name":"Portada","item":"https:\/\/olivamorosicristians.es\/"},{"@type":"ListItem","position":2,"name":"Nomenament de c\u00e0rrecs 2025"}]},{"@type":"WebSite","@id":"https:\/\/olivamorosicristians.es\/#website","url":"https:\/\/olivamorosicristians.es\/","name":"Moros i Cristians Oliva","description":"FMCO","publisher":{"@id":"https:\/\/olivamorosicristians.es\/#organization"},"potentialAction":[{"@type":"SearchAction","target":{"@type":"EntryPoint","urlTemplate":"https:\/\/olivamorosicristians.es\/?s={search_term_string}"},"query-input":{"@type":"PropertyValueSpecification","valueRequired":true,"valueName":"search_term_string"}}],"inLanguage":"es"},{"@type":"Organization","@id":"https:\/\/olivamorosicristians.es\/#organization","name":"La Federaci\u00f3n de Moros y Cristianos de Oliva","url":"https:\/\/olivamorosicristians.es\/","logo":{"@type":"ImageObject","inLanguage":"es","@id":"https:\/\/olivamorosicristians.es\/#\/schema\/logo\/image\/","url":"https:\/\/i2.wp.com\/olivamorosicristians.es\/wp-content\/uploads\/2018\/06\/Icon_FMiCO.png?fit=50%2C50&ssl=1","contentUrl":"https:\/\/i2.wp.com\/olivamorosicristians.es\/wp-content\/uploads\/2018\/06\/Icon_FMiCO.png?fit=50%2C50&ssl=1","width":50,"height":50,"caption":"Federaci\u00f3 de Moros i Cristians - Oliva"},"image":{"@id":"https:\/\/olivamorosicristians.es\/#\/schema\/logo\/image\/"},"sameAs":["https:\/\/www.facebook.com\/federaciodemorosicristiansdoliva\/","https:\/\/www.instagram.com\/morosicristiansoliva\/?hl=es"]},{"@type":"Person","@id":"https:\/\/olivamorosicristians.es\/#\/schema\/person\/21ece052d8816103cad91a2676fd0149","name":"Webmaster","image":{"@type":"ImageObject","inLanguage":"es","@id":"https:\/\/secure.gravatar.com\/avatar\/18de20f14d74abe0c800b423a8b0e24cae6153cb6baeb2c2df80e1cef2117e0d?s=96&d=mm&r=g","url":"https:\/\/secure.gravatar.com\/avatar\/18de20f14d74abe0c800b423a8b0e24cae6153cb6baeb2c2df80e1cef2117e0d?s=96&d=mm&r=g","contentUrl":"https:\/\/secure.gravatar.com\/avatar\/18de20f14d74abe0c800b423a8b0e24cae6153cb6baeb2c2df80e1cef2117e0d?s=96&d=mm&r=g","caption":"Webmaster"},"sameAs":["https:\/\/www.facebook.com\/federaciodemorosicristiansdoliva","https:\/\/www.instagram.com\/morosicristiansoliva\/"]}]}},"jetpack_publicize_connections":[],"jetpack_featured_media_url":"https:\/\/i0.wp.com\/olivamorosicristians.es\/wp-content\/uploads\/2025\/02\/7U0A2455-1.jpg?fit=1200%2C800&ssl=1","jetpack_sharing_enabled":true,"jetpack_shortlink":"https:\/\/wp.me\/pagEx6-2Zv","jetpack-related-posts":[],"_links":{"self":[{"href":"https:\/\/olivamorosicristians.es\/es\/wp-json\/wp\/v2\/posts\/11501","targetHints":{"allow":["GET"]}}],"collection":[{"href":"https:\/\/olivamorosicristians.es\/es\/wp-json\/wp\/v2\/posts"}],"about":[{"href":"https:\/\/olivamorosicristians.es\/es\/wp-json\/wp\/v2\/types\/post"}],"author":[{"embeddable":true,"href":"https:\/\/olivamorosicristians.es\/es\/wp-json\/wp\/v2\/users\/1"}],"replies":[{"embeddable":true,"href":"https:\/\/olivamorosicristians.es\/es\/wp-json\/wp\/v2\/comments?post=11501"}],"version-history":[{"count":36,"href":"https:\/\/olivamorosicristians.es\/es\/wp-json\/wp\/v2\/posts\/11501\/revisions"}],"predecessor-version":[{"id":11560,"href":"https:\/\/olivamorosicristians.es\/es\/wp-json\/wp\/v2\/posts\/11501\/revisions\/11560"}],"wp:featuredmedia":[{"embeddable":true,"href":"https:\/\/olivamorosicristians.es\/es\/wp-json\/wp\/v2\/media\/11518"}],"wp:attachment":[{"href":"https:\/\/olivamorosicristians.es\/es\/wp-json\/wp\/v2\/media?parent=11501"}],"wp:term":[{"taxonomy":"category","embeddable":true,"href":"https:\/\/olivamorosicristians.es\/es\/wp-json\/wp\/v2\/categories?post=11501"},{"taxonomy":"post_tag","embeddable":true,"href":"https:\/\/olivamorosicristians.es\/es\/wp-json\/wp\/v2\/tags?post=11501"}],"curies":[{"name":"wp","href":"https:\/\/api.w.org\/{rel}","templated":true}]}}