{"id":11397,"date":"2024-04-21T22:13:19","date_gmt":"2024-04-21T20:13:19","guid":{"rendered":"https:\/\/olivamorosicristians.es\/?p=11397"},"modified":"2024-04-22T14:16:12","modified_gmt":"2024-04-22T12:16:12","slug":"resultat-del-comite-de-valoracio-de-la-crida-a-projecte-2","status":"publish","type":"post","link":"https:\/\/olivamorosicristians.es\/es\/resultat-del-comite-de-valoracio-de-la-crida-a-projecte-2\/","title":{"rendered":"Resultat del Comit\u00e9 de Valoraci\u00f3 de la Crida a Projecte"},"content":{"rendered":"<p class=\"p1\"><b>Resultat del Comit\u00e9 de Valoraci\u00f3 de la Crida a Projecte per a la imatge de les Festes de Moros i Cristians d<\/b><span class=\"s1\">\u2019<\/span><b>Oliva 2024<\/b><\/p>\n<p class=\"p1\">Constitu\u00eft\u00a0i reunit el Comit\u00e9 de Valoraci\u00f3 per a les candidatures presentades a la Crida a Projecte per a la imatge gr\u00e0fica de les Festes de Moros i Cristians d&#8217;Oliva 2024, amb dos\u00a0representants\u00a0membres\u00a0de l&#8217;Associaci\u00f3 de Dissenyadors de la Comunitat Valenciana (ADCV)\u00a0Kike\u00a0Fern\u00e1ndez i Nereida\u00a0Tarazona, i a la secretaria del comit\u00e9 Helena\u00a0Ma\u00f1\u00f3, professora de disseny gr\u00e0fic en l&#8217;EASD\u00a0de Val\u00e8ncia i secret\u00e0ria de la Federaci\u00f3 de Moros i Cristians d&#8217;Oliva.<\/p>\n<p class=\"p1\">En aquest segon any de la convocat\u00f2ria de Crida a Projecte, ha augmentat la participaci\u00f3 i tothom ha coincidit en la gran qualitat i varietat de les candidatures.<\/p>\n<p class=\"p1\">Agrair,\u00a0per descomptat, la col\u00b7laboraci\u00f3 de la Regidoria de Turisme que ha fet possible aquesta segona edici\u00f3 de la Crida a Projecte.<\/p>\n<p class=\"p1\">Despr\u00e9s d&#8217;analitzar i valorar les postulacions presentades a trav\u00e9s dels\u00a0portafolis\u00a0de treballs i curr\u00edculums, per la seua\u00a0idone\u00eftat\u00a0amb els treballs semblants presentats i l&#8217;originalitat\u00a0d&#8217;aquests, el comit\u00e9 ha deliberat que la candidatura seleccionada per a realitzar l&#8217;enc\u00e0rrec ser\u00e0 Diego Mir.<\/p>\n<p class=\"p1\">Diego Mir \u00e9s il\u00b7lustrador i dissenyador gr\u00e0fic especialitzat en il\u00b7lustraci\u00f3 per a premsa, cartells i identitat corporativa.<\/p>\n<p class=\"p1\">Ent\u00e9n\u00a0el seu ofici com un proc\u00e9s intens de reflexi\u00f3 que precedeix l&#8217;execuci\u00f3 final, amb l&#8217;objectiu\u00a0de traduir gr\u00e0ficament conceptes complexos de manera senzilla. Creu fermament en les bones<\/p>\n<p class=\"p1\">idees, per damunt de qualsevol tend\u00e8ncia, artifici gr\u00e0fic o estil personal.<\/p>\n<p class=\"p1\">El disseny, com a exercici de comunicaci\u00f3 i motor de canvi, pot i deu millorar la vida de les persones, i li agrada desenvolupar la seua labor des d&#8217;all\u00f2 local\u00a0amb una mirada global.<\/p>\n<p class=\"p1\">El seu treball ha estat reconegut amb alguns premis, entre els quals destaquen els Laus,\u00a0ADCV,\u00a0\u00d1H\u00a0o European Design Awards. A m\u00e9s,\u00a0s\u00f3c\u00a0membre d&#8217;ADG-FAD,\u00a0ADCV,\u00a0APIV\u00a0i\u00a0VEGAP.<\/p>\n<p class=\"p1\">Les seues il\u00b7lustracions han aparegut en mitjans espanyols i internacionals.<\/p>\n<p class=\"p1\">Alguns dels seus clients s\u00f3n The New York Times, The Village Voice, El Pa\u00eds, The Wall Street Journal, The Economist, ElDiario.es,\u00a0Gr\u00e1ffica,\u00a0P\u00fablico, Ajuntament de Val\u00e8ncia, Instituci\u00f3 Alfons el Magn\u00e0nim, Per\u00a0l&#8217;Horta,\u00a0Las\u00a0Naves, McGraw-Hill, Planeta, Penguin Random House, Palau de la M\u00fasica de Val\u00e8ncia, CCCB, Universitat de Val\u00e8ncia i Museu de Belles Arts de Val\u00e8ncia, entre molts altres.<\/p>\n<p class=\"p1\">Un dels seus treballs recents amb gran projecci\u00f3 dins del m\u00f3n festiu, ha estat la imatge gr\u00e0fica de les Falles de Val\u00e8ncia 2021,\u00a0junt amb\u00a0Fase\u00a0Studio.<\/p>\n<p class=\"p1\">Pots\u00a0vore\u00a0m\u00e9s del seu treball ac\u00ed: <i>https:\/\/www.diegomir.es\/<\/i><\/p>","protected":false},"excerpt":{"rendered":"<p>Resultat del Comit\u00e9 de Valoraci\u00f3 de la Crida a Projecte per a la imatge de les Festes de Moros i Cristians d\u2019Oliva 2024 Constitu\u00eft\u00a0i reunit el Comit\u00e9 de Valoraci\u00f3 per a les candidatures presentades a la Crida a Projecte per a la imatge gr\u00e0fica de les Festes de Moros i Cristians d&#8217;Oliva 2024, amb dos\u00a0representants\u00a0membres\u00a0de [&hellip;]<\/p>\n","protected":false},"author":1,"featured_media":11398,"comment_status":"closed","ping_status":"open","sticky":false,"template":"","format":"standard","meta":{"jetpack_post_was_ever_published":false,"_jetpack_newsletter_access":"","_jetpack_dont_email_post_to_subs":false,"_jetpack_newsletter_tier_id":0,"_jetpack_memberships_contains_paywalled_content":false,"_jetpack_memberships_contains_paid_content":false,"footnotes":"","jetpack_publicize_message":"","jetpack_publicize_feature_enabled":true,"jetpack_social_post_already_shared":true,"jetpack_social_options":{"image_generator_settings":{"template":"highway","default_image_id":0,"font":"","enabled":false},"version":2}},"categories":[1],"tags":[],"class_list":["post-11397","post","type-post","status-publish","format-standard","has-post-thumbnail","hentry","category-varis"],"yoast_head":"<!-- This site is optimized with the Yoast SEO plugin v27.4 - https:\/\/yoast.com\/product\/yoast-seo-wordpress\/ -->\n<title>Resultat del Comit\u00e9 de Valoraci\u00f3 de la Crida a Projecte - Moros i Cristians Oliva<\/title>\n<meta name=\"robots\" content=\"index, follow, max-snippet:-1, max-image-preview:large, max-video-preview:-1\" \/>\n<link rel=\"canonical\" href=\"https:\/\/olivamorosicristians.es\/es\/resultat-del-comite-de-valoracio-de-la-crida-a-projecte-2\/\" \/>\n<meta property=\"og:locale\" content=\"es_ES\" \/>\n<meta property=\"og:type\" content=\"article\" \/>\n<meta property=\"og:title\" content=\"Resultat del Comit\u00e9 de Valoraci\u00f3 de la Crida a Projecte - Moros i Cristians Oliva\" \/>\n<meta property=\"og:description\" content=\"Resultat del Comit\u00e9 de Valoraci\u00f3 de la Crida a Projecte per a la imatge de les Festes de Moros i Cristians d\u2019Oliva 2024 Constitu\u00eft\u00a0i reunit el Comit\u00e9 de Valoraci\u00f3 per a les candidatures presentades a la Crida a Projecte per a la imatge gr\u00e0fica de les Festes de Moros i Cristians d&#8217;Oliva 2024, amb dos\u00a0representants\u00a0membres\u00a0de [&hellip;]\" \/>\n<meta property=\"og:url\" content=\"https:\/\/olivamorosicristians.es\/es\/resultat-del-comite-de-valoracio-de-la-crida-a-projecte-2\/\" \/>\n<meta property=\"og:site_name\" content=\"Moros i Cristians Oliva\" \/>\n<meta property=\"article:publisher\" content=\"https:\/\/www.facebook.com\/federaciodemorosicristiansdoliva\/\" \/>\n<meta property=\"article:author\" content=\"https:\/\/www.facebook.com\/federaciodemorosicristiansdoliva\" \/>\n<meta property=\"article:published_time\" content=\"2024-04-21T20:13:19+00:00\" \/>\n<meta property=\"article:modified_time\" content=\"2024-04-22T12:16:12+00:00\" \/>\n<meta property=\"og:image\" content=\"https:\/\/olivamorosicristians.es\/wp-content\/uploads\/2024\/04\/anunci_RESULTAT-Crida24-scaled.jpg\" \/>\n\t<meta property=\"og:image:width\" content=\"2560\" \/>\n\t<meta property=\"og:image:height\" content=\"1440\" \/>\n\t<meta property=\"og:image:type\" content=\"image\/jpeg\" \/>\n<meta name=\"author\" content=\"Webmaster\" \/>\n<meta name=\"twitter:card\" content=\"summary_large_image\" \/>\n<meta name=\"twitter:label1\" content=\"Escrito por\" \/>\n\t<meta name=\"twitter:data1\" content=\"Webmaster\" \/>\n\t<meta name=\"twitter:label2\" content=\"Tiempo de lectura\" \/>\n\t<meta name=\"twitter:data2\" content=\"3 minutos\" \/>\n<script type=\"application\/ld+json\" class=\"yoast-schema-graph\">{\"@context\":\"https:\\\/\\\/schema.org\",\"@graph\":[{\"@type\":\"Article\",\"@id\":\"https:\\\/\\\/olivamorosicristians.es\\\/resultat-del-comite-de-valoracio-de-la-crida-a-projecte-2\\\/#article\",\"isPartOf\":{\"@id\":\"https:\\\/\\\/olivamorosicristians.es\\\/resultat-del-comite-de-valoracio-de-la-crida-a-projecte-2\\\/\"},\"author\":{\"name\":\"Webmaster\",\"@id\":\"https:\\\/\\\/olivamorosicristians.es\\\/#\\\/schema\\\/person\\\/21ece052d8816103cad91a2676fd0149\"},\"headline\":\"Resultat del Comit\u00e9 de Valoraci\u00f3 de la Crida a Projecte\",\"datePublished\":\"2024-04-21T20:13:19+00:00\",\"dateModified\":\"2024-04-22T12:16:12+00:00\",\"mainEntityOfPage\":{\"@id\":\"https:\\\/\\\/olivamorosicristians.es\\\/resultat-del-comite-de-valoracio-de-la-crida-a-projecte-2\\\/\"},\"wordCount\":478,\"publisher\":{\"@id\":\"https:\\\/\\\/olivamorosicristians.es\\\/#organization\"},\"image\":{\"@id\":\"https:\\\/\\\/olivamorosicristians.es\\\/resultat-del-comite-de-valoracio-de-la-crida-a-projecte-2\\\/#primaryimage\"},\"thumbnailUrl\":\"https:\\\/\\\/i0.wp.com\\\/olivamorosicristians.es\\\/wp-content\\\/uploads\\\/2024\\\/04\\\/anunci_RESULTAT-Crida24-scaled.jpg?fit=2560%2C1440&ssl=1\",\"articleSection\":[\"Varis\"],\"inLanguage\":\"es\"},{\"@type\":\"WebPage\",\"@id\":\"https:\\\/\\\/olivamorosicristians.es\\\/resultat-del-comite-de-valoracio-de-la-crida-a-projecte-2\\\/\",\"url\":\"https:\\\/\\\/olivamorosicristians.es\\\/resultat-del-comite-de-valoracio-de-la-crida-a-projecte-2\\\/\",\"name\":\"Resultat del Comit\u00e9 de Valoraci\u00f3 de la Crida a Projecte - Moros i Cristians Oliva\",\"isPartOf\":{\"@id\":\"https:\\\/\\\/olivamorosicristians.es\\\/#website\"},\"primaryImageOfPage\":{\"@id\":\"https:\\\/\\\/olivamorosicristians.es\\\/resultat-del-comite-de-valoracio-de-la-crida-a-projecte-2\\\/#primaryimage\"},\"image\":{\"@id\":\"https:\\\/\\\/olivamorosicristians.es\\\/resultat-del-comite-de-valoracio-de-la-crida-a-projecte-2\\\/#primaryimage\"},\"thumbnailUrl\":\"https:\\\/\\\/i0.wp.com\\\/olivamorosicristians.es\\\/wp-content\\\/uploads\\\/2024\\\/04\\\/anunci_RESULTAT-Crida24-scaled.jpg?fit=2560%2C1440&ssl=1\",\"datePublished\":\"2024-04-21T20:13:19+00:00\",\"dateModified\":\"2024-04-22T12:16:12+00:00\",\"breadcrumb\":{\"@id\":\"https:\\\/\\\/olivamorosicristians.es\\\/resultat-del-comite-de-valoracio-de-la-crida-a-projecte-2\\\/#breadcrumb\"},\"inLanguage\":\"es\",\"potentialAction\":[{\"@type\":\"ReadAction\",\"target\":[\"https:\\\/\\\/olivamorosicristians.es\\\/resultat-del-comite-de-valoracio-de-la-crida-a-projecte-2\\\/\"]}]},{\"@type\":\"ImageObject\",\"inLanguage\":\"es\",\"@id\":\"https:\\\/\\\/olivamorosicristians.es\\\/resultat-del-comite-de-valoracio-de-la-crida-a-projecte-2\\\/#primaryimage\",\"url\":\"https:\\\/\\\/i0.wp.com\\\/olivamorosicristians.es\\\/wp-content\\\/uploads\\\/2024\\\/04\\\/anunci_RESULTAT-Crida24-scaled.jpg?fit=2560%2C1440&ssl=1\",\"contentUrl\":\"https:\\\/\\\/i0.wp.com\\\/olivamorosicristians.es\\\/wp-content\\\/uploads\\\/2024\\\/04\\\/anunci_RESULTAT-Crida24-scaled.jpg?fit=2560%2C1440&ssl=1\",\"width\":2560,\"height\":1440},{\"@type\":\"BreadcrumbList\",\"@id\":\"https:\\\/\\\/olivamorosicristians.es\\\/resultat-del-comite-de-valoracio-de-la-crida-a-projecte-2\\\/#breadcrumb\",\"itemListElement\":[{\"@type\":\"ListItem\",\"position\":1,\"name\":\"Portada\",\"item\":\"https:\\\/\\\/olivamorosicristians.es\\\/\"},{\"@type\":\"ListItem\",\"position\":2,\"name\":\"Resultat del Comit\u00e9 de Valoraci\u00f3 de la Crida a Projecte\"}]},{\"@type\":\"WebSite\",\"@id\":\"https:\\\/\\\/olivamorosicristians.es\\\/#website\",\"url\":\"https:\\\/\\\/olivamorosicristians.es\\\/\",\"name\":\"Moros i Cristians Oliva\",\"description\":\"FMCO\",\"publisher\":{\"@id\":\"https:\\\/\\\/olivamorosicristians.es\\\/#organization\"},\"potentialAction\":[{\"@type\":\"SearchAction\",\"target\":{\"@type\":\"EntryPoint\",\"urlTemplate\":\"https:\\\/\\\/olivamorosicristians.es\\\/?s={search_term_string}\"},\"query-input\":{\"@type\":\"PropertyValueSpecification\",\"valueRequired\":true,\"valueName\":\"search_term_string\"}}],\"inLanguage\":\"es\"},{\"@type\":\"Organization\",\"@id\":\"https:\\\/\\\/olivamorosicristians.es\\\/#organization\",\"name\":\"Federaci\u00f3 de Moros i Cristians - Oliva\",\"url\":\"https:\\\/\\\/olivamorosicristians.es\\\/\",\"logo\":{\"@type\":\"ImageObject\",\"inLanguage\":\"es\",\"@id\":\"https:\\\/\\\/olivamorosicristians.es\\\/#\\\/schema\\\/logo\\\/image\\\/\",\"url\":\"https:\\\/\\\/i2.wp.com\\\/olivamorosicristians.es\\\/wp-content\\\/uploads\\\/2018\\\/06\\\/Icon_FMiCO.png?fit=50%2C50&ssl=1\",\"contentUrl\":\"https:\\\/\\\/i2.wp.com\\\/olivamorosicristians.es\\\/wp-content\\\/uploads\\\/2018\\\/06\\\/Icon_FMiCO.png?fit=50%2C50&ssl=1\",\"width\":50,\"height\":50,\"caption\":\"Federaci\u00f3 de Moros i Cristians - Oliva\"},\"image\":{\"@id\":\"https:\\\/\\\/olivamorosicristians.es\\\/#\\\/schema\\\/logo\\\/image\\\/\"},\"sameAs\":[\"https:\\\/\\\/www.facebook.com\\\/federaciodemorosicristiansdoliva\\\/\",\"https:\\\/\\\/www.instagram.com\\\/morosicristiansoliva\\\/?hl=es\"]},{\"@type\":\"Person\",\"@id\":\"https:\\\/\\\/olivamorosicristians.es\\\/#\\\/schema\\\/person\\\/21ece052d8816103cad91a2676fd0149\",\"name\":\"Webmaster\",\"image\":{\"@type\":\"ImageObject\",\"inLanguage\":\"es\",\"@id\":\"https:\\\/\\\/secure.gravatar.com\\\/avatar\\\/18de20f14d74abe0c800b423a8b0e24cae6153cb6baeb2c2df80e1cef2117e0d?s=96&d=mm&r=g\",\"url\":\"https:\\\/\\\/secure.gravatar.com\\\/avatar\\\/18de20f14d74abe0c800b423a8b0e24cae6153cb6baeb2c2df80e1cef2117e0d?s=96&d=mm&r=g\",\"contentUrl\":\"https:\\\/\\\/secure.gravatar.com\\\/avatar\\\/18de20f14d74abe0c800b423a8b0e24cae6153cb6baeb2c2df80e1cef2117e0d?s=96&d=mm&r=g\",\"caption\":\"Webmaster\"},\"sameAs\":[\"https:\\\/\\\/www.facebook.com\\\/federaciodemorosicristiansdoliva\",\"https:\\\/\\\/www.instagram.com\\\/morosicristiansoliva\\\/\"]}]}<\/script>\n<!-- \/ Yoast SEO plugin. -->","yoast_head_json":{"title":"Resultat del Comit\u00e9 de Valoraci\u00f3 de la Crida a Projecte - Moros i Cristians Oliva","robots":{"index":"index","follow":"follow","max-snippet":"max-snippet:-1","max-image-preview":"max-image-preview:large","max-video-preview":"max-video-preview:-1"},"canonical":"https:\/\/olivamorosicristians.es\/es\/resultat-del-comite-de-valoracio-de-la-crida-a-projecte-2\/","og_locale":"es_ES","og_type":"article","og_title":"Resultat del Comit\u00e9 de Valoraci\u00f3 de la Crida a Projecte - Moros i Cristians Oliva","og_description":"Resultat del Comit\u00e9 de Valoraci\u00f3 de la Crida a Projecte per a la imatge de les Festes de Moros i Cristians d\u2019Oliva 2024 Constitu\u00eft\u00a0i reunit el Comit\u00e9 de Valoraci\u00f3 per a les candidatures presentades a la Crida a Projecte per a la imatge gr\u00e0fica de les Festes de Moros i Cristians d&#8217;Oliva 2024, amb dos\u00a0representants\u00a0membres\u00a0de [&hellip;]","og_url":"https:\/\/olivamorosicristians.es\/es\/resultat-del-comite-de-valoracio-de-la-crida-a-projecte-2\/","og_site_name":"Moros i Cristians Oliva","article_publisher":"https:\/\/www.facebook.com\/federaciodemorosicristiansdoliva\/","article_author":"https:\/\/www.facebook.com\/federaciodemorosicristiansdoliva","article_published_time":"2024-04-21T20:13:19+00:00","article_modified_time":"2024-04-22T12:16:12+00:00","og_image":[{"width":2560,"height":1440,"url":"https:\/\/olivamorosicristians.es\/wp-content\/uploads\/2024\/04\/anunci_RESULTAT-Crida24-scaled.jpg","type":"image\/jpeg"}],"author":"Webmaster","twitter_card":"summary_large_image","twitter_misc":{"Escrito por":"Webmaster","Tiempo de lectura":"3 minutos"},"schema":{"@context":"https:\/\/schema.org","@graph":[{"@type":"Article","@id":"https:\/\/olivamorosicristians.es\/resultat-del-comite-de-valoracio-de-la-crida-a-projecte-2\/#article","isPartOf":{"@id":"https:\/\/olivamorosicristians.es\/resultat-del-comite-de-valoracio-de-la-crida-a-projecte-2\/"},"author":{"name":"Webmaster","@id":"https:\/\/olivamorosicristians.es\/#\/schema\/person\/21ece052d8816103cad91a2676fd0149"},"headline":"Resultat del Comit\u00e9 de Valoraci\u00f3 de la Crida a Projecte","datePublished":"2024-04-21T20:13:19+00:00","dateModified":"2024-04-22T12:16:12+00:00","mainEntityOfPage":{"@id":"https:\/\/olivamorosicristians.es\/resultat-del-comite-de-valoracio-de-la-crida-a-projecte-2\/"},"wordCount":478,"publisher":{"@id":"https:\/\/olivamorosicristians.es\/#organization"},"image":{"@id":"https:\/\/olivamorosicristians.es\/resultat-del-comite-de-valoracio-de-la-crida-a-projecte-2\/#primaryimage"},"thumbnailUrl":"https:\/\/i0.wp.com\/olivamorosicristians.es\/wp-content\/uploads\/2024\/04\/anunci_RESULTAT-Crida24-scaled.jpg?fit=2560%2C1440&ssl=1","articleSection":["Varis"],"inLanguage":"es"},{"@type":"WebPage","@id":"https:\/\/olivamorosicristians.es\/resultat-del-comite-de-valoracio-de-la-crida-a-projecte-2\/","url":"https:\/\/olivamorosicristians.es\/resultat-del-comite-de-valoracio-de-la-crida-a-projecte-2\/","name":"Resultat del Comit\u00e9 de Valoraci\u00f3 de la Crida a Projecte - Moros i Cristians Oliva","isPartOf":{"@id":"https:\/\/olivamorosicristians.es\/#website"},"primaryImageOfPage":{"@id":"https:\/\/olivamorosicristians.es\/resultat-del-comite-de-valoracio-de-la-crida-a-projecte-2\/#primaryimage"},"image":{"@id":"https:\/\/olivamorosicristians.es\/resultat-del-comite-de-valoracio-de-la-crida-a-projecte-2\/#primaryimage"},"thumbnailUrl":"https:\/\/i0.wp.com\/olivamorosicristians.es\/wp-content\/uploads\/2024\/04\/anunci_RESULTAT-Crida24-scaled.jpg?fit=2560%2C1440&ssl=1","datePublished":"2024-04-21T20:13:19+00:00","dateModified":"2024-04-22T12:16:12+00:00","breadcrumb":{"@id":"https:\/\/olivamorosicristians.es\/resultat-del-comite-de-valoracio-de-la-crida-a-projecte-2\/#breadcrumb"},"inLanguage":"es","potentialAction":[{"@type":"ReadAction","target":["https:\/\/olivamorosicristians.es\/resultat-del-comite-de-valoracio-de-la-crida-a-projecte-2\/"]}]},{"@type":"ImageObject","inLanguage":"es","@id":"https:\/\/olivamorosicristians.es\/resultat-del-comite-de-valoracio-de-la-crida-a-projecte-2\/#primaryimage","url":"https:\/\/i0.wp.com\/olivamorosicristians.es\/wp-content\/uploads\/2024\/04\/anunci_RESULTAT-Crida24-scaled.jpg?fit=2560%2C1440&ssl=1","contentUrl":"https:\/\/i0.wp.com\/olivamorosicristians.es\/wp-content\/uploads\/2024\/04\/anunci_RESULTAT-Crida24-scaled.jpg?fit=2560%2C1440&ssl=1","width":2560,"height":1440},{"@type":"BreadcrumbList","@id":"https:\/\/olivamorosicristians.es\/resultat-del-comite-de-valoracio-de-la-crida-a-projecte-2\/#breadcrumb","itemListElement":[{"@type":"ListItem","position":1,"name":"Portada","item":"https:\/\/olivamorosicristians.es\/"},{"@type":"ListItem","position":2,"name":"Resultat del Comit\u00e9 de Valoraci\u00f3 de la Crida a Projecte"}]},{"@type":"WebSite","@id":"https:\/\/olivamorosicristians.es\/#website","url":"https:\/\/olivamorosicristians.es\/","name":"Moros i Cristians Oliva","description":"FMCO","publisher":{"@id":"https:\/\/olivamorosicristians.es\/#organization"},"potentialAction":[{"@type":"SearchAction","target":{"@type":"EntryPoint","urlTemplate":"https:\/\/olivamorosicristians.es\/?s={search_term_string}"},"query-input":{"@type":"PropertyValueSpecification","valueRequired":true,"valueName":"search_term_string"}}],"inLanguage":"es"},{"@type":"Organization","@id":"https:\/\/olivamorosicristians.es\/#organization","name":"La Federaci\u00f3n de Moros y Cristianos de Oliva","url":"https:\/\/olivamorosicristians.es\/","logo":{"@type":"ImageObject","inLanguage":"es","@id":"https:\/\/olivamorosicristians.es\/#\/schema\/logo\/image\/","url":"https:\/\/i2.wp.com\/olivamorosicristians.es\/wp-content\/uploads\/2018\/06\/Icon_FMiCO.png?fit=50%2C50&ssl=1","contentUrl":"https:\/\/i2.wp.com\/olivamorosicristians.es\/wp-content\/uploads\/2018\/06\/Icon_FMiCO.png?fit=50%2C50&ssl=1","width":50,"height":50,"caption":"Federaci\u00f3 de Moros i Cristians - Oliva"},"image":{"@id":"https:\/\/olivamorosicristians.es\/#\/schema\/logo\/image\/"},"sameAs":["https:\/\/www.facebook.com\/federaciodemorosicristiansdoliva\/","https:\/\/www.instagram.com\/morosicristiansoliva\/?hl=es"]},{"@type":"Person","@id":"https:\/\/olivamorosicristians.es\/#\/schema\/person\/21ece052d8816103cad91a2676fd0149","name":"Webmaster","image":{"@type":"ImageObject","inLanguage":"es","@id":"https:\/\/secure.gravatar.com\/avatar\/18de20f14d74abe0c800b423a8b0e24cae6153cb6baeb2c2df80e1cef2117e0d?s=96&d=mm&r=g","url":"https:\/\/secure.gravatar.com\/avatar\/18de20f14d74abe0c800b423a8b0e24cae6153cb6baeb2c2df80e1cef2117e0d?s=96&d=mm&r=g","contentUrl":"https:\/\/secure.gravatar.com\/avatar\/18de20f14d74abe0c800b423a8b0e24cae6153cb6baeb2c2df80e1cef2117e0d?s=96&d=mm&r=g","caption":"Webmaster"},"sameAs":["https:\/\/www.facebook.com\/federaciodemorosicristiansdoliva","https:\/\/www.instagram.com\/morosicristiansoliva\/"]}]}},"jetpack_publicize_connections":[],"jetpack_featured_media_url":"https:\/\/i0.wp.com\/olivamorosicristians.es\/wp-content\/uploads\/2024\/04\/anunci_RESULTAT-Crida24-scaled.jpg?fit=2560%2C1440&ssl=1","jetpack_sharing_enabled":true,"jetpack_shortlink":"https:\/\/wp.me\/pagEx6-2XP","jetpack-related-posts":[],"_links":{"self":[{"href":"https:\/\/olivamorosicristians.es\/es\/wp-json\/wp\/v2\/posts\/11397","targetHints":{"allow":["GET"]}}],"collection":[{"href":"https:\/\/olivamorosicristians.es\/es\/wp-json\/wp\/v2\/posts"}],"about":[{"href":"https:\/\/olivamorosicristians.es\/es\/wp-json\/wp\/v2\/types\/post"}],"author":[{"embeddable":true,"href":"https:\/\/olivamorosicristians.es\/es\/wp-json\/wp\/v2\/users\/1"}],"replies":[{"embeddable":true,"href":"https:\/\/olivamorosicristians.es\/es\/wp-json\/wp\/v2\/comments?post=11397"}],"version-history":[{"count":2,"href":"https:\/\/olivamorosicristians.es\/es\/wp-json\/wp\/v2\/posts\/11397\/revisions"}],"predecessor-version":[{"id":11400,"href":"https:\/\/olivamorosicristians.es\/es\/wp-json\/wp\/v2\/posts\/11397\/revisions\/11400"}],"wp:featuredmedia":[{"embeddable":true,"href":"https:\/\/olivamorosicristians.es\/es\/wp-json\/wp\/v2\/media\/11398"}],"wp:attachment":[{"href":"https:\/\/olivamorosicristians.es\/es\/wp-json\/wp\/v2\/media?parent=11397"}],"wp:term":[{"taxonomy":"category","embeddable":true,"href":"https:\/\/olivamorosicristians.es\/es\/wp-json\/wp\/v2\/categories?post=11397"},{"taxonomy":"post_tag","embeddable":true,"href":"https:\/\/olivamorosicristians.es\/es\/wp-json\/wp\/v2\/tags?post=11397"}],"curies":[{"name":"wp","href":"https:\/\/api.w.org\/{rel}","templated":true}]}}