{"id":11295,"date":"2024-03-13T13:48:06","date_gmt":"2024-03-13T11:48:06","guid":{"rendered":"https:\/\/olivamorosicristians.es\/?p=11295"},"modified":"2024-03-13T14:52:35","modified_gmt":"2024-03-13T12:52:35","slug":"cronica-del-mig-any-fester-2024","status":"publish","type":"post","link":"https:\/\/olivamorosicristians.es\/es\/cronica-del-mig-any-fester-2024\/","title":{"rendered":"Cr\u00f2nica del Mig Any fester 2024"},"content":{"rendered":"<section class=\"w-section\">\r\n<div class=\"row\"><div class=\"col col-12\">\r\n    <div class=\"col-inner\"><div class=\"w-text-block\">\n    <p class=\"p1\">Les celebracions del Mig Any fester 2024 comen\u00e7aven el passat 3 de febrer, amb l\u2019acte de Nomenament de C\u00e0rrecs Festers dels Moros i Cristians d\u2019Oliva de 2024 i el posterior sopar de gala al Centre Polivalent.<\/p>\n<p class=\"p1\">L\u2019acte va comen\u00e7ar poc despr\u00e9s de les 19 h de la vesprada, amb una sala de gom a gom, festeres i festers, familiars dels c\u00e0rrecs, autoritats, presidents\/es d\u2019altres associacions locals, etc. Tothom expectant per con\u00e9ixer als nous c\u00e0rrecs de la Festa.<\/p>\n<p class=\"p1\">La secret\u00e0ria de la Federaci\u00f3 va excusar l\u2019abs\u00e8ncia del president \u00d3scar Prieto, que per motius laborals no va poder acudir a l\u2019acte, i va demanar la pres\u00e8ncia a l\u2019escenari del vicepresident, Vicent Llorca qui va presidir la celebraci\u00f3.<\/p>\n<p class=\"p1\">Era l\u2019hora de fer el trasp\u00e0s, i els c\u00e0rrecs de 2023: Enrique Orqu\u00edn, Pablo Orqu\u00edn, Jes\u00fas Camarena i Pascual Moll\u00e0, m\u00e9s tranquils per\u00f2 amb un somriure de nost\u00e0lgia pujaven a l\u2019escenari per cedir els seus c\u00e0rrecs a qui els succeiran aquest any.<\/p>\n<p class=\"p1\">Enguany, recau el c\u00e0rrec d\u2019abanderat de la Federaci\u00f3 per torn, en la Filada Moriscos.<\/p>\n<p class=\"p1\">Aix\u00ed, es presentava a l\u2019abanderada de la FMICO Andrea Alemany Tur que pujava a l\u2019escenari com a representant de tots els Moros i Cristians d\u2019Oliva 2024.<\/p>\n<p class=\"p1\">Ambaixadors i capitans van ser presentats per b\u00e0ndols, acompanyats per les seues respectives gu\u00e0rdies que els van acompanyar per pujar fins a l\u2019escenari.<\/p>\n<p class=\"p1\">Van ser presentats a tota la poblaci\u00f3 i col\u00b7lectiu fester:<\/p>\n<p class=\"p1\">Alejandro Montilla Plata Ambaixador Cristi\u00e0 2024, de la Filada Contrabandistes.<\/p>\n<p class=\"p1\">Vicente Benimeli Alemany Ambaixador Moro 2024, de la Filada Moriscos.<\/p>\n<p class=\"p1\">Adri\u00e1n Fern\u00e1ndez Mi\u00f1ana Capit\u00e0 Cristi\u00e0 2024, de la Filada Contrabandistes.<\/p>\n<p class=\"p1\">i Juanjo Bertomeu Penalva capit\u00e0 moro 2024, de la Filada Moriscos.<\/p>\n<p class=\"p1\">Tots quatre van dedicar paraules commovedores a les seues fam\u00edlies i filades, de segur un acte que recordaran amb gran estima.<\/p>\n<p class=\"p1\">Una vegada fet el trasp\u00e0s i complida la seua tasca, es va agrair de nou el gran any que ens van fer passar els c\u00e0rrecs de 2023 i van abandonar l\u2019escenari.<\/p>\n<\/div><div class=\"w-space\" style=\"height:30px\"><\/div><div class=\"w-image-gallery w-grid\">\r\n    <div class=\"w-view clear\">\r\n                    <div class=\"w-item five-cols\">\r\n                                <a href=\"https:\/\/i0.wp.com\/olivamorosicristians.es\/wp-content\/uploads\/2024\/03\/0W1A0440.jpg?fit=1500%2C1000&#038;ssl=1\" data-rel=\"lightcase:gallery-25\">\r\n        <img loading=\"lazy\" decoding=\"async\" width=\"150\" height=\"150\" src=\"https:\/\/i0.wp.com\/olivamorosicristians.es\/wp-content\/uploads\/2024\/03\/0W1A0440.jpg?resize=150%2C150&amp;ssl=1\" class=\"cover-image\" alt=\"\" srcset=\"https:\/\/i0.wp.com\/olivamorosicristians.es\/wp-content\/uploads\/2024\/03\/0W1A0440.jpg?resize=150%2C150&amp;ssl=1 150w, https:\/\/i0.wp.com\/olivamorosicristians.es\/wp-content\/uploads\/2024\/03\/0W1A0440.jpg?resize=340%2C340&amp;ssl=1 340w, https:\/\/i0.wp.com\/olivamorosicristians.es\/wp-content\/uploads\/2024\/03\/0W1A0440.jpg?resize=640%2C640&amp;ssl=1 640w, https:\/\/i0.wp.com\/olivamorosicristians.es\/wp-content\/uploads\/2024\/03\/0W1A0440.jpg?resize=960%2C960&amp;ssl=1 960w, https:\/\/i0.wp.com\/olivamorosicristians.es\/wp-content\/uploads\/2024\/03\/0W1A0440.jpg?zoom=3&amp;resize=150%2C150&amp;ssl=1 450w\" sizes=\"auto, (max-width: 150px) 100vw, 150px\" data-attachment-id=\"11332\" data-permalink=\"https:\/\/olivamorosicristians.es\/es\/cronica-del-mig-any-fester-2024\/0w1a0440\/\" data-orig-file=\"https:\/\/i0.wp.com\/olivamorosicristians.es\/wp-content\/uploads\/2024\/03\/0W1A0440.jpg?fit=1500%2C1000&amp;ssl=1\" data-orig-size=\"1500,1000\" data-comments-opened=\"0\" data-image-meta=\"{&quot;aperture&quot;:&quot;4&quot;,&quot;credit&quot;:&quot;&quot;,&quot;camera&quot;:&quot;Canon EOS 5D Mark III&quot;,&quot;caption&quot;:&quot;&quot;,&quot;created_timestamp&quot;:&quot;1706988069&quot;,&quot;copyright&quot;:&quot;&quot;,&quot;focal_length&quot;:&quot;45&quot;,&quot;iso&quot;:&quot;800&quot;,&quot;shutter_speed&quot;:&quot;0.00625&quot;,&quot;title&quot;:&quot;&quot;,&quot;orientation&quot;:&quot;1&quot;}\" data-image-title=\"0W1A0440\" data-image-description=\"\" data-image-caption=\"\" data-large-file=\"https:\/\/i0.wp.com\/olivamorosicristians.es\/wp-content\/uploads\/2024\/03\/0W1A0440.jpg?fit=1024%2C683&amp;ssl=1\" \/>        <\/a>\r\n                <\/div>\r\n                    <div class=\"w-item five-cols\">\r\n                                <a href=\"https:\/\/i0.wp.com\/olivamorosicristians.es\/wp-content\/uploads\/2024\/03\/0W1A0449.jpg?fit=1500%2C1000&#038;ssl=1\" data-rel=\"lightcase:gallery-25\">\r\n        <img loading=\"lazy\" decoding=\"async\" width=\"150\" height=\"150\" src=\"https:\/\/i0.wp.com\/olivamorosicristians.es\/wp-content\/uploads\/2024\/03\/0W1A0449.jpg?resize=150%2C150&amp;ssl=1\" class=\"cover-image\" alt=\"\" srcset=\"https:\/\/i0.wp.com\/olivamorosicristians.es\/wp-content\/uploads\/2024\/03\/0W1A0449.jpg?resize=150%2C150&amp;ssl=1 150w, https:\/\/i0.wp.com\/olivamorosicristians.es\/wp-content\/uploads\/2024\/03\/0W1A0449.jpg?resize=340%2C340&amp;ssl=1 340w, https:\/\/i0.wp.com\/olivamorosicristians.es\/wp-content\/uploads\/2024\/03\/0W1A0449.jpg?resize=640%2C640&amp;ssl=1 640w, https:\/\/i0.wp.com\/olivamorosicristians.es\/wp-content\/uploads\/2024\/03\/0W1A0449.jpg?resize=960%2C960&amp;ssl=1 960w, https:\/\/i0.wp.com\/olivamorosicristians.es\/wp-content\/uploads\/2024\/03\/0W1A0449.jpg?zoom=3&amp;resize=150%2C150&amp;ssl=1 450w\" sizes=\"auto, (max-width: 150px) 100vw, 150px\" data-attachment-id=\"11331\" data-permalink=\"https:\/\/olivamorosicristians.es\/es\/0w1a0449\/\" data-orig-file=\"https:\/\/i0.wp.com\/olivamorosicristians.es\/wp-content\/uploads\/2024\/03\/0W1A0449.jpg?fit=1500%2C1000&amp;ssl=1\" data-orig-size=\"1500,1000\" data-comments-opened=\"0\" data-image-meta=\"{&quot;aperture&quot;:&quot;4&quot;,&quot;credit&quot;:&quot;&quot;,&quot;camera&quot;:&quot;Canon EOS 5D Mark III&quot;,&quot;caption&quot;:&quot;&quot;,&quot;created_timestamp&quot;:&quot;1706988215&quot;,&quot;copyright&quot;:&quot;&quot;,&quot;focal_length&quot;:&quot;28&quot;,&quot;iso&quot;:&quot;800&quot;,&quot;shutter_speed&quot;:&quot;0.00625&quot;,&quot;title&quot;:&quot;&quot;,&quot;orientation&quot;:&quot;1&quot;}\" data-image-title=\"0W1A0449\" data-image-description=\"\" data-image-caption=\"\" data-large-file=\"https:\/\/i0.wp.com\/olivamorosicristians.es\/wp-content\/uploads\/2024\/03\/0W1A0449.jpg?fit=1024%2C683&amp;ssl=1\" \/>        <\/a>\r\n                <\/div>\r\n                    <div class=\"w-item five-cols\">\r\n                                <a href=\"https:\/\/i0.wp.com\/olivamorosicristians.es\/wp-content\/uploads\/2024\/03\/0W1A0467.jpg?fit=1500%2C1000&#038;ssl=1\" data-rel=\"lightcase:gallery-25\">\r\n        <img loading=\"lazy\" decoding=\"async\" width=\"150\" height=\"150\" src=\"https:\/\/i0.wp.com\/olivamorosicristians.es\/wp-content\/uploads\/2024\/03\/0W1A0467.jpg?resize=150%2C150&amp;ssl=1\" class=\"cover-image\" alt=\"\" srcset=\"https:\/\/i0.wp.com\/olivamorosicristians.es\/wp-content\/uploads\/2024\/03\/0W1A0467.jpg?resize=150%2C150&amp;ssl=1 150w, https:\/\/i0.wp.com\/olivamorosicristians.es\/wp-content\/uploads\/2024\/03\/0W1A0467.jpg?resize=340%2C340&amp;ssl=1 340w, https:\/\/i0.wp.com\/olivamorosicristians.es\/wp-content\/uploads\/2024\/03\/0W1A0467.jpg?resize=640%2C640&amp;ssl=1 640w, https:\/\/i0.wp.com\/olivamorosicristians.es\/wp-content\/uploads\/2024\/03\/0W1A0467.jpg?resize=960%2C960&amp;ssl=1 960w, https:\/\/i0.wp.com\/olivamorosicristians.es\/wp-content\/uploads\/2024\/03\/0W1A0467.jpg?zoom=3&amp;resize=150%2C150&amp;ssl=1 450w\" sizes=\"auto, (max-width: 150px) 100vw, 150px\" data-attachment-id=\"11328\" data-permalink=\"https:\/\/olivamorosicristians.es\/es\/0w1a0467\/\" data-orig-file=\"https:\/\/i0.wp.com\/olivamorosicristians.es\/wp-content\/uploads\/2024\/03\/0W1A0467.jpg?fit=1500%2C1000&amp;ssl=1\" data-orig-size=\"1500,1000\" data-comments-opened=\"0\" data-image-meta=\"{&quot;aperture&quot;:&quot;4&quot;,&quot;credit&quot;:&quot;&quot;,&quot;camera&quot;:&quot;Canon EOS 5D Mark III&quot;,&quot;caption&quot;:&quot;&quot;,&quot;created_timestamp&quot;:&quot;1706988483&quot;,&quot;copyright&quot;:&quot;&quot;,&quot;focal_length&quot;:&quot;47&quot;,&quot;iso&quot;:&quot;800&quot;,&quot;shutter_speed&quot;:&quot;0.00625&quot;,&quot;title&quot;:&quot;&quot;,&quot;orientation&quot;:&quot;1&quot;}\" data-image-title=\"0W1A0467\" data-image-description=\"\" data-image-caption=\"\" data-large-file=\"https:\/\/i0.wp.com\/olivamorosicristians.es\/wp-content\/uploads\/2024\/03\/0W1A0467.jpg?fit=1024%2C683&amp;ssl=1\" \/>        <\/a>\r\n                <\/div>\r\n                    <div class=\"w-item five-cols\">\r\n                                <a href=\"https:\/\/i0.wp.com\/olivamorosicristians.es\/wp-content\/uploads\/2024\/03\/0W1A0474.jpg?fit=1500%2C1000&#038;ssl=1\" data-rel=\"lightcase:gallery-25\">\r\n        <img loading=\"lazy\" decoding=\"async\" width=\"150\" height=\"150\" src=\"https:\/\/i0.wp.com\/olivamorosicristians.es\/wp-content\/uploads\/2024\/03\/0W1A0474.jpg?resize=150%2C150&amp;ssl=1\" class=\"cover-image\" alt=\"\" srcset=\"https:\/\/i0.wp.com\/olivamorosicristians.es\/wp-content\/uploads\/2024\/03\/0W1A0474.jpg?resize=150%2C150&amp;ssl=1 150w, https:\/\/i0.wp.com\/olivamorosicristians.es\/wp-content\/uploads\/2024\/03\/0W1A0474.jpg?resize=340%2C340&amp;ssl=1 340w, https:\/\/i0.wp.com\/olivamorosicristians.es\/wp-content\/uploads\/2024\/03\/0W1A0474.jpg?resize=640%2C640&amp;ssl=1 640w, https:\/\/i0.wp.com\/olivamorosicristians.es\/wp-content\/uploads\/2024\/03\/0W1A0474.jpg?resize=960%2C960&amp;ssl=1 960w, https:\/\/i0.wp.com\/olivamorosicristians.es\/wp-content\/uploads\/2024\/03\/0W1A0474.jpg?zoom=3&amp;resize=150%2C150&amp;ssl=1 450w\" sizes=\"auto, (max-width: 150px) 100vw, 150px\" data-attachment-id=\"11327\" data-permalink=\"https:\/\/olivamorosicristians.es\/es\/0w1a0474\/\" data-orig-file=\"https:\/\/i0.wp.com\/olivamorosicristians.es\/wp-content\/uploads\/2024\/03\/0W1A0474.jpg?fit=1500%2C1000&amp;ssl=1\" data-orig-size=\"1500,1000\" data-comments-opened=\"0\" data-image-meta=\"{&quot;aperture&quot;:&quot;4&quot;,&quot;credit&quot;:&quot;&quot;,&quot;camera&quot;:&quot;Canon EOS 5D Mark III&quot;,&quot;caption&quot;:&quot;&quot;,&quot;created_timestamp&quot;:&quot;1706988594&quot;,&quot;copyright&quot;:&quot;&quot;,&quot;focal_length&quot;:&quot;32&quot;,&quot;iso&quot;:&quot;800&quot;,&quot;shutter_speed&quot;:&quot;0.00625&quot;,&quot;title&quot;:&quot;&quot;,&quot;orientation&quot;:&quot;1&quot;}\" data-image-title=\"0W1A0474\" data-image-description=\"\" data-image-caption=\"\" data-large-file=\"https:\/\/i0.wp.com\/olivamorosicristians.es\/wp-content\/uploads\/2024\/03\/0W1A0474.jpg?fit=1024%2C683&amp;ssl=1\" \/>        <\/a>\r\n                <\/div>\r\n                    <div class=\"w-item five-cols\">\r\n                                <a href=\"https:\/\/i0.wp.com\/olivamorosicristians.es\/wp-content\/uploads\/2024\/03\/0W1A0486.jpg?fit=1500%2C1000&#038;ssl=1\" data-rel=\"lightcase:gallery-25\">\r\n        <img loading=\"lazy\" decoding=\"async\" width=\"150\" height=\"150\" src=\"https:\/\/i0.wp.com\/olivamorosicristians.es\/wp-content\/uploads\/2024\/03\/0W1A0486.jpg?resize=150%2C150&amp;ssl=1\" class=\"cover-image\" alt=\"\" srcset=\"https:\/\/i0.wp.com\/olivamorosicristians.es\/wp-content\/uploads\/2024\/03\/0W1A0486.jpg?resize=150%2C150&amp;ssl=1 150w, https:\/\/i0.wp.com\/olivamorosicristians.es\/wp-content\/uploads\/2024\/03\/0W1A0486.jpg?resize=340%2C340&amp;ssl=1 340w, https:\/\/i0.wp.com\/olivamorosicristians.es\/wp-content\/uploads\/2024\/03\/0W1A0486.jpg?resize=640%2C640&amp;ssl=1 640w, https:\/\/i0.wp.com\/olivamorosicristians.es\/wp-content\/uploads\/2024\/03\/0W1A0486.jpg?resize=960%2C960&amp;ssl=1 960w, https:\/\/i0.wp.com\/olivamorosicristians.es\/wp-content\/uploads\/2024\/03\/0W1A0486.jpg?zoom=3&amp;resize=150%2C150&amp;ssl=1 450w\" sizes=\"auto, (max-width: 150px) 100vw, 150px\" data-attachment-id=\"11325\" data-permalink=\"https:\/\/olivamorosicristians.es\/es\/0w1a0486\/\" data-orig-file=\"https:\/\/i0.wp.com\/olivamorosicristians.es\/wp-content\/uploads\/2024\/03\/0W1A0486.jpg?fit=1500%2C1000&amp;ssl=1\" data-orig-size=\"1500,1000\" data-comments-opened=\"0\" data-image-meta=\"{&quot;aperture&quot;:&quot;4&quot;,&quot;credit&quot;:&quot;&quot;,&quot;camera&quot;:&quot;Canon EOS 5D Mark III&quot;,&quot;caption&quot;:&quot;&quot;,&quot;created_timestamp&quot;:&quot;1706988739&quot;,&quot;copyright&quot;:&quot;&quot;,&quot;focal_length&quot;:&quot;58&quot;,&quot;iso&quot;:&quot;800&quot;,&quot;shutter_speed&quot;:&quot;0.00625&quot;,&quot;title&quot;:&quot;&quot;,&quot;orientation&quot;:&quot;1&quot;}\" data-image-title=\"0W1A0486\" data-image-description=\"\" data-image-caption=\"\" data-large-file=\"https:\/\/i0.wp.com\/olivamorosicristians.es\/wp-content\/uploads\/2024\/03\/0W1A0486.jpg?fit=1024%2C683&amp;ssl=1\" \/>        <\/a>\r\n                <\/div>\r\n                    <div class=\"w-item five-cols\">\r\n                                <a href=\"https:\/\/i0.wp.com\/olivamorosicristians.es\/wp-content\/uploads\/2024\/03\/0W1A0499.jpg?fit=1500%2C1000&#038;ssl=1\" data-rel=\"lightcase:gallery-25\">\r\n        <img loading=\"lazy\" decoding=\"async\" width=\"150\" height=\"150\" src=\"https:\/\/i0.wp.com\/olivamorosicristians.es\/wp-content\/uploads\/2024\/03\/0W1A0499.jpg?resize=150%2C150&amp;ssl=1\" class=\"cover-image\" alt=\"\" srcset=\"https:\/\/i0.wp.com\/olivamorosicristians.es\/wp-content\/uploads\/2024\/03\/0W1A0499.jpg?resize=150%2C150&amp;ssl=1 150w, https:\/\/i0.wp.com\/olivamorosicristians.es\/wp-content\/uploads\/2024\/03\/0W1A0499.jpg?resize=340%2C340&amp;ssl=1 340w, https:\/\/i0.wp.com\/olivamorosicristians.es\/wp-content\/uploads\/2024\/03\/0W1A0499.jpg?resize=640%2C640&amp;ssl=1 640w, https:\/\/i0.wp.com\/olivamorosicristians.es\/wp-content\/uploads\/2024\/03\/0W1A0499.jpg?resize=960%2C960&amp;ssl=1 960w, https:\/\/i0.wp.com\/olivamorosicristians.es\/wp-content\/uploads\/2024\/03\/0W1A0499.jpg?zoom=3&amp;resize=150%2C150&amp;ssl=1 450w\" sizes=\"auto, (max-width: 150px) 100vw, 150px\" data-attachment-id=\"11324\" data-permalink=\"https:\/\/olivamorosicristians.es\/es\/0w1a0499\/\" data-orig-file=\"https:\/\/i0.wp.com\/olivamorosicristians.es\/wp-content\/uploads\/2024\/03\/0W1A0499.jpg?fit=1500%2C1000&amp;ssl=1\" data-orig-size=\"1500,1000\" data-comments-opened=\"0\" data-image-meta=\"{&quot;aperture&quot;:&quot;4&quot;,&quot;credit&quot;:&quot;&quot;,&quot;camera&quot;:&quot;Canon EOS 5D Mark III&quot;,&quot;caption&quot;:&quot;&quot;,&quot;created_timestamp&quot;:&quot;1706988934&quot;,&quot;copyright&quot;:&quot;&quot;,&quot;focal_length&quot;:&quot;35&quot;,&quot;iso&quot;:&quot;800&quot;,&quot;shutter_speed&quot;:&quot;0.00625&quot;,&quot;title&quot;:&quot;&quot;,&quot;orientation&quot;:&quot;1&quot;}\" data-image-title=\"0W1A0499\" data-image-description=\"\" data-image-caption=\"\" data-large-file=\"https:\/\/i0.wp.com\/olivamorosicristians.es\/wp-content\/uploads\/2024\/03\/0W1A0499.jpg?fit=1024%2C683&amp;ssl=1\" \/>        <\/a>\r\n                <\/div>\r\n                    <div class=\"w-item five-cols\">\r\n                                <a href=\"https:\/\/i0.wp.com\/olivamorosicristians.es\/wp-content\/uploads\/2024\/03\/0W1A0510.jpg?fit=1500%2C1000&#038;ssl=1\" data-rel=\"lightcase:gallery-25\">\r\n        <img loading=\"lazy\" decoding=\"async\" width=\"150\" height=\"150\" src=\"https:\/\/i0.wp.com\/olivamorosicristians.es\/wp-content\/uploads\/2024\/03\/0W1A0510.jpg?resize=150%2C150&amp;ssl=1\" class=\"cover-image\" alt=\"\" srcset=\"https:\/\/i0.wp.com\/olivamorosicristians.es\/wp-content\/uploads\/2024\/03\/0W1A0510.jpg?resize=150%2C150&amp;ssl=1 150w, https:\/\/i0.wp.com\/olivamorosicristians.es\/wp-content\/uploads\/2024\/03\/0W1A0510.jpg?resize=340%2C340&amp;ssl=1 340w, https:\/\/i0.wp.com\/olivamorosicristians.es\/wp-content\/uploads\/2024\/03\/0W1A0510.jpg?resize=640%2C640&amp;ssl=1 640w, https:\/\/i0.wp.com\/olivamorosicristians.es\/wp-content\/uploads\/2024\/03\/0W1A0510.jpg?resize=960%2C960&amp;ssl=1 960w, https:\/\/i0.wp.com\/olivamorosicristians.es\/wp-content\/uploads\/2024\/03\/0W1A0510.jpg?zoom=3&amp;resize=150%2C150&amp;ssl=1 450w\" sizes=\"auto, (max-width: 150px) 100vw, 150px\" data-attachment-id=\"11322\" data-permalink=\"https:\/\/olivamorosicristians.es\/es\/0w1a0510\/\" data-orig-file=\"https:\/\/i0.wp.com\/olivamorosicristians.es\/wp-content\/uploads\/2024\/03\/0W1A0510.jpg?fit=1500%2C1000&amp;ssl=1\" data-orig-size=\"1500,1000\" data-comments-opened=\"0\" data-image-meta=\"{&quot;aperture&quot;:&quot;4&quot;,&quot;credit&quot;:&quot;&quot;,&quot;camera&quot;:&quot;Canon EOS 5D Mark III&quot;,&quot;caption&quot;:&quot;&quot;,&quot;created_timestamp&quot;:&quot;1706989228&quot;,&quot;copyright&quot;:&quot;&quot;,&quot;focal_length&quot;:&quot;65&quot;,&quot;iso&quot;:&quot;800&quot;,&quot;shutter_speed&quot;:&quot;0.00625&quot;,&quot;title&quot;:&quot;&quot;,&quot;orientation&quot;:&quot;1&quot;}\" data-image-title=\"0W1A0510\" data-image-description=\"\" data-image-caption=\"\" data-large-file=\"https:\/\/i0.wp.com\/olivamorosicristians.es\/wp-content\/uploads\/2024\/03\/0W1A0510.jpg?fit=1024%2C683&amp;ssl=1\" \/>        <\/a>\r\n                <\/div>\r\n                    <div class=\"w-item five-cols\">\r\n                                <a href=\"https:\/\/i0.wp.com\/olivamorosicristians.es\/wp-content\/uploads\/2024\/03\/0W1A0525.jpg?fit=1500%2C1000&#038;ssl=1\" data-rel=\"lightcase:gallery-25\">\r\n        <img loading=\"lazy\" decoding=\"async\" width=\"150\" height=\"150\" src=\"https:\/\/i0.wp.com\/olivamorosicristians.es\/wp-content\/uploads\/2024\/03\/0W1A0525.jpg?resize=150%2C150&amp;ssl=1\" class=\"cover-image\" alt=\"\" srcset=\"https:\/\/i0.wp.com\/olivamorosicristians.es\/wp-content\/uploads\/2024\/03\/0W1A0525.jpg?resize=150%2C150&amp;ssl=1 150w, https:\/\/i0.wp.com\/olivamorosicristians.es\/wp-content\/uploads\/2024\/03\/0W1A0525.jpg?resize=340%2C340&amp;ssl=1 340w, https:\/\/i0.wp.com\/olivamorosicristians.es\/wp-content\/uploads\/2024\/03\/0W1A0525.jpg?resize=640%2C640&amp;ssl=1 640w, https:\/\/i0.wp.com\/olivamorosicristians.es\/wp-content\/uploads\/2024\/03\/0W1A0525.jpg?resize=960%2C960&amp;ssl=1 960w, https:\/\/i0.wp.com\/olivamorosicristians.es\/wp-content\/uploads\/2024\/03\/0W1A0525.jpg?zoom=3&amp;resize=150%2C150&amp;ssl=1 450w\" sizes=\"auto, (max-width: 150px) 100vw, 150px\" data-attachment-id=\"11321\" data-permalink=\"https:\/\/olivamorosicristians.es\/es\/0w1a0525\/\" data-orig-file=\"https:\/\/i0.wp.com\/olivamorosicristians.es\/wp-content\/uploads\/2024\/03\/0W1A0525.jpg?fit=1500%2C1000&amp;ssl=1\" data-orig-size=\"1500,1000\" data-comments-opened=\"0\" data-image-meta=\"{&quot;aperture&quot;:&quot;4&quot;,&quot;credit&quot;:&quot;&quot;,&quot;camera&quot;:&quot;Canon EOS 5D Mark III&quot;,&quot;caption&quot;:&quot;&quot;,&quot;created_timestamp&quot;:&quot;1706989366&quot;,&quot;copyright&quot;:&quot;&quot;,&quot;focal_length&quot;:&quot;35&quot;,&quot;iso&quot;:&quot;800&quot;,&quot;shutter_speed&quot;:&quot;0.00625&quot;,&quot;title&quot;:&quot;&quot;,&quot;orientation&quot;:&quot;1&quot;}\" data-image-title=\"0W1A0525\" data-image-description=\"\" data-image-caption=\"\" data-large-file=\"https:\/\/i0.wp.com\/olivamorosicristians.es\/wp-content\/uploads\/2024\/03\/0W1A0525.jpg?fit=1024%2C683&amp;ssl=1\" \/>        <\/a>\r\n                <\/div>\r\n                    <div class=\"w-item five-cols\">\r\n                                <a href=\"https:\/\/i0.wp.com\/olivamorosicristians.es\/wp-content\/uploads\/2024\/03\/0W1A0539.jpg?fit=1500%2C1000&#038;ssl=1\" data-rel=\"lightcase:gallery-25\">\r\n        <img loading=\"lazy\" decoding=\"async\" width=\"150\" height=\"150\" src=\"https:\/\/i0.wp.com\/olivamorosicristians.es\/wp-content\/uploads\/2024\/03\/0W1A0539.jpg?resize=150%2C150&amp;ssl=1\" class=\"cover-image\" alt=\"\" srcset=\"https:\/\/i0.wp.com\/olivamorosicristians.es\/wp-content\/uploads\/2024\/03\/0W1A0539.jpg?resize=150%2C150&amp;ssl=1 150w, https:\/\/i0.wp.com\/olivamorosicristians.es\/wp-content\/uploads\/2024\/03\/0W1A0539.jpg?resize=340%2C340&amp;ssl=1 340w, https:\/\/i0.wp.com\/olivamorosicristians.es\/wp-content\/uploads\/2024\/03\/0W1A0539.jpg?resize=640%2C640&amp;ssl=1 640w, https:\/\/i0.wp.com\/olivamorosicristians.es\/wp-content\/uploads\/2024\/03\/0W1A0539.jpg?resize=960%2C960&amp;ssl=1 960w, https:\/\/i0.wp.com\/olivamorosicristians.es\/wp-content\/uploads\/2024\/03\/0W1A0539.jpg?zoom=3&amp;resize=150%2C150&amp;ssl=1 450w\" sizes=\"auto, (max-width: 150px) 100vw, 150px\" data-attachment-id=\"11319\" data-permalink=\"https:\/\/olivamorosicristians.es\/es\/0w1a0539\/\" data-orig-file=\"https:\/\/i0.wp.com\/olivamorosicristians.es\/wp-content\/uploads\/2024\/03\/0W1A0539.jpg?fit=1500%2C1000&amp;ssl=1\" data-orig-size=\"1500,1000\" data-comments-opened=\"0\" data-image-meta=\"{&quot;aperture&quot;:&quot;4&quot;,&quot;credit&quot;:&quot;&quot;,&quot;camera&quot;:&quot;Canon EOS 5D Mark III&quot;,&quot;caption&quot;:&quot;&quot;,&quot;created_timestamp&quot;:&quot;1706989629&quot;,&quot;copyright&quot;:&quot;&quot;,&quot;focal_length&quot;:&quot;47&quot;,&quot;iso&quot;:&quot;800&quot;,&quot;shutter_speed&quot;:&quot;0.00625&quot;,&quot;title&quot;:&quot;&quot;,&quot;orientation&quot;:&quot;1&quot;}\" data-image-title=\"0W1A0539\" data-image-description=\"\" data-image-caption=\"\" data-large-file=\"https:\/\/i0.wp.com\/olivamorosicristians.es\/wp-content\/uploads\/2024\/03\/0W1A0539.jpg?fit=1024%2C683&amp;ssl=1\" \/>        <\/a>\r\n                <\/div>\r\n                    <div class=\"w-item five-cols\">\r\n                                <a href=\"https:\/\/i0.wp.com\/olivamorosicristians.es\/wp-content\/uploads\/2024\/03\/Capitans-x4.png?fit=454%2C454&#038;ssl=1\" data-rel=\"lightcase:gallery-25\">\r\n        <img loading=\"lazy\" decoding=\"async\" width=\"150\" height=\"150\" src=\"https:\/\/i0.wp.com\/olivamorosicristians.es\/wp-content\/uploads\/2024\/03\/Capitans-x4.png?resize=150%2C150&amp;ssl=1\" class=\"cover-image\" alt=\"\" srcset=\"https:\/\/i0.wp.com\/olivamorosicristians.es\/wp-content\/uploads\/2024\/03\/Capitans-x4.png?w=454&amp;ssl=1 454w, https:\/\/i0.wp.com\/olivamorosicristians.es\/wp-content\/uploads\/2024\/03\/Capitans-x4.png?resize=300%2C300&amp;ssl=1 300w, https:\/\/i0.wp.com\/olivamorosicristians.es\/wp-content\/uploads\/2024\/03\/Capitans-x4.png?resize=150%2C150&amp;ssl=1 150w, https:\/\/i0.wp.com\/olivamorosicristians.es\/wp-content\/uploads\/2024\/03\/Capitans-x4.png?resize=340%2C340&amp;ssl=1 340w\" sizes=\"auto, (max-width: 150px) 100vw, 150px\" data-attachment-id=\"11297\" data-permalink=\"https:\/\/olivamorosicristians.es\/es\/capitans-x4\/\" data-orig-file=\"https:\/\/i0.wp.com\/olivamorosicristians.es\/wp-content\/uploads\/2024\/03\/Capitans-x4.png?fit=454%2C454&amp;ssl=1\" data-orig-size=\"454,454\" data-comments-opened=\"0\" data-image-meta=\"{&quot;aperture&quot;:&quot;0&quot;,&quot;credit&quot;:&quot;&quot;,&quot;camera&quot;:&quot;&quot;,&quot;caption&quot;:&quot;&quot;,&quot;created_timestamp&quot;:&quot;0&quot;,&quot;copyright&quot;:&quot;&quot;,&quot;focal_length&quot;:&quot;0&quot;,&quot;iso&quot;:&quot;0&quot;,&quot;shutter_speed&quot;:&quot;0&quot;,&quot;title&quot;:&quot;&quot;,&quot;orientation&quot;:&quot;0&quot;}\" data-image-title=\"Capitans x4\" data-image-description=\"\" data-image-caption=\"\" data-large-file=\"https:\/\/i0.wp.com\/olivamorosicristians.es\/wp-content\/uploads\/2024\/03\/Capitans-x4.png?fit=454%2C454&amp;ssl=1\" \/>        <\/a>\r\n                <\/div>\r\n        <\/div>\r\n<\/div><div class=\"w-space\" style=\"height:30px\"><\/div><div class=\"w-text-block\">\n    <p class=\"p1\">Per concloure l\u2019acte i per primera vegada en els Moros i Cristians d\u2019Oliva, la Federaci\u00f3 entregava la distinci\u00f3 honor\u00e0ria de President d\u2019Honor a Manolo Arnal Bertomeu (de la Filada Marr\u00e0queix).<\/p>\n<p class=\"p1\">Poques presentacions eren necess\u00e0ries (dins i fora de la Festa), d\u2019una persona tan entregada i vinculada als Moros i Cristians.<\/p>\n<p class=\"p1\">Se li va fer entrega d\u2019un pergam\u00ed commemoratiu i de l\u2019agulla d\u2019or de la FMICO.<\/p>\n<p class=\"p1\">Manolo va dirigir unes emotives paraules i va rebre l\u2019estima i una forta ovaci\u00f3 de tots els assistents.<\/p>\n<p class=\"p1\">D\u2019aquesta manera finalitzava l\u2019acte del Nomenament de c\u00e0rrecs, al que li va seguir un gran sopar de gala i una revetlla plena de germanor i celebracions.<\/p>\n<\/div><div class=\"w-space\" style=\"height:30px\"><\/div><div class=\"w-image-gallery w-grid\">\r\n    <div class=\"w-view clear\">\r\n                    <div class=\"w-item col-2\">\r\n                                <a href=\"https:\/\/i0.wp.com\/olivamorosicristians.es\/wp-content\/uploads\/2024\/03\/0W1A0548.jpg?fit=1500%2C1000&#038;ssl=1\" data-rel=\"lightcase:gallery-44\">\r\n        <img loading=\"lazy\" decoding=\"async\" width=\"150\" height=\"150\" src=\"https:\/\/i0.wp.com\/olivamorosicristians.es\/wp-content\/uploads\/2024\/03\/0W1A0548.jpg?resize=150%2C150&amp;ssl=1\" class=\"cover-image\" alt=\"\" srcset=\"https:\/\/i0.wp.com\/olivamorosicristians.es\/wp-content\/uploads\/2024\/03\/0W1A0548.jpg?resize=150%2C150&amp;ssl=1 150w, https:\/\/i0.wp.com\/olivamorosicristians.es\/wp-content\/uploads\/2024\/03\/0W1A0548.jpg?resize=340%2C340&amp;ssl=1 340w, https:\/\/i0.wp.com\/olivamorosicristians.es\/wp-content\/uploads\/2024\/03\/0W1A0548.jpg?resize=640%2C640&amp;ssl=1 640w, https:\/\/i0.wp.com\/olivamorosicristians.es\/wp-content\/uploads\/2024\/03\/0W1A0548.jpg?resize=960%2C960&amp;ssl=1 960w, https:\/\/i0.wp.com\/olivamorosicristians.es\/wp-content\/uploads\/2024\/03\/0W1A0548.jpg?zoom=3&amp;resize=150%2C150&amp;ssl=1 450w\" sizes=\"auto, (max-width: 150px) 100vw, 150px\" data-attachment-id=\"11318\" data-permalink=\"https:\/\/olivamorosicristians.es\/es\/0w1a0548\/\" data-orig-file=\"https:\/\/i0.wp.com\/olivamorosicristians.es\/wp-content\/uploads\/2024\/03\/0W1A0548.jpg?fit=1500%2C1000&amp;ssl=1\" data-orig-size=\"1500,1000\" data-comments-opened=\"0\" data-image-meta=\"{&quot;aperture&quot;:&quot;4&quot;,&quot;credit&quot;:&quot;&quot;,&quot;camera&quot;:&quot;Canon EOS 5D Mark III&quot;,&quot;caption&quot;:&quot;&quot;,&quot;created_timestamp&quot;:&quot;1706989861&quot;,&quot;copyright&quot;:&quot;&quot;,&quot;focal_length&quot;:&quot;35&quot;,&quot;iso&quot;:&quot;800&quot;,&quot;shutter_speed&quot;:&quot;0.00625&quot;,&quot;title&quot;:&quot;&quot;,&quot;orientation&quot;:&quot;1&quot;}\" data-image-title=\"0W1A0548\" data-image-description=\"\" data-image-caption=\"\" data-large-file=\"https:\/\/i0.wp.com\/olivamorosicristians.es\/wp-content\/uploads\/2024\/03\/0W1A0548.jpg?fit=1024%2C683&amp;ssl=1\" \/>        <\/a>\r\n                <\/div>\r\n                    <div class=\"w-item col-2\">\r\n                                <a href=\"https:\/\/i0.wp.com\/olivamorosicristians.es\/wp-content\/uploads\/2024\/03\/0W1A0559.jpg?fit=1500%2C1000&#038;ssl=1\" data-rel=\"lightcase:gallery-44\">\r\n        <img loading=\"lazy\" decoding=\"async\" width=\"150\" height=\"150\" src=\"https:\/\/i0.wp.com\/olivamorosicristians.es\/wp-content\/uploads\/2024\/03\/0W1A0559.jpg?resize=150%2C150&amp;ssl=1\" class=\"cover-image\" alt=\"\" srcset=\"https:\/\/i0.wp.com\/olivamorosicristians.es\/wp-content\/uploads\/2024\/03\/0W1A0559.jpg?resize=150%2C150&amp;ssl=1 150w, https:\/\/i0.wp.com\/olivamorosicristians.es\/wp-content\/uploads\/2024\/03\/0W1A0559.jpg?resize=340%2C340&amp;ssl=1 340w, https:\/\/i0.wp.com\/olivamorosicristians.es\/wp-content\/uploads\/2024\/03\/0W1A0559.jpg?resize=640%2C640&amp;ssl=1 640w, https:\/\/i0.wp.com\/olivamorosicristians.es\/wp-content\/uploads\/2024\/03\/0W1A0559.jpg?resize=960%2C960&amp;ssl=1 960w, https:\/\/i0.wp.com\/olivamorosicristians.es\/wp-content\/uploads\/2024\/03\/0W1A0559.jpg?zoom=3&amp;resize=150%2C150&amp;ssl=1 450w\" sizes=\"auto, (max-width: 150px) 100vw, 150px\" data-attachment-id=\"11317\" data-permalink=\"https:\/\/olivamorosicristians.es\/es\/0w1a0559\/\" data-orig-file=\"https:\/\/i0.wp.com\/olivamorosicristians.es\/wp-content\/uploads\/2024\/03\/0W1A0559.jpg?fit=1500%2C1000&amp;ssl=1\" data-orig-size=\"1500,1000\" data-comments-opened=\"0\" data-image-meta=\"{&quot;aperture&quot;:&quot;4&quot;,&quot;credit&quot;:&quot;&quot;,&quot;camera&quot;:&quot;Canon EOS 5D Mark III&quot;,&quot;caption&quot;:&quot;&quot;,&quot;created_timestamp&quot;:&quot;1706989940&quot;,&quot;copyright&quot;:&quot;&quot;,&quot;focal_length&quot;:&quot;95&quot;,&quot;iso&quot;:&quot;800&quot;,&quot;shutter_speed&quot;:&quot;0.00625&quot;,&quot;title&quot;:&quot;&quot;,&quot;orientation&quot;:&quot;1&quot;}\" data-image-title=\"0W1A0559\" data-image-description=\"\" data-image-caption=\"\" data-large-file=\"https:\/\/i0.wp.com\/olivamorosicristians.es\/wp-content\/uploads\/2024\/03\/0W1A0559.jpg?fit=1024%2C683&amp;ssl=1\" \/>        <\/a>\r\n                <\/div>\r\n                    <div class=\"w-item col-2\">\r\n                                <a href=\"https:\/\/i0.wp.com\/olivamorosicristians.es\/wp-content\/uploads\/2024\/03\/0W1A0571.jpg?fit=1500%2C1000&#038;ssl=1\" data-rel=\"lightcase:gallery-44\">\r\n        <img loading=\"lazy\" decoding=\"async\" width=\"150\" height=\"150\" src=\"https:\/\/i0.wp.com\/olivamorosicristians.es\/wp-content\/uploads\/2024\/03\/0W1A0571.jpg?resize=150%2C150&amp;ssl=1\" class=\"cover-image\" alt=\"\" srcset=\"https:\/\/i0.wp.com\/olivamorosicristians.es\/wp-content\/uploads\/2024\/03\/0W1A0571.jpg?resize=150%2C150&amp;ssl=1 150w, https:\/\/i0.wp.com\/olivamorosicristians.es\/wp-content\/uploads\/2024\/03\/0W1A0571.jpg?resize=340%2C340&amp;ssl=1 340w, https:\/\/i0.wp.com\/olivamorosicristians.es\/wp-content\/uploads\/2024\/03\/0W1A0571.jpg?resize=640%2C640&amp;ssl=1 640w, https:\/\/i0.wp.com\/olivamorosicristians.es\/wp-content\/uploads\/2024\/03\/0W1A0571.jpg?resize=960%2C960&amp;ssl=1 960w, https:\/\/i0.wp.com\/olivamorosicristians.es\/wp-content\/uploads\/2024\/03\/0W1A0571.jpg?zoom=3&amp;resize=150%2C150&amp;ssl=1 450w\" sizes=\"auto, (max-width: 150px) 100vw, 150px\" data-attachment-id=\"11316\" data-permalink=\"https:\/\/olivamorosicristians.es\/es\/0w1a0571\/\" data-orig-file=\"https:\/\/i0.wp.com\/olivamorosicristians.es\/wp-content\/uploads\/2024\/03\/0W1A0571.jpg?fit=1500%2C1000&amp;ssl=1\" data-orig-size=\"1500,1000\" data-comments-opened=\"0\" data-image-meta=\"{&quot;aperture&quot;:&quot;4&quot;,&quot;credit&quot;:&quot;&quot;,&quot;camera&quot;:&quot;Canon EOS 5D Mark III&quot;,&quot;caption&quot;:&quot;&quot;,&quot;created_timestamp&quot;:&quot;1706990140&quot;,&quot;copyright&quot;:&quot;&quot;,&quot;focal_length&quot;:&quot;96&quot;,&quot;iso&quot;:&quot;800&quot;,&quot;shutter_speed&quot;:&quot;0.00625&quot;,&quot;title&quot;:&quot;&quot;,&quot;orientation&quot;:&quot;1&quot;}\" data-image-title=\"0W1A0571\" data-image-description=\"\" data-image-caption=\"\" data-large-file=\"https:\/\/i0.wp.com\/olivamorosicristians.es\/wp-content\/uploads\/2024\/03\/0W1A0571.jpg?fit=1024%2C683&amp;ssl=1\" \/>        <\/a>\r\n                <\/div>\r\n                    <div class=\"w-item col-2\">\r\n                                <a href=\"https:\/\/i0.wp.com\/olivamorosicristians.es\/wp-content\/uploads\/2024\/03\/0W1A0581.jpg?fit=1500%2C1000&#038;ssl=1\" data-rel=\"lightcase:gallery-44\">\r\n        <img loading=\"lazy\" decoding=\"async\" width=\"150\" height=\"150\" src=\"https:\/\/i0.wp.com\/olivamorosicristians.es\/wp-content\/uploads\/2024\/03\/0W1A0581.jpg?resize=150%2C150&amp;ssl=1\" class=\"cover-image\" alt=\"\" srcset=\"https:\/\/i0.wp.com\/olivamorosicristians.es\/wp-content\/uploads\/2024\/03\/0W1A0581.jpg?resize=150%2C150&amp;ssl=1 150w, https:\/\/i0.wp.com\/olivamorosicristians.es\/wp-content\/uploads\/2024\/03\/0W1A0581.jpg?resize=340%2C340&amp;ssl=1 340w, https:\/\/i0.wp.com\/olivamorosicristians.es\/wp-content\/uploads\/2024\/03\/0W1A0581.jpg?resize=640%2C640&amp;ssl=1 640w, https:\/\/i0.wp.com\/olivamorosicristians.es\/wp-content\/uploads\/2024\/03\/0W1A0581.jpg?resize=960%2C960&amp;ssl=1 960w, https:\/\/i0.wp.com\/olivamorosicristians.es\/wp-content\/uploads\/2024\/03\/0W1A0581.jpg?zoom=3&amp;resize=150%2C150&amp;ssl=1 450w\" sizes=\"auto, (max-width: 150px) 100vw, 150px\" data-attachment-id=\"11315\" data-permalink=\"https:\/\/olivamorosicristians.es\/es\/0w1a0581\/\" data-orig-file=\"https:\/\/i0.wp.com\/olivamorosicristians.es\/wp-content\/uploads\/2024\/03\/0W1A0581.jpg?fit=1500%2C1000&amp;ssl=1\" data-orig-size=\"1500,1000\" data-comments-opened=\"0\" data-image-meta=\"{&quot;aperture&quot;:&quot;4&quot;,&quot;credit&quot;:&quot;&quot;,&quot;camera&quot;:&quot;Canon EOS 5D Mark III&quot;,&quot;caption&quot;:&quot;&quot;,&quot;created_timestamp&quot;:&quot;1706990170&quot;,&quot;copyright&quot;:&quot;&quot;,&quot;focal_length&quot;:&quot;85&quot;,&quot;iso&quot;:&quot;800&quot;,&quot;shutter_speed&quot;:&quot;0.00625&quot;,&quot;title&quot;:&quot;&quot;,&quot;orientation&quot;:&quot;1&quot;}\" data-image-title=\"0W1A0581\" data-image-description=\"\" data-image-caption=\"\" data-large-file=\"https:\/\/i0.wp.com\/olivamorosicristians.es\/wp-content\/uploads\/2024\/03\/0W1A0581.jpg?fit=1024%2C683&amp;ssl=1\" \/>        <\/a>\r\n                <\/div>\r\n                    <div class=\"w-item col-2\">\r\n                                <a href=\"https:\/\/i0.wp.com\/olivamorosicristians.es\/wp-content\/uploads\/2024\/03\/0W1A0585.jpg?fit=1500%2C1000&#038;ssl=1\" data-rel=\"lightcase:gallery-44\">\r\n        <img loading=\"lazy\" decoding=\"async\" width=\"150\" height=\"150\" src=\"https:\/\/i0.wp.com\/olivamorosicristians.es\/wp-content\/uploads\/2024\/03\/0W1A0585.jpg?resize=150%2C150&amp;ssl=1\" class=\"cover-image\" alt=\"\" srcset=\"https:\/\/i0.wp.com\/olivamorosicristians.es\/wp-content\/uploads\/2024\/03\/0W1A0585.jpg?resize=150%2C150&amp;ssl=1 150w, https:\/\/i0.wp.com\/olivamorosicristians.es\/wp-content\/uploads\/2024\/03\/0W1A0585.jpg?resize=340%2C340&amp;ssl=1 340w, https:\/\/i0.wp.com\/olivamorosicristians.es\/wp-content\/uploads\/2024\/03\/0W1A0585.jpg?resize=640%2C640&amp;ssl=1 640w, https:\/\/i0.wp.com\/olivamorosicristians.es\/wp-content\/uploads\/2024\/03\/0W1A0585.jpg?resize=960%2C960&amp;ssl=1 960w, https:\/\/i0.wp.com\/olivamorosicristians.es\/wp-content\/uploads\/2024\/03\/0W1A0585.jpg?zoom=3&amp;resize=150%2C150&amp;ssl=1 450w\" sizes=\"auto, (max-width: 150px) 100vw, 150px\" data-attachment-id=\"11314\" data-permalink=\"https:\/\/olivamorosicristians.es\/es\/0w1a0585\/\" data-orig-file=\"https:\/\/i0.wp.com\/olivamorosicristians.es\/wp-content\/uploads\/2024\/03\/0W1A0585.jpg?fit=1500%2C1000&amp;ssl=1\" data-orig-size=\"1500,1000\" data-comments-opened=\"0\" data-image-meta=\"{&quot;aperture&quot;:&quot;4&quot;,&quot;credit&quot;:&quot;&quot;,&quot;camera&quot;:&quot;Canon EOS 5D Mark III&quot;,&quot;caption&quot;:&quot;&quot;,&quot;created_timestamp&quot;:&quot;1706990180&quot;,&quot;copyright&quot;:&quot;&quot;,&quot;focal_length&quot;:&quot;105&quot;,&quot;iso&quot;:&quot;800&quot;,&quot;shutter_speed&quot;:&quot;0.00625&quot;,&quot;title&quot;:&quot;&quot;,&quot;orientation&quot;:&quot;1&quot;}\" data-image-title=\"0W1A0585\" data-image-description=\"\" data-image-caption=\"\" data-large-file=\"https:\/\/i0.wp.com\/olivamorosicristians.es\/wp-content\/uploads\/2024\/03\/0W1A0585.jpg?fit=1024%2C683&amp;ssl=1\" \/>        <\/a>\r\n                <\/div>\r\n                    <div class=\"w-item col-2\">\r\n                                <a href=\"https:\/\/i0.wp.com\/olivamorosicristians.es\/wp-content\/uploads\/2024\/03\/0W1A0588.jpg?fit=1500%2C1000&#038;ssl=1\" data-rel=\"lightcase:gallery-44\">\r\n        <img loading=\"lazy\" decoding=\"async\" width=\"150\" height=\"150\" src=\"https:\/\/i0.wp.com\/olivamorosicristians.es\/wp-content\/uploads\/2024\/03\/0W1A0588.jpg?resize=150%2C150&amp;ssl=1\" class=\"cover-image\" alt=\"\" srcset=\"https:\/\/i0.wp.com\/olivamorosicristians.es\/wp-content\/uploads\/2024\/03\/0W1A0588.jpg?resize=150%2C150&amp;ssl=1 150w, https:\/\/i0.wp.com\/olivamorosicristians.es\/wp-content\/uploads\/2024\/03\/0W1A0588.jpg?resize=340%2C340&amp;ssl=1 340w, https:\/\/i0.wp.com\/olivamorosicristians.es\/wp-content\/uploads\/2024\/03\/0W1A0588.jpg?resize=640%2C640&amp;ssl=1 640w, https:\/\/i0.wp.com\/olivamorosicristians.es\/wp-content\/uploads\/2024\/03\/0W1A0588.jpg?resize=960%2C960&amp;ssl=1 960w, https:\/\/i0.wp.com\/olivamorosicristians.es\/wp-content\/uploads\/2024\/03\/0W1A0588.jpg?zoom=3&amp;resize=150%2C150&amp;ssl=1 450w\" sizes=\"auto, (max-width: 150px) 100vw, 150px\" data-attachment-id=\"11313\" data-permalink=\"https:\/\/olivamorosicristians.es\/es\/0w1a0588\/\" data-orig-file=\"https:\/\/i0.wp.com\/olivamorosicristians.es\/wp-content\/uploads\/2024\/03\/0W1A0588.jpg?fit=1500%2C1000&amp;ssl=1\" data-orig-size=\"1500,1000\" data-comments-opened=\"0\" data-image-meta=\"{&quot;aperture&quot;:&quot;4&quot;,&quot;credit&quot;:&quot;&quot;,&quot;camera&quot;:&quot;Canon EOS 5D Mark III&quot;,&quot;caption&quot;:&quot;&quot;,&quot;created_timestamp&quot;:&quot;1706990223&quot;,&quot;copyright&quot;:&quot;&quot;,&quot;focal_length&quot;:&quot;55&quot;,&quot;iso&quot;:&quot;800&quot;,&quot;shutter_speed&quot;:&quot;0.00625&quot;,&quot;title&quot;:&quot;&quot;,&quot;orientation&quot;:&quot;1&quot;}\" data-image-title=\"0W1A0588\" data-image-description=\"\" data-image-caption=\"\" data-large-file=\"https:\/\/i0.wp.com\/olivamorosicristians.es\/wp-content\/uploads\/2024\/03\/0W1A0588.jpg?fit=1024%2C683&amp;ssl=1\" \/>        <\/a>\r\n                <\/div>\r\n        <\/div>\r\n<\/div><div class=\"w-space\" style=\"height:30px\"><\/div><div class=\"w-image text-center\">\n            <img loading=\"lazy\" decoding=\"async\" width=\"1500\" height=\"1000\" src=\"https:\/\/i0.wp.com\/olivamorosicristians.es\/wp-content\/uploads\/2024\/03\/0W1A0609.jpg?fit=1500%2C1000&amp;ssl=1\" class=\"attachment-full size-full\" alt=\"\" srcset=\"https:\/\/i0.wp.com\/olivamorosicristians.es\/wp-content\/uploads\/2024\/03\/0W1A0609.jpg?w=1500&amp;ssl=1 1500w, https:\/\/i0.wp.com\/olivamorosicristians.es\/wp-content\/uploads\/2024\/03\/0W1A0609.jpg?resize=300%2C200&amp;ssl=1 300w, https:\/\/i0.wp.com\/olivamorosicristians.es\/wp-content\/uploads\/2024\/03\/0W1A0609.jpg?resize=1024%2C683&amp;ssl=1 1024w, https:\/\/i0.wp.com\/olivamorosicristians.es\/wp-content\/uploads\/2024\/03\/0W1A0609.jpg?resize=768%2C512&amp;ssl=1 768w, https:\/\/i0.wp.com\/olivamorosicristians.es\/wp-content\/uploads\/2024\/03\/0W1A0609.jpg?resize=640%2C427&amp;ssl=1 640w, https:\/\/i0.wp.com\/olivamorosicristians.es\/wp-content\/uploads\/2024\/03\/0W1A0609.jpg?resize=1280%2C853&amp;ssl=1 1280w, https:\/\/i0.wp.com\/olivamorosicristians.es\/wp-content\/uploads\/2024\/03\/0W1A0609.jpg?resize=1320%2C880&amp;ssl=1 1320w\" sizes=\"auto, (max-width: 1170px) 100vw, 1170px\" data-attachment-id=\"11311\" data-permalink=\"https:\/\/olivamorosicristians.es\/es\/0w1a0609\/\" data-orig-file=\"https:\/\/i0.wp.com\/olivamorosicristians.es\/wp-content\/uploads\/2024\/03\/0W1A0609.jpg?fit=1500%2C1000&amp;ssl=1\" data-orig-size=\"1500,1000\" data-comments-opened=\"0\" data-image-meta=\"{&quot;aperture&quot;:&quot;4&quot;,&quot;credit&quot;:&quot;&quot;,&quot;camera&quot;:&quot;Canon EOS 5D Mark III&quot;,&quot;caption&quot;:&quot;&quot;,&quot;created_timestamp&quot;:&quot;1706990911&quot;,&quot;copyright&quot;:&quot;&quot;,&quot;focal_length&quot;:&quot;28&quot;,&quot;iso&quot;:&quot;800&quot;,&quot;shutter_speed&quot;:&quot;0.00625&quot;,&quot;title&quot;:&quot;&quot;,&quot;orientation&quot;:&quot;1&quot;}\" data-image-title=\"0W1A0609\" data-image-description=\"\" data-image-caption=\"\" data-large-file=\"https:\/\/i0.wp.com\/olivamorosicristians.es\/wp-content\/uploads\/2024\/03\/0W1A0609.jpg?fit=1024%2C683&amp;ssl=1\" \/>    <\/div>\n<div class=\"w-space\" style=\"height:30px\"><\/div><div class=\"w-space\" style=\"height:30px\"><\/div><\/div><\/div><\/div><\/section><section class=\"w-section\">\r\n<div class=\"row\"><div class=\"col col-12\">\r\n    <div class=\"col-inner\"><div class=\"w-text-block\">\n    <p>&#8212;&#8211;<\/p>\n<p class=\"p1\">Dissabte 10 de febrer es va celebrar el tradicional Concurs de\u00a0Putxeros\u00a0dels Moros\u00a0i Cristians d&#8217;Oliva. A les 8.30\u202fh\u00a0els trabucs ja retronaven tancant una comitiva\u00a0nombros\u00edssima, cada any m\u00e9s extensa, per enfilar els carrers del Raval i la Vila de la ciutat. Tornaven els trons al Mig any despr\u00e9s que l&#8217;any passat, per amena\u00e7a de pluja, la Comissi\u00f3 de Presidents\/es i Junta de Govern de la\u00a0FMICO\u00a0acordara, amb un criteri de prud\u00e8ncia, no comprar la p\u00f3lvora. Enguany, la climatologia apuntava a un mat\u00ed vent\u00f3s i desassossegant, per\u00f2 res podia parar ja la festa.<\/p>\n<p class=\"p1\">La Pla\u00e7a Joan Baptista Escriv\u00e0 s&#8217;anava omplint de barres, torradores i cassoles que comen\u00e7aven a bullir per als\u00a0putxeros\u00a0i, a les 10.30\u202fh, la comitiva que acabava el recorregut habitual i es disposaven tots per a l&#8217;esmorzar. Omplir les panxes per afrontar la llarga jornada festera.<\/p>\n<p class=\"p1\">Els c\u00e0rrecs, Adri\u00e1n Fern\u00e1ndez i\u00a0Alejandro\u00a0Montilla, capit\u00e0 i ambaixador cristians, de la\u00a0Filada\u00a0Contrabandistes, i\u00a0Juanjo\u00a0Bertomeu\u00a0i\u00a0Vicente\u00a0Benimeli, capit\u00e0 i ambaixador moros, de la\u00a0Filada\u00a0Moriscos, ocupaven el centre de la pla\u00e7a, fent de caps d&#8217;esquadra, a ritme de marxes mores i cristianes interpretades per l&#8217;Associaci\u00f3\u00a0Art\u00edstic-Musical d&#8217;Oliva (A.A.M.O.).<\/p>\n<p class=\"p1\">Amb els esperits animats, la jornada transcorria amb una climatologia an\u00f2malament agradable, poc\u00a0usual\u00a0al febrer.<\/p>\n<\/div><div class=\"w-space\" style=\"height:30px\"><\/div><div class=\"w-image-gallery w-grid\">\r\n    <div class=\"w-view clear\">\r\n                    <div class=\"w-item col-3\">\r\n                                <a href=\"https:\/\/i0.wp.com\/olivamorosicristians.es\/wp-content\/uploads\/2024\/03\/0W1A0603-1.jpg?fit=1500%2C1000&#038;ssl=1\" data-rel=\"lightcase:gallery-77\">\r\n        <img loading=\"lazy\" decoding=\"async\" width=\"150\" height=\"150\" src=\"https:\/\/i0.wp.com\/olivamorosicristians.es\/wp-content\/uploads\/2024\/03\/0W1A0603-1.jpg?resize=150%2C150&amp;ssl=1\" class=\"cover-image\" alt=\"\" srcset=\"https:\/\/i0.wp.com\/olivamorosicristians.es\/wp-content\/uploads\/2024\/03\/0W1A0603-1.jpg?resize=150%2C150&amp;ssl=1 150w, https:\/\/i0.wp.com\/olivamorosicristians.es\/wp-content\/uploads\/2024\/03\/0W1A0603-1.jpg?resize=340%2C340&amp;ssl=1 340w, https:\/\/i0.wp.com\/olivamorosicristians.es\/wp-content\/uploads\/2024\/03\/0W1A0603-1.jpg?resize=640%2C640&amp;ssl=1 640w, https:\/\/i0.wp.com\/olivamorosicristians.es\/wp-content\/uploads\/2024\/03\/0W1A0603-1.jpg?resize=960%2C960&amp;ssl=1 960w, https:\/\/i0.wp.com\/olivamorosicristians.es\/wp-content\/uploads\/2024\/03\/0W1A0603-1.jpg?zoom=3&amp;resize=150%2C150&amp;ssl=1 450w\" sizes=\"auto, (max-width: 150px) 100vw, 150px\" data-attachment-id=\"11337\" data-permalink=\"https:\/\/olivamorosicristians.es\/es\/0w1a0603-2\/\" data-orig-file=\"https:\/\/i0.wp.com\/olivamorosicristians.es\/wp-content\/uploads\/2024\/03\/0W1A0603-1.jpg?fit=1500%2C1000&amp;ssl=1\" data-orig-size=\"1500,1000\" data-comments-opened=\"0\" data-image-meta=\"{&quot;aperture&quot;:&quot;4.5&quot;,&quot;credit&quot;:&quot;&quot;,&quot;camera&quot;:&quot;Canon EOS 5D Mark III&quot;,&quot;caption&quot;:&quot;&quot;,&quot;created_timestamp&quot;:&quot;1707553342&quot;,&quot;copyright&quot;:&quot;&quot;,&quot;focal_length&quot;:&quot;105&quot;,&quot;iso&quot;:&quot;1600&quot;,&quot;shutter_speed&quot;:&quot;0.003125&quot;,&quot;title&quot;:&quot;&quot;,&quot;orientation&quot;:&quot;1&quot;}\" data-image-title=\"0W1A0603\" data-image-description=\"\" data-image-caption=\"\" data-large-file=\"https:\/\/i0.wp.com\/olivamorosicristians.es\/wp-content\/uploads\/2024\/03\/0W1A0603-1.jpg?fit=1024%2C683&amp;ssl=1\" \/>        <\/a>\r\n                <\/div>\r\n                    <div class=\"w-item col-3\">\r\n                                <a href=\"https:\/\/i0.wp.com\/olivamorosicristians.es\/wp-content\/uploads\/2024\/03\/0W1A0614-1.jpg?fit=1000%2C1500&#038;ssl=1\" data-rel=\"lightcase:gallery-77\">\r\n        <img loading=\"lazy\" decoding=\"async\" width=\"150\" height=\"150\" src=\"https:\/\/i0.wp.com\/olivamorosicristians.es\/wp-content\/uploads\/2024\/03\/0W1A0614-1.jpg?resize=150%2C150&amp;ssl=1\" class=\"cover-image\" alt=\"\" srcset=\"https:\/\/i0.wp.com\/olivamorosicristians.es\/wp-content\/uploads\/2024\/03\/0W1A0614-1.jpg?resize=150%2C150&amp;ssl=1 150w, https:\/\/i0.wp.com\/olivamorosicristians.es\/wp-content\/uploads\/2024\/03\/0W1A0614-1.jpg?resize=340%2C340&amp;ssl=1 340w, https:\/\/i0.wp.com\/olivamorosicristians.es\/wp-content\/uploads\/2024\/03\/0W1A0614-1.jpg?resize=640%2C640&amp;ssl=1 640w, https:\/\/i0.wp.com\/olivamorosicristians.es\/wp-content\/uploads\/2024\/03\/0W1A0614-1.jpg?resize=960%2C960&amp;ssl=1 960w, https:\/\/i0.wp.com\/olivamorosicristians.es\/wp-content\/uploads\/2024\/03\/0W1A0614-1.jpg?zoom=3&amp;resize=150%2C150&amp;ssl=1 450w\" sizes=\"auto, (max-width: 150px) 100vw, 150px\" data-attachment-id=\"11338\" data-permalink=\"https:\/\/olivamorosicristians.es\/es\/0w1a0614-2\/\" data-orig-file=\"https:\/\/i0.wp.com\/olivamorosicristians.es\/wp-content\/uploads\/2024\/03\/0W1A0614-1.jpg?fit=1000%2C1500&amp;ssl=1\" data-orig-size=\"1000,1500\" data-comments-opened=\"0\" data-image-meta=\"{&quot;aperture&quot;:&quot;4.5&quot;,&quot;credit&quot;:&quot;&quot;,&quot;camera&quot;:&quot;Canon EOS 5D Mark III&quot;,&quot;caption&quot;:&quot;&quot;,&quot;created_timestamp&quot;:&quot;1707553536&quot;,&quot;copyright&quot;:&quot;&quot;,&quot;focal_length&quot;:&quot;67&quot;,&quot;iso&quot;:&quot;1600&quot;,&quot;shutter_speed&quot;:&quot;0.004&quot;,&quot;title&quot;:&quot;&quot;,&quot;orientation&quot;:&quot;1&quot;}\" data-image-title=\"0W1A0614\" data-image-description=\"\" data-image-caption=\"\" data-large-file=\"https:\/\/i0.wp.com\/olivamorosicristians.es\/wp-content\/uploads\/2024\/03\/0W1A0614-1.jpg?fit=683%2C1024&amp;ssl=1\" \/>        <\/a>\r\n                <\/div>\r\n                    <div class=\"w-item col-3\">\r\n                                <a href=\"https:\/\/i0.wp.com\/olivamorosicristians.es\/wp-content\/uploads\/2024\/03\/0W1A0622-1.jpg?fit=1000%2C1500&#038;ssl=1\" data-rel=\"lightcase:gallery-77\">\r\n        <img loading=\"lazy\" decoding=\"async\" width=\"150\" height=\"150\" src=\"https:\/\/i0.wp.com\/olivamorosicristians.es\/wp-content\/uploads\/2024\/03\/0W1A0622-1.jpg?resize=150%2C150&amp;ssl=1\" class=\"cover-image\" alt=\"\" srcset=\"https:\/\/i0.wp.com\/olivamorosicristians.es\/wp-content\/uploads\/2024\/03\/0W1A0622-1.jpg?resize=150%2C150&amp;ssl=1 150w, https:\/\/i0.wp.com\/olivamorosicristians.es\/wp-content\/uploads\/2024\/03\/0W1A0622-1.jpg?resize=340%2C340&amp;ssl=1 340w, https:\/\/i0.wp.com\/olivamorosicristians.es\/wp-content\/uploads\/2024\/03\/0W1A0622-1.jpg?resize=640%2C640&amp;ssl=1 640w, https:\/\/i0.wp.com\/olivamorosicristians.es\/wp-content\/uploads\/2024\/03\/0W1A0622-1.jpg?resize=960%2C960&amp;ssl=1 960w, https:\/\/i0.wp.com\/olivamorosicristians.es\/wp-content\/uploads\/2024\/03\/0W1A0622-1.jpg?zoom=3&amp;resize=150%2C150&amp;ssl=1 450w\" sizes=\"auto, (max-width: 150px) 100vw, 150px\" data-attachment-id=\"11339\" data-permalink=\"https:\/\/olivamorosicristians.es\/es\/0w1a0622-2\/\" data-orig-file=\"https:\/\/i0.wp.com\/olivamorosicristians.es\/wp-content\/uploads\/2024\/03\/0W1A0622-1.jpg?fit=1000%2C1500&amp;ssl=1\" data-orig-size=\"1000,1500\" data-comments-opened=\"0\" data-image-meta=\"{&quot;aperture&quot;:&quot;4.5&quot;,&quot;credit&quot;:&quot;&quot;,&quot;camera&quot;:&quot;Canon EOS 5D Mark III&quot;,&quot;caption&quot;:&quot;&quot;,&quot;created_timestamp&quot;:&quot;1707554059&quot;,&quot;copyright&quot;:&quot;&quot;,&quot;focal_length&quot;:&quot;96&quot;,&quot;iso&quot;:&quot;1600&quot;,&quot;shutter_speed&quot;:&quot;0.004&quot;,&quot;title&quot;:&quot;&quot;,&quot;orientation&quot;:&quot;1&quot;}\" data-image-title=\"0W1A0622\" data-image-description=\"\" data-image-caption=\"\" data-large-file=\"https:\/\/i0.wp.com\/olivamorosicristians.es\/wp-content\/uploads\/2024\/03\/0W1A0622-1.jpg?fit=683%2C1024&amp;ssl=1\" \/>        <\/a>\r\n                <\/div>\r\n                    <div class=\"w-item col-3\">\r\n                                <a href=\"https:\/\/i0.wp.com\/olivamorosicristians.es\/wp-content\/uploads\/2024\/03\/0W1A0734-1.jpg?fit=1500%2C1000&#038;ssl=1\" data-rel=\"lightcase:gallery-77\">\r\n        <img loading=\"lazy\" decoding=\"async\" width=\"150\" height=\"150\" src=\"https:\/\/i0.wp.com\/olivamorosicristians.es\/wp-content\/uploads\/2024\/03\/0W1A0734-1.jpg?resize=150%2C150&amp;ssl=1\" class=\"cover-image\" alt=\"\" srcset=\"https:\/\/i0.wp.com\/olivamorosicristians.es\/wp-content\/uploads\/2024\/03\/0W1A0734-1.jpg?resize=150%2C150&amp;ssl=1 150w, https:\/\/i0.wp.com\/olivamorosicristians.es\/wp-content\/uploads\/2024\/03\/0W1A0734-1.jpg?resize=340%2C340&amp;ssl=1 340w, https:\/\/i0.wp.com\/olivamorosicristians.es\/wp-content\/uploads\/2024\/03\/0W1A0734-1.jpg?resize=640%2C640&amp;ssl=1 640w, https:\/\/i0.wp.com\/olivamorosicristians.es\/wp-content\/uploads\/2024\/03\/0W1A0734-1.jpg?resize=960%2C960&amp;ssl=1 960w, https:\/\/i0.wp.com\/olivamorosicristians.es\/wp-content\/uploads\/2024\/03\/0W1A0734-1.jpg?zoom=3&amp;resize=150%2C150&amp;ssl=1 450w\" sizes=\"auto, (max-width: 150px) 100vw, 150px\" data-attachment-id=\"11341\" data-permalink=\"https:\/\/olivamorosicristians.es\/es\/0w1a0734-2\/\" data-orig-file=\"https:\/\/i0.wp.com\/olivamorosicristians.es\/wp-content\/uploads\/2024\/03\/0W1A0734-1.jpg?fit=1500%2C1000&amp;ssl=1\" data-orig-size=\"1500,1000\" data-comments-opened=\"0\" data-image-meta=\"{&quot;aperture&quot;:&quot;6.3&quot;,&quot;credit&quot;:&quot;&quot;,&quot;camera&quot;:&quot;Canon EOS 5D Mark III&quot;,&quot;caption&quot;:&quot;&quot;,&quot;created_timestamp&quot;:&quot;1707566705&quot;,&quot;copyright&quot;:&quot;&quot;,&quot;focal_length&quot;:&quot;24&quot;,&quot;iso&quot;:&quot;400&quot;,&quot;shutter_speed&quot;:&quot;0.005&quot;,&quot;title&quot;:&quot;&quot;,&quot;orientation&quot;:&quot;1&quot;}\" data-image-title=\"0W1A0734\" data-image-description=\"\" data-image-caption=\"\" data-large-file=\"https:\/\/i0.wp.com\/olivamorosicristians.es\/wp-content\/uploads\/2024\/03\/0W1A0734-1.jpg?fit=1024%2C683&amp;ssl=1\" \/>        <\/a>\r\n                <\/div>\r\n        <\/div>\r\n<\/div><div class=\"w-space\" style=\"height:30px\"><\/div><div class=\"w-text-block\">\n    <p class=\"p1\">Al voltant de\u00a0les 12 h es van concentrar al mig de la pla\u00e7a les presidentes i presidents de les 12 filades\u00a0junt amb el\u00a0president de la Federaci\u00f3 i els representants d&#8217;AEFAT\u00a0i membres de la filada Moriscos,\u00a0Nadia\u00a0Peir\u00f3 i \u00c0lex\u00a0Ardid, per fer-los entrega del xec de la\u00a0recaptaci\u00f3\u00a0de l&#8217;acte ben\u00e8fic del passat novembre. Un total de 1.850 \u20ac s&#8217;ha donat, gr\u00e0cies a la solidaritat dels festers i festeres dels Moros i Cristians d&#8217;Oliva.<\/p>\n<p class=\"p1\">A les\u00a013\u202fh, era el moment de l&#8217;entrega dels\u00a0putxeros. Enguany, novament, tornaven a presentar-se 12\u00a0putxeros, amb la incorporaci\u00f3 de la\u00a0Filada\u00a0Templaris, als quals tots saludaren amb gran entusiasme per aplegar a engrandir m\u00e9s la Festa.<\/p>\n<p class=\"p1\">El jurat el conformaren l&#8217;alcaldessa\u00a0Yolanda\u00a0Pastor, el regidor de festes i obres i serveis, \u00c1lvaro S\u00e1nchez, el regidor de Turisme i Platges, Salvador Llopis, l&#8217;Intendent en cap de la Policia Local d&#8217;Oliva, Miquel Ferrando, la presidenta de\u00a0Gastroliva, Mapi Barreres, el gerent del Restaurant El Pelut,\u00a0Lorenzo\u00a0Jord\u00e0, Juan Carlos Morera,\u00a0president\u00a0de l&#8217;A.A.M.O., el recentment nomenat\u00a0president\u00a0d&#8217;Honor, Manolo Arnal i el locutor de R\u00e0dio Safor, Juan Carlos\u00a0Girau.<\/p>\n<p class=\"p1\">El veredicte del jurat, despr\u00e9s d&#8217;una intensa deliberaci\u00f3, fou el seg\u00fcent:<\/p>\n<p class=\"p1\">12-Pirates; 11-Tuareg; 10-Moriscos; 9-Mosqueters; 8-Contrabandistes; 7-Jaume I; 6-Mud\u00e8jars; 5-Marr\u00e0queix; 4-Almor\u00e0vits; 3-Templaris; 2-Masers.<\/p>\n<p class=\"p1\">El\u00a0putxero\u00a0guanyador fou el de la\u00a0Filada\u00a0Taifes, amb gran alegria del seu cuiner,\u00a0Pepito, que va contagiar a tots l&#8217;emoci\u00f3. \u00c9s la primera vegada que\u00a0el Taifes\u00a0aconsegueixen guanyar el concurs. La millor presentaci\u00f3 fou per a la\u00a0Filada\u00a0Masers.<\/p>\n<\/div><div class=\"w-space\" style=\"height:30px\"><\/div><div class=\"w-image text-center\">\n            <img loading=\"lazy\" decoding=\"async\" width=\"1500\" height=\"1000\" src=\"https:\/\/i0.wp.com\/olivamorosicristians.es\/wp-content\/uploads\/2024\/03\/0W1A0728-1.jpg?fit=1500%2C1000&amp;ssl=1\" class=\"attachment-full size-full\" alt=\"\" srcset=\"https:\/\/i0.wp.com\/olivamorosicristians.es\/wp-content\/uploads\/2024\/03\/0W1A0728-1.jpg?w=1500&amp;ssl=1 1500w, https:\/\/i0.wp.com\/olivamorosicristians.es\/wp-content\/uploads\/2024\/03\/0W1A0728-1.jpg?resize=300%2C200&amp;ssl=1 300w, https:\/\/i0.wp.com\/olivamorosicristians.es\/wp-content\/uploads\/2024\/03\/0W1A0728-1.jpg?resize=1024%2C683&amp;ssl=1 1024w, https:\/\/i0.wp.com\/olivamorosicristians.es\/wp-content\/uploads\/2024\/03\/0W1A0728-1.jpg?resize=768%2C512&amp;ssl=1 768w, https:\/\/i0.wp.com\/olivamorosicristians.es\/wp-content\/uploads\/2024\/03\/0W1A0728-1.jpg?resize=640%2C427&amp;ssl=1 640w, https:\/\/i0.wp.com\/olivamorosicristians.es\/wp-content\/uploads\/2024\/03\/0W1A0728-1.jpg?resize=1280%2C853&amp;ssl=1 1280w, https:\/\/i0.wp.com\/olivamorosicristians.es\/wp-content\/uploads\/2024\/03\/0W1A0728-1.jpg?resize=1320%2C880&amp;ssl=1 1320w\" sizes=\"auto, (max-width: 1170px) 100vw, 1170px\" data-attachment-id=\"11340\" data-permalink=\"https:\/\/olivamorosicristians.es\/es\/0w1a0728-2\/\" data-orig-file=\"https:\/\/i0.wp.com\/olivamorosicristians.es\/wp-content\/uploads\/2024\/03\/0W1A0728-1.jpg?fit=1500%2C1000&amp;ssl=1\" data-orig-size=\"1500,1000\" data-comments-opened=\"0\" data-image-meta=\"{&quot;aperture&quot;:&quot;13&quot;,&quot;credit&quot;:&quot;&quot;,&quot;camera&quot;:&quot;Canon EOS 5D Mark III&quot;,&quot;caption&quot;:&quot;&quot;,&quot;created_timestamp&quot;:&quot;1707566371&quot;,&quot;copyright&quot;:&quot;&quot;,&quot;focal_length&quot;:&quot;17&quot;,&quot;iso&quot;:&quot;400&quot;,&quot;shutter_speed&quot;:&quot;0.005&quot;,&quot;title&quot;:&quot;&quot;,&quot;orientation&quot;:&quot;1&quot;}\" data-image-title=\"0W1A0728\" data-image-description=\"\" data-image-caption=\"\" data-large-file=\"https:\/\/i0.wp.com\/olivamorosicristians.es\/wp-content\/uploads\/2024\/03\/0W1A0728-1.jpg?fit=1024%2C683&amp;ssl=1\" \/>    <\/div>\n<div class=\"w-space\" style=\"height:30px\"><\/div><div class=\"w-image-gallery w-grid\">\r\n    <div class=\"w-view clear\">\r\n                    <div class=\"w-item col-2\">\r\n                                <a href=\"https:\/\/i0.wp.com\/olivamorosicristians.es\/wp-content\/uploads\/2024\/03\/0W1A0754-1.jpg?fit=1500%2C1000&#038;ssl=1\" data-rel=\"lightcase:gallery-93\">\r\n        <img loading=\"lazy\" decoding=\"async\" width=\"150\" height=\"150\" src=\"https:\/\/i0.wp.com\/olivamorosicristians.es\/wp-content\/uploads\/2024\/03\/0W1A0754-1.jpg?resize=150%2C150&amp;ssl=1\" class=\"cover-image\" alt=\"\" srcset=\"https:\/\/i0.wp.com\/olivamorosicristians.es\/wp-content\/uploads\/2024\/03\/0W1A0754-1.jpg?resize=150%2C150&amp;ssl=1 150w, https:\/\/i0.wp.com\/olivamorosicristians.es\/wp-content\/uploads\/2024\/03\/0W1A0754-1.jpg?resize=340%2C340&amp;ssl=1 340w, https:\/\/i0.wp.com\/olivamorosicristians.es\/wp-content\/uploads\/2024\/03\/0W1A0754-1.jpg?resize=640%2C640&amp;ssl=1 640w, https:\/\/i0.wp.com\/olivamorosicristians.es\/wp-content\/uploads\/2024\/03\/0W1A0754-1.jpg?resize=960%2C960&amp;ssl=1 960w, https:\/\/i0.wp.com\/olivamorosicristians.es\/wp-content\/uploads\/2024\/03\/0W1A0754-1.jpg?zoom=3&amp;resize=150%2C150&amp;ssl=1 450w\" sizes=\"auto, (max-width: 150px) 100vw, 150px\" data-attachment-id=\"11343\" data-permalink=\"https:\/\/olivamorosicristians.es\/es\/0w1a0754-2\/\" data-orig-file=\"https:\/\/i0.wp.com\/olivamorosicristians.es\/wp-content\/uploads\/2024\/03\/0W1A0754-1.jpg?fit=1500%2C1000&amp;ssl=1\" data-orig-size=\"1500,1000\" data-comments-opened=\"0\" data-image-meta=\"{&quot;aperture&quot;:&quot;4&quot;,&quot;credit&quot;:&quot;&quot;,&quot;camera&quot;:&quot;Canon EOS 5D Mark III&quot;,&quot;caption&quot;:&quot;&quot;,&quot;created_timestamp&quot;:&quot;1707568269&quot;,&quot;copyright&quot;:&quot;&quot;,&quot;focal_length&quot;:&quot;17&quot;,&quot;iso&quot;:&quot;400&quot;,&quot;shutter_speed&quot;:&quot;0.005&quot;,&quot;title&quot;:&quot;&quot;,&quot;orientation&quot;:&quot;1&quot;}\" data-image-title=\"0W1A0754\" data-image-description=\"\" data-image-caption=\"\" data-large-file=\"https:\/\/i0.wp.com\/olivamorosicristians.es\/wp-content\/uploads\/2024\/03\/0W1A0754-1.jpg?fit=1024%2C683&amp;ssl=1\" \/>        <\/a>\r\n                <\/div>\r\n                    <div class=\"w-item col-2\">\r\n                                <a href=\"https:\/\/i0.wp.com\/olivamorosicristians.es\/wp-content\/uploads\/2024\/03\/0W1A0823-1.jpg?fit=1500%2C1000&#038;ssl=1\" data-rel=\"lightcase:gallery-93\">\r\n        <img loading=\"lazy\" decoding=\"async\" width=\"150\" height=\"150\" src=\"https:\/\/i0.wp.com\/olivamorosicristians.es\/wp-content\/uploads\/2024\/03\/0W1A0823-1.jpg?resize=150%2C150&amp;ssl=1\" class=\"cover-image\" alt=\"\" srcset=\"https:\/\/i0.wp.com\/olivamorosicristians.es\/wp-content\/uploads\/2024\/03\/0W1A0823-1.jpg?resize=150%2C150&amp;ssl=1 150w, https:\/\/i0.wp.com\/olivamorosicristians.es\/wp-content\/uploads\/2024\/03\/0W1A0823-1.jpg?resize=340%2C340&amp;ssl=1 340w, https:\/\/i0.wp.com\/olivamorosicristians.es\/wp-content\/uploads\/2024\/03\/0W1A0823-1.jpg?resize=640%2C640&amp;ssl=1 640w, https:\/\/i0.wp.com\/olivamorosicristians.es\/wp-content\/uploads\/2024\/03\/0W1A0823-1.jpg?resize=960%2C960&amp;ssl=1 960w, https:\/\/i0.wp.com\/olivamorosicristians.es\/wp-content\/uploads\/2024\/03\/0W1A0823-1.jpg?zoom=3&amp;resize=150%2C150&amp;ssl=1 450w\" sizes=\"auto, (max-width: 150px) 100vw, 150px\" data-attachment-id=\"11346\" data-permalink=\"https:\/\/olivamorosicristians.es\/es\/0w1a0823-2\/\" data-orig-file=\"https:\/\/i0.wp.com\/olivamorosicristians.es\/wp-content\/uploads\/2024\/03\/0W1A0823-1.jpg?fit=1500%2C1000&amp;ssl=1\" data-orig-size=\"1500,1000\" data-comments-opened=\"0\" data-image-meta=\"{&quot;aperture&quot;:&quot;22&quot;,&quot;credit&quot;:&quot;&quot;,&quot;camera&quot;:&quot;Canon EOS 5D Mark III&quot;,&quot;caption&quot;:&quot;&quot;,&quot;created_timestamp&quot;:&quot;1707571311&quot;,&quot;copyright&quot;:&quot;&quot;,&quot;focal_length&quot;:&quot;45&quot;,&quot;iso&quot;:&quot;400&quot;,&quot;shutter_speed&quot;:&quot;0.00625&quot;,&quot;title&quot;:&quot;&quot;,&quot;orientation&quot;:&quot;1&quot;}\" data-image-title=\"0W1A0823\" data-image-description=\"\" data-image-caption=\"\" data-large-file=\"https:\/\/i0.wp.com\/olivamorosicristians.es\/wp-content\/uploads\/2024\/03\/0W1A0823-1.jpg?fit=1024%2C683&amp;ssl=1\" \/>        <\/a>\r\n                <\/div>\r\n                    <div class=\"w-item col-2\">\r\n                                <a href=\"https:\/\/i0.wp.com\/olivamorosicristians.es\/wp-content\/uploads\/2024\/03\/0W1A0805-1.jpg?fit=1500%2C1000&#038;ssl=1\" data-rel=\"lightcase:gallery-93\">\r\n        <img loading=\"lazy\" decoding=\"async\" width=\"150\" height=\"150\" src=\"https:\/\/i0.wp.com\/olivamorosicristians.es\/wp-content\/uploads\/2024\/03\/0W1A0805-1.jpg?resize=150%2C150&amp;ssl=1\" class=\"cover-image\" alt=\"\" srcset=\"https:\/\/i0.wp.com\/olivamorosicristians.es\/wp-content\/uploads\/2024\/03\/0W1A0805-1.jpg?resize=150%2C150&amp;ssl=1 150w, https:\/\/i0.wp.com\/olivamorosicristians.es\/wp-content\/uploads\/2024\/03\/0W1A0805-1.jpg?resize=340%2C340&amp;ssl=1 340w, https:\/\/i0.wp.com\/olivamorosicristians.es\/wp-content\/uploads\/2024\/03\/0W1A0805-1.jpg?resize=640%2C640&amp;ssl=1 640w, https:\/\/i0.wp.com\/olivamorosicristians.es\/wp-content\/uploads\/2024\/03\/0W1A0805-1.jpg?resize=960%2C960&amp;ssl=1 960w, https:\/\/i0.wp.com\/olivamorosicristians.es\/wp-content\/uploads\/2024\/03\/0W1A0805-1.jpg?zoom=3&amp;resize=150%2C150&amp;ssl=1 450w\" sizes=\"auto, (max-width: 150px) 100vw, 150px\" data-attachment-id=\"11344\" data-permalink=\"https:\/\/olivamorosicristians.es\/es\/0w1a0805-2\/\" data-orig-file=\"https:\/\/i0.wp.com\/olivamorosicristians.es\/wp-content\/uploads\/2024\/03\/0W1A0805-1.jpg?fit=1500%2C1000&amp;ssl=1\" data-orig-size=\"1500,1000\" data-comments-opened=\"0\" data-image-meta=\"{&quot;aperture&quot;:&quot;9&quot;,&quot;credit&quot;:&quot;&quot;,&quot;camera&quot;:&quot;Canon EOS 5D Mark III&quot;,&quot;caption&quot;:&quot;&quot;,&quot;created_timestamp&quot;:&quot;1707570565&quot;,&quot;copyright&quot;:&quot;&quot;,&quot;focal_length&quot;:&quot;24&quot;,&quot;iso&quot;:&quot;400&quot;,&quot;shutter_speed&quot;:&quot;0.00625&quot;,&quot;title&quot;:&quot;&quot;,&quot;orientation&quot;:&quot;1&quot;}\" data-image-title=\"0W1A0805\" data-image-description=\"\" data-image-caption=\"\" data-large-file=\"https:\/\/i0.wp.com\/olivamorosicristians.es\/wp-content\/uploads\/2024\/03\/0W1A0805-1.jpg?fit=1024%2C683&amp;ssl=1\" \/>        <\/a>\r\n                <\/div>\r\n                    <div class=\"w-item col-2\">\r\n                                <a href=\"https:\/\/i0.wp.com\/olivamorosicristians.es\/wp-content\/uploads\/2024\/03\/0W1A0807-1.jpg?fit=1500%2C1000&#038;ssl=1\" data-rel=\"lightcase:gallery-93\">\r\n        <img loading=\"lazy\" decoding=\"async\" width=\"150\" height=\"150\" src=\"https:\/\/i0.wp.com\/olivamorosicristians.es\/wp-content\/uploads\/2024\/03\/0W1A0807-1.jpg?resize=150%2C150&amp;ssl=1\" class=\"cover-image\" alt=\"\" srcset=\"https:\/\/i0.wp.com\/olivamorosicristians.es\/wp-content\/uploads\/2024\/03\/0W1A0807-1.jpg?resize=150%2C150&amp;ssl=1 150w, https:\/\/i0.wp.com\/olivamorosicristians.es\/wp-content\/uploads\/2024\/03\/0W1A0807-1.jpg?resize=340%2C340&amp;ssl=1 340w, https:\/\/i0.wp.com\/olivamorosicristians.es\/wp-content\/uploads\/2024\/03\/0W1A0807-1.jpg?resize=640%2C640&amp;ssl=1 640w, https:\/\/i0.wp.com\/olivamorosicristians.es\/wp-content\/uploads\/2024\/03\/0W1A0807-1.jpg?resize=960%2C960&amp;ssl=1 960w, https:\/\/i0.wp.com\/olivamorosicristians.es\/wp-content\/uploads\/2024\/03\/0W1A0807-1.jpg?zoom=3&amp;resize=150%2C150&amp;ssl=1 450w\" sizes=\"auto, (max-width: 150px) 100vw, 150px\" data-attachment-id=\"11345\" data-permalink=\"https:\/\/olivamorosicristians.es\/es\/0w1a0807-2\/\" data-orig-file=\"https:\/\/i0.wp.com\/olivamorosicristians.es\/wp-content\/uploads\/2024\/03\/0W1A0807-1.jpg?fit=1500%2C1000&amp;ssl=1\" data-orig-size=\"1500,1000\" data-comments-opened=\"0\" data-image-meta=\"{&quot;aperture&quot;:&quot;8&quot;,&quot;credit&quot;:&quot;&quot;,&quot;camera&quot;:&quot;Canon EOS 5D Mark III&quot;,&quot;caption&quot;:&quot;&quot;,&quot;created_timestamp&quot;:&quot;1707570585&quot;,&quot;copyright&quot;:&quot;&quot;,&quot;focal_length&quot;:&quot;37&quot;,&quot;iso&quot;:&quot;400&quot;,&quot;shutter_speed&quot;:&quot;0.00625&quot;,&quot;title&quot;:&quot;&quot;,&quot;orientation&quot;:&quot;1&quot;}\" data-image-title=\"0W1A0807\" data-image-description=\"\" data-image-caption=\"\" data-large-file=\"https:\/\/i0.wp.com\/olivamorosicristians.es\/wp-content\/uploads\/2024\/03\/0W1A0807-1.jpg?fit=1024%2C683&amp;ssl=1\" \/>        <\/a>\r\n                <\/div>\r\n                    <div class=\"w-item col-2\">\r\n                                <a href=\"https:\/\/i0.wp.com\/olivamorosicristians.es\/wp-content\/uploads\/2024\/03\/0W1A0883-1.jpg?fit=1500%2C1000&#038;ssl=1\" data-rel=\"lightcase:gallery-93\">\r\n        <img loading=\"lazy\" decoding=\"async\" width=\"150\" height=\"150\" src=\"https:\/\/i0.wp.com\/olivamorosicristians.es\/wp-content\/uploads\/2024\/03\/0W1A0883-1.jpg?resize=150%2C150&amp;ssl=1\" class=\"cover-image\" alt=\"\" srcset=\"https:\/\/i0.wp.com\/olivamorosicristians.es\/wp-content\/uploads\/2024\/03\/0W1A0883-1.jpg?resize=150%2C150&amp;ssl=1 150w, https:\/\/i0.wp.com\/olivamorosicristians.es\/wp-content\/uploads\/2024\/03\/0W1A0883-1.jpg?resize=340%2C340&amp;ssl=1 340w, https:\/\/i0.wp.com\/olivamorosicristians.es\/wp-content\/uploads\/2024\/03\/0W1A0883-1.jpg?resize=640%2C640&amp;ssl=1 640w, https:\/\/i0.wp.com\/olivamorosicristians.es\/wp-content\/uploads\/2024\/03\/0W1A0883-1.jpg?resize=960%2C960&amp;ssl=1 960w, https:\/\/i0.wp.com\/olivamorosicristians.es\/wp-content\/uploads\/2024\/03\/0W1A0883-1.jpg?zoom=3&amp;resize=150%2C150&amp;ssl=1 450w\" sizes=\"auto, (max-width: 150px) 100vw, 150px\" data-attachment-id=\"11347\" data-permalink=\"https:\/\/olivamorosicristians.es\/es\/0w1a0883-2\/\" data-orig-file=\"https:\/\/i0.wp.com\/olivamorosicristians.es\/wp-content\/uploads\/2024\/03\/0W1A0883-1.jpg?fit=1500%2C1000&amp;ssl=1\" data-orig-size=\"1500,1000\" data-comments-opened=\"0\" data-image-meta=\"{&quot;aperture&quot;:&quot;11&quot;,&quot;credit&quot;:&quot;&quot;,&quot;camera&quot;:&quot;Canon EOS 5D Mark III&quot;,&quot;caption&quot;:&quot;&quot;,&quot;created_timestamp&quot;:&quot;1707573969&quot;,&quot;copyright&quot;:&quot;&quot;,&quot;focal_length&quot;:&quot;35&quot;,&quot;iso&quot;:&quot;400&quot;,&quot;shutter_speed&quot;:&quot;0.00625&quot;,&quot;title&quot;:&quot;&quot;,&quot;orientation&quot;:&quot;1&quot;}\" data-image-title=\"0W1A0883\" data-image-description=\"\" data-image-caption=\"\" data-large-file=\"https:\/\/i0.wp.com\/olivamorosicristians.es\/wp-content\/uploads\/2024\/03\/0W1A0883-1.jpg?fit=1024%2C683&amp;ssl=1\" \/>        <\/a>\r\n                <\/div>\r\n                    <div class=\"w-item col-2\">\r\n                                <a href=\"https:\/\/i0.wp.com\/olivamorosicristians.es\/wp-content\/uploads\/2024\/03\/0W1A0895-1.jpg?fit=1500%2C1000&#038;ssl=1\" data-rel=\"lightcase:gallery-93\">\r\n        <img loading=\"lazy\" decoding=\"async\" width=\"150\" height=\"150\" src=\"https:\/\/i0.wp.com\/olivamorosicristians.es\/wp-content\/uploads\/2024\/03\/0W1A0895-1.jpg?resize=150%2C150&amp;ssl=1\" class=\"cover-image\" alt=\"\" srcset=\"https:\/\/i0.wp.com\/olivamorosicristians.es\/wp-content\/uploads\/2024\/03\/0W1A0895-1.jpg?resize=150%2C150&amp;ssl=1 150w, https:\/\/i0.wp.com\/olivamorosicristians.es\/wp-content\/uploads\/2024\/03\/0W1A0895-1.jpg?resize=340%2C340&amp;ssl=1 340w, https:\/\/i0.wp.com\/olivamorosicristians.es\/wp-content\/uploads\/2024\/03\/0W1A0895-1.jpg?resize=640%2C640&amp;ssl=1 640w, https:\/\/i0.wp.com\/olivamorosicristians.es\/wp-content\/uploads\/2024\/03\/0W1A0895-1.jpg?resize=960%2C960&amp;ssl=1 960w, https:\/\/i0.wp.com\/olivamorosicristians.es\/wp-content\/uploads\/2024\/03\/0W1A0895-1.jpg?zoom=3&amp;resize=150%2C150&amp;ssl=1 450w\" sizes=\"auto, (max-width: 150px) 100vw, 150px\" data-attachment-id=\"11348\" data-permalink=\"https:\/\/olivamorosicristians.es\/es\/0w1a0895-2\/\" data-orig-file=\"https:\/\/i0.wp.com\/olivamorosicristians.es\/wp-content\/uploads\/2024\/03\/0W1A0895-1.jpg?fit=1500%2C1000&amp;ssl=1\" data-orig-size=\"1500,1000\" data-comments-opened=\"0\" data-image-meta=\"{&quot;aperture&quot;:&quot;14&quot;,&quot;credit&quot;:&quot;&quot;,&quot;camera&quot;:&quot;Canon EOS 5D Mark III&quot;,&quot;caption&quot;:&quot;&quot;,&quot;created_timestamp&quot;:&quot;1707574051&quot;,&quot;copyright&quot;:&quot;&quot;,&quot;focal_length&quot;:&quot;32&quot;,&quot;iso&quot;:&quot;400&quot;,&quot;shutter_speed&quot;:&quot;0.00625&quot;,&quot;title&quot;:&quot;&quot;,&quot;orientation&quot;:&quot;1&quot;}\" data-image-title=\"0W1A0895\" data-image-description=\"\" data-image-caption=\"\" data-large-file=\"https:\/\/i0.wp.com\/olivamorosicristians.es\/wp-content\/uploads\/2024\/03\/0W1A0895-1.jpg?fit=1024%2C683&amp;ssl=1\" \/>        <\/a>\r\n                <\/div>\r\n        <\/div>\r\n<\/div><div class=\"w-space\" style=\"height:30px\"><\/div><div class=\"w-image text-center\">\n            <img loading=\"lazy\" decoding=\"async\" width=\"1500\" height=\"1000\" src=\"https:\/\/i0.wp.com\/olivamorosicristians.es\/wp-content\/uploads\/2024\/03\/0W1A0909-1.jpg?fit=1500%2C1000&amp;ssl=1\" class=\"attachment-full size-full\" alt=\"\" srcset=\"https:\/\/i0.wp.com\/olivamorosicristians.es\/wp-content\/uploads\/2024\/03\/0W1A0909-1.jpg?w=1500&amp;ssl=1 1500w, https:\/\/i0.wp.com\/olivamorosicristians.es\/wp-content\/uploads\/2024\/03\/0W1A0909-1.jpg?resize=300%2C200&amp;ssl=1 300w, https:\/\/i0.wp.com\/olivamorosicristians.es\/wp-content\/uploads\/2024\/03\/0W1A0909-1.jpg?resize=1024%2C683&amp;ssl=1 1024w, https:\/\/i0.wp.com\/olivamorosicristians.es\/wp-content\/uploads\/2024\/03\/0W1A0909-1.jpg?resize=768%2C512&amp;ssl=1 768w, https:\/\/i0.wp.com\/olivamorosicristians.es\/wp-content\/uploads\/2024\/03\/0W1A0909-1.jpg?resize=640%2C427&amp;ssl=1 640w, https:\/\/i0.wp.com\/olivamorosicristians.es\/wp-content\/uploads\/2024\/03\/0W1A0909-1.jpg?resize=1280%2C853&amp;ssl=1 1280w, https:\/\/i0.wp.com\/olivamorosicristians.es\/wp-content\/uploads\/2024\/03\/0W1A0909-1.jpg?resize=1320%2C880&amp;ssl=1 1320w\" sizes=\"auto, (max-width: 1170px) 100vw, 1170px\" data-attachment-id=\"11349\" data-permalink=\"https:\/\/olivamorosicristians.es\/es\/0w1a0909-2\/\" data-orig-file=\"https:\/\/i0.wp.com\/olivamorosicristians.es\/wp-content\/uploads\/2024\/03\/0W1A0909-1.jpg?fit=1500%2C1000&amp;ssl=1\" data-orig-size=\"1500,1000\" data-comments-opened=\"0\" data-image-meta=\"{&quot;aperture&quot;:&quot;11&quot;,&quot;credit&quot;:&quot;&quot;,&quot;camera&quot;:&quot;Canon EOS 5D Mark III&quot;,&quot;caption&quot;:&quot;&quot;,&quot;created_timestamp&quot;:&quot;1707574132&quot;,&quot;copyright&quot;:&quot;&quot;,&quot;focal_length&quot;:&quot;35&quot;,&quot;iso&quot;:&quot;400&quot;,&quot;shutter_speed&quot;:&quot;0.00625&quot;,&quot;title&quot;:&quot;&quot;,&quot;orientation&quot;:&quot;1&quot;}\" data-image-title=\"0W1A0909\" data-image-description=\"\" data-image-caption=\"\" data-large-file=\"https:\/\/i0.wp.com\/olivamorosicristians.es\/wp-content\/uploads\/2024\/03\/0W1A0909-1.jpg?fit=1024%2C683&amp;ssl=1\" \/>    <\/div>\n<div class=\"w-space\" style=\"height:30px\"><\/div><\/div><\/div><\/div><\/section><section class=\"w-section\">\r\n<div class=\"row\"><div class=\"col col-12\">\r\n    <div class=\"col-inner\"><div class=\"w-text-block\">\n    <p class=\"p1\">Amb els resultats d&#8217;enguany, podem actualitzar l&#8217;hist\u00f2ric quedant aix\u00ed:<\/p>\n<table class=\"t1\" cellspacing=\"0\" cellpadding=\"0\">\n<tbody>\n<tr>\n<td class=\"td1\" valign=\"middle\">\n<p class=\"p4\"><b>Filada<\/b><\/p>\n<\/td>\n<td class=\"td2\" valign=\"middle\">\n<p class=\"p4\"><b>n\u00ba vict\u00f2ries<\/b><\/p>\n<\/td>\n<\/tr>\n<tr>\n<td class=\"td3\" valign=\"middle\">\n<p class=\"p4\">JAUME I<\/p>\n<\/td>\n<td class=\"td4\" valign=\"middle\">\n<p class=\"p4\">9<\/p>\n<\/td>\n<\/tr>\n<tr>\n<td class=\"td1\" valign=\"middle\">\n<p class=\"p4\">MOSQUETERS<\/p>\n<\/td>\n<td class=\"td2\" valign=\"middle\">\n<p class=\"p4\">5<\/p>\n<\/td>\n<\/tr>\n<tr>\n<td class=\"td1\" valign=\"middle\">\n<p class=\"p4\">MUD\u00c8JARS<\/p>\n<\/td>\n<td class=\"td2\" valign=\"middle\">\n<p class=\"p4\">4<\/p>\n<\/td>\n<\/tr>\n<tr>\n<td class=\"td1\" valign=\"middle\">\n<p class=\"p4\">MASERS<\/p>\n<\/td>\n<td class=\"td2\" valign=\"middle\">\n<p class=\"p4\">4<\/p>\n<\/td>\n<\/tr>\n<tr>\n<td class=\"td3\" valign=\"middle\">\n<p class=\"p4\">MARR\u00c0QUEIX<\/p>\n<\/td>\n<td class=\"td4\" valign=\"middle\">\n<p class=\"p4\">4<\/p>\n<\/td>\n<\/tr>\n<tr>\n<td class=\"td1\" valign=\"middle\">\n<p class=\"p4\">MORISCOS<\/p>\n<\/td>\n<td class=\"td2\" valign=\"middle\">\n<p class=\"p4\">4<\/p>\n<\/td>\n<\/tr>\n<tr>\n<td class=\"td1\" valign=\"middle\">\n<p class=\"p4\">TUAREG<\/p>\n<\/td>\n<td class=\"td2\" valign=\"middle\">\n<p class=\"p4\">3<\/p>\n<\/td>\n<\/tr>\n<tr>\n<td class=\"td1\" valign=\"middle\">\n<p class=\"p4\">PIRATES<\/p>\n<\/td>\n<td class=\"td2\" valign=\"middle\">\n<p class=\"p4\">2<\/p>\n<\/td>\n<\/tr>\n<tr>\n<td class=\"td3\" valign=\"middle\">\n<p class=\"p4\">ALMOR\u00c0VITS<\/p>\n<\/td>\n<td class=\"td4\" valign=\"middle\">\n<p class=\"p4\">2<\/p>\n<\/td>\n<\/tr>\n<tr>\n<td class=\"td1\" valign=\"middle\">\n<p class=\"p4\">CORSARIS<\/p>\n<\/td>\n<td class=\"td2\" valign=\"middle\">\n<p class=\"p4\">2<\/p>\n<\/td>\n<\/tr>\n<tr>\n<td class=\"td1\" valign=\"middle\">\n<p class=\"p4\">CAN\u00cdBALS<\/p>\n<\/td>\n<td class=\"td2\" valign=\"middle\">\n<p class=\"p4\">1<\/p>\n<\/td>\n<\/tr>\n<tr>\n<td class=\"td1\" valign=\"middle\">\n<p class=\"p4\">CRUZADOS<\/p>\n<\/td>\n<td class=\"td2\" valign=\"middle\">\n<p class=\"p4\">1<\/p>\n<\/td>\n<\/tr>\n<tr>\n<td class=\"td5\" valign=\"middle\">\n<p class=\"p4\">CONTRABANDISTES<\/p>\n<\/td>\n<td class=\"td6\" valign=\"middle\">\n<p class=\"p4\">1<\/p>\n<\/td>\n<\/tr>\n<tr>\n<td class=\"td1\" valign=\"middle\">\n<p class=\"p4\">TAIFES<\/p>\n<\/td>\n<td class=\"td2\" valign=\"middle\">\n<p class=\"p4\">1<\/p>\n<\/td>\n<\/tr>\n<\/tbody>\n<\/table>\n<p class=\"p1\">No es computen els anys 1980 i 1982 per no haver dades disponibles.<\/p>\n<\/div><\/div><\/div><\/div><\/section>","protected":false},"excerpt":{"rendered":"Les celebracions del Mig Any fester 2024 comen\u00e7aven el passat 3 de febrer, amb l\u2019acte de Nomenament de C\u00e0rrecs Festers dels Moros i Cristians d\u2019Oliva de 2024 i el posterior sopar de gala al Centre Polivalent. L\u2019acte va comen\u00e7ar poc despr\u00e9s de les 19 h de la vesprada, amb una sala de gom a gom, [...]","protected":false},"author":1,"featured_media":11298,"comment_status":"closed","ping_status":"open","sticky":false,"template":"","format":"standard","meta":{"jetpack_post_was_ever_published":false,"_jetpack_newsletter_access":"","_jetpack_dont_email_post_to_subs":false,"_jetpack_newsletter_tier_id":0,"_jetpack_memberships_contains_paywalled_content":false,"_jetpack_memberships_contains_paid_content":false,"footnotes":"","jetpack_publicize_message":"","jetpack_publicize_feature_enabled":true,"jetpack_social_post_already_shared":true,"jetpack_social_options":{"image_generator_settings":{"template":"highway","default_image_id":0,"font":"","enabled":false},"version":2}},"categories":[152,9],"tags":[],"class_list":["post-11295","post","type-post","status-publish","format-standard","has-post-thumbnail","hentry","category-actes-oficials","category-festa"],"yoast_head":"<!-- This site is optimized with the Yoast SEO plugin v27.4 - https:\/\/yoast.com\/product\/yoast-seo-wordpress\/ -->\n<title>Cr\u00f2nica del Mig Any fester 2024 - Moros i Cristians Oliva<\/title>\n<meta name=\"robots\" content=\"index, follow, max-snippet:-1, max-image-preview:large, max-video-preview:-1\" \/>\n<link rel=\"canonical\" href=\"https:\/\/olivamorosicristians.es\/es\/cronica-del-mig-any-fester-2024\/\" \/>\n<meta property=\"og:locale\" content=\"es_ES\" \/>\n<meta property=\"og:type\" content=\"article\" \/>\n<meta property=\"og:title\" content=\"Cr\u00f2nica del Mig Any fester 2024 - Moros i Cristians Oliva\" \/>\n<meta property=\"og:url\" content=\"https:\/\/olivamorosicristians.es\/es\/cronica-del-mig-any-fester-2024\/\" \/>\n<meta property=\"og:site_name\" content=\"Moros i Cristians Oliva\" \/>\n<meta property=\"article:publisher\" content=\"https:\/\/www.facebook.com\/federaciodemorosicristiansdoliva\/\" \/>\n<meta property=\"article:author\" content=\"https:\/\/www.facebook.com\/federaciodemorosicristiansdoliva\" \/>\n<meta property=\"article:published_time\" content=\"2024-03-13T11:48:06+00:00\" \/>\n<meta property=\"article:modified_time\" content=\"2024-03-13T12:52:35+00:00\" \/>\n<meta property=\"og:image\" content=\"https:\/\/olivamorosicristians.es\/wp-content\/uploads\/2024\/03\/0W1A0823_01.jpg\" \/>\n\t<meta property=\"og:image:width\" content=\"1332\" \/>\n\t<meta property=\"og:image:height\" content=\"1002\" \/>\n\t<meta property=\"og:image:type\" content=\"image\/jpeg\" \/>\n<meta name=\"author\" content=\"Webmaster\" \/>\n<meta name=\"twitter:card\" content=\"summary_large_image\" \/>\n<meta name=\"twitter:label1\" content=\"Escrito por\" \/>\n\t<meta name=\"twitter:data1\" content=\"Webmaster\" \/>\n\t<meta name=\"twitter:label2\" content=\"Tiempo de lectura\" \/>\n\t<meta name=\"twitter:data2\" content=\"6 minutos\" \/>\n<script type=\"application\/ld+json\" class=\"yoast-schema-graph\">{\"@context\":\"https:\\\/\\\/schema.org\",\"@graph\":[{\"@type\":\"Article\",\"@id\":\"https:\\\/\\\/olivamorosicristians.es\\\/cronica-del-mig-any-fester-2024\\\/#article\",\"isPartOf\":{\"@id\":\"https:\\\/\\\/olivamorosicristians.es\\\/cronica-del-mig-any-fester-2024\\\/\"},\"author\":{\"name\":\"Webmaster\",\"@id\":\"https:\\\/\\\/olivamorosicristians.es\\\/#\\\/schema\\\/person\\\/21ece052d8816103cad91a2676fd0149\"},\"headline\":\"Cr\u00f2nica del Mig Any fester 2024\",\"datePublished\":\"2024-03-13T11:48:06+00:00\",\"dateModified\":\"2024-03-13T12:52:35+00:00\",\"mainEntityOfPage\":{\"@id\":\"https:\\\/\\\/olivamorosicristians.es\\\/cronica-del-mig-any-fester-2024\\\/\"},\"wordCount\":1167,\"publisher\":{\"@id\":\"https:\\\/\\\/olivamorosicristians.es\\\/#organization\"},\"image\":{\"@id\":\"https:\\\/\\\/olivamorosicristians.es\\\/cronica-del-mig-any-fester-2024\\\/#primaryimage\"},\"thumbnailUrl\":\"https:\\\/\\\/i0.wp.com\\\/olivamorosicristians.es\\\/wp-content\\\/uploads\\\/2024\\\/03\\\/0W1A0823_01.jpg?fit=1332%2C1002&ssl=1\",\"articleSection\":[\"Actes oficials\",\"Festa\"],\"inLanguage\":\"es\"},{\"@type\":\"WebPage\",\"@id\":\"https:\\\/\\\/olivamorosicristians.es\\\/cronica-del-mig-any-fester-2024\\\/\",\"url\":\"https:\\\/\\\/olivamorosicristians.es\\\/cronica-del-mig-any-fester-2024\\\/\",\"name\":\"Cr\u00f2nica del Mig Any fester 2024 - Moros i Cristians Oliva\",\"isPartOf\":{\"@id\":\"https:\\\/\\\/olivamorosicristians.es\\\/#website\"},\"primaryImageOfPage\":{\"@id\":\"https:\\\/\\\/olivamorosicristians.es\\\/cronica-del-mig-any-fester-2024\\\/#primaryimage\"},\"image\":{\"@id\":\"https:\\\/\\\/olivamorosicristians.es\\\/cronica-del-mig-any-fester-2024\\\/#primaryimage\"},\"thumbnailUrl\":\"https:\\\/\\\/i0.wp.com\\\/olivamorosicristians.es\\\/wp-content\\\/uploads\\\/2024\\\/03\\\/0W1A0823_01.jpg?fit=1332%2C1002&ssl=1\",\"datePublished\":\"2024-03-13T11:48:06+00:00\",\"dateModified\":\"2024-03-13T12:52:35+00:00\",\"breadcrumb\":{\"@id\":\"https:\\\/\\\/olivamorosicristians.es\\\/cronica-del-mig-any-fester-2024\\\/#breadcrumb\"},\"inLanguage\":\"es\",\"potentialAction\":[{\"@type\":\"ReadAction\",\"target\":[\"https:\\\/\\\/olivamorosicristians.es\\\/cronica-del-mig-any-fester-2024\\\/\"]}]},{\"@type\":\"ImageObject\",\"inLanguage\":\"es\",\"@id\":\"https:\\\/\\\/olivamorosicristians.es\\\/cronica-del-mig-any-fester-2024\\\/#primaryimage\",\"url\":\"https:\\\/\\\/i0.wp.com\\\/olivamorosicristians.es\\\/wp-content\\\/uploads\\\/2024\\\/03\\\/0W1A0823_01.jpg?fit=1332%2C1002&ssl=1\",\"contentUrl\":\"https:\\\/\\\/i0.wp.com\\\/olivamorosicristians.es\\\/wp-content\\\/uploads\\\/2024\\\/03\\\/0W1A0823_01.jpg?fit=1332%2C1002&ssl=1\",\"width\":1332,\"height\":1002},{\"@type\":\"BreadcrumbList\",\"@id\":\"https:\\\/\\\/olivamorosicristians.es\\\/cronica-del-mig-any-fester-2024\\\/#breadcrumb\",\"itemListElement\":[{\"@type\":\"ListItem\",\"position\":1,\"name\":\"Portada\",\"item\":\"https:\\\/\\\/olivamorosicristians.es\\\/\"},{\"@type\":\"ListItem\",\"position\":2,\"name\":\"Cr\u00f2nica del Mig Any fester 2024\"}]},{\"@type\":\"WebSite\",\"@id\":\"https:\\\/\\\/olivamorosicristians.es\\\/#website\",\"url\":\"https:\\\/\\\/olivamorosicristians.es\\\/\",\"name\":\"Moros i Cristians Oliva\",\"description\":\"FMCO\",\"publisher\":{\"@id\":\"https:\\\/\\\/olivamorosicristians.es\\\/#organization\"},\"potentialAction\":[{\"@type\":\"SearchAction\",\"target\":{\"@type\":\"EntryPoint\",\"urlTemplate\":\"https:\\\/\\\/olivamorosicristians.es\\\/?s={search_term_string}\"},\"query-input\":{\"@type\":\"PropertyValueSpecification\",\"valueRequired\":true,\"valueName\":\"search_term_string\"}}],\"inLanguage\":\"es\"},{\"@type\":\"Organization\",\"@id\":\"https:\\\/\\\/olivamorosicristians.es\\\/#organization\",\"name\":\"Federaci\u00f3 de Moros i Cristians - Oliva\",\"url\":\"https:\\\/\\\/olivamorosicristians.es\\\/\",\"logo\":{\"@type\":\"ImageObject\",\"inLanguage\":\"es\",\"@id\":\"https:\\\/\\\/olivamorosicristians.es\\\/#\\\/schema\\\/logo\\\/image\\\/\",\"url\":\"https:\\\/\\\/i2.wp.com\\\/olivamorosicristians.es\\\/wp-content\\\/uploads\\\/2018\\\/06\\\/Icon_FMiCO.png?fit=50%2C50&ssl=1\",\"contentUrl\":\"https:\\\/\\\/i2.wp.com\\\/olivamorosicristians.es\\\/wp-content\\\/uploads\\\/2018\\\/06\\\/Icon_FMiCO.png?fit=50%2C50&ssl=1\",\"width\":50,\"height\":50,\"caption\":\"Federaci\u00f3 de Moros i Cristians - Oliva\"},\"image\":{\"@id\":\"https:\\\/\\\/olivamorosicristians.es\\\/#\\\/schema\\\/logo\\\/image\\\/\"},\"sameAs\":[\"https:\\\/\\\/www.facebook.com\\\/federaciodemorosicristiansdoliva\\\/\",\"https:\\\/\\\/www.instagram.com\\\/morosicristiansoliva\\\/?hl=es\"]},{\"@type\":\"Person\",\"@id\":\"https:\\\/\\\/olivamorosicristians.es\\\/#\\\/schema\\\/person\\\/21ece052d8816103cad91a2676fd0149\",\"name\":\"Webmaster\",\"image\":{\"@type\":\"ImageObject\",\"inLanguage\":\"es\",\"@id\":\"https:\\\/\\\/secure.gravatar.com\\\/avatar\\\/18de20f14d74abe0c800b423a8b0e24cae6153cb6baeb2c2df80e1cef2117e0d?s=96&d=mm&r=g\",\"url\":\"https:\\\/\\\/secure.gravatar.com\\\/avatar\\\/18de20f14d74abe0c800b423a8b0e24cae6153cb6baeb2c2df80e1cef2117e0d?s=96&d=mm&r=g\",\"contentUrl\":\"https:\\\/\\\/secure.gravatar.com\\\/avatar\\\/18de20f14d74abe0c800b423a8b0e24cae6153cb6baeb2c2df80e1cef2117e0d?s=96&d=mm&r=g\",\"caption\":\"Webmaster\"},\"sameAs\":[\"https:\\\/\\\/www.facebook.com\\\/federaciodemorosicristiansdoliva\",\"https:\\\/\\\/www.instagram.com\\\/morosicristiansoliva\\\/\"]}]}<\/script>\n<!-- \/ Yoast SEO plugin. -->","yoast_head_json":{"title":"Cr\u00f2nica del Mig Any fester 2024 - Moros i Cristians Oliva","robots":{"index":"index","follow":"follow","max-snippet":"max-snippet:-1","max-image-preview":"max-image-preview:large","max-video-preview":"max-video-preview:-1"},"canonical":"https:\/\/olivamorosicristians.es\/es\/cronica-del-mig-any-fester-2024\/","og_locale":"es_ES","og_type":"article","og_title":"Cr\u00f2nica del Mig Any fester 2024 - Moros i Cristians Oliva","og_url":"https:\/\/olivamorosicristians.es\/es\/cronica-del-mig-any-fester-2024\/","og_site_name":"Moros i Cristians Oliva","article_publisher":"https:\/\/www.facebook.com\/federaciodemorosicristiansdoliva\/","article_author":"https:\/\/www.facebook.com\/federaciodemorosicristiansdoliva","article_published_time":"2024-03-13T11:48:06+00:00","article_modified_time":"2024-03-13T12:52:35+00:00","og_image":[{"width":1332,"height":1002,"url":"https:\/\/olivamorosicristians.es\/wp-content\/uploads\/2024\/03\/0W1A0823_01.jpg","type":"image\/jpeg"}],"author":"Webmaster","twitter_card":"summary_large_image","twitter_misc":{"Escrito por":"Webmaster","Tiempo de lectura":"6 minutos"},"schema":{"@context":"https:\/\/schema.org","@graph":[{"@type":"Article","@id":"https:\/\/olivamorosicristians.es\/cronica-del-mig-any-fester-2024\/#article","isPartOf":{"@id":"https:\/\/olivamorosicristians.es\/cronica-del-mig-any-fester-2024\/"},"author":{"name":"Webmaster","@id":"https:\/\/olivamorosicristians.es\/#\/schema\/person\/21ece052d8816103cad91a2676fd0149"},"headline":"Cr\u00f2nica del Mig Any fester 2024","datePublished":"2024-03-13T11:48:06+00:00","dateModified":"2024-03-13T12:52:35+00:00","mainEntityOfPage":{"@id":"https:\/\/olivamorosicristians.es\/cronica-del-mig-any-fester-2024\/"},"wordCount":1167,"publisher":{"@id":"https:\/\/olivamorosicristians.es\/#organization"},"image":{"@id":"https:\/\/olivamorosicristians.es\/cronica-del-mig-any-fester-2024\/#primaryimage"},"thumbnailUrl":"https:\/\/i0.wp.com\/olivamorosicristians.es\/wp-content\/uploads\/2024\/03\/0W1A0823_01.jpg?fit=1332%2C1002&ssl=1","articleSection":["Actes oficials","Festa"],"inLanguage":"es"},{"@type":"WebPage","@id":"https:\/\/olivamorosicristians.es\/cronica-del-mig-any-fester-2024\/","url":"https:\/\/olivamorosicristians.es\/cronica-del-mig-any-fester-2024\/","name":"Cr\u00f2nica del Mig Any fester 2024 - Moros i Cristians Oliva","isPartOf":{"@id":"https:\/\/olivamorosicristians.es\/#website"},"primaryImageOfPage":{"@id":"https:\/\/olivamorosicristians.es\/cronica-del-mig-any-fester-2024\/#primaryimage"},"image":{"@id":"https:\/\/olivamorosicristians.es\/cronica-del-mig-any-fester-2024\/#primaryimage"},"thumbnailUrl":"https:\/\/i0.wp.com\/olivamorosicristians.es\/wp-content\/uploads\/2024\/03\/0W1A0823_01.jpg?fit=1332%2C1002&ssl=1","datePublished":"2024-03-13T11:48:06+00:00","dateModified":"2024-03-13T12:52:35+00:00","breadcrumb":{"@id":"https:\/\/olivamorosicristians.es\/cronica-del-mig-any-fester-2024\/#breadcrumb"},"inLanguage":"es","potentialAction":[{"@type":"ReadAction","target":["https:\/\/olivamorosicristians.es\/cronica-del-mig-any-fester-2024\/"]}]},{"@type":"ImageObject","inLanguage":"es","@id":"https:\/\/olivamorosicristians.es\/cronica-del-mig-any-fester-2024\/#primaryimage","url":"https:\/\/i0.wp.com\/olivamorosicristians.es\/wp-content\/uploads\/2024\/03\/0W1A0823_01.jpg?fit=1332%2C1002&ssl=1","contentUrl":"https:\/\/i0.wp.com\/olivamorosicristians.es\/wp-content\/uploads\/2024\/03\/0W1A0823_01.jpg?fit=1332%2C1002&ssl=1","width":1332,"height":1002},{"@type":"BreadcrumbList","@id":"https:\/\/olivamorosicristians.es\/cronica-del-mig-any-fester-2024\/#breadcrumb","itemListElement":[{"@type":"ListItem","position":1,"name":"Portada","item":"https:\/\/olivamorosicristians.es\/"},{"@type":"ListItem","position":2,"name":"Cr\u00f2nica del Mig Any fester 2024"}]},{"@type":"WebSite","@id":"https:\/\/olivamorosicristians.es\/#website","url":"https:\/\/olivamorosicristians.es\/","name":"Moros i Cristians Oliva","description":"FMCO","publisher":{"@id":"https:\/\/olivamorosicristians.es\/#organization"},"potentialAction":[{"@type":"SearchAction","target":{"@type":"EntryPoint","urlTemplate":"https:\/\/olivamorosicristians.es\/?s={search_term_string}"},"query-input":{"@type":"PropertyValueSpecification","valueRequired":true,"valueName":"search_term_string"}}],"inLanguage":"es"},{"@type":"Organization","@id":"https:\/\/olivamorosicristians.es\/#organization","name":"La Federaci\u00f3n de Moros y Cristianos de Oliva","url":"https:\/\/olivamorosicristians.es\/","logo":{"@type":"ImageObject","inLanguage":"es","@id":"https:\/\/olivamorosicristians.es\/#\/schema\/logo\/image\/","url":"https:\/\/i2.wp.com\/olivamorosicristians.es\/wp-content\/uploads\/2018\/06\/Icon_FMiCO.png?fit=50%2C50&ssl=1","contentUrl":"https:\/\/i2.wp.com\/olivamorosicristians.es\/wp-content\/uploads\/2018\/06\/Icon_FMiCO.png?fit=50%2C50&ssl=1","width":50,"height":50,"caption":"Federaci\u00f3 de Moros i Cristians - Oliva"},"image":{"@id":"https:\/\/olivamorosicristians.es\/#\/schema\/logo\/image\/"},"sameAs":["https:\/\/www.facebook.com\/federaciodemorosicristiansdoliva\/","https:\/\/www.instagram.com\/morosicristiansoliva\/?hl=es"]},{"@type":"Person","@id":"https:\/\/olivamorosicristians.es\/#\/schema\/person\/21ece052d8816103cad91a2676fd0149","name":"Webmaster","image":{"@type":"ImageObject","inLanguage":"es","@id":"https:\/\/secure.gravatar.com\/avatar\/18de20f14d74abe0c800b423a8b0e24cae6153cb6baeb2c2df80e1cef2117e0d?s=96&d=mm&r=g","url":"https:\/\/secure.gravatar.com\/avatar\/18de20f14d74abe0c800b423a8b0e24cae6153cb6baeb2c2df80e1cef2117e0d?s=96&d=mm&r=g","contentUrl":"https:\/\/secure.gravatar.com\/avatar\/18de20f14d74abe0c800b423a8b0e24cae6153cb6baeb2c2df80e1cef2117e0d?s=96&d=mm&r=g","caption":"Webmaster"},"sameAs":["https:\/\/www.facebook.com\/federaciodemorosicristiansdoliva","https:\/\/www.instagram.com\/morosicristiansoliva\/"]}]}},"jetpack_publicize_connections":[],"jetpack_featured_media_url":"https:\/\/i0.wp.com\/olivamorosicristians.es\/wp-content\/uploads\/2024\/03\/0W1A0823_01.jpg?fit=1332%2C1002&ssl=1","jetpack_sharing_enabled":true,"jetpack_shortlink":"https:\/\/wp.me\/pagEx6-2Wb","jetpack-related-posts":[],"_links":{"self":[{"href":"https:\/\/olivamorosicristians.es\/es\/wp-json\/wp\/v2\/posts\/11295","targetHints":{"allow":["GET"]}}],"collection":[{"href":"https:\/\/olivamorosicristians.es\/es\/wp-json\/wp\/v2\/posts"}],"about":[{"href":"https:\/\/olivamorosicristians.es\/es\/wp-json\/wp\/v2\/types\/post"}],"author":[{"embeddable":true,"href":"https:\/\/olivamorosicristians.es\/es\/wp-json\/wp\/v2\/users\/1"}],"replies":[{"embeddable":true,"href":"https:\/\/olivamorosicristians.es\/es\/wp-json\/wp\/v2\/comments?post=11295"}],"version-history":[{"count":14,"href":"https:\/\/olivamorosicristians.es\/es\/wp-json\/wp\/v2\/posts\/11295\/revisions"}],"predecessor-version":[{"id":11359,"href":"https:\/\/olivamorosicristians.es\/es\/wp-json\/wp\/v2\/posts\/11295\/revisions\/11359"}],"wp:featuredmedia":[{"embeddable":true,"href":"https:\/\/olivamorosicristians.es\/es\/wp-json\/wp\/v2\/media\/11298"}],"wp:attachment":[{"href":"https:\/\/olivamorosicristians.es\/es\/wp-json\/wp\/v2\/media?parent=11295"}],"wp:term":[{"taxonomy":"category","embeddable":true,"href":"https:\/\/olivamorosicristians.es\/es\/wp-json\/wp\/v2\/categories?post=11295"},{"taxonomy":"post_tag","embeddable":true,"href":"https:\/\/olivamorosicristians.es\/es\/wp-json\/wp\/v2\/tags?post=11295"}],"curies":[{"name":"wp","href":"https:\/\/api.w.org\/{rel}","templated":true}]}}