{"id":11266,"date":"2024-01-26T15:33:55","date_gmt":"2024-01-26T13:33:55","guid":{"rendered":"https:\/\/olivamorosicristians.es\/?p=11266"},"modified":"2024-01-26T21:20:03","modified_gmt":"2024-01-26T19:20:03","slug":"nomenament-de-carrecs-2024","status":"publish","type":"post","link":"https:\/\/olivamorosicristians.es\/es\/nomenament-de-carrecs-2024\/","title":{"rendered":"Nomenament de c\u00e0rrecs 2024"},"content":{"rendered":"<section class=\"w-section\">\r\n<div class=\"row\"><div class=\"col col-12\">\r\n    <div class=\"col-inner\"><div class=\"w-text-block\">\n    <p><strong>La Federaci\u00f3 de Moros i Cristians d<\/strong>\u2019<strong>Oliva, en col\u00b7laboraci\u00f3 amb la Regidoria de Festes, anuncia que el dissabte 3 de febrer es celebrar\u00e0 l<\/strong>\u2019<strong>acte de Nomenament de C\u00e0rrecs Festers dels Moros i Cristians d<\/strong>\u2019<strong>Oliva de 2024 i el posterior sopar de gala al Centre Polivalent, tot emmarcat en els actes de celebraci\u00f3 del Mig Any Fester. En l<\/strong>\u2019<strong>acte es donar\u00e0 el reconeixement al President d<\/strong>\u2019<strong>Honor de la Federaci\u00f3 de Moros i Cristians d<\/strong>\u2019<strong>Oliva, al fester Manolo Arnal Bertomeu<\/strong><\/p>\n<p>El dissabte 3 de febrer de 2024 es donar\u00e0 inici a les celebracions del Mig Any Fester amb l\u2019acte de nomenament de c\u00e0rrecs al Centre Polivalent. Les capitanies, enguany les ostenten les Filades Contrabandistes i Moriscos, recaient el c\u00e0rrec d\u2019abanderat de la Federaci\u00f3 per torn, en la Filada Moriscos.<\/p>\n<p>A les 19.00 h comen\u00e7ar\u00e0 l\u2019acte de Nomenament de C\u00e0rrecs al Centre Polivalent. Enrique Orqu\u00edn i Pablo Orqu\u00edn com a capitania del b\u00e0ndol cristi\u00e0 de 2023, per la Filada Pirates, donaran el relleu a Adri\u00e1n Fern\u00e1ndez Mi\u00f1ana, capit\u00e0 cristi\u00e0 i Alejandro Montilla Plata, ambaixador cristi\u00e0, de la Filada Contrabandistes. Per part del b\u00e0ndol moro, Jes\u00fas Camarena i Pascual Molla, capitania del b\u00e0ndol moro 2023 faran el trasp\u00e0s del c\u00e0rrec a Juanjo Bertomeu Penalva, capit\u00e0 moro i Vicente Benimeli Alemany, ambaixador moro, de la Filada Moriscos. Els c\u00e0rrecs dirigiran unes paraules a tot el col\u00b7lectiu fester.<\/p>\n<p>\u00a0A m\u00e9s, tamb\u00e9 es presentar\u00e0 a <strong>l<\/strong>\u2019<strong>abanderada de la Federaci\u00f3 de Moros i Cristians d<\/strong>\u2019<strong>Oliva<\/strong>, c\u00e0rrec que enguany recaur\u00e0 en <strong>Andrea Alemany Tur<\/strong>, de la Filada Moriscos.<\/p>\n<p>Els\u00a0<strong>c\u00e0rrecs festers dels Moros i Cristians d<\/strong>\u2019<strong>Oliva 2024<\/strong> s\u00f3n:<\/p>\n<p><strong>Abanderada de la Federaci\u00f3 de Moros i Cristians d<\/strong>\u2019<strong>Oliva: Andrea Alemany Tur. <\/strong>Neboda i fillola de fundadors de la Filada Moriscos, i filla de l\u2019actual president, \u00e9s festera des que\u00a0va n\u00e0ixer l\u2019any 2007. Al bra\u00e7 de la seua mare, dalt la carrossa morisca, va fer la seua primera baixada per Loygorri. Actualment, forma parta de l\u2019esquadra Nazaries, de la qual sa mare \u00e9s cap d\u2019esquadra. El seu germ\u00e0 ser\u00e0 enguany tamb\u00e9, l\u2019abanderat de la Filada Moriscos, i \u00e9s cosina del capit\u00e0 i de l\u2019ambaixador moro de <strong>2024.<\/strong><\/p>\n<p><img data-recalc-dims=\"1\" loading=\"lazy\" decoding=\"async\" width=\"683\" height=\"1024\" data-attachment-id=\"11269\" data-permalink=\"https:\/\/olivamorosicristians.es\/es\/nomenament-de-carrecs-2024\/abanderada-fmico-2024-1\/\" data-orig-file=\"https:\/\/i0.wp.com\/olivamorosicristians.es\/wp-content\/uploads\/2024\/01\/Abanderada-FMICO-2024-1-scaled.jpg?fit=1707%2C2560&amp;ssl=1\" data-orig-size=\"1707,2560\" data-comments-opened=\"0\" data-image-meta=\"{&quot;aperture&quot;:&quot;4&quot;,&quot;credit&quot;:&quot;&quot;,&quot;camera&quot;:&quot;Canon EOS 5D Mark III&quot;,&quot;caption&quot;:&quot;&quot;,&quot;created_timestamp&quot;:&quot;1690056206&quot;,&quot;copyright&quot;:&quot;&quot;,&quot;focal_length&quot;:&quot;160&quot;,&quot;iso&quot;:&quot;400&quot;,&quot;shutter_speed&quot;:&quot;0.005&quot;,&quot;title&quot;:&quot;&quot;,&quot;orientation&quot;:&quot;1&quot;}\" data-image-title=\"Abanderada-FMICO-2024-1\" data-image-description=\"\" data-image-caption=\"\" data-large-file=\"https:\/\/i0.wp.com\/olivamorosicristians.es\/wp-content\/uploads\/2024\/01\/Abanderada-FMICO-2024-1-scaled.jpg?fit=683%2C1024&amp;ssl=1\" class=\"wp-image-11269 aligncenter\" style=\"width: 318px; height: auto;\" src=\"https:\/\/i0.wp.com\/olivamorosicristians.es\/wp-content\/uploads\/2024\/01\/Abanderada-FMICO-2024-1.jpg?resize=683%2C1024&#038;ssl=1\" alt=\"\" srcset=\"https:\/\/i0.wp.com\/olivamorosicristians.es\/wp-content\/uploads\/2024\/01\/Abanderada-FMICO-2024-1-scaled.jpg?resize=683%2C1024&amp;ssl=1 683w, https:\/\/i0.wp.com\/olivamorosicristians.es\/wp-content\/uploads\/2024\/01\/Abanderada-FMICO-2024-1-scaled.jpg?resize=200%2C300&amp;ssl=1 200w, https:\/\/i0.wp.com\/olivamorosicristians.es\/wp-content\/uploads\/2024\/01\/Abanderada-FMICO-2024-1-scaled.jpg?resize=768%2C1152&amp;ssl=1 768w, https:\/\/i0.wp.com\/olivamorosicristians.es\/wp-content\/uploads\/2024\/01\/Abanderada-FMICO-2024-1-scaled.jpg?resize=1024%2C1536&amp;ssl=1 1024w, https:\/\/i0.wp.com\/olivamorosicristians.es\/wp-content\/uploads\/2024\/01\/Abanderada-FMICO-2024-1-scaled.jpg?resize=1365%2C2048&amp;ssl=1 1365w, https:\/\/i0.wp.com\/olivamorosicristians.es\/wp-content\/uploads\/2024\/01\/Abanderada-FMICO-2024-1-scaled.jpg?resize=640%2C960&amp;ssl=1 640w, https:\/\/i0.wp.com\/olivamorosicristians.es\/wp-content\/uploads\/2024\/01\/Abanderada-FMICO-2024-1-scaled.jpg?resize=1280%2C1920&amp;ssl=1 1280w, https:\/\/i0.wp.com\/olivamorosicristians.es\/wp-content\/uploads\/2024\/01\/Abanderada-FMICO-2024-1-scaled.jpg?resize=1320%2C1980&amp;ssl=1 1320w, https:\/\/i0.wp.com\/olivamorosicristians.es\/wp-content\/uploads\/2024\/01\/Abanderada-FMICO-2024-1-scaled.jpg?w=1707&amp;ssl=1 1707w\" sizes=\"auto, (max-width: 683px) 100vw, 683px\" \/><\/p>\n<p><strong>Capit\u00e0 cristi\u00e0: Adri\u00e1n Fern\u00e1ndez Mi\u00f1ana. <\/strong>El seu cam\u00ed va comen\u00e7ar en la setmana festera de 2017, un any en qu\u00e8 va comen\u00e7ar a submergir-se en les tradicions i l&#8217;alegria de la festa. Amb el cor ple d&#8217;expectaci\u00f3, va explorar les diferents filades, sentint com els Contrabandistes capturaven el seu esperit.\u00a0 Des del 2018 \u00e9s membre de ple dret a la filada, amb una plena implicaci\u00f3, assumint el c\u00e0rrec de Primer Tro fins a 2022. C\u00e0rrec que va compaginar des del 2020, amb el de cubiler. Amb orgull i humilitat, ha estat un membre ben actiu dels Contrabandistes, especialment en els aspectes culturals de la Festa.<\/p>\n<p><img data-recalc-dims=\"1\" loading=\"lazy\" decoding=\"async\" data-attachment-id=\"11271\" data-permalink=\"https:\/\/olivamorosicristians.es\/es\/nomenament-de-carrecs-2024\/capita-cristia-2024\/\" data-orig-file=\"https:\/\/i0.wp.com\/olivamorosicristians.es\/wp-content\/uploads\/2024\/01\/Capita-Cristia-2024-scaled-e1706294431972.jpg?fit=1061%2C1130&amp;ssl=1\" data-orig-size=\"1061,1130\" data-comments-opened=\"0\" data-image-meta=\"{&quot;aperture&quot;:&quot;4&quot;,&quot;credit&quot;:&quot;ANTONI RIBERA OLTRA&quot;,&quot;camera&quot;:&quot;Canon EOS 5D Mark IV&quot;,&quot;caption&quot;:&quot;&quot;,&quot;created_timestamp&quot;:&quot;1658520178&quot;,&quot;copyright&quot;:&quot;ANTONI RIBERA OLTRA antoniribera@live.com +34645997713&quot;,&quot;focal_length&quot;:&quot;67&quot;,&quot;iso&quot;:&quot;320&quot;,&quot;shutter_speed&quot;:&quot;0.005&quot;,&quot;title&quot;:&quot;&quot;,&quot;orientation&quot;:&quot;1&quot;}\" data-image-title=\"Capita\u0300 Cristia\u0300 2024\" data-image-description=\"\" data-image-caption=\"\" data-large-file=\"https:\/\/i0.wp.com\/olivamorosicristians.es\/wp-content\/uploads\/2024\/01\/Capita-Cristia-2024-scaled-e1706294431972.jpg?fit=961%2C1024&amp;ssl=1\" class=\"wp-image-11271 aligncenter\" src=\"https:\/\/i0.wp.com\/olivamorosicristians.es\/wp-content\/uploads\/2024\/01\/Capita-Cristia-2024.jpg?resize=337%2C506&#038;ssl=1\" alt=\"\" width=\"337\" height=\"506\" \/><\/p>\n<p><strong>Ambaixador cristi\u00e0: Alejandro Montilla Plata.\u00a0<\/strong>El cam\u00ed de l&#8217;ambaixador cristi\u00e0 comen\u00e7a l&#8217;any 2012, quan una colla d&#8217;amics decidiren unir-se al b\u00e0ndol moro. Tot i que aquell any sols volia con\u00e9ixer la Festa, per circumst\u00e0ncies va acabar desfilant, enamorant-se aix\u00ed d&#8217;aquesta. Durant algun temps va haver de deixar-la a causa del treball, malgrat que, cada vegada que podia, s&#8217;apuntava a algun menjar i al\u00a0putxero, ja en aquell moment, en la Filada Contrabandistes. La festa i familiaritat d&#8217;aquella filada, el va captivar tant, que quan va poder formar-ne part\u00a0en 2019, no s&#8217;ho va pensar\u00a0dues\u00a0vegades. Des d&#8217;aquell any, va entrar en la junta com a\u00a0cubiler,\u00a0entregant-se\u00a0a tota la feina que comporta la festa. Des de 2023 \u00e9s compromissari de la Filada Contrabandistes a les assemblees de la FMiCO. Tot aquest esfor\u00e7\u00a0ha\u00a0culminat en l&#8217;oportunitat de ser l&#8217;ambaixador cristi\u00e0, al costat d&#8217;un dels seus millor amics com a capit\u00e0.<\/p>\n<p><img data-recalc-dims=\"1\" loading=\"lazy\" decoding=\"async\" data-attachment-id=\"11273\" data-permalink=\"https:\/\/olivamorosicristians.es\/es\/nomenament-de-carrecs-2024\/ambaixador-cristia-2024\/\" data-orig-file=\"https:\/\/i0.wp.com\/olivamorosicristians.es\/wp-content\/uploads\/2024\/01\/Ambaixador-Cristia-2024-scaled-e1706294518830.jpg?fit=1600%2C1600&amp;ssl=1\" data-orig-size=\"1600,1600\" data-comments-opened=\"0\" data-image-meta=\"{&quot;aperture&quot;:&quot;4&quot;,&quot;credit&quot;:&quot;&quot;,&quot;camera&quot;:&quot;Canon EOS 5D Mark III&quot;,&quot;caption&quot;:&quot;&quot;,&quot;created_timestamp&quot;:&quot;1689971017&quot;,&quot;copyright&quot;:&quot;&quot;,&quot;focal_length&quot;:&quot;93&quot;,&quot;iso&quot;:&quot;400&quot;,&quot;shutter_speed&quot;:&quot;0.00625&quot;,&quot;title&quot;:&quot;&quot;,&quot;orientation&quot;:&quot;1&quot;}\" data-image-title=\"Ambaixador Cristia\u0300 2024\" data-image-description=\"\" data-image-caption=\"\" data-large-file=\"https:\/\/i0.wp.com\/olivamorosicristians.es\/wp-content\/uploads\/2024\/01\/Ambaixador-Cristia-2024-scaled-e1706294518830.jpg?fit=1024%2C1024&amp;ssl=1\" class=\"wp-image-11273 aligncenter\" src=\"https:\/\/i0.wp.com\/olivamorosicristians.es\/wp-content\/uploads\/2024\/01\/Ambaixador-Cristia-2024.jpg?resize=323%2C485&#038;ssl=1\" alt=\"\" width=\"323\" height=\"485\" \/><strong>Capit\u00e0 Moro: Juanjo Bertomeu Penalva. <\/strong>\u00c9s component de la Filada Moriscos des del 2001, moment en el qual entra a formar part de la festa junt amb la seua colla d\u2019amics, essent membre de l\u2019esquadra Sarra\u00efns des del 2002, i en l\u2019esquadra parella Sarra\u00efnes \u00e9s cap d\u2019esquadra la seua dona. Ha estat vicepresident dels Moriscos els anys 2011-12 i 2017-18. En aquestes etapes, s\u2019han impulsat canvis significatius a la filada, com l\u2019adquisici\u00f3 de la \u00abcabila de reunions\u00bb, l\u2019aprovaci\u00f3 del Reglament de R\u00e8gim Intern o la consolidaci\u00f3 de la Festa de C\u00e0rrecs. Demostrant el seu comprom\u00eds i dedicaci\u00f3, ha format part de diverses comissions, tant econ\u00f2miques, festeres, com de composici\u00f3 de\u00a0boato i ha sigut trabuquer en les diferents capitanies Morisques.<\/p>\n<p><img data-recalc-dims=\"1\" loading=\"lazy\" decoding=\"async\" data-attachment-id=\"11270\" data-permalink=\"https:\/\/olivamorosicristians.es\/es\/nomenament-de-carrecs-2024\/capita-moro-2024\/\" data-orig-file=\"https:\/\/i0.wp.com\/olivamorosicristians.es\/wp-content\/uploads\/2024\/01\/Capita-Moro-2024-scaled-e1706294287299.jpg?fit=1600%2C1600&amp;ssl=1\" data-orig-size=\"1600,1600\" data-comments-opened=\"0\" data-image-meta=\"{&quot;aperture&quot;:&quot;4&quot;,&quot;credit&quot;:&quot;&quot;,&quot;camera&quot;:&quot;Canon EOS 5D Mark III&quot;,&quot;caption&quot;:&quot;&quot;,&quot;created_timestamp&quot;:&quot;1690055924&quot;,&quot;copyright&quot;:&quot;&quot;,&quot;focal_length&quot;:&quot;192&quot;,&quot;iso&quot;:&quot;250&quot;,&quot;shutter_speed&quot;:&quot;0.005&quot;,&quot;title&quot;:&quot;&quot;,&quot;orientation&quot;:&quot;1&quot;}\" data-image-title=\"Capita\u0300 Moro 2024\" data-image-description=\"\" data-image-caption=\"\" data-large-file=\"https:\/\/i0.wp.com\/olivamorosicristians.es\/wp-content\/uploads\/2024\/01\/Capita-Moro-2024-scaled-e1706294287299.jpg?fit=1024%2C1024&amp;ssl=1\" class=\"wp-image-11270 aligncenter\" src=\"https:\/\/i0.wp.com\/olivamorosicristians.es\/wp-content\/uploads\/2024\/01\/Capita-Moro-2024.jpg?resize=343%2C515&#038;ssl=1\" alt=\"\" width=\"343\" height=\"515\" \/><strong>Ambaixador Moro: Vicente Benimeli Alemany. <\/strong>\u00c9s fester i Morisco des del seu naixement, l\u2019any 1984, baixant Loygorri per primera vega a l\u2019\u00fater matern. Des del 1992 participa de l\u2019Entrada, primer amb l\u2019esquadra infantil, els anys 1994 i 1995 com abanderat de la filada. Durant diversos anys ha estat trabuquer de la filada.<\/p>\n<p><!-- \/wp:post-content --><\/p>\n<p><!-- wp:paragraph --><img data-recalc-dims=\"1\" loading=\"lazy\" decoding=\"async\" data-attachment-id=\"11272\" data-permalink=\"https:\/\/olivamorosicristians.es\/es\/nomenament-de-carrecs-2024\/ambaixador-moro-2024\/\" data-orig-file=\"https:\/\/i0.wp.com\/olivamorosicristians.es\/wp-content\/uploads\/2024\/01\/Ambaixador-Moro-2024-scaled-e1706294483821.jpg?fit=1693%2C1757&amp;ssl=1\" data-orig-size=\"1693,1757\" data-comments-opened=\"0\" data-image-meta=\"{&quot;aperture&quot;:&quot;1.4&quot;,&quot;credit&quot;:&quot;&quot;,&quot;camera&quot;:&quot;NIKON D810&quot;,&quot;caption&quot;:&quot;&quot;,&quot;created_timestamp&quot;:&quot;1469308626&quot;,&quot;copyright&quot;:&quot;&quot;,&quot;focal_length&quot;:&quot;50&quot;,&quot;iso&quot;:&quot;80&quot;,&quot;shutter_speed&quot;:&quot;0.002&quot;,&quot;title&quot;:&quot;&quot;,&quot;orientation&quot;:&quot;1&quot;}\" data-image-title=\"Ambaixador Moro 2024\" data-image-description=\"\" data-image-caption=\"\" data-large-file=\"https:\/\/i0.wp.com\/olivamorosicristians.es\/wp-content\/uploads\/2024\/01\/Ambaixador-Moro-2024-scaled-e1706294483821.jpg?fit=987%2C1024&amp;ssl=1\" class=\"wp-image-11272 aligncenter\" src=\"https:\/\/i0.wp.com\/olivamorosicristians.es\/wp-content\/uploads\/2024\/01\/Ambaixador-Moro-2024.jpg?resize=351%2C527&#038;ssl=1\" alt=\"\" width=\"351\" height=\"527\" \/><\/p>\n<p>&nbsp;<\/p>\n<\/div><\/div><\/div><\/div><\/section><section class=\"w-section\">\r\n<div class=\"row\"><div class=\"col col-12\">\r\n    <div class=\"col-inner\"><div class=\"w-text-block\">\n    <p><strong>President d<\/strong>\u2019<strong>Honor<\/strong><\/p>\n<p><!-- \/wp:paragraph --><\/p>\n<p><!-- wp:paragraph -->Enguany, per primera vegada, la Federaci\u00f3 de Moros i Cristians d\u2019Oliva, far\u00e0 entrega del <strong>reconeixement de President d<\/strong>\u2019<strong>Honor a Manolo Arnal Bertomeu <\/strong>(de la Filada Marr\u00e0queix). De forma bianual es fa entrega del c\u00e0rrec de Fester d\u2019Honor i, de forma extraordin\u00e0ria, la Federaci\u00f3 de Moros i Cristians pot fer el reconeixement de President d\u2019Honor.<\/p>\n<p><strong>President d<\/strong>\u2019<strong>Honor: Manolo Arnal Bertomeu. <\/strong>S&#8217;inicia en la Festa l&#8217;any 1977 en la Filada Marr\u00e0queix\u00a0en la qual, al llarg del temps, ocupa diferents c\u00e0rrecs i participa en nombroses\u00a0comissions\u00a0de treball. El 1996\u00a0ostenta el c\u00e0rrec de Capit\u00e0 del B\u00e0ndol Moro. En la Federaci\u00f3, abans Junta de Moros i Cristians, desenvolupa la tasca de secretari, i als anys 1990, 91 i 92 el c\u00e0rrec de president i\u00a0el 2016\u00a0president de la junta gestora.<\/p>\n<p>En 2004\u00a0\u00e9s anomenat, a proposta de la Junta de Moros i Cristians d&#8217;Oliva, MEMBRE HONOR\u00cdFIC A T\u00cdTOL PERSONAL de l\u2019UNDEF.<\/p>\n<p><!-- \/wp:paragraph --><\/p>\n<p><!-- wp:paragraph -->Durant molts anys\u00a0uneix\u00a0dos\u00a0de les seues grans passions: la Festa i els cavalls, participant en l&#8217;Entrada Mora com a cap batedor. Col\u00b7labora en el m\u00f3n dels Moros i Cristians, no sols a Oliva, sin\u00f3\u00a0ajudant i\u00a0assessorant a altres pobles del territori valenci\u00e0 en mat\u00e8ria de festa.<\/p>\n<p>En el 2015 \u00e9s anomenat pregoner de les festes de Moros i Cristians d&#8217;Oliva.<br \/>Promotor, junt amb altres festers i festeres, de l&#8217;estructura dels actes com el de l&#8217;inici de les festes i el\u00a0Desembarcament.<br \/>Ha participat i participa activament en diferents comissions i ajuda en l&#8217;organitzaci\u00f3 i coordinaci\u00f3 de diferents actes de la Festa.<\/p>\n<\/div><\/div><\/div><\/div><\/section><section class=\"w-section\">\r\n<div class=\"row\"><div class=\"col col-6\">\r\n    <div class=\"col-inner\"><div class=\"w-space\" style=\"height:30px\"><\/div><div class=\"w-image text-center\">\n            <img loading=\"lazy\" decoding=\"async\" width=\"340\" height=\"340\" src=\"https:\/\/i0.wp.com\/olivamorosicristians.es\/wp-content\/uploads\/2024\/01\/PresidentHonor_MANOLO-ARNAL02-B-e1706294570669.jpg?resize=340%2C340&amp;ssl=1\" class=\"attachment-overlap-medium size-overlap-medium\" alt=\"\" srcset=\"https:\/\/i0.wp.com\/olivamorosicristians.es\/wp-content\/uploads\/2024\/01\/PresidentHonor_MANOLO-ARNAL02-B-e1706294570669.jpg?w=686&amp;ssl=1 686w, https:\/\/i0.wp.com\/olivamorosicristians.es\/wp-content\/uploads\/2024\/01\/PresidentHonor_MANOLO-ARNAL02-B-e1706294570669.jpg?resize=300%2C300&amp;ssl=1 300w, https:\/\/i0.wp.com\/olivamorosicristians.es\/wp-content\/uploads\/2024\/01\/PresidentHonor_MANOLO-ARNAL02-B-e1706294570669.jpg?resize=150%2C150&amp;ssl=1 150w, https:\/\/i0.wp.com\/olivamorosicristians.es\/wp-content\/uploads\/2024\/01\/PresidentHonor_MANOLO-ARNAL02-B-e1706294570669.jpg?resize=340%2C340&amp;ssl=1 340w, https:\/\/i0.wp.com\/olivamorosicristians.es\/wp-content\/uploads\/2024\/01\/PresidentHonor_MANOLO-ARNAL02-B-e1706294570669.jpg?resize=640%2C640&amp;ssl=1 640w\" sizes=\"auto, (max-width: 340px) 100vw, 340px\" data-attachment-id=\"11276\" data-permalink=\"https:\/\/olivamorosicristians.es\/es\/nomenament-de-carrecs-2024\/presidenthonor_manolo-arnal02-b\/\" data-orig-file=\"https:\/\/i0.wp.com\/olivamorosicristians.es\/wp-content\/uploads\/2024\/01\/PresidentHonor_MANOLO-ARNAL02-B-e1706294570669.jpg?fit=686%2C686&amp;ssl=1\" data-orig-size=\"686,686\" data-comments-opened=\"0\" data-image-meta=\"{&quot;aperture&quot;:&quot;0&quot;,&quot;credit&quot;:&quot;&quot;,&quot;camera&quot;:&quot;&quot;,&quot;caption&quot;:&quot;&quot;,&quot;created_timestamp&quot;:&quot;0&quot;,&quot;copyright&quot;:&quot;&quot;,&quot;focal_length&quot;:&quot;0&quot;,&quot;iso&quot;:&quot;0&quot;,&quot;shutter_speed&quot;:&quot;0&quot;,&quot;title&quot;:&quot;&quot;,&quot;orientation&quot;:&quot;1&quot;}\" data-image-title=\"PresidentHonor_MANOLO-ARNAL02-B\" data-image-description=\"\" data-image-caption=\"\" data-large-file=\"https:\/\/i0.wp.com\/olivamorosicristians.es\/wp-content\/uploads\/2024\/01\/PresidentHonor_MANOLO-ARNAL02-B-e1706294570669.jpg?fit=682%2C1024&amp;ssl=1\" \/>    <\/div>\n<div class=\"w-space\" style=\"height:30px\"><\/div><\/div><\/div><div class=\"col col-6\">\r\n    <div class=\"col-inner\"><div class=\"w-space\" style=\"height:30px\"><\/div><div class=\"w-image text-center\">\n            <img loading=\"lazy\" decoding=\"async\" width=\"340\" height=\"340\" src=\"https:\/\/i0.wp.com\/olivamorosicristians.es\/wp-content\/uploads\/2024\/01\/PresidentHonor_MANOLO-ARNAL01-B-e1706296160561.jpg?resize=340%2C340&amp;ssl=1\" class=\"attachment-overlap-medium size-overlap-medium\" alt=\"\" srcset=\"https:\/\/i0.wp.com\/olivamorosicristians.es\/wp-content\/uploads\/2024\/01\/PresidentHonor_MANOLO-ARNAL01-B-e1706296160561.jpg?w=997&amp;ssl=1 997w, https:\/\/i0.wp.com\/olivamorosicristians.es\/wp-content\/uploads\/2024\/01\/PresidentHonor_MANOLO-ARNAL01-B-e1706296160561.jpg?resize=300%2C300&amp;ssl=1 300w, https:\/\/i0.wp.com\/olivamorosicristians.es\/wp-content\/uploads\/2024\/01\/PresidentHonor_MANOLO-ARNAL01-B-e1706296160561.jpg?resize=150%2C150&amp;ssl=1 150w, https:\/\/i0.wp.com\/olivamorosicristians.es\/wp-content\/uploads\/2024\/01\/PresidentHonor_MANOLO-ARNAL01-B-e1706296160561.jpg?resize=768%2C768&amp;ssl=1 768w, https:\/\/i0.wp.com\/olivamorosicristians.es\/wp-content\/uploads\/2024\/01\/PresidentHonor_MANOLO-ARNAL01-B-e1706296160561.jpg?resize=340%2C340&amp;ssl=1 340w, https:\/\/i0.wp.com\/olivamorosicristians.es\/wp-content\/uploads\/2024\/01\/PresidentHonor_MANOLO-ARNAL01-B-e1706296160561.jpg?resize=640%2C640&amp;ssl=1 640w, https:\/\/i0.wp.com\/olivamorosicristians.es\/wp-content\/uploads\/2024\/01\/PresidentHonor_MANOLO-ARNAL01-B-e1706296160561.jpg?resize=960%2C960&amp;ssl=1 960w\" sizes=\"auto, (max-width: 340px) 100vw, 340px\" data-attachment-id=\"11274\" data-permalink=\"https:\/\/olivamorosicristians.es\/es\/nomenament-de-carrecs-2024\/presidenthonor_manolo-arnal01-b\/\" data-orig-file=\"https:\/\/i0.wp.com\/olivamorosicristians.es\/wp-content\/uploads\/2024\/01\/PresidentHonor_MANOLO-ARNAL01-B-e1706296160561.jpg?fit=997%2C997&amp;ssl=1\" data-orig-size=\"997,997\" data-comments-opened=\"0\" data-image-meta=\"{&quot;aperture&quot;:&quot;0&quot;,&quot;credit&quot;:&quot;&quot;,&quot;camera&quot;:&quot;&quot;,&quot;caption&quot;:&quot;&quot;,&quot;created_timestamp&quot;:&quot;0&quot;,&quot;copyright&quot;:&quot;&quot;,&quot;focal_length&quot;:&quot;0&quot;,&quot;iso&quot;:&quot;0&quot;,&quot;shutter_speed&quot;:&quot;0&quot;,&quot;title&quot;:&quot;&quot;,&quot;orientation&quot;:&quot;0&quot;}\" data-image-title=\"PresidentHonor_MANOLO-ARNAL01-B\" data-image-description=\"\" data-image-caption=\"\" data-large-file=\"https:\/\/i0.wp.com\/olivamorosicristians.es\/wp-content\/uploads\/2024\/01\/PresidentHonor_MANOLO-ARNAL01-B-e1706296160561.jpg?fit=680%2C1024&amp;ssl=1\" \/>    <\/div>\n<div class=\"w-space\" style=\"height:30px\"><\/div><\/div><\/div><\/div><\/section><section class=\"w-section\">\r\n<div class=\"row\"><div class=\"col col-12\">\r\n    <div class=\"col-inner\"><div class=\"w-text-block\">\n    <p>Despr\u00e9s de l\u2019acte de nomenament, la celebraci\u00f3 continuar\u00e0 fins a altes hores de la matinada amb el sopar de gala i revetlla amenitzada per la xaranga Aureba.<\/p>\n<p><!-- \/wp:paragraph --><\/p>\n<p><!-- wp:paragraph -->Amb aquest acte s\u2019iniciaran els actes del Mig Any 2024, que continuaran dissabte 10 de febrer amb el tradicional Concurs de Putxeros a la pla\u00e7a Joan Baptista Escriv\u00e0.<\/p>\n<\/div><\/div><\/div><\/div><\/section>","protected":false},"excerpt":{"rendered":"La Federaci\u00f3 de Moros i Cristians d\u2019Oliva, en col\u00b7laboraci\u00f3 amb la Regidoria de Festes, anuncia que el dissabte 3 de febrer es celebrar\u00e0 l\u2019acte de Nomenament de C\u00e0rrecs Festers dels Moros i Cristians d\u2019Oliva de 2024 i el posterior sopar de gala al Centre Polivalent, tot emmarcat en els actes de celebraci\u00f3 del Mig Any [...]","protected":false},"author":1,"featured_media":11275,"comment_status":"closed","ping_status":"open","sticky":false,"template":"","format":"standard","meta":{"jetpack_post_was_ever_published":false,"_jetpack_newsletter_access":"","_jetpack_dont_email_post_to_subs":false,"_jetpack_newsletter_tier_id":0,"_jetpack_memberships_contains_paywalled_content":false,"_jetpack_memberships_contains_paid_content":false,"footnotes":"","jetpack_publicize_message":"","jetpack_publicize_feature_enabled":true,"jetpack_social_post_already_shared":true,"jetpack_social_options":{"image_generator_settings":{"template":"highway","default_image_id":0,"font":"","enabled":false},"version":2}},"categories":[149],"tags":[],"class_list":["post-11266","post","type-post","status-publish","format-standard","has-post-thumbnail","hentry","category-esdeveniments"],"yoast_head":"<!-- This site is optimized with the Yoast SEO plugin v27.4 - https:\/\/yoast.com\/product\/yoast-seo-wordpress\/ -->\n<title>Nomenament de c\u00e0rrecs 2024 - Moros i Cristians Oliva<\/title>\n<meta name=\"robots\" content=\"index, follow, max-snippet:-1, max-image-preview:large, max-video-preview:-1\" \/>\n<link rel=\"canonical\" href=\"https:\/\/olivamorosicristians.es\/es\/nomenament-de-carrecs-2024\/\" \/>\n<meta property=\"og:locale\" content=\"es_ES\" \/>\n<meta property=\"og:type\" content=\"article\" \/>\n<meta property=\"og:title\" content=\"Nomenament de c\u00e0rrecs 2024 - Moros i Cristians Oliva\" \/>\n<meta property=\"og:url\" content=\"https:\/\/olivamorosicristians.es\/es\/nomenament-de-carrecs-2024\/\" \/>\n<meta property=\"og:site_name\" content=\"Moros i Cristians Oliva\" \/>\n<meta property=\"article:publisher\" content=\"https:\/\/www.facebook.com\/federaciodemorosicristiansdoliva\/\" \/>\n<meta property=\"article:author\" content=\"https:\/\/www.facebook.com\/federaciodemorosicristiansdoliva\" \/>\n<meta property=\"article:published_time\" content=\"2024-01-26T13:33:55+00:00\" \/>\n<meta property=\"article:modified_time\" content=\"2024-01-26T19:20:03+00:00\" \/>\n<meta property=\"og:image\" content=\"https:\/\/olivamorosicristians.es\/wp-content\/uploads\/2024\/01\/Captura-de-pantalla-2024-01-26-a-las-13.22.13.png\" \/>\n\t<meta property=\"og:image:width\" content=\"1332\" \/>\n\t<meta property=\"og:image:height\" content=\"1002\" \/>\n\t<meta property=\"og:image:type\" content=\"image\/png\" \/>\n<meta name=\"author\" content=\"Webmaster\" \/>\n<meta name=\"twitter:card\" content=\"summary_large_image\" \/>\n<meta name=\"twitter:label1\" content=\"Escrito por\" \/>\n\t<meta name=\"twitter:data1\" content=\"Webmaster\" \/>\n\t<meta name=\"twitter:label2\" content=\"Tiempo de lectura\" \/>\n\t<meta name=\"twitter:data2\" content=\"8 minutos\" \/>\n<script type=\"application\/ld+json\" class=\"yoast-schema-graph\">{\"@context\":\"https:\\\/\\\/schema.org\",\"@graph\":[{\"@type\":\"Article\",\"@id\":\"https:\\\/\\\/olivamorosicristians.es\\\/nomenament-de-carrecs-2024\\\/#article\",\"isPartOf\":{\"@id\":\"https:\\\/\\\/olivamorosicristians.es\\\/nomenament-de-carrecs-2024\\\/\"},\"author\":{\"name\":\"Webmaster\",\"@id\":\"https:\\\/\\\/olivamorosicristians.es\\\/#\\\/schema\\\/person\\\/21ece052d8816103cad91a2676fd0149\"},\"headline\":\"Nomenament de c\u00e0rrecs 2024\",\"datePublished\":\"2024-01-26T13:33:55+00:00\",\"dateModified\":\"2024-01-26T19:20:03+00:00\",\"mainEntityOfPage\":{\"@id\":\"https:\\\/\\\/olivamorosicristians.es\\\/nomenament-de-carrecs-2024\\\/\"},\"wordCount\":1261,\"publisher\":{\"@id\":\"https:\\\/\\\/olivamorosicristians.es\\\/#organization\"},\"image\":{\"@id\":\"https:\\\/\\\/olivamorosicristians.es\\\/nomenament-de-carrecs-2024\\\/#primaryimage\"},\"thumbnailUrl\":\"https:\\\/\\\/i0.wp.com\\\/olivamorosicristians.es\\\/wp-content\\\/uploads\\\/2024\\\/01\\\/Captura-de-pantalla-2024-01-26-a-las-13.22.13.png?fit=1332%2C1002&ssl=1\",\"articleSection\":[\"Esdeveniments\"],\"inLanguage\":\"es\"},{\"@type\":\"WebPage\",\"@id\":\"https:\\\/\\\/olivamorosicristians.es\\\/nomenament-de-carrecs-2024\\\/\",\"url\":\"https:\\\/\\\/olivamorosicristians.es\\\/nomenament-de-carrecs-2024\\\/\",\"name\":\"Nomenament de c\u00e0rrecs 2024 - Moros i Cristians Oliva\",\"isPartOf\":{\"@id\":\"https:\\\/\\\/olivamorosicristians.es\\\/#website\"},\"primaryImageOfPage\":{\"@id\":\"https:\\\/\\\/olivamorosicristians.es\\\/nomenament-de-carrecs-2024\\\/#primaryimage\"},\"image\":{\"@id\":\"https:\\\/\\\/olivamorosicristians.es\\\/nomenament-de-carrecs-2024\\\/#primaryimage\"},\"thumbnailUrl\":\"https:\\\/\\\/i0.wp.com\\\/olivamorosicristians.es\\\/wp-content\\\/uploads\\\/2024\\\/01\\\/Captura-de-pantalla-2024-01-26-a-las-13.22.13.png?fit=1332%2C1002&ssl=1\",\"datePublished\":\"2024-01-26T13:33:55+00:00\",\"dateModified\":\"2024-01-26T19:20:03+00:00\",\"breadcrumb\":{\"@id\":\"https:\\\/\\\/olivamorosicristians.es\\\/nomenament-de-carrecs-2024\\\/#breadcrumb\"},\"inLanguage\":\"es\",\"potentialAction\":[{\"@type\":\"ReadAction\",\"target\":[\"https:\\\/\\\/olivamorosicristians.es\\\/nomenament-de-carrecs-2024\\\/\"]}]},{\"@type\":\"ImageObject\",\"inLanguage\":\"es\",\"@id\":\"https:\\\/\\\/olivamorosicristians.es\\\/nomenament-de-carrecs-2024\\\/#primaryimage\",\"url\":\"https:\\\/\\\/i0.wp.com\\\/olivamorosicristians.es\\\/wp-content\\\/uploads\\\/2024\\\/01\\\/Captura-de-pantalla-2024-01-26-a-las-13.22.13.png?fit=1332%2C1002&ssl=1\",\"contentUrl\":\"https:\\\/\\\/i0.wp.com\\\/olivamorosicristians.es\\\/wp-content\\\/uploads\\\/2024\\\/01\\\/Captura-de-pantalla-2024-01-26-a-las-13.22.13.png?fit=1332%2C1002&ssl=1\",\"width\":1332,\"height\":1002},{\"@type\":\"BreadcrumbList\",\"@id\":\"https:\\\/\\\/olivamorosicristians.es\\\/nomenament-de-carrecs-2024\\\/#breadcrumb\",\"itemListElement\":[{\"@type\":\"ListItem\",\"position\":1,\"name\":\"Portada\",\"item\":\"https:\\\/\\\/olivamorosicristians.es\\\/\"},{\"@type\":\"ListItem\",\"position\":2,\"name\":\"Nomenament de c\u00e0rrecs 2024\"}]},{\"@type\":\"WebSite\",\"@id\":\"https:\\\/\\\/olivamorosicristians.es\\\/#website\",\"url\":\"https:\\\/\\\/olivamorosicristians.es\\\/\",\"name\":\"Moros i Cristians Oliva\",\"description\":\"FMCO\",\"publisher\":{\"@id\":\"https:\\\/\\\/olivamorosicristians.es\\\/#organization\"},\"potentialAction\":[{\"@type\":\"SearchAction\",\"target\":{\"@type\":\"EntryPoint\",\"urlTemplate\":\"https:\\\/\\\/olivamorosicristians.es\\\/?s={search_term_string}\"},\"query-input\":{\"@type\":\"PropertyValueSpecification\",\"valueRequired\":true,\"valueName\":\"search_term_string\"}}],\"inLanguage\":\"es\"},{\"@type\":\"Organization\",\"@id\":\"https:\\\/\\\/olivamorosicristians.es\\\/#organization\",\"name\":\"Federaci\u00f3 de Moros i Cristians - Oliva\",\"url\":\"https:\\\/\\\/olivamorosicristians.es\\\/\",\"logo\":{\"@type\":\"ImageObject\",\"inLanguage\":\"es\",\"@id\":\"https:\\\/\\\/olivamorosicristians.es\\\/#\\\/schema\\\/logo\\\/image\\\/\",\"url\":\"https:\\\/\\\/i2.wp.com\\\/olivamorosicristians.es\\\/wp-content\\\/uploads\\\/2018\\\/06\\\/Icon_FMiCO.png?fit=50%2C50&ssl=1\",\"contentUrl\":\"https:\\\/\\\/i2.wp.com\\\/olivamorosicristians.es\\\/wp-content\\\/uploads\\\/2018\\\/06\\\/Icon_FMiCO.png?fit=50%2C50&ssl=1\",\"width\":50,\"height\":50,\"caption\":\"Federaci\u00f3 de Moros i Cristians - Oliva\"},\"image\":{\"@id\":\"https:\\\/\\\/olivamorosicristians.es\\\/#\\\/schema\\\/logo\\\/image\\\/\"},\"sameAs\":[\"https:\\\/\\\/www.facebook.com\\\/federaciodemorosicristiansdoliva\\\/\",\"https:\\\/\\\/www.instagram.com\\\/morosicristiansoliva\\\/?hl=es\"]},{\"@type\":\"Person\",\"@id\":\"https:\\\/\\\/olivamorosicristians.es\\\/#\\\/schema\\\/person\\\/21ece052d8816103cad91a2676fd0149\",\"name\":\"Webmaster\",\"image\":{\"@type\":\"ImageObject\",\"inLanguage\":\"es\",\"@id\":\"https:\\\/\\\/secure.gravatar.com\\\/avatar\\\/18de20f14d74abe0c800b423a8b0e24cae6153cb6baeb2c2df80e1cef2117e0d?s=96&d=mm&r=g\",\"url\":\"https:\\\/\\\/secure.gravatar.com\\\/avatar\\\/18de20f14d74abe0c800b423a8b0e24cae6153cb6baeb2c2df80e1cef2117e0d?s=96&d=mm&r=g\",\"contentUrl\":\"https:\\\/\\\/secure.gravatar.com\\\/avatar\\\/18de20f14d74abe0c800b423a8b0e24cae6153cb6baeb2c2df80e1cef2117e0d?s=96&d=mm&r=g\",\"caption\":\"Webmaster\"},\"sameAs\":[\"https:\\\/\\\/www.facebook.com\\\/federaciodemorosicristiansdoliva\",\"https:\\\/\\\/www.instagram.com\\\/morosicristiansoliva\\\/\"]}]}<\/script>\n<!-- \/ Yoast SEO plugin. -->","yoast_head_json":{"title":"Nomenament de c\u00e0rrecs 2024 - Moros i Cristians Oliva","robots":{"index":"index","follow":"follow","max-snippet":"max-snippet:-1","max-image-preview":"max-image-preview:large","max-video-preview":"max-video-preview:-1"},"canonical":"https:\/\/olivamorosicristians.es\/es\/nomenament-de-carrecs-2024\/","og_locale":"es_ES","og_type":"article","og_title":"Nomenament de c\u00e0rrecs 2024 - Moros i Cristians Oliva","og_url":"https:\/\/olivamorosicristians.es\/es\/nomenament-de-carrecs-2024\/","og_site_name":"Moros i Cristians Oliva","article_publisher":"https:\/\/www.facebook.com\/federaciodemorosicristiansdoliva\/","article_author":"https:\/\/www.facebook.com\/federaciodemorosicristiansdoliva","article_published_time":"2024-01-26T13:33:55+00:00","article_modified_time":"2024-01-26T19:20:03+00:00","og_image":[{"width":1332,"height":1002,"url":"https:\/\/olivamorosicristians.es\/wp-content\/uploads\/2024\/01\/Captura-de-pantalla-2024-01-26-a-las-13.22.13.png","type":"image\/png"}],"author":"Webmaster","twitter_card":"summary_large_image","twitter_misc":{"Escrito por":"Webmaster","Tiempo de lectura":"8 minutos"},"schema":{"@context":"https:\/\/schema.org","@graph":[{"@type":"Article","@id":"https:\/\/olivamorosicristians.es\/nomenament-de-carrecs-2024\/#article","isPartOf":{"@id":"https:\/\/olivamorosicristians.es\/nomenament-de-carrecs-2024\/"},"author":{"name":"Webmaster","@id":"https:\/\/olivamorosicristians.es\/#\/schema\/person\/21ece052d8816103cad91a2676fd0149"},"headline":"Nomenament de c\u00e0rrecs 2024","datePublished":"2024-01-26T13:33:55+00:00","dateModified":"2024-01-26T19:20:03+00:00","mainEntityOfPage":{"@id":"https:\/\/olivamorosicristians.es\/nomenament-de-carrecs-2024\/"},"wordCount":1261,"publisher":{"@id":"https:\/\/olivamorosicristians.es\/#organization"},"image":{"@id":"https:\/\/olivamorosicristians.es\/nomenament-de-carrecs-2024\/#primaryimage"},"thumbnailUrl":"https:\/\/i0.wp.com\/olivamorosicristians.es\/wp-content\/uploads\/2024\/01\/Captura-de-pantalla-2024-01-26-a-las-13.22.13.png?fit=1332%2C1002&ssl=1","articleSection":["Esdeveniments"],"inLanguage":"es"},{"@type":"WebPage","@id":"https:\/\/olivamorosicristians.es\/nomenament-de-carrecs-2024\/","url":"https:\/\/olivamorosicristians.es\/nomenament-de-carrecs-2024\/","name":"Nomenament de c\u00e0rrecs 2024 - Moros i Cristians Oliva","isPartOf":{"@id":"https:\/\/olivamorosicristians.es\/#website"},"primaryImageOfPage":{"@id":"https:\/\/olivamorosicristians.es\/nomenament-de-carrecs-2024\/#primaryimage"},"image":{"@id":"https:\/\/olivamorosicristians.es\/nomenament-de-carrecs-2024\/#primaryimage"},"thumbnailUrl":"https:\/\/i0.wp.com\/olivamorosicristians.es\/wp-content\/uploads\/2024\/01\/Captura-de-pantalla-2024-01-26-a-las-13.22.13.png?fit=1332%2C1002&ssl=1","datePublished":"2024-01-26T13:33:55+00:00","dateModified":"2024-01-26T19:20:03+00:00","breadcrumb":{"@id":"https:\/\/olivamorosicristians.es\/nomenament-de-carrecs-2024\/#breadcrumb"},"inLanguage":"es","potentialAction":[{"@type":"ReadAction","target":["https:\/\/olivamorosicristians.es\/nomenament-de-carrecs-2024\/"]}]},{"@type":"ImageObject","inLanguage":"es","@id":"https:\/\/olivamorosicristians.es\/nomenament-de-carrecs-2024\/#primaryimage","url":"https:\/\/i0.wp.com\/olivamorosicristians.es\/wp-content\/uploads\/2024\/01\/Captura-de-pantalla-2024-01-26-a-las-13.22.13.png?fit=1332%2C1002&ssl=1","contentUrl":"https:\/\/i0.wp.com\/olivamorosicristians.es\/wp-content\/uploads\/2024\/01\/Captura-de-pantalla-2024-01-26-a-las-13.22.13.png?fit=1332%2C1002&ssl=1","width":1332,"height":1002},{"@type":"BreadcrumbList","@id":"https:\/\/olivamorosicristians.es\/nomenament-de-carrecs-2024\/#breadcrumb","itemListElement":[{"@type":"ListItem","position":1,"name":"Portada","item":"https:\/\/olivamorosicristians.es\/"},{"@type":"ListItem","position":2,"name":"Nomenament de c\u00e0rrecs 2024"}]},{"@type":"WebSite","@id":"https:\/\/olivamorosicristians.es\/#website","url":"https:\/\/olivamorosicristians.es\/","name":"Moros i Cristians Oliva","description":"FMCO","publisher":{"@id":"https:\/\/olivamorosicristians.es\/#organization"},"potentialAction":[{"@type":"SearchAction","target":{"@type":"EntryPoint","urlTemplate":"https:\/\/olivamorosicristians.es\/?s={search_term_string}"},"query-input":{"@type":"PropertyValueSpecification","valueRequired":true,"valueName":"search_term_string"}}],"inLanguage":"es"},{"@type":"Organization","@id":"https:\/\/olivamorosicristians.es\/#organization","name":"La Federaci\u00f3n de Moros y Cristianos de Oliva","url":"https:\/\/olivamorosicristians.es\/","logo":{"@type":"ImageObject","inLanguage":"es","@id":"https:\/\/olivamorosicristians.es\/#\/schema\/logo\/image\/","url":"https:\/\/i2.wp.com\/olivamorosicristians.es\/wp-content\/uploads\/2018\/06\/Icon_FMiCO.png?fit=50%2C50&ssl=1","contentUrl":"https:\/\/i2.wp.com\/olivamorosicristians.es\/wp-content\/uploads\/2018\/06\/Icon_FMiCO.png?fit=50%2C50&ssl=1","width":50,"height":50,"caption":"Federaci\u00f3 de Moros i Cristians - Oliva"},"image":{"@id":"https:\/\/olivamorosicristians.es\/#\/schema\/logo\/image\/"},"sameAs":["https:\/\/www.facebook.com\/federaciodemorosicristiansdoliva\/","https:\/\/www.instagram.com\/morosicristiansoliva\/?hl=es"]},{"@type":"Person","@id":"https:\/\/olivamorosicristians.es\/#\/schema\/person\/21ece052d8816103cad91a2676fd0149","name":"Webmaster","image":{"@type":"ImageObject","inLanguage":"es","@id":"https:\/\/secure.gravatar.com\/avatar\/18de20f14d74abe0c800b423a8b0e24cae6153cb6baeb2c2df80e1cef2117e0d?s=96&d=mm&r=g","url":"https:\/\/secure.gravatar.com\/avatar\/18de20f14d74abe0c800b423a8b0e24cae6153cb6baeb2c2df80e1cef2117e0d?s=96&d=mm&r=g","contentUrl":"https:\/\/secure.gravatar.com\/avatar\/18de20f14d74abe0c800b423a8b0e24cae6153cb6baeb2c2df80e1cef2117e0d?s=96&d=mm&r=g","caption":"Webmaster"},"sameAs":["https:\/\/www.facebook.com\/federaciodemorosicristiansdoliva","https:\/\/www.instagram.com\/morosicristiansoliva\/"]}]}},"jetpack_publicize_connections":[],"jetpack_featured_media_url":"https:\/\/i0.wp.com\/olivamorosicristians.es\/wp-content\/uploads\/2024\/01\/Captura-de-pantalla-2024-01-26-a-las-13.22.13.png?fit=1332%2C1002&ssl=1","jetpack_sharing_enabled":true,"jetpack_shortlink":"https:\/\/wp.me\/pagEx6-2VI","jetpack-related-posts":[],"_links":{"self":[{"href":"https:\/\/olivamorosicristians.es\/es\/wp-json\/wp\/v2\/posts\/11266","targetHints":{"allow":["GET"]}}],"collection":[{"href":"https:\/\/olivamorosicristians.es\/es\/wp-json\/wp\/v2\/posts"}],"about":[{"href":"https:\/\/olivamorosicristians.es\/es\/wp-json\/wp\/v2\/types\/post"}],"author":[{"embeddable":true,"href":"https:\/\/olivamorosicristians.es\/es\/wp-json\/wp\/v2\/users\/1"}],"replies":[{"embeddable":true,"href":"https:\/\/olivamorosicristians.es\/es\/wp-json\/wp\/v2\/comments?post=11266"}],"version-history":[{"count":12,"href":"https:\/\/olivamorosicristians.es\/es\/wp-json\/wp\/v2\/posts\/11266\/revisions"}],"predecessor-version":[{"id":11284,"href":"https:\/\/olivamorosicristians.es\/es\/wp-json\/wp\/v2\/posts\/11266\/revisions\/11284"}],"wp:featuredmedia":[{"embeddable":true,"href":"https:\/\/olivamorosicristians.es\/es\/wp-json\/wp\/v2\/media\/11275"}],"wp:attachment":[{"href":"https:\/\/olivamorosicristians.es\/es\/wp-json\/wp\/v2\/media?parent=11266"}],"wp:term":[{"taxonomy":"category","embeddable":true,"href":"https:\/\/olivamorosicristians.es\/es\/wp-json\/wp\/v2\/categories?post=11266"},{"taxonomy":"post_tag","embeddable":true,"href":"https:\/\/olivamorosicristians.es\/es\/wp-json\/wp\/v2\/tags?post=11266"}],"curies":[{"name":"wp","href":"https:\/\/api.w.org\/{rel}","templated":true}]}}