{"id":11195,"date":"2023-12-02T15:41:54","date_gmt":"2023-12-02T13:41:54","guid":{"rendered":"https:\/\/olivamorosicristians.es\/?p=11195"},"modified":"2023-12-02T15:41:58","modified_gmt":"2023-12-02T13:41:58","slug":"els-moros-i-cristians-doliva-homenatgen-les-ambaixades-dels-anys-50","status":"publish","type":"post","link":"https:\/\/olivamorosicristians.es\/es\/els-moros-i-cristians-doliva-homenatgen-les-ambaixades-dels-anys-50\/","title":{"rendered":"Els Moros i Cristians d\u2019Oliva homenatgen les ambaixades dels anys 50"},"content":{"rendered":"<p>La Federaci\u00f3 de Moros i Cristians d&#8217;Oliva va celebrar el dissabte (25 de novembre de 2023) l&#8217;acte ben\u00e8fic que celebra bianualment, per ser festa declarada d&#8217;Inter\u00e9s Tur\u00edstic Auton\u00f2mic. En aquesta ocasi\u00f3, es va celebrar un homenatge de les ambaixades que en els anys cinquanta&nbsp;es&nbsp;celebraven a la pla\u00e7a de sant Roc i un posterior dinar de germanor, a benefici de l&#8217;associaci\u00f3&nbsp;AEFAT.<\/p>\n\n\n\n<p>AEFAT&nbsp;\u00e9s una associaci\u00f3 sense \u00e0nim de lucre formada per les fam\u00edlies de m\u00e9s de 40 xiquets\/es i joves afectats amb at\u00e0xia&nbsp;telangi\u00e8ctasia&nbsp;a Espanya, i persones relacionades. Entre ells es troba&nbsp;\u00c1lex&nbsp;Ardid, el nostre ve\u00ed d&#8217;Oliva i membre de la Filada Moriscos.<\/p>\n\n\n\n<p>Fou un acte teatralitzat, de car\u00e0cter popular, que es va representar en la mateixa pla\u00e7a de sant Roc, amb recuperaci\u00f3 de les vestimentes festeres de l&#8217;\u00e8poca de la segona etapa de la Festa dels Moros i Cristians d&#8217;Oliva. Els c\u00e0rrecs foren representats per:&nbsp;Pablo&nbsp;Orqu\u00edn&nbsp;(ambaixador cristi\u00e0), Vicent Roig (ambaixador moro), Pedro Gisbert (capit\u00e0 cristi\u00e0) i Llu\u00eds Gregori (capit\u00e0 moro).<\/p>\n\n\n\n<p>Per obrir el mat\u00ed, a les 10.30 h, es va organitzar un taller infantil \u00abManualitats&nbsp;Tribu Can\u00edbal\u00bb, per tal de recrear entre els m\u00e9s menuts les vestimentes de la Filada, ja desapareguda, Can\u00edbals.<\/p>\n\n\n\n<p>En acabar, a les 12 h, la comitiva es concentrava a la pla\u00e7a de l&#8217;Ajuntament per anar en cercavila acompanyats per la colla Sarabanda fins a la pla\u00e7a de sant Roc, on es va celebrar la recreaci\u00f3 hist\u00f2rica que va delitar tots els assistents.<\/p>\n\n\n\n<p>El tret d&#8217;eixida el va donar l&#8217;\u00c0ngel Anunciador, amb els seus versos.<\/p>\n\n\n\n<p>A l&#8217;acte va participar tamb\u00e9 el nostre gegant d&#8217;Oliva Seraf\u00ed de Centelles, gr\u00e0cies a la col\u00b7laboraci\u00f3 del grup de danses Raval i Vila; i el grup de lluita \u00abMercenaris\u00bb de Bellreguard i Pirot\u00e8cnia Borred\u00e0.<\/p>\n\n\n\n<p>La jornada va acabar en un dinar de germanor a l&#8217;aparcament municipal de la cooperativa d&#8217;Oliva, amenitzat per la xaranga&nbsp;Aureba&nbsp;interpretant marxes mores i cristianes.<\/p>\n\n\n\n<p>La Federaci\u00f3 de Moros i Cristians d&#8217;Oliva vol agrair a totes les festeres i festers la seua participaci\u00f3 i, molt especialment, aquells que van participar activament en l&#8217;organitzaci\u00f3 de l&#8217;acte.<\/p>\n\n\n\n<p>Destacar la tasca i ajuda inestimable de l&#8217;Ajuntament d&#8217;Oliva amb la Regidoria de Festes i la col\u00b7laboraci\u00f3 de la brigada i electricistes d&#8217;Obres i Serveis.<\/p>\n\n\n\n<p>Tamb\u00e9, un especial agra\u00efment, a tota la gent que, durant tot aquest temps de recuperaci\u00f3 i conservaci\u00f3 de la mem\u00f2ria festera dels moros i cristians d&#8217;Oliva, ha contribu\u00eft aportant objectes, indument\u00e0ria i documents hist\u00f2rics.<\/p>\n\n\n\n<p><\/p>\n\n\n\n<figure class=\"wp-block-gallery has-nested-images columns-default is-cropped wp-block-gallery-1 is-layout-flex wp-block-gallery-is-layout-flex\">\n<figure class=\"wp-block-image size-large\"><img data-recalc-dims=\"1\" loading=\"lazy\" decoding=\"async\" width=\"768\" height=\"1024\" data-attachment-id=\"11197\" data-permalink=\"https:\/\/olivamorosicristians.es\/es\/els-moros-i-cristians-doliva-homenatgen-les-ambaixades-dels-anys-50\/photo-2023-11-25-15-28-23\/\" data-orig-file=\"https:\/\/i0.wp.com\/olivamorosicristians.es\/wp-content\/uploads\/2023\/12\/PHOTO-2023-11-25-15-28-23.jpg?fit=1536%2C2048&amp;ssl=1\" data-orig-size=\"1536,2048\" data-comments-opened=\"0\" data-image-meta=\"{&quot;aperture&quot;:&quot;0&quot;,&quot;credit&quot;:&quot;&quot;,&quot;camera&quot;:&quot;&quot;,&quot;caption&quot;:&quot;&quot;,&quot;created_timestamp&quot;:&quot;0&quot;,&quot;copyright&quot;:&quot;&quot;,&quot;focal_length&quot;:&quot;0&quot;,&quot;iso&quot;:&quot;0&quot;,&quot;shutter_speed&quot;:&quot;0&quot;,&quot;title&quot;:&quot;&quot;,&quot;orientation&quot;:&quot;0&quot;}\" data-image-title=\"PHOTO-2023-11-25-15-28-23\" data-image-description=\"\" data-image-caption=\"\" data-large-file=\"https:\/\/i0.wp.com\/olivamorosicristians.es\/wp-content\/uploads\/2023\/12\/PHOTO-2023-11-25-15-28-23.jpg?fit=768%2C1024&amp;ssl=1\" data-id=\"11197\" src=\"https:\/\/i0.wp.com\/olivamorosicristians.es\/wp-content\/uploads\/2023\/12\/PHOTO-2023-11-25-15-28-23.jpg?resize=768%2C1024&#038;ssl=1\" alt=\"\" class=\"wp-image-11197\" srcset=\"https:\/\/i0.wp.com\/olivamorosicristians.es\/wp-content\/uploads\/2023\/12\/PHOTO-2023-11-25-15-28-23.jpg?resize=768%2C1024&amp;ssl=1 768w, https:\/\/i0.wp.com\/olivamorosicristians.es\/wp-content\/uploads\/2023\/12\/PHOTO-2023-11-25-15-28-23.jpg?resize=225%2C300&amp;ssl=1 225w, https:\/\/i0.wp.com\/olivamorosicristians.es\/wp-content\/uploads\/2023\/12\/PHOTO-2023-11-25-15-28-23.jpg?resize=1152%2C1536&amp;ssl=1 1152w, https:\/\/i0.wp.com\/olivamorosicristians.es\/wp-content\/uploads\/2023\/12\/PHOTO-2023-11-25-15-28-23.jpg?resize=600%2C800&amp;ssl=1 600w, https:\/\/i0.wp.com\/olivamorosicristians.es\/wp-content\/uploads\/2023\/12\/PHOTO-2023-11-25-15-28-23.jpg?resize=640%2C853&amp;ssl=1 640w, https:\/\/i0.wp.com\/olivamorosicristians.es\/wp-content\/uploads\/2023\/12\/PHOTO-2023-11-25-15-28-23.jpg?resize=1280%2C1707&amp;ssl=1 1280w, https:\/\/i0.wp.com\/olivamorosicristians.es\/wp-content\/uploads\/2023\/12\/PHOTO-2023-11-25-15-28-23.jpg?resize=1320%2C1760&amp;ssl=1 1320w, https:\/\/i0.wp.com\/olivamorosicristians.es\/wp-content\/uploads\/2023\/12\/PHOTO-2023-11-25-15-28-23.jpg?w=1536&amp;ssl=1 1536w\" sizes=\"auto, (max-width: 768px) 100vw, 768px\" \/><\/figure>\n\n\n\n<figure class=\"wp-block-image size-large\"><img data-recalc-dims=\"1\" loading=\"lazy\" decoding=\"async\" width=\"1024\" height=\"768\" data-attachment-id=\"11198\" data-permalink=\"https:\/\/olivamorosicristians.es\/es\/els-moros-i-cristians-doliva-homenatgen-les-ambaixades-dels-anys-50\/photo-2023-11-26-13-16-42\/\" data-orig-file=\"https:\/\/i0.wp.com\/olivamorosicristians.es\/wp-content\/uploads\/2023\/12\/PHOTO-2023-11-26-13-16-42.jpg?fit=2016%2C1512&amp;ssl=1\" data-orig-size=\"2016,1512\" data-comments-opened=\"0\" data-image-meta=\"{&quot;aperture&quot;:&quot;0&quot;,&quot;credit&quot;:&quot;&quot;,&quot;camera&quot;:&quot;&quot;,&quot;caption&quot;:&quot;&quot;,&quot;created_timestamp&quot;:&quot;0&quot;,&quot;copyright&quot;:&quot;&quot;,&quot;focal_length&quot;:&quot;0&quot;,&quot;iso&quot;:&quot;0&quot;,&quot;shutter_speed&quot;:&quot;0&quot;,&quot;title&quot;:&quot;&quot;,&quot;orientation&quot;:&quot;0&quot;}\" data-image-title=\"PHOTO-2023-11-26-13-16-42\" data-image-description=\"\" data-image-caption=\"\" data-large-file=\"https:\/\/i0.wp.com\/olivamorosicristians.es\/wp-content\/uploads\/2023\/12\/PHOTO-2023-11-26-13-16-42.jpg?fit=1024%2C768&amp;ssl=1\" data-id=\"11198\" src=\"https:\/\/i0.wp.com\/olivamorosicristians.es\/wp-content\/uploads\/2023\/12\/PHOTO-2023-11-26-13-16-42.jpg?resize=1024%2C768&#038;ssl=1\" alt=\"\" class=\"wp-image-11198\" srcset=\"https:\/\/i0.wp.com\/olivamorosicristians.es\/wp-content\/uploads\/2023\/12\/PHOTO-2023-11-26-13-16-42.jpg?resize=1024%2C768&amp;ssl=1 1024w, https:\/\/i0.wp.com\/olivamorosicristians.es\/wp-content\/uploads\/2023\/12\/PHOTO-2023-11-26-13-16-42.jpg?resize=300%2C225&amp;ssl=1 300w, https:\/\/i0.wp.com\/olivamorosicristians.es\/wp-content\/uploads\/2023\/12\/PHOTO-2023-11-26-13-16-42.jpg?resize=768%2C576&amp;ssl=1 768w, https:\/\/i0.wp.com\/olivamorosicristians.es\/wp-content\/uploads\/2023\/12\/PHOTO-2023-11-26-13-16-42.jpg?resize=1536%2C1152&amp;ssl=1 1536w, https:\/\/i0.wp.com\/olivamorosicristians.es\/wp-content\/uploads\/2023\/12\/PHOTO-2023-11-26-13-16-42.jpg?resize=640%2C480&amp;ssl=1 640w, https:\/\/i0.wp.com\/olivamorosicristians.es\/wp-content\/uploads\/2023\/12\/PHOTO-2023-11-26-13-16-42.jpg?resize=1280%2C960&amp;ssl=1 1280w, https:\/\/i0.wp.com\/olivamorosicristians.es\/wp-content\/uploads\/2023\/12\/PHOTO-2023-11-26-13-16-42.jpg?resize=1320%2C990&amp;ssl=1 1320w, https:\/\/i0.wp.com\/olivamorosicristians.es\/wp-content\/uploads\/2023\/12\/PHOTO-2023-11-26-13-16-42.jpg?w=2016&amp;ssl=1 2016w\" sizes=\"auto, (max-width: 1024px) 100vw, 1024px\" \/><\/figure>\n\n\n\n<figure class=\"wp-block-image size-large\"><img data-recalc-dims=\"1\" loading=\"lazy\" decoding=\"async\" width=\"1024\" height=\"768\" data-attachment-id=\"11199\" data-permalink=\"https:\/\/olivamorosicristians.es\/es\/els-moros-i-cristians-doliva-homenatgen-les-ambaixades-dels-anys-50\/photo-2023-11-26-13-16-423\/\" data-orig-file=\"https:\/\/i0.wp.com\/olivamorosicristians.es\/wp-content\/uploads\/2023\/12\/PHOTO-2023-11-26-13-16-423.jpg?fit=2016%2C1512&amp;ssl=1\" data-orig-size=\"2016,1512\" data-comments-opened=\"0\" data-image-meta=\"{&quot;aperture&quot;:&quot;0&quot;,&quot;credit&quot;:&quot;&quot;,&quot;camera&quot;:&quot;&quot;,&quot;caption&quot;:&quot;&quot;,&quot;created_timestamp&quot;:&quot;0&quot;,&quot;copyright&quot;:&quot;&quot;,&quot;focal_length&quot;:&quot;0&quot;,&quot;iso&quot;:&quot;0&quot;,&quot;shutter_speed&quot;:&quot;0&quot;,&quot;title&quot;:&quot;&quot;,&quot;orientation&quot;:&quot;0&quot;}\" data-image-title=\"PHOTO-2023-11-26-13-16-423\" data-image-description=\"\" data-image-caption=\"\" data-large-file=\"https:\/\/i0.wp.com\/olivamorosicristians.es\/wp-content\/uploads\/2023\/12\/PHOTO-2023-11-26-13-16-423.jpg?fit=1024%2C768&amp;ssl=1\" data-id=\"11199\" src=\"https:\/\/i0.wp.com\/olivamorosicristians.es\/wp-content\/uploads\/2023\/12\/PHOTO-2023-11-26-13-16-423.jpg?resize=1024%2C768&#038;ssl=1\" alt=\"\" class=\"wp-image-11199\" srcset=\"https:\/\/i0.wp.com\/olivamorosicristians.es\/wp-content\/uploads\/2023\/12\/PHOTO-2023-11-26-13-16-423.jpg?resize=1024%2C768&amp;ssl=1 1024w, https:\/\/i0.wp.com\/olivamorosicristians.es\/wp-content\/uploads\/2023\/12\/PHOTO-2023-11-26-13-16-423.jpg?resize=300%2C225&amp;ssl=1 300w, https:\/\/i0.wp.com\/olivamorosicristians.es\/wp-content\/uploads\/2023\/12\/PHOTO-2023-11-26-13-16-423.jpg?resize=768%2C576&amp;ssl=1 768w, https:\/\/i0.wp.com\/olivamorosicristians.es\/wp-content\/uploads\/2023\/12\/PHOTO-2023-11-26-13-16-423.jpg?resize=1536%2C1152&amp;ssl=1 1536w, https:\/\/i0.wp.com\/olivamorosicristians.es\/wp-content\/uploads\/2023\/12\/PHOTO-2023-11-26-13-16-423.jpg?resize=640%2C480&amp;ssl=1 640w, https:\/\/i0.wp.com\/olivamorosicristians.es\/wp-content\/uploads\/2023\/12\/PHOTO-2023-11-26-13-16-423.jpg?resize=1280%2C960&amp;ssl=1 1280w, https:\/\/i0.wp.com\/olivamorosicristians.es\/wp-content\/uploads\/2023\/12\/PHOTO-2023-11-26-13-16-423.jpg?resize=1320%2C990&amp;ssl=1 1320w, https:\/\/i0.wp.com\/olivamorosicristians.es\/wp-content\/uploads\/2023\/12\/PHOTO-2023-11-26-13-16-423.jpg?w=2016&amp;ssl=1 2016w\" sizes=\"auto, (max-width: 1024px) 100vw, 1024px\" \/><\/figure>\n\n\n\n<figure class=\"wp-block-image size-large\"><img data-recalc-dims=\"1\" loading=\"lazy\" decoding=\"async\" width=\"1024\" height=\"768\" data-attachment-id=\"11200\" data-permalink=\"https:\/\/olivamorosicristians.es\/es\/els-moros-i-cristians-doliva-homenatgen-les-ambaixades-dels-anys-50\/photo-2023-11-26-13-52-57-2\/\" data-orig-file=\"https:\/\/i0.wp.com\/olivamorosicristians.es\/wp-content\/uploads\/2023\/12\/PHOTO-2023-11-26-13-52-57-2.jpg?fit=1600%2C1200&amp;ssl=1\" data-orig-size=\"1600,1200\" data-comments-opened=\"0\" data-image-meta=\"{&quot;aperture&quot;:&quot;0&quot;,&quot;credit&quot;:&quot;&quot;,&quot;camera&quot;:&quot;&quot;,&quot;caption&quot;:&quot;&quot;,&quot;created_timestamp&quot;:&quot;0&quot;,&quot;copyright&quot;:&quot;&quot;,&quot;focal_length&quot;:&quot;0&quot;,&quot;iso&quot;:&quot;0&quot;,&quot;shutter_speed&quot;:&quot;0&quot;,&quot;title&quot;:&quot;&quot;,&quot;orientation&quot;:&quot;0&quot;}\" data-image-title=\"PHOTO-2023-11-26-13-52-57-2\" data-image-description=\"\" data-image-caption=\"\" data-large-file=\"https:\/\/i0.wp.com\/olivamorosicristians.es\/wp-content\/uploads\/2023\/12\/PHOTO-2023-11-26-13-52-57-2.jpg?fit=1024%2C768&amp;ssl=1\" data-id=\"11200\" src=\"https:\/\/i0.wp.com\/olivamorosicristians.es\/wp-content\/uploads\/2023\/12\/PHOTO-2023-11-26-13-52-57-2.jpg?resize=1024%2C768&#038;ssl=1\" alt=\"\" class=\"wp-image-11200\" srcset=\"https:\/\/i0.wp.com\/olivamorosicristians.es\/wp-content\/uploads\/2023\/12\/PHOTO-2023-11-26-13-52-57-2.jpg?resize=1024%2C768&amp;ssl=1 1024w, https:\/\/i0.wp.com\/olivamorosicristians.es\/wp-content\/uploads\/2023\/12\/PHOTO-2023-11-26-13-52-57-2.jpg?resize=300%2C225&amp;ssl=1 300w, https:\/\/i0.wp.com\/olivamorosicristians.es\/wp-content\/uploads\/2023\/12\/PHOTO-2023-11-26-13-52-57-2.jpg?resize=768%2C576&amp;ssl=1 768w, https:\/\/i0.wp.com\/olivamorosicristians.es\/wp-content\/uploads\/2023\/12\/PHOTO-2023-11-26-13-52-57-2.jpg?resize=1536%2C1152&amp;ssl=1 1536w, https:\/\/i0.wp.com\/olivamorosicristians.es\/wp-content\/uploads\/2023\/12\/PHOTO-2023-11-26-13-52-57-2.jpg?resize=640%2C480&amp;ssl=1 640w, https:\/\/i0.wp.com\/olivamorosicristians.es\/wp-content\/uploads\/2023\/12\/PHOTO-2023-11-26-13-52-57-2.jpg?resize=1280%2C960&amp;ssl=1 1280w, https:\/\/i0.wp.com\/olivamorosicristians.es\/wp-content\/uploads\/2023\/12\/PHOTO-2023-11-26-13-52-57-2.jpg?resize=1320%2C990&amp;ssl=1 1320w, https:\/\/i0.wp.com\/olivamorosicristians.es\/wp-content\/uploads\/2023\/12\/PHOTO-2023-11-26-13-52-57-2.jpg?w=1600&amp;ssl=1 1600w\" sizes=\"auto, (max-width: 1024px) 100vw, 1024px\" \/><\/figure>\n\n\n\n<figure class=\"wp-block-image size-large\"><img data-recalc-dims=\"1\" loading=\"lazy\" decoding=\"async\" width=\"1024\" height=\"768\" data-attachment-id=\"11201\" data-permalink=\"https:\/\/olivamorosicristians.es\/es\/els-moros-i-cristians-doliva-homenatgen-les-ambaixades-dels-anys-50\/photo-2023-11-26-13-52-57\/\" data-orig-file=\"https:\/\/i0.wp.com\/olivamorosicristians.es\/wp-content\/uploads\/2023\/12\/PHOTO-2023-11-26-13-52-57.jpg?fit=1600%2C1200&amp;ssl=1\" data-orig-size=\"1600,1200\" data-comments-opened=\"0\" data-image-meta=\"{&quot;aperture&quot;:&quot;0&quot;,&quot;credit&quot;:&quot;&quot;,&quot;camera&quot;:&quot;&quot;,&quot;caption&quot;:&quot;&quot;,&quot;created_timestamp&quot;:&quot;0&quot;,&quot;copyright&quot;:&quot;&quot;,&quot;focal_length&quot;:&quot;0&quot;,&quot;iso&quot;:&quot;0&quot;,&quot;shutter_speed&quot;:&quot;0&quot;,&quot;title&quot;:&quot;&quot;,&quot;orientation&quot;:&quot;0&quot;}\" data-image-title=\"PHOTO-2023-11-26-13-52-57\" data-image-description=\"\" data-image-caption=\"\" data-large-file=\"https:\/\/i0.wp.com\/olivamorosicristians.es\/wp-content\/uploads\/2023\/12\/PHOTO-2023-11-26-13-52-57.jpg?fit=1024%2C768&amp;ssl=1\" data-id=\"11201\" src=\"https:\/\/i0.wp.com\/olivamorosicristians.es\/wp-content\/uploads\/2023\/12\/PHOTO-2023-11-26-13-52-57.jpg?resize=1024%2C768&#038;ssl=1\" alt=\"\" class=\"wp-image-11201\" srcset=\"https:\/\/i0.wp.com\/olivamorosicristians.es\/wp-content\/uploads\/2023\/12\/PHOTO-2023-11-26-13-52-57.jpg?resize=1024%2C768&amp;ssl=1 1024w, https:\/\/i0.wp.com\/olivamorosicristians.es\/wp-content\/uploads\/2023\/12\/PHOTO-2023-11-26-13-52-57.jpg?resize=300%2C225&amp;ssl=1 300w, https:\/\/i0.wp.com\/olivamorosicristians.es\/wp-content\/uploads\/2023\/12\/PHOTO-2023-11-26-13-52-57.jpg?resize=768%2C576&amp;ssl=1 768w, https:\/\/i0.wp.com\/olivamorosicristians.es\/wp-content\/uploads\/2023\/12\/PHOTO-2023-11-26-13-52-57.jpg?resize=1536%2C1152&amp;ssl=1 1536w, https:\/\/i0.wp.com\/olivamorosicristians.es\/wp-content\/uploads\/2023\/12\/PHOTO-2023-11-26-13-52-57.jpg?resize=640%2C480&amp;ssl=1 640w, https:\/\/i0.wp.com\/olivamorosicristians.es\/wp-content\/uploads\/2023\/12\/PHOTO-2023-11-26-13-52-57.jpg?resize=1280%2C960&amp;ssl=1 1280w, https:\/\/i0.wp.com\/olivamorosicristians.es\/wp-content\/uploads\/2023\/12\/PHOTO-2023-11-26-13-52-57.jpg?resize=1320%2C990&amp;ssl=1 1320w, https:\/\/i0.wp.com\/olivamorosicristians.es\/wp-content\/uploads\/2023\/12\/PHOTO-2023-11-26-13-52-57.jpg?w=1600&amp;ssl=1 1600w\" sizes=\"auto, (max-width: 1024px) 100vw, 1024px\" \/><\/figure>\n<\/figure>","protected":false},"excerpt":{"rendered":"<p>La Federaci\u00f3 de Moros i Cristians d&#8217;Oliva va celebrar el dissabte (25 de novembre de 2023) l&#8217;acte ben\u00e8fic que celebra bianualment, per ser festa declarada d&#8217;Inter\u00e9s Tur\u00edstic Auton\u00f2mic. En aquesta ocasi\u00f3, es va celebrar un homenatge de les ambaixades que en els anys cinquanta&nbsp;es&nbsp;celebraven a la pla\u00e7a de sant Roc i un posterior dinar de [&hellip;]<\/p>\n","protected":false},"author":1,"featured_media":11196,"comment_status":"closed","ping_status":"open","sticky":false,"template":"","format":"standard","meta":{"jetpack_post_was_ever_published":false,"_jetpack_newsletter_access":"","_jetpack_dont_email_post_to_subs":false,"_jetpack_newsletter_tier_id":0,"_jetpack_memberships_contains_paywalled_content":false,"_jetpack_memberships_contains_paid_content":false,"footnotes":"","jetpack_publicize_message":"","jetpack_publicize_feature_enabled":true,"jetpack_social_post_already_shared":true,"jetpack_social_options":{"image_generator_settings":{"template":"highway","default_image_id":0,"font":"","enabled":false},"version":2}},"categories":[6],"tags":[],"class_list":["post-11195","post","type-post","status-publish","format-standard","has-post-thumbnail","hentry","category-estil-de-vida"],"yoast_head":"<!-- This site is optimized with the Yoast SEO plugin v27.4 - https:\/\/yoast.com\/product\/yoast-seo-wordpress\/ -->\n<title>Els Moros i Cristians d\u2019Oliva homenatgen les ambaixades dels anys 50 - Moros i Cristians Oliva<\/title>\n<meta name=\"robots\" content=\"index, follow, max-snippet:-1, max-image-preview:large, max-video-preview:-1\" \/>\n<link rel=\"canonical\" href=\"https:\/\/olivamorosicristians.es\/es\/els-moros-i-cristians-doliva-homenatgen-les-ambaixades-dels-anys-50\/\" \/>\n<meta property=\"og:locale\" content=\"es_ES\" \/>\n<meta property=\"og:type\" content=\"article\" \/>\n<meta property=\"og:title\" content=\"Els Moros i Cristians d\u2019Oliva homenatgen les ambaixades dels anys 50 - Moros i Cristians Oliva\" \/>\n<meta property=\"og:description\" content=\"La Federaci\u00f3 de Moros i Cristians d&#8217;Oliva va celebrar el dissabte (25 de novembre de 2023) l&#8217;acte ben\u00e8fic que celebra bianualment, per ser festa declarada d&#8217;Inter\u00e9s Tur\u00edstic Auton\u00f2mic. En aquesta ocasi\u00f3, es va celebrar un homenatge de les ambaixades que en els anys cinquanta&nbsp;es&nbsp;celebraven a la pla\u00e7a de sant Roc i un posterior dinar de [&hellip;]\" \/>\n<meta property=\"og:url\" content=\"https:\/\/olivamorosicristians.es\/es\/els-moros-i-cristians-doliva-homenatgen-les-ambaixades-dels-anys-50\/\" \/>\n<meta property=\"og:site_name\" content=\"Moros i Cristians Oliva\" \/>\n<meta property=\"article:publisher\" content=\"https:\/\/www.facebook.com\/federaciodemorosicristiansdoliva\/\" \/>\n<meta property=\"article:author\" content=\"https:\/\/www.facebook.com\/federaciodemorosicristiansdoliva\" \/>\n<meta property=\"article:published_time\" content=\"2023-12-02T13:41:54+00:00\" \/>\n<meta property=\"article:modified_time\" content=\"2023-12-02T13:41:58+00:00\" \/>\n<meta property=\"og:image\" content=\"https:\/\/olivamorosicristians.es\/wp-content\/uploads\/2023\/12\/PHOTO-2023-11-25-16-21-59.jpg\" \/>\n\t<meta property=\"og:image:width\" content=\"2048\" \/>\n\t<meta property=\"og:image:height\" content=\"1152\" \/>\n\t<meta property=\"og:image:type\" content=\"image\/jpeg\" \/>\n<meta name=\"author\" content=\"Webmaster\" \/>\n<meta name=\"twitter:card\" content=\"summary_large_image\" \/>\n<meta name=\"twitter:label1\" content=\"Escrito por\" \/>\n\t<meta name=\"twitter:data1\" content=\"Webmaster\" \/>\n\t<meta name=\"twitter:label2\" content=\"Tiempo de lectura\" \/>\n\t<meta name=\"twitter:data2\" content=\"3 minutos\" \/>\n<script type=\"application\/ld+json\" class=\"yoast-schema-graph\">{\"@context\":\"https:\\\/\\\/schema.org\",\"@graph\":[{\"@type\":\"Article\",\"@id\":\"https:\\\/\\\/olivamorosicristians.es\\\/els-moros-i-cristians-doliva-homenatgen-les-ambaixades-dels-anys-50\\\/#article\",\"isPartOf\":{\"@id\":\"https:\\\/\\\/olivamorosicristians.es\\\/els-moros-i-cristians-doliva-homenatgen-les-ambaixades-dels-anys-50\\\/\"},\"author\":{\"name\":\"Webmaster\",\"@id\":\"https:\\\/\\\/olivamorosicristians.es\\\/#\\\/schema\\\/person\\\/21ece052d8816103cad91a2676fd0149\"},\"headline\":\"Els Moros i Cristians d\u2019Oliva homenatgen les ambaixades dels anys 50\",\"datePublished\":\"2023-12-02T13:41:54+00:00\",\"dateModified\":\"2023-12-02T13:41:58+00:00\",\"mainEntityOfPage\":{\"@id\":\"https:\\\/\\\/olivamorosicristians.es\\\/els-moros-i-cristians-doliva-homenatgen-les-ambaixades-dels-anys-50\\\/\"},\"wordCount\":476,\"publisher\":{\"@id\":\"https:\\\/\\\/olivamorosicristians.es\\\/#organization\"},\"image\":{\"@id\":\"https:\\\/\\\/olivamorosicristians.es\\\/els-moros-i-cristians-doliva-homenatgen-les-ambaixades-dels-anys-50\\\/#primaryimage\"},\"thumbnailUrl\":\"https:\\\/\\\/i0.wp.com\\\/olivamorosicristians.es\\\/wp-content\\\/uploads\\\/2023\\\/12\\\/PHOTO-2023-11-25-16-21-59.jpg?fit=2048%2C1152&ssl=1\",\"articleSection\":[\"Estil de vida\"],\"inLanguage\":\"es\"},{\"@type\":\"WebPage\",\"@id\":\"https:\\\/\\\/olivamorosicristians.es\\\/els-moros-i-cristians-doliva-homenatgen-les-ambaixades-dels-anys-50\\\/\",\"url\":\"https:\\\/\\\/olivamorosicristians.es\\\/els-moros-i-cristians-doliva-homenatgen-les-ambaixades-dels-anys-50\\\/\",\"name\":\"Els Moros i Cristians d\u2019Oliva homenatgen les ambaixades dels anys 50 - Moros i Cristians Oliva\",\"isPartOf\":{\"@id\":\"https:\\\/\\\/olivamorosicristians.es\\\/#website\"},\"primaryImageOfPage\":{\"@id\":\"https:\\\/\\\/olivamorosicristians.es\\\/els-moros-i-cristians-doliva-homenatgen-les-ambaixades-dels-anys-50\\\/#primaryimage\"},\"image\":{\"@id\":\"https:\\\/\\\/olivamorosicristians.es\\\/els-moros-i-cristians-doliva-homenatgen-les-ambaixades-dels-anys-50\\\/#primaryimage\"},\"thumbnailUrl\":\"https:\\\/\\\/i0.wp.com\\\/olivamorosicristians.es\\\/wp-content\\\/uploads\\\/2023\\\/12\\\/PHOTO-2023-11-25-16-21-59.jpg?fit=2048%2C1152&ssl=1\",\"datePublished\":\"2023-12-02T13:41:54+00:00\",\"dateModified\":\"2023-12-02T13:41:58+00:00\",\"breadcrumb\":{\"@id\":\"https:\\\/\\\/olivamorosicristians.es\\\/els-moros-i-cristians-doliva-homenatgen-les-ambaixades-dels-anys-50\\\/#breadcrumb\"},\"inLanguage\":\"es\",\"potentialAction\":[{\"@type\":\"ReadAction\",\"target\":[\"https:\\\/\\\/olivamorosicristians.es\\\/els-moros-i-cristians-doliva-homenatgen-les-ambaixades-dels-anys-50\\\/\"]}]},{\"@type\":\"ImageObject\",\"inLanguage\":\"es\",\"@id\":\"https:\\\/\\\/olivamorosicristians.es\\\/els-moros-i-cristians-doliva-homenatgen-les-ambaixades-dels-anys-50\\\/#primaryimage\",\"url\":\"https:\\\/\\\/i0.wp.com\\\/olivamorosicristians.es\\\/wp-content\\\/uploads\\\/2023\\\/12\\\/PHOTO-2023-11-25-16-21-59.jpg?fit=2048%2C1152&ssl=1\",\"contentUrl\":\"https:\\\/\\\/i0.wp.com\\\/olivamorosicristians.es\\\/wp-content\\\/uploads\\\/2023\\\/12\\\/PHOTO-2023-11-25-16-21-59.jpg?fit=2048%2C1152&ssl=1\",\"width\":2048,\"height\":1152},{\"@type\":\"BreadcrumbList\",\"@id\":\"https:\\\/\\\/olivamorosicristians.es\\\/els-moros-i-cristians-doliva-homenatgen-les-ambaixades-dels-anys-50\\\/#breadcrumb\",\"itemListElement\":[{\"@type\":\"ListItem\",\"position\":1,\"name\":\"Portada\",\"item\":\"https:\\\/\\\/olivamorosicristians.es\\\/\"},{\"@type\":\"ListItem\",\"position\":2,\"name\":\"Els Moros i Cristians d\u2019Oliva homenatgen les ambaixades dels anys 50\"}]},{\"@type\":\"WebSite\",\"@id\":\"https:\\\/\\\/olivamorosicristians.es\\\/#website\",\"url\":\"https:\\\/\\\/olivamorosicristians.es\\\/\",\"name\":\"Moros i Cristians Oliva\",\"description\":\"FMCO\",\"publisher\":{\"@id\":\"https:\\\/\\\/olivamorosicristians.es\\\/#organization\"},\"potentialAction\":[{\"@type\":\"SearchAction\",\"target\":{\"@type\":\"EntryPoint\",\"urlTemplate\":\"https:\\\/\\\/olivamorosicristians.es\\\/?s={search_term_string}\"},\"query-input\":{\"@type\":\"PropertyValueSpecification\",\"valueRequired\":true,\"valueName\":\"search_term_string\"}}],\"inLanguage\":\"es\"},{\"@type\":\"Organization\",\"@id\":\"https:\\\/\\\/olivamorosicristians.es\\\/#organization\",\"name\":\"Federaci\u00f3 de Moros i Cristians - Oliva\",\"url\":\"https:\\\/\\\/olivamorosicristians.es\\\/\",\"logo\":{\"@type\":\"ImageObject\",\"inLanguage\":\"es\",\"@id\":\"https:\\\/\\\/olivamorosicristians.es\\\/#\\\/schema\\\/logo\\\/image\\\/\",\"url\":\"https:\\\/\\\/i2.wp.com\\\/olivamorosicristians.es\\\/wp-content\\\/uploads\\\/2018\\\/06\\\/Icon_FMiCO.png?fit=50%2C50&ssl=1\",\"contentUrl\":\"https:\\\/\\\/i2.wp.com\\\/olivamorosicristians.es\\\/wp-content\\\/uploads\\\/2018\\\/06\\\/Icon_FMiCO.png?fit=50%2C50&ssl=1\",\"width\":50,\"height\":50,\"caption\":\"Federaci\u00f3 de Moros i Cristians - Oliva\"},\"image\":{\"@id\":\"https:\\\/\\\/olivamorosicristians.es\\\/#\\\/schema\\\/logo\\\/image\\\/\"},\"sameAs\":[\"https:\\\/\\\/www.facebook.com\\\/federaciodemorosicristiansdoliva\\\/\",\"https:\\\/\\\/www.instagram.com\\\/morosicristiansoliva\\\/?hl=es\"]},{\"@type\":\"Person\",\"@id\":\"https:\\\/\\\/olivamorosicristians.es\\\/#\\\/schema\\\/person\\\/21ece052d8816103cad91a2676fd0149\",\"name\":\"Webmaster\",\"image\":{\"@type\":\"ImageObject\",\"inLanguage\":\"es\",\"@id\":\"https:\\\/\\\/secure.gravatar.com\\\/avatar\\\/18de20f14d74abe0c800b423a8b0e24cae6153cb6baeb2c2df80e1cef2117e0d?s=96&d=mm&r=g\",\"url\":\"https:\\\/\\\/secure.gravatar.com\\\/avatar\\\/18de20f14d74abe0c800b423a8b0e24cae6153cb6baeb2c2df80e1cef2117e0d?s=96&d=mm&r=g\",\"contentUrl\":\"https:\\\/\\\/secure.gravatar.com\\\/avatar\\\/18de20f14d74abe0c800b423a8b0e24cae6153cb6baeb2c2df80e1cef2117e0d?s=96&d=mm&r=g\",\"caption\":\"Webmaster\"},\"sameAs\":[\"https:\\\/\\\/www.facebook.com\\\/federaciodemorosicristiansdoliva\",\"https:\\\/\\\/www.instagram.com\\\/morosicristiansoliva\\\/\"]}]}<\/script>\n<!-- \/ Yoast SEO plugin. -->","yoast_head_json":{"title":"Els Moros i Cristians d\u2019Oliva homenatgen les ambaixades dels anys 50 - Moros i Cristians Oliva","robots":{"index":"index","follow":"follow","max-snippet":"max-snippet:-1","max-image-preview":"max-image-preview:large","max-video-preview":"max-video-preview:-1"},"canonical":"https:\/\/olivamorosicristians.es\/es\/els-moros-i-cristians-doliva-homenatgen-les-ambaixades-dels-anys-50\/","og_locale":"es_ES","og_type":"article","og_title":"Els Moros i Cristians d\u2019Oliva homenatgen les ambaixades dels anys 50 - Moros i Cristians Oliva","og_description":"La Federaci\u00f3 de Moros i Cristians d&#8217;Oliva va celebrar el dissabte (25 de novembre de 2023) l&#8217;acte ben\u00e8fic que celebra bianualment, per ser festa declarada d&#8217;Inter\u00e9s Tur\u00edstic Auton\u00f2mic. En aquesta ocasi\u00f3, es va celebrar un homenatge de les ambaixades que en els anys cinquanta&nbsp;es&nbsp;celebraven a la pla\u00e7a de sant Roc i un posterior dinar de [&hellip;]","og_url":"https:\/\/olivamorosicristians.es\/es\/els-moros-i-cristians-doliva-homenatgen-les-ambaixades-dels-anys-50\/","og_site_name":"Moros i Cristians Oliva","article_publisher":"https:\/\/www.facebook.com\/federaciodemorosicristiansdoliva\/","article_author":"https:\/\/www.facebook.com\/federaciodemorosicristiansdoliva","article_published_time":"2023-12-02T13:41:54+00:00","article_modified_time":"2023-12-02T13:41:58+00:00","og_image":[{"width":2048,"height":1152,"url":"https:\/\/olivamorosicristians.es\/wp-content\/uploads\/2023\/12\/PHOTO-2023-11-25-16-21-59.jpg","type":"image\/jpeg"}],"author":"Webmaster","twitter_card":"summary_large_image","twitter_misc":{"Escrito por":"Webmaster","Tiempo de lectura":"3 minutos"},"schema":{"@context":"https:\/\/schema.org","@graph":[{"@type":"Article","@id":"https:\/\/olivamorosicristians.es\/els-moros-i-cristians-doliva-homenatgen-les-ambaixades-dels-anys-50\/#article","isPartOf":{"@id":"https:\/\/olivamorosicristians.es\/els-moros-i-cristians-doliva-homenatgen-les-ambaixades-dels-anys-50\/"},"author":{"name":"Webmaster","@id":"https:\/\/olivamorosicristians.es\/#\/schema\/person\/21ece052d8816103cad91a2676fd0149"},"headline":"Els Moros i Cristians d\u2019Oliva homenatgen les ambaixades dels anys 50","datePublished":"2023-12-02T13:41:54+00:00","dateModified":"2023-12-02T13:41:58+00:00","mainEntityOfPage":{"@id":"https:\/\/olivamorosicristians.es\/els-moros-i-cristians-doliva-homenatgen-les-ambaixades-dels-anys-50\/"},"wordCount":476,"publisher":{"@id":"https:\/\/olivamorosicristians.es\/#organization"},"image":{"@id":"https:\/\/olivamorosicristians.es\/els-moros-i-cristians-doliva-homenatgen-les-ambaixades-dels-anys-50\/#primaryimage"},"thumbnailUrl":"https:\/\/i0.wp.com\/olivamorosicristians.es\/wp-content\/uploads\/2023\/12\/PHOTO-2023-11-25-16-21-59.jpg?fit=2048%2C1152&ssl=1","articleSection":["Estil de vida"],"inLanguage":"es"},{"@type":"WebPage","@id":"https:\/\/olivamorosicristians.es\/els-moros-i-cristians-doliva-homenatgen-les-ambaixades-dels-anys-50\/","url":"https:\/\/olivamorosicristians.es\/els-moros-i-cristians-doliva-homenatgen-les-ambaixades-dels-anys-50\/","name":"Els Moros i Cristians d\u2019Oliva homenatgen les ambaixades dels anys 50 - Moros i Cristians Oliva","isPartOf":{"@id":"https:\/\/olivamorosicristians.es\/#website"},"primaryImageOfPage":{"@id":"https:\/\/olivamorosicristians.es\/els-moros-i-cristians-doliva-homenatgen-les-ambaixades-dels-anys-50\/#primaryimage"},"image":{"@id":"https:\/\/olivamorosicristians.es\/els-moros-i-cristians-doliva-homenatgen-les-ambaixades-dels-anys-50\/#primaryimage"},"thumbnailUrl":"https:\/\/i0.wp.com\/olivamorosicristians.es\/wp-content\/uploads\/2023\/12\/PHOTO-2023-11-25-16-21-59.jpg?fit=2048%2C1152&ssl=1","datePublished":"2023-12-02T13:41:54+00:00","dateModified":"2023-12-02T13:41:58+00:00","breadcrumb":{"@id":"https:\/\/olivamorosicristians.es\/els-moros-i-cristians-doliva-homenatgen-les-ambaixades-dels-anys-50\/#breadcrumb"},"inLanguage":"es","potentialAction":[{"@type":"ReadAction","target":["https:\/\/olivamorosicristians.es\/els-moros-i-cristians-doliva-homenatgen-les-ambaixades-dels-anys-50\/"]}]},{"@type":"ImageObject","inLanguage":"es","@id":"https:\/\/olivamorosicristians.es\/els-moros-i-cristians-doliva-homenatgen-les-ambaixades-dels-anys-50\/#primaryimage","url":"https:\/\/i0.wp.com\/olivamorosicristians.es\/wp-content\/uploads\/2023\/12\/PHOTO-2023-11-25-16-21-59.jpg?fit=2048%2C1152&ssl=1","contentUrl":"https:\/\/i0.wp.com\/olivamorosicristians.es\/wp-content\/uploads\/2023\/12\/PHOTO-2023-11-25-16-21-59.jpg?fit=2048%2C1152&ssl=1","width":2048,"height":1152},{"@type":"BreadcrumbList","@id":"https:\/\/olivamorosicristians.es\/els-moros-i-cristians-doliva-homenatgen-les-ambaixades-dels-anys-50\/#breadcrumb","itemListElement":[{"@type":"ListItem","position":1,"name":"Portada","item":"https:\/\/olivamorosicristians.es\/"},{"@type":"ListItem","position":2,"name":"Els Moros i Cristians d\u2019Oliva homenatgen les ambaixades dels anys 50"}]},{"@type":"WebSite","@id":"https:\/\/olivamorosicristians.es\/#website","url":"https:\/\/olivamorosicristians.es\/","name":"Moros i Cristians Oliva","description":"FMCO","publisher":{"@id":"https:\/\/olivamorosicristians.es\/#organization"},"potentialAction":[{"@type":"SearchAction","target":{"@type":"EntryPoint","urlTemplate":"https:\/\/olivamorosicristians.es\/?s={search_term_string}"},"query-input":{"@type":"PropertyValueSpecification","valueRequired":true,"valueName":"search_term_string"}}],"inLanguage":"es"},{"@type":"Organization","@id":"https:\/\/olivamorosicristians.es\/#organization","name":"La Federaci\u00f3n de Moros y Cristianos de Oliva","url":"https:\/\/olivamorosicristians.es\/","logo":{"@type":"ImageObject","inLanguage":"es","@id":"https:\/\/olivamorosicristians.es\/#\/schema\/logo\/image\/","url":"https:\/\/i2.wp.com\/olivamorosicristians.es\/wp-content\/uploads\/2018\/06\/Icon_FMiCO.png?fit=50%2C50&ssl=1","contentUrl":"https:\/\/i2.wp.com\/olivamorosicristians.es\/wp-content\/uploads\/2018\/06\/Icon_FMiCO.png?fit=50%2C50&ssl=1","width":50,"height":50,"caption":"Federaci\u00f3 de Moros i Cristians - Oliva"},"image":{"@id":"https:\/\/olivamorosicristians.es\/#\/schema\/logo\/image\/"},"sameAs":["https:\/\/www.facebook.com\/federaciodemorosicristiansdoliva\/","https:\/\/www.instagram.com\/morosicristiansoliva\/?hl=es"]},{"@type":"Person","@id":"https:\/\/olivamorosicristians.es\/#\/schema\/person\/21ece052d8816103cad91a2676fd0149","name":"Webmaster","image":{"@type":"ImageObject","inLanguage":"es","@id":"https:\/\/secure.gravatar.com\/avatar\/18de20f14d74abe0c800b423a8b0e24cae6153cb6baeb2c2df80e1cef2117e0d?s=96&d=mm&r=g","url":"https:\/\/secure.gravatar.com\/avatar\/18de20f14d74abe0c800b423a8b0e24cae6153cb6baeb2c2df80e1cef2117e0d?s=96&d=mm&r=g","contentUrl":"https:\/\/secure.gravatar.com\/avatar\/18de20f14d74abe0c800b423a8b0e24cae6153cb6baeb2c2df80e1cef2117e0d?s=96&d=mm&r=g","caption":"Webmaster"},"sameAs":["https:\/\/www.facebook.com\/federaciodemorosicristiansdoliva","https:\/\/www.instagram.com\/morosicristiansoliva\/"]}]}},"jetpack_publicize_connections":[],"jetpack_featured_media_url":"https:\/\/i0.wp.com\/olivamorosicristians.es\/wp-content\/uploads\/2023\/12\/PHOTO-2023-11-25-16-21-59.jpg?fit=2048%2C1152&ssl=1","jetpack_sharing_enabled":true,"jetpack_shortlink":"https:\/\/wp.me\/pagEx6-2Uz","jetpack-related-posts":[],"_links":{"self":[{"href":"https:\/\/olivamorosicristians.es\/es\/wp-json\/wp\/v2\/posts\/11195","targetHints":{"allow":["GET"]}}],"collection":[{"href":"https:\/\/olivamorosicristians.es\/es\/wp-json\/wp\/v2\/posts"}],"about":[{"href":"https:\/\/olivamorosicristians.es\/es\/wp-json\/wp\/v2\/types\/post"}],"author":[{"embeddable":true,"href":"https:\/\/olivamorosicristians.es\/es\/wp-json\/wp\/v2\/users\/1"}],"replies":[{"embeddable":true,"href":"https:\/\/olivamorosicristians.es\/es\/wp-json\/wp\/v2\/comments?post=11195"}],"version-history":[{"count":1,"href":"https:\/\/olivamorosicristians.es\/es\/wp-json\/wp\/v2\/posts\/11195\/revisions"}],"predecessor-version":[{"id":11202,"href":"https:\/\/olivamorosicristians.es\/es\/wp-json\/wp\/v2\/posts\/11195\/revisions\/11202"}],"wp:featuredmedia":[{"embeddable":true,"href":"https:\/\/olivamorosicristians.es\/es\/wp-json\/wp\/v2\/media\/11196"}],"wp:attachment":[{"href":"https:\/\/olivamorosicristians.es\/es\/wp-json\/wp\/v2\/media?parent=11195"}],"wp:term":[{"taxonomy":"category","embeddable":true,"href":"https:\/\/olivamorosicristians.es\/es\/wp-json\/wp\/v2\/categories?post=11195"},{"taxonomy":"post_tag","embeddable":true,"href":"https:\/\/olivamorosicristians.es\/es\/wp-json\/wp\/v2\/tags?post=11195"}],"curies":[{"name":"wp","href":"https:\/\/api.w.org\/{rel}","templated":true}]}}