{"id":11175,"date":"2023-07-13T19:46:41","date_gmt":"2023-07-13T17:46:41","guid":{"rendered":"https:\/\/olivamorosicristians.es\/?p=11175"},"modified":"2023-07-13T19:46:46","modified_gmt":"2023-07-13T17:46:46","slug":"els-moros-i-cristians-doliva-presenten-els-seus-carrecs-dissabte-a-lesplanada-del-castell-2","status":"publish","type":"post","link":"https:\/\/olivamorosicristians.es\/es\/els-moros-i-cristians-doliva-presenten-els-seus-carrecs-dissabte-a-lesplanada-del-castell-2\/","title":{"rendered":"Els Moros i Cristians d\u2019Oliva presenten els seus c\u00e0rrecs dissabte a l\u2019esplanada del Castell"},"content":{"rendered":"<p><em>La Federaci\u00f3 de Moros i Cristians d\u2019Oliva anuncia que dissabte 15 de juliol es celebrar\u00e0 la presentaci\u00f3 dels c\u00e0rrecs de les Festes dels Moros i Cristians d\u2019Oliva de 2023 a l\u2019esplanada del castell (Parc de l\u2019Estaci\u00f3), a partir de les 22.00 h.<\/em><\/p>\n\n\n\n<p>La Federaci\u00f3 de Moros i Cristians d\u2019Oliva, en col\u00b7laboraci\u00f3 amb la Regidoria de Festes de l\u2019Ajuntament d\u2019Oliva, realitzar\u00e0 a partir de les 22.00 h, a l\u2019esplanada del Castell (Parc de l\u2019Estaci\u00f3), la presentaci\u00f3 dels c\u00e0rrecs 2023, els quals lluiran per primera vegada la indument\u00e0ria festera.<br>Pr\u00e8viament, a les 19.30 h, es concentraran els presidents i presidentes de totes les filades, la Junta de Govern de la FMiCO, l\u2019abanderat de la Federaci\u00f3, Arnau P\u00e9rez Gisbert, els abanderats\/des de totes les filades i les escortes dels c\u00e0rrecs festers de 2023, de les filades Mud\u00e8jars i Pirates, a la pla\u00e7a de l\u2019Ajuntament, per iniciar la cercavila pels carrers de la ciutat, per anar a recollir als c\u00e0rrecs.<br>La primera parada ser\u00e0 a la casa dels c\u00e0rrecs Pirates, a la Pla\u00e7a l\u2019Esgl\u00e9sia, on el Capit\u00e0 Cristi\u00e0, Enrique Orqu\u00edn Morell, i el seu fill ostentant el c\u00e0rrec d\u2019Ambaixador, Pablo Orqu\u00edn Pons, rebran a la comitiva. All\u00ed, l\u2019escorta pirata saludar\u00e0 els c\u00e0rrecs i s\u2019interpretaran marxes cristianes per part de l\u2019A.A.M.O.<br>Tot seguit continuar\u00e0 la cercavila cap a la cabila dels Mud\u00e8jars, situada al Passeig Gregori Maians, on es saludar\u00e0 al Capit\u00e0 Moro 2023, Jes\u00fas Camarena Bolo, i al seu Ambaixador, Pascual Moll\u00e0 Mart\u00ednez, escortats pels guerrers i guerreres de la seua filada. All\u00ed, l\u2019A.A.M.O. interpretar\u00e0 marxes mores.<br>Despr\u00e9s, la comitiva s\u2019encaminar\u00e0 cap a l\u2019esplanada del Castell per comen\u00e7ar a les 22.00 h, l\u2019acte de presentaci\u00f3 de c\u00e0rrecs.<br>A l\u2019hora indicada, els presentadors Alba Orqu\u00edn Pons (Filada Pirates) i David Veiguela Mengual (Filada Mud\u00e8jars) els quals donaran pas a l\u2019abanderat de la Federaci\u00f3, i al president de la FMiCO, \u00d3scar Prieto Ramos, que presidiran l\u2019acte.<br>All\u00ed rebran als c\u00e0rrecs festers de 2023 que, escortats pels seus guerrers i guerreres, pujaran a l\u2019escenari entre aplaudiments dels assistents.<br><strong><br>B\u00e0ndol Cristi\u00e0, Filada Pirates:<\/strong><br><\/p>\n\n\n<div class=\"wp-block-image\">\n<figure class=\"aligncenter size-large is-resized\"><img data-recalc-dims=\"1\" loading=\"lazy\" decoding=\"async\" data-attachment-id=\"11157\" data-permalink=\"https:\/\/olivamorosicristians.es\/es\/pirates_capita_01\/\" data-orig-file=\"https:\/\/i0.wp.com\/olivamorosicristians.es\/wp-content\/uploads\/2023\/07\/Pirates_Capita_01.jpg?fit=2048%2C2560&amp;ssl=1\" data-orig-size=\"2048,2560\" data-comments-opened=\"0\" data-image-meta=\"{&quot;aperture&quot;:&quot;4&quot;,&quot;credit&quot;:&quot;&quot;,&quot;camera&quot;:&quot;ILCE-7M3&quot;,&quot;caption&quot;:&quot;&quot;,&quot;created_timestamp&quot;:&quot;1583055001&quot;,&quot;copyright&quot;:&quot;&quot;,&quot;focal_length&quot;:&quot;28&quot;,&quot;iso&quot;:&quot;100&quot;,&quot;shutter_speed&quot;:&quot;0.0025&quot;,&quot;title&quot;:&quot;&quot;,&quot;orientation&quot;:&quot;1&quot;}\" data-image-title=\"Pirates_Capita_01\" data-image-description=\"\" data-image-caption=\"\" data-large-file=\"https:\/\/i0.wp.com\/olivamorosicristians.es\/wp-content\/uploads\/2023\/07\/Pirates_Capita_01.jpg?fit=819%2C1024&amp;ssl=1\" src=\"https:\/\/i0.wp.com\/olivamorosicristians.es\/wp-content\/uploads\/2023\/07\/Pirates_Capita_01.jpg?resize=410%2C512&#038;ssl=1\" alt=\"\" class=\"wp-image-11157\" width=\"410\" height=\"512\" srcset=\"https:\/\/i0.wp.com\/olivamorosicristians.es\/wp-content\/uploads\/2023\/07\/Pirates_Capita_01.jpg?resize=819%2C1024&amp;ssl=1 819w, https:\/\/i0.wp.com\/olivamorosicristians.es\/wp-content\/uploads\/2023\/07\/Pirates_Capita_01.jpg?resize=240%2C300&amp;ssl=1 240w, https:\/\/i0.wp.com\/olivamorosicristians.es\/wp-content\/uploads\/2023\/07\/Pirates_Capita_01.jpg?resize=768%2C960&amp;ssl=1 768w, https:\/\/i0.wp.com\/olivamorosicristians.es\/wp-content\/uploads\/2023\/07\/Pirates_Capita_01.jpg?resize=1229%2C1536&amp;ssl=1 1229w, https:\/\/i0.wp.com\/olivamorosicristians.es\/wp-content\/uploads\/2023\/07\/Pirates_Capita_01.jpg?resize=1638%2C2048&amp;ssl=1 1638w, https:\/\/i0.wp.com\/olivamorosicristians.es\/wp-content\/uploads\/2023\/07\/Pirates_Capita_01.jpg?resize=640%2C800&amp;ssl=1 640w, https:\/\/i0.wp.com\/olivamorosicristians.es\/wp-content\/uploads\/2023\/07\/Pirates_Capita_01.jpg?resize=1280%2C1600&amp;ssl=1 1280w, https:\/\/i0.wp.com\/olivamorosicristians.es\/wp-content\/uploads\/2023\/07\/Pirates_Capita_01.jpg?resize=1320%2C1650&amp;ssl=1 1320w, https:\/\/i0.wp.com\/olivamorosicristians.es\/wp-content\/uploads\/2023\/07\/Pirates_Capita_01.jpg?w=2048&amp;ssl=1 2048w\" sizes=\"auto, (max-width: 410px) 100vw, 410px\" \/><\/figure>\n<\/div>\n\n\n<div style=\"height:20px\" aria-hidden=\"true\" class=\"wp-block-spacer\"><\/div>\n\n\n\n<p class=\"has-text-align-center\">Capit\u00e0: Enrique Orqu\u00edn Morell<br><\/p>\n\n\n<div class=\"wp-block-image\">\n<figure class=\"aligncenter size-large is-resized\"><img data-recalc-dims=\"1\" loading=\"lazy\" decoding=\"async\" data-attachment-id=\"11154\" data-permalink=\"https:\/\/olivamorosicristians.es\/es\/pirates_ambaixador_01\/\" data-orig-file=\"https:\/\/i0.wp.com\/olivamorosicristians.es\/wp-content\/uploads\/2023\/07\/Pirates_Ambaixador_01.jpg?fit=2048%2C2560&amp;ssl=1\" data-orig-size=\"2048,2560\" data-comments-opened=\"0\" data-image-meta=\"{&quot;aperture&quot;:&quot;4&quot;,&quot;credit&quot;:&quot;&quot;,&quot;camera&quot;:&quot;ILCE-7M3&quot;,&quot;caption&quot;:&quot;&quot;,&quot;created_timestamp&quot;:&quot;1583056566&quot;,&quot;copyright&quot;:&quot;&quot;,&quot;focal_length&quot;:&quot;32&quot;,&quot;iso&quot;:&quot;3200&quot;,&quot;shutter_speed&quot;:&quot;0.008&quot;,&quot;title&quot;:&quot;&quot;,&quot;orientation&quot;:&quot;1&quot;}\" data-image-title=\"Pirates_Ambaixador_01\" data-image-description=\"\" data-image-caption=\"\" data-large-file=\"https:\/\/i0.wp.com\/olivamorosicristians.es\/wp-content\/uploads\/2023\/07\/Pirates_Ambaixador_01.jpg?fit=819%2C1024&amp;ssl=1\" src=\"https:\/\/i0.wp.com\/olivamorosicristians.es\/wp-content\/uploads\/2023\/07\/Pirates_Ambaixador_01.jpg?resize=410%2C512&#038;ssl=1\" alt=\"\" class=\"wp-image-11154\" width=\"410\" height=\"512\" srcset=\"https:\/\/i0.wp.com\/olivamorosicristians.es\/wp-content\/uploads\/2023\/07\/Pirates_Ambaixador_01.jpg?resize=819%2C1024&amp;ssl=1 819w, https:\/\/i0.wp.com\/olivamorosicristians.es\/wp-content\/uploads\/2023\/07\/Pirates_Ambaixador_01.jpg?resize=240%2C300&amp;ssl=1 240w, https:\/\/i0.wp.com\/olivamorosicristians.es\/wp-content\/uploads\/2023\/07\/Pirates_Ambaixador_01.jpg?resize=768%2C960&amp;ssl=1 768w, https:\/\/i0.wp.com\/olivamorosicristians.es\/wp-content\/uploads\/2023\/07\/Pirates_Ambaixador_01.jpg?resize=1229%2C1536&amp;ssl=1 1229w, https:\/\/i0.wp.com\/olivamorosicristians.es\/wp-content\/uploads\/2023\/07\/Pirates_Ambaixador_01.jpg?resize=1638%2C2048&amp;ssl=1 1638w, https:\/\/i0.wp.com\/olivamorosicristians.es\/wp-content\/uploads\/2023\/07\/Pirates_Ambaixador_01.jpg?resize=640%2C800&amp;ssl=1 640w, https:\/\/i0.wp.com\/olivamorosicristians.es\/wp-content\/uploads\/2023\/07\/Pirates_Ambaixador_01.jpg?resize=1280%2C1600&amp;ssl=1 1280w, https:\/\/i0.wp.com\/olivamorosicristians.es\/wp-content\/uploads\/2023\/07\/Pirates_Ambaixador_01.jpg?resize=1320%2C1650&amp;ssl=1 1320w, https:\/\/i0.wp.com\/olivamorosicristians.es\/wp-content\/uploads\/2023\/07\/Pirates_Ambaixador_01.jpg?w=2048&amp;ssl=1 2048w\" sizes=\"auto, (max-width: 410px) 100vw, 410px\" \/><\/figure>\n<\/div>\n\n\n<div style=\"height:20px\" aria-hidden=\"true\" class=\"wp-block-spacer\"><\/div>\n\n\n\n<p class=\"has-text-align-center\">Ambaixador: Pablo Orqu\u00edn Pons<\/p>\n\n\n\n<p><strong>B\u00e0ndol Moro, Filada Mud\u00e8jars:<\/strong><\/p>\n\n\n<div class=\"wp-block-image\">\n<figure class=\"aligncenter size-large is-resized\"><img data-recalc-dims=\"1\" loading=\"lazy\" decoding=\"async\" data-attachment-id=\"11155\" data-permalink=\"https:\/\/olivamorosicristians.es\/es\/mudejars_capita_01\/\" data-orig-file=\"https:\/\/i0.wp.com\/olivamorosicristians.es\/wp-content\/uploads\/2023\/07\/Mudejars_Capita_01.jpg?fit=2048%2C2560&amp;ssl=1\" data-orig-size=\"2048,2560\" data-comments-opened=\"0\" data-image-meta=\"{&quot;aperture&quot;:&quot;0&quot;,&quot;credit&quot;:&quot;&quot;,&quot;camera&quot;:&quot;&quot;,&quot;caption&quot;:&quot;&quot;,&quot;created_timestamp&quot;:&quot;0&quot;,&quot;copyright&quot;:&quot;&quot;,&quot;focal_length&quot;:&quot;0&quot;,&quot;iso&quot;:&quot;0&quot;,&quot;shutter_speed&quot;:&quot;0&quot;,&quot;title&quot;:&quot;&quot;,&quot;orientation&quot;:&quot;1&quot;}\" data-image-title=\"Mudejars_Capita_01\" data-image-description=\"\" data-image-caption=\"\" data-large-file=\"https:\/\/i0.wp.com\/olivamorosicristians.es\/wp-content\/uploads\/2023\/07\/Mudejars_Capita_01.jpg?fit=819%2C1024&amp;ssl=1\" src=\"https:\/\/i0.wp.com\/olivamorosicristians.es\/wp-content\/uploads\/2023\/07\/Mudejars_Capita_01.jpg?resize=410%2C512&#038;ssl=1\" alt=\"\" class=\"wp-image-11155\" width=\"410\" height=\"512\" srcset=\"https:\/\/i0.wp.com\/olivamorosicristians.es\/wp-content\/uploads\/2023\/07\/Mudejars_Capita_01.jpg?resize=819%2C1024&amp;ssl=1 819w, https:\/\/i0.wp.com\/olivamorosicristians.es\/wp-content\/uploads\/2023\/07\/Mudejars_Capita_01.jpg?resize=240%2C300&amp;ssl=1 240w, https:\/\/i0.wp.com\/olivamorosicristians.es\/wp-content\/uploads\/2023\/07\/Mudejars_Capita_01.jpg?resize=768%2C960&amp;ssl=1 768w, https:\/\/i0.wp.com\/olivamorosicristians.es\/wp-content\/uploads\/2023\/07\/Mudejars_Capita_01.jpg?resize=1229%2C1536&amp;ssl=1 1229w, https:\/\/i0.wp.com\/olivamorosicristians.es\/wp-content\/uploads\/2023\/07\/Mudejars_Capita_01.jpg?resize=1638%2C2048&amp;ssl=1 1638w, https:\/\/i0.wp.com\/olivamorosicristians.es\/wp-content\/uploads\/2023\/07\/Mudejars_Capita_01.jpg?resize=640%2C800&amp;ssl=1 640w, https:\/\/i0.wp.com\/olivamorosicristians.es\/wp-content\/uploads\/2023\/07\/Mudejars_Capita_01.jpg?resize=1280%2C1600&amp;ssl=1 1280w, https:\/\/i0.wp.com\/olivamorosicristians.es\/wp-content\/uploads\/2023\/07\/Mudejars_Capita_01.jpg?resize=1320%2C1650&amp;ssl=1 1320w, https:\/\/i0.wp.com\/olivamorosicristians.es\/wp-content\/uploads\/2023\/07\/Mudejars_Capita_01.jpg?w=2048&amp;ssl=1 2048w\" sizes=\"auto, (max-width: 410px) 100vw, 410px\" \/><\/figure>\n<\/div>\n\n\n<div style=\"height:20px\" aria-hidden=\"true\" class=\"wp-block-spacer\"><\/div>\n\n\n\n<p class=\"has-text-align-center\">Capit\u00e0: Jes\u00fas Camarena Bolo<\/p>\n\n\n<div class=\"wp-block-image\">\n<figure class=\"aligncenter size-large is-resized\"><img data-recalc-dims=\"1\" loading=\"lazy\" decoding=\"async\" data-attachment-id=\"11156\" data-permalink=\"https:\/\/olivamorosicristians.es\/es\/mudejars_ambaixador_01\/\" data-orig-file=\"https:\/\/i0.wp.com\/olivamorosicristians.es\/wp-content\/uploads\/2023\/07\/Mudejars_Ambaixador_01.jpg?fit=2048%2C2560&amp;ssl=1\" data-orig-size=\"2048,2560\" data-comments-opened=\"0\" data-image-meta=\"{&quot;aperture&quot;:&quot;3.8&quot;,&quot;credit&quot;:&quot;&quot;,&quot;camera&quot;:&quot;NIKON D3400&quot;,&quot;caption&quot;:&quot;&quot;,&quot;created_timestamp&quot;:&quot;1681720762&quot;,&quot;copyright&quot;:&quot;&quot;,&quot;focal_length&quot;:&quot;22&quot;,&quot;iso&quot;:&quot;100&quot;,&quot;shutter_speed&quot;:&quot;0.00125&quot;,&quot;title&quot;:&quot;&quot;,&quot;orientation&quot;:&quot;1&quot;}\" data-image-title=\"Mudejars_Ambaixador_01\" data-image-description=\"\" data-image-caption=\"\" data-large-file=\"https:\/\/i0.wp.com\/olivamorosicristians.es\/wp-content\/uploads\/2023\/07\/Mudejars_Ambaixador_01.jpg?fit=819%2C1024&amp;ssl=1\" src=\"https:\/\/i0.wp.com\/olivamorosicristians.es\/wp-content\/uploads\/2023\/07\/Mudejars_Ambaixador_01.jpg?resize=410%2C512&#038;ssl=1\" alt=\"\" class=\"wp-image-11156\" width=\"410\" height=\"512\" srcset=\"https:\/\/i0.wp.com\/olivamorosicristians.es\/wp-content\/uploads\/2023\/07\/Mudejars_Ambaixador_01.jpg?resize=819%2C1024&amp;ssl=1 819w, https:\/\/i0.wp.com\/olivamorosicristians.es\/wp-content\/uploads\/2023\/07\/Mudejars_Ambaixador_01.jpg?resize=240%2C300&amp;ssl=1 240w, https:\/\/i0.wp.com\/olivamorosicristians.es\/wp-content\/uploads\/2023\/07\/Mudejars_Ambaixador_01.jpg?resize=768%2C960&amp;ssl=1 768w, https:\/\/i0.wp.com\/olivamorosicristians.es\/wp-content\/uploads\/2023\/07\/Mudejars_Ambaixador_01.jpg?resize=1229%2C1536&amp;ssl=1 1229w, https:\/\/i0.wp.com\/olivamorosicristians.es\/wp-content\/uploads\/2023\/07\/Mudejars_Ambaixador_01.jpg?resize=1638%2C2048&amp;ssl=1 1638w, https:\/\/i0.wp.com\/olivamorosicristians.es\/wp-content\/uploads\/2023\/07\/Mudejars_Ambaixador_01.jpg?resize=640%2C800&amp;ssl=1 640w, https:\/\/i0.wp.com\/olivamorosicristians.es\/wp-content\/uploads\/2023\/07\/Mudejars_Ambaixador_01.jpg?resize=1280%2C1600&amp;ssl=1 1280w, https:\/\/i0.wp.com\/olivamorosicristians.es\/wp-content\/uploads\/2023\/07\/Mudejars_Ambaixador_01.jpg?resize=1320%2C1650&amp;ssl=1 1320w, https:\/\/i0.wp.com\/olivamorosicristians.es\/wp-content\/uploads\/2023\/07\/Mudejars_Ambaixador_01.jpg?w=2048&amp;ssl=1 2048w\" sizes=\"auto, (max-width: 410px) 100vw, 410px\" \/><\/figure>\n<\/div>\n\n\n<div style=\"height:20px\" aria-hidden=\"true\" class=\"wp-block-spacer\"><\/div>\n\n\n\n<p class=\"has-text-align-center\">Ambaixador: Pascual Moll\u00e0 Mart\u00ednez<\/p>\n\n\n\n<p>Tot seguit es donar\u00e0 pas als presidents, presidentes i abanderats i abanderades de les 11 filades que conformen la Festa de Moros i Cristians d\u2019Oliva, els quals saludaran als c\u00e0rrecs i esperaran dalt l\u2019escenari les paraules del president de la Federaci\u00f3, \u00d3scar Prieto Ramos, i la Sra. Alcaldessa d\u2019Oliva, Yolanda Pastor Bolo, que convidaran la ciutadania a participar de les festes m\u00e9s multitudin\u00e0ries de la nostra localitat.<br><strong><br>\u00d3scar Prieto<\/strong>, president FMiCO:&nbsp;\u00abTornem un nou any a il\u00b7lusionar-nos per viure les Festes de Moros i Cristians a Oliva, la festa que far\u00e0 vibrar la nostra ciutat en uns dies, ara amb el treball realitzat sols ens queda gaudir i fer dels quatre dies de Moros i Cristians, els millors de l\u2019any\u00bb<\/p>\n\n\n\n<p><strong>\u00c1lvaro S\u00e1nchez<\/strong>, regidor de Festes:\u00a0\u00abAquest any ser\u00e0 molt especial. \u00c9s un orgull comprovar que totes les filades progressen. Perqu\u00e8, al cap i a la fi, som el present i tamb\u00e9 el futur d\u2019una festa proclamada d\u2019Inter\u00e9s Tur\u00edstic Auton\u00f2mic.\u00bb<\/p>\n\n\n\n<p>Recordem que diumenge 16 de juliol, a la pla\u00e7a de la Bassa, es realitzar\u00e0 el tradicional Concert-Festival de M\u00fasica festera a c\u00e0rrec de l\u2019A.A.M.O. a les 20.30 hores.<\/p>","protected":false},"excerpt":{"rendered":"<p>La Federaci\u00f3 de Moros i Cristians d\u2019Oliva anuncia que dissabte 15 de juliol es celebrar\u00e0 la presentaci\u00f3 dels c\u00e0rrecs de les Festes dels Moros i Cristians d\u2019Oliva de 2023 a l\u2019esplanada del castell (Parc de l\u2019Estaci\u00f3), a partir de les 22.00 h. La Federaci\u00f3 de Moros i Cristians d\u2019Oliva, en col\u00b7laboraci\u00f3 amb la Regidoria de [&hellip;]<\/p>\n","protected":false},"author":1,"featured_media":11181,"comment_status":"closed","ping_status":"open","sticky":false,"template":"","format":"standard","meta":{"jetpack_post_was_ever_published":false,"_jetpack_newsletter_access":"","_jetpack_dont_email_post_to_subs":false,"_jetpack_newsletter_tier_id":0,"_jetpack_memberships_contains_paywalled_content":false,"_jetpack_memberships_contains_paid_content":false,"footnotes":"","jetpack_publicize_message":"","jetpack_publicize_feature_enabled":true,"jetpack_social_post_already_shared":true,"jetpack_social_options":{"image_generator_settings":{"template":"highway","default_image_id":0,"font":"","enabled":false},"version":2}},"categories":[149,6,2],"tags":[],"class_list":["post-11175","post","type-post","status-publish","format-standard","has-post-thumbnail","hentry","category-esdeveniments","category-estil-de-vida","category-federacio"],"yoast_head":"<!-- This site is optimized with the Yoast SEO plugin v27.4 - https:\/\/yoast.com\/product\/yoast-seo-wordpress\/ -->\n<title>Els Moros i Cristians d\u2019Oliva presenten els seus c\u00e0rrecs dissabte a l\u2019esplanada del Castell - Moros i Cristians Oliva<\/title>\n<meta name=\"robots\" content=\"index, follow, max-snippet:-1, max-image-preview:large, max-video-preview:-1\" \/>\n<link rel=\"canonical\" href=\"https:\/\/olivamorosicristians.es\/es\/els-moros-i-cristians-doliva-presenten-els-seus-carrecs-dissabte-a-lesplanada-del-castell-2\/\" \/>\n<meta property=\"og:locale\" content=\"es_ES\" \/>\n<meta property=\"og:type\" content=\"article\" \/>\n<meta property=\"og:title\" content=\"Els Moros i Cristians d\u2019Oliva presenten els seus c\u00e0rrecs dissabte a l\u2019esplanada del Castell - Moros i Cristians Oliva\" \/>\n<meta property=\"og:description\" content=\"La Federaci\u00f3 de Moros i Cristians d\u2019Oliva anuncia que dissabte 15 de juliol es celebrar\u00e0 la presentaci\u00f3 dels c\u00e0rrecs de les Festes dels Moros i Cristians d\u2019Oliva de 2023 a l\u2019esplanada del castell (Parc de l\u2019Estaci\u00f3), a partir de les 22.00 h. La Federaci\u00f3 de Moros i Cristians d\u2019Oliva, en col\u00b7laboraci\u00f3 amb la Regidoria de [&hellip;]\" \/>\n<meta property=\"og:url\" content=\"https:\/\/olivamorosicristians.es\/es\/els-moros-i-cristians-doliva-presenten-els-seus-carrecs-dissabte-a-lesplanada-del-castell-2\/\" \/>\n<meta property=\"og:site_name\" content=\"Moros i Cristians Oliva\" \/>\n<meta property=\"article:publisher\" content=\"https:\/\/www.facebook.com\/federaciodemorosicristiansdoliva\/\" \/>\n<meta property=\"article:author\" content=\"https:\/\/www.facebook.com\/federaciodemorosicristiansdoliva\" \/>\n<meta property=\"article:published_time\" content=\"2023-07-13T17:46:41+00:00\" \/>\n<meta property=\"article:modified_time\" content=\"2023-07-13T17:46:46+00:00\" \/>\n<meta property=\"og:image\" content=\"https:\/\/olivamorosicristians.es\/wp-content\/uploads\/2023\/07\/Foto-destacada-4-junts-scaled.jpg\" \/>\n\t<meta property=\"og:image:width\" content=\"2560\" \/>\n\t<meta property=\"og:image:height\" content=\"1624\" \/>\n\t<meta property=\"og:image:type\" content=\"image\/jpeg\" \/>\n<meta name=\"author\" content=\"Webmaster\" \/>\n<meta name=\"twitter:card\" content=\"summary_large_image\" \/>\n<meta name=\"twitter:label1\" content=\"Escrito por\" \/>\n\t<meta name=\"twitter:data1\" content=\"Webmaster\" \/>\n\t<meta name=\"twitter:label2\" content=\"Tiempo de lectura\" \/>\n\t<meta name=\"twitter:data2\" content=\"4 minutos\" \/>\n<script type=\"application\/ld+json\" class=\"yoast-schema-graph\">{\"@context\":\"https:\\\/\\\/schema.org\",\"@graph\":[{\"@type\":\"Article\",\"@id\":\"https:\\\/\\\/olivamorosicristians.es\\\/els-moros-i-cristians-doliva-presenten-els-seus-carrecs-dissabte-a-lesplanada-del-castell-2\\\/#article\",\"isPartOf\":{\"@id\":\"https:\\\/\\\/olivamorosicristians.es\\\/els-moros-i-cristians-doliva-presenten-els-seus-carrecs-dissabte-a-lesplanada-del-castell-2\\\/\"},\"author\":{\"name\":\"Webmaster\",\"@id\":\"https:\\\/\\\/olivamorosicristians.es\\\/#\\\/schema\\\/person\\\/21ece052d8816103cad91a2676fd0149\"},\"headline\":\"Els Moros i Cristians d\u2019Oliva presenten els seus c\u00e0rrecs dissabte a l\u2019esplanada del Castell\",\"datePublished\":\"2023-07-13T17:46:41+00:00\",\"dateModified\":\"2023-07-13T17:46:46+00:00\",\"mainEntityOfPage\":{\"@id\":\"https:\\\/\\\/olivamorosicristians.es\\\/els-moros-i-cristians-doliva-presenten-els-seus-carrecs-dissabte-a-lesplanada-del-castell-2\\\/\"},\"wordCount\":632,\"publisher\":{\"@id\":\"https:\\\/\\\/olivamorosicristians.es\\\/#organization\"},\"image\":{\"@id\":\"https:\\\/\\\/olivamorosicristians.es\\\/els-moros-i-cristians-doliva-presenten-els-seus-carrecs-dissabte-a-lesplanada-del-castell-2\\\/#primaryimage\"},\"thumbnailUrl\":\"https:\\\/\\\/i0.wp.com\\\/olivamorosicristians.es\\\/wp-content\\\/uploads\\\/2023\\\/07\\\/Foto-destacada-4-junts-scaled.jpg?fit=2560%2C1624&ssl=1\",\"articleSection\":[\"Esdeveniments\",\"Estil de vida\",\"Federaci\u00f3\"],\"inLanguage\":\"es\"},{\"@type\":\"WebPage\",\"@id\":\"https:\\\/\\\/olivamorosicristians.es\\\/els-moros-i-cristians-doliva-presenten-els-seus-carrecs-dissabte-a-lesplanada-del-castell-2\\\/\",\"url\":\"https:\\\/\\\/olivamorosicristians.es\\\/els-moros-i-cristians-doliva-presenten-els-seus-carrecs-dissabte-a-lesplanada-del-castell-2\\\/\",\"name\":\"Els Moros i Cristians d\u2019Oliva presenten els seus c\u00e0rrecs dissabte a l\u2019esplanada del Castell - Moros i Cristians Oliva\",\"isPartOf\":{\"@id\":\"https:\\\/\\\/olivamorosicristians.es\\\/#website\"},\"primaryImageOfPage\":{\"@id\":\"https:\\\/\\\/olivamorosicristians.es\\\/els-moros-i-cristians-doliva-presenten-els-seus-carrecs-dissabte-a-lesplanada-del-castell-2\\\/#primaryimage\"},\"image\":{\"@id\":\"https:\\\/\\\/olivamorosicristians.es\\\/els-moros-i-cristians-doliva-presenten-els-seus-carrecs-dissabte-a-lesplanada-del-castell-2\\\/#primaryimage\"},\"thumbnailUrl\":\"https:\\\/\\\/i0.wp.com\\\/olivamorosicristians.es\\\/wp-content\\\/uploads\\\/2023\\\/07\\\/Foto-destacada-4-junts-scaled.jpg?fit=2560%2C1624&ssl=1\",\"datePublished\":\"2023-07-13T17:46:41+00:00\",\"dateModified\":\"2023-07-13T17:46:46+00:00\",\"breadcrumb\":{\"@id\":\"https:\\\/\\\/olivamorosicristians.es\\\/els-moros-i-cristians-doliva-presenten-els-seus-carrecs-dissabte-a-lesplanada-del-castell-2\\\/#breadcrumb\"},\"inLanguage\":\"es\",\"potentialAction\":[{\"@type\":\"ReadAction\",\"target\":[\"https:\\\/\\\/olivamorosicristians.es\\\/els-moros-i-cristians-doliva-presenten-els-seus-carrecs-dissabte-a-lesplanada-del-castell-2\\\/\"]}]},{\"@type\":\"ImageObject\",\"inLanguage\":\"es\",\"@id\":\"https:\\\/\\\/olivamorosicristians.es\\\/els-moros-i-cristians-doliva-presenten-els-seus-carrecs-dissabte-a-lesplanada-del-castell-2\\\/#primaryimage\",\"url\":\"https:\\\/\\\/i0.wp.com\\\/olivamorosicristians.es\\\/wp-content\\\/uploads\\\/2023\\\/07\\\/Foto-destacada-4-junts-scaled.jpg?fit=2560%2C1624&ssl=1\",\"contentUrl\":\"https:\\\/\\\/i0.wp.com\\\/olivamorosicristians.es\\\/wp-content\\\/uploads\\\/2023\\\/07\\\/Foto-destacada-4-junts-scaled.jpg?fit=2560%2C1624&ssl=1\",\"width\":2560,\"height\":1624},{\"@type\":\"BreadcrumbList\",\"@id\":\"https:\\\/\\\/olivamorosicristians.es\\\/els-moros-i-cristians-doliva-presenten-els-seus-carrecs-dissabte-a-lesplanada-del-castell-2\\\/#breadcrumb\",\"itemListElement\":[{\"@type\":\"ListItem\",\"position\":1,\"name\":\"Portada\",\"item\":\"https:\\\/\\\/olivamorosicristians.es\\\/\"},{\"@type\":\"ListItem\",\"position\":2,\"name\":\"Els Moros i Cristians d\u2019Oliva presenten els seus c\u00e0rrecs dissabte a l\u2019esplanada del Castell\"}]},{\"@type\":\"WebSite\",\"@id\":\"https:\\\/\\\/olivamorosicristians.es\\\/#website\",\"url\":\"https:\\\/\\\/olivamorosicristians.es\\\/\",\"name\":\"Moros i Cristians Oliva\",\"description\":\"FMCO\",\"publisher\":{\"@id\":\"https:\\\/\\\/olivamorosicristians.es\\\/#organization\"},\"potentialAction\":[{\"@type\":\"SearchAction\",\"target\":{\"@type\":\"EntryPoint\",\"urlTemplate\":\"https:\\\/\\\/olivamorosicristians.es\\\/?s={search_term_string}\"},\"query-input\":{\"@type\":\"PropertyValueSpecification\",\"valueRequired\":true,\"valueName\":\"search_term_string\"}}],\"inLanguage\":\"es\"},{\"@type\":\"Organization\",\"@id\":\"https:\\\/\\\/olivamorosicristians.es\\\/#organization\",\"name\":\"Federaci\u00f3 de Moros i Cristians - Oliva\",\"url\":\"https:\\\/\\\/olivamorosicristians.es\\\/\",\"logo\":{\"@type\":\"ImageObject\",\"inLanguage\":\"es\",\"@id\":\"https:\\\/\\\/olivamorosicristians.es\\\/#\\\/schema\\\/logo\\\/image\\\/\",\"url\":\"https:\\\/\\\/i2.wp.com\\\/olivamorosicristians.es\\\/wp-content\\\/uploads\\\/2018\\\/06\\\/Icon_FMiCO.png?fit=50%2C50&ssl=1\",\"contentUrl\":\"https:\\\/\\\/i2.wp.com\\\/olivamorosicristians.es\\\/wp-content\\\/uploads\\\/2018\\\/06\\\/Icon_FMiCO.png?fit=50%2C50&ssl=1\",\"width\":50,\"height\":50,\"caption\":\"Federaci\u00f3 de Moros i Cristians - Oliva\"},\"image\":{\"@id\":\"https:\\\/\\\/olivamorosicristians.es\\\/#\\\/schema\\\/logo\\\/image\\\/\"},\"sameAs\":[\"https:\\\/\\\/www.facebook.com\\\/federaciodemorosicristiansdoliva\\\/\",\"https:\\\/\\\/www.instagram.com\\\/morosicristiansoliva\\\/?hl=es\"]},{\"@type\":\"Person\",\"@id\":\"https:\\\/\\\/olivamorosicristians.es\\\/#\\\/schema\\\/person\\\/21ece052d8816103cad91a2676fd0149\",\"name\":\"Webmaster\",\"image\":{\"@type\":\"ImageObject\",\"inLanguage\":\"es\",\"@id\":\"https:\\\/\\\/secure.gravatar.com\\\/avatar\\\/18de20f14d74abe0c800b423a8b0e24cae6153cb6baeb2c2df80e1cef2117e0d?s=96&d=mm&r=g\",\"url\":\"https:\\\/\\\/secure.gravatar.com\\\/avatar\\\/18de20f14d74abe0c800b423a8b0e24cae6153cb6baeb2c2df80e1cef2117e0d?s=96&d=mm&r=g\",\"contentUrl\":\"https:\\\/\\\/secure.gravatar.com\\\/avatar\\\/18de20f14d74abe0c800b423a8b0e24cae6153cb6baeb2c2df80e1cef2117e0d?s=96&d=mm&r=g\",\"caption\":\"Webmaster\"},\"sameAs\":[\"https:\\\/\\\/www.facebook.com\\\/federaciodemorosicristiansdoliva\",\"https:\\\/\\\/www.instagram.com\\\/morosicristiansoliva\\\/\"]}]}<\/script>\n<!-- \/ Yoast SEO plugin. -->","yoast_head_json":{"title":"Els Moros i Cristians d\u2019Oliva presenten els seus c\u00e0rrecs dissabte a l\u2019esplanada del Castell - Moros i Cristians Oliva","robots":{"index":"index","follow":"follow","max-snippet":"max-snippet:-1","max-image-preview":"max-image-preview:large","max-video-preview":"max-video-preview:-1"},"canonical":"https:\/\/olivamorosicristians.es\/es\/els-moros-i-cristians-doliva-presenten-els-seus-carrecs-dissabte-a-lesplanada-del-castell-2\/","og_locale":"es_ES","og_type":"article","og_title":"Els Moros i Cristians d\u2019Oliva presenten els seus c\u00e0rrecs dissabte a l\u2019esplanada del Castell - Moros i Cristians Oliva","og_description":"La Federaci\u00f3 de Moros i Cristians d\u2019Oliva anuncia que dissabte 15 de juliol es celebrar\u00e0 la presentaci\u00f3 dels c\u00e0rrecs de les Festes dels Moros i Cristians d\u2019Oliva de 2023 a l\u2019esplanada del castell (Parc de l\u2019Estaci\u00f3), a partir de les 22.00 h. La Federaci\u00f3 de Moros i Cristians d\u2019Oliva, en col\u00b7laboraci\u00f3 amb la Regidoria de [&hellip;]","og_url":"https:\/\/olivamorosicristians.es\/es\/els-moros-i-cristians-doliva-presenten-els-seus-carrecs-dissabte-a-lesplanada-del-castell-2\/","og_site_name":"Moros i Cristians Oliva","article_publisher":"https:\/\/www.facebook.com\/federaciodemorosicristiansdoliva\/","article_author":"https:\/\/www.facebook.com\/federaciodemorosicristiansdoliva","article_published_time":"2023-07-13T17:46:41+00:00","article_modified_time":"2023-07-13T17:46:46+00:00","og_image":[{"width":2560,"height":1624,"url":"https:\/\/olivamorosicristians.es\/wp-content\/uploads\/2023\/07\/Foto-destacada-4-junts-scaled.jpg","type":"image\/jpeg"}],"author":"Webmaster","twitter_card":"summary_large_image","twitter_misc":{"Escrito por":"Webmaster","Tiempo de lectura":"4 minutos"},"schema":{"@context":"https:\/\/schema.org","@graph":[{"@type":"Article","@id":"https:\/\/olivamorosicristians.es\/els-moros-i-cristians-doliva-presenten-els-seus-carrecs-dissabte-a-lesplanada-del-castell-2\/#article","isPartOf":{"@id":"https:\/\/olivamorosicristians.es\/els-moros-i-cristians-doliva-presenten-els-seus-carrecs-dissabte-a-lesplanada-del-castell-2\/"},"author":{"name":"Webmaster","@id":"https:\/\/olivamorosicristians.es\/#\/schema\/person\/21ece052d8816103cad91a2676fd0149"},"headline":"Els Moros i Cristians d\u2019Oliva presenten els seus c\u00e0rrecs dissabte a l\u2019esplanada del Castell","datePublished":"2023-07-13T17:46:41+00:00","dateModified":"2023-07-13T17:46:46+00:00","mainEntityOfPage":{"@id":"https:\/\/olivamorosicristians.es\/els-moros-i-cristians-doliva-presenten-els-seus-carrecs-dissabte-a-lesplanada-del-castell-2\/"},"wordCount":632,"publisher":{"@id":"https:\/\/olivamorosicristians.es\/#organization"},"image":{"@id":"https:\/\/olivamorosicristians.es\/els-moros-i-cristians-doliva-presenten-els-seus-carrecs-dissabte-a-lesplanada-del-castell-2\/#primaryimage"},"thumbnailUrl":"https:\/\/i0.wp.com\/olivamorosicristians.es\/wp-content\/uploads\/2023\/07\/Foto-destacada-4-junts-scaled.jpg?fit=2560%2C1624&ssl=1","articleSection":["Esdeveniments","Estil de vida","Federaci\u00f3"],"inLanguage":"es"},{"@type":"WebPage","@id":"https:\/\/olivamorosicristians.es\/els-moros-i-cristians-doliva-presenten-els-seus-carrecs-dissabte-a-lesplanada-del-castell-2\/","url":"https:\/\/olivamorosicristians.es\/els-moros-i-cristians-doliva-presenten-els-seus-carrecs-dissabte-a-lesplanada-del-castell-2\/","name":"Els Moros i Cristians d\u2019Oliva presenten els seus c\u00e0rrecs dissabte a l\u2019esplanada del Castell - Moros i Cristians Oliva","isPartOf":{"@id":"https:\/\/olivamorosicristians.es\/#website"},"primaryImageOfPage":{"@id":"https:\/\/olivamorosicristians.es\/els-moros-i-cristians-doliva-presenten-els-seus-carrecs-dissabte-a-lesplanada-del-castell-2\/#primaryimage"},"image":{"@id":"https:\/\/olivamorosicristians.es\/els-moros-i-cristians-doliva-presenten-els-seus-carrecs-dissabte-a-lesplanada-del-castell-2\/#primaryimage"},"thumbnailUrl":"https:\/\/i0.wp.com\/olivamorosicristians.es\/wp-content\/uploads\/2023\/07\/Foto-destacada-4-junts-scaled.jpg?fit=2560%2C1624&ssl=1","datePublished":"2023-07-13T17:46:41+00:00","dateModified":"2023-07-13T17:46:46+00:00","breadcrumb":{"@id":"https:\/\/olivamorosicristians.es\/els-moros-i-cristians-doliva-presenten-els-seus-carrecs-dissabte-a-lesplanada-del-castell-2\/#breadcrumb"},"inLanguage":"es","potentialAction":[{"@type":"ReadAction","target":["https:\/\/olivamorosicristians.es\/els-moros-i-cristians-doliva-presenten-els-seus-carrecs-dissabte-a-lesplanada-del-castell-2\/"]}]},{"@type":"ImageObject","inLanguage":"es","@id":"https:\/\/olivamorosicristians.es\/els-moros-i-cristians-doliva-presenten-els-seus-carrecs-dissabte-a-lesplanada-del-castell-2\/#primaryimage","url":"https:\/\/i0.wp.com\/olivamorosicristians.es\/wp-content\/uploads\/2023\/07\/Foto-destacada-4-junts-scaled.jpg?fit=2560%2C1624&ssl=1","contentUrl":"https:\/\/i0.wp.com\/olivamorosicristians.es\/wp-content\/uploads\/2023\/07\/Foto-destacada-4-junts-scaled.jpg?fit=2560%2C1624&ssl=1","width":2560,"height":1624},{"@type":"BreadcrumbList","@id":"https:\/\/olivamorosicristians.es\/els-moros-i-cristians-doliva-presenten-els-seus-carrecs-dissabte-a-lesplanada-del-castell-2\/#breadcrumb","itemListElement":[{"@type":"ListItem","position":1,"name":"Portada","item":"https:\/\/olivamorosicristians.es\/"},{"@type":"ListItem","position":2,"name":"Els Moros i Cristians d\u2019Oliva presenten els seus c\u00e0rrecs dissabte a l\u2019esplanada del Castell"}]},{"@type":"WebSite","@id":"https:\/\/olivamorosicristians.es\/#website","url":"https:\/\/olivamorosicristians.es\/","name":"Moros i Cristians Oliva","description":"FMCO","publisher":{"@id":"https:\/\/olivamorosicristians.es\/#organization"},"potentialAction":[{"@type":"SearchAction","target":{"@type":"EntryPoint","urlTemplate":"https:\/\/olivamorosicristians.es\/?s={search_term_string}"},"query-input":{"@type":"PropertyValueSpecification","valueRequired":true,"valueName":"search_term_string"}}],"inLanguage":"es"},{"@type":"Organization","@id":"https:\/\/olivamorosicristians.es\/#organization","name":"La Federaci\u00f3n de Moros y Cristianos de Oliva","url":"https:\/\/olivamorosicristians.es\/","logo":{"@type":"ImageObject","inLanguage":"es","@id":"https:\/\/olivamorosicristians.es\/#\/schema\/logo\/image\/","url":"https:\/\/i2.wp.com\/olivamorosicristians.es\/wp-content\/uploads\/2018\/06\/Icon_FMiCO.png?fit=50%2C50&ssl=1","contentUrl":"https:\/\/i2.wp.com\/olivamorosicristians.es\/wp-content\/uploads\/2018\/06\/Icon_FMiCO.png?fit=50%2C50&ssl=1","width":50,"height":50,"caption":"Federaci\u00f3 de Moros i Cristians - Oliva"},"image":{"@id":"https:\/\/olivamorosicristians.es\/#\/schema\/logo\/image\/"},"sameAs":["https:\/\/www.facebook.com\/federaciodemorosicristiansdoliva\/","https:\/\/www.instagram.com\/morosicristiansoliva\/?hl=es"]},{"@type":"Person","@id":"https:\/\/olivamorosicristians.es\/#\/schema\/person\/21ece052d8816103cad91a2676fd0149","name":"Webmaster","image":{"@type":"ImageObject","inLanguage":"es","@id":"https:\/\/secure.gravatar.com\/avatar\/18de20f14d74abe0c800b423a8b0e24cae6153cb6baeb2c2df80e1cef2117e0d?s=96&d=mm&r=g","url":"https:\/\/secure.gravatar.com\/avatar\/18de20f14d74abe0c800b423a8b0e24cae6153cb6baeb2c2df80e1cef2117e0d?s=96&d=mm&r=g","contentUrl":"https:\/\/secure.gravatar.com\/avatar\/18de20f14d74abe0c800b423a8b0e24cae6153cb6baeb2c2df80e1cef2117e0d?s=96&d=mm&r=g","caption":"Webmaster"},"sameAs":["https:\/\/www.facebook.com\/federaciodemorosicristiansdoliva","https:\/\/www.instagram.com\/morosicristiansoliva\/"]}]}},"jetpack_publicize_connections":[],"jetpack_featured_media_url":"https:\/\/i0.wp.com\/olivamorosicristians.es\/wp-content\/uploads\/2023\/07\/Foto-destacada-4-junts-scaled.jpg?fit=2560%2C1624&ssl=1","jetpack_sharing_enabled":true,"jetpack_shortlink":"https:\/\/wp.me\/pagEx6-2Uf","jetpack-related-posts":[],"_links":{"self":[{"href":"https:\/\/olivamorosicristians.es\/es\/wp-json\/wp\/v2\/posts\/11175","targetHints":{"allow":["GET"]}}],"collection":[{"href":"https:\/\/olivamorosicristians.es\/es\/wp-json\/wp\/v2\/posts"}],"about":[{"href":"https:\/\/olivamorosicristians.es\/es\/wp-json\/wp\/v2\/types\/post"}],"author":[{"embeddable":true,"href":"https:\/\/olivamorosicristians.es\/es\/wp-json\/wp\/v2\/users\/1"}],"replies":[{"embeddable":true,"href":"https:\/\/olivamorosicristians.es\/es\/wp-json\/wp\/v2\/comments?post=11175"}],"version-history":[{"count":6,"href":"https:\/\/olivamorosicristians.es\/es\/wp-json\/wp\/v2\/posts\/11175\/revisions"}],"predecessor-version":[{"id":11182,"href":"https:\/\/olivamorosicristians.es\/es\/wp-json\/wp\/v2\/posts\/11175\/revisions\/11182"}],"wp:featuredmedia":[{"embeddable":true,"href":"https:\/\/olivamorosicristians.es\/es\/wp-json\/wp\/v2\/media\/11181"}],"wp:attachment":[{"href":"https:\/\/olivamorosicristians.es\/es\/wp-json\/wp\/v2\/media?parent=11175"}],"wp:term":[{"taxonomy":"category","embeddable":true,"href":"https:\/\/olivamorosicristians.es\/es\/wp-json\/wp\/v2\/categories?post=11175"},{"taxonomy":"post_tag","embeddable":true,"href":"https:\/\/olivamorosicristians.es\/es\/wp-json\/wp\/v2\/tags?post=11175"}],"curies":[{"name":"wp","href":"https:\/\/api.w.org\/{rel}","templated":true}]}}