{"id":11115,"date":"2023-07-05T18:25:54","date_gmt":"2023-07-05T16:25:54","guid":{"rendered":"https:\/\/olivamorosicristians.es\/?p=11115"},"modified":"2023-07-06T07:56:04","modified_gmt":"2023-07-06T05:56:04","slug":"presentacio-del-llibre-de-festes-cartell-pregonera-i-director-de-bandes-de-les-festes-de-moros-i-cristians-2023","status":"publish","type":"post","link":"https:\/\/olivamorosicristians.es\/es\/presentacio-del-llibre-de-festes-cartell-pregonera-i-director-de-bandes-de-les-festes-de-moros-i-cristians-2023\/","title":{"rendered":"Presentaci\u00f3 del llibre de festes, cartell, pregonera i director de bandes de les Festes de Moros i Cristians 2023\u00a0"},"content":{"rendered":"<p>EL DISSABTE 8 DE JULIOL LA FEDERACI\u00d3 DE MOROS I CRISTIANS D\u2019OLIVA, PRESENTAR\u00c0 A MARINA MASCARELL COM A PREGONERA I A MIGUEL \u00c1NGEL GRAU COM A DIRECTOR DE BANDES PER A LES FESTES DEL 2023, A M\u00c9S DEL CARTELL I LLIBRE DE FESTES.<\/p>\n\n\n\n<p>El pr\u00f2xim dissabte 8 de juliol el Centre Polivalent tornar\u00e0 a ser testimoni d\u2019un moment important en la festa dels Moros i Cristians Oliva, marcant el preludi de la festa amb les presentacions de la directora art\u00edstica Marina Mascarell com a pregonera i de l\u2019actual director de la Banda Simf\u00f2nica de l\u2019Associaci\u00f3 Art\u00edstic Musical d\u2019Oliva, qui ser\u00e0 l\u2019encarregat de dirigir l\u2019himne <em>Oliva 1990<\/em> a la pla\u00e7a de l\u2019Ajuntament en el preg\u00f3 de festes.<\/p>\n\n\n\n<p>La Federaci\u00f3 de Moros i Cristians d\u2019Oliva, amb la col\u00b7laboraci\u00f3 de la regidoria de Festes de l\u2019Ajuntament d\u2019Oliva, anuncia els c\u00e0rrecs de Pregonera i Director de Bandes de les Festes 2023 que es presentaran aquest dissabte 8 de juliol, a les 19.30 hores al Centre Polivalent, a m\u00e9s de la presentaci\u00f3 del Cartell i Llibre de les Festes 2023.<\/p>\n\n\n\n<p>Enguany, Marina Mascarell ser\u00e0 l\u2019encarregada de donar el tret d\u2019eixida de les festes m\u00e9s esperades. El 20 de juliol de 2023, al voltant de les 19.00 hores i des del balc\u00f3 de l\u2019Ajuntament d\u2019Oliva, pronunciar\u00e0 el Preg\u00f3 que iniciar\u00e0 les Festes.<\/p>\n\n\n\n<p>Naix a les acaballes de 1980 en una fam\u00edlia vinculada des dels inicis a la festa de Moros i Cristians d&#8217;Oliva. Des de ben menuda rep formaci\u00f3 en dansa a l&#8217;escola de ballet de Xelo Peir\u00f3. &nbsp;<\/p>\n\n\n\n<p>Marina t\u00e9 motivacions intel\u00b7lectuals que li fan q\u00fcestionar la rigidesa de la t\u00e8cnica i s&#8217;enamora de l&#8217;obertura que li ofereix la dansa contempor\u00e0nia. Rep una beca despr\u00e9s de guanyar el premi a ballarina excel\u00b7lent al Certamen Coreogr\u00e0fic de Madrid i marxa als Estats Units a estudiar a l&#8217;<em>American Dance Festival<\/em> a Carolina del Nord i al <em>Movement Research<\/em> de Nova York. Aquesta experi\u00e8ncia canvia completament la seua visi\u00f3 de l&#8217;art de la dansa.<\/p>\n\n\n\n<p>El seu retorn cap al territori li ve de mans del Mercat de les Flors a Barcelona on \u00e9s col\u00b7laboradora des de fa unes quantes temporades, i des d&#8217;on se li ha obert les portes del Festival el Grec, on fa escassos dies ha inaugurat una obra especialment creada per aquesta ocasi\u00f3 amb l&#8217;Orfe\u00f3 Catal\u00e0.&nbsp;<\/p>\n\n\n\n<p>Des d&#8217;abril \u00e9s la directora art\u00edstica de la Companyia Nacional de Dansa Contempor\u00e0nia de Dinamarca (<em>Dansk Danseteater<\/em>) a Copenhaguen, on amb il\u00b7lusi\u00f3 comen\u00e7a una etapa en una nova llar al costat de la seua fam\u00edlia.&nbsp;<\/p>\n\n\n\n<p>Tot aquest rodar pel m\u00f3n no ha fet que es desvinculara mai de les festes i any rere any, i sempre que ha estat a Europa, no ha dubtat a vindre a Oliva per gaudir de les festes amb la Filada Pirates. Com Nadal, les Festes de Moros i Cristians tamb\u00e9 s\u00f3n una data on retrobar-se amb les amigues i la fam\u00edlia, cosins, tiets, pares i germanes formen part i s&#8217;ajunten per gaudir i recordar que aquestes festes s\u00f3n part de la seua forma d&#8217;entendre el poble.<\/p>\n\n\n\n<div style=\"height:30px\" aria-hidden=\"true\" class=\"wp-block-spacer\"><\/div>\n\n\n<div class=\"wp-block-image\">\n<figure class=\"aligncenter size-full\"><img data-recalc-dims=\"1\" loading=\"lazy\" decoding=\"async\" width=\"668\" height=\"668\" data-attachment-id=\"11119\" data-permalink=\"https:\/\/olivamorosicristians.es\/es\/marina-1-2\/\" data-orig-file=\"https:\/\/i0.wp.com\/olivamorosicristians.es\/wp-content\/uploads\/2023\/07\/Marina-1-edited.jpeg?fit=668%2C668&amp;ssl=1\" data-orig-size=\"668,668\" data-comments-opened=\"0\" data-image-meta=\"{&quot;aperture&quot;:&quot;2.8&quot;,&quot;credit&quot;:&quot;Matevz Cebasek&quot;,&quot;camera&quot;:&quot;NIKON D750&quot;,&quot;caption&quot;:&quot;&quot;,&quot;created_timestamp&quot;:&quot;1671020109&quot;,&quot;copyright&quot;:&quot;Komumar photography&quot;,&quot;focal_length&quot;:&quot;70&quot;,&quot;iso&quot;:&quot;800&quot;,&quot;shutter_speed&quot;:&quot;0.008&quot;,&quot;title&quot;:&quot;&quot;,&quot;orientation&quot;:&quot;1&quot;}\" data-image-title=\"Marina 1\" data-image-description=\"\" data-image-caption=\"\" data-large-file=\"https:\/\/i0.wp.com\/olivamorosicristians.es\/wp-content\/uploads\/2023\/07\/Marina-1-edited.jpeg?fit=668%2C668&amp;ssl=1\" src=\"https:\/\/i0.wp.com\/olivamorosicristians.es\/wp-content\/uploads\/2023\/07\/Marina-1-edited.jpeg?resize=668%2C668&#038;ssl=1\" alt=\"\" class=\"wp-image-11119\" title=\"\" srcset=\"https:\/\/i0.wp.com\/olivamorosicristians.es\/wp-content\/uploads\/2023\/07\/Marina-1-edited.jpeg?w=668&amp;ssl=1 668w, https:\/\/i0.wp.com\/olivamorosicristians.es\/wp-content\/uploads\/2023\/07\/Marina-1-edited.jpeg?resize=300%2C300&amp;ssl=1 300w, https:\/\/i0.wp.com\/olivamorosicristians.es\/wp-content\/uploads\/2023\/07\/Marina-1-edited.jpeg?resize=150%2C150&amp;ssl=1 150w, https:\/\/i0.wp.com\/olivamorosicristians.es\/wp-content\/uploads\/2023\/07\/Marina-1-edited.jpeg?resize=340%2C340&amp;ssl=1 340w, https:\/\/i0.wp.com\/olivamorosicristians.es\/wp-content\/uploads\/2023\/07\/Marina-1-edited.jpeg?resize=640%2C640&amp;ssl=1 640w\" sizes=\"auto, (max-width: 668px) 100vw, 668px\" \/><\/figure>\n<\/div>\n\n\n<div style=\"height:30px\" aria-hidden=\"true\" class=\"wp-block-spacer\"><\/div>\n\n\n\n<p>El director de bandes de les Festes de Moros i Cristians d\u2019Oliva 2023, \u00e9s natural de X\u00e0tiva, s\u2019inicia en el m\u00f3n de la direcci\u00f3 de la m\u00e0 del seu mestre Julio Juan Garc\u00eda en 1994. Posteriorment, ha estudiat Direcci\u00f3 d\u2019Orquestra i Banda.&nbsp;<\/p>\n\n\n\n<p>A m\u00e9s, ha realitzat cursos d\u2019orientaci\u00f3 did\u00e0ctica i pedag\u00f2gica.<\/p>\n\n\n\n<p>Ha sigut durant 20 anys (de 1997 a 2017) director titular de la Banda de l\u2019Ateneu Musical de Rafelguaraf, \u00e8poca que s\u2019ha convertit en la m\u00e9s daurada i exitosa de la hist\u00f2ria de la societat musical, on s\u2019ha de fer especial esment del&nbsp; segon premien del \u201cI Certamen de M\u00fasica de Moros i Cristians &#8211;&nbsp; Ciutat d\u2019Oliva\u201d l\u2019any 2003, i el primer premi en el \u201cIII Certamen de M\u00fasica de Moros i Cristians &#8211;&nbsp; Ciutat d&#8217;Oliva\u201d l\u2019any 2007; i sobretot el c\u00e0rrec vitalici de <strong>director honor\u00edfic<\/strong> de l\u2019Ateneu Musical de Rafelguaraf.<\/p>\n\n\n\n<p>Ha exercit de director titular de les bandes:<\/p>\n\n\n\n<p>Uni\u00f3 Musical d\u2019Ondara, de 2003 a 2007<\/p>\n\n\n\n<p>Uni\u00f3 Musical d\u2019Albaida \u201cL\u2019Aranya\u201d, de 2004 a 2007<\/p>\n\n\n\n<p>Uni\u00f3 Musical de Muro, de 2007 a 2011, on tamb\u00e9 hem de destacar el primer premi en el \u201cIV Certamen de M\u00fasica de Moros i Cristians &#8211;&nbsp; Ciutat d&#8217;Oliva\u201d l\u2019any 2009.<\/p>\n\n\n\n<p>Uni\u00f3 Musical d\u2019Aielo de Malferit, de 2017 a 2020.<\/p>\n\n\n\n<p>Director de l\u2019Himne de Festes de Rafelguaraf el 2015, i director de l\u2019Himne de Festes d\u2019Aielo de Malferit el 2017.<\/p>\n\n\n\n<p>En l\u2019actualitat i des de 2016, \u00e9s el director titular de la Banda de la Societat L\u00edrica i Musical de Benissa, i des de setembre del passat 2022, tamb\u00e9 ho \u00e9s de la Banda Simf\u00f2nica de l\u2019Associaci\u00f3 Art\u00edstic Musical d\u2019Oliva.<\/p>\n\n\n\n<div style=\"height:30px\" aria-hidden=\"true\" class=\"wp-block-spacer\"><\/div>\n\n\n<div class=\"wp-block-image\">\n<figure class=\"aligncenter size-large is-resized\"><img data-recalc-dims=\"1\" loading=\"lazy\" decoding=\"async\" data-attachment-id=\"11112\" data-permalink=\"https:\/\/olivamorosicristians.es\/es\/02_director-miguel-angel-grau\/\" data-orig-file=\"https:\/\/i0.wp.com\/olivamorosicristians.es\/wp-content\/uploads\/2023\/07\/02_Director-Miguel-Angel-Grau-scaled.jpg?fit=2560%2C2560&amp;ssl=1\" data-orig-size=\"2560,2560\" data-comments-opened=\"0\" data-image-meta=\"{&quot;aperture&quot;:&quot;0&quot;,&quot;credit&quot;:&quot;&quot;,&quot;camera&quot;:&quot;&quot;,&quot;caption&quot;:&quot;&quot;,&quot;created_timestamp&quot;:&quot;0&quot;,&quot;copyright&quot;:&quot;&quot;,&quot;focal_length&quot;:&quot;0&quot;,&quot;iso&quot;:&quot;0&quot;,&quot;shutter_speed&quot;:&quot;0&quot;,&quot;title&quot;:&quot;&quot;,&quot;orientation&quot;:&quot;1&quot;}\" data-image-title=\"02_Director Miguel A\u0301ngel Grau\" data-image-description=\"\" data-image-caption=\"\" data-large-file=\"https:\/\/i0.wp.com\/olivamorosicristians.es\/wp-content\/uploads\/2023\/07\/02_Director-Miguel-Angel-Grau-scaled.jpg?fit=1024%2C1024&amp;ssl=1\" src=\"https:\/\/i0.wp.com\/olivamorosicristians.es\/wp-content\/uploads\/2023\/07\/02_Director-Miguel-Angel-Grau.jpg?resize=688%2C688&#038;ssl=1\" alt=\"\" class=\"wp-image-11112\" width=\"688\" height=\"688\" srcset=\"https:\/\/i0.wp.com\/olivamorosicristians.es\/wp-content\/uploads\/2023\/07\/02_Director-Miguel-Angel-Grau-scaled.jpg?resize=1024%2C1024&amp;ssl=1 1024w, https:\/\/i0.wp.com\/olivamorosicristians.es\/wp-content\/uploads\/2023\/07\/02_Director-Miguel-Angel-Grau-scaled.jpg?resize=300%2C300&amp;ssl=1 300w, https:\/\/i0.wp.com\/olivamorosicristians.es\/wp-content\/uploads\/2023\/07\/02_Director-Miguel-Angel-Grau-scaled.jpg?resize=150%2C150&amp;ssl=1 150w, https:\/\/i0.wp.com\/olivamorosicristians.es\/wp-content\/uploads\/2023\/07\/02_Director-Miguel-Angel-Grau-scaled.jpg?resize=768%2C768&amp;ssl=1 768w, https:\/\/i0.wp.com\/olivamorosicristians.es\/wp-content\/uploads\/2023\/07\/02_Director-Miguel-Angel-Grau-scaled.jpg?resize=1536%2C1536&amp;ssl=1 1536w, https:\/\/i0.wp.com\/olivamorosicristians.es\/wp-content\/uploads\/2023\/07\/02_Director-Miguel-Angel-Grau-scaled.jpg?resize=2048%2C2048&amp;ssl=1 2048w, https:\/\/i0.wp.com\/olivamorosicristians.es\/wp-content\/uploads\/2023\/07\/02_Director-Miguel-Angel-Grau-scaled.jpg?resize=340%2C340&amp;ssl=1 340w, https:\/\/i0.wp.com\/olivamorosicristians.es\/wp-content\/uploads\/2023\/07\/02_Director-Miguel-Angel-Grau-scaled.jpg?resize=640%2C640&amp;ssl=1 640w, https:\/\/i0.wp.com\/olivamorosicristians.es\/wp-content\/uploads\/2023\/07\/02_Director-Miguel-Angel-Grau-scaled.jpg?resize=960%2C960&amp;ssl=1 960w, https:\/\/i0.wp.com\/olivamorosicristians.es\/wp-content\/uploads\/2023\/07\/02_Director-Miguel-Angel-Grau-scaled.jpg?resize=1280%2C1280&amp;ssl=1 1280w, https:\/\/i0.wp.com\/olivamorosicristians.es\/wp-content\/uploads\/2023\/07\/02_Director-Miguel-Angel-Grau-scaled.jpg?resize=1320%2C1320&amp;ssl=1 1320w, https:\/\/i0.wp.com\/olivamorosicristians.es\/wp-content\/uploads\/2023\/07\/02_Director-Miguel-Angel-Grau-scaled.jpg?w=2340&amp;ssl=1 2340w\" sizes=\"auto, (max-width: 688px) 100vw, 688px\" \/><\/figure>\n<\/div>\n\n\n<div style=\"height:30px\" aria-hidden=\"true\" class=\"wp-block-spacer\"><\/div>\n\n\n\n<p>La Pregonera i Director de Bandes seran presentats dissabte 8 de juliol, a les 19.30 h al Centre Polivalent, on es realitzar\u00e0 l\u2019acte de presentaci\u00f3&nbsp; del llibre de festes de Moros i Cristians d\u2019Oliva de 2023, el qual compta amb un&nbsp;innovador&nbsp;cartell que tamb\u00e9&nbsp;ser\u00e0 presentat per Locandia Estudio (Rosana Monr\u00f3s i C\u00e9sar Mart\u00ednez) de Quart de Poble s\u00f3n, qui mitjan\u00e7ant la \u00abCrida a projecte\u00bb, han realitzat la imatge gr\u00e0fica de les Festes de Moros i Cristians d\u2019Oliva 2023.<\/p>\n\n\n\n<p>Han preparat no nom\u00e9s un cartell, sin\u00f3 tres! Un cartell principal i dos secundaris, una trilogia. Tots tres reprodueixen la dicotomia i l&#8217;equitat presents en aquesta festivitat que ser\u00e0 presentada i explicada el pr\u00f2xim dissabte.<\/p>\n\n\n\n<p><strong>\u00d3scar Prieto, president de la FMICO:&nbsp;<\/strong>\u00abEstem a les portes de festes i \u00e9s per a nosaltres un plaer presentar-vos a la nostra Pregonera, Marina Mascarell, i al Director de Bandes, Miguel \u00c0ngel Grau, a m\u00e9s i com a novetat tamb\u00e9 presentarem una nova imatge per a les nostres festes amb un salt qualitatiu digne d\u2019una festa d\u2019Inter\u00e9s Tur\u00edstic Auton\u00f2mic\u00bb<\/p>\n\n\n\n<p><strong>\u00c1lvaro S\u00e1nchez, regidor de Festes:&nbsp;<\/strong>\u00abA poques setmanes de tornar a baixar Loygorri, els Moros i Cristians d\u2019Oliva calfen motors per viure un esdeveniment \u00fanic, cultural i tur\u00edstic que omplir\u00e0 la ciutat de llum, color i molts retrobaments\u00bb.<\/p>","protected":false},"excerpt":{"rendered":"<p>EL DISSABTE 8 DE JULIOL LA FEDERACI\u00d3 DE MOROS I CRISTIANS D\u2019OLIVA, PRESENTAR\u00c0 A MARINA MASCARELL COM A PREGONERA I A MIGUEL \u00c1NGEL GRAU COM A DIRECTOR DE BANDES PER A LES FESTES DEL 2023, A M\u00c9S DEL CARTELL I LLIBRE DE FESTES. El pr\u00f2xim dissabte 8 de juliol el Centre Polivalent tornar\u00e0 a ser [&hellip;]<\/p>\n","protected":false},"author":1,"featured_media":11113,"comment_status":"closed","ping_status":"open","sticky":false,"template":"","format":"standard","meta":{"jetpack_post_was_ever_published":false,"_jetpack_newsletter_access":"","_jetpack_dont_email_post_to_subs":false,"_jetpack_newsletter_tier_id":0,"_jetpack_memberships_contains_paywalled_content":false,"_jetpack_memberships_contains_paid_content":false,"footnotes":"","jetpack_publicize_message":"","jetpack_publicize_feature_enabled":true,"jetpack_social_post_already_shared":true,"jetpack_social_options":{"image_generator_settings":{"template":"highway","default_image_id":0,"font":"","enabled":false},"version":2}},"categories":[152],"tags":[],"class_list":["post-11115","post","type-post","status-publish","format-standard","has-post-thumbnail","hentry","category-actes-oficials"],"yoast_head":"<!-- This site is optimized with the Yoast SEO plugin v27.4 - https:\/\/yoast.com\/product\/yoast-seo-wordpress\/ -->\n<title>Presentaci\u00f3 del llibre de festes, cartell, pregonera i director de bandes de les Festes de Moros i Cristians 2023\u00a0 - Moros i Cristians Oliva<\/title>\n<meta name=\"robots\" content=\"index, follow, max-snippet:-1, max-image-preview:large, max-video-preview:-1\" \/>\n<link rel=\"canonical\" href=\"https:\/\/olivamorosicristians.es\/es\/presentacio-del-llibre-de-festes-cartell-pregonera-i-director-de-bandes-de-les-festes-de-moros-i-cristians-2023\/\" \/>\n<meta property=\"og:locale\" content=\"es_ES\" \/>\n<meta property=\"og:type\" content=\"article\" \/>\n<meta property=\"og:title\" content=\"Presentaci\u00f3 del llibre de festes, cartell, pregonera i director de bandes de les Festes de Moros i Cristians 2023\u00a0 - Moros i Cristians Oliva\" \/>\n<meta property=\"og:description\" content=\"EL DISSABTE 8 DE JULIOL LA FEDERACI\u00d3 DE MOROS I CRISTIANS D\u2019OLIVA, PRESENTAR\u00c0 A MARINA MASCARELL COM A PREGONERA I A MIGUEL \u00c1NGEL GRAU COM A DIRECTOR DE BANDES PER A LES FESTES DEL 2023, A M\u00c9S DEL CARTELL I LLIBRE DE FESTES. El pr\u00f2xim dissabte 8 de juliol el Centre Polivalent tornar\u00e0 a ser [&hellip;]\" \/>\n<meta property=\"og:url\" content=\"https:\/\/olivamorosicristians.es\/es\/presentacio-del-llibre-de-festes-cartell-pregonera-i-director-de-bandes-de-les-festes-de-moros-i-cristians-2023\/\" \/>\n<meta property=\"og:site_name\" content=\"Moros i Cristians Oliva\" \/>\n<meta property=\"article:publisher\" content=\"https:\/\/www.facebook.com\/federaciodemorosicristiansdoliva\/\" \/>\n<meta property=\"article:author\" content=\"https:\/\/www.facebook.com\/federaciodemorosicristiansdoliva\" \/>\n<meta property=\"article:published_time\" content=\"2023-07-05T16:25:54+00:00\" \/>\n<meta property=\"article:modified_time\" content=\"2023-07-06T05:56:04+00:00\" \/>\n<meta property=\"og:image\" content=\"https:\/\/olivamorosicristians.es\/wp-content\/uploads\/2023\/07\/Llibre23_Mockup_3-scaled.jpg\" \/>\n\t<meta property=\"og:image:width\" content=\"2560\" \/>\n\t<meta property=\"og:image:height\" content=\"1624\" \/>\n\t<meta property=\"og:image:type\" content=\"image\/jpeg\" \/>\n<meta name=\"author\" content=\"Webmaster\" \/>\n<meta name=\"twitter:card\" content=\"summary_large_image\" \/>\n<meta name=\"twitter:label1\" content=\"Escrito por\" \/>\n\t<meta name=\"twitter:data1\" content=\"Webmaster\" \/>\n\t<meta name=\"twitter:label2\" content=\"Tiempo de lectura\" \/>\n\t<meta name=\"twitter:data2\" content=\"5 minutos\" \/>\n<script type=\"application\/ld+json\" class=\"yoast-schema-graph\">{\"@context\":\"https:\\\/\\\/schema.org\",\"@graph\":[{\"@type\":\"Article\",\"@id\":\"https:\\\/\\\/olivamorosicristians.es\\\/presentacio-del-llibre-de-festes-cartell-pregonera-i-director-de-bandes-de-les-festes-de-moros-i-cristians-2023\\\/#article\",\"isPartOf\":{\"@id\":\"https:\\\/\\\/olivamorosicristians.es\\\/presentacio-del-llibre-de-festes-cartell-pregonera-i-director-de-bandes-de-les-festes-de-moros-i-cristians-2023\\\/\"},\"author\":{\"name\":\"Webmaster\",\"@id\":\"https:\\\/\\\/olivamorosicristians.es\\\/#\\\/schema\\\/person\\\/21ece052d8816103cad91a2676fd0149\"},\"headline\":\"Presentaci\u00f3 del llibre de festes, cartell, pregonera i director de bandes de les Festes de Moros i Cristians 2023\u00a0\",\"datePublished\":\"2023-07-05T16:25:54+00:00\",\"dateModified\":\"2023-07-06T05:56:04+00:00\",\"mainEntityOfPage\":{\"@id\":\"https:\\\/\\\/olivamorosicristians.es\\\/presentacio-del-llibre-de-festes-cartell-pregonera-i-director-de-bandes-de-les-festes-de-moros-i-cristians-2023\\\/\"},\"wordCount\":1092,\"publisher\":{\"@id\":\"https:\\\/\\\/olivamorosicristians.es\\\/#organization\"},\"image\":{\"@id\":\"https:\\\/\\\/olivamorosicristians.es\\\/presentacio-del-llibre-de-festes-cartell-pregonera-i-director-de-bandes-de-les-festes-de-moros-i-cristians-2023\\\/#primaryimage\"},\"thumbnailUrl\":\"https:\\\/\\\/i0.wp.com\\\/olivamorosicristians.es\\\/wp-content\\\/uploads\\\/2023\\\/07\\\/Llibre23_Mockup_3-scaled.jpg?fit=2560%2C1624&ssl=1\",\"articleSection\":[\"Actes oficials\"],\"inLanguage\":\"es\"},{\"@type\":\"WebPage\",\"@id\":\"https:\\\/\\\/olivamorosicristians.es\\\/presentacio-del-llibre-de-festes-cartell-pregonera-i-director-de-bandes-de-les-festes-de-moros-i-cristians-2023\\\/\",\"url\":\"https:\\\/\\\/olivamorosicristians.es\\\/presentacio-del-llibre-de-festes-cartell-pregonera-i-director-de-bandes-de-les-festes-de-moros-i-cristians-2023\\\/\",\"name\":\"Presentaci\u00f3 del llibre de festes, cartell, pregonera i director de bandes de les Festes de Moros i Cristians 2023\u00a0 - Moros i Cristians Oliva\",\"isPartOf\":{\"@id\":\"https:\\\/\\\/olivamorosicristians.es\\\/#website\"},\"primaryImageOfPage\":{\"@id\":\"https:\\\/\\\/olivamorosicristians.es\\\/presentacio-del-llibre-de-festes-cartell-pregonera-i-director-de-bandes-de-les-festes-de-moros-i-cristians-2023\\\/#primaryimage\"},\"image\":{\"@id\":\"https:\\\/\\\/olivamorosicristians.es\\\/presentacio-del-llibre-de-festes-cartell-pregonera-i-director-de-bandes-de-les-festes-de-moros-i-cristians-2023\\\/#primaryimage\"},\"thumbnailUrl\":\"https:\\\/\\\/i0.wp.com\\\/olivamorosicristians.es\\\/wp-content\\\/uploads\\\/2023\\\/07\\\/Llibre23_Mockup_3-scaled.jpg?fit=2560%2C1624&ssl=1\",\"datePublished\":\"2023-07-05T16:25:54+00:00\",\"dateModified\":\"2023-07-06T05:56:04+00:00\",\"breadcrumb\":{\"@id\":\"https:\\\/\\\/olivamorosicristians.es\\\/presentacio-del-llibre-de-festes-cartell-pregonera-i-director-de-bandes-de-les-festes-de-moros-i-cristians-2023\\\/#breadcrumb\"},\"inLanguage\":\"es\",\"potentialAction\":[{\"@type\":\"ReadAction\",\"target\":[\"https:\\\/\\\/olivamorosicristians.es\\\/presentacio-del-llibre-de-festes-cartell-pregonera-i-director-de-bandes-de-les-festes-de-moros-i-cristians-2023\\\/\"]}]},{\"@type\":\"ImageObject\",\"inLanguage\":\"es\",\"@id\":\"https:\\\/\\\/olivamorosicristians.es\\\/presentacio-del-llibre-de-festes-cartell-pregonera-i-director-de-bandes-de-les-festes-de-moros-i-cristians-2023\\\/#primaryimage\",\"url\":\"https:\\\/\\\/i0.wp.com\\\/olivamorosicristians.es\\\/wp-content\\\/uploads\\\/2023\\\/07\\\/Llibre23_Mockup_3-scaled.jpg?fit=2560%2C1624&ssl=1\",\"contentUrl\":\"https:\\\/\\\/i0.wp.com\\\/olivamorosicristians.es\\\/wp-content\\\/uploads\\\/2023\\\/07\\\/Llibre23_Mockup_3-scaled.jpg?fit=2560%2C1624&ssl=1\",\"width\":2560,\"height\":1624},{\"@type\":\"BreadcrumbList\",\"@id\":\"https:\\\/\\\/olivamorosicristians.es\\\/presentacio-del-llibre-de-festes-cartell-pregonera-i-director-de-bandes-de-les-festes-de-moros-i-cristians-2023\\\/#breadcrumb\",\"itemListElement\":[{\"@type\":\"ListItem\",\"position\":1,\"name\":\"Portada\",\"item\":\"https:\\\/\\\/olivamorosicristians.es\\\/\"},{\"@type\":\"ListItem\",\"position\":2,\"name\":\"Presentaci\u00f3 del llibre de festes, cartell, pregonera i director de bandes de les Festes de Moros i Cristians 2023\u00a0\"}]},{\"@type\":\"WebSite\",\"@id\":\"https:\\\/\\\/olivamorosicristians.es\\\/#website\",\"url\":\"https:\\\/\\\/olivamorosicristians.es\\\/\",\"name\":\"Moros i Cristians Oliva\",\"description\":\"FMCO\",\"publisher\":{\"@id\":\"https:\\\/\\\/olivamorosicristians.es\\\/#organization\"},\"potentialAction\":[{\"@type\":\"SearchAction\",\"target\":{\"@type\":\"EntryPoint\",\"urlTemplate\":\"https:\\\/\\\/olivamorosicristians.es\\\/?s={search_term_string}\"},\"query-input\":{\"@type\":\"PropertyValueSpecification\",\"valueRequired\":true,\"valueName\":\"search_term_string\"}}],\"inLanguage\":\"es\"},{\"@type\":\"Organization\",\"@id\":\"https:\\\/\\\/olivamorosicristians.es\\\/#organization\",\"name\":\"Federaci\u00f3 de Moros i Cristians - Oliva\",\"url\":\"https:\\\/\\\/olivamorosicristians.es\\\/\",\"logo\":{\"@type\":\"ImageObject\",\"inLanguage\":\"es\",\"@id\":\"https:\\\/\\\/olivamorosicristians.es\\\/#\\\/schema\\\/logo\\\/image\\\/\",\"url\":\"https:\\\/\\\/i2.wp.com\\\/olivamorosicristians.es\\\/wp-content\\\/uploads\\\/2018\\\/06\\\/Icon_FMiCO.png?fit=50%2C50&ssl=1\",\"contentUrl\":\"https:\\\/\\\/i2.wp.com\\\/olivamorosicristians.es\\\/wp-content\\\/uploads\\\/2018\\\/06\\\/Icon_FMiCO.png?fit=50%2C50&ssl=1\",\"width\":50,\"height\":50,\"caption\":\"Federaci\u00f3 de Moros i Cristians - Oliva\"},\"image\":{\"@id\":\"https:\\\/\\\/olivamorosicristians.es\\\/#\\\/schema\\\/logo\\\/image\\\/\"},\"sameAs\":[\"https:\\\/\\\/www.facebook.com\\\/federaciodemorosicristiansdoliva\\\/\",\"https:\\\/\\\/www.instagram.com\\\/morosicristiansoliva\\\/?hl=es\"]},{\"@type\":\"Person\",\"@id\":\"https:\\\/\\\/olivamorosicristians.es\\\/#\\\/schema\\\/person\\\/21ece052d8816103cad91a2676fd0149\",\"name\":\"Webmaster\",\"image\":{\"@type\":\"ImageObject\",\"inLanguage\":\"es\",\"@id\":\"https:\\\/\\\/secure.gravatar.com\\\/avatar\\\/18de20f14d74abe0c800b423a8b0e24cae6153cb6baeb2c2df80e1cef2117e0d?s=96&d=mm&r=g\",\"url\":\"https:\\\/\\\/secure.gravatar.com\\\/avatar\\\/18de20f14d74abe0c800b423a8b0e24cae6153cb6baeb2c2df80e1cef2117e0d?s=96&d=mm&r=g\",\"contentUrl\":\"https:\\\/\\\/secure.gravatar.com\\\/avatar\\\/18de20f14d74abe0c800b423a8b0e24cae6153cb6baeb2c2df80e1cef2117e0d?s=96&d=mm&r=g\",\"caption\":\"Webmaster\"},\"sameAs\":[\"https:\\\/\\\/www.facebook.com\\\/federaciodemorosicristiansdoliva\",\"https:\\\/\\\/www.instagram.com\\\/morosicristiansoliva\\\/\"]}]}<\/script>\n<!-- \/ Yoast SEO plugin. -->","yoast_head_json":{"title":"Presentaci\u00f3 del llibre de festes, cartell, pregonera i director de bandes de les Festes de Moros i Cristians 2023\u00a0 - Moros i Cristians Oliva","robots":{"index":"index","follow":"follow","max-snippet":"max-snippet:-1","max-image-preview":"max-image-preview:large","max-video-preview":"max-video-preview:-1"},"canonical":"https:\/\/olivamorosicristians.es\/es\/presentacio-del-llibre-de-festes-cartell-pregonera-i-director-de-bandes-de-les-festes-de-moros-i-cristians-2023\/","og_locale":"es_ES","og_type":"article","og_title":"Presentaci\u00f3 del llibre de festes, cartell, pregonera i director de bandes de les Festes de Moros i Cristians 2023\u00a0 - Moros i Cristians Oliva","og_description":"EL DISSABTE 8 DE JULIOL LA FEDERACI\u00d3 DE MOROS I CRISTIANS D\u2019OLIVA, PRESENTAR\u00c0 A MARINA MASCARELL COM A PREGONERA I A MIGUEL \u00c1NGEL GRAU COM A DIRECTOR DE BANDES PER A LES FESTES DEL 2023, A M\u00c9S DEL CARTELL I LLIBRE DE FESTES. El pr\u00f2xim dissabte 8 de juliol el Centre Polivalent tornar\u00e0 a ser [&hellip;]","og_url":"https:\/\/olivamorosicristians.es\/es\/presentacio-del-llibre-de-festes-cartell-pregonera-i-director-de-bandes-de-les-festes-de-moros-i-cristians-2023\/","og_site_name":"Moros i Cristians Oliva","article_publisher":"https:\/\/www.facebook.com\/federaciodemorosicristiansdoliva\/","article_author":"https:\/\/www.facebook.com\/federaciodemorosicristiansdoliva","article_published_time":"2023-07-05T16:25:54+00:00","article_modified_time":"2023-07-06T05:56:04+00:00","og_image":[{"width":2560,"height":1624,"url":"https:\/\/olivamorosicristians.es\/wp-content\/uploads\/2023\/07\/Llibre23_Mockup_3-scaled.jpg","type":"image\/jpeg"}],"author":"Webmaster","twitter_card":"summary_large_image","twitter_misc":{"Escrito por":"Webmaster","Tiempo de lectura":"5 minutos"},"schema":{"@context":"https:\/\/schema.org","@graph":[{"@type":"Article","@id":"https:\/\/olivamorosicristians.es\/presentacio-del-llibre-de-festes-cartell-pregonera-i-director-de-bandes-de-les-festes-de-moros-i-cristians-2023\/#article","isPartOf":{"@id":"https:\/\/olivamorosicristians.es\/presentacio-del-llibre-de-festes-cartell-pregonera-i-director-de-bandes-de-les-festes-de-moros-i-cristians-2023\/"},"author":{"name":"Webmaster","@id":"https:\/\/olivamorosicristians.es\/#\/schema\/person\/21ece052d8816103cad91a2676fd0149"},"headline":"Presentaci\u00f3 del llibre de festes, cartell, pregonera i director de bandes de les Festes de Moros i Cristians 2023\u00a0","datePublished":"2023-07-05T16:25:54+00:00","dateModified":"2023-07-06T05:56:04+00:00","mainEntityOfPage":{"@id":"https:\/\/olivamorosicristians.es\/presentacio-del-llibre-de-festes-cartell-pregonera-i-director-de-bandes-de-les-festes-de-moros-i-cristians-2023\/"},"wordCount":1092,"publisher":{"@id":"https:\/\/olivamorosicristians.es\/#organization"},"image":{"@id":"https:\/\/olivamorosicristians.es\/presentacio-del-llibre-de-festes-cartell-pregonera-i-director-de-bandes-de-les-festes-de-moros-i-cristians-2023\/#primaryimage"},"thumbnailUrl":"https:\/\/i0.wp.com\/olivamorosicristians.es\/wp-content\/uploads\/2023\/07\/Llibre23_Mockup_3-scaled.jpg?fit=2560%2C1624&ssl=1","articleSection":["Actes oficials"],"inLanguage":"es"},{"@type":"WebPage","@id":"https:\/\/olivamorosicristians.es\/presentacio-del-llibre-de-festes-cartell-pregonera-i-director-de-bandes-de-les-festes-de-moros-i-cristians-2023\/","url":"https:\/\/olivamorosicristians.es\/presentacio-del-llibre-de-festes-cartell-pregonera-i-director-de-bandes-de-les-festes-de-moros-i-cristians-2023\/","name":"Presentaci\u00f3 del llibre de festes, cartell, pregonera i director de bandes de les Festes de Moros i Cristians 2023\u00a0 - Moros i Cristians Oliva","isPartOf":{"@id":"https:\/\/olivamorosicristians.es\/#website"},"primaryImageOfPage":{"@id":"https:\/\/olivamorosicristians.es\/presentacio-del-llibre-de-festes-cartell-pregonera-i-director-de-bandes-de-les-festes-de-moros-i-cristians-2023\/#primaryimage"},"image":{"@id":"https:\/\/olivamorosicristians.es\/presentacio-del-llibre-de-festes-cartell-pregonera-i-director-de-bandes-de-les-festes-de-moros-i-cristians-2023\/#primaryimage"},"thumbnailUrl":"https:\/\/i0.wp.com\/olivamorosicristians.es\/wp-content\/uploads\/2023\/07\/Llibre23_Mockup_3-scaled.jpg?fit=2560%2C1624&ssl=1","datePublished":"2023-07-05T16:25:54+00:00","dateModified":"2023-07-06T05:56:04+00:00","breadcrumb":{"@id":"https:\/\/olivamorosicristians.es\/presentacio-del-llibre-de-festes-cartell-pregonera-i-director-de-bandes-de-les-festes-de-moros-i-cristians-2023\/#breadcrumb"},"inLanguage":"es","potentialAction":[{"@type":"ReadAction","target":["https:\/\/olivamorosicristians.es\/presentacio-del-llibre-de-festes-cartell-pregonera-i-director-de-bandes-de-les-festes-de-moros-i-cristians-2023\/"]}]},{"@type":"ImageObject","inLanguage":"es","@id":"https:\/\/olivamorosicristians.es\/presentacio-del-llibre-de-festes-cartell-pregonera-i-director-de-bandes-de-les-festes-de-moros-i-cristians-2023\/#primaryimage","url":"https:\/\/i0.wp.com\/olivamorosicristians.es\/wp-content\/uploads\/2023\/07\/Llibre23_Mockup_3-scaled.jpg?fit=2560%2C1624&ssl=1","contentUrl":"https:\/\/i0.wp.com\/olivamorosicristians.es\/wp-content\/uploads\/2023\/07\/Llibre23_Mockup_3-scaled.jpg?fit=2560%2C1624&ssl=1","width":2560,"height":1624},{"@type":"BreadcrumbList","@id":"https:\/\/olivamorosicristians.es\/presentacio-del-llibre-de-festes-cartell-pregonera-i-director-de-bandes-de-les-festes-de-moros-i-cristians-2023\/#breadcrumb","itemListElement":[{"@type":"ListItem","position":1,"name":"Portada","item":"https:\/\/olivamorosicristians.es\/"},{"@type":"ListItem","position":2,"name":"Presentaci\u00f3 del llibre de festes, cartell, pregonera i director de bandes de les Festes de Moros i Cristians 2023\u00a0"}]},{"@type":"WebSite","@id":"https:\/\/olivamorosicristians.es\/#website","url":"https:\/\/olivamorosicristians.es\/","name":"Moros i Cristians Oliva","description":"FMCO","publisher":{"@id":"https:\/\/olivamorosicristians.es\/#organization"},"potentialAction":[{"@type":"SearchAction","target":{"@type":"EntryPoint","urlTemplate":"https:\/\/olivamorosicristians.es\/?s={search_term_string}"},"query-input":{"@type":"PropertyValueSpecification","valueRequired":true,"valueName":"search_term_string"}}],"inLanguage":"es"},{"@type":"Organization","@id":"https:\/\/olivamorosicristians.es\/#organization","name":"La Federaci\u00f3n de Moros y Cristianos de Oliva","url":"https:\/\/olivamorosicristians.es\/","logo":{"@type":"ImageObject","inLanguage":"es","@id":"https:\/\/olivamorosicristians.es\/#\/schema\/logo\/image\/","url":"https:\/\/i2.wp.com\/olivamorosicristians.es\/wp-content\/uploads\/2018\/06\/Icon_FMiCO.png?fit=50%2C50&ssl=1","contentUrl":"https:\/\/i2.wp.com\/olivamorosicristians.es\/wp-content\/uploads\/2018\/06\/Icon_FMiCO.png?fit=50%2C50&ssl=1","width":50,"height":50,"caption":"Federaci\u00f3 de Moros i Cristians - Oliva"},"image":{"@id":"https:\/\/olivamorosicristians.es\/#\/schema\/logo\/image\/"},"sameAs":["https:\/\/www.facebook.com\/federaciodemorosicristiansdoliva\/","https:\/\/www.instagram.com\/morosicristiansoliva\/?hl=es"]},{"@type":"Person","@id":"https:\/\/olivamorosicristians.es\/#\/schema\/person\/21ece052d8816103cad91a2676fd0149","name":"Webmaster","image":{"@type":"ImageObject","inLanguage":"es","@id":"https:\/\/secure.gravatar.com\/avatar\/18de20f14d74abe0c800b423a8b0e24cae6153cb6baeb2c2df80e1cef2117e0d?s=96&d=mm&r=g","url":"https:\/\/secure.gravatar.com\/avatar\/18de20f14d74abe0c800b423a8b0e24cae6153cb6baeb2c2df80e1cef2117e0d?s=96&d=mm&r=g","contentUrl":"https:\/\/secure.gravatar.com\/avatar\/18de20f14d74abe0c800b423a8b0e24cae6153cb6baeb2c2df80e1cef2117e0d?s=96&d=mm&r=g","caption":"Webmaster"},"sameAs":["https:\/\/www.facebook.com\/federaciodemorosicristiansdoliva","https:\/\/www.instagram.com\/morosicristiansoliva\/"]}]}},"jetpack_publicize_connections":[],"jetpack_featured_media_url":"https:\/\/i0.wp.com\/olivamorosicristians.es\/wp-content\/uploads\/2023\/07\/Llibre23_Mockup_3-scaled.jpg?fit=2560%2C1624&ssl=1","jetpack_sharing_enabled":true,"jetpack_shortlink":"https:\/\/wp.me\/pagEx6-2Th","jetpack-related-posts":[],"_links":{"self":[{"href":"https:\/\/olivamorosicristians.es\/es\/wp-json\/wp\/v2\/posts\/11115","targetHints":{"allow":["GET"]}}],"collection":[{"href":"https:\/\/olivamorosicristians.es\/es\/wp-json\/wp\/v2\/posts"}],"about":[{"href":"https:\/\/olivamorosicristians.es\/es\/wp-json\/wp\/v2\/types\/post"}],"author":[{"embeddable":true,"href":"https:\/\/olivamorosicristians.es\/es\/wp-json\/wp\/v2\/users\/1"}],"replies":[{"embeddable":true,"href":"https:\/\/olivamorosicristians.es\/es\/wp-json\/wp\/v2\/comments?post=11115"}],"version-history":[{"count":7,"href":"https:\/\/olivamorosicristians.es\/es\/wp-json\/wp\/v2\/posts\/11115\/revisions"}],"predecessor-version":[{"id":11127,"href":"https:\/\/olivamorosicristians.es\/es\/wp-json\/wp\/v2\/posts\/11115\/revisions\/11127"}],"wp:featuredmedia":[{"embeddable":true,"href":"https:\/\/olivamorosicristians.es\/es\/wp-json\/wp\/v2\/media\/11113"}],"wp:attachment":[{"href":"https:\/\/olivamorosicristians.es\/es\/wp-json\/wp\/v2\/media?parent=11115"}],"wp:term":[{"taxonomy":"category","embeddable":true,"href":"https:\/\/olivamorosicristians.es\/es\/wp-json\/wp\/v2\/categories?post=11115"},{"taxonomy":"post_tag","embeddable":true,"href":"https:\/\/olivamorosicristians.es\/es\/wp-json\/wp\/v2\/tags?post=11115"}],"curies":[{"name":"wp","href":"https:\/\/api.w.org\/{rel}","templated":true}]}}