{"id":11086,"date":"2023-07-04T11:52:26","date_gmt":"2023-07-04T09:52:26","guid":{"rendered":"https:\/\/olivamorosicristians.es\/?p=11086"},"modified":"2023-07-04T13:41:56","modified_gmt":"2023-07-04T11:41:56","slug":"cartell-anunciador-de-les-festes-de-moros-i-cristians-doliva-2023","status":"publish","type":"post","link":"https:\/\/olivamorosicristians.es\/es\/cartell-anunciador-de-les-festes-de-moros-i-cristians-doliva-2023\/","title":{"rendered":"Cartell Anunciador de les Festes de Moros i Cristians d&#8217;Oliva 2023"},"content":{"rendered":"<p>Es presenta el Cartell Anunciador de les Festes de Moros i Cristians d&#8217;Oliva 2023<\/p>\n\n\n\n<p><strong>Locandia Estudio<\/strong>&nbsp;(Rosana Monr\u00f3s i C\u00e9sar Mart\u00ednez) de Quart de Poble s\u00f3n, qui mitjan\u00e7ant la \u00abCrida a projecte\u00bb, han realitzat la imatge gr\u00e0fica de les Festes de Moros i Cristians d\u2019Oliva 2023.<\/p>\n\n\n\n<p><strong>Han preparat no nom\u00e9s un cartell, sin\u00f3 tres!&nbsp;<\/strong>Un cartell principal i dos secundaris, una trilogia.&nbsp;<br>Tots tres reprodueixen la dicotomia i l&#8217;equitat presents en aquesta festivitat.<\/p>\n\n\n\n<p>L\u2019enfocament es basa a allunyar-se d\u2019un llenguatge m\u00e9s tradicional, amb la intenci\u00f3 de generar un<strong>&nbsp;impacte visual instantani<\/strong>.<br>Un disseny que transmeta senzillesa, contund\u00e8ncia i immediatesa, recolzat en el simbolisme i la met\u00e0fora.<br>Paral\u00b7lelament&nbsp;es persegueix una&nbsp;<strong>est\u00e8tica<\/strong><strong>atemporal<\/strong>&nbsp;i&nbsp;<strong>contempor\u00e0nia<\/strong>&nbsp;que al mateix temps, reflectisca l\u2019ess\u00e8ncia de la festivitat de manera \u00fanica i diferenciadora.<\/p>\n\n\n\n<p>Amb elements com la mar, la vestimenta, per\u00f2 en especial amb la&nbsp;<strong>cal\u00b7ligrafia<\/strong>&nbsp;com a protagonista, element molt caracter\u00edstic de les dues cultures.<\/p>\n\n\n\n<p>Les lletres ens recorden la forma d&#8217;uns ulls que miren frontalment.&nbsp;A la part de baix, veiem les formes d&#8217;unes ones qu\u00e8, per la seua disposici\u00f3, semblen tamb\u00e9 una barba o un collaret.<br>Un llenguatge m\u00e9s contemporani i alineat amb les tend\u00e8ncies recents del disseny.<\/p>\n\n\n\n<p>Amb una gamma crom\u00e0tica redu\u00efda i d&#8217;alt contrast, d&#8217;acord amb les formes rotundes de la tipografia, perqu\u00e8 la imatge central siga imponent per\u00f2 equilibrada.<br>El blau recorda el mar Mediterrani, el negre \u00e9s el color de la nit, i el blanc \u00e9s la llum del dia. D&#8217;aquesta manera tan senzilla representen dos moments de la festa oposats: quan Oliva \u00e9s mora i quan Oliva \u00e9s cristiana.<\/p>\n\n\n\n<p>Podreu saber molt m\u00e9s sobre les idees i el proc\u00e9s de treball que hi ha darrere d\u2019aquestes creacions, a l\u2019<strong>exposici\u00f3<\/strong>&nbsp;que ha preparat la FMICO a la Casa de la Cultura d\u2019Oliva, que es podr\u00e0 visitar fins a passar Festes.<\/p>\n\n\n\n<p>No&nbsp;us&nbsp;ho podeu&nbsp;perdre!<\/p>\n\n\n<div class=\"wp-block-image\">\n<figure class=\"aligncenter size-large\"><img data-recalc-dims=\"1\" loading=\"lazy\" decoding=\"async\" width=\"1024\" height=\"1024\" data-attachment-id=\"11084\" data-permalink=\"https:\/\/olivamorosicristians.es\/es\/cartell02\/\" data-orig-file=\"https:\/\/i0.wp.com\/olivamorosicristians.es\/wp-content\/uploads\/2023\/07\/Cartell02.jpg?fit=2469%2C2468&amp;ssl=1\" data-orig-size=\"2469,2468\" data-comments-opened=\"0\" data-image-meta=\"{&quot;aperture&quot;:&quot;0&quot;,&quot;credit&quot;:&quot;&quot;,&quot;camera&quot;:&quot;&quot;,&quot;caption&quot;:&quot;&quot;,&quot;created_timestamp&quot;:&quot;0&quot;,&quot;copyright&quot;:&quot;&quot;,&quot;focal_length&quot;:&quot;0&quot;,&quot;iso&quot;:&quot;0&quot;,&quot;shutter_speed&quot;:&quot;0&quot;,&quot;title&quot;:&quot;&quot;,&quot;orientation&quot;:&quot;0&quot;}\" data-image-title=\"Cartell02\" data-image-description=\"\" data-image-caption=\"\" data-large-file=\"https:\/\/i0.wp.com\/olivamorosicristians.es\/wp-content\/uploads\/2023\/07\/Cartell02.jpg?fit=1024%2C1024&amp;ssl=1\" src=\"https:\/\/i0.wp.com\/olivamorosicristians.es\/wp-content\/uploads\/2023\/07\/Cartell02.jpg?resize=1024%2C1024&#038;ssl=1\" alt=\"\" class=\"wp-image-11084\" srcset=\"https:\/\/i0.wp.com\/olivamorosicristians.es\/wp-content\/uploads\/2023\/07\/Cartell02.jpg?resize=1024%2C1024&amp;ssl=1 1024w, https:\/\/i0.wp.com\/olivamorosicristians.es\/wp-content\/uploads\/2023\/07\/Cartell02.jpg?resize=300%2C300&amp;ssl=1 300w, https:\/\/i0.wp.com\/olivamorosicristians.es\/wp-content\/uploads\/2023\/07\/Cartell02.jpg?resize=150%2C150&amp;ssl=1 150w, https:\/\/i0.wp.com\/olivamorosicristians.es\/wp-content\/uploads\/2023\/07\/Cartell02.jpg?resize=768%2C768&amp;ssl=1 768w, https:\/\/i0.wp.com\/olivamorosicristians.es\/wp-content\/uploads\/2023\/07\/Cartell02.jpg?resize=1536%2C1536&amp;ssl=1 1536w, https:\/\/i0.wp.com\/olivamorosicristians.es\/wp-content\/uploads\/2023\/07\/Cartell02.jpg?resize=2048%2C2048&amp;ssl=1 2048w, https:\/\/i0.wp.com\/olivamorosicristians.es\/wp-content\/uploads\/2023\/07\/Cartell02.jpg?resize=340%2C340&amp;ssl=1 340w, https:\/\/i0.wp.com\/olivamorosicristians.es\/wp-content\/uploads\/2023\/07\/Cartell02.jpg?resize=640%2C640&amp;ssl=1 640w, https:\/\/i0.wp.com\/olivamorosicristians.es\/wp-content\/uploads\/2023\/07\/Cartell02.jpg?resize=960%2C960&amp;ssl=1 960w, https:\/\/i0.wp.com\/olivamorosicristians.es\/wp-content\/uploads\/2023\/07\/Cartell02.jpg?resize=1280%2C1279&amp;ssl=1 1280w, https:\/\/i0.wp.com\/olivamorosicristians.es\/wp-content\/uploads\/2023\/07\/Cartell02.jpg?resize=1320%2C1319&amp;ssl=1 1320w, https:\/\/i0.wp.com\/olivamorosicristians.es\/wp-content\/uploads\/2023\/07\/Cartell02.jpg?w=2340&amp;ssl=1 2340w\" sizes=\"auto, (max-width: 1024px) 100vw, 1024px\" \/><\/figure>\n<\/div>\n\n\n<div style=\"height:70px\" aria-hidden=\"true\" class=\"wp-block-spacer\"><\/div>\n\n\n\n<hr class=\"wp-block-separator has-alpha-channel-opacity\"\/>\n\n\n\n<div style=\"height:70px\" aria-hidden=\"true\" class=\"wp-block-spacer\"><\/div>\n\n\n\n<div class=\"wp-block-jetpack-tiled-gallery aligncenter is-style-rectangular\"><div class=\"tiled-gallery__gallery\"><div class=\"tiled-gallery__row\"><div class=\"tiled-gallery__col\" style=\"flex-basis:66.74718%\"><figure class=\"tiled-gallery__item\"><img decoding=\"async\" data-attachment-id=\"11085\" data-permalink=\"https:\/\/olivamorosicristians.es\/es\/cartell01\/\" data-orig-file=\"https:\/\/i0.wp.com\/olivamorosicristians.es\/wp-content\/uploads\/2023\/07\/Cartell01-scaled.jpg?fit=2560%2C2560&amp;ssl=1\" data-orig-size=\"2560,2560\" data-comments-opened=\"0\" data-image-meta=\"{&quot;aperture&quot;:&quot;0&quot;,&quot;credit&quot;:&quot;&quot;,&quot;camera&quot;:&quot;&quot;,&quot;caption&quot;:&quot;&quot;,&quot;created_timestamp&quot;:&quot;0&quot;,&quot;copyright&quot;:&quot;&quot;,&quot;focal_length&quot;:&quot;0&quot;,&quot;iso&quot;:&quot;0&quot;,&quot;shutter_speed&quot;:&quot;0&quot;,&quot;title&quot;:&quot;&quot;,&quot;orientation&quot;:&quot;0&quot;}\" data-image-title=\"Cartell01\" data-image-description=\"\" data-image-caption=\"\" data-large-file=\"https:\/\/i0.wp.com\/olivamorosicristians.es\/wp-content\/uploads\/2023\/07\/Cartell01-scaled.jpg?fit=1024%2C1024&amp;ssl=1\" role=\"button\" tabindex=\"0\" aria-label=\"Abrir la imagen 1 de 3 en pantalla completa\" srcset=\"https:\/\/i1.wp.com\/olivamorosicristians.es\/wp-content\/uploads\/2023\/07\/Cartell01-1024x1024.jpg?strip=info&#038;w=600&#038;ssl=1 600w,https:\/\/i1.wp.com\/olivamorosicristians.es\/wp-content\/uploads\/2023\/07\/Cartell01-1024x1024.jpg?strip=info&#038;w=900&#038;ssl=1 900w,https:\/\/i1.wp.com\/olivamorosicristians.es\/wp-content\/uploads\/2023\/07\/Cartell01-1024x1024.jpg?strip=info&#038;w=1200&#038;ssl=1 1200w,https:\/\/i1.wp.com\/olivamorosicristians.es\/wp-content\/uploads\/2023\/07\/Cartell01-1024x1024.jpg?strip=info&#038;w=1500&#038;ssl=1 1500w,https:\/\/i1.wp.com\/olivamorosicristians.es\/wp-content\/uploads\/2023\/07\/Cartell01-1024x1024.jpg?strip=info&#038;w=1800&#038;ssl=1 1800w,https:\/\/i1.wp.com\/olivamorosicristians.es\/wp-content\/uploads\/2023\/07\/Cartell01-1024x1024.jpg?strip=info&#038;w=2000&#038;ssl=1 2000w\" alt=\"\" data-height=\"2560\" data-id=\"11085\" data-link=\"https:\/\/olivamorosicristians.es\/cartell01\/\" data-url=\"https:\/\/olivamorosicristians.es\/wp-content\/uploads\/2023\/07\/Cartell01-1024x1024.jpg\" data-width=\"2560\" src=\"https:\/\/i1.wp.com\/olivamorosicristians.es\/wp-content\/uploads\/2023\/07\/Cartell01-1024x1024.jpg?ssl=1\" data-amp-layout=\"responsive\"\/><\/figure><\/div><div class=\"tiled-gallery__col\" style=\"flex-basis:33.25282%\"><figure class=\"tiled-gallery__item\"><img decoding=\"async\" data-attachment-id=\"11088\" data-permalink=\"https:\/\/olivamorosicristians.es\/es\/cartell-anunciador-de-les-festes-de-moros-i-cristians-doliva-2023\/xarxes-2023-06-1\/\" data-orig-file=\"https:\/\/i0.wp.com\/olivamorosicristians.es\/wp-content\/uploads\/2023\/07\/XARXES-2023-06-1-scaled.jpg?fit=2560%2C2560&amp;ssl=1\" data-orig-size=\"2560,2560\" data-comments-opened=\"0\" data-image-meta=\"{&quot;aperture&quot;:&quot;0&quot;,&quot;credit&quot;:&quot;&quot;,&quot;camera&quot;:&quot;&quot;,&quot;caption&quot;:&quot;&quot;,&quot;created_timestamp&quot;:&quot;0&quot;,&quot;copyright&quot;:&quot;&quot;,&quot;focal_length&quot;:&quot;0&quot;,&quot;iso&quot;:&quot;0&quot;,&quot;shutter_speed&quot;:&quot;0&quot;,&quot;title&quot;:&quot;&quot;,&quot;orientation&quot;:&quot;0&quot;}\" data-image-title=\"XARXES-2023-06-1\" data-image-description=\"\" data-image-caption=\"\" data-large-file=\"https:\/\/i0.wp.com\/olivamorosicristians.es\/wp-content\/uploads\/2023\/07\/XARXES-2023-06-1-scaled.jpg?fit=1024%2C1024&amp;ssl=1\" role=\"button\" tabindex=\"0\" aria-label=\"Abrir la imagen 2 de 3 en pantalla completa\" srcset=\"https:\/\/i2.wp.com\/olivamorosicristians.es\/wp-content\/uploads\/2023\/07\/XARXES-2023-06-1-1024x1024.jpg?strip=info&#038;w=600&#038;ssl=1 600w,https:\/\/i2.wp.com\/olivamorosicristians.es\/wp-content\/uploads\/2023\/07\/XARXES-2023-06-1-1024x1024.jpg?strip=info&#038;w=900&#038;ssl=1 900w,https:\/\/i2.wp.com\/olivamorosicristians.es\/wp-content\/uploads\/2023\/07\/XARXES-2023-06-1-1024x1024.jpg?strip=info&#038;w=1200&#038;ssl=1 1200w,https:\/\/i2.wp.com\/olivamorosicristians.es\/wp-content\/uploads\/2023\/07\/XARXES-2023-06-1-1024x1024.jpg?strip=info&#038;w=1500&#038;ssl=1 1500w,https:\/\/i2.wp.com\/olivamorosicristians.es\/wp-content\/uploads\/2023\/07\/XARXES-2023-06-1-1024x1024.jpg?strip=info&#038;w=1800&#038;ssl=1 1800w,https:\/\/i2.wp.com\/olivamorosicristians.es\/wp-content\/uploads\/2023\/07\/XARXES-2023-06-1-1024x1024.jpg?strip=info&#038;w=2000&#038;ssl=1 2000w\" alt=\"\" data-height=\"2560\" data-id=\"11088\" data-link=\"https:\/\/olivamorosicristians.es\/?attachment_id=11088\" data-url=\"https:\/\/olivamorosicristians.es\/wp-content\/uploads\/2023\/07\/XARXES-2023-06-1-1024x1024.jpg\" data-width=\"2560\" src=\"https:\/\/i2.wp.com\/olivamorosicristians.es\/wp-content\/uploads\/2023\/07\/XARXES-2023-06-1-1024x1024.jpg?ssl=1\" data-amp-layout=\"responsive\"\/><\/figure><figure class=\"tiled-gallery__item\"><img decoding=\"async\" data-attachment-id=\"11098\" data-permalink=\"https:\/\/olivamorosicristians.es\/es\/cartell-anunciador-de-les-festes-de-moros-i-cristians-doliva-2023\/xarxes-2023-07-1\/\" data-orig-file=\"https:\/\/i0.wp.com\/olivamorosicristians.es\/wp-content\/uploads\/2023\/07\/XARXES-2023-07-1-scaled.jpg?fit=2560%2C2560&amp;ssl=1\" data-orig-size=\"2560,2560\" data-comments-opened=\"0\" data-image-meta=\"{&quot;aperture&quot;:&quot;0&quot;,&quot;credit&quot;:&quot;&quot;,&quot;camera&quot;:&quot;&quot;,&quot;caption&quot;:&quot;&quot;,&quot;created_timestamp&quot;:&quot;0&quot;,&quot;copyright&quot;:&quot;&quot;,&quot;focal_length&quot;:&quot;0&quot;,&quot;iso&quot;:&quot;0&quot;,&quot;shutter_speed&quot;:&quot;0&quot;,&quot;title&quot;:&quot;&quot;,&quot;orientation&quot;:&quot;0&quot;}\" data-image-title=\"XARXES-2023-07-1\" data-image-description=\"\" data-image-caption=\"\" data-large-file=\"https:\/\/i0.wp.com\/olivamorosicristians.es\/wp-content\/uploads\/2023\/07\/XARXES-2023-07-1-scaled.jpg?fit=1024%2C1024&amp;ssl=1\" role=\"button\" tabindex=\"0\" aria-label=\"Abrir la imagen 3 de 3 en pantalla completa\" srcset=\"https:\/\/i1.wp.com\/olivamorosicristians.es\/wp-content\/uploads\/2023\/07\/XARXES-2023-07-1-1024x1024.jpg?strip=info&#038;w=600&#038;ssl=1 600w,https:\/\/i1.wp.com\/olivamorosicristians.es\/wp-content\/uploads\/2023\/07\/XARXES-2023-07-1-1024x1024.jpg?strip=info&#038;w=900&#038;ssl=1 900w,https:\/\/i1.wp.com\/olivamorosicristians.es\/wp-content\/uploads\/2023\/07\/XARXES-2023-07-1-1024x1024.jpg?strip=info&#038;w=1200&#038;ssl=1 1200w,https:\/\/i1.wp.com\/olivamorosicristians.es\/wp-content\/uploads\/2023\/07\/XARXES-2023-07-1-1024x1024.jpg?strip=info&#038;w=1500&#038;ssl=1 1500w,https:\/\/i1.wp.com\/olivamorosicristians.es\/wp-content\/uploads\/2023\/07\/XARXES-2023-07-1-1024x1024.jpg?strip=info&#038;w=1800&#038;ssl=1 1800w,https:\/\/i1.wp.com\/olivamorosicristians.es\/wp-content\/uploads\/2023\/07\/XARXES-2023-07-1-1024x1024.jpg?strip=info&#038;w=2000&#038;ssl=1 2000w\" alt=\"\" data-height=\"2560\" data-id=\"11098\" data-link=\"https:\/\/olivamorosicristians.es\/cartell-anunciador-de-les-festes-de-moros-i-cristians-doliva-2023\/xarxes-2023-07-1\/\" data-url=\"https:\/\/olivamorosicristians.es\/wp-content\/uploads\/2023\/07\/XARXES-2023-07-1-1024x1024.jpg\" data-width=\"2560\" src=\"https:\/\/i1.wp.com\/olivamorosicristians.es\/wp-content\/uploads\/2023\/07\/XARXES-2023-07-1-1024x1024.jpg?ssl=1\" data-amp-layout=\"responsive\"\/><\/figure><\/div><\/div><\/div><\/div>\n\n\n\n<div style=\"height:70px\" aria-hidden=\"true\" class=\"wp-block-spacer\"><\/div>\n\n\n\n<hr class=\"wp-block-separator has-alpha-channel-opacity\"\/>\n\n\n\n<div style=\"height:70px\" aria-hidden=\"true\" class=\"wp-block-spacer\"><\/div>\n\n\n\n<div class=\"wp-block-jetpack-tiled-gallery aligncenter is-style-rectangular\"><div class=\"tiled-gallery__gallery\"><div class=\"tiled-gallery__row\"><div class=\"tiled-gallery__col\" style=\"flex-basis:50.00000%\"><figure class=\"tiled-gallery__item\"><img decoding=\"async\" data-attachment-id=\"11080\" data-permalink=\"https:\/\/olivamorosicristians.es\/es\/whatsapp-image-2023-07-03-at-19-13-42\/\" data-orig-file=\"https:\/\/i0.wp.com\/olivamorosicristians.es\/wp-content\/uploads\/2023\/07\/WhatsApp-Image-2023-07-03-at-19.13.42.jpeg?fit=2048%2C2048&amp;ssl=1\" data-orig-size=\"2048,2048\" data-comments-opened=\"0\" data-image-meta=\"{&quot;aperture&quot;:&quot;0&quot;,&quot;credit&quot;:&quot;&quot;,&quot;camera&quot;:&quot;&quot;,&quot;caption&quot;:&quot;&quot;,&quot;created_timestamp&quot;:&quot;0&quot;,&quot;copyright&quot;:&quot;&quot;,&quot;focal_length&quot;:&quot;0&quot;,&quot;iso&quot;:&quot;0&quot;,&quot;shutter_speed&quot;:&quot;0&quot;,&quot;title&quot;:&quot;&quot;,&quot;orientation&quot;:&quot;0&quot;}\" data-image-title=\"WhatsApp Image 2023-07-03 at 19.13.42\" data-image-description=\"\" data-image-caption=\"\" data-large-file=\"https:\/\/i0.wp.com\/olivamorosicristians.es\/wp-content\/uploads\/2023\/07\/WhatsApp-Image-2023-07-03-at-19.13.42.jpeg?fit=1024%2C1024&amp;ssl=1\" role=\"button\" tabindex=\"0\" aria-label=\"Abrir la imagen 1 de 2 en pantalla completa\" srcset=\"https:\/\/i0.wp.com\/olivamorosicristians.es\/wp-content\/uploads\/2023\/07\/WhatsApp-Image-2023-07-03-at-19.13.42-1024x1024.jpeg?strip=info&#038;w=600&#038;ssl=1 600w,https:\/\/i0.wp.com\/olivamorosicristians.es\/wp-content\/uploads\/2023\/07\/WhatsApp-Image-2023-07-03-at-19.13.42-1024x1024.jpeg?strip=info&#038;w=900&#038;ssl=1 900w,https:\/\/i0.wp.com\/olivamorosicristians.es\/wp-content\/uploads\/2023\/07\/WhatsApp-Image-2023-07-03-at-19.13.42-1024x1024.jpeg?strip=info&#038;w=1200&#038;ssl=1 1200w,https:\/\/i0.wp.com\/olivamorosicristians.es\/wp-content\/uploads\/2023\/07\/WhatsApp-Image-2023-07-03-at-19.13.42-1024x1024.jpeg?strip=info&#038;w=1500&#038;ssl=1 1500w,https:\/\/i0.wp.com\/olivamorosicristians.es\/wp-content\/uploads\/2023\/07\/WhatsApp-Image-2023-07-03-at-19.13.42-1024x1024.jpeg?strip=info&#038;w=1800&#038;ssl=1 1800w,https:\/\/i0.wp.com\/olivamorosicristians.es\/wp-content\/uploads\/2023\/07\/WhatsApp-Image-2023-07-03-at-19.13.42-1024x1024.jpeg?strip=info&#038;w=2000&#038;ssl=1 2000w\" alt=\"\" data-height=\"2048\" data-id=\"11080\" data-link=\"https:\/\/olivamorosicristians.es\/whatsapp-image-2023-07-03-at-19-13-42\/\" data-url=\"https:\/\/olivamorosicristians.es\/wp-content\/uploads\/2023\/07\/WhatsApp-Image-2023-07-03-at-19.13.42-1024x1024.jpeg\" data-width=\"2048\" src=\"https:\/\/i0.wp.com\/olivamorosicristians.es\/wp-content\/uploads\/2023\/07\/WhatsApp-Image-2023-07-03-at-19.13.42-1024x1024.jpeg?ssl=1\" data-amp-layout=\"responsive\"\/><\/figure><\/div><div class=\"tiled-gallery__col\" style=\"flex-basis:50.00000%\"><figure class=\"tiled-gallery__item\"><img decoding=\"async\" data-attachment-id=\"11081\" data-permalink=\"https:\/\/olivamorosicristians.es\/es\/whatsapp-image-2023-07-03-at-19-00-48\/\" data-orig-file=\"https:\/\/i0.wp.com\/olivamorosicristians.es\/wp-content\/uploads\/2023\/07\/WhatsApp-Image-2023-07-03-at-19.00.48.jpeg?fit=2048%2C2048&amp;ssl=1\" data-orig-size=\"2048,2048\" data-comments-opened=\"0\" data-image-meta=\"{&quot;aperture&quot;:&quot;0&quot;,&quot;credit&quot;:&quot;&quot;,&quot;camera&quot;:&quot;&quot;,&quot;caption&quot;:&quot;&quot;,&quot;created_timestamp&quot;:&quot;0&quot;,&quot;copyright&quot;:&quot;&quot;,&quot;focal_length&quot;:&quot;0&quot;,&quot;iso&quot;:&quot;0&quot;,&quot;shutter_speed&quot;:&quot;0&quot;,&quot;title&quot;:&quot;&quot;,&quot;orientation&quot;:&quot;0&quot;}\" data-image-title=\"WhatsApp Image 2023-07-03 at 19.00.48\" data-image-description=\"\" data-image-caption=\"\" data-large-file=\"https:\/\/i0.wp.com\/olivamorosicristians.es\/wp-content\/uploads\/2023\/07\/WhatsApp-Image-2023-07-03-at-19.00.48.jpeg?fit=1024%2C1024&amp;ssl=1\" role=\"button\" tabindex=\"0\" aria-label=\"Abrir la imagen 2 de 2 en pantalla completa\" srcset=\"https:\/\/i1.wp.com\/olivamorosicristians.es\/wp-content\/uploads\/2023\/07\/WhatsApp-Image-2023-07-03-at-19.00.48-1024x1024.jpeg?strip=info&#038;w=600&#038;ssl=1 600w,https:\/\/i1.wp.com\/olivamorosicristians.es\/wp-content\/uploads\/2023\/07\/WhatsApp-Image-2023-07-03-at-19.00.48-1024x1024.jpeg?strip=info&#038;w=900&#038;ssl=1 900w,https:\/\/i1.wp.com\/olivamorosicristians.es\/wp-content\/uploads\/2023\/07\/WhatsApp-Image-2023-07-03-at-19.00.48-1024x1024.jpeg?strip=info&#038;w=1200&#038;ssl=1 1200w,https:\/\/i1.wp.com\/olivamorosicristians.es\/wp-content\/uploads\/2023\/07\/WhatsApp-Image-2023-07-03-at-19.00.48-1024x1024.jpeg?strip=info&#038;w=1500&#038;ssl=1 1500w,https:\/\/i1.wp.com\/olivamorosicristians.es\/wp-content\/uploads\/2023\/07\/WhatsApp-Image-2023-07-03-at-19.00.48-1024x1024.jpeg?strip=info&#038;w=1800&#038;ssl=1 1800w,https:\/\/i1.wp.com\/olivamorosicristians.es\/wp-content\/uploads\/2023\/07\/WhatsApp-Image-2023-07-03-at-19.00.48-1024x1024.jpeg?strip=info&#038;w=2000&#038;ssl=1 2000w\" alt=\"\" data-height=\"2048\" data-id=\"11081\" data-link=\"https:\/\/olivamorosicristians.es\/whatsapp-image-2023-07-03-at-19-00-48\/\" data-url=\"https:\/\/olivamorosicristians.es\/wp-content\/uploads\/2023\/07\/WhatsApp-Image-2023-07-03-at-19.00.48-1024x1024.jpeg\" data-width=\"2048\" src=\"https:\/\/i1.wp.com\/olivamorosicristians.es\/wp-content\/uploads\/2023\/07\/WhatsApp-Image-2023-07-03-at-19.00.48-1024x1024.jpeg?ssl=1\" data-amp-layout=\"responsive\"\/><\/figure><\/div><\/div><\/div><\/div>\n\n\n\n<div style=\"height:70px\" aria-hidden=\"true\" class=\"wp-block-spacer\"><\/div>\n\n\n\n<hr class=\"wp-block-separator has-alpha-channel-opacity\"\/>\n\n\n\n<div style=\"height:70px\" aria-hidden=\"true\" class=\"wp-block-spacer\"><\/div>\n\n\n<div class=\"wp-block-image\">\n<figure class=\"aligncenter size-large\"><img data-recalc-dims=\"1\" loading=\"lazy\" decoding=\"async\" width=\"1024\" height=\"576\" data-attachment-id=\"11103\" data-permalink=\"https:\/\/olivamorosicristians.es\/es\/cartell-anunciador-de-les-festes-de-moros-i-cristians-doliva-2023\/carrecs-i-cartell-tallat\/\" data-orig-file=\"https:\/\/i0.wp.com\/olivamorosicristians.es\/wp-content\/uploads\/2023\/07\/Carrecs-i-cartell-Tallat.jpg?fit=2048%2C1152&amp;ssl=1\" data-orig-size=\"2048,1152\" data-comments-opened=\"0\" data-image-meta=\"{&quot;aperture&quot;:&quot;0&quot;,&quot;credit&quot;:&quot;&quot;,&quot;camera&quot;:&quot;&quot;,&quot;caption&quot;:&quot;&quot;,&quot;created_timestamp&quot;:&quot;0&quot;,&quot;copyright&quot;:&quot;&quot;,&quot;focal_length&quot;:&quot;0&quot;,&quot;iso&quot;:&quot;0&quot;,&quot;shutter_speed&quot;:&quot;0&quot;,&quot;title&quot;:&quot;&quot;,&quot;orientation&quot;:&quot;1&quot;}\" data-image-title=\"Carrecs i cartell Tallat\" data-image-description=\"\" data-image-caption=\"\" data-large-file=\"https:\/\/i0.wp.com\/olivamorosicristians.es\/wp-content\/uploads\/2023\/07\/Carrecs-i-cartell-Tallat.jpg?fit=1024%2C576&amp;ssl=1\" src=\"https:\/\/i0.wp.com\/olivamorosicristians.es\/wp-content\/uploads\/2023\/07\/Carrecs-i-cartell-Tallat.jpg?resize=1024%2C576&#038;ssl=1\" alt=\"\" class=\"wp-image-11103\" srcset=\"https:\/\/i0.wp.com\/olivamorosicristians.es\/wp-content\/uploads\/2023\/07\/Carrecs-i-cartell-Tallat.jpg?resize=1024%2C576&amp;ssl=1 1024w, https:\/\/i0.wp.com\/olivamorosicristians.es\/wp-content\/uploads\/2023\/07\/Carrecs-i-cartell-Tallat.jpg?resize=300%2C169&amp;ssl=1 300w, https:\/\/i0.wp.com\/olivamorosicristians.es\/wp-content\/uploads\/2023\/07\/Carrecs-i-cartell-Tallat.jpg?resize=768%2C432&amp;ssl=1 768w, https:\/\/i0.wp.com\/olivamorosicristians.es\/wp-content\/uploads\/2023\/07\/Carrecs-i-cartell-Tallat.jpg?resize=1536%2C864&amp;ssl=1 1536w, https:\/\/i0.wp.com\/olivamorosicristians.es\/wp-content\/uploads\/2023\/07\/Carrecs-i-cartell-Tallat.jpg?resize=960%2C540&amp;ssl=1 960w, https:\/\/i0.wp.com\/olivamorosicristians.es\/wp-content\/uploads\/2023\/07\/Carrecs-i-cartell-Tallat.jpg?resize=640%2C360&amp;ssl=1 640w, https:\/\/i0.wp.com\/olivamorosicristians.es\/wp-content\/uploads\/2023\/07\/Carrecs-i-cartell-Tallat.jpg?resize=1280%2C720&amp;ssl=1 1280w, https:\/\/i0.wp.com\/olivamorosicristians.es\/wp-content\/uploads\/2023\/07\/Carrecs-i-cartell-Tallat.jpg?resize=1320%2C743&amp;ssl=1 1320w, https:\/\/i0.wp.com\/olivamorosicristians.es\/wp-content\/uploads\/2023\/07\/Carrecs-i-cartell-Tallat.jpg?w=2048&amp;ssl=1 2048w\" sizes=\"auto, (max-width: 1024px) 100vw, 1024px\" \/><\/figure>\n<\/div>","protected":false},"excerpt":{"rendered":"<p>Es presenta el Cartell Anunciador de les Festes de Moros i Cristians d&#8217;Oliva 2023 Locandia Estudio&nbsp;(Rosana Monr\u00f3s i C\u00e9sar Mart\u00ednez) de Quart de Poble s\u00f3n, qui mitjan\u00e7ant la \u00abCrida a projecte\u00bb, han realitzat la imatge gr\u00e0fica de les Festes de Moros i Cristians d\u2019Oliva 2023. Han preparat no nom\u00e9s un cartell, sin\u00f3 tres!&nbsp;Un cartell principal [&hellip;]<\/p>\n","protected":false},"author":1,"featured_media":11104,"comment_status":"closed","ping_status":"open","sticky":false,"template":"","format":"standard","meta":{"jetpack_post_was_ever_published":false,"_jetpack_newsletter_access":"","_jetpack_dont_email_post_to_subs":false,"_jetpack_newsletter_tier_id":0,"_jetpack_memberships_contains_paywalled_content":false,"_jetpack_memberships_contains_paid_content":false,"footnotes":"","jetpack_publicize_message":"","jetpack_publicize_feature_enabled":true,"jetpack_social_post_already_shared":true,"jetpack_social_options":{"image_generator_settings":{"template":"highway","default_image_id":0,"font":"","enabled":false},"version":2}},"categories":[149],"tags":[],"class_list":["post-11086","post","type-post","status-publish","format-standard","has-post-thumbnail","hentry","category-esdeveniments"],"yoast_head":"<!-- This site is optimized with the Yoast SEO plugin v27.4 - https:\/\/yoast.com\/product\/yoast-seo-wordpress\/ -->\n<title>Cartell Anunciador de les Festes de Moros i Cristians d&#039;Oliva 2023 - Moros i Cristians Oliva<\/title>\n<meta name=\"robots\" content=\"index, follow, max-snippet:-1, max-image-preview:large, max-video-preview:-1\" \/>\n<link rel=\"canonical\" href=\"https:\/\/olivamorosicristians.es\/es\/cartell-anunciador-de-les-festes-de-moros-i-cristians-doliva-2023\/\" \/>\n<meta property=\"og:locale\" content=\"es_ES\" \/>\n<meta property=\"og:type\" content=\"article\" \/>\n<meta property=\"og:title\" content=\"Cartell Anunciador de les Festes de Moros i Cristians d&#039;Oliva 2023 - Moros i Cristians Oliva\" \/>\n<meta property=\"og:description\" content=\"Es presenta el Cartell Anunciador de les Festes de Moros i Cristians d&#8217;Oliva 2023 Locandia Estudio&nbsp;(Rosana Monr\u00f3s i C\u00e9sar Mart\u00ednez) de Quart de Poble s\u00f3n, qui mitjan\u00e7ant la \u00abCrida a projecte\u00bb, han realitzat la imatge gr\u00e0fica de les Festes de Moros i Cristians d\u2019Oliva 2023. Han preparat no nom\u00e9s un cartell, sin\u00f3 tres!&nbsp;Un cartell principal [&hellip;]\" \/>\n<meta property=\"og:url\" content=\"https:\/\/olivamorosicristians.es\/es\/cartell-anunciador-de-les-festes-de-moros-i-cristians-doliva-2023\/\" \/>\n<meta property=\"og:site_name\" content=\"Moros i Cristians Oliva\" \/>\n<meta property=\"article:publisher\" content=\"https:\/\/www.facebook.com\/federaciodemorosicristiansdoliva\/\" \/>\n<meta property=\"article:author\" content=\"https:\/\/www.facebook.com\/federaciodemorosicristiansdoliva\" \/>\n<meta property=\"article:published_time\" content=\"2023-07-04T09:52:26+00:00\" \/>\n<meta property=\"article:modified_time\" content=\"2023-07-04T11:41:56+00:00\" \/>\n<meta property=\"og:image\" content=\"https:\/\/olivamorosicristians.es\/wp-content\/uploads\/2023\/07\/Blog_Cartell-scaled.jpg\" \/>\n\t<meta property=\"og:image:width\" content=\"2560\" \/>\n\t<meta property=\"og:image:height\" content=\"1440\" \/>\n\t<meta property=\"og:image:type\" content=\"image\/jpeg\" \/>\n<meta name=\"author\" content=\"Webmaster\" \/>\n<meta name=\"twitter:card\" content=\"summary_large_image\" \/>\n<meta name=\"twitter:label1\" content=\"Escrito por\" \/>\n\t<meta name=\"twitter:data1\" content=\"Webmaster\" \/>\n\t<meta name=\"twitter:label2\" content=\"Tiempo de lectura\" \/>\n\t<meta name=\"twitter:data2\" content=\"3 minutos\" \/>\n<script type=\"application\/ld+json\" class=\"yoast-schema-graph\">{\"@context\":\"https:\\\/\\\/schema.org\",\"@graph\":[{\"@type\":\"Article\",\"@id\":\"https:\\\/\\\/olivamorosicristians.es\\\/cartell-anunciador-de-les-festes-de-moros-i-cristians-doliva-2023\\\/#article\",\"isPartOf\":{\"@id\":\"https:\\\/\\\/olivamorosicristians.es\\\/cartell-anunciador-de-les-festes-de-moros-i-cristians-doliva-2023\\\/\"},\"author\":{\"name\":\"Webmaster\",\"@id\":\"https:\\\/\\\/olivamorosicristians.es\\\/#\\\/schema\\\/person\\\/21ece052d8816103cad91a2676fd0149\"},\"headline\":\"Cartell Anunciador de les Festes de Moros i Cristians d&#8217;Oliva 2023\",\"datePublished\":\"2023-07-04T09:52:26+00:00\",\"dateModified\":\"2023-07-04T11:41:56+00:00\",\"mainEntityOfPage\":{\"@id\":\"https:\\\/\\\/olivamorosicristians.es\\\/cartell-anunciador-de-les-festes-de-moros-i-cristians-doliva-2023\\\/\"},\"wordCount\":368,\"publisher\":{\"@id\":\"https:\\\/\\\/olivamorosicristians.es\\\/#organization\"},\"image\":{\"@id\":\"https:\\\/\\\/olivamorosicristians.es\\\/cartell-anunciador-de-les-festes-de-moros-i-cristians-doliva-2023\\\/#primaryimage\"},\"thumbnailUrl\":\"https:\\\/\\\/i0.wp.com\\\/olivamorosicristians.es\\\/wp-content\\\/uploads\\\/2023\\\/07\\\/Blog_Cartell-scaled.jpg?fit=2560%2C1440&ssl=1\",\"articleSection\":[\"Esdeveniments\"],\"inLanguage\":\"es\"},{\"@type\":\"WebPage\",\"@id\":\"https:\\\/\\\/olivamorosicristians.es\\\/cartell-anunciador-de-les-festes-de-moros-i-cristians-doliva-2023\\\/\",\"url\":\"https:\\\/\\\/olivamorosicristians.es\\\/cartell-anunciador-de-les-festes-de-moros-i-cristians-doliva-2023\\\/\",\"name\":\"Cartell Anunciador de les Festes de Moros i Cristians d'Oliva 2023 - Moros i Cristians Oliva\",\"isPartOf\":{\"@id\":\"https:\\\/\\\/olivamorosicristians.es\\\/#website\"},\"primaryImageOfPage\":{\"@id\":\"https:\\\/\\\/olivamorosicristians.es\\\/cartell-anunciador-de-les-festes-de-moros-i-cristians-doliva-2023\\\/#primaryimage\"},\"image\":{\"@id\":\"https:\\\/\\\/olivamorosicristians.es\\\/cartell-anunciador-de-les-festes-de-moros-i-cristians-doliva-2023\\\/#primaryimage\"},\"thumbnailUrl\":\"https:\\\/\\\/i0.wp.com\\\/olivamorosicristians.es\\\/wp-content\\\/uploads\\\/2023\\\/07\\\/Blog_Cartell-scaled.jpg?fit=2560%2C1440&ssl=1\",\"datePublished\":\"2023-07-04T09:52:26+00:00\",\"dateModified\":\"2023-07-04T11:41:56+00:00\",\"breadcrumb\":{\"@id\":\"https:\\\/\\\/olivamorosicristians.es\\\/cartell-anunciador-de-les-festes-de-moros-i-cristians-doliva-2023\\\/#breadcrumb\"},\"inLanguage\":\"es\",\"potentialAction\":[{\"@type\":\"ReadAction\",\"target\":[\"https:\\\/\\\/olivamorosicristians.es\\\/cartell-anunciador-de-les-festes-de-moros-i-cristians-doliva-2023\\\/\"]}]},{\"@type\":\"ImageObject\",\"inLanguage\":\"es\",\"@id\":\"https:\\\/\\\/olivamorosicristians.es\\\/cartell-anunciador-de-les-festes-de-moros-i-cristians-doliva-2023\\\/#primaryimage\",\"url\":\"https:\\\/\\\/i0.wp.com\\\/olivamorosicristians.es\\\/wp-content\\\/uploads\\\/2023\\\/07\\\/Blog_Cartell-scaled.jpg?fit=2560%2C1440&ssl=1\",\"contentUrl\":\"https:\\\/\\\/i0.wp.com\\\/olivamorosicristians.es\\\/wp-content\\\/uploads\\\/2023\\\/07\\\/Blog_Cartell-scaled.jpg?fit=2560%2C1440&ssl=1\",\"width\":2560,\"height\":1440},{\"@type\":\"BreadcrumbList\",\"@id\":\"https:\\\/\\\/olivamorosicristians.es\\\/cartell-anunciador-de-les-festes-de-moros-i-cristians-doliva-2023\\\/#breadcrumb\",\"itemListElement\":[{\"@type\":\"ListItem\",\"position\":1,\"name\":\"Portada\",\"item\":\"https:\\\/\\\/olivamorosicristians.es\\\/\"},{\"@type\":\"ListItem\",\"position\":2,\"name\":\"Cartell Anunciador de les Festes de Moros i Cristians d&#8217;Oliva 2023\"}]},{\"@type\":\"WebSite\",\"@id\":\"https:\\\/\\\/olivamorosicristians.es\\\/#website\",\"url\":\"https:\\\/\\\/olivamorosicristians.es\\\/\",\"name\":\"Moros i Cristians Oliva\",\"description\":\"FMCO\",\"publisher\":{\"@id\":\"https:\\\/\\\/olivamorosicristians.es\\\/#organization\"},\"potentialAction\":[{\"@type\":\"SearchAction\",\"target\":{\"@type\":\"EntryPoint\",\"urlTemplate\":\"https:\\\/\\\/olivamorosicristians.es\\\/?s={search_term_string}\"},\"query-input\":{\"@type\":\"PropertyValueSpecification\",\"valueRequired\":true,\"valueName\":\"search_term_string\"}}],\"inLanguage\":\"es\"},{\"@type\":\"Organization\",\"@id\":\"https:\\\/\\\/olivamorosicristians.es\\\/#organization\",\"name\":\"Federaci\u00f3 de Moros i Cristians - Oliva\",\"url\":\"https:\\\/\\\/olivamorosicristians.es\\\/\",\"logo\":{\"@type\":\"ImageObject\",\"inLanguage\":\"es\",\"@id\":\"https:\\\/\\\/olivamorosicristians.es\\\/#\\\/schema\\\/logo\\\/image\\\/\",\"url\":\"https:\\\/\\\/i2.wp.com\\\/olivamorosicristians.es\\\/wp-content\\\/uploads\\\/2018\\\/06\\\/Icon_FMiCO.png?fit=50%2C50&ssl=1\",\"contentUrl\":\"https:\\\/\\\/i2.wp.com\\\/olivamorosicristians.es\\\/wp-content\\\/uploads\\\/2018\\\/06\\\/Icon_FMiCO.png?fit=50%2C50&ssl=1\",\"width\":50,\"height\":50,\"caption\":\"Federaci\u00f3 de Moros i Cristians - Oliva\"},\"image\":{\"@id\":\"https:\\\/\\\/olivamorosicristians.es\\\/#\\\/schema\\\/logo\\\/image\\\/\"},\"sameAs\":[\"https:\\\/\\\/www.facebook.com\\\/federaciodemorosicristiansdoliva\\\/\",\"https:\\\/\\\/www.instagram.com\\\/morosicristiansoliva\\\/?hl=es\"]},{\"@type\":\"Person\",\"@id\":\"https:\\\/\\\/olivamorosicristians.es\\\/#\\\/schema\\\/person\\\/21ece052d8816103cad91a2676fd0149\",\"name\":\"Webmaster\",\"image\":{\"@type\":\"ImageObject\",\"inLanguage\":\"es\",\"@id\":\"https:\\\/\\\/secure.gravatar.com\\\/avatar\\\/18de20f14d74abe0c800b423a8b0e24cae6153cb6baeb2c2df80e1cef2117e0d?s=96&d=mm&r=g\",\"url\":\"https:\\\/\\\/secure.gravatar.com\\\/avatar\\\/18de20f14d74abe0c800b423a8b0e24cae6153cb6baeb2c2df80e1cef2117e0d?s=96&d=mm&r=g\",\"contentUrl\":\"https:\\\/\\\/secure.gravatar.com\\\/avatar\\\/18de20f14d74abe0c800b423a8b0e24cae6153cb6baeb2c2df80e1cef2117e0d?s=96&d=mm&r=g\",\"caption\":\"Webmaster\"},\"sameAs\":[\"https:\\\/\\\/www.facebook.com\\\/federaciodemorosicristiansdoliva\",\"https:\\\/\\\/www.instagram.com\\\/morosicristiansoliva\\\/\"]}]}<\/script>\n<!-- \/ Yoast SEO plugin. -->","yoast_head_json":{"title":"Cartell Anunciador de les Festes de Moros i Cristians d'Oliva 2023 - Moros i Cristians Oliva","robots":{"index":"index","follow":"follow","max-snippet":"max-snippet:-1","max-image-preview":"max-image-preview:large","max-video-preview":"max-video-preview:-1"},"canonical":"https:\/\/olivamorosicristians.es\/es\/cartell-anunciador-de-les-festes-de-moros-i-cristians-doliva-2023\/","og_locale":"es_ES","og_type":"article","og_title":"Cartell Anunciador de les Festes de Moros i Cristians d'Oliva 2023 - Moros i Cristians Oliva","og_description":"Es presenta el Cartell Anunciador de les Festes de Moros i Cristians d&#8217;Oliva 2023 Locandia Estudio&nbsp;(Rosana Monr\u00f3s i C\u00e9sar Mart\u00ednez) de Quart de Poble s\u00f3n, qui mitjan\u00e7ant la \u00abCrida a projecte\u00bb, han realitzat la imatge gr\u00e0fica de les Festes de Moros i Cristians d\u2019Oliva 2023. Han preparat no nom\u00e9s un cartell, sin\u00f3 tres!&nbsp;Un cartell principal [&hellip;]","og_url":"https:\/\/olivamorosicristians.es\/es\/cartell-anunciador-de-les-festes-de-moros-i-cristians-doliva-2023\/","og_site_name":"Moros i Cristians Oliva","article_publisher":"https:\/\/www.facebook.com\/federaciodemorosicristiansdoliva\/","article_author":"https:\/\/www.facebook.com\/federaciodemorosicristiansdoliva","article_published_time":"2023-07-04T09:52:26+00:00","article_modified_time":"2023-07-04T11:41:56+00:00","og_image":[{"width":2560,"height":1440,"url":"https:\/\/olivamorosicristians.es\/wp-content\/uploads\/2023\/07\/Blog_Cartell-scaled.jpg","type":"image\/jpeg"}],"author":"Webmaster","twitter_card":"summary_large_image","twitter_misc":{"Escrito por":"Webmaster","Tiempo de lectura":"3 minutos"},"schema":{"@context":"https:\/\/schema.org","@graph":[{"@type":"Article","@id":"https:\/\/olivamorosicristians.es\/cartell-anunciador-de-les-festes-de-moros-i-cristians-doliva-2023\/#article","isPartOf":{"@id":"https:\/\/olivamorosicristians.es\/cartell-anunciador-de-les-festes-de-moros-i-cristians-doliva-2023\/"},"author":{"name":"Webmaster","@id":"https:\/\/olivamorosicristians.es\/#\/schema\/person\/21ece052d8816103cad91a2676fd0149"},"headline":"Cartell Anunciador de les Festes de Moros i Cristians d&#8217;Oliva 2023","datePublished":"2023-07-04T09:52:26+00:00","dateModified":"2023-07-04T11:41:56+00:00","mainEntityOfPage":{"@id":"https:\/\/olivamorosicristians.es\/cartell-anunciador-de-les-festes-de-moros-i-cristians-doliva-2023\/"},"wordCount":368,"publisher":{"@id":"https:\/\/olivamorosicristians.es\/#organization"},"image":{"@id":"https:\/\/olivamorosicristians.es\/cartell-anunciador-de-les-festes-de-moros-i-cristians-doliva-2023\/#primaryimage"},"thumbnailUrl":"https:\/\/i0.wp.com\/olivamorosicristians.es\/wp-content\/uploads\/2023\/07\/Blog_Cartell-scaled.jpg?fit=2560%2C1440&ssl=1","articleSection":["Esdeveniments"],"inLanguage":"es"},{"@type":"WebPage","@id":"https:\/\/olivamorosicristians.es\/cartell-anunciador-de-les-festes-de-moros-i-cristians-doliva-2023\/","url":"https:\/\/olivamorosicristians.es\/cartell-anunciador-de-les-festes-de-moros-i-cristians-doliva-2023\/","name":"Cartell Anunciador de les Festes de Moros i Cristians d'Oliva 2023 - Moros i Cristians Oliva","isPartOf":{"@id":"https:\/\/olivamorosicristians.es\/#website"},"primaryImageOfPage":{"@id":"https:\/\/olivamorosicristians.es\/cartell-anunciador-de-les-festes-de-moros-i-cristians-doliva-2023\/#primaryimage"},"image":{"@id":"https:\/\/olivamorosicristians.es\/cartell-anunciador-de-les-festes-de-moros-i-cristians-doliva-2023\/#primaryimage"},"thumbnailUrl":"https:\/\/i0.wp.com\/olivamorosicristians.es\/wp-content\/uploads\/2023\/07\/Blog_Cartell-scaled.jpg?fit=2560%2C1440&ssl=1","datePublished":"2023-07-04T09:52:26+00:00","dateModified":"2023-07-04T11:41:56+00:00","breadcrumb":{"@id":"https:\/\/olivamorosicristians.es\/cartell-anunciador-de-les-festes-de-moros-i-cristians-doliva-2023\/#breadcrumb"},"inLanguage":"es","potentialAction":[{"@type":"ReadAction","target":["https:\/\/olivamorosicristians.es\/cartell-anunciador-de-les-festes-de-moros-i-cristians-doliva-2023\/"]}]},{"@type":"ImageObject","inLanguage":"es","@id":"https:\/\/olivamorosicristians.es\/cartell-anunciador-de-les-festes-de-moros-i-cristians-doliva-2023\/#primaryimage","url":"https:\/\/i0.wp.com\/olivamorosicristians.es\/wp-content\/uploads\/2023\/07\/Blog_Cartell-scaled.jpg?fit=2560%2C1440&ssl=1","contentUrl":"https:\/\/i0.wp.com\/olivamorosicristians.es\/wp-content\/uploads\/2023\/07\/Blog_Cartell-scaled.jpg?fit=2560%2C1440&ssl=1","width":2560,"height":1440},{"@type":"BreadcrumbList","@id":"https:\/\/olivamorosicristians.es\/cartell-anunciador-de-les-festes-de-moros-i-cristians-doliva-2023\/#breadcrumb","itemListElement":[{"@type":"ListItem","position":1,"name":"Portada","item":"https:\/\/olivamorosicristians.es\/"},{"@type":"ListItem","position":2,"name":"Cartell Anunciador de les Festes de Moros i Cristians d&#8217;Oliva 2023"}]},{"@type":"WebSite","@id":"https:\/\/olivamorosicristians.es\/#website","url":"https:\/\/olivamorosicristians.es\/","name":"Moros i Cristians Oliva","description":"FMCO","publisher":{"@id":"https:\/\/olivamorosicristians.es\/#organization"},"potentialAction":[{"@type":"SearchAction","target":{"@type":"EntryPoint","urlTemplate":"https:\/\/olivamorosicristians.es\/?s={search_term_string}"},"query-input":{"@type":"PropertyValueSpecification","valueRequired":true,"valueName":"search_term_string"}}],"inLanguage":"es"},{"@type":"Organization","@id":"https:\/\/olivamorosicristians.es\/#organization","name":"La Federaci\u00f3n de Moros y Cristianos de Oliva","url":"https:\/\/olivamorosicristians.es\/","logo":{"@type":"ImageObject","inLanguage":"es","@id":"https:\/\/olivamorosicristians.es\/#\/schema\/logo\/image\/","url":"https:\/\/i2.wp.com\/olivamorosicristians.es\/wp-content\/uploads\/2018\/06\/Icon_FMiCO.png?fit=50%2C50&ssl=1","contentUrl":"https:\/\/i2.wp.com\/olivamorosicristians.es\/wp-content\/uploads\/2018\/06\/Icon_FMiCO.png?fit=50%2C50&ssl=1","width":50,"height":50,"caption":"Federaci\u00f3 de Moros i Cristians - Oliva"},"image":{"@id":"https:\/\/olivamorosicristians.es\/#\/schema\/logo\/image\/"},"sameAs":["https:\/\/www.facebook.com\/federaciodemorosicristiansdoliva\/","https:\/\/www.instagram.com\/morosicristiansoliva\/?hl=es"]},{"@type":"Person","@id":"https:\/\/olivamorosicristians.es\/#\/schema\/person\/21ece052d8816103cad91a2676fd0149","name":"Webmaster","image":{"@type":"ImageObject","inLanguage":"es","@id":"https:\/\/secure.gravatar.com\/avatar\/18de20f14d74abe0c800b423a8b0e24cae6153cb6baeb2c2df80e1cef2117e0d?s=96&d=mm&r=g","url":"https:\/\/secure.gravatar.com\/avatar\/18de20f14d74abe0c800b423a8b0e24cae6153cb6baeb2c2df80e1cef2117e0d?s=96&d=mm&r=g","contentUrl":"https:\/\/secure.gravatar.com\/avatar\/18de20f14d74abe0c800b423a8b0e24cae6153cb6baeb2c2df80e1cef2117e0d?s=96&d=mm&r=g","caption":"Webmaster"},"sameAs":["https:\/\/www.facebook.com\/federaciodemorosicristiansdoliva","https:\/\/www.instagram.com\/morosicristiansoliva\/"]}]}},"jetpack_publicize_connections":[],"jetpack_featured_media_url":"https:\/\/i0.wp.com\/olivamorosicristians.es\/wp-content\/uploads\/2023\/07\/Blog_Cartell-scaled.jpg?fit=2560%2C1440&ssl=1","jetpack_sharing_enabled":true,"jetpack_shortlink":"https:\/\/wp.me\/pagEx6-2SO","jetpack-related-posts":[],"_links":{"self":[{"href":"https:\/\/olivamorosicristians.es\/es\/wp-json\/wp\/v2\/posts\/11086","targetHints":{"allow":["GET"]}}],"collection":[{"href":"https:\/\/olivamorosicristians.es\/es\/wp-json\/wp\/v2\/posts"}],"about":[{"href":"https:\/\/olivamorosicristians.es\/es\/wp-json\/wp\/v2\/types\/post"}],"author":[{"embeddable":true,"href":"https:\/\/olivamorosicristians.es\/es\/wp-json\/wp\/v2\/users\/1"}],"replies":[{"embeddable":true,"href":"https:\/\/olivamorosicristians.es\/es\/wp-json\/wp\/v2\/comments?post=11086"}],"version-history":[{"count":11,"href":"https:\/\/olivamorosicristians.es\/es\/wp-json\/wp\/v2\/posts\/11086\/revisions"}],"predecessor-version":[{"id":11108,"href":"https:\/\/olivamorosicristians.es\/es\/wp-json\/wp\/v2\/posts\/11086\/revisions\/11108"}],"wp:featuredmedia":[{"embeddable":true,"href":"https:\/\/olivamorosicristians.es\/es\/wp-json\/wp\/v2\/media\/11104"}],"wp:attachment":[{"href":"https:\/\/olivamorosicristians.es\/es\/wp-json\/wp\/v2\/media?parent=11086"}],"wp:term":[{"taxonomy":"category","embeddable":true,"href":"https:\/\/olivamorosicristians.es\/es\/wp-json\/wp\/v2\/categories?post=11086"},{"taxonomy":"post_tag","embeddable":true,"href":"https:\/\/olivamorosicristians.es\/es\/wp-json\/wp\/v2\/tags?post=11086"}],"curies":[{"name":"wp","href":"https:\/\/api.w.org\/{rel}","templated":true}]}}