{"id":11056,"date":"2023-06-29T22:07:30","date_gmt":"2023-06-29T20:07:30","guid":{"rendered":"https:\/\/olivamorosicristians.es\/?p=11056"},"modified":"2023-06-30T15:32:44","modified_gmt":"2023-06-30T13:32:44","slug":"fireta-infantil-i-guanyadors-es-del-concurs-de-dibuix-infantil-2023","status":"publish","type":"post","link":"https:\/\/olivamorosicristians.es\/es\/fireta-infantil-i-guanyadors-es-del-concurs-de-dibuix-infantil-2023\/","title":{"rendered":"Fireta Infantil i guanyadors\/es del Concurs de Dibuix Infantil 2023"},"content":{"rendered":"<p>Dissabte<strong> 1 de juliol <\/strong>la Federaci\u00f3 de Moros i Cristians d&#8217;Oliva celebrar\u00e0 la Fireta Infantil i donar\u00e0 a con\u00e8ixer als guanyadors\/es del concurs de dibuix infantil 2023.<\/p>\n\n\n\n<p>La Federaci\u00f3 de Moros i Cristians d&#8217;Oliva (FMiCO), amb la col\u00b7laboraci\u00f3 de la regidoria de Festes de l&#8217;Ajuntament d&#8217;Oliva, informa que aquest dissabte, 1 de juliol, a partir de les <strong>10.30\u202fh<\/strong>, celebrar\u00e0 la tradicional Fireta Infantil, per\u00f2\u00a0a m\u00e9s a m\u00e9s, donar\u00e0 a con\u00e8ixer als guanyadors\/es del concurs de dibuix infantil dels Moros i Cristians d&#8217;Oliva al <strong>Passeig Gregori Maians<\/strong>, en un mat\u00ed on els protagonistes s\u00f3n els m\u00e9s menuts.<\/p>\n\n\n\n<p>Com a novetat, s&#8217;ha\u00a0integrat\u00a0en aquest dia l&#8217;entrega dels <strong>premis del concurs de dibuix infantil <\/strong>en un dia dedicat exclusivament als xiquets i xiquetes. Despr\u00e9s\u00a0de l&#8217;alt\u00a0nivell mostrat, la gran participaci\u00f3 i dedicaci\u00f3 de directors\/es i equips docents, a les 11.00 hores s&#8217;entregaran els premis amb la participaci\u00f3 dels c\u00e0rrecs de les festes de Moros i Cristians d&#8217;Oliva 2023.<\/p>\n\n\n\n<p>A continuaci\u00f3, els m\u00e9s menuts podran gaudir de la Fireta Infantil dels Moros i Cristians d&#8217;Oliva, que comptar\u00e0 amb jocs tradicionals, tallers de&nbsp;manualitats, pintura de cara i, molt especialment, escoleta de caps d&#8217;esquadra. Una oportunitat \u00fanica per aprendre a desfilar i fer el cap d&#8217;esquadra ja, des de ben menut.<\/p>\n\n\n\n<p>Amb la celebraci\u00f3 de la Fireta Infantil es pret\u00e9n un acte de creaci\u00f3 de vincles i amistats entre els m\u00e9s menuts de la festa,&nbsp;siga&nbsp;quina&nbsp;siga&nbsp;la filada&nbsp;a la qual&nbsp;pertany o si \u00e9s o no fester. El m\u00e9s important \u00e9s passar un mat\u00ed de jocs i diversi\u00f3 envoltats del millor ambient i m\u00fasica festera.<\/p>\n\n\n\n<p><strong>\u00d3scar\u00a0Prieto, president\u00a0FMiCO:<\/strong> \u00abDes de la\u00a0FMiCO\u00a0convidem a tots els xiquets i les xiquetes a gaudir d&#8217;un mat\u00ed de festa i diversi\u00f3, perqu\u00e8 els Moros i Cristians tamb\u00e9 s\u00f3n dels m\u00e9s menuts i ells saben gaudir-la d&#8217;una forma molt especial.\u00a0Agrair,\u00a0per descomptat, a tots els voluntaris de cadascuna de les filades que fan possible la celebraci\u00f3 d&#8217;aquest dia\u00bb.<\/p>\n\n\n\n<p><strong>\u00c1lvaro S\u00e1nchez, regidor de Festes: <\/strong>\u00abEls m\u00e9s menuts s\u00f3n el futur de la festa. Convidem a tots i totes a participar d&#8217;un mat\u00ed de diversi\u00f3 en el millor ambient fester\u00bb.<\/p>\n\n\n\n<p>Des de la Federaci\u00f3 de Moros i Cristians d&#8217;Oliva es convida a tots els xiquets i xiquetes d&#8217;Oliva i de les localitats ve\u00efnes a participar d&#8217;aquesta Fireta Infantil, per anar escalfant motors per a les Festes que seran el 20, 21, 22 i 23 de juliol.<\/p>\n\n\n\n<p><\/p>\n\n\n\n<div style=\"height:43px\" aria-hidden=\"true\" class=\"wp-block-spacer\"><\/div>\n\n\n\n<h2 class=\"wp-block-heading\">DIBUIXOS GUANYADORS <\/h2>\n\n\n\n<p><strong>CATEGORIA A<\/strong><br>1r Premi: Sergi Just Sanchis (Col\u00b7legi\u00a0El\u00a0Rebollet 3r)<br>2n Premi: Martina Sanchis Mart\u00ednez (San Jos\u00e9 de la\u00a0Monta\u00f1a\u00a03r)<br>3r Premi: Pablo Sempere (San Jos\u00e9 de la\u00a0Monta\u00f1a\u00a04t)<\/p>\n\n\n\n<div class=\"wp-block-jetpack-tiled-gallery aligncenter is-style-rectangular\"><div class=\"tiled-gallery__gallery\"><div class=\"tiled-gallery__row\"><div class=\"tiled-gallery__col\" style=\"flex-basis:33.33333%\"><figure class=\"tiled-gallery__item\"><img decoding=\"async\" data-attachment-id=\"11060\" data-permalink=\"https:\/\/olivamorosicristians.es\/es\/fireta-infantil-i-guanyadors-es-del-concurs-de-dibuix-infantil-2023\/whatsapp-image-2023-06-30-at-13-37-31\/\" data-orig-file=\"https:\/\/i0.wp.com\/olivamorosicristians.es\/wp-content\/uploads\/2023\/06\/WhatsApp-Image-2023-06-30-at-13.37.31.jpeg?fit=1131%2C1600&amp;ssl=1\" data-orig-size=\"1131,1600\" data-comments-opened=\"0\" data-image-meta=\"{&quot;aperture&quot;:&quot;0&quot;,&quot;credit&quot;:&quot;&quot;,&quot;camera&quot;:&quot;&quot;,&quot;caption&quot;:&quot;&quot;,&quot;created_timestamp&quot;:&quot;0&quot;,&quot;copyright&quot;:&quot;&quot;,&quot;focal_length&quot;:&quot;0&quot;,&quot;iso&quot;:&quot;0&quot;,&quot;shutter_speed&quot;:&quot;0&quot;,&quot;title&quot;:&quot;&quot;,&quot;orientation&quot;:&quot;0&quot;}\" data-image-title=\"WhatsApp-Image-2023-06-30-at-13.37.31\" data-image-description=\"\" data-image-caption=\"\" data-large-file=\"https:\/\/i0.wp.com\/olivamorosicristians.es\/wp-content\/uploads\/2023\/06\/WhatsApp-Image-2023-06-30-at-13.37.31.jpeg?fit=724%2C1024&amp;ssl=1\" role=\"button\" tabindex=\"0\" aria-label=\"Abrir la imagen 1 de 3 en pantalla completa\" srcset=\"https:\/\/i1.wp.com\/olivamorosicristians.es\/wp-content\/uploads\/2023\/06\/WhatsApp-Image-2023-06-30-at-13.37.31-724x1024.jpeg?strip=info&#038;w=600&#038;ssl=1 600w,https:\/\/i1.wp.com\/olivamorosicristians.es\/wp-content\/uploads\/2023\/06\/WhatsApp-Image-2023-06-30-at-13.37.31-724x1024.jpeg?strip=info&#038;w=900&#038;ssl=1 900w,https:\/\/i1.wp.com\/olivamorosicristians.es\/wp-content\/uploads\/2023\/06\/WhatsApp-Image-2023-06-30-at-13.37.31-724x1024.jpeg?strip=info&#038;w=1131&#038;ssl=1 1131w\" alt=\"\" data-height=\"1600\" data-id=\"11060\" data-link=\"https:\/\/olivamorosicristians.es\/fireta-infantil-i-guanyadors-es-del-concurs-de-dibuix-infantil-2023\/whatsapp-image-2023-06-30-at-13-37-31\/\" data-url=\"https:\/\/olivamorosicristians.es\/wp-content\/uploads\/2023\/06\/WhatsApp-Image-2023-06-30-at-13.37.31-724x1024.jpeg\" data-width=\"1131\" src=\"https:\/\/i1.wp.com\/olivamorosicristians.es\/wp-content\/uploads\/2023\/06\/WhatsApp-Image-2023-06-30-at-13.37.31-724x1024.jpeg?ssl=1\" data-amp-layout=\"responsive\"\/><\/figure><\/div><div class=\"tiled-gallery__col\" style=\"flex-basis:33.33333%\"><figure class=\"tiled-gallery__item\"><img decoding=\"async\" data-attachment-id=\"11061\" data-permalink=\"https:\/\/olivamorosicristians.es\/es\/fireta-infantil-i-guanyadors-es-del-concurs-de-dibuix-infantil-2023\/whatsapp-image-2023-06-30-at-13-37-32\/\" data-orig-file=\"https:\/\/i0.wp.com\/olivamorosicristians.es\/wp-content\/uploads\/2023\/06\/WhatsApp-Image-2023-06-30-at-13.37.32.jpeg?fit=1131%2C1600&amp;ssl=1\" data-orig-size=\"1131,1600\" data-comments-opened=\"0\" data-image-meta=\"{&quot;aperture&quot;:&quot;0&quot;,&quot;credit&quot;:&quot;&quot;,&quot;camera&quot;:&quot;&quot;,&quot;caption&quot;:&quot;&quot;,&quot;created_timestamp&quot;:&quot;0&quot;,&quot;copyright&quot;:&quot;&quot;,&quot;focal_length&quot;:&quot;0&quot;,&quot;iso&quot;:&quot;0&quot;,&quot;shutter_speed&quot;:&quot;0&quot;,&quot;title&quot;:&quot;&quot;,&quot;orientation&quot;:&quot;0&quot;}\" data-image-title=\"WhatsApp-Image-2023-06-30-at-13.37.32\" data-image-description=\"\" data-image-caption=\"\" data-large-file=\"https:\/\/i0.wp.com\/olivamorosicristians.es\/wp-content\/uploads\/2023\/06\/WhatsApp-Image-2023-06-30-at-13.37.32.jpeg?fit=724%2C1024&amp;ssl=1\" role=\"button\" tabindex=\"0\" aria-label=\"Abrir la imagen 2 de 3 en pantalla completa\" srcset=\"https:\/\/i1.wp.com\/olivamorosicristians.es\/wp-content\/uploads\/2023\/06\/WhatsApp-Image-2023-06-30-at-13.37.32-724x1024.jpeg?strip=info&#038;w=600&#038;ssl=1 600w,https:\/\/i1.wp.com\/olivamorosicristians.es\/wp-content\/uploads\/2023\/06\/WhatsApp-Image-2023-06-30-at-13.37.32-724x1024.jpeg?strip=info&#038;w=900&#038;ssl=1 900w,https:\/\/i1.wp.com\/olivamorosicristians.es\/wp-content\/uploads\/2023\/06\/WhatsApp-Image-2023-06-30-at-13.37.32-724x1024.jpeg?strip=info&#038;w=1131&#038;ssl=1 1131w\" alt=\"\" data-height=\"1600\" data-id=\"11061\" data-link=\"https:\/\/olivamorosicristians.es\/fireta-infantil-i-guanyadors-es-del-concurs-de-dibuix-infantil-2023\/whatsapp-image-2023-06-30-at-13-37-32\/\" data-url=\"https:\/\/olivamorosicristians.es\/wp-content\/uploads\/2023\/06\/WhatsApp-Image-2023-06-30-at-13.37.32-724x1024.jpeg\" data-width=\"1131\" src=\"https:\/\/i1.wp.com\/olivamorosicristians.es\/wp-content\/uploads\/2023\/06\/WhatsApp-Image-2023-06-30-at-13.37.32-724x1024.jpeg?ssl=1\" data-amp-layout=\"responsive\"\/><\/figure><\/div><div class=\"tiled-gallery__col\" style=\"flex-basis:33.33333%\"><figure class=\"tiled-gallery__item\"><img decoding=\"async\" data-attachment-id=\"11062\" data-permalink=\"https:\/\/olivamorosicristians.es\/es\/fireta-infantil-i-guanyadors-es-del-concurs-de-dibuix-infantil-2023\/whatsapp-image-2023-06-30-at-13-37-32-1\/\" data-orig-file=\"https:\/\/i0.wp.com\/olivamorosicristians.es\/wp-content\/uploads\/2023\/06\/WhatsApp-Image-2023-06-30-at-13.37.32-1.jpeg?fit=1131%2C1600&amp;ssl=1\" data-orig-size=\"1131,1600\" data-comments-opened=\"0\" data-image-meta=\"{&quot;aperture&quot;:&quot;0&quot;,&quot;credit&quot;:&quot;&quot;,&quot;camera&quot;:&quot;&quot;,&quot;caption&quot;:&quot;&quot;,&quot;created_timestamp&quot;:&quot;0&quot;,&quot;copyright&quot;:&quot;&quot;,&quot;focal_length&quot;:&quot;0&quot;,&quot;iso&quot;:&quot;0&quot;,&quot;shutter_speed&quot;:&quot;0&quot;,&quot;title&quot;:&quot;&quot;,&quot;orientation&quot;:&quot;0&quot;}\" data-image-title=\"WhatsApp-Image-2023-06-30-at-13.37.32-1\" data-image-description=\"\" data-image-caption=\"\" data-large-file=\"https:\/\/i0.wp.com\/olivamorosicristians.es\/wp-content\/uploads\/2023\/06\/WhatsApp-Image-2023-06-30-at-13.37.32-1.jpeg?fit=724%2C1024&amp;ssl=1\" role=\"button\" tabindex=\"0\" aria-label=\"Abrir la imagen 3 de 3 en pantalla completa\" srcset=\"https:\/\/i1.wp.com\/olivamorosicristians.es\/wp-content\/uploads\/2023\/06\/WhatsApp-Image-2023-06-30-at-13.37.32-1-724x1024.jpeg?strip=info&#038;w=600&#038;ssl=1 600w,https:\/\/i1.wp.com\/olivamorosicristians.es\/wp-content\/uploads\/2023\/06\/WhatsApp-Image-2023-06-30-at-13.37.32-1-724x1024.jpeg?strip=info&#038;w=900&#038;ssl=1 900w,https:\/\/i1.wp.com\/olivamorosicristians.es\/wp-content\/uploads\/2023\/06\/WhatsApp-Image-2023-06-30-at-13.37.32-1-724x1024.jpeg?strip=info&#038;w=1131&#038;ssl=1 1131w\" alt=\"\" data-height=\"1600\" data-id=\"11062\" data-link=\"https:\/\/olivamorosicristians.es\/fireta-infantil-i-guanyadors-es-del-concurs-de-dibuix-infantil-2023\/whatsapp-image-2023-06-30-at-13-37-32-1\/\" data-url=\"https:\/\/olivamorosicristians.es\/wp-content\/uploads\/2023\/06\/WhatsApp-Image-2023-06-30-at-13.37.32-1-724x1024.jpeg\" data-width=\"1131\" src=\"https:\/\/i1.wp.com\/olivamorosicristians.es\/wp-content\/uploads\/2023\/06\/WhatsApp-Image-2023-06-30-at-13.37.32-1-724x1024.jpeg?ssl=1\" data-amp-layout=\"responsive\"\/><\/figure><\/div><\/div><\/div><\/div>\n\n\n\n<div style=\"height:43px\" aria-hidden=\"true\" class=\"wp-block-spacer\"><\/div>\n\n\n\n<hr class=\"wp-block-separator has-alpha-channel-opacity\"\/>\n\n\n\n<div style=\"height:43px\" aria-hidden=\"true\" class=\"wp-block-spacer\"><\/div>\n\n\n\n<p><strong>CATEGORIA B<\/strong><br>1r Premi: Pau Arroyo Navarro (CEIP Hort de Palau\u00a05\u00e9\u00a0B)<br>2n Premi: Micaela Verd\u00fa Morell (Col\u00b7legi\u00a0El\u00a0Rebollet\u00a05\u00e9\u00a0A)<br>3r Premi: Helena Ruiz Morera (Col\u00b7legi\u00a0El\u00a0Rebollet\u00a06\u00e9\u00a0A)<\/p>\n\n\n\n<div class=\"wp-block-jetpack-tiled-gallery aligncenter is-style-rectangular\"><div class=\"tiled-gallery__gallery\"><div class=\"tiled-gallery__row\"><div class=\"tiled-gallery__col\" style=\"flex-basis:33.33333%\"><figure class=\"tiled-gallery__item\"><img decoding=\"async\" data-attachment-id=\"11063\" data-permalink=\"https:\/\/olivamorosicristians.es\/es\/fireta-infantil-i-guanyadors-es-del-concurs-de-dibuix-infantil-2023\/whatsapp-image-2023-06-30-at-13-37-32-2\/\" data-orig-file=\"https:\/\/i0.wp.com\/olivamorosicristians.es\/wp-content\/uploads\/2023\/06\/WhatsApp-Image-2023-06-30-at-13.37.32-2.jpeg?fit=1131%2C1600&amp;ssl=1\" data-orig-size=\"1131,1600\" data-comments-opened=\"0\" data-image-meta=\"{&quot;aperture&quot;:&quot;0&quot;,&quot;credit&quot;:&quot;&quot;,&quot;camera&quot;:&quot;&quot;,&quot;caption&quot;:&quot;&quot;,&quot;created_timestamp&quot;:&quot;0&quot;,&quot;copyright&quot;:&quot;&quot;,&quot;focal_length&quot;:&quot;0&quot;,&quot;iso&quot;:&quot;0&quot;,&quot;shutter_speed&quot;:&quot;0&quot;,&quot;title&quot;:&quot;&quot;,&quot;orientation&quot;:&quot;0&quot;}\" data-image-title=\"WhatsApp-Image-2023-06-30-at-13.37.32-2\" data-image-description=\"\" data-image-caption=\"\" data-large-file=\"https:\/\/i0.wp.com\/olivamorosicristians.es\/wp-content\/uploads\/2023\/06\/WhatsApp-Image-2023-06-30-at-13.37.32-2.jpeg?fit=724%2C1024&amp;ssl=1\" role=\"button\" tabindex=\"0\" aria-label=\"Abrir la imagen 1 de 3 en pantalla completa\" srcset=\"https:\/\/i2.wp.com\/olivamorosicristians.es\/wp-content\/uploads\/2023\/06\/WhatsApp-Image-2023-06-30-at-13.37.32-2-724x1024.jpeg?strip=info&#038;w=600&#038;ssl=1 600w,https:\/\/i2.wp.com\/olivamorosicristians.es\/wp-content\/uploads\/2023\/06\/WhatsApp-Image-2023-06-30-at-13.37.32-2-724x1024.jpeg?strip=info&#038;w=900&#038;ssl=1 900w,https:\/\/i2.wp.com\/olivamorosicristians.es\/wp-content\/uploads\/2023\/06\/WhatsApp-Image-2023-06-30-at-13.37.32-2-724x1024.jpeg?strip=info&#038;w=1131&#038;ssl=1 1131w\" alt=\"\" data-height=\"1600\" data-id=\"11063\" data-link=\"https:\/\/olivamorosicristians.es\/fireta-infantil-i-guanyadors-es-del-concurs-de-dibuix-infantil-2023\/whatsapp-image-2023-06-30-at-13-37-32-2\/\" data-url=\"https:\/\/olivamorosicristians.es\/wp-content\/uploads\/2023\/06\/WhatsApp-Image-2023-06-30-at-13.37.32-2-724x1024.jpeg\" data-width=\"1131\" src=\"https:\/\/i2.wp.com\/olivamorosicristians.es\/wp-content\/uploads\/2023\/06\/WhatsApp-Image-2023-06-30-at-13.37.32-2-724x1024.jpeg?ssl=1\" data-amp-layout=\"responsive\"\/><\/figure><\/div><div class=\"tiled-gallery__col\" style=\"flex-basis:33.33333%\"><figure class=\"tiled-gallery__item\"><img decoding=\"async\" data-attachment-id=\"11064\" data-permalink=\"https:\/\/olivamorosicristians.es\/es\/fireta-infantil-i-guanyadors-es-del-concurs-de-dibuix-infantil-2023\/whatsapp-image-2023-06-30-at-13-37-32-3\/\" data-orig-file=\"https:\/\/i0.wp.com\/olivamorosicristians.es\/wp-content\/uploads\/2023\/06\/WhatsApp-Image-2023-06-30-at-13.37.32-3.jpeg?fit=1131%2C1600&amp;ssl=1\" data-orig-size=\"1131,1600\" data-comments-opened=\"0\" data-image-meta=\"{&quot;aperture&quot;:&quot;0&quot;,&quot;credit&quot;:&quot;&quot;,&quot;camera&quot;:&quot;&quot;,&quot;caption&quot;:&quot;&quot;,&quot;created_timestamp&quot;:&quot;0&quot;,&quot;copyright&quot;:&quot;&quot;,&quot;focal_length&quot;:&quot;0&quot;,&quot;iso&quot;:&quot;0&quot;,&quot;shutter_speed&quot;:&quot;0&quot;,&quot;title&quot;:&quot;&quot;,&quot;orientation&quot;:&quot;0&quot;}\" data-image-title=\"WhatsApp-Image-2023-06-30-at-13.37.32-3\" data-image-description=\"\" data-image-caption=\"\" data-large-file=\"https:\/\/i0.wp.com\/olivamorosicristians.es\/wp-content\/uploads\/2023\/06\/WhatsApp-Image-2023-06-30-at-13.37.32-3.jpeg?fit=724%2C1024&amp;ssl=1\" role=\"button\" tabindex=\"0\" aria-label=\"Abrir la imagen 2 de 3 en pantalla completa\" srcset=\"https:\/\/i1.wp.com\/olivamorosicristians.es\/wp-content\/uploads\/2023\/06\/WhatsApp-Image-2023-06-30-at-13.37.32-3-724x1024.jpeg?strip=info&#038;w=600&#038;ssl=1 600w,https:\/\/i1.wp.com\/olivamorosicristians.es\/wp-content\/uploads\/2023\/06\/WhatsApp-Image-2023-06-30-at-13.37.32-3-724x1024.jpeg?strip=info&#038;w=900&#038;ssl=1 900w,https:\/\/i1.wp.com\/olivamorosicristians.es\/wp-content\/uploads\/2023\/06\/WhatsApp-Image-2023-06-30-at-13.37.32-3-724x1024.jpeg?strip=info&#038;w=1131&#038;ssl=1 1131w\" alt=\"\" data-height=\"1600\" data-id=\"11064\" data-link=\"https:\/\/olivamorosicristians.es\/fireta-infantil-i-guanyadors-es-del-concurs-de-dibuix-infantil-2023\/whatsapp-image-2023-06-30-at-13-37-32-3\/\" data-url=\"https:\/\/olivamorosicristians.es\/wp-content\/uploads\/2023\/06\/WhatsApp-Image-2023-06-30-at-13.37.32-3-724x1024.jpeg\" data-width=\"1131\" src=\"https:\/\/i1.wp.com\/olivamorosicristians.es\/wp-content\/uploads\/2023\/06\/WhatsApp-Image-2023-06-30-at-13.37.32-3-724x1024.jpeg?ssl=1\" data-amp-layout=\"responsive\"\/><\/figure><\/div><div class=\"tiled-gallery__col\" style=\"flex-basis:33.33333%\"><figure class=\"tiled-gallery__item\"><img decoding=\"async\" data-attachment-id=\"11065\" data-permalink=\"https:\/\/olivamorosicristians.es\/es\/fireta-infantil-i-guanyadors-es-del-concurs-de-dibuix-infantil-2023\/whatsapp-image-2023-06-30-at-13-37-32-4\/\" data-orig-file=\"https:\/\/i0.wp.com\/olivamorosicristians.es\/wp-content\/uploads\/2023\/06\/WhatsApp-Image-2023-06-30-at-13.37.32-4.jpeg?fit=1131%2C1600&amp;ssl=1\" data-orig-size=\"1131,1600\" data-comments-opened=\"0\" data-image-meta=\"{&quot;aperture&quot;:&quot;0&quot;,&quot;credit&quot;:&quot;&quot;,&quot;camera&quot;:&quot;&quot;,&quot;caption&quot;:&quot;&quot;,&quot;created_timestamp&quot;:&quot;0&quot;,&quot;copyright&quot;:&quot;&quot;,&quot;focal_length&quot;:&quot;0&quot;,&quot;iso&quot;:&quot;0&quot;,&quot;shutter_speed&quot;:&quot;0&quot;,&quot;title&quot;:&quot;&quot;,&quot;orientation&quot;:&quot;0&quot;}\" data-image-title=\"WhatsApp-Image-2023-06-30-at-13.37.32-4\" data-image-description=\"\" data-image-caption=\"\" data-large-file=\"https:\/\/i0.wp.com\/olivamorosicristians.es\/wp-content\/uploads\/2023\/06\/WhatsApp-Image-2023-06-30-at-13.37.32-4.jpeg?fit=724%2C1024&amp;ssl=1\" role=\"button\" tabindex=\"0\" aria-label=\"Abrir la imagen 3 de 3 en pantalla completa\" srcset=\"https:\/\/i0.wp.com\/olivamorosicristians.es\/wp-content\/uploads\/2023\/06\/WhatsApp-Image-2023-06-30-at-13.37.32-4-724x1024.jpeg?strip=info&#038;w=600&#038;ssl=1 600w,https:\/\/i0.wp.com\/olivamorosicristians.es\/wp-content\/uploads\/2023\/06\/WhatsApp-Image-2023-06-30-at-13.37.32-4-724x1024.jpeg?strip=info&#038;w=900&#038;ssl=1 900w,https:\/\/i0.wp.com\/olivamorosicristians.es\/wp-content\/uploads\/2023\/06\/WhatsApp-Image-2023-06-30-at-13.37.32-4-724x1024.jpeg?strip=info&#038;w=1131&#038;ssl=1 1131w\" alt=\"\" data-height=\"1600\" data-id=\"11065\" data-link=\"https:\/\/olivamorosicristians.es\/fireta-infantil-i-guanyadors-es-del-concurs-de-dibuix-infantil-2023\/whatsapp-image-2023-06-30-at-13-37-32-4\/\" data-url=\"https:\/\/olivamorosicristians.es\/wp-content\/uploads\/2023\/06\/WhatsApp-Image-2023-06-30-at-13.37.32-4-724x1024.jpeg\" data-width=\"1131\" src=\"https:\/\/i0.wp.com\/olivamorosicristians.es\/wp-content\/uploads\/2023\/06\/WhatsApp-Image-2023-06-30-at-13.37.32-4-724x1024.jpeg?ssl=1\" data-amp-layout=\"responsive\"\/><\/figure><\/div><\/div><\/div><\/div>\n\n\n\n<div style=\"height:43px\" aria-hidden=\"true\" class=\"wp-block-spacer\"><\/div>","protected":false},"excerpt":{"rendered":"<p>Dissabte 1 de juliol la Federaci\u00f3 de Moros i Cristians d&#8217;Oliva celebrar\u00e0 la Fireta Infantil i donar\u00e0 a con\u00e8ixer als guanyadors\/es del concurs de dibuix infantil 2023. La Federaci\u00f3 de Moros i Cristians d&#8217;Oliva (FMiCO), amb la col\u00b7laboraci\u00f3 de la regidoria de Festes de l&#8217;Ajuntament d&#8217;Oliva, informa que aquest dissabte, 1 de juliol, a partir [&hellip;]<\/p>\n","protected":false},"author":1,"featured_media":11057,"comment_status":"closed","ping_status":"open","sticky":false,"template":"","format":"standard","meta":{"jetpack_post_was_ever_published":false,"_jetpack_newsletter_access":"","_jetpack_dont_email_post_to_subs":false,"_jetpack_newsletter_tier_id":0,"_jetpack_memberships_contains_paywalled_content":false,"_jetpack_memberships_contains_paid_content":false,"footnotes":"","jetpack_publicize_message":"","jetpack_publicize_feature_enabled":true,"jetpack_social_post_already_shared":true,"jetpack_social_options":{"image_generator_settings":{"template":"highway","default_image_id":0,"font":"","enabled":false},"version":2}},"categories":[143],"tags":[],"class_list":["post-11056","post","type-post","status-publish","format-standard","has-post-thumbnail","hentry","category-concursos"],"yoast_head":"<!-- This site is optimized with the Yoast SEO plugin v27.4 - https:\/\/yoast.com\/product\/yoast-seo-wordpress\/ -->\n<title>Fireta Infantil i guanyadors\/es del Concurs de Dibuix Infantil 2023 - Moros i Cristians Oliva<\/title>\n<meta name=\"robots\" content=\"index, follow, max-snippet:-1, max-image-preview:large, max-video-preview:-1\" \/>\n<link rel=\"canonical\" href=\"https:\/\/olivamorosicristians.es\/es\/fireta-infantil-i-guanyadors-es-del-concurs-de-dibuix-infantil-2023\/\" \/>\n<meta property=\"og:locale\" content=\"es_ES\" \/>\n<meta property=\"og:type\" content=\"article\" \/>\n<meta property=\"og:title\" content=\"Fireta Infantil i guanyadors\/es del Concurs de Dibuix Infantil 2023 - Moros i Cristians Oliva\" \/>\n<meta property=\"og:description\" content=\"Dissabte 1 de juliol la Federaci\u00f3 de Moros i Cristians d&#8217;Oliva celebrar\u00e0 la Fireta Infantil i donar\u00e0 a con\u00e8ixer als guanyadors\/es del concurs de dibuix infantil 2023. La Federaci\u00f3 de Moros i Cristians d&#8217;Oliva (FMiCO), amb la col\u00b7laboraci\u00f3 de la regidoria de Festes de l&#8217;Ajuntament d&#8217;Oliva, informa que aquest dissabte, 1 de juliol, a partir [&hellip;]\" \/>\n<meta property=\"og:url\" content=\"https:\/\/olivamorosicristians.es\/es\/fireta-infantil-i-guanyadors-es-del-concurs-de-dibuix-infantil-2023\/\" \/>\n<meta property=\"og:site_name\" content=\"Moros i Cristians Oliva\" \/>\n<meta property=\"article:publisher\" content=\"https:\/\/www.facebook.com\/federaciodemorosicristiansdoliva\/\" \/>\n<meta property=\"article:author\" content=\"https:\/\/www.facebook.com\/federaciodemorosicristiansdoliva\" \/>\n<meta property=\"article:published_time\" content=\"2023-06-29T20:07:30+00:00\" \/>\n<meta property=\"article:modified_time\" content=\"2023-06-30T13:32:44+00:00\" \/>\n<meta property=\"og:image\" content=\"https:\/\/olivamorosicristians.es\/wp-content\/uploads\/2023\/06\/WhatsApp-Image-2023-06-29-at-18.11.39.jpeg\" \/>\n\t<meta property=\"og:image:width\" content=\"1024\" \/>\n\t<meta property=\"og:image:height\" content=\"576\" \/>\n\t<meta property=\"og:image:type\" content=\"image\/jpeg\" \/>\n<meta name=\"author\" content=\"Webmaster\" \/>\n<meta name=\"twitter:card\" content=\"summary_large_image\" \/>\n<meta name=\"twitter:label1\" content=\"Escrito por\" \/>\n\t<meta name=\"twitter:data1\" content=\"Webmaster\" \/>\n\t<meta name=\"twitter:label2\" content=\"Tiempo de lectura\" \/>\n\t<meta name=\"twitter:data2\" content=\"4 minutos\" \/>\n<script type=\"application\/ld+json\" class=\"yoast-schema-graph\">{\"@context\":\"https:\\\/\\\/schema.org\",\"@graph\":[{\"@type\":\"Article\",\"@id\":\"https:\\\/\\\/olivamorosicristians.es\\\/fireta-infantil-i-guanyadors-es-del-concurs-de-dibuix-infantil-2023\\\/#article\",\"isPartOf\":{\"@id\":\"https:\\\/\\\/olivamorosicristians.es\\\/fireta-infantil-i-guanyadors-es-del-concurs-de-dibuix-infantil-2023\\\/\"},\"author\":{\"name\":\"Webmaster\",\"@id\":\"https:\\\/\\\/olivamorosicristians.es\\\/#\\\/schema\\\/person\\\/21ece052d8816103cad91a2676fd0149\"},\"headline\":\"Fireta Infantil i guanyadors\\\/es del Concurs de Dibuix Infantil 2023\",\"datePublished\":\"2023-06-29T20:07:30+00:00\",\"dateModified\":\"2023-06-30T13:32:44+00:00\",\"mainEntityOfPage\":{\"@id\":\"https:\\\/\\\/olivamorosicristians.es\\\/fireta-infantil-i-guanyadors-es-del-concurs-de-dibuix-infantil-2023\\\/\"},\"wordCount\":524,\"publisher\":{\"@id\":\"https:\\\/\\\/olivamorosicristians.es\\\/#organization\"},\"image\":{\"@id\":\"https:\\\/\\\/olivamorosicristians.es\\\/fireta-infantil-i-guanyadors-es-del-concurs-de-dibuix-infantil-2023\\\/#primaryimage\"},\"thumbnailUrl\":\"https:\\\/\\\/i0.wp.com\\\/olivamorosicristians.es\\\/wp-content\\\/uploads\\\/2023\\\/06\\\/WhatsApp-Image-2023-06-29-at-18.11.39.jpeg?fit=1024%2C576&ssl=1\",\"articleSection\":[\"Concursos\"],\"inLanguage\":\"es\"},{\"@type\":\"WebPage\",\"@id\":\"https:\\\/\\\/olivamorosicristians.es\\\/fireta-infantil-i-guanyadors-es-del-concurs-de-dibuix-infantil-2023\\\/\",\"url\":\"https:\\\/\\\/olivamorosicristians.es\\\/fireta-infantil-i-guanyadors-es-del-concurs-de-dibuix-infantil-2023\\\/\",\"name\":\"Fireta Infantil i guanyadors\\\/es del Concurs de Dibuix Infantil 2023 - Moros i Cristians Oliva\",\"isPartOf\":{\"@id\":\"https:\\\/\\\/olivamorosicristians.es\\\/#website\"},\"primaryImageOfPage\":{\"@id\":\"https:\\\/\\\/olivamorosicristians.es\\\/fireta-infantil-i-guanyadors-es-del-concurs-de-dibuix-infantil-2023\\\/#primaryimage\"},\"image\":{\"@id\":\"https:\\\/\\\/olivamorosicristians.es\\\/fireta-infantil-i-guanyadors-es-del-concurs-de-dibuix-infantil-2023\\\/#primaryimage\"},\"thumbnailUrl\":\"https:\\\/\\\/i0.wp.com\\\/olivamorosicristians.es\\\/wp-content\\\/uploads\\\/2023\\\/06\\\/WhatsApp-Image-2023-06-29-at-18.11.39.jpeg?fit=1024%2C576&ssl=1\",\"datePublished\":\"2023-06-29T20:07:30+00:00\",\"dateModified\":\"2023-06-30T13:32:44+00:00\",\"breadcrumb\":{\"@id\":\"https:\\\/\\\/olivamorosicristians.es\\\/fireta-infantil-i-guanyadors-es-del-concurs-de-dibuix-infantil-2023\\\/#breadcrumb\"},\"inLanguage\":\"es\",\"potentialAction\":[{\"@type\":\"ReadAction\",\"target\":[\"https:\\\/\\\/olivamorosicristians.es\\\/fireta-infantil-i-guanyadors-es-del-concurs-de-dibuix-infantil-2023\\\/\"]}]},{\"@type\":\"ImageObject\",\"inLanguage\":\"es\",\"@id\":\"https:\\\/\\\/olivamorosicristians.es\\\/fireta-infantil-i-guanyadors-es-del-concurs-de-dibuix-infantil-2023\\\/#primaryimage\",\"url\":\"https:\\\/\\\/i0.wp.com\\\/olivamorosicristians.es\\\/wp-content\\\/uploads\\\/2023\\\/06\\\/WhatsApp-Image-2023-06-29-at-18.11.39.jpeg?fit=1024%2C576&ssl=1\",\"contentUrl\":\"https:\\\/\\\/i0.wp.com\\\/olivamorosicristians.es\\\/wp-content\\\/uploads\\\/2023\\\/06\\\/WhatsApp-Image-2023-06-29-at-18.11.39.jpeg?fit=1024%2C576&ssl=1\",\"width\":1024,\"height\":576},{\"@type\":\"BreadcrumbList\",\"@id\":\"https:\\\/\\\/olivamorosicristians.es\\\/fireta-infantil-i-guanyadors-es-del-concurs-de-dibuix-infantil-2023\\\/#breadcrumb\",\"itemListElement\":[{\"@type\":\"ListItem\",\"position\":1,\"name\":\"Portada\",\"item\":\"https:\\\/\\\/olivamorosicristians.es\\\/\"},{\"@type\":\"ListItem\",\"position\":2,\"name\":\"Fireta Infantil i guanyadors\\\/es del Concurs de Dibuix Infantil 2023\"}]},{\"@type\":\"WebSite\",\"@id\":\"https:\\\/\\\/olivamorosicristians.es\\\/#website\",\"url\":\"https:\\\/\\\/olivamorosicristians.es\\\/\",\"name\":\"Moros i Cristians Oliva\",\"description\":\"FMCO\",\"publisher\":{\"@id\":\"https:\\\/\\\/olivamorosicristians.es\\\/#organization\"},\"potentialAction\":[{\"@type\":\"SearchAction\",\"target\":{\"@type\":\"EntryPoint\",\"urlTemplate\":\"https:\\\/\\\/olivamorosicristians.es\\\/?s={search_term_string}\"},\"query-input\":{\"@type\":\"PropertyValueSpecification\",\"valueRequired\":true,\"valueName\":\"search_term_string\"}}],\"inLanguage\":\"es\"},{\"@type\":\"Organization\",\"@id\":\"https:\\\/\\\/olivamorosicristians.es\\\/#organization\",\"name\":\"Federaci\u00f3 de Moros i Cristians - Oliva\",\"url\":\"https:\\\/\\\/olivamorosicristians.es\\\/\",\"logo\":{\"@type\":\"ImageObject\",\"inLanguage\":\"es\",\"@id\":\"https:\\\/\\\/olivamorosicristians.es\\\/#\\\/schema\\\/logo\\\/image\\\/\",\"url\":\"https:\\\/\\\/i2.wp.com\\\/olivamorosicristians.es\\\/wp-content\\\/uploads\\\/2018\\\/06\\\/Icon_FMiCO.png?fit=50%2C50&ssl=1\",\"contentUrl\":\"https:\\\/\\\/i2.wp.com\\\/olivamorosicristians.es\\\/wp-content\\\/uploads\\\/2018\\\/06\\\/Icon_FMiCO.png?fit=50%2C50&ssl=1\",\"width\":50,\"height\":50,\"caption\":\"Federaci\u00f3 de Moros i Cristians - Oliva\"},\"image\":{\"@id\":\"https:\\\/\\\/olivamorosicristians.es\\\/#\\\/schema\\\/logo\\\/image\\\/\"},\"sameAs\":[\"https:\\\/\\\/www.facebook.com\\\/federaciodemorosicristiansdoliva\\\/\",\"https:\\\/\\\/www.instagram.com\\\/morosicristiansoliva\\\/?hl=es\"]},{\"@type\":\"Person\",\"@id\":\"https:\\\/\\\/olivamorosicristians.es\\\/#\\\/schema\\\/person\\\/21ece052d8816103cad91a2676fd0149\",\"name\":\"Webmaster\",\"image\":{\"@type\":\"ImageObject\",\"inLanguage\":\"es\",\"@id\":\"https:\\\/\\\/secure.gravatar.com\\\/avatar\\\/18de20f14d74abe0c800b423a8b0e24cae6153cb6baeb2c2df80e1cef2117e0d?s=96&d=mm&r=g\",\"url\":\"https:\\\/\\\/secure.gravatar.com\\\/avatar\\\/18de20f14d74abe0c800b423a8b0e24cae6153cb6baeb2c2df80e1cef2117e0d?s=96&d=mm&r=g\",\"contentUrl\":\"https:\\\/\\\/secure.gravatar.com\\\/avatar\\\/18de20f14d74abe0c800b423a8b0e24cae6153cb6baeb2c2df80e1cef2117e0d?s=96&d=mm&r=g\",\"caption\":\"Webmaster\"},\"sameAs\":[\"https:\\\/\\\/www.facebook.com\\\/federaciodemorosicristiansdoliva\",\"https:\\\/\\\/www.instagram.com\\\/morosicristiansoliva\\\/\"]}]}<\/script>\n<!-- \/ Yoast SEO plugin. -->","yoast_head_json":{"title":"Fireta Infantil i guanyadors\/es del Concurs de Dibuix Infantil 2023 - Moros i Cristians Oliva","robots":{"index":"index","follow":"follow","max-snippet":"max-snippet:-1","max-image-preview":"max-image-preview:large","max-video-preview":"max-video-preview:-1"},"canonical":"https:\/\/olivamorosicristians.es\/es\/fireta-infantil-i-guanyadors-es-del-concurs-de-dibuix-infantil-2023\/","og_locale":"es_ES","og_type":"article","og_title":"Fireta Infantil i guanyadors\/es del Concurs de Dibuix Infantil 2023 - Moros i Cristians Oliva","og_description":"Dissabte 1 de juliol la Federaci\u00f3 de Moros i Cristians d&#8217;Oliva celebrar\u00e0 la Fireta Infantil i donar\u00e0 a con\u00e8ixer als guanyadors\/es del concurs de dibuix infantil 2023. La Federaci\u00f3 de Moros i Cristians d&#8217;Oliva (FMiCO), amb la col\u00b7laboraci\u00f3 de la regidoria de Festes de l&#8217;Ajuntament d&#8217;Oliva, informa que aquest dissabte, 1 de juliol, a partir [&hellip;]","og_url":"https:\/\/olivamorosicristians.es\/es\/fireta-infantil-i-guanyadors-es-del-concurs-de-dibuix-infantil-2023\/","og_site_name":"Moros i Cristians Oliva","article_publisher":"https:\/\/www.facebook.com\/federaciodemorosicristiansdoliva\/","article_author":"https:\/\/www.facebook.com\/federaciodemorosicristiansdoliva","article_published_time":"2023-06-29T20:07:30+00:00","article_modified_time":"2023-06-30T13:32:44+00:00","og_image":[{"width":1024,"height":576,"url":"https:\/\/olivamorosicristians.es\/wp-content\/uploads\/2023\/06\/WhatsApp-Image-2023-06-29-at-18.11.39.jpeg","type":"image\/jpeg"}],"author":"Webmaster","twitter_card":"summary_large_image","twitter_misc":{"Escrito por":"Webmaster","Tiempo de lectura":"4 minutos"},"schema":{"@context":"https:\/\/schema.org","@graph":[{"@type":"Article","@id":"https:\/\/olivamorosicristians.es\/fireta-infantil-i-guanyadors-es-del-concurs-de-dibuix-infantil-2023\/#article","isPartOf":{"@id":"https:\/\/olivamorosicristians.es\/fireta-infantil-i-guanyadors-es-del-concurs-de-dibuix-infantil-2023\/"},"author":{"name":"Webmaster","@id":"https:\/\/olivamorosicristians.es\/#\/schema\/person\/21ece052d8816103cad91a2676fd0149"},"headline":"Fireta Infantil i guanyadors\/es del Concurs de Dibuix Infantil 2023","datePublished":"2023-06-29T20:07:30+00:00","dateModified":"2023-06-30T13:32:44+00:00","mainEntityOfPage":{"@id":"https:\/\/olivamorosicristians.es\/fireta-infantil-i-guanyadors-es-del-concurs-de-dibuix-infantil-2023\/"},"wordCount":524,"publisher":{"@id":"https:\/\/olivamorosicristians.es\/#organization"},"image":{"@id":"https:\/\/olivamorosicristians.es\/fireta-infantil-i-guanyadors-es-del-concurs-de-dibuix-infantil-2023\/#primaryimage"},"thumbnailUrl":"https:\/\/i0.wp.com\/olivamorosicristians.es\/wp-content\/uploads\/2023\/06\/WhatsApp-Image-2023-06-29-at-18.11.39.jpeg?fit=1024%2C576&ssl=1","articleSection":["Concursos"],"inLanguage":"es"},{"@type":"WebPage","@id":"https:\/\/olivamorosicristians.es\/fireta-infantil-i-guanyadors-es-del-concurs-de-dibuix-infantil-2023\/","url":"https:\/\/olivamorosicristians.es\/fireta-infantil-i-guanyadors-es-del-concurs-de-dibuix-infantil-2023\/","name":"Fireta Infantil i guanyadors\/es del Concurs de Dibuix Infantil 2023 - Moros i Cristians Oliva","isPartOf":{"@id":"https:\/\/olivamorosicristians.es\/#website"},"primaryImageOfPage":{"@id":"https:\/\/olivamorosicristians.es\/fireta-infantil-i-guanyadors-es-del-concurs-de-dibuix-infantil-2023\/#primaryimage"},"image":{"@id":"https:\/\/olivamorosicristians.es\/fireta-infantil-i-guanyadors-es-del-concurs-de-dibuix-infantil-2023\/#primaryimage"},"thumbnailUrl":"https:\/\/i0.wp.com\/olivamorosicristians.es\/wp-content\/uploads\/2023\/06\/WhatsApp-Image-2023-06-29-at-18.11.39.jpeg?fit=1024%2C576&ssl=1","datePublished":"2023-06-29T20:07:30+00:00","dateModified":"2023-06-30T13:32:44+00:00","breadcrumb":{"@id":"https:\/\/olivamorosicristians.es\/fireta-infantil-i-guanyadors-es-del-concurs-de-dibuix-infantil-2023\/#breadcrumb"},"inLanguage":"es","potentialAction":[{"@type":"ReadAction","target":["https:\/\/olivamorosicristians.es\/fireta-infantil-i-guanyadors-es-del-concurs-de-dibuix-infantil-2023\/"]}]},{"@type":"ImageObject","inLanguage":"es","@id":"https:\/\/olivamorosicristians.es\/fireta-infantil-i-guanyadors-es-del-concurs-de-dibuix-infantil-2023\/#primaryimage","url":"https:\/\/i0.wp.com\/olivamorosicristians.es\/wp-content\/uploads\/2023\/06\/WhatsApp-Image-2023-06-29-at-18.11.39.jpeg?fit=1024%2C576&ssl=1","contentUrl":"https:\/\/i0.wp.com\/olivamorosicristians.es\/wp-content\/uploads\/2023\/06\/WhatsApp-Image-2023-06-29-at-18.11.39.jpeg?fit=1024%2C576&ssl=1","width":1024,"height":576},{"@type":"BreadcrumbList","@id":"https:\/\/olivamorosicristians.es\/fireta-infantil-i-guanyadors-es-del-concurs-de-dibuix-infantil-2023\/#breadcrumb","itemListElement":[{"@type":"ListItem","position":1,"name":"Portada","item":"https:\/\/olivamorosicristians.es\/"},{"@type":"ListItem","position":2,"name":"Fireta Infantil i guanyadors\/es del Concurs de Dibuix Infantil 2023"}]},{"@type":"WebSite","@id":"https:\/\/olivamorosicristians.es\/#website","url":"https:\/\/olivamorosicristians.es\/","name":"Moros i Cristians Oliva","description":"FMCO","publisher":{"@id":"https:\/\/olivamorosicristians.es\/#organization"},"potentialAction":[{"@type":"SearchAction","target":{"@type":"EntryPoint","urlTemplate":"https:\/\/olivamorosicristians.es\/?s={search_term_string}"},"query-input":{"@type":"PropertyValueSpecification","valueRequired":true,"valueName":"search_term_string"}}],"inLanguage":"es"},{"@type":"Organization","@id":"https:\/\/olivamorosicristians.es\/#organization","name":"La Federaci\u00f3n de Moros y Cristianos de Oliva","url":"https:\/\/olivamorosicristians.es\/","logo":{"@type":"ImageObject","inLanguage":"es","@id":"https:\/\/olivamorosicristians.es\/#\/schema\/logo\/image\/","url":"https:\/\/i2.wp.com\/olivamorosicristians.es\/wp-content\/uploads\/2018\/06\/Icon_FMiCO.png?fit=50%2C50&ssl=1","contentUrl":"https:\/\/i2.wp.com\/olivamorosicristians.es\/wp-content\/uploads\/2018\/06\/Icon_FMiCO.png?fit=50%2C50&ssl=1","width":50,"height":50,"caption":"Federaci\u00f3 de Moros i Cristians - Oliva"},"image":{"@id":"https:\/\/olivamorosicristians.es\/#\/schema\/logo\/image\/"},"sameAs":["https:\/\/www.facebook.com\/federaciodemorosicristiansdoliva\/","https:\/\/www.instagram.com\/morosicristiansoliva\/?hl=es"]},{"@type":"Person","@id":"https:\/\/olivamorosicristians.es\/#\/schema\/person\/21ece052d8816103cad91a2676fd0149","name":"Webmaster","image":{"@type":"ImageObject","inLanguage":"es","@id":"https:\/\/secure.gravatar.com\/avatar\/18de20f14d74abe0c800b423a8b0e24cae6153cb6baeb2c2df80e1cef2117e0d?s=96&d=mm&r=g","url":"https:\/\/secure.gravatar.com\/avatar\/18de20f14d74abe0c800b423a8b0e24cae6153cb6baeb2c2df80e1cef2117e0d?s=96&d=mm&r=g","contentUrl":"https:\/\/secure.gravatar.com\/avatar\/18de20f14d74abe0c800b423a8b0e24cae6153cb6baeb2c2df80e1cef2117e0d?s=96&d=mm&r=g","caption":"Webmaster"},"sameAs":["https:\/\/www.facebook.com\/federaciodemorosicristiansdoliva","https:\/\/www.instagram.com\/morosicristiansoliva\/"]}]}},"jetpack_publicize_connections":[],"jetpack_featured_media_url":"https:\/\/i0.wp.com\/olivamorosicristians.es\/wp-content\/uploads\/2023\/06\/WhatsApp-Image-2023-06-29-at-18.11.39.jpeg?fit=1024%2C576&ssl=1","jetpack_sharing_enabled":true,"jetpack_shortlink":"https:\/\/wp.me\/pagEx6-2Sk","jetpack-related-posts":[],"_links":{"self":[{"href":"https:\/\/olivamorosicristians.es\/es\/wp-json\/wp\/v2\/posts\/11056","targetHints":{"allow":["GET"]}}],"collection":[{"href":"https:\/\/olivamorosicristians.es\/es\/wp-json\/wp\/v2\/posts"}],"about":[{"href":"https:\/\/olivamorosicristians.es\/es\/wp-json\/wp\/v2\/types\/post"}],"author":[{"embeddable":true,"href":"https:\/\/olivamorosicristians.es\/es\/wp-json\/wp\/v2\/users\/1"}],"replies":[{"embeddable":true,"href":"https:\/\/olivamorosicristians.es\/es\/wp-json\/wp\/v2\/comments?post=11056"}],"version-history":[{"count":8,"href":"https:\/\/olivamorosicristians.es\/es\/wp-json\/wp\/v2\/posts\/11056\/revisions"}],"predecessor-version":[{"id":11077,"href":"https:\/\/olivamorosicristians.es\/es\/wp-json\/wp\/v2\/posts\/11056\/revisions\/11077"}],"wp:featuredmedia":[{"embeddable":true,"href":"https:\/\/olivamorosicristians.es\/es\/wp-json\/wp\/v2\/media\/11057"}],"wp:attachment":[{"href":"https:\/\/olivamorosicristians.es\/es\/wp-json\/wp\/v2\/media?parent=11056"}],"wp:term":[{"taxonomy":"category","embeddable":true,"href":"https:\/\/olivamorosicristians.es\/es\/wp-json\/wp\/v2\/categories?post=11056"},{"taxonomy":"post_tag","embeddable":true,"href":"https:\/\/olivamorosicristians.es\/es\/wp-json\/wp\/v2\/tags?post=11056"}],"curies":[{"name":"wp","href":"https:\/\/api.w.org\/{rel}","templated":true}]}}