{"id":10995,"date":"2023-04-27T11:34:02","date_gmt":"2023-04-27T09:34:02","guid":{"rendered":"https:\/\/olivamorosicristians.es\/?p=10995"},"modified":"2023-04-27T11:56:43","modified_gmt":"2023-04-27T09:56:43","slug":"resultat-del-comite-de-valoracio-de-la-crida-a-projecte","status":"publish","type":"post","link":"https:\/\/olivamorosicristians.es\/es\/resultat-del-comite-de-valoracio-de-la-crida-a-projecte\/","title":{"rendered":"Resultat del Comit\u00e8 de Valoraci\u00f3 de la Crida a Projecte"},"content":{"rendered":"<p><h4><strong>Resultat del Comit\u00e8 de Valoraci\u00f3 de la Crida a Projecte per a la imatge de les Festes de Moros i Cristians d\u2019Oliva 2023<\/strong><\/h4><\/p>\n\n\n\n<p>Ahir, 26 d\u2019abril de 2023, va tindre lloc la constituci\u00f3 i reuni\u00f3 del Comit\u00e9 de Valoraci\u00f3 per a les candidatures presentades a la Crida a Projecte per a la imatge gr\u00e0fica de les Festes de Moros i Cristians d\u2019Oliva 2023<\/p>\n\n\n\n<p>El comit\u00e9 va estar format per dos professionals i especialistes en el tema, \u00c1ngel Mart\u00ednez com a representat membre de l\u2019Associaci\u00f3 de Dissenyadors de la Comunitat Valenciana (ADCV) i Xavi Calvo per part de la Fundaci\u00f3 del Disseny.<br>A la secretaria del comit\u00e9 Helena Ma\u00f1\u00f3, professora de disseny gr\u00e0fic en l\u2019EASD d\u2019Alcoi i secret\u00e0ria de la Federaci\u00f3 de Moros i Cristians d\u2019Oliva.<br>Finalment, amb veu per\u00f2 sense vot Yolanda Navarro (Regidora de Festes) i Julio llorca (Regidor de Cultura).<\/p>\n\n\n\n<p>Tothom va coincidir en l\u2019\u00e9xit de participaci\u00f3 i sobretot en la gran qualitat de les propostes postulades.<\/p>\n\n\n\n<p>Despr\u00e9s d\u2019analitzar i valorar les candidatures presentades a trav\u00e9s dels portfolios de treballs i curr\u00edculums, per la seua idoneitat amb els treballs semblants presentats i l\u2019originalitat dels mateixos, el comit\u00e9 va deliberar que la candidatura seleccionada per a realitzar l\u2019enc\u00e0rrec ser\u00e0 Locandia Estudio.<\/p>\n\n\n\n<p>Locandia Estudio&nbsp;\u00e9s un equip de dissenyadors encap\u00e7alat per&nbsp;Rosana&nbsp;Monr\u00f3s&nbsp;Mart\u00ednez i C\u00e9sar Mart\u00ednez Burgos, situat a Quart de Poblet on desenvolupen projectes de comunicaci\u00f3 institucional, il\u00b7lustraci\u00f3, dissenye gr\u00e0fic i br\u00e0nding.<br>Dissenyen i il\u00b7lustren per a transmetre emocions, solucionar problemes comunicatius i connectar amb un missatge fresc, directe i vital.<\/p>\n\n\n\n<p>Amb una gran palmar\u00e8s de premis al m\u00f3n del disseny i clients de gran rellev\u00e0ncia, han realitzat projectes de comunicaci\u00f3 gr\u00e0fica com la 29 Mostra Internacional de pallasses i pallassos de Xirivella, la commemoraci\u00f3 del Dia Internacional del Disseny realitzat per a l&#8217;Associaci\u00f3 de Dissenyadors de la Comunitat Valenciana o el disseny de la identitat corporativa de la nova Xarxa P\u00fablica de Serveis Ling\u00fc\u00edstics Valencians per a la Conselleria d&#8217;Educaci\u00f3, Investigaci\u00f3, Cultura i Esport.<\/p>\n\n\n\n<p>Pots vore m\u00e9s del seu treball ac\u00ed:&nbsp;<a href=\"https:\/\/locandia.com\/\">https:\/\/locandia.com\/<\/a><\/p>\n\n\n\n<p><\/p>","protected":false},"excerpt":{"rendered":"<p>Resultat del Comit\u00e8 de Valoraci\u00f3 de la Crida a Projecte per a la imatge de les Festes de Moros i Cristians d\u2019Oliva 2023 Ahir, 26 d\u2019abril de 2023, va tindre lloc la constituci\u00f3 i reuni\u00f3 del Comit\u00e9 de Valoraci\u00f3 per a les candidatures presentades a la Crida a Projecte per a la imatge gr\u00e0fica de [&hellip;]<\/p>\n","protected":false},"author":1,"featured_media":10997,"comment_status":"closed","ping_status":"open","sticky":false,"template":"","format":"standard","meta":{"jetpack_post_was_ever_published":false,"_jetpack_newsletter_access":"","_jetpack_dont_email_post_to_subs":false,"_jetpack_newsletter_tier_id":0,"_jetpack_memberships_contains_paywalled_content":false,"_jetpack_memberships_contains_paid_content":false,"footnotes":"","jetpack_publicize_message":"","jetpack_publicize_feature_enabled":true,"jetpack_social_post_already_shared":true,"jetpack_social_options":{"image_generator_settings":{"template":"highway","default_image_id":0,"font":"","enabled":false},"version":2}},"categories":[2],"tags":[],"class_list":["post-10995","post","type-post","status-publish","format-standard","has-post-thumbnail","hentry","category-federacio"],"yoast_head":"<!-- This site is optimized with the Yoast SEO plugin v27.4 - https:\/\/yoast.com\/product\/yoast-seo-wordpress\/ -->\n<title>Resultat del Comit\u00e8 de Valoraci\u00f3 de la Crida a Projecte - Moros i Cristians Oliva<\/title>\n<meta name=\"robots\" content=\"index, follow, max-snippet:-1, max-image-preview:large, max-video-preview:-1\" \/>\n<link rel=\"canonical\" href=\"https:\/\/olivamorosicristians.es\/es\/resultat-del-comite-de-valoracio-de-la-crida-a-projecte\/\" \/>\n<meta property=\"og:locale\" content=\"es_ES\" \/>\n<meta property=\"og:type\" content=\"article\" \/>\n<meta property=\"og:title\" content=\"Resultat del Comit\u00e8 de Valoraci\u00f3 de la Crida a Projecte - Moros i Cristians Oliva\" \/>\n<meta property=\"og:description\" content=\"Resultat del Comit\u00e8 de Valoraci\u00f3 de la Crida a Projecte per a la imatge de les Festes de Moros i Cristians d\u2019Oliva 2023 Ahir, 26 d\u2019abril de 2023, va tindre lloc la constituci\u00f3 i reuni\u00f3 del Comit\u00e9 de Valoraci\u00f3 per a les candidatures presentades a la Crida a Projecte per a la imatge gr\u00e0fica de [&hellip;]\" \/>\n<meta property=\"og:url\" content=\"https:\/\/olivamorosicristians.es\/es\/resultat-del-comite-de-valoracio-de-la-crida-a-projecte\/\" \/>\n<meta property=\"og:site_name\" content=\"Moros i Cristians Oliva\" \/>\n<meta property=\"article:publisher\" content=\"https:\/\/www.facebook.com\/federaciodemorosicristiansdoliva\/\" \/>\n<meta property=\"article:author\" content=\"https:\/\/www.facebook.com\/federaciodemorosicristiansdoliva\" \/>\n<meta property=\"article:published_time\" content=\"2023-04-27T09:34:02+00:00\" \/>\n<meta property=\"article:modified_time\" content=\"2023-04-27T09:56:43+00:00\" \/>\n<meta property=\"og:image\" content=\"https:\/\/olivamorosicristians.es\/wp-content\/uploads\/2023\/04\/anunci_RESULTAT-Crida-scaled.jpg\" \/>\n\t<meta property=\"og:image:width\" content=\"2560\" \/>\n\t<meta property=\"og:image:height\" content=\"1440\" \/>\n\t<meta property=\"og:image:type\" content=\"image\/jpeg\" \/>\n<meta name=\"author\" content=\"Webmaster\" \/>\n<meta name=\"twitter:card\" content=\"summary_large_image\" \/>\n<meta name=\"twitter:label1\" content=\"Escrito por\" \/>\n\t<meta name=\"twitter:data1\" content=\"Webmaster\" \/>\n\t<meta name=\"twitter:label2\" content=\"Tiempo de lectura\" \/>\n\t<meta name=\"twitter:data2\" content=\"2 minutos\" \/>\n<script type=\"application\/ld+json\" class=\"yoast-schema-graph\">{\"@context\":\"https:\\\/\\\/schema.org\",\"@graph\":[{\"@type\":\"Article\",\"@id\":\"https:\\\/\\\/olivamorosicristians.es\\\/resultat-del-comite-de-valoracio-de-la-crida-a-projecte\\\/#article\",\"isPartOf\":{\"@id\":\"https:\\\/\\\/olivamorosicristians.es\\\/resultat-del-comite-de-valoracio-de-la-crida-a-projecte\\\/\"},\"author\":{\"name\":\"Webmaster\",\"@id\":\"https:\\\/\\\/olivamorosicristians.es\\\/#\\\/schema\\\/person\\\/21ece052d8816103cad91a2676fd0149\"},\"headline\":\"Resultat del Comit\u00e8 de Valoraci\u00f3 de la Crida a Projecte\",\"datePublished\":\"2023-04-27T09:34:02+00:00\",\"dateModified\":\"2023-04-27T09:56:43+00:00\",\"mainEntityOfPage\":{\"@id\":\"https:\\\/\\\/olivamorosicristians.es\\\/resultat-del-comite-de-valoracio-de-la-crida-a-projecte\\\/\"},\"wordCount\":384,\"publisher\":{\"@id\":\"https:\\\/\\\/olivamorosicristians.es\\\/#organization\"},\"image\":{\"@id\":\"https:\\\/\\\/olivamorosicristians.es\\\/resultat-del-comite-de-valoracio-de-la-crida-a-projecte\\\/#primaryimage\"},\"thumbnailUrl\":\"https:\\\/\\\/i0.wp.com\\\/olivamorosicristians.es\\\/wp-content\\\/uploads\\\/2023\\\/04\\\/anunci_RESULTAT-Crida-scaled.jpg?fit=2560%2C1440&ssl=1\",\"articleSection\":[\"Federaci\u00f3\"],\"inLanguage\":\"es\"},{\"@type\":\"WebPage\",\"@id\":\"https:\\\/\\\/olivamorosicristians.es\\\/resultat-del-comite-de-valoracio-de-la-crida-a-projecte\\\/\",\"url\":\"https:\\\/\\\/olivamorosicristians.es\\\/resultat-del-comite-de-valoracio-de-la-crida-a-projecte\\\/\",\"name\":\"Resultat del Comit\u00e8 de Valoraci\u00f3 de la Crida a Projecte - Moros i Cristians Oliva\",\"isPartOf\":{\"@id\":\"https:\\\/\\\/olivamorosicristians.es\\\/#website\"},\"primaryImageOfPage\":{\"@id\":\"https:\\\/\\\/olivamorosicristians.es\\\/resultat-del-comite-de-valoracio-de-la-crida-a-projecte\\\/#primaryimage\"},\"image\":{\"@id\":\"https:\\\/\\\/olivamorosicristians.es\\\/resultat-del-comite-de-valoracio-de-la-crida-a-projecte\\\/#primaryimage\"},\"thumbnailUrl\":\"https:\\\/\\\/i0.wp.com\\\/olivamorosicristians.es\\\/wp-content\\\/uploads\\\/2023\\\/04\\\/anunci_RESULTAT-Crida-scaled.jpg?fit=2560%2C1440&ssl=1\",\"datePublished\":\"2023-04-27T09:34:02+00:00\",\"dateModified\":\"2023-04-27T09:56:43+00:00\",\"breadcrumb\":{\"@id\":\"https:\\\/\\\/olivamorosicristians.es\\\/resultat-del-comite-de-valoracio-de-la-crida-a-projecte\\\/#breadcrumb\"},\"inLanguage\":\"es\",\"potentialAction\":[{\"@type\":\"ReadAction\",\"target\":[\"https:\\\/\\\/olivamorosicristians.es\\\/resultat-del-comite-de-valoracio-de-la-crida-a-projecte\\\/\"]}]},{\"@type\":\"ImageObject\",\"inLanguage\":\"es\",\"@id\":\"https:\\\/\\\/olivamorosicristians.es\\\/resultat-del-comite-de-valoracio-de-la-crida-a-projecte\\\/#primaryimage\",\"url\":\"https:\\\/\\\/i0.wp.com\\\/olivamorosicristians.es\\\/wp-content\\\/uploads\\\/2023\\\/04\\\/anunci_RESULTAT-Crida-scaled.jpg?fit=2560%2C1440&ssl=1\",\"contentUrl\":\"https:\\\/\\\/i0.wp.com\\\/olivamorosicristians.es\\\/wp-content\\\/uploads\\\/2023\\\/04\\\/anunci_RESULTAT-Crida-scaled.jpg?fit=2560%2C1440&ssl=1\",\"width\":2560,\"height\":1440},{\"@type\":\"BreadcrumbList\",\"@id\":\"https:\\\/\\\/olivamorosicristians.es\\\/resultat-del-comite-de-valoracio-de-la-crida-a-projecte\\\/#breadcrumb\",\"itemListElement\":[{\"@type\":\"ListItem\",\"position\":1,\"name\":\"Portada\",\"item\":\"https:\\\/\\\/olivamorosicristians.es\\\/\"},{\"@type\":\"ListItem\",\"position\":2,\"name\":\"Resultat del Comit\u00e8 de Valoraci\u00f3 de la Crida a Projecte\"}]},{\"@type\":\"WebSite\",\"@id\":\"https:\\\/\\\/olivamorosicristians.es\\\/#website\",\"url\":\"https:\\\/\\\/olivamorosicristians.es\\\/\",\"name\":\"Moros i Cristians Oliva\",\"description\":\"FMCO\",\"publisher\":{\"@id\":\"https:\\\/\\\/olivamorosicristians.es\\\/#organization\"},\"potentialAction\":[{\"@type\":\"SearchAction\",\"target\":{\"@type\":\"EntryPoint\",\"urlTemplate\":\"https:\\\/\\\/olivamorosicristians.es\\\/?s={search_term_string}\"},\"query-input\":{\"@type\":\"PropertyValueSpecification\",\"valueRequired\":true,\"valueName\":\"search_term_string\"}}],\"inLanguage\":\"es\"},{\"@type\":\"Organization\",\"@id\":\"https:\\\/\\\/olivamorosicristians.es\\\/#organization\",\"name\":\"Federaci\u00f3 de Moros i Cristians - Oliva\",\"url\":\"https:\\\/\\\/olivamorosicristians.es\\\/\",\"logo\":{\"@type\":\"ImageObject\",\"inLanguage\":\"es\",\"@id\":\"https:\\\/\\\/olivamorosicristians.es\\\/#\\\/schema\\\/logo\\\/image\\\/\",\"url\":\"https:\\\/\\\/i2.wp.com\\\/olivamorosicristians.es\\\/wp-content\\\/uploads\\\/2018\\\/06\\\/Icon_FMiCO.png?fit=50%2C50&ssl=1\",\"contentUrl\":\"https:\\\/\\\/i2.wp.com\\\/olivamorosicristians.es\\\/wp-content\\\/uploads\\\/2018\\\/06\\\/Icon_FMiCO.png?fit=50%2C50&ssl=1\",\"width\":50,\"height\":50,\"caption\":\"Federaci\u00f3 de Moros i Cristians - Oliva\"},\"image\":{\"@id\":\"https:\\\/\\\/olivamorosicristians.es\\\/#\\\/schema\\\/logo\\\/image\\\/\"},\"sameAs\":[\"https:\\\/\\\/www.facebook.com\\\/federaciodemorosicristiansdoliva\\\/\",\"https:\\\/\\\/www.instagram.com\\\/morosicristiansoliva\\\/?hl=es\"]},{\"@type\":\"Person\",\"@id\":\"https:\\\/\\\/olivamorosicristians.es\\\/#\\\/schema\\\/person\\\/21ece052d8816103cad91a2676fd0149\",\"name\":\"Webmaster\",\"image\":{\"@type\":\"ImageObject\",\"inLanguage\":\"es\",\"@id\":\"https:\\\/\\\/secure.gravatar.com\\\/avatar\\\/18de20f14d74abe0c800b423a8b0e24cae6153cb6baeb2c2df80e1cef2117e0d?s=96&d=mm&r=g\",\"url\":\"https:\\\/\\\/secure.gravatar.com\\\/avatar\\\/18de20f14d74abe0c800b423a8b0e24cae6153cb6baeb2c2df80e1cef2117e0d?s=96&d=mm&r=g\",\"contentUrl\":\"https:\\\/\\\/secure.gravatar.com\\\/avatar\\\/18de20f14d74abe0c800b423a8b0e24cae6153cb6baeb2c2df80e1cef2117e0d?s=96&d=mm&r=g\",\"caption\":\"Webmaster\"},\"sameAs\":[\"https:\\\/\\\/www.facebook.com\\\/federaciodemorosicristiansdoliva\",\"https:\\\/\\\/www.instagram.com\\\/morosicristiansoliva\\\/\"]}]}<\/script>\n<!-- \/ Yoast SEO plugin. -->","yoast_head_json":{"title":"Resultat del Comit\u00e8 de Valoraci\u00f3 de la Crida a Projecte - Moros i Cristians Oliva","robots":{"index":"index","follow":"follow","max-snippet":"max-snippet:-1","max-image-preview":"max-image-preview:large","max-video-preview":"max-video-preview:-1"},"canonical":"https:\/\/olivamorosicristians.es\/es\/resultat-del-comite-de-valoracio-de-la-crida-a-projecte\/","og_locale":"es_ES","og_type":"article","og_title":"Resultat del Comit\u00e8 de Valoraci\u00f3 de la Crida a Projecte - Moros i Cristians Oliva","og_description":"Resultat del Comit\u00e8 de Valoraci\u00f3 de la Crida a Projecte per a la imatge de les Festes de Moros i Cristians d\u2019Oliva 2023 Ahir, 26 d\u2019abril de 2023, va tindre lloc la constituci\u00f3 i reuni\u00f3 del Comit\u00e9 de Valoraci\u00f3 per a les candidatures presentades a la Crida a Projecte per a la imatge gr\u00e0fica de [&hellip;]","og_url":"https:\/\/olivamorosicristians.es\/es\/resultat-del-comite-de-valoracio-de-la-crida-a-projecte\/","og_site_name":"Moros i Cristians Oliva","article_publisher":"https:\/\/www.facebook.com\/federaciodemorosicristiansdoliva\/","article_author":"https:\/\/www.facebook.com\/federaciodemorosicristiansdoliva","article_published_time":"2023-04-27T09:34:02+00:00","article_modified_time":"2023-04-27T09:56:43+00:00","og_image":[{"width":2560,"height":1440,"url":"https:\/\/olivamorosicristians.es\/wp-content\/uploads\/2023\/04\/anunci_RESULTAT-Crida-scaled.jpg","type":"image\/jpeg"}],"author":"Webmaster","twitter_card":"summary_large_image","twitter_misc":{"Escrito por":"Webmaster","Tiempo de lectura":"2 minutos"},"schema":{"@context":"https:\/\/schema.org","@graph":[{"@type":"Article","@id":"https:\/\/olivamorosicristians.es\/resultat-del-comite-de-valoracio-de-la-crida-a-projecte\/#article","isPartOf":{"@id":"https:\/\/olivamorosicristians.es\/resultat-del-comite-de-valoracio-de-la-crida-a-projecte\/"},"author":{"name":"Webmaster","@id":"https:\/\/olivamorosicristians.es\/#\/schema\/person\/21ece052d8816103cad91a2676fd0149"},"headline":"Resultat del Comit\u00e8 de Valoraci\u00f3 de la Crida a Projecte","datePublished":"2023-04-27T09:34:02+00:00","dateModified":"2023-04-27T09:56:43+00:00","mainEntityOfPage":{"@id":"https:\/\/olivamorosicristians.es\/resultat-del-comite-de-valoracio-de-la-crida-a-projecte\/"},"wordCount":384,"publisher":{"@id":"https:\/\/olivamorosicristians.es\/#organization"},"image":{"@id":"https:\/\/olivamorosicristians.es\/resultat-del-comite-de-valoracio-de-la-crida-a-projecte\/#primaryimage"},"thumbnailUrl":"https:\/\/i0.wp.com\/olivamorosicristians.es\/wp-content\/uploads\/2023\/04\/anunci_RESULTAT-Crida-scaled.jpg?fit=2560%2C1440&ssl=1","articleSection":["Federaci\u00f3"],"inLanguage":"es"},{"@type":"WebPage","@id":"https:\/\/olivamorosicristians.es\/resultat-del-comite-de-valoracio-de-la-crida-a-projecte\/","url":"https:\/\/olivamorosicristians.es\/resultat-del-comite-de-valoracio-de-la-crida-a-projecte\/","name":"Resultat del Comit\u00e8 de Valoraci\u00f3 de la Crida a Projecte - Moros i Cristians Oliva","isPartOf":{"@id":"https:\/\/olivamorosicristians.es\/#website"},"primaryImageOfPage":{"@id":"https:\/\/olivamorosicristians.es\/resultat-del-comite-de-valoracio-de-la-crida-a-projecte\/#primaryimage"},"image":{"@id":"https:\/\/olivamorosicristians.es\/resultat-del-comite-de-valoracio-de-la-crida-a-projecte\/#primaryimage"},"thumbnailUrl":"https:\/\/i0.wp.com\/olivamorosicristians.es\/wp-content\/uploads\/2023\/04\/anunci_RESULTAT-Crida-scaled.jpg?fit=2560%2C1440&ssl=1","datePublished":"2023-04-27T09:34:02+00:00","dateModified":"2023-04-27T09:56:43+00:00","breadcrumb":{"@id":"https:\/\/olivamorosicristians.es\/resultat-del-comite-de-valoracio-de-la-crida-a-projecte\/#breadcrumb"},"inLanguage":"es","potentialAction":[{"@type":"ReadAction","target":["https:\/\/olivamorosicristians.es\/resultat-del-comite-de-valoracio-de-la-crida-a-projecte\/"]}]},{"@type":"ImageObject","inLanguage":"es","@id":"https:\/\/olivamorosicristians.es\/resultat-del-comite-de-valoracio-de-la-crida-a-projecte\/#primaryimage","url":"https:\/\/i0.wp.com\/olivamorosicristians.es\/wp-content\/uploads\/2023\/04\/anunci_RESULTAT-Crida-scaled.jpg?fit=2560%2C1440&ssl=1","contentUrl":"https:\/\/i0.wp.com\/olivamorosicristians.es\/wp-content\/uploads\/2023\/04\/anunci_RESULTAT-Crida-scaled.jpg?fit=2560%2C1440&ssl=1","width":2560,"height":1440},{"@type":"BreadcrumbList","@id":"https:\/\/olivamorosicristians.es\/resultat-del-comite-de-valoracio-de-la-crida-a-projecte\/#breadcrumb","itemListElement":[{"@type":"ListItem","position":1,"name":"Portada","item":"https:\/\/olivamorosicristians.es\/"},{"@type":"ListItem","position":2,"name":"Resultat del Comit\u00e8 de Valoraci\u00f3 de la Crida a Projecte"}]},{"@type":"WebSite","@id":"https:\/\/olivamorosicristians.es\/#website","url":"https:\/\/olivamorosicristians.es\/","name":"Moros i Cristians Oliva","description":"FMCO","publisher":{"@id":"https:\/\/olivamorosicristians.es\/#organization"},"potentialAction":[{"@type":"SearchAction","target":{"@type":"EntryPoint","urlTemplate":"https:\/\/olivamorosicristians.es\/?s={search_term_string}"},"query-input":{"@type":"PropertyValueSpecification","valueRequired":true,"valueName":"search_term_string"}}],"inLanguage":"es"},{"@type":"Organization","@id":"https:\/\/olivamorosicristians.es\/#organization","name":"La Federaci\u00f3n de Moros y Cristianos de Oliva","url":"https:\/\/olivamorosicristians.es\/","logo":{"@type":"ImageObject","inLanguage":"es","@id":"https:\/\/olivamorosicristians.es\/#\/schema\/logo\/image\/","url":"https:\/\/i2.wp.com\/olivamorosicristians.es\/wp-content\/uploads\/2018\/06\/Icon_FMiCO.png?fit=50%2C50&ssl=1","contentUrl":"https:\/\/i2.wp.com\/olivamorosicristians.es\/wp-content\/uploads\/2018\/06\/Icon_FMiCO.png?fit=50%2C50&ssl=1","width":50,"height":50,"caption":"Federaci\u00f3 de Moros i Cristians - Oliva"},"image":{"@id":"https:\/\/olivamorosicristians.es\/#\/schema\/logo\/image\/"},"sameAs":["https:\/\/www.facebook.com\/federaciodemorosicristiansdoliva\/","https:\/\/www.instagram.com\/morosicristiansoliva\/?hl=es"]},{"@type":"Person","@id":"https:\/\/olivamorosicristians.es\/#\/schema\/person\/21ece052d8816103cad91a2676fd0149","name":"Webmaster","image":{"@type":"ImageObject","inLanguage":"es","@id":"https:\/\/secure.gravatar.com\/avatar\/18de20f14d74abe0c800b423a8b0e24cae6153cb6baeb2c2df80e1cef2117e0d?s=96&d=mm&r=g","url":"https:\/\/secure.gravatar.com\/avatar\/18de20f14d74abe0c800b423a8b0e24cae6153cb6baeb2c2df80e1cef2117e0d?s=96&d=mm&r=g","contentUrl":"https:\/\/secure.gravatar.com\/avatar\/18de20f14d74abe0c800b423a8b0e24cae6153cb6baeb2c2df80e1cef2117e0d?s=96&d=mm&r=g","caption":"Webmaster"},"sameAs":["https:\/\/www.facebook.com\/federaciodemorosicristiansdoliva","https:\/\/www.instagram.com\/morosicristiansoliva\/"]}]}},"jetpack_publicize_connections":[],"jetpack_featured_media_url":"https:\/\/i0.wp.com\/olivamorosicristians.es\/wp-content\/uploads\/2023\/04\/anunci_RESULTAT-Crida-scaled.jpg?fit=2560%2C1440&ssl=1","jetpack_sharing_enabled":true,"jetpack_shortlink":"https:\/\/wp.me\/pagEx6-2Rl","jetpack-related-posts":[],"_links":{"self":[{"href":"https:\/\/olivamorosicristians.es\/es\/wp-json\/wp\/v2\/posts\/10995","targetHints":{"allow":["GET"]}}],"collection":[{"href":"https:\/\/olivamorosicristians.es\/es\/wp-json\/wp\/v2\/posts"}],"about":[{"href":"https:\/\/olivamorosicristians.es\/es\/wp-json\/wp\/v2\/types\/post"}],"author":[{"embeddable":true,"href":"https:\/\/olivamorosicristians.es\/es\/wp-json\/wp\/v2\/users\/1"}],"replies":[{"embeddable":true,"href":"https:\/\/olivamorosicristians.es\/es\/wp-json\/wp\/v2\/comments?post=10995"}],"version-history":[{"count":5,"href":"https:\/\/olivamorosicristians.es\/es\/wp-json\/wp\/v2\/posts\/10995\/revisions"}],"predecessor-version":[{"id":11005,"href":"https:\/\/olivamorosicristians.es\/es\/wp-json\/wp\/v2\/posts\/10995\/revisions\/11005"}],"wp:featuredmedia":[{"embeddable":true,"href":"https:\/\/olivamorosicristians.es\/es\/wp-json\/wp\/v2\/media\/10997"}],"wp:attachment":[{"href":"https:\/\/olivamorosicristians.es\/es\/wp-json\/wp\/v2\/media?parent=10995"}],"wp:term":[{"taxonomy":"category","embeddable":true,"href":"https:\/\/olivamorosicristians.es\/es\/wp-json\/wp\/v2\/categories?post=10995"},{"taxonomy":"post_tag","embeddable":true,"href":"https:\/\/olivamorosicristians.es\/es\/wp-json\/wp\/v2\/tags?post=10995"}],"curies":[{"name":"wp","href":"https:\/\/api.w.org\/{rel}","templated":true}]}}