{"id":10988,"date":"2023-04-25T20:15:14","date_gmt":"2023-04-25T18:15:14","guid":{"rendered":"https:\/\/olivamorosicristians.es\/?p=10988"},"modified":"2023-04-25T20:19:52","modified_gmt":"2023-04-25T18:19:52","slug":"concurs-de-dibuix-infantil","status":"publish","type":"post","link":"https:\/\/olivamorosicristians.es\/es\/concurs-de-dibuix-infantil\/","title":{"rendered":"Concurs de Dibuix Infantil"},"content":{"rendered":"<p><strong>La Federaci\u00f3 de Moros i Cristians d\u2019Oliva convoca un any m\u00e9s el tradicional Concurs de Dibuix<\/strong> <strong>Infantil.\u00a0<\/strong><\/p>\n\n\n\n<p>Com a novetat, el concurs es celebrar\u00e0&nbsp;<strong>m\u00e9s pr\u00f2xim a festes<\/strong>. Sempre s\u2019han atorgat els premis al concurs de putxeros del Mig Any.&nbsp;<\/p>\n\n\n\n<p>Ara, per donar-li m\u00e9s import\u00e0ncia, es celebrar\u00e0 al mes de juny. Els dibuixos participants hauran d\u2019estar presentats&nbsp;<strong>abans del 25 de maig<\/strong>.&nbsp;<\/p>\n\n\n\n<p>La deliberaci\u00f3 es realitzar\u00e0 abans del 15 de juny, moment en el qual comen\u00e7ar\u00e0 a comunicar-se als guanyadors quin premi han obtingut.&nbsp;<\/p>\n\n\n\n<p>L\u2019entrega dels premis ser\u00e0 l\u2019<strong>1 de juliol<\/strong>, a la&nbsp;<strong>Fireta Infantil&nbsp;<\/strong>que organitza la Federaci\u00f3 de Moros i Cristians d\u2019OIiva.<\/p>\n\n\n\n<p>Hi ha dues categories:<\/p>\n\n\n\n<p>Categoria A) Xiquets i xiquetes dels cursos de 3r i 4t de Prim\u00e0ria<\/p>\n\n\n\n<p>Categoria B) Xiquets i xiquetes dels cursos 5\u00e9 i 6\u00e9 de Prim\u00e0ria<\/p>\n\n\n\n<p>L\u2019exposici\u00f3 dels dibuixos participants es podr\u00e0 visitar a la Sala d\u2019Exposicions Municipals (Casa Maians) de l&#8217;1 al 23 de juny.<\/p>\n\n\n\n<p>Hi haur\u00e0 1r, 2n i 3r premi de les dues categories, i cada participant nom\u00e9s podr\u00e0 presentar un \u00fanic dibuix, amb t\u00e8cnica lliure.&nbsp;<\/p>\n\n\n\n<p>Anima\u2019t a participar!<\/p>","protected":false},"excerpt":{"rendered":"<p>La Federaci\u00f3 de Moros i Cristians d\u2019Oliva convoca un any m\u00e9s el tradicional Concurs de Dibuix Infantil.\u00a0 Com a novetat, el concurs es celebrar\u00e0&nbsp;m\u00e9s pr\u00f2xim a festes. Sempre s\u2019han atorgat els premis al concurs de putxeros del Mig Any.&nbsp; Ara, per donar-li m\u00e9s import\u00e0ncia, es celebrar\u00e0 al mes de juny. Els dibuixos participants hauran d\u2019estar [&hellip;]<\/p>\n","protected":false},"author":1,"featured_media":10989,"comment_status":"closed","ping_status":"open","sticky":false,"template":"","format":"standard","meta":{"jetpack_post_was_ever_published":false,"_jetpack_newsletter_access":"","_jetpack_dont_email_post_to_subs":false,"_jetpack_newsletter_tier_id":0,"_jetpack_memberships_contains_paywalled_content":false,"_jetpack_memberships_contains_paid_content":false,"footnotes":"","jetpack_publicize_message":"","jetpack_publicize_feature_enabled":true,"jetpack_social_post_already_shared":true,"jetpack_social_options":{"image_generator_settings":{"template":"highway","default_image_id":0,"font":"","enabled":false},"version":2}},"categories":[143],"tags":[],"class_list":["post-10988","post","type-post","status-publish","format-standard","has-post-thumbnail","hentry","category-concursos"],"yoast_head":"<!-- This site is optimized with the Yoast SEO plugin v27.4 - https:\/\/yoast.com\/product\/yoast-seo-wordpress\/ -->\n<title>Concurs de Dibuix Infantil - Moros i Cristians Oliva<\/title>\n<meta name=\"robots\" content=\"index, follow, max-snippet:-1, max-image-preview:large, max-video-preview:-1\" \/>\n<link rel=\"canonical\" href=\"https:\/\/olivamorosicristians.es\/es\/concurs-de-dibuix-infantil\/\" \/>\n<meta property=\"og:locale\" content=\"es_ES\" \/>\n<meta property=\"og:type\" content=\"article\" \/>\n<meta property=\"og:title\" content=\"Concurs de Dibuix Infantil - Moros i Cristians Oliva\" \/>\n<meta property=\"og:description\" content=\"La Federaci\u00f3 de Moros i Cristians d\u2019Oliva convoca un any m\u00e9s el tradicional Concurs de Dibuix Infantil.\u00a0 Com a novetat, el concurs es celebrar\u00e0&nbsp;m\u00e9s pr\u00f2xim a festes. Sempre s\u2019han atorgat els premis al concurs de putxeros del Mig Any.&nbsp; Ara, per donar-li m\u00e9s import\u00e0ncia, es celebrar\u00e0 al mes de juny. Els dibuixos participants hauran d\u2019estar [&hellip;]\" \/>\n<meta property=\"og:url\" content=\"https:\/\/olivamorosicristians.es\/es\/concurs-de-dibuix-infantil\/\" \/>\n<meta property=\"og:site_name\" content=\"Moros i Cristians Oliva\" \/>\n<meta property=\"article:publisher\" content=\"https:\/\/www.facebook.com\/federaciodemorosicristiansdoliva\/\" \/>\n<meta property=\"article:author\" content=\"https:\/\/www.facebook.com\/federaciodemorosicristiansdoliva\" \/>\n<meta property=\"article:published_time\" content=\"2023-04-25T18:15:14+00:00\" \/>\n<meta property=\"article:modified_time\" content=\"2023-04-25T18:19:52+00:00\" \/>\n<meta property=\"og:image\" content=\"https:\/\/olivamorosicristians.es\/wp-content\/uploads\/2023\/04\/ConcursDibuix-2023_Anunci_web-scaled.jpg\" \/>\n\t<meta property=\"og:image:width\" content=\"2560\" \/>\n\t<meta property=\"og:image:height\" content=\"1440\" \/>\n\t<meta property=\"og:image:type\" content=\"image\/jpeg\" \/>\n<meta name=\"author\" content=\"Webmaster\" \/>\n<meta name=\"twitter:card\" content=\"summary_large_image\" \/>\n<meta name=\"twitter:label1\" content=\"Escrito por\" \/>\n\t<meta name=\"twitter:data1\" content=\"Webmaster\" \/>\n\t<meta name=\"twitter:label2\" content=\"Tiempo de lectura\" \/>\n\t<meta name=\"twitter:data2\" content=\"1 minuto\" \/>\n<script type=\"application\/ld+json\" class=\"yoast-schema-graph\">{\"@context\":\"https:\\\/\\\/schema.org\",\"@graph\":[{\"@type\":\"Article\",\"@id\":\"https:\\\/\\\/olivamorosicristians.es\\\/concurs-de-dibuix-infantil\\\/#article\",\"isPartOf\":{\"@id\":\"https:\\\/\\\/olivamorosicristians.es\\\/concurs-de-dibuix-infantil\\\/\"},\"author\":{\"name\":\"Webmaster\",\"@id\":\"https:\\\/\\\/olivamorosicristians.es\\\/#\\\/schema\\\/person\\\/21ece052d8816103cad91a2676fd0149\"},\"headline\":\"Concurs de Dibuix Infantil\",\"datePublished\":\"2023-04-25T18:15:14+00:00\",\"dateModified\":\"2023-04-25T18:19:52+00:00\",\"mainEntityOfPage\":{\"@id\":\"https:\\\/\\\/olivamorosicristians.es\\\/concurs-de-dibuix-infantil\\\/\"},\"wordCount\":204,\"publisher\":{\"@id\":\"https:\\\/\\\/olivamorosicristians.es\\\/#organization\"},\"image\":{\"@id\":\"https:\\\/\\\/olivamorosicristians.es\\\/concurs-de-dibuix-infantil\\\/#primaryimage\"},\"thumbnailUrl\":\"https:\\\/\\\/i0.wp.com\\\/olivamorosicristians.es\\\/wp-content\\\/uploads\\\/2023\\\/04\\\/ConcursDibuix-2023_Anunci_web-scaled.jpg?fit=2560%2C1440&ssl=1\",\"articleSection\":[\"Concursos\"],\"inLanguage\":\"es\"},{\"@type\":\"WebPage\",\"@id\":\"https:\\\/\\\/olivamorosicristians.es\\\/concurs-de-dibuix-infantil\\\/\",\"url\":\"https:\\\/\\\/olivamorosicristians.es\\\/concurs-de-dibuix-infantil\\\/\",\"name\":\"Concurs de Dibuix Infantil - Moros i Cristians Oliva\",\"isPartOf\":{\"@id\":\"https:\\\/\\\/olivamorosicristians.es\\\/#website\"},\"primaryImageOfPage\":{\"@id\":\"https:\\\/\\\/olivamorosicristians.es\\\/concurs-de-dibuix-infantil\\\/#primaryimage\"},\"image\":{\"@id\":\"https:\\\/\\\/olivamorosicristians.es\\\/concurs-de-dibuix-infantil\\\/#primaryimage\"},\"thumbnailUrl\":\"https:\\\/\\\/i0.wp.com\\\/olivamorosicristians.es\\\/wp-content\\\/uploads\\\/2023\\\/04\\\/ConcursDibuix-2023_Anunci_web-scaled.jpg?fit=2560%2C1440&ssl=1\",\"datePublished\":\"2023-04-25T18:15:14+00:00\",\"dateModified\":\"2023-04-25T18:19:52+00:00\",\"breadcrumb\":{\"@id\":\"https:\\\/\\\/olivamorosicristians.es\\\/concurs-de-dibuix-infantil\\\/#breadcrumb\"},\"inLanguage\":\"es\",\"potentialAction\":[{\"@type\":\"ReadAction\",\"target\":[\"https:\\\/\\\/olivamorosicristians.es\\\/concurs-de-dibuix-infantil\\\/\"]}]},{\"@type\":\"ImageObject\",\"inLanguage\":\"es\",\"@id\":\"https:\\\/\\\/olivamorosicristians.es\\\/concurs-de-dibuix-infantil\\\/#primaryimage\",\"url\":\"https:\\\/\\\/i0.wp.com\\\/olivamorosicristians.es\\\/wp-content\\\/uploads\\\/2023\\\/04\\\/ConcursDibuix-2023_Anunci_web-scaled.jpg?fit=2560%2C1440&ssl=1\",\"contentUrl\":\"https:\\\/\\\/i0.wp.com\\\/olivamorosicristians.es\\\/wp-content\\\/uploads\\\/2023\\\/04\\\/ConcursDibuix-2023_Anunci_web-scaled.jpg?fit=2560%2C1440&ssl=1\",\"width\":2560,\"height\":1440},{\"@type\":\"BreadcrumbList\",\"@id\":\"https:\\\/\\\/olivamorosicristians.es\\\/concurs-de-dibuix-infantil\\\/#breadcrumb\",\"itemListElement\":[{\"@type\":\"ListItem\",\"position\":1,\"name\":\"Portada\",\"item\":\"https:\\\/\\\/olivamorosicristians.es\\\/\"},{\"@type\":\"ListItem\",\"position\":2,\"name\":\"Concurs de Dibuix Infantil\"}]},{\"@type\":\"WebSite\",\"@id\":\"https:\\\/\\\/olivamorosicristians.es\\\/#website\",\"url\":\"https:\\\/\\\/olivamorosicristians.es\\\/\",\"name\":\"Moros i Cristians Oliva\",\"description\":\"FMCO\",\"publisher\":{\"@id\":\"https:\\\/\\\/olivamorosicristians.es\\\/#organization\"},\"potentialAction\":[{\"@type\":\"SearchAction\",\"target\":{\"@type\":\"EntryPoint\",\"urlTemplate\":\"https:\\\/\\\/olivamorosicristians.es\\\/?s={search_term_string}\"},\"query-input\":{\"@type\":\"PropertyValueSpecification\",\"valueRequired\":true,\"valueName\":\"search_term_string\"}}],\"inLanguage\":\"es\"},{\"@type\":\"Organization\",\"@id\":\"https:\\\/\\\/olivamorosicristians.es\\\/#organization\",\"name\":\"Federaci\u00f3 de Moros i Cristians - Oliva\",\"url\":\"https:\\\/\\\/olivamorosicristians.es\\\/\",\"logo\":{\"@type\":\"ImageObject\",\"inLanguage\":\"es\",\"@id\":\"https:\\\/\\\/olivamorosicristians.es\\\/#\\\/schema\\\/logo\\\/image\\\/\",\"url\":\"https:\\\/\\\/i2.wp.com\\\/olivamorosicristians.es\\\/wp-content\\\/uploads\\\/2018\\\/06\\\/Icon_FMiCO.png?fit=50%2C50&ssl=1\",\"contentUrl\":\"https:\\\/\\\/i2.wp.com\\\/olivamorosicristians.es\\\/wp-content\\\/uploads\\\/2018\\\/06\\\/Icon_FMiCO.png?fit=50%2C50&ssl=1\",\"width\":50,\"height\":50,\"caption\":\"Federaci\u00f3 de Moros i Cristians - Oliva\"},\"image\":{\"@id\":\"https:\\\/\\\/olivamorosicristians.es\\\/#\\\/schema\\\/logo\\\/image\\\/\"},\"sameAs\":[\"https:\\\/\\\/www.facebook.com\\\/federaciodemorosicristiansdoliva\\\/\",\"https:\\\/\\\/www.instagram.com\\\/morosicristiansoliva\\\/?hl=es\"]},{\"@type\":\"Person\",\"@id\":\"https:\\\/\\\/olivamorosicristians.es\\\/#\\\/schema\\\/person\\\/21ece052d8816103cad91a2676fd0149\",\"name\":\"Webmaster\",\"image\":{\"@type\":\"ImageObject\",\"inLanguage\":\"es\",\"@id\":\"https:\\\/\\\/secure.gravatar.com\\\/avatar\\\/18de20f14d74abe0c800b423a8b0e24cae6153cb6baeb2c2df80e1cef2117e0d?s=96&d=mm&r=g\",\"url\":\"https:\\\/\\\/secure.gravatar.com\\\/avatar\\\/18de20f14d74abe0c800b423a8b0e24cae6153cb6baeb2c2df80e1cef2117e0d?s=96&d=mm&r=g\",\"contentUrl\":\"https:\\\/\\\/secure.gravatar.com\\\/avatar\\\/18de20f14d74abe0c800b423a8b0e24cae6153cb6baeb2c2df80e1cef2117e0d?s=96&d=mm&r=g\",\"caption\":\"Webmaster\"},\"sameAs\":[\"https:\\\/\\\/www.facebook.com\\\/federaciodemorosicristiansdoliva\",\"https:\\\/\\\/www.instagram.com\\\/morosicristiansoliva\\\/\"]}]}<\/script>\n<!-- \/ Yoast SEO plugin. -->","yoast_head_json":{"title":"Concurs de Dibuix Infantil - Moros i Cristians Oliva","robots":{"index":"index","follow":"follow","max-snippet":"max-snippet:-1","max-image-preview":"max-image-preview:large","max-video-preview":"max-video-preview:-1"},"canonical":"https:\/\/olivamorosicristians.es\/es\/concurs-de-dibuix-infantil\/","og_locale":"es_ES","og_type":"article","og_title":"Concurs de Dibuix Infantil - Moros i Cristians Oliva","og_description":"La Federaci\u00f3 de Moros i Cristians d\u2019Oliva convoca un any m\u00e9s el tradicional Concurs de Dibuix Infantil.\u00a0 Com a novetat, el concurs es celebrar\u00e0&nbsp;m\u00e9s pr\u00f2xim a festes. Sempre s\u2019han atorgat els premis al concurs de putxeros del Mig Any.&nbsp; Ara, per donar-li m\u00e9s import\u00e0ncia, es celebrar\u00e0 al mes de juny. Els dibuixos participants hauran d\u2019estar [&hellip;]","og_url":"https:\/\/olivamorosicristians.es\/es\/concurs-de-dibuix-infantil\/","og_site_name":"Moros i Cristians Oliva","article_publisher":"https:\/\/www.facebook.com\/federaciodemorosicristiansdoliva\/","article_author":"https:\/\/www.facebook.com\/federaciodemorosicristiansdoliva","article_published_time":"2023-04-25T18:15:14+00:00","article_modified_time":"2023-04-25T18:19:52+00:00","og_image":[{"width":2560,"height":1440,"url":"https:\/\/olivamorosicristians.es\/wp-content\/uploads\/2023\/04\/ConcursDibuix-2023_Anunci_web-scaled.jpg","type":"image\/jpeg"}],"author":"Webmaster","twitter_card":"summary_large_image","twitter_misc":{"Escrito por":"Webmaster","Tiempo de lectura":"1 minuto"},"schema":{"@context":"https:\/\/schema.org","@graph":[{"@type":"Article","@id":"https:\/\/olivamorosicristians.es\/concurs-de-dibuix-infantil\/#article","isPartOf":{"@id":"https:\/\/olivamorosicristians.es\/concurs-de-dibuix-infantil\/"},"author":{"name":"Webmaster","@id":"https:\/\/olivamorosicristians.es\/#\/schema\/person\/21ece052d8816103cad91a2676fd0149"},"headline":"Concurs de Dibuix Infantil","datePublished":"2023-04-25T18:15:14+00:00","dateModified":"2023-04-25T18:19:52+00:00","mainEntityOfPage":{"@id":"https:\/\/olivamorosicristians.es\/concurs-de-dibuix-infantil\/"},"wordCount":204,"publisher":{"@id":"https:\/\/olivamorosicristians.es\/#organization"},"image":{"@id":"https:\/\/olivamorosicristians.es\/concurs-de-dibuix-infantil\/#primaryimage"},"thumbnailUrl":"https:\/\/i0.wp.com\/olivamorosicristians.es\/wp-content\/uploads\/2023\/04\/ConcursDibuix-2023_Anunci_web-scaled.jpg?fit=2560%2C1440&ssl=1","articleSection":["Concursos"],"inLanguage":"es"},{"@type":"WebPage","@id":"https:\/\/olivamorosicristians.es\/concurs-de-dibuix-infantil\/","url":"https:\/\/olivamorosicristians.es\/concurs-de-dibuix-infantil\/","name":"Concurs de Dibuix Infantil - Moros i Cristians Oliva","isPartOf":{"@id":"https:\/\/olivamorosicristians.es\/#website"},"primaryImageOfPage":{"@id":"https:\/\/olivamorosicristians.es\/concurs-de-dibuix-infantil\/#primaryimage"},"image":{"@id":"https:\/\/olivamorosicristians.es\/concurs-de-dibuix-infantil\/#primaryimage"},"thumbnailUrl":"https:\/\/i0.wp.com\/olivamorosicristians.es\/wp-content\/uploads\/2023\/04\/ConcursDibuix-2023_Anunci_web-scaled.jpg?fit=2560%2C1440&ssl=1","datePublished":"2023-04-25T18:15:14+00:00","dateModified":"2023-04-25T18:19:52+00:00","breadcrumb":{"@id":"https:\/\/olivamorosicristians.es\/concurs-de-dibuix-infantil\/#breadcrumb"},"inLanguage":"es","potentialAction":[{"@type":"ReadAction","target":["https:\/\/olivamorosicristians.es\/concurs-de-dibuix-infantil\/"]}]},{"@type":"ImageObject","inLanguage":"es","@id":"https:\/\/olivamorosicristians.es\/concurs-de-dibuix-infantil\/#primaryimage","url":"https:\/\/i0.wp.com\/olivamorosicristians.es\/wp-content\/uploads\/2023\/04\/ConcursDibuix-2023_Anunci_web-scaled.jpg?fit=2560%2C1440&ssl=1","contentUrl":"https:\/\/i0.wp.com\/olivamorosicristians.es\/wp-content\/uploads\/2023\/04\/ConcursDibuix-2023_Anunci_web-scaled.jpg?fit=2560%2C1440&ssl=1","width":2560,"height":1440},{"@type":"BreadcrumbList","@id":"https:\/\/olivamorosicristians.es\/concurs-de-dibuix-infantil\/#breadcrumb","itemListElement":[{"@type":"ListItem","position":1,"name":"Portada","item":"https:\/\/olivamorosicristians.es\/"},{"@type":"ListItem","position":2,"name":"Concurs de Dibuix Infantil"}]},{"@type":"WebSite","@id":"https:\/\/olivamorosicristians.es\/#website","url":"https:\/\/olivamorosicristians.es\/","name":"Moros i Cristians Oliva","description":"FMCO","publisher":{"@id":"https:\/\/olivamorosicristians.es\/#organization"},"potentialAction":[{"@type":"SearchAction","target":{"@type":"EntryPoint","urlTemplate":"https:\/\/olivamorosicristians.es\/?s={search_term_string}"},"query-input":{"@type":"PropertyValueSpecification","valueRequired":true,"valueName":"search_term_string"}}],"inLanguage":"es"},{"@type":"Organization","@id":"https:\/\/olivamorosicristians.es\/#organization","name":"La Federaci\u00f3n de Moros y Cristianos de Oliva","url":"https:\/\/olivamorosicristians.es\/","logo":{"@type":"ImageObject","inLanguage":"es","@id":"https:\/\/olivamorosicristians.es\/#\/schema\/logo\/image\/","url":"https:\/\/i2.wp.com\/olivamorosicristians.es\/wp-content\/uploads\/2018\/06\/Icon_FMiCO.png?fit=50%2C50&ssl=1","contentUrl":"https:\/\/i2.wp.com\/olivamorosicristians.es\/wp-content\/uploads\/2018\/06\/Icon_FMiCO.png?fit=50%2C50&ssl=1","width":50,"height":50,"caption":"Federaci\u00f3 de Moros i Cristians - Oliva"},"image":{"@id":"https:\/\/olivamorosicristians.es\/#\/schema\/logo\/image\/"},"sameAs":["https:\/\/www.facebook.com\/federaciodemorosicristiansdoliva\/","https:\/\/www.instagram.com\/morosicristiansoliva\/?hl=es"]},{"@type":"Person","@id":"https:\/\/olivamorosicristians.es\/#\/schema\/person\/21ece052d8816103cad91a2676fd0149","name":"Webmaster","image":{"@type":"ImageObject","inLanguage":"es","@id":"https:\/\/secure.gravatar.com\/avatar\/18de20f14d74abe0c800b423a8b0e24cae6153cb6baeb2c2df80e1cef2117e0d?s=96&d=mm&r=g","url":"https:\/\/secure.gravatar.com\/avatar\/18de20f14d74abe0c800b423a8b0e24cae6153cb6baeb2c2df80e1cef2117e0d?s=96&d=mm&r=g","contentUrl":"https:\/\/secure.gravatar.com\/avatar\/18de20f14d74abe0c800b423a8b0e24cae6153cb6baeb2c2df80e1cef2117e0d?s=96&d=mm&r=g","caption":"Webmaster"},"sameAs":["https:\/\/www.facebook.com\/federaciodemorosicristiansdoliva","https:\/\/www.instagram.com\/morosicristiansoliva\/"]}]}},"jetpack_publicize_connections":[],"jetpack_featured_media_url":"https:\/\/i0.wp.com\/olivamorosicristians.es\/wp-content\/uploads\/2023\/04\/ConcursDibuix-2023_Anunci_web-scaled.jpg?fit=2560%2C1440&ssl=1","jetpack_sharing_enabled":true,"jetpack_shortlink":"https:\/\/wp.me\/pagEx6-2Re","jetpack-related-posts":[],"_links":{"self":[{"href":"https:\/\/olivamorosicristians.es\/es\/wp-json\/wp\/v2\/posts\/10988","targetHints":{"allow":["GET"]}}],"collection":[{"href":"https:\/\/olivamorosicristians.es\/es\/wp-json\/wp\/v2\/posts"}],"about":[{"href":"https:\/\/olivamorosicristians.es\/es\/wp-json\/wp\/v2\/types\/post"}],"author":[{"embeddable":true,"href":"https:\/\/olivamorosicristians.es\/es\/wp-json\/wp\/v2\/users\/1"}],"replies":[{"embeddable":true,"href":"https:\/\/olivamorosicristians.es\/es\/wp-json\/wp\/v2\/comments?post=10988"}],"version-history":[{"count":2,"href":"https:\/\/olivamorosicristians.es\/es\/wp-json\/wp\/v2\/posts\/10988\/revisions"}],"predecessor-version":[{"id":10991,"href":"https:\/\/olivamorosicristians.es\/es\/wp-json\/wp\/v2\/posts\/10988\/revisions\/10991"}],"wp:featuredmedia":[{"embeddable":true,"href":"https:\/\/olivamorosicristians.es\/es\/wp-json\/wp\/v2\/media\/10989"}],"wp:attachment":[{"href":"https:\/\/olivamorosicristians.es\/es\/wp-json\/wp\/v2\/media?parent=10988"}],"wp:term":[{"taxonomy":"category","embeddable":true,"href":"https:\/\/olivamorosicristians.es\/es\/wp-json\/wp\/v2\/categories?post=10988"},{"taxonomy":"post_tag","embeddable":true,"href":"https:\/\/olivamorosicristians.es\/es\/wp-json\/wp\/v2\/tags?post=10988"}],"curies":[{"name":"wp","href":"https:\/\/api.w.org\/{rel}","templated":true}]}}