{"id":10915,"date":"2023-03-31T13:05:59","date_gmt":"2023-03-31T11:05:59","guid":{"rendered":"https:\/\/olivamorosicristians.es\/?p=10915"},"modified":"2023-04-05T19:59:58","modified_gmt":"2023-04-05T17:59:58","slug":"la-federacio-de-moros-i-cristians-doliva-aposta-per-la-innovadora-formula-crida-a-projecte-per-al-cartell-de-festes-de-2023","status":"publish","type":"post","link":"https:\/\/olivamorosicristians.es\/es\/la-federacio-de-moros-i-cristians-doliva-aposta-per-la-innovadora-formula-crida-a-projecte-per-al-cartell-de-festes-de-2023\/","title":{"rendered":"La Federaci\u00f3 de Moros i Cristians d&#8217;Oliva aposta per la innovadora f\u00f3rmula &#8220;Crida a projecte&#8221; per al cartell de festes de 2023"},"content":{"rendered":"<p><em>La Federaci\u00f3 de Moros i Cristians d\u2019Oliva (FMiCO) informa que s\u2019han publicat les bases de la \u00abCrida a projecte\u00bb, nova modalitat que enceta en col\u00b7laboraci\u00f3 amb l&#8217;Associaci\u00f3 de Dissenyadors\/es de la Comunitat Valenciana (ADCV) i la&nbsp;Fundaci\u00f3&nbsp;del&nbsp;Disseny&nbsp;de la Comunitat Valenciana, per a l\u2019elaboraci\u00f3 del cartell anunciador de les Festes de Moros i Cristians d\u2019Oliva 2023<\/em><\/p>\n\n\n\n<p>La FMiCO ha optat enguany per utilitzar la f\u00f3rmula \u00abCrida a projecte\u00bb, un sistema innovador que mai s\u2019ha emprat per a l\u2019elaboraci\u00f3 de cartells anunciadors de Moros i Cristians, i al qual tamb\u00e9 ja s\u2019ha sumat la UNDEF en el projecte de la seua imatge gr\u00e0fica 2023.<\/p>\n\n\n\n<p>La \u00abCrida a projecte\u00bb \u00e9s una f\u00f3rmula de bones pr\u00e0ctiques en la contractaci\u00f3 de disseny que es basa a fer una selecci\u00f3 entre professionals a trav\u00e9s del portafoli dels seus treballs i experi\u00e8ncia en enc\u00e0rrecs similars.<\/p>\n\n\n\n<p>Aquesta&nbsp;metodologia&nbsp;ha estat valorada molt&nbsp;positivament&nbsp;per&nbsp;associacions&nbsp;nacionals i auton\u00f2miques de disseny, i \u00e9s la f\u00f3rmula que s&#8217;aplica per a cartells anunciadors de festes de gran rellev\u00e0ncia a la Comunitat Valenciana.<\/p>\n\n\n\n<p>Comptem amb la col\u00b7laboraci\u00f3 de l&#8217;Associaci\u00f3 de Dissenyadors\/es de la Comunitat Valenciana (ADCV) i la&nbsp;Fundaci\u00f3&nbsp;del&nbsp;Disseny&nbsp;de la Comunitat Valenciana, que constituir\u00e0 un Comit\u00e9 de Valoraci\u00f3 professional i expert que ens assistir\u00e0 en l&#8217;elecci\u00f3 del perfil \u00f2ptim i adequat per a aquest enc\u00e0rrec.<\/p>\n\n\n\n<p>Cal no oblidar&nbsp;que aquesta modalitat&nbsp;d\u00f3na&nbsp;sentit a l&#8217;\u00fas estrat\u00e8gic del disseny com a proc\u00e9s basat en l&#8217;estreta relaci\u00f3 de client-dissenyador\/a que assegura transmetre correctament els valors de l&#8217;entitat, cobrir les seues necessitats i&nbsp;obtenir&nbsp;un resultat de qualitat.<\/p>\n\n\n\n<p>\u00ab<em>La modalitat del tradicional concurs ha quedat en des<\/em><em>\u00fa<\/em><em>s perqu<\/em><em>\u00e8 no <\/em><em>\u00e9<\/em><em>s respectuosa amb el disseny professional\u00bb<\/em> \u2013 afirma Helena Ma\u00f1\u00f3, secret\u00e0ria de la FMiCO \u2013&nbsp; \u00abi pensem que la \u201cC<em>rida a projecte<\/em><em>\u201d <\/em><em>at\u00e9n<\/em><em> els interessos leg<\/em><em>\u00ed<\/em><em>tims dels dissenyadors i dissenyadores, a m<\/em><em>\u00e9<\/em><em>s de contribuir a donar-li la rellev<\/em><em>\u00e0<\/em><em>ncia que mereix la nostra festa a trav<\/em><em>\u00e9s d<\/em><em>\u2019<\/em><em>un cartell anunciador professional\u00bb<\/em>.<\/p>\n\n\n\n<p>En aquesta convocat\u00f2ria professional oberta la FMiCO pret\u00e9n fer un salt qualitatiu en la imatge de les festes, que ha estat possible gr\u00e0cies a la col\u00b7laboraci\u00f3 de les regidories de Festes i Cultura de l\u2019Ajuntament d\u2019Oliva que han cregut en el projecte des del primer moment, apostant per aquest canvi a favor de la incorporaci\u00f3 de bones pr\u00e0ctiques&nbsp;de contractaci\u00f3.<\/p>\n\n\n\n<p>La regidora de Festes, Yolanda Navarro ha explicat que aquesta iniciativa naix de la voluntat de la Federaci\u00f3 de Moros i Cristians i les regidories de Cultura i Festes per fer valdr\u00e9 el treball dels professionals del disseny i com no, de la festa. \u00abEls Moros i Cristians d\u2019Oliva s\u00f3n un col\u00b7lectiu que sempre est\u00e0 al capdavant d\u2019iniciatives que enriqueixen la festa i el patrimoni hist\u00f2ric, i amb aquesta Crida a Projecte, dona una passa al capdavant, oferint professionalitat a totes les vessants festives. I nosaltres com a institucions, sols podem que ajudar i col\u00b7laborar en iniciatives tan necess\u00e0ries i dignificats com aquesta.\u00bb Ha afirmat la regidora de Festes.<\/p>\n\n\n\n<p>Per la seua banda, el regidor de Cultura i Patrimoni Julio Llorca, ha valorat molt positivament aquesta col\u00b7laboraci\u00f3 entre la Federaci\u00f3 de Moros i Cristians d\u2019Oliva, l\u2019Ajuntament i l\u2019Associaci\u00f3 de Dissenyadors de la Comunitat Valenciana i la Fundaci\u00f3 del Disseny de la Comunitat Valenciana,&nbsp; perqu\u00e8 \u00abdota de professionalitat i rellev\u00e0ncia la imatge que anunciar\u00e0 les Festes de Moros i Cristians d\u2019Oliva 2023\u00bb. Segons comenta el regidor, \u00abaquesta festivitat tan important per a Oliva requereix d\u2019un esfor\u00e7 a nivell institucional, a trav\u00e9s de la regidoria de Festes i de la regidoria de Cultura, per consolidar-la i posicionar-la en el lloc que mereix\u00bb.<\/p>\n\n\n\n<p>Una vegada realitzades les valoracions del comit\u00e9, nom\u00e9s realitzar\u00e0 l\u2019enc\u00e0rrec la persona o l\u2019estudi seleccionat, d\u2019acord amb les premisses establertes en les bases per a l\u2019elaboraci\u00f3 de la imatge de Festes de Moros i Cristians d\u2019Oliva 2023.<\/p>\n\n\n\n<p>&nbsp;<\/p>\n\n\n\n<div class=\"wp-block-buttons is-layout-flex wp-block-buttons-is-layout-flex\">\n<div class=\"wp-block-button has-custom-font-size has-small-font-size\"><a class=\"wp-block-button__link\" href=\"https:\/\/olivamorosicristians.es\/wp-content\/uploads\/2023\/04\/CRIDA-Projecte2023FMICO-ADCV.pdf\" target=\"_blank\" rel=\"https:\/\/olivamorosicristians.es\/wp-content\/uploads\/2023\/03\/CRIDA-Projecte2023FMICO-ADCV.pdf noopener\">Descarrega les bases<\/a><\/div>\n<\/div>","protected":false},"excerpt":{"rendered":"<p>La Federaci\u00f3 de Moros i Cristians d\u2019Oliva (FMiCO) informa que s\u2019han publicat les bases de la \u00abCrida a projecte\u00bb, nova modalitat que enceta en col\u00b7laboraci\u00f3 amb l&#8217;Associaci\u00f3 de Dissenyadors\/es de la Comunitat Valenciana (ADCV) i la&nbsp;Fundaci\u00f3&nbsp;del&nbsp;Disseny&nbsp;de la Comunitat Valenciana, per a l\u2019elaboraci\u00f3 del cartell anunciador de les Festes de Moros i Cristians d\u2019Oliva 2023 La [&hellip;]<\/p>\n","protected":false},"author":1,"featured_media":10916,"comment_status":"closed","ping_status":"open","sticky":false,"template":"","format":"standard","meta":{"jetpack_post_was_ever_published":false,"_jetpack_newsletter_access":"","_jetpack_dont_email_post_to_subs":false,"_jetpack_newsletter_tier_id":0,"_jetpack_memberships_contains_paywalled_content":false,"_jetpack_memberships_contains_paid_content":false,"footnotes":"","jetpack_publicize_message":"","jetpack_publicize_feature_enabled":true,"jetpack_social_post_already_shared":true,"jetpack_social_options":{"image_generator_settings":{"template":"highway","default_image_id":0,"font":"","enabled":false},"version":2}},"categories":[1],"tags":[],"class_list":["post-10915","post","type-post","status-publish","format-standard","has-post-thumbnail","hentry","category-varis"],"yoast_head":"<!-- This site is optimized with the Yoast SEO plugin v27.5 - https:\/\/yoast.com\/product\/yoast-seo-wordpress\/ -->\n<title>La Federaci\u00f3 de Moros i Cristians d&#039;Oliva aposta per la innovadora f\u00f3rmula &quot;Crida a projecte&quot; per al cartell de festes de 2023 - Moros i Cristians Oliva<\/title>\n<meta name=\"robots\" content=\"index, follow, max-snippet:-1, max-image-preview:large, max-video-preview:-1\" \/>\n<link rel=\"canonical\" href=\"https:\/\/olivamorosicristians.es\/es\/la-federacio-de-moros-i-cristians-doliva-aposta-per-la-innovadora-formula-crida-a-projecte-per-al-cartell-de-festes-de-2023\/\" \/>\n<meta property=\"og:locale\" content=\"es_ES\" \/>\n<meta property=\"og:type\" content=\"article\" \/>\n<meta property=\"og:title\" content=\"La Federaci\u00f3 de Moros i Cristians d&#039;Oliva aposta per la innovadora f\u00f3rmula &quot;Crida a projecte&quot; per al cartell de festes de 2023 - Moros i Cristians Oliva\" \/>\n<meta property=\"og:description\" content=\"La Federaci\u00f3 de Moros i Cristians d\u2019Oliva (FMiCO) informa que s\u2019han publicat les bases de la \u00abCrida a projecte\u00bb, nova modalitat que enceta en col\u00b7laboraci\u00f3 amb l&#8217;Associaci\u00f3 de Dissenyadors\/es de la Comunitat Valenciana (ADCV) i la&nbsp;Fundaci\u00f3&nbsp;del&nbsp;Disseny&nbsp;de la Comunitat Valenciana, per a l\u2019elaboraci\u00f3 del cartell anunciador de les Festes de Moros i Cristians d\u2019Oliva 2023 La [&hellip;]\" \/>\n<meta property=\"og:url\" content=\"https:\/\/olivamorosicristians.es\/es\/la-federacio-de-moros-i-cristians-doliva-aposta-per-la-innovadora-formula-crida-a-projecte-per-al-cartell-de-festes-de-2023\/\" \/>\n<meta property=\"og:site_name\" content=\"Moros i Cristians Oliva\" \/>\n<meta property=\"article:publisher\" content=\"https:\/\/www.facebook.com\/federaciodemorosicristiansdoliva\/\" \/>\n<meta property=\"article:author\" content=\"https:\/\/www.facebook.com\/federaciodemorosicristiansdoliva\" \/>\n<meta property=\"article:published_time\" content=\"2023-03-31T11:05:59+00:00\" \/>\n<meta property=\"article:modified_time\" content=\"2023-04-05T17:59:58+00:00\" \/>\n<meta property=\"og:image\" content=\"https:\/\/olivamorosicristians.es\/wp-content\/uploads\/2023\/03\/CridaProjecte-2023_Anunci-blog-scaled.jpg\" \/>\n\t<meta property=\"og:image:width\" content=\"2560\" \/>\n\t<meta property=\"og:image:height\" content=\"1440\" \/>\n\t<meta property=\"og:image:type\" content=\"image\/jpeg\" \/>\n<meta name=\"author\" content=\"Webmaster\" \/>\n<meta name=\"twitter:card\" content=\"summary_large_image\" \/>\n<meta name=\"twitter:label1\" content=\"Escrito por\" \/>\n\t<meta name=\"twitter:data1\" content=\"Webmaster\" \/>\n\t<meta name=\"twitter:label2\" content=\"Tiempo de lectura\" \/>\n\t<meta name=\"twitter:data2\" content=\"3 minutos\" \/>\n<script type=\"application\/ld+json\" class=\"yoast-schema-graph\">{\"@context\":\"https:\\\/\\\/schema.org\",\"@graph\":[{\"@type\":\"Article\",\"@id\":\"https:\\\/\\\/olivamorosicristians.es\\\/la-federacio-de-moros-i-cristians-doliva-aposta-per-la-innovadora-formula-crida-a-projecte-per-al-cartell-de-festes-de-2023\\\/#article\",\"isPartOf\":{\"@id\":\"https:\\\/\\\/olivamorosicristians.es\\\/la-federacio-de-moros-i-cristians-doliva-aposta-per-la-innovadora-formula-crida-a-projecte-per-al-cartell-de-festes-de-2023\\\/\"},\"author\":{\"name\":\"Webmaster\",\"@id\":\"https:\\\/\\\/olivamorosicristians.es\\\/#\\\/schema\\\/person\\\/21ece052d8816103cad91a2676fd0149\"},\"headline\":\"La Federaci\u00f3 de Moros i Cristians d&#8217;Oliva aposta per la innovadora f\u00f3rmula &#8220;Crida a projecte&#8221; per al cartell de festes de 2023\",\"datePublished\":\"2023-03-31T11:05:59+00:00\",\"dateModified\":\"2023-04-05T17:59:58+00:00\",\"mainEntityOfPage\":{\"@id\":\"https:\\\/\\\/olivamorosicristians.es\\\/la-federacio-de-moros-i-cristians-doliva-aposta-per-la-innovadora-formula-crida-a-projecte-per-al-cartell-de-festes-de-2023\\\/\"},\"wordCount\":739,\"publisher\":{\"@id\":\"https:\\\/\\\/olivamorosicristians.es\\\/#organization\"},\"image\":{\"@id\":\"https:\\\/\\\/olivamorosicristians.es\\\/la-federacio-de-moros-i-cristians-doliva-aposta-per-la-innovadora-formula-crida-a-projecte-per-al-cartell-de-festes-de-2023\\\/#primaryimage\"},\"thumbnailUrl\":\"https:\\\/\\\/i0.wp.com\\\/olivamorosicristians.es\\\/wp-content\\\/uploads\\\/2023\\\/03\\\/CridaProjecte-2023_Anunci-blog-scaled.jpg?fit=2560%2C1440&ssl=1\",\"articleSection\":[\"Varis\"],\"inLanguage\":\"es\"},{\"@type\":\"WebPage\",\"@id\":\"https:\\\/\\\/olivamorosicristians.es\\\/la-federacio-de-moros-i-cristians-doliva-aposta-per-la-innovadora-formula-crida-a-projecte-per-al-cartell-de-festes-de-2023\\\/\",\"url\":\"https:\\\/\\\/olivamorosicristians.es\\\/la-federacio-de-moros-i-cristians-doliva-aposta-per-la-innovadora-formula-crida-a-projecte-per-al-cartell-de-festes-de-2023\\\/\",\"name\":\"La Federaci\u00f3 de Moros i Cristians d'Oliva aposta per la innovadora f\u00f3rmula \\\"Crida a projecte\\\" per al cartell de festes de 2023 - Moros i Cristians Oliva\",\"isPartOf\":{\"@id\":\"https:\\\/\\\/olivamorosicristians.es\\\/#website\"},\"primaryImageOfPage\":{\"@id\":\"https:\\\/\\\/olivamorosicristians.es\\\/la-federacio-de-moros-i-cristians-doliva-aposta-per-la-innovadora-formula-crida-a-projecte-per-al-cartell-de-festes-de-2023\\\/#primaryimage\"},\"image\":{\"@id\":\"https:\\\/\\\/olivamorosicristians.es\\\/la-federacio-de-moros-i-cristians-doliva-aposta-per-la-innovadora-formula-crida-a-projecte-per-al-cartell-de-festes-de-2023\\\/#primaryimage\"},\"thumbnailUrl\":\"https:\\\/\\\/i0.wp.com\\\/olivamorosicristians.es\\\/wp-content\\\/uploads\\\/2023\\\/03\\\/CridaProjecte-2023_Anunci-blog-scaled.jpg?fit=2560%2C1440&ssl=1\",\"datePublished\":\"2023-03-31T11:05:59+00:00\",\"dateModified\":\"2023-04-05T17:59:58+00:00\",\"breadcrumb\":{\"@id\":\"https:\\\/\\\/olivamorosicristians.es\\\/la-federacio-de-moros-i-cristians-doliva-aposta-per-la-innovadora-formula-crida-a-projecte-per-al-cartell-de-festes-de-2023\\\/#breadcrumb\"},\"inLanguage\":\"es\",\"potentialAction\":[{\"@type\":\"ReadAction\",\"target\":[\"https:\\\/\\\/olivamorosicristians.es\\\/la-federacio-de-moros-i-cristians-doliva-aposta-per-la-innovadora-formula-crida-a-projecte-per-al-cartell-de-festes-de-2023\\\/\"]}]},{\"@type\":\"ImageObject\",\"inLanguage\":\"es\",\"@id\":\"https:\\\/\\\/olivamorosicristians.es\\\/la-federacio-de-moros-i-cristians-doliva-aposta-per-la-innovadora-formula-crida-a-projecte-per-al-cartell-de-festes-de-2023\\\/#primaryimage\",\"url\":\"https:\\\/\\\/i0.wp.com\\\/olivamorosicristians.es\\\/wp-content\\\/uploads\\\/2023\\\/03\\\/CridaProjecte-2023_Anunci-blog-scaled.jpg?fit=2560%2C1440&ssl=1\",\"contentUrl\":\"https:\\\/\\\/i0.wp.com\\\/olivamorosicristians.es\\\/wp-content\\\/uploads\\\/2023\\\/03\\\/CridaProjecte-2023_Anunci-blog-scaled.jpg?fit=2560%2C1440&ssl=1\",\"width\":2560,\"height\":1440},{\"@type\":\"BreadcrumbList\",\"@id\":\"https:\\\/\\\/olivamorosicristians.es\\\/la-federacio-de-moros-i-cristians-doliva-aposta-per-la-innovadora-formula-crida-a-projecte-per-al-cartell-de-festes-de-2023\\\/#breadcrumb\",\"itemListElement\":[{\"@type\":\"ListItem\",\"position\":1,\"name\":\"Portada\",\"item\":\"https:\\\/\\\/olivamorosicristians.es\\\/\"},{\"@type\":\"ListItem\",\"position\":2,\"name\":\"La Federaci\u00f3 de Moros i Cristians d&#8217;Oliva aposta per la innovadora f\u00f3rmula \u00abCrida a projecte\u00bb per al cartell de festes de 2023\"}]},{\"@type\":\"WebSite\",\"@id\":\"https:\\\/\\\/olivamorosicristians.es\\\/#website\",\"url\":\"https:\\\/\\\/olivamorosicristians.es\\\/\",\"name\":\"Moros i Cristians Oliva\",\"description\":\"FMCO\",\"publisher\":{\"@id\":\"https:\\\/\\\/olivamorosicristians.es\\\/#organization\"},\"potentialAction\":[{\"@type\":\"SearchAction\",\"target\":{\"@type\":\"EntryPoint\",\"urlTemplate\":\"https:\\\/\\\/olivamorosicristians.es\\\/?s={search_term_string}\"},\"query-input\":{\"@type\":\"PropertyValueSpecification\",\"valueRequired\":true,\"valueName\":\"search_term_string\"}}],\"inLanguage\":\"es\"},{\"@type\":\"Organization\",\"@id\":\"https:\\\/\\\/olivamorosicristians.es\\\/#organization\",\"name\":\"Federaci\u00f3 de Moros i Cristians - Oliva\",\"url\":\"https:\\\/\\\/olivamorosicristians.es\\\/\",\"logo\":{\"@type\":\"ImageObject\",\"inLanguage\":\"es\",\"@id\":\"https:\\\/\\\/olivamorosicristians.es\\\/#\\\/schema\\\/logo\\\/image\\\/\",\"url\":\"https:\\\/\\\/i2.wp.com\\\/olivamorosicristians.es\\\/wp-content\\\/uploads\\\/2018\\\/06\\\/Icon_FMiCO.png?fit=50%2C50&ssl=1\",\"contentUrl\":\"https:\\\/\\\/i2.wp.com\\\/olivamorosicristians.es\\\/wp-content\\\/uploads\\\/2018\\\/06\\\/Icon_FMiCO.png?fit=50%2C50&ssl=1\",\"width\":50,\"height\":50,\"caption\":\"Federaci\u00f3 de Moros i Cristians - Oliva\"},\"image\":{\"@id\":\"https:\\\/\\\/olivamorosicristians.es\\\/#\\\/schema\\\/logo\\\/image\\\/\"},\"sameAs\":[\"https:\\\/\\\/www.facebook.com\\\/federaciodemorosicristiansdoliva\\\/\",\"https:\\\/\\\/www.instagram.com\\\/morosicristiansoliva\\\/?hl=es\"]},{\"@type\":\"Person\",\"@id\":\"https:\\\/\\\/olivamorosicristians.es\\\/#\\\/schema\\\/person\\\/21ece052d8816103cad91a2676fd0149\",\"name\":\"Webmaster\",\"image\":{\"@type\":\"ImageObject\",\"inLanguage\":\"es\",\"@id\":\"https:\\\/\\\/secure.gravatar.com\\\/avatar\\\/18de20f14d74abe0c800b423a8b0e24cae6153cb6baeb2c2df80e1cef2117e0d?s=96&d=mm&r=g\",\"url\":\"https:\\\/\\\/secure.gravatar.com\\\/avatar\\\/18de20f14d74abe0c800b423a8b0e24cae6153cb6baeb2c2df80e1cef2117e0d?s=96&d=mm&r=g\",\"contentUrl\":\"https:\\\/\\\/secure.gravatar.com\\\/avatar\\\/18de20f14d74abe0c800b423a8b0e24cae6153cb6baeb2c2df80e1cef2117e0d?s=96&d=mm&r=g\",\"caption\":\"Webmaster\"},\"sameAs\":[\"https:\\\/\\\/www.facebook.com\\\/federaciodemorosicristiansdoliva\",\"https:\\\/\\\/www.instagram.com\\\/morosicristiansoliva\\\/\"]}]}<\/script>\n<!-- \/ Yoast SEO plugin. -->","yoast_head_json":{"title":"La Federaci\u00f3 de Moros i Cristians d'Oliva aposta per la innovadora f\u00f3rmula \"Crida a projecte\" per al cartell de festes de 2023 - Moros i Cristians Oliva","robots":{"index":"index","follow":"follow","max-snippet":"max-snippet:-1","max-image-preview":"max-image-preview:large","max-video-preview":"max-video-preview:-1"},"canonical":"https:\/\/olivamorosicristians.es\/es\/la-federacio-de-moros-i-cristians-doliva-aposta-per-la-innovadora-formula-crida-a-projecte-per-al-cartell-de-festes-de-2023\/","og_locale":"es_ES","og_type":"article","og_title":"La Federaci\u00f3 de Moros i Cristians d'Oliva aposta per la innovadora f\u00f3rmula \"Crida a projecte\" per al cartell de festes de 2023 - Moros i Cristians Oliva","og_description":"La Federaci\u00f3 de Moros i Cristians d\u2019Oliva (FMiCO) informa que s\u2019han publicat les bases de la \u00abCrida a projecte\u00bb, nova modalitat que enceta en col\u00b7laboraci\u00f3 amb l&#8217;Associaci\u00f3 de Dissenyadors\/es de la Comunitat Valenciana (ADCV) i la&nbsp;Fundaci\u00f3&nbsp;del&nbsp;Disseny&nbsp;de la Comunitat Valenciana, per a l\u2019elaboraci\u00f3 del cartell anunciador de les Festes de Moros i Cristians d\u2019Oliva 2023 La [&hellip;]","og_url":"https:\/\/olivamorosicristians.es\/es\/la-federacio-de-moros-i-cristians-doliva-aposta-per-la-innovadora-formula-crida-a-projecte-per-al-cartell-de-festes-de-2023\/","og_site_name":"Moros i Cristians Oliva","article_publisher":"https:\/\/www.facebook.com\/federaciodemorosicristiansdoliva\/","article_author":"https:\/\/www.facebook.com\/federaciodemorosicristiansdoliva","article_published_time":"2023-03-31T11:05:59+00:00","article_modified_time":"2023-04-05T17:59:58+00:00","og_image":[{"width":2560,"height":1440,"url":"https:\/\/olivamorosicristians.es\/wp-content\/uploads\/2023\/03\/CridaProjecte-2023_Anunci-blog-scaled.jpg","type":"image\/jpeg"}],"author":"Webmaster","twitter_card":"summary_large_image","twitter_misc":{"Escrito por":"Webmaster","Tiempo de lectura":"3 minutos"},"schema":{"@context":"https:\/\/schema.org","@graph":[{"@type":"Article","@id":"https:\/\/olivamorosicristians.es\/la-federacio-de-moros-i-cristians-doliva-aposta-per-la-innovadora-formula-crida-a-projecte-per-al-cartell-de-festes-de-2023\/#article","isPartOf":{"@id":"https:\/\/olivamorosicristians.es\/la-federacio-de-moros-i-cristians-doliva-aposta-per-la-innovadora-formula-crida-a-projecte-per-al-cartell-de-festes-de-2023\/"},"author":{"name":"Webmaster","@id":"https:\/\/olivamorosicristians.es\/#\/schema\/person\/21ece052d8816103cad91a2676fd0149"},"headline":"La Federaci\u00f3 de Moros i Cristians d&#8217;Oliva aposta per la innovadora f\u00f3rmula &#8220;Crida a projecte&#8221; per al cartell de festes de 2023","datePublished":"2023-03-31T11:05:59+00:00","dateModified":"2023-04-05T17:59:58+00:00","mainEntityOfPage":{"@id":"https:\/\/olivamorosicristians.es\/la-federacio-de-moros-i-cristians-doliva-aposta-per-la-innovadora-formula-crida-a-projecte-per-al-cartell-de-festes-de-2023\/"},"wordCount":739,"publisher":{"@id":"https:\/\/olivamorosicristians.es\/#organization"},"image":{"@id":"https:\/\/olivamorosicristians.es\/la-federacio-de-moros-i-cristians-doliva-aposta-per-la-innovadora-formula-crida-a-projecte-per-al-cartell-de-festes-de-2023\/#primaryimage"},"thumbnailUrl":"https:\/\/i0.wp.com\/olivamorosicristians.es\/wp-content\/uploads\/2023\/03\/CridaProjecte-2023_Anunci-blog-scaled.jpg?fit=2560%2C1440&ssl=1","articleSection":["Varis"],"inLanguage":"es"},{"@type":"WebPage","@id":"https:\/\/olivamorosicristians.es\/la-federacio-de-moros-i-cristians-doliva-aposta-per-la-innovadora-formula-crida-a-projecte-per-al-cartell-de-festes-de-2023\/","url":"https:\/\/olivamorosicristians.es\/la-federacio-de-moros-i-cristians-doliva-aposta-per-la-innovadora-formula-crida-a-projecte-per-al-cartell-de-festes-de-2023\/","name":"La Federaci\u00f3 de Moros i Cristians d'Oliva aposta per la innovadora f\u00f3rmula \"Crida a projecte\" per al cartell de festes de 2023 - Moros i Cristians Oliva","isPartOf":{"@id":"https:\/\/olivamorosicristians.es\/#website"},"primaryImageOfPage":{"@id":"https:\/\/olivamorosicristians.es\/la-federacio-de-moros-i-cristians-doliva-aposta-per-la-innovadora-formula-crida-a-projecte-per-al-cartell-de-festes-de-2023\/#primaryimage"},"image":{"@id":"https:\/\/olivamorosicristians.es\/la-federacio-de-moros-i-cristians-doliva-aposta-per-la-innovadora-formula-crida-a-projecte-per-al-cartell-de-festes-de-2023\/#primaryimage"},"thumbnailUrl":"https:\/\/i0.wp.com\/olivamorosicristians.es\/wp-content\/uploads\/2023\/03\/CridaProjecte-2023_Anunci-blog-scaled.jpg?fit=2560%2C1440&ssl=1","datePublished":"2023-03-31T11:05:59+00:00","dateModified":"2023-04-05T17:59:58+00:00","breadcrumb":{"@id":"https:\/\/olivamorosicristians.es\/la-federacio-de-moros-i-cristians-doliva-aposta-per-la-innovadora-formula-crida-a-projecte-per-al-cartell-de-festes-de-2023\/#breadcrumb"},"inLanguage":"es","potentialAction":[{"@type":"ReadAction","target":["https:\/\/olivamorosicristians.es\/la-federacio-de-moros-i-cristians-doliva-aposta-per-la-innovadora-formula-crida-a-projecte-per-al-cartell-de-festes-de-2023\/"]}]},{"@type":"ImageObject","inLanguage":"es","@id":"https:\/\/olivamorosicristians.es\/la-federacio-de-moros-i-cristians-doliva-aposta-per-la-innovadora-formula-crida-a-projecte-per-al-cartell-de-festes-de-2023\/#primaryimage","url":"https:\/\/i0.wp.com\/olivamorosicristians.es\/wp-content\/uploads\/2023\/03\/CridaProjecte-2023_Anunci-blog-scaled.jpg?fit=2560%2C1440&ssl=1","contentUrl":"https:\/\/i0.wp.com\/olivamorosicristians.es\/wp-content\/uploads\/2023\/03\/CridaProjecte-2023_Anunci-blog-scaled.jpg?fit=2560%2C1440&ssl=1","width":2560,"height":1440},{"@type":"BreadcrumbList","@id":"https:\/\/olivamorosicristians.es\/la-federacio-de-moros-i-cristians-doliva-aposta-per-la-innovadora-formula-crida-a-projecte-per-al-cartell-de-festes-de-2023\/#breadcrumb","itemListElement":[{"@type":"ListItem","position":1,"name":"Portada","item":"https:\/\/olivamorosicristians.es\/"},{"@type":"ListItem","position":2,"name":"La Federaci\u00f3 de Moros i Cristians d&#8217;Oliva aposta per la innovadora f\u00f3rmula \u00abCrida a projecte\u00bb per al cartell de festes de 2023"}]},{"@type":"WebSite","@id":"https:\/\/olivamorosicristians.es\/#website","url":"https:\/\/olivamorosicristians.es\/","name":"Moros i Cristians Oliva","description":"FMCO","publisher":{"@id":"https:\/\/olivamorosicristians.es\/#organization"},"potentialAction":[{"@type":"SearchAction","target":{"@type":"EntryPoint","urlTemplate":"https:\/\/olivamorosicristians.es\/?s={search_term_string}"},"query-input":{"@type":"PropertyValueSpecification","valueRequired":true,"valueName":"search_term_string"}}],"inLanguage":"es"},{"@type":"Organization","@id":"https:\/\/olivamorosicristians.es\/#organization","name":"La Federaci\u00f3n de Moros y Cristianos de Oliva","url":"https:\/\/olivamorosicristians.es\/","logo":{"@type":"ImageObject","inLanguage":"es","@id":"https:\/\/olivamorosicristians.es\/#\/schema\/logo\/image\/","url":"https:\/\/i2.wp.com\/olivamorosicristians.es\/wp-content\/uploads\/2018\/06\/Icon_FMiCO.png?fit=50%2C50&ssl=1","contentUrl":"https:\/\/i2.wp.com\/olivamorosicristians.es\/wp-content\/uploads\/2018\/06\/Icon_FMiCO.png?fit=50%2C50&ssl=1","width":50,"height":50,"caption":"Federaci\u00f3 de Moros i Cristians - Oliva"},"image":{"@id":"https:\/\/olivamorosicristians.es\/#\/schema\/logo\/image\/"},"sameAs":["https:\/\/www.facebook.com\/federaciodemorosicristiansdoliva\/","https:\/\/www.instagram.com\/morosicristiansoliva\/?hl=es"]},{"@type":"Person","@id":"https:\/\/olivamorosicristians.es\/#\/schema\/person\/21ece052d8816103cad91a2676fd0149","name":"Webmaster","image":{"@type":"ImageObject","inLanguage":"es","@id":"https:\/\/secure.gravatar.com\/avatar\/18de20f14d74abe0c800b423a8b0e24cae6153cb6baeb2c2df80e1cef2117e0d?s=96&d=mm&r=g","url":"https:\/\/secure.gravatar.com\/avatar\/18de20f14d74abe0c800b423a8b0e24cae6153cb6baeb2c2df80e1cef2117e0d?s=96&d=mm&r=g","contentUrl":"https:\/\/secure.gravatar.com\/avatar\/18de20f14d74abe0c800b423a8b0e24cae6153cb6baeb2c2df80e1cef2117e0d?s=96&d=mm&r=g","caption":"Webmaster"},"sameAs":["https:\/\/www.facebook.com\/federaciodemorosicristiansdoliva","https:\/\/www.instagram.com\/morosicristiansoliva\/"]}]}},"jetpack_publicize_connections":[],"jetpack_featured_media_url":"https:\/\/i0.wp.com\/olivamorosicristians.es\/wp-content\/uploads\/2023\/03\/CridaProjecte-2023_Anunci-blog-scaled.jpg?fit=2560%2C1440&ssl=1","jetpack_sharing_enabled":true,"jetpack_shortlink":"https:\/\/wp.me\/pagEx6-2Q3","jetpack-related-posts":[],"_links":{"self":[{"href":"https:\/\/olivamorosicristians.es\/es\/wp-json\/wp\/v2\/posts\/10915","targetHints":{"allow":["GET"]}}],"collection":[{"href":"https:\/\/olivamorosicristians.es\/es\/wp-json\/wp\/v2\/posts"}],"about":[{"href":"https:\/\/olivamorosicristians.es\/es\/wp-json\/wp\/v2\/types\/post"}],"author":[{"embeddable":true,"href":"https:\/\/olivamorosicristians.es\/es\/wp-json\/wp\/v2\/users\/1"}],"replies":[{"embeddable":true,"href":"https:\/\/olivamorosicristians.es\/es\/wp-json\/wp\/v2\/comments?post=10915"}],"version-history":[{"count":8,"href":"https:\/\/olivamorosicristians.es\/es\/wp-json\/wp\/v2\/posts\/10915\/revisions"}],"predecessor-version":[{"id":10935,"href":"https:\/\/olivamorosicristians.es\/es\/wp-json\/wp\/v2\/posts\/10915\/revisions\/10935"}],"wp:featuredmedia":[{"embeddable":true,"href":"https:\/\/olivamorosicristians.es\/es\/wp-json\/wp\/v2\/media\/10916"}],"wp:attachment":[{"href":"https:\/\/olivamorosicristians.es\/es\/wp-json\/wp\/v2\/media?parent=10915"}],"wp:term":[{"taxonomy":"category","embeddable":true,"href":"https:\/\/olivamorosicristians.es\/es\/wp-json\/wp\/v2\/categories?post=10915"},{"taxonomy":"post_tag","embeddable":true,"href":"https:\/\/olivamorosicristians.es\/es\/wp-json\/wp\/v2\/tags?post=10915"}],"curies":[{"name":"wp","href":"https:\/\/api.w.org\/{rel}","templated":true}]}}