{"id":10821,"date":"2023-02-13T12:11:22","date_gmt":"2023-02-13T10:11:22","guid":{"rendered":"https:\/\/olivamorosicristians.es\/?p=10821"},"modified":"2023-02-13T12:14:56","modified_gmt":"2023-02-13T10:14:56","slug":"la-fila-tuareg-revalida-el-titol-de-millor-putxero-del-mig-any-dels-moros-i-cristians-doliva-2023","status":"publish","type":"post","link":"https:\/\/olivamorosicristians.es\/es\/la-fila-tuareg-revalida-el-titol-de-millor-putxero-del-mig-any-dels-moros-i-cristians-doliva-2023\/","title":{"rendered":"La Fil\u00e0 Tuareg revalida el t\u00edtol de millor putxero del Mig Any dels Moros i Cristians d\u2019Oliva 2023"},"content":{"rendered":"<p>Dissabte 11 de febrer de 2023 es va celebrar el tradicional Concurs de Putxeros dels Moros i Cristians d\u2019Oliva. El mat\u00ed, tot i el fred habitual, va despertar amb el cel ras. Durant tota la setmana amena\u00e7ava pluja i per aquest motiu, el dimarts anterior, reunida la Comissi\u00f3 de Presidents i de la Junta de Govern de la FMiCO, es va acordar no comprar la p\u00f3lvora per a la Despert\u00e0 amb foc d\u2019arcabusseria. Actualment, la normativa estableix que, en cas de no ser utilitzada la p\u00f3lvora, s\u2019ha de gestionar i pagar la seua destrucci\u00f3. Aix\u00ed les coses, aplicant un criteri de prud\u00e8ncia i decidint-se per consens, es va acordar que la Despert\u00e0 fora l\u2019habitual,&nbsp; mateix recorregut, per\u00f2 solament amb acompanyament musical. Sense p\u00f3lvora.<\/p>\n\n\n\n<p>A les 8:00h estaven citats els festers a la Pla\u00e7a Joan Baptista Escriv\u00e0, o com popularment es coneix, Pla\u00e7a del Mercat. Aquest empla\u00e7ament acull les celebracions del Mig Any des de l\u2019any 1993, quan la Junta d\u2019aquell moment decideix canviar els Putxeros del Mig Any all\u00ed, despr\u00e9s que des de l\u2019any 1980 (moment en que comen\u00e7a a celebrar-se el Mig Any) es celebraren entre el Passeig Gregori Maians i Joan Carles I.<\/p>\n\n\n\n<p>Puntuals a l\u2019hora acordada, a les 8:15h, una comitiva m\u00e9s nombrosa del que \u00e9s habitual en aquest acte, iniciava la cercavila pujant des del passeig fins al Restaurant El Pelut, parada habitual, tot passant per la Pla\u00e7a de l\u2019Ajuntament, Santa Maria, Pla\u00e7a Alonso, Abadia, Sant Roc, carrer Serrans i Pla\u00e7a Penyot. L\u2019Associaci\u00f3 Art\u00edstic-Musical d\u2019Oliva amenitzava la volta amb pasdobles dianers, i alguns m\u00e9s enginyosos, amb tubs de pvc, petards i un poc d\u2019imaginaci\u00f3, es rescabalaven les ganes de trabuc.<\/p>\n\n\n\n<figure class=\"wp-block-image size-large is-resized\"><img data-recalc-dims=\"1\" loading=\"lazy\" decoding=\"async\" data-attachment-id=\"10822\" data-permalink=\"https:\/\/olivamorosicristians.es\/es\/la-fila-tuareg-revalida-el-titol-de-millor-putxero-del-mig-any-dels-moros-i-cristians-doliva-2023\/7u0a0796\/\" data-orig-file=\"https:\/\/i0.wp.com\/olivamorosicristians.es\/wp-content\/uploads\/2023\/02\/7U0A0796-scaled.jpg?fit=2560%2C1707&amp;ssl=1\" data-orig-size=\"2560,1707\" data-comments-opened=\"0\" data-image-meta=\"{&quot;aperture&quot;:&quot;5.6&quot;,&quot;credit&quot;:&quot;ANTONI RIBERA OLTRA&quot;,&quot;camera&quot;:&quot;Canon EOS 5D Mark IV&quot;,&quot;caption&quot;:&quot;&quot;,&quot;created_timestamp&quot;:&quot;1676105509&quot;,&quot;copyright&quot;:&quot;ANTONI RIBERA OLTRA antoniribera@live.com +34645997713&quot;,&quot;focal_length&quot;:&quot;40&quot;,&quot;iso&quot;:&quot;320&quot;,&quot;shutter_speed&quot;:&quot;0.005&quot;,&quot;title&quot;:&quot;&quot;,&quot;orientation&quot;:&quot;0&quot;}\" data-image-title=\"7U0A0796\" data-image-description=\"\" data-image-caption=\"\" data-large-file=\"https:\/\/i0.wp.com\/olivamorosicristians.es\/wp-content\/uploads\/2023\/02\/7U0A0796-scaled.jpg?fit=1024%2C683&amp;ssl=1\" src=\"https:\/\/i0.wp.com\/olivamorosicristians.es\/wp-content\/uploads\/2023\/02\/7U0A0796.jpg?resize=677%2C451&#038;ssl=1\" alt=\"\" class=\"wp-image-10822\" width=\"677\" height=\"451\" srcset=\"https:\/\/i0.wp.com\/olivamorosicristians.es\/wp-content\/uploads\/2023\/02\/7U0A0796-scaled.jpg?resize=1024%2C683&amp;ssl=1 1024w, https:\/\/i0.wp.com\/olivamorosicristians.es\/wp-content\/uploads\/2023\/02\/7U0A0796-scaled.jpg?resize=300%2C200&amp;ssl=1 300w, https:\/\/i0.wp.com\/olivamorosicristians.es\/wp-content\/uploads\/2023\/02\/7U0A0796-scaled.jpg?resize=768%2C512&amp;ssl=1 768w, https:\/\/i0.wp.com\/olivamorosicristians.es\/wp-content\/uploads\/2023\/02\/7U0A0796-scaled.jpg?resize=1536%2C1024&amp;ssl=1 1536w, https:\/\/i0.wp.com\/olivamorosicristians.es\/wp-content\/uploads\/2023\/02\/7U0A0796-scaled.jpg?resize=2048%2C1365&amp;ssl=1 2048w, https:\/\/i0.wp.com\/olivamorosicristians.es\/wp-content\/uploads\/2023\/02\/7U0A0796-scaled.jpg?resize=640%2C427&amp;ssl=1 640w, https:\/\/i0.wp.com\/olivamorosicristians.es\/wp-content\/uploads\/2023\/02\/7U0A0796-scaled.jpg?resize=1280%2C853&amp;ssl=1 1280w, https:\/\/i0.wp.com\/olivamorosicristians.es\/wp-content\/uploads\/2023\/02\/7U0A0796-scaled.jpg?resize=1320%2C880&amp;ssl=1 1320w, https:\/\/i0.wp.com\/olivamorosicristians.es\/wp-content\/uploads\/2023\/02\/7U0A0796-scaled.jpg?w=2340&amp;ssl=1 2340w\" sizes=\"auto, (max-width: 677px) 100vw, 677px\" \/><\/figure>\n\n\n\n<p>Un poc abans del previst, centenars de festers hav\u00edem aplegat al Restaurant El Pelut, on els germans Jord\u00e0, sempre sol\u00b7l\u00edcits, repartien cervesa i cassalla per a tots, per anar fent boca. Fins i tot, <em>cassalla-cao<\/em>, per als que necessiten cacau per comen\u00e7ar el dia amb energia.<\/p>\n\n\n\n<p>\u00c9xodo, Creu Daur\u00e0, i el m\u00edtic pasdoble \u201cChurumbler\u00edas\u201d, que per \u201cculpa\u201d dels Pirates tots cantem l\u2019Abelardo, feren formar les primeres esquadres a la terrassa del restaurant. Despr\u00e9s d\u2019aquesta estaci\u00f3 de penit\u00e8ncia, la comitiva de nou enfilava cara avall per tornar a la pla\u00e7a. Els c\u00e0rrecs de 2023, Pablo i Enrique Orqu\u00edn (ambaixador i capit\u00e0 cristians) i Pascual Molla i Jes\u00fas Camarena (ambaixador i capit\u00e0 moros), agermanats i units formaven just davant la banda.<\/p>\n\n\n\n<figure class=\"wp-block-image size-large\"><img data-recalc-dims=\"1\" loading=\"lazy\" decoding=\"async\" width=\"1024\" height=\"683\" data-attachment-id=\"10823\" data-permalink=\"https:\/\/olivamorosicristians.es\/es\/la-fila-tuareg-revalida-el-titol-de-millor-putxero-del-mig-any-dels-moros-i-cristians-doliva-2023\/7u0a08351\/\" data-orig-file=\"https:\/\/i0.wp.com\/olivamorosicristians.es\/wp-content\/uploads\/2023\/02\/7U0A08351-scaled.jpg?fit=2560%2C1707&amp;ssl=1\" data-orig-size=\"2560,1707\" data-comments-opened=\"0\" data-image-meta=\"{&quot;aperture&quot;:&quot;6.3&quot;,&quot;credit&quot;:&quot;ANTONI RIBERA OLTRA&quot;,&quot;camera&quot;:&quot;Canon EOS 5D Mark IV&quot;,&quot;caption&quot;:&quot;&quot;,&quot;created_timestamp&quot;:&quot;1676108506&quot;,&quot;copyright&quot;:&quot;ANTONI RIBERA OLTRA antoniribera@live.com +34645997713&quot;,&quot;focal_length&quot;:&quot;36&quot;,&quot;iso&quot;:&quot;400&quot;,&quot;shutter_speed&quot;:&quot;0.00625&quot;,&quot;title&quot;:&quot;&quot;,&quot;orientation&quot;:&quot;0&quot;}\" data-image-title=\"7U0A08351\" data-image-description=\"\" data-image-caption=\"\" data-large-file=\"https:\/\/i0.wp.com\/olivamorosicristians.es\/wp-content\/uploads\/2023\/02\/7U0A08351-scaled.jpg?fit=1024%2C683&amp;ssl=1\" src=\"https:\/\/i0.wp.com\/olivamorosicristians.es\/wp-content\/uploads\/2023\/02\/7U0A08351.jpg?resize=1024%2C683&#038;ssl=1\" alt=\"\" class=\"wp-image-10823\" srcset=\"https:\/\/i0.wp.com\/olivamorosicristians.es\/wp-content\/uploads\/2023\/02\/7U0A08351-scaled.jpg?resize=1024%2C683&amp;ssl=1 1024w, https:\/\/i0.wp.com\/olivamorosicristians.es\/wp-content\/uploads\/2023\/02\/7U0A08351-scaled.jpg?resize=300%2C200&amp;ssl=1 300w, https:\/\/i0.wp.com\/olivamorosicristians.es\/wp-content\/uploads\/2023\/02\/7U0A08351-scaled.jpg?resize=768%2C512&amp;ssl=1 768w, https:\/\/i0.wp.com\/olivamorosicristians.es\/wp-content\/uploads\/2023\/02\/7U0A08351-scaled.jpg?resize=1536%2C1024&amp;ssl=1 1536w, https:\/\/i0.wp.com\/olivamorosicristians.es\/wp-content\/uploads\/2023\/02\/7U0A08351-scaled.jpg?resize=2048%2C1365&amp;ssl=1 2048w, https:\/\/i0.wp.com\/olivamorosicristians.es\/wp-content\/uploads\/2023\/02\/7U0A08351-scaled.jpg?resize=640%2C427&amp;ssl=1 640w, https:\/\/i0.wp.com\/olivamorosicristians.es\/wp-content\/uploads\/2023\/02\/7U0A08351-scaled.jpg?resize=1280%2C853&amp;ssl=1 1280w, https:\/\/i0.wp.com\/olivamorosicristians.es\/wp-content\/uploads\/2023\/02\/7U0A08351-scaled.jpg?resize=1320%2C880&amp;ssl=1 1320w, https:\/\/i0.wp.com\/olivamorosicristians.es\/wp-content\/uploads\/2023\/02\/7U0A08351-scaled.jpg?w=2340&amp;ssl=1 2340w\" sizes=\"auto, (max-width: 1024px) 100vw, 1024px\" \/><\/figure>\n\n\n\n<p>Poc abans de les 10h, a l\u2019aplegada dels \u201cdianers\u201d, els responsables de tindre cura dels est\u00f3macs guerrers, ja tenien el putxero al foc i les brases fetes per esmorzar embotit, carn i cansalada. Panxa plena i molta gana de festa, mentre els putxeros comen\u00e7aven a fer <em>xup-xup, <\/em>l\u2019AAMO s\u2019instal\u00b7lava a la pla\u00e7a per comen\u00e7ar a tocar marxes mores i cristianes i la pla\u00e7a es convertia en un mosaic multicolor de festers i festeres fent esquadres.<\/p>\n\n\n\n<figure class=\"wp-block-image size-large\"><img data-recalc-dims=\"1\" loading=\"lazy\" decoding=\"async\" width=\"1024\" height=\"418\" data-attachment-id=\"10824\" data-permalink=\"https:\/\/olivamorosicristians.es\/es\/la-fila-tuareg-revalida-el-titol-de-millor-putxero-del-mig-any-dels-moros-i-cristians-doliva-2023\/7u0a1225-pano\/\" data-orig-file=\"https:\/\/i0.wp.com\/olivamorosicristians.es\/wp-content\/uploads\/2023\/02\/7U0A1225-Pano-scaled.jpg?fit=2560%2C1045&amp;ssl=1\" data-orig-size=\"2560,1045\" data-comments-opened=\"0\" data-image-meta=\"{&quot;aperture&quot;:&quot;4&quot;,&quot;credit&quot;:&quot;ANTONI RIBERA OLTRA&quot;,&quot;camera&quot;:&quot;Canon EOS 5D Mark IV&quot;,&quot;caption&quot;:&quot;&quot;,&quot;created_timestamp&quot;:&quot;1676125334&quot;,&quot;copyright&quot;:&quot;ANTONI RIBERA OLTRA antoniribera@live.com +34645997713&quot;,&quot;focal_length&quot;:&quot;40&quot;,&quot;iso&quot;:&quot;100&quot;,&quot;shutter_speed&quot;:&quot;0.00125&quot;,&quot;title&quot;:&quot;&quot;,&quot;orientation&quot;:&quot;1&quot;}\" data-image-title=\"7U0A1225-Pano\" data-image-description=\"\" data-image-caption=\"\" data-large-file=\"https:\/\/i0.wp.com\/olivamorosicristians.es\/wp-content\/uploads\/2023\/02\/7U0A1225-Pano-scaled.jpg?fit=1024%2C418&amp;ssl=1\" src=\"https:\/\/i0.wp.com\/olivamorosicristians.es\/wp-content\/uploads\/2023\/02\/7U0A1225-Pano.jpg?resize=1024%2C418&#038;ssl=1\" alt=\"\" class=\"wp-image-10824\" srcset=\"https:\/\/i0.wp.com\/olivamorosicristians.es\/wp-content\/uploads\/2023\/02\/7U0A1225-Pano-scaled.jpg?resize=1024%2C418&amp;ssl=1 1024w, https:\/\/i0.wp.com\/olivamorosicristians.es\/wp-content\/uploads\/2023\/02\/7U0A1225-Pano-scaled.jpg?resize=300%2C122&amp;ssl=1 300w, https:\/\/i0.wp.com\/olivamorosicristians.es\/wp-content\/uploads\/2023\/02\/7U0A1225-Pano-scaled.jpg?resize=768%2C314&amp;ssl=1 768w, https:\/\/i0.wp.com\/olivamorosicristians.es\/wp-content\/uploads\/2023\/02\/7U0A1225-Pano-scaled.jpg?resize=1536%2C627&amp;ssl=1 1536w, https:\/\/i0.wp.com\/olivamorosicristians.es\/wp-content\/uploads\/2023\/02\/7U0A1225-Pano-scaled.jpg?resize=2048%2C836&amp;ssl=1 2048w, https:\/\/i0.wp.com\/olivamorosicristians.es\/wp-content\/uploads\/2023\/02\/7U0A1225-Pano-scaled.jpg?resize=640%2C261&amp;ssl=1 640w, https:\/\/i0.wp.com\/olivamorosicristians.es\/wp-content\/uploads\/2023\/02\/7U0A1225-Pano-scaled.jpg?resize=1280%2C523&amp;ssl=1 1280w, https:\/\/i0.wp.com\/olivamorosicristians.es\/wp-content\/uploads\/2023\/02\/7U0A1225-Pano-scaled.jpg?resize=1320%2C539&amp;ssl=1 1320w, https:\/\/i0.wp.com\/olivamorosicristians.es\/wp-content\/uploads\/2023\/02\/7U0A1225-Pano-scaled.jpg?w=2340&amp;ssl=1 2340w\" sizes=\"auto, (max-width: 1024px) 100vw, 1024px\" \/><figcaption>A les 13:00h era l\u2019hora acordada per fer entrega dels putxeros. Hi ha de m\u00e9s puntuals i d\u2019altres que sempre cal anar a plantar-los l\u2019amena\u00e7a de que, o entreguen en 10 minuts o quedaran desqualificats. A la fi, m\u00e9s prompte o m\u00e9s tard, els 11 putxeros es posen a disposici\u00f3 del jurat per fer la seua valoraci\u00f3. A valorar: millor presentaci\u00f3 i millor putxero.<br><br>El jurat fou conformat per: Yolanda Balaguer (Alcaldessa), Yolanda Navarro (regidora de Festes), Kino Calafat (regidor de Turisme), Ana Morell (Vicealcaldessa), Celestino Mullor (Cap Policia Local), Mapi Barreres(presidenta Gastroliva), Fanny Sanchis(presidenta ACCO), Lorenzo Jord\u00e0 (Restaurant El Pelut), Juan Carlos Morera (president AAMO), Ramona P\u00e9rez (Presidenta Federaci\u00f3 de Falles), Xelo Barreres (Junta Central de Setmana Santa), Enrique Orqu\u00edn (Capit\u00e0 Cristi\u00e0), Pablo Orqu\u00edn (Ambaixador Cristi\u00e0), Jes\u00fas Camarena (Capit\u00e0 Moro) i Pascual Moll\u00e0 (Ambaixador Moro).<br>Despr\u00e9s d\u2019una llarga deliberaci\u00f3 el jurat tenia clara la seua prelaci\u00f3 i era el moment de donar els premis. Enguany es repartiren uns davantals de cuiner per a cada participant, gentilesa de Gastroliva, i per al guanyador un cullerot.<\/figcaption><\/figure>\n\n\n\n<p>Al voltant de l\u2019escenari s\u2019arremolinaven tots els festers esperant el veredicte. Tots tindrien premi, per\u00f2 sols un seria el guanyador. Pel que fa a la millor presentaci\u00f3, la Fil\u00e0 Almor\u00e0vit va aconseguir el t\u00edtol, amb una presentaci\u00f3 extraordin\u00e0riament elaborada i amb cartellets indicant cadascun dels elements del putxero: pilota, cre\u00eflla, carlota, el brou&#8230;&nbsp; La dels Almor\u00e0vits fou la millor d\u2019entre uns putxeros que quasi ja s\u00f3n una obra d\u2019art abans de tastar-los.<\/p>\n\n\n\n<p><\/p>\n\n\n\n<figure class=\"wp-block-image size-large\"><img data-recalc-dims=\"1\" loading=\"lazy\" decoding=\"async\" width=\"1024\" height=\"683\" data-attachment-id=\"10825\" data-permalink=\"https:\/\/olivamorosicristians.es\/es\/la-fila-tuareg-revalida-el-titol-de-millor-putxero-del-mig-any-dels-moros-i-cristians-doliva-2023\/7u0a1308\/\" data-orig-file=\"https:\/\/i0.wp.com\/olivamorosicristians.es\/wp-content\/uploads\/2023\/02\/7U0A1308-scaled.jpg?fit=2560%2C1707&amp;ssl=1\" data-orig-size=\"2560,1707\" data-comments-opened=\"0\" data-image-meta=\"{&quot;aperture&quot;:&quot;5&quot;,&quot;credit&quot;:&quot;ANTONI RIBERA OLTRA&quot;,&quot;camera&quot;:&quot;Canon EOS 5D Mark IV&quot;,&quot;caption&quot;:&quot;&quot;,&quot;created_timestamp&quot;:&quot;1676126334&quot;,&quot;copyright&quot;:&quot;ANTONI RIBERA OLTRA antoniribera@live.com +34645997713&quot;,&quot;focal_length&quot;:&quot;36&quot;,&quot;iso&quot;:&quot;100&quot;,&quot;shutter_speed&quot;:&quot;0.005&quot;,&quot;title&quot;:&quot;&quot;,&quot;orientation&quot;:&quot;0&quot;}\" data-image-title=\"7U0A1308\" data-image-description=\"\" data-image-caption=\"\" data-large-file=\"https:\/\/i0.wp.com\/olivamorosicristians.es\/wp-content\/uploads\/2023\/02\/7U0A1308-scaled.jpg?fit=1024%2C683&amp;ssl=1\" src=\"https:\/\/i0.wp.com\/olivamorosicristians.es\/wp-content\/uploads\/2023\/02\/7U0A1308.jpg?resize=1024%2C683&#038;ssl=1\" alt=\"\" class=\"wp-image-10825\" srcset=\"https:\/\/i0.wp.com\/olivamorosicristians.es\/wp-content\/uploads\/2023\/02\/7U0A1308-scaled.jpg?resize=1024%2C683&amp;ssl=1 1024w, https:\/\/i0.wp.com\/olivamorosicristians.es\/wp-content\/uploads\/2023\/02\/7U0A1308-scaled.jpg?resize=300%2C200&amp;ssl=1 300w, https:\/\/i0.wp.com\/olivamorosicristians.es\/wp-content\/uploads\/2023\/02\/7U0A1308-scaled.jpg?resize=768%2C512&amp;ssl=1 768w, https:\/\/i0.wp.com\/olivamorosicristians.es\/wp-content\/uploads\/2023\/02\/7U0A1308-scaled.jpg?resize=1536%2C1024&amp;ssl=1 1536w, https:\/\/i0.wp.com\/olivamorosicristians.es\/wp-content\/uploads\/2023\/02\/7U0A1308-scaled.jpg?resize=2048%2C1365&amp;ssl=1 2048w, https:\/\/i0.wp.com\/olivamorosicristians.es\/wp-content\/uploads\/2023\/02\/7U0A1308-scaled.jpg?resize=640%2C427&amp;ssl=1 640w, https:\/\/i0.wp.com\/olivamorosicristians.es\/wp-content\/uploads\/2023\/02\/7U0A1308-scaled.jpg?resize=1280%2C853&amp;ssl=1 1280w, https:\/\/i0.wp.com\/olivamorosicristians.es\/wp-content\/uploads\/2023\/02\/7U0A1308-scaled.jpg?resize=1320%2C880&amp;ssl=1 1320w, https:\/\/i0.wp.com\/olivamorosicristians.es\/wp-content\/uploads\/2023\/02\/7U0A1308-scaled.jpg?w=2340&amp;ssl=1 2340w\" sizes=\"auto, (max-width: 1024px) 100vw, 1024px\" \/><\/figure>\n\n\n\n<p>I el putxero guanyador, el m\u00e9s delit\u00f3s i sabor\u00f3s fou, per segon any consecutiu, per a la Fil\u00e0 Tuareg. El xef capit\u00e0-Gregori es va emportar el cullerot que l\u2019acredita com al millor cuiner d\u2019aquest Mig Any. L\u2019any passat, en el Mig Any celebrat al mes d\u2019abril per causa de la Covid, ja va resultar guanyador. Enguany tamb\u00e9, demostrant que amb el fred no se li resenteixen les papil\u00b7les gustatives i que el de l&#8217;any passat no va ser sort, i ha tornat a ser capa\u00e7 de fer el millor dels Putxeros del Mig Any dels Moros i Cristians d\u2019Oliva 2023, sumant el tercer primer premi per a la Fil\u00e0 Tuareg en la hist\u00f2ria del Concurs de Putxeros, (des de 1980 fins a l\u2019actualitat, no havent dades de 1980 i 1982)*. <\/p>\n\n\n\n<p><\/p>\n\n\n\n<figure class=\"wp-block-image size-large\"><img data-recalc-dims=\"1\" loading=\"lazy\" decoding=\"async\" width=\"1024\" height=\"683\" data-attachment-id=\"10826\" data-permalink=\"https:\/\/olivamorosicristians.es\/es\/la-fila-tuareg-revalida-el-titol-de-millor-putxero-del-mig-any-dels-moros-i-cristians-doliva-2023\/7u0a1323\/\" data-orig-file=\"https:\/\/i0.wp.com\/olivamorosicristians.es\/wp-content\/uploads\/2023\/02\/7U0A1323-scaled.jpg?fit=2560%2C1707&amp;ssl=1\" data-orig-size=\"2560,1707\" data-comments-opened=\"0\" data-image-meta=\"{&quot;aperture&quot;:&quot;5&quot;,&quot;credit&quot;:&quot;ANTONI RIBERA OLTRA&quot;,&quot;camera&quot;:&quot;Canon EOS 5D Mark IV&quot;,&quot;caption&quot;:&quot;&quot;,&quot;created_timestamp&quot;:&quot;1676126415&quot;,&quot;copyright&quot;:&quot;ANTONI RIBERA OLTRA antoniribera@live.com +34645997713&quot;,&quot;focal_length&quot;:&quot;34&quot;,&quot;iso&quot;:&quot;100&quot;,&quot;shutter_speed&quot;:&quot;0.005&quot;,&quot;title&quot;:&quot;&quot;,&quot;orientation&quot;:&quot;0&quot;}\" data-image-title=\"7U0A1323\" data-image-description=\"\" data-image-caption=\"\" data-large-file=\"https:\/\/i0.wp.com\/olivamorosicristians.es\/wp-content\/uploads\/2023\/02\/7U0A1323-scaled.jpg?fit=1024%2C683&amp;ssl=1\" src=\"https:\/\/i0.wp.com\/olivamorosicristians.es\/wp-content\/uploads\/2023\/02\/7U0A1323.jpg?resize=1024%2C683&#038;ssl=1\" alt=\"\" class=\"wp-image-10826\" srcset=\"https:\/\/i0.wp.com\/olivamorosicristians.es\/wp-content\/uploads\/2023\/02\/7U0A1323-scaled.jpg?resize=1024%2C683&amp;ssl=1 1024w, https:\/\/i0.wp.com\/olivamorosicristians.es\/wp-content\/uploads\/2023\/02\/7U0A1323-scaled.jpg?resize=300%2C200&amp;ssl=1 300w, https:\/\/i0.wp.com\/olivamorosicristians.es\/wp-content\/uploads\/2023\/02\/7U0A1323-scaled.jpg?resize=768%2C512&amp;ssl=1 768w, https:\/\/i0.wp.com\/olivamorosicristians.es\/wp-content\/uploads\/2023\/02\/7U0A1323-scaled.jpg?resize=1536%2C1024&amp;ssl=1 1536w, https:\/\/i0.wp.com\/olivamorosicristians.es\/wp-content\/uploads\/2023\/02\/7U0A1323-scaled.jpg?resize=2048%2C1365&amp;ssl=1 2048w, https:\/\/i0.wp.com\/olivamorosicristians.es\/wp-content\/uploads\/2023\/02\/7U0A1323-scaled.jpg?resize=640%2C427&amp;ssl=1 640w, https:\/\/i0.wp.com\/olivamorosicristians.es\/wp-content\/uploads\/2023\/02\/7U0A1323-scaled.jpg?resize=1280%2C853&amp;ssl=1 1280w, https:\/\/i0.wp.com\/olivamorosicristians.es\/wp-content\/uploads\/2023\/02\/7U0A1323-scaled.jpg?resize=1320%2C880&amp;ssl=1 1320w, https:\/\/i0.wp.com\/olivamorosicristians.es\/wp-content\/uploads\/2023\/02\/7U0A1323-scaled.jpg?w=2340&amp;ssl=1 2340w\" sizes=\"auto, (max-width: 1024px) 100vw, 1024px\" \/><\/figure>\n\n\n\n<p>*En la taula de resultats elaborada per P. Fenollar, de la Comissi\u00f3 del Centenari dels Moros i Cristians d\u2019Oliva, el p\u00f2dium est\u00e0 aix\u00ed:<\/p>\n\n\n\n<figure class=\"wp-block-table\"><table><tbody><tr><td><strong>FIL\u00c0<\/strong><\/td><td><strong>n\u00ba EDICIONS<\/strong><\/td><\/tr><tr><td>JAUME I<\/td><td>9<\/td><\/tr><tr><td>MOSQUETERS<\/td><td>5<\/td><\/tr><tr><td>MUDEJARS<\/td><td>4<\/td><\/tr><tr><td>MASERS<\/td><td>4<\/td><\/tr><tr><td>MARR\u00c0QUEIX<\/td><td>4<\/td><\/tr><tr><td>MORISCOS<\/td><td>4<\/td><\/tr><tr><td>TUAREG<\/td><td>3<\/td><\/tr><tr><td>PIRATES<\/td><td>2<\/td><\/tr><tr><td>ALMORAVITS<\/td><td>2<\/td><\/tr><tr><td>CORSARIS<\/td><td>2<\/td><\/tr><tr><td>CANIBALS<\/td><td>1<\/td><\/tr><tr><td>CREUATS<\/td><td>1<\/td><\/tr><tr><td>CONTRABANDISTES<\/td><td>1<\/td><\/tr><tr><td>TAIFES<\/td><td>0<\/td><\/tr><\/tbody><\/table><figcaption>No inclou any 1980 ni 1982 per no haver dades<\/figcaption><\/figure>\n\n\n\n<figure class=\"wp-block-image size-large\"><img data-recalc-dims=\"1\" loading=\"lazy\" decoding=\"async\" width=\"1024\" height=\"683\" data-attachment-id=\"10829\" data-permalink=\"https:\/\/olivamorosicristians.es\/es\/la-fila-tuareg-revalida-el-titol-de-millor-putxero-del-mig-any-dels-moros-i-cristians-doliva-2023\/7u0a1094\/\" data-orig-file=\"https:\/\/i0.wp.com\/olivamorosicristians.es\/wp-content\/uploads\/2023\/02\/7U0A1094-scaled.jpg?fit=2560%2C1707&amp;ssl=1\" data-orig-size=\"2560,1707\" data-comments-opened=\"0\" data-image-meta=\"{&quot;aperture&quot;:&quot;4&quot;,&quot;credit&quot;:&quot;ANTONI RIBERA OLTRA&quot;,&quot;camera&quot;:&quot;Canon EOS 5D Mark IV&quot;,&quot;caption&quot;:&quot;&quot;,&quot;created_timestamp&quot;:&quot;1676121890&quot;,&quot;copyright&quot;:&quot;ANTONI RIBERA OLTRA antoniribera@live.com +34645997713&quot;,&quot;focal_length&quot;:&quot;40&quot;,&quot;iso&quot;:&quot;100&quot;,&quot;shutter_speed&quot;:&quot;0.005&quot;,&quot;title&quot;:&quot;&quot;,&quot;orientation&quot;:&quot;0&quot;}\" data-image-title=\"7U0A1094\" data-image-description=\"\" data-image-caption=\"\" data-large-file=\"https:\/\/i0.wp.com\/olivamorosicristians.es\/wp-content\/uploads\/2023\/02\/7U0A1094-scaled.jpg?fit=1024%2C683&amp;ssl=1\" src=\"https:\/\/i0.wp.com\/olivamorosicristians.es\/wp-content\/uploads\/2023\/02\/7U0A1094.jpg?resize=1024%2C683&#038;ssl=1\" alt=\"\" class=\"wp-image-10829\" srcset=\"https:\/\/i0.wp.com\/olivamorosicristians.es\/wp-content\/uploads\/2023\/02\/7U0A1094-scaled.jpg?resize=1024%2C683&amp;ssl=1 1024w, https:\/\/i0.wp.com\/olivamorosicristians.es\/wp-content\/uploads\/2023\/02\/7U0A1094-scaled.jpg?resize=300%2C200&amp;ssl=1 300w, https:\/\/i0.wp.com\/olivamorosicristians.es\/wp-content\/uploads\/2023\/02\/7U0A1094-scaled.jpg?resize=768%2C512&amp;ssl=1 768w, https:\/\/i0.wp.com\/olivamorosicristians.es\/wp-content\/uploads\/2023\/02\/7U0A1094-scaled.jpg?resize=1536%2C1024&amp;ssl=1 1536w, https:\/\/i0.wp.com\/olivamorosicristians.es\/wp-content\/uploads\/2023\/02\/7U0A1094-scaled.jpg?resize=2048%2C1365&amp;ssl=1 2048w, https:\/\/i0.wp.com\/olivamorosicristians.es\/wp-content\/uploads\/2023\/02\/7U0A1094-scaled.jpg?resize=640%2C427&amp;ssl=1 640w, https:\/\/i0.wp.com\/olivamorosicristians.es\/wp-content\/uploads\/2023\/02\/7U0A1094-scaled.jpg?resize=1280%2C853&amp;ssl=1 1280w, https:\/\/i0.wp.com\/olivamorosicristians.es\/wp-content\/uploads\/2023\/02\/7U0A1094-scaled.jpg?resize=1320%2C880&amp;ssl=1 1320w, https:\/\/i0.wp.com\/olivamorosicristians.es\/wp-content\/uploads\/2023\/02\/7U0A1094-scaled.jpg?w=2340&amp;ssl=1 2340w\" sizes=\"auto, (max-width: 1024px) 100vw, 1024px\" \/><figcaption>Els c\u00e0rrecs brinden per les Festes de Moros i Cristians d&#8217;Oliva 2023<\/figcaption><\/figure>","protected":false},"excerpt":{"rendered":"<p>Dissabte 11 de febrer de 2023 es va celebrar el tradicional Concurs de Putxeros dels Moros i Cristians d\u2019Oliva. El mat\u00ed, tot i el fred habitual, va despertar amb el cel ras. Durant tota la setmana amena\u00e7ava pluja i per aquest motiu, el dimarts anterior, reunida la Comissi\u00f3 de Presidents i de la Junta de [&hellip;]<\/p>\n","protected":false},"author":1,"featured_media":10828,"comment_status":"closed","ping_status":"open","sticky":false,"template":"","format":"standard","meta":{"jetpack_post_was_ever_published":false,"_jetpack_newsletter_access":"","_jetpack_dont_email_post_to_subs":false,"_jetpack_newsletter_tier_id":0,"_jetpack_memberships_contains_paywalled_content":false,"_jetpack_memberships_contains_paid_content":false,"footnotes":"","jetpack_publicize_message":"","jetpack_publicize_feature_enabled":true,"jetpack_social_post_already_shared":true,"jetpack_social_options":{"image_generator_settings":{"template":"highway","default_image_id":0,"font":"","enabled":false},"version":2}},"categories":[1],"tags":[],"class_list":["post-10821","post","type-post","status-publish","format-standard","has-post-thumbnail","hentry","category-varis"],"yoast_head":"<!-- This site is optimized with the Yoast SEO plugin v27.5 - https:\/\/yoast.com\/product\/yoast-seo-wordpress\/ -->\n<title>La Fil\u00e0 Tuareg revalida el t\u00edtol de millor putxero del Mig Any dels Moros i Cristians d\u2019Oliva 2023 - Moros i Cristians Oliva<\/title>\n<meta name=\"robots\" content=\"index, follow, max-snippet:-1, max-image-preview:large, max-video-preview:-1\" \/>\n<link rel=\"canonical\" href=\"https:\/\/olivamorosicristians.es\/es\/la-fila-tuareg-revalida-el-titol-de-millor-putxero-del-mig-any-dels-moros-i-cristians-doliva-2023\/\" \/>\n<meta property=\"og:locale\" content=\"es_ES\" \/>\n<meta property=\"og:type\" content=\"article\" \/>\n<meta property=\"og:title\" content=\"La Fil\u00e0 Tuareg revalida el t\u00edtol de millor putxero del Mig Any dels Moros i Cristians d\u2019Oliva 2023 - Moros i Cristians Oliva\" \/>\n<meta property=\"og:description\" content=\"Dissabte 11 de febrer de 2023 es va celebrar el tradicional Concurs de Putxeros dels Moros i Cristians d\u2019Oliva. El mat\u00ed, tot i el fred habitual, va despertar amb el cel ras. Durant tota la setmana amena\u00e7ava pluja i per aquest motiu, el dimarts anterior, reunida la Comissi\u00f3 de Presidents i de la Junta de [&hellip;]\" \/>\n<meta property=\"og:url\" content=\"https:\/\/olivamorosicristians.es\/es\/la-fila-tuareg-revalida-el-titol-de-millor-putxero-del-mig-any-dels-moros-i-cristians-doliva-2023\/\" \/>\n<meta property=\"og:site_name\" content=\"Moros i Cristians Oliva\" \/>\n<meta property=\"article:publisher\" content=\"https:\/\/www.facebook.com\/federaciodemorosicristiansdoliva\/\" \/>\n<meta property=\"article:author\" content=\"https:\/\/www.facebook.com\/federaciodemorosicristiansdoliva\" \/>\n<meta property=\"article:published_time\" content=\"2023-02-13T10:11:22+00:00\" \/>\n<meta property=\"article:modified_time\" content=\"2023-02-13T10:14:56+00:00\" \/>\n<meta property=\"og:image\" content=\"https:\/\/olivamorosicristians.es\/wp-content\/uploads\/2023\/02\/7U0A1323-1-scaled.jpg\" \/>\n\t<meta property=\"og:image:width\" content=\"2560\" \/>\n\t<meta property=\"og:image:height\" content=\"1707\" \/>\n\t<meta property=\"og:image:type\" content=\"image\/jpeg\" \/>\n<meta name=\"author\" content=\"Webmaster\" \/>\n<meta name=\"twitter:card\" content=\"summary_large_image\" \/>\n<meta name=\"twitter:label1\" content=\"Escrito por\" \/>\n\t<meta name=\"twitter:data1\" content=\"Webmaster\" \/>\n\t<meta name=\"twitter:label2\" content=\"Tiempo de lectura\" \/>\n\t<meta name=\"twitter:data2\" content=\"6 minutos\" \/>\n<script type=\"application\/ld+json\" class=\"yoast-schema-graph\">{\"@context\":\"https:\\\/\\\/schema.org\",\"@graph\":[{\"@type\":\"Article\",\"@id\":\"https:\\\/\\\/olivamorosicristians.es\\\/la-fila-tuareg-revalida-el-titol-de-millor-putxero-del-mig-any-dels-moros-i-cristians-doliva-2023\\\/#article\",\"isPartOf\":{\"@id\":\"https:\\\/\\\/olivamorosicristians.es\\\/la-fila-tuareg-revalida-el-titol-de-millor-putxero-del-mig-any-dels-moros-i-cristians-doliva-2023\\\/\"},\"author\":{\"name\":\"Webmaster\",\"@id\":\"https:\\\/\\\/olivamorosicristians.es\\\/#\\\/schema\\\/person\\\/21ece052d8816103cad91a2676fd0149\"},\"headline\":\"La Fil\u00e0 Tuareg revalida el t\u00edtol de millor putxero del Mig Any dels Moros i Cristians d\u2019Oliva 2023\",\"datePublished\":\"2023-02-13T10:11:22+00:00\",\"dateModified\":\"2023-02-13T10:14:56+00:00\",\"mainEntityOfPage\":{\"@id\":\"https:\\\/\\\/olivamorosicristians.es\\\/la-fila-tuareg-revalida-el-titol-de-millor-putxero-del-mig-any-dels-moros-i-cristians-doliva-2023\\\/\"},\"wordCount\":1009,\"publisher\":{\"@id\":\"https:\\\/\\\/olivamorosicristians.es\\\/#organization\"},\"image\":{\"@id\":\"https:\\\/\\\/olivamorosicristians.es\\\/la-fila-tuareg-revalida-el-titol-de-millor-putxero-del-mig-any-dels-moros-i-cristians-doliva-2023\\\/#primaryimage\"},\"thumbnailUrl\":\"https:\\\/\\\/i0.wp.com\\\/olivamorosicristians.es\\\/wp-content\\\/uploads\\\/2023\\\/02\\\/7U0A1323-1-scaled.jpg?fit=2560%2C1707&ssl=1\",\"articleSection\":[\"Varis\"],\"inLanguage\":\"es\"},{\"@type\":\"WebPage\",\"@id\":\"https:\\\/\\\/olivamorosicristians.es\\\/la-fila-tuareg-revalida-el-titol-de-millor-putxero-del-mig-any-dels-moros-i-cristians-doliva-2023\\\/\",\"url\":\"https:\\\/\\\/olivamorosicristians.es\\\/la-fila-tuareg-revalida-el-titol-de-millor-putxero-del-mig-any-dels-moros-i-cristians-doliva-2023\\\/\",\"name\":\"La Fil\u00e0 Tuareg revalida el t\u00edtol de millor putxero del Mig Any dels Moros i Cristians d\u2019Oliva 2023 - Moros i Cristians Oliva\",\"isPartOf\":{\"@id\":\"https:\\\/\\\/olivamorosicristians.es\\\/#website\"},\"primaryImageOfPage\":{\"@id\":\"https:\\\/\\\/olivamorosicristians.es\\\/la-fila-tuareg-revalida-el-titol-de-millor-putxero-del-mig-any-dels-moros-i-cristians-doliva-2023\\\/#primaryimage\"},\"image\":{\"@id\":\"https:\\\/\\\/olivamorosicristians.es\\\/la-fila-tuareg-revalida-el-titol-de-millor-putxero-del-mig-any-dels-moros-i-cristians-doliva-2023\\\/#primaryimage\"},\"thumbnailUrl\":\"https:\\\/\\\/i0.wp.com\\\/olivamorosicristians.es\\\/wp-content\\\/uploads\\\/2023\\\/02\\\/7U0A1323-1-scaled.jpg?fit=2560%2C1707&ssl=1\",\"datePublished\":\"2023-02-13T10:11:22+00:00\",\"dateModified\":\"2023-02-13T10:14:56+00:00\",\"breadcrumb\":{\"@id\":\"https:\\\/\\\/olivamorosicristians.es\\\/la-fila-tuareg-revalida-el-titol-de-millor-putxero-del-mig-any-dels-moros-i-cristians-doliva-2023\\\/#breadcrumb\"},\"inLanguage\":\"es\",\"potentialAction\":[{\"@type\":\"ReadAction\",\"target\":[\"https:\\\/\\\/olivamorosicristians.es\\\/la-fila-tuareg-revalida-el-titol-de-millor-putxero-del-mig-any-dels-moros-i-cristians-doliva-2023\\\/\"]}]},{\"@type\":\"ImageObject\",\"inLanguage\":\"es\",\"@id\":\"https:\\\/\\\/olivamorosicristians.es\\\/la-fila-tuareg-revalida-el-titol-de-millor-putxero-del-mig-any-dels-moros-i-cristians-doliva-2023\\\/#primaryimage\",\"url\":\"https:\\\/\\\/i0.wp.com\\\/olivamorosicristians.es\\\/wp-content\\\/uploads\\\/2023\\\/02\\\/7U0A1323-1-scaled.jpg?fit=2560%2C1707&ssl=1\",\"contentUrl\":\"https:\\\/\\\/i0.wp.com\\\/olivamorosicristians.es\\\/wp-content\\\/uploads\\\/2023\\\/02\\\/7U0A1323-1-scaled.jpg?fit=2560%2C1707&ssl=1\",\"width\":2560,\"height\":1707},{\"@type\":\"BreadcrumbList\",\"@id\":\"https:\\\/\\\/olivamorosicristians.es\\\/la-fila-tuareg-revalida-el-titol-de-millor-putxero-del-mig-any-dels-moros-i-cristians-doliva-2023\\\/#breadcrumb\",\"itemListElement\":[{\"@type\":\"ListItem\",\"position\":1,\"name\":\"Portada\",\"item\":\"https:\\\/\\\/olivamorosicristians.es\\\/\"},{\"@type\":\"ListItem\",\"position\":2,\"name\":\"La Fil\u00e0 Tuareg revalida el t\u00edtol de millor putxero del Mig Any dels Moros i Cristians d\u2019Oliva 2023\"}]},{\"@type\":\"WebSite\",\"@id\":\"https:\\\/\\\/olivamorosicristians.es\\\/#website\",\"url\":\"https:\\\/\\\/olivamorosicristians.es\\\/\",\"name\":\"Moros i Cristians Oliva\",\"description\":\"FMCO\",\"publisher\":{\"@id\":\"https:\\\/\\\/olivamorosicristians.es\\\/#organization\"},\"potentialAction\":[{\"@type\":\"SearchAction\",\"target\":{\"@type\":\"EntryPoint\",\"urlTemplate\":\"https:\\\/\\\/olivamorosicristians.es\\\/?s={search_term_string}\"},\"query-input\":{\"@type\":\"PropertyValueSpecification\",\"valueRequired\":true,\"valueName\":\"search_term_string\"}}],\"inLanguage\":\"es\"},{\"@type\":\"Organization\",\"@id\":\"https:\\\/\\\/olivamorosicristians.es\\\/#organization\",\"name\":\"Federaci\u00f3 de Moros i Cristians - Oliva\",\"url\":\"https:\\\/\\\/olivamorosicristians.es\\\/\",\"logo\":{\"@type\":\"ImageObject\",\"inLanguage\":\"es\",\"@id\":\"https:\\\/\\\/olivamorosicristians.es\\\/#\\\/schema\\\/logo\\\/image\\\/\",\"url\":\"https:\\\/\\\/i2.wp.com\\\/olivamorosicristians.es\\\/wp-content\\\/uploads\\\/2018\\\/06\\\/Icon_FMiCO.png?fit=50%2C50&ssl=1\",\"contentUrl\":\"https:\\\/\\\/i2.wp.com\\\/olivamorosicristians.es\\\/wp-content\\\/uploads\\\/2018\\\/06\\\/Icon_FMiCO.png?fit=50%2C50&ssl=1\",\"width\":50,\"height\":50,\"caption\":\"Federaci\u00f3 de Moros i Cristians - Oliva\"},\"image\":{\"@id\":\"https:\\\/\\\/olivamorosicristians.es\\\/#\\\/schema\\\/logo\\\/image\\\/\"},\"sameAs\":[\"https:\\\/\\\/www.facebook.com\\\/federaciodemorosicristiansdoliva\\\/\",\"https:\\\/\\\/www.instagram.com\\\/morosicristiansoliva\\\/?hl=es\"]},{\"@type\":\"Person\",\"@id\":\"https:\\\/\\\/olivamorosicristians.es\\\/#\\\/schema\\\/person\\\/21ece052d8816103cad91a2676fd0149\",\"name\":\"Webmaster\",\"image\":{\"@type\":\"ImageObject\",\"inLanguage\":\"es\",\"@id\":\"https:\\\/\\\/secure.gravatar.com\\\/avatar\\\/18de20f14d74abe0c800b423a8b0e24cae6153cb6baeb2c2df80e1cef2117e0d?s=96&d=mm&r=g\",\"url\":\"https:\\\/\\\/secure.gravatar.com\\\/avatar\\\/18de20f14d74abe0c800b423a8b0e24cae6153cb6baeb2c2df80e1cef2117e0d?s=96&d=mm&r=g\",\"contentUrl\":\"https:\\\/\\\/secure.gravatar.com\\\/avatar\\\/18de20f14d74abe0c800b423a8b0e24cae6153cb6baeb2c2df80e1cef2117e0d?s=96&d=mm&r=g\",\"caption\":\"Webmaster\"},\"sameAs\":[\"https:\\\/\\\/www.facebook.com\\\/federaciodemorosicristiansdoliva\",\"https:\\\/\\\/www.instagram.com\\\/morosicristiansoliva\\\/\"]}]}<\/script>\n<!-- \/ Yoast SEO plugin. -->","yoast_head_json":{"title":"La Fil\u00e0 Tuareg revalida el t\u00edtol de millor putxero del Mig Any dels Moros i Cristians d\u2019Oliva 2023 - Moros i Cristians Oliva","robots":{"index":"index","follow":"follow","max-snippet":"max-snippet:-1","max-image-preview":"max-image-preview:large","max-video-preview":"max-video-preview:-1"},"canonical":"https:\/\/olivamorosicristians.es\/es\/la-fila-tuareg-revalida-el-titol-de-millor-putxero-del-mig-any-dels-moros-i-cristians-doliva-2023\/","og_locale":"es_ES","og_type":"article","og_title":"La Fil\u00e0 Tuareg revalida el t\u00edtol de millor putxero del Mig Any dels Moros i Cristians d\u2019Oliva 2023 - Moros i Cristians Oliva","og_description":"Dissabte 11 de febrer de 2023 es va celebrar el tradicional Concurs de Putxeros dels Moros i Cristians d\u2019Oliva. El mat\u00ed, tot i el fred habitual, va despertar amb el cel ras. Durant tota la setmana amena\u00e7ava pluja i per aquest motiu, el dimarts anterior, reunida la Comissi\u00f3 de Presidents i de la Junta de [&hellip;]","og_url":"https:\/\/olivamorosicristians.es\/es\/la-fila-tuareg-revalida-el-titol-de-millor-putxero-del-mig-any-dels-moros-i-cristians-doliva-2023\/","og_site_name":"Moros i Cristians Oliva","article_publisher":"https:\/\/www.facebook.com\/federaciodemorosicristiansdoliva\/","article_author":"https:\/\/www.facebook.com\/federaciodemorosicristiansdoliva","article_published_time":"2023-02-13T10:11:22+00:00","article_modified_time":"2023-02-13T10:14:56+00:00","og_image":[{"width":2560,"height":1707,"url":"https:\/\/olivamorosicristians.es\/wp-content\/uploads\/2023\/02\/7U0A1323-1-scaled.jpg","type":"image\/jpeg"}],"author":"Webmaster","twitter_card":"summary_large_image","twitter_misc":{"Escrito por":"Webmaster","Tiempo de lectura":"6 minutos"},"schema":{"@context":"https:\/\/schema.org","@graph":[{"@type":"Article","@id":"https:\/\/olivamorosicristians.es\/la-fila-tuareg-revalida-el-titol-de-millor-putxero-del-mig-any-dels-moros-i-cristians-doliva-2023\/#article","isPartOf":{"@id":"https:\/\/olivamorosicristians.es\/la-fila-tuareg-revalida-el-titol-de-millor-putxero-del-mig-any-dels-moros-i-cristians-doliva-2023\/"},"author":{"name":"Webmaster","@id":"https:\/\/olivamorosicristians.es\/#\/schema\/person\/21ece052d8816103cad91a2676fd0149"},"headline":"La Fil\u00e0 Tuareg revalida el t\u00edtol de millor putxero del Mig Any dels Moros i Cristians d\u2019Oliva 2023","datePublished":"2023-02-13T10:11:22+00:00","dateModified":"2023-02-13T10:14:56+00:00","mainEntityOfPage":{"@id":"https:\/\/olivamorosicristians.es\/la-fila-tuareg-revalida-el-titol-de-millor-putxero-del-mig-any-dels-moros-i-cristians-doliva-2023\/"},"wordCount":1009,"publisher":{"@id":"https:\/\/olivamorosicristians.es\/#organization"},"image":{"@id":"https:\/\/olivamorosicristians.es\/la-fila-tuareg-revalida-el-titol-de-millor-putxero-del-mig-any-dels-moros-i-cristians-doliva-2023\/#primaryimage"},"thumbnailUrl":"https:\/\/i0.wp.com\/olivamorosicristians.es\/wp-content\/uploads\/2023\/02\/7U0A1323-1-scaled.jpg?fit=2560%2C1707&ssl=1","articleSection":["Varis"],"inLanguage":"es"},{"@type":"WebPage","@id":"https:\/\/olivamorosicristians.es\/la-fila-tuareg-revalida-el-titol-de-millor-putxero-del-mig-any-dels-moros-i-cristians-doliva-2023\/","url":"https:\/\/olivamorosicristians.es\/la-fila-tuareg-revalida-el-titol-de-millor-putxero-del-mig-any-dels-moros-i-cristians-doliva-2023\/","name":"La Fil\u00e0 Tuareg revalida el t\u00edtol de millor putxero del Mig Any dels Moros i Cristians d\u2019Oliva 2023 - Moros i Cristians Oliva","isPartOf":{"@id":"https:\/\/olivamorosicristians.es\/#website"},"primaryImageOfPage":{"@id":"https:\/\/olivamorosicristians.es\/la-fila-tuareg-revalida-el-titol-de-millor-putxero-del-mig-any-dels-moros-i-cristians-doliva-2023\/#primaryimage"},"image":{"@id":"https:\/\/olivamorosicristians.es\/la-fila-tuareg-revalida-el-titol-de-millor-putxero-del-mig-any-dels-moros-i-cristians-doliva-2023\/#primaryimage"},"thumbnailUrl":"https:\/\/i0.wp.com\/olivamorosicristians.es\/wp-content\/uploads\/2023\/02\/7U0A1323-1-scaled.jpg?fit=2560%2C1707&ssl=1","datePublished":"2023-02-13T10:11:22+00:00","dateModified":"2023-02-13T10:14:56+00:00","breadcrumb":{"@id":"https:\/\/olivamorosicristians.es\/la-fila-tuareg-revalida-el-titol-de-millor-putxero-del-mig-any-dels-moros-i-cristians-doliva-2023\/#breadcrumb"},"inLanguage":"es","potentialAction":[{"@type":"ReadAction","target":["https:\/\/olivamorosicristians.es\/la-fila-tuareg-revalida-el-titol-de-millor-putxero-del-mig-any-dels-moros-i-cristians-doliva-2023\/"]}]},{"@type":"ImageObject","inLanguage":"es","@id":"https:\/\/olivamorosicristians.es\/la-fila-tuareg-revalida-el-titol-de-millor-putxero-del-mig-any-dels-moros-i-cristians-doliva-2023\/#primaryimage","url":"https:\/\/i0.wp.com\/olivamorosicristians.es\/wp-content\/uploads\/2023\/02\/7U0A1323-1-scaled.jpg?fit=2560%2C1707&ssl=1","contentUrl":"https:\/\/i0.wp.com\/olivamorosicristians.es\/wp-content\/uploads\/2023\/02\/7U0A1323-1-scaled.jpg?fit=2560%2C1707&ssl=1","width":2560,"height":1707},{"@type":"BreadcrumbList","@id":"https:\/\/olivamorosicristians.es\/la-fila-tuareg-revalida-el-titol-de-millor-putxero-del-mig-any-dels-moros-i-cristians-doliva-2023\/#breadcrumb","itemListElement":[{"@type":"ListItem","position":1,"name":"Portada","item":"https:\/\/olivamorosicristians.es\/"},{"@type":"ListItem","position":2,"name":"La Fil\u00e0 Tuareg revalida el t\u00edtol de millor putxero del Mig Any dels Moros i Cristians d\u2019Oliva 2023"}]},{"@type":"WebSite","@id":"https:\/\/olivamorosicristians.es\/#website","url":"https:\/\/olivamorosicristians.es\/","name":"Moros i Cristians Oliva","description":"FMCO","publisher":{"@id":"https:\/\/olivamorosicristians.es\/#organization"},"potentialAction":[{"@type":"SearchAction","target":{"@type":"EntryPoint","urlTemplate":"https:\/\/olivamorosicristians.es\/?s={search_term_string}"},"query-input":{"@type":"PropertyValueSpecification","valueRequired":true,"valueName":"search_term_string"}}],"inLanguage":"es"},{"@type":"Organization","@id":"https:\/\/olivamorosicristians.es\/#organization","name":"La Federaci\u00f3n de Moros y Cristianos de Oliva","url":"https:\/\/olivamorosicristians.es\/","logo":{"@type":"ImageObject","inLanguage":"es","@id":"https:\/\/olivamorosicristians.es\/#\/schema\/logo\/image\/","url":"https:\/\/i2.wp.com\/olivamorosicristians.es\/wp-content\/uploads\/2018\/06\/Icon_FMiCO.png?fit=50%2C50&ssl=1","contentUrl":"https:\/\/i2.wp.com\/olivamorosicristians.es\/wp-content\/uploads\/2018\/06\/Icon_FMiCO.png?fit=50%2C50&ssl=1","width":50,"height":50,"caption":"Federaci\u00f3 de Moros i Cristians - Oliva"},"image":{"@id":"https:\/\/olivamorosicristians.es\/#\/schema\/logo\/image\/"},"sameAs":["https:\/\/www.facebook.com\/federaciodemorosicristiansdoliva\/","https:\/\/www.instagram.com\/morosicristiansoliva\/?hl=es"]},{"@type":"Person","@id":"https:\/\/olivamorosicristians.es\/#\/schema\/person\/21ece052d8816103cad91a2676fd0149","name":"Webmaster","image":{"@type":"ImageObject","inLanguage":"es","@id":"https:\/\/secure.gravatar.com\/avatar\/18de20f14d74abe0c800b423a8b0e24cae6153cb6baeb2c2df80e1cef2117e0d?s=96&d=mm&r=g","url":"https:\/\/secure.gravatar.com\/avatar\/18de20f14d74abe0c800b423a8b0e24cae6153cb6baeb2c2df80e1cef2117e0d?s=96&d=mm&r=g","contentUrl":"https:\/\/secure.gravatar.com\/avatar\/18de20f14d74abe0c800b423a8b0e24cae6153cb6baeb2c2df80e1cef2117e0d?s=96&d=mm&r=g","caption":"Webmaster"},"sameAs":["https:\/\/www.facebook.com\/federaciodemorosicristiansdoliva","https:\/\/www.instagram.com\/morosicristiansoliva\/"]}]}},"jetpack_publicize_connections":[],"jetpack_featured_media_url":"https:\/\/i0.wp.com\/olivamorosicristians.es\/wp-content\/uploads\/2023\/02\/7U0A1323-1-scaled.jpg?fit=2560%2C1707&ssl=1","jetpack_sharing_enabled":true,"jetpack_shortlink":"https:\/\/wp.me\/pagEx6-2Ox","jetpack-related-posts":[],"_links":{"self":[{"href":"https:\/\/olivamorosicristians.es\/es\/wp-json\/wp\/v2\/posts\/10821","targetHints":{"allow":["GET"]}}],"collection":[{"href":"https:\/\/olivamorosicristians.es\/es\/wp-json\/wp\/v2\/posts"}],"about":[{"href":"https:\/\/olivamorosicristians.es\/es\/wp-json\/wp\/v2\/types\/post"}],"author":[{"embeddable":true,"href":"https:\/\/olivamorosicristians.es\/es\/wp-json\/wp\/v2\/users\/1"}],"replies":[{"embeddable":true,"href":"https:\/\/olivamorosicristians.es\/es\/wp-json\/wp\/v2\/comments?post=10821"}],"version-history":[{"count":2,"href":"https:\/\/olivamorosicristians.es\/es\/wp-json\/wp\/v2\/posts\/10821\/revisions"}],"predecessor-version":[{"id":10831,"href":"https:\/\/olivamorosicristians.es\/es\/wp-json\/wp\/v2\/posts\/10821\/revisions\/10831"}],"wp:featuredmedia":[{"embeddable":true,"href":"https:\/\/olivamorosicristians.es\/es\/wp-json\/wp\/v2\/media\/10828"}],"wp:attachment":[{"href":"https:\/\/olivamorosicristians.es\/es\/wp-json\/wp\/v2\/media?parent=10821"}],"wp:term":[{"taxonomy":"category","embeddable":true,"href":"https:\/\/olivamorosicristians.es\/es\/wp-json\/wp\/v2\/categories?post=10821"},{"taxonomy":"post_tag","embeddable":true,"href":"https:\/\/olivamorosicristians.es\/es\/wp-json\/wp\/v2\/tags?post=10821"}],"curies":[{"name":"wp","href":"https:\/\/api.w.org\/{rel}","templated":true}]}}