{"id":10812,"date":"2023-02-09T09:32:46","date_gmt":"2023-02-09T07:32:46","guid":{"rendered":"https:\/\/olivamorosicristians.es\/?p=10812"},"modified":"2023-02-09T09:49:22","modified_gmt":"2023-02-09T07:49:22","slug":"putxeros-del-mig-any-dels-moros-i-cristians-doliva-2023","status":"publish","type":"post","link":"https:\/\/olivamorosicristians.es\/es\/putxeros-del-mig-any-dels-moros-i-cristians-doliva-2023\/","title":{"rendered":"Putxeros del Mig any dels Moros i Cristians d\u2019Oliva 2023"},"content":{"rendered":"<p class=\"has-medium-font-size\"><strong>La Federaci\u00f3 de Moros i Cristians d\u2019Oliva, amb la col\u00b7laboraci\u00f3 de la regidoria de festes i la regidoria de Turisme de l&#8217;Ajuntament d&#8217;Oliva, informa de la celebraci\u00f3 dels Putxeros del Mig any de les Festes de Moros i Cristians d\u2019Oliva que ser\u00e0 el pr\u00f2xim dissabte 11 de febrer a la Pla\u00e7a Joan Baptista Escriv\u00e0.<\/strong><\/p>\n\n\n\n<p style=\"font-size:18px\">L\u2019any passat, els Putxeros del Mig any dels Moros i Cristians d\u2019Oliva van haver de celebrar-se a l\u2019abril. La pand\u00e8mia allargava la seua ombra i impedia que es celebraren en la seua data habitual, que \u00e9s el segon cap de setmana de febrer. Enguany, s\u2019ha encetat&nbsp; un nou any fester amb plena normalitat i, despr\u00e9s de l\u2019Acte de Nomenament de c\u00e0rrecs que es va celebrar dissabte passat al Centre Polivalent, dissabte 11 de febrer es celebrar\u00e0 el Mig Any dels Moros i Cristians d\u2019Oliva amb el tradicional concurs de putxeros entre les distintes filades.<\/p>\n\n\n\n<p style=\"font-size:18px\">La jornada comen\u00e7ar\u00e0 a les 8:00h amb la Diana. Donada l\u2019amena\u00e7a de pluja, la Junta de Govern de la FMiCO i la Comissi\u00f3 de Presidents de les Filades ha decidit que no es fa\u00e7a la Diana amb foc d\u2019arcabusseria, donat que, en cas de suspendre l\u2019acte, s\u2019hauria d\u2019assumir igualment el cost d\u2019adquisici\u00f3 de la p\u00f3lvora i se li sumaria el de la seua destrucci\u00f3. Essent prudents, aix\u00ed s\u2019ha decidit i la Diana, si el temps ho permet, es far\u00e0 acompanyada de la banda de m\u00fasica Associaci\u00f3 Art\u00edstic-Musical d\u2019Oliva. Aix\u00ed, es realitzar\u00e0 l\u2019habitual recorregut pels carrers la Vila i el Raval de la ciutat a ritme de pasdobles dianers, per fer la tradicional visita al Restaurant Pelut.<\/p>\n\n\n\n<figure class=\"wp-block-image size-large\"><img data-recalc-dims=\"1\" loading=\"lazy\" decoding=\"async\" width=\"1024\" height=\"683\" data-attachment-id=\"10813\" data-permalink=\"https:\/\/olivamorosicristians.es\/es\/putxeros-del-mig-any-dels-moros-i-cristians-doliva-2023\/hu2a1398\/\" data-orig-file=\"https:\/\/i0.wp.com\/olivamorosicristians.es\/wp-content\/uploads\/2023\/02\/HU2A1398-scaled.jpg?fit=2560%2C1707&amp;ssl=1\" data-orig-size=\"2560,1707\" data-comments-opened=\"0\" data-image-meta=\"{&quot;aperture&quot;:&quot;10&quot;,&quot;credit&quot;:&quot;ANTONI RIBERA OLTRA&quot;,&quot;camera&quot;:&quot;Canon EOS 5D Mark III&quot;,&quot;caption&quot;:&quot;&quot;,&quot;created_timestamp&quot;:&quot;1581173450&quot;,&quot;copyright&quot;:&quot;ANTONI RIBERA OLTRA&quot;,&quot;focal_length&quot;:&quot;17&quot;,&quot;iso&quot;:&quot;100&quot;,&quot;shutter_speed&quot;:&quot;0.005&quot;,&quot;title&quot;:&quot;&quot;,&quot;orientation&quot;:&quot;0&quot;}\" data-image-title=\"HU2A1398\" data-image-description=\"\" data-image-caption=\"\" data-large-file=\"https:\/\/i0.wp.com\/olivamorosicristians.es\/wp-content\/uploads\/2023\/02\/HU2A1398-scaled.jpg?fit=1024%2C683&amp;ssl=1\" src=\"https:\/\/i0.wp.com\/olivamorosicristians.es\/wp-content\/uploads\/2023\/02\/HU2A1398.jpg?resize=1024%2C683&#038;ssl=1\" alt=\"\" class=\"wp-image-10813\" srcset=\"https:\/\/i0.wp.com\/olivamorosicristians.es\/wp-content\/uploads\/2023\/02\/HU2A1398-scaled.jpg?resize=1024%2C683&amp;ssl=1 1024w, https:\/\/i0.wp.com\/olivamorosicristians.es\/wp-content\/uploads\/2023\/02\/HU2A1398-scaled.jpg?resize=300%2C200&amp;ssl=1 300w, https:\/\/i0.wp.com\/olivamorosicristians.es\/wp-content\/uploads\/2023\/02\/HU2A1398-scaled.jpg?resize=768%2C512&amp;ssl=1 768w, https:\/\/i0.wp.com\/olivamorosicristians.es\/wp-content\/uploads\/2023\/02\/HU2A1398-scaled.jpg?resize=1536%2C1024&amp;ssl=1 1536w, https:\/\/i0.wp.com\/olivamorosicristians.es\/wp-content\/uploads\/2023\/02\/HU2A1398-scaled.jpg?resize=2048%2C1365&amp;ssl=1 2048w, https:\/\/i0.wp.com\/olivamorosicristians.es\/wp-content\/uploads\/2023\/02\/HU2A1398-scaled.jpg?resize=640%2C427&amp;ssl=1 640w, https:\/\/i0.wp.com\/olivamorosicristians.es\/wp-content\/uploads\/2023\/02\/HU2A1398-scaled.jpg?resize=1280%2C853&amp;ssl=1 1280w, https:\/\/i0.wp.com\/olivamorosicristians.es\/wp-content\/uploads\/2023\/02\/HU2A1398-scaled.jpg?resize=1320%2C880&amp;ssl=1 1320w, https:\/\/i0.wp.com\/olivamorosicristians.es\/wp-content\/uploads\/2023\/02\/HU2A1398-scaled.jpg?w=2340&amp;ssl=1 2340w\" sizes=\"auto, (max-width: 1024px) 100vw, 1024px\" \/><\/figure>\n\n\n\n<p>La tornada a la pla\u00e7a Joan Baptista Escriv\u00e0 est\u00e0 prevista a per a les 10:00h, on cada filada prepar\u00e0 l\u2019esmorzar i posar\u00e0 el putxero al foc. Els cuiners de cada filada hauran de presentar el seus putxeros a les 13:00h, moment en el que el jurat iniciar\u00e0 la seua deliberaci\u00f3.<\/p>\n\n\n\n<p>A les 14h es donaran els premis, tant en la categoria de millor presentaci\u00f3 del plat com del millor putxero del Mig Any dels Moros i Cristians d\u2019Oliva 2023.<\/p>\n\n\n\n<figure class=\"wp-block-image size-large\"><img data-recalc-dims=\"1\" loading=\"lazy\" decoding=\"async\" width=\"1024\" height=\"683\" data-attachment-id=\"10815\" data-permalink=\"https:\/\/olivamorosicristians.es\/es\/putxeros-del-mig-any-dels-moros-i-cristians-doliva-2023\/hu2a1338\/\" data-orig-file=\"https:\/\/i0.wp.com\/olivamorosicristians.es\/wp-content\/uploads\/2023\/02\/HU2A1338-scaled.jpg?fit=2560%2C1706&amp;ssl=1\" data-orig-size=\"2560,1706\" data-comments-opened=\"0\" data-image-meta=\"{&quot;aperture&quot;:&quot;5.6&quot;,&quot;credit&quot;:&quot;ANTONI RIBERA OLTRA&quot;,&quot;camera&quot;:&quot;Canon EOS 5D Mark III&quot;,&quot;caption&quot;:&quot;&quot;,&quot;created_timestamp&quot;:&quot;1581169737&quot;,&quot;copyright&quot;:&quot;ANTONI RIBERA OLTRA&quot;,&quot;focal_length&quot;:&quot;40&quot;,&quot;iso&quot;:&quot;100&quot;,&quot;shutter_speed&quot;:&quot;0.005&quot;,&quot;title&quot;:&quot;&quot;,&quot;orientation&quot;:&quot;0&quot;}\" data-image-title=\"HU2A1338\" data-image-description=\"\" data-image-caption=\"\" data-large-file=\"https:\/\/i0.wp.com\/olivamorosicristians.es\/wp-content\/uploads\/2023\/02\/HU2A1338-scaled.jpg?fit=1024%2C683&amp;ssl=1\" src=\"https:\/\/i0.wp.com\/olivamorosicristians.es\/wp-content\/uploads\/2023\/02\/HU2A1338.jpg?resize=1024%2C683&#038;ssl=1\" alt=\"\" class=\"wp-image-10815\" srcset=\"https:\/\/i0.wp.com\/olivamorosicristians.es\/wp-content\/uploads\/2023\/02\/HU2A1338-scaled.jpg?resize=1024%2C683&amp;ssl=1 1024w, https:\/\/i0.wp.com\/olivamorosicristians.es\/wp-content\/uploads\/2023\/02\/HU2A1338-scaled.jpg?resize=300%2C200&amp;ssl=1 300w, https:\/\/i0.wp.com\/olivamorosicristians.es\/wp-content\/uploads\/2023\/02\/HU2A1338-scaled.jpg?resize=768%2C512&amp;ssl=1 768w, https:\/\/i0.wp.com\/olivamorosicristians.es\/wp-content\/uploads\/2023\/02\/HU2A1338-scaled.jpg?resize=1536%2C1024&amp;ssl=1 1536w, https:\/\/i0.wp.com\/olivamorosicristians.es\/wp-content\/uploads\/2023\/02\/HU2A1338-scaled.jpg?resize=2048%2C1365&amp;ssl=1 2048w, https:\/\/i0.wp.com\/olivamorosicristians.es\/wp-content\/uploads\/2023\/02\/HU2A1338-scaled.jpg?resize=640%2C427&amp;ssl=1 640w, https:\/\/i0.wp.com\/olivamorosicristians.es\/wp-content\/uploads\/2023\/02\/HU2A1338-scaled.jpg?resize=1280%2C853&amp;ssl=1 1280w, https:\/\/i0.wp.com\/olivamorosicristians.es\/wp-content\/uploads\/2023\/02\/HU2A1338-scaled.jpg?resize=1320%2C880&amp;ssl=1 1320w, https:\/\/i0.wp.com\/olivamorosicristians.es\/wp-content\/uploads\/2023\/02\/HU2A1338-scaled.jpg?w=2340&amp;ssl=1 2340w\" sizes=\"auto, (max-width: 1024px) 100vw, 1024px\" \/><\/figure>\n\n\n\n<p style=\"font-size:18px\">Recordem que les capitanies enguany les ostenten la Fil\u00e0 Pirates, pel b\u00e0ndol cristi\u00e0, i la Fil\u00e0 Mud\u00e8jars, pel b\u00e0ndol moro. Els c\u00e0rrecs s\u00f3n:<\/p>\n\n\n\n<p style=\"font-size:18px\">\ud835\udc6c\ud835\udc8f\ud835\udc93\ud835\udc8a\ud835\udc92\ud835\udc96\ud835\udc86 \ud835\udc76\ud835\udc93\ud835\udc92\ud835\udc96\ud835\udc8a\u0301\ud835\udc8f \ud835\udc74\ud835\udc90\ud835\udc93\ud835\udc86\ud835\udc8d\ud835\udc8d, \ud835\udc84\ud835\udc82\ud835\udc91\ud835\udc8a\ud835\udc95\ud835\udc82\u0300 \ud835\udc84\ud835\udc93\ud835\udc8a\ud835\udc94\ud835\udc95\ud835\udc8a\ud835\udc82\u0300.<\/p>\n\n\n\n<p style=\"font-size:18px\">\ud835\udc77\ud835\udc82\ud835\udc83\ud835\udc8d\ud835\udc90 \ud835\udc76\ud835\udc93\ud835\udc92\ud835\udc96\ud835\udc8a\u0301\ud835\udc8f \ud835\udc77\ud835\udc90\ud835\udc8f\ud835\udc94, \ud835\udc82\ud835\udc8e\ud835\udc83\ud835\udc82\ud835\udc8a\ud835\udc99\ud835\udc82\ud835\udc85\ud835\udc90\ud835\udc93 \ud835\udc84\ud835\udc93\ud835\udc8a\ud835\udc94\ud835\udc95\ud835\udc8a\ud835\udc82\u0300.<\/p>\n\n\n\n<p style=\"font-size:18px\">\ud835\udc71\ud835\udc86\ud835\udc94\ud835\udc96\u0301\ud835\udc94 \ud835\udc6a\ud835\udc82\ud835\udc8e\ud835\udc82\ud835\udc93\ud835\udc86\ud835\udc8f\ud835\udc82 \ud835\udc69\ud835\udc90\ud835\udc8d\ud835\udc90, \ud835\udc84\ud835\udc82\ud835\udc91\ud835\udc8a\ud835\udc95\ud835\udc82\u0300 \ud835\udc8e\ud835\udc90\ud835\udc93\ud835\udc90.<\/p>\n\n\n\n<p style=\"font-size:18px\">\ud835\udc77\ud835\udc82\ud835\udc94\ud835\udc92\ud835\udc96\ud835\udc82\ud835\udc8d \ud835\udc74\ud835\udc90\ud835\udc8d\ud835\udc8d\ud835\udc82 \ud835\udc74\ud835\udc82\ud835\udc93\ud835\udc95\ud835\udc8a\u0301\ud835\udc8f\ud835\udc86\ud835\udc9b, \ud835\udc82\ud835\udc8e\ud835\udc83\ud835\udc82\ud835\udc8a\ud835\udc99\ud835\udc82\ud835\udc85\ud835\udc90\ud835\udc93 \ud835\udc8e\ud835\udc90\ud835\udc93\ud835\udc90.<\/p>\n\n\n\n<p style=\"font-size:18px\">\ud835\udc68\ud835\udc93\ud835\udc8f\ud835\udc82\ud835\udc96 \ud835\udc77\ud835\udc86\u0301\ud835\udc93\ud835\udc86\ud835\udc9b \ud835\udc6e\ud835\udc8a\ud835\udc94\ud835\udc83\ud835\udc86\ud835\udc93\ud835\udc95, \ud835\udc82\ud835\udc83\ud835\udc82\ud835\udc8f\ud835\udc85\ud835\udc86\ud835\udc93\ud835\udc82\ud835\udc95 \ud835\udc85\ud835\udc86 \ud835\udc8d\ud835\udc82 \ud835\udc6d\ud835\udc74\ud835\udc8a\ud835\udc6a\ud835\udc76.<\/p>\n\n\n\n<p style=\"font-size:18px\">La Federaci\u00f3 de Moros i Cristians d\u2019Oliva convida a tota el poble d\u2019Oliva a participar d\u2019aquest acte i comunica que, en cas de pluja, s\u2019informar\u00e0, per les xarxes socials de la FMiCO, de les alternatives previstes per poder celebrar el Concurs de Putxeros, si el temps no \u00e9s excessivament advers.<\/p>","protected":false},"excerpt":{"rendered":"<p>La Federaci\u00f3 de Moros i Cristians d\u2019Oliva, amb la col\u00b7laboraci\u00f3 de la regidoria de festes i la regidoria de Turisme de l&#8217;Ajuntament d&#8217;Oliva, informa de la celebraci\u00f3 dels Putxeros del Mig any de les Festes de Moros i Cristians d\u2019Oliva que ser\u00e0 el pr\u00f2xim dissabte 11 de febrer a la Pla\u00e7a Joan Baptista Escriv\u00e0. L\u2019any [&hellip;]<\/p>\n","protected":false},"author":1,"featured_media":10814,"comment_status":"closed","ping_status":"open","sticky":false,"template":"","format":"standard","meta":{"jetpack_post_was_ever_published":false,"_jetpack_newsletter_access":"","_jetpack_dont_email_post_to_subs":false,"_jetpack_newsletter_tier_id":0,"_jetpack_memberships_contains_paywalled_content":false,"_jetpack_memberships_contains_paid_content":false,"footnotes":"","jetpack_publicize_message":"","jetpack_publicize_feature_enabled":true,"jetpack_social_post_already_shared":true,"jetpack_social_options":{"image_generator_settings":{"template":"highway","default_image_id":0,"font":"","enabled":false},"version":2}},"categories":[1],"tags":[],"class_list":["post-10812","post","type-post","status-publish","format-standard","has-post-thumbnail","hentry","category-varis"],"yoast_head":"<!-- This site is optimized with the Yoast SEO plugin v27.5 - https:\/\/yoast.com\/product\/yoast-seo-wordpress\/ -->\n<title>Putxeros del Mig any dels Moros i Cristians d\u2019Oliva 2023 - Moros i Cristians Oliva<\/title>\n<meta name=\"robots\" content=\"index, follow, max-snippet:-1, max-image-preview:large, max-video-preview:-1\" \/>\n<link rel=\"canonical\" href=\"https:\/\/olivamorosicristians.es\/es\/putxeros-del-mig-any-dels-moros-i-cristians-doliva-2023\/\" \/>\n<meta property=\"og:locale\" content=\"es_ES\" \/>\n<meta property=\"og:type\" content=\"article\" \/>\n<meta property=\"og:title\" content=\"Putxeros del Mig any dels Moros i Cristians d\u2019Oliva 2023 - Moros i Cristians Oliva\" \/>\n<meta property=\"og:description\" content=\"La Federaci\u00f3 de Moros i Cristians d\u2019Oliva, amb la col\u00b7laboraci\u00f3 de la regidoria de festes i la regidoria de Turisme de l&#8217;Ajuntament d&#8217;Oliva, informa de la celebraci\u00f3 dels Putxeros del Mig any de les Festes de Moros i Cristians d\u2019Oliva que ser\u00e0 el pr\u00f2xim dissabte 11 de febrer a la Pla\u00e7a Joan Baptista Escriv\u00e0. L\u2019any [&hellip;]\" \/>\n<meta property=\"og:url\" content=\"https:\/\/olivamorosicristians.es\/es\/putxeros-del-mig-any-dels-moros-i-cristians-doliva-2023\/\" \/>\n<meta property=\"og:site_name\" content=\"Moros i Cristians Oliva\" \/>\n<meta property=\"article:publisher\" content=\"https:\/\/www.facebook.com\/federaciodemorosicristiansdoliva\/\" \/>\n<meta property=\"article:author\" content=\"https:\/\/www.facebook.com\/federaciodemorosicristiansdoliva\" \/>\n<meta property=\"article:published_time\" content=\"2023-02-09T07:32:46+00:00\" \/>\n<meta property=\"article:modified_time\" content=\"2023-02-09T07:49:22+00:00\" \/>\n<meta property=\"og:image\" content=\"https:\/\/olivamorosicristians.es\/wp-content\/uploads\/2023\/02\/HU2A13552-scaled.jpg\" \/>\n\t<meta property=\"og:image:width\" content=\"2560\" \/>\n\t<meta property=\"og:image:height\" content=\"1707\" \/>\n\t<meta property=\"og:image:type\" content=\"image\/jpeg\" \/>\n<meta name=\"author\" content=\"Webmaster\" \/>\n<meta name=\"twitter:card\" content=\"summary_large_image\" \/>\n<meta name=\"twitter:label1\" content=\"Escrito por\" \/>\n\t<meta name=\"twitter:data1\" content=\"Webmaster\" \/>\n\t<meta name=\"twitter:label2\" content=\"Tiempo de lectura\" \/>\n\t<meta name=\"twitter:data2\" content=\"3 minutos\" \/>\n<script type=\"application\/ld+json\" class=\"yoast-schema-graph\">{\"@context\":\"https:\\\/\\\/schema.org\",\"@graph\":[{\"@type\":\"Article\",\"@id\":\"https:\\\/\\\/olivamorosicristians.es\\\/putxeros-del-mig-any-dels-moros-i-cristians-doliva-2023\\\/#article\",\"isPartOf\":{\"@id\":\"https:\\\/\\\/olivamorosicristians.es\\\/putxeros-del-mig-any-dels-moros-i-cristians-doliva-2023\\\/\"},\"author\":{\"name\":\"Webmaster\",\"@id\":\"https:\\\/\\\/olivamorosicristians.es\\\/#\\\/schema\\\/person\\\/21ece052d8816103cad91a2676fd0149\"},\"headline\":\"Putxeros del Mig any dels Moros i Cristians d\u2019Oliva 2023\",\"datePublished\":\"2023-02-09T07:32:46+00:00\",\"dateModified\":\"2023-02-09T07:49:22+00:00\",\"mainEntityOfPage\":{\"@id\":\"https:\\\/\\\/olivamorosicristians.es\\\/putxeros-del-mig-any-dels-moros-i-cristians-doliva-2023\\\/\"},\"wordCount\":467,\"publisher\":{\"@id\":\"https:\\\/\\\/olivamorosicristians.es\\\/#organization\"},\"image\":{\"@id\":\"https:\\\/\\\/olivamorosicristians.es\\\/putxeros-del-mig-any-dels-moros-i-cristians-doliva-2023\\\/#primaryimage\"},\"thumbnailUrl\":\"https:\\\/\\\/i0.wp.com\\\/olivamorosicristians.es\\\/wp-content\\\/uploads\\\/2023\\\/02\\\/HU2A13552-scaled.jpg?fit=2560%2C1707&ssl=1\",\"articleSection\":[\"Varis\"],\"inLanguage\":\"es\"},{\"@type\":\"WebPage\",\"@id\":\"https:\\\/\\\/olivamorosicristians.es\\\/putxeros-del-mig-any-dels-moros-i-cristians-doliva-2023\\\/\",\"url\":\"https:\\\/\\\/olivamorosicristians.es\\\/putxeros-del-mig-any-dels-moros-i-cristians-doliva-2023\\\/\",\"name\":\"Putxeros del Mig any dels Moros i Cristians d\u2019Oliva 2023 - Moros i Cristians Oliva\",\"isPartOf\":{\"@id\":\"https:\\\/\\\/olivamorosicristians.es\\\/#website\"},\"primaryImageOfPage\":{\"@id\":\"https:\\\/\\\/olivamorosicristians.es\\\/putxeros-del-mig-any-dels-moros-i-cristians-doliva-2023\\\/#primaryimage\"},\"image\":{\"@id\":\"https:\\\/\\\/olivamorosicristians.es\\\/putxeros-del-mig-any-dels-moros-i-cristians-doliva-2023\\\/#primaryimage\"},\"thumbnailUrl\":\"https:\\\/\\\/i0.wp.com\\\/olivamorosicristians.es\\\/wp-content\\\/uploads\\\/2023\\\/02\\\/HU2A13552-scaled.jpg?fit=2560%2C1707&ssl=1\",\"datePublished\":\"2023-02-09T07:32:46+00:00\",\"dateModified\":\"2023-02-09T07:49:22+00:00\",\"breadcrumb\":{\"@id\":\"https:\\\/\\\/olivamorosicristians.es\\\/putxeros-del-mig-any-dels-moros-i-cristians-doliva-2023\\\/#breadcrumb\"},\"inLanguage\":\"es\",\"potentialAction\":[{\"@type\":\"ReadAction\",\"target\":[\"https:\\\/\\\/olivamorosicristians.es\\\/putxeros-del-mig-any-dels-moros-i-cristians-doliva-2023\\\/\"]}]},{\"@type\":\"ImageObject\",\"inLanguage\":\"es\",\"@id\":\"https:\\\/\\\/olivamorosicristians.es\\\/putxeros-del-mig-any-dels-moros-i-cristians-doliva-2023\\\/#primaryimage\",\"url\":\"https:\\\/\\\/i0.wp.com\\\/olivamorosicristians.es\\\/wp-content\\\/uploads\\\/2023\\\/02\\\/HU2A13552-scaled.jpg?fit=2560%2C1707&ssl=1\",\"contentUrl\":\"https:\\\/\\\/i0.wp.com\\\/olivamorosicristians.es\\\/wp-content\\\/uploads\\\/2023\\\/02\\\/HU2A13552-scaled.jpg?fit=2560%2C1707&ssl=1\",\"width\":2560,\"height\":1707},{\"@type\":\"BreadcrumbList\",\"@id\":\"https:\\\/\\\/olivamorosicristians.es\\\/putxeros-del-mig-any-dels-moros-i-cristians-doliva-2023\\\/#breadcrumb\",\"itemListElement\":[{\"@type\":\"ListItem\",\"position\":1,\"name\":\"Portada\",\"item\":\"https:\\\/\\\/olivamorosicristians.es\\\/\"},{\"@type\":\"ListItem\",\"position\":2,\"name\":\"Putxeros del Mig any dels Moros i Cristians d\u2019Oliva 2023\"}]},{\"@type\":\"WebSite\",\"@id\":\"https:\\\/\\\/olivamorosicristians.es\\\/#website\",\"url\":\"https:\\\/\\\/olivamorosicristians.es\\\/\",\"name\":\"Moros i Cristians Oliva\",\"description\":\"FMCO\",\"publisher\":{\"@id\":\"https:\\\/\\\/olivamorosicristians.es\\\/#organization\"},\"potentialAction\":[{\"@type\":\"SearchAction\",\"target\":{\"@type\":\"EntryPoint\",\"urlTemplate\":\"https:\\\/\\\/olivamorosicristians.es\\\/?s={search_term_string}\"},\"query-input\":{\"@type\":\"PropertyValueSpecification\",\"valueRequired\":true,\"valueName\":\"search_term_string\"}}],\"inLanguage\":\"es\"},{\"@type\":\"Organization\",\"@id\":\"https:\\\/\\\/olivamorosicristians.es\\\/#organization\",\"name\":\"Federaci\u00f3 de Moros i Cristians - Oliva\",\"url\":\"https:\\\/\\\/olivamorosicristians.es\\\/\",\"logo\":{\"@type\":\"ImageObject\",\"inLanguage\":\"es\",\"@id\":\"https:\\\/\\\/olivamorosicristians.es\\\/#\\\/schema\\\/logo\\\/image\\\/\",\"url\":\"https:\\\/\\\/i2.wp.com\\\/olivamorosicristians.es\\\/wp-content\\\/uploads\\\/2018\\\/06\\\/Icon_FMiCO.png?fit=50%2C50&ssl=1\",\"contentUrl\":\"https:\\\/\\\/i2.wp.com\\\/olivamorosicristians.es\\\/wp-content\\\/uploads\\\/2018\\\/06\\\/Icon_FMiCO.png?fit=50%2C50&ssl=1\",\"width\":50,\"height\":50,\"caption\":\"Federaci\u00f3 de Moros i Cristians - Oliva\"},\"image\":{\"@id\":\"https:\\\/\\\/olivamorosicristians.es\\\/#\\\/schema\\\/logo\\\/image\\\/\"},\"sameAs\":[\"https:\\\/\\\/www.facebook.com\\\/federaciodemorosicristiansdoliva\\\/\",\"https:\\\/\\\/www.instagram.com\\\/morosicristiansoliva\\\/?hl=es\"]},{\"@type\":\"Person\",\"@id\":\"https:\\\/\\\/olivamorosicristians.es\\\/#\\\/schema\\\/person\\\/21ece052d8816103cad91a2676fd0149\",\"name\":\"Webmaster\",\"image\":{\"@type\":\"ImageObject\",\"inLanguage\":\"es\",\"@id\":\"https:\\\/\\\/secure.gravatar.com\\\/avatar\\\/18de20f14d74abe0c800b423a8b0e24cae6153cb6baeb2c2df80e1cef2117e0d?s=96&d=mm&r=g\",\"url\":\"https:\\\/\\\/secure.gravatar.com\\\/avatar\\\/18de20f14d74abe0c800b423a8b0e24cae6153cb6baeb2c2df80e1cef2117e0d?s=96&d=mm&r=g\",\"contentUrl\":\"https:\\\/\\\/secure.gravatar.com\\\/avatar\\\/18de20f14d74abe0c800b423a8b0e24cae6153cb6baeb2c2df80e1cef2117e0d?s=96&d=mm&r=g\",\"caption\":\"Webmaster\"},\"sameAs\":[\"https:\\\/\\\/www.facebook.com\\\/federaciodemorosicristiansdoliva\",\"https:\\\/\\\/www.instagram.com\\\/morosicristiansoliva\\\/\"]}]}<\/script>\n<!-- \/ Yoast SEO plugin. -->","yoast_head_json":{"title":"Putxeros del Mig any dels Moros i Cristians d\u2019Oliva 2023 - Moros i Cristians Oliva","robots":{"index":"index","follow":"follow","max-snippet":"max-snippet:-1","max-image-preview":"max-image-preview:large","max-video-preview":"max-video-preview:-1"},"canonical":"https:\/\/olivamorosicristians.es\/es\/putxeros-del-mig-any-dels-moros-i-cristians-doliva-2023\/","og_locale":"es_ES","og_type":"article","og_title":"Putxeros del Mig any dels Moros i Cristians d\u2019Oliva 2023 - Moros i Cristians Oliva","og_description":"La Federaci\u00f3 de Moros i Cristians d\u2019Oliva, amb la col\u00b7laboraci\u00f3 de la regidoria de festes i la regidoria de Turisme de l&#8217;Ajuntament d&#8217;Oliva, informa de la celebraci\u00f3 dels Putxeros del Mig any de les Festes de Moros i Cristians d\u2019Oliva que ser\u00e0 el pr\u00f2xim dissabte 11 de febrer a la Pla\u00e7a Joan Baptista Escriv\u00e0. L\u2019any [&hellip;]","og_url":"https:\/\/olivamorosicristians.es\/es\/putxeros-del-mig-any-dels-moros-i-cristians-doliva-2023\/","og_site_name":"Moros i Cristians Oliva","article_publisher":"https:\/\/www.facebook.com\/federaciodemorosicristiansdoliva\/","article_author":"https:\/\/www.facebook.com\/federaciodemorosicristiansdoliva","article_published_time":"2023-02-09T07:32:46+00:00","article_modified_time":"2023-02-09T07:49:22+00:00","og_image":[{"width":2560,"height":1707,"url":"https:\/\/olivamorosicristians.es\/wp-content\/uploads\/2023\/02\/HU2A13552-scaled.jpg","type":"image\/jpeg"}],"author":"Webmaster","twitter_card":"summary_large_image","twitter_misc":{"Escrito por":"Webmaster","Tiempo de lectura":"3 minutos"},"schema":{"@context":"https:\/\/schema.org","@graph":[{"@type":"Article","@id":"https:\/\/olivamorosicristians.es\/putxeros-del-mig-any-dels-moros-i-cristians-doliva-2023\/#article","isPartOf":{"@id":"https:\/\/olivamorosicristians.es\/putxeros-del-mig-any-dels-moros-i-cristians-doliva-2023\/"},"author":{"name":"Webmaster","@id":"https:\/\/olivamorosicristians.es\/#\/schema\/person\/21ece052d8816103cad91a2676fd0149"},"headline":"Putxeros del Mig any dels Moros i Cristians d\u2019Oliva 2023","datePublished":"2023-02-09T07:32:46+00:00","dateModified":"2023-02-09T07:49:22+00:00","mainEntityOfPage":{"@id":"https:\/\/olivamorosicristians.es\/putxeros-del-mig-any-dels-moros-i-cristians-doliva-2023\/"},"wordCount":467,"publisher":{"@id":"https:\/\/olivamorosicristians.es\/#organization"},"image":{"@id":"https:\/\/olivamorosicristians.es\/putxeros-del-mig-any-dels-moros-i-cristians-doliva-2023\/#primaryimage"},"thumbnailUrl":"https:\/\/i0.wp.com\/olivamorosicristians.es\/wp-content\/uploads\/2023\/02\/HU2A13552-scaled.jpg?fit=2560%2C1707&ssl=1","articleSection":["Varis"],"inLanguage":"es"},{"@type":"WebPage","@id":"https:\/\/olivamorosicristians.es\/putxeros-del-mig-any-dels-moros-i-cristians-doliva-2023\/","url":"https:\/\/olivamorosicristians.es\/putxeros-del-mig-any-dels-moros-i-cristians-doliva-2023\/","name":"Putxeros del Mig any dels Moros i Cristians d\u2019Oliva 2023 - Moros i Cristians Oliva","isPartOf":{"@id":"https:\/\/olivamorosicristians.es\/#website"},"primaryImageOfPage":{"@id":"https:\/\/olivamorosicristians.es\/putxeros-del-mig-any-dels-moros-i-cristians-doliva-2023\/#primaryimage"},"image":{"@id":"https:\/\/olivamorosicristians.es\/putxeros-del-mig-any-dels-moros-i-cristians-doliva-2023\/#primaryimage"},"thumbnailUrl":"https:\/\/i0.wp.com\/olivamorosicristians.es\/wp-content\/uploads\/2023\/02\/HU2A13552-scaled.jpg?fit=2560%2C1707&ssl=1","datePublished":"2023-02-09T07:32:46+00:00","dateModified":"2023-02-09T07:49:22+00:00","breadcrumb":{"@id":"https:\/\/olivamorosicristians.es\/putxeros-del-mig-any-dels-moros-i-cristians-doliva-2023\/#breadcrumb"},"inLanguage":"es","potentialAction":[{"@type":"ReadAction","target":["https:\/\/olivamorosicristians.es\/putxeros-del-mig-any-dels-moros-i-cristians-doliva-2023\/"]}]},{"@type":"ImageObject","inLanguage":"es","@id":"https:\/\/olivamorosicristians.es\/putxeros-del-mig-any-dels-moros-i-cristians-doliva-2023\/#primaryimage","url":"https:\/\/i0.wp.com\/olivamorosicristians.es\/wp-content\/uploads\/2023\/02\/HU2A13552-scaled.jpg?fit=2560%2C1707&ssl=1","contentUrl":"https:\/\/i0.wp.com\/olivamorosicristians.es\/wp-content\/uploads\/2023\/02\/HU2A13552-scaled.jpg?fit=2560%2C1707&ssl=1","width":2560,"height":1707},{"@type":"BreadcrumbList","@id":"https:\/\/olivamorosicristians.es\/putxeros-del-mig-any-dels-moros-i-cristians-doliva-2023\/#breadcrumb","itemListElement":[{"@type":"ListItem","position":1,"name":"Portada","item":"https:\/\/olivamorosicristians.es\/"},{"@type":"ListItem","position":2,"name":"Putxeros del Mig any dels Moros i Cristians d\u2019Oliva 2023"}]},{"@type":"WebSite","@id":"https:\/\/olivamorosicristians.es\/#website","url":"https:\/\/olivamorosicristians.es\/","name":"Moros i Cristians Oliva","description":"FMCO","publisher":{"@id":"https:\/\/olivamorosicristians.es\/#organization"},"potentialAction":[{"@type":"SearchAction","target":{"@type":"EntryPoint","urlTemplate":"https:\/\/olivamorosicristians.es\/?s={search_term_string}"},"query-input":{"@type":"PropertyValueSpecification","valueRequired":true,"valueName":"search_term_string"}}],"inLanguage":"es"},{"@type":"Organization","@id":"https:\/\/olivamorosicristians.es\/#organization","name":"La Federaci\u00f3n de Moros y Cristianos de Oliva","url":"https:\/\/olivamorosicristians.es\/","logo":{"@type":"ImageObject","inLanguage":"es","@id":"https:\/\/olivamorosicristians.es\/#\/schema\/logo\/image\/","url":"https:\/\/i2.wp.com\/olivamorosicristians.es\/wp-content\/uploads\/2018\/06\/Icon_FMiCO.png?fit=50%2C50&ssl=1","contentUrl":"https:\/\/i2.wp.com\/olivamorosicristians.es\/wp-content\/uploads\/2018\/06\/Icon_FMiCO.png?fit=50%2C50&ssl=1","width":50,"height":50,"caption":"Federaci\u00f3 de Moros i Cristians - Oliva"},"image":{"@id":"https:\/\/olivamorosicristians.es\/#\/schema\/logo\/image\/"},"sameAs":["https:\/\/www.facebook.com\/federaciodemorosicristiansdoliva\/","https:\/\/www.instagram.com\/morosicristiansoliva\/?hl=es"]},{"@type":"Person","@id":"https:\/\/olivamorosicristians.es\/#\/schema\/person\/21ece052d8816103cad91a2676fd0149","name":"Webmaster","image":{"@type":"ImageObject","inLanguage":"es","@id":"https:\/\/secure.gravatar.com\/avatar\/18de20f14d74abe0c800b423a8b0e24cae6153cb6baeb2c2df80e1cef2117e0d?s=96&d=mm&r=g","url":"https:\/\/secure.gravatar.com\/avatar\/18de20f14d74abe0c800b423a8b0e24cae6153cb6baeb2c2df80e1cef2117e0d?s=96&d=mm&r=g","contentUrl":"https:\/\/secure.gravatar.com\/avatar\/18de20f14d74abe0c800b423a8b0e24cae6153cb6baeb2c2df80e1cef2117e0d?s=96&d=mm&r=g","caption":"Webmaster"},"sameAs":["https:\/\/www.facebook.com\/federaciodemorosicristiansdoliva","https:\/\/www.instagram.com\/morosicristiansoliva\/"]}]}},"jetpack_publicize_connections":[],"jetpack_featured_media_url":"https:\/\/i0.wp.com\/olivamorosicristians.es\/wp-content\/uploads\/2023\/02\/HU2A13552-scaled.jpg?fit=2560%2C1707&ssl=1","jetpack_sharing_enabled":true,"jetpack_shortlink":"https:\/\/wp.me\/pagEx6-2Oo","jetpack-related-posts":[],"_links":{"self":[{"href":"https:\/\/olivamorosicristians.es\/es\/wp-json\/wp\/v2\/posts\/10812","targetHints":{"allow":["GET"]}}],"collection":[{"href":"https:\/\/olivamorosicristians.es\/es\/wp-json\/wp\/v2\/posts"}],"about":[{"href":"https:\/\/olivamorosicristians.es\/es\/wp-json\/wp\/v2\/types\/post"}],"author":[{"embeddable":true,"href":"https:\/\/olivamorosicristians.es\/es\/wp-json\/wp\/v2\/users\/1"}],"replies":[{"embeddable":true,"href":"https:\/\/olivamorosicristians.es\/es\/wp-json\/wp\/v2\/comments?post=10812"}],"version-history":[{"count":3,"href":"https:\/\/olivamorosicristians.es\/es\/wp-json\/wp\/v2\/posts\/10812\/revisions"}],"predecessor-version":[{"id":10820,"href":"https:\/\/olivamorosicristians.es\/es\/wp-json\/wp\/v2\/posts\/10812\/revisions\/10820"}],"wp:featuredmedia":[{"embeddable":true,"href":"https:\/\/olivamorosicristians.es\/es\/wp-json\/wp\/v2\/media\/10814"}],"wp:attachment":[{"href":"https:\/\/olivamorosicristians.es\/es\/wp-json\/wp\/v2\/media?parent=10812"}],"wp:term":[{"taxonomy":"category","embeddable":true,"href":"https:\/\/olivamorosicristians.es\/es\/wp-json\/wp\/v2\/categories?post=10812"},{"taxonomy":"post_tag","embeddable":true,"href":"https:\/\/olivamorosicristians.es\/es\/wp-json\/wp\/v2\/tags?post=10812"}],"curies":[{"name":"wp","href":"https:\/\/api.w.org\/{rel}","templated":true}]}}