{"id":10794,"date":"2023-02-06T13:56:05","date_gmt":"2023-02-06T11:56:05","guid":{"rendered":"https:\/\/olivamorosicristians.es\/?p=10794"},"modified":"2023-02-06T14:57:37","modified_gmt":"2023-02-06T12:57:37","slug":"cronica-de-lacte-de-nomenament-dels-carrecs-de-moros-i-cristians-oliva-2023","status":"publish","type":"post","link":"https:\/\/olivamorosicristians.es\/es\/cronica-de-lacte-de-nomenament-dels-carrecs-de-moros-i-cristians-oliva-2023\/","title":{"rendered":"CR\u00d2NICA DE L\u2019ACTE DE NOMENAMENT DELS C\u00c0RRECS DE MOROS I CRISTIANS OLIVA 2023"},"content":{"rendered":"<p><em><strong>Els valors de la fam\u00edlia i l\u2019amistat estigueren molt presents als parlaments dels quatre c\u00e0rrecs, que no van voler oblidar l\u2019esfor\u00e7 que la seua gent i les filades fan per fer realitat el seu somni<\/strong><\/em><\/p>\n\n\n\n<p>El dissabte 4 de febrer de 2023, el Centre Polivalent d\u2019Oliva es va vestir de gal\u00b7la per celebrar l\u2019acte que obri les celebracions del Mig Any dels Moros i Cristians d\u2019Oliva, el Nomenament de c\u00e0rrecs. M\u00e9s de 400 festers assistiren per acompanyar als qui seran els nous capitans i ambaixadors de la festa. La banda de l\u2019Associaci\u00f3 Art\u00edstic-Musical d\u2019Oliva (AAMO), va interpretar, en viu, les marxes i pasdobles que acompanyarien els c\u00e0rrecs fins a l\u2019escenari.<\/p>\n\n\n\n<p>A les 19:30h, Toni Alemany, que va fer de presentador de l\u2019acte, demanava la pres\u00e8ncia a l\u2019escenari d\u2019\u00d3scar Prieto Ramos, president de la Federaci\u00f3 de Moros i Cristians d\u2019Oliva (FMiCO), per rebre a Rosanna Lloret i Cristina Ure\u00f1a, capitana i ambaixadora cristiana de 2022, i a Susana&nbsp; Ferrer i Manolo Aracil, capitana i ambaixador moro de 2022, i Guillem Mart\u00ednez, abanderat FMiCO 2022. El p\u00fablic els va aplaudir amb un agra\u00efment sincer pel gran esfor\u00e7 que van fer per mantenir l\u2019entusiasme durant la pand\u00e8mia i tornar la festa al carrer amb les Entrades de 2022 que foren un \u00e8xit en la seua posada en escena i en participaci\u00f3 de p\u00fablic assistent.<\/p>\n\n\n\n<p>El primer c\u00e0rrec de 2023 en pujar a l\u2019escenari fou el xiquet Arnau P\u00e9rez Gisbert (2009), membre de la Fil\u00e0 Pirates, i que enguany tindr\u00e0 l\u2019honor de l\u2019abanderat de la Federaci\u00f3 de Moros i Cristians d\u2019Oliva. Va rebre el diploma de mans de Guillem Mart\u00ednez, simbolitzant aix\u00ed el trasp\u00e0s del c\u00e0rrec que, conforme va dir el president de la FMiCO, \u00e9s un dels m\u00e9s importants de la festa, perqu\u00e8 obri tots els actes i representa a tots els festers i festeres.<\/p>\n\n\n\n<figure class=\"wp-block-image size-large is-resized\"><img data-recalc-dims=\"1\" loading=\"lazy\" decoding=\"async\" data-attachment-id=\"10795\" data-permalink=\"https:\/\/olivamorosicristians.es\/es\/cronica-de-lacte-de-nomenament-dels-carrecs-de-moros-i-cristians-oliva-2023\/7u0a0271\/\" data-orig-file=\"https:\/\/i0.wp.com\/olivamorosicristians.es\/wp-content\/uploads\/2023\/02\/7U0A0271-scaled.jpg?fit=2560%2C1707&amp;ssl=1\" data-orig-size=\"2560,1707\" data-comments-opened=\"0\" data-image-meta=\"{&quot;aperture&quot;:&quot;4&quot;,&quot;credit&quot;:&quot;ANTONI RIBERA OLTRA&quot;,&quot;camera&quot;:&quot;Canon EOS 5D Mark IV&quot;,&quot;caption&quot;:&quot;&quot;,&quot;created_timestamp&quot;:&quot;1675540224&quot;,&quot;copyright&quot;:&quot;ANTONI RIBERA OLTRA antoniribera@live.com +34645997713&quot;,&quot;focal_length&quot;:&quot;40&quot;,&quot;iso&quot;:&quot;400&quot;,&quot;shutter_speed&quot;:&quot;0.005&quot;,&quot;title&quot;:&quot;&quot;,&quot;orientation&quot;:&quot;0&quot;}\" data-image-title=\"7U0A0271\" data-image-description=\"\" data-image-caption=\"\" data-large-file=\"https:\/\/i0.wp.com\/olivamorosicristians.es\/wp-content\/uploads\/2023\/02\/7U0A0271-scaled.jpg?fit=1024%2C683&amp;ssl=1\" src=\"https:\/\/i0.wp.com\/olivamorosicristians.es\/wp-content\/uploads\/2023\/02\/7U0A0271.jpg?resize=578%2C385&#038;ssl=1\" alt=\"\" class=\"wp-image-10795\" width=\"578\" height=\"385\" srcset=\"https:\/\/i0.wp.com\/olivamorosicristians.es\/wp-content\/uploads\/2023\/02\/7U0A0271-scaled.jpg?resize=1024%2C683&amp;ssl=1 1024w, https:\/\/i0.wp.com\/olivamorosicristians.es\/wp-content\/uploads\/2023\/02\/7U0A0271-scaled.jpg?resize=300%2C200&amp;ssl=1 300w, https:\/\/i0.wp.com\/olivamorosicristians.es\/wp-content\/uploads\/2023\/02\/7U0A0271-scaled.jpg?resize=768%2C512&amp;ssl=1 768w, https:\/\/i0.wp.com\/olivamorosicristians.es\/wp-content\/uploads\/2023\/02\/7U0A0271-scaled.jpg?resize=1536%2C1024&amp;ssl=1 1536w, https:\/\/i0.wp.com\/olivamorosicristians.es\/wp-content\/uploads\/2023\/02\/7U0A0271-scaled.jpg?resize=2048%2C1365&amp;ssl=1 2048w, https:\/\/i0.wp.com\/olivamorosicristians.es\/wp-content\/uploads\/2023\/02\/7U0A0271-scaled.jpg?resize=640%2C427&amp;ssl=1 640w, https:\/\/i0.wp.com\/olivamorosicristians.es\/wp-content\/uploads\/2023\/02\/7U0A0271-scaled.jpg?resize=1280%2C853&amp;ssl=1 1280w, https:\/\/i0.wp.com\/olivamorosicristians.es\/wp-content\/uploads\/2023\/02\/7U0A0271-scaled.jpg?resize=1320%2C880&amp;ssl=1 1320w, https:\/\/i0.wp.com\/olivamorosicristians.es\/wp-content\/uploads\/2023\/02\/7U0A0271-scaled.jpg?w=2340&amp;ssl=1 2340w\" sizes=\"auto, (max-width: 578px) 100vw, 578px\" \/><figcaption>Guillem Mart\u00ednez entrega el diploma a Arnau P\u00e9rez, simbolitzant el trasp\u00e0s del c\u00e0rrec d&#8217;abanderat de la FMiCO<\/figcaption><\/figure>\n\n\n\n<p>Despr\u00e9s fou el torn de <strong>l\u2019ambaixador cristi\u00e0 de 2023<\/strong>, <strong>Pablo Orqu\u00edn Pons<\/strong>&nbsp; (1991), escortat per la seua esquadra, que va al\u00e7ar els sabres pirates en l\u2019alt per rebre l\u2019ambaixador en els m\u00e0xims honors. Al seu parlament, Orqu\u00edn va fer menci\u00f3 al sentiment d\u2019uni\u00f3 i germanor que tots els joves que han crescut dins la festa experimenten: \u201cS\u00f3n sentiments que brollen al primer cop del bombo susp\u00e9s com si del teu propi cor es tractara i que et fan marxar i comen\u00e7ar a desfilar.\u201d. Es va referir molt especialment a la colla de trabuquers de la seua fil\u00e0 Pirates: &nbsp;\u201cDe tots \u00e9s sabut que la p\u00f3lvora corre per la meua sang roja i blanca, i de quan esperava el somni de c\u00e0rrec hui fet realitat. Des que vaig comen\u00e7ar a disparar en festes i m\u00e9s avant convertint-me en el primer tro de la Fil\u00e0 Pirates que va comen\u00e7ar a cr\u00e9ixer dins de mi la necessitat d\u2019agermanar-me en els meus companys m\u00e9s puritans i que m\u00e9s representen la recreaci\u00f3 hist\u00f2rica que interpretem, els \u201ctrabuquers\u201d (trabucaires). Va ser en eixe moment, quan, acollit per la germanor festera, s\u00b4inici\u00e0 la meua sensaci\u00f3 de voler encap\u00e7alar, junt al meu Capit\u00e0, el b\u00e0ndol cristi\u00e0 i de formar part de la hist\u00f2ria de les festes de Moros i Cristians d\u00b4Oliva.\u201d. Evidentment, es va referir emocionat a son pare, que \u00e9s per a ell referent personal i professional i que compartir\u00e0 amb ell l\u2019experi\u00e8ncia del c\u00e0rrec. Va acabar la seua intervenci\u00f3 citant un poema de Vicent Andr\u00e9s Estell\u00e9s &nbsp;per arengar les tropes a la batalla en la mar.<\/p>\n\n\n\n<figure class=\"wp-block-image size-large\"><img data-recalc-dims=\"1\" loading=\"lazy\" decoding=\"async\" width=\"1024\" height=\"683\" data-attachment-id=\"10797\" data-permalink=\"https:\/\/olivamorosicristians.es\/es\/cronica-de-lacte-de-nomenament-dels-carrecs-de-moros-i-cristians-oliva-2023\/7u0a0274\/\" data-orig-file=\"https:\/\/i0.wp.com\/olivamorosicristians.es\/wp-content\/uploads\/2023\/02\/7U0A0274-scaled.jpg?fit=2560%2C1707&amp;ssl=1\" data-orig-size=\"2560,1707\" data-comments-opened=\"0\" data-image-meta=\"{&quot;aperture&quot;:&quot;4&quot;,&quot;credit&quot;:&quot;ANTONI RIBERA OLTRA&quot;,&quot;camera&quot;:&quot;Canon EOS 5D Mark IV&quot;,&quot;caption&quot;:&quot;&quot;,&quot;created_timestamp&quot;:&quot;1675540353&quot;,&quot;copyright&quot;:&quot;ANTONI RIBERA OLTRA antoniribera@live.com +34645997713&quot;,&quot;focal_length&quot;:&quot;33&quot;,&quot;iso&quot;:&quot;400&quot;,&quot;shutter_speed&quot;:&quot;0.005&quot;,&quot;title&quot;:&quot;&quot;,&quot;orientation&quot;:&quot;0&quot;}\" data-image-title=\"7U0A0274\" data-image-description=\"\" data-image-caption=\"\" data-large-file=\"https:\/\/i0.wp.com\/olivamorosicristians.es\/wp-content\/uploads\/2023\/02\/7U0A0274-scaled.jpg?fit=1024%2C683&amp;ssl=1\" src=\"https:\/\/i0.wp.com\/olivamorosicristians.es\/wp-content\/uploads\/2023\/02\/7U0A0274.jpg?resize=1024%2C683&#038;ssl=1\" alt=\"\" class=\"wp-image-10797\" srcset=\"https:\/\/i0.wp.com\/olivamorosicristians.es\/wp-content\/uploads\/2023\/02\/7U0A0274-scaled.jpg?resize=1024%2C683&amp;ssl=1 1024w, https:\/\/i0.wp.com\/olivamorosicristians.es\/wp-content\/uploads\/2023\/02\/7U0A0274-scaled.jpg?resize=300%2C200&amp;ssl=1 300w, https:\/\/i0.wp.com\/olivamorosicristians.es\/wp-content\/uploads\/2023\/02\/7U0A0274-scaled.jpg?resize=768%2C512&amp;ssl=1 768w, https:\/\/i0.wp.com\/olivamorosicristians.es\/wp-content\/uploads\/2023\/02\/7U0A0274-scaled.jpg?resize=1536%2C1024&amp;ssl=1 1536w, https:\/\/i0.wp.com\/olivamorosicristians.es\/wp-content\/uploads\/2023\/02\/7U0A0274-scaled.jpg?resize=2048%2C1365&amp;ssl=1 2048w, https:\/\/i0.wp.com\/olivamorosicristians.es\/wp-content\/uploads\/2023\/02\/7U0A0274-scaled.jpg?resize=640%2C427&amp;ssl=1 640w, https:\/\/i0.wp.com\/olivamorosicristians.es\/wp-content\/uploads\/2023\/02\/7U0A0274-scaled.jpg?resize=1280%2C853&amp;ssl=1 1280w, https:\/\/i0.wp.com\/olivamorosicristians.es\/wp-content\/uploads\/2023\/02\/7U0A0274-scaled.jpg?resize=1320%2C880&amp;ssl=1 1320w, https:\/\/i0.wp.com\/olivamorosicristians.es\/wp-content\/uploads\/2023\/02\/7U0A0274-scaled.jpg?w=2340&amp;ssl=1 2340w\" sizes=\"auto, (max-width: 1024px) 100vw, 1024px\" \/><figcaption>Pablo Orqu\u00edn Pons, ambaixador cristi\u00e0 2023 fa la seua entrada triomfal al Centre Polivalent<\/figcaption><\/figure>\n\n\n\n<p><strong>Pascual Molla Mart\u00ednez<\/strong> (1973), fou el seg\u00fcent en fer la seua entrada triomfal com <strong>ambaixador moro 2023<\/strong>. Els Mud\u00e8jars, la seua fil\u00e0, l\u2019arroparen amb una explosi\u00f3 d\u2019alegria i confetis. Pascual, es va referir emocionat al seu amic i capit\u00e0, Jes\u00fas, a qui agraeix poder compartir aquesta experi\u00e8ncia: \u201c\u00c9s un honor i una satisfacci\u00f3 poder compartir al teu costat aquesta capitania representant a la nostra comparsa i a la festa dels Moros i Cristians d\u2019Oliva. Es va dirigir a la seua fil\u00e0 Mud\u00e8jars per dir-los que \u201cvos farem sentir orgullosos, se que sense vosaltres a\u00e7\u00f2 no podria ser realitat, i no us defraudarem\u201d. \u00c9s clar, tamb\u00e9 va voler tindre una paraules per a les seues filles i la seua esposa \u201cgr\u00e0cies per estar ac\u00ed, gr\u00e0cies per la vostra ajuda, sempre\u201d.<\/p>\n\n\n\n<figure class=\"wp-block-image size-large\"><img data-recalc-dims=\"1\" loading=\"lazy\" decoding=\"async\" width=\"1024\" height=\"683\" data-attachment-id=\"10799\" data-permalink=\"https:\/\/olivamorosicristians.es\/es\/cronica-de-lacte-de-nomenament-dels-carrecs-de-moros-i-cristians-oliva-2023\/7u0a0300-1\/\" data-orig-file=\"https:\/\/i0.wp.com\/olivamorosicristians.es\/wp-content\/uploads\/2023\/02\/7U0A0300-1-scaled.jpg?fit=2560%2C1707&amp;ssl=1\" data-orig-size=\"2560,1707\" data-comments-opened=\"0\" data-image-meta=\"{&quot;aperture&quot;:&quot;4&quot;,&quot;credit&quot;:&quot;ANTONI RIBERA OLTRA&quot;,&quot;camera&quot;:&quot;Canon EOS 5D Mark IV&quot;,&quot;caption&quot;:&quot;&quot;,&quot;created_timestamp&quot;:&quot;1675540844&quot;,&quot;copyright&quot;:&quot;ANTONI RIBERA OLTRA antoniribera@live.com +34645997713&quot;,&quot;focal_length&quot;:&quot;35&quot;,&quot;iso&quot;:&quot;400&quot;,&quot;shutter_speed&quot;:&quot;0.005&quot;,&quot;title&quot;:&quot;&quot;,&quot;orientation&quot;:&quot;0&quot;}\" data-image-title=\"7U0A0300-1\" data-image-description=\"\" data-image-caption=\"\" data-large-file=\"https:\/\/i0.wp.com\/olivamorosicristians.es\/wp-content\/uploads\/2023\/02\/7U0A0300-1-scaled.jpg?fit=1024%2C683&amp;ssl=1\" src=\"https:\/\/i0.wp.com\/olivamorosicristians.es\/wp-content\/uploads\/2023\/02\/7U0A0300-1.jpg?resize=1024%2C683&#038;ssl=1\" alt=\"\" class=\"wp-image-10799\" srcset=\"https:\/\/i0.wp.com\/olivamorosicristians.es\/wp-content\/uploads\/2023\/02\/7U0A0300-1-scaled.jpg?resize=1024%2C683&amp;ssl=1 1024w, https:\/\/i0.wp.com\/olivamorosicristians.es\/wp-content\/uploads\/2023\/02\/7U0A0300-1-scaled.jpg?resize=300%2C200&amp;ssl=1 300w, https:\/\/i0.wp.com\/olivamorosicristians.es\/wp-content\/uploads\/2023\/02\/7U0A0300-1-scaled.jpg?resize=768%2C512&amp;ssl=1 768w, https:\/\/i0.wp.com\/olivamorosicristians.es\/wp-content\/uploads\/2023\/02\/7U0A0300-1-scaled.jpg?resize=1536%2C1024&amp;ssl=1 1536w, https:\/\/i0.wp.com\/olivamorosicristians.es\/wp-content\/uploads\/2023\/02\/7U0A0300-1-scaled.jpg?resize=2048%2C1365&amp;ssl=1 2048w, https:\/\/i0.wp.com\/olivamorosicristians.es\/wp-content\/uploads\/2023\/02\/7U0A0300-1-scaled.jpg?resize=640%2C427&amp;ssl=1 640w, https:\/\/i0.wp.com\/olivamorosicristians.es\/wp-content\/uploads\/2023\/02\/7U0A0300-1-scaled.jpg?resize=1280%2C853&amp;ssl=1 1280w, https:\/\/i0.wp.com\/olivamorosicristians.es\/wp-content\/uploads\/2023\/02\/7U0A0300-1-scaled.jpg?resize=1320%2C880&amp;ssl=1 1320w, https:\/\/i0.wp.com\/olivamorosicristians.es\/wp-content\/uploads\/2023\/02\/7U0A0300-1-scaled.jpg?w=2340&amp;ssl=1 2340w\" sizes=\"auto, (max-width: 1024px) 100vw, 1024px\" \/><figcaption>Pascual Molla Mart\u00ednez, ambaixador moro 2023, \u00e9s arropat per la seua Fil\u00e0 Mud\u00e8jars<\/figcaption><\/figure>\n\n\n\n<p>Amb els ambaixadors esperant a l\u2019escenari, aplegava el moment dels capitans de 2023, i era el torn <strong>d\u2019Enrique Orqu\u00edn Morell<\/strong> (1961), <strong>capit\u00e0 cristi\u00e0 2023<\/strong>, qui va dir emocionat, que aquesta capitania \u00e9s una il\u00b7lusi\u00f3 compartida, un projecte familiar: \u201cCom cregueu que en sent coma Pirata? I com a pare? Vos dic que desvanit, il\u00b7lusionat, satisfet , orgull\u00f3s i amb molta responsabilitat, i espere estar a la altura de lo que les meues tropes cristianes es mereixen.\u201d. Orqu\u00edn va posar en el centre el gran paper central que tenen els seus fills i la seua esposa en aquesta capitania, essent Pablo, l\u2019ambaixador, el principal impulsor \u201cdes del primer moment vas tindre clar el que volies, ens has contagiat a tota casa i a tots de la teua il\u00b7lusi\u00f3 i alegria\u201d, i a Alba, la seua filla \u201csempre ah\u00ed, posant ordre, centrant-nos i estimulant-nos a tos a treballar per la festa i els Pirates, protagonista en totes les decisions i sobretot protagonista en el meu cor.\u201d. Tamb\u00e9 va tindre paraules d\u2019agra\u00efment per a la seua esquadra <em>Abelardos<\/em>, els seus amics que sempre li han donat suport en tot.<\/p>\n\n\n\n<figure class=\"wp-block-image size-large\"><img data-recalc-dims=\"1\" loading=\"lazy\" decoding=\"async\" width=\"1024\" height=\"683\" data-attachment-id=\"10800\" data-permalink=\"https:\/\/olivamorosicristians.es\/es\/cronica-de-lacte-de-nomenament-dels-carrecs-de-moros-i-cristians-oliva-2023\/7u0a0322-1\/\" data-orig-file=\"https:\/\/i0.wp.com\/olivamorosicristians.es\/wp-content\/uploads\/2023\/02\/7U0A0322-1-scaled.jpg?fit=2560%2C1707&amp;ssl=1\" data-orig-size=\"2560,1707\" data-comments-opened=\"0\" data-image-meta=\"{&quot;aperture&quot;:&quot;4&quot;,&quot;credit&quot;:&quot;ANTONI RIBERA OLTRA&quot;,&quot;camera&quot;:&quot;Canon EOS 5D Mark IV&quot;,&quot;caption&quot;:&quot;&quot;,&quot;created_timestamp&quot;:&quot;1675541165&quot;,&quot;copyright&quot;:&quot;ANTONI RIBERA OLTRA antoniribera@live.com +34645997713&quot;,&quot;focal_length&quot;:&quot;37&quot;,&quot;iso&quot;:&quot;400&quot;,&quot;shutter_speed&quot;:&quot;0.005&quot;,&quot;title&quot;:&quot;&quot;,&quot;orientation&quot;:&quot;0&quot;}\" data-image-title=\"7U0A0322-1\" data-image-description=\"\" data-image-caption=\"\" data-large-file=\"https:\/\/i0.wp.com\/olivamorosicristians.es\/wp-content\/uploads\/2023\/02\/7U0A0322-1-scaled.jpg?fit=1024%2C683&amp;ssl=1\" src=\"https:\/\/i0.wp.com\/olivamorosicristians.es\/wp-content\/uploads\/2023\/02\/7U0A0322-1.jpg?resize=1024%2C683&#038;ssl=1\" alt=\"\" class=\"wp-image-10800\" srcset=\"https:\/\/i0.wp.com\/olivamorosicristians.es\/wp-content\/uploads\/2023\/02\/7U0A0322-1-scaled.jpg?resize=1024%2C683&amp;ssl=1 1024w, https:\/\/i0.wp.com\/olivamorosicristians.es\/wp-content\/uploads\/2023\/02\/7U0A0322-1-scaled.jpg?resize=300%2C200&amp;ssl=1 300w, https:\/\/i0.wp.com\/olivamorosicristians.es\/wp-content\/uploads\/2023\/02\/7U0A0322-1-scaled.jpg?resize=768%2C512&amp;ssl=1 768w, https:\/\/i0.wp.com\/olivamorosicristians.es\/wp-content\/uploads\/2023\/02\/7U0A0322-1-scaled.jpg?resize=1536%2C1024&amp;ssl=1 1536w, https:\/\/i0.wp.com\/olivamorosicristians.es\/wp-content\/uploads\/2023\/02\/7U0A0322-1-scaled.jpg?resize=2048%2C1365&amp;ssl=1 2048w, https:\/\/i0.wp.com\/olivamorosicristians.es\/wp-content\/uploads\/2023\/02\/7U0A0322-1-scaled.jpg?resize=640%2C427&amp;ssl=1 640w, https:\/\/i0.wp.com\/olivamorosicristians.es\/wp-content\/uploads\/2023\/02\/7U0A0322-1-scaled.jpg?resize=1280%2C853&amp;ssl=1 1280w, https:\/\/i0.wp.com\/olivamorosicristians.es\/wp-content\/uploads\/2023\/02\/7U0A0322-1-scaled.jpg?resize=1320%2C880&amp;ssl=1 1320w, https:\/\/i0.wp.com\/olivamorosicristians.es\/wp-content\/uploads\/2023\/02\/7U0A0322-1-scaled.jpg?w=2340&amp;ssl=1 2340w\" sizes=\"auto, (max-width: 1024px) 100vw, 1024px\" \/><figcaption>Enrique Orqu\u00edn Morell, capit\u00e0 cristi\u00e0 2023, visiblement emocionat en ser nomenat capit\u00e0<\/figcaption><\/figure>\n\n\n\n<p>L\u2019\u00faltim en fer la seua entrada fou <strong>Jes\u00fas Camarena Bolo <\/strong>(1970), <strong>capit\u00e0 Moro 2023<\/strong>. Va comen\u00e7ar el seu parlament mostrant com d\u2019orgull\u00f3s es sent de capitanejar les tropes mores i agra\u00eft a la seua Comparsa Mud\u00e8jars per haver pensat en ell per al c\u00e0rrec, i va recordar els grans capitans que els Mud\u00e8jars han donat a la festa olivera. Dirigint-se als c\u00e0rrecs cristians, els va donar l\u2019enhorabona i va assegurar que \u201cjunts disfrutarem aquestes grans festes i capitanies, i intentarem que Oliva es senta feli\u00e7 i desvanida\u201d. Camarena es va mostrar molt aut\u00e8ntic i simp\u00e0tic, arrancant molts somriures als assistents. El moment m\u00e9s intens del seu parlament fou quan va recordar sa mare i va agrair a son pare i al seu germ\u00e0, i a la seua esposa i filles, \u201cper estar en tot moment al meu costat\u201d.\u00a0<\/p>\n\n\n\n<figure class=\"wp-block-image size-large\"><img data-recalc-dims=\"1\" loading=\"lazy\" decoding=\"async\" width=\"1024\" height=\"683\" data-attachment-id=\"10801\" data-permalink=\"https:\/\/olivamorosicristians.es\/es\/cronica-de-lacte-de-nomenament-dels-carrecs-de-moros-i-cristians-oliva-2023\/7u0a0356\/\" data-orig-file=\"https:\/\/i0.wp.com\/olivamorosicristians.es\/wp-content\/uploads\/2023\/02\/7U0A0356-scaled.jpg?fit=2560%2C1707&amp;ssl=1\" data-orig-size=\"2560,1707\" data-comments-opened=\"0\" data-image-meta=\"{&quot;aperture&quot;:&quot;4&quot;,&quot;credit&quot;:&quot;ANTONI RIBERA OLTRA&quot;,&quot;camera&quot;:&quot;Canon EOS 5D Mark IV&quot;,&quot;caption&quot;:&quot;&quot;,&quot;created_timestamp&quot;:&quot;1675541847&quot;,&quot;copyright&quot;:&quot;ANTONI RIBERA OLTRA antoniribera@live.com +34645997713&quot;,&quot;focal_length&quot;:&quot;37&quot;,&quot;iso&quot;:&quot;800&quot;,&quot;shutter_speed&quot;:&quot;0.005&quot;,&quot;title&quot;:&quot;&quot;,&quot;orientation&quot;:&quot;0&quot;}\" data-image-title=\"7U0A0356\" data-image-description=\"\" data-image-caption=\"\" data-large-file=\"https:\/\/i0.wp.com\/olivamorosicristians.es\/wp-content\/uploads\/2023\/02\/7U0A0356-scaled.jpg?fit=1024%2C683&amp;ssl=1\" src=\"https:\/\/i0.wp.com\/olivamorosicristians.es\/wp-content\/uploads\/2023\/02\/7U0A0356.jpg?resize=1024%2C683&#038;ssl=1\" alt=\"\" class=\"wp-image-10801\" srcset=\"https:\/\/i0.wp.com\/olivamorosicristians.es\/wp-content\/uploads\/2023\/02\/7U0A0356-scaled.jpg?resize=1024%2C683&amp;ssl=1 1024w, https:\/\/i0.wp.com\/olivamorosicristians.es\/wp-content\/uploads\/2023\/02\/7U0A0356-scaled.jpg?resize=300%2C200&amp;ssl=1 300w, https:\/\/i0.wp.com\/olivamorosicristians.es\/wp-content\/uploads\/2023\/02\/7U0A0356-scaled.jpg?resize=768%2C512&amp;ssl=1 768w, https:\/\/i0.wp.com\/olivamorosicristians.es\/wp-content\/uploads\/2023\/02\/7U0A0356-scaled.jpg?resize=1536%2C1024&amp;ssl=1 1536w, https:\/\/i0.wp.com\/olivamorosicristians.es\/wp-content\/uploads\/2023\/02\/7U0A0356-scaled.jpg?resize=2048%2C1365&amp;ssl=1 2048w, https:\/\/i0.wp.com\/olivamorosicristians.es\/wp-content\/uploads\/2023\/02\/7U0A0356-scaled.jpg?resize=640%2C427&amp;ssl=1 640w, https:\/\/i0.wp.com\/olivamorosicristians.es\/wp-content\/uploads\/2023\/02\/7U0A0356-scaled.jpg?resize=1280%2C853&amp;ssl=1 1280w, https:\/\/i0.wp.com\/olivamorosicristians.es\/wp-content\/uploads\/2023\/02\/7U0A0356-scaled.jpg?resize=1320%2C880&amp;ssl=1 1320w, https:\/\/i0.wp.com\/olivamorosicristians.es\/wp-content\/uploads\/2023\/02\/7U0A0356-scaled.jpg?w=2340&amp;ssl=1 2340w\" sizes=\"auto, (max-width: 1024px) 100vw, 1024px\" \/><figcaption>Jes\u00fas Camarena Bolo, capit\u00e0 moro 2023, fou una explosi\u00f3 se simpatia <\/figcaption><\/figure>\n\n\n\n<p>Va tancar el torn d\u2019intervencions <strong>\u00d3scar Prieto Ramos, president FMiCO<\/strong>, qui va comen\u00e7ar fent una salutaci\u00f3 i agra\u00efment \u201cals Festers d\u2019Honor, que s\u00f3n un referent per a nosaltres\u201d. Despr\u00e9s de la seua reelecci\u00f3, aquest era el primer acte de l\u2019actual junta de govern, i va agrair al col\u00b7lectiu fester que confiara de nou amb ell i la seua junta de govern, formada per \u201cun grup de gent jove, din\u00e0mic i amb ganes de fer Festa, en maj\u00fascules\u201d. I afegia: \u201cSi a una filada li va b\u00e9, la festa creix, i eixe \u00e9s l\u2019objectiu pel que treballem dia a dia\u201d.<\/p>\n\n\n\n<figure class=\"wp-block-image size-large\"><img data-recalc-dims=\"1\" loading=\"lazy\" decoding=\"async\" width=\"683\" height=\"1024\" data-attachment-id=\"10802\" data-permalink=\"https:\/\/olivamorosicristians.es\/es\/cronica-de-lacte-de-nomenament-dels-carrecs-de-moros-i-cristians-oliva-2023\/7u0a0418\/\" data-orig-file=\"https:\/\/i0.wp.com\/olivamorosicristians.es\/wp-content\/uploads\/2023\/02\/7U0A0418-scaled.jpg?fit=1707%2C2560&amp;ssl=1\" data-orig-size=\"1707,2560\" data-comments-opened=\"0\" data-image-meta=\"{&quot;aperture&quot;:&quot;4&quot;,&quot;credit&quot;:&quot;ANTONI RIBERA OLTRA&quot;,&quot;camera&quot;:&quot;Canon EOS 5D Mark IV&quot;,&quot;caption&quot;:&quot;&quot;,&quot;created_timestamp&quot;:&quot;1675542390&quot;,&quot;copyright&quot;:&quot;ANTONI RIBERA OLTRA antoniribera@live.com +34645997713&quot;,&quot;focal_length&quot;:&quot;121&quot;,&quot;iso&quot;:&quot;800&quot;,&quot;shutter_speed&quot;:&quot;0.005&quot;,&quot;title&quot;:&quot;&quot;,&quot;orientation&quot;:&quot;0&quot;}\" data-image-title=\"7U0A0418\" data-image-description=\"\" data-image-caption=\"\" data-large-file=\"https:\/\/i0.wp.com\/olivamorosicristians.es\/wp-content\/uploads\/2023\/02\/7U0A0418-scaled.jpg?fit=683%2C1024&amp;ssl=1\" src=\"https:\/\/i0.wp.com\/olivamorosicristians.es\/wp-content\/uploads\/2023\/02\/7U0A0418.jpg?resize=683%2C1024&#038;ssl=1\" alt=\"\" class=\"wp-image-10802\" srcset=\"https:\/\/i0.wp.com\/olivamorosicristians.es\/wp-content\/uploads\/2023\/02\/7U0A0418-scaled.jpg?resize=683%2C1024&amp;ssl=1 683w, https:\/\/i0.wp.com\/olivamorosicristians.es\/wp-content\/uploads\/2023\/02\/7U0A0418-scaled.jpg?resize=200%2C300&amp;ssl=1 200w, https:\/\/i0.wp.com\/olivamorosicristians.es\/wp-content\/uploads\/2023\/02\/7U0A0418-scaled.jpg?resize=768%2C1152&amp;ssl=1 768w, https:\/\/i0.wp.com\/olivamorosicristians.es\/wp-content\/uploads\/2023\/02\/7U0A0418-scaled.jpg?resize=1024%2C1536&amp;ssl=1 1024w, https:\/\/i0.wp.com\/olivamorosicristians.es\/wp-content\/uploads\/2023\/02\/7U0A0418-scaled.jpg?resize=1365%2C2048&amp;ssl=1 1365w, https:\/\/i0.wp.com\/olivamorosicristians.es\/wp-content\/uploads\/2023\/02\/7U0A0418-scaled.jpg?resize=640%2C960&amp;ssl=1 640w, https:\/\/i0.wp.com\/olivamorosicristians.es\/wp-content\/uploads\/2023\/02\/7U0A0418-scaled.jpg?resize=1280%2C1920&amp;ssl=1 1280w, https:\/\/i0.wp.com\/olivamorosicristians.es\/wp-content\/uploads\/2023\/02\/7U0A0418-scaled.jpg?resize=1320%2C1980&amp;ssl=1 1320w, https:\/\/i0.wp.com\/olivamorosicristians.es\/wp-content\/uploads\/2023\/02\/7U0A0418-scaled.jpg?w=1707&amp;ssl=1 1707w\" sizes=\"auto, (max-width: 683px) 100vw, 683px\" \/><figcaption>\u00d3scar Prieto Ramos, President FMiCO, durant el seu parlament<\/figcaption><\/figure>\n\n\n\n<p>L\u2019acte va concloure amb la interpretaci\u00f3 per part de l\u2019AAMO de l\u2019Himne de les Festes de Moros i Cristians d\u2019Oliva, \u201cOliva 1990\u201d, pasdoble composat pel Mestre Villar. Despr\u00e9s, la celebraci\u00f3 va continuar amb el sopar de gal\u00b7la i la festa es va allargar fins a altes hores de la matinada, amenitzada per la <em>Banda Aureba<\/em>, que va interpretar m\u00fasica de xaranga i, com no, marxes mores i cristianes que feren les del\u00edcies dels assistents.<\/p>\n\n\n\n<p>Les celebracions del Mig Any continuaran el dissabte 11 de febrer amb la Despertada amb foc d\u2019arcabusseria pels carrers del Raval i Vila d\u2019Oliva i el tradicional concurs de Putxeros entre filades.<\/p>\n\n\n\n<figure class=\"wp-block-image size-large\"><img data-recalc-dims=\"1\" loading=\"lazy\" decoding=\"async\" width=\"1024\" height=\"683\" data-attachment-id=\"10803\" data-permalink=\"https:\/\/olivamorosicristians.es\/es\/cronica-de-lacte-de-nomenament-dels-carrecs-de-moros-i-cristians-oliva-2023\/7u0a0467\/\" data-orig-file=\"https:\/\/i0.wp.com\/olivamorosicristians.es\/wp-content\/uploads\/2023\/02\/7U0A0467-scaled.jpg?fit=2560%2C1707&amp;ssl=1\" data-orig-size=\"2560,1707\" data-comments-opened=\"0\" data-image-meta=\"{&quot;aperture&quot;:&quot;4&quot;,&quot;credit&quot;:&quot;ANTONI RIBERA OLTRA&quot;,&quot;camera&quot;:&quot;Canon EOS 5D Mark IV&quot;,&quot;caption&quot;:&quot;&quot;,&quot;created_timestamp&quot;:&quot;1675543092&quot;,&quot;copyright&quot;:&quot;ANTONI RIBERA OLTRA antoniribera@live.com +34645997713&quot;,&quot;focal_length&quot;:&quot;36&quot;,&quot;iso&quot;:&quot;800&quot;,&quot;shutter_speed&quot;:&quot;0.005&quot;,&quot;title&quot;:&quot;&quot;,&quot;orientation&quot;:&quot;0&quot;}\" data-image-title=\"7U0A0467\" data-image-description=\"\" data-image-caption=\"\" data-large-file=\"https:\/\/i0.wp.com\/olivamorosicristians.es\/wp-content\/uploads\/2023\/02\/7U0A0467-scaled.jpg?fit=1024%2C683&amp;ssl=1\" src=\"https:\/\/i0.wp.com\/olivamorosicristians.es\/wp-content\/uploads\/2023\/02\/7U0A0467.jpg?resize=1024%2C683&#038;ssl=1\" alt=\"\" class=\"wp-image-10803\" srcset=\"https:\/\/i0.wp.com\/olivamorosicristians.es\/wp-content\/uploads\/2023\/02\/7U0A0467-scaled.jpg?resize=1024%2C683&amp;ssl=1 1024w, https:\/\/i0.wp.com\/olivamorosicristians.es\/wp-content\/uploads\/2023\/02\/7U0A0467-scaled.jpg?resize=300%2C200&amp;ssl=1 300w, https:\/\/i0.wp.com\/olivamorosicristians.es\/wp-content\/uploads\/2023\/02\/7U0A0467-scaled.jpg?resize=768%2C512&amp;ssl=1 768w, https:\/\/i0.wp.com\/olivamorosicristians.es\/wp-content\/uploads\/2023\/02\/7U0A0467-scaled.jpg?resize=1536%2C1024&amp;ssl=1 1536w, https:\/\/i0.wp.com\/olivamorosicristians.es\/wp-content\/uploads\/2023\/02\/7U0A0467-scaled.jpg?resize=2048%2C1365&amp;ssl=1 2048w, https:\/\/i0.wp.com\/olivamorosicristians.es\/wp-content\/uploads\/2023\/02\/7U0A0467-scaled.jpg?resize=640%2C427&amp;ssl=1 640w, https:\/\/i0.wp.com\/olivamorosicristians.es\/wp-content\/uploads\/2023\/02\/7U0A0467-scaled.jpg?resize=1280%2C853&amp;ssl=1 1280w, https:\/\/i0.wp.com\/olivamorosicristians.es\/wp-content\/uploads\/2023\/02\/7U0A0467-scaled.jpg?resize=1320%2C880&amp;ssl=1 1320w, https:\/\/i0.wp.com\/olivamorosicristians.es\/wp-content\/uploads\/2023\/02\/7U0A0467-scaled.jpg?w=2340&amp;ssl=1 2340w\" sizes=\"auto, (max-width: 1024px) 100vw, 1024px\" \/><figcaption> Foto de fam\u00edlia de la Junta de Govern de la FMiCO<\/figcaption><\/figure>","protected":false},"excerpt":{"rendered":"<p>Els valors de la fam\u00edlia i l\u2019amistat estigueren molt presents als parlaments dels quatre c\u00e0rrecs, que no van voler oblidar l\u2019esfor\u00e7 que la seua gent i les filades fan per fer realitat el seu somni El dissabte 4 de febrer de 2023, el Centre Polivalent d\u2019Oliva es va vestir de gal\u00b7la per celebrar l\u2019acte que [&hellip;]<\/p>\n","protected":false},"author":1,"featured_media":10806,"comment_status":"closed","ping_status":"open","sticky":false,"template":"","format":"standard","meta":{"jetpack_post_was_ever_published":false,"_jetpack_newsletter_access":"","_jetpack_dont_email_post_to_subs":false,"_jetpack_newsletter_tier_id":0,"_jetpack_memberships_contains_paywalled_content":false,"_jetpack_memberships_contains_paid_content":false,"footnotes":"","jetpack_publicize_message":"","jetpack_publicize_feature_enabled":true,"jetpack_social_post_already_shared":true,"jetpack_social_options":{"image_generator_settings":{"template":"highway","default_image_id":0,"font":"","enabled":false},"version":2}},"categories":[1],"tags":[],"class_list":["post-10794","post","type-post","status-publish","format-standard","has-post-thumbnail","hentry","category-varis"],"yoast_head":"<!-- This site is optimized with the Yoast SEO plugin v27.5 - https:\/\/yoast.com\/product\/yoast-seo-wordpress\/ -->\n<title>CR\u00d2NICA DE L\u2019ACTE DE NOMENAMENT DELS C\u00c0RRECS DE MOROS I CRISTIANS OLIVA 2023 - Moros i Cristians Oliva<\/title>\n<meta name=\"robots\" content=\"index, follow, max-snippet:-1, max-image-preview:large, max-video-preview:-1\" \/>\n<link rel=\"canonical\" href=\"https:\/\/olivamorosicristians.es\/es\/cronica-de-lacte-de-nomenament-dels-carrecs-de-moros-i-cristians-oliva-2023\/\" \/>\n<meta property=\"og:locale\" content=\"es_ES\" \/>\n<meta property=\"og:type\" content=\"article\" \/>\n<meta property=\"og:title\" content=\"CR\u00d2NICA DE L\u2019ACTE DE NOMENAMENT DELS C\u00c0RRECS DE MOROS I CRISTIANS OLIVA 2023 - Moros i Cristians Oliva\" \/>\n<meta property=\"og:description\" content=\"Els valors de la fam\u00edlia i l\u2019amistat estigueren molt presents als parlaments dels quatre c\u00e0rrecs, que no van voler oblidar l\u2019esfor\u00e7 que la seua gent i les filades fan per fer realitat el seu somni El dissabte 4 de febrer de 2023, el Centre Polivalent d\u2019Oliva es va vestir de gal\u00b7la per celebrar l\u2019acte que [&hellip;]\" \/>\n<meta property=\"og:url\" content=\"https:\/\/olivamorosicristians.es\/es\/cronica-de-lacte-de-nomenament-dels-carrecs-de-moros-i-cristians-oliva-2023\/\" \/>\n<meta property=\"og:site_name\" content=\"Moros i Cristians Oliva\" \/>\n<meta property=\"article:publisher\" content=\"https:\/\/www.facebook.com\/federaciodemorosicristiansdoliva\/\" \/>\n<meta property=\"article:author\" content=\"https:\/\/www.facebook.com\/federaciodemorosicristiansdoliva\" \/>\n<meta property=\"article:published_time\" content=\"2023-02-06T11:56:05+00:00\" \/>\n<meta property=\"article:modified_time\" content=\"2023-02-06T12:57:37+00:00\" \/>\n<meta property=\"og:image\" content=\"https:\/\/olivamorosicristians.es\/wp-content\/uploads\/2023\/02\/7U0A0459-scaled.jpg\" \/>\n\t<meta property=\"og:image:width\" content=\"2560\" \/>\n\t<meta property=\"og:image:height\" content=\"1707\" \/>\n\t<meta property=\"og:image:type\" content=\"image\/jpeg\" \/>\n<meta name=\"author\" content=\"Webmaster\" \/>\n<meta name=\"twitter:card\" content=\"summary_large_image\" \/>\n<meta name=\"twitter:label1\" content=\"Escrito por\" \/>\n\t<meta name=\"twitter:data1\" content=\"Webmaster\" \/>\n\t<meta name=\"twitter:label2\" content=\"Tiempo de lectura\" \/>\n\t<meta name=\"twitter:data2\" content=\"8 minutos\" \/>\n<script type=\"application\/ld+json\" class=\"yoast-schema-graph\">{\"@context\":\"https:\\\/\\\/schema.org\",\"@graph\":[{\"@type\":\"Article\",\"@id\":\"https:\\\/\\\/olivamorosicristians.es\\\/cronica-de-lacte-de-nomenament-dels-carrecs-de-moros-i-cristians-oliva-2023\\\/#article\",\"isPartOf\":{\"@id\":\"https:\\\/\\\/olivamorosicristians.es\\\/cronica-de-lacte-de-nomenament-dels-carrecs-de-moros-i-cristians-oliva-2023\\\/\"},\"author\":{\"name\":\"Webmaster\",\"@id\":\"https:\\\/\\\/olivamorosicristians.es\\\/#\\\/schema\\\/person\\\/21ece052d8816103cad91a2676fd0149\"},\"headline\":\"CR\u00d2NICA DE L\u2019ACTE DE NOMENAMENT DELS C\u00c0RRECS DE MOROS I CRISTIANS OLIVA 2023\",\"datePublished\":\"2023-02-06T11:56:05+00:00\",\"dateModified\":\"2023-02-06T12:57:37+00:00\",\"mainEntityOfPage\":{\"@id\":\"https:\\\/\\\/olivamorosicristians.es\\\/cronica-de-lacte-de-nomenament-dels-carrecs-de-moros-i-cristians-oliva-2023\\\/\"},\"wordCount\":1438,\"publisher\":{\"@id\":\"https:\\\/\\\/olivamorosicristians.es\\\/#organization\"},\"image\":{\"@id\":\"https:\\\/\\\/olivamorosicristians.es\\\/cronica-de-lacte-de-nomenament-dels-carrecs-de-moros-i-cristians-oliva-2023\\\/#primaryimage\"},\"thumbnailUrl\":\"https:\\\/\\\/i0.wp.com\\\/olivamorosicristians.es\\\/wp-content\\\/uploads\\\/2023\\\/02\\\/7U0A0459-scaled.jpg?fit=2560%2C1707&ssl=1\",\"articleSection\":[\"Varis\"],\"inLanguage\":\"es\"},{\"@type\":\"WebPage\",\"@id\":\"https:\\\/\\\/olivamorosicristians.es\\\/cronica-de-lacte-de-nomenament-dels-carrecs-de-moros-i-cristians-oliva-2023\\\/\",\"url\":\"https:\\\/\\\/olivamorosicristians.es\\\/cronica-de-lacte-de-nomenament-dels-carrecs-de-moros-i-cristians-oliva-2023\\\/\",\"name\":\"CR\u00d2NICA DE L\u2019ACTE DE NOMENAMENT DELS C\u00c0RRECS DE MOROS I CRISTIANS OLIVA 2023 - Moros i Cristians Oliva\",\"isPartOf\":{\"@id\":\"https:\\\/\\\/olivamorosicristians.es\\\/#website\"},\"primaryImageOfPage\":{\"@id\":\"https:\\\/\\\/olivamorosicristians.es\\\/cronica-de-lacte-de-nomenament-dels-carrecs-de-moros-i-cristians-oliva-2023\\\/#primaryimage\"},\"image\":{\"@id\":\"https:\\\/\\\/olivamorosicristians.es\\\/cronica-de-lacte-de-nomenament-dels-carrecs-de-moros-i-cristians-oliva-2023\\\/#primaryimage\"},\"thumbnailUrl\":\"https:\\\/\\\/i0.wp.com\\\/olivamorosicristians.es\\\/wp-content\\\/uploads\\\/2023\\\/02\\\/7U0A0459-scaled.jpg?fit=2560%2C1707&ssl=1\",\"datePublished\":\"2023-02-06T11:56:05+00:00\",\"dateModified\":\"2023-02-06T12:57:37+00:00\",\"breadcrumb\":{\"@id\":\"https:\\\/\\\/olivamorosicristians.es\\\/cronica-de-lacte-de-nomenament-dels-carrecs-de-moros-i-cristians-oliva-2023\\\/#breadcrumb\"},\"inLanguage\":\"es\",\"potentialAction\":[{\"@type\":\"ReadAction\",\"target\":[\"https:\\\/\\\/olivamorosicristians.es\\\/cronica-de-lacte-de-nomenament-dels-carrecs-de-moros-i-cristians-oliva-2023\\\/\"]}]},{\"@type\":\"ImageObject\",\"inLanguage\":\"es\",\"@id\":\"https:\\\/\\\/olivamorosicristians.es\\\/cronica-de-lacte-de-nomenament-dels-carrecs-de-moros-i-cristians-oliva-2023\\\/#primaryimage\",\"url\":\"https:\\\/\\\/i0.wp.com\\\/olivamorosicristians.es\\\/wp-content\\\/uploads\\\/2023\\\/02\\\/7U0A0459-scaled.jpg?fit=2560%2C1707&ssl=1\",\"contentUrl\":\"https:\\\/\\\/i0.wp.com\\\/olivamorosicristians.es\\\/wp-content\\\/uploads\\\/2023\\\/02\\\/7U0A0459-scaled.jpg?fit=2560%2C1707&ssl=1\",\"width\":2560,\"height\":1707},{\"@type\":\"BreadcrumbList\",\"@id\":\"https:\\\/\\\/olivamorosicristians.es\\\/cronica-de-lacte-de-nomenament-dels-carrecs-de-moros-i-cristians-oliva-2023\\\/#breadcrumb\",\"itemListElement\":[{\"@type\":\"ListItem\",\"position\":1,\"name\":\"Portada\",\"item\":\"https:\\\/\\\/olivamorosicristians.es\\\/\"},{\"@type\":\"ListItem\",\"position\":2,\"name\":\"CR\u00d2NICA DE L\u2019ACTE DE NOMENAMENT DELS C\u00c0RRECS DE MOROS I CRISTIANS OLIVA 2023\"}]},{\"@type\":\"WebSite\",\"@id\":\"https:\\\/\\\/olivamorosicristians.es\\\/#website\",\"url\":\"https:\\\/\\\/olivamorosicristians.es\\\/\",\"name\":\"Moros i Cristians Oliva\",\"description\":\"FMCO\",\"publisher\":{\"@id\":\"https:\\\/\\\/olivamorosicristians.es\\\/#organization\"},\"potentialAction\":[{\"@type\":\"SearchAction\",\"target\":{\"@type\":\"EntryPoint\",\"urlTemplate\":\"https:\\\/\\\/olivamorosicristians.es\\\/?s={search_term_string}\"},\"query-input\":{\"@type\":\"PropertyValueSpecification\",\"valueRequired\":true,\"valueName\":\"search_term_string\"}}],\"inLanguage\":\"es\"},{\"@type\":\"Organization\",\"@id\":\"https:\\\/\\\/olivamorosicristians.es\\\/#organization\",\"name\":\"Federaci\u00f3 de Moros i Cristians - Oliva\",\"url\":\"https:\\\/\\\/olivamorosicristians.es\\\/\",\"logo\":{\"@type\":\"ImageObject\",\"inLanguage\":\"es\",\"@id\":\"https:\\\/\\\/olivamorosicristians.es\\\/#\\\/schema\\\/logo\\\/image\\\/\",\"url\":\"https:\\\/\\\/i2.wp.com\\\/olivamorosicristians.es\\\/wp-content\\\/uploads\\\/2018\\\/06\\\/Icon_FMiCO.png?fit=50%2C50&ssl=1\",\"contentUrl\":\"https:\\\/\\\/i2.wp.com\\\/olivamorosicristians.es\\\/wp-content\\\/uploads\\\/2018\\\/06\\\/Icon_FMiCO.png?fit=50%2C50&ssl=1\",\"width\":50,\"height\":50,\"caption\":\"Federaci\u00f3 de Moros i Cristians - Oliva\"},\"image\":{\"@id\":\"https:\\\/\\\/olivamorosicristians.es\\\/#\\\/schema\\\/logo\\\/image\\\/\"},\"sameAs\":[\"https:\\\/\\\/www.facebook.com\\\/federaciodemorosicristiansdoliva\\\/\",\"https:\\\/\\\/www.instagram.com\\\/morosicristiansoliva\\\/?hl=es\"]},{\"@type\":\"Person\",\"@id\":\"https:\\\/\\\/olivamorosicristians.es\\\/#\\\/schema\\\/person\\\/21ece052d8816103cad91a2676fd0149\",\"name\":\"Webmaster\",\"image\":{\"@type\":\"ImageObject\",\"inLanguage\":\"es\",\"@id\":\"https:\\\/\\\/secure.gravatar.com\\\/avatar\\\/18de20f14d74abe0c800b423a8b0e24cae6153cb6baeb2c2df80e1cef2117e0d?s=96&d=mm&r=g\",\"url\":\"https:\\\/\\\/secure.gravatar.com\\\/avatar\\\/18de20f14d74abe0c800b423a8b0e24cae6153cb6baeb2c2df80e1cef2117e0d?s=96&d=mm&r=g\",\"contentUrl\":\"https:\\\/\\\/secure.gravatar.com\\\/avatar\\\/18de20f14d74abe0c800b423a8b0e24cae6153cb6baeb2c2df80e1cef2117e0d?s=96&d=mm&r=g\",\"caption\":\"Webmaster\"},\"sameAs\":[\"https:\\\/\\\/www.facebook.com\\\/federaciodemorosicristiansdoliva\",\"https:\\\/\\\/www.instagram.com\\\/morosicristiansoliva\\\/\"]}]}<\/script>\n<!-- \/ Yoast SEO plugin. -->","yoast_head_json":{"title":"CR\u00d2NICA DE L\u2019ACTE DE NOMENAMENT DELS C\u00c0RRECS DE MOROS I CRISTIANS OLIVA 2023 - Moros i Cristians Oliva","robots":{"index":"index","follow":"follow","max-snippet":"max-snippet:-1","max-image-preview":"max-image-preview:large","max-video-preview":"max-video-preview:-1"},"canonical":"https:\/\/olivamorosicristians.es\/es\/cronica-de-lacte-de-nomenament-dels-carrecs-de-moros-i-cristians-oliva-2023\/","og_locale":"es_ES","og_type":"article","og_title":"CR\u00d2NICA DE L\u2019ACTE DE NOMENAMENT DELS C\u00c0RRECS DE MOROS I CRISTIANS OLIVA 2023 - Moros i Cristians Oliva","og_description":"Els valors de la fam\u00edlia i l\u2019amistat estigueren molt presents als parlaments dels quatre c\u00e0rrecs, que no van voler oblidar l\u2019esfor\u00e7 que la seua gent i les filades fan per fer realitat el seu somni El dissabte 4 de febrer de 2023, el Centre Polivalent d\u2019Oliva es va vestir de gal\u00b7la per celebrar l\u2019acte que [&hellip;]","og_url":"https:\/\/olivamorosicristians.es\/es\/cronica-de-lacte-de-nomenament-dels-carrecs-de-moros-i-cristians-oliva-2023\/","og_site_name":"Moros i Cristians Oliva","article_publisher":"https:\/\/www.facebook.com\/federaciodemorosicristiansdoliva\/","article_author":"https:\/\/www.facebook.com\/federaciodemorosicristiansdoliva","article_published_time":"2023-02-06T11:56:05+00:00","article_modified_time":"2023-02-06T12:57:37+00:00","og_image":[{"width":2560,"height":1707,"url":"https:\/\/olivamorosicristians.es\/wp-content\/uploads\/2023\/02\/7U0A0459-scaled.jpg","type":"image\/jpeg"}],"author":"Webmaster","twitter_card":"summary_large_image","twitter_misc":{"Escrito por":"Webmaster","Tiempo de lectura":"8 minutos"},"schema":{"@context":"https:\/\/schema.org","@graph":[{"@type":"Article","@id":"https:\/\/olivamorosicristians.es\/cronica-de-lacte-de-nomenament-dels-carrecs-de-moros-i-cristians-oliva-2023\/#article","isPartOf":{"@id":"https:\/\/olivamorosicristians.es\/cronica-de-lacte-de-nomenament-dels-carrecs-de-moros-i-cristians-oliva-2023\/"},"author":{"name":"Webmaster","@id":"https:\/\/olivamorosicristians.es\/#\/schema\/person\/21ece052d8816103cad91a2676fd0149"},"headline":"CR\u00d2NICA DE L\u2019ACTE DE NOMENAMENT DELS C\u00c0RRECS DE MOROS I CRISTIANS OLIVA 2023","datePublished":"2023-02-06T11:56:05+00:00","dateModified":"2023-02-06T12:57:37+00:00","mainEntityOfPage":{"@id":"https:\/\/olivamorosicristians.es\/cronica-de-lacte-de-nomenament-dels-carrecs-de-moros-i-cristians-oliva-2023\/"},"wordCount":1438,"publisher":{"@id":"https:\/\/olivamorosicristians.es\/#organization"},"image":{"@id":"https:\/\/olivamorosicristians.es\/cronica-de-lacte-de-nomenament-dels-carrecs-de-moros-i-cristians-oliva-2023\/#primaryimage"},"thumbnailUrl":"https:\/\/i0.wp.com\/olivamorosicristians.es\/wp-content\/uploads\/2023\/02\/7U0A0459-scaled.jpg?fit=2560%2C1707&ssl=1","articleSection":["Varis"],"inLanguage":"es"},{"@type":"WebPage","@id":"https:\/\/olivamorosicristians.es\/cronica-de-lacte-de-nomenament-dels-carrecs-de-moros-i-cristians-oliva-2023\/","url":"https:\/\/olivamorosicristians.es\/cronica-de-lacte-de-nomenament-dels-carrecs-de-moros-i-cristians-oliva-2023\/","name":"CR\u00d2NICA DE L\u2019ACTE DE NOMENAMENT DELS C\u00c0RRECS DE MOROS I CRISTIANS OLIVA 2023 - Moros i Cristians Oliva","isPartOf":{"@id":"https:\/\/olivamorosicristians.es\/#website"},"primaryImageOfPage":{"@id":"https:\/\/olivamorosicristians.es\/cronica-de-lacte-de-nomenament-dels-carrecs-de-moros-i-cristians-oliva-2023\/#primaryimage"},"image":{"@id":"https:\/\/olivamorosicristians.es\/cronica-de-lacte-de-nomenament-dels-carrecs-de-moros-i-cristians-oliva-2023\/#primaryimage"},"thumbnailUrl":"https:\/\/i0.wp.com\/olivamorosicristians.es\/wp-content\/uploads\/2023\/02\/7U0A0459-scaled.jpg?fit=2560%2C1707&ssl=1","datePublished":"2023-02-06T11:56:05+00:00","dateModified":"2023-02-06T12:57:37+00:00","breadcrumb":{"@id":"https:\/\/olivamorosicristians.es\/cronica-de-lacte-de-nomenament-dels-carrecs-de-moros-i-cristians-oliva-2023\/#breadcrumb"},"inLanguage":"es","potentialAction":[{"@type":"ReadAction","target":["https:\/\/olivamorosicristians.es\/cronica-de-lacte-de-nomenament-dels-carrecs-de-moros-i-cristians-oliva-2023\/"]}]},{"@type":"ImageObject","inLanguage":"es","@id":"https:\/\/olivamorosicristians.es\/cronica-de-lacte-de-nomenament-dels-carrecs-de-moros-i-cristians-oliva-2023\/#primaryimage","url":"https:\/\/i0.wp.com\/olivamorosicristians.es\/wp-content\/uploads\/2023\/02\/7U0A0459-scaled.jpg?fit=2560%2C1707&ssl=1","contentUrl":"https:\/\/i0.wp.com\/olivamorosicristians.es\/wp-content\/uploads\/2023\/02\/7U0A0459-scaled.jpg?fit=2560%2C1707&ssl=1","width":2560,"height":1707},{"@type":"BreadcrumbList","@id":"https:\/\/olivamorosicristians.es\/cronica-de-lacte-de-nomenament-dels-carrecs-de-moros-i-cristians-oliva-2023\/#breadcrumb","itemListElement":[{"@type":"ListItem","position":1,"name":"Portada","item":"https:\/\/olivamorosicristians.es\/"},{"@type":"ListItem","position":2,"name":"CR\u00d2NICA DE L\u2019ACTE DE NOMENAMENT DELS C\u00c0RRECS DE MOROS I CRISTIANS OLIVA 2023"}]},{"@type":"WebSite","@id":"https:\/\/olivamorosicristians.es\/#website","url":"https:\/\/olivamorosicristians.es\/","name":"Moros i Cristians Oliva","description":"FMCO","publisher":{"@id":"https:\/\/olivamorosicristians.es\/#organization"},"potentialAction":[{"@type":"SearchAction","target":{"@type":"EntryPoint","urlTemplate":"https:\/\/olivamorosicristians.es\/?s={search_term_string}"},"query-input":{"@type":"PropertyValueSpecification","valueRequired":true,"valueName":"search_term_string"}}],"inLanguage":"es"},{"@type":"Organization","@id":"https:\/\/olivamorosicristians.es\/#organization","name":"La Federaci\u00f3n de Moros y Cristianos de Oliva","url":"https:\/\/olivamorosicristians.es\/","logo":{"@type":"ImageObject","inLanguage":"es","@id":"https:\/\/olivamorosicristians.es\/#\/schema\/logo\/image\/","url":"https:\/\/i2.wp.com\/olivamorosicristians.es\/wp-content\/uploads\/2018\/06\/Icon_FMiCO.png?fit=50%2C50&ssl=1","contentUrl":"https:\/\/i2.wp.com\/olivamorosicristians.es\/wp-content\/uploads\/2018\/06\/Icon_FMiCO.png?fit=50%2C50&ssl=1","width":50,"height":50,"caption":"Federaci\u00f3 de Moros i Cristians - Oliva"},"image":{"@id":"https:\/\/olivamorosicristians.es\/#\/schema\/logo\/image\/"},"sameAs":["https:\/\/www.facebook.com\/federaciodemorosicristiansdoliva\/","https:\/\/www.instagram.com\/morosicristiansoliva\/?hl=es"]},{"@type":"Person","@id":"https:\/\/olivamorosicristians.es\/#\/schema\/person\/21ece052d8816103cad91a2676fd0149","name":"Webmaster","image":{"@type":"ImageObject","inLanguage":"es","@id":"https:\/\/secure.gravatar.com\/avatar\/18de20f14d74abe0c800b423a8b0e24cae6153cb6baeb2c2df80e1cef2117e0d?s=96&d=mm&r=g","url":"https:\/\/secure.gravatar.com\/avatar\/18de20f14d74abe0c800b423a8b0e24cae6153cb6baeb2c2df80e1cef2117e0d?s=96&d=mm&r=g","contentUrl":"https:\/\/secure.gravatar.com\/avatar\/18de20f14d74abe0c800b423a8b0e24cae6153cb6baeb2c2df80e1cef2117e0d?s=96&d=mm&r=g","caption":"Webmaster"},"sameAs":["https:\/\/www.facebook.com\/federaciodemorosicristiansdoliva","https:\/\/www.instagram.com\/morosicristiansoliva\/"]}]}},"jetpack_publicize_connections":[],"jetpack_featured_media_url":"https:\/\/i0.wp.com\/olivamorosicristians.es\/wp-content\/uploads\/2023\/02\/7U0A0459-scaled.jpg?fit=2560%2C1707&ssl=1","jetpack_sharing_enabled":true,"jetpack_shortlink":"https:\/\/wp.me\/pagEx6-2O6","jetpack-related-posts":[],"_links":{"self":[{"href":"https:\/\/olivamorosicristians.es\/es\/wp-json\/wp\/v2\/posts\/10794","targetHints":{"allow":["GET"]}}],"collection":[{"href":"https:\/\/olivamorosicristians.es\/es\/wp-json\/wp\/v2\/posts"}],"about":[{"href":"https:\/\/olivamorosicristians.es\/es\/wp-json\/wp\/v2\/types\/post"}],"author":[{"embeddable":true,"href":"https:\/\/olivamorosicristians.es\/es\/wp-json\/wp\/v2\/users\/1"}],"replies":[{"embeddable":true,"href":"https:\/\/olivamorosicristians.es\/es\/wp-json\/wp\/v2\/comments?post=10794"}],"version-history":[{"count":5,"href":"https:\/\/olivamorosicristians.es\/es\/wp-json\/wp\/v2\/posts\/10794\/revisions"}],"predecessor-version":[{"id":10811,"href":"https:\/\/olivamorosicristians.es\/es\/wp-json\/wp\/v2\/posts\/10794\/revisions\/10811"}],"wp:featuredmedia":[{"embeddable":true,"href":"https:\/\/olivamorosicristians.es\/es\/wp-json\/wp\/v2\/media\/10806"}],"wp:attachment":[{"href":"https:\/\/olivamorosicristians.es\/es\/wp-json\/wp\/v2\/media?parent=10794"}],"wp:term":[{"taxonomy":"category","embeddable":true,"href":"https:\/\/olivamorosicristians.es\/es\/wp-json\/wp\/v2\/categories?post=10794"},{"taxonomy":"post_tag","embeddable":true,"href":"https:\/\/olivamorosicristians.es\/es\/wp-json\/wp\/v2\/tags?post=10794"}],"curies":[{"name":"wp","href":"https:\/\/api.w.org\/{rel}","templated":true}]}}