{"id":10779,"date":"2022-12-14T09:51:07","date_gmt":"2022-12-14T07:51:07","guid":{"rendered":"https:\/\/olivamorosicristians.es\/?p=10779"},"modified":"2022-12-14T13:03:10","modified_gmt":"2022-12-14T11:03:10","slug":"la-federacio-de-moros-i-cristians-doliva-rep-una-subvencio-de-la-diputacio-de-valencia-per-la-realitzacio-dactes-amb-motiu-del-centenari-de-les-festes-de-moros-i-cristians-d","status":"publish","type":"post","link":"https:\/\/olivamorosicristians.es\/es\/la-federacio-de-moros-i-cristians-doliva-rep-una-subvencio-de-la-diputacio-de-valencia-per-la-realitzacio-dactes-amb-motiu-del-centenari-de-les-festes-de-moros-i-cristians-d\/","title":{"rendered":"La Federaci\u00f3 de Moros i Cristians d\u2019Oliva rep una subvenci\u00f3 de la Diputaci\u00f3 de Val\u00e8ncia per la realitzaci\u00f3 d\u2019actes amb motiu del Centenari de les Festes de Moros i Cristians d\u2019Oliva"},"content":{"rendered":"<p>La Federaci\u00f3 de Moros i Cristians d\u2019Oliva ha rebut la notificaci\u00f3 de la Diputaci\u00f3 de Val\u00e8ncia en la qual s\u2019atorga a l\u2019entitat una subvenci\u00f3 de 6.000\u20ac amb motiu de la celebraci\u00f3 del Centenari de les Festes de Moros i Cristians d\u2019Oliva.<\/p>\n\n\n\n<p>La Diputaci\u00f3 ha considerat que es tracta d\u2019un projecte singular i que raons d\u2019inter\u00e8s p\u00fablic, social i econ\u00f2mic justifiquen aquesta subvenci\u00f3.<\/p>\n\n\n\n<p>S\u2019ha valorat molt positivament l\u2019inter\u00e8s social que suposa el donar con\u00e8ixer la investigaci\u00f3 hist\u00f2rica i cultural que est\u00e0 duent-se a terme amb motiu de les Festes de Moros i Cristians d\u2019Oliva, reconeguda per la Diputaci\u00f3 de Val\u00e8ncia com una de les m\u00e9s arrelades al nostre territori. En concret, s\u2019han valorat molt positivament les fonts materials obtingudes (com imatges, documents o la recreaci\u00f3 de vestimentes desaparegudes), aix\u00ed com tamb\u00e9 els valuosos testimonis de la hist\u00f2ria que s\u2019han aconseguit i es continuen descobrint amb motiu d\u2019aquesta celebraci\u00f3 del Centenari de les primeres festes, que \u00e9s part intr\u00ednseca de la hist\u00f2ria d\u2019Oliva.<\/p>\n\n\n\n<p>Amb aquesta ajuda de l\u2019ens provincial, queden subvencionades les actuacions musicals i recreacions hist\u00f2riques conforme a l\u2019estudi realitzat sobre la festa de Moros i Cristians d\u2019Oliva, i la confecci\u00f3 dels vestits de recreaci\u00f3 de les primeres manifestacions centen\u00e0ries de la Festa.<\/p>\n\n\n\n<p><strong>\u00d3scar Prieto, president de la FMICO:<\/strong> \u201c<em>Les celebracions que s\u2019han dut a terme, i les que es faran tamb\u00e9, en el marc del Centenari de les primeres festes de Moros i Cristians d\u2019Oliva i del Cinquantenari de l\u2019actual etapa festera, han suposat un gran esfor\u00e7 per a la Federaci\u00f3 i tota la gent que s\u2019ha involucrat en poder-ho anar fent realitat. Ho fem perqu\u00e8 considerem que aix\u00ed ens coneixerem millor, sabrem d\u2019on venim per projectar cap on volem anar, i a\u00e7\u00f2 far\u00e0 cr\u00e9ixer les nostres festes de moros i cristians. I, a m\u00e9s, te un valor hist\u00f2ric i cultural que transcendeix la pura festa, te un gran valor per a la recuperaci\u00f3 i preservaci\u00f3 de la hist\u00f2ria de la nostra ciutat. Aix\u00ed ho ha reconegut la Diputaci\u00f3 de Val\u00e8ncia, a qui hem d\u2019agrair que s\u2019hi haja implicat d\u2019aquesta manera en la celebraci\u00f3 del Centenari dels Moros i Cristians d\u2019Oliva<\/em>\u201d.<\/p>\n\n\n\n<p>La Federaci\u00f3 de Moros i Cristians d\u2019Oliva vol agrair a la Diputaci\u00f3 de Val\u00e8ncia que haja considerat tota la tasca realitzada pel col\u00b7lectiu dels Moros i Cristians d\u2019Oliva per a la recuperaci\u00f3 de la seua hist\u00f2ria amb motiu de les celebracions del Centenari de les Festes de Moros i Cristians d\u2019Oliva.<\/p>","protected":false},"excerpt":{"rendered":"<p>La Federaci\u00f3 de Moros i Cristians d\u2019Oliva ha rebut la notificaci\u00f3 de la Diputaci\u00f3 de Val\u00e8ncia en la qual s\u2019atorga a l\u2019entitat una subvenci\u00f3 de 6.000\u20ac amb motiu de la celebraci\u00f3 del Centenari de les Festes de Moros i Cristians d\u2019Oliva. La Diputaci\u00f3 ha considerat que es tracta d\u2019un projecte singular i que raons d\u2019inter\u00e8s [&hellip;]<\/p>\n","protected":false},"author":1,"featured_media":10780,"comment_status":"closed","ping_status":"open","sticky":false,"template":"","format":"standard","meta":{"jetpack_post_was_ever_published":false,"_jetpack_newsletter_access":"","_jetpack_dont_email_post_to_subs":false,"_jetpack_newsletter_tier_id":0,"_jetpack_memberships_contains_paywalled_content":false,"_jetpack_memberships_contains_paid_content":false,"footnotes":"","jetpack_publicize_message":"","jetpack_publicize_feature_enabled":true,"jetpack_social_post_already_shared":true,"jetpack_social_options":{"image_generator_settings":{"template":"highway","default_image_id":0,"font":"","enabled":false},"version":2}},"categories":[1],"tags":[],"class_list":["post-10779","post","type-post","status-publish","format-standard","has-post-thumbnail","hentry","category-varis"],"yoast_head":"<!-- This site is optimized with the Yoast SEO plugin v27.5 - https:\/\/yoast.com\/product\/yoast-seo-wordpress\/ -->\n<title>La Federaci\u00f3 de Moros i Cristians d\u2019Oliva rep una subvenci\u00f3 de la Diputaci\u00f3 de Val\u00e8ncia per la realitzaci\u00f3 d\u2019actes amb motiu del Centenari de les Festes de Moros i Cristians d\u2019Oliva - Moros i Cristians Oliva<\/title>\n<meta name=\"robots\" content=\"index, follow, max-snippet:-1, max-image-preview:large, max-video-preview:-1\" \/>\n<link rel=\"canonical\" href=\"https:\/\/olivamorosicristians.es\/es\/la-federacio-de-moros-i-cristians-doliva-rep-una-subvencio-de-la-diputacio-de-valencia-per-la-realitzacio-dactes-amb-motiu-del-centenari-de-les-festes-de-moros-i-cristians-d\/\" \/>\n<meta property=\"og:locale\" content=\"es_ES\" \/>\n<meta property=\"og:type\" content=\"article\" \/>\n<meta property=\"og:title\" content=\"La Federaci\u00f3 de Moros i Cristians d\u2019Oliva rep una subvenci\u00f3 de la Diputaci\u00f3 de Val\u00e8ncia per la realitzaci\u00f3 d\u2019actes amb motiu del Centenari de les Festes de Moros i Cristians d\u2019Oliva - Moros i Cristians Oliva\" \/>\n<meta property=\"og:description\" content=\"La Federaci\u00f3 de Moros i Cristians d\u2019Oliva ha rebut la notificaci\u00f3 de la Diputaci\u00f3 de Val\u00e8ncia en la qual s\u2019atorga a l\u2019entitat una subvenci\u00f3 de 6.000\u20ac amb motiu de la celebraci\u00f3 del Centenari de les Festes de Moros i Cristians d\u2019Oliva. La Diputaci\u00f3 ha considerat que es tracta d\u2019un projecte singular i que raons d\u2019inter\u00e8s [&hellip;]\" \/>\n<meta property=\"og:url\" content=\"https:\/\/olivamorosicristians.es\/es\/la-federacio-de-moros-i-cristians-doliva-rep-una-subvencio-de-la-diputacio-de-valencia-per-la-realitzacio-dactes-amb-motiu-del-centenari-de-les-festes-de-moros-i-cristians-d\/\" \/>\n<meta property=\"og:site_name\" content=\"Moros i Cristians Oliva\" \/>\n<meta property=\"article:publisher\" content=\"https:\/\/www.facebook.com\/federaciodemorosicristiansdoliva\/\" \/>\n<meta property=\"article:author\" content=\"https:\/\/www.facebook.com\/federaciodemorosicristiansdoliva\" \/>\n<meta property=\"article:published_time\" content=\"2022-12-14T07:51:07+00:00\" \/>\n<meta property=\"article:modified_time\" content=\"2022-12-14T11:03:10+00:00\" \/>\n<meta property=\"og:image\" content=\"https:\/\/olivamorosicristians.es\/wp-content\/uploads\/2022\/12\/255444932_3134580376771554_9217019130724238096_n.jpg\" \/>\n\t<meta property=\"og:image:width\" content=\"1564\" \/>\n\t<meta property=\"og:image:height\" content=\"1564\" \/>\n\t<meta property=\"og:image:type\" content=\"image\/jpeg\" \/>\n<meta name=\"author\" content=\"Webmaster\" \/>\n<meta name=\"twitter:card\" content=\"summary_large_image\" \/>\n<meta name=\"twitter:label1\" content=\"Escrito por\" \/>\n\t<meta name=\"twitter:data1\" content=\"Webmaster\" \/>\n\t<meta name=\"twitter:label2\" content=\"Tiempo de lectura\" \/>\n\t<meta name=\"twitter:data2\" content=\"2 minutos\" \/>\n<script type=\"application\/ld+json\" class=\"yoast-schema-graph\">{\"@context\":\"https:\\\/\\\/schema.org\",\"@graph\":[{\"@type\":\"Article\",\"@id\":\"https:\\\/\\\/olivamorosicristians.es\\\/la-federacio-de-moros-i-cristians-doliva-rep-una-subvencio-de-la-diputacio-de-valencia-per-la-realitzacio-dactes-amb-motiu-del-centenari-de-les-festes-de-moros-i-cristians-d\\\/#article\",\"isPartOf\":{\"@id\":\"https:\\\/\\\/olivamorosicristians.es\\\/la-federacio-de-moros-i-cristians-doliva-rep-una-subvencio-de-la-diputacio-de-valencia-per-la-realitzacio-dactes-amb-motiu-del-centenari-de-les-festes-de-moros-i-cristians-d\\\/\"},\"author\":{\"name\":\"Webmaster\",\"@id\":\"https:\\\/\\\/olivamorosicristians.es\\\/#\\\/schema\\\/person\\\/21ece052d8816103cad91a2676fd0149\"},\"headline\":\"La Federaci\u00f3 de Moros i Cristians d\u2019Oliva rep una subvenci\u00f3 de la Diputaci\u00f3 de Val\u00e8ncia per la realitzaci\u00f3 d\u2019actes amb motiu del Centenari de les Festes de Moros i Cristians d\u2019Oliva\",\"datePublished\":\"2022-12-14T07:51:07+00:00\",\"dateModified\":\"2022-12-14T11:03:10+00:00\",\"mainEntityOfPage\":{\"@id\":\"https:\\\/\\\/olivamorosicristians.es\\\/la-federacio-de-moros-i-cristians-doliva-rep-una-subvencio-de-la-diputacio-de-valencia-per-la-realitzacio-dactes-amb-motiu-del-centenari-de-les-festes-de-moros-i-cristians-d\\\/\"},\"wordCount\":486,\"publisher\":{\"@id\":\"https:\\\/\\\/olivamorosicristians.es\\\/#organization\"},\"image\":{\"@id\":\"https:\\\/\\\/olivamorosicristians.es\\\/la-federacio-de-moros-i-cristians-doliva-rep-una-subvencio-de-la-diputacio-de-valencia-per-la-realitzacio-dactes-amb-motiu-del-centenari-de-les-festes-de-moros-i-cristians-d\\\/#primaryimage\"},\"thumbnailUrl\":\"https:\\\/\\\/i0.wp.com\\\/olivamorosicristians.es\\\/wp-content\\\/uploads\\\/2022\\\/12\\\/255444932_3134580376771554_9217019130724238096_n.jpg?fit=1564%2C1564&ssl=1\",\"articleSection\":[\"Varis\"],\"inLanguage\":\"es\"},{\"@type\":\"WebPage\",\"@id\":\"https:\\\/\\\/olivamorosicristians.es\\\/la-federacio-de-moros-i-cristians-doliva-rep-una-subvencio-de-la-diputacio-de-valencia-per-la-realitzacio-dactes-amb-motiu-del-centenari-de-les-festes-de-moros-i-cristians-d\\\/\",\"url\":\"https:\\\/\\\/olivamorosicristians.es\\\/la-federacio-de-moros-i-cristians-doliva-rep-una-subvencio-de-la-diputacio-de-valencia-per-la-realitzacio-dactes-amb-motiu-del-centenari-de-les-festes-de-moros-i-cristians-d\\\/\",\"name\":\"La Federaci\u00f3 de Moros i Cristians d\u2019Oliva rep una subvenci\u00f3 de la Diputaci\u00f3 de Val\u00e8ncia per la realitzaci\u00f3 d\u2019actes amb motiu del Centenari de les Festes de Moros i Cristians d\u2019Oliva - Moros i Cristians Oliva\",\"isPartOf\":{\"@id\":\"https:\\\/\\\/olivamorosicristians.es\\\/#website\"},\"primaryImageOfPage\":{\"@id\":\"https:\\\/\\\/olivamorosicristians.es\\\/la-federacio-de-moros-i-cristians-doliva-rep-una-subvencio-de-la-diputacio-de-valencia-per-la-realitzacio-dactes-amb-motiu-del-centenari-de-les-festes-de-moros-i-cristians-d\\\/#primaryimage\"},\"image\":{\"@id\":\"https:\\\/\\\/olivamorosicristians.es\\\/la-federacio-de-moros-i-cristians-doliva-rep-una-subvencio-de-la-diputacio-de-valencia-per-la-realitzacio-dactes-amb-motiu-del-centenari-de-les-festes-de-moros-i-cristians-d\\\/#primaryimage\"},\"thumbnailUrl\":\"https:\\\/\\\/i0.wp.com\\\/olivamorosicristians.es\\\/wp-content\\\/uploads\\\/2022\\\/12\\\/255444932_3134580376771554_9217019130724238096_n.jpg?fit=1564%2C1564&ssl=1\",\"datePublished\":\"2022-12-14T07:51:07+00:00\",\"dateModified\":\"2022-12-14T11:03:10+00:00\",\"breadcrumb\":{\"@id\":\"https:\\\/\\\/olivamorosicristians.es\\\/la-federacio-de-moros-i-cristians-doliva-rep-una-subvencio-de-la-diputacio-de-valencia-per-la-realitzacio-dactes-amb-motiu-del-centenari-de-les-festes-de-moros-i-cristians-d\\\/#breadcrumb\"},\"inLanguage\":\"es\",\"potentialAction\":[{\"@type\":\"ReadAction\",\"target\":[\"https:\\\/\\\/olivamorosicristians.es\\\/la-federacio-de-moros-i-cristians-doliva-rep-una-subvencio-de-la-diputacio-de-valencia-per-la-realitzacio-dactes-amb-motiu-del-centenari-de-les-festes-de-moros-i-cristians-d\\\/\"]}]},{\"@type\":\"ImageObject\",\"inLanguage\":\"es\",\"@id\":\"https:\\\/\\\/olivamorosicristians.es\\\/la-federacio-de-moros-i-cristians-doliva-rep-una-subvencio-de-la-diputacio-de-valencia-per-la-realitzacio-dactes-amb-motiu-del-centenari-de-les-festes-de-moros-i-cristians-d\\\/#primaryimage\",\"url\":\"https:\\\/\\\/i0.wp.com\\\/olivamorosicristians.es\\\/wp-content\\\/uploads\\\/2022\\\/12\\\/255444932_3134580376771554_9217019130724238096_n.jpg?fit=1564%2C1564&ssl=1\",\"contentUrl\":\"https:\\\/\\\/i0.wp.com\\\/olivamorosicristians.es\\\/wp-content\\\/uploads\\\/2022\\\/12\\\/255444932_3134580376771554_9217019130724238096_n.jpg?fit=1564%2C1564&ssl=1\",\"width\":1564,\"height\":1564},{\"@type\":\"BreadcrumbList\",\"@id\":\"https:\\\/\\\/olivamorosicristians.es\\\/la-federacio-de-moros-i-cristians-doliva-rep-una-subvencio-de-la-diputacio-de-valencia-per-la-realitzacio-dactes-amb-motiu-del-centenari-de-les-festes-de-moros-i-cristians-d\\\/#breadcrumb\",\"itemListElement\":[{\"@type\":\"ListItem\",\"position\":1,\"name\":\"Portada\",\"item\":\"https:\\\/\\\/olivamorosicristians.es\\\/\"},{\"@type\":\"ListItem\",\"position\":2,\"name\":\"La Federaci\u00f3 de Moros i Cristians d\u2019Oliva rep una subvenci\u00f3 de la Diputaci\u00f3 de Val\u00e8ncia per la realitzaci\u00f3 d\u2019actes amb motiu del Centenari de les Festes de Moros i Cristians d\u2019Oliva\"}]},{\"@type\":\"WebSite\",\"@id\":\"https:\\\/\\\/olivamorosicristians.es\\\/#website\",\"url\":\"https:\\\/\\\/olivamorosicristians.es\\\/\",\"name\":\"Moros i Cristians Oliva\",\"description\":\"FMCO\",\"publisher\":{\"@id\":\"https:\\\/\\\/olivamorosicristians.es\\\/#organization\"},\"potentialAction\":[{\"@type\":\"SearchAction\",\"target\":{\"@type\":\"EntryPoint\",\"urlTemplate\":\"https:\\\/\\\/olivamorosicristians.es\\\/?s={search_term_string}\"},\"query-input\":{\"@type\":\"PropertyValueSpecification\",\"valueRequired\":true,\"valueName\":\"search_term_string\"}}],\"inLanguage\":\"es\"},{\"@type\":\"Organization\",\"@id\":\"https:\\\/\\\/olivamorosicristians.es\\\/#organization\",\"name\":\"Federaci\u00f3 de Moros i Cristians - Oliva\",\"url\":\"https:\\\/\\\/olivamorosicristians.es\\\/\",\"logo\":{\"@type\":\"ImageObject\",\"inLanguage\":\"es\",\"@id\":\"https:\\\/\\\/olivamorosicristians.es\\\/#\\\/schema\\\/logo\\\/image\\\/\",\"url\":\"https:\\\/\\\/i2.wp.com\\\/olivamorosicristians.es\\\/wp-content\\\/uploads\\\/2018\\\/06\\\/Icon_FMiCO.png?fit=50%2C50&ssl=1\",\"contentUrl\":\"https:\\\/\\\/i2.wp.com\\\/olivamorosicristians.es\\\/wp-content\\\/uploads\\\/2018\\\/06\\\/Icon_FMiCO.png?fit=50%2C50&ssl=1\",\"width\":50,\"height\":50,\"caption\":\"Federaci\u00f3 de Moros i Cristians - Oliva\"},\"image\":{\"@id\":\"https:\\\/\\\/olivamorosicristians.es\\\/#\\\/schema\\\/logo\\\/image\\\/\"},\"sameAs\":[\"https:\\\/\\\/www.facebook.com\\\/federaciodemorosicristiansdoliva\\\/\",\"https:\\\/\\\/www.instagram.com\\\/morosicristiansoliva\\\/?hl=es\"]},{\"@type\":\"Person\",\"@id\":\"https:\\\/\\\/olivamorosicristians.es\\\/#\\\/schema\\\/person\\\/21ece052d8816103cad91a2676fd0149\",\"name\":\"Webmaster\",\"image\":{\"@type\":\"ImageObject\",\"inLanguage\":\"es\",\"@id\":\"https:\\\/\\\/secure.gravatar.com\\\/avatar\\\/18de20f14d74abe0c800b423a8b0e24cae6153cb6baeb2c2df80e1cef2117e0d?s=96&d=mm&r=g\",\"url\":\"https:\\\/\\\/secure.gravatar.com\\\/avatar\\\/18de20f14d74abe0c800b423a8b0e24cae6153cb6baeb2c2df80e1cef2117e0d?s=96&d=mm&r=g\",\"contentUrl\":\"https:\\\/\\\/secure.gravatar.com\\\/avatar\\\/18de20f14d74abe0c800b423a8b0e24cae6153cb6baeb2c2df80e1cef2117e0d?s=96&d=mm&r=g\",\"caption\":\"Webmaster\"},\"sameAs\":[\"https:\\\/\\\/www.facebook.com\\\/federaciodemorosicristiansdoliva\",\"https:\\\/\\\/www.instagram.com\\\/morosicristiansoliva\\\/\"]}]}<\/script>\n<!-- \/ Yoast SEO plugin. -->","yoast_head_json":{"title":"La Federaci\u00f3 de Moros i Cristians d\u2019Oliva rep una subvenci\u00f3 de la Diputaci\u00f3 de Val\u00e8ncia per la realitzaci\u00f3 d\u2019actes amb motiu del Centenari de les Festes de Moros i Cristians d\u2019Oliva - Moros i Cristians Oliva","robots":{"index":"index","follow":"follow","max-snippet":"max-snippet:-1","max-image-preview":"max-image-preview:large","max-video-preview":"max-video-preview:-1"},"canonical":"https:\/\/olivamorosicristians.es\/es\/la-federacio-de-moros-i-cristians-doliva-rep-una-subvencio-de-la-diputacio-de-valencia-per-la-realitzacio-dactes-amb-motiu-del-centenari-de-les-festes-de-moros-i-cristians-d\/","og_locale":"es_ES","og_type":"article","og_title":"La Federaci\u00f3 de Moros i Cristians d\u2019Oliva rep una subvenci\u00f3 de la Diputaci\u00f3 de Val\u00e8ncia per la realitzaci\u00f3 d\u2019actes amb motiu del Centenari de les Festes de Moros i Cristians d\u2019Oliva - Moros i Cristians Oliva","og_description":"La Federaci\u00f3 de Moros i Cristians d\u2019Oliva ha rebut la notificaci\u00f3 de la Diputaci\u00f3 de Val\u00e8ncia en la qual s\u2019atorga a l\u2019entitat una subvenci\u00f3 de 6.000\u20ac amb motiu de la celebraci\u00f3 del Centenari de les Festes de Moros i Cristians d\u2019Oliva. La Diputaci\u00f3 ha considerat que es tracta d\u2019un projecte singular i que raons d\u2019inter\u00e8s [&hellip;]","og_url":"https:\/\/olivamorosicristians.es\/es\/la-federacio-de-moros-i-cristians-doliva-rep-una-subvencio-de-la-diputacio-de-valencia-per-la-realitzacio-dactes-amb-motiu-del-centenari-de-les-festes-de-moros-i-cristians-d\/","og_site_name":"Moros i Cristians Oliva","article_publisher":"https:\/\/www.facebook.com\/federaciodemorosicristiansdoliva\/","article_author":"https:\/\/www.facebook.com\/federaciodemorosicristiansdoliva","article_published_time":"2022-12-14T07:51:07+00:00","article_modified_time":"2022-12-14T11:03:10+00:00","og_image":[{"width":1564,"height":1564,"url":"https:\/\/olivamorosicristians.es\/wp-content\/uploads\/2022\/12\/255444932_3134580376771554_9217019130724238096_n.jpg","type":"image\/jpeg"}],"author":"Webmaster","twitter_card":"summary_large_image","twitter_misc":{"Escrito por":"Webmaster","Tiempo de lectura":"2 minutos"},"schema":{"@context":"https:\/\/schema.org","@graph":[{"@type":"Article","@id":"https:\/\/olivamorosicristians.es\/la-federacio-de-moros-i-cristians-doliva-rep-una-subvencio-de-la-diputacio-de-valencia-per-la-realitzacio-dactes-amb-motiu-del-centenari-de-les-festes-de-moros-i-cristians-d\/#article","isPartOf":{"@id":"https:\/\/olivamorosicristians.es\/la-federacio-de-moros-i-cristians-doliva-rep-una-subvencio-de-la-diputacio-de-valencia-per-la-realitzacio-dactes-amb-motiu-del-centenari-de-les-festes-de-moros-i-cristians-d\/"},"author":{"name":"Webmaster","@id":"https:\/\/olivamorosicristians.es\/#\/schema\/person\/21ece052d8816103cad91a2676fd0149"},"headline":"La Federaci\u00f3 de Moros i Cristians d\u2019Oliva rep una subvenci\u00f3 de la Diputaci\u00f3 de Val\u00e8ncia per la realitzaci\u00f3 d\u2019actes amb motiu del Centenari de les Festes de Moros i Cristians d\u2019Oliva","datePublished":"2022-12-14T07:51:07+00:00","dateModified":"2022-12-14T11:03:10+00:00","mainEntityOfPage":{"@id":"https:\/\/olivamorosicristians.es\/la-federacio-de-moros-i-cristians-doliva-rep-una-subvencio-de-la-diputacio-de-valencia-per-la-realitzacio-dactes-amb-motiu-del-centenari-de-les-festes-de-moros-i-cristians-d\/"},"wordCount":486,"publisher":{"@id":"https:\/\/olivamorosicristians.es\/#organization"},"image":{"@id":"https:\/\/olivamorosicristians.es\/la-federacio-de-moros-i-cristians-doliva-rep-una-subvencio-de-la-diputacio-de-valencia-per-la-realitzacio-dactes-amb-motiu-del-centenari-de-les-festes-de-moros-i-cristians-d\/#primaryimage"},"thumbnailUrl":"https:\/\/i0.wp.com\/olivamorosicristians.es\/wp-content\/uploads\/2022\/12\/255444932_3134580376771554_9217019130724238096_n.jpg?fit=1564%2C1564&ssl=1","articleSection":["Varis"],"inLanguage":"es"},{"@type":"WebPage","@id":"https:\/\/olivamorosicristians.es\/la-federacio-de-moros-i-cristians-doliva-rep-una-subvencio-de-la-diputacio-de-valencia-per-la-realitzacio-dactes-amb-motiu-del-centenari-de-les-festes-de-moros-i-cristians-d\/","url":"https:\/\/olivamorosicristians.es\/la-federacio-de-moros-i-cristians-doliva-rep-una-subvencio-de-la-diputacio-de-valencia-per-la-realitzacio-dactes-amb-motiu-del-centenari-de-les-festes-de-moros-i-cristians-d\/","name":"La Federaci\u00f3 de Moros i Cristians d\u2019Oliva rep una subvenci\u00f3 de la Diputaci\u00f3 de Val\u00e8ncia per la realitzaci\u00f3 d\u2019actes amb motiu del Centenari de les Festes de Moros i Cristians d\u2019Oliva - Moros i Cristians Oliva","isPartOf":{"@id":"https:\/\/olivamorosicristians.es\/#website"},"primaryImageOfPage":{"@id":"https:\/\/olivamorosicristians.es\/la-federacio-de-moros-i-cristians-doliva-rep-una-subvencio-de-la-diputacio-de-valencia-per-la-realitzacio-dactes-amb-motiu-del-centenari-de-les-festes-de-moros-i-cristians-d\/#primaryimage"},"image":{"@id":"https:\/\/olivamorosicristians.es\/la-federacio-de-moros-i-cristians-doliva-rep-una-subvencio-de-la-diputacio-de-valencia-per-la-realitzacio-dactes-amb-motiu-del-centenari-de-les-festes-de-moros-i-cristians-d\/#primaryimage"},"thumbnailUrl":"https:\/\/i0.wp.com\/olivamorosicristians.es\/wp-content\/uploads\/2022\/12\/255444932_3134580376771554_9217019130724238096_n.jpg?fit=1564%2C1564&ssl=1","datePublished":"2022-12-14T07:51:07+00:00","dateModified":"2022-12-14T11:03:10+00:00","breadcrumb":{"@id":"https:\/\/olivamorosicristians.es\/la-federacio-de-moros-i-cristians-doliva-rep-una-subvencio-de-la-diputacio-de-valencia-per-la-realitzacio-dactes-amb-motiu-del-centenari-de-les-festes-de-moros-i-cristians-d\/#breadcrumb"},"inLanguage":"es","potentialAction":[{"@type":"ReadAction","target":["https:\/\/olivamorosicristians.es\/la-federacio-de-moros-i-cristians-doliva-rep-una-subvencio-de-la-diputacio-de-valencia-per-la-realitzacio-dactes-amb-motiu-del-centenari-de-les-festes-de-moros-i-cristians-d\/"]}]},{"@type":"ImageObject","inLanguage":"es","@id":"https:\/\/olivamorosicristians.es\/la-federacio-de-moros-i-cristians-doliva-rep-una-subvencio-de-la-diputacio-de-valencia-per-la-realitzacio-dactes-amb-motiu-del-centenari-de-les-festes-de-moros-i-cristians-d\/#primaryimage","url":"https:\/\/i0.wp.com\/olivamorosicristians.es\/wp-content\/uploads\/2022\/12\/255444932_3134580376771554_9217019130724238096_n.jpg?fit=1564%2C1564&ssl=1","contentUrl":"https:\/\/i0.wp.com\/olivamorosicristians.es\/wp-content\/uploads\/2022\/12\/255444932_3134580376771554_9217019130724238096_n.jpg?fit=1564%2C1564&ssl=1","width":1564,"height":1564},{"@type":"BreadcrumbList","@id":"https:\/\/olivamorosicristians.es\/la-federacio-de-moros-i-cristians-doliva-rep-una-subvencio-de-la-diputacio-de-valencia-per-la-realitzacio-dactes-amb-motiu-del-centenari-de-les-festes-de-moros-i-cristians-d\/#breadcrumb","itemListElement":[{"@type":"ListItem","position":1,"name":"Portada","item":"https:\/\/olivamorosicristians.es\/"},{"@type":"ListItem","position":2,"name":"La Federaci\u00f3 de Moros i Cristians d\u2019Oliva rep una subvenci\u00f3 de la Diputaci\u00f3 de Val\u00e8ncia per la realitzaci\u00f3 d\u2019actes amb motiu del Centenari de les Festes de Moros i Cristians d\u2019Oliva"}]},{"@type":"WebSite","@id":"https:\/\/olivamorosicristians.es\/#website","url":"https:\/\/olivamorosicristians.es\/","name":"Moros i Cristians Oliva","description":"FMCO","publisher":{"@id":"https:\/\/olivamorosicristians.es\/#organization"},"potentialAction":[{"@type":"SearchAction","target":{"@type":"EntryPoint","urlTemplate":"https:\/\/olivamorosicristians.es\/?s={search_term_string}"},"query-input":{"@type":"PropertyValueSpecification","valueRequired":true,"valueName":"search_term_string"}}],"inLanguage":"es"},{"@type":"Organization","@id":"https:\/\/olivamorosicristians.es\/#organization","name":"La Federaci\u00f3n de Moros y Cristianos de Oliva","url":"https:\/\/olivamorosicristians.es\/","logo":{"@type":"ImageObject","inLanguage":"es","@id":"https:\/\/olivamorosicristians.es\/#\/schema\/logo\/image\/","url":"https:\/\/i2.wp.com\/olivamorosicristians.es\/wp-content\/uploads\/2018\/06\/Icon_FMiCO.png?fit=50%2C50&ssl=1","contentUrl":"https:\/\/i2.wp.com\/olivamorosicristians.es\/wp-content\/uploads\/2018\/06\/Icon_FMiCO.png?fit=50%2C50&ssl=1","width":50,"height":50,"caption":"Federaci\u00f3 de Moros i Cristians - Oliva"},"image":{"@id":"https:\/\/olivamorosicristians.es\/#\/schema\/logo\/image\/"},"sameAs":["https:\/\/www.facebook.com\/federaciodemorosicristiansdoliva\/","https:\/\/www.instagram.com\/morosicristiansoliva\/?hl=es"]},{"@type":"Person","@id":"https:\/\/olivamorosicristians.es\/#\/schema\/person\/21ece052d8816103cad91a2676fd0149","name":"Webmaster","image":{"@type":"ImageObject","inLanguage":"es","@id":"https:\/\/secure.gravatar.com\/avatar\/18de20f14d74abe0c800b423a8b0e24cae6153cb6baeb2c2df80e1cef2117e0d?s=96&d=mm&r=g","url":"https:\/\/secure.gravatar.com\/avatar\/18de20f14d74abe0c800b423a8b0e24cae6153cb6baeb2c2df80e1cef2117e0d?s=96&d=mm&r=g","contentUrl":"https:\/\/secure.gravatar.com\/avatar\/18de20f14d74abe0c800b423a8b0e24cae6153cb6baeb2c2df80e1cef2117e0d?s=96&d=mm&r=g","caption":"Webmaster"},"sameAs":["https:\/\/www.facebook.com\/federaciodemorosicristiansdoliva","https:\/\/www.instagram.com\/morosicristiansoliva\/"]}]}},"jetpack_publicize_connections":[],"jetpack_featured_media_url":"https:\/\/i0.wp.com\/olivamorosicristians.es\/wp-content\/uploads\/2022\/12\/255444932_3134580376771554_9217019130724238096_n.jpg?fit=1564%2C1564&ssl=1","jetpack_sharing_enabled":true,"jetpack_shortlink":"https:\/\/wp.me\/pagEx6-2NR","jetpack-related-posts":[],"_links":{"self":[{"href":"https:\/\/olivamorosicristians.es\/es\/wp-json\/wp\/v2\/posts\/10779","targetHints":{"allow":["GET"]}}],"collection":[{"href":"https:\/\/olivamorosicristians.es\/es\/wp-json\/wp\/v2\/posts"}],"about":[{"href":"https:\/\/olivamorosicristians.es\/es\/wp-json\/wp\/v2\/types\/post"}],"author":[{"embeddable":true,"href":"https:\/\/olivamorosicristians.es\/es\/wp-json\/wp\/v2\/users\/1"}],"replies":[{"embeddable":true,"href":"https:\/\/olivamorosicristians.es\/es\/wp-json\/wp\/v2\/comments?post=10779"}],"version-history":[{"count":3,"href":"https:\/\/olivamorosicristians.es\/es\/wp-json\/wp\/v2\/posts\/10779\/revisions"}],"predecessor-version":[{"id":10783,"href":"https:\/\/olivamorosicristians.es\/es\/wp-json\/wp\/v2\/posts\/10779\/revisions\/10783"}],"wp:featuredmedia":[{"embeddable":true,"href":"https:\/\/olivamorosicristians.es\/es\/wp-json\/wp\/v2\/media\/10780"}],"wp:attachment":[{"href":"https:\/\/olivamorosicristians.es\/es\/wp-json\/wp\/v2\/media?parent=10779"}],"wp:term":[{"taxonomy":"category","embeddable":true,"href":"https:\/\/olivamorosicristians.es\/es\/wp-json\/wp\/v2\/categories?post=10779"},{"taxonomy":"post_tag","embeddable":true,"href":"https:\/\/olivamorosicristians.es\/es\/wp-json\/wp\/v2\/tags?post=10779"}],"curies":[{"name":"wp","href":"https:\/\/api.w.org\/{rel}","templated":true}]}}