{"id":10772,"date":"2022-12-07T15:19:51","date_gmt":"2022-12-07T13:19:51","guid":{"rendered":"https:\/\/olivamorosicristians.es\/?p=10772"},"modified":"2022-12-07T15:54:19","modified_gmt":"2022-12-07T13:54:19","slug":"oscar-prieto-renova-com-a-president-de-la-federacio-de-moros-i-cristians-doliva-per-a-tres-anys-mes","status":"publish","type":"post","link":"https:\/\/olivamorosicristians.es\/es\/oscar-prieto-renova-com-a-president-de-la-federacio-de-moros-i-cristians-doliva-per-a-tres-anys-mes\/","title":{"rendered":"\u00d3scar Prieto renova com a President de la Federaci\u00f3 de Moros i Cristians d\u2019Oliva per a tres anys m\u00e9s"},"content":{"rendered":"<p>\u00d3scar Prieto Ramos, membre de la Fil\u00e0 Mosqueters d\u2019Oliva, renova com a president de la Federaci\u00f3 de Moros i Cristians d\u2019Oliva per a 3 anys m\u00e9s, despr\u00e9s de rebre el suport un\u00e0nime de l\u2019assemblea de compromissaris dels Moros i Cristians d\u2019Oliva.<\/p>\n\n\n\n<p>Les eleccions es van celebrar el diumenge 27 de novembre de 2022 i van exercir el seu vot 117 compromissaris, delegats de les 11 filades d\u2019Oliva, votant tots favorablement a la candidatura de Prieto.<\/p>\n\n\n\n<p>La Junta Directiva que acompanyar\u00e0 a Prieto \u00e9s, pr\u00e0cticament, la mateixa que l\u2019ha acompanyat els darrers anys de mandat: Diego Mestre (Fil\u00e0 Tuareg), Nadia G\u00f3mez (Fil\u00e0 Mud\u00e8jars), Paco Savall, Mario Aparicio i Toni Alemany (Fil\u00e0 Taifes), Vicent Llorca (Fil\u00e0 Masers), Luis Terrados (Fil\u00e0 Contrabandistes), Salva Frasquet (Fil\u00e0 Almor\u00e0vits), David Blasco (Fil\u00e0 Jaume I), Jorge Amor (Fil\u00e0 Moriscos), Helena Ma\u00f1\u00f3 i Joan Mata (Fil\u00e0 Marr\u00e0queix), i la nova incorporaci\u00f3, Nacho Pastor (Fil\u00e0 Pirates).<\/p>\n\n\n\n<p>Prieto ha unit un grup molt divers i representatiu de les filades de la ciutat. Un grup molt jove per\u00f2 que acumula experi\u00e8ncia en la gesti\u00f3 de la festa, tant en les seues filades com en la Federaci\u00f3 de Moros i Cristians d\u2019Oliva.<\/p>\n\n\n\n<p>Aquest equip, que va gestionar la festa durant la pand\u00e8mia, posant l\u2019accent en la seua vessant cultural per mantenir viu l\u2019entusiasme i aprofitant la parada per aprofundir en les arrels hist\u00f2riques de les celebracions de Moros i Cristians a la ciutat, vol continuar construint el futur de la festa sobre aquest ciments.<\/p>\n\n\n\n<p>L\u2019actual junta de la FMiCO proposa ampliar el nombre d\u2019actes oficials durant l\u2019exercici fester, consolidant la presentaci\u00f3 del llibre; millorar la representaci\u00f3 del Desembarcament i la Reconquesta, i potenciar la imatge i pres\u00e8ncia p\u00fablica dels Moros i Cristians d\u2019Oliva a tot el territori valenci\u00e0.<\/p>\n\n\n\n<p>A m\u00e9s, es continuar\u00e0 amb l\u2019estudi hist\u00f2ric de la festa, que es preveu que conclour\u00e0 per al Mig Any de 2025, any que es celebrar\u00e0 el 50 aniversari de l\u2019actual etapa festera, dins aquest marc de les commemoracions del centenari de les primeres celebracions de Moros i Cristians a Oliva (1921-2021) i cinquantenari de les festes actuals (1975-2025), recollint tamb\u00e9 documentaci\u00f3 i arxius de la coneguda com segona etapa (1950-1956).<\/p>\n\n\n\n<p><strong>\u00d3scar Prieto, president FMICO: <\/strong><em>\u201cTenim molta feina per davant i un gran entusiasme per afrontar tot el que estem proposant-nos. Hem gestionat temps dif\u00edcils, en els quals el repte era mantenir, consolidar i refor\u00e7ar. En aquesta nova etapa l\u2019objectiu ha de ser cr\u00e9ixer sobre la base s\u00f2lida que est\u00e0 consolidant-se, i hi ha les possibilitats i instruments per donar un plus a la nostra Festa i fer-la cr\u00e9ixer m\u00e9s encara\u201d<\/em><strong>.<\/strong><\/p>","protected":false},"excerpt":{"rendered":"<p>\u00d3scar Prieto Ramos, membre de la Fil\u00e0 Mosqueters d\u2019Oliva, renova com a president de la Federaci\u00f3 de Moros i Cristians d\u2019Oliva per a 3 anys m\u00e9s, despr\u00e9s de rebre el suport un\u00e0nime de l\u2019assemblea de compromissaris dels Moros i Cristians d\u2019Oliva. Les eleccions es van celebrar el diumenge 27 de novembre de 2022 i van [&hellip;]<\/p>\n","protected":false},"author":1,"featured_media":10774,"comment_status":"closed","ping_status":"open","sticky":false,"template":"","format":"standard","meta":{"jetpack_post_was_ever_published":false,"_jetpack_newsletter_access":"","_jetpack_dont_email_post_to_subs":false,"_jetpack_newsletter_tier_id":0,"_jetpack_memberships_contains_paywalled_content":false,"_jetpack_memberships_contains_paid_content":false,"footnotes":"","jetpack_publicize_message":"","jetpack_publicize_feature_enabled":true,"jetpack_social_post_already_shared":true,"jetpack_social_options":{"image_generator_settings":{"template":"highway","default_image_id":0,"font":"","enabled":false},"version":2}},"categories":[1],"tags":[],"class_list":["post-10772","post","type-post","status-publish","format-standard","has-post-thumbnail","hentry","category-varis"],"yoast_head":"<!-- This site is optimized with the Yoast SEO plugin v27.4 - https:\/\/yoast.com\/product\/yoast-seo-wordpress\/ -->\n<title>\u00d3scar Prieto renova com a President de la Federaci\u00f3 de Moros i Cristians d\u2019Oliva per a tres anys m\u00e9s - Moros i Cristians Oliva<\/title>\n<meta name=\"robots\" content=\"index, follow, max-snippet:-1, max-image-preview:large, max-video-preview:-1\" \/>\n<link rel=\"canonical\" href=\"https:\/\/olivamorosicristians.es\/es\/oscar-prieto-renova-com-a-president-de-la-federacio-de-moros-i-cristians-doliva-per-a-tres-anys-mes\/\" \/>\n<meta property=\"og:locale\" content=\"es_ES\" \/>\n<meta property=\"og:type\" content=\"article\" \/>\n<meta property=\"og:title\" content=\"\u00d3scar Prieto renova com a President de la Federaci\u00f3 de Moros i Cristians d\u2019Oliva per a tres anys m\u00e9s - Moros i Cristians Oliva\" \/>\n<meta property=\"og:description\" content=\"\u00d3scar Prieto Ramos, membre de la Fil\u00e0 Mosqueters d\u2019Oliva, renova com a president de la Federaci\u00f3 de Moros i Cristians d\u2019Oliva per a 3 anys m\u00e9s, despr\u00e9s de rebre el suport un\u00e0nime de l\u2019assemblea de compromissaris dels Moros i Cristians d\u2019Oliva. Les eleccions es van celebrar el diumenge 27 de novembre de 2022 i van [&hellip;]\" \/>\n<meta property=\"og:url\" content=\"https:\/\/olivamorosicristians.es\/es\/oscar-prieto-renova-com-a-president-de-la-federacio-de-moros-i-cristians-doliva-per-a-tres-anys-mes\/\" \/>\n<meta property=\"og:site_name\" content=\"Moros i Cristians Oliva\" \/>\n<meta property=\"article:publisher\" content=\"https:\/\/www.facebook.com\/federaciodemorosicristiansdoliva\/\" \/>\n<meta property=\"article:author\" content=\"https:\/\/www.facebook.com\/federaciodemorosicristiansdoliva\" \/>\n<meta property=\"article:published_time\" content=\"2022-12-07T13:19:51+00:00\" \/>\n<meta property=\"article:modified_time\" content=\"2022-12-07T13:54:19+00:00\" \/>\n<meta property=\"og:image\" content=\"https:\/\/olivamorosicristians.es\/wp-content\/uploads\/2022\/12\/Oscar-Prieto.webp\" \/>\n\t<meta property=\"og:image:width\" content=\"600\" \/>\n\t<meta property=\"og:image:height\" content=\"800\" \/>\n\t<meta property=\"og:image:type\" content=\"image\/webp\" \/>\n<meta name=\"author\" content=\"Webmaster\" \/>\n<meta name=\"twitter:card\" content=\"summary_large_image\" \/>\n<meta name=\"twitter:label1\" content=\"Escrito por\" \/>\n\t<meta name=\"twitter:data1\" content=\"Webmaster\" \/>\n\t<meta name=\"twitter:label2\" content=\"Tiempo de lectura\" \/>\n\t<meta name=\"twitter:data2\" content=\"2 minutos\" \/>\n<script type=\"application\/ld+json\" class=\"yoast-schema-graph\">{\"@context\":\"https:\\\/\\\/schema.org\",\"@graph\":[{\"@type\":\"Article\",\"@id\":\"https:\\\/\\\/olivamorosicristians.es\\\/oscar-prieto-renova-com-a-president-de-la-federacio-de-moros-i-cristians-doliva-per-a-tres-anys-mes\\\/#article\",\"isPartOf\":{\"@id\":\"https:\\\/\\\/olivamorosicristians.es\\\/oscar-prieto-renova-com-a-president-de-la-federacio-de-moros-i-cristians-doliva-per-a-tres-anys-mes\\\/\"},\"author\":{\"name\":\"Webmaster\",\"@id\":\"https:\\\/\\\/olivamorosicristians.es\\\/#\\\/schema\\\/person\\\/21ece052d8816103cad91a2676fd0149\"},\"headline\":\"\u00d3scar Prieto renova com a President de la Federaci\u00f3 de Moros i Cristians d\u2019Oliva per a tres anys m\u00e9s\",\"datePublished\":\"2022-12-07T13:19:51+00:00\",\"dateModified\":\"2022-12-07T13:54:19+00:00\",\"mainEntityOfPage\":{\"@id\":\"https:\\\/\\\/olivamorosicristians.es\\\/oscar-prieto-renova-com-a-president-de-la-federacio-de-moros-i-cristians-doliva-per-a-tres-anys-mes\\\/\"},\"wordCount\":477,\"publisher\":{\"@id\":\"https:\\\/\\\/olivamorosicristians.es\\\/#organization\"},\"image\":{\"@id\":\"https:\\\/\\\/olivamorosicristians.es\\\/oscar-prieto-renova-com-a-president-de-la-federacio-de-moros-i-cristians-doliva-per-a-tres-anys-mes\\\/#primaryimage\"},\"thumbnailUrl\":\"https:\\\/\\\/i0.wp.com\\\/olivamorosicristians.es\\\/wp-content\\\/uploads\\\/2022\\\/12\\\/Oscar-Prieto.webp?fit=600%2C800&ssl=1\",\"articleSection\":[\"Varis\"],\"inLanguage\":\"es\"},{\"@type\":\"WebPage\",\"@id\":\"https:\\\/\\\/olivamorosicristians.es\\\/oscar-prieto-renova-com-a-president-de-la-federacio-de-moros-i-cristians-doliva-per-a-tres-anys-mes\\\/\",\"url\":\"https:\\\/\\\/olivamorosicristians.es\\\/oscar-prieto-renova-com-a-president-de-la-federacio-de-moros-i-cristians-doliva-per-a-tres-anys-mes\\\/\",\"name\":\"\u00d3scar Prieto renova com a President de la Federaci\u00f3 de Moros i Cristians d\u2019Oliva per a tres anys m\u00e9s - Moros i Cristians Oliva\",\"isPartOf\":{\"@id\":\"https:\\\/\\\/olivamorosicristians.es\\\/#website\"},\"primaryImageOfPage\":{\"@id\":\"https:\\\/\\\/olivamorosicristians.es\\\/oscar-prieto-renova-com-a-president-de-la-federacio-de-moros-i-cristians-doliva-per-a-tres-anys-mes\\\/#primaryimage\"},\"image\":{\"@id\":\"https:\\\/\\\/olivamorosicristians.es\\\/oscar-prieto-renova-com-a-president-de-la-federacio-de-moros-i-cristians-doliva-per-a-tres-anys-mes\\\/#primaryimage\"},\"thumbnailUrl\":\"https:\\\/\\\/i0.wp.com\\\/olivamorosicristians.es\\\/wp-content\\\/uploads\\\/2022\\\/12\\\/Oscar-Prieto.webp?fit=600%2C800&ssl=1\",\"datePublished\":\"2022-12-07T13:19:51+00:00\",\"dateModified\":\"2022-12-07T13:54:19+00:00\",\"breadcrumb\":{\"@id\":\"https:\\\/\\\/olivamorosicristians.es\\\/oscar-prieto-renova-com-a-president-de-la-federacio-de-moros-i-cristians-doliva-per-a-tres-anys-mes\\\/#breadcrumb\"},\"inLanguage\":\"es\",\"potentialAction\":[{\"@type\":\"ReadAction\",\"target\":[\"https:\\\/\\\/olivamorosicristians.es\\\/oscar-prieto-renova-com-a-president-de-la-federacio-de-moros-i-cristians-doliva-per-a-tres-anys-mes\\\/\"]}]},{\"@type\":\"ImageObject\",\"inLanguage\":\"es\",\"@id\":\"https:\\\/\\\/olivamorosicristians.es\\\/oscar-prieto-renova-com-a-president-de-la-federacio-de-moros-i-cristians-doliva-per-a-tres-anys-mes\\\/#primaryimage\",\"url\":\"https:\\\/\\\/i0.wp.com\\\/olivamorosicristians.es\\\/wp-content\\\/uploads\\\/2022\\\/12\\\/Oscar-Prieto.webp?fit=600%2C800&ssl=1\",\"contentUrl\":\"https:\\\/\\\/i0.wp.com\\\/olivamorosicristians.es\\\/wp-content\\\/uploads\\\/2022\\\/12\\\/Oscar-Prieto.webp?fit=600%2C800&ssl=1\",\"width\":600,\"height\":800},{\"@type\":\"BreadcrumbList\",\"@id\":\"https:\\\/\\\/olivamorosicristians.es\\\/oscar-prieto-renova-com-a-president-de-la-federacio-de-moros-i-cristians-doliva-per-a-tres-anys-mes\\\/#breadcrumb\",\"itemListElement\":[{\"@type\":\"ListItem\",\"position\":1,\"name\":\"Portada\",\"item\":\"https:\\\/\\\/olivamorosicristians.es\\\/\"},{\"@type\":\"ListItem\",\"position\":2,\"name\":\"\u00d3scar Prieto renova com a President de la Federaci\u00f3 de Moros i Cristians d\u2019Oliva per a tres anys m\u00e9s\"}]},{\"@type\":\"WebSite\",\"@id\":\"https:\\\/\\\/olivamorosicristians.es\\\/#website\",\"url\":\"https:\\\/\\\/olivamorosicristians.es\\\/\",\"name\":\"Moros i Cristians Oliva\",\"description\":\"FMCO\",\"publisher\":{\"@id\":\"https:\\\/\\\/olivamorosicristians.es\\\/#organization\"},\"potentialAction\":[{\"@type\":\"SearchAction\",\"target\":{\"@type\":\"EntryPoint\",\"urlTemplate\":\"https:\\\/\\\/olivamorosicristians.es\\\/?s={search_term_string}\"},\"query-input\":{\"@type\":\"PropertyValueSpecification\",\"valueRequired\":true,\"valueName\":\"search_term_string\"}}],\"inLanguage\":\"es\"},{\"@type\":\"Organization\",\"@id\":\"https:\\\/\\\/olivamorosicristians.es\\\/#organization\",\"name\":\"Federaci\u00f3 de Moros i Cristians - Oliva\",\"url\":\"https:\\\/\\\/olivamorosicristians.es\\\/\",\"logo\":{\"@type\":\"ImageObject\",\"inLanguage\":\"es\",\"@id\":\"https:\\\/\\\/olivamorosicristians.es\\\/#\\\/schema\\\/logo\\\/image\\\/\",\"url\":\"https:\\\/\\\/i2.wp.com\\\/olivamorosicristians.es\\\/wp-content\\\/uploads\\\/2018\\\/06\\\/Icon_FMiCO.png?fit=50%2C50&ssl=1\",\"contentUrl\":\"https:\\\/\\\/i2.wp.com\\\/olivamorosicristians.es\\\/wp-content\\\/uploads\\\/2018\\\/06\\\/Icon_FMiCO.png?fit=50%2C50&ssl=1\",\"width\":50,\"height\":50,\"caption\":\"Federaci\u00f3 de Moros i Cristians - Oliva\"},\"image\":{\"@id\":\"https:\\\/\\\/olivamorosicristians.es\\\/#\\\/schema\\\/logo\\\/image\\\/\"},\"sameAs\":[\"https:\\\/\\\/www.facebook.com\\\/federaciodemorosicristiansdoliva\\\/\",\"https:\\\/\\\/www.instagram.com\\\/morosicristiansoliva\\\/?hl=es\"]},{\"@type\":\"Person\",\"@id\":\"https:\\\/\\\/olivamorosicristians.es\\\/#\\\/schema\\\/person\\\/21ece052d8816103cad91a2676fd0149\",\"name\":\"Webmaster\",\"image\":{\"@type\":\"ImageObject\",\"inLanguage\":\"es\",\"@id\":\"https:\\\/\\\/secure.gravatar.com\\\/avatar\\\/18de20f14d74abe0c800b423a8b0e24cae6153cb6baeb2c2df80e1cef2117e0d?s=96&d=mm&r=g\",\"url\":\"https:\\\/\\\/secure.gravatar.com\\\/avatar\\\/18de20f14d74abe0c800b423a8b0e24cae6153cb6baeb2c2df80e1cef2117e0d?s=96&d=mm&r=g\",\"contentUrl\":\"https:\\\/\\\/secure.gravatar.com\\\/avatar\\\/18de20f14d74abe0c800b423a8b0e24cae6153cb6baeb2c2df80e1cef2117e0d?s=96&d=mm&r=g\",\"caption\":\"Webmaster\"},\"sameAs\":[\"https:\\\/\\\/www.facebook.com\\\/federaciodemorosicristiansdoliva\",\"https:\\\/\\\/www.instagram.com\\\/morosicristiansoliva\\\/\"]}]}<\/script>\n<!-- \/ Yoast SEO plugin. -->","yoast_head_json":{"title":"\u00d3scar Prieto renova com a President de la Federaci\u00f3 de Moros i Cristians d\u2019Oliva per a tres anys m\u00e9s - Moros i Cristians Oliva","robots":{"index":"index","follow":"follow","max-snippet":"max-snippet:-1","max-image-preview":"max-image-preview:large","max-video-preview":"max-video-preview:-1"},"canonical":"https:\/\/olivamorosicristians.es\/es\/oscar-prieto-renova-com-a-president-de-la-federacio-de-moros-i-cristians-doliva-per-a-tres-anys-mes\/","og_locale":"es_ES","og_type":"article","og_title":"\u00d3scar Prieto renova com a President de la Federaci\u00f3 de Moros i Cristians d\u2019Oliva per a tres anys m\u00e9s - Moros i Cristians Oliva","og_description":"\u00d3scar Prieto Ramos, membre de la Fil\u00e0 Mosqueters d\u2019Oliva, renova com a president de la Federaci\u00f3 de Moros i Cristians d\u2019Oliva per a 3 anys m\u00e9s, despr\u00e9s de rebre el suport un\u00e0nime de l\u2019assemblea de compromissaris dels Moros i Cristians d\u2019Oliva. Les eleccions es van celebrar el diumenge 27 de novembre de 2022 i van [&hellip;]","og_url":"https:\/\/olivamorosicristians.es\/es\/oscar-prieto-renova-com-a-president-de-la-federacio-de-moros-i-cristians-doliva-per-a-tres-anys-mes\/","og_site_name":"Moros i Cristians Oliva","article_publisher":"https:\/\/www.facebook.com\/federaciodemorosicristiansdoliva\/","article_author":"https:\/\/www.facebook.com\/federaciodemorosicristiansdoliva","article_published_time":"2022-12-07T13:19:51+00:00","article_modified_time":"2022-12-07T13:54:19+00:00","og_image":[{"width":600,"height":800,"url":"https:\/\/olivamorosicristians.es\/wp-content\/uploads\/2022\/12\/Oscar-Prieto.webp","type":"image\/webp"}],"author":"Webmaster","twitter_card":"summary_large_image","twitter_misc":{"Escrito por":"Webmaster","Tiempo de lectura":"2 minutos"},"schema":{"@context":"https:\/\/schema.org","@graph":[{"@type":"Article","@id":"https:\/\/olivamorosicristians.es\/oscar-prieto-renova-com-a-president-de-la-federacio-de-moros-i-cristians-doliva-per-a-tres-anys-mes\/#article","isPartOf":{"@id":"https:\/\/olivamorosicristians.es\/oscar-prieto-renova-com-a-president-de-la-federacio-de-moros-i-cristians-doliva-per-a-tres-anys-mes\/"},"author":{"name":"Webmaster","@id":"https:\/\/olivamorosicristians.es\/#\/schema\/person\/21ece052d8816103cad91a2676fd0149"},"headline":"\u00d3scar Prieto renova com a President de la Federaci\u00f3 de Moros i Cristians d\u2019Oliva per a tres anys m\u00e9s","datePublished":"2022-12-07T13:19:51+00:00","dateModified":"2022-12-07T13:54:19+00:00","mainEntityOfPage":{"@id":"https:\/\/olivamorosicristians.es\/oscar-prieto-renova-com-a-president-de-la-federacio-de-moros-i-cristians-doliva-per-a-tres-anys-mes\/"},"wordCount":477,"publisher":{"@id":"https:\/\/olivamorosicristians.es\/#organization"},"image":{"@id":"https:\/\/olivamorosicristians.es\/oscar-prieto-renova-com-a-president-de-la-federacio-de-moros-i-cristians-doliva-per-a-tres-anys-mes\/#primaryimage"},"thumbnailUrl":"https:\/\/i0.wp.com\/olivamorosicristians.es\/wp-content\/uploads\/2022\/12\/Oscar-Prieto.webp?fit=600%2C800&ssl=1","articleSection":["Varis"],"inLanguage":"es"},{"@type":"WebPage","@id":"https:\/\/olivamorosicristians.es\/oscar-prieto-renova-com-a-president-de-la-federacio-de-moros-i-cristians-doliva-per-a-tres-anys-mes\/","url":"https:\/\/olivamorosicristians.es\/oscar-prieto-renova-com-a-president-de-la-federacio-de-moros-i-cristians-doliva-per-a-tres-anys-mes\/","name":"\u00d3scar Prieto renova com a President de la Federaci\u00f3 de Moros i Cristians d\u2019Oliva per a tres anys m\u00e9s - Moros i Cristians Oliva","isPartOf":{"@id":"https:\/\/olivamorosicristians.es\/#website"},"primaryImageOfPage":{"@id":"https:\/\/olivamorosicristians.es\/oscar-prieto-renova-com-a-president-de-la-federacio-de-moros-i-cristians-doliva-per-a-tres-anys-mes\/#primaryimage"},"image":{"@id":"https:\/\/olivamorosicristians.es\/oscar-prieto-renova-com-a-president-de-la-federacio-de-moros-i-cristians-doliva-per-a-tres-anys-mes\/#primaryimage"},"thumbnailUrl":"https:\/\/i0.wp.com\/olivamorosicristians.es\/wp-content\/uploads\/2022\/12\/Oscar-Prieto.webp?fit=600%2C800&ssl=1","datePublished":"2022-12-07T13:19:51+00:00","dateModified":"2022-12-07T13:54:19+00:00","breadcrumb":{"@id":"https:\/\/olivamorosicristians.es\/oscar-prieto-renova-com-a-president-de-la-federacio-de-moros-i-cristians-doliva-per-a-tres-anys-mes\/#breadcrumb"},"inLanguage":"es","potentialAction":[{"@type":"ReadAction","target":["https:\/\/olivamorosicristians.es\/oscar-prieto-renova-com-a-president-de-la-federacio-de-moros-i-cristians-doliva-per-a-tres-anys-mes\/"]}]},{"@type":"ImageObject","inLanguage":"es","@id":"https:\/\/olivamorosicristians.es\/oscar-prieto-renova-com-a-president-de-la-federacio-de-moros-i-cristians-doliva-per-a-tres-anys-mes\/#primaryimage","url":"https:\/\/i0.wp.com\/olivamorosicristians.es\/wp-content\/uploads\/2022\/12\/Oscar-Prieto.webp?fit=600%2C800&ssl=1","contentUrl":"https:\/\/i0.wp.com\/olivamorosicristians.es\/wp-content\/uploads\/2022\/12\/Oscar-Prieto.webp?fit=600%2C800&ssl=1","width":600,"height":800},{"@type":"BreadcrumbList","@id":"https:\/\/olivamorosicristians.es\/oscar-prieto-renova-com-a-president-de-la-federacio-de-moros-i-cristians-doliva-per-a-tres-anys-mes\/#breadcrumb","itemListElement":[{"@type":"ListItem","position":1,"name":"Portada","item":"https:\/\/olivamorosicristians.es\/"},{"@type":"ListItem","position":2,"name":"\u00d3scar Prieto renova com a President de la Federaci\u00f3 de Moros i Cristians d\u2019Oliva per a tres anys m\u00e9s"}]},{"@type":"WebSite","@id":"https:\/\/olivamorosicristians.es\/#website","url":"https:\/\/olivamorosicristians.es\/","name":"Moros i Cristians Oliva","description":"FMCO","publisher":{"@id":"https:\/\/olivamorosicristians.es\/#organization"},"potentialAction":[{"@type":"SearchAction","target":{"@type":"EntryPoint","urlTemplate":"https:\/\/olivamorosicristians.es\/?s={search_term_string}"},"query-input":{"@type":"PropertyValueSpecification","valueRequired":true,"valueName":"search_term_string"}}],"inLanguage":"es"},{"@type":"Organization","@id":"https:\/\/olivamorosicristians.es\/#organization","name":"La Federaci\u00f3n de Moros y Cristianos de Oliva","url":"https:\/\/olivamorosicristians.es\/","logo":{"@type":"ImageObject","inLanguage":"es","@id":"https:\/\/olivamorosicristians.es\/#\/schema\/logo\/image\/","url":"https:\/\/i2.wp.com\/olivamorosicristians.es\/wp-content\/uploads\/2018\/06\/Icon_FMiCO.png?fit=50%2C50&ssl=1","contentUrl":"https:\/\/i2.wp.com\/olivamorosicristians.es\/wp-content\/uploads\/2018\/06\/Icon_FMiCO.png?fit=50%2C50&ssl=1","width":50,"height":50,"caption":"Federaci\u00f3 de Moros i Cristians - Oliva"},"image":{"@id":"https:\/\/olivamorosicristians.es\/#\/schema\/logo\/image\/"},"sameAs":["https:\/\/www.facebook.com\/federaciodemorosicristiansdoliva\/","https:\/\/www.instagram.com\/morosicristiansoliva\/?hl=es"]},{"@type":"Person","@id":"https:\/\/olivamorosicristians.es\/#\/schema\/person\/21ece052d8816103cad91a2676fd0149","name":"Webmaster","image":{"@type":"ImageObject","inLanguage":"es","@id":"https:\/\/secure.gravatar.com\/avatar\/18de20f14d74abe0c800b423a8b0e24cae6153cb6baeb2c2df80e1cef2117e0d?s=96&d=mm&r=g","url":"https:\/\/secure.gravatar.com\/avatar\/18de20f14d74abe0c800b423a8b0e24cae6153cb6baeb2c2df80e1cef2117e0d?s=96&d=mm&r=g","contentUrl":"https:\/\/secure.gravatar.com\/avatar\/18de20f14d74abe0c800b423a8b0e24cae6153cb6baeb2c2df80e1cef2117e0d?s=96&d=mm&r=g","caption":"Webmaster"},"sameAs":["https:\/\/www.facebook.com\/federaciodemorosicristiansdoliva","https:\/\/www.instagram.com\/morosicristiansoliva\/"]}]}},"jetpack_publicize_connections":[],"jetpack_featured_media_url":"https:\/\/i0.wp.com\/olivamorosicristians.es\/wp-content\/uploads\/2022\/12\/Oscar-Prieto.webp?fit=600%2C800&ssl=1","jetpack_sharing_enabled":true,"jetpack_shortlink":"https:\/\/wp.me\/pagEx6-2NK","jetpack-related-posts":[],"_links":{"self":[{"href":"https:\/\/olivamorosicristians.es\/es\/wp-json\/wp\/v2\/posts\/10772","targetHints":{"allow":["GET"]}}],"collection":[{"href":"https:\/\/olivamorosicristians.es\/es\/wp-json\/wp\/v2\/posts"}],"about":[{"href":"https:\/\/olivamorosicristians.es\/es\/wp-json\/wp\/v2\/types\/post"}],"author":[{"embeddable":true,"href":"https:\/\/olivamorosicristians.es\/es\/wp-json\/wp\/v2\/users\/1"}],"replies":[{"embeddable":true,"href":"https:\/\/olivamorosicristians.es\/es\/wp-json\/wp\/v2\/comments?post=10772"}],"version-history":[{"count":3,"href":"https:\/\/olivamorosicristians.es\/es\/wp-json\/wp\/v2\/posts\/10772\/revisions"}],"predecessor-version":[{"id":10778,"href":"https:\/\/olivamorosicristians.es\/es\/wp-json\/wp\/v2\/posts\/10772\/revisions\/10778"}],"wp:featuredmedia":[{"embeddable":true,"href":"https:\/\/olivamorosicristians.es\/es\/wp-json\/wp\/v2\/media\/10774"}],"wp:attachment":[{"href":"https:\/\/olivamorosicristians.es\/es\/wp-json\/wp\/v2\/media?parent=10772"}],"wp:term":[{"taxonomy":"category","embeddable":true,"href":"https:\/\/olivamorosicristians.es\/es\/wp-json\/wp\/v2\/categories?post=10772"},{"taxonomy":"post_tag","embeddable":true,"href":"https:\/\/olivamorosicristians.es\/es\/wp-json\/wp\/v2\/tags?post=10772"}],"curies":[{"name":"wp","href":"https:\/\/api.w.org\/{rel}","templated":true}]}}