{"id":10753,"date":"2022-09-05T12:34:59","date_gmt":"2022-09-05T10:34:59","guid":{"rendered":"https:\/\/olivamorosicristians.es\/?p=10753"},"modified":"2022-09-05T12:40:53","modified_gmt":"2022-09-05T10:40:53","slug":"trobada-de-capitanes-i-capitans-de-la-festa-doliva","status":"publish","type":"post","link":"https:\/\/olivamorosicristians.es\/es\/trobada-de-capitanes-i-capitans-de-la-festa-doliva\/","title":{"rendered":"Trobada de capitanes i capitans de la Festa d\u2019Oliva"},"content":{"rendered":"<p>Cr\u00f2nica de la trobada realitzada pels participants<\/p>\n\n\n\n<p>Les Festes de Moros i Cristians de 2022 han sigut les de la represa de la normalitat festiva. Es palpava en l\u2019ambient la gana festera que hav\u00edem contingut durant dos anys.<\/p>\n\n\n\n<p>El primer dia de festes, en el transcurs de l\u2019entradeta informal, van coincidir tres o quatre persones que hav\u00edem exercit en el seu dia el c\u00e0rrec de capit\u00e0; durant la conversa sobre l\u2019\u00e0nsia que hav\u00edem amagat durant aquestos anys, naix la idea d\u2019ajuntar-nos un dia a fer un dinar, xarrar d\u2019all\u00f2 que ens apassiona, i passar-ho b\u00e9.<\/p>\n\n\n\n<p>Per\u00f2 s\u2019havia de materialitzar; lluny de diluir-se, la persist\u00e8ncia i insist\u00e8ncia fa crear un grup de WhastApp que creix dia a dia, amb incorporacions de persones que han exercit el c\u00e0rrec, i d\u2019una paella inicial per a un grupet, la idea creix i s\u2019ha de buscar un lloc on fer la trobada festiva; i qu\u00e8 hem de fer? Naturalment, posar m\u00fasica en directe.<\/p>\n\n\n\n<p>El dia 4 de setembre va ser el dia elegit. El lloc de trobada el Restaurant Kiko Port. La m\u00fasica de la XeQuin. La gana de festa i de passar-ho b\u00e9 la pos\u00e0vem nosaltres mateix.<\/p>\n\n\n\n<p>A poc a poc la llista de comensals arriba a m\u00e9s de 40 persones, que arribat el dia i en trobar-nos ja comencen les encaixades, les abra\u00e7ades, l\u2019alegria de trobar-nos, i especialment algunes de les persones que van exercir c\u00e0rrec en la d\u00e8cada dels 80, i que encara conserven el record d\u2019aquelles primeres capitanies. Tot un plaer de trobada. Despr\u00e9s de dinar, no podia faltar la nostra m\u00fasica, i la formaci\u00f3 d\u2019esquadres, en les quals va participar tamb\u00e9 alguna persona que at\u00f2nitament ens mirava.<\/p>\n\n\n\n<p>Un dia molt gran per al record, un dia de molta festa, i totes les persones que hi vam assistir, contentes i felices, i amb gana de repetir la trobada, i potser, en un futur, ampliar als c\u00e0rrecs que ens han acompanyat, les ambaixadores i ambaixadors.<\/p>\n\n\n\n<p>Endavant els c\u00e0rrecs de la Festa de Moros i Cristians d\u2019Oliva!<\/p>\n\n\n\n<figure class=\"wp-block-image size-large\"><img data-recalc-dims=\"1\" loading=\"lazy\" decoding=\"async\" width=\"1024\" height=\"576\" data-attachment-id=\"10755\" data-permalink=\"https:\/\/olivamorosicristians.es\/es\/trobada-de-capitanes-i-capitans-de-la-festa-doliva\/dones-capitanes-en-la-trobada\/\" data-orig-file=\"https:\/\/i0.wp.com\/olivamorosicristians.es\/wp-content\/uploads\/2022\/09\/Dones-capitanes-en-la-trobada-scaled.jpeg?fit=2560%2C1440&amp;ssl=1\" data-orig-size=\"2560,1440\" data-comments-opened=\"0\" data-image-meta=\"{&quot;aperture&quot;:&quot;1.6&quot;,&quot;credit&quot;:&quot;&quot;,&quot;camera&quot;:&quot;iPhone 12&quot;,&quot;caption&quot;:&quot;&quot;,&quot;created_timestamp&quot;:&quot;1662305665&quot;,&quot;copyright&quot;:&quot;&quot;,&quot;focal_length&quot;:&quot;4.2&quot;,&quot;iso&quot;:&quot;32&quot;,&quot;shutter_speed&quot;:&quot;0.0020161290322581&quot;,&quot;title&quot;:&quot;&quot;,&quot;orientation&quot;:&quot;1&quot;}\" data-image-title=\"Dones-capitanes-en-la-trobada\" data-image-description=\"\" data-image-caption=\"\" data-large-file=\"https:\/\/i0.wp.com\/olivamorosicristians.es\/wp-content\/uploads\/2022\/09\/Dones-capitanes-en-la-trobada-scaled.jpeg?fit=1024%2C576&amp;ssl=1\" src=\"https:\/\/i0.wp.com\/olivamorosicristians.es\/wp-content\/uploads\/2022\/09\/Dones-capitanes-en-la-trobada.jpeg?resize=1024%2C576&#038;ssl=1\" alt=\"\" class=\"wp-image-10755\" srcset=\"https:\/\/i0.wp.com\/olivamorosicristians.es\/wp-content\/uploads\/2022\/09\/Dones-capitanes-en-la-trobada-scaled.jpeg?resize=1024%2C576&amp;ssl=1 1024w, https:\/\/i0.wp.com\/olivamorosicristians.es\/wp-content\/uploads\/2022\/09\/Dones-capitanes-en-la-trobada-scaled.jpeg?resize=300%2C169&amp;ssl=1 300w, https:\/\/i0.wp.com\/olivamorosicristians.es\/wp-content\/uploads\/2022\/09\/Dones-capitanes-en-la-trobada-scaled.jpeg?resize=768%2C432&amp;ssl=1 768w, https:\/\/i0.wp.com\/olivamorosicristians.es\/wp-content\/uploads\/2022\/09\/Dones-capitanes-en-la-trobada-scaled.jpeg?resize=1536%2C864&amp;ssl=1 1536w, https:\/\/i0.wp.com\/olivamorosicristians.es\/wp-content\/uploads\/2022\/09\/Dones-capitanes-en-la-trobada-scaled.jpeg?resize=2048%2C1152&amp;ssl=1 2048w, https:\/\/i0.wp.com\/olivamorosicristians.es\/wp-content\/uploads\/2022\/09\/Dones-capitanes-en-la-trobada-scaled.jpeg?resize=960%2C540&amp;ssl=1 960w, https:\/\/i0.wp.com\/olivamorosicristians.es\/wp-content\/uploads\/2022\/09\/Dones-capitanes-en-la-trobada-scaled.jpeg?resize=640%2C360&amp;ssl=1 640w, https:\/\/i0.wp.com\/olivamorosicristians.es\/wp-content\/uploads\/2022\/09\/Dones-capitanes-en-la-trobada-scaled.jpeg?resize=1280%2C720&amp;ssl=1 1280w, https:\/\/i0.wp.com\/olivamorosicristians.es\/wp-content\/uploads\/2022\/09\/Dones-capitanes-en-la-trobada-scaled.jpeg?resize=1320%2C743&amp;ssl=1 1320w, https:\/\/i0.wp.com\/olivamorosicristians.es\/wp-content\/uploads\/2022\/09\/Dones-capitanes-en-la-trobada-scaled.jpeg?w=2340&amp;ssl=1 2340w\" sizes=\"auto, (max-width: 1024px) 100vw, 1024px\" \/><figcaption>Dones capitanes dels Moros i Cristians d&#8217;Oliva<\/figcaption><\/figure>","protected":false},"excerpt":{"rendered":"<p>Cr\u00f2nica de la trobada realitzada pels participants Les Festes de Moros i Cristians de 2022 han sigut les de la represa de la normalitat festiva. Es palpava en l\u2019ambient la gana festera que hav\u00edem contingut durant dos anys. El primer dia de festes, en el transcurs de l\u2019entradeta informal, van coincidir tres o quatre persones [&hellip;]<\/p>\n","protected":false},"author":1,"featured_media":10754,"comment_status":"closed","ping_status":"open","sticky":false,"template":"","format":"standard","meta":{"jetpack_post_was_ever_published":false,"_jetpack_newsletter_access":"","_jetpack_dont_email_post_to_subs":false,"_jetpack_newsletter_tier_id":0,"_jetpack_memberships_contains_paywalled_content":false,"_jetpack_memberships_contains_paid_content":false,"footnotes":"","jetpack_publicize_message":"","jetpack_publicize_feature_enabled":true,"jetpack_social_post_already_shared":true,"jetpack_social_options":{"image_generator_settings":{"template":"highway","default_image_id":0,"font":"","enabled":false},"version":2}},"categories":[1],"tags":[],"class_list":["post-10753","post","type-post","status-publish","format-standard","has-post-thumbnail","hentry","category-varis"],"yoast_head":"<!-- This site is optimized with the Yoast SEO plugin v27.5 - https:\/\/yoast.com\/product\/yoast-seo-wordpress\/ -->\n<title>Trobada de capitanes i capitans de la Festa d\u2019Oliva - Moros i Cristians Oliva<\/title>\n<meta name=\"robots\" content=\"index, follow, max-snippet:-1, max-image-preview:large, max-video-preview:-1\" \/>\n<link rel=\"canonical\" href=\"https:\/\/olivamorosicristians.es\/es\/trobada-de-capitanes-i-capitans-de-la-festa-doliva\/\" \/>\n<meta property=\"og:locale\" content=\"es_ES\" \/>\n<meta property=\"og:type\" content=\"article\" \/>\n<meta property=\"og:title\" content=\"Trobada de capitanes i capitans de la Festa d\u2019Oliva - Moros i Cristians Oliva\" \/>\n<meta property=\"og:description\" content=\"Cr\u00f2nica de la trobada realitzada pels participants Les Festes de Moros i Cristians de 2022 han sigut les de la represa de la normalitat festiva. Es palpava en l\u2019ambient la gana festera que hav\u00edem contingut durant dos anys. El primer dia de festes, en el transcurs de l\u2019entradeta informal, van coincidir tres o quatre persones [&hellip;]\" \/>\n<meta property=\"og:url\" content=\"https:\/\/olivamorosicristians.es\/es\/trobada-de-capitanes-i-capitans-de-la-festa-doliva\/\" \/>\n<meta property=\"og:site_name\" content=\"Moros i Cristians Oliva\" \/>\n<meta property=\"article:publisher\" content=\"https:\/\/www.facebook.com\/federaciodemorosicristiansdoliva\/\" \/>\n<meta property=\"article:author\" content=\"https:\/\/www.facebook.com\/federaciodemorosicristiansdoliva\" \/>\n<meta property=\"article:published_time\" content=\"2022-09-05T10:34:59+00:00\" \/>\n<meta property=\"article:modified_time\" content=\"2022-09-05T10:40:53+00:00\" \/>\n<meta property=\"og:image\" content=\"https:\/\/olivamorosicristians.es\/wp-content\/uploads\/2022\/09\/grup-de-capitanes-i-capitans.jpg\" \/>\n\t<meta property=\"og:image:width\" content=\"2218\" \/>\n\t<meta property=\"og:image:height\" content=\"2485\" \/>\n\t<meta property=\"og:image:type\" content=\"image\/jpeg\" \/>\n<meta name=\"author\" content=\"Webmaster\" \/>\n<meta name=\"twitter:card\" content=\"summary_large_image\" \/>\n<meta name=\"twitter:label1\" content=\"Escrito por\" \/>\n\t<meta name=\"twitter:data1\" content=\"Webmaster\" \/>\n\t<meta name=\"twitter:label2\" content=\"Tiempo de lectura\" \/>\n\t<meta name=\"twitter:data2\" content=\"2 minutos\" \/>\n<script type=\"application\/ld+json\" class=\"yoast-schema-graph\">{\"@context\":\"https:\\\/\\\/schema.org\",\"@graph\":[{\"@type\":\"Article\",\"@id\":\"https:\\\/\\\/olivamorosicristians.es\\\/trobada-de-capitanes-i-capitans-de-la-festa-doliva\\\/#article\",\"isPartOf\":{\"@id\":\"https:\\\/\\\/olivamorosicristians.es\\\/trobada-de-capitanes-i-capitans-de-la-festa-doliva\\\/\"},\"author\":{\"name\":\"Webmaster\",\"@id\":\"https:\\\/\\\/olivamorosicristians.es\\\/#\\\/schema\\\/person\\\/21ece052d8816103cad91a2676fd0149\"},\"headline\":\"Trobada de capitanes i capitans de la Festa d\u2019Oliva\",\"datePublished\":\"2022-09-05T10:34:59+00:00\",\"dateModified\":\"2022-09-05T10:40:53+00:00\",\"mainEntityOfPage\":{\"@id\":\"https:\\\/\\\/olivamorosicristians.es\\\/trobada-de-capitanes-i-capitans-de-la-festa-doliva\\\/\"},\"wordCount\":380,\"publisher\":{\"@id\":\"https:\\\/\\\/olivamorosicristians.es\\\/#organization\"},\"image\":{\"@id\":\"https:\\\/\\\/olivamorosicristians.es\\\/trobada-de-capitanes-i-capitans-de-la-festa-doliva\\\/#primaryimage\"},\"thumbnailUrl\":\"https:\\\/\\\/i0.wp.com\\\/olivamorosicristians.es\\\/wp-content\\\/uploads\\\/2022\\\/09\\\/grup-de-capitanes-i-capitans.jpg?fit=2218%2C2485&ssl=1\",\"articleSection\":[\"Varis\"],\"inLanguage\":\"es\"},{\"@type\":\"WebPage\",\"@id\":\"https:\\\/\\\/olivamorosicristians.es\\\/trobada-de-capitanes-i-capitans-de-la-festa-doliva\\\/\",\"url\":\"https:\\\/\\\/olivamorosicristians.es\\\/trobada-de-capitanes-i-capitans-de-la-festa-doliva\\\/\",\"name\":\"Trobada de capitanes i capitans de la Festa d\u2019Oliva - Moros i Cristians Oliva\",\"isPartOf\":{\"@id\":\"https:\\\/\\\/olivamorosicristians.es\\\/#website\"},\"primaryImageOfPage\":{\"@id\":\"https:\\\/\\\/olivamorosicristians.es\\\/trobada-de-capitanes-i-capitans-de-la-festa-doliva\\\/#primaryimage\"},\"image\":{\"@id\":\"https:\\\/\\\/olivamorosicristians.es\\\/trobada-de-capitanes-i-capitans-de-la-festa-doliva\\\/#primaryimage\"},\"thumbnailUrl\":\"https:\\\/\\\/i0.wp.com\\\/olivamorosicristians.es\\\/wp-content\\\/uploads\\\/2022\\\/09\\\/grup-de-capitanes-i-capitans.jpg?fit=2218%2C2485&ssl=1\",\"datePublished\":\"2022-09-05T10:34:59+00:00\",\"dateModified\":\"2022-09-05T10:40:53+00:00\",\"breadcrumb\":{\"@id\":\"https:\\\/\\\/olivamorosicristians.es\\\/trobada-de-capitanes-i-capitans-de-la-festa-doliva\\\/#breadcrumb\"},\"inLanguage\":\"es\",\"potentialAction\":[{\"@type\":\"ReadAction\",\"target\":[\"https:\\\/\\\/olivamorosicristians.es\\\/trobada-de-capitanes-i-capitans-de-la-festa-doliva\\\/\"]}]},{\"@type\":\"ImageObject\",\"inLanguage\":\"es\",\"@id\":\"https:\\\/\\\/olivamorosicristians.es\\\/trobada-de-capitanes-i-capitans-de-la-festa-doliva\\\/#primaryimage\",\"url\":\"https:\\\/\\\/i0.wp.com\\\/olivamorosicristians.es\\\/wp-content\\\/uploads\\\/2022\\\/09\\\/grup-de-capitanes-i-capitans.jpg?fit=2218%2C2485&ssl=1\",\"contentUrl\":\"https:\\\/\\\/i0.wp.com\\\/olivamorosicristians.es\\\/wp-content\\\/uploads\\\/2022\\\/09\\\/grup-de-capitanes-i-capitans.jpg?fit=2218%2C2485&ssl=1\",\"width\":2218,\"height\":2485},{\"@type\":\"BreadcrumbList\",\"@id\":\"https:\\\/\\\/olivamorosicristians.es\\\/trobada-de-capitanes-i-capitans-de-la-festa-doliva\\\/#breadcrumb\",\"itemListElement\":[{\"@type\":\"ListItem\",\"position\":1,\"name\":\"Portada\",\"item\":\"https:\\\/\\\/olivamorosicristians.es\\\/\"},{\"@type\":\"ListItem\",\"position\":2,\"name\":\"Trobada de capitanes i capitans de la Festa d\u2019Oliva\"}]},{\"@type\":\"WebSite\",\"@id\":\"https:\\\/\\\/olivamorosicristians.es\\\/#website\",\"url\":\"https:\\\/\\\/olivamorosicristians.es\\\/\",\"name\":\"Moros i Cristians Oliva\",\"description\":\"FMCO\",\"publisher\":{\"@id\":\"https:\\\/\\\/olivamorosicristians.es\\\/#organization\"},\"potentialAction\":[{\"@type\":\"SearchAction\",\"target\":{\"@type\":\"EntryPoint\",\"urlTemplate\":\"https:\\\/\\\/olivamorosicristians.es\\\/?s={search_term_string}\"},\"query-input\":{\"@type\":\"PropertyValueSpecification\",\"valueRequired\":true,\"valueName\":\"search_term_string\"}}],\"inLanguage\":\"es\"},{\"@type\":\"Organization\",\"@id\":\"https:\\\/\\\/olivamorosicristians.es\\\/#organization\",\"name\":\"Federaci\u00f3 de Moros i Cristians - Oliva\",\"url\":\"https:\\\/\\\/olivamorosicristians.es\\\/\",\"logo\":{\"@type\":\"ImageObject\",\"inLanguage\":\"es\",\"@id\":\"https:\\\/\\\/olivamorosicristians.es\\\/#\\\/schema\\\/logo\\\/image\\\/\",\"url\":\"https:\\\/\\\/i2.wp.com\\\/olivamorosicristians.es\\\/wp-content\\\/uploads\\\/2018\\\/06\\\/Icon_FMiCO.png?fit=50%2C50&ssl=1\",\"contentUrl\":\"https:\\\/\\\/i2.wp.com\\\/olivamorosicristians.es\\\/wp-content\\\/uploads\\\/2018\\\/06\\\/Icon_FMiCO.png?fit=50%2C50&ssl=1\",\"width\":50,\"height\":50,\"caption\":\"Federaci\u00f3 de Moros i Cristians - Oliva\"},\"image\":{\"@id\":\"https:\\\/\\\/olivamorosicristians.es\\\/#\\\/schema\\\/logo\\\/image\\\/\"},\"sameAs\":[\"https:\\\/\\\/www.facebook.com\\\/federaciodemorosicristiansdoliva\\\/\",\"https:\\\/\\\/www.instagram.com\\\/morosicristiansoliva\\\/?hl=es\"]},{\"@type\":\"Person\",\"@id\":\"https:\\\/\\\/olivamorosicristians.es\\\/#\\\/schema\\\/person\\\/21ece052d8816103cad91a2676fd0149\",\"name\":\"Webmaster\",\"image\":{\"@type\":\"ImageObject\",\"inLanguage\":\"es\",\"@id\":\"https:\\\/\\\/secure.gravatar.com\\\/avatar\\\/18de20f14d74abe0c800b423a8b0e24cae6153cb6baeb2c2df80e1cef2117e0d?s=96&d=mm&r=g\",\"url\":\"https:\\\/\\\/secure.gravatar.com\\\/avatar\\\/18de20f14d74abe0c800b423a8b0e24cae6153cb6baeb2c2df80e1cef2117e0d?s=96&d=mm&r=g\",\"contentUrl\":\"https:\\\/\\\/secure.gravatar.com\\\/avatar\\\/18de20f14d74abe0c800b423a8b0e24cae6153cb6baeb2c2df80e1cef2117e0d?s=96&d=mm&r=g\",\"caption\":\"Webmaster\"},\"sameAs\":[\"https:\\\/\\\/www.facebook.com\\\/federaciodemorosicristiansdoliva\",\"https:\\\/\\\/www.instagram.com\\\/morosicristiansoliva\\\/\"]}]}<\/script>\n<!-- \/ Yoast SEO plugin. -->","yoast_head_json":{"title":"Trobada de capitanes i capitans de la Festa d\u2019Oliva - Moros i Cristians Oliva","robots":{"index":"index","follow":"follow","max-snippet":"max-snippet:-1","max-image-preview":"max-image-preview:large","max-video-preview":"max-video-preview:-1"},"canonical":"https:\/\/olivamorosicristians.es\/es\/trobada-de-capitanes-i-capitans-de-la-festa-doliva\/","og_locale":"es_ES","og_type":"article","og_title":"Trobada de capitanes i capitans de la Festa d\u2019Oliva - Moros i Cristians Oliva","og_description":"Cr\u00f2nica de la trobada realitzada pels participants Les Festes de Moros i Cristians de 2022 han sigut les de la represa de la normalitat festiva. Es palpava en l\u2019ambient la gana festera que hav\u00edem contingut durant dos anys. El primer dia de festes, en el transcurs de l\u2019entradeta informal, van coincidir tres o quatre persones [&hellip;]","og_url":"https:\/\/olivamorosicristians.es\/es\/trobada-de-capitanes-i-capitans-de-la-festa-doliva\/","og_site_name":"Moros i Cristians Oliva","article_publisher":"https:\/\/www.facebook.com\/federaciodemorosicristiansdoliva\/","article_author":"https:\/\/www.facebook.com\/federaciodemorosicristiansdoliva","article_published_time":"2022-09-05T10:34:59+00:00","article_modified_time":"2022-09-05T10:40:53+00:00","og_image":[{"width":2218,"height":2485,"url":"https:\/\/olivamorosicristians.es\/wp-content\/uploads\/2022\/09\/grup-de-capitanes-i-capitans.jpg","type":"image\/jpeg"}],"author":"Webmaster","twitter_card":"summary_large_image","twitter_misc":{"Escrito por":"Webmaster","Tiempo de lectura":"2 minutos"},"schema":{"@context":"https:\/\/schema.org","@graph":[{"@type":"Article","@id":"https:\/\/olivamorosicristians.es\/trobada-de-capitanes-i-capitans-de-la-festa-doliva\/#article","isPartOf":{"@id":"https:\/\/olivamorosicristians.es\/trobada-de-capitanes-i-capitans-de-la-festa-doliva\/"},"author":{"name":"Webmaster","@id":"https:\/\/olivamorosicristians.es\/#\/schema\/person\/21ece052d8816103cad91a2676fd0149"},"headline":"Trobada de capitanes i capitans de la Festa d\u2019Oliva","datePublished":"2022-09-05T10:34:59+00:00","dateModified":"2022-09-05T10:40:53+00:00","mainEntityOfPage":{"@id":"https:\/\/olivamorosicristians.es\/trobada-de-capitanes-i-capitans-de-la-festa-doliva\/"},"wordCount":380,"publisher":{"@id":"https:\/\/olivamorosicristians.es\/#organization"},"image":{"@id":"https:\/\/olivamorosicristians.es\/trobada-de-capitanes-i-capitans-de-la-festa-doliva\/#primaryimage"},"thumbnailUrl":"https:\/\/i0.wp.com\/olivamorosicristians.es\/wp-content\/uploads\/2022\/09\/grup-de-capitanes-i-capitans.jpg?fit=2218%2C2485&ssl=1","articleSection":["Varis"],"inLanguage":"es"},{"@type":"WebPage","@id":"https:\/\/olivamorosicristians.es\/trobada-de-capitanes-i-capitans-de-la-festa-doliva\/","url":"https:\/\/olivamorosicristians.es\/trobada-de-capitanes-i-capitans-de-la-festa-doliva\/","name":"Trobada de capitanes i capitans de la Festa d\u2019Oliva - Moros i Cristians Oliva","isPartOf":{"@id":"https:\/\/olivamorosicristians.es\/#website"},"primaryImageOfPage":{"@id":"https:\/\/olivamorosicristians.es\/trobada-de-capitanes-i-capitans-de-la-festa-doliva\/#primaryimage"},"image":{"@id":"https:\/\/olivamorosicristians.es\/trobada-de-capitanes-i-capitans-de-la-festa-doliva\/#primaryimage"},"thumbnailUrl":"https:\/\/i0.wp.com\/olivamorosicristians.es\/wp-content\/uploads\/2022\/09\/grup-de-capitanes-i-capitans.jpg?fit=2218%2C2485&ssl=1","datePublished":"2022-09-05T10:34:59+00:00","dateModified":"2022-09-05T10:40:53+00:00","breadcrumb":{"@id":"https:\/\/olivamorosicristians.es\/trobada-de-capitanes-i-capitans-de-la-festa-doliva\/#breadcrumb"},"inLanguage":"es","potentialAction":[{"@type":"ReadAction","target":["https:\/\/olivamorosicristians.es\/trobada-de-capitanes-i-capitans-de-la-festa-doliva\/"]}]},{"@type":"ImageObject","inLanguage":"es","@id":"https:\/\/olivamorosicristians.es\/trobada-de-capitanes-i-capitans-de-la-festa-doliva\/#primaryimage","url":"https:\/\/i0.wp.com\/olivamorosicristians.es\/wp-content\/uploads\/2022\/09\/grup-de-capitanes-i-capitans.jpg?fit=2218%2C2485&ssl=1","contentUrl":"https:\/\/i0.wp.com\/olivamorosicristians.es\/wp-content\/uploads\/2022\/09\/grup-de-capitanes-i-capitans.jpg?fit=2218%2C2485&ssl=1","width":2218,"height":2485},{"@type":"BreadcrumbList","@id":"https:\/\/olivamorosicristians.es\/trobada-de-capitanes-i-capitans-de-la-festa-doliva\/#breadcrumb","itemListElement":[{"@type":"ListItem","position":1,"name":"Portada","item":"https:\/\/olivamorosicristians.es\/"},{"@type":"ListItem","position":2,"name":"Trobada de capitanes i capitans de la Festa d\u2019Oliva"}]},{"@type":"WebSite","@id":"https:\/\/olivamorosicristians.es\/#website","url":"https:\/\/olivamorosicristians.es\/","name":"Moros i Cristians Oliva","description":"FMCO","publisher":{"@id":"https:\/\/olivamorosicristians.es\/#organization"},"potentialAction":[{"@type":"SearchAction","target":{"@type":"EntryPoint","urlTemplate":"https:\/\/olivamorosicristians.es\/?s={search_term_string}"},"query-input":{"@type":"PropertyValueSpecification","valueRequired":true,"valueName":"search_term_string"}}],"inLanguage":"es"},{"@type":"Organization","@id":"https:\/\/olivamorosicristians.es\/#organization","name":"La Federaci\u00f3n de Moros y Cristianos de Oliva","url":"https:\/\/olivamorosicristians.es\/","logo":{"@type":"ImageObject","inLanguage":"es","@id":"https:\/\/olivamorosicristians.es\/#\/schema\/logo\/image\/","url":"https:\/\/i2.wp.com\/olivamorosicristians.es\/wp-content\/uploads\/2018\/06\/Icon_FMiCO.png?fit=50%2C50&ssl=1","contentUrl":"https:\/\/i2.wp.com\/olivamorosicristians.es\/wp-content\/uploads\/2018\/06\/Icon_FMiCO.png?fit=50%2C50&ssl=1","width":50,"height":50,"caption":"Federaci\u00f3 de Moros i Cristians - Oliva"},"image":{"@id":"https:\/\/olivamorosicristians.es\/#\/schema\/logo\/image\/"},"sameAs":["https:\/\/www.facebook.com\/federaciodemorosicristiansdoliva\/","https:\/\/www.instagram.com\/morosicristiansoliva\/?hl=es"]},{"@type":"Person","@id":"https:\/\/olivamorosicristians.es\/#\/schema\/person\/21ece052d8816103cad91a2676fd0149","name":"Webmaster","image":{"@type":"ImageObject","inLanguage":"es","@id":"https:\/\/secure.gravatar.com\/avatar\/18de20f14d74abe0c800b423a8b0e24cae6153cb6baeb2c2df80e1cef2117e0d?s=96&d=mm&r=g","url":"https:\/\/secure.gravatar.com\/avatar\/18de20f14d74abe0c800b423a8b0e24cae6153cb6baeb2c2df80e1cef2117e0d?s=96&d=mm&r=g","contentUrl":"https:\/\/secure.gravatar.com\/avatar\/18de20f14d74abe0c800b423a8b0e24cae6153cb6baeb2c2df80e1cef2117e0d?s=96&d=mm&r=g","caption":"Webmaster"},"sameAs":["https:\/\/www.facebook.com\/federaciodemorosicristiansdoliva","https:\/\/www.instagram.com\/morosicristiansoliva\/"]}]}},"jetpack_publicize_connections":[],"jetpack_featured_media_url":"https:\/\/i0.wp.com\/olivamorosicristians.es\/wp-content\/uploads\/2022\/09\/grup-de-capitanes-i-capitans.jpg?fit=2218%2C2485&ssl=1","jetpack_sharing_enabled":true,"jetpack_shortlink":"https:\/\/wp.me\/pagEx6-2Nr","jetpack-related-posts":[],"_links":{"self":[{"href":"https:\/\/olivamorosicristians.es\/es\/wp-json\/wp\/v2\/posts\/10753","targetHints":{"allow":["GET"]}}],"collection":[{"href":"https:\/\/olivamorosicristians.es\/es\/wp-json\/wp\/v2\/posts"}],"about":[{"href":"https:\/\/olivamorosicristians.es\/es\/wp-json\/wp\/v2\/types\/post"}],"author":[{"embeddable":true,"href":"https:\/\/olivamorosicristians.es\/es\/wp-json\/wp\/v2\/users\/1"}],"replies":[{"embeddable":true,"href":"https:\/\/olivamorosicristians.es\/es\/wp-json\/wp\/v2\/comments?post=10753"}],"version-history":[{"count":2,"href":"https:\/\/olivamorosicristians.es\/es\/wp-json\/wp\/v2\/posts\/10753\/revisions"}],"predecessor-version":[{"id":10757,"href":"https:\/\/olivamorosicristians.es\/es\/wp-json\/wp\/v2\/posts\/10753\/revisions\/10757"}],"wp:featuredmedia":[{"embeddable":true,"href":"https:\/\/olivamorosicristians.es\/es\/wp-json\/wp\/v2\/media\/10754"}],"wp:attachment":[{"href":"https:\/\/olivamorosicristians.es\/es\/wp-json\/wp\/v2\/media?parent=10753"}],"wp:term":[{"taxonomy":"category","embeddable":true,"href":"https:\/\/olivamorosicristians.es\/es\/wp-json\/wp\/v2\/categories?post=10753"},{"taxonomy":"post_tag","embeddable":true,"href":"https:\/\/olivamorosicristians.es\/es\/wp-json\/wp\/v2\/tags?post=10753"}],"curies":[{"name":"wp","href":"https:\/\/api.w.org\/{rel}","templated":true}]}}