{"id":10703,"date":"2022-07-20T18:29:47","date_gmt":"2022-07-20T16:29:47","guid":{"rendered":"https:\/\/olivamorosicristians.es\/?p=10703"},"modified":"2022-07-20T19:14:50","modified_gmt":"2022-07-20T17:14:50","slug":"els-moros-i-cristians-doliva-participen-en-la-campanya-la-reconquesta-del-vidrio-que-organitza-ecovidrio-en-col%c2%b7laboracio-amb-lajuntament-doliva","status":"publish","type":"post","link":"https:\/\/olivamorosicristians.es\/es\/els-moros-i-cristians-doliva-participen-en-la-campanya-la-reconquesta-del-vidrio-que-organitza-ecovidrio-en-col%c2%b7laboracio-amb-lajuntament-doliva\/","title":{"rendered":"Els Moros i Cristians d&#8217;Oliva participen en la campanya &#8220;La Reconquesta del Vidrio&#8221;, que organitza Ecovidrio en col\u00b7laboraci\u00f3 amb l&#8217;Ajuntament d&#8217;Oliva"},"content":{"rendered":"<p><strong>Reprodu\u00efm Nota de Premsa d&#8217;Ecovidrio:<\/strong><\/p>\n\n\n\n<p><strong>Ecovidrio y el Ayuntamiento de Oliva fomentan el reciclado de envases de vidrio durante las fiestas de Moros y Cristianos con la campa\u00f1a \u2018La Reconquista del Vidrio\u2019<\/strong><\/p>\n\n\n\n<ul class=\"wp-block-list\"><li>En la iniciativa participan una treintena de poblaciones que compiten entre s\u00ed para ser el municipio m\u00e1s reciclador en cada una de las tres categor\u00edas establecidas en funci\u00f3n del n\u00famero de festeros<\/li><li>La iniciativa incluye la decoraci\u00f3n de contenedores de vidrio con la imagen de campa\u00f1a en las inmediaciones de las sedes festeras para facilitar el reciclaje de los residuos de envases de vidrio<\/li><\/ul>\n\n\n\n<p>Ecovidrio, la entidad sin \u00e1nimo de lucro encargada de la gesti\u00f3n del reciclado de los residuos de envases de vidrio en Espa\u00f1a, y el Ayuntamiento de Oliva, en colaboraci\u00f3n con la Generalitat Valenciana, ponen en marcha \u2018La Reconquista del Vidrio\u2019, una campa\u00f1a para incentivar la concienciaci\u00f3n del reciclado de envases de vidrio durante las fiestas de Moros y Cristianos 2022.<\/p>\n\n\n\n<p>La iniciativa pretende inculcar a los ciudadanos de Oliva, y especialmente a las comparsas, la importancia de separar selectivamente los residuos de envases de vidrio durante el transcurso de las fiestas. Para ello, se les har\u00e1 entrega de cubos con ruedas para facilitar la labor de reciclaje y se decorar\u00e1n contenedores con la imagen de campa\u00f1a.<\/p>\n\n\n\n<p>Adem\u00e1s, los d\u00edas 22 y 23 de julio, educadores ambientales informar\u00e1n a festeros y ciudadanos sobre la importancia del reciclado de vidrio, as\u00ed como de sus beneficios ambientales, y colaborar\u00e1n de forma conjunta con las comparsas para facilitarles el reciclado de sus envases de vidrio. Con el objetivo de motivar a los festeros y vecinos a atender correctamente a los educadores ambientales y animarles a reciclar vidrio, se entregar\u00e1 como obsequio un original porta-mascarillas.<\/p>\n\n\n\n<p>En esta edici\u00f3n de \u2018La Reconquista del Vidrio\u2019 participan una treintena de municipios de la Comunitat Valenciana, los cuales compiten por ser la poblaci\u00f3n que m\u00e1s se involucre con el reciclaje de vidrio durante las fiestas, incluyendo la difusi\u00f3n de la campa\u00f1a.<\/p>\n\n\n\n<p>Los ganadores de cada categor\u00eda en las que se divide el concurso (<em>Atabales, Darbukas y Dol\u00e7aines<\/em>) recibir\u00e1n un trofeo de La Reconquista del Vidrio, que les acredita como el municipio m\u00e1s reciclador de las fiestas.<\/p>\n\n\n\n<ul class=\"wp-block-list\"><li>Atabales, municipios que tienen m\u00e1s de 2.500 festeros.<\/li><li>Darbukas, municipios que tiene entre 1.000 y 2.500 festeros.<\/li><li>Dol\u00e7aines, municipios que tienen menos de 1.000 festeros.<\/li><\/ul>\n\n\n\n<p>Todas las comparsas implicadas activamente en la campa\u00f1a y que reciclen correctamente los residuos de envases de vidrio, entrar\u00e1n en el sorteo, en cada municipio, de un dispensador de vidrio exclusivo con la imagen de campa\u00f1a.<\/p>\n\n\n\n<p>Por otra parte, tambi\u00e9n se realizar\u00e1n seis promociones online en la web <a href=\"http:\/\/www.lareconquistadelvidrio.es\/\">www.lareconquistadelvidrio.es<\/a> con preguntas sobre reciclaje de envases de vidrio y las fiestas de Moros y Cristianos. En estas promociones, los participantes que respondan correctamente a las preguntas podr\u00e1n ganar un exclusivo minigl\u00fa de \u2018La Reconquista del Vidrio\u2019.<\/p>\n\n\n\n<p>Toda la informaci\u00f3n y bases legales de la campa\u00f1a, podr\u00e1n ser consultadas en <a href=\"http:\/\/www.lareconquistadelvidrio.es\/\">www.lareconquistadelvidrio.es<\/a>.<\/p>\n\n\n\n<p><strong>Datos de reciclado de vidrio en Oliva<\/strong><\/p>\n\n\n\n<p>Seg\u00fan los \u00faltimos datos disponibles correspondientes a 2021, los ciudadanos de Oliva reciclaron un total de 549.340 kilogramos de envases de vidrio. Esto supone que cada ciudadano&nbsp;recicl\u00f3 una media de 21,9 kilogramos de vidrio.<\/p>\n\n\n\n<p>Respecto a la tasa de contenerizaci\u00f3n, Oliva se sit\u00faa con una media de 138 habitantes por contenedor, contando en la actualidad con un total de 182 igl\u00fas para los residuos de envases de vidrio instalados en el municipio.<\/p>\n\n\n\n<p><strong>Beneficios medioambientales del reciclado de vidrio<\/strong><\/p>\n\n\n\n<p>El vidrio que se deposita en los contenedores se recicla al 100% y se utiliza para la fabricaci\u00f3n de nuevos envases, de forma indefinida y sin perder las propiedades originales.&nbsp; Reciclando vidrio evitamos el crecimiento de los vertederos.<\/p>\n\n\n\n<p>Reciclar vidrio es un elemento clave en la lucha contra el cambio clim\u00e1tico. Al usar calc\u00edn \u2013 vidrio reciclado \u2013 en la fabricaci\u00f3n de nuevos envases se evita la extracci\u00f3n de materias primas de la naturaleza, evitando la erosi\u00f3n de los suelos y la deforestaci\u00f3n de nuestro entorno.<\/p>\n\n\n\n<p>Adem\u00e1s, se minimiza la emisi\u00f3n de CO2 en el proceso de fabricaci\u00f3n y se ahorra energ\u00eda.<\/p>\n\n\n\n<p><strong>A\u00f1o Internacional del Vidrio<\/strong><\/p>\n\n\n\n<p>La ONU ha declarado 2022, del A\u00f1o Internacional del Vidrio. Este material ha jugado un papel fundamental en el desarrollo de la humanidad y ha sido crucial en el funcionamiento y la evoluci\u00f3n de la arquitectura, la automoci\u00f3n, los art\u00edculos para el hogar y los envases. Hoy es un elemento esencial en sectores clave como el de la energ\u00eda, la biomedicina, la agricultura, la electr\u00f3nica, la informaci\u00f3n y las comunicaciones, la \u00f3ptica o el sector aeroespacial, entre otros. Merece una menci\u00f3n especial el papel que ha jugado en la batalla contra la pandemia global de la COVID-19, actuando como envase contenedor de las vacunas a consecuencia de sus caracter\u00edsticas de resistencia a temperaturas extremas y a diferentes grados de PH y acidez.<\/p>\n\n\n\n<p>Respecto al envase de vidrio y en un contexto de emergencia clim\u00e1tica y necesidad de una transici\u00f3n a una econom\u00eda m\u00e1s circular, es especialmente destacable como material natural, circular y 100% reciclable de envase a envase.<\/p>\n\n\n\n<p><strong>Sobre Ecovidrio<\/strong><\/p>\n\n\n\n<p>Ecovidrio es la entidad sin \u00e1nimo de lucro encargada de la gesti\u00f3n del reciclado de residuos de envases de vidrio en Espa\u00f1a. En 1997, tras la aprobaci\u00f3n de la Ley de Envases y Residuos de Envases y el arranque de sus operaciones en 1998, se convirti\u00f3 en la entidad gestora de un modelo de reciclado que garantiza un servicio completo y al que tienen acceso todos los ciudadanos. En t\u00e9rminos de financiaci\u00f3n, 8.000 compa\u00f1\u00edas envasadoras hacen posible, con su aportaci\u00f3n a trav\u00e9s del punto verde, el sistema de reciclado.<\/p>\n\n\n\n<p>La labor de Ecovidrio destaca por garantizar el reciclado de alta calidad a trav\u00e9s del contenedor, potenciar las infraestructuras de contenerizaci\u00f3n y recogida, invertir en planes y recursos destinados a incrementar el reciclaje de envases de vidrio en la hosteler\u00eda, movilizar a los ciudadanos a trav\u00e9s de campa\u00f1as de sensibilizaci\u00f3n y promover la prevenci\u00f3n y el ecodise\u00f1o de los envases.<\/p>\n\n\n\n<p>En las \u00faltimas dos d\u00e9cadas el sistema de Ecovidrio ha permitido el crecimiento exponencial de la tasa de reciclado pasando de un 31,3% en el a\u00f1o 2000 al 79,8% en 2019, seg\u00fan los \u00faltimos datos oficiales del Ministerio para la Transici\u00f3n Ecol\u00f3gico y Reto Demogr\u00e1fico (MITERD).<\/p>\n\n\n\n<p>El reciclaje de envases de vidrio es un elemento fundamental para contribuir al desarrollo sostenible, fomentar la transici\u00f3n hacia la econom\u00eda circular y luchar contra el cambio clim\u00e1tico. Adem\u00e1s, el reciclaje de envases de vidrio es una actividad apoya el cumplimiento de la Agenda 2030 y los Objetivos de Desarrollo Sostenible, concretamente, redunda sobre los objetivos (11) Ciudades y comunidades sostenibles, (12) Producci\u00f3n y consumo responsables y (13) Acci\u00f3n por el clima.<\/p>\n\n\n\n<p><\/p>\n\n\n\n<p><\/p>","protected":false},"excerpt":{"rendered":"<p>Reprodu\u00efm Nota de Premsa d&#8217;Ecovidrio: Ecovidrio y el Ayuntamiento de Oliva fomentan el reciclado de envases de vidrio durante las fiestas de Moros y Cristianos con la campa\u00f1a \u2018La Reconquista del Vidrio\u2019 En la iniciativa participan una treintena de poblaciones que compiten entre s\u00ed para ser el municipio m\u00e1s reciclador en cada una de las [&hellip;]<\/p>\n","protected":false},"author":1,"featured_media":10724,"comment_status":"closed","ping_status":"open","sticky":false,"template":"","format":"standard","meta":{"jetpack_post_was_ever_published":false,"_jetpack_newsletter_access":"","_jetpack_dont_email_post_to_subs":false,"_jetpack_newsletter_tier_id":0,"_jetpack_memberships_contains_paywalled_content":false,"_jetpack_memberships_contains_paid_content":false,"footnotes":"","jetpack_publicize_message":"","jetpack_publicize_feature_enabled":true,"jetpack_social_post_already_shared":true,"jetpack_social_options":{"image_generator_settings":{"template":"highway","default_image_id":0,"font":"","enabled":false},"version":2}},"categories":[1],"tags":[141],"class_list":["post-10703","post","type-post","status-publish","format-standard","has-post-thumbnail","hentry","category-varis","tag-concursos"],"yoast_head":"<!-- This site is optimized with the Yoast SEO plugin v27.5 - https:\/\/yoast.com\/product\/yoast-seo-wordpress\/ -->\n<title>Els Moros i Cristians d&#039;Oliva participen en la campanya &quot;La Reconquesta del Vidrio&quot;, que organitza Ecovidrio en col\u00b7laboraci\u00f3 amb l&#039;Ajuntament d&#039;Oliva - Moros i Cristians Oliva<\/title>\n<meta name=\"robots\" content=\"index, follow, max-snippet:-1, max-image-preview:large, max-video-preview:-1\" \/>\n<link rel=\"canonical\" href=\"https:\/\/olivamorosicristians.es\/es\/els-moros-i-cristians-doliva-participen-en-la-campanya-la-reconquesta-del-vidrio-que-organitza-ecovidrio-en-col\u00b7laboracio-amb-lajuntament-doliva\/\" \/>\n<meta property=\"og:locale\" content=\"es_ES\" \/>\n<meta property=\"og:type\" content=\"article\" \/>\n<meta property=\"og:title\" content=\"Els Moros i Cristians d&#039;Oliva participen en la campanya &quot;La Reconquesta del Vidrio&quot;, que organitza Ecovidrio en col\u00b7laboraci\u00f3 amb l&#039;Ajuntament d&#039;Oliva - Moros i Cristians Oliva\" \/>\n<meta property=\"og:description\" content=\"Reprodu\u00efm Nota de Premsa d&#8217;Ecovidrio: Ecovidrio y el Ayuntamiento de Oliva fomentan el reciclado de envases de vidrio durante las fiestas de Moros y Cristianos con la campa\u00f1a \u2018La Reconquista del Vidrio\u2019 En la iniciativa participan una treintena de poblaciones que compiten entre s\u00ed para ser el municipio m\u00e1s reciclador en cada una de las [&hellip;]\" \/>\n<meta property=\"og:url\" content=\"https:\/\/olivamorosicristians.es\/es\/els-moros-i-cristians-doliva-participen-en-la-campanya-la-reconquesta-del-vidrio-que-organitza-ecovidrio-en-col\u00b7laboracio-amb-lajuntament-doliva\/\" \/>\n<meta property=\"og:site_name\" content=\"Moros i Cristians Oliva\" \/>\n<meta property=\"article:publisher\" content=\"https:\/\/www.facebook.com\/federaciodemorosicristiansdoliva\/\" \/>\n<meta property=\"article:author\" content=\"https:\/\/www.facebook.com\/federaciodemorosicristiansdoliva\" \/>\n<meta property=\"article:published_time\" content=\"2022-07-20T16:29:47+00:00\" \/>\n<meta property=\"article:modified_time\" content=\"2022-07-20T17:14:50+00:00\" \/>\n<meta property=\"og:image\" content=\"https:\/\/olivamorosicristians.es\/wp-content\/uploads\/2022\/07\/cropped-WEB-MOROS_CAST.png\" \/>\n\t<meta property=\"og:image:width\" content=\"1920\" \/>\n\t<meta property=\"og:image:height\" content=\"1079\" \/>\n\t<meta property=\"og:image:type\" content=\"image\/png\" \/>\n<meta name=\"author\" content=\"Webmaster\" \/>\n<meta name=\"twitter:card\" content=\"summary_large_image\" \/>\n<meta name=\"twitter:label1\" content=\"Escrito por\" \/>\n\t<meta name=\"twitter:data1\" content=\"Webmaster\" \/>\n\t<meta name=\"twitter:label2\" content=\"Tiempo de lectura\" \/>\n\t<meta name=\"twitter:data2\" content=\"6 minutos\" \/>\n<script type=\"application\/ld+json\" class=\"yoast-schema-graph\">{\"@context\":\"https:\\\/\\\/schema.org\",\"@graph\":[{\"@type\":\"Article\",\"@id\":\"https:\\\/\\\/olivamorosicristians.es\\\/els-moros-i-cristians-doliva-participen-en-la-campanya-la-reconquesta-del-vidrio-que-organitza-ecovidrio-en-col%c2%b7laboracio-amb-lajuntament-doliva\\\/#article\",\"isPartOf\":{\"@id\":\"https:\\\/\\\/olivamorosicristians.es\\\/els-moros-i-cristians-doliva-participen-en-la-campanya-la-reconquesta-del-vidrio-que-organitza-ecovidrio-en-col%c2%b7laboracio-amb-lajuntament-doliva\\\/\"},\"author\":{\"name\":\"Webmaster\",\"@id\":\"https:\\\/\\\/olivamorosicristians.es\\\/#\\\/schema\\\/person\\\/21ece052d8816103cad91a2676fd0149\"},\"headline\":\"Els Moros i Cristians d&#8217;Oliva participen en la campanya &#8220;La Reconquesta del Vidrio&#8221;, que organitza Ecovidrio en col\u00b7laboraci\u00f3 amb l&#8217;Ajuntament d&#8217;Oliva\",\"datePublished\":\"2022-07-20T16:29:47+00:00\",\"dateModified\":\"2022-07-20T17:14:50+00:00\",\"mainEntityOfPage\":{\"@id\":\"https:\\\/\\\/olivamorosicristians.es\\\/els-moros-i-cristians-doliva-participen-en-la-campanya-la-reconquesta-del-vidrio-que-organitza-ecovidrio-en-col%c2%b7laboracio-amb-lajuntament-doliva\\\/\"},\"wordCount\":1206,\"publisher\":{\"@id\":\"https:\\\/\\\/olivamorosicristians.es\\\/#organization\"},\"image\":{\"@id\":\"https:\\\/\\\/olivamorosicristians.es\\\/els-moros-i-cristians-doliva-participen-en-la-campanya-la-reconquesta-del-vidrio-que-organitza-ecovidrio-en-col%c2%b7laboracio-amb-lajuntament-doliva\\\/#primaryimage\"},\"thumbnailUrl\":\"https:\\\/\\\/i0.wp.com\\\/olivamorosicristians.es\\\/wp-content\\\/uploads\\\/2022\\\/07\\\/cropped-WEB-MOROS_CAST.png?fit=1920%2C1079&ssl=1\",\"keywords\":[\"Concursos\"],\"articleSection\":[\"Varis\"],\"inLanguage\":\"es\"},{\"@type\":\"WebPage\",\"@id\":\"https:\\\/\\\/olivamorosicristians.es\\\/els-moros-i-cristians-doliva-participen-en-la-campanya-la-reconquesta-del-vidrio-que-organitza-ecovidrio-en-col%c2%b7laboracio-amb-lajuntament-doliva\\\/\",\"url\":\"https:\\\/\\\/olivamorosicristians.es\\\/els-moros-i-cristians-doliva-participen-en-la-campanya-la-reconquesta-del-vidrio-que-organitza-ecovidrio-en-col%c2%b7laboracio-amb-lajuntament-doliva\\\/\",\"name\":\"Els Moros i Cristians d'Oliva participen en la campanya \\\"La Reconquesta del Vidrio\\\", que organitza Ecovidrio en col\u00b7laboraci\u00f3 amb l'Ajuntament d'Oliva - Moros i Cristians Oliva\",\"isPartOf\":{\"@id\":\"https:\\\/\\\/olivamorosicristians.es\\\/#website\"},\"primaryImageOfPage\":{\"@id\":\"https:\\\/\\\/olivamorosicristians.es\\\/els-moros-i-cristians-doliva-participen-en-la-campanya-la-reconquesta-del-vidrio-que-organitza-ecovidrio-en-col%c2%b7laboracio-amb-lajuntament-doliva\\\/#primaryimage\"},\"image\":{\"@id\":\"https:\\\/\\\/olivamorosicristians.es\\\/els-moros-i-cristians-doliva-participen-en-la-campanya-la-reconquesta-del-vidrio-que-organitza-ecovidrio-en-col%c2%b7laboracio-amb-lajuntament-doliva\\\/#primaryimage\"},\"thumbnailUrl\":\"https:\\\/\\\/i0.wp.com\\\/olivamorosicristians.es\\\/wp-content\\\/uploads\\\/2022\\\/07\\\/cropped-WEB-MOROS_CAST.png?fit=1920%2C1079&ssl=1\",\"datePublished\":\"2022-07-20T16:29:47+00:00\",\"dateModified\":\"2022-07-20T17:14:50+00:00\",\"breadcrumb\":{\"@id\":\"https:\\\/\\\/olivamorosicristians.es\\\/els-moros-i-cristians-doliva-participen-en-la-campanya-la-reconquesta-del-vidrio-que-organitza-ecovidrio-en-col%c2%b7laboracio-amb-lajuntament-doliva\\\/#breadcrumb\"},\"inLanguage\":\"es\",\"potentialAction\":[{\"@type\":\"ReadAction\",\"target\":[\"https:\\\/\\\/olivamorosicristians.es\\\/els-moros-i-cristians-doliva-participen-en-la-campanya-la-reconquesta-del-vidrio-que-organitza-ecovidrio-en-col%c2%b7laboracio-amb-lajuntament-doliva\\\/\"]}]},{\"@type\":\"ImageObject\",\"inLanguage\":\"es\",\"@id\":\"https:\\\/\\\/olivamorosicristians.es\\\/els-moros-i-cristians-doliva-participen-en-la-campanya-la-reconquesta-del-vidrio-que-organitza-ecovidrio-en-col%c2%b7laboracio-amb-lajuntament-doliva\\\/#primaryimage\",\"url\":\"https:\\\/\\\/i0.wp.com\\\/olivamorosicristians.es\\\/wp-content\\\/uploads\\\/2022\\\/07\\\/cropped-WEB-MOROS_CAST.png?fit=1920%2C1079&ssl=1\",\"contentUrl\":\"https:\\\/\\\/i0.wp.com\\\/olivamorosicristians.es\\\/wp-content\\\/uploads\\\/2022\\\/07\\\/cropped-WEB-MOROS_CAST.png?fit=1920%2C1079&ssl=1\",\"width\":1920,\"height\":1079},{\"@type\":\"BreadcrumbList\",\"@id\":\"https:\\\/\\\/olivamorosicristians.es\\\/els-moros-i-cristians-doliva-participen-en-la-campanya-la-reconquesta-del-vidrio-que-organitza-ecovidrio-en-col%c2%b7laboracio-amb-lajuntament-doliva\\\/#breadcrumb\",\"itemListElement\":[{\"@type\":\"ListItem\",\"position\":1,\"name\":\"Portada\",\"item\":\"https:\\\/\\\/olivamorosicristians.es\\\/\"},{\"@type\":\"ListItem\",\"position\":2,\"name\":\"Els Moros i Cristians d&#8217;Oliva participen en la campanya \u00abLa Reconquesta del Vidrio\u00bb, que organitza Ecovidrio en col\u00b7laboraci\u00f3 amb l&#8217;Ajuntament d&#8217;Oliva\"}]},{\"@type\":\"WebSite\",\"@id\":\"https:\\\/\\\/olivamorosicristians.es\\\/#website\",\"url\":\"https:\\\/\\\/olivamorosicristians.es\\\/\",\"name\":\"Moros i Cristians Oliva\",\"description\":\"FMCO\",\"publisher\":{\"@id\":\"https:\\\/\\\/olivamorosicristians.es\\\/#organization\"},\"potentialAction\":[{\"@type\":\"SearchAction\",\"target\":{\"@type\":\"EntryPoint\",\"urlTemplate\":\"https:\\\/\\\/olivamorosicristians.es\\\/?s={search_term_string}\"},\"query-input\":{\"@type\":\"PropertyValueSpecification\",\"valueRequired\":true,\"valueName\":\"search_term_string\"}}],\"inLanguage\":\"es\"},{\"@type\":\"Organization\",\"@id\":\"https:\\\/\\\/olivamorosicristians.es\\\/#organization\",\"name\":\"Federaci\u00f3 de Moros i Cristians - Oliva\",\"url\":\"https:\\\/\\\/olivamorosicristians.es\\\/\",\"logo\":{\"@type\":\"ImageObject\",\"inLanguage\":\"es\",\"@id\":\"https:\\\/\\\/olivamorosicristians.es\\\/#\\\/schema\\\/logo\\\/image\\\/\",\"url\":\"https:\\\/\\\/i2.wp.com\\\/olivamorosicristians.es\\\/wp-content\\\/uploads\\\/2018\\\/06\\\/Icon_FMiCO.png?fit=50%2C50&ssl=1\",\"contentUrl\":\"https:\\\/\\\/i2.wp.com\\\/olivamorosicristians.es\\\/wp-content\\\/uploads\\\/2018\\\/06\\\/Icon_FMiCO.png?fit=50%2C50&ssl=1\",\"width\":50,\"height\":50,\"caption\":\"Federaci\u00f3 de Moros i Cristians - Oliva\"},\"image\":{\"@id\":\"https:\\\/\\\/olivamorosicristians.es\\\/#\\\/schema\\\/logo\\\/image\\\/\"},\"sameAs\":[\"https:\\\/\\\/www.facebook.com\\\/federaciodemorosicristiansdoliva\\\/\",\"https:\\\/\\\/www.instagram.com\\\/morosicristiansoliva\\\/?hl=es\"]},{\"@type\":\"Person\",\"@id\":\"https:\\\/\\\/olivamorosicristians.es\\\/#\\\/schema\\\/person\\\/21ece052d8816103cad91a2676fd0149\",\"name\":\"Webmaster\",\"image\":{\"@type\":\"ImageObject\",\"inLanguage\":\"es\",\"@id\":\"https:\\\/\\\/secure.gravatar.com\\\/avatar\\\/18de20f14d74abe0c800b423a8b0e24cae6153cb6baeb2c2df80e1cef2117e0d?s=96&d=mm&r=g\",\"url\":\"https:\\\/\\\/secure.gravatar.com\\\/avatar\\\/18de20f14d74abe0c800b423a8b0e24cae6153cb6baeb2c2df80e1cef2117e0d?s=96&d=mm&r=g\",\"contentUrl\":\"https:\\\/\\\/secure.gravatar.com\\\/avatar\\\/18de20f14d74abe0c800b423a8b0e24cae6153cb6baeb2c2df80e1cef2117e0d?s=96&d=mm&r=g\",\"caption\":\"Webmaster\"},\"sameAs\":[\"https:\\\/\\\/www.facebook.com\\\/federaciodemorosicristiansdoliva\",\"https:\\\/\\\/www.instagram.com\\\/morosicristiansoliva\\\/\"]}]}<\/script>\n<!-- \/ Yoast SEO plugin. -->","yoast_head_json":{"title":"Els Moros i Cristians d'Oliva participen en la campanya \"La Reconquesta del Vidrio\", que organitza Ecovidrio en col\u00b7laboraci\u00f3 amb l'Ajuntament d'Oliva - Moros i Cristians Oliva","robots":{"index":"index","follow":"follow","max-snippet":"max-snippet:-1","max-image-preview":"max-image-preview:large","max-video-preview":"max-video-preview:-1"},"canonical":"https:\/\/olivamorosicristians.es\/es\/els-moros-i-cristians-doliva-participen-en-la-campanya-la-reconquesta-del-vidrio-que-organitza-ecovidrio-en-col\u00b7laboracio-amb-lajuntament-doliva\/","og_locale":"es_ES","og_type":"article","og_title":"Els Moros i Cristians d'Oliva participen en la campanya \"La Reconquesta del Vidrio\", que organitza Ecovidrio en col\u00b7laboraci\u00f3 amb l'Ajuntament d'Oliva - Moros i Cristians Oliva","og_description":"Reprodu\u00efm Nota de Premsa d&#8217;Ecovidrio: Ecovidrio y el Ayuntamiento de Oliva fomentan el reciclado de envases de vidrio durante las fiestas de Moros y Cristianos con la campa\u00f1a \u2018La Reconquista del Vidrio\u2019 En la iniciativa participan una treintena de poblaciones que compiten entre s\u00ed para ser el municipio m\u00e1s reciclador en cada una de las [&hellip;]","og_url":"https:\/\/olivamorosicristians.es\/es\/els-moros-i-cristians-doliva-participen-en-la-campanya-la-reconquesta-del-vidrio-que-organitza-ecovidrio-en-col\u00b7laboracio-amb-lajuntament-doliva\/","og_site_name":"Moros i Cristians Oliva","article_publisher":"https:\/\/www.facebook.com\/federaciodemorosicristiansdoliva\/","article_author":"https:\/\/www.facebook.com\/federaciodemorosicristiansdoliva","article_published_time":"2022-07-20T16:29:47+00:00","article_modified_time":"2022-07-20T17:14:50+00:00","og_image":[{"width":1920,"height":1079,"url":"https:\/\/olivamorosicristians.es\/wp-content\/uploads\/2022\/07\/cropped-WEB-MOROS_CAST.png","type":"image\/png"}],"author":"Webmaster","twitter_card":"summary_large_image","twitter_misc":{"Escrito por":"Webmaster","Tiempo de lectura":"6 minutos"},"schema":{"@context":"https:\/\/schema.org","@graph":[{"@type":"Article","@id":"https:\/\/olivamorosicristians.es\/els-moros-i-cristians-doliva-participen-en-la-campanya-la-reconquesta-del-vidrio-que-organitza-ecovidrio-en-col%c2%b7laboracio-amb-lajuntament-doliva\/#article","isPartOf":{"@id":"https:\/\/olivamorosicristians.es\/els-moros-i-cristians-doliva-participen-en-la-campanya-la-reconquesta-del-vidrio-que-organitza-ecovidrio-en-col%c2%b7laboracio-amb-lajuntament-doliva\/"},"author":{"name":"Webmaster","@id":"https:\/\/olivamorosicristians.es\/#\/schema\/person\/21ece052d8816103cad91a2676fd0149"},"headline":"Els Moros i Cristians d&#8217;Oliva participen en la campanya &#8220;La Reconquesta del Vidrio&#8221;, que organitza Ecovidrio en col\u00b7laboraci\u00f3 amb l&#8217;Ajuntament d&#8217;Oliva","datePublished":"2022-07-20T16:29:47+00:00","dateModified":"2022-07-20T17:14:50+00:00","mainEntityOfPage":{"@id":"https:\/\/olivamorosicristians.es\/els-moros-i-cristians-doliva-participen-en-la-campanya-la-reconquesta-del-vidrio-que-organitza-ecovidrio-en-col%c2%b7laboracio-amb-lajuntament-doliva\/"},"wordCount":1206,"publisher":{"@id":"https:\/\/olivamorosicristians.es\/#organization"},"image":{"@id":"https:\/\/olivamorosicristians.es\/els-moros-i-cristians-doliva-participen-en-la-campanya-la-reconquesta-del-vidrio-que-organitza-ecovidrio-en-col%c2%b7laboracio-amb-lajuntament-doliva\/#primaryimage"},"thumbnailUrl":"https:\/\/i0.wp.com\/olivamorosicristians.es\/wp-content\/uploads\/2022\/07\/cropped-WEB-MOROS_CAST.png?fit=1920%2C1079&ssl=1","keywords":["Concursos"],"articleSection":["Varis"],"inLanguage":"es"},{"@type":"WebPage","@id":"https:\/\/olivamorosicristians.es\/els-moros-i-cristians-doliva-participen-en-la-campanya-la-reconquesta-del-vidrio-que-organitza-ecovidrio-en-col%c2%b7laboracio-amb-lajuntament-doliva\/","url":"https:\/\/olivamorosicristians.es\/els-moros-i-cristians-doliva-participen-en-la-campanya-la-reconquesta-del-vidrio-que-organitza-ecovidrio-en-col%c2%b7laboracio-amb-lajuntament-doliva\/","name":"Els Moros i Cristians d'Oliva participen en la campanya \"La Reconquesta del Vidrio\", que organitza Ecovidrio en col\u00b7laboraci\u00f3 amb l'Ajuntament d'Oliva - Moros i Cristians Oliva","isPartOf":{"@id":"https:\/\/olivamorosicristians.es\/#website"},"primaryImageOfPage":{"@id":"https:\/\/olivamorosicristians.es\/els-moros-i-cristians-doliva-participen-en-la-campanya-la-reconquesta-del-vidrio-que-organitza-ecovidrio-en-col%c2%b7laboracio-amb-lajuntament-doliva\/#primaryimage"},"image":{"@id":"https:\/\/olivamorosicristians.es\/els-moros-i-cristians-doliva-participen-en-la-campanya-la-reconquesta-del-vidrio-que-organitza-ecovidrio-en-col%c2%b7laboracio-amb-lajuntament-doliva\/#primaryimage"},"thumbnailUrl":"https:\/\/i0.wp.com\/olivamorosicristians.es\/wp-content\/uploads\/2022\/07\/cropped-WEB-MOROS_CAST.png?fit=1920%2C1079&ssl=1","datePublished":"2022-07-20T16:29:47+00:00","dateModified":"2022-07-20T17:14:50+00:00","breadcrumb":{"@id":"https:\/\/olivamorosicristians.es\/els-moros-i-cristians-doliva-participen-en-la-campanya-la-reconquesta-del-vidrio-que-organitza-ecovidrio-en-col%c2%b7laboracio-amb-lajuntament-doliva\/#breadcrumb"},"inLanguage":"es","potentialAction":[{"@type":"ReadAction","target":["https:\/\/olivamorosicristians.es\/els-moros-i-cristians-doliva-participen-en-la-campanya-la-reconquesta-del-vidrio-que-organitza-ecovidrio-en-col%c2%b7laboracio-amb-lajuntament-doliva\/"]}]},{"@type":"ImageObject","inLanguage":"es","@id":"https:\/\/olivamorosicristians.es\/els-moros-i-cristians-doliva-participen-en-la-campanya-la-reconquesta-del-vidrio-que-organitza-ecovidrio-en-col%c2%b7laboracio-amb-lajuntament-doliva\/#primaryimage","url":"https:\/\/i0.wp.com\/olivamorosicristians.es\/wp-content\/uploads\/2022\/07\/cropped-WEB-MOROS_CAST.png?fit=1920%2C1079&ssl=1","contentUrl":"https:\/\/i0.wp.com\/olivamorosicristians.es\/wp-content\/uploads\/2022\/07\/cropped-WEB-MOROS_CAST.png?fit=1920%2C1079&ssl=1","width":1920,"height":1079},{"@type":"BreadcrumbList","@id":"https:\/\/olivamorosicristians.es\/els-moros-i-cristians-doliva-participen-en-la-campanya-la-reconquesta-del-vidrio-que-organitza-ecovidrio-en-col%c2%b7laboracio-amb-lajuntament-doliva\/#breadcrumb","itemListElement":[{"@type":"ListItem","position":1,"name":"Portada","item":"https:\/\/olivamorosicristians.es\/"},{"@type":"ListItem","position":2,"name":"Els Moros i Cristians d&#8217;Oliva participen en la campanya \u00abLa Reconquesta del Vidrio\u00bb, que organitza Ecovidrio en col\u00b7laboraci\u00f3 amb l&#8217;Ajuntament d&#8217;Oliva"}]},{"@type":"WebSite","@id":"https:\/\/olivamorosicristians.es\/#website","url":"https:\/\/olivamorosicristians.es\/","name":"Moros i Cristians Oliva","description":"FMCO","publisher":{"@id":"https:\/\/olivamorosicristians.es\/#organization"},"potentialAction":[{"@type":"SearchAction","target":{"@type":"EntryPoint","urlTemplate":"https:\/\/olivamorosicristians.es\/?s={search_term_string}"},"query-input":{"@type":"PropertyValueSpecification","valueRequired":true,"valueName":"search_term_string"}}],"inLanguage":"es"},{"@type":"Organization","@id":"https:\/\/olivamorosicristians.es\/#organization","name":"La Federaci\u00f3n de Moros y Cristianos de Oliva","url":"https:\/\/olivamorosicristians.es\/","logo":{"@type":"ImageObject","inLanguage":"es","@id":"https:\/\/olivamorosicristians.es\/#\/schema\/logo\/image\/","url":"https:\/\/i2.wp.com\/olivamorosicristians.es\/wp-content\/uploads\/2018\/06\/Icon_FMiCO.png?fit=50%2C50&ssl=1","contentUrl":"https:\/\/i2.wp.com\/olivamorosicristians.es\/wp-content\/uploads\/2018\/06\/Icon_FMiCO.png?fit=50%2C50&ssl=1","width":50,"height":50,"caption":"Federaci\u00f3 de Moros i Cristians - Oliva"},"image":{"@id":"https:\/\/olivamorosicristians.es\/#\/schema\/logo\/image\/"},"sameAs":["https:\/\/www.facebook.com\/federaciodemorosicristiansdoliva\/","https:\/\/www.instagram.com\/morosicristiansoliva\/?hl=es"]},{"@type":"Person","@id":"https:\/\/olivamorosicristians.es\/#\/schema\/person\/21ece052d8816103cad91a2676fd0149","name":"Webmaster","image":{"@type":"ImageObject","inLanguage":"es","@id":"https:\/\/secure.gravatar.com\/avatar\/18de20f14d74abe0c800b423a8b0e24cae6153cb6baeb2c2df80e1cef2117e0d?s=96&d=mm&r=g","url":"https:\/\/secure.gravatar.com\/avatar\/18de20f14d74abe0c800b423a8b0e24cae6153cb6baeb2c2df80e1cef2117e0d?s=96&d=mm&r=g","contentUrl":"https:\/\/secure.gravatar.com\/avatar\/18de20f14d74abe0c800b423a8b0e24cae6153cb6baeb2c2df80e1cef2117e0d?s=96&d=mm&r=g","caption":"Webmaster"},"sameAs":["https:\/\/www.facebook.com\/federaciodemorosicristiansdoliva","https:\/\/www.instagram.com\/morosicristiansoliva\/"]}]}},"jetpack_publicize_connections":[],"jetpack_featured_media_url":"https:\/\/i0.wp.com\/olivamorosicristians.es\/wp-content\/uploads\/2022\/07\/cropped-WEB-MOROS_CAST.png?fit=1920%2C1079&ssl=1","jetpack_sharing_enabled":true,"jetpack_shortlink":"https:\/\/wp.me\/pagEx6-2MD","jetpack-related-posts":[],"_links":{"self":[{"href":"https:\/\/olivamorosicristians.es\/es\/wp-json\/wp\/v2\/posts\/10703","targetHints":{"allow":["GET"]}}],"collection":[{"href":"https:\/\/olivamorosicristians.es\/es\/wp-json\/wp\/v2\/posts"}],"about":[{"href":"https:\/\/olivamorosicristians.es\/es\/wp-json\/wp\/v2\/types\/post"}],"author":[{"embeddable":true,"href":"https:\/\/olivamorosicristians.es\/es\/wp-json\/wp\/v2\/users\/1"}],"replies":[{"embeddable":true,"href":"https:\/\/olivamorosicristians.es\/es\/wp-json\/wp\/v2\/comments?post=10703"}],"version-history":[{"count":1,"href":"https:\/\/olivamorosicristians.es\/es\/wp-json\/wp\/v2\/posts\/10703\/revisions"}],"predecessor-version":[{"id":10704,"href":"https:\/\/olivamorosicristians.es\/es\/wp-json\/wp\/v2\/posts\/10703\/revisions\/10704"}],"wp:featuredmedia":[{"embeddable":true,"href":"https:\/\/olivamorosicristians.es\/es\/wp-json\/wp\/v2\/media\/10724"}],"wp:attachment":[{"href":"https:\/\/olivamorosicristians.es\/es\/wp-json\/wp\/v2\/media?parent=10703"}],"wp:term":[{"taxonomy":"category","embeddable":true,"href":"https:\/\/olivamorosicristians.es\/es\/wp-json\/wp\/v2\/categories?post=10703"},{"taxonomy":"post_tag","embeddable":true,"href":"https:\/\/olivamorosicristians.es\/es\/wp-json\/wp\/v2\/tags?post=10703"}],"curies":[{"name":"wp","href":"https:\/\/api.w.org\/{rel}","templated":true}]}}