{"id":10675,"date":"2022-07-15T12:04:48","date_gmt":"2022-07-15T10:04:48","guid":{"rendered":"https:\/\/olivamorosicristians.es\/?p=10675"},"modified":"2022-07-20T19:59:01","modified_gmt":"2022-07-20T17:59:01","slug":"els-moros-i-cristians-doliva-presenten-els-seus-carrecs-dissabte-a-lesplanada-del-castell","status":"publish","type":"post","link":"https:\/\/olivamorosicristians.es\/es\/els-moros-i-cristians-doliva-presenten-els-seus-carrecs-dissabte-a-lesplanada-del-castell\/","title":{"rendered":"Els Moros i Cristians d\u2019Oliva presenten els seus c\u00e0rrecs dissabte a l\u2019esplanada del Castell"},"content":{"rendered":"<p><em>La Federaci\u00f3 de Moros i Cristians d\u2019Oliva anuncia que dissabte 16 de juliol es celebrar\u00e0 la presentaci\u00f3 dels c\u00e0rrecs de les Festes dels Moros i Cristians d\u2019Oliva de 2022 a l\u2019esplanada del castell (Parc de l\u2019Estaci\u00f3), a partir de les 22:00h<\/em><\/p>\n\n\n\n<p>La Federaci\u00f3 de Moros i Cristians d\u2019Oliva, en col\u00b7laboraci\u00f3 amb la regidoria de festes de l\u2019Ajuntament d\u2019Oliva, realitzar\u00e0, a partir de les 22:00h, a l\u2019esplanada del Castell (Parc de l\u2019Estaci\u00f3), la presentaci\u00f3 dels c\u00e0rrecs 2022, els quals lluiran per primera vegada la indument\u00e0ria festera.<\/p>\n\n\n\n<p>Pr\u00e8viament, a les 19:30h, es concentraran els presidents i presidentes de totes les filades, la Junta de Govern de la FMiCO, l\u2019abanderat de la Federaci\u00f3, Guillem Mart\u00ednez Sendra, els abanderats de totes les filades i les escortes dels c\u00e0rrecs festers de 2022, de les filades Taifes i Masers, a la pla\u00e7a de l\u2019Ajuntament, per iniciar la cercavila pels carrers de la ciutat, per anar a recollir als c\u00e0rrecs.<\/p>\n\n\n\n<p>La primera parada ser\u00e0 a la c\u00e0bila dels Masers, a la Pla\u00e7a Joan Baptista Escriv\u00e0 (Pla\u00e7a del Mercat), on la Capitana Cristiana, Rosanna Lloret Ferrer, i la seua Ambaixadora, Cristina Ure\u00f1a Codina, rebran a la comitiva. All\u00ed, l\u2019escorta masera saludar\u00e0 els c\u00e0rrecs i s\u2019interpretaran marxes cristianes per part de l\u2019AAMO.<\/p>\n\n\n\n<p>Tot seguit continuar\u00e0 la cercavila cap a la c\u00e0bila dels Taifes, al carrer Papa Alexandre VI, on es saludar\u00e0 a la Capitana Mora 2022, Susana Ferrer Salort, i al seua Ambaixador, Manolo Aracil Portes, escortats pels guerrers i guerreres de la seua Fil\u00e0. All\u00ed, l\u2019AAMO interpretar\u00e0 marxes mores.<\/p>\n\n\n\n<p>Despr\u00e9s, la comitiva s\u2019encaminar\u00e0 cap a l\u2019esplanada del Castell per comen\u00e7ar, a les 22:00h, l\u2019acte de presentaci\u00f3 de c\u00e0rrecs.<\/p>\n\n\n\n<p>A l\u2019hora indicada, els presentadors Mar Guerola Ure\u00f1a (Fil\u00e0 Masers) i Arnau Mart\u00ednez Sendra (Taifes) els quals donaran pas a l\u2019abanderat de la Federaci\u00f3, Guillem Mart\u00ednez Sendra (Fil\u00e0 Taifes), i al president de la FMiCO, \u00d3scar Prieto Ramos, que presidiran l\u2019acte.<\/p>\n\n\n\n<p>All\u00ed rebran als c\u00e0rrecs festers de 2022 que, escortats pels seus guerrers i guerreres, pujaran a l\u2019escenari entre aplaudiments dels assistents.<\/p>\n\n\n\n<p><strong>B\u00e0ndol Cristi\u00e0, Filada Masers:<\/strong><\/p>\n\n\n\n<p>Capitana: Rosanna Lloret Ferrer<\/p>\n\n\n\n<p>Ambaixadora: Cristina Ure\u00f1a Codina<\/p>\n\n\n\n<p><strong>B\u00e0ndol Moro, Filada Taifes:<\/strong><\/p>\n\n\n\n<p>Capitana: Susana Ferrer Salort<\/p>\n\n\n\n<p>Ambaixador: Manolo Aracil Portes<\/p>\n\n\n\n<p>Tot seguit es donar\u00e0 pas als presidents, presidentes i abanderats i abanderades de les 11 filades que conformen la Festa de Moros i Cristians d\u2019Oliva, els quals saludaran als c\u00e0rrecs i esperaran dalt l\u2019escenari les paraules del president de la Federaci\u00f3, \u00d3scar Prieto Ramos, i la sra. Alcaldessa d\u2019Oliva, Yolanda Balaguer Peric\u00e0s, que convidaran a la ciutadania a participar de les festes m\u00e9s multitudin\u00e0ries de la nostra localitat.<\/p>\n\n\n\n<p><strong>\u00d3scar Prieto, president FMiCO: <\/strong>\u00abDespr\u00e9s d\u2019aquests anys tan durs, la Festa torna a estar als carrers d\u2019Oliva. Gr\u00e0cies a un sacrifici i esfor\u00e7 col\u00b7lectiu, els Moros i Cristians d\u2019Oliva s\u2019han mantingut ben vius. \u00c9s moment de cridar ben fort que <em>Tornem a baixar Loygorri<\/em>\u00bb.<\/p>\n\n\n\n<p><strong>Yolanda Navarro, regidora de Festes:<\/strong> \u201caquest any ser\u00e0 m\u00e9s especial si cap perqu\u00e8 veurem com tres dones ostenten els c\u00e0rrecs m\u00e9s importants de la festa. Un fet molt destacat que demostra la igualtat als Moros i Cristians, aix\u00ed com a totes les festivitats d\u2019Oliva.<\/p>\n\n\n\n<p>\u00c9s un orgull comprovar que totes elles progressen involucrant tant a les dones com als m\u00e9s menuts. Perqu\u00e8 al cap i a la fi, som el present i tamb\u00e9 el futur d\u2019una festa proclamada d\u2019Inter\u00e9s Tur\u00edstic Auton\u00f2mic\u201d.<\/p>\n\n\n\n<p>Recordem que diumenge 17 de juliol, a la pla\u00e7a de Sant Roc, es realitzar\u00e0 el tradicional Concert-Festival de M\u00fasica festera a c\u00e0rrec de l\u2019AAMO i la Colla de Tabaleters i Dol\u00e7ainers Sarabanda d\u2019Oliva.<\/p>\n\n\n\n<figure class=\"wp-block-gallery aligncenter has-nested-images columns-default is-cropped wp-block-gallery-1 is-layout-flex wp-block-gallery-is-layout-flex\">\n<figure class=\"wp-block-image size-full\"><img data-recalc-dims=\"1\" loading=\"lazy\" decoding=\"async\" width=\"1170\" height=\"1463\" data-attachment-id=\"10676\" data-permalink=\"https:\/\/olivamorosicristians.es\/es\/els-moros-i-cristians-doliva-presenten-els-seus-carrecs-dissabte-a-lesplanada-del-castell\/susana_vertical_300ppp-1\/\" data-orig-file=\"https:\/\/i0.wp.com\/olivamorosicristians.es\/wp-content\/uploads\/2022\/07\/susana_vertical_300ppp-1-scaled.jpg?fit=2048%2C2560&amp;ssl=1\" data-orig-size=\"2048,2560\" data-comments-opened=\"0\" data-image-meta=\"{&quot;aperture&quot;:&quot;5&quot;,&quot;credit&quot;:&quot;&quot;,&quot;camera&quot;:&quot;Canon EOS 6D&quot;,&quot;caption&quot;:&quot;&quot;,&quot;created_timestamp&quot;:&quot;1381666355&quot;,&quot;copyright&quot;:&quot;&quot;,&quot;focal_length&quot;:&quot;160&quot;,&quot;iso&quot;:&quot;200&quot;,&quot;shutter_speed&quot;:&quot;0.003125&quot;,&quot;title&quot;:&quot;&quot;,&quot;orientation&quot;:&quot;1&quot;}\" data-image-title=\"susana_vertical_300ppp-1\" data-image-description=\"\" data-image-caption=\"\" data-large-file=\"https:\/\/i0.wp.com\/olivamorosicristians.es\/wp-content\/uploads\/2022\/07\/susana_vertical_300ppp-1-scaled.jpg?fit=819%2C1024&amp;ssl=1\" data-id=\"10676\" src=\"https:\/\/i0.wp.com\/olivamorosicristians.es\/wp-content\/uploads\/2022\/07\/susana_vertical_300ppp-1-scaled.jpg?resize=1170%2C1463&#038;ssl=1\" alt=\"\" class=\"wp-image-10676\" srcset=\"https:\/\/i0.wp.com\/olivamorosicristians.es\/wp-content\/uploads\/2022\/07\/susana_vertical_300ppp-1-scaled.jpg?w=2048&amp;ssl=1 2048w, https:\/\/i0.wp.com\/olivamorosicristians.es\/wp-content\/uploads\/2022\/07\/susana_vertical_300ppp-1-scaled.jpg?resize=240%2C300&amp;ssl=1 240w, https:\/\/i0.wp.com\/olivamorosicristians.es\/wp-content\/uploads\/2022\/07\/susana_vertical_300ppp-1-scaled.jpg?resize=819%2C1024&amp;ssl=1 819w, https:\/\/i0.wp.com\/olivamorosicristians.es\/wp-content\/uploads\/2022\/07\/susana_vertical_300ppp-1-scaled.jpg?resize=768%2C960&amp;ssl=1 768w, https:\/\/i0.wp.com\/olivamorosicristians.es\/wp-content\/uploads\/2022\/07\/susana_vertical_300ppp-1-scaled.jpg?resize=1229%2C1536&amp;ssl=1 1229w, https:\/\/i0.wp.com\/olivamorosicristians.es\/wp-content\/uploads\/2022\/07\/susana_vertical_300ppp-1-scaled.jpg?resize=1639%2C2048&amp;ssl=1 1639w, https:\/\/i0.wp.com\/olivamorosicristians.es\/wp-content\/uploads\/2022\/07\/susana_vertical_300ppp-1-scaled.jpg?resize=640%2C800&amp;ssl=1 640w, https:\/\/i0.wp.com\/olivamorosicristians.es\/wp-content\/uploads\/2022\/07\/susana_vertical_300ppp-1-scaled.jpg?resize=1280%2C1600&amp;ssl=1 1280w, https:\/\/i0.wp.com\/olivamorosicristians.es\/wp-content\/uploads\/2022\/07\/susana_vertical_300ppp-1-scaled.jpg?resize=1320%2C1650&amp;ssl=1 1320w\" sizes=\"auto, (max-width: 1170px) 100vw, 1170px\" \/><\/figure>\n<figcaption class=\"blocks-gallery-caption\">Susana Ferrer, capitana mora 2022<br><\/figcaption><\/figure>\n\n\n<div class=\"wp-block-image\">\n<figure class=\"aligncenter size-large\"><img data-recalc-dims=\"1\" loading=\"lazy\" decoding=\"async\" width=\"808\" height=\"1024\" data-attachment-id=\"10677\" data-permalink=\"https:\/\/olivamorosicristians.es\/es\/els-moros-i-cristians-doliva-presenten-els-seus-carrecs-dissabte-a-lesplanada-del-castell\/capitana-2-1\/\" data-orig-file=\"https:\/\/i0.wp.com\/olivamorosicristians.es\/wp-content\/uploads\/2022\/07\/CAPITANA-2-1-scaled.jpg?fit=2019%2C2560&amp;ssl=1\" data-orig-size=\"2019,2560\" data-comments-opened=\"0\" data-image-meta=\"{&quot;aperture&quot;:&quot;10&quot;,&quot;credit&quot;:&quot;&quot;,&quot;camera&quot;:&quot;Canon EOS 500D&quot;,&quot;caption&quot;:&quot;&quot;,&quot;created_timestamp&quot;:&quot;1651865802&quot;,&quot;copyright&quot;:&quot;&quot;,&quot;focal_length&quot;:&quot;28&quot;,&quot;iso&quot;:&quot;100&quot;,&quot;shutter_speed&quot;:&quot;0.004&quot;,&quot;title&quot;:&quot;&quot;,&quot;orientation&quot;:&quot;1&quot;}\" data-image-title=\"CAPITANA-2-1\" data-image-description=\"\" data-image-caption=\"\" data-large-file=\"https:\/\/i0.wp.com\/olivamorosicristians.es\/wp-content\/uploads\/2022\/07\/CAPITANA-2-1-scaled.jpg?fit=808%2C1024&amp;ssl=1\" src=\"https:\/\/i0.wp.com\/olivamorosicristians.es\/wp-content\/uploads\/2022\/07\/CAPITANA-2-1.jpg?resize=808%2C1024&#038;ssl=1\" alt=\"\" class=\"wp-image-10677\" srcset=\"https:\/\/i0.wp.com\/olivamorosicristians.es\/wp-content\/uploads\/2022\/07\/CAPITANA-2-1-scaled.jpg?resize=808%2C1024&amp;ssl=1 808w, https:\/\/i0.wp.com\/olivamorosicristians.es\/wp-content\/uploads\/2022\/07\/CAPITANA-2-1-scaled.jpg?resize=237%2C300&amp;ssl=1 237w, https:\/\/i0.wp.com\/olivamorosicristians.es\/wp-content\/uploads\/2022\/07\/CAPITANA-2-1-scaled.jpg?resize=768%2C974&amp;ssl=1 768w, https:\/\/i0.wp.com\/olivamorosicristians.es\/wp-content\/uploads\/2022\/07\/CAPITANA-2-1-scaled.jpg?resize=1211%2C1536&amp;ssl=1 1211w, https:\/\/i0.wp.com\/olivamorosicristians.es\/wp-content\/uploads\/2022\/07\/CAPITANA-2-1-scaled.jpg?resize=1615%2C2048&amp;ssl=1 1615w, https:\/\/i0.wp.com\/olivamorosicristians.es\/wp-content\/uploads\/2022\/07\/CAPITANA-2-1-scaled.jpg?resize=640%2C811&amp;ssl=1 640w, https:\/\/i0.wp.com\/olivamorosicristians.es\/wp-content\/uploads\/2022\/07\/CAPITANA-2-1-scaled.jpg?resize=1280%2C1623&amp;ssl=1 1280w, https:\/\/i0.wp.com\/olivamorosicristians.es\/wp-content\/uploads\/2022\/07\/CAPITANA-2-1-scaled.jpg?resize=1320%2C1674&amp;ssl=1 1320w, https:\/\/i0.wp.com\/olivamorosicristians.es\/wp-content\/uploads\/2022\/07\/CAPITANA-2-1-scaled.jpg?w=2019&amp;ssl=1 2019w\" sizes=\"auto, (max-width: 808px) 100vw, 808px\" \/><figcaption>Rosanna Lloret, capitana cristiana 2022<\/figcaption><\/figure>\n<\/div>\n\n<div class=\"wp-block-image\">\n<figure class=\"aligncenter size-large\"><img data-recalc-dims=\"1\" loading=\"lazy\" decoding=\"async\" width=\"819\" height=\"1024\" data-attachment-id=\"10678\" data-permalink=\"https:\/\/olivamorosicristians.es\/es\/els-moros-i-cristians-doliva-presenten-els-seus-carrecs-dissabte-a-lesplanada-del-castell\/manolo_vertical_300ppp-3-1\/\" data-orig-file=\"https:\/\/i0.wp.com\/olivamorosicristians.es\/wp-content\/uploads\/2022\/07\/Manolo_vertical_300ppp-3-1-scaled.jpg?fit=2048%2C2560&amp;ssl=1\" data-orig-size=\"2048,2560\" data-comments-opened=\"0\" data-image-meta=\"{&quot;aperture&quot;:&quot;5.6&quot;,&quot;credit&quot;:&quot;JAVIER J.NOZ&quot;,&quot;camera&quot;:&quot;Canon EOS 5D Mark II&quot;,&quot;caption&quot;:&quot;&quot;,&quot;created_timestamp&quot;:&quot;1650542641&quot;,&quot;copyright&quot;:&quot;&quot;,&quot;focal_length&quot;:&quot;50&quot;,&quot;iso&quot;:&quot;100&quot;,&quot;shutter_speed&quot;:&quot;0.005&quot;,&quot;title&quot;:&quot;&quot;,&quot;orientation&quot;:&quot;0&quot;}\" data-image-title=\"Manolo_vertical_300ppp-3-1\" data-image-description=\"\" data-image-caption=\"\" data-large-file=\"https:\/\/i0.wp.com\/olivamorosicristians.es\/wp-content\/uploads\/2022\/07\/Manolo_vertical_300ppp-3-1-scaled.jpg?fit=819%2C1024&amp;ssl=1\" src=\"https:\/\/i0.wp.com\/olivamorosicristians.es\/wp-content\/uploads\/2022\/07\/Manolo_vertical_300ppp-3-1.jpg?resize=819%2C1024&#038;ssl=1\" alt=\"\" class=\"wp-image-10678\" srcset=\"https:\/\/i0.wp.com\/olivamorosicristians.es\/wp-content\/uploads\/2022\/07\/Manolo_vertical_300ppp-3-1-scaled.jpg?resize=819%2C1024&amp;ssl=1 819w, https:\/\/i0.wp.com\/olivamorosicristians.es\/wp-content\/uploads\/2022\/07\/Manolo_vertical_300ppp-3-1-scaled.jpg?resize=240%2C300&amp;ssl=1 240w, https:\/\/i0.wp.com\/olivamorosicristians.es\/wp-content\/uploads\/2022\/07\/Manolo_vertical_300ppp-3-1-scaled.jpg?resize=768%2C960&amp;ssl=1 768w, https:\/\/i0.wp.com\/olivamorosicristians.es\/wp-content\/uploads\/2022\/07\/Manolo_vertical_300ppp-3-1-scaled.jpg?resize=1229%2C1536&amp;ssl=1 1229w, https:\/\/i0.wp.com\/olivamorosicristians.es\/wp-content\/uploads\/2022\/07\/Manolo_vertical_300ppp-3-1-scaled.jpg?resize=1639%2C2048&amp;ssl=1 1639w, https:\/\/i0.wp.com\/olivamorosicristians.es\/wp-content\/uploads\/2022\/07\/Manolo_vertical_300ppp-3-1-scaled.jpg?resize=640%2C800&amp;ssl=1 640w, https:\/\/i0.wp.com\/olivamorosicristians.es\/wp-content\/uploads\/2022\/07\/Manolo_vertical_300ppp-3-1-scaled.jpg?resize=1280%2C1600&amp;ssl=1 1280w, https:\/\/i0.wp.com\/olivamorosicristians.es\/wp-content\/uploads\/2022\/07\/Manolo_vertical_300ppp-3-1-scaled.jpg?resize=1320%2C1650&amp;ssl=1 1320w, https:\/\/i0.wp.com\/olivamorosicristians.es\/wp-content\/uploads\/2022\/07\/Manolo_vertical_300ppp-3-1-scaled.jpg?w=2048&amp;ssl=1 2048w\" sizes=\"auto, (max-width: 819px) 100vw, 819px\" \/><figcaption>Manolo Aracil, ambaixador moro 2022<\/figcaption><\/figure>\n<\/div>\n\n\n<p><\/p>\n\n\n<div class=\"wp-block-image\">\n<figure class=\"aligncenter size-large\"><img data-recalc-dims=\"1\" loading=\"lazy\" decoding=\"async\" width=\"822\" height=\"1024\" data-attachment-id=\"10679\" data-permalink=\"https:\/\/olivamorosicristians.es\/es\/els-moros-i-cristians-doliva-presenten-els-seus-carrecs-dissabte-a-lesplanada-del-castell\/ambaixadora-bo1-1\/\" data-orig-file=\"https:\/\/i0.wp.com\/olivamorosicristians.es\/wp-content\/uploads\/2022\/07\/AMBAIXADORA-BO1-1-scaled.jpg?fit=2056%2C2560&amp;ssl=1\" data-orig-size=\"2056,2560\" data-comments-opened=\"0\" data-image-meta=\"{&quot;aperture&quot;:&quot;10&quot;,&quot;credit&quot;:&quot;&quot;,&quot;camera&quot;:&quot;Canon EOS 500D&quot;,&quot;caption&quot;:&quot;&quot;,&quot;created_timestamp&quot;:&quot;1651868918&quot;,&quot;copyright&quot;:&quot;&quot;,&quot;focal_length&quot;:&quot;28&quot;,&quot;iso&quot;:&quot;100&quot;,&quot;shutter_speed&quot;:&quot;0.004&quot;,&quot;title&quot;:&quot;&quot;,&quot;orientation&quot;:&quot;1&quot;}\" data-image-title=\"AMBAIXADORA-BO1-1\" data-image-description=\"\" data-image-caption=\"\" data-large-file=\"https:\/\/i0.wp.com\/olivamorosicristians.es\/wp-content\/uploads\/2022\/07\/AMBAIXADORA-BO1-1-scaled.jpg?fit=822%2C1024&amp;ssl=1\" src=\"https:\/\/i0.wp.com\/olivamorosicristians.es\/wp-content\/uploads\/2022\/07\/AMBAIXADORA-BO1-1.jpg?resize=822%2C1024&#038;ssl=1\" alt=\"\" class=\"wp-image-10679\" srcset=\"https:\/\/i0.wp.com\/olivamorosicristians.es\/wp-content\/uploads\/2022\/07\/AMBAIXADORA-BO1-1-scaled.jpg?resize=822%2C1024&amp;ssl=1 822w, https:\/\/i0.wp.com\/olivamorosicristians.es\/wp-content\/uploads\/2022\/07\/AMBAIXADORA-BO1-1-scaled.jpg?resize=241%2C300&amp;ssl=1 241w, https:\/\/i0.wp.com\/olivamorosicristians.es\/wp-content\/uploads\/2022\/07\/AMBAIXADORA-BO1-1-scaled.jpg?resize=768%2C956&amp;ssl=1 768w, https:\/\/i0.wp.com\/olivamorosicristians.es\/wp-content\/uploads\/2022\/07\/AMBAIXADORA-BO1-1-scaled.jpg?resize=1234%2C1536&amp;ssl=1 1234w, https:\/\/i0.wp.com\/olivamorosicristians.es\/wp-content\/uploads\/2022\/07\/AMBAIXADORA-BO1-1-scaled.jpg?resize=1645%2C2048&amp;ssl=1 1645w, https:\/\/i0.wp.com\/olivamorosicristians.es\/wp-content\/uploads\/2022\/07\/AMBAIXADORA-BO1-1-scaled.jpg?resize=640%2C797&amp;ssl=1 640w, https:\/\/i0.wp.com\/olivamorosicristians.es\/wp-content\/uploads\/2022\/07\/AMBAIXADORA-BO1-1-scaled.jpg?resize=1280%2C1594&amp;ssl=1 1280w, https:\/\/i0.wp.com\/olivamorosicristians.es\/wp-content\/uploads\/2022\/07\/AMBAIXADORA-BO1-1-scaled.jpg?resize=1320%2C1644&amp;ssl=1 1320w\" sizes=\"auto, (max-width: 822px) 100vw, 822px\" \/><figcaption>Cristina Ure\u00f1a, ambaixadora cristiana 2022<\/figcaption><\/figure>\n<\/div>\n\n\n<p><\/p>","protected":false},"excerpt":{"rendered":"<p>La Federaci\u00f3 de Moros i Cristians d\u2019Oliva anuncia que dissabte 16 de juliol es celebrar\u00e0 la presentaci\u00f3 dels c\u00e0rrecs de les Festes dels Moros i Cristians d\u2019Oliva de 2022 a l\u2019esplanada del castell (Parc de l\u2019Estaci\u00f3), a partir de les 22:00h La Federaci\u00f3 de Moros i Cristians d\u2019Oliva, en col\u00b7laboraci\u00f3 amb la regidoria de festes [&hellip;]<\/p>\n","protected":false},"author":1,"featured_media":10731,"comment_status":"closed","ping_status":"open","sticky":false,"template":"","format":"standard","meta":{"jetpack_post_was_ever_published":false,"_jetpack_newsletter_access":"","_jetpack_dont_email_post_to_subs":false,"_jetpack_newsletter_tier_id":0,"_jetpack_memberships_contains_paywalled_content":false,"_jetpack_memberships_contains_paid_content":false,"footnotes":"","jetpack_publicize_message":"","jetpack_publicize_feature_enabled":true,"jetpack_social_post_already_shared":true,"jetpack_social_options":{"image_generator_settings":{"template":"highway","default_image_id":0,"font":"","enabled":false},"version":2}},"categories":[152],"tags":[],"class_list":["post-10675","post","type-post","status-publish","format-standard","has-post-thumbnail","hentry","category-actes-oficials"],"yoast_head":"<!-- This site is optimized with the Yoast SEO plugin v27.4 - https:\/\/yoast.com\/product\/yoast-seo-wordpress\/ -->\n<title>Els Moros i Cristians d\u2019Oliva presenten els seus c\u00e0rrecs dissabte a l\u2019esplanada del Castell - Moros i Cristians Oliva<\/title>\n<meta name=\"robots\" content=\"index, follow, max-snippet:-1, max-image-preview:large, max-video-preview:-1\" \/>\n<link rel=\"canonical\" href=\"https:\/\/olivamorosicristians.es\/es\/els-moros-i-cristians-doliva-presenten-els-seus-carrecs-dissabte-a-lesplanada-del-castell\/\" \/>\n<meta property=\"og:locale\" content=\"es_ES\" \/>\n<meta property=\"og:type\" content=\"article\" \/>\n<meta property=\"og:title\" content=\"Els Moros i Cristians d\u2019Oliva presenten els seus c\u00e0rrecs dissabte a l\u2019esplanada del Castell - Moros i Cristians Oliva\" \/>\n<meta property=\"og:description\" content=\"La Federaci\u00f3 de Moros i Cristians d\u2019Oliva anuncia que dissabte 16 de juliol es celebrar\u00e0 la presentaci\u00f3 dels c\u00e0rrecs de les Festes dels Moros i Cristians d\u2019Oliva de 2022 a l\u2019esplanada del castell (Parc de l\u2019Estaci\u00f3), a partir de les 22:00h La Federaci\u00f3 de Moros i Cristians d\u2019Oliva, en col\u00b7laboraci\u00f3 amb la regidoria de festes [&hellip;]\" \/>\n<meta property=\"og:url\" content=\"https:\/\/olivamorosicristians.es\/es\/els-moros-i-cristians-doliva-presenten-els-seus-carrecs-dissabte-a-lesplanada-del-castell\/\" \/>\n<meta property=\"og:site_name\" content=\"Moros i Cristians Oliva\" \/>\n<meta property=\"article:publisher\" content=\"https:\/\/www.facebook.com\/federaciodemorosicristiansdoliva\/\" \/>\n<meta property=\"article:author\" content=\"https:\/\/www.facebook.com\/federaciodemorosicristiansdoliva\" \/>\n<meta property=\"article:published_time\" content=\"2022-07-15T10:04:48+00:00\" \/>\n<meta property=\"article:modified_time\" content=\"2022-07-20T17:59:01+00:00\" \/>\n<meta property=\"og:image\" content=\"https:\/\/olivamorosicristians.es\/wp-content\/uploads\/2022\/07\/Federacio.jpg\" \/>\n\t<meta property=\"og:image:width\" content=\"939\" \/>\n\t<meta property=\"og:image:height\" content=\"417\" \/>\n\t<meta property=\"og:image:type\" content=\"image\/jpeg\" \/>\n<meta name=\"author\" content=\"Webmaster\" \/>\n<meta name=\"twitter:card\" content=\"summary_large_image\" \/>\n<meta name=\"twitter:label1\" content=\"Escrito por\" \/>\n\t<meta name=\"twitter:data1\" content=\"Webmaster\" \/>\n\t<meta name=\"twitter:label2\" content=\"Tiempo de lectura\" \/>\n\t<meta name=\"twitter:data2\" content=\"4 minutos\" \/>\n<script type=\"application\/ld+json\" class=\"yoast-schema-graph\">{\"@context\":\"https:\\\/\\\/schema.org\",\"@graph\":[{\"@type\":\"Article\",\"@id\":\"https:\\\/\\\/olivamorosicristians.es\\\/els-moros-i-cristians-doliva-presenten-els-seus-carrecs-dissabte-a-lesplanada-del-castell\\\/#article\",\"isPartOf\":{\"@id\":\"https:\\\/\\\/olivamorosicristians.es\\\/els-moros-i-cristians-doliva-presenten-els-seus-carrecs-dissabte-a-lesplanada-del-castell\\\/\"},\"author\":{\"name\":\"Webmaster\",\"@id\":\"https:\\\/\\\/olivamorosicristians.es\\\/#\\\/schema\\\/person\\\/21ece052d8816103cad91a2676fd0149\"},\"headline\":\"Els Moros i Cristians d\u2019Oliva presenten els seus c\u00e0rrecs dissabte a l\u2019esplanada del Castell\",\"datePublished\":\"2022-07-15T10:04:48+00:00\",\"dateModified\":\"2022-07-20T17:59:01+00:00\",\"mainEntityOfPage\":{\"@id\":\"https:\\\/\\\/olivamorosicristians.es\\\/els-moros-i-cristians-doliva-presenten-els-seus-carrecs-dissabte-a-lesplanada-del-castell\\\/\"},\"wordCount\":685,\"publisher\":{\"@id\":\"https:\\\/\\\/olivamorosicristians.es\\\/#organization\"},\"image\":{\"@id\":\"https:\\\/\\\/olivamorosicristians.es\\\/els-moros-i-cristians-doliva-presenten-els-seus-carrecs-dissabte-a-lesplanada-del-castell\\\/#primaryimage\"},\"thumbnailUrl\":\"https:\\\/\\\/i0.wp.com\\\/olivamorosicristians.es\\\/wp-content\\\/uploads\\\/2022\\\/07\\\/Federacio.jpg?fit=939%2C417&ssl=1\",\"articleSection\":[\"Actes oficials\"],\"inLanguage\":\"es\"},{\"@type\":\"WebPage\",\"@id\":\"https:\\\/\\\/olivamorosicristians.es\\\/els-moros-i-cristians-doliva-presenten-els-seus-carrecs-dissabte-a-lesplanada-del-castell\\\/\",\"url\":\"https:\\\/\\\/olivamorosicristians.es\\\/els-moros-i-cristians-doliva-presenten-els-seus-carrecs-dissabte-a-lesplanada-del-castell\\\/\",\"name\":\"Els Moros i Cristians d\u2019Oliva presenten els seus c\u00e0rrecs dissabte a l\u2019esplanada del Castell - Moros i Cristians Oliva\",\"isPartOf\":{\"@id\":\"https:\\\/\\\/olivamorosicristians.es\\\/#website\"},\"primaryImageOfPage\":{\"@id\":\"https:\\\/\\\/olivamorosicristians.es\\\/els-moros-i-cristians-doliva-presenten-els-seus-carrecs-dissabte-a-lesplanada-del-castell\\\/#primaryimage\"},\"image\":{\"@id\":\"https:\\\/\\\/olivamorosicristians.es\\\/els-moros-i-cristians-doliva-presenten-els-seus-carrecs-dissabte-a-lesplanada-del-castell\\\/#primaryimage\"},\"thumbnailUrl\":\"https:\\\/\\\/i0.wp.com\\\/olivamorosicristians.es\\\/wp-content\\\/uploads\\\/2022\\\/07\\\/Federacio.jpg?fit=939%2C417&ssl=1\",\"datePublished\":\"2022-07-15T10:04:48+00:00\",\"dateModified\":\"2022-07-20T17:59:01+00:00\",\"breadcrumb\":{\"@id\":\"https:\\\/\\\/olivamorosicristians.es\\\/els-moros-i-cristians-doliva-presenten-els-seus-carrecs-dissabte-a-lesplanada-del-castell\\\/#breadcrumb\"},\"inLanguage\":\"es\",\"potentialAction\":[{\"@type\":\"ReadAction\",\"target\":[\"https:\\\/\\\/olivamorosicristians.es\\\/els-moros-i-cristians-doliva-presenten-els-seus-carrecs-dissabte-a-lesplanada-del-castell\\\/\"]}]},{\"@type\":\"ImageObject\",\"inLanguage\":\"es\",\"@id\":\"https:\\\/\\\/olivamorosicristians.es\\\/els-moros-i-cristians-doliva-presenten-els-seus-carrecs-dissabte-a-lesplanada-del-castell\\\/#primaryimage\",\"url\":\"https:\\\/\\\/i0.wp.com\\\/olivamorosicristians.es\\\/wp-content\\\/uploads\\\/2022\\\/07\\\/Federacio.jpg?fit=939%2C417&ssl=1\",\"contentUrl\":\"https:\\\/\\\/i0.wp.com\\\/olivamorosicristians.es\\\/wp-content\\\/uploads\\\/2022\\\/07\\\/Federacio.jpg?fit=939%2C417&ssl=1\",\"width\":939,\"height\":417},{\"@type\":\"BreadcrumbList\",\"@id\":\"https:\\\/\\\/olivamorosicristians.es\\\/els-moros-i-cristians-doliva-presenten-els-seus-carrecs-dissabte-a-lesplanada-del-castell\\\/#breadcrumb\",\"itemListElement\":[{\"@type\":\"ListItem\",\"position\":1,\"name\":\"Portada\",\"item\":\"https:\\\/\\\/olivamorosicristians.es\\\/\"},{\"@type\":\"ListItem\",\"position\":2,\"name\":\"Els Moros i Cristians d\u2019Oliva presenten els seus c\u00e0rrecs dissabte a l\u2019esplanada del Castell\"}]},{\"@type\":\"WebSite\",\"@id\":\"https:\\\/\\\/olivamorosicristians.es\\\/#website\",\"url\":\"https:\\\/\\\/olivamorosicristians.es\\\/\",\"name\":\"Moros i Cristians Oliva\",\"description\":\"FMCO\",\"publisher\":{\"@id\":\"https:\\\/\\\/olivamorosicristians.es\\\/#organization\"},\"potentialAction\":[{\"@type\":\"SearchAction\",\"target\":{\"@type\":\"EntryPoint\",\"urlTemplate\":\"https:\\\/\\\/olivamorosicristians.es\\\/?s={search_term_string}\"},\"query-input\":{\"@type\":\"PropertyValueSpecification\",\"valueRequired\":true,\"valueName\":\"search_term_string\"}}],\"inLanguage\":\"es\"},{\"@type\":\"Organization\",\"@id\":\"https:\\\/\\\/olivamorosicristians.es\\\/#organization\",\"name\":\"Federaci\u00f3 de Moros i Cristians - Oliva\",\"url\":\"https:\\\/\\\/olivamorosicristians.es\\\/\",\"logo\":{\"@type\":\"ImageObject\",\"inLanguage\":\"es\",\"@id\":\"https:\\\/\\\/olivamorosicristians.es\\\/#\\\/schema\\\/logo\\\/image\\\/\",\"url\":\"https:\\\/\\\/i2.wp.com\\\/olivamorosicristians.es\\\/wp-content\\\/uploads\\\/2018\\\/06\\\/Icon_FMiCO.png?fit=50%2C50&ssl=1\",\"contentUrl\":\"https:\\\/\\\/i2.wp.com\\\/olivamorosicristians.es\\\/wp-content\\\/uploads\\\/2018\\\/06\\\/Icon_FMiCO.png?fit=50%2C50&ssl=1\",\"width\":50,\"height\":50,\"caption\":\"Federaci\u00f3 de Moros i Cristians - Oliva\"},\"image\":{\"@id\":\"https:\\\/\\\/olivamorosicristians.es\\\/#\\\/schema\\\/logo\\\/image\\\/\"},\"sameAs\":[\"https:\\\/\\\/www.facebook.com\\\/federaciodemorosicristiansdoliva\\\/\",\"https:\\\/\\\/www.instagram.com\\\/morosicristiansoliva\\\/?hl=es\"]},{\"@type\":\"Person\",\"@id\":\"https:\\\/\\\/olivamorosicristians.es\\\/#\\\/schema\\\/person\\\/21ece052d8816103cad91a2676fd0149\",\"name\":\"Webmaster\",\"image\":{\"@type\":\"ImageObject\",\"inLanguage\":\"es\",\"@id\":\"https:\\\/\\\/secure.gravatar.com\\\/avatar\\\/18de20f14d74abe0c800b423a8b0e24cae6153cb6baeb2c2df80e1cef2117e0d?s=96&d=mm&r=g\",\"url\":\"https:\\\/\\\/secure.gravatar.com\\\/avatar\\\/18de20f14d74abe0c800b423a8b0e24cae6153cb6baeb2c2df80e1cef2117e0d?s=96&d=mm&r=g\",\"contentUrl\":\"https:\\\/\\\/secure.gravatar.com\\\/avatar\\\/18de20f14d74abe0c800b423a8b0e24cae6153cb6baeb2c2df80e1cef2117e0d?s=96&d=mm&r=g\",\"caption\":\"Webmaster\"},\"sameAs\":[\"https:\\\/\\\/www.facebook.com\\\/federaciodemorosicristiansdoliva\",\"https:\\\/\\\/www.instagram.com\\\/morosicristiansoliva\\\/\"]}]}<\/script>\n<!-- \/ Yoast SEO plugin. -->","yoast_head_json":{"title":"Els Moros i Cristians d\u2019Oliva presenten els seus c\u00e0rrecs dissabte a l\u2019esplanada del Castell - Moros i Cristians Oliva","robots":{"index":"index","follow":"follow","max-snippet":"max-snippet:-1","max-image-preview":"max-image-preview:large","max-video-preview":"max-video-preview:-1"},"canonical":"https:\/\/olivamorosicristians.es\/es\/els-moros-i-cristians-doliva-presenten-els-seus-carrecs-dissabte-a-lesplanada-del-castell\/","og_locale":"es_ES","og_type":"article","og_title":"Els Moros i Cristians d\u2019Oliva presenten els seus c\u00e0rrecs dissabte a l\u2019esplanada del Castell - Moros i Cristians Oliva","og_description":"La Federaci\u00f3 de Moros i Cristians d\u2019Oliva anuncia que dissabte 16 de juliol es celebrar\u00e0 la presentaci\u00f3 dels c\u00e0rrecs de les Festes dels Moros i Cristians d\u2019Oliva de 2022 a l\u2019esplanada del castell (Parc de l\u2019Estaci\u00f3), a partir de les 22:00h La Federaci\u00f3 de Moros i Cristians d\u2019Oliva, en col\u00b7laboraci\u00f3 amb la regidoria de festes [&hellip;]","og_url":"https:\/\/olivamorosicristians.es\/es\/els-moros-i-cristians-doliva-presenten-els-seus-carrecs-dissabte-a-lesplanada-del-castell\/","og_site_name":"Moros i Cristians Oliva","article_publisher":"https:\/\/www.facebook.com\/federaciodemorosicristiansdoliva\/","article_author":"https:\/\/www.facebook.com\/federaciodemorosicristiansdoliva","article_published_time":"2022-07-15T10:04:48+00:00","article_modified_time":"2022-07-20T17:59:01+00:00","og_image":[{"width":939,"height":417,"url":"https:\/\/olivamorosicristians.es\/wp-content\/uploads\/2022\/07\/Federacio.jpg","type":"image\/jpeg"}],"author":"Webmaster","twitter_card":"summary_large_image","twitter_misc":{"Escrito por":"Webmaster","Tiempo de lectura":"4 minutos"},"schema":{"@context":"https:\/\/schema.org","@graph":[{"@type":"Article","@id":"https:\/\/olivamorosicristians.es\/els-moros-i-cristians-doliva-presenten-els-seus-carrecs-dissabte-a-lesplanada-del-castell\/#article","isPartOf":{"@id":"https:\/\/olivamorosicristians.es\/els-moros-i-cristians-doliva-presenten-els-seus-carrecs-dissabte-a-lesplanada-del-castell\/"},"author":{"name":"Webmaster","@id":"https:\/\/olivamorosicristians.es\/#\/schema\/person\/21ece052d8816103cad91a2676fd0149"},"headline":"Els Moros i Cristians d\u2019Oliva presenten els seus c\u00e0rrecs dissabte a l\u2019esplanada del Castell","datePublished":"2022-07-15T10:04:48+00:00","dateModified":"2022-07-20T17:59:01+00:00","mainEntityOfPage":{"@id":"https:\/\/olivamorosicristians.es\/els-moros-i-cristians-doliva-presenten-els-seus-carrecs-dissabte-a-lesplanada-del-castell\/"},"wordCount":685,"publisher":{"@id":"https:\/\/olivamorosicristians.es\/#organization"},"image":{"@id":"https:\/\/olivamorosicristians.es\/els-moros-i-cristians-doliva-presenten-els-seus-carrecs-dissabte-a-lesplanada-del-castell\/#primaryimage"},"thumbnailUrl":"https:\/\/i0.wp.com\/olivamorosicristians.es\/wp-content\/uploads\/2022\/07\/Federacio.jpg?fit=939%2C417&ssl=1","articleSection":["Actes oficials"],"inLanguage":"es"},{"@type":"WebPage","@id":"https:\/\/olivamorosicristians.es\/els-moros-i-cristians-doliva-presenten-els-seus-carrecs-dissabte-a-lesplanada-del-castell\/","url":"https:\/\/olivamorosicristians.es\/els-moros-i-cristians-doliva-presenten-els-seus-carrecs-dissabte-a-lesplanada-del-castell\/","name":"Els Moros i Cristians d\u2019Oliva presenten els seus c\u00e0rrecs dissabte a l\u2019esplanada del Castell - Moros i Cristians Oliva","isPartOf":{"@id":"https:\/\/olivamorosicristians.es\/#website"},"primaryImageOfPage":{"@id":"https:\/\/olivamorosicristians.es\/els-moros-i-cristians-doliva-presenten-els-seus-carrecs-dissabte-a-lesplanada-del-castell\/#primaryimage"},"image":{"@id":"https:\/\/olivamorosicristians.es\/els-moros-i-cristians-doliva-presenten-els-seus-carrecs-dissabte-a-lesplanada-del-castell\/#primaryimage"},"thumbnailUrl":"https:\/\/i0.wp.com\/olivamorosicristians.es\/wp-content\/uploads\/2022\/07\/Federacio.jpg?fit=939%2C417&ssl=1","datePublished":"2022-07-15T10:04:48+00:00","dateModified":"2022-07-20T17:59:01+00:00","breadcrumb":{"@id":"https:\/\/olivamorosicristians.es\/els-moros-i-cristians-doliva-presenten-els-seus-carrecs-dissabte-a-lesplanada-del-castell\/#breadcrumb"},"inLanguage":"es","potentialAction":[{"@type":"ReadAction","target":["https:\/\/olivamorosicristians.es\/els-moros-i-cristians-doliva-presenten-els-seus-carrecs-dissabte-a-lesplanada-del-castell\/"]}]},{"@type":"ImageObject","inLanguage":"es","@id":"https:\/\/olivamorosicristians.es\/els-moros-i-cristians-doliva-presenten-els-seus-carrecs-dissabte-a-lesplanada-del-castell\/#primaryimage","url":"https:\/\/i0.wp.com\/olivamorosicristians.es\/wp-content\/uploads\/2022\/07\/Federacio.jpg?fit=939%2C417&ssl=1","contentUrl":"https:\/\/i0.wp.com\/olivamorosicristians.es\/wp-content\/uploads\/2022\/07\/Federacio.jpg?fit=939%2C417&ssl=1","width":939,"height":417},{"@type":"BreadcrumbList","@id":"https:\/\/olivamorosicristians.es\/els-moros-i-cristians-doliva-presenten-els-seus-carrecs-dissabte-a-lesplanada-del-castell\/#breadcrumb","itemListElement":[{"@type":"ListItem","position":1,"name":"Portada","item":"https:\/\/olivamorosicristians.es\/"},{"@type":"ListItem","position":2,"name":"Els Moros i Cristians d\u2019Oliva presenten els seus c\u00e0rrecs dissabte a l\u2019esplanada del Castell"}]},{"@type":"WebSite","@id":"https:\/\/olivamorosicristians.es\/#website","url":"https:\/\/olivamorosicristians.es\/","name":"Moros i Cristians Oliva","description":"FMCO","publisher":{"@id":"https:\/\/olivamorosicristians.es\/#organization"},"potentialAction":[{"@type":"SearchAction","target":{"@type":"EntryPoint","urlTemplate":"https:\/\/olivamorosicristians.es\/?s={search_term_string}"},"query-input":{"@type":"PropertyValueSpecification","valueRequired":true,"valueName":"search_term_string"}}],"inLanguage":"es"},{"@type":"Organization","@id":"https:\/\/olivamorosicristians.es\/#organization","name":"La Federaci\u00f3n de Moros y Cristianos de Oliva","url":"https:\/\/olivamorosicristians.es\/","logo":{"@type":"ImageObject","inLanguage":"es","@id":"https:\/\/olivamorosicristians.es\/#\/schema\/logo\/image\/","url":"https:\/\/i2.wp.com\/olivamorosicristians.es\/wp-content\/uploads\/2018\/06\/Icon_FMiCO.png?fit=50%2C50&ssl=1","contentUrl":"https:\/\/i2.wp.com\/olivamorosicristians.es\/wp-content\/uploads\/2018\/06\/Icon_FMiCO.png?fit=50%2C50&ssl=1","width":50,"height":50,"caption":"Federaci\u00f3 de Moros i Cristians - Oliva"},"image":{"@id":"https:\/\/olivamorosicristians.es\/#\/schema\/logo\/image\/"},"sameAs":["https:\/\/www.facebook.com\/federaciodemorosicristiansdoliva\/","https:\/\/www.instagram.com\/morosicristiansoliva\/?hl=es"]},{"@type":"Person","@id":"https:\/\/olivamorosicristians.es\/#\/schema\/person\/21ece052d8816103cad91a2676fd0149","name":"Webmaster","image":{"@type":"ImageObject","inLanguage":"es","@id":"https:\/\/secure.gravatar.com\/avatar\/18de20f14d74abe0c800b423a8b0e24cae6153cb6baeb2c2df80e1cef2117e0d?s=96&d=mm&r=g","url":"https:\/\/secure.gravatar.com\/avatar\/18de20f14d74abe0c800b423a8b0e24cae6153cb6baeb2c2df80e1cef2117e0d?s=96&d=mm&r=g","contentUrl":"https:\/\/secure.gravatar.com\/avatar\/18de20f14d74abe0c800b423a8b0e24cae6153cb6baeb2c2df80e1cef2117e0d?s=96&d=mm&r=g","caption":"Webmaster"},"sameAs":["https:\/\/www.facebook.com\/federaciodemorosicristiansdoliva","https:\/\/www.instagram.com\/morosicristiansoliva\/"]}]}},"jetpack_publicize_connections":[],"jetpack_featured_media_url":"https:\/\/i0.wp.com\/olivamorosicristians.es\/wp-content\/uploads\/2022\/07\/Federacio.jpg?fit=939%2C417&ssl=1","jetpack_sharing_enabled":true,"jetpack_shortlink":"https:\/\/wp.me\/pagEx6-2Mb","jetpack-related-posts":[],"_links":{"self":[{"href":"https:\/\/olivamorosicristians.es\/es\/wp-json\/wp\/v2\/posts\/10675","targetHints":{"allow":["GET"]}}],"collection":[{"href":"https:\/\/olivamorosicristians.es\/es\/wp-json\/wp\/v2\/posts"}],"about":[{"href":"https:\/\/olivamorosicristians.es\/es\/wp-json\/wp\/v2\/types\/post"}],"author":[{"embeddable":true,"href":"https:\/\/olivamorosicristians.es\/es\/wp-json\/wp\/v2\/users\/1"}],"replies":[{"embeddable":true,"href":"https:\/\/olivamorosicristians.es\/es\/wp-json\/wp\/v2\/comments?post=10675"}],"version-history":[{"count":10,"href":"https:\/\/olivamorosicristians.es\/es\/wp-json\/wp\/v2\/posts\/10675\/revisions"}],"predecessor-version":[{"id":10698,"href":"https:\/\/olivamorosicristians.es\/es\/wp-json\/wp\/v2\/posts\/10675\/revisions\/10698"}],"wp:featuredmedia":[{"embeddable":true,"href":"https:\/\/olivamorosicristians.es\/es\/wp-json\/wp\/v2\/media\/10731"}],"wp:attachment":[{"href":"https:\/\/olivamorosicristians.es\/es\/wp-json\/wp\/v2\/media?parent=10675"}],"wp:term":[{"taxonomy":"category","embeddable":true,"href":"https:\/\/olivamorosicristians.es\/es\/wp-json\/wp\/v2\/categories?post=10675"},{"taxonomy":"post_tag","embeddable":true,"href":"https:\/\/olivamorosicristians.es\/es\/wp-json\/wp\/v2\/tags?post=10675"}],"curies":[{"name":"wp","href":"https:\/\/api.w.org\/{rel}","templated":true}]}}