{"id":10664,"date":"2022-07-11T13:57:27","date_gmt":"2022-07-11T11:57:27","guid":{"rendered":"https:\/\/olivamorosicristians.es\/?p=10664"},"modified":"2022-07-20T20:03:15","modified_gmt":"2022-07-20T18:03:15","slug":"la-placa-de-sant-roc-acull-el-xviii-concert-de-musica-festera","status":"publish","type":"post","link":"https:\/\/olivamorosicristians.es\/es\/la-placa-de-sant-roc-acull-el-xviii-concert-de-musica-festera\/","title":{"rendered":"La pla\u00e7a de Sant Roc acull el XVIII Concert de m\u00fasica festera"},"content":{"rendered":"<p class=\"has-text-align-left\">La Federaci\u00f3 de Moros i Cristians d\u2019Oliva (FMCO), amb la col\u00b7laboraci\u00f3 de la regidoria de Festes de l\u2019Ajuntament d\u2019Oliva, organitzen el <strong>XVIII Concert de m\u00fasica festera<\/strong> que oferir\u00e0 la Banda Simf\u00f2nica de l\u2019Associaci\u00f3 Art\u00edstic Musical d\u2019Oliva (AAMO), amb la participaci\u00f3 de la Colla Sarabanda d\u2019Oliva, el pr\u00f2xim <strong>diumenge 17 de juliol, a partir de les 20:30h, en la Pl<\/strong>a\u00e7a de Sant Roc.<\/p>\n\n\n\n<p class=\"has-text-align-left\">La principal novetat d\u2019aquesta edici\u00f3 \u00e9s que el Concert no \u00e9s realitzar\u00e0 a l\u2019esplanada del Castell (Parc de l\u2019Estaci\u00f3), on tradicionalment s\u2019ha fet, sin\u00f3 que, per primera vegada, es trasllada al Raval de la Ciutat, ubicant-se a la Pla\u00e7a de Sant Roc. El trasllat de la ubicaci\u00f3 del Concert de Festes te com a objectiu principal millorar l\u2019audici\u00f3, ja que l\u2019esplanada del castell \u00e9s un espai massa obert i no afavoria el gaudi del concert. A m\u00e9s a m\u00e9s, es busca aix\u00ed portar la festa a tots els barris de la ciutat i, en especial, omplir de m\u00fasica festera l\u2019emblem\u00e0tica pla\u00e7a de Sant Roc, on van n\u00e0ixer les festes el 1921.<\/p>\n\n\n\n<p class=\"has-text-align-left\">El concert el dirigir\u00e0 Omar Sala, Director de l\u2019AAMO, i la relaci\u00f3 de peces que s\u2019interpretaran s\u00f3n:<\/p>\n\n\n\n<p class=\"has-text-align-left\"><strong><span style=\"text-decoration: underline\">Primera part:<\/span><\/strong><\/p>\n\n\n\n<p class=\"has-text-align-left\"><em><strong>Conrado Abanderat: <\/strong><\/em>Pasdoble compost per Joan Mont, dedicat a l\u2019abanderat de l\u2019AAMO, Conrado Longas. Dirigir\u00e0, Joan Mont.<\/p>\n\n\n\n<p class=\"has-text-align-left\"><em><strong>Aligeab\u00e0-Spyros:<\/strong><\/em>Marxa Mora composta en 1998 per Vicente Coleto.<\/p>\n\n\n\n<p class=\"has-text-align-left\"><em><strong>El honor de un caballero:<\/strong><\/em>Marxa Cristiana composta l\u2019any 2002 per Miguel \u00c1ngel M\u00e1s Mataix.<\/p>\n\n\n\n<p class=\"has-text-align-left\"><em><strong>Ben Al-Sahagui: <\/strong><\/em>Marxa Cristiana composta l\u2019any 2005 per Francisco Valor i Llorens.<\/p>\n\n\n\n<p class=\"has-text-align-left\"><span style=\"text-decoration: underline\"><strong>Segona part:<\/strong><\/span><\/p>\n\n\n\n<p class=\"has-text-align-left\"><em><strong>Mai-Sabel: <\/strong><\/em>Marxa Cristiana composta l\u2019any 2010 per Francisco Valor i Llorens.<\/p>\n\n\n\n<p class=\"has-text-align-left\"><em><strong>Roperia Ximo: <\/strong><\/em>Marxa Mora composta l\u2019ant 2006 per Francisco Valor i Llorens.<\/p>\n\n\n\n<p class=\"has-text-align-left\"><em><strong>Ismael Conill: <\/strong><\/em>Marxa Cristiana composta l\u2019any 2020 per Omar Sala.<\/p>\n\n\n\n<p><\/p>\n\n\n\n<p class=\"has-text-align-left\">Un concert carregat de la millor m\u00fasica de Moros i Cristians al que la FMiCO convida a tothom a participar. A m\u00e9s, des de la FMiCO es vol agrair a l\u2019AAMO la seua implicaci\u00f3 en les Festes de Moros i Cristians d\u2019Oliva i el treball estret i col\u00b7laboratiu amb la FMiCO, i tamb\u00e9, a la Colla Sarabanda d\u2019Oliva la seua participaci\u00f3 i predisposici\u00f3.<\/p>\n\n\n\n<p class=\"has-text-align-left\"><strong>\u00d3scar Prieto, president FMiCO:<\/strong> <em>\u00abEl Concert de festes va ser un dels pocs actes que es va poder realitzar en 2021, amb estrictes mesures de seguretat sanit\u00e0ries. Enguany, any que Tornem a baixar Loygorri ser\u00e0 un acte molt especial i des de la FMiCO convidem a tothom a participar i a gaudir de la m\u00fasica festera\u00bb.<\/em><\/p>\n\n\n\n<p class=\"has-text-align-left\"><strong>Yolanda Navarro, regidora de Festes: \u00ab<\/strong><em>Sense <\/em><em>la m\u00fasica <\/em><em>seria impossible gaudir de la nostra festa gran. I a\u00e7\u00f2 \u00e9s possible gr\u00e0cies a la Banda Simf\u00f2nica de l\u2019Associaci\u00f3 Art\u00edstic Musical d\u2019Oliva (AAMO) i la participaci\u00f3 de la Colla Sarabanda d\u2019Oliva, que cada any ens fan gaudir de la millor m\u00fasica en directe.<\/em>\u00bb.<\/p>\n\n\n\n<figure class=\"wp-block-gallery has-nested-images columns-default is-cropped wp-block-gallery-1 is-layout-flex wp-block-gallery-is-layout-flex\">\n<figure class=\"wp-block-image size-large\"><img data-recalc-dims=\"1\" height=\"1024\" width=\"724\" decoding=\"async\" data-attachment-id=\"10667\" data-permalink=\"https:\/\/olivamorosicristians.es\/es\/la-placa-de-sant-roc-acull-el-xviii-concert-de-musica-festera\/cartell-concert-2022\/\" data-orig-file=\"https:\/\/i0.wp.com\/olivamorosicristians.es\/wp-content\/uploads\/2022\/07\/Cartell-Concert-2022-e1657613325192.jpeg?fit=500%2C707&amp;ssl=1\" data-orig-size=\"500,707\" data-comments-opened=\"0\" data-image-meta=\"{&quot;aperture&quot;:&quot;0&quot;,&quot;credit&quot;:&quot;&quot;,&quot;camera&quot;:&quot;&quot;,&quot;caption&quot;:&quot;&quot;,&quot;created_timestamp&quot;:&quot;0&quot;,&quot;copyright&quot;:&quot;&quot;,&quot;focal_length&quot;:&quot;0&quot;,&quot;iso&quot;:&quot;0&quot;,&quot;shutter_speed&quot;:&quot;0&quot;,&quot;title&quot;:&quot;&quot;,&quot;orientation&quot;:&quot;0&quot;}\" data-image-title=\"Cartell-Concert-2022\" data-image-description=\"\" data-image-caption=\"\" data-large-file=\"https:\/\/i0.wp.com\/olivamorosicristians.es\/wp-content\/uploads\/2022\/07\/Cartell-Concert-2022-e1657613325192.jpeg?fit=724%2C1024&amp;ssl=1\" data-id=\"10667\" src=\"https:\/\/i0.wp.com\/olivamorosicristians.es\/wp-content\/uploads\/2022\/07\/Cartell-Concert-2022.jpeg?resize=724%2C1024&#038;ssl=1\" alt=\"\" class=\"wp-image-10667\"\/><\/figure>\n\n\n\n<figure class=\"wp-block-image size-large\"><img data-recalc-dims=\"1\" loading=\"lazy\" decoding=\"async\" width=\"1024\" height=\"683\" data-attachment-id=\"10671\" data-permalink=\"https:\/\/olivamorosicristians.es\/es\/la-placa-de-sant-roc-acull-el-xviii-concert-de-musica-festera\/mg_3934-2\/\" data-orig-file=\"https:\/\/i0.wp.com\/olivamorosicristians.es\/wp-content\/uploads\/2022\/07\/MG_3934-2-scaled.jpg?fit=2560%2C1707&amp;ssl=1\" data-orig-size=\"2560,1707\" data-comments-opened=\"0\" data-image-meta=\"{&quot;aperture&quot;:&quot;4&quot;,&quot;credit&quot;:&quot;&quot;,&quot;camera&quot;:&quot;Canon EOS 5D Mark II&quot;,&quot;caption&quot;:&quot;&quot;,&quot;created_timestamp&quot;:&quot;1527958578&quot;,&quot;copyright&quot;:&quot;&quot;,&quot;focal_length&quot;:&quot;36&quot;,&quot;iso&quot;:&quot;800&quot;,&quot;shutter_speed&quot;:&quot;0.00625&quot;,&quot;title&quot;:&quot;&quot;,&quot;orientation&quot;:&quot;0&quot;}\" data-image-title=\"MG_3934-2\" data-image-description=\"\" data-image-caption=\"\" data-large-file=\"https:\/\/i0.wp.com\/olivamorosicristians.es\/wp-content\/uploads\/2022\/07\/MG_3934-2-scaled.jpg?fit=1024%2C683&amp;ssl=1\" data-id=\"10671\" src=\"https:\/\/i0.wp.com\/olivamorosicristians.es\/wp-content\/uploads\/2022\/07\/MG_3934-2.jpg?resize=1024%2C683&#038;ssl=1\" alt=\"\" class=\"wp-image-10671\" srcset=\"https:\/\/i0.wp.com\/olivamorosicristians.es\/wp-content\/uploads\/2022\/07\/MG_3934-2-scaled.jpg?resize=1024%2C683&amp;ssl=1 1024w, https:\/\/i0.wp.com\/olivamorosicristians.es\/wp-content\/uploads\/2022\/07\/MG_3934-2-scaled.jpg?resize=300%2C200&amp;ssl=1 300w, https:\/\/i0.wp.com\/olivamorosicristians.es\/wp-content\/uploads\/2022\/07\/MG_3934-2-scaled.jpg?resize=768%2C512&amp;ssl=1 768w, https:\/\/i0.wp.com\/olivamorosicristians.es\/wp-content\/uploads\/2022\/07\/MG_3934-2-scaled.jpg?resize=1536%2C1024&amp;ssl=1 1536w, https:\/\/i0.wp.com\/olivamorosicristians.es\/wp-content\/uploads\/2022\/07\/MG_3934-2-scaled.jpg?resize=2048%2C1365&amp;ssl=1 2048w, https:\/\/i0.wp.com\/olivamorosicristians.es\/wp-content\/uploads\/2022\/07\/MG_3934-2-scaled.jpg?resize=640%2C427&amp;ssl=1 640w, https:\/\/i0.wp.com\/olivamorosicristians.es\/wp-content\/uploads\/2022\/07\/MG_3934-2-scaled.jpg?resize=1280%2C853&amp;ssl=1 1280w, https:\/\/i0.wp.com\/olivamorosicristians.es\/wp-content\/uploads\/2022\/07\/MG_3934-2-scaled.jpg?resize=1320%2C880&amp;ssl=1 1320w, https:\/\/i0.wp.com\/olivamorosicristians.es\/wp-content\/uploads\/2022\/07\/MG_3934-2-scaled.jpg?w=2340&amp;ssl=1 2340w\" sizes=\"auto, (max-width: 1024px) 100vw, 1024px\" \/><\/figure>\n\n\n\n<figure class=\"wp-block-image size-large\"><img data-recalc-dims=\"1\" loading=\"lazy\" decoding=\"async\" width=\"1024\" height=\"683\" data-attachment-id=\"10672\" data-permalink=\"https:\/\/olivamorosicristians.es\/es\/la-placa-de-sant-roc-acull-el-xviii-concert-de-musica-festera\/mg_3945\/\" data-orig-file=\"https:\/\/i0.wp.com\/olivamorosicristians.es\/wp-content\/uploads\/2022\/07\/MG_3945-scaled.jpg?fit=2560%2C1707&amp;ssl=1\" data-orig-size=\"2560,1707\" data-comments-opened=\"0\" data-image-meta=\"{&quot;aperture&quot;:&quot;4&quot;,&quot;credit&quot;:&quot;&quot;,&quot;camera&quot;:&quot;Canon EOS 5D Mark II&quot;,&quot;caption&quot;:&quot;&quot;,&quot;created_timestamp&quot;:&quot;1527959010&quot;,&quot;copyright&quot;:&quot;&quot;,&quot;focal_length&quot;:&quot;70&quot;,&quot;iso&quot;:&quot;800&quot;,&quot;shutter_speed&quot;:&quot;0.00625&quot;,&quot;title&quot;:&quot;&quot;,&quot;orientation&quot;:&quot;0&quot;}\" data-image-title=\"MG_3945\" data-image-description=\"\" data-image-caption=\"\" data-large-file=\"https:\/\/i0.wp.com\/olivamorosicristians.es\/wp-content\/uploads\/2022\/07\/MG_3945-scaled.jpg?fit=1024%2C683&amp;ssl=1\" data-id=\"10672\" src=\"https:\/\/i0.wp.com\/olivamorosicristians.es\/wp-content\/uploads\/2022\/07\/MG_3945.jpg?resize=1024%2C683&#038;ssl=1\" alt=\"\" class=\"wp-image-10672\" srcset=\"https:\/\/i0.wp.com\/olivamorosicristians.es\/wp-content\/uploads\/2022\/07\/MG_3945-scaled.jpg?resize=1024%2C683&amp;ssl=1 1024w, https:\/\/i0.wp.com\/olivamorosicristians.es\/wp-content\/uploads\/2022\/07\/MG_3945-scaled.jpg?resize=300%2C200&amp;ssl=1 300w, https:\/\/i0.wp.com\/olivamorosicristians.es\/wp-content\/uploads\/2022\/07\/MG_3945-scaled.jpg?resize=768%2C512&amp;ssl=1 768w, https:\/\/i0.wp.com\/olivamorosicristians.es\/wp-content\/uploads\/2022\/07\/MG_3945-scaled.jpg?resize=1536%2C1024&amp;ssl=1 1536w, https:\/\/i0.wp.com\/olivamorosicristians.es\/wp-content\/uploads\/2022\/07\/MG_3945-scaled.jpg?resize=2048%2C1365&amp;ssl=1 2048w, https:\/\/i0.wp.com\/olivamorosicristians.es\/wp-content\/uploads\/2022\/07\/MG_3945-scaled.jpg?resize=640%2C427&amp;ssl=1 640w, https:\/\/i0.wp.com\/olivamorosicristians.es\/wp-content\/uploads\/2022\/07\/MG_3945-scaled.jpg?resize=1280%2C853&amp;ssl=1 1280w, https:\/\/i0.wp.com\/olivamorosicristians.es\/wp-content\/uploads\/2022\/07\/MG_3945-scaled.jpg?resize=1320%2C880&amp;ssl=1 1320w, https:\/\/i0.wp.com\/olivamorosicristians.es\/wp-content\/uploads\/2022\/07\/MG_3945-scaled.jpg?w=2340&amp;ssl=1 2340w\" sizes=\"auto, (max-width: 1024px) 100vw, 1024px\" \/><\/figure>\n<\/figure>","protected":false},"excerpt":{"rendered":"<p>La Federaci\u00f3 de Moros i Cristians d\u2019Oliva (FMCO), amb la col\u00b7laboraci\u00f3 de la regidoria de Festes de l\u2019Ajuntament d\u2019Oliva, organitzen el XVIII Concert de m\u00fasica festera que oferir\u00e0 la Banda Simf\u00f2nica de l\u2019Associaci\u00f3 Art\u00edstic Musical d\u2019Oliva (AAMO), amb la participaci\u00f3 de la Colla Sarabanda d\u2019Oliva, el pr\u00f2xim diumenge 17 de juliol, a partir de les [&hellip;]<\/p>\n","protected":false},"author":1,"featured_media":10667,"comment_status":"closed","ping_status":"open","sticky":false,"template":"","format":"standard","meta":{"jetpack_post_was_ever_published":false,"_jetpack_newsletter_access":"","_jetpack_dont_email_post_to_subs":false,"_jetpack_newsletter_tier_id":0,"_jetpack_memberships_contains_paywalled_content":false,"_jetpack_memberships_contains_paid_content":false,"footnotes":"","jetpack_publicize_message":"","jetpack_publicize_feature_enabled":true,"jetpack_social_post_already_shared":true,"jetpack_social_options":{"image_generator_settings":{"template":"highway","default_image_id":0,"font":"","enabled":false},"version":2}},"categories":[7],"tags":[151],"class_list":["post-10664","post","type-post","status-publish","format-standard","has-post-thumbnail","hentry","category-musica","tag-musica"],"yoast_head":"<!-- This site is optimized with the Yoast SEO plugin v27.5 - https:\/\/yoast.com\/product\/yoast-seo-wordpress\/ -->\n<title>La pla\u00e7a de Sant Roc acull el XVIII Concert de m\u00fasica festera - Moros i Cristians Oliva<\/title>\n<meta name=\"robots\" content=\"index, follow, max-snippet:-1, max-image-preview:large, max-video-preview:-1\" \/>\n<link rel=\"canonical\" href=\"https:\/\/olivamorosicristians.es\/es\/la-placa-de-sant-roc-acull-el-xviii-concert-de-musica-festera\/\" \/>\n<meta property=\"og:locale\" content=\"es_ES\" \/>\n<meta property=\"og:type\" content=\"article\" \/>\n<meta property=\"og:title\" content=\"La pla\u00e7a de Sant Roc acull el XVIII Concert de m\u00fasica festera - Moros i Cristians Oliva\" \/>\n<meta property=\"og:description\" content=\"La Federaci\u00f3 de Moros i Cristians d\u2019Oliva (FMCO), amb la col\u00b7laboraci\u00f3 de la regidoria de Festes de l\u2019Ajuntament d\u2019Oliva, organitzen el XVIII Concert de m\u00fasica festera que oferir\u00e0 la Banda Simf\u00f2nica de l\u2019Associaci\u00f3 Art\u00edstic Musical d\u2019Oliva (AAMO), amb la participaci\u00f3 de la Colla Sarabanda d\u2019Oliva, el pr\u00f2xim diumenge 17 de juliol, a partir de les [&hellip;]\" \/>\n<meta property=\"og:url\" content=\"https:\/\/olivamorosicristians.es\/es\/la-placa-de-sant-roc-acull-el-xviii-concert-de-musica-festera\/\" \/>\n<meta property=\"og:site_name\" content=\"Moros i Cristians Oliva\" \/>\n<meta property=\"article:publisher\" content=\"https:\/\/www.facebook.com\/federaciodemorosicristiansdoliva\/\" \/>\n<meta property=\"article:author\" content=\"https:\/\/www.facebook.com\/federaciodemorosicristiansdoliva\" \/>\n<meta property=\"article:published_time\" content=\"2022-07-11T11:57:27+00:00\" \/>\n<meta property=\"article:modified_time\" content=\"2022-07-20T18:03:15+00:00\" \/>\n<meta property=\"og:image\" content=\"https:\/\/olivamorosicristians.es\/wp-content\/uploads\/2022\/07\/Cartell-Concert-2022-e1657613325192.jpeg\" \/>\n\t<meta property=\"og:image:width\" content=\"500\" \/>\n\t<meta property=\"og:image:height\" content=\"707\" \/>\n\t<meta property=\"og:image:type\" content=\"image\/jpeg\" \/>\n<meta name=\"author\" content=\"Webmaster\" \/>\n<meta name=\"twitter:card\" content=\"summary_large_image\" \/>\n<meta name=\"twitter:label1\" content=\"Escrito por\" \/>\n\t<meta name=\"twitter:data1\" content=\"Webmaster\" \/>\n\t<meta name=\"twitter:label2\" content=\"Tiempo de lectura\" \/>\n\t<meta name=\"twitter:data2\" content=\"3 minutos\" \/>\n<script type=\"application\/ld+json\" class=\"yoast-schema-graph\">{\"@context\":\"https:\\\/\\\/schema.org\",\"@graph\":[{\"@type\":\"Article\",\"@id\":\"https:\\\/\\\/olivamorosicristians.es\\\/la-placa-de-sant-roc-acull-el-xviii-concert-de-musica-festera\\\/#article\",\"isPartOf\":{\"@id\":\"https:\\\/\\\/olivamorosicristians.es\\\/la-placa-de-sant-roc-acull-el-xviii-concert-de-musica-festera\\\/\"},\"author\":{\"name\":\"Webmaster\",\"@id\":\"https:\\\/\\\/olivamorosicristians.es\\\/#\\\/schema\\\/person\\\/21ece052d8816103cad91a2676fd0149\"},\"headline\":\"La pla\u00e7a de Sant Roc acull el XVIII Concert de m\u00fasica festera\",\"datePublished\":\"2022-07-11T11:57:27+00:00\",\"dateModified\":\"2022-07-20T18:03:15+00:00\",\"mainEntityOfPage\":{\"@id\":\"https:\\\/\\\/olivamorosicristians.es\\\/la-placa-de-sant-roc-acull-el-xviii-concert-de-musica-festera\\\/\"},\"wordCount\":509,\"publisher\":{\"@id\":\"https:\\\/\\\/olivamorosicristians.es\\\/#organization\"},\"image\":{\"@id\":\"https:\\\/\\\/olivamorosicristians.es\\\/la-placa-de-sant-roc-acull-el-xviii-concert-de-musica-festera\\\/#primaryimage\"},\"thumbnailUrl\":\"https:\\\/\\\/i0.wp.com\\\/olivamorosicristians.es\\\/wp-content\\\/uploads\\\/2022\\\/07\\\/Cartell-Concert-2022-e1657613325192.jpeg?fit=500%2C707&ssl=1\",\"keywords\":[\"M\u00fasica\"],\"articleSection\":[\"M\u00fasica\"],\"inLanguage\":\"es\"},{\"@type\":\"WebPage\",\"@id\":\"https:\\\/\\\/olivamorosicristians.es\\\/la-placa-de-sant-roc-acull-el-xviii-concert-de-musica-festera\\\/\",\"url\":\"https:\\\/\\\/olivamorosicristians.es\\\/la-placa-de-sant-roc-acull-el-xviii-concert-de-musica-festera\\\/\",\"name\":\"La pla\u00e7a de Sant Roc acull el XVIII Concert de m\u00fasica festera - Moros i Cristians Oliva\",\"isPartOf\":{\"@id\":\"https:\\\/\\\/olivamorosicristians.es\\\/#website\"},\"primaryImageOfPage\":{\"@id\":\"https:\\\/\\\/olivamorosicristians.es\\\/la-placa-de-sant-roc-acull-el-xviii-concert-de-musica-festera\\\/#primaryimage\"},\"image\":{\"@id\":\"https:\\\/\\\/olivamorosicristians.es\\\/la-placa-de-sant-roc-acull-el-xviii-concert-de-musica-festera\\\/#primaryimage\"},\"thumbnailUrl\":\"https:\\\/\\\/i0.wp.com\\\/olivamorosicristians.es\\\/wp-content\\\/uploads\\\/2022\\\/07\\\/Cartell-Concert-2022-e1657613325192.jpeg?fit=500%2C707&ssl=1\",\"datePublished\":\"2022-07-11T11:57:27+00:00\",\"dateModified\":\"2022-07-20T18:03:15+00:00\",\"breadcrumb\":{\"@id\":\"https:\\\/\\\/olivamorosicristians.es\\\/la-placa-de-sant-roc-acull-el-xviii-concert-de-musica-festera\\\/#breadcrumb\"},\"inLanguage\":\"es\",\"potentialAction\":[{\"@type\":\"ReadAction\",\"target\":[\"https:\\\/\\\/olivamorosicristians.es\\\/la-placa-de-sant-roc-acull-el-xviii-concert-de-musica-festera\\\/\"]}]},{\"@type\":\"ImageObject\",\"inLanguage\":\"es\",\"@id\":\"https:\\\/\\\/olivamorosicristians.es\\\/la-placa-de-sant-roc-acull-el-xviii-concert-de-musica-festera\\\/#primaryimage\",\"url\":\"https:\\\/\\\/i0.wp.com\\\/olivamorosicristians.es\\\/wp-content\\\/uploads\\\/2022\\\/07\\\/Cartell-Concert-2022-e1657613325192.jpeg?fit=500%2C707&ssl=1\",\"contentUrl\":\"https:\\\/\\\/i0.wp.com\\\/olivamorosicristians.es\\\/wp-content\\\/uploads\\\/2022\\\/07\\\/Cartell-Concert-2022-e1657613325192.jpeg?fit=500%2C707&ssl=1\",\"width\":500,\"height\":707},{\"@type\":\"BreadcrumbList\",\"@id\":\"https:\\\/\\\/olivamorosicristians.es\\\/la-placa-de-sant-roc-acull-el-xviii-concert-de-musica-festera\\\/#breadcrumb\",\"itemListElement\":[{\"@type\":\"ListItem\",\"position\":1,\"name\":\"Portada\",\"item\":\"https:\\\/\\\/olivamorosicristians.es\\\/\"},{\"@type\":\"ListItem\",\"position\":2,\"name\":\"La pla\u00e7a de Sant Roc acull el XVIII Concert de m\u00fasica festera\"}]},{\"@type\":\"WebSite\",\"@id\":\"https:\\\/\\\/olivamorosicristians.es\\\/#website\",\"url\":\"https:\\\/\\\/olivamorosicristians.es\\\/\",\"name\":\"Moros i Cristians Oliva\",\"description\":\"FMCO\",\"publisher\":{\"@id\":\"https:\\\/\\\/olivamorosicristians.es\\\/#organization\"},\"potentialAction\":[{\"@type\":\"SearchAction\",\"target\":{\"@type\":\"EntryPoint\",\"urlTemplate\":\"https:\\\/\\\/olivamorosicristians.es\\\/?s={search_term_string}\"},\"query-input\":{\"@type\":\"PropertyValueSpecification\",\"valueRequired\":true,\"valueName\":\"search_term_string\"}}],\"inLanguage\":\"es\"},{\"@type\":\"Organization\",\"@id\":\"https:\\\/\\\/olivamorosicristians.es\\\/#organization\",\"name\":\"Federaci\u00f3 de Moros i Cristians - Oliva\",\"url\":\"https:\\\/\\\/olivamorosicristians.es\\\/\",\"logo\":{\"@type\":\"ImageObject\",\"inLanguage\":\"es\",\"@id\":\"https:\\\/\\\/olivamorosicristians.es\\\/#\\\/schema\\\/logo\\\/image\\\/\",\"url\":\"https:\\\/\\\/i2.wp.com\\\/olivamorosicristians.es\\\/wp-content\\\/uploads\\\/2018\\\/06\\\/Icon_FMiCO.png?fit=50%2C50&ssl=1\",\"contentUrl\":\"https:\\\/\\\/i2.wp.com\\\/olivamorosicristians.es\\\/wp-content\\\/uploads\\\/2018\\\/06\\\/Icon_FMiCO.png?fit=50%2C50&ssl=1\",\"width\":50,\"height\":50,\"caption\":\"Federaci\u00f3 de Moros i Cristians - Oliva\"},\"image\":{\"@id\":\"https:\\\/\\\/olivamorosicristians.es\\\/#\\\/schema\\\/logo\\\/image\\\/\"},\"sameAs\":[\"https:\\\/\\\/www.facebook.com\\\/federaciodemorosicristiansdoliva\\\/\",\"https:\\\/\\\/www.instagram.com\\\/morosicristiansoliva\\\/?hl=es\"]},{\"@type\":\"Person\",\"@id\":\"https:\\\/\\\/olivamorosicristians.es\\\/#\\\/schema\\\/person\\\/21ece052d8816103cad91a2676fd0149\",\"name\":\"Webmaster\",\"image\":{\"@type\":\"ImageObject\",\"inLanguage\":\"es\",\"@id\":\"https:\\\/\\\/secure.gravatar.com\\\/avatar\\\/18de20f14d74abe0c800b423a8b0e24cae6153cb6baeb2c2df80e1cef2117e0d?s=96&d=mm&r=g\",\"url\":\"https:\\\/\\\/secure.gravatar.com\\\/avatar\\\/18de20f14d74abe0c800b423a8b0e24cae6153cb6baeb2c2df80e1cef2117e0d?s=96&d=mm&r=g\",\"contentUrl\":\"https:\\\/\\\/secure.gravatar.com\\\/avatar\\\/18de20f14d74abe0c800b423a8b0e24cae6153cb6baeb2c2df80e1cef2117e0d?s=96&d=mm&r=g\",\"caption\":\"Webmaster\"},\"sameAs\":[\"https:\\\/\\\/www.facebook.com\\\/federaciodemorosicristiansdoliva\",\"https:\\\/\\\/www.instagram.com\\\/morosicristiansoliva\\\/\"]}]}<\/script>\n<!-- \/ Yoast SEO plugin. -->","yoast_head_json":{"title":"La pla\u00e7a de Sant Roc acull el XVIII Concert de m\u00fasica festera - Moros i Cristians Oliva","robots":{"index":"index","follow":"follow","max-snippet":"max-snippet:-1","max-image-preview":"max-image-preview:large","max-video-preview":"max-video-preview:-1"},"canonical":"https:\/\/olivamorosicristians.es\/es\/la-placa-de-sant-roc-acull-el-xviii-concert-de-musica-festera\/","og_locale":"es_ES","og_type":"article","og_title":"La pla\u00e7a de Sant Roc acull el XVIII Concert de m\u00fasica festera - Moros i Cristians Oliva","og_description":"La Federaci\u00f3 de Moros i Cristians d\u2019Oliva (FMCO), amb la col\u00b7laboraci\u00f3 de la regidoria de Festes de l\u2019Ajuntament d\u2019Oliva, organitzen el XVIII Concert de m\u00fasica festera que oferir\u00e0 la Banda Simf\u00f2nica de l\u2019Associaci\u00f3 Art\u00edstic Musical d\u2019Oliva (AAMO), amb la participaci\u00f3 de la Colla Sarabanda d\u2019Oliva, el pr\u00f2xim diumenge 17 de juliol, a partir de les [&hellip;]","og_url":"https:\/\/olivamorosicristians.es\/es\/la-placa-de-sant-roc-acull-el-xviii-concert-de-musica-festera\/","og_site_name":"Moros i Cristians Oliva","article_publisher":"https:\/\/www.facebook.com\/federaciodemorosicristiansdoliva\/","article_author":"https:\/\/www.facebook.com\/federaciodemorosicristiansdoliva","article_published_time":"2022-07-11T11:57:27+00:00","article_modified_time":"2022-07-20T18:03:15+00:00","og_image":[{"width":500,"height":707,"url":"https:\/\/olivamorosicristians.es\/wp-content\/uploads\/2022\/07\/Cartell-Concert-2022-e1657613325192.jpeg","type":"image\/jpeg"}],"author":"Webmaster","twitter_card":"summary_large_image","twitter_misc":{"Escrito por":"Webmaster","Tiempo de lectura":"3 minutos"},"schema":{"@context":"https:\/\/schema.org","@graph":[{"@type":"Article","@id":"https:\/\/olivamorosicristians.es\/la-placa-de-sant-roc-acull-el-xviii-concert-de-musica-festera\/#article","isPartOf":{"@id":"https:\/\/olivamorosicristians.es\/la-placa-de-sant-roc-acull-el-xviii-concert-de-musica-festera\/"},"author":{"name":"Webmaster","@id":"https:\/\/olivamorosicristians.es\/#\/schema\/person\/21ece052d8816103cad91a2676fd0149"},"headline":"La pla\u00e7a de Sant Roc acull el XVIII Concert de m\u00fasica festera","datePublished":"2022-07-11T11:57:27+00:00","dateModified":"2022-07-20T18:03:15+00:00","mainEntityOfPage":{"@id":"https:\/\/olivamorosicristians.es\/la-placa-de-sant-roc-acull-el-xviii-concert-de-musica-festera\/"},"wordCount":509,"publisher":{"@id":"https:\/\/olivamorosicristians.es\/#organization"},"image":{"@id":"https:\/\/olivamorosicristians.es\/la-placa-de-sant-roc-acull-el-xviii-concert-de-musica-festera\/#primaryimage"},"thumbnailUrl":"https:\/\/i0.wp.com\/olivamorosicristians.es\/wp-content\/uploads\/2022\/07\/Cartell-Concert-2022-e1657613325192.jpeg?fit=500%2C707&ssl=1","keywords":["M\u00fasica"],"articleSection":["M\u00fasica"],"inLanguage":"es"},{"@type":"WebPage","@id":"https:\/\/olivamorosicristians.es\/la-placa-de-sant-roc-acull-el-xviii-concert-de-musica-festera\/","url":"https:\/\/olivamorosicristians.es\/la-placa-de-sant-roc-acull-el-xviii-concert-de-musica-festera\/","name":"La pla\u00e7a de Sant Roc acull el XVIII Concert de m\u00fasica festera - Moros i Cristians Oliva","isPartOf":{"@id":"https:\/\/olivamorosicristians.es\/#website"},"primaryImageOfPage":{"@id":"https:\/\/olivamorosicristians.es\/la-placa-de-sant-roc-acull-el-xviii-concert-de-musica-festera\/#primaryimage"},"image":{"@id":"https:\/\/olivamorosicristians.es\/la-placa-de-sant-roc-acull-el-xviii-concert-de-musica-festera\/#primaryimage"},"thumbnailUrl":"https:\/\/i0.wp.com\/olivamorosicristians.es\/wp-content\/uploads\/2022\/07\/Cartell-Concert-2022-e1657613325192.jpeg?fit=500%2C707&ssl=1","datePublished":"2022-07-11T11:57:27+00:00","dateModified":"2022-07-20T18:03:15+00:00","breadcrumb":{"@id":"https:\/\/olivamorosicristians.es\/la-placa-de-sant-roc-acull-el-xviii-concert-de-musica-festera\/#breadcrumb"},"inLanguage":"es","potentialAction":[{"@type":"ReadAction","target":["https:\/\/olivamorosicristians.es\/la-placa-de-sant-roc-acull-el-xviii-concert-de-musica-festera\/"]}]},{"@type":"ImageObject","inLanguage":"es","@id":"https:\/\/olivamorosicristians.es\/la-placa-de-sant-roc-acull-el-xviii-concert-de-musica-festera\/#primaryimage","url":"https:\/\/i0.wp.com\/olivamorosicristians.es\/wp-content\/uploads\/2022\/07\/Cartell-Concert-2022-e1657613325192.jpeg?fit=500%2C707&ssl=1","contentUrl":"https:\/\/i0.wp.com\/olivamorosicristians.es\/wp-content\/uploads\/2022\/07\/Cartell-Concert-2022-e1657613325192.jpeg?fit=500%2C707&ssl=1","width":500,"height":707},{"@type":"BreadcrumbList","@id":"https:\/\/olivamorosicristians.es\/la-placa-de-sant-roc-acull-el-xviii-concert-de-musica-festera\/#breadcrumb","itemListElement":[{"@type":"ListItem","position":1,"name":"Portada","item":"https:\/\/olivamorosicristians.es\/"},{"@type":"ListItem","position":2,"name":"La pla\u00e7a de Sant Roc acull el XVIII Concert de m\u00fasica festera"}]},{"@type":"WebSite","@id":"https:\/\/olivamorosicristians.es\/#website","url":"https:\/\/olivamorosicristians.es\/","name":"Moros i Cristians Oliva","description":"FMCO","publisher":{"@id":"https:\/\/olivamorosicristians.es\/#organization"},"potentialAction":[{"@type":"SearchAction","target":{"@type":"EntryPoint","urlTemplate":"https:\/\/olivamorosicristians.es\/?s={search_term_string}"},"query-input":{"@type":"PropertyValueSpecification","valueRequired":true,"valueName":"search_term_string"}}],"inLanguage":"es"},{"@type":"Organization","@id":"https:\/\/olivamorosicristians.es\/#organization","name":"La Federaci\u00f3n de Moros y Cristianos de Oliva","url":"https:\/\/olivamorosicristians.es\/","logo":{"@type":"ImageObject","inLanguage":"es","@id":"https:\/\/olivamorosicristians.es\/#\/schema\/logo\/image\/","url":"https:\/\/i2.wp.com\/olivamorosicristians.es\/wp-content\/uploads\/2018\/06\/Icon_FMiCO.png?fit=50%2C50&ssl=1","contentUrl":"https:\/\/i2.wp.com\/olivamorosicristians.es\/wp-content\/uploads\/2018\/06\/Icon_FMiCO.png?fit=50%2C50&ssl=1","width":50,"height":50,"caption":"Federaci\u00f3 de Moros i Cristians - Oliva"},"image":{"@id":"https:\/\/olivamorosicristians.es\/#\/schema\/logo\/image\/"},"sameAs":["https:\/\/www.facebook.com\/federaciodemorosicristiansdoliva\/","https:\/\/www.instagram.com\/morosicristiansoliva\/?hl=es"]},{"@type":"Person","@id":"https:\/\/olivamorosicristians.es\/#\/schema\/person\/21ece052d8816103cad91a2676fd0149","name":"Webmaster","image":{"@type":"ImageObject","inLanguage":"es","@id":"https:\/\/secure.gravatar.com\/avatar\/18de20f14d74abe0c800b423a8b0e24cae6153cb6baeb2c2df80e1cef2117e0d?s=96&d=mm&r=g","url":"https:\/\/secure.gravatar.com\/avatar\/18de20f14d74abe0c800b423a8b0e24cae6153cb6baeb2c2df80e1cef2117e0d?s=96&d=mm&r=g","contentUrl":"https:\/\/secure.gravatar.com\/avatar\/18de20f14d74abe0c800b423a8b0e24cae6153cb6baeb2c2df80e1cef2117e0d?s=96&d=mm&r=g","caption":"Webmaster"},"sameAs":["https:\/\/www.facebook.com\/federaciodemorosicristiansdoliva","https:\/\/www.instagram.com\/morosicristiansoliva\/"]}]}},"jetpack_publicize_connections":[],"jetpack_featured_media_url":"https:\/\/i0.wp.com\/olivamorosicristians.es\/wp-content\/uploads\/2022\/07\/Cartell-Concert-2022-e1657613325192.jpeg?fit=500%2C707&ssl=1","jetpack_sharing_enabled":true,"jetpack_shortlink":"https:\/\/wp.me\/pagEx6-2M0","jetpack-related-posts":[],"_links":{"self":[{"href":"https:\/\/olivamorosicristians.es\/es\/wp-json\/wp\/v2\/posts\/10664","targetHints":{"allow":["GET"]}}],"collection":[{"href":"https:\/\/olivamorosicristians.es\/es\/wp-json\/wp\/v2\/posts"}],"about":[{"href":"https:\/\/olivamorosicristians.es\/es\/wp-json\/wp\/v2\/types\/post"}],"author":[{"embeddable":true,"href":"https:\/\/olivamorosicristians.es\/es\/wp-json\/wp\/v2\/users\/1"}],"replies":[{"embeddable":true,"href":"https:\/\/olivamorosicristians.es\/es\/wp-json\/wp\/v2\/comments?post=10664"}],"version-history":[{"count":4,"href":"https:\/\/olivamorosicristians.es\/es\/wp-json\/wp\/v2\/posts\/10664\/revisions"}],"predecessor-version":[{"id":10733,"href":"https:\/\/olivamorosicristians.es\/es\/wp-json\/wp\/v2\/posts\/10664\/revisions\/10733"}],"wp:featuredmedia":[{"embeddable":true,"href":"https:\/\/olivamorosicristians.es\/es\/wp-json\/wp\/v2\/media\/10667"}],"wp:attachment":[{"href":"https:\/\/olivamorosicristians.es\/es\/wp-json\/wp\/v2\/media?parent=10664"}],"wp:term":[{"taxonomy":"category","embeddable":true,"href":"https:\/\/olivamorosicristians.es\/es\/wp-json\/wp\/v2\/categories?post=10664"},{"taxonomy":"post_tag","embeddable":true,"href":"https:\/\/olivamorosicristians.es\/es\/wp-json\/wp\/v2\/tags?post=10664"}],"curies":[{"name":"wp","href":"https:\/\/api.w.org\/{rel}","templated":true}]}}