{"id":10640,"date":"2022-07-06T10:42:05","date_gmt":"2022-07-06T08:42:05","guid":{"rendered":"https:\/\/olivamorosicristians.es\/?p=10640"},"modified":"2022-07-06T11:26:00","modified_gmt":"2022-07-06T09:26:00","slug":"la-fmico-presenta-el-llibre-de-moros-i-cristians-doliva-2022-dedicat-a-la-gastronomia","status":"publish","type":"post","link":"https:\/\/olivamorosicristians.es\/es\/la-fmico-presenta-el-llibre-de-moros-i-cristians-doliva-2022-dedicat-a-la-gastronomia\/","title":{"rendered":"<strong>La FMiCO presenta el llibre de Moros i Cristians d\u2019Oliva 2022 dedicat a la gastronomia<\/strong>"},"content":{"rendered":"<p style=\"font-size:24px\"><em>El dissabte 2 de juliol es va presentar, al Centre Polivalent d\u2019Oliva, el llibre dels Moros i Cristians d\u2019Oliva. Un monogr\u00e0fic sobre la gastronomia t\u00edpica de les festes<\/em><\/p>\n\n\n\n<p style=\"font-size:24px\"><em>La versi\u00f3 digital del llibre ja es pot consultar, en obert, al web de la Federaci\u00f3 de Moros i Cristians d\u2019Oliva<\/em><\/p>\n\n\n\n<p>La Federaci\u00f3 de Moros i Cristians d\u2019Oliva (FMiCO) amb la col\u00b7laboraci\u00f3 de la regidoria de Festes de l\u2019Ajuntament d\u2019Oliva, van presentar dissabte passat, 2 de juliol, el llibre dels Moros i Cristians d\u2019Oliva 2022, que enguany va dedicat a la gastronomia.<\/p>\n\n\n\n<p>Com cada any, la FMiCO elabora el llibre de festes que pret\u00e9n ser la mem\u00f2ria f\u00edsica d\u2019unes festes. Al igual que els \u00faltims anys, el llibre, molt acurat en els seus detalls i qualitats, \u00e9s un un monogr\u00e0fic sobre un aspecte de la festa. Enguany, el llibre parla de la gastronomia dels Moros i Cristians d\u2019Oliva.<\/p>\n\n\n\n<p>La portada \u00e9s el cartell guanyador de l\u2019\u00faltim concurs que es va organitzar, el de 2020, obra de Juan Diego Ingelmo Benavente. Partint de la gamma crom\u00e0tica d\u2019aquest cartell, se n\u2019ha elaborat el disseny de l\u2019interior de tot el llibre, que est\u00e0 organitzat com una mena de men\u00fa, amb 10 apartats, que pretenen ser un tast de tots el sabor dels Moros i Cristians d\u2019Oliva. Aquests apartats estan inspirats en el format dels antic men\u00fas dels restaurants, amb l\u00ednies decoratives i lletres corbes, tot emmarcat dins les actuals tipografies.<\/p>\n\n\n\n<p>Els 10 apartats s\u00f3n: <strong>Vermut <\/strong>(la dinaora) on els recullen els saludes institucionals. <strong>C\u00f2ctel de benvinguda<\/strong>, amb la presentaci\u00f3 dels c\u00e0rrecs dels MiC Oliva 2022. L\u2019<strong>Aperitiu<\/strong>, amb els premiats en el Concurs de cartells de 2020. <strong>Entrants<\/strong>, l\u2019apartat per fer mem\u00f2ria amb les cr\u00f2niques de les capitanies de 2019, de Mosqueters i Almor\u00e0vits. L\u2019<strong>Arr\u00f2s<\/strong>, on els c\u00e0rrecs 2022 dediquen unes paraules als festers i la ciutadania. El <strong>Caldo<\/strong>, seria l\u2019equivalent al que altres anys s\u2019ha intitulat com Paraules de Festa. En aquest apartat trobem articles de Diego Mestre, amb Mem\u00f2ria de l\u2019exposici\u00f3 \u00abUn segle de records\u00bb; Pep Fenollar, Cr\u00f2nica de l\u2019acte ben\u00e8fic i reaparici\u00f3 de la figura de l\u2019Angelet anunciador; Mapi Barreres, col\u00b7laboraci\u00f3 de Gastroliva; i altres col\u00b7laboracions gastron\u00f2miques de la m\u00e0 d\u2019Evarist Miralles, Salvador Ma\u00f1\u00f3, Chelo Peir\u00f3, Xavier Benavent i Paco Alonso i entrevista als germans Lorenzo i Jos\u00e9 Luis del Restaurant El Pelut. <strong>Cassalleta a la barra, <\/strong>l\u2019instagram fester dels joves de la festa. <strong>Putxero, <\/strong>presentaci\u00f3 de les distintes filades. <strong>Taula de postres<\/strong>, amb articles de les filades capitanes Taifes i Masers. I tanquem amb <strong>Caf\u00e9 i Copa<\/strong>, que \u00e9s la guia comercial.<\/p>\n\n\n\n<p>La versi\u00f3 digital del llibre dels Moros i Cristians d\u2019Oliva ja est\u00e0 disponible, en obert, en la web de la FMiCO (Federaci\u00f3 de Moros i Cristians d\u2019Oliva): <\/p>\n\n\n\n<figure class=\"wp-block-embed is-type-wp-embed is-provider-moros-i-cristians-oliva wp-block-embed-moros-i-cristians-oliva\"><div class=\"wp-block-embed__wrapper\">\n<blockquote class=\"wp-embedded-content\" data-secret=\"7otLB5Ciwo\"><a href=\"https:\/\/olivamorosicristians.es\/es\/cartells-i-llibres\/\">Cartells i llibres<\/a><\/blockquote><iframe loading=\"lazy\" class=\"wp-embedded-content\" sandbox=\"allow-scripts\" security=\"restricted\" style=\"position: absolute; clip: rect(1px, 1px, 1px, 1px);\" title=\"\u00abCartells i llibres\u00bb \u2014 Moros i Cristians Oliva\" src=\"https:\/\/olivamorosicristians.es\/cartells-i-llibres\/embed\/#?secret=aPWYxIp2gO#?secret=7otLB5Ciwo\" data-secret=\"7otLB5Ciwo\" width=\"600\" height=\"338\" frameborder=\"0\" marginwidth=\"0\" marginheight=\"0\" scrolling=\"no\"><\/iframe>\n<\/div><\/figure>\n\n\n\n<p><strong>\u00d3scar Prieto, president de la FMiCO:<\/strong> <em>\u00abTal i com es va realitzar en anys anteriors, enguany hem seguit la l\u00ednia de fer del llibre un monogr\u00e0fic d\u2019un aspecte de la nostra Festa. Enguany \u00e9s el torn de la gastronomia, un element central i sempre present en la nostra Festa que, entre altres coses, \u00e9s ben coneguda pels seus putxeros. Al llibre podem descobrir moltes altres coses i, sobretot, les costums culin\u00e0ries de les distintes filades\u00bb.<\/em><\/p>\n\n\n\n<p><strong>Yolanda Navarro, regidora de festes: \u00ab<\/strong><em>Un any m\u00e9s, la Federaci\u00f3 de Moros i Cristians ha preparat un llibre molt did\u00e0ctic i original, on tots els festers i festeres podran gaudir d&#8217;un men\u00fa complet on tenen cabuda tots els components principals de la festa.<\/em><\/p>\n\n\n\n<p><em>Cal destacar que la Federaci\u00f3 ha tingut molta cura en el disseny i maquetaci\u00f3, aix\u00ed com en el contingut. Un treball molts costos que arrimar\u00e0 la festa dels Moros i Cristians a tots els ve\u00efns i ve\u00efnes, aix\u00ed com a tots els visitants. Un exemple m\u00e9s del gran progr\u00e9s de la festa que es consolida com un esdeveniment cultural i festiu digne de tots els reconeixements.\u00bb.<\/em><\/p>\n\n\n\n<figure class=\"wp-block-gallery has-nested-images columns-default is-cropped wp-block-gallery-1 is-layout-flex wp-block-gallery-is-layout-flex\">\n<figure class=\"wp-block-image size-large\"><img data-recalc-dims=\"1\" loading=\"lazy\" decoding=\"async\" width=\"683\" height=\"1024\" data-attachment-id=\"10643\" data-permalink=\"https:\/\/olivamorosicristians.es\/es\/la-fmico-presenta-el-llibre-de-moros-i-cristians-doliva-2022-dedicat-a-la-gastronomia\/u2a4374\/\" data-orig-file=\"https:\/\/i0.wp.com\/olivamorosicristians.es\/wp-content\/uploads\/2022\/07\/U2A4374-scaled.jpg?fit=1707%2C2560&amp;ssl=1\" data-orig-size=\"1707,2560\" data-comments-opened=\"0\" data-image-meta=\"{&quot;aperture&quot;:&quot;4&quot;,&quot;credit&quot;:&quot;&quot;,&quot;camera&quot;:&quot;Canon EOS 5D Mark III&quot;,&quot;caption&quot;:&quot;&quot;,&quot;created_timestamp&quot;:&quot;1656790407&quot;,&quot;copyright&quot;:&quot;&quot;,&quot;focal_length&quot;:&quot;55&quot;,&quot;iso&quot;:&quot;800&quot;,&quot;shutter_speed&quot;:&quot;0.005&quot;,&quot;title&quot;:&quot;&quot;,&quot;orientation&quot;:&quot;0&quot;}\" data-image-title=\"U2A4374\" data-image-description=\"\" data-image-caption=\"\" data-large-file=\"https:\/\/i0.wp.com\/olivamorosicristians.es\/wp-content\/uploads\/2022\/07\/U2A4374-scaled.jpg?fit=683%2C1024&amp;ssl=1\" data-id=\"10643\" src=\"https:\/\/i0.wp.com\/olivamorosicristians.es\/wp-content\/uploads\/2022\/07\/U2A4374.jpg?resize=683%2C1024&#038;ssl=1\" alt=\"\" class=\"wp-image-10643\" srcset=\"https:\/\/i0.wp.com\/olivamorosicristians.es\/wp-content\/uploads\/2022\/07\/U2A4374-scaled.jpg?resize=683%2C1024&amp;ssl=1 683w, https:\/\/i0.wp.com\/olivamorosicristians.es\/wp-content\/uploads\/2022\/07\/U2A4374-scaled.jpg?resize=200%2C300&amp;ssl=1 200w, https:\/\/i0.wp.com\/olivamorosicristians.es\/wp-content\/uploads\/2022\/07\/U2A4374-scaled.jpg?resize=768%2C1152&amp;ssl=1 768w, https:\/\/i0.wp.com\/olivamorosicristians.es\/wp-content\/uploads\/2022\/07\/U2A4374-scaled.jpg?resize=1024%2C1536&amp;ssl=1 1024w, https:\/\/i0.wp.com\/olivamorosicristians.es\/wp-content\/uploads\/2022\/07\/U2A4374-scaled.jpg?resize=1365%2C2048&amp;ssl=1 1365w, https:\/\/i0.wp.com\/olivamorosicristians.es\/wp-content\/uploads\/2022\/07\/U2A4374-scaled.jpg?resize=640%2C960&amp;ssl=1 640w, https:\/\/i0.wp.com\/olivamorosicristians.es\/wp-content\/uploads\/2022\/07\/U2A4374-scaled.jpg?resize=1280%2C1920&amp;ssl=1 1280w, https:\/\/i0.wp.com\/olivamorosicristians.es\/wp-content\/uploads\/2022\/07\/U2A4374-scaled.jpg?resize=1320%2C1980&amp;ssl=1 1320w, https:\/\/i0.wp.com\/olivamorosicristians.es\/wp-content\/uploads\/2022\/07\/U2A4374-scaled.jpg?w=1707&amp;ssl=1 1707w\" sizes=\"auto, (max-width: 683px) 100vw, 683px\" \/><\/figure>\n\n\n\n<figure class=\"wp-block-image size-large\"><img data-recalc-dims=\"1\" loading=\"lazy\" decoding=\"async\" width=\"1024\" height=\"683\" data-attachment-id=\"10642\" data-permalink=\"https:\/\/olivamorosicristians.es\/es\/la-fmico-presenta-el-llibre-de-moros-i-cristians-doliva-2022-dedicat-a-la-gastronomia\/u2a4378\/\" data-orig-file=\"https:\/\/i0.wp.com\/olivamorosicristians.es\/wp-content\/uploads\/2022\/07\/U2A4378-scaled.jpg?fit=2560%2C1707&amp;ssl=1\" data-orig-size=\"2560,1707\" data-comments-opened=\"0\" data-image-meta=\"{&quot;aperture&quot;:&quot;4&quot;,&quot;credit&quot;:&quot;&quot;,&quot;camera&quot;:&quot;Canon EOS 5D Mark III&quot;,&quot;caption&quot;:&quot;&quot;,&quot;created_timestamp&quot;:&quot;1656790449&quot;,&quot;copyright&quot;:&quot;&quot;,&quot;focal_length&quot;:&quot;50&quot;,&quot;iso&quot;:&quot;800&quot;,&quot;shutter_speed&quot;:&quot;0.005&quot;,&quot;title&quot;:&quot;&quot;,&quot;orientation&quot;:&quot;0&quot;}\" data-image-title=\"U2A4378\" data-image-description=\"\" data-image-caption=\"\" data-large-file=\"https:\/\/i0.wp.com\/olivamorosicristians.es\/wp-content\/uploads\/2022\/07\/U2A4378-scaled.jpg?fit=1024%2C683&amp;ssl=1\" data-id=\"10642\" src=\"https:\/\/i0.wp.com\/olivamorosicristians.es\/wp-content\/uploads\/2022\/07\/U2A4378.jpg?resize=1024%2C683&#038;ssl=1\" alt=\"\" class=\"wp-image-10642\" srcset=\"https:\/\/i0.wp.com\/olivamorosicristians.es\/wp-content\/uploads\/2022\/07\/U2A4378-scaled.jpg?resize=1024%2C683&amp;ssl=1 1024w, https:\/\/i0.wp.com\/olivamorosicristians.es\/wp-content\/uploads\/2022\/07\/U2A4378-scaled.jpg?resize=300%2C200&amp;ssl=1 300w, https:\/\/i0.wp.com\/olivamorosicristians.es\/wp-content\/uploads\/2022\/07\/U2A4378-scaled.jpg?resize=768%2C512&amp;ssl=1 768w, https:\/\/i0.wp.com\/olivamorosicristians.es\/wp-content\/uploads\/2022\/07\/U2A4378-scaled.jpg?resize=1536%2C1024&amp;ssl=1 1536w, https:\/\/i0.wp.com\/olivamorosicristians.es\/wp-content\/uploads\/2022\/07\/U2A4378-scaled.jpg?resize=2048%2C1365&amp;ssl=1 2048w, https:\/\/i0.wp.com\/olivamorosicristians.es\/wp-content\/uploads\/2022\/07\/U2A4378-scaled.jpg?resize=640%2C427&amp;ssl=1 640w, https:\/\/i0.wp.com\/olivamorosicristians.es\/wp-content\/uploads\/2022\/07\/U2A4378-scaled.jpg?resize=1280%2C853&amp;ssl=1 1280w, https:\/\/i0.wp.com\/olivamorosicristians.es\/wp-content\/uploads\/2022\/07\/U2A4378-scaled.jpg?resize=1320%2C880&amp;ssl=1 1320w, https:\/\/i0.wp.com\/olivamorosicristians.es\/wp-content\/uploads\/2022\/07\/U2A4378-scaled.jpg?w=2340&amp;ssl=1 2340w\" sizes=\"auto, (max-width: 1024px) 100vw, 1024px\" \/><\/figure>\n\n\n\n<figure class=\"wp-block-image size-large\"><img data-recalc-dims=\"1\" loading=\"lazy\" decoding=\"async\" width=\"1024\" height=\"683\" data-attachment-id=\"10641\" data-permalink=\"https:\/\/olivamorosicristians.es\/es\/la-fmico-presenta-el-llibre-de-moros-i-cristians-doliva-2022-dedicat-a-la-gastronomia\/u2a4603\/\" data-orig-file=\"https:\/\/i0.wp.com\/olivamorosicristians.es\/wp-content\/uploads\/2022\/07\/U2A4603-scaled.jpg?fit=2560%2C1707&amp;ssl=1\" data-orig-size=\"2560,1707\" data-comments-opened=\"0\" data-image-meta=\"{&quot;aperture&quot;:&quot;4&quot;,&quot;credit&quot;:&quot;&quot;,&quot;camera&quot;:&quot;Canon EOS 5D Mark III&quot;,&quot;caption&quot;:&quot;&quot;,&quot;created_timestamp&quot;:&quot;1656792306&quot;,&quot;copyright&quot;:&quot;&quot;,&quot;focal_length&quot;:&quot;32&quot;,&quot;iso&quot;:&quot;800&quot;,&quot;shutter_speed&quot;:&quot;0.005&quot;,&quot;title&quot;:&quot;&quot;,&quot;orientation&quot;:&quot;0&quot;}\" data-image-title=\"U2A4603\" data-image-description=\"\" data-image-caption=\"\" data-large-file=\"https:\/\/i0.wp.com\/olivamorosicristians.es\/wp-content\/uploads\/2022\/07\/U2A4603-scaled.jpg?fit=1024%2C683&amp;ssl=1\" data-id=\"10641\" src=\"https:\/\/i0.wp.com\/olivamorosicristians.es\/wp-content\/uploads\/2022\/07\/U2A4603.jpg?resize=1024%2C683&#038;ssl=1\" alt=\"\" class=\"wp-image-10641\" srcset=\"https:\/\/i0.wp.com\/olivamorosicristians.es\/wp-content\/uploads\/2022\/07\/U2A4603-scaled.jpg?resize=1024%2C683&amp;ssl=1 1024w, https:\/\/i0.wp.com\/olivamorosicristians.es\/wp-content\/uploads\/2022\/07\/U2A4603-scaled.jpg?resize=300%2C200&amp;ssl=1 300w, https:\/\/i0.wp.com\/olivamorosicristians.es\/wp-content\/uploads\/2022\/07\/U2A4603-scaled.jpg?resize=768%2C512&amp;ssl=1 768w, https:\/\/i0.wp.com\/olivamorosicristians.es\/wp-content\/uploads\/2022\/07\/U2A4603-scaled.jpg?resize=1536%2C1024&amp;ssl=1 1536w, https:\/\/i0.wp.com\/olivamorosicristians.es\/wp-content\/uploads\/2022\/07\/U2A4603-scaled.jpg?resize=2048%2C1365&amp;ssl=1 2048w, https:\/\/i0.wp.com\/olivamorosicristians.es\/wp-content\/uploads\/2022\/07\/U2A4603-scaled.jpg?resize=640%2C427&amp;ssl=1 640w, https:\/\/i0.wp.com\/olivamorosicristians.es\/wp-content\/uploads\/2022\/07\/U2A4603-scaled.jpg?resize=1280%2C853&amp;ssl=1 1280w, https:\/\/i0.wp.com\/olivamorosicristians.es\/wp-content\/uploads\/2022\/07\/U2A4603-scaled.jpg?resize=1320%2C880&amp;ssl=1 1320w, https:\/\/i0.wp.com\/olivamorosicristians.es\/wp-content\/uploads\/2022\/07\/U2A4603-scaled.jpg?w=2340&amp;ssl=1 2340w\" sizes=\"auto, (max-width: 1024px) 100vw, 1024px\" \/><\/figure>\n<\/figure>","protected":false},"excerpt":{"rendered":"<p>El dissabte 2 de juliol es va presentar, al Centre Polivalent d\u2019Oliva, el llibre dels Moros i Cristians d\u2019Oliva. Un monogr\u00e0fic sobre la gastronomia t\u00edpica de les festes La versi\u00f3 digital del llibre ja es pot consultar, en obert, al web de la Federaci\u00f3 de Moros i Cristians d\u2019Oliva La Federaci\u00f3 de Moros i Cristians [&hellip;]<\/p>\n","protected":false},"author":1,"featured_media":10649,"comment_status":"closed","ping_status":"open","sticky":false,"template":"","format":"standard","meta":{"jetpack_post_was_ever_published":false,"_jetpack_newsletter_access":"","_jetpack_dont_email_post_to_subs":false,"_jetpack_newsletter_tier_id":0,"_jetpack_memberships_contains_paywalled_content":false,"_jetpack_memberships_contains_paid_content":false,"footnotes":"","jetpack_publicize_message":"","jetpack_publicize_feature_enabled":true,"jetpack_social_post_already_shared":true,"jetpack_social_options":{"image_generator_settings":{"template":"highway","default_image_id":0,"font":"","enabled":false},"version":2}},"categories":[2],"tags":[],"class_list":["post-10640","post","type-post","status-publish","format-standard","has-post-thumbnail","hentry","category-federacio"],"yoast_head":"<!-- This site is optimized with the Yoast SEO plugin v27.4 - https:\/\/yoast.com\/product\/yoast-seo-wordpress\/ -->\n<title>La FMiCO presenta el llibre de Moros i Cristians d\u2019Oliva 2022 dedicat a la gastronomia - Moros i Cristians Oliva<\/title>\n<meta name=\"robots\" content=\"index, follow, max-snippet:-1, max-image-preview:large, max-video-preview:-1\" \/>\n<link rel=\"canonical\" href=\"https:\/\/olivamorosicristians.es\/es\/la-fmico-presenta-el-llibre-de-moros-i-cristians-doliva-2022-dedicat-a-la-gastronomia\/\" \/>\n<meta property=\"og:locale\" content=\"es_ES\" \/>\n<meta property=\"og:type\" content=\"article\" \/>\n<meta property=\"og:title\" content=\"La FMiCO presenta el llibre de Moros i Cristians d\u2019Oliva 2022 dedicat a la gastronomia - Moros i Cristians Oliva\" \/>\n<meta property=\"og:description\" content=\"El dissabte 2 de juliol es va presentar, al Centre Polivalent d\u2019Oliva, el llibre dels Moros i Cristians d\u2019Oliva. Un monogr\u00e0fic sobre la gastronomia t\u00edpica de les festes La versi\u00f3 digital del llibre ja es pot consultar, en obert, al web de la Federaci\u00f3 de Moros i Cristians d\u2019Oliva La Federaci\u00f3 de Moros i Cristians [&hellip;]\" \/>\n<meta property=\"og:url\" content=\"https:\/\/olivamorosicristians.es\/es\/la-fmico-presenta-el-llibre-de-moros-i-cristians-doliva-2022-dedicat-a-la-gastronomia\/\" \/>\n<meta property=\"og:site_name\" content=\"Moros i Cristians Oliva\" \/>\n<meta property=\"article:publisher\" content=\"https:\/\/www.facebook.com\/federaciodemorosicristiansdoliva\/\" \/>\n<meta property=\"article:author\" content=\"https:\/\/www.facebook.com\/federaciodemorosicristiansdoliva\" \/>\n<meta property=\"article:published_time\" content=\"2022-07-06T08:42:05+00:00\" \/>\n<meta property=\"article:modified_time\" content=\"2022-07-06T09:26:00+00:00\" \/>\n<meta property=\"og:image\" content=\"https:\/\/olivamorosicristians.es\/wp-content\/uploads\/2022\/07\/IMG_0798-scaled.jpg\" \/>\n\t<meta property=\"og:image:width\" content=\"2560\" \/>\n\t<meta property=\"og:image:height\" content=\"1920\" \/>\n\t<meta property=\"og:image:type\" content=\"image\/jpeg\" \/>\n<meta name=\"author\" content=\"Webmaster\" \/>\n<meta name=\"twitter:card\" content=\"summary_large_image\" \/>\n<meta name=\"twitter:label1\" content=\"Escrito por\" \/>\n\t<meta name=\"twitter:data1\" content=\"Webmaster\" \/>\n\t<meta name=\"twitter:label2\" content=\"Tiempo de lectura\" \/>\n\t<meta name=\"twitter:data2\" content=\"4 minutos\" \/>\n<script type=\"application\/ld+json\" class=\"yoast-schema-graph\">{\"@context\":\"https:\\\/\\\/schema.org\",\"@graph\":[{\"@type\":\"Article\",\"@id\":\"https:\\\/\\\/olivamorosicristians.es\\\/la-fmico-presenta-el-llibre-de-moros-i-cristians-doliva-2022-dedicat-a-la-gastronomia\\\/#article\",\"isPartOf\":{\"@id\":\"https:\\\/\\\/olivamorosicristians.es\\\/la-fmico-presenta-el-llibre-de-moros-i-cristians-doliva-2022-dedicat-a-la-gastronomia\\\/\"},\"author\":{\"name\":\"Webmaster\",\"@id\":\"https:\\\/\\\/olivamorosicristians.es\\\/#\\\/schema\\\/person\\\/21ece052d8816103cad91a2676fd0149\"},\"headline\":\"La FMiCO presenta el llibre de Moros i Cristians d\u2019Oliva 2022 dedicat a la gastronomia\",\"datePublished\":\"2022-07-06T08:42:05+00:00\",\"dateModified\":\"2022-07-06T09:26:00+00:00\",\"mainEntityOfPage\":{\"@id\":\"https:\\\/\\\/olivamorosicristians.es\\\/la-fmico-presenta-el-llibre-de-moros-i-cristians-doliva-2022-dedicat-a-la-gastronomia\\\/\"},\"wordCount\":701,\"publisher\":{\"@id\":\"https:\\\/\\\/olivamorosicristians.es\\\/#organization\"},\"image\":{\"@id\":\"https:\\\/\\\/olivamorosicristians.es\\\/la-fmico-presenta-el-llibre-de-moros-i-cristians-doliva-2022-dedicat-a-la-gastronomia\\\/#primaryimage\"},\"thumbnailUrl\":\"https:\\\/\\\/i0.wp.com\\\/olivamorosicristians.es\\\/wp-content\\\/uploads\\\/2022\\\/07\\\/IMG_0798-scaled.jpg?fit=2560%2C1920&ssl=1\",\"articleSection\":[\"Federaci\u00f3\"],\"inLanguage\":\"es\"},{\"@type\":\"WebPage\",\"@id\":\"https:\\\/\\\/olivamorosicristians.es\\\/la-fmico-presenta-el-llibre-de-moros-i-cristians-doliva-2022-dedicat-a-la-gastronomia\\\/\",\"url\":\"https:\\\/\\\/olivamorosicristians.es\\\/la-fmico-presenta-el-llibre-de-moros-i-cristians-doliva-2022-dedicat-a-la-gastronomia\\\/\",\"name\":\"La FMiCO presenta el llibre de Moros i Cristians d\u2019Oliva 2022 dedicat a la gastronomia - Moros i Cristians Oliva\",\"isPartOf\":{\"@id\":\"https:\\\/\\\/olivamorosicristians.es\\\/#website\"},\"primaryImageOfPage\":{\"@id\":\"https:\\\/\\\/olivamorosicristians.es\\\/la-fmico-presenta-el-llibre-de-moros-i-cristians-doliva-2022-dedicat-a-la-gastronomia\\\/#primaryimage\"},\"image\":{\"@id\":\"https:\\\/\\\/olivamorosicristians.es\\\/la-fmico-presenta-el-llibre-de-moros-i-cristians-doliva-2022-dedicat-a-la-gastronomia\\\/#primaryimage\"},\"thumbnailUrl\":\"https:\\\/\\\/i0.wp.com\\\/olivamorosicristians.es\\\/wp-content\\\/uploads\\\/2022\\\/07\\\/IMG_0798-scaled.jpg?fit=2560%2C1920&ssl=1\",\"datePublished\":\"2022-07-06T08:42:05+00:00\",\"dateModified\":\"2022-07-06T09:26:00+00:00\",\"breadcrumb\":{\"@id\":\"https:\\\/\\\/olivamorosicristians.es\\\/la-fmico-presenta-el-llibre-de-moros-i-cristians-doliva-2022-dedicat-a-la-gastronomia\\\/#breadcrumb\"},\"inLanguage\":\"es\",\"potentialAction\":[{\"@type\":\"ReadAction\",\"target\":[\"https:\\\/\\\/olivamorosicristians.es\\\/la-fmico-presenta-el-llibre-de-moros-i-cristians-doliva-2022-dedicat-a-la-gastronomia\\\/\"]}]},{\"@type\":\"ImageObject\",\"inLanguage\":\"es\",\"@id\":\"https:\\\/\\\/olivamorosicristians.es\\\/la-fmico-presenta-el-llibre-de-moros-i-cristians-doliva-2022-dedicat-a-la-gastronomia\\\/#primaryimage\",\"url\":\"https:\\\/\\\/i0.wp.com\\\/olivamorosicristians.es\\\/wp-content\\\/uploads\\\/2022\\\/07\\\/IMG_0798-scaled.jpg?fit=2560%2C1920&ssl=1\",\"contentUrl\":\"https:\\\/\\\/i0.wp.com\\\/olivamorosicristians.es\\\/wp-content\\\/uploads\\\/2022\\\/07\\\/IMG_0798-scaled.jpg?fit=2560%2C1920&ssl=1\",\"width\":2560,\"height\":1920},{\"@type\":\"BreadcrumbList\",\"@id\":\"https:\\\/\\\/olivamorosicristians.es\\\/la-fmico-presenta-el-llibre-de-moros-i-cristians-doliva-2022-dedicat-a-la-gastronomia\\\/#breadcrumb\",\"itemListElement\":[{\"@type\":\"ListItem\",\"position\":1,\"name\":\"Portada\",\"item\":\"https:\\\/\\\/olivamorosicristians.es\\\/\"},{\"@type\":\"ListItem\",\"position\":2,\"name\":\"La FMiCO presenta el llibre de Moros i Cristians d\u2019Oliva 2022 dedicat a la gastronomia\"}]},{\"@type\":\"WebSite\",\"@id\":\"https:\\\/\\\/olivamorosicristians.es\\\/#website\",\"url\":\"https:\\\/\\\/olivamorosicristians.es\\\/\",\"name\":\"Moros i Cristians Oliva\",\"description\":\"FMCO\",\"publisher\":{\"@id\":\"https:\\\/\\\/olivamorosicristians.es\\\/#organization\"},\"potentialAction\":[{\"@type\":\"SearchAction\",\"target\":{\"@type\":\"EntryPoint\",\"urlTemplate\":\"https:\\\/\\\/olivamorosicristians.es\\\/?s={search_term_string}\"},\"query-input\":{\"@type\":\"PropertyValueSpecification\",\"valueRequired\":true,\"valueName\":\"search_term_string\"}}],\"inLanguage\":\"es\"},{\"@type\":\"Organization\",\"@id\":\"https:\\\/\\\/olivamorosicristians.es\\\/#organization\",\"name\":\"Federaci\u00f3 de Moros i Cristians - Oliva\",\"url\":\"https:\\\/\\\/olivamorosicristians.es\\\/\",\"logo\":{\"@type\":\"ImageObject\",\"inLanguage\":\"es\",\"@id\":\"https:\\\/\\\/olivamorosicristians.es\\\/#\\\/schema\\\/logo\\\/image\\\/\",\"url\":\"https:\\\/\\\/i2.wp.com\\\/olivamorosicristians.es\\\/wp-content\\\/uploads\\\/2018\\\/06\\\/Icon_FMiCO.png?fit=50%2C50&ssl=1\",\"contentUrl\":\"https:\\\/\\\/i2.wp.com\\\/olivamorosicristians.es\\\/wp-content\\\/uploads\\\/2018\\\/06\\\/Icon_FMiCO.png?fit=50%2C50&ssl=1\",\"width\":50,\"height\":50,\"caption\":\"Federaci\u00f3 de Moros i Cristians - Oliva\"},\"image\":{\"@id\":\"https:\\\/\\\/olivamorosicristians.es\\\/#\\\/schema\\\/logo\\\/image\\\/\"},\"sameAs\":[\"https:\\\/\\\/www.facebook.com\\\/federaciodemorosicristiansdoliva\\\/\",\"https:\\\/\\\/www.instagram.com\\\/morosicristiansoliva\\\/?hl=es\"]},{\"@type\":\"Person\",\"@id\":\"https:\\\/\\\/olivamorosicristians.es\\\/#\\\/schema\\\/person\\\/21ece052d8816103cad91a2676fd0149\",\"name\":\"Webmaster\",\"image\":{\"@type\":\"ImageObject\",\"inLanguage\":\"es\",\"@id\":\"https:\\\/\\\/secure.gravatar.com\\\/avatar\\\/18de20f14d74abe0c800b423a8b0e24cae6153cb6baeb2c2df80e1cef2117e0d?s=96&d=mm&r=g\",\"url\":\"https:\\\/\\\/secure.gravatar.com\\\/avatar\\\/18de20f14d74abe0c800b423a8b0e24cae6153cb6baeb2c2df80e1cef2117e0d?s=96&d=mm&r=g\",\"contentUrl\":\"https:\\\/\\\/secure.gravatar.com\\\/avatar\\\/18de20f14d74abe0c800b423a8b0e24cae6153cb6baeb2c2df80e1cef2117e0d?s=96&d=mm&r=g\",\"caption\":\"Webmaster\"},\"sameAs\":[\"https:\\\/\\\/www.facebook.com\\\/federaciodemorosicristiansdoliva\",\"https:\\\/\\\/www.instagram.com\\\/morosicristiansoliva\\\/\"]}]}<\/script>\n<!-- \/ Yoast SEO plugin. -->","yoast_head_json":{"title":"La FMiCO presenta el llibre de Moros i Cristians d\u2019Oliva 2022 dedicat a la gastronomia - Moros i Cristians Oliva","robots":{"index":"index","follow":"follow","max-snippet":"max-snippet:-1","max-image-preview":"max-image-preview:large","max-video-preview":"max-video-preview:-1"},"canonical":"https:\/\/olivamorosicristians.es\/es\/la-fmico-presenta-el-llibre-de-moros-i-cristians-doliva-2022-dedicat-a-la-gastronomia\/","og_locale":"es_ES","og_type":"article","og_title":"La FMiCO presenta el llibre de Moros i Cristians d\u2019Oliva 2022 dedicat a la gastronomia - Moros i Cristians Oliva","og_description":"El dissabte 2 de juliol es va presentar, al Centre Polivalent d\u2019Oliva, el llibre dels Moros i Cristians d\u2019Oliva. Un monogr\u00e0fic sobre la gastronomia t\u00edpica de les festes La versi\u00f3 digital del llibre ja es pot consultar, en obert, al web de la Federaci\u00f3 de Moros i Cristians d\u2019Oliva La Federaci\u00f3 de Moros i Cristians [&hellip;]","og_url":"https:\/\/olivamorosicristians.es\/es\/la-fmico-presenta-el-llibre-de-moros-i-cristians-doliva-2022-dedicat-a-la-gastronomia\/","og_site_name":"Moros i Cristians Oliva","article_publisher":"https:\/\/www.facebook.com\/federaciodemorosicristiansdoliva\/","article_author":"https:\/\/www.facebook.com\/federaciodemorosicristiansdoliva","article_published_time":"2022-07-06T08:42:05+00:00","article_modified_time":"2022-07-06T09:26:00+00:00","og_image":[{"width":2560,"height":1920,"url":"https:\/\/olivamorosicristians.es\/wp-content\/uploads\/2022\/07\/IMG_0798-scaled.jpg","type":"image\/jpeg"}],"author":"Webmaster","twitter_card":"summary_large_image","twitter_misc":{"Escrito por":"Webmaster","Tiempo de lectura":"4 minutos"},"schema":{"@context":"https:\/\/schema.org","@graph":[{"@type":"Article","@id":"https:\/\/olivamorosicristians.es\/la-fmico-presenta-el-llibre-de-moros-i-cristians-doliva-2022-dedicat-a-la-gastronomia\/#article","isPartOf":{"@id":"https:\/\/olivamorosicristians.es\/la-fmico-presenta-el-llibre-de-moros-i-cristians-doliva-2022-dedicat-a-la-gastronomia\/"},"author":{"name":"Webmaster","@id":"https:\/\/olivamorosicristians.es\/#\/schema\/person\/21ece052d8816103cad91a2676fd0149"},"headline":"La FMiCO presenta el llibre de Moros i Cristians d\u2019Oliva 2022 dedicat a la gastronomia","datePublished":"2022-07-06T08:42:05+00:00","dateModified":"2022-07-06T09:26:00+00:00","mainEntityOfPage":{"@id":"https:\/\/olivamorosicristians.es\/la-fmico-presenta-el-llibre-de-moros-i-cristians-doliva-2022-dedicat-a-la-gastronomia\/"},"wordCount":701,"publisher":{"@id":"https:\/\/olivamorosicristians.es\/#organization"},"image":{"@id":"https:\/\/olivamorosicristians.es\/la-fmico-presenta-el-llibre-de-moros-i-cristians-doliva-2022-dedicat-a-la-gastronomia\/#primaryimage"},"thumbnailUrl":"https:\/\/i0.wp.com\/olivamorosicristians.es\/wp-content\/uploads\/2022\/07\/IMG_0798-scaled.jpg?fit=2560%2C1920&ssl=1","articleSection":["Federaci\u00f3"],"inLanguage":"es"},{"@type":"WebPage","@id":"https:\/\/olivamorosicristians.es\/la-fmico-presenta-el-llibre-de-moros-i-cristians-doliva-2022-dedicat-a-la-gastronomia\/","url":"https:\/\/olivamorosicristians.es\/la-fmico-presenta-el-llibre-de-moros-i-cristians-doliva-2022-dedicat-a-la-gastronomia\/","name":"La FMiCO presenta el llibre de Moros i Cristians d\u2019Oliva 2022 dedicat a la gastronomia - Moros i Cristians Oliva","isPartOf":{"@id":"https:\/\/olivamorosicristians.es\/#website"},"primaryImageOfPage":{"@id":"https:\/\/olivamorosicristians.es\/la-fmico-presenta-el-llibre-de-moros-i-cristians-doliva-2022-dedicat-a-la-gastronomia\/#primaryimage"},"image":{"@id":"https:\/\/olivamorosicristians.es\/la-fmico-presenta-el-llibre-de-moros-i-cristians-doliva-2022-dedicat-a-la-gastronomia\/#primaryimage"},"thumbnailUrl":"https:\/\/i0.wp.com\/olivamorosicristians.es\/wp-content\/uploads\/2022\/07\/IMG_0798-scaled.jpg?fit=2560%2C1920&ssl=1","datePublished":"2022-07-06T08:42:05+00:00","dateModified":"2022-07-06T09:26:00+00:00","breadcrumb":{"@id":"https:\/\/olivamorosicristians.es\/la-fmico-presenta-el-llibre-de-moros-i-cristians-doliva-2022-dedicat-a-la-gastronomia\/#breadcrumb"},"inLanguage":"es","potentialAction":[{"@type":"ReadAction","target":["https:\/\/olivamorosicristians.es\/la-fmico-presenta-el-llibre-de-moros-i-cristians-doliva-2022-dedicat-a-la-gastronomia\/"]}]},{"@type":"ImageObject","inLanguage":"es","@id":"https:\/\/olivamorosicristians.es\/la-fmico-presenta-el-llibre-de-moros-i-cristians-doliva-2022-dedicat-a-la-gastronomia\/#primaryimage","url":"https:\/\/i0.wp.com\/olivamorosicristians.es\/wp-content\/uploads\/2022\/07\/IMG_0798-scaled.jpg?fit=2560%2C1920&ssl=1","contentUrl":"https:\/\/i0.wp.com\/olivamorosicristians.es\/wp-content\/uploads\/2022\/07\/IMG_0798-scaled.jpg?fit=2560%2C1920&ssl=1","width":2560,"height":1920},{"@type":"BreadcrumbList","@id":"https:\/\/olivamorosicristians.es\/la-fmico-presenta-el-llibre-de-moros-i-cristians-doliva-2022-dedicat-a-la-gastronomia\/#breadcrumb","itemListElement":[{"@type":"ListItem","position":1,"name":"Portada","item":"https:\/\/olivamorosicristians.es\/"},{"@type":"ListItem","position":2,"name":"La FMiCO presenta el llibre de Moros i Cristians d\u2019Oliva 2022 dedicat a la gastronomia"}]},{"@type":"WebSite","@id":"https:\/\/olivamorosicristians.es\/#website","url":"https:\/\/olivamorosicristians.es\/","name":"Moros i Cristians Oliva","description":"FMCO","publisher":{"@id":"https:\/\/olivamorosicristians.es\/#organization"},"potentialAction":[{"@type":"SearchAction","target":{"@type":"EntryPoint","urlTemplate":"https:\/\/olivamorosicristians.es\/?s={search_term_string}"},"query-input":{"@type":"PropertyValueSpecification","valueRequired":true,"valueName":"search_term_string"}}],"inLanguage":"es"},{"@type":"Organization","@id":"https:\/\/olivamorosicristians.es\/#organization","name":"La Federaci\u00f3n de Moros y Cristianos de Oliva","url":"https:\/\/olivamorosicristians.es\/","logo":{"@type":"ImageObject","inLanguage":"es","@id":"https:\/\/olivamorosicristians.es\/#\/schema\/logo\/image\/","url":"https:\/\/i2.wp.com\/olivamorosicristians.es\/wp-content\/uploads\/2018\/06\/Icon_FMiCO.png?fit=50%2C50&ssl=1","contentUrl":"https:\/\/i2.wp.com\/olivamorosicristians.es\/wp-content\/uploads\/2018\/06\/Icon_FMiCO.png?fit=50%2C50&ssl=1","width":50,"height":50,"caption":"Federaci\u00f3 de Moros i Cristians - Oliva"},"image":{"@id":"https:\/\/olivamorosicristians.es\/#\/schema\/logo\/image\/"},"sameAs":["https:\/\/www.facebook.com\/federaciodemorosicristiansdoliva\/","https:\/\/www.instagram.com\/morosicristiansoliva\/?hl=es"]},{"@type":"Person","@id":"https:\/\/olivamorosicristians.es\/#\/schema\/person\/21ece052d8816103cad91a2676fd0149","name":"Webmaster","image":{"@type":"ImageObject","inLanguage":"es","@id":"https:\/\/secure.gravatar.com\/avatar\/18de20f14d74abe0c800b423a8b0e24cae6153cb6baeb2c2df80e1cef2117e0d?s=96&d=mm&r=g","url":"https:\/\/secure.gravatar.com\/avatar\/18de20f14d74abe0c800b423a8b0e24cae6153cb6baeb2c2df80e1cef2117e0d?s=96&d=mm&r=g","contentUrl":"https:\/\/secure.gravatar.com\/avatar\/18de20f14d74abe0c800b423a8b0e24cae6153cb6baeb2c2df80e1cef2117e0d?s=96&d=mm&r=g","caption":"Webmaster"},"sameAs":["https:\/\/www.facebook.com\/federaciodemorosicristiansdoliva","https:\/\/www.instagram.com\/morosicristiansoliva\/"]}]}},"jetpack_publicize_connections":[],"jetpack_featured_media_url":"https:\/\/i0.wp.com\/olivamorosicristians.es\/wp-content\/uploads\/2022\/07\/IMG_0798-scaled.jpg?fit=2560%2C1920&ssl=1","jetpack_sharing_enabled":true,"jetpack_shortlink":"https:\/\/wp.me\/pagEx6-2LC","jetpack-related-posts":[],"_links":{"self":[{"href":"https:\/\/olivamorosicristians.es\/es\/wp-json\/wp\/v2\/posts\/10640","targetHints":{"allow":["GET"]}}],"collection":[{"href":"https:\/\/olivamorosicristians.es\/es\/wp-json\/wp\/v2\/posts"}],"about":[{"href":"https:\/\/olivamorosicristians.es\/es\/wp-json\/wp\/v2\/types\/post"}],"author":[{"embeddable":true,"href":"https:\/\/olivamorosicristians.es\/es\/wp-json\/wp\/v2\/users\/1"}],"replies":[{"embeddable":true,"href":"https:\/\/olivamorosicristians.es\/es\/wp-json\/wp\/v2\/comments?post=10640"}],"version-history":[{"count":6,"href":"https:\/\/olivamorosicristians.es\/es\/wp-json\/wp\/v2\/posts\/10640\/revisions"}],"predecessor-version":[{"id":10654,"href":"https:\/\/olivamorosicristians.es\/es\/wp-json\/wp\/v2\/posts\/10640\/revisions\/10654"}],"wp:featuredmedia":[{"embeddable":true,"href":"https:\/\/olivamorosicristians.es\/es\/wp-json\/wp\/v2\/media\/10649"}],"wp:attachment":[{"href":"https:\/\/olivamorosicristians.es\/es\/wp-json\/wp\/v2\/media?parent=10640"}],"wp:term":[{"taxonomy":"category","embeddable":true,"href":"https:\/\/olivamorosicristians.es\/es\/wp-json\/wp\/v2\/categories?post=10640"},{"taxonomy":"post_tag","embeddable":true,"href":"https:\/\/olivamorosicristians.es\/es\/wp-json\/wp\/v2\/tags?post=10640"}],"curies":[{"name":"wp","href":"https:\/\/api.w.org\/{rel}","templated":true}]}}