{"id":10569,"date":"2022-07-01T09:57:32","date_gmt":"2022-07-01T07:57:32","guid":{"rendered":"https:\/\/olivamorosicristians.es\/?p=10569"},"modified":"2022-07-04T13:44:52","modified_gmt":"2022-07-04T11:44:52","slug":"jose-luis-llorca-i-rosa-llopis-seran-els-pregoners-dels-moros-i-cristians-doliva-2022-imma-mateu-la-directora-de-bandes","status":"publish","type":"post","link":"https:\/\/olivamorosicristians.es\/es\/jose-luis-llorca-i-rosa-llopis-seran-els-pregoners-dels-moros-i-cristians-doliva-2022-imma-mateu-la-directora-de-bandes\/","title":{"rendered":"Jos\u00e9 Lu\u00eds Llorca i Rosa Llopis seran els Pregoners dels Moros i Cristians d\u2019Oliva 2022; Imma Mateu, la Directora de Bandes"},"content":{"rendered":"<p class=\"has-medium-font-size\"><em>L&#8217;empres\u00e0ria que fou presidenta d\u2019ACCO, Rosa Llopis i el funcionari del Gabinet d\u2019Alcaldia i fester, Jos\u00e9 Lu\u00eds Llorca seran els encarregats de fer el primer Preg\u00f3 dialogat de les Festes de Moros i Cristians d\u2019Oliva el dijous 21 de juliol<\/em><\/p>\n\n\n\n<p class=\"has-medium-font-size\"><em>La professora del Conservatori Josep Climent d\u2019Oliva i directora d\u2019orquestra, Imma Mateu, dirigir\u00e0 les dotze bandes que interpretaran l\u2019himne \u00abOliva 1990\u00bb a la pla\u00e7a de l\u2019Ajuntament al comen\u00e7ament de les festes<\/em><\/p>\n\n\n\n<p>La Federaci\u00f3 de Moros i Cristians d\u2019Oliva, amb la col\u00b7laboraci\u00f3 de la regidoria de Festes de l\u2019Ajuntament d\u2019Oliva, anuncia els c\u00e0rrecs de Pregoners i Directora de Bandes de les Festes de 2022, festes que seran la tornada dels Moros i Cristians als carrers de la ciutat despr\u00e9s de dos anys de restriccions per la pand\u00e8mia de la Covid-19. Els Pregoners i la Directora de Bandes es presentaran aquest dissabte, 2 de juliol, a les 19:30h, al Centre Polivalent, a l\u2019acte de presentaci\u00f3 del llibre de festes i entrega de regals al capitans i ambaixadors.<\/p>\n\n\n\n<p>Enguany, per primera vegada, el Preg\u00f3 de festes el realitzaran dos persones alhora. Rosa Llopis i Jos\u00e9 Lu\u00eds Llorca seran els encarregats de donar el tret d\u2019eixida de les festes m\u00e9s esperades. El 21 de juliol de 2022, al voltant de les 19h i des del balc\u00f3 de l\u2019Ajuntament d\u2019Oliva, pronunciaran el Preg\u00f3 que donar\u00e0 inici a les Festes.<\/p>\n\n\n\n<p>Rosa Llopis \u00e9s una empres\u00e0ria local, que ha estat dedicada tota la seua vida a la moda. A m\u00e9s, durant 12 any va ser la presidenta de l\u2019Associaci\u00f3 de Comerciants d\u2019Oliva (ACCO) i vicepresidenta de la Federaci\u00f3 d\u2019Empresaris de la Safor (FAES). Sempre ha estat amb la festa, col\u00b7laborant amb sortejos i concursos i ha sigut jurat del concurs de putxeros del mig any.<\/p>\n\n\n\n<p>Jos\u00e9 Lu\u00eds Llorca, funcionari municipal responsable del protocol de l\u2019Ajuntament, ha exercit sempre les seues funcions en el Gabinet de l\u2019Alcaldia. Ha sigut fester, sempre del b\u00e0ndol moro. L\u2019any 1996 fou ambaixador de la Fil\u00e0 Marr\u00e0queix i aquests \u00faltims anys ha sigut component de la Fil\u00e0 Almor\u00e0vits. A m\u00e9s, de 2017 a 2019 va ser membre de la Federaci\u00f3 de Moros i Cristians d\u2019Oliva, com a responsable de protocol. Jos\u00e9 Lu\u00eds \u00e9s, sobretot, un entusiasta de la festa i un gran innovador, amb una alta dosi de valentia.<\/p>\n\n\n\n<p class=\"has-text-align-center\"><img data-recalc-dims=\"1\" loading=\"lazy\" decoding=\"async\" width=\"400\" height=\"533\" data-attachment-id=\"10570\" data-permalink=\"https:\/\/olivamorosicristians.es\/es\/jose-luis-llorca-i-rosa-llopis-seran-els-pregoners-dels-moros-i-cristians-doliva-2022-imma-mateu-la-directora-de-bandes\/foto-llibre-pregoners\/\" data-orig-file=\"https:\/\/i0.wp.com\/olivamorosicristians.es\/wp-content\/uploads\/2022\/07\/foto-llibre-pregoners.jpg?fit=1772%2C2362&amp;ssl=1\" data-orig-size=\"1772,2362\" data-comments-opened=\"0\" data-image-meta=\"{&quot;aperture&quot;:&quot;7.1&quot;,&quot;credit&quot;:&quot;&quot;,&quot;camera&quot;:&quot;Canon EOS 6D&quot;,&quot;caption&quot;:&quot;&quot;,&quot;created_timestamp&quot;:&quot;1650917085&quot;,&quot;copyright&quot;:&quot;&quot;,&quot;focal_length&quot;:&quot;70&quot;,&quot;iso&quot;:&quot;250&quot;,&quot;shutter_speed&quot;:&quot;0.01&quot;,&quot;title&quot;:&quot;&quot;,&quot;orientation&quot;:&quot;1&quot;}\" data-image-title=\"foto llibre pregoners\" data-image-description=\"\" data-image-caption=\"\" data-large-file=\"https:\/\/i0.wp.com\/olivamorosicristians.es\/wp-content\/uploads\/2022\/07\/foto-llibre-pregoners.jpg?fit=768%2C1024&amp;ssl=1\" class=\"wp-image-10570\" style=\"width: 400px;\" src=\"https:\/\/i0.wp.com\/olivamorosicristians.es\/wp-content\/uploads\/2022\/07\/foto-llibre-pregoners.jpg?resize=400%2C533&#038;ssl=1\" alt=\"\" srcset=\"https:\/\/i0.wp.com\/olivamorosicristians.es\/wp-content\/uploads\/2022\/07\/foto-llibre-pregoners.jpg?w=1772&amp;ssl=1 1772w, https:\/\/i0.wp.com\/olivamorosicristians.es\/wp-content\/uploads\/2022\/07\/foto-llibre-pregoners.jpg?resize=225%2C300&amp;ssl=1 225w, https:\/\/i0.wp.com\/olivamorosicristians.es\/wp-content\/uploads\/2022\/07\/foto-llibre-pregoners.jpg?resize=768%2C1024&amp;ssl=1 768w, https:\/\/i0.wp.com\/olivamorosicristians.es\/wp-content\/uploads\/2022\/07\/foto-llibre-pregoners.jpg?resize=1152%2C1536&amp;ssl=1 1152w, https:\/\/i0.wp.com\/olivamorosicristians.es\/wp-content\/uploads\/2022\/07\/foto-llibre-pregoners.jpg?resize=1536%2C2048&amp;ssl=1 1536w, https:\/\/i0.wp.com\/olivamorosicristians.es\/wp-content\/uploads\/2022\/07\/foto-llibre-pregoners.jpg?resize=600%2C800&amp;ssl=1 600w, https:\/\/i0.wp.com\/olivamorosicristians.es\/wp-content\/uploads\/2022\/07\/foto-llibre-pregoners.jpg?resize=640%2C853&amp;ssl=1 640w, https:\/\/i0.wp.com\/olivamorosicristians.es\/wp-content\/uploads\/2022\/07\/foto-llibre-pregoners.jpg?resize=1280%2C1706&amp;ssl=1 1280w, https:\/\/i0.wp.com\/olivamorosicristians.es\/wp-content\/uploads\/2022\/07\/foto-llibre-pregoners.jpg?resize=1320%2C1760&amp;ssl=1 1320w\" sizes=\"auto, (max-width: 400px) 100vw, 400px\" \/><\/p>\n\n\n\n<p class=\"has-text-align-center has-small-font-size\"><em>Rosa Llopis<\/em> i <em>Jos\u00e9 Lu\u00eds Llorca<\/em><\/p>\n\n\n\n<p>La directora de bandes \u00e9s Imma Mateu Fortu\u00f1o. Directora d\u2019orquestra titulada per l\u2019Associated board of the Royal School of M\u00fasic de Londres, titulada superior en flauta travessera i t\u00edtol elemental de cant, ambd\u00f3s, pel Conservatori Superior de M\u00fasica \u00abJoaquim Rodrigo\u00bb de Val\u00e8ncia. Ha ampliat estudis amb els mestres Jos\u00e9 Lopez Cobos, Jan Cober, Jose Miguel Rodilla, Georges Pehlivanian, Diego Ramon i Lluch, Jose Rafael Pascual-Vilaplana, i actualment continua estudis de perfeccionament en la direcci\u00f3 d&#8217;orquestra i banda amb Rafael Sanz-Espert, i tamb\u00e9 un m\u00e0ster amb els professors Pascual Osa i Roberto Montenegro.<\/p>\n\n\n\n<p>Destaquem el seu pas com a directora titular de l\u2019orfe\u00f3 Josep Climent d\u2019Oliva, i com a directora convidada de la Banda Simf\u00f2nica i de l\u2019orquestra cl\u00e0ssica de l\u2019Associaci\u00f3 Art\u00edstico-Musical d\u2019Oliva. Se sent especialment satisfeta d\u2019haver dirigit l\u2019any 2020 EL MESSIES participatiu de l\u2019SCHOLA CANTORUM d\u2019Algemes\u00ed i per descomptat ha sigut tamb\u00e9 l\u2019any 2016 i l&#8217;any 2020 directora titular de la banda simf\u00f2nica de dones de la FSMCV.<\/p>\n\n\n\n<p>Actualment exercix com a professora de cor i banda infantil en el Conservatori Professional Josep Climent d\u2019Oliva, professora de cor i banda infantil en la Societat Musical Santa Cec\u00edlia de Guadassuar i des de setembre del 2021 col\u00b7labora amb \u00c0 PUNT r\u00e0dio, en el programa EL RALL, secci\u00f3 EL RAC\u00d3 DE LA BANDA.<\/p>\n\n\n\n<p>Destaquem la seua lluita per la igualtat, rebent premi EUTERPE 2018 per a la lluita en la igualtat de g\u00e8nere en el grup DONES I BANDA del qual \u00e9s una de les seues fundadores.<\/p>\n\n\n\n<p class=\"has-text-align-center\"><img data-recalc-dims=\"1\" loading=\"lazy\" decoding=\"async\" width=\"400\" height=\"712\" data-attachment-id=\"10571\" data-permalink=\"https:\/\/olivamorosicristians.es\/es\/jose-luis-llorca-i-rosa-llopis-seran-els-pregoners-dels-moros-i-cristians-doliva-2022-imma-mateu-la-directora-de-bandes\/foto-inma-mateu-iii\/\" data-orig-file=\"https:\/\/i0.wp.com\/olivamorosicristians.es\/wp-content\/uploads\/2022\/07\/Foto-Inma-Mateu-III-scaled.jpg?fit=1438%2C2560&amp;ssl=1\" data-orig-size=\"1438,2560\" data-comments-opened=\"0\" data-image-meta=\"{&quot;aperture&quot;:&quot;0&quot;,&quot;credit&quot;:&quot;&quot;,&quot;camera&quot;:&quot;&quot;,&quot;caption&quot;:&quot;&quot;,&quot;created_timestamp&quot;:&quot;0&quot;,&quot;copyright&quot;:&quot;&quot;,&quot;focal_length&quot;:&quot;0&quot;,&quot;iso&quot;:&quot;0&quot;,&quot;shutter_speed&quot;:&quot;0&quot;,&quot;title&quot;:&quot;&quot;,&quot;orientation&quot;:&quot;1&quot;}\" data-image-title=\"Foto Inma Mateu III\" data-image-description=\"\" data-image-caption=\"\" data-large-file=\"https:\/\/i0.wp.com\/olivamorosicristians.es\/wp-content\/uploads\/2022\/07\/Foto-Inma-Mateu-III-scaled.jpg?fit=575%2C1024&amp;ssl=1\" class=\"wp-image-10571\" style=\"width: 400px;\" src=\"https:\/\/i0.wp.com\/olivamorosicristians.es\/wp-content\/uploads\/2022\/07\/Foto-Inma-Mateu-III-scaled.jpg?resize=400%2C712&#038;ssl=1\" alt=\"\" srcset=\"https:\/\/i0.wp.com\/olivamorosicristians.es\/wp-content\/uploads\/2022\/07\/Foto-Inma-Mateu-III-scaled.jpg?w=1438&amp;ssl=1 1438w, https:\/\/i0.wp.com\/olivamorosicristians.es\/wp-content\/uploads\/2022\/07\/Foto-Inma-Mateu-III-scaled.jpg?resize=169%2C300&amp;ssl=1 169w, https:\/\/i0.wp.com\/olivamorosicristians.es\/wp-content\/uploads\/2022\/07\/Foto-Inma-Mateu-III-scaled.jpg?resize=575%2C1024&amp;ssl=1 575w, https:\/\/i0.wp.com\/olivamorosicristians.es\/wp-content\/uploads\/2022\/07\/Foto-Inma-Mateu-III-scaled.jpg?resize=768%2C1367&amp;ssl=1 768w, https:\/\/i0.wp.com\/olivamorosicristians.es\/wp-content\/uploads\/2022\/07\/Foto-Inma-Mateu-III-scaled.jpg?resize=863%2C1536&amp;ssl=1 863w, https:\/\/i0.wp.com\/olivamorosicristians.es\/wp-content\/uploads\/2022\/07\/Foto-Inma-Mateu-III-scaled.jpg?resize=1151%2C2048&amp;ssl=1 1151w, https:\/\/i0.wp.com\/olivamorosicristians.es\/wp-content\/uploads\/2022\/07\/Foto-Inma-Mateu-III-scaled.jpg?resize=640%2C1139&amp;ssl=1 640w, https:\/\/i0.wp.com\/olivamorosicristians.es\/wp-content\/uploads\/2022\/07\/Foto-Inma-Mateu-III-scaled.jpg?resize=1280%2C2278&amp;ssl=1 1280w, https:\/\/i0.wp.com\/olivamorosicristians.es\/wp-content\/uploads\/2022\/07\/Foto-Inma-Mateu-III-scaled.jpg?resize=1320%2C2349&amp;ssl=1 1320w\" sizes=\"auto, (max-width: 400px) 100vw, 400px\" \/><\/p>\n\n\n\n<p class=\"has-text-align-center has-small-font-size\">Imma Mateu Fortu\u00f1o<\/p>\n\n\n\n<p>Els Pregoners i Directora de Bandes seran presentats dissabte 2 de juliol, a les 19:30h al Centre Polivalent, on es realitzar\u00e0 l\u2019acte de presentaci\u00f3 del llibre de festes de Moros i Cristians d\u2019Oliva de 2022 i l\u2019acte d\u2019entrega de regals als capitans i ambaixadors. L\u2019entrada \u00e9s lliure.<\/p>\n\n\n\n<p><strong>\u00d3scar Prieto, president de la FMICO: <\/strong>\u00abEstem a les portes de festes i \u00e9s per a nosaltres un plaer presentar-vos als Pregoners, Jos\u00e9 Lu\u00eds Llorca i Rosa Llopis, i a la Directora de Bandes, Imma Mateu. Aquest any, les dones tenen una rellev\u00e0ncia especial, s\u00f3n majoria en tots els c\u00e0rrecs. \u00c9s important visualitzar que la festa de Moros i Cristians d\u2019Oliva \u00e9s integradora i moderna\u00bb.<\/p>\n\n\n\n<p><strong>Yolanda Navarro, regidora de Festes: <\/strong>\u00abA poques setmanes de tornar a baixar loygorri, els Moros i Cristians d&#8217;Oliva calfen motors despr\u00e9s de dos llargs anys d&#8217;espera. Tornem a la normalitat i anem a celebrar una festa declarada d&#8217;inter\u00e9s tur\u00edstic provincial i que tanta gent convoca a la nostra ciutat, un esdeveniment festiu, cultural i tur\u00edstic que omplir\u00e0 la ciutat de llum, color i molts retrobaments\u00bb.<\/p>\n\n\n\n<p><\/p>\n\n\n\n<p><\/p>\n\n\n\n<p><\/p>","protected":false},"excerpt":{"rendered":"<p>L&#8217;empres\u00e0ria que fou presidenta d\u2019ACCO, Rosa Llopis i el funcionari del Gabinet d\u2019Alcaldia i fester, Jos\u00e9 Lu\u00eds Llorca seran els encarregats de fer el primer Preg\u00f3 dialogat de les Festes de Moros i Cristians d\u2019Oliva el dijous 21 de juliol La professora del Conservatori Josep Climent d\u2019Oliva i directora d\u2019orquestra, Imma Mateu, dirigir\u00e0 les dotze [&hellip;]<\/p>\n","protected":false},"author":1,"featured_media":10625,"comment_status":"closed","ping_status":"open","sticky":false,"template":"","format":"standard","meta":{"jetpack_post_was_ever_published":false,"_jetpack_newsletter_access":"","_jetpack_dont_email_post_to_subs":false,"_jetpack_newsletter_tier_id":0,"_jetpack_memberships_contains_paywalled_content":false,"_jetpack_memberships_contains_paid_content":false,"footnotes":"","jetpack_publicize_message":"","jetpack_publicize_feature_enabled":true,"jetpack_social_post_already_shared":true,"jetpack_social_options":{"image_generator_settings":{"template":"highway","default_image_id":0,"font":"","enabled":false},"version":2}},"categories":[9],"tags":[],"class_list":["post-10569","post","type-post","status-publish","format-standard","has-post-thumbnail","hentry","category-festa"],"yoast_head":"<!-- This site is optimized with the Yoast SEO plugin v27.5 - https:\/\/yoast.com\/product\/yoast-seo-wordpress\/ -->\n<title>Jos\u00e9 Lu\u00eds Llorca i Rosa Llopis seran els Pregoners dels Moros i Cristians d\u2019Oliva 2022; Imma Mateu, la Directora de Bandes - Moros i Cristians Oliva<\/title>\n<meta name=\"robots\" content=\"index, follow, max-snippet:-1, max-image-preview:large, max-video-preview:-1\" \/>\n<link rel=\"canonical\" href=\"https:\/\/olivamorosicristians.es\/es\/jose-luis-llorca-i-rosa-llopis-seran-els-pregoners-dels-moros-i-cristians-doliva-2022-imma-mateu-la-directora-de-bandes\/\" \/>\n<meta property=\"og:locale\" content=\"es_ES\" \/>\n<meta property=\"og:type\" content=\"article\" \/>\n<meta property=\"og:title\" content=\"Jos\u00e9 Lu\u00eds Llorca i Rosa Llopis seran els Pregoners dels Moros i Cristians d\u2019Oliva 2022; Imma Mateu, la Directora de Bandes - Moros i Cristians Oliva\" \/>\n<meta property=\"og:description\" content=\"L&#8217;empres\u00e0ria que fou presidenta d\u2019ACCO, Rosa Llopis i el funcionari del Gabinet d\u2019Alcaldia i fester, Jos\u00e9 Lu\u00eds Llorca seran els encarregats de fer el primer Preg\u00f3 dialogat de les Festes de Moros i Cristians d\u2019Oliva el dijous 21 de juliol La professora del Conservatori Josep Climent d\u2019Oliva i directora d\u2019orquestra, Imma Mateu, dirigir\u00e0 les dotze [&hellip;]\" \/>\n<meta property=\"og:url\" content=\"https:\/\/olivamorosicristians.es\/es\/jose-luis-llorca-i-rosa-llopis-seran-els-pregoners-dels-moros-i-cristians-doliva-2022-imma-mateu-la-directora-de-bandes\/\" \/>\n<meta property=\"og:site_name\" content=\"Moros i Cristians Oliva\" \/>\n<meta property=\"article:publisher\" content=\"https:\/\/www.facebook.com\/federaciodemorosicristiansdoliva\/\" \/>\n<meta property=\"article:author\" content=\"https:\/\/www.facebook.com\/federaciodemorosicristiansdoliva\" \/>\n<meta property=\"article:published_time\" content=\"2022-07-01T07:57:32+00:00\" \/>\n<meta property=\"article:modified_time\" content=\"2022-07-04T11:44:52+00:00\" \/>\n<meta property=\"og:image\" content=\"https:\/\/olivamorosicristians.es\/wp-content\/uploads\/2022\/07\/Llibre2022_03-scaled-e1656934912611.jpg\" \/>\n\t<meta property=\"og:image:width\" content=\"2227\" \/>\n\t<meta property=\"og:image:height\" content=\"1228\" \/>\n\t<meta property=\"og:image:type\" content=\"image\/jpeg\" \/>\n<meta name=\"author\" content=\"Webmaster\" \/>\n<meta name=\"twitter:card\" content=\"summary_large_image\" \/>\n<meta name=\"twitter:label1\" content=\"Escrito por\" \/>\n\t<meta name=\"twitter:data1\" content=\"Webmaster\" \/>\n\t<meta name=\"twitter:label2\" content=\"Tiempo de lectura\" \/>\n\t<meta name=\"twitter:data2\" content=\"5 minutos\" \/>\n<script type=\"application\/ld+json\" class=\"yoast-schema-graph\">{\"@context\":\"https:\\\/\\\/schema.org\",\"@graph\":[{\"@type\":\"Article\",\"@id\":\"https:\\\/\\\/olivamorosicristians.es\\\/jose-luis-llorca-i-rosa-llopis-seran-els-pregoners-dels-moros-i-cristians-doliva-2022-imma-mateu-la-directora-de-bandes\\\/#article\",\"isPartOf\":{\"@id\":\"https:\\\/\\\/olivamorosicristians.es\\\/jose-luis-llorca-i-rosa-llopis-seran-els-pregoners-dels-moros-i-cristians-doliva-2022-imma-mateu-la-directora-de-bandes\\\/\"},\"author\":{\"name\":\"Webmaster\",\"@id\":\"https:\\\/\\\/olivamorosicristians.es\\\/#\\\/schema\\\/person\\\/21ece052d8816103cad91a2676fd0149\"},\"headline\":\"Jos\u00e9 Lu\u00eds Llorca i Rosa Llopis seran els Pregoners dels Moros i Cristians d\u2019Oliva 2022; Imma Mateu, la Directora de Bandes\",\"datePublished\":\"2022-07-01T07:57:32+00:00\",\"dateModified\":\"2022-07-04T11:44:52+00:00\",\"mainEntityOfPage\":{\"@id\":\"https:\\\/\\\/olivamorosicristians.es\\\/jose-luis-llorca-i-rosa-llopis-seran-els-pregoners-dels-moros-i-cristians-doliva-2022-imma-mateu-la-directora-de-bandes\\\/\"},\"wordCount\":902,\"publisher\":{\"@id\":\"https:\\\/\\\/olivamorosicristians.es\\\/#organization\"},\"image\":{\"@id\":\"https:\\\/\\\/olivamorosicristians.es\\\/jose-luis-llorca-i-rosa-llopis-seran-els-pregoners-dels-moros-i-cristians-doliva-2022-imma-mateu-la-directora-de-bandes\\\/#primaryimage\"},\"thumbnailUrl\":\"https:\\\/\\\/i0.wp.com\\\/olivamorosicristians.es\\\/wp-content\\\/uploads\\\/2022\\\/07\\\/Llibre2022_03-scaled-e1656934912611.jpg?fit=2227%2C1228&ssl=1\",\"articleSection\":[\"Festa\"],\"inLanguage\":\"es\"},{\"@type\":\"WebPage\",\"@id\":\"https:\\\/\\\/olivamorosicristians.es\\\/jose-luis-llorca-i-rosa-llopis-seran-els-pregoners-dels-moros-i-cristians-doliva-2022-imma-mateu-la-directora-de-bandes\\\/\",\"url\":\"https:\\\/\\\/olivamorosicristians.es\\\/jose-luis-llorca-i-rosa-llopis-seran-els-pregoners-dels-moros-i-cristians-doliva-2022-imma-mateu-la-directora-de-bandes\\\/\",\"name\":\"Jos\u00e9 Lu\u00eds Llorca i Rosa Llopis seran els Pregoners dels Moros i Cristians d\u2019Oliva 2022; Imma Mateu, la Directora de Bandes - Moros i Cristians Oliva\",\"isPartOf\":{\"@id\":\"https:\\\/\\\/olivamorosicristians.es\\\/#website\"},\"primaryImageOfPage\":{\"@id\":\"https:\\\/\\\/olivamorosicristians.es\\\/jose-luis-llorca-i-rosa-llopis-seran-els-pregoners-dels-moros-i-cristians-doliva-2022-imma-mateu-la-directora-de-bandes\\\/#primaryimage\"},\"image\":{\"@id\":\"https:\\\/\\\/olivamorosicristians.es\\\/jose-luis-llorca-i-rosa-llopis-seran-els-pregoners-dels-moros-i-cristians-doliva-2022-imma-mateu-la-directora-de-bandes\\\/#primaryimage\"},\"thumbnailUrl\":\"https:\\\/\\\/i0.wp.com\\\/olivamorosicristians.es\\\/wp-content\\\/uploads\\\/2022\\\/07\\\/Llibre2022_03-scaled-e1656934912611.jpg?fit=2227%2C1228&ssl=1\",\"datePublished\":\"2022-07-01T07:57:32+00:00\",\"dateModified\":\"2022-07-04T11:44:52+00:00\",\"breadcrumb\":{\"@id\":\"https:\\\/\\\/olivamorosicristians.es\\\/jose-luis-llorca-i-rosa-llopis-seran-els-pregoners-dels-moros-i-cristians-doliva-2022-imma-mateu-la-directora-de-bandes\\\/#breadcrumb\"},\"inLanguage\":\"es\",\"potentialAction\":[{\"@type\":\"ReadAction\",\"target\":[\"https:\\\/\\\/olivamorosicristians.es\\\/jose-luis-llorca-i-rosa-llopis-seran-els-pregoners-dels-moros-i-cristians-doliva-2022-imma-mateu-la-directora-de-bandes\\\/\"]}]},{\"@type\":\"ImageObject\",\"inLanguage\":\"es\",\"@id\":\"https:\\\/\\\/olivamorosicristians.es\\\/jose-luis-llorca-i-rosa-llopis-seran-els-pregoners-dels-moros-i-cristians-doliva-2022-imma-mateu-la-directora-de-bandes\\\/#primaryimage\",\"url\":\"https:\\\/\\\/i0.wp.com\\\/olivamorosicristians.es\\\/wp-content\\\/uploads\\\/2022\\\/07\\\/Llibre2022_03-scaled-e1656934912611.jpg?fit=2227%2C1228&ssl=1\",\"contentUrl\":\"https:\\\/\\\/i0.wp.com\\\/olivamorosicristians.es\\\/wp-content\\\/uploads\\\/2022\\\/07\\\/Llibre2022_03-scaled-e1656934912611.jpg?fit=2227%2C1228&ssl=1\",\"width\":2227,\"height\":1228},{\"@type\":\"BreadcrumbList\",\"@id\":\"https:\\\/\\\/olivamorosicristians.es\\\/jose-luis-llorca-i-rosa-llopis-seran-els-pregoners-dels-moros-i-cristians-doliva-2022-imma-mateu-la-directora-de-bandes\\\/#breadcrumb\",\"itemListElement\":[{\"@type\":\"ListItem\",\"position\":1,\"name\":\"Portada\",\"item\":\"https:\\\/\\\/olivamorosicristians.es\\\/\"},{\"@type\":\"ListItem\",\"position\":2,\"name\":\"Jos\u00e9 Lu\u00eds Llorca i Rosa Llopis seran els Pregoners dels Moros i Cristians d\u2019Oliva 2022; Imma Mateu, la Directora de Bandes\"}]},{\"@type\":\"WebSite\",\"@id\":\"https:\\\/\\\/olivamorosicristians.es\\\/#website\",\"url\":\"https:\\\/\\\/olivamorosicristians.es\\\/\",\"name\":\"Moros i Cristians Oliva\",\"description\":\"FMCO\",\"publisher\":{\"@id\":\"https:\\\/\\\/olivamorosicristians.es\\\/#organization\"},\"potentialAction\":[{\"@type\":\"SearchAction\",\"target\":{\"@type\":\"EntryPoint\",\"urlTemplate\":\"https:\\\/\\\/olivamorosicristians.es\\\/?s={search_term_string}\"},\"query-input\":{\"@type\":\"PropertyValueSpecification\",\"valueRequired\":true,\"valueName\":\"search_term_string\"}}],\"inLanguage\":\"es\"},{\"@type\":\"Organization\",\"@id\":\"https:\\\/\\\/olivamorosicristians.es\\\/#organization\",\"name\":\"Federaci\u00f3 de Moros i Cristians - Oliva\",\"url\":\"https:\\\/\\\/olivamorosicristians.es\\\/\",\"logo\":{\"@type\":\"ImageObject\",\"inLanguage\":\"es\",\"@id\":\"https:\\\/\\\/olivamorosicristians.es\\\/#\\\/schema\\\/logo\\\/image\\\/\",\"url\":\"https:\\\/\\\/i2.wp.com\\\/olivamorosicristians.es\\\/wp-content\\\/uploads\\\/2018\\\/06\\\/Icon_FMiCO.png?fit=50%2C50&ssl=1\",\"contentUrl\":\"https:\\\/\\\/i2.wp.com\\\/olivamorosicristians.es\\\/wp-content\\\/uploads\\\/2018\\\/06\\\/Icon_FMiCO.png?fit=50%2C50&ssl=1\",\"width\":50,\"height\":50,\"caption\":\"Federaci\u00f3 de Moros i Cristians - Oliva\"},\"image\":{\"@id\":\"https:\\\/\\\/olivamorosicristians.es\\\/#\\\/schema\\\/logo\\\/image\\\/\"},\"sameAs\":[\"https:\\\/\\\/www.facebook.com\\\/federaciodemorosicristiansdoliva\\\/\",\"https:\\\/\\\/www.instagram.com\\\/morosicristiansoliva\\\/?hl=es\"]},{\"@type\":\"Person\",\"@id\":\"https:\\\/\\\/olivamorosicristians.es\\\/#\\\/schema\\\/person\\\/21ece052d8816103cad91a2676fd0149\",\"name\":\"Webmaster\",\"image\":{\"@type\":\"ImageObject\",\"inLanguage\":\"es\",\"@id\":\"https:\\\/\\\/secure.gravatar.com\\\/avatar\\\/18de20f14d74abe0c800b423a8b0e24cae6153cb6baeb2c2df80e1cef2117e0d?s=96&d=mm&r=g\",\"url\":\"https:\\\/\\\/secure.gravatar.com\\\/avatar\\\/18de20f14d74abe0c800b423a8b0e24cae6153cb6baeb2c2df80e1cef2117e0d?s=96&d=mm&r=g\",\"contentUrl\":\"https:\\\/\\\/secure.gravatar.com\\\/avatar\\\/18de20f14d74abe0c800b423a8b0e24cae6153cb6baeb2c2df80e1cef2117e0d?s=96&d=mm&r=g\",\"caption\":\"Webmaster\"},\"sameAs\":[\"https:\\\/\\\/www.facebook.com\\\/federaciodemorosicristiansdoliva\",\"https:\\\/\\\/www.instagram.com\\\/morosicristiansoliva\\\/\"]}]}<\/script>\n<!-- \/ Yoast SEO plugin. -->","yoast_head_json":{"title":"Jos\u00e9 Lu\u00eds Llorca i Rosa Llopis seran els Pregoners dels Moros i Cristians d\u2019Oliva 2022; Imma Mateu, la Directora de Bandes - Moros i Cristians Oliva","robots":{"index":"index","follow":"follow","max-snippet":"max-snippet:-1","max-image-preview":"max-image-preview:large","max-video-preview":"max-video-preview:-1"},"canonical":"https:\/\/olivamorosicristians.es\/es\/jose-luis-llorca-i-rosa-llopis-seran-els-pregoners-dels-moros-i-cristians-doliva-2022-imma-mateu-la-directora-de-bandes\/","og_locale":"es_ES","og_type":"article","og_title":"Jos\u00e9 Lu\u00eds Llorca i Rosa Llopis seran els Pregoners dels Moros i Cristians d\u2019Oliva 2022; Imma Mateu, la Directora de Bandes - Moros i Cristians Oliva","og_description":"L&#8217;empres\u00e0ria que fou presidenta d\u2019ACCO, Rosa Llopis i el funcionari del Gabinet d\u2019Alcaldia i fester, Jos\u00e9 Lu\u00eds Llorca seran els encarregats de fer el primer Preg\u00f3 dialogat de les Festes de Moros i Cristians d\u2019Oliva el dijous 21 de juliol La professora del Conservatori Josep Climent d\u2019Oliva i directora d\u2019orquestra, Imma Mateu, dirigir\u00e0 les dotze [&hellip;]","og_url":"https:\/\/olivamorosicristians.es\/es\/jose-luis-llorca-i-rosa-llopis-seran-els-pregoners-dels-moros-i-cristians-doliva-2022-imma-mateu-la-directora-de-bandes\/","og_site_name":"Moros i Cristians Oliva","article_publisher":"https:\/\/www.facebook.com\/federaciodemorosicristiansdoliva\/","article_author":"https:\/\/www.facebook.com\/federaciodemorosicristiansdoliva","article_published_time":"2022-07-01T07:57:32+00:00","article_modified_time":"2022-07-04T11:44:52+00:00","og_image":[{"width":2227,"height":1228,"url":"https:\/\/olivamorosicristians.es\/wp-content\/uploads\/2022\/07\/Llibre2022_03-scaled-e1656934912611.jpg","type":"image\/jpeg"}],"author":"Webmaster","twitter_card":"summary_large_image","twitter_misc":{"Escrito por":"Webmaster","Tiempo de lectura":"5 minutos"},"schema":{"@context":"https:\/\/schema.org","@graph":[{"@type":"Article","@id":"https:\/\/olivamorosicristians.es\/jose-luis-llorca-i-rosa-llopis-seran-els-pregoners-dels-moros-i-cristians-doliva-2022-imma-mateu-la-directora-de-bandes\/#article","isPartOf":{"@id":"https:\/\/olivamorosicristians.es\/jose-luis-llorca-i-rosa-llopis-seran-els-pregoners-dels-moros-i-cristians-doliva-2022-imma-mateu-la-directora-de-bandes\/"},"author":{"name":"Webmaster","@id":"https:\/\/olivamorosicristians.es\/#\/schema\/person\/21ece052d8816103cad91a2676fd0149"},"headline":"Jos\u00e9 Lu\u00eds Llorca i Rosa Llopis seran els Pregoners dels Moros i Cristians d\u2019Oliva 2022; Imma Mateu, la Directora de Bandes","datePublished":"2022-07-01T07:57:32+00:00","dateModified":"2022-07-04T11:44:52+00:00","mainEntityOfPage":{"@id":"https:\/\/olivamorosicristians.es\/jose-luis-llorca-i-rosa-llopis-seran-els-pregoners-dels-moros-i-cristians-doliva-2022-imma-mateu-la-directora-de-bandes\/"},"wordCount":902,"publisher":{"@id":"https:\/\/olivamorosicristians.es\/#organization"},"image":{"@id":"https:\/\/olivamorosicristians.es\/jose-luis-llorca-i-rosa-llopis-seran-els-pregoners-dels-moros-i-cristians-doliva-2022-imma-mateu-la-directora-de-bandes\/#primaryimage"},"thumbnailUrl":"https:\/\/i0.wp.com\/olivamorosicristians.es\/wp-content\/uploads\/2022\/07\/Llibre2022_03-scaled-e1656934912611.jpg?fit=2227%2C1228&ssl=1","articleSection":["Festa"],"inLanguage":"es"},{"@type":"WebPage","@id":"https:\/\/olivamorosicristians.es\/jose-luis-llorca-i-rosa-llopis-seran-els-pregoners-dels-moros-i-cristians-doliva-2022-imma-mateu-la-directora-de-bandes\/","url":"https:\/\/olivamorosicristians.es\/jose-luis-llorca-i-rosa-llopis-seran-els-pregoners-dels-moros-i-cristians-doliva-2022-imma-mateu-la-directora-de-bandes\/","name":"Jos\u00e9 Lu\u00eds Llorca i Rosa Llopis seran els Pregoners dels Moros i Cristians d\u2019Oliva 2022; Imma Mateu, la Directora de Bandes - Moros i Cristians Oliva","isPartOf":{"@id":"https:\/\/olivamorosicristians.es\/#website"},"primaryImageOfPage":{"@id":"https:\/\/olivamorosicristians.es\/jose-luis-llorca-i-rosa-llopis-seran-els-pregoners-dels-moros-i-cristians-doliva-2022-imma-mateu-la-directora-de-bandes\/#primaryimage"},"image":{"@id":"https:\/\/olivamorosicristians.es\/jose-luis-llorca-i-rosa-llopis-seran-els-pregoners-dels-moros-i-cristians-doliva-2022-imma-mateu-la-directora-de-bandes\/#primaryimage"},"thumbnailUrl":"https:\/\/i0.wp.com\/olivamorosicristians.es\/wp-content\/uploads\/2022\/07\/Llibre2022_03-scaled-e1656934912611.jpg?fit=2227%2C1228&ssl=1","datePublished":"2022-07-01T07:57:32+00:00","dateModified":"2022-07-04T11:44:52+00:00","breadcrumb":{"@id":"https:\/\/olivamorosicristians.es\/jose-luis-llorca-i-rosa-llopis-seran-els-pregoners-dels-moros-i-cristians-doliva-2022-imma-mateu-la-directora-de-bandes\/#breadcrumb"},"inLanguage":"es","potentialAction":[{"@type":"ReadAction","target":["https:\/\/olivamorosicristians.es\/jose-luis-llorca-i-rosa-llopis-seran-els-pregoners-dels-moros-i-cristians-doliva-2022-imma-mateu-la-directora-de-bandes\/"]}]},{"@type":"ImageObject","inLanguage":"es","@id":"https:\/\/olivamorosicristians.es\/jose-luis-llorca-i-rosa-llopis-seran-els-pregoners-dels-moros-i-cristians-doliva-2022-imma-mateu-la-directora-de-bandes\/#primaryimage","url":"https:\/\/i0.wp.com\/olivamorosicristians.es\/wp-content\/uploads\/2022\/07\/Llibre2022_03-scaled-e1656934912611.jpg?fit=2227%2C1228&ssl=1","contentUrl":"https:\/\/i0.wp.com\/olivamorosicristians.es\/wp-content\/uploads\/2022\/07\/Llibre2022_03-scaled-e1656934912611.jpg?fit=2227%2C1228&ssl=1","width":2227,"height":1228},{"@type":"BreadcrumbList","@id":"https:\/\/olivamorosicristians.es\/jose-luis-llorca-i-rosa-llopis-seran-els-pregoners-dels-moros-i-cristians-doliva-2022-imma-mateu-la-directora-de-bandes\/#breadcrumb","itemListElement":[{"@type":"ListItem","position":1,"name":"Portada","item":"https:\/\/olivamorosicristians.es\/"},{"@type":"ListItem","position":2,"name":"Jos\u00e9 Lu\u00eds Llorca i Rosa Llopis seran els Pregoners dels Moros i Cristians d\u2019Oliva 2022; Imma Mateu, la Directora de Bandes"}]},{"@type":"WebSite","@id":"https:\/\/olivamorosicristians.es\/#website","url":"https:\/\/olivamorosicristians.es\/","name":"Moros i Cristians Oliva","description":"FMCO","publisher":{"@id":"https:\/\/olivamorosicristians.es\/#organization"},"potentialAction":[{"@type":"SearchAction","target":{"@type":"EntryPoint","urlTemplate":"https:\/\/olivamorosicristians.es\/?s={search_term_string}"},"query-input":{"@type":"PropertyValueSpecification","valueRequired":true,"valueName":"search_term_string"}}],"inLanguage":"es"},{"@type":"Organization","@id":"https:\/\/olivamorosicristians.es\/#organization","name":"La Federaci\u00f3n de Moros y Cristianos de Oliva","url":"https:\/\/olivamorosicristians.es\/","logo":{"@type":"ImageObject","inLanguage":"es","@id":"https:\/\/olivamorosicristians.es\/#\/schema\/logo\/image\/","url":"https:\/\/i2.wp.com\/olivamorosicristians.es\/wp-content\/uploads\/2018\/06\/Icon_FMiCO.png?fit=50%2C50&ssl=1","contentUrl":"https:\/\/i2.wp.com\/olivamorosicristians.es\/wp-content\/uploads\/2018\/06\/Icon_FMiCO.png?fit=50%2C50&ssl=1","width":50,"height":50,"caption":"Federaci\u00f3 de Moros i Cristians - Oliva"},"image":{"@id":"https:\/\/olivamorosicristians.es\/#\/schema\/logo\/image\/"},"sameAs":["https:\/\/www.facebook.com\/federaciodemorosicristiansdoliva\/","https:\/\/www.instagram.com\/morosicristiansoliva\/?hl=es"]},{"@type":"Person","@id":"https:\/\/olivamorosicristians.es\/#\/schema\/person\/21ece052d8816103cad91a2676fd0149","name":"Webmaster","image":{"@type":"ImageObject","inLanguage":"es","@id":"https:\/\/secure.gravatar.com\/avatar\/18de20f14d74abe0c800b423a8b0e24cae6153cb6baeb2c2df80e1cef2117e0d?s=96&d=mm&r=g","url":"https:\/\/secure.gravatar.com\/avatar\/18de20f14d74abe0c800b423a8b0e24cae6153cb6baeb2c2df80e1cef2117e0d?s=96&d=mm&r=g","contentUrl":"https:\/\/secure.gravatar.com\/avatar\/18de20f14d74abe0c800b423a8b0e24cae6153cb6baeb2c2df80e1cef2117e0d?s=96&d=mm&r=g","caption":"Webmaster"},"sameAs":["https:\/\/www.facebook.com\/federaciodemorosicristiansdoliva","https:\/\/www.instagram.com\/morosicristiansoliva\/"]}]}},"jetpack_publicize_connections":[],"jetpack_featured_media_url":"https:\/\/i0.wp.com\/olivamorosicristians.es\/wp-content\/uploads\/2022\/07\/Llibre2022_03-scaled-e1656934912611.jpg?fit=2227%2C1228&ssl=1","jetpack_sharing_enabled":true,"jetpack_shortlink":"https:\/\/wp.me\/pagEx6-2Kt","jetpack-related-posts":[],"_links":{"self":[{"href":"https:\/\/olivamorosicristians.es\/es\/wp-json\/wp\/v2\/posts\/10569","targetHints":{"allow":["GET"]}}],"collection":[{"href":"https:\/\/olivamorosicristians.es\/es\/wp-json\/wp\/v2\/posts"}],"about":[{"href":"https:\/\/olivamorosicristians.es\/es\/wp-json\/wp\/v2\/types\/post"}],"author":[{"embeddable":true,"href":"https:\/\/olivamorosicristians.es\/es\/wp-json\/wp\/v2\/users\/1"}],"replies":[{"embeddable":true,"href":"https:\/\/olivamorosicristians.es\/es\/wp-json\/wp\/v2\/comments?post=10569"}],"version-history":[{"count":4,"href":"https:\/\/olivamorosicristians.es\/es\/wp-json\/wp\/v2\/posts\/10569\/revisions"}],"predecessor-version":[{"id":10579,"href":"https:\/\/olivamorosicristians.es\/es\/wp-json\/wp\/v2\/posts\/10569\/revisions\/10579"}],"wp:featuredmedia":[{"embeddable":true,"href":"https:\/\/olivamorosicristians.es\/es\/wp-json\/wp\/v2\/media\/10625"}],"wp:attachment":[{"href":"https:\/\/olivamorosicristians.es\/es\/wp-json\/wp\/v2\/media?parent=10569"}],"wp:term":[{"taxonomy":"category","embeddable":true,"href":"https:\/\/olivamorosicristians.es\/es\/wp-json\/wp\/v2\/categories?post=10569"},{"taxonomy":"post_tag","embeddable":true,"href":"https:\/\/olivamorosicristians.es\/es\/wp-json\/wp\/v2\/tags?post=10569"}],"curies":[{"name":"wp","href":"https:\/\/api.w.org\/{rel}","templated":true}]}}