{"id":10564,"date":"2022-07-01T09:48:55","date_gmt":"2022-07-01T07:48:55","guid":{"rendered":"https:\/\/olivamorosicristians.es\/?p=10564"},"modified":"2022-07-02T10:15:08","modified_gmt":"2022-07-02T08:15:08","slug":"la-federacio-de-moros-i-cristians-doliva-rep-la-xxi-distincio-honorifica-que-atorga-lassociacio-cultural-centelles-i-riusech","status":"publish","type":"post","link":"https:\/\/olivamorosicristians.es\/es\/la-federacio-de-moros-i-cristians-doliva-rep-la-xxi-distincio-honorifica-que-atorga-lassociacio-cultural-centelles-i-riusech\/","title":{"rendered":"La Federaci\u00f3 de Moros i Cristians d\u2019Oliva rep la  XXI Distinci\u00f3 Honor\u00edfica que atorga l\u2019Associaci\u00f3 Cultural Centelles i Riusech"},"content":{"rendered":"<p>La Federaci\u00f3 de Moros i Cristians d\u2019Oliva va rebre la XXI Distinci\u00f3 Honor\u00edfica que atorga l\u2019Associaci\u00f3 Cultural Centelles i Riusech, per la seua tasca de recuperaci\u00f3 hist\u00f2rica i patrimonial que est\u00e0 realitzant amb motiu de la celebraci\u00f3 del centenari de les primeres celebracions de Moros i Cristians a Oliva.<\/p>\n\n\n\n<p>El passat 10 de juny de 2022, a l\u2019esgl\u00e9sia de Sant Roc, es va realitzar l\u2019acte d\u2019atorgament de la Distinci\u00f3 Honor\u00edfica. L\u2019esgl\u00e9sia del barri que fou bressol de les primeres festes de Moros i Cristians, va acollir una jornada musical i cultural al voltant de la festa.<\/p>\n\n\n\n<p>Els membres de la Federaci\u00f3 de Moros i Cristians d\u2019Oliva van recollir la Distinci\u00f3 Honor\u00edfica de mans del president de l\u2019entitat cultural, Antoni Esteve. Seguidament es va dur a terme una interessant confer\u00e8ncia, a c\u00e0rrec d\u2019Albert Alcaraz Santonja, que portava per t\u00edtol \u00abRecuperaci\u00f3 i expansi\u00f3 de les Festes de Moros i Cristians en les d\u00e8cades de 1950 i 1970. Breu introducci\u00f3 al cas d\u2019Oliva\u00bb. L\u2019acte va concloure amb un concert de m\u00fasica festera, el primer que es realitzava a l\u2019interior de l\u2019esgl\u00e9sia de Sant Roc, de la m\u00e0 del Grup Musical d\u2019Albaida. La jornada va concloure amb un sopar popular a la pla\u00e7a de Sant Roc.<\/p>\n\n\n\n<p>Des de la Federaci\u00f3 de Moros i Cristians d\u2019Oliva es vol agrair, a l\u2019Associaci\u00f3 Cultural Centelles i Riusech, aquesta Distinci\u00f3 Honor\u00edfica, que reconeix el treball de molts festers any rere any. La Festa de Moros i Cristians d\u2019Oliva s\u2019ha consolidat amb els anys i ara \u00e9s moment d\u2019aprofundir en les seues arrels i consolidar el seu passat per dotar-la d\u2019una idiosincr\u00e0sia pr\u00f2pia i singular.<\/p>\n\n\n\n<p>La XXI Distinci\u00f3 Honor\u00edfica de l\u2019Associaci\u00f3 Cultural Centelles i Riusech \u00e9s un reconeixement molt important, que col\u00b7loca als Moros i Cristians d\u2019Oliva junt a persones tan destacades i distingides com, Don Francisco Pons; Priscilla Muller; Josep Climent o Francisco Brines, entre altres personatges il\u00b7lustres per de la cultura olivera.<\/p>\n\n\n\n<figure class=\"wp-block-image size-large\"><img data-recalc-dims=\"1\" loading=\"lazy\" decoding=\"async\" width=\"1024\" height=\"892\" data-attachment-id=\"10566\" data-permalink=\"https:\/\/olivamorosicristians.es\/es\/la-federacio-de-moros-i-cristians-doliva-rep-la-xxi-distincio-honorifica-que-atorga-lassociacio-cultural-centelles-i-riusech\/287377727_3292122077684049_9179999274757887100_n\/\" data-orig-file=\"https:\/\/i0.wp.com\/olivamorosicristians.es\/wp-content\/uploads\/2022\/07\/287377727_3292122077684049_9179999274757887100_n.jpg?fit=2048%2C1784&amp;ssl=1\" data-orig-size=\"2048,1784\" data-comments-opened=\"0\" data-image-meta=\"{&quot;aperture&quot;:&quot;0&quot;,&quot;credit&quot;:&quot;&quot;,&quot;camera&quot;:&quot;&quot;,&quot;caption&quot;:&quot;&quot;,&quot;created_timestamp&quot;:&quot;0&quot;,&quot;copyright&quot;:&quot;&quot;,&quot;focal_length&quot;:&quot;0&quot;,&quot;iso&quot;:&quot;0&quot;,&quot;shutter_speed&quot;:&quot;0&quot;,&quot;title&quot;:&quot;&quot;,&quot;orientation&quot;:&quot;0&quot;}\" data-image-title=\"287377727_3292122077684049_9179999274757887100_n\" data-image-description=\"\" data-image-caption=\"\" data-large-file=\"https:\/\/i0.wp.com\/olivamorosicristians.es\/wp-content\/uploads\/2022\/07\/287377727_3292122077684049_9179999274757887100_n.jpg?fit=1024%2C892&amp;ssl=1\" src=\"https:\/\/i0.wp.com\/olivamorosicristians.es\/wp-content\/uploads\/2022\/07\/287377727_3292122077684049_9179999274757887100_n.jpg?resize=1024%2C892&#038;ssl=1\" alt=\"\" class=\"wp-image-10566\" srcset=\"https:\/\/i0.wp.com\/olivamorosicristians.es\/wp-content\/uploads\/2022\/07\/287377727_3292122077684049_9179999274757887100_n.jpg?resize=1024%2C892&amp;ssl=1 1024w, https:\/\/i0.wp.com\/olivamorosicristians.es\/wp-content\/uploads\/2022\/07\/287377727_3292122077684049_9179999274757887100_n.jpg?resize=300%2C261&amp;ssl=1 300w, https:\/\/i0.wp.com\/olivamorosicristians.es\/wp-content\/uploads\/2022\/07\/287377727_3292122077684049_9179999274757887100_n.jpg?resize=768%2C669&amp;ssl=1 768w, https:\/\/i0.wp.com\/olivamorosicristians.es\/wp-content\/uploads\/2022\/07\/287377727_3292122077684049_9179999274757887100_n.jpg?resize=1536%2C1338&amp;ssl=1 1536w, https:\/\/i0.wp.com\/olivamorosicristians.es\/wp-content\/uploads\/2022\/07\/287377727_3292122077684049_9179999274757887100_n.jpg?resize=640%2C558&amp;ssl=1 640w, https:\/\/i0.wp.com\/olivamorosicristians.es\/wp-content\/uploads\/2022\/07\/287377727_3292122077684049_9179999274757887100_n.jpg?resize=1280%2C1115&amp;ssl=1 1280w, https:\/\/i0.wp.com\/olivamorosicristians.es\/wp-content\/uploads\/2022\/07\/287377727_3292122077684049_9179999274757887100_n.jpg?resize=1320%2C1150&amp;ssl=1 1320w, https:\/\/i0.wp.com\/olivamorosicristians.es\/wp-content\/uploads\/2022\/07\/287377727_3292122077684049_9179999274757887100_n.jpg?w=2048&amp;ssl=1 2048w\" sizes=\"auto, (max-width: 1024px) 100vw, 1024px\" \/><\/figure>","protected":false},"excerpt":{"rendered":"<p>La Federaci\u00f3 de Moros i Cristians d\u2019Oliva va rebre la XXI Distinci\u00f3 Honor\u00edfica que atorga l\u2019Associaci\u00f3 Cultural Centelles i Riusech, per la seua tasca de recuperaci\u00f3 hist\u00f2rica i patrimonial que est\u00e0 realitzant amb motiu de la celebraci\u00f3 del centenari de les primeres celebracions de Moros i Cristians a Oliva. El passat 10 de juny de [&hellip;]<\/p>\n","protected":false},"author":1,"featured_media":10582,"comment_status":"closed","ping_status":"open","sticky":false,"template":"","format":"standard","meta":{"jetpack_post_was_ever_published":false,"_jetpack_newsletter_access":"","_jetpack_dont_email_post_to_subs":false,"_jetpack_newsletter_tier_id":0,"_jetpack_memberships_contains_paywalled_content":false,"_jetpack_memberships_contains_paid_content":false,"footnotes":"","jetpack_publicize_message":"","jetpack_publicize_feature_enabled":true,"jetpack_social_post_already_shared":true,"jetpack_social_options":{"image_generator_settings":{"template":"highway","default_image_id":0,"font":"","enabled":false},"version":2}},"categories":[9],"tags":[],"class_list":["post-10564","post","type-post","status-publish","format-standard","has-post-thumbnail","hentry","category-festa"],"yoast_head":"<!-- This site is optimized with the Yoast SEO plugin v27.5 - https:\/\/yoast.com\/product\/yoast-seo-wordpress\/ -->\n<title>La Federaci\u00f3 de Moros i Cristians d\u2019Oliva rep la XXI Distinci\u00f3 Honor\u00edfica que atorga l\u2019Associaci\u00f3 Cultural Centelles i Riusech - Moros i Cristians Oliva<\/title>\n<meta name=\"robots\" content=\"index, follow, max-snippet:-1, max-image-preview:large, max-video-preview:-1\" \/>\n<link rel=\"canonical\" href=\"https:\/\/olivamorosicristians.es\/es\/la-federacio-de-moros-i-cristians-doliva-rep-la-xxi-distincio-honorifica-que-atorga-lassociacio-cultural-centelles-i-riusech\/\" \/>\n<meta property=\"og:locale\" content=\"es_ES\" \/>\n<meta property=\"og:type\" content=\"article\" \/>\n<meta property=\"og:title\" content=\"La Federaci\u00f3 de Moros i Cristians d\u2019Oliva rep la XXI Distinci\u00f3 Honor\u00edfica que atorga l\u2019Associaci\u00f3 Cultural Centelles i Riusech - Moros i Cristians Oliva\" \/>\n<meta property=\"og:description\" content=\"La Federaci\u00f3 de Moros i Cristians d\u2019Oliva va rebre la XXI Distinci\u00f3 Honor\u00edfica que atorga l\u2019Associaci\u00f3 Cultural Centelles i Riusech, per la seua tasca de recuperaci\u00f3 hist\u00f2rica i patrimonial que est\u00e0 realitzant amb motiu de la celebraci\u00f3 del centenari de les primeres celebracions de Moros i Cristians a Oliva. El passat 10 de juny de [&hellip;]\" \/>\n<meta property=\"og:url\" content=\"https:\/\/olivamorosicristians.es\/es\/la-federacio-de-moros-i-cristians-doliva-rep-la-xxi-distincio-honorifica-que-atorga-lassociacio-cultural-centelles-i-riusech\/\" \/>\n<meta property=\"og:site_name\" content=\"Moros i Cristians Oliva\" \/>\n<meta property=\"article:publisher\" content=\"https:\/\/www.facebook.com\/federaciodemorosicristiansdoliva\/\" \/>\n<meta property=\"article:author\" content=\"https:\/\/www.facebook.com\/federaciodemorosicristiansdoliva\" \/>\n<meta property=\"article:published_time\" content=\"2022-07-01T07:48:55+00:00\" \/>\n<meta property=\"article:modified_time\" content=\"2022-07-02T08:15:08+00:00\" \/>\n<meta property=\"og:image\" content=\"https:\/\/olivamorosicristians.es\/wp-content\/uploads\/2022\/07\/WhatsApp-Image-2022-06-26-at-20.47.28.jpeg\" \/>\n\t<meta property=\"og:image:width\" content=\"1600\" \/>\n\t<meta property=\"og:image:height\" content=\"792\" \/>\n\t<meta property=\"og:image:type\" content=\"image\/jpeg\" \/>\n<meta name=\"author\" content=\"Webmaster\" \/>\n<meta name=\"twitter:card\" content=\"summary_large_image\" \/>\n<meta name=\"twitter:label1\" content=\"Escrito por\" \/>\n\t<meta name=\"twitter:data1\" content=\"Webmaster\" \/>\n\t<meta name=\"twitter:label2\" content=\"Tiempo de lectura\" \/>\n\t<meta name=\"twitter:data2\" content=\"2 minutos\" \/>\n<script type=\"application\/ld+json\" class=\"yoast-schema-graph\">{\"@context\":\"https:\\\/\\\/schema.org\",\"@graph\":[{\"@type\":\"Article\",\"@id\":\"https:\\\/\\\/olivamorosicristians.es\\\/la-federacio-de-moros-i-cristians-doliva-rep-la-xxi-distincio-honorifica-que-atorga-lassociacio-cultural-centelles-i-riusech\\\/#article\",\"isPartOf\":{\"@id\":\"https:\\\/\\\/olivamorosicristians.es\\\/la-federacio-de-moros-i-cristians-doliva-rep-la-xxi-distincio-honorifica-que-atorga-lassociacio-cultural-centelles-i-riusech\\\/\"},\"author\":{\"name\":\"Webmaster\",\"@id\":\"https:\\\/\\\/olivamorosicristians.es\\\/#\\\/schema\\\/person\\\/21ece052d8816103cad91a2676fd0149\"},\"headline\":\"La Federaci\u00f3 de Moros i Cristians d\u2019Oliva rep la XXI Distinci\u00f3 Honor\u00edfica que atorga l\u2019Associaci\u00f3 Cultural Centelles i Riusech\",\"datePublished\":\"2022-07-01T07:48:55+00:00\",\"dateModified\":\"2022-07-02T08:15:08+00:00\",\"mainEntityOfPage\":{\"@id\":\"https:\\\/\\\/olivamorosicristians.es\\\/la-federacio-de-moros-i-cristians-doliva-rep-la-xxi-distincio-honorifica-que-atorga-lassociacio-cultural-centelles-i-riusech\\\/\"},\"wordCount\":374,\"publisher\":{\"@id\":\"https:\\\/\\\/olivamorosicristians.es\\\/#organization\"},\"image\":{\"@id\":\"https:\\\/\\\/olivamorosicristians.es\\\/la-federacio-de-moros-i-cristians-doliva-rep-la-xxi-distincio-honorifica-que-atorga-lassociacio-cultural-centelles-i-riusech\\\/#primaryimage\"},\"thumbnailUrl\":\"https:\\\/\\\/i0.wp.com\\\/olivamorosicristians.es\\\/wp-content\\\/uploads\\\/2022\\\/07\\\/WhatsApp-Image-2022-06-26-at-20.47.28.jpeg?fit=1600%2C792&ssl=1\",\"articleSection\":[\"Festa\"],\"inLanguage\":\"es\"},{\"@type\":\"WebPage\",\"@id\":\"https:\\\/\\\/olivamorosicristians.es\\\/la-federacio-de-moros-i-cristians-doliva-rep-la-xxi-distincio-honorifica-que-atorga-lassociacio-cultural-centelles-i-riusech\\\/\",\"url\":\"https:\\\/\\\/olivamorosicristians.es\\\/la-federacio-de-moros-i-cristians-doliva-rep-la-xxi-distincio-honorifica-que-atorga-lassociacio-cultural-centelles-i-riusech\\\/\",\"name\":\"La Federaci\u00f3 de Moros i Cristians d\u2019Oliva rep la XXI Distinci\u00f3 Honor\u00edfica que atorga l\u2019Associaci\u00f3 Cultural Centelles i Riusech - Moros i Cristians Oliva\",\"isPartOf\":{\"@id\":\"https:\\\/\\\/olivamorosicristians.es\\\/#website\"},\"primaryImageOfPage\":{\"@id\":\"https:\\\/\\\/olivamorosicristians.es\\\/la-federacio-de-moros-i-cristians-doliva-rep-la-xxi-distincio-honorifica-que-atorga-lassociacio-cultural-centelles-i-riusech\\\/#primaryimage\"},\"image\":{\"@id\":\"https:\\\/\\\/olivamorosicristians.es\\\/la-federacio-de-moros-i-cristians-doliva-rep-la-xxi-distincio-honorifica-que-atorga-lassociacio-cultural-centelles-i-riusech\\\/#primaryimage\"},\"thumbnailUrl\":\"https:\\\/\\\/i0.wp.com\\\/olivamorosicristians.es\\\/wp-content\\\/uploads\\\/2022\\\/07\\\/WhatsApp-Image-2022-06-26-at-20.47.28.jpeg?fit=1600%2C792&ssl=1\",\"datePublished\":\"2022-07-01T07:48:55+00:00\",\"dateModified\":\"2022-07-02T08:15:08+00:00\",\"breadcrumb\":{\"@id\":\"https:\\\/\\\/olivamorosicristians.es\\\/la-federacio-de-moros-i-cristians-doliva-rep-la-xxi-distincio-honorifica-que-atorga-lassociacio-cultural-centelles-i-riusech\\\/#breadcrumb\"},\"inLanguage\":\"es\",\"potentialAction\":[{\"@type\":\"ReadAction\",\"target\":[\"https:\\\/\\\/olivamorosicristians.es\\\/la-federacio-de-moros-i-cristians-doliva-rep-la-xxi-distincio-honorifica-que-atorga-lassociacio-cultural-centelles-i-riusech\\\/\"]}]},{\"@type\":\"ImageObject\",\"inLanguage\":\"es\",\"@id\":\"https:\\\/\\\/olivamorosicristians.es\\\/la-federacio-de-moros-i-cristians-doliva-rep-la-xxi-distincio-honorifica-que-atorga-lassociacio-cultural-centelles-i-riusech\\\/#primaryimage\",\"url\":\"https:\\\/\\\/i0.wp.com\\\/olivamorosicristians.es\\\/wp-content\\\/uploads\\\/2022\\\/07\\\/WhatsApp-Image-2022-06-26-at-20.47.28.jpeg?fit=1600%2C792&ssl=1\",\"contentUrl\":\"https:\\\/\\\/i0.wp.com\\\/olivamorosicristians.es\\\/wp-content\\\/uploads\\\/2022\\\/07\\\/WhatsApp-Image-2022-06-26-at-20.47.28.jpeg?fit=1600%2C792&ssl=1\",\"width\":1600,\"height\":792},{\"@type\":\"BreadcrumbList\",\"@id\":\"https:\\\/\\\/olivamorosicristians.es\\\/la-federacio-de-moros-i-cristians-doliva-rep-la-xxi-distincio-honorifica-que-atorga-lassociacio-cultural-centelles-i-riusech\\\/#breadcrumb\",\"itemListElement\":[{\"@type\":\"ListItem\",\"position\":1,\"name\":\"Portada\",\"item\":\"https:\\\/\\\/olivamorosicristians.es\\\/\"},{\"@type\":\"ListItem\",\"position\":2,\"name\":\"La Federaci\u00f3 de Moros i Cristians d\u2019Oliva rep la XXI Distinci\u00f3 Honor\u00edfica que atorga l\u2019Associaci\u00f3 Cultural Centelles i Riusech\"}]},{\"@type\":\"WebSite\",\"@id\":\"https:\\\/\\\/olivamorosicristians.es\\\/#website\",\"url\":\"https:\\\/\\\/olivamorosicristians.es\\\/\",\"name\":\"Moros i Cristians Oliva\",\"description\":\"FMCO\",\"publisher\":{\"@id\":\"https:\\\/\\\/olivamorosicristians.es\\\/#organization\"},\"potentialAction\":[{\"@type\":\"SearchAction\",\"target\":{\"@type\":\"EntryPoint\",\"urlTemplate\":\"https:\\\/\\\/olivamorosicristians.es\\\/?s={search_term_string}\"},\"query-input\":{\"@type\":\"PropertyValueSpecification\",\"valueRequired\":true,\"valueName\":\"search_term_string\"}}],\"inLanguage\":\"es\"},{\"@type\":\"Organization\",\"@id\":\"https:\\\/\\\/olivamorosicristians.es\\\/#organization\",\"name\":\"Federaci\u00f3 de Moros i Cristians - Oliva\",\"url\":\"https:\\\/\\\/olivamorosicristians.es\\\/\",\"logo\":{\"@type\":\"ImageObject\",\"inLanguage\":\"es\",\"@id\":\"https:\\\/\\\/olivamorosicristians.es\\\/#\\\/schema\\\/logo\\\/image\\\/\",\"url\":\"https:\\\/\\\/i2.wp.com\\\/olivamorosicristians.es\\\/wp-content\\\/uploads\\\/2018\\\/06\\\/Icon_FMiCO.png?fit=50%2C50&ssl=1\",\"contentUrl\":\"https:\\\/\\\/i2.wp.com\\\/olivamorosicristians.es\\\/wp-content\\\/uploads\\\/2018\\\/06\\\/Icon_FMiCO.png?fit=50%2C50&ssl=1\",\"width\":50,\"height\":50,\"caption\":\"Federaci\u00f3 de Moros i Cristians - Oliva\"},\"image\":{\"@id\":\"https:\\\/\\\/olivamorosicristians.es\\\/#\\\/schema\\\/logo\\\/image\\\/\"},\"sameAs\":[\"https:\\\/\\\/www.facebook.com\\\/federaciodemorosicristiansdoliva\\\/\",\"https:\\\/\\\/www.instagram.com\\\/morosicristiansoliva\\\/?hl=es\"]},{\"@type\":\"Person\",\"@id\":\"https:\\\/\\\/olivamorosicristians.es\\\/#\\\/schema\\\/person\\\/21ece052d8816103cad91a2676fd0149\",\"name\":\"Webmaster\",\"image\":{\"@type\":\"ImageObject\",\"inLanguage\":\"es\",\"@id\":\"https:\\\/\\\/secure.gravatar.com\\\/avatar\\\/18de20f14d74abe0c800b423a8b0e24cae6153cb6baeb2c2df80e1cef2117e0d?s=96&d=mm&r=g\",\"url\":\"https:\\\/\\\/secure.gravatar.com\\\/avatar\\\/18de20f14d74abe0c800b423a8b0e24cae6153cb6baeb2c2df80e1cef2117e0d?s=96&d=mm&r=g\",\"contentUrl\":\"https:\\\/\\\/secure.gravatar.com\\\/avatar\\\/18de20f14d74abe0c800b423a8b0e24cae6153cb6baeb2c2df80e1cef2117e0d?s=96&d=mm&r=g\",\"caption\":\"Webmaster\"},\"sameAs\":[\"https:\\\/\\\/www.facebook.com\\\/federaciodemorosicristiansdoliva\",\"https:\\\/\\\/www.instagram.com\\\/morosicristiansoliva\\\/\"]}]}<\/script>\n<!-- \/ Yoast SEO plugin. -->","yoast_head_json":{"title":"La Federaci\u00f3 de Moros i Cristians d\u2019Oliva rep la XXI Distinci\u00f3 Honor\u00edfica que atorga l\u2019Associaci\u00f3 Cultural Centelles i Riusech - Moros i Cristians Oliva","robots":{"index":"index","follow":"follow","max-snippet":"max-snippet:-1","max-image-preview":"max-image-preview:large","max-video-preview":"max-video-preview:-1"},"canonical":"https:\/\/olivamorosicristians.es\/es\/la-federacio-de-moros-i-cristians-doliva-rep-la-xxi-distincio-honorifica-que-atorga-lassociacio-cultural-centelles-i-riusech\/","og_locale":"es_ES","og_type":"article","og_title":"La Federaci\u00f3 de Moros i Cristians d\u2019Oliva rep la XXI Distinci\u00f3 Honor\u00edfica que atorga l\u2019Associaci\u00f3 Cultural Centelles i Riusech - Moros i Cristians Oliva","og_description":"La Federaci\u00f3 de Moros i Cristians d\u2019Oliva va rebre la XXI Distinci\u00f3 Honor\u00edfica que atorga l\u2019Associaci\u00f3 Cultural Centelles i Riusech, per la seua tasca de recuperaci\u00f3 hist\u00f2rica i patrimonial que est\u00e0 realitzant amb motiu de la celebraci\u00f3 del centenari de les primeres celebracions de Moros i Cristians a Oliva. El passat 10 de juny de [&hellip;]","og_url":"https:\/\/olivamorosicristians.es\/es\/la-federacio-de-moros-i-cristians-doliva-rep-la-xxi-distincio-honorifica-que-atorga-lassociacio-cultural-centelles-i-riusech\/","og_site_name":"Moros i Cristians Oliva","article_publisher":"https:\/\/www.facebook.com\/federaciodemorosicristiansdoliva\/","article_author":"https:\/\/www.facebook.com\/federaciodemorosicristiansdoliva","article_published_time":"2022-07-01T07:48:55+00:00","article_modified_time":"2022-07-02T08:15:08+00:00","og_image":[{"width":1600,"height":792,"url":"https:\/\/olivamorosicristians.es\/wp-content\/uploads\/2022\/07\/WhatsApp-Image-2022-06-26-at-20.47.28.jpeg","type":"image\/jpeg"}],"author":"Webmaster","twitter_card":"summary_large_image","twitter_misc":{"Escrito por":"Webmaster","Tiempo de lectura":"2 minutos"},"schema":{"@context":"https:\/\/schema.org","@graph":[{"@type":"Article","@id":"https:\/\/olivamorosicristians.es\/la-federacio-de-moros-i-cristians-doliva-rep-la-xxi-distincio-honorifica-que-atorga-lassociacio-cultural-centelles-i-riusech\/#article","isPartOf":{"@id":"https:\/\/olivamorosicristians.es\/la-federacio-de-moros-i-cristians-doliva-rep-la-xxi-distincio-honorifica-que-atorga-lassociacio-cultural-centelles-i-riusech\/"},"author":{"name":"Webmaster","@id":"https:\/\/olivamorosicristians.es\/#\/schema\/person\/21ece052d8816103cad91a2676fd0149"},"headline":"La Federaci\u00f3 de Moros i Cristians d\u2019Oliva rep la XXI Distinci\u00f3 Honor\u00edfica que atorga l\u2019Associaci\u00f3 Cultural Centelles i Riusech","datePublished":"2022-07-01T07:48:55+00:00","dateModified":"2022-07-02T08:15:08+00:00","mainEntityOfPage":{"@id":"https:\/\/olivamorosicristians.es\/la-federacio-de-moros-i-cristians-doliva-rep-la-xxi-distincio-honorifica-que-atorga-lassociacio-cultural-centelles-i-riusech\/"},"wordCount":374,"publisher":{"@id":"https:\/\/olivamorosicristians.es\/#organization"},"image":{"@id":"https:\/\/olivamorosicristians.es\/la-federacio-de-moros-i-cristians-doliva-rep-la-xxi-distincio-honorifica-que-atorga-lassociacio-cultural-centelles-i-riusech\/#primaryimage"},"thumbnailUrl":"https:\/\/i0.wp.com\/olivamorosicristians.es\/wp-content\/uploads\/2022\/07\/WhatsApp-Image-2022-06-26-at-20.47.28.jpeg?fit=1600%2C792&ssl=1","articleSection":["Festa"],"inLanguage":"es"},{"@type":"WebPage","@id":"https:\/\/olivamorosicristians.es\/la-federacio-de-moros-i-cristians-doliva-rep-la-xxi-distincio-honorifica-que-atorga-lassociacio-cultural-centelles-i-riusech\/","url":"https:\/\/olivamorosicristians.es\/la-federacio-de-moros-i-cristians-doliva-rep-la-xxi-distincio-honorifica-que-atorga-lassociacio-cultural-centelles-i-riusech\/","name":"La Federaci\u00f3 de Moros i Cristians d\u2019Oliva rep la XXI Distinci\u00f3 Honor\u00edfica que atorga l\u2019Associaci\u00f3 Cultural Centelles i Riusech - Moros i Cristians Oliva","isPartOf":{"@id":"https:\/\/olivamorosicristians.es\/#website"},"primaryImageOfPage":{"@id":"https:\/\/olivamorosicristians.es\/la-federacio-de-moros-i-cristians-doliva-rep-la-xxi-distincio-honorifica-que-atorga-lassociacio-cultural-centelles-i-riusech\/#primaryimage"},"image":{"@id":"https:\/\/olivamorosicristians.es\/la-federacio-de-moros-i-cristians-doliva-rep-la-xxi-distincio-honorifica-que-atorga-lassociacio-cultural-centelles-i-riusech\/#primaryimage"},"thumbnailUrl":"https:\/\/i0.wp.com\/olivamorosicristians.es\/wp-content\/uploads\/2022\/07\/WhatsApp-Image-2022-06-26-at-20.47.28.jpeg?fit=1600%2C792&ssl=1","datePublished":"2022-07-01T07:48:55+00:00","dateModified":"2022-07-02T08:15:08+00:00","breadcrumb":{"@id":"https:\/\/olivamorosicristians.es\/la-federacio-de-moros-i-cristians-doliva-rep-la-xxi-distincio-honorifica-que-atorga-lassociacio-cultural-centelles-i-riusech\/#breadcrumb"},"inLanguage":"es","potentialAction":[{"@type":"ReadAction","target":["https:\/\/olivamorosicristians.es\/la-federacio-de-moros-i-cristians-doliva-rep-la-xxi-distincio-honorifica-que-atorga-lassociacio-cultural-centelles-i-riusech\/"]}]},{"@type":"ImageObject","inLanguage":"es","@id":"https:\/\/olivamorosicristians.es\/la-federacio-de-moros-i-cristians-doliva-rep-la-xxi-distincio-honorifica-que-atorga-lassociacio-cultural-centelles-i-riusech\/#primaryimage","url":"https:\/\/i0.wp.com\/olivamorosicristians.es\/wp-content\/uploads\/2022\/07\/WhatsApp-Image-2022-06-26-at-20.47.28.jpeg?fit=1600%2C792&ssl=1","contentUrl":"https:\/\/i0.wp.com\/olivamorosicristians.es\/wp-content\/uploads\/2022\/07\/WhatsApp-Image-2022-06-26-at-20.47.28.jpeg?fit=1600%2C792&ssl=1","width":1600,"height":792},{"@type":"BreadcrumbList","@id":"https:\/\/olivamorosicristians.es\/la-federacio-de-moros-i-cristians-doliva-rep-la-xxi-distincio-honorifica-que-atorga-lassociacio-cultural-centelles-i-riusech\/#breadcrumb","itemListElement":[{"@type":"ListItem","position":1,"name":"Portada","item":"https:\/\/olivamorosicristians.es\/"},{"@type":"ListItem","position":2,"name":"La Federaci\u00f3 de Moros i Cristians d\u2019Oliva rep la XXI Distinci\u00f3 Honor\u00edfica que atorga l\u2019Associaci\u00f3 Cultural Centelles i Riusech"}]},{"@type":"WebSite","@id":"https:\/\/olivamorosicristians.es\/#website","url":"https:\/\/olivamorosicristians.es\/","name":"Moros i Cristians Oliva","description":"FMCO","publisher":{"@id":"https:\/\/olivamorosicristians.es\/#organization"},"potentialAction":[{"@type":"SearchAction","target":{"@type":"EntryPoint","urlTemplate":"https:\/\/olivamorosicristians.es\/?s={search_term_string}"},"query-input":{"@type":"PropertyValueSpecification","valueRequired":true,"valueName":"search_term_string"}}],"inLanguage":"es"},{"@type":"Organization","@id":"https:\/\/olivamorosicristians.es\/#organization","name":"La Federaci\u00f3n de Moros y Cristianos de Oliva","url":"https:\/\/olivamorosicristians.es\/","logo":{"@type":"ImageObject","inLanguage":"es","@id":"https:\/\/olivamorosicristians.es\/#\/schema\/logo\/image\/","url":"https:\/\/i2.wp.com\/olivamorosicristians.es\/wp-content\/uploads\/2018\/06\/Icon_FMiCO.png?fit=50%2C50&ssl=1","contentUrl":"https:\/\/i2.wp.com\/olivamorosicristians.es\/wp-content\/uploads\/2018\/06\/Icon_FMiCO.png?fit=50%2C50&ssl=1","width":50,"height":50,"caption":"Federaci\u00f3 de Moros i Cristians - Oliva"},"image":{"@id":"https:\/\/olivamorosicristians.es\/#\/schema\/logo\/image\/"},"sameAs":["https:\/\/www.facebook.com\/federaciodemorosicristiansdoliva\/","https:\/\/www.instagram.com\/morosicristiansoliva\/?hl=es"]},{"@type":"Person","@id":"https:\/\/olivamorosicristians.es\/#\/schema\/person\/21ece052d8816103cad91a2676fd0149","name":"Webmaster","image":{"@type":"ImageObject","inLanguage":"es","@id":"https:\/\/secure.gravatar.com\/avatar\/18de20f14d74abe0c800b423a8b0e24cae6153cb6baeb2c2df80e1cef2117e0d?s=96&d=mm&r=g","url":"https:\/\/secure.gravatar.com\/avatar\/18de20f14d74abe0c800b423a8b0e24cae6153cb6baeb2c2df80e1cef2117e0d?s=96&d=mm&r=g","contentUrl":"https:\/\/secure.gravatar.com\/avatar\/18de20f14d74abe0c800b423a8b0e24cae6153cb6baeb2c2df80e1cef2117e0d?s=96&d=mm&r=g","caption":"Webmaster"},"sameAs":["https:\/\/www.facebook.com\/federaciodemorosicristiansdoliva","https:\/\/www.instagram.com\/morosicristiansoliva\/"]}]}},"jetpack_publicize_connections":[],"jetpack_featured_media_url":"https:\/\/i0.wp.com\/olivamorosicristians.es\/wp-content\/uploads\/2022\/07\/WhatsApp-Image-2022-06-26-at-20.47.28.jpeg?fit=1600%2C792&ssl=1","jetpack_sharing_enabled":true,"jetpack_shortlink":"https:\/\/wp.me\/pagEx6-2Ko","jetpack-related-posts":[],"_links":{"self":[{"href":"https:\/\/olivamorosicristians.es\/es\/wp-json\/wp\/v2\/posts\/10564","targetHints":{"allow":["GET"]}}],"collection":[{"href":"https:\/\/olivamorosicristians.es\/es\/wp-json\/wp\/v2\/posts"}],"about":[{"href":"https:\/\/olivamorosicristians.es\/es\/wp-json\/wp\/v2\/types\/post"}],"author":[{"embeddable":true,"href":"https:\/\/olivamorosicristians.es\/es\/wp-json\/wp\/v2\/users\/1"}],"replies":[{"embeddable":true,"href":"https:\/\/olivamorosicristians.es\/es\/wp-json\/wp\/v2\/comments?post=10564"}],"version-history":[{"count":4,"href":"https:\/\/olivamorosicristians.es\/es\/wp-json\/wp\/v2\/posts\/10564\/revisions"}],"predecessor-version":[{"id":10584,"href":"https:\/\/olivamorosicristians.es\/es\/wp-json\/wp\/v2\/posts\/10564\/revisions\/10584"}],"wp:featuredmedia":[{"embeddable":true,"href":"https:\/\/olivamorosicristians.es\/es\/wp-json\/wp\/v2\/media\/10582"}],"wp:attachment":[{"href":"https:\/\/olivamorosicristians.es\/es\/wp-json\/wp\/v2\/media?parent=10564"}],"wp:term":[{"taxonomy":"category","embeddable":true,"href":"https:\/\/olivamorosicristians.es\/es\/wp-json\/wp\/v2\/categories?post=10564"},{"taxonomy":"post_tag","embeddable":true,"href":"https:\/\/olivamorosicristians.es\/es\/wp-json\/wp\/v2\/tags?post=10564"}],"curies":[{"name":"wp","href":"https:\/\/api.w.org\/{rel}","templated":true}]}}