{"id":10527,"date":"2022-02-11T14:13:12","date_gmt":"2022-02-11T12:13:12","guid":{"rendered":"https:\/\/olivamorosicristians.es\/?p=10527"},"modified":"2022-02-11T14:13:16","modified_gmt":"2022-02-11T12:13:16","slug":"%f0%9d%97%a3%f0%9d%97%a5%f0%9d%97%a2%f0%9d%97%9a%f0%9d%97%a5%f0%9d%97%94%f0%9d%97%a0%f0%9d%97%94-%f0%9d%97%98%f0%9d%97%a6%f0%9d%97%a3%f0%9d%97%98%f0%9d%97%96%f0%9d%97%9c%f0%9d%97%94%f0%9d%97%9f","status":"publish","type":"post","link":"https:\/\/olivamorosicristians.es\/es\/%f0%9d%97%a3%f0%9d%97%a5%f0%9d%97%a2%f0%9d%97%9a%f0%9d%97%a5%f0%9d%97%94%f0%9d%97%a0%f0%9d%97%94-%f0%9d%97%98%f0%9d%97%a6%f0%9d%97%a3%f0%9d%97%98%f0%9d%97%96%f0%9d%97%9c%f0%9d%97%94%f0%9d%97%9f\/","title":{"rendered":"\ud835\udde3\ud835\udde5\ud835\udde2\ud835\uddda\ud835\udde5\ud835\uddd4\ud835\udde0\ud835\uddd4 \ud835\uddd8\ud835\udde6\ud835\udde3\ud835\uddd8\ud835\uddd6\ud835\udddc\ud835\uddd4\ud835\udddf \ud835\udde0\ud835\udddc\ud835\uddda \ud835\uddd4\ud835\udde1\ud835\uddec"},"content":{"rendered":"<p>Tornem a la r\u00e0dio!!<\/p>\n\n\n\n<p>Aquest dissabte dia 12 de febrer, a partir de les 11:00h, podr\u00e0s escoltar el programa especial dels Moros i Cristians d&#8217;Oliva a VCF R\u00c0DIO SAFOR.<\/p>\n\n\n\n<p>Tindrem la tert\u00falia amb els nostres locutors, entrevistes i podreu participar telefonant al n\u00famero de tel\u00e8fon 689 807 073.<\/p>\n\n\n\n<p>Tamb\u00e9 es sortejaran 2 entrades, cortesia de R\u00e0dio Safor, per al partit Val\u00e8ncia vs Bar\u00e7a, entre els qui encerten a la pregunta que formularem a l&#8217;inici del programa. La resposta s&#8217;haur\u00e0 d&#8217;enviar al WhatsApp del programa.<\/p>\n\n\n\n<p>No vos avan\u00e7arem res m\u00e9s, si voleu saber qu\u00e8 passar\u00e0 aquest dia tan assenyalat per a tots nosaltres, no falteu a la cita i escolteu-nos!<br>Recordeu:<\/p>\n\n\n\n<p>\ud83d\uddd3 12 de febrer<br>\ud83d\udd5b 11:00h<br>\ud83d\udcfb 87.6 FM<br>\ud83d\udcbb <a href=\"http:\/\/www.radiosafor.com\" target=\"_blank\" rel=\"noreferrer noopener\">www.radiosafor.com<\/a><\/p>\n\n\n\n<p>Des de la FMICO volem donar les gr\u00e0cies a VCF R\u00c0DIO per l&#8217;oportunitat de tornar a la r\u00e0dio i per a celebrar el Mig Any.<\/p>\n\n\n\n<p>\u2757 Dissabte #Olivafaoloraputxero \u2757<\/p>","protected":false},"excerpt":{"rendered":"<p>Tornem a la r\u00e0dio!! Aquest dissabte dia 12 de febrer, a partir de les 11:00h, podr\u00e0s escoltar el programa especial dels Moros i Cristians d&#8217;Oliva a VCF R\u00c0DIO SAFOR. Tindrem la tert\u00falia amb els nostres locutors, entrevistes i podreu participar telefonant al n\u00famero de tel\u00e8fon 689 807 073. Tamb\u00e9 es sortejaran 2 entrades, cortesia de [&hellip;]<\/p>\n","protected":false},"author":1,"featured_media":10529,"comment_status":"closed","ping_status":"open","sticky":false,"template":"","format":"standard","meta":{"jetpack_post_was_ever_published":false,"_jetpack_newsletter_access":"","_jetpack_dont_email_post_to_subs":false,"_jetpack_newsletter_tier_id":0,"_jetpack_memberships_contains_paywalled_content":false,"_jetpack_memberships_contains_paid_content":false,"footnotes":"","jetpack_publicize_message":"","jetpack_publicize_feature_enabled":true,"jetpack_social_post_already_shared":true,"jetpack_social_options":{"image_generator_settings":{"template":"highway","default_image_id":0,"font":"","enabled":false},"version":2}},"categories":[138],"tags":[],"class_list":["post-10527","post","type-post","status-publish","format-standard","has-post-thumbnail","hentry","category-mitjans-de-comunicacio"],"yoast_head":"<!-- This site is optimized with the Yoast SEO plugin v27.5 - https:\/\/yoast.com\/product\/yoast-seo-wordpress\/ -->\n<title>\ud835\udde3\ud835\udde5\ud835\udde2\ud835\uddda\ud835\udde5\ud835\uddd4\ud835\udde0\ud835\uddd4 \ud835\uddd8\ud835\udde6\ud835\udde3\ud835\uddd8\ud835\uddd6\ud835\udddc\ud835\uddd4\ud835\udddf \ud835\udde0\ud835\udddc\ud835\uddda \ud835\uddd4\ud835\udde1\ud835\uddec - Moros i Cristians Oliva<\/title>\n<meta name=\"robots\" content=\"index, follow, max-snippet:-1, max-image-preview:large, max-video-preview:-1\" \/>\n<link rel=\"canonical\" href=\"https:\/\/olivamorosicristians.es\/es\/\ud835\udde3\ud835\udde5\ud835\udde2\ud835\uddda\ud835\udde5\ud835\uddd4\ud835\udde0\ud835\uddd4-\ud835\uddd8\ud835\udde6\ud835\udde3\ud835\uddd8\ud835\uddd6\ud835\udddc\ud835\uddd4\ud835\udddf\/\" \/>\n<meta property=\"og:locale\" content=\"es_ES\" \/>\n<meta property=\"og:type\" content=\"article\" \/>\n<meta property=\"og:title\" content=\"\ud835\udde3\ud835\udde5\ud835\udde2\ud835\uddda\ud835\udde5\ud835\uddd4\ud835\udde0\ud835\uddd4 \ud835\uddd8\ud835\udde6\ud835\udde3\ud835\uddd8\ud835\uddd6\ud835\udddc\ud835\uddd4\ud835\udddf \ud835\udde0\ud835\udddc\ud835\uddda \ud835\uddd4\ud835\udde1\ud835\uddec - Moros i Cristians Oliva\" \/>\n<meta property=\"og:description\" content=\"Tornem a la r\u00e0dio!! Aquest dissabte dia 12 de febrer, a partir de les 11:00h, podr\u00e0s escoltar el programa especial dels Moros i Cristians d&#8217;Oliva a VCF R\u00c0DIO SAFOR. Tindrem la tert\u00falia amb els nostres locutors, entrevistes i podreu participar telefonant al n\u00famero de tel\u00e8fon 689 807 073. Tamb\u00e9 es sortejaran 2 entrades, cortesia de [&hellip;]\" \/>\n<meta property=\"og:url\" content=\"https:\/\/olivamorosicristians.es\/es\/\ud835\udde3\ud835\udde5\ud835\udde2\ud835\uddda\ud835\udde5\ud835\uddd4\ud835\udde0\ud835\uddd4-\ud835\uddd8\ud835\udde6\ud835\udde3\ud835\uddd8\ud835\uddd6\ud835\udddc\ud835\uddd4\ud835\udddf\/\" \/>\n<meta property=\"og:site_name\" content=\"Moros i Cristians Oliva\" \/>\n<meta property=\"article:publisher\" content=\"https:\/\/www.facebook.com\/federaciodemorosicristiansdoliva\/\" \/>\n<meta property=\"article:author\" content=\"https:\/\/www.facebook.com\/federaciodemorosicristiansdoliva\" \/>\n<meta property=\"article:published_time\" content=\"2022-02-11T12:13:12+00:00\" \/>\n<meta property=\"article:modified_time\" content=\"2022-02-11T12:13:16+00:00\" \/>\n<meta property=\"og:image\" content=\"https:\/\/olivamorosicristians.es\/wp-content\/uploads\/2022\/02\/273679863_3198731207023137_8647799062944610498_n.jpeg\" \/>\n\t<meta property=\"og:image:width\" content=\"917\" \/>\n\t<meta property=\"og:image:height\" content=\"960\" \/>\n\t<meta property=\"og:image:type\" content=\"image\/jpeg\" \/>\n<meta name=\"author\" content=\"Webmaster\" \/>\n<meta name=\"twitter:card\" content=\"summary_large_image\" \/>\n<meta name=\"twitter:label1\" content=\"Escrito por\" \/>\n\t<meta name=\"twitter:data1\" content=\"Webmaster\" \/>\n\t<meta name=\"twitter:label2\" content=\"Tiempo de lectura\" \/>\n\t<meta name=\"twitter:data2\" content=\"1 minuto\" \/>\n<script type=\"application\/ld+json\" class=\"yoast-schema-graph\">{\"@context\":\"https:\\\/\\\/schema.org\",\"@graph\":[{\"@type\":\"Article\",\"@id\":\"https:\\\/\\\/olivamorosicristians.es\\\/%f0%9d%97%a3%f0%9d%97%a5%f0%9d%97%a2%f0%9d%97%9a%f0%9d%97%a5%f0%9d%97%94%f0%9d%97%a0%f0%9d%97%94-%f0%9d%97%98%f0%9d%97%a6%f0%9d%97%a3%f0%9d%97%98%f0%9d%97%96%f0%9d%97%9c%f0%9d%97%94%f0%9d%97%9f\\\/#article\",\"isPartOf\":{\"@id\":\"https:\\\/\\\/olivamorosicristians.es\\\/%f0%9d%97%a3%f0%9d%97%a5%f0%9d%97%a2%f0%9d%97%9a%f0%9d%97%a5%f0%9d%97%94%f0%9d%97%a0%f0%9d%97%94-%f0%9d%97%98%f0%9d%97%a6%f0%9d%97%a3%f0%9d%97%98%f0%9d%97%96%f0%9d%97%9c%f0%9d%97%94%f0%9d%97%9f\\\/\"},\"author\":{\"name\":\"Webmaster\",\"@id\":\"https:\\\/\\\/olivamorosicristians.es\\\/#\\\/schema\\\/person\\\/21ece052d8816103cad91a2676fd0149\"},\"headline\":\"\ud835\udde3\ud835\udde5\ud835\udde2\ud835\uddda\ud835\udde5\ud835\uddd4\ud835\udde0\ud835\uddd4 \ud835\uddd8\ud835\udde6\ud835\udde3\ud835\uddd8\ud835\uddd6\ud835\udddc\ud835\uddd4\ud835\udddf \ud835\udde0\ud835\udddc\ud835\uddda \ud835\uddd4\ud835\udde1\ud835\uddec\",\"datePublished\":\"2022-02-11T12:13:12+00:00\",\"dateModified\":\"2022-02-11T12:13:16+00:00\",\"mainEntityOfPage\":{\"@id\":\"https:\\\/\\\/olivamorosicristians.es\\\/%f0%9d%97%a3%f0%9d%97%a5%f0%9d%97%a2%f0%9d%97%9a%f0%9d%97%a5%f0%9d%97%94%f0%9d%97%a0%f0%9d%97%94-%f0%9d%97%98%f0%9d%97%a6%f0%9d%97%a3%f0%9d%97%98%f0%9d%97%96%f0%9d%97%9c%f0%9d%97%94%f0%9d%97%9f\\\/\"},\"wordCount\":158,\"publisher\":{\"@id\":\"https:\\\/\\\/olivamorosicristians.es\\\/#organization\"},\"image\":{\"@id\":\"https:\\\/\\\/olivamorosicristians.es\\\/%f0%9d%97%a3%f0%9d%97%a5%f0%9d%97%a2%f0%9d%97%9a%f0%9d%97%a5%f0%9d%97%94%f0%9d%97%a0%f0%9d%97%94-%f0%9d%97%98%f0%9d%97%a6%f0%9d%97%a3%f0%9d%97%98%f0%9d%97%96%f0%9d%97%9c%f0%9d%97%94%f0%9d%97%9f\\\/#primaryimage\"},\"thumbnailUrl\":\"https:\\\/\\\/i0.wp.com\\\/olivamorosicristians.es\\\/wp-content\\\/uploads\\\/2022\\\/02\\\/273679863_3198731207023137_8647799062944610498_n.jpeg?fit=917%2C960&ssl=1\",\"articleSection\":[\"Mitjans de comunicaci\u00f3\"],\"inLanguage\":\"es\"},{\"@type\":\"WebPage\",\"@id\":\"https:\\\/\\\/olivamorosicristians.es\\\/%f0%9d%97%a3%f0%9d%97%a5%f0%9d%97%a2%f0%9d%97%9a%f0%9d%97%a5%f0%9d%97%94%f0%9d%97%a0%f0%9d%97%94-%f0%9d%97%98%f0%9d%97%a6%f0%9d%97%a3%f0%9d%97%98%f0%9d%97%96%f0%9d%97%9c%f0%9d%97%94%f0%9d%97%9f\\\/\",\"url\":\"https:\\\/\\\/olivamorosicristians.es\\\/%f0%9d%97%a3%f0%9d%97%a5%f0%9d%97%a2%f0%9d%97%9a%f0%9d%97%a5%f0%9d%97%94%f0%9d%97%a0%f0%9d%97%94-%f0%9d%97%98%f0%9d%97%a6%f0%9d%97%a3%f0%9d%97%98%f0%9d%97%96%f0%9d%97%9c%f0%9d%97%94%f0%9d%97%9f\\\/\",\"name\":\"\ud835\udde3\ud835\udde5\ud835\udde2\ud835\uddda\ud835\udde5\ud835\uddd4\ud835\udde0\ud835\uddd4 \ud835\uddd8\ud835\udde6\ud835\udde3\ud835\uddd8\ud835\uddd6\ud835\udddc\ud835\uddd4\ud835\udddf \ud835\udde0\ud835\udddc\ud835\uddda \ud835\uddd4\ud835\udde1\ud835\uddec - Moros i Cristians Oliva\",\"isPartOf\":{\"@id\":\"https:\\\/\\\/olivamorosicristians.es\\\/#website\"},\"primaryImageOfPage\":{\"@id\":\"https:\\\/\\\/olivamorosicristians.es\\\/%f0%9d%97%a3%f0%9d%97%a5%f0%9d%97%a2%f0%9d%97%9a%f0%9d%97%a5%f0%9d%97%94%f0%9d%97%a0%f0%9d%97%94-%f0%9d%97%98%f0%9d%97%a6%f0%9d%97%a3%f0%9d%97%98%f0%9d%97%96%f0%9d%97%9c%f0%9d%97%94%f0%9d%97%9f\\\/#primaryimage\"},\"image\":{\"@id\":\"https:\\\/\\\/olivamorosicristians.es\\\/%f0%9d%97%a3%f0%9d%97%a5%f0%9d%97%a2%f0%9d%97%9a%f0%9d%97%a5%f0%9d%97%94%f0%9d%97%a0%f0%9d%97%94-%f0%9d%97%98%f0%9d%97%a6%f0%9d%97%a3%f0%9d%97%98%f0%9d%97%96%f0%9d%97%9c%f0%9d%97%94%f0%9d%97%9f\\\/#primaryimage\"},\"thumbnailUrl\":\"https:\\\/\\\/i0.wp.com\\\/olivamorosicristians.es\\\/wp-content\\\/uploads\\\/2022\\\/02\\\/273679863_3198731207023137_8647799062944610498_n.jpeg?fit=917%2C960&ssl=1\",\"datePublished\":\"2022-02-11T12:13:12+00:00\",\"dateModified\":\"2022-02-11T12:13:16+00:00\",\"breadcrumb\":{\"@id\":\"https:\\\/\\\/olivamorosicristians.es\\\/%f0%9d%97%a3%f0%9d%97%a5%f0%9d%97%a2%f0%9d%97%9a%f0%9d%97%a5%f0%9d%97%94%f0%9d%97%a0%f0%9d%97%94-%f0%9d%97%98%f0%9d%97%a6%f0%9d%97%a3%f0%9d%97%98%f0%9d%97%96%f0%9d%97%9c%f0%9d%97%94%f0%9d%97%9f\\\/#breadcrumb\"},\"inLanguage\":\"es\",\"potentialAction\":[{\"@type\":\"ReadAction\",\"target\":[\"https:\\\/\\\/olivamorosicristians.es\\\/%f0%9d%97%a3%f0%9d%97%a5%f0%9d%97%a2%f0%9d%97%9a%f0%9d%97%a5%f0%9d%97%94%f0%9d%97%a0%f0%9d%97%94-%f0%9d%97%98%f0%9d%97%a6%f0%9d%97%a3%f0%9d%97%98%f0%9d%97%96%f0%9d%97%9c%f0%9d%97%94%f0%9d%97%9f\\\/\"]}]},{\"@type\":\"ImageObject\",\"inLanguage\":\"es\",\"@id\":\"https:\\\/\\\/olivamorosicristians.es\\\/%f0%9d%97%a3%f0%9d%97%a5%f0%9d%97%a2%f0%9d%97%9a%f0%9d%97%a5%f0%9d%97%94%f0%9d%97%a0%f0%9d%97%94-%f0%9d%97%98%f0%9d%97%a6%f0%9d%97%a3%f0%9d%97%98%f0%9d%97%96%f0%9d%97%9c%f0%9d%97%94%f0%9d%97%9f\\\/#primaryimage\",\"url\":\"https:\\\/\\\/i0.wp.com\\\/olivamorosicristians.es\\\/wp-content\\\/uploads\\\/2022\\\/02\\\/273679863_3198731207023137_8647799062944610498_n.jpeg?fit=917%2C960&ssl=1\",\"contentUrl\":\"https:\\\/\\\/i0.wp.com\\\/olivamorosicristians.es\\\/wp-content\\\/uploads\\\/2022\\\/02\\\/273679863_3198731207023137_8647799062944610498_n.jpeg?fit=917%2C960&ssl=1\",\"width\":917,\"height\":960},{\"@type\":\"BreadcrumbList\",\"@id\":\"https:\\\/\\\/olivamorosicristians.es\\\/%f0%9d%97%a3%f0%9d%97%a5%f0%9d%97%a2%f0%9d%97%9a%f0%9d%97%a5%f0%9d%97%94%f0%9d%97%a0%f0%9d%97%94-%f0%9d%97%98%f0%9d%97%a6%f0%9d%97%a3%f0%9d%97%98%f0%9d%97%96%f0%9d%97%9c%f0%9d%97%94%f0%9d%97%9f\\\/#breadcrumb\",\"itemListElement\":[{\"@type\":\"ListItem\",\"position\":1,\"name\":\"Portada\",\"item\":\"https:\\\/\\\/olivamorosicristians.es\\\/\"},{\"@type\":\"ListItem\",\"position\":2,\"name\":\"\ud835\udde3\ud835\udde5\ud835\udde2\ud835\uddda\ud835\udde5\ud835\uddd4\ud835\udde0\ud835\uddd4 \ud835\uddd8\ud835\udde6\ud835\udde3\ud835\uddd8\ud835\uddd6\ud835\udddc\ud835\uddd4\ud835\udddf \ud835\udde0\ud835\udddc\ud835\uddda \ud835\uddd4\ud835\udde1\ud835\uddec\"}]},{\"@type\":\"WebSite\",\"@id\":\"https:\\\/\\\/olivamorosicristians.es\\\/#website\",\"url\":\"https:\\\/\\\/olivamorosicristians.es\\\/\",\"name\":\"Moros i Cristians Oliva\",\"description\":\"FMCO\",\"publisher\":{\"@id\":\"https:\\\/\\\/olivamorosicristians.es\\\/#organization\"},\"potentialAction\":[{\"@type\":\"SearchAction\",\"target\":{\"@type\":\"EntryPoint\",\"urlTemplate\":\"https:\\\/\\\/olivamorosicristians.es\\\/?s={search_term_string}\"},\"query-input\":{\"@type\":\"PropertyValueSpecification\",\"valueRequired\":true,\"valueName\":\"search_term_string\"}}],\"inLanguage\":\"es\"},{\"@type\":\"Organization\",\"@id\":\"https:\\\/\\\/olivamorosicristians.es\\\/#organization\",\"name\":\"Federaci\u00f3 de Moros i Cristians - Oliva\",\"url\":\"https:\\\/\\\/olivamorosicristians.es\\\/\",\"logo\":{\"@type\":\"ImageObject\",\"inLanguage\":\"es\",\"@id\":\"https:\\\/\\\/olivamorosicristians.es\\\/#\\\/schema\\\/logo\\\/image\\\/\",\"url\":\"https:\\\/\\\/i2.wp.com\\\/olivamorosicristians.es\\\/wp-content\\\/uploads\\\/2018\\\/06\\\/Icon_FMiCO.png?fit=50%2C50&ssl=1\",\"contentUrl\":\"https:\\\/\\\/i2.wp.com\\\/olivamorosicristians.es\\\/wp-content\\\/uploads\\\/2018\\\/06\\\/Icon_FMiCO.png?fit=50%2C50&ssl=1\",\"width\":50,\"height\":50,\"caption\":\"Federaci\u00f3 de Moros i Cristians - Oliva\"},\"image\":{\"@id\":\"https:\\\/\\\/olivamorosicristians.es\\\/#\\\/schema\\\/logo\\\/image\\\/\"},\"sameAs\":[\"https:\\\/\\\/www.facebook.com\\\/federaciodemorosicristiansdoliva\\\/\",\"https:\\\/\\\/www.instagram.com\\\/morosicristiansoliva\\\/?hl=es\"]},{\"@type\":\"Person\",\"@id\":\"https:\\\/\\\/olivamorosicristians.es\\\/#\\\/schema\\\/person\\\/21ece052d8816103cad91a2676fd0149\",\"name\":\"Webmaster\",\"image\":{\"@type\":\"ImageObject\",\"inLanguage\":\"es\",\"@id\":\"https:\\\/\\\/secure.gravatar.com\\\/avatar\\\/18de20f14d74abe0c800b423a8b0e24cae6153cb6baeb2c2df80e1cef2117e0d?s=96&d=mm&r=g\",\"url\":\"https:\\\/\\\/secure.gravatar.com\\\/avatar\\\/18de20f14d74abe0c800b423a8b0e24cae6153cb6baeb2c2df80e1cef2117e0d?s=96&d=mm&r=g\",\"contentUrl\":\"https:\\\/\\\/secure.gravatar.com\\\/avatar\\\/18de20f14d74abe0c800b423a8b0e24cae6153cb6baeb2c2df80e1cef2117e0d?s=96&d=mm&r=g\",\"caption\":\"Webmaster\"},\"sameAs\":[\"https:\\\/\\\/www.facebook.com\\\/federaciodemorosicristiansdoliva\",\"https:\\\/\\\/www.instagram.com\\\/morosicristiansoliva\\\/\"]}]}<\/script>\n<!-- \/ Yoast SEO plugin. -->","yoast_head_json":{"title":"\ud835\udde3\ud835\udde5\ud835\udde2\ud835\uddda\ud835\udde5\ud835\uddd4\ud835\udde0\ud835\uddd4 \ud835\uddd8\ud835\udde6\ud835\udde3\ud835\uddd8\ud835\uddd6\ud835\udddc\ud835\uddd4\ud835\udddf \ud835\udde0\ud835\udddc\ud835\uddda \ud835\uddd4\ud835\udde1\ud835\uddec - Moros i Cristians Oliva","robots":{"index":"index","follow":"follow","max-snippet":"max-snippet:-1","max-image-preview":"max-image-preview:large","max-video-preview":"max-video-preview:-1"},"canonical":"https:\/\/olivamorosicristians.es\/es\/\ud835\udde3\ud835\udde5\ud835\udde2\ud835\uddda\ud835\udde5\ud835\uddd4\ud835\udde0\ud835\uddd4-\ud835\uddd8\ud835\udde6\ud835\udde3\ud835\uddd8\ud835\uddd6\ud835\udddc\ud835\uddd4\ud835\udddf\/","og_locale":"es_ES","og_type":"article","og_title":"\ud835\udde3\ud835\udde5\ud835\udde2\ud835\uddda\ud835\udde5\ud835\uddd4\ud835\udde0\ud835\uddd4 \ud835\uddd8\ud835\udde6\ud835\udde3\ud835\uddd8\ud835\uddd6\ud835\udddc\ud835\uddd4\ud835\udddf \ud835\udde0\ud835\udddc\ud835\uddda \ud835\uddd4\ud835\udde1\ud835\uddec - Moros i Cristians Oliva","og_description":"Tornem a la r\u00e0dio!! Aquest dissabte dia 12 de febrer, a partir de les 11:00h, podr\u00e0s escoltar el programa especial dels Moros i Cristians d&#8217;Oliva a VCF R\u00c0DIO SAFOR. Tindrem la tert\u00falia amb els nostres locutors, entrevistes i podreu participar telefonant al n\u00famero de tel\u00e8fon 689 807 073. Tamb\u00e9 es sortejaran 2 entrades, cortesia de [&hellip;]","og_url":"https:\/\/olivamorosicristians.es\/es\/\ud835\udde3\ud835\udde5\ud835\udde2\ud835\uddda\ud835\udde5\ud835\uddd4\ud835\udde0\ud835\uddd4-\ud835\uddd8\ud835\udde6\ud835\udde3\ud835\uddd8\ud835\uddd6\ud835\udddc\ud835\uddd4\ud835\udddf\/","og_site_name":"Moros i Cristians Oliva","article_publisher":"https:\/\/www.facebook.com\/federaciodemorosicristiansdoliva\/","article_author":"https:\/\/www.facebook.com\/federaciodemorosicristiansdoliva","article_published_time":"2022-02-11T12:13:12+00:00","article_modified_time":"2022-02-11T12:13:16+00:00","og_image":[{"width":917,"height":960,"url":"https:\/\/olivamorosicristians.es\/wp-content\/uploads\/2022\/02\/273679863_3198731207023137_8647799062944610498_n.jpeg","type":"image\/jpeg"}],"author":"Webmaster","twitter_card":"summary_large_image","twitter_misc":{"Escrito por":"Webmaster","Tiempo de lectura":"1 minuto"},"schema":{"@context":"https:\/\/schema.org","@graph":[{"@type":"Article","@id":"https:\/\/olivamorosicristians.es\/%f0%9d%97%a3%f0%9d%97%a5%f0%9d%97%a2%f0%9d%97%9a%f0%9d%97%a5%f0%9d%97%94%f0%9d%97%a0%f0%9d%97%94-%f0%9d%97%98%f0%9d%97%a6%f0%9d%97%a3%f0%9d%97%98%f0%9d%97%96%f0%9d%97%9c%f0%9d%97%94%f0%9d%97%9f\/#article","isPartOf":{"@id":"https:\/\/olivamorosicristians.es\/%f0%9d%97%a3%f0%9d%97%a5%f0%9d%97%a2%f0%9d%97%9a%f0%9d%97%a5%f0%9d%97%94%f0%9d%97%a0%f0%9d%97%94-%f0%9d%97%98%f0%9d%97%a6%f0%9d%97%a3%f0%9d%97%98%f0%9d%97%96%f0%9d%97%9c%f0%9d%97%94%f0%9d%97%9f\/"},"author":{"name":"Webmaster","@id":"https:\/\/olivamorosicristians.es\/#\/schema\/person\/21ece052d8816103cad91a2676fd0149"},"headline":"\ud835\udde3\ud835\udde5\ud835\udde2\ud835\uddda\ud835\udde5\ud835\uddd4\ud835\udde0\ud835\uddd4 \ud835\uddd8\ud835\udde6\ud835\udde3\ud835\uddd8\ud835\uddd6\ud835\udddc\ud835\uddd4\ud835\udddf \ud835\udde0\ud835\udddc\ud835\uddda \ud835\uddd4\ud835\udde1\ud835\uddec","datePublished":"2022-02-11T12:13:12+00:00","dateModified":"2022-02-11T12:13:16+00:00","mainEntityOfPage":{"@id":"https:\/\/olivamorosicristians.es\/%f0%9d%97%a3%f0%9d%97%a5%f0%9d%97%a2%f0%9d%97%9a%f0%9d%97%a5%f0%9d%97%94%f0%9d%97%a0%f0%9d%97%94-%f0%9d%97%98%f0%9d%97%a6%f0%9d%97%a3%f0%9d%97%98%f0%9d%97%96%f0%9d%97%9c%f0%9d%97%94%f0%9d%97%9f\/"},"wordCount":158,"publisher":{"@id":"https:\/\/olivamorosicristians.es\/#organization"},"image":{"@id":"https:\/\/olivamorosicristians.es\/%f0%9d%97%a3%f0%9d%97%a5%f0%9d%97%a2%f0%9d%97%9a%f0%9d%97%a5%f0%9d%97%94%f0%9d%97%a0%f0%9d%97%94-%f0%9d%97%98%f0%9d%97%a6%f0%9d%97%a3%f0%9d%97%98%f0%9d%97%96%f0%9d%97%9c%f0%9d%97%94%f0%9d%97%9f\/#primaryimage"},"thumbnailUrl":"https:\/\/i0.wp.com\/olivamorosicristians.es\/wp-content\/uploads\/2022\/02\/273679863_3198731207023137_8647799062944610498_n.jpeg?fit=917%2C960&ssl=1","articleSection":["Mitjans de comunicaci\u00f3"],"inLanguage":"es"},{"@type":"WebPage","@id":"https:\/\/olivamorosicristians.es\/%f0%9d%97%a3%f0%9d%97%a5%f0%9d%97%a2%f0%9d%97%9a%f0%9d%97%a5%f0%9d%97%94%f0%9d%97%a0%f0%9d%97%94-%f0%9d%97%98%f0%9d%97%a6%f0%9d%97%a3%f0%9d%97%98%f0%9d%97%96%f0%9d%97%9c%f0%9d%97%94%f0%9d%97%9f\/","url":"https:\/\/olivamorosicristians.es\/%f0%9d%97%a3%f0%9d%97%a5%f0%9d%97%a2%f0%9d%97%9a%f0%9d%97%a5%f0%9d%97%94%f0%9d%97%a0%f0%9d%97%94-%f0%9d%97%98%f0%9d%97%a6%f0%9d%97%a3%f0%9d%97%98%f0%9d%97%96%f0%9d%97%9c%f0%9d%97%94%f0%9d%97%9f\/","name":"\ud835\udde3\ud835\udde5\ud835\udde2\ud835\uddda\ud835\udde5\ud835\uddd4\ud835\udde0\ud835\uddd4 \ud835\uddd8\ud835\udde6\ud835\udde3\ud835\uddd8\ud835\uddd6\ud835\udddc\ud835\uddd4\ud835\udddf \ud835\udde0\ud835\udddc\ud835\uddda \ud835\uddd4\ud835\udde1\ud835\uddec - Moros i Cristians Oliva","isPartOf":{"@id":"https:\/\/olivamorosicristians.es\/#website"},"primaryImageOfPage":{"@id":"https:\/\/olivamorosicristians.es\/%f0%9d%97%a3%f0%9d%97%a5%f0%9d%97%a2%f0%9d%97%9a%f0%9d%97%a5%f0%9d%97%94%f0%9d%97%a0%f0%9d%97%94-%f0%9d%97%98%f0%9d%97%a6%f0%9d%97%a3%f0%9d%97%98%f0%9d%97%96%f0%9d%97%9c%f0%9d%97%94%f0%9d%97%9f\/#primaryimage"},"image":{"@id":"https:\/\/olivamorosicristians.es\/%f0%9d%97%a3%f0%9d%97%a5%f0%9d%97%a2%f0%9d%97%9a%f0%9d%97%a5%f0%9d%97%94%f0%9d%97%a0%f0%9d%97%94-%f0%9d%97%98%f0%9d%97%a6%f0%9d%97%a3%f0%9d%97%98%f0%9d%97%96%f0%9d%97%9c%f0%9d%97%94%f0%9d%97%9f\/#primaryimage"},"thumbnailUrl":"https:\/\/i0.wp.com\/olivamorosicristians.es\/wp-content\/uploads\/2022\/02\/273679863_3198731207023137_8647799062944610498_n.jpeg?fit=917%2C960&ssl=1","datePublished":"2022-02-11T12:13:12+00:00","dateModified":"2022-02-11T12:13:16+00:00","breadcrumb":{"@id":"https:\/\/olivamorosicristians.es\/%f0%9d%97%a3%f0%9d%97%a5%f0%9d%97%a2%f0%9d%97%9a%f0%9d%97%a5%f0%9d%97%94%f0%9d%97%a0%f0%9d%97%94-%f0%9d%97%98%f0%9d%97%a6%f0%9d%97%a3%f0%9d%97%98%f0%9d%97%96%f0%9d%97%9c%f0%9d%97%94%f0%9d%97%9f\/#breadcrumb"},"inLanguage":"es","potentialAction":[{"@type":"ReadAction","target":["https:\/\/olivamorosicristians.es\/%f0%9d%97%a3%f0%9d%97%a5%f0%9d%97%a2%f0%9d%97%9a%f0%9d%97%a5%f0%9d%97%94%f0%9d%97%a0%f0%9d%97%94-%f0%9d%97%98%f0%9d%97%a6%f0%9d%97%a3%f0%9d%97%98%f0%9d%97%96%f0%9d%97%9c%f0%9d%97%94%f0%9d%97%9f\/"]}]},{"@type":"ImageObject","inLanguage":"es","@id":"https:\/\/olivamorosicristians.es\/%f0%9d%97%a3%f0%9d%97%a5%f0%9d%97%a2%f0%9d%97%9a%f0%9d%97%a5%f0%9d%97%94%f0%9d%97%a0%f0%9d%97%94-%f0%9d%97%98%f0%9d%97%a6%f0%9d%97%a3%f0%9d%97%98%f0%9d%97%96%f0%9d%97%9c%f0%9d%97%94%f0%9d%97%9f\/#primaryimage","url":"https:\/\/i0.wp.com\/olivamorosicristians.es\/wp-content\/uploads\/2022\/02\/273679863_3198731207023137_8647799062944610498_n.jpeg?fit=917%2C960&ssl=1","contentUrl":"https:\/\/i0.wp.com\/olivamorosicristians.es\/wp-content\/uploads\/2022\/02\/273679863_3198731207023137_8647799062944610498_n.jpeg?fit=917%2C960&ssl=1","width":917,"height":960},{"@type":"BreadcrumbList","@id":"https:\/\/olivamorosicristians.es\/%f0%9d%97%a3%f0%9d%97%a5%f0%9d%97%a2%f0%9d%97%9a%f0%9d%97%a5%f0%9d%97%94%f0%9d%97%a0%f0%9d%97%94-%f0%9d%97%98%f0%9d%97%a6%f0%9d%97%a3%f0%9d%97%98%f0%9d%97%96%f0%9d%97%9c%f0%9d%97%94%f0%9d%97%9f\/#breadcrumb","itemListElement":[{"@type":"ListItem","position":1,"name":"Portada","item":"https:\/\/olivamorosicristians.es\/"},{"@type":"ListItem","position":2,"name":"\ud835\udde3\ud835\udde5\ud835\udde2\ud835\uddda\ud835\udde5\ud835\uddd4\ud835\udde0\ud835\uddd4 \ud835\uddd8\ud835\udde6\ud835\udde3\ud835\uddd8\ud835\uddd6\ud835\udddc\ud835\uddd4\ud835\udddf \ud835\udde0\ud835\udddc\ud835\uddda \ud835\uddd4\ud835\udde1\ud835\uddec"}]},{"@type":"WebSite","@id":"https:\/\/olivamorosicristians.es\/#website","url":"https:\/\/olivamorosicristians.es\/","name":"Moros i Cristians Oliva","description":"FMCO","publisher":{"@id":"https:\/\/olivamorosicristians.es\/#organization"},"potentialAction":[{"@type":"SearchAction","target":{"@type":"EntryPoint","urlTemplate":"https:\/\/olivamorosicristians.es\/?s={search_term_string}"},"query-input":{"@type":"PropertyValueSpecification","valueRequired":true,"valueName":"search_term_string"}}],"inLanguage":"es"},{"@type":"Organization","@id":"https:\/\/olivamorosicristians.es\/#organization","name":"La Federaci\u00f3n de Moros y Cristianos de Oliva","url":"https:\/\/olivamorosicristians.es\/","logo":{"@type":"ImageObject","inLanguage":"es","@id":"https:\/\/olivamorosicristians.es\/#\/schema\/logo\/image\/","url":"https:\/\/i2.wp.com\/olivamorosicristians.es\/wp-content\/uploads\/2018\/06\/Icon_FMiCO.png?fit=50%2C50&ssl=1","contentUrl":"https:\/\/i2.wp.com\/olivamorosicristians.es\/wp-content\/uploads\/2018\/06\/Icon_FMiCO.png?fit=50%2C50&ssl=1","width":50,"height":50,"caption":"Federaci\u00f3 de Moros i Cristians - Oliva"},"image":{"@id":"https:\/\/olivamorosicristians.es\/#\/schema\/logo\/image\/"},"sameAs":["https:\/\/www.facebook.com\/federaciodemorosicristiansdoliva\/","https:\/\/www.instagram.com\/morosicristiansoliva\/?hl=es"]},{"@type":"Person","@id":"https:\/\/olivamorosicristians.es\/#\/schema\/person\/21ece052d8816103cad91a2676fd0149","name":"Webmaster","image":{"@type":"ImageObject","inLanguage":"es","@id":"https:\/\/secure.gravatar.com\/avatar\/18de20f14d74abe0c800b423a8b0e24cae6153cb6baeb2c2df80e1cef2117e0d?s=96&d=mm&r=g","url":"https:\/\/secure.gravatar.com\/avatar\/18de20f14d74abe0c800b423a8b0e24cae6153cb6baeb2c2df80e1cef2117e0d?s=96&d=mm&r=g","contentUrl":"https:\/\/secure.gravatar.com\/avatar\/18de20f14d74abe0c800b423a8b0e24cae6153cb6baeb2c2df80e1cef2117e0d?s=96&d=mm&r=g","caption":"Webmaster"},"sameAs":["https:\/\/www.facebook.com\/federaciodemorosicristiansdoliva","https:\/\/www.instagram.com\/morosicristiansoliva\/"]}]}},"jetpack_publicize_connections":[],"jetpack_featured_media_url":"https:\/\/i0.wp.com\/olivamorosicristians.es\/wp-content\/uploads\/2022\/02\/273679863_3198731207023137_8647799062944610498_n.jpeg?fit=917%2C960&ssl=1","jetpack_sharing_enabled":true,"jetpack_shortlink":"https:\/\/wp.me\/pagEx6-2JN","jetpack-related-posts":[],"_links":{"self":[{"href":"https:\/\/olivamorosicristians.es\/es\/wp-json\/wp\/v2\/posts\/10527","targetHints":{"allow":["GET"]}}],"collection":[{"href":"https:\/\/olivamorosicristians.es\/es\/wp-json\/wp\/v2\/posts"}],"about":[{"href":"https:\/\/olivamorosicristians.es\/es\/wp-json\/wp\/v2\/types\/post"}],"author":[{"embeddable":true,"href":"https:\/\/olivamorosicristians.es\/es\/wp-json\/wp\/v2\/users\/1"}],"replies":[{"embeddable":true,"href":"https:\/\/olivamorosicristians.es\/es\/wp-json\/wp\/v2\/comments?post=10527"}],"version-history":[{"count":2,"href":"https:\/\/olivamorosicristians.es\/es\/wp-json\/wp\/v2\/posts\/10527\/revisions"}],"predecessor-version":[{"id":10530,"href":"https:\/\/olivamorosicristians.es\/es\/wp-json\/wp\/v2\/posts\/10527\/revisions\/10530"}],"wp:featuredmedia":[{"embeddable":true,"href":"https:\/\/olivamorosicristians.es\/es\/wp-json\/wp\/v2\/media\/10529"}],"wp:attachment":[{"href":"https:\/\/olivamorosicristians.es\/es\/wp-json\/wp\/v2\/media?parent=10527"}],"wp:term":[{"taxonomy":"category","embeddable":true,"href":"https:\/\/olivamorosicristians.es\/es\/wp-json\/wp\/v2\/categories?post=10527"},{"taxonomy":"post_tag","embeddable":true,"href":"https:\/\/olivamorosicristians.es\/es\/wp-json\/wp\/v2\/tags?post=10527"}],"curies":[{"name":"wp","href":"https:\/\/api.w.org\/{rel}","templated":true}]}}