{"id":10524,"date":"2022-02-11T14:04:50","date_gmt":"2022-02-11T12:04:50","guid":{"rendered":"https:\/\/olivamorosicristians.es\/?p=10524"},"modified":"2022-02-11T14:20:34","modified_gmt":"2022-02-11T12:20:34","slug":"ajornament-dels-actes","status":"publish","type":"post","link":"https:\/\/olivamorosicristians.es\/es\/ajornament-dels-actes\/","title":{"rendered":"AJORNAMENT DELS ACTES DEL MIG ANY FESTER DE 2022"},"content":{"rendered":"<p>Davant la situaci\u00f3 de greu crisi sanit\u00e0ria, la Federaci\u00f3 de Moros i Cristians d\u2019Oliva informa que, reunits els presidents\/es de les onze filades el dimecres 2 de febrer de 2022, s\u2019ha <strong>decidit ajornar els actes del Mig Any Fester de 2022.<\/strong><\/p>\n\n\n\n<p>El concurs de putxeros del Mig Any Fester de 2022 estava previst per al 12 de febrer, el segon cap de setmana, com \u00e9s tradici\u00f3. Per\u00f2, les previsions epidemiol\u00f2giques continuen sent adverses, el que fa que no siga convenient realitzar cap acte p\u00fablic d\u2019aquestes caracter\u00edstiques.<\/p>\n\n\n\n<p>La Junta de la FMICO lamenta haver de fer novament un comunicat d\u2019ajornament d\u2019actes festers, per\u00f2 hem d\u2019estar a l\u2019altura de les circumst\u00e0ncies i obrar a consci\u00e8ncia. El col\u00b7lectiu fester dels Moros i Cristians d\u2019Oliva hem de ser exemplars amb el compliment estricte de les recomanacions sanit\u00e0ries que les administracions dicten.<\/p>\n\n\n\n<p>Enviem una forta abra\u00e7ada als c\u00e0rrecs festers i filades capitanes, Masers i Taifes, i a tots els festers i festeres d\u2019Oliva. Tamb\u00e9, volem enviar el <strong>nostre suport<\/strong> a totes aquelles persones que, a causa de la Covid, viuen moments dif\u00edcils. <\/p>\n\n\n\n<p>\u00c9s el temps de la responsabilitat. Ja estem m\u00e9s prop de poder tornar a celebrar les Festes de Moros i Cristians d\u2019Oliva.<\/p>","protected":false},"excerpt":{"rendered":"<p>Davant la situaci\u00f3 de greu crisi sanit\u00e0ria, la Federaci\u00f3 de Moros i Cristians d\u2019Oliva informa que, reunits els presidents\/es de les onze filades el dimecres 2 de febrer de 2022, s\u2019ha decidit ajornar els actes del Mig Any Fester de 2022. El concurs de putxeros del Mig Any Fester de 2022 estava previst per al [&hellip;]<\/p>\n","protected":false},"author":1,"featured_media":9710,"comment_status":"closed","ping_status":"open","sticky":false,"template":"","format":"standard","meta":{"jetpack_post_was_ever_published":false,"_jetpack_newsletter_access":"","_jetpack_dont_email_post_to_subs":false,"_jetpack_newsletter_tier_id":0,"_jetpack_memberships_contains_paywalled_content":false,"_jetpack_memberships_contains_paid_content":false,"footnotes":"","jetpack_publicize_message":"","jetpack_publicize_feature_enabled":true,"jetpack_social_post_already_shared":true,"jetpack_social_options":{"image_generator_settings":{"template":"highway","default_image_id":0,"font":"","enabled":false},"version":2}},"categories":[2],"tags":[],"class_list":["post-10524","post","type-post","status-publish","format-standard","has-post-thumbnail","hentry","category-federacio"],"yoast_head":"<!-- This site is optimized with the Yoast SEO plugin v27.4 - https:\/\/yoast.com\/product\/yoast-seo-wordpress\/ -->\n<title>AJORNAMENT DELS ACTES DEL MIG ANY FESTER DE 2022 - Moros i Cristians Oliva<\/title>\n<meta name=\"robots\" content=\"index, follow, max-snippet:-1, max-image-preview:large, max-video-preview:-1\" \/>\n<link rel=\"canonical\" href=\"https:\/\/olivamorosicristians.es\/es\/ajornament-dels-actes\/\" \/>\n<meta property=\"og:locale\" content=\"es_ES\" \/>\n<meta property=\"og:type\" content=\"article\" \/>\n<meta property=\"og:title\" content=\"AJORNAMENT DELS ACTES DEL MIG ANY FESTER DE 2022 - Moros i Cristians Oliva\" \/>\n<meta property=\"og:description\" content=\"Davant la situaci\u00f3 de greu crisi sanit\u00e0ria, la Federaci\u00f3 de Moros i Cristians d\u2019Oliva informa que, reunits els presidents\/es de les onze filades el dimecres 2 de febrer de 2022, s\u2019ha decidit ajornar els actes del Mig Any Fester de 2022. El concurs de putxeros del Mig Any Fester de 2022 estava previst per al [&hellip;]\" \/>\n<meta property=\"og:url\" content=\"https:\/\/olivamorosicristians.es\/es\/ajornament-dels-actes\/\" \/>\n<meta property=\"og:site_name\" content=\"Moros i Cristians Oliva\" \/>\n<meta property=\"article:publisher\" content=\"https:\/\/www.facebook.com\/federaciodemorosicristiansdoliva\/\" \/>\n<meta property=\"article:author\" content=\"https:\/\/www.facebook.com\/federaciodemorosicristiansdoliva\" \/>\n<meta property=\"article:published_time\" content=\"2022-02-11T12:04:50+00:00\" \/>\n<meta property=\"article:modified_time\" content=\"2022-02-11T12:20:34+00:00\" \/>\n<meta property=\"og:image\" content=\"https:\/\/olivamorosicristians.es\/wp-content\/uploads\/2020\/04\/Comunicat-Oficial.jpg\" \/>\n\t<meta property=\"og:image:width\" content=\"960\" \/>\n\t<meta property=\"og:image:height\" content=\"540\" \/>\n\t<meta property=\"og:image:type\" content=\"image\/jpeg\" \/>\n<meta name=\"author\" content=\"Webmaster\" \/>\n<meta name=\"twitter:card\" content=\"summary_large_image\" \/>\n<meta name=\"twitter:label1\" content=\"Escrito por\" \/>\n\t<meta name=\"twitter:data1\" content=\"Webmaster\" \/>\n\t<meta name=\"twitter:label2\" content=\"Tiempo de lectura\" \/>\n\t<meta name=\"twitter:data2\" content=\"1 minuto\" \/>\n<script type=\"application\/ld+json\" class=\"yoast-schema-graph\">{\"@context\":\"https:\\\/\\\/schema.org\",\"@graph\":[{\"@type\":\"Article\",\"@id\":\"https:\\\/\\\/olivamorosicristians.es\\\/ajornament-dels-actes\\\/#article\",\"isPartOf\":{\"@id\":\"https:\\\/\\\/olivamorosicristians.es\\\/ajornament-dels-actes\\\/\"},\"author\":{\"name\":\"Webmaster\",\"@id\":\"https:\\\/\\\/olivamorosicristians.es\\\/#\\\/schema\\\/person\\\/21ece052d8816103cad91a2676fd0149\"},\"headline\":\"AJORNAMENT DELS ACTES DEL MIG ANY FESTER DE 2022\",\"datePublished\":\"2022-02-11T12:04:50+00:00\",\"dateModified\":\"2022-02-11T12:20:34+00:00\",\"mainEntityOfPage\":{\"@id\":\"https:\\\/\\\/olivamorosicristians.es\\\/ajornament-dels-actes\\\/\"},\"wordCount\":225,\"publisher\":{\"@id\":\"https:\\\/\\\/olivamorosicristians.es\\\/#organization\"},\"image\":{\"@id\":\"https:\\\/\\\/olivamorosicristians.es\\\/ajornament-dels-actes\\\/#primaryimage\"},\"thumbnailUrl\":\"https:\\\/\\\/i0.wp.com\\\/olivamorosicristians.es\\\/wp-content\\\/uploads\\\/2020\\\/04\\\/Comunicat-Oficial.jpg?fit=960%2C540&ssl=1\",\"articleSection\":[\"Federaci\u00f3\"],\"inLanguage\":\"es\"},{\"@type\":\"WebPage\",\"@id\":\"https:\\\/\\\/olivamorosicristians.es\\\/ajornament-dels-actes\\\/\",\"url\":\"https:\\\/\\\/olivamorosicristians.es\\\/ajornament-dels-actes\\\/\",\"name\":\"AJORNAMENT DELS ACTES DEL MIG ANY FESTER DE 2022 - Moros i Cristians Oliva\",\"isPartOf\":{\"@id\":\"https:\\\/\\\/olivamorosicristians.es\\\/#website\"},\"primaryImageOfPage\":{\"@id\":\"https:\\\/\\\/olivamorosicristians.es\\\/ajornament-dels-actes\\\/#primaryimage\"},\"image\":{\"@id\":\"https:\\\/\\\/olivamorosicristians.es\\\/ajornament-dels-actes\\\/#primaryimage\"},\"thumbnailUrl\":\"https:\\\/\\\/i0.wp.com\\\/olivamorosicristians.es\\\/wp-content\\\/uploads\\\/2020\\\/04\\\/Comunicat-Oficial.jpg?fit=960%2C540&ssl=1\",\"datePublished\":\"2022-02-11T12:04:50+00:00\",\"dateModified\":\"2022-02-11T12:20:34+00:00\",\"breadcrumb\":{\"@id\":\"https:\\\/\\\/olivamorosicristians.es\\\/ajornament-dels-actes\\\/#breadcrumb\"},\"inLanguage\":\"es\",\"potentialAction\":[{\"@type\":\"ReadAction\",\"target\":[\"https:\\\/\\\/olivamorosicristians.es\\\/ajornament-dels-actes\\\/\"]}]},{\"@type\":\"ImageObject\",\"inLanguage\":\"es\",\"@id\":\"https:\\\/\\\/olivamorosicristians.es\\\/ajornament-dels-actes\\\/#primaryimage\",\"url\":\"https:\\\/\\\/i0.wp.com\\\/olivamorosicristians.es\\\/wp-content\\\/uploads\\\/2020\\\/04\\\/Comunicat-Oficial.jpg?fit=960%2C540&ssl=1\",\"contentUrl\":\"https:\\\/\\\/i0.wp.com\\\/olivamorosicristians.es\\\/wp-content\\\/uploads\\\/2020\\\/04\\\/Comunicat-Oficial.jpg?fit=960%2C540&ssl=1\",\"width\":960,\"height\":540},{\"@type\":\"BreadcrumbList\",\"@id\":\"https:\\\/\\\/olivamorosicristians.es\\\/ajornament-dels-actes\\\/#breadcrumb\",\"itemListElement\":[{\"@type\":\"ListItem\",\"position\":1,\"name\":\"Portada\",\"item\":\"https:\\\/\\\/olivamorosicristians.es\\\/\"},{\"@type\":\"ListItem\",\"position\":2,\"name\":\"AJORNAMENT DELS ACTES DEL MIG ANY FESTER DE 2022\"}]},{\"@type\":\"WebSite\",\"@id\":\"https:\\\/\\\/olivamorosicristians.es\\\/#website\",\"url\":\"https:\\\/\\\/olivamorosicristians.es\\\/\",\"name\":\"Moros i Cristians Oliva\",\"description\":\"FMCO\",\"publisher\":{\"@id\":\"https:\\\/\\\/olivamorosicristians.es\\\/#organization\"},\"potentialAction\":[{\"@type\":\"SearchAction\",\"target\":{\"@type\":\"EntryPoint\",\"urlTemplate\":\"https:\\\/\\\/olivamorosicristians.es\\\/?s={search_term_string}\"},\"query-input\":{\"@type\":\"PropertyValueSpecification\",\"valueRequired\":true,\"valueName\":\"search_term_string\"}}],\"inLanguage\":\"es\"},{\"@type\":\"Organization\",\"@id\":\"https:\\\/\\\/olivamorosicristians.es\\\/#organization\",\"name\":\"Federaci\u00f3 de Moros i Cristians - Oliva\",\"url\":\"https:\\\/\\\/olivamorosicristians.es\\\/\",\"logo\":{\"@type\":\"ImageObject\",\"inLanguage\":\"es\",\"@id\":\"https:\\\/\\\/olivamorosicristians.es\\\/#\\\/schema\\\/logo\\\/image\\\/\",\"url\":\"https:\\\/\\\/i2.wp.com\\\/olivamorosicristians.es\\\/wp-content\\\/uploads\\\/2018\\\/06\\\/Icon_FMiCO.png?fit=50%2C50&ssl=1\",\"contentUrl\":\"https:\\\/\\\/i2.wp.com\\\/olivamorosicristians.es\\\/wp-content\\\/uploads\\\/2018\\\/06\\\/Icon_FMiCO.png?fit=50%2C50&ssl=1\",\"width\":50,\"height\":50,\"caption\":\"Federaci\u00f3 de Moros i Cristians - Oliva\"},\"image\":{\"@id\":\"https:\\\/\\\/olivamorosicristians.es\\\/#\\\/schema\\\/logo\\\/image\\\/\"},\"sameAs\":[\"https:\\\/\\\/www.facebook.com\\\/federaciodemorosicristiansdoliva\\\/\",\"https:\\\/\\\/www.instagram.com\\\/morosicristiansoliva\\\/?hl=es\"]},{\"@type\":\"Person\",\"@id\":\"https:\\\/\\\/olivamorosicristians.es\\\/#\\\/schema\\\/person\\\/21ece052d8816103cad91a2676fd0149\",\"name\":\"Webmaster\",\"image\":{\"@type\":\"ImageObject\",\"inLanguage\":\"es\",\"@id\":\"https:\\\/\\\/secure.gravatar.com\\\/avatar\\\/18de20f14d74abe0c800b423a8b0e24cae6153cb6baeb2c2df80e1cef2117e0d?s=96&d=mm&r=g\",\"url\":\"https:\\\/\\\/secure.gravatar.com\\\/avatar\\\/18de20f14d74abe0c800b423a8b0e24cae6153cb6baeb2c2df80e1cef2117e0d?s=96&d=mm&r=g\",\"contentUrl\":\"https:\\\/\\\/secure.gravatar.com\\\/avatar\\\/18de20f14d74abe0c800b423a8b0e24cae6153cb6baeb2c2df80e1cef2117e0d?s=96&d=mm&r=g\",\"caption\":\"Webmaster\"},\"sameAs\":[\"https:\\\/\\\/www.facebook.com\\\/federaciodemorosicristiansdoliva\",\"https:\\\/\\\/www.instagram.com\\\/morosicristiansoliva\\\/\"]}]}<\/script>\n<!-- \/ Yoast SEO plugin. -->","yoast_head_json":{"title":"AJORNAMENT DELS ACTES DEL MIG ANY FESTER DE 2022 - Moros i Cristians Oliva","robots":{"index":"index","follow":"follow","max-snippet":"max-snippet:-1","max-image-preview":"max-image-preview:large","max-video-preview":"max-video-preview:-1"},"canonical":"https:\/\/olivamorosicristians.es\/es\/ajornament-dels-actes\/","og_locale":"es_ES","og_type":"article","og_title":"AJORNAMENT DELS ACTES DEL MIG ANY FESTER DE 2022 - Moros i Cristians Oliva","og_description":"Davant la situaci\u00f3 de greu crisi sanit\u00e0ria, la Federaci\u00f3 de Moros i Cristians d\u2019Oliva informa que, reunits els presidents\/es de les onze filades el dimecres 2 de febrer de 2022, s\u2019ha decidit ajornar els actes del Mig Any Fester de 2022. El concurs de putxeros del Mig Any Fester de 2022 estava previst per al [&hellip;]","og_url":"https:\/\/olivamorosicristians.es\/es\/ajornament-dels-actes\/","og_site_name":"Moros i Cristians Oliva","article_publisher":"https:\/\/www.facebook.com\/federaciodemorosicristiansdoliva\/","article_author":"https:\/\/www.facebook.com\/federaciodemorosicristiansdoliva","article_published_time":"2022-02-11T12:04:50+00:00","article_modified_time":"2022-02-11T12:20:34+00:00","og_image":[{"width":960,"height":540,"url":"https:\/\/olivamorosicristians.es\/wp-content\/uploads\/2020\/04\/Comunicat-Oficial.jpg","type":"image\/jpeg"}],"author":"Webmaster","twitter_card":"summary_large_image","twitter_misc":{"Escrito por":"Webmaster","Tiempo de lectura":"1 minuto"},"schema":{"@context":"https:\/\/schema.org","@graph":[{"@type":"Article","@id":"https:\/\/olivamorosicristians.es\/ajornament-dels-actes\/#article","isPartOf":{"@id":"https:\/\/olivamorosicristians.es\/ajornament-dels-actes\/"},"author":{"name":"Webmaster","@id":"https:\/\/olivamorosicristians.es\/#\/schema\/person\/21ece052d8816103cad91a2676fd0149"},"headline":"AJORNAMENT DELS ACTES DEL MIG ANY FESTER DE 2022","datePublished":"2022-02-11T12:04:50+00:00","dateModified":"2022-02-11T12:20:34+00:00","mainEntityOfPage":{"@id":"https:\/\/olivamorosicristians.es\/ajornament-dels-actes\/"},"wordCount":225,"publisher":{"@id":"https:\/\/olivamorosicristians.es\/#organization"},"image":{"@id":"https:\/\/olivamorosicristians.es\/ajornament-dels-actes\/#primaryimage"},"thumbnailUrl":"https:\/\/i0.wp.com\/olivamorosicristians.es\/wp-content\/uploads\/2020\/04\/Comunicat-Oficial.jpg?fit=960%2C540&ssl=1","articleSection":["Federaci\u00f3"],"inLanguage":"es"},{"@type":"WebPage","@id":"https:\/\/olivamorosicristians.es\/ajornament-dels-actes\/","url":"https:\/\/olivamorosicristians.es\/ajornament-dels-actes\/","name":"AJORNAMENT DELS ACTES DEL MIG ANY FESTER DE 2022 - Moros i Cristians Oliva","isPartOf":{"@id":"https:\/\/olivamorosicristians.es\/#website"},"primaryImageOfPage":{"@id":"https:\/\/olivamorosicristians.es\/ajornament-dels-actes\/#primaryimage"},"image":{"@id":"https:\/\/olivamorosicristians.es\/ajornament-dels-actes\/#primaryimage"},"thumbnailUrl":"https:\/\/i0.wp.com\/olivamorosicristians.es\/wp-content\/uploads\/2020\/04\/Comunicat-Oficial.jpg?fit=960%2C540&ssl=1","datePublished":"2022-02-11T12:04:50+00:00","dateModified":"2022-02-11T12:20:34+00:00","breadcrumb":{"@id":"https:\/\/olivamorosicristians.es\/ajornament-dels-actes\/#breadcrumb"},"inLanguage":"es","potentialAction":[{"@type":"ReadAction","target":["https:\/\/olivamorosicristians.es\/ajornament-dels-actes\/"]}]},{"@type":"ImageObject","inLanguage":"es","@id":"https:\/\/olivamorosicristians.es\/ajornament-dels-actes\/#primaryimage","url":"https:\/\/i0.wp.com\/olivamorosicristians.es\/wp-content\/uploads\/2020\/04\/Comunicat-Oficial.jpg?fit=960%2C540&ssl=1","contentUrl":"https:\/\/i0.wp.com\/olivamorosicristians.es\/wp-content\/uploads\/2020\/04\/Comunicat-Oficial.jpg?fit=960%2C540&ssl=1","width":960,"height":540},{"@type":"BreadcrumbList","@id":"https:\/\/olivamorosicristians.es\/ajornament-dels-actes\/#breadcrumb","itemListElement":[{"@type":"ListItem","position":1,"name":"Portada","item":"https:\/\/olivamorosicristians.es\/"},{"@type":"ListItem","position":2,"name":"AJORNAMENT DELS ACTES DEL MIG ANY FESTER DE 2022"}]},{"@type":"WebSite","@id":"https:\/\/olivamorosicristians.es\/#website","url":"https:\/\/olivamorosicristians.es\/","name":"Moros i Cristians Oliva","description":"FMCO","publisher":{"@id":"https:\/\/olivamorosicristians.es\/#organization"},"potentialAction":[{"@type":"SearchAction","target":{"@type":"EntryPoint","urlTemplate":"https:\/\/olivamorosicristians.es\/?s={search_term_string}"},"query-input":{"@type":"PropertyValueSpecification","valueRequired":true,"valueName":"search_term_string"}}],"inLanguage":"es"},{"@type":"Organization","@id":"https:\/\/olivamorosicristians.es\/#organization","name":"La Federaci\u00f3n de Moros y Cristianos de Oliva","url":"https:\/\/olivamorosicristians.es\/","logo":{"@type":"ImageObject","inLanguage":"es","@id":"https:\/\/olivamorosicristians.es\/#\/schema\/logo\/image\/","url":"https:\/\/i2.wp.com\/olivamorosicristians.es\/wp-content\/uploads\/2018\/06\/Icon_FMiCO.png?fit=50%2C50&ssl=1","contentUrl":"https:\/\/i2.wp.com\/olivamorosicristians.es\/wp-content\/uploads\/2018\/06\/Icon_FMiCO.png?fit=50%2C50&ssl=1","width":50,"height":50,"caption":"Federaci\u00f3 de Moros i Cristians - Oliva"},"image":{"@id":"https:\/\/olivamorosicristians.es\/#\/schema\/logo\/image\/"},"sameAs":["https:\/\/www.facebook.com\/federaciodemorosicristiansdoliva\/","https:\/\/www.instagram.com\/morosicristiansoliva\/?hl=es"]},{"@type":"Person","@id":"https:\/\/olivamorosicristians.es\/#\/schema\/person\/21ece052d8816103cad91a2676fd0149","name":"Webmaster","image":{"@type":"ImageObject","inLanguage":"es","@id":"https:\/\/secure.gravatar.com\/avatar\/18de20f14d74abe0c800b423a8b0e24cae6153cb6baeb2c2df80e1cef2117e0d?s=96&d=mm&r=g","url":"https:\/\/secure.gravatar.com\/avatar\/18de20f14d74abe0c800b423a8b0e24cae6153cb6baeb2c2df80e1cef2117e0d?s=96&d=mm&r=g","contentUrl":"https:\/\/secure.gravatar.com\/avatar\/18de20f14d74abe0c800b423a8b0e24cae6153cb6baeb2c2df80e1cef2117e0d?s=96&d=mm&r=g","caption":"Webmaster"},"sameAs":["https:\/\/www.facebook.com\/federaciodemorosicristiansdoliva","https:\/\/www.instagram.com\/morosicristiansoliva\/"]}]}},"jetpack_publicize_connections":[],"jetpack_featured_media_url":"https:\/\/i0.wp.com\/olivamorosicristians.es\/wp-content\/uploads\/2020\/04\/Comunicat-Oficial.jpg?fit=960%2C540&ssl=1","jetpack_sharing_enabled":true,"jetpack_shortlink":"https:\/\/wp.me\/pagEx6-2JK","jetpack-related-posts":[],"_links":{"self":[{"href":"https:\/\/olivamorosicristians.es\/es\/wp-json\/wp\/v2\/posts\/10524","targetHints":{"allow":["GET"]}}],"collection":[{"href":"https:\/\/olivamorosicristians.es\/es\/wp-json\/wp\/v2\/posts"}],"about":[{"href":"https:\/\/olivamorosicristians.es\/es\/wp-json\/wp\/v2\/types\/post"}],"author":[{"embeddable":true,"href":"https:\/\/olivamorosicristians.es\/es\/wp-json\/wp\/v2\/users\/1"}],"replies":[{"embeddable":true,"href":"https:\/\/olivamorosicristians.es\/es\/wp-json\/wp\/v2\/comments?post=10524"}],"version-history":[{"count":6,"href":"https:\/\/olivamorosicristians.es\/es\/wp-json\/wp\/v2\/posts\/10524\/revisions"}],"predecessor-version":[{"id":10537,"href":"https:\/\/olivamorosicristians.es\/es\/wp-json\/wp\/v2\/posts\/10524\/revisions\/10537"}],"wp:featuredmedia":[{"embeddable":true,"href":"https:\/\/olivamorosicristians.es\/es\/wp-json\/wp\/v2\/media\/9710"}],"wp:attachment":[{"href":"https:\/\/olivamorosicristians.es\/es\/wp-json\/wp\/v2\/media?parent=10524"}],"wp:term":[{"taxonomy":"category","embeddable":true,"href":"https:\/\/olivamorosicristians.es\/es\/wp-json\/wp\/v2\/categories?post=10524"},{"taxonomy":"post_tag","embeddable":true,"href":"https:\/\/olivamorosicristians.es\/es\/wp-json\/wp\/v2\/tags?post=10524"}],"curies":[{"name":"wp","href":"https:\/\/api.w.org\/{rel}","templated":true}]}}