{"id":10505,"date":"2021-07-13T19:57:07","date_gmt":"2021-07-13T17:57:07","guid":{"rendered":"https:\/\/olivamorosicristians.es\/?p=10505"},"modified":"2021-07-13T20:31:22","modified_gmt":"2021-07-13T18:31:22","slug":"comunicat-conjunt-ajuntament-doliva-i-federacio-de-moros-i-cristians-doliva","status":"publish","type":"post","link":"https:\/\/olivamorosicristians.es\/es\/comunicat-conjunt-ajuntament-doliva-i-federacio-de-moros-i-cristians-doliva\/","title":{"rendered":"Comunicat conjunt Ajuntament d\u2019Oliva i Federaci\u00f3 de Moros i Cristians d\u2019Oliva"},"content":{"rendered":"<p><\/p>\n\n\n\n<p>Ha aplegat la setmana gran de Festes de Moros i Cristians d\u2019Oliva, per\u00f2 enguany, novament, no les celebrarem. La crisi sanit\u00e0ria mundial que encara vivim impedix la celebraci\u00f3 de la nostra setmana m\u00e9s especial.<\/p>\n\n\n\n<p>El 27 de juny de 2021, l\u2019Assemblea General de la Federaci\u00f3 de Moros i Cristians d\u2019Oliva, a proposta de la Junta, va acordar per unanimitat la suspensi\u00f3 de les festes. Per aquest motiu, la trilogia festera no es celebrar\u00e0 i els c\u00e0rrecs festers de 2020, correran un any m\u00e9s i passaran a ser els de 2022. A\u00e7\u00f2 \u00e9s, la Fil\u00e0 Masers i la Fil\u00e0 Taifes ostentaran les capitanies el pr\u00f2xim any.<\/p>\n\n\n\n<p>Per no deixar aquesta setmana tristament buida, des de la Federaci\u00f3 de Moros i Cristians d\u2019Oliva s\u2019ha programat un <strong>conjunt d\u2019activitats:<\/strong>&nbsp;<\/p>\n\n\n\n<p><strong>-Dijous 15 de juliol, a les 20 h, al parc de l\u2019Estaci\u00f3<\/strong>, als peus del castell de Festes:&nbsp;<\/p>\n\n\n\n<p>Contacontes i marionetista amb l\u2019obra: <strong>\u00abVida i miracles de Jaume I i les seues valeroses dames\u00bb<\/strong>. Narra la vida del rei Jaume I El Conqueridor i les conquestes que van forjar els fonaments de la nostra terra. Inclou contes de factura pr\u00f2pia narrant les aventures de tres dones que van acompanyar a tan magna figura. Un relat de valents guerrers i guerreres.<\/p>\n\n\n\n<p>Inscripici\u00f3 contacontes <strong><a href=\"https:\/\/forms.gle\/iFxB1DG96wvXDRiY7\" target=\"_blank\" rel=\"noreferrer noopener\">enlla\u00e7<\/a><\/strong><\/p>\n\n\n\n<p>&#8211;<strong>Divendres 16 de juliol, a les 20.30 h, al parc de l\u2019Estaci\u00f3,<\/strong> als peus del castell de Festes:&nbsp;<\/p>\n\n\n\n<p>Presentaci\u00f3 oficial dels <strong>resultats de la primera part de l\u2019estudi sociol\u00f2gic<\/strong>: l\u2019enquesta al col\u00b7lectiu fester. L\u2019equip de soci\u00f2legs a c\u00e0rrec de l\u2019estudi far\u00e0 una an\u00e0lisi comentada dels resultats per destacar aquelles parts m\u00e9s importants.<\/p>\n\n\n\n<p>Inscripci\u00f3 presentaci\u00f3 <a href=\"https:\/\/forms.gle\/cqppnZdiLjirTcph7\" target=\"_blank\" rel=\"noreferrer noopener\"><strong>enlla\u00e7<\/strong><\/a><\/p>\n\n\n\n<p>En aquests dos actes hi haur\u00e0 aforament limitat. Cal que qui vulga assistir s\u2019inscriga pr\u00e8viament als&nbsp; enlla\u00e7os corresponents.<\/p>\n\n\n\n<p><strong>-Dissabte 17 de juliol, a les 23.30 h, a la platja de la Mitja Galta<\/strong>:<\/p>\n\n\n\n<p>Castell de <strong>focs artificials<\/strong>.<\/p>\n\n\n\n<p>La Junta de la Federaci\u00f3 de Moros i Cristians d\u2019Oliva i la Regidoria de Festes de l\u2019Ajuntament d\u2019Oliva volem enviar un missatge d\u2019\u00e0nims a tot el col\u00b7lectiu Fester. Aquest any excepcional ens ha furtat la m\u00e0gia dels 4 dies m\u00e9s importants de l\u2019any: dijous, divendres, dissabte i diumenge de Moros i Cristians. En aquests dies, com diu el nostre Himne, \u00abtots som igual, de valerosos i de ben plantats!\u00bb. S\u00f3n els dies en els quals expressem i expandim la nostra personalitat. Somiem, ens emocionem, sentim. Vivim.<\/p>\n\n\n\n<p>Demanem prud\u00e8ncia i sentit c\u00edvic a tots els festers que aquests dies es puguen reunir. Cal mantenir les mesures de seguretat especificades per les autoritats sanit\u00e0ries i ser conscients que continuem patint la pand\u00e8mia de la Covid-19. <strong>Responsabilitat, respecteu les normes sanit\u00e0ries.&nbsp;<\/strong><\/p>\n\n\n\n<p><strong>\u00d3scar Prieto, president FMICO:<\/strong> \u00ab<em>\u00c0nims a totes i tots. Les Festes de Moros i Cristians d\u2019Oliva tornaran amb la for\u00e7a de sempre. Tornaran a omplir-se els carrers de m\u00fasica, confeti, color, p\u00f3lvora, putxero i germanor. Per\u00f2 ara, \u00e9s moment de continuar sent responsables i respectar les normes sanit\u00e0ries. \u00c0nim, #TornaremABaixarLoygorri<\/em>\u00bb.<\/p>\n\n\n\n<p><strong>Yolanda Navarro, regidora de festes:<\/strong> \u00ab<em>Tot passar\u00e0 i tornarem a gaudir de les festes com solem fer. Per\u00f2 aquest any ens toca de nou guardar les gel\u00b7labes i les ganes de p\u00f3lvora i festa, i gaudir amb prud\u00e8ncia dels actes organitzats per commemorar la festa i recordar la nostra hist\u00f2ria. \u00c0nims!<\/em>\u00bb<\/p>\n\n\n\n<p>Oliva, 13 de juliol de 2021.<\/p>","protected":false},"excerpt":{"rendered":"<p>Ha aplegat la setmana gran de Festes de Moros i Cristians d\u2019Oliva, per\u00f2 enguany, novament, no les celebrarem. La crisi sanit\u00e0ria mundial que encara vivim impedix la celebraci\u00f3 de la nostra setmana m\u00e9s especial. El 27 de juny de 2021, l\u2019Assemblea General de la Federaci\u00f3 de Moros i Cristians d\u2019Oliva, a proposta de la Junta, [&hellip;]<\/p>\n","protected":false},"author":1,"featured_media":9710,"comment_status":"closed","ping_status":"open","sticky":false,"template":"","format":"standard","meta":{"jetpack_post_was_ever_published":false,"_jetpack_newsletter_access":"","_jetpack_dont_email_post_to_subs":false,"_jetpack_newsletter_tier_id":0,"_jetpack_memberships_contains_paywalled_content":false,"_jetpack_memberships_contains_paid_content":false,"footnotes":"","jetpack_publicize_message":"","jetpack_publicize_feature_enabled":true,"jetpack_social_post_already_shared":true,"jetpack_social_options":{"image_generator_settings":{"template":"highway","default_image_id":0,"font":"","enabled":false},"version":2}},"categories":[2],"tags":[],"class_list":["post-10505","post","type-post","status-publish","format-standard","has-post-thumbnail","hentry","category-federacio"],"yoast_head":"<!-- This site is optimized with the Yoast SEO plugin v27.5 - https:\/\/yoast.com\/product\/yoast-seo-wordpress\/ -->\n<title>Comunicat conjunt Ajuntament d\u2019Oliva i Federaci\u00f3 de Moros i Cristians d\u2019Oliva - Moros i Cristians Oliva<\/title>\n<meta name=\"robots\" content=\"index, follow, max-snippet:-1, max-image-preview:large, max-video-preview:-1\" \/>\n<link rel=\"canonical\" href=\"https:\/\/olivamorosicristians.es\/es\/comunicat-conjunt-ajuntament-doliva-i-federacio-de-moros-i-cristians-doliva\/\" \/>\n<meta property=\"og:locale\" content=\"es_ES\" \/>\n<meta property=\"og:type\" content=\"article\" \/>\n<meta property=\"og:title\" content=\"Comunicat conjunt Ajuntament d\u2019Oliva i Federaci\u00f3 de Moros i Cristians d\u2019Oliva - Moros i Cristians Oliva\" \/>\n<meta property=\"og:description\" content=\"Ha aplegat la setmana gran de Festes de Moros i Cristians d\u2019Oliva, per\u00f2 enguany, novament, no les celebrarem. La crisi sanit\u00e0ria mundial que encara vivim impedix la celebraci\u00f3 de la nostra setmana m\u00e9s especial. El 27 de juny de 2021, l\u2019Assemblea General de la Federaci\u00f3 de Moros i Cristians d\u2019Oliva, a proposta de la Junta, [&hellip;]\" \/>\n<meta property=\"og:url\" content=\"https:\/\/olivamorosicristians.es\/es\/comunicat-conjunt-ajuntament-doliva-i-federacio-de-moros-i-cristians-doliva\/\" \/>\n<meta property=\"og:site_name\" content=\"Moros i Cristians Oliva\" \/>\n<meta property=\"article:publisher\" content=\"https:\/\/www.facebook.com\/federaciodemorosicristiansdoliva\/\" \/>\n<meta property=\"article:author\" content=\"https:\/\/www.facebook.com\/federaciodemorosicristiansdoliva\" \/>\n<meta property=\"article:published_time\" content=\"2021-07-13T17:57:07+00:00\" \/>\n<meta property=\"article:modified_time\" content=\"2021-07-13T18:31:22+00:00\" \/>\n<meta property=\"og:image\" content=\"https:\/\/i0.wp.com\/olivamorosicristians.es\/wp-content\/uploads\/2020\/04\/Comunicat-Oficial.jpg?fit=960%2C540&ssl=1\" \/>\n\t<meta property=\"og:image:width\" content=\"960\" \/>\n\t<meta property=\"og:image:height\" content=\"540\" \/>\n\t<meta property=\"og:image:type\" content=\"image\/jpeg\" \/>\n<meta name=\"author\" content=\"Webmaster\" \/>\n<meta name=\"twitter:card\" content=\"summary_large_image\" \/>\n<meta name=\"twitter:label1\" content=\"Escrito por\" \/>\n\t<meta name=\"twitter:data1\" content=\"Webmaster\" \/>\n\t<meta name=\"twitter:label2\" content=\"Tiempo de lectura\" \/>\n\t<meta name=\"twitter:data2\" content=\"3 minutos\" \/>\n<script type=\"application\/ld+json\" class=\"yoast-schema-graph\">{\"@context\":\"https:\\\/\\\/schema.org\",\"@graph\":[{\"@type\":\"Article\",\"@id\":\"https:\\\/\\\/olivamorosicristians.es\\\/comunicat-conjunt-ajuntament-doliva-i-federacio-de-moros-i-cristians-doliva\\\/#article\",\"isPartOf\":{\"@id\":\"https:\\\/\\\/olivamorosicristians.es\\\/comunicat-conjunt-ajuntament-doliva-i-federacio-de-moros-i-cristians-doliva\\\/\"},\"author\":{\"name\":\"Webmaster\",\"@id\":\"https:\\\/\\\/olivamorosicristians.es\\\/#\\\/schema\\\/person\\\/21ece052d8816103cad91a2676fd0149\"},\"headline\":\"Comunicat conjunt Ajuntament d\u2019Oliva i Federaci\u00f3 de Moros i Cristians d\u2019Oliva\",\"datePublished\":\"2021-07-13T17:57:07+00:00\",\"dateModified\":\"2021-07-13T18:31:22+00:00\",\"mainEntityOfPage\":{\"@id\":\"https:\\\/\\\/olivamorosicristians.es\\\/comunicat-conjunt-ajuntament-doliva-i-federacio-de-moros-i-cristians-doliva\\\/\"},\"wordCount\":592,\"publisher\":{\"@id\":\"https:\\\/\\\/olivamorosicristians.es\\\/#organization\"},\"image\":{\"@id\":\"https:\\\/\\\/olivamorosicristians.es\\\/comunicat-conjunt-ajuntament-doliva-i-federacio-de-moros-i-cristians-doliva\\\/#primaryimage\"},\"thumbnailUrl\":\"https:\\\/\\\/i0.wp.com\\\/olivamorosicristians.es\\\/wp-content\\\/uploads\\\/2020\\\/04\\\/Comunicat-Oficial.jpg?fit=960%2C540&ssl=1\",\"articleSection\":[\"Federaci\u00f3\"],\"inLanguage\":\"es\"},{\"@type\":\"WebPage\",\"@id\":\"https:\\\/\\\/olivamorosicristians.es\\\/comunicat-conjunt-ajuntament-doliva-i-federacio-de-moros-i-cristians-doliva\\\/\",\"url\":\"https:\\\/\\\/olivamorosicristians.es\\\/comunicat-conjunt-ajuntament-doliva-i-federacio-de-moros-i-cristians-doliva\\\/\",\"name\":\"Comunicat conjunt Ajuntament d\u2019Oliva i Federaci\u00f3 de Moros i Cristians d\u2019Oliva - Moros i Cristians Oliva\",\"isPartOf\":{\"@id\":\"https:\\\/\\\/olivamorosicristians.es\\\/#website\"},\"primaryImageOfPage\":{\"@id\":\"https:\\\/\\\/olivamorosicristians.es\\\/comunicat-conjunt-ajuntament-doliva-i-federacio-de-moros-i-cristians-doliva\\\/#primaryimage\"},\"image\":{\"@id\":\"https:\\\/\\\/olivamorosicristians.es\\\/comunicat-conjunt-ajuntament-doliva-i-federacio-de-moros-i-cristians-doliva\\\/#primaryimage\"},\"thumbnailUrl\":\"https:\\\/\\\/i0.wp.com\\\/olivamorosicristians.es\\\/wp-content\\\/uploads\\\/2020\\\/04\\\/Comunicat-Oficial.jpg?fit=960%2C540&ssl=1\",\"datePublished\":\"2021-07-13T17:57:07+00:00\",\"dateModified\":\"2021-07-13T18:31:22+00:00\",\"breadcrumb\":{\"@id\":\"https:\\\/\\\/olivamorosicristians.es\\\/comunicat-conjunt-ajuntament-doliva-i-federacio-de-moros-i-cristians-doliva\\\/#breadcrumb\"},\"inLanguage\":\"es\",\"potentialAction\":[{\"@type\":\"ReadAction\",\"target\":[\"https:\\\/\\\/olivamorosicristians.es\\\/comunicat-conjunt-ajuntament-doliva-i-federacio-de-moros-i-cristians-doliva\\\/\"]}]},{\"@type\":\"ImageObject\",\"inLanguage\":\"es\",\"@id\":\"https:\\\/\\\/olivamorosicristians.es\\\/comunicat-conjunt-ajuntament-doliva-i-federacio-de-moros-i-cristians-doliva\\\/#primaryimage\",\"url\":\"https:\\\/\\\/i0.wp.com\\\/olivamorosicristians.es\\\/wp-content\\\/uploads\\\/2020\\\/04\\\/Comunicat-Oficial.jpg?fit=960%2C540&ssl=1\",\"contentUrl\":\"https:\\\/\\\/i0.wp.com\\\/olivamorosicristians.es\\\/wp-content\\\/uploads\\\/2020\\\/04\\\/Comunicat-Oficial.jpg?fit=960%2C540&ssl=1\",\"width\":960,\"height\":540},{\"@type\":\"BreadcrumbList\",\"@id\":\"https:\\\/\\\/olivamorosicristians.es\\\/comunicat-conjunt-ajuntament-doliva-i-federacio-de-moros-i-cristians-doliva\\\/#breadcrumb\",\"itemListElement\":[{\"@type\":\"ListItem\",\"position\":1,\"name\":\"Portada\",\"item\":\"https:\\\/\\\/olivamorosicristians.es\\\/\"},{\"@type\":\"ListItem\",\"position\":2,\"name\":\"Comunicat conjunt Ajuntament d\u2019Oliva i Federaci\u00f3 de Moros i Cristians d\u2019Oliva\"}]},{\"@type\":\"WebSite\",\"@id\":\"https:\\\/\\\/olivamorosicristians.es\\\/#website\",\"url\":\"https:\\\/\\\/olivamorosicristians.es\\\/\",\"name\":\"Moros i Cristians Oliva\",\"description\":\"FMCO\",\"publisher\":{\"@id\":\"https:\\\/\\\/olivamorosicristians.es\\\/#organization\"},\"potentialAction\":[{\"@type\":\"SearchAction\",\"target\":{\"@type\":\"EntryPoint\",\"urlTemplate\":\"https:\\\/\\\/olivamorosicristians.es\\\/?s={search_term_string}\"},\"query-input\":{\"@type\":\"PropertyValueSpecification\",\"valueRequired\":true,\"valueName\":\"search_term_string\"}}],\"inLanguage\":\"es\"},{\"@type\":\"Organization\",\"@id\":\"https:\\\/\\\/olivamorosicristians.es\\\/#organization\",\"name\":\"Federaci\u00f3 de Moros i Cristians - Oliva\",\"url\":\"https:\\\/\\\/olivamorosicristians.es\\\/\",\"logo\":{\"@type\":\"ImageObject\",\"inLanguage\":\"es\",\"@id\":\"https:\\\/\\\/olivamorosicristians.es\\\/#\\\/schema\\\/logo\\\/image\\\/\",\"url\":\"https:\\\/\\\/i2.wp.com\\\/olivamorosicristians.es\\\/wp-content\\\/uploads\\\/2018\\\/06\\\/Icon_FMiCO.png?fit=50%2C50&ssl=1\",\"contentUrl\":\"https:\\\/\\\/i2.wp.com\\\/olivamorosicristians.es\\\/wp-content\\\/uploads\\\/2018\\\/06\\\/Icon_FMiCO.png?fit=50%2C50&ssl=1\",\"width\":50,\"height\":50,\"caption\":\"Federaci\u00f3 de Moros i Cristians - Oliva\"},\"image\":{\"@id\":\"https:\\\/\\\/olivamorosicristians.es\\\/#\\\/schema\\\/logo\\\/image\\\/\"},\"sameAs\":[\"https:\\\/\\\/www.facebook.com\\\/federaciodemorosicristiansdoliva\\\/\",\"https:\\\/\\\/www.instagram.com\\\/morosicristiansoliva\\\/?hl=es\"]},{\"@type\":\"Person\",\"@id\":\"https:\\\/\\\/olivamorosicristians.es\\\/#\\\/schema\\\/person\\\/21ece052d8816103cad91a2676fd0149\",\"name\":\"Webmaster\",\"image\":{\"@type\":\"ImageObject\",\"inLanguage\":\"es\",\"@id\":\"https:\\\/\\\/secure.gravatar.com\\\/avatar\\\/18de20f14d74abe0c800b423a8b0e24cae6153cb6baeb2c2df80e1cef2117e0d?s=96&d=mm&r=g\",\"url\":\"https:\\\/\\\/secure.gravatar.com\\\/avatar\\\/18de20f14d74abe0c800b423a8b0e24cae6153cb6baeb2c2df80e1cef2117e0d?s=96&d=mm&r=g\",\"contentUrl\":\"https:\\\/\\\/secure.gravatar.com\\\/avatar\\\/18de20f14d74abe0c800b423a8b0e24cae6153cb6baeb2c2df80e1cef2117e0d?s=96&d=mm&r=g\",\"caption\":\"Webmaster\"},\"sameAs\":[\"https:\\\/\\\/www.facebook.com\\\/federaciodemorosicristiansdoliva\",\"https:\\\/\\\/www.instagram.com\\\/morosicristiansoliva\\\/\"]}]}<\/script>\n<!-- \/ Yoast SEO plugin. -->","yoast_head_json":{"title":"Comunicat conjunt Ajuntament d\u2019Oliva i Federaci\u00f3 de Moros i Cristians d\u2019Oliva - Moros i Cristians Oliva","robots":{"index":"index","follow":"follow","max-snippet":"max-snippet:-1","max-image-preview":"max-image-preview:large","max-video-preview":"max-video-preview:-1"},"canonical":"https:\/\/olivamorosicristians.es\/es\/comunicat-conjunt-ajuntament-doliva-i-federacio-de-moros-i-cristians-doliva\/","og_locale":"es_ES","og_type":"article","og_title":"Comunicat conjunt Ajuntament d\u2019Oliva i Federaci\u00f3 de Moros i Cristians d\u2019Oliva - Moros i Cristians Oliva","og_description":"Ha aplegat la setmana gran de Festes de Moros i Cristians d\u2019Oliva, per\u00f2 enguany, novament, no les celebrarem. La crisi sanit\u00e0ria mundial que encara vivim impedix la celebraci\u00f3 de la nostra setmana m\u00e9s especial. El 27 de juny de 2021, l\u2019Assemblea General de la Federaci\u00f3 de Moros i Cristians d\u2019Oliva, a proposta de la Junta, [&hellip;]","og_url":"https:\/\/olivamorosicristians.es\/es\/comunicat-conjunt-ajuntament-doliva-i-federacio-de-moros-i-cristians-doliva\/","og_site_name":"Moros i Cristians Oliva","article_publisher":"https:\/\/www.facebook.com\/federaciodemorosicristiansdoliva\/","article_author":"https:\/\/www.facebook.com\/federaciodemorosicristiansdoliva","article_published_time":"2021-07-13T17:57:07+00:00","article_modified_time":"2021-07-13T18:31:22+00:00","og_image":[{"width":960,"height":540,"url":"https:\/\/i0.wp.com\/olivamorosicristians.es\/wp-content\/uploads\/2020\/04\/Comunicat-Oficial.jpg?fit=960%2C540&ssl=1","type":"image\/jpeg"}],"author":"Webmaster","twitter_card":"summary_large_image","twitter_misc":{"Escrito por":"Webmaster","Tiempo de lectura":"3 minutos"},"schema":{"@context":"https:\/\/schema.org","@graph":[{"@type":"Article","@id":"https:\/\/olivamorosicristians.es\/comunicat-conjunt-ajuntament-doliva-i-federacio-de-moros-i-cristians-doliva\/#article","isPartOf":{"@id":"https:\/\/olivamorosicristians.es\/comunicat-conjunt-ajuntament-doliva-i-federacio-de-moros-i-cristians-doliva\/"},"author":{"name":"Webmaster","@id":"https:\/\/olivamorosicristians.es\/#\/schema\/person\/21ece052d8816103cad91a2676fd0149"},"headline":"Comunicat conjunt Ajuntament d\u2019Oliva i Federaci\u00f3 de Moros i Cristians d\u2019Oliva","datePublished":"2021-07-13T17:57:07+00:00","dateModified":"2021-07-13T18:31:22+00:00","mainEntityOfPage":{"@id":"https:\/\/olivamorosicristians.es\/comunicat-conjunt-ajuntament-doliva-i-federacio-de-moros-i-cristians-doliva\/"},"wordCount":592,"publisher":{"@id":"https:\/\/olivamorosicristians.es\/#organization"},"image":{"@id":"https:\/\/olivamorosicristians.es\/comunicat-conjunt-ajuntament-doliva-i-federacio-de-moros-i-cristians-doliva\/#primaryimage"},"thumbnailUrl":"https:\/\/i0.wp.com\/olivamorosicristians.es\/wp-content\/uploads\/2020\/04\/Comunicat-Oficial.jpg?fit=960%2C540&ssl=1","articleSection":["Federaci\u00f3"],"inLanguage":"es"},{"@type":"WebPage","@id":"https:\/\/olivamorosicristians.es\/comunicat-conjunt-ajuntament-doliva-i-federacio-de-moros-i-cristians-doliva\/","url":"https:\/\/olivamorosicristians.es\/comunicat-conjunt-ajuntament-doliva-i-federacio-de-moros-i-cristians-doliva\/","name":"Comunicat conjunt Ajuntament d\u2019Oliva i Federaci\u00f3 de Moros i Cristians d\u2019Oliva - Moros i Cristians Oliva","isPartOf":{"@id":"https:\/\/olivamorosicristians.es\/#website"},"primaryImageOfPage":{"@id":"https:\/\/olivamorosicristians.es\/comunicat-conjunt-ajuntament-doliva-i-federacio-de-moros-i-cristians-doliva\/#primaryimage"},"image":{"@id":"https:\/\/olivamorosicristians.es\/comunicat-conjunt-ajuntament-doliva-i-federacio-de-moros-i-cristians-doliva\/#primaryimage"},"thumbnailUrl":"https:\/\/i0.wp.com\/olivamorosicristians.es\/wp-content\/uploads\/2020\/04\/Comunicat-Oficial.jpg?fit=960%2C540&ssl=1","datePublished":"2021-07-13T17:57:07+00:00","dateModified":"2021-07-13T18:31:22+00:00","breadcrumb":{"@id":"https:\/\/olivamorosicristians.es\/comunicat-conjunt-ajuntament-doliva-i-federacio-de-moros-i-cristians-doliva\/#breadcrumb"},"inLanguage":"es","potentialAction":[{"@type":"ReadAction","target":["https:\/\/olivamorosicristians.es\/comunicat-conjunt-ajuntament-doliva-i-federacio-de-moros-i-cristians-doliva\/"]}]},{"@type":"ImageObject","inLanguage":"es","@id":"https:\/\/olivamorosicristians.es\/comunicat-conjunt-ajuntament-doliva-i-federacio-de-moros-i-cristians-doliva\/#primaryimage","url":"https:\/\/i0.wp.com\/olivamorosicristians.es\/wp-content\/uploads\/2020\/04\/Comunicat-Oficial.jpg?fit=960%2C540&ssl=1","contentUrl":"https:\/\/i0.wp.com\/olivamorosicristians.es\/wp-content\/uploads\/2020\/04\/Comunicat-Oficial.jpg?fit=960%2C540&ssl=1","width":960,"height":540},{"@type":"BreadcrumbList","@id":"https:\/\/olivamorosicristians.es\/comunicat-conjunt-ajuntament-doliva-i-federacio-de-moros-i-cristians-doliva\/#breadcrumb","itemListElement":[{"@type":"ListItem","position":1,"name":"Portada","item":"https:\/\/olivamorosicristians.es\/"},{"@type":"ListItem","position":2,"name":"Comunicat conjunt Ajuntament d\u2019Oliva i Federaci\u00f3 de Moros i Cristians d\u2019Oliva"}]},{"@type":"WebSite","@id":"https:\/\/olivamorosicristians.es\/#website","url":"https:\/\/olivamorosicristians.es\/","name":"Moros i Cristians Oliva","description":"FMCO","publisher":{"@id":"https:\/\/olivamorosicristians.es\/#organization"},"potentialAction":[{"@type":"SearchAction","target":{"@type":"EntryPoint","urlTemplate":"https:\/\/olivamorosicristians.es\/?s={search_term_string}"},"query-input":{"@type":"PropertyValueSpecification","valueRequired":true,"valueName":"search_term_string"}}],"inLanguage":"es"},{"@type":"Organization","@id":"https:\/\/olivamorosicristians.es\/#organization","name":"La Federaci\u00f3n de Moros y Cristianos de Oliva","url":"https:\/\/olivamorosicristians.es\/","logo":{"@type":"ImageObject","inLanguage":"es","@id":"https:\/\/olivamorosicristians.es\/#\/schema\/logo\/image\/","url":"https:\/\/i2.wp.com\/olivamorosicristians.es\/wp-content\/uploads\/2018\/06\/Icon_FMiCO.png?fit=50%2C50&ssl=1","contentUrl":"https:\/\/i2.wp.com\/olivamorosicristians.es\/wp-content\/uploads\/2018\/06\/Icon_FMiCO.png?fit=50%2C50&ssl=1","width":50,"height":50,"caption":"Federaci\u00f3 de Moros i Cristians - Oliva"},"image":{"@id":"https:\/\/olivamorosicristians.es\/#\/schema\/logo\/image\/"},"sameAs":["https:\/\/www.facebook.com\/federaciodemorosicristiansdoliva\/","https:\/\/www.instagram.com\/morosicristiansoliva\/?hl=es"]},{"@type":"Person","@id":"https:\/\/olivamorosicristians.es\/#\/schema\/person\/21ece052d8816103cad91a2676fd0149","name":"Webmaster","image":{"@type":"ImageObject","inLanguage":"es","@id":"https:\/\/secure.gravatar.com\/avatar\/18de20f14d74abe0c800b423a8b0e24cae6153cb6baeb2c2df80e1cef2117e0d?s=96&d=mm&r=g","url":"https:\/\/secure.gravatar.com\/avatar\/18de20f14d74abe0c800b423a8b0e24cae6153cb6baeb2c2df80e1cef2117e0d?s=96&d=mm&r=g","contentUrl":"https:\/\/secure.gravatar.com\/avatar\/18de20f14d74abe0c800b423a8b0e24cae6153cb6baeb2c2df80e1cef2117e0d?s=96&d=mm&r=g","caption":"Webmaster"},"sameAs":["https:\/\/www.facebook.com\/federaciodemorosicristiansdoliva","https:\/\/www.instagram.com\/morosicristiansoliva\/"]}]}},"jetpack_publicize_connections":[],"jetpack_featured_media_url":"https:\/\/i0.wp.com\/olivamorosicristians.es\/wp-content\/uploads\/2020\/04\/Comunicat-Oficial.jpg?fit=960%2C540&ssl=1","jetpack_sharing_enabled":true,"jetpack_shortlink":"https:\/\/wp.me\/pagEx6-2Jr","jetpack-related-posts":[],"_links":{"self":[{"href":"https:\/\/olivamorosicristians.es\/es\/wp-json\/wp\/v2\/posts\/10505","targetHints":{"allow":["GET"]}}],"collection":[{"href":"https:\/\/olivamorosicristians.es\/es\/wp-json\/wp\/v2\/posts"}],"about":[{"href":"https:\/\/olivamorosicristians.es\/es\/wp-json\/wp\/v2\/types\/post"}],"author":[{"embeddable":true,"href":"https:\/\/olivamorosicristians.es\/es\/wp-json\/wp\/v2\/users\/1"}],"replies":[{"embeddable":true,"href":"https:\/\/olivamorosicristians.es\/es\/wp-json\/wp\/v2\/comments?post=10505"}],"version-history":[{"count":5,"href":"https:\/\/olivamorosicristians.es\/es\/wp-json\/wp\/v2\/posts\/10505\/revisions"}],"predecessor-version":[{"id":10512,"href":"https:\/\/olivamorosicristians.es\/es\/wp-json\/wp\/v2\/posts\/10505\/revisions\/10512"}],"wp:featuredmedia":[{"embeddable":true,"href":"https:\/\/olivamorosicristians.es\/es\/wp-json\/wp\/v2\/media\/9710"}],"wp:attachment":[{"href":"https:\/\/olivamorosicristians.es\/es\/wp-json\/wp\/v2\/media?parent=10505"}],"wp:term":[{"taxonomy":"category","embeddable":true,"href":"https:\/\/olivamorosicristians.es\/es\/wp-json\/wp\/v2\/categories?post=10505"},{"taxonomy":"post_tag","embeddable":true,"href":"https:\/\/olivamorosicristians.es\/es\/wp-json\/wp\/v2\/tags?post=10505"}],"curies":[{"name":"wp","href":"https:\/\/api.w.org\/{rel}","templated":true}]}}