{"id":10490,"date":"2021-07-12T18:39:43","date_gmt":"2021-07-12T16:39:43","guid":{"rendered":"https:\/\/olivamorosicristians.es\/?p=10490"},"modified":"2021-07-12T18:52:20","modified_gmt":"2021-07-12T16:52:20","slug":"presentacio-dels-resultats-de-lestudi-historic-sociologic-de-la-festa-de-moros-i-cristians-doliva","status":"publish","type":"post","link":"https:\/\/olivamorosicristians.es\/es\/presentacio-dels-resultats-de-lestudi-historic-sociologic-de-la-festa-de-moros-i-cristians-doliva\/","title":{"rendered":"Presentaci\u00f3 dels resultats de l&#8217;estudi hist\u00f2ric-sociol\u00f2gic de la Festa de Moros i Cristians d&#8217;Oliva"},"content":{"rendered":"<p>Divendres 16 de juliol a les 20.30 h. al parc de l&#8217;Estaci\u00f3 tindr\u00e0 lloc la presentaci\u00f3 oficial dels resultats de la primera part de l&#8217;estudi sociol\u00f2gic: l&#8217;enquesta al col\u00b7lectiu fester. L&#8217;equip de soci\u00f2legs a c\u00e0rrec de l&#8217;estudi far\u00e0 una an\u00e0lisi comentada dels resultats per destacar aquelles parts m\u00e9s importants i caracter\u00edstiques.<\/p>\n<p>Per a assistir cal enregistrar-se en aquest <a href=\"https:\/\/forms.gle\/cqppnZdiLjirTcph7\" target=\"_blank\" rel=\"noopener\"><strong>enlla\u00e7<\/strong><\/a> (protocol Covid-19):<\/p>\n<p>Esperem gaudir una vesprada amb vosaltres de Festa i Cultura!<\/p>","protected":false},"excerpt":{"rendered":"<p>Divendres 16 de juliol a les 20.30 h. al parc de l&#8217;Estaci\u00f3 tindr\u00e0 lloc la presentaci\u00f3 oficial dels resultats de la primera part de l&#8217;estudi sociol\u00f2gic: l&#8217;enquesta al col\u00b7lectiu fester. L&#8217;equip de soci\u00f2legs a c\u00e0rrec de l&#8217;estudi far\u00e0 una an\u00e0lisi comentada dels resultats per destacar aquelles parts m\u00e9s importants i caracter\u00edstiques. Per a assistir cal [&hellip;]<\/p>\n","protected":false},"author":1,"featured_media":10497,"comment_status":"closed","ping_status":"open","sticky":false,"template":"","format":"standard","meta":{"jetpack_post_was_ever_published":false,"_jetpack_newsletter_access":"","_jetpack_dont_email_post_to_subs":false,"_jetpack_newsletter_tier_id":0,"_jetpack_memberships_contains_paywalled_content":false,"_jetpack_memberships_contains_paid_content":false,"footnotes":"","jetpack_publicize_message":"","jetpack_publicize_feature_enabled":true,"jetpack_social_post_already_shared":true,"jetpack_social_options":{"image_generator_settings":{"template":"highway","default_image_id":0,"font":"","enabled":false},"version":2}},"categories":[149,2],"tags":[],"class_list":["post-10490","post","type-post","status-publish","format-standard","has-post-thumbnail","hentry","category-esdeveniments","category-federacio"],"yoast_head":"<!-- This site is optimized with the Yoast SEO plugin v27.4 - https:\/\/yoast.com\/product\/yoast-seo-wordpress\/ -->\n<title>Presentaci\u00f3 dels resultats de l&#039;estudi hist\u00f2ric-sociol\u00f2gic de la Festa de Moros i Cristians d&#039;Oliva - Moros i Cristians Oliva<\/title>\n<meta name=\"robots\" content=\"index, follow, max-snippet:-1, max-image-preview:large, max-video-preview:-1\" \/>\n<link rel=\"canonical\" href=\"https:\/\/olivamorosicristians.es\/es\/presentacio-dels-resultats-de-lestudi-historic-sociologic-de-la-festa-de-moros-i-cristians-doliva\/\" \/>\n<meta property=\"og:locale\" content=\"es_ES\" \/>\n<meta property=\"og:type\" content=\"article\" \/>\n<meta property=\"og:title\" content=\"Presentaci\u00f3 dels resultats de l&#039;estudi hist\u00f2ric-sociol\u00f2gic de la Festa de Moros i Cristians d&#039;Oliva - Moros i Cristians Oliva\" \/>\n<meta property=\"og:description\" content=\"Divendres 16 de juliol a les 20.30 h. al parc de l&#8217;Estaci\u00f3 tindr\u00e0 lloc la presentaci\u00f3 oficial dels resultats de la primera part de l&#8217;estudi sociol\u00f2gic: l&#8217;enquesta al col\u00b7lectiu fester. L&#8217;equip de soci\u00f2legs a c\u00e0rrec de l&#8217;estudi far\u00e0 una an\u00e0lisi comentada dels resultats per destacar aquelles parts m\u00e9s importants i caracter\u00edstiques. Per a assistir cal [&hellip;]\" \/>\n<meta property=\"og:url\" content=\"https:\/\/olivamorosicristians.es\/es\/presentacio-dels-resultats-de-lestudi-historic-sociologic-de-la-festa-de-moros-i-cristians-doliva\/\" \/>\n<meta property=\"og:site_name\" content=\"Moros i Cristians Oliva\" \/>\n<meta property=\"article:publisher\" content=\"https:\/\/www.facebook.com\/federaciodemorosicristiansdoliva\/\" \/>\n<meta property=\"article:author\" content=\"https:\/\/www.facebook.com\/federaciodemorosicristiansdoliva\" \/>\n<meta property=\"article:published_time\" content=\"2021-07-12T16:39:43+00:00\" \/>\n<meta property=\"article:modified_time\" content=\"2021-07-12T16:52:20+00:00\" \/>\n<meta property=\"og:image\" content=\"https:\/\/i1.wp.com\/olivamorosicristians.es\/wp-content\/uploads\/2021\/07\/WhatsApp-Image-2021-07-12-at-15.13.22-1.jpeg?fit=1131%2C762&ssl=1\" \/>\n\t<meta property=\"og:image:width\" content=\"1131\" \/>\n\t<meta property=\"og:image:height\" content=\"762\" \/>\n\t<meta property=\"og:image:type\" content=\"image\/jpeg\" \/>\n<meta name=\"author\" content=\"Webmaster\" \/>\n<meta name=\"twitter:card\" content=\"summary_large_image\" \/>\n<meta name=\"twitter:label1\" content=\"Escrito por\" \/>\n\t<meta name=\"twitter:data1\" content=\"Webmaster\" \/>\n\t<meta name=\"twitter:label2\" content=\"Tiempo de lectura\" \/>\n\t<meta name=\"twitter:data2\" content=\"1 minuto\" \/>\n<script type=\"application\/ld+json\" class=\"yoast-schema-graph\">{\"@context\":\"https:\\\/\\\/schema.org\",\"@graph\":[{\"@type\":\"Article\",\"@id\":\"https:\\\/\\\/olivamorosicristians.es\\\/presentacio-dels-resultats-de-lestudi-historic-sociologic-de-la-festa-de-moros-i-cristians-doliva\\\/#article\",\"isPartOf\":{\"@id\":\"https:\\\/\\\/olivamorosicristians.es\\\/presentacio-dels-resultats-de-lestudi-historic-sociologic-de-la-festa-de-moros-i-cristians-doliva\\\/\"},\"author\":{\"name\":\"Webmaster\",\"@id\":\"https:\\\/\\\/olivamorosicristians.es\\\/#\\\/schema\\\/person\\\/21ece052d8816103cad91a2676fd0149\"},\"headline\":\"Presentaci\u00f3 dels resultats de l&#8217;estudi hist\u00f2ric-sociol\u00f2gic de la Festa de Moros i Cristians d&#8217;Oliva\",\"datePublished\":\"2021-07-12T16:39:43+00:00\",\"dateModified\":\"2021-07-12T16:52:20+00:00\",\"mainEntityOfPage\":{\"@id\":\"https:\\\/\\\/olivamorosicristians.es\\\/presentacio-dels-resultats-de-lestudi-historic-sociologic-de-la-festa-de-moros-i-cristians-doliva\\\/\"},\"wordCount\":99,\"publisher\":{\"@id\":\"https:\\\/\\\/olivamorosicristians.es\\\/#organization\"},\"image\":{\"@id\":\"https:\\\/\\\/olivamorosicristians.es\\\/presentacio-dels-resultats-de-lestudi-historic-sociologic-de-la-festa-de-moros-i-cristians-doliva\\\/#primaryimage\"},\"thumbnailUrl\":\"https:\\\/\\\/i0.wp.com\\\/olivamorosicristians.es\\\/wp-content\\\/uploads\\\/2021\\\/07\\\/WhatsApp-Image-2021-07-12-at-15.13.22-1.jpeg?fit=1131%2C762&ssl=1\",\"articleSection\":[\"Esdeveniments\",\"Federaci\u00f3\"],\"inLanguage\":\"es\"},{\"@type\":\"WebPage\",\"@id\":\"https:\\\/\\\/olivamorosicristians.es\\\/presentacio-dels-resultats-de-lestudi-historic-sociologic-de-la-festa-de-moros-i-cristians-doliva\\\/\",\"url\":\"https:\\\/\\\/olivamorosicristians.es\\\/presentacio-dels-resultats-de-lestudi-historic-sociologic-de-la-festa-de-moros-i-cristians-doliva\\\/\",\"name\":\"Presentaci\u00f3 dels resultats de l'estudi hist\u00f2ric-sociol\u00f2gic de la Festa de Moros i Cristians d'Oliva - Moros i Cristians Oliva\",\"isPartOf\":{\"@id\":\"https:\\\/\\\/olivamorosicristians.es\\\/#website\"},\"primaryImageOfPage\":{\"@id\":\"https:\\\/\\\/olivamorosicristians.es\\\/presentacio-dels-resultats-de-lestudi-historic-sociologic-de-la-festa-de-moros-i-cristians-doliva\\\/#primaryimage\"},\"image\":{\"@id\":\"https:\\\/\\\/olivamorosicristians.es\\\/presentacio-dels-resultats-de-lestudi-historic-sociologic-de-la-festa-de-moros-i-cristians-doliva\\\/#primaryimage\"},\"thumbnailUrl\":\"https:\\\/\\\/i0.wp.com\\\/olivamorosicristians.es\\\/wp-content\\\/uploads\\\/2021\\\/07\\\/WhatsApp-Image-2021-07-12-at-15.13.22-1.jpeg?fit=1131%2C762&ssl=1\",\"datePublished\":\"2021-07-12T16:39:43+00:00\",\"dateModified\":\"2021-07-12T16:52:20+00:00\",\"breadcrumb\":{\"@id\":\"https:\\\/\\\/olivamorosicristians.es\\\/presentacio-dels-resultats-de-lestudi-historic-sociologic-de-la-festa-de-moros-i-cristians-doliva\\\/#breadcrumb\"},\"inLanguage\":\"es\",\"potentialAction\":[{\"@type\":\"ReadAction\",\"target\":[\"https:\\\/\\\/olivamorosicristians.es\\\/presentacio-dels-resultats-de-lestudi-historic-sociologic-de-la-festa-de-moros-i-cristians-doliva\\\/\"]}]},{\"@type\":\"ImageObject\",\"inLanguage\":\"es\",\"@id\":\"https:\\\/\\\/olivamorosicristians.es\\\/presentacio-dels-resultats-de-lestudi-historic-sociologic-de-la-festa-de-moros-i-cristians-doliva\\\/#primaryimage\",\"url\":\"https:\\\/\\\/i0.wp.com\\\/olivamorosicristians.es\\\/wp-content\\\/uploads\\\/2021\\\/07\\\/WhatsApp-Image-2021-07-12-at-15.13.22-1.jpeg?fit=1131%2C762&ssl=1\",\"contentUrl\":\"https:\\\/\\\/i0.wp.com\\\/olivamorosicristians.es\\\/wp-content\\\/uploads\\\/2021\\\/07\\\/WhatsApp-Image-2021-07-12-at-15.13.22-1.jpeg?fit=1131%2C762&ssl=1\",\"width\":1131,\"height\":762},{\"@type\":\"BreadcrumbList\",\"@id\":\"https:\\\/\\\/olivamorosicristians.es\\\/presentacio-dels-resultats-de-lestudi-historic-sociologic-de-la-festa-de-moros-i-cristians-doliva\\\/#breadcrumb\",\"itemListElement\":[{\"@type\":\"ListItem\",\"position\":1,\"name\":\"Portada\",\"item\":\"https:\\\/\\\/olivamorosicristians.es\\\/\"},{\"@type\":\"ListItem\",\"position\":2,\"name\":\"Presentaci\u00f3 dels resultats de l&#8217;estudi hist\u00f2ric-sociol\u00f2gic de la Festa de Moros i Cristians d&#8217;Oliva\"}]},{\"@type\":\"WebSite\",\"@id\":\"https:\\\/\\\/olivamorosicristians.es\\\/#website\",\"url\":\"https:\\\/\\\/olivamorosicristians.es\\\/\",\"name\":\"Moros i Cristians Oliva\",\"description\":\"FMCO\",\"publisher\":{\"@id\":\"https:\\\/\\\/olivamorosicristians.es\\\/#organization\"},\"potentialAction\":[{\"@type\":\"SearchAction\",\"target\":{\"@type\":\"EntryPoint\",\"urlTemplate\":\"https:\\\/\\\/olivamorosicristians.es\\\/?s={search_term_string}\"},\"query-input\":{\"@type\":\"PropertyValueSpecification\",\"valueRequired\":true,\"valueName\":\"search_term_string\"}}],\"inLanguage\":\"es\"},{\"@type\":\"Organization\",\"@id\":\"https:\\\/\\\/olivamorosicristians.es\\\/#organization\",\"name\":\"Federaci\u00f3 de Moros i Cristians - Oliva\",\"url\":\"https:\\\/\\\/olivamorosicristians.es\\\/\",\"logo\":{\"@type\":\"ImageObject\",\"inLanguage\":\"es\",\"@id\":\"https:\\\/\\\/olivamorosicristians.es\\\/#\\\/schema\\\/logo\\\/image\\\/\",\"url\":\"https:\\\/\\\/i2.wp.com\\\/olivamorosicristians.es\\\/wp-content\\\/uploads\\\/2018\\\/06\\\/Icon_FMiCO.png?fit=50%2C50&ssl=1\",\"contentUrl\":\"https:\\\/\\\/i2.wp.com\\\/olivamorosicristians.es\\\/wp-content\\\/uploads\\\/2018\\\/06\\\/Icon_FMiCO.png?fit=50%2C50&ssl=1\",\"width\":50,\"height\":50,\"caption\":\"Federaci\u00f3 de Moros i Cristians - Oliva\"},\"image\":{\"@id\":\"https:\\\/\\\/olivamorosicristians.es\\\/#\\\/schema\\\/logo\\\/image\\\/\"},\"sameAs\":[\"https:\\\/\\\/www.facebook.com\\\/federaciodemorosicristiansdoliva\\\/\",\"https:\\\/\\\/www.instagram.com\\\/morosicristiansoliva\\\/?hl=es\"]},{\"@type\":\"Person\",\"@id\":\"https:\\\/\\\/olivamorosicristians.es\\\/#\\\/schema\\\/person\\\/21ece052d8816103cad91a2676fd0149\",\"name\":\"Webmaster\",\"image\":{\"@type\":\"ImageObject\",\"inLanguage\":\"es\",\"@id\":\"https:\\\/\\\/secure.gravatar.com\\\/avatar\\\/18de20f14d74abe0c800b423a8b0e24cae6153cb6baeb2c2df80e1cef2117e0d?s=96&d=mm&r=g\",\"url\":\"https:\\\/\\\/secure.gravatar.com\\\/avatar\\\/18de20f14d74abe0c800b423a8b0e24cae6153cb6baeb2c2df80e1cef2117e0d?s=96&d=mm&r=g\",\"contentUrl\":\"https:\\\/\\\/secure.gravatar.com\\\/avatar\\\/18de20f14d74abe0c800b423a8b0e24cae6153cb6baeb2c2df80e1cef2117e0d?s=96&d=mm&r=g\",\"caption\":\"Webmaster\"},\"sameAs\":[\"https:\\\/\\\/www.facebook.com\\\/federaciodemorosicristiansdoliva\",\"https:\\\/\\\/www.instagram.com\\\/morosicristiansoliva\\\/\"]}]}<\/script>\n<!-- \/ Yoast SEO plugin. -->","yoast_head_json":{"title":"Presentaci\u00f3 dels resultats de l'estudi hist\u00f2ric-sociol\u00f2gic de la Festa de Moros i Cristians d'Oliva - Moros i Cristians Oliva","robots":{"index":"index","follow":"follow","max-snippet":"max-snippet:-1","max-image-preview":"max-image-preview:large","max-video-preview":"max-video-preview:-1"},"canonical":"https:\/\/olivamorosicristians.es\/es\/presentacio-dels-resultats-de-lestudi-historic-sociologic-de-la-festa-de-moros-i-cristians-doliva\/","og_locale":"es_ES","og_type":"article","og_title":"Presentaci\u00f3 dels resultats de l'estudi hist\u00f2ric-sociol\u00f2gic de la Festa de Moros i Cristians d'Oliva - Moros i Cristians Oliva","og_description":"Divendres 16 de juliol a les 20.30 h. al parc de l&#8217;Estaci\u00f3 tindr\u00e0 lloc la presentaci\u00f3 oficial dels resultats de la primera part de l&#8217;estudi sociol\u00f2gic: l&#8217;enquesta al col\u00b7lectiu fester. L&#8217;equip de soci\u00f2legs a c\u00e0rrec de l&#8217;estudi far\u00e0 una an\u00e0lisi comentada dels resultats per destacar aquelles parts m\u00e9s importants i caracter\u00edstiques. Per a assistir cal [&hellip;]","og_url":"https:\/\/olivamorosicristians.es\/es\/presentacio-dels-resultats-de-lestudi-historic-sociologic-de-la-festa-de-moros-i-cristians-doliva\/","og_site_name":"Moros i Cristians Oliva","article_publisher":"https:\/\/www.facebook.com\/federaciodemorosicristiansdoliva\/","article_author":"https:\/\/www.facebook.com\/federaciodemorosicristiansdoliva","article_published_time":"2021-07-12T16:39:43+00:00","article_modified_time":"2021-07-12T16:52:20+00:00","og_image":[{"width":1131,"height":762,"url":"https:\/\/i1.wp.com\/olivamorosicristians.es\/wp-content\/uploads\/2021\/07\/WhatsApp-Image-2021-07-12-at-15.13.22-1.jpeg?fit=1131%2C762&ssl=1","type":"image\/jpeg"}],"author":"Webmaster","twitter_card":"summary_large_image","twitter_misc":{"Escrito por":"Webmaster","Tiempo de lectura":"1 minuto"},"schema":{"@context":"https:\/\/schema.org","@graph":[{"@type":"Article","@id":"https:\/\/olivamorosicristians.es\/presentacio-dels-resultats-de-lestudi-historic-sociologic-de-la-festa-de-moros-i-cristians-doliva\/#article","isPartOf":{"@id":"https:\/\/olivamorosicristians.es\/presentacio-dels-resultats-de-lestudi-historic-sociologic-de-la-festa-de-moros-i-cristians-doliva\/"},"author":{"name":"Webmaster","@id":"https:\/\/olivamorosicristians.es\/#\/schema\/person\/21ece052d8816103cad91a2676fd0149"},"headline":"Presentaci\u00f3 dels resultats de l&#8217;estudi hist\u00f2ric-sociol\u00f2gic de la Festa de Moros i Cristians d&#8217;Oliva","datePublished":"2021-07-12T16:39:43+00:00","dateModified":"2021-07-12T16:52:20+00:00","mainEntityOfPage":{"@id":"https:\/\/olivamorosicristians.es\/presentacio-dels-resultats-de-lestudi-historic-sociologic-de-la-festa-de-moros-i-cristians-doliva\/"},"wordCount":99,"publisher":{"@id":"https:\/\/olivamorosicristians.es\/#organization"},"image":{"@id":"https:\/\/olivamorosicristians.es\/presentacio-dels-resultats-de-lestudi-historic-sociologic-de-la-festa-de-moros-i-cristians-doliva\/#primaryimage"},"thumbnailUrl":"https:\/\/i0.wp.com\/olivamorosicristians.es\/wp-content\/uploads\/2021\/07\/WhatsApp-Image-2021-07-12-at-15.13.22-1.jpeg?fit=1131%2C762&ssl=1","articleSection":["Esdeveniments","Federaci\u00f3"],"inLanguage":"es"},{"@type":"WebPage","@id":"https:\/\/olivamorosicristians.es\/presentacio-dels-resultats-de-lestudi-historic-sociologic-de-la-festa-de-moros-i-cristians-doliva\/","url":"https:\/\/olivamorosicristians.es\/presentacio-dels-resultats-de-lestudi-historic-sociologic-de-la-festa-de-moros-i-cristians-doliva\/","name":"Presentaci\u00f3 dels resultats de l'estudi hist\u00f2ric-sociol\u00f2gic de la Festa de Moros i Cristians d'Oliva - Moros i Cristians Oliva","isPartOf":{"@id":"https:\/\/olivamorosicristians.es\/#website"},"primaryImageOfPage":{"@id":"https:\/\/olivamorosicristians.es\/presentacio-dels-resultats-de-lestudi-historic-sociologic-de-la-festa-de-moros-i-cristians-doliva\/#primaryimage"},"image":{"@id":"https:\/\/olivamorosicristians.es\/presentacio-dels-resultats-de-lestudi-historic-sociologic-de-la-festa-de-moros-i-cristians-doliva\/#primaryimage"},"thumbnailUrl":"https:\/\/i0.wp.com\/olivamorosicristians.es\/wp-content\/uploads\/2021\/07\/WhatsApp-Image-2021-07-12-at-15.13.22-1.jpeg?fit=1131%2C762&ssl=1","datePublished":"2021-07-12T16:39:43+00:00","dateModified":"2021-07-12T16:52:20+00:00","breadcrumb":{"@id":"https:\/\/olivamorosicristians.es\/presentacio-dels-resultats-de-lestudi-historic-sociologic-de-la-festa-de-moros-i-cristians-doliva\/#breadcrumb"},"inLanguage":"es","potentialAction":[{"@type":"ReadAction","target":["https:\/\/olivamorosicristians.es\/presentacio-dels-resultats-de-lestudi-historic-sociologic-de-la-festa-de-moros-i-cristians-doliva\/"]}]},{"@type":"ImageObject","inLanguage":"es","@id":"https:\/\/olivamorosicristians.es\/presentacio-dels-resultats-de-lestudi-historic-sociologic-de-la-festa-de-moros-i-cristians-doliva\/#primaryimage","url":"https:\/\/i0.wp.com\/olivamorosicristians.es\/wp-content\/uploads\/2021\/07\/WhatsApp-Image-2021-07-12-at-15.13.22-1.jpeg?fit=1131%2C762&ssl=1","contentUrl":"https:\/\/i0.wp.com\/olivamorosicristians.es\/wp-content\/uploads\/2021\/07\/WhatsApp-Image-2021-07-12-at-15.13.22-1.jpeg?fit=1131%2C762&ssl=1","width":1131,"height":762},{"@type":"BreadcrumbList","@id":"https:\/\/olivamorosicristians.es\/presentacio-dels-resultats-de-lestudi-historic-sociologic-de-la-festa-de-moros-i-cristians-doliva\/#breadcrumb","itemListElement":[{"@type":"ListItem","position":1,"name":"Portada","item":"https:\/\/olivamorosicristians.es\/"},{"@type":"ListItem","position":2,"name":"Presentaci\u00f3 dels resultats de l&#8217;estudi hist\u00f2ric-sociol\u00f2gic de la Festa de Moros i Cristians d&#8217;Oliva"}]},{"@type":"WebSite","@id":"https:\/\/olivamorosicristians.es\/#website","url":"https:\/\/olivamorosicristians.es\/","name":"Moros i Cristians Oliva","description":"FMCO","publisher":{"@id":"https:\/\/olivamorosicristians.es\/#organization"},"potentialAction":[{"@type":"SearchAction","target":{"@type":"EntryPoint","urlTemplate":"https:\/\/olivamorosicristians.es\/?s={search_term_string}"},"query-input":{"@type":"PropertyValueSpecification","valueRequired":true,"valueName":"search_term_string"}}],"inLanguage":"es"},{"@type":"Organization","@id":"https:\/\/olivamorosicristians.es\/#organization","name":"La Federaci\u00f3n de Moros y Cristianos de Oliva","url":"https:\/\/olivamorosicristians.es\/","logo":{"@type":"ImageObject","inLanguage":"es","@id":"https:\/\/olivamorosicristians.es\/#\/schema\/logo\/image\/","url":"https:\/\/i2.wp.com\/olivamorosicristians.es\/wp-content\/uploads\/2018\/06\/Icon_FMiCO.png?fit=50%2C50&ssl=1","contentUrl":"https:\/\/i2.wp.com\/olivamorosicristians.es\/wp-content\/uploads\/2018\/06\/Icon_FMiCO.png?fit=50%2C50&ssl=1","width":50,"height":50,"caption":"Federaci\u00f3 de Moros i Cristians - Oliva"},"image":{"@id":"https:\/\/olivamorosicristians.es\/#\/schema\/logo\/image\/"},"sameAs":["https:\/\/www.facebook.com\/federaciodemorosicristiansdoliva\/","https:\/\/www.instagram.com\/morosicristiansoliva\/?hl=es"]},{"@type":"Person","@id":"https:\/\/olivamorosicristians.es\/#\/schema\/person\/21ece052d8816103cad91a2676fd0149","name":"Webmaster","image":{"@type":"ImageObject","inLanguage":"es","@id":"https:\/\/secure.gravatar.com\/avatar\/18de20f14d74abe0c800b423a8b0e24cae6153cb6baeb2c2df80e1cef2117e0d?s=96&d=mm&r=g","url":"https:\/\/secure.gravatar.com\/avatar\/18de20f14d74abe0c800b423a8b0e24cae6153cb6baeb2c2df80e1cef2117e0d?s=96&d=mm&r=g","contentUrl":"https:\/\/secure.gravatar.com\/avatar\/18de20f14d74abe0c800b423a8b0e24cae6153cb6baeb2c2df80e1cef2117e0d?s=96&d=mm&r=g","caption":"Webmaster"},"sameAs":["https:\/\/www.facebook.com\/federaciodemorosicristiansdoliva","https:\/\/www.instagram.com\/morosicristiansoliva\/"]}]}},"jetpack_publicize_connections":[],"jetpack_featured_media_url":"https:\/\/i0.wp.com\/olivamorosicristians.es\/wp-content\/uploads\/2021\/07\/WhatsApp-Image-2021-07-12-at-15.13.22-1.jpeg?fit=1131%2C762&ssl=1","jetpack_sharing_enabled":true,"jetpack_shortlink":"https:\/\/wp.me\/pagEx6-2Jc","jetpack-related-posts":[],"_links":{"self":[{"href":"https:\/\/olivamorosicristians.es\/es\/wp-json\/wp\/v2\/posts\/10490","targetHints":{"allow":["GET"]}}],"collection":[{"href":"https:\/\/olivamorosicristians.es\/es\/wp-json\/wp\/v2\/posts"}],"about":[{"href":"https:\/\/olivamorosicristians.es\/es\/wp-json\/wp\/v2\/types\/post"}],"author":[{"embeddable":true,"href":"https:\/\/olivamorosicristians.es\/es\/wp-json\/wp\/v2\/users\/1"}],"replies":[{"embeddable":true,"href":"https:\/\/olivamorosicristians.es\/es\/wp-json\/wp\/v2\/comments?post=10490"}],"version-history":[{"count":1,"href":"https:\/\/olivamorosicristians.es\/es\/wp-json\/wp\/v2\/posts\/10490\/revisions"}],"predecessor-version":[{"id":10491,"href":"https:\/\/olivamorosicristians.es\/es\/wp-json\/wp\/v2\/posts\/10490\/revisions\/10491"}],"wp:featuredmedia":[{"embeddable":true,"href":"https:\/\/olivamorosicristians.es\/es\/wp-json\/wp\/v2\/media\/10497"}],"wp:attachment":[{"href":"https:\/\/olivamorosicristians.es\/es\/wp-json\/wp\/v2\/media?parent=10490"}],"wp:term":[{"taxonomy":"category","embeddable":true,"href":"https:\/\/olivamorosicristians.es\/es\/wp-json\/wp\/v2\/categories?post=10490"},{"taxonomy":"post_tag","embeddable":true,"href":"https:\/\/olivamorosicristians.es\/es\/wp-json\/wp\/v2\/tags?post=10490"}],"curies":[{"name":"wp","href":"https:\/\/api.w.org\/{rel}","templated":true}]}}